{"id":84362,"date":"2020-05-20T09:14:03","date_gmt":"2020-05-20T07:14:03","guid":{"rendered":"https:\/\/www.showgroup.it\/?p=84362"},"modified":"2025-08-17T17:24:27","modified_gmt":"2025-08-17T15:24:27","slug":"eventi-digitali-le-convention-nellera-post-coronavirus","status":"publish","type":"post","link":"https:\/\/www.showgroup.it\/blog\/2020\/05\/20\/eventi-digitali-le-convention-nellera-post-coronavirus\/","title":{"rendered":"Eventi digitali: le convention nell&#8217;era post coronavirus"},"content":{"rendered":"<p class=\"p1\"><span class=\"s1\">Congressi e convention si trasformano in eventi digitali. <\/span><span class=\"s1\">L&#8217;inaspettata emergenza sanitaria, infatti, ci pone davanti <b>nuove sfide<\/b>. Anche nel prossimo futuro, \u00e8 improbabile che molte persone possano incontrarsi assieme dal vivo. <\/span><span class=\"s1\">Come organizzare allora i grandi eventi professionali, momenti importanti nella vita dell&#8217;azienda, se non \u00e8 possibile riunirsi fisicamente?<\/span><\/p>\n<p class=\"p1\"><span class=\"s1\">Sappiamo bene quanto <b>fiere, convention e congressi<\/b> siano <b>fondamentali per un&#8217;azienda<\/b>. Il problema \u00e8 che riuniscono molte persone in un unico posto, cosa che, almeno per un certo periodo, non sar\u00e0 fattibile. <\/span><span class=\"s1\">\u00c8 quindi necessario rinunciarvi? Assolutamente no. <\/span><span class=\"s1\">In questo senso, la tecnologia ci viene in aiuto. I giorni che abbiamo trascorso in casa ci hanno mostrato quanto il <b>digitale<\/b> sia stato <b>fondamentale<\/b> per supplire, almeno in parte, ai contatti sociali e professionali.<\/span><\/p>\n<p class=\"p1\"><span class=\"s1\">La situazione, infatti, ha spinto verso una migrazione digitale anche su questo fronte: sempre di pi\u00f9, quindi, le aziende scelgono di organizzare <b>eventi virtuali<\/b>. <\/span><span class=\"s1\">Un esempio? Cosmoprof: la grande fiera dell&#8217;industria cosmetica ha rimandato l&#8217;edizione al 2021, ideando per\u00f2 al contempo un <a href=\"https:\/\/www.cosmoprof.com\/wecosmoprof\/\" target=\"_blank\" rel=\"noopener noreferrer\"><span class=\"s2\">digital event<\/span><\/a> per giugno 2020. <\/span><\/p>\n<p class=\"p1\"><span class=\"s1\">Ma come si creano convention o congressi virtuali? Sostituire appuntamenti dal vivo con altri digitali pu\u00f2 sembrare complesso, ma ha anche diversi aspetti positivi. <\/span><span class=\"s1\">Ecco una breve guida per organizzare web events di successo.<\/span><\/p>\n<h2 class=\"p1\"><span class=\"s1\">Le potenzialit\u00e0 del digitale<\/span><\/h2>\n<p class=\"p2\"><span class=\"s1\">Il web ci ha consentito di mantenere i <b>rapporti familiari<\/b> e personali (con il boom degli <b>aperitivi virtuali<\/b>, di cui abbiamo parlato <a href=\"https:\/\/www.showgroup.it\/blog\/2020\/05\/06\/laperitivo-virtuale-il-divertimento-vince-la-distanza\/\"><span class=\"s2\">qui<\/span><\/a>), ma anche quelli <b>professionali<\/b>. <\/span><span class=\"s1\">Moltissime persone hanno iniziato a operare in <b>smart working <\/b>e le <b>web conference<\/b> con capi e colleghi sono diventate appuntamenti giornalieri. <\/span><span class=\"s1\">La situazione, insomma, ha costretto tutti a prendere <b>dimestichezza con gli strumenti digitali<\/b>, comprese molte aziende.<\/span><\/p>\n<p class=\"p3\"><span class=\"s1\">E si tratta di competenze da potenziare: con la sospensione degli eventi dal vivo, infatti, \u00e8 necessario imparare a sfruttare al massimo le <b>potenzialit\u00e0 della dimensione digitale<\/b>. Potenzialit\u00e0 che si stanno rivelando utili anche nell&#8217;organizzazione di eventi ben pi\u00f9 complessi di un web meeting tra colleghi d&#8217;ufficio.<\/span><\/p>\n<hr \/>\n<h2 class=\"p1\"><span class=\"s1\">Gli eventi digitali<\/span><\/h2>\n<p class=\"p4\"><span class=\"s1\"><img loading=\"lazy\" class=\"alignnone size-full wp-image-84387\" src=\"https:\/\/www.showgroup.it\/blog\/wp-content\/uploads\/2020\/05\/Eventi-digitali_05.jpg\" alt=\"\" width=\"800\" height=\"420\" srcset=\"https:\/\/www.showgroup.it\/blog\/wp-content\/uploads\/2020\/05\/Eventi-digitali_05.jpg 800w, https:\/\/www.showgroup.it\/blog\/wp-content\/uploads\/2020\/05\/Eventi-digitali_05-300x158.jpg 300w, https:\/\/www.showgroup.it\/blog\/wp-content\/uploads\/2020\/05\/Eventi-digitali_05-768x403.jpg 768w\" sizes=\"(max-width: 800px) 100vw, 800px\" \/><\/span><\/p>\n<p class=\"p4\"><span class=\"s1\">Come abbiamo accennato, gli eventi sono diventati un&#8217;importante leva di marketing per le aziende: si tratta di uno strumento emozionale ed esperienziale, caratterizzato di solito dal contatto diretto tra i partecipanti. <\/span><span class=\"s1\">Il cuore di ogni evento sono l&#8217;obiettivo, il tema e il target: tre fattori che devono essere coerenti tra loro e in base ai quali si decide tutta la pianificazione, fino al minimo dettaglio. Ne abbiamo parlato anche <a href=\"https:\/\/www.showgroup.it\/blog\/2020\/04\/22\/come-diventare-organizzatore-di-eventi\/\" target=\"_blank\" rel=\"noopener noreferrer\"><span class=\"s2\">qui<\/span><\/a>.<\/span><\/p>\n<p class=\"p2\"><span class=\"s1\">Che si tratti di <b>meeting<\/b> interni, di incontri di formazione, di <b>congressi<\/b> dedicati ad uno specifico tema o di <b>convention<\/b>, il fine \u00e8 quello di generare un <b>orientamento positivo<\/b> dei partecipanti, che sia in termini di <b>immagine<\/b> dell&#8217;azienda (verso i clienti, fornitori e stakeholders), di <b>brand awarness<\/b> (di marchio o prodotto) o <b>team bulding<\/b>. <\/span><span class=\"s1\">Ecco perch\u00e9 gli eventi sono diventati una voce consistente nel budget delle aziende ed ecco perch\u00e9 non si pu\u00f2 rinunciare ad essi, nonostante il momento imponga delle limitazioni. Anzi, queste restrizioni possono diventare una <b>scommessa<\/b> anche per il futuro.<\/span><\/p>\n<p class=\"p3\"><span class=\"s1\">Pensare di trasformare un evento fisico in uno virtuale pu\u00f2 sembrare di primo acchito uno stravolgimento, eppure, a pensarci bene, si tratta di un <b>percorso gi\u00e0 in parte iniziato<\/b>. Ogni volta che seguiamo una <b>diretta social<\/b>, in fin dei conti stiamo partecipando ad un evento digitale, con migliaia di altre persone. Da una prospettiva pi\u00f9 aziendale, Apple, ad esempio, l&#8217;anno scorso ha <b>lanciato i suoi nuovi prodotti<\/b> con una <b>diretta su Youtube<\/b>. D&#8217;altro canto, \u00e8 vero che anche come fruitori, siamo sempre pi\u00f9 abituati a cercare non solo prodotti, ma anche informazioni e servizi online.<\/span><\/p>\n<hr \/>\n<h2 class=\"p1\"><span class=\"s1\">Dal fisico al virtuale<\/span><\/h2>\n<p class=\"p2\"><span class=\"s1\">Ovviamente, pi\u00f9 ci\u00f2 che stiamo organizzando \u00e8 ricco di <b>contenuti e forme di fruizione diverse<\/b>, pi\u00f9 \u00e8 complesso adattarlo al web. <\/span><span class=\"s1\">Pensiamo ad una conferenza stampa: riadattarla per il web, non \u00e8 troppo difficile, come abbiamo visto in questi mesi. Si possono creare press room grazie a piattaforme come <a href=\"https:\/\/zoom.us\/\" target=\"_blank\" rel=\"noopener noreferrer\"><span class=\"s2\">Zoom<\/span><\/a>, che consente fino a 100 partecipanti e funzionano su \u201cinvito\u201d, inviando un link. <\/span><span class=\"s1\">Lo stesso discorso pu\u00f2 valere con un <b>web meeting<\/b> o (ad esempio una riunione tra colleghi in cui si parla e ci si confronta) o una <b>web conference<\/b> (come un corso di formazione, con la possibilit\u00e0 di intervenire anche tramite live chat o live forum). Anche le <b>convention aziendali <\/b>possono diventare una diretta social. Le comunicazioni interne, invece, possono sfruttare <a href=\"https:\/\/work.facebook.com\/company_creation\/invite\/?ref=AVs0Nm8kx4oUtWmDYEo6BXG0zhPvBqahAx6d39RgIcG4tiRQw4fRvGS5ss2xWNm6-1HD2bWdrTnRao0Zddbkqwi2b8SoQkCIU8alpBG4ITZhYKoixk5vFfy_vxwPzMj9F5uQWRe5Zwz-WdQcB9-7Yduxj9UhVSZKw8e5VixljurPAC_7AdIlRkYz10PuqTavLOJ8_M0BqitTl-5ZHkrPpOe7avMcNFsZweiepplLTvuVjMrOhczZbJ8xVXfPbDh9Rwg1Fg7p0v2o68e8J1Xs9EQJG2lDVC5C95vKJO3KfBNBXH45wXir67w27sYTVCmCR5XCx1ijQo_Og6KOgYZnNsclUxfpPq1Go0lD5G_l7LEgXBM7Kz86BN4JfDNIx0OwhIeQRUniyIw1CLBh0NfA0oYKPtsoD_uIV3VJslK0FCumrA&amp;&amp;gclid=Cj0KCQjw2PP1BRCiARIsAEqv-pR973wRzofDESP1ASDyFLgBY5ELLbwsyFBNXmyi7YNC5NrPhuwtUroaAi4wEALw_wcB\" target=\"_blank\" rel=\"noopener noreferrer\"><span class=\"s2\">Workplace<\/span><\/a>, il tool di Facebook per organizzare gruppi di lavoro.<\/span><\/p>\n<p class=\"p2\"><span class=\"s1\">Se pensiamo per\u00f2 a <b>eventi pi\u00f9 articolati<\/b>, magari che durano <b>pi\u00f9 giorni<\/b>, l&#8217;organizzazione richiede maggiori sforzi. Occorre quindi una piattaforma in grado di ospitare contemporaneamente pi\u00f9 appuntamenti, ad esempio:<\/span><\/p>\n<p class=\"p2\"><span class=\"s1\"><b><span class=\"s2\"><strong><span style=\"color: #8b774b; font-size: 20px;\">\u2605 <\/span><\/strong><\/span>workshop<\/b>, incontri di approfondimento tramite live webinar che permettano l&#8217;interattivit\u00e0<\/span><\/p>\n<p class=\"p2\"><span class=\"s1\"><b><span class=\"s2\"><strong><span style=\"color: #8b774b; font-size: 20px;\">\u2605 <\/span><\/strong><\/span>sessioni plenarie<\/b> <b>e parallele<\/b>, le prime riguardano i macro-dati oggetto del congresso o della convention mentre le seconde si focalizzano su temi pi\u00f9 specifici.<\/span><\/p>\n<p class=\"p2\"><span class=\"s1\"><b><span class=\"s2\"><strong><span style=\"color: #8b774b; font-size: 20px;\">\u2605 <\/span><\/strong><\/span>meeting one-to-one, <\/b>incontri frontali tra due persone, come suggerisce il nome.<\/span><\/p>\n<p class=\"p2\"><span class=\"s1\">Come abbiamo visto, in questo periodo persino le <b>fiere<\/b> diventano digitali. In questo caso, la piattaforma deve mettere a disposizione anche <b>spazi espositivi virtuali<\/b>, per scoprire prodotti e conoscere gli espositori.<\/span><\/p>\n<p class=\"p5\"><span class=\"s1\">Di fatto, lo stato di emergenza sanitaria causato da Covid-19 ha dato un <b>grande impulso<\/b> allo sviluppo di strumenti per gli eventi digitali. Sono state create piattaforme ad hoc mentre agenzie di comunicazione e organizzazione eventi hanno spinto sulla specializzazione. Esistono quindi format per diversi tipi di evento web: dalla fiera, alla presentazione di prodotto, dalla formazione al meeting aziendale.<\/span><del><\/del><\/p>\n<hr \/>\n<h2>I vantaggi degli eventi digitali<\/h2>\n<p class=\"p2\"><span class=\"s1\"><img loading=\"lazy\" class=\"alignnone size-full wp-image-84386\" src=\"https:\/\/www.showgroup.it\/blog\/wp-content\/uploads\/2020\/05\/Eventi-digitali_04.jpg\" alt=\"\" width=\"800\" height=\"420\" srcset=\"https:\/\/www.showgroup.it\/blog\/wp-content\/uploads\/2020\/05\/Eventi-digitali_04.jpg 800w, https:\/\/www.showgroup.it\/blog\/wp-content\/uploads\/2020\/05\/Eventi-digitali_04-300x158.jpg 300w, https:\/\/www.showgroup.it\/blog\/wp-content\/uploads\/2020\/05\/Eventi-digitali_04-768x403.jpg 768w\" sizes=\"(max-width: 800px) 100vw, 800px\" \/><\/span><\/p>\n<p class=\"p2\"><span class=\"s1\">Scegliere di organizzare un evento virtuale significa giocoforza rinunciare al contatto fisico cui si \u00e8 abituati. Tuttavia, <b>perch\u00e9 rinunciare<\/b> ad un appuntamento importante se il web pu\u00f2 essere una valida alternativa? <\/span><span class=\"s1\">Bisogna considerare, infatti, che usare la modalit\u00e0 online ha diversi vantaggi:<\/span><\/p>\n<p class=\"p2\"><span class=\"s1\"><b><span class=\"s2\"><strong><span style=\"color: #8b774b; font-size: 20px;\">\u2605 <\/span><\/strong><\/span>organizzativi: <\/b>la modalit\u00e0 online permette di \u201csalvare\u201d l&#8217;evento che altrimenti andrebbe posticipato con importanti sforzi di planning. Inoltre, in una conferenza web, ospiti e utenti possono seguire tutto da casa (o dall&#8217;ufficio), snellendo gli sforzi organizzativi su voci come logistica, allestimenti e ospitalit\u00e0, catering (solo per citarne alcuni). Online, tra l&#8217;altro, non c&#8217;\u00e8 alcune problema di file e di sicurezza. <\/span><\/p>\n<p class=\"p2\"><span class=\"s1\"><b><span class=\"s2\"><strong><span style=\"color: #8b774b; font-size: 20px;\">\u2605 <\/span><\/strong><\/span>di costi<\/b>: le stesse voci, incideranno decisamente meno sul budget dell&#8217;evento. Questo non significa che un evento web sia a costo zero. Uno dei fattori cui bisogna prestare maggiore attenzione \u00e8 ad esempio la scelta della piattaforma. Deve essere assolutamente di qualit\u00e0: affidabile e professionale. Allo stesso tempo, gli sforzi di promozione potrebbero aumentare, per comunicare la trasformazione in appuntamento online.<\/span><\/p>\n<p class=\"p3\"><span class=\"s1\"><b><span class=\"s2\"><strong><span style=\"color: #8b774b; font-size: 20px;\">\u2605 <\/span><\/strong><\/span>di pubblico: <\/b>internet permette di superare distanze geografiche e limiti di capienza degli spazi fisici, aumentando il pubblico raggiunto. A ci\u00f2 si aggiunge che per l&#8217;utente pu\u00f2 essere pi\u00f9 facile partecipare all&#8217;evento, potendolo fare \u201ccomodamente\u201d da casa sua. Lo stesso discorso, ovviamente, vale anche per i relatori invitati. <\/span><\/p>\n<hr \/>\n<h2 class=\"p1\"><span class=\"s1\">Breve guida all&#8217;organizzazione di eventi<\/span><\/h2>\n<p class=\"p2\"><span class=\"s1\">Abbiamo gi\u00e0 trattato il tema in alcuni articoli precedenti, qui forniamo un breve riassunto generale, cos\u00ec da poter affrontare poi le differenze organizzative rispetto agli eventi digitali. <\/span><span class=\"s1\">Esistono molti tipi di <b>eventi diversi e molti format <\/b>che possono essere personalizzati a seconda dell&#8217;obiettivo e del target. <\/span><span class=\"s1\">E proprio obiettivi e pubblico di riferimento, accanto al tema, sono i <b>fattori fondamentali<\/b> da cui si parte per pianificare una manifestazione. Per definirli, occorre prima condurre un&#8217;analisi del contesto in cui ci si muove, anche per dare un taglio inedito al proprio evento.<\/span><\/p>\n<p class=\"p2\"><span class=\"s1\">A monte, vanno definiti anche il budget (che ovviamente influenza, a caduta, molte delle scelte successive) e stabilito un cronoprogramma. <\/span><span class=\"s1\">Una volta concluso lo <b>sviluppo del concept<\/b>, \u00e8 ora di affrontare le <b>fasi organizzative<\/b> vere e proprie. Si devono cio\u00e8 decidere data, relatori, invitati e programma, location e servizi aggiuntivi, nonch\u00e9 seguire tutta la parte logistica (dai trasporti all&#8217;ospitalit\u00e0, alla dotazione tecnologica necessaria).<\/span><\/p>\n<p class=\"p3\"><span class=\"s1\">Nel frattempo, \u00e8 necessario predisporre il piano di promozione, scegliendo canali e contenuti.<br \/>\nOgni fase del processo deve essere coerente con i fattori stabiliti a monte della pianificazione e all&#8217;immagine che i promotori vogliono veicolari attraverso l&#8217;evento.<\/span><\/p>\n<h2 class=\"p1\"><span class=\"s1\"><img loading=\"lazy\" class=\"alignnone size-full wp-image-84379\" src=\"https:\/\/www.showgroup.it\/blog\/wp-content\/uploads\/2020\/05\/Eventi-digitali_6.jpg\" alt=\"\" width=\"800\" height=\"420\" srcset=\"https:\/\/www.showgroup.it\/blog\/wp-content\/uploads\/2020\/05\/Eventi-digitali_6.jpg 800w, https:\/\/www.showgroup.it\/blog\/wp-content\/uploads\/2020\/05\/Eventi-digitali_6-300x158.jpg 300w, https:\/\/www.showgroup.it\/blog\/wp-content\/uploads\/2020\/05\/Eventi-digitali_6-768x403.jpg 768w\" sizes=\"(max-width: 800px) 100vw, 800px\" \/><\/span><\/h2>\n<h2 class=\"p1\"><span class=\"s1\">Come si organizzano eventi digitali?<\/span><\/h2>\n<p class=\"p4\"><span class=\"s1\">La migrazione digitale comporta ovviamente alcune modifiche all&#8217;organizzazione di eventi, ma rimangono alcuni punti fermi. <\/span><span class=\"s1\">Abbiamo gi\u00e0 accennato al fatto che il <b>cuore<\/b> di ogni appuntamento \u00e8 formato da <b>obiettivo, target e tema<\/b>: questo vale per qualsiasi spazio, virtuale o fisico, che ospiti la manifestazione. Anche per il web, quindi, \u00e8 la <b>fase cruciale<\/b> della progettazione, fondamentale per evitare sprechi di tempo e risorse. <\/span><\/p>\n<p class=\"p2\"><span class=\"s1\">Allo stesso tempo, \u00e8 necessario stabilire <b>budget e<\/b> <b>timing<\/b>, che chiaramente vengono modificati dalla modalit\u00e0 con cui si svolger\u00e0 l&#8217;evento. Basti pensare a come possono variare le voci di spesa tra le due modalit\u00e0 di svolgimento. <\/span><span class=\"s1\">Nella fase organizzativa e di sviluppo, bisogna poi fissare la <b>data<\/b>, gli <b>invitati<\/b> e il <b>programma<\/b>.<\/span><\/p>\n<p class=\"p2\"><span class=\"s1\">Per la prima, vale sempre la considerazione che \u00e8 meglio evitare sovrapposizioni con eventi simili. Per quanto riguarda i <b>relatori<\/b>, scegliere l&#8217;online pu\u00f2 semplificare la partecipazione: \u00e8 pi\u00f9 facile, infatti, che una persona sia disponibile se l&#8217;adesione non comporta spostamenti. Allo stesso tempo, gli <b>inviti<\/b> saranno in formato digitale. <\/span><span class=\"s1\">Il <b>programma<\/b> \u00e8 un altro punto cruciale dell&#8217;organizzazione: deve sviluppare in maniera <b>originale<\/b> il tema e riuscire ad attirare l&#8217;attenzione dei partecipanti. Se, infatti, la partecipazione \u00e8 pi\u00f9 <b>facile<\/b> in modalit\u00e0 virtuale, lo \u00e8 anche <b>\u201cl&#8217;abbandono\u201d<\/b> dell&#8217;evento percepito come interessante. \u00c8 importante riuscire a coinvolgere il pubblico: facilitate quindi anche l&#8217;interazione diretta tramite <b>live forum<\/b>.<\/span><\/p>\n<p class=\"p2\"><span class=\"s1\">I tool per questo tipo di eventi consentono ovviamente l&#8217;uso di <b>slide, video e contenuti multimediali<\/b>, che anzi, possono conquistare uno spazio maggiore, con <b>stanze dedicate, <\/b>accessibili in ogni momento<b>. <\/b>Materiali e cartella stampa possono tranquillamente essere distribuiti come file.<\/span><\/p>\n<p class=\"p3\"><span class=\"s1\">Ricordate inoltre, che un appuntamento online pu\u00f2 richiedere un grande sforzo di promozione, soprattutto se, di solito, \u00e8 \u201cdal vero\u201d e dovete quindi comunicare un grosso cambiamento come questo. <\/span><\/p>\n<hr \/>\n<h2 class=\"p1\"><span class=\"s1\">Le piattaforme per gli eventi digitali<\/span><\/h2>\n<p class=\"p4\"><span class=\"s1\"><img loading=\"lazy\" class=\"alignnone size-full wp-image-84389\" src=\"https:\/\/www.showgroup.it\/blog\/wp-content\/uploads\/2020\/05\/Eventi-digitali_03.jpg\" alt=\"\" width=\"800\" height=\"420\" srcset=\"https:\/\/www.showgroup.it\/blog\/wp-content\/uploads\/2020\/05\/Eventi-digitali_03.jpg 800w, https:\/\/www.showgroup.it\/blog\/wp-content\/uploads\/2020\/05\/Eventi-digitali_03-300x158.jpg 300w, https:\/\/www.showgroup.it\/blog\/wp-content\/uploads\/2020\/05\/Eventi-digitali_03-768x403.jpg 768w\" sizes=\"(max-width: 800px) 100vw, 800px\" \/><\/span><\/p>\n<p class=\"p4\"><span class=\"s1\">Da anni esistono tool che permettono di condividere contenuti con pi\u00f9 utenti in real time, dando la possibilit\u00e0 di interagire. Le conferenze su Skype si possono fare da quasi due decenni. La piattaforma Zoom, una delle pi\u00f9 usate in questo periodo, \u00e8 stata rilasciata nel 2011: \u00e8 in grado di supportare fino a 100 relatori e 10mila partecipanti. <\/span><span class=\"s1\">Nel frattempo \u00e8 anche arrivata la possibilit\u00e0 di fare <b>dirette social<\/b>, da Facebook a YouTube, senza dimenticare Instagram.<\/span><\/p>\n<p class=\"p2\"><span class=\"s1\">Per i seminari online esiste <span class=\"s4\"><b>GoToWebinar<\/b><\/span>, fino a 100 partecipanti, che permette la funzione alza la mano, la condivisione di domande e risposte e la possibilit\u00e0 di fare sondaggi. Consente anche di controllare per quanto tempo un utente \u00e8 rimasto connesso, misurandone quindi l&#8217;interesse.<\/span><\/p>\n<p class=\"p2\"><span class=\"s1\">La necessit\u00e0 di distanziamento sociale, per\u00f2, ha spinto molte aziende ad <b>interessarsi maggiormente<\/b> a questi strumenti e a <b>sfruttarne le potenzialit\u00e0<\/b>. Allo stesso tempo, \u00e8 stata di grande impulso per lo <b>sviluppo di nuove piattaforme integrate <\/b>per gli eventi digitali. <\/span><\/p>\n<p class=\"p2\"><span class=\"s1\">Una delle nuove nate \u00e8 <a href=\"https:\/\/liveforum.space\/?gclid=EAIaIQobChMIz9u-l8Oh6QIVxY4YCh3megaeEAAYAiAAEgLjQ_D_BwE\" target=\"_blank\" rel=\"noopener noreferrer\"><span class=\"s2\"><b>Liveforum.spac<\/b>e<\/span><\/a>, uno spazio digitale creato per virtualizzare gli eventi, anche i pi\u00f9 complessi come le fiere, mettendo a disposizione stand virtuali. <\/span><span class=\"s1\">Non a caso, ha \u201cdebuttato\u201d il 6 e 7 maggio 2020, ospitando Netcomm Forum, importante evento italiano su e-commerce, digital retail e business innovation. <\/span><span class=\"s1\">Tra l&#8217;altro, \u00e8 stato gi\u00e0 annunciato che la piattaforma verr\u00e0 implementata, comprendendo, tra gli altri, anche i business lunch virtuali, simulando cos\u00ec persino i pranzi di lavoro.<\/span><\/p>\n<p class=\"p2\"><span class=\"s1\">Come si pu\u00f2 vedere, quindi, le possibilit\u00e0 non mancano: <b>la scelta del tool<\/b> da utilizzare fa fatta considerano anche il <b>tipo di appuntamento<\/b> che la vostra azienda vuole organizzare. <\/span><span class=\"s1\">Ricordate che, per sul web, la piattaforma rappresenta la location dell&#8217;evento: le stesse cura e attenzione con cui si scelgono una location fisica e il suo allestimento vanno riservate per la decisione su quale strumento usare per ospitarne la versione virtuale.\u00a0<\/span><\/p>\n<hr \/>\n<h2 class=\"p1\"><span class=\"s1\">Strutturare gli eventi digitali<\/span><\/h2>\n<p class=\"p2\"><span class=\"s1\"><img loading=\"lazy\" class=\"alignnone size-full wp-image-84380\" src=\"https:\/\/www.showgroup.it\/blog\/wp-content\/uploads\/2020\/05\/Eventi-digitali_7.jpg\" alt=\"\" width=\"800\" height=\"420\" srcset=\"https:\/\/www.showgroup.it\/blog\/wp-content\/uploads\/2020\/05\/Eventi-digitali_7.jpg 800w, https:\/\/www.showgroup.it\/blog\/wp-content\/uploads\/2020\/05\/Eventi-digitali_7-300x158.jpg 300w, https:\/\/www.showgroup.it\/blog\/wp-content\/uploads\/2020\/05\/Eventi-digitali_7-768x403.jpg 768w\" sizes=\"(max-width: 800px) 100vw, 800px\" \/><\/span><\/p>\n<p class=\"p2\"><span class=\"s1\">Convegni e convention, cos\u00ec come i meeting aziendali, sono appuntamenti complessi. Prevedono momenti collettivi e altri di confronto pi\u00f9 specifico e ristretto. Ci sono tavole rotonde e diversi relatori che intervengono su un tema.<\/span><\/p>\n<p class=\"p2\"><span class=\"s1\">\u00c8 chiaro che un evento di questa portata, se in modalit\u00e0 web, deve fare affidamento su tool che mettano a disposizione contemporaneamente diverse \u201cstanze\u201d. Da una <b>landing page<\/b> per la <b>registrazione<\/b>, in cui \u00e8 bene pubblicare tutte le <b>informazioni utili e il programma<\/b>, ogni utente potr\u00e0 quindi decidere di <b>accedere <\/b>a ci\u00f2 che gli interessa. <\/span><span class=\"s1\">Non \u00e8 necessario, tra l&#8217;altro, che tutto sia in <b>diretta streaming. <\/b>Per alcuni contenuti, si pu\u00f2 valutare l&#8217;opzione <b>on demand<\/b>, come ad esempio per video e materiali di presentazione e promozione. Organizzatevi in modo che vi si possa accedere su richiesta in qualsiasi momento.<b> <\/b><\/span><\/p>\n<p class=\"p2\"><span class=\"s1\">Per il resto, abbiamo visto che le piattaforme integrate permettono di creare sotto-stanze diverse in un unico spazio, che consentono di partecipare a:<\/span><\/p>\n<p class=\"p2\"><span class=\"s1\"><b><span class=\"s2\"><strong><span style=\"color: #8b774b; font-size: 20px;\">\u2605 <\/span><\/strong><\/span><\/b>seminari di approfondimento tramite webinar<\/span><\/p>\n<p class=\"p2\"><span class=\"s1\"><b><span class=\"s2\"><strong><span style=\"color: #8b774b; font-size: 20px;\">\u2605 <\/span><\/strong><\/span><\/b>riunioni collettive (come i momenti iniziali e finali dei congressi)<\/span><\/p>\n<p class=\"p2\"><span class=\"s1\"><b><span class=\"s2\"><strong><span style=\"color: #8b774b; font-size: 20px;\">\u2605 <\/span><\/strong><\/span><\/b>incontri one-to-one in meeting room dove ricevere consulenze personalizzate o stabilire contatti diretti<\/span><\/p>\n<p class=\"p2\"><span class=\"s1\"><b><span class=\"s2\"><strong><span style=\"color: #8b774b; font-size: 20px;\">\u2605 <\/span><\/strong><\/span><\/b>tavole rotonde online<\/span><\/p>\n<p class=\"p2\"><span class=\"s1\">In ognuna di queste occasioni, la partecipazione e l&#8217;<b>interazione diretta<\/b> saranno possibili (anche in base al numero di utenti) via <b>live chat<\/b> oppure attraverso \u201c<b>alzate di mano digitali<\/b>\u201d. Basta una videocamera e un microfono, infatti, per poter intervenire da casa propria. <\/span><span class=\"s1\">A proposito&#8230;e il <b>coffee break<\/b>? Niente paura, anche quello pu\u00f2 essere vissuto in una versione digitale, \u201csimulando\u201d una pausa condivisa online. <\/span><\/p>\n<p class=\"p3\"><span class=\"s1\">Se il tipo l&#8217;incontro lo prevede, ricordate \u2013 alla fine -, di inviare gli attestati digitali di partecipazione. Rimane poi l&#8217;attivit\u00e0 di raccolta <b>feedback<\/b>: anche un evento digitale va valutato, per capirne i punti di forza e quelli che invece vanno migliorati alla prossima occasione. <\/span><\/p>\n<hr \/>\n<h2 class=\"p1\"><span class=\"s1\">Possibili scenari futuri<\/span><\/h2>\n<p class=\"p2\"><span class=\"s1\">Tenete a mente che esistono <b>agenzie di professionisti specializzati<\/b> in eventi virtuali, che possono eventualmente fornirvi consulenza oppure organizzare direttamente il vostro appuntamento. Tra l&#8217;altro, si tratta di una specializzazione che va crescendo, data l&#8217;attuale situazione. <\/span><\/p>\n<p class=\"p2\"><span class=\"s1\">Le aziende, infatti, dovranno fare i conti con le limitazioni che dureranno ancora qualche mese. Forse, anche successivamente, si dovranno pensare eventi in forma ibrida, con appuntamenti in presenza e altri in modalit\u00e0 virtuale<\/span><span class=\"s3\">.\u00a0 <\/span><span class=\"s1\">\u00c8 difficile prevedere come e quando si potr\u00e0 tornare alla normalit\u00e0 del pre-coronavirus. Anche se probabilmente preferiremo sempre, ove possibile, i contatti diretti, questo \u00e8 un momento da sfruttare per diventare pi\u00f9 efficienti nel business digitale. <\/span><span class=\"s1\">Come abbiamo visto, la tecnologia mette a disposizione numerosi strumenti che permettono alle aziende nuovi modi, e spazi, d&#8217;incontro. Il distanziamento sociale, alla fine, rappresenta una sfida che non deve spaventare: pu\u00f2, anzi, diventare un&#8217;occasione per dare un taglio innovativo alle proprie iniziative. <\/span><\/p>\n<p class=\"p2\"><span class=\"s1\">Reinventare e trovare nuove soluzioni virtuali che possano sostituire quelle in presenza, infatti, non solo ci aiuter\u00e0 in questo momento anche a limitare le perdite, ma rappresenter\u00e0 una competenza in pi\u00f9 da utilizzare anche in futuro. <\/span><\/p>\n","protected":false},"excerpt":{"rendered":"<p>Il distanziamento sociale pone nuove sfide alle aziende: congressi e convention devono essere annullati? No, migrano online. In questo articolo, proponiamo una breve guida per sfruttare le potenzialit\u00e0 del digitale.<\/p>\n","protected":false},"author":5,"featured_media":84388,"comment_status":"open","ping_status":"open","sticky":false,"template":"","format":"standard","meta":[],"categories":[661],"tags":[],"yoast_head":"<!-- This site is optimized with the Yoast SEO plugin v16.9 - https:\/\/yoast.com\/wordpress\/plugins\/seo\/ -->\n<title>Eventi digitali: le convention nell&#039;era post coronavirus &bull; Showgroup - Ready to be WOW!<\/title>\n<meta name=\"robots\" content=\"index, follow, max-snippet:-1, max-image-preview:large, max-video-preview:-1\" \/>\n<link rel=\"canonical\" href=\"https:\/\/www.showgroup.it\/blog\/2020\/05\/20\/eventi-digitali-le-convention-nellera-post-coronavirus\/\" \/>\n<meta property=\"og:locale\" content=\"it_IT\" \/>\n<meta property=\"og:type\" content=\"article\" \/>\n<meta property=\"og:title\" content=\"Distanziamento sociale? Gli eventi aziendali diventano digitali\" \/>\n<meta property=\"og:description\" content=\"Il distanziamento sociale pone nuove sfide alle aziende: congressi e convention devono essere annullati? No, migrano online. In questo articolo, proponiamo una breve guida per sfruttare le potenzialit\u00e0 del digitale.\" \/>\n<meta property=\"og:url\" content=\"https:\/\/www.showgroup.it\/blog\/2020\/05\/20\/eventi-digitali-le-convention-nellera-post-coronavirus\/\" \/>\n<meta property=\"og:site_name\" content=\"Showgroup - Ready to be WOW!\" \/>\n<meta property=\"article:publisher\" content=\"https:\/\/www.facebook.com\/ShowGroupWow\/\" \/>\n<meta property=\"article:published_time\" content=\"2020-05-20T07:14:03+00:00\" \/>\n<meta property=\"article:modified_time\" content=\"2025-08-17T15:24:27+00:00\" \/>\n<meta property=\"og:image\" content=\"https:\/\/www.showgroup.it\/blog\/wp-content\/uploads\/2020\/05\/Eventi_virtuali_Banner_articolo.jpg\" \/>\n\t<meta property=\"og:image:width\" content=\"1920\" \/>\n\t<meta property=\"og:image:height\" content=\"1080\" \/>\n<meta name=\"twitter:card\" content=\"summary_large_image\" \/>\n<meta name=\"twitter:title\" content=\"Distanziamento sociale? Gli eventi aziendali diventano digitali\" \/>\n<meta name=\"twitter:description\" content=\"Il distanziamento sociale pone nuove sfide alle aziende: congressi e convention devono essere annullati? No, migrano online. In questo articolo, proponiamo una breve guida per sfruttare le potenzialit\u00e0 del digitale.\" \/>\n<meta name=\"twitter:image\" content=\"https:\/\/www.showgroup.it\/blog\/wp-content\/uploads\/2020\/05\/Eventi_virtuali_Banner_articolo.jpg\" \/>\n<meta name=\"twitter:label1\" content=\"Scritto da\" \/>\n\t<meta name=\"twitter:data1\" content=\"Benedetta Gatti\" \/>\n\t<meta name=\"twitter:label2\" content=\"Tempo di lettura stimato\" \/>\n\t<meta name=\"twitter:data2\" content=\"12 minuti\" \/>\n<script type=\"application\/ld+json\" class=\"yoast-schema-graph\">{\"@context\":\"https:\/\/schema.org\",\"@graph\":[{\"@type\":\"Organization\",\"@id\":\"https:\/\/www.showgroup.it\/#organization\",\"name\":\"Showgroup\",\"url\":\"https:\/\/www.showgroup.it\/\",\"sameAs\":[\"https:\/\/www.facebook.com\/ShowGroupWow\/\",\"https:\/\/www.instagram.com\/showgroupwow\/\"],\"logo\":{\"@type\":\"ImageObject\",\"@id\":\"https:\/\/www.showgroup.it\/#logo\",\"inLanguage\":\"it-IT\",\"url\":\"https:\/\/www.showgroup.it\/blog\/wp-content\/uploads\/2025\/01\/logo-black.svg\",\"contentUrl\":\"https:\/\/www.showgroup.it\/blog\/wp-content\/uploads\/2025\/01\/logo-black.svg\",\"width\":1440,\"height\":916,\"caption\":\"Showgroup\"},\"image\":{\"@id\":\"https:\/\/www.showgroup.it\/#logo\"}},{\"@type\":\"WebSite\",\"@id\":\"https:\/\/www.showgroup.it\/#website\",\"url\":\"https:\/\/www.showgroup.it\/\",\"name\":\"Showgroup - Ready to be WOW!\",\"description\":\"Il primo portale gratuito dedicato al mondo dello spettacolo.\",\"publisher\":{\"@id\":\"https:\/\/www.showgroup.it\/#organization\"},\"potentialAction\":[{\"@type\":\"SearchAction\",\"target\":{\"@type\":\"EntryPoint\",\"urlTemplate\":\"https:\/\/www.showgroup.it\/?s={search_term_string}\"},\"query-input\":\"required name=search_term_string\"}],\"inLanguage\":\"it-IT\"},{\"@type\":\"ImageObject\",\"@id\":\"https:\/\/www.showgroup.it\/blog\/2020\/05\/20\/eventi-digitali-le-convention-nellera-post-coronavirus\/#primaryimage\",\"inLanguage\":\"it-IT\",\"url\":\"https:\/\/www.showgroup.it\/blog\/wp-content\/uploads\/2020\/05\/Eventi_virtuali_Banner_articolo.jpg\",\"contentUrl\":\"https:\/\/www.showgroup.it\/blog\/wp-content\/uploads\/2020\/05\/Eventi_virtuali_Banner_articolo.jpg\",\"width\":1920,\"height\":1080},{\"@type\":\"WebPage\",\"@id\":\"https:\/\/www.showgroup.it\/blog\/2020\/05\/20\/eventi-digitali-le-convention-nellera-post-coronavirus\/#webpage\",\"url\":\"https:\/\/www.showgroup.it\/blog\/2020\/05\/20\/eventi-digitali-le-convention-nellera-post-coronavirus\/\",\"name\":\"Eventi digitali: le convention nell'era post coronavirus &bull; Showgroup - Ready to be WOW!\",\"isPartOf\":{\"@id\":\"https:\/\/www.showgroup.it\/#website\"},\"primaryImageOfPage\":{\"@id\":\"https:\/\/www.showgroup.it\/blog\/2020\/05\/20\/eventi-digitali-le-convention-nellera-post-coronavirus\/#primaryimage\"},\"datePublished\":\"2020-05-20T07:14:03+00:00\",\"dateModified\":\"2025-08-17T15:24:27+00:00\",\"breadcrumb\":{\"@id\":\"https:\/\/www.showgroup.it\/blog\/2020\/05\/20\/eventi-digitali-le-convention-nellera-post-coronavirus\/#breadcrumb\"},\"inLanguage\":\"it-IT\",\"potentialAction\":[{\"@type\":\"ReadAction\",\"target\":[\"https:\/\/www.showgroup.it\/blog\/2020\/05\/20\/eventi-digitali-le-convention-nellera-post-coronavirus\/\"]}]},{\"@type\":\"BreadcrumbList\",\"@id\":\"https:\/\/www.showgroup.it\/blog\/2020\/05\/20\/eventi-digitali-le-convention-nellera-post-coronavirus\/#breadcrumb\",\"itemListElement\":[{\"@type\":\"ListItem\",\"position\":1,\"name\":\"Home\",\"item\":\"https:\/\/www.showgroup.it\/blog\/\"},{\"@type\":\"ListItem\",\"position\":2,\"name\":\"Eventi digitali: le convention nell&#8217;era post coronavirus\"}]},{\"@type\":\"Article\",\"@id\":\"https:\/\/www.showgroup.it\/blog\/2020\/05\/20\/eventi-digitali-le-convention-nellera-post-coronavirus\/#article\",\"isPartOf\":{\"@id\":\"https:\/\/www.showgroup.it\/blog\/2020\/05\/20\/eventi-digitali-le-convention-nellera-post-coronavirus\/#webpage\"},\"author\":{\"@id\":\"https:\/\/www.showgroup.it\/#\/schema\/person\/9b799d433be4e17451d197175628047a\"},\"headline\":\"Eventi digitali: le convention nell&#8217;era post coronavirus\",\"datePublished\":\"2020-05-20T07:14:03+00:00\",\"dateModified\":\"2025-08-17T15:24:27+00:00\",\"mainEntityOfPage\":{\"@id\":\"https:\/\/www.showgroup.it\/blog\/2020\/05\/20\/eventi-digitali-le-convention-nellera-post-coronavirus\/#webpage\"},\"wordCount\":2348,\"commentCount\":0,\"publisher\":{\"@id\":\"https:\/\/www.showgroup.it\/#organization\"},\"image\":{\"@id\":\"https:\/\/www.showgroup.it\/blog\/2020\/05\/20\/eventi-digitali-le-convention-nellera-post-coronavirus\/#primaryimage\"},\"thumbnailUrl\":\"https:\/\/www.showgroup.it\/blog\/wp-content\/uploads\/2020\/05\/Eventi_virtuali_Banner_articolo.jpg\",\"articleSection\":[\"Eventi e location\"],\"inLanguage\":\"it-IT\",\"potentialAction\":[{\"@type\":\"CommentAction\",\"name\":\"Comment\",\"target\":[\"https:\/\/www.showgroup.it\/blog\/2020\/05\/20\/eventi-digitali-le-convention-nellera-post-coronavirus\/#respond\"]}]},{\"@type\":\"Person\",\"@id\":\"https:\/\/www.showgroup.it\/#\/schema\/person\/9b799d433be4e17451d197175628047a\",\"name\":\"Benedetta Gatti\",\"image\":{\"@type\":\"ImageObject\",\"@id\":\"https:\/\/www.showgroup.it\/#personlogo\",\"inLanguage\":\"it-IT\",\"url\":\"https:\/\/secure.gravatar.com\/avatar\/32ceeb7300be30aabe2c84fdaa89eac0?s=96&d=mm&r=g\",\"contentUrl\":\"https:\/\/secure.gravatar.com\/avatar\/32ceeb7300be30aabe2c84fdaa89eac0?s=96&d=mm&r=g\",\"caption\":\"Benedetta Gatti\"}}]}<\/script>\n<!-- \/ Yoast SEO plugin. -->","yoast_head_json":{"title":"Eventi digitali: le convention nell'era post coronavirus &bull; Showgroup - Ready to be WOW!","robots":{"index":"index","follow":"follow","max-snippet":"max-snippet:-1","max-image-preview":"max-image-preview:large","max-video-preview":"max-video-preview:-1"},"canonical":"https:\/\/www.showgroup.it\/blog\/2020\/05\/20\/eventi-digitali-le-convention-nellera-post-coronavirus\/","og_locale":"it_IT","og_type":"article","og_title":"Distanziamento sociale? Gli eventi aziendali diventano digitali","og_description":"Il distanziamento sociale pone nuove sfide alle aziende: congressi e convention devono essere annullati? No, migrano online. In questo articolo, proponiamo una breve guida per sfruttare le potenzialit\u00e0 del digitale.","og_url":"https:\/\/www.showgroup.it\/blog\/2020\/05\/20\/eventi-digitali-le-convention-nellera-post-coronavirus\/","og_site_name":"Showgroup - Ready to be WOW!","article_publisher":"https:\/\/www.facebook.com\/ShowGroupWow\/","article_published_time":"2020-05-20T07:14:03+00:00","article_modified_time":"2025-08-17T15:24:27+00:00","og_image":[{"width":1920,"height":1080,"filesize":232388,"url":"https:\/\/www.showgroup.it\/blog\/wp-content\/uploads\/2020\/05\/Eventi_virtuali_Banner_articolo.jpg","path":"\/sites\/www.showgroup.it\/files\/blog\/wp-content\/uploads\/2020\/05\/Eventi_virtuali_Banner_articolo.jpg","size":"full","id":"84388","alt":"","pixels":2073600,"type":"image\/jpeg"}],"twitter_card":"summary_large_image","twitter_title":"Distanziamento sociale? Gli eventi aziendali diventano digitali","twitter_description":"Il distanziamento sociale pone nuove sfide alle aziende: congressi e convention devono essere annullati? No, migrano online. In questo articolo, proponiamo una breve guida per sfruttare le potenzialit\u00e0 del digitale.","twitter_image":"https:\/\/www.showgroup.it\/blog\/wp-content\/uploads\/2020\/05\/Eventi_virtuali_Banner_articolo.jpg","twitter_misc":{"Scritto da":"Benedetta Gatti","Tempo di lettura stimato":"12 minuti"},"schema":{"@context":"https:\/\/schema.org","@graph":[{"@type":"Organization","@id":"https:\/\/www.showgroup.it\/#organization","name":"Showgroup","url":"https:\/\/www.showgroup.it\/","sameAs":["https:\/\/www.facebook.com\/ShowGroupWow\/","https:\/\/www.instagram.com\/showgroupwow\/"],"logo":{"@type":"ImageObject","@id":"https:\/\/www.showgroup.it\/#logo","inLanguage":"it-IT","url":"https:\/\/www.showgroup.it\/blog\/wp-content\/uploads\/2025\/01\/logo-black.svg","contentUrl":"https:\/\/www.showgroup.it\/blog\/wp-content\/uploads\/2025\/01\/logo-black.svg","width":1440,"height":916,"caption":"Showgroup"},"image":{"@id":"https:\/\/www.showgroup.it\/#logo"}},{"@type":"WebSite","@id":"https:\/\/www.showgroup.it\/#website","url":"https:\/\/www.showgroup.it\/","name":"Showgroup - Ready to be WOW!","description":"Il primo portale gratuito dedicato al mondo dello spettacolo.","publisher":{"@id":"https:\/\/www.showgroup.it\/#organization"},"potentialAction":[{"@type":"SearchAction","target":{"@type":"EntryPoint","urlTemplate":"https:\/\/www.showgroup.it\/?s={search_term_string}"},"query-input":"required name=search_term_string"}],"inLanguage":"it-IT"},{"@type":"ImageObject","@id":"https:\/\/www.showgroup.it\/blog\/2020\/05\/20\/eventi-digitali-le-convention-nellera-post-coronavirus\/#primaryimage","inLanguage":"it-IT","url":"https:\/\/www.showgroup.it\/blog\/wp-content\/uploads\/2020\/05\/Eventi_virtuali_Banner_articolo.jpg","contentUrl":"https:\/\/www.showgroup.it\/blog\/wp-content\/uploads\/2020\/05\/Eventi_virtuali_Banner_articolo.jpg","width":1920,"height":1080},{"@type":"WebPage","@id":"https:\/\/www.showgroup.it\/blog\/2020\/05\/20\/eventi-digitali-le-convention-nellera-post-coronavirus\/#webpage","url":"https:\/\/www.showgroup.it\/blog\/2020\/05\/20\/eventi-digitali-le-convention-nellera-post-coronavirus\/","name":"Eventi digitali: le convention nell'era post coronavirus &bull; Showgroup - Ready to be WOW!","isPartOf":{"@id":"https:\/\/www.showgroup.it\/#website"},"primaryImageOfPage":{"@id":"https:\/\/www.showgroup.it\/blog\/2020\/05\/20\/eventi-digitali-le-convention-nellera-post-coronavirus\/#primaryimage"},"datePublished":"2020-05-20T07:14:03+00:00","dateModified":"2025-08-17T15:24:27+00:00","breadcrumb":{"@id":"https:\/\/www.showgroup.it\/blog\/2020\/05\/20\/eventi-digitali-le-convention-nellera-post-coronavirus\/#breadcrumb"},"inLanguage":"it-IT","potentialAction":[{"@type":"ReadAction","target":["https:\/\/www.showgroup.it\/blog\/2020\/05\/20\/eventi-digitali-le-convention-nellera-post-coronavirus\/"]}]},{"@type":"BreadcrumbList","@id":"https:\/\/www.showgroup.it\/blog\/2020\/05\/20\/eventi-digitali-le-convention-nellera-post-coronavirus\/#breadcrumb","itemListElement":[{"@type":"ListItem","position":1,"name":"Home","item":"https:\/\/www.showgroup.it\/blog\/"},{"@type":"ListItem","position":2,"name":"Eventi digitali: le convention nell&#8217;era post coronavirus"}]},{"@type":"Article","@id":"https:\/\/www.showgroup.it\/blog\/2020\/05\/20\/eventi-digitali-le-convention-nellera-post-coronavirus\/#article","isPartOf":{"@id":"https:\/\/www.showgroup.it\/blog\/2020\/05\/20\/eventi-digitali-le-convention-nellera-post-coronavirus\/#webpage"},"author":{"@id":"https:\/\/www.showgroup.it\/#\/schema\/person\/9b799d433be4e17451d197175628047a"},"headline":"Eventi digitali: le convention nell&#8217;era post coronavirus","datePublished":"2020-05-20T07:14:03+00:00","dateModified":"2025-08-17T15:24:27+00:00","mainEntityOfPage":{"@id":"https:\/\/www.showgroup.it\/blog\/2020\/05\/20\/eventi-digitali-le-convention-nellera-post-coronavirus\/#webpage"},"wordCount":2348,"commentCount":0,"publisher":{"@id":"https:\/\/www.showgroup.it\/#organization"},"image":{"@id":"https:\/\/www.showgroup.it\/blog\/2020\/05\/20\/eventi-digitali-le-convention-nellera-post-coronavirus\/#primaryimage"},"thumbnailUrl":"https:\/\/www.showgroup.it\/blog\/wp-content\/uploads\/2020\/05\/Eventi_virtuali_Banner_articolo.jpg","articleSection":["Eventi e location"],"inLanguage":"it-IT","potentialAction":[{"@type":"CommentAction","name":"Comment","target":["https:\/\/www.showgroup.it\/blog\/2020\/05\/20\/eventi-digitali-le-convention-nellera-post-coronavirus\/#respond"]}]},{"@type":"Person","@id":"https:\/\/www.showgroup.it\/#\/schema\/person\/9b799d433be4e17451d197175628047a","name":"Benedetta Gatti","image":{"@type":"ImageObject","@id":"https:\/\/www.showgroup.it\/#personlogo","inLanguage":"it-IT","url":"https:\/\/secure.gravatar.com\/avatar\/32ceeb7300be30aabe2c84fdaa89eac0?s=96&d=mm&r=g","contentUrl":"https:\/\/secure.gravatar.com\/avatar\/32ceeb7300be30aabe2c84fdaa89eac0?s=96&d=mm&r=g","caption":"Benedetta Gatti"}}]}},"_links":{"self":[{"href":"https:\/\/www.showgroup.it\/blog\/wp-json\/wp\/v2\/posts\/84362"}],"collection":[{"href":"https:\/\/www.showgroup.it\/blog\/wp-json\/wp\/v2\/posts"}],"about":[{"href":"https:\/\/www.showgroup.it\/blog\/wp-json\/wp\/v2\/types\/post"}],"author":[{"embeddable":true,"href":"https:\/\/www.showgroup.it\/blog\/wp-json\/wp\/v2\/users\/5"}],"replies":[{"embeddable":true,"href":"https:\/\/www.showgroup.it\/blog\/wp-json\/wp\/v2\/comments?post=84362"}],"version-history":[{"count":2,"href":"https:\/\/www.showgroup.it\/blog\/wp-json\/wp\/v2\/posts\/84362\/revisions"}],"predecessor-version":[{"id":99851,"href":"https:\/\/www.showgroup.it\/blog\/wp-json\/wp\/v2\/posts\/84362\/revisions\/99851"}],"wp:featuredmedia":[{"embeddable":true,"href":"https:\/\/www.showgroup.it\/blog\/wp-json\/wp\/v2\/media\/84388"}],"wp:attachment":[{"href":"https:\/\/www.showgroup.it\/blog\/wp-json\/wp\/v2\/media?parent=84362"}],"wp:term":[{"taxonomy":"category","embeddable":true,"href":"https:\/\/www.showgroup.it\/blog\/wp-json\/wp\/v2\/categories?post=84362"},{"taxonomy":"post_tag","embeddable":true,"href":"https:\/\/www.showgroup.it\/blog\/wp-json\/wp\/v2\/tags?post=84362"}],"curies":[{"name":"wp","href":"https:\/\/api.w.org\/{rel}","templated":true}]}}