{"id":84392,"date":"2020-05-27T12:08:38","date_gmt":"2020-05-27T10:08:38","guid":{"rendered":"https:\/\/www.showgroup.it\/?p=84392"},"modified":"2025-05-29T10:48:02","modified_gmt":"2025-05-29T08:48:02","slug":"spettacoli-dal-vivo-la-ripresa-dopo-lemergenza","status":"publish","type":"post","link":"https:\/\/www.showgroup.it\/blog\/2020\/05\/27\/spettacoli-dal-vivo-la-ripresa-dopo-lemergenza\/","title":{"rendered":"Spettacoli dal vivo: la ripresa dopo l&#8217;emergenza"},"content":{"rendered":"<p class=\"p1\"><span class=\"gmail-s1\">Il mondo dello spettacolo non vede l\u2019ora di ripartire!<\/span><\/p>\n<p class=\"p1\"><b>Dal 15 giugno<\/b>, molte attivit\u00e0 potranno riprendere, anche se in forme diverse e ridotte rispetto a quanto eravamo abituati prima dell\u2019emergenza sanitaria.<\/p>\n<p class=\"p1\"><span class=\"s1\">Tornare al cinema o a godersi uno spettacolo teatrale \u00e8 un desiderio che hanno in molti e che presto potr\u00e0 essere soddisfatto. <\/span><span class=\"s1\">La data, per\u00f2, \u00e8 importante soprattutto per gli <b>operatori culturali<\/b>, tra i pi\u00f9 colpiti dal lockdown: proiezioni, teatri, concerti dal vivo sono stati tra i primi a doversi fermare a fine febbraio e, da allora, attendono di poter riprendere a lavorare.<\/span><\/p>\n<p class=\"p1\"><span class=\"s1\">Come abbiamo accennato, per quanto la ripartenza sia vicina, non dobbiamo immaginare che si possano organizzare grandi manifestazioni live da centinaia di migliaia di persone. <\/span><\/p>\n<blockquote>\n<p class=\"p1\"><span class=\"s1\">La parola d&#8217;ordine, infatti, \u00e8 sicurezza. Nell&#8217;ultimo Dpcm del 17 maggio, il Governo ha previsto una serie di protocolli da rispettare per evitare che il contagio si diffonda nuovamente. S\u00ec agli eventi, quindi, ma nell&#8217;osservanza delle regole stabilite. <\/span><\/p>\n<\/blockquote>\n<p class=\"p1\"><span class=\"s1\">Ma quali spettacoli si potranno fare dal 15 giugno? E, soprattutto, in che modalit\u00e0? Vediamo cosa stabiliscono le linee del Governo.<\/span><\/p>\n<h2>La fotografia del settore<\/h2>\n<p class=\"p2\"><span class=\"s1\">Secondo i dati della <a href=\"https:\/\/www.symbola.net\/\" target=\"_blank\" rel=\"noopener noreferrer\"><span class=\"s2\">Fondazione Symbola<\/span><\/a> e <a href=\"http:\/\/www.unioncamere.gov.it\/\" target=\"_blank\" rel=\"noopener noreferrer\"><span class=\"s2\">Unioncamere<\/span><\/a>, che dal 2004 pubblicano un rapporto annuale sul tema, il settore culturale in Italia rappresenta un volume d&#8217;affari di <a href=\"https:\/\/www.symbola.net\/wp-content\/uploads\/2019\/06\/Presentazione-cultura-20_06_19-def.pdf\" target=\"_blank\" rel=\"noopener noreferrer\"><span class=\"s2\">96miliardi di euro<\/span><\/a> (numeri riferiti al 2018) e conta <b>416 mila imprese per oltre 1,55 milioni di occupati<\/b>.<\/span><\/p>\n<p class=\"p2\"><span class=\"s1\">Lo studio suddivide il <b>settore in cinque macro aree<\/b>: industrie <b>creative<\/b> (architettura, design), industrie <b>culturali<\/b> (cinema, editoria, videogiochi, software, musica e stampa), le imprese che lavorano con il <b>patrimonio storico-artistico<\/b> (musei, biblioteche, archivi, siti archeologici e monumenti storici), quelle che lavorano con le <b>arti performative <\/b>e le imprese <b>creative-driven <\/b>(pur non facendo parte della filiera, impiegano contenuti e competenze culturali e creative per accrescere il valore dei propri prodotti, come grafici, registi, sviluppatori di videogame).<\/span><\/p>\n<p class=\"p2\"><span class=\"s1\">Le industrie culturali producono, da sole, 35,1 miliardi di euro di valore aggiunto (il 2,2% del complessivo nazionale), dando lavoro a 500 mila persone. <\/span><\/p>\n<p class=\"p2\"><span class=\"s1\">Come detto, si tratta di un comparto che \u00e8 stato duramente colpito dal blocco delle attivit\u00e0. L&#8217;Assomusica aveva stimato una perdita di 40 milioni di euro solo considerando il periodo dal 23 febbraio ai primi di aprile, con 3 mila spettacoli tra annullati e rinviati. Per l&#8217;estate, il calo di entrate \u00e8 stato calcolato in 350 milioni di euro. <\/span><\/p>\n<p class=\"p2\"><span class=\"s1\">A marzo, la Siae aveva parlato di un calo di incassi pari a <a href=\"https:\/\/www.rockol.it\/news-711995\/siae-perdite-incassi-coronavirus-proposte-governo\" target=\"_blank\" rel=\"noopener noreferrer\" class=\"broken_link\"><span class=\"s2\">23 milioni di euro<\/span><\/a> in una settimana: 4,1 milioni per i concerti; 7,3 relative ai cinema; 7,2 milioni per gli spettacoli teatrali; 2,5 milioni per quanto riguarda attivit\u00e0 di ballo e 1,8 milioni per le mostre.<\/span><\/p>\n<p class=\"p2\"><span class=\"s1\">Questi numeri impressionanti rendono bene l&#8217;idea di quanto sia importante la ripresa del settore, considerano anche quante persone vi sono impiegate: secondo i <a href=\"https:\/\/www.inps.it\/nuovoportaleinps\/default.aspx?itemdir=52805\" target=\"_blank\" rel=\"noopener noreferrer\"><span class=\"s2\">dati ufficiali dell&#8217;ex Enpals<\/span><\/a>, nel 2018 i lavoratori dello spettacolo recensiti erano quasi 325 mila. <\/span><\/p>\n<hr \/>\n<h2>Le riaperture<\/h2>\n<p class=\"p4\"><span class=\"s1\"><img loading=\"lazy\" class=\"alignnone size-full wp-image-84397\" src=\"https:\/\/www.showgroup.it\/blog\/wp-content\/uploads\/2020\/05\/Concerti-da-vivo-IMG-01.jpg\" alt=\"Distanza sociale al cinema\" width=\"1000\" height=\"400\" srcset=\"https:\/\/www.showgroup.it\/blog\/wp-content\/uploads\/2020\/05\/Concerti-da-vivo-IMG-01.jpg 1000w, https:\/\/www.showgroup.it\/blog\/wp-content\/uploads\/2020\/05\/Concerti-da-vivo-IMG-01-300x120.jpg 300w, https:\/\/www.showgroup.it\/blog\/wp-content\/uploads\/2020\/05\/Concerti-da-vivo-IMG-01-768x307.jpg 768w\" sizes=\"(max-width: 1000px) 100vw, 1000px\" \/><\/span><\/p>\n<p class=\"p4\"><span class=\"s1\">Per la ripartenza del settore spettacoli, il riferimento \u00e8 il <a href=\"https:\/\/www.gazzettaufficiale.it\/eli\/gu\/2020\/05\/17\/126\/sg\/pdf\" target=\"_blank\" rel=\"noopener noreferrer\"><span class=\"s3\">Dpcm<\/span><\/a> pubblicato in Gazzetta Ufficiale il 17 maggio 2020.<br \/>\n<\/span><span class=\"s1\">Secondo l&#8217;articolo 1, dal 15 giugno possono quindi <b>ripartire<\/b>:<\/span><\/p>\n<p class=\"p4\"><span class=\"s1\"><b><span class=\"s2\"><strong><span style=\"color: #8b774b; font-size: 20px;\">\u2605 <\/span><\/strong><\/span><\/b>gli spettacoli aperti al pubblico <b>in sale teatrali, sale da concerto, sale cinematografiche e in altri spazi anche all\u2019aperto<\/b>. Saranno possibili solo con <b>posti a sedere preassegnati e distanziati<\/b> e a condizione che sia comunque assicurato il rispetto della distanza interpersonale di almeno un metro sia per il personale, sia per gli spettatori. Il <b>numero massimo di spettatori \u00e8 fissato a 1000<\/b><span class=\"Apple-converted-space\">\u00a0 <\/span>per spettacoli <b>all\u2019aperto<\/b> e a <b>200 <\/b>persone per spettacoli <b>in luoghi chiusi<\/b>, per ogni singola sala. Il Dpcm prevede comunque che le regioni e le province autonome possano stabilire una diversa data, in relazione all\u2019andamento della situazione epidemiologica nei propri territori (rif. Comma m)<\/span><\/p>\n<p class=\"p4\"><span class=\"s1\"><b><span class=\"s2\"><strong><span style=\"color: #8b774b; font-size: 20px;\">\u2605 <\/span><\/strong><\/span>le attivit\u00e0 dei servizi di ristorazione<\/b> (<b>fra cui bar, pub, ristoranti, gelaterie, pasticcerie<\/b>) sono <b>consentite<\/b> a condizione che le regioni e le province autonome abbiano <b>preventivamente accertato la compatibilit\u00e0<\/b> dello svolgimento delle suddette attivit\u00e0 con l\u2019andamento della situazione epidemiologica nei propri territori e che i<b>ndividuino i protocolli<\/b> o le linee guida applicabili idonei a prevenire o ridurre il rischio di contagio nel settore di riferimento o in settori analoghi. Continuano a essere consentite le attivit\u00e0 delle <b>mense e del catering<\/b> continuativo su base contrattuale, che garantiscono la <b>distanza di sicurezza<\/b> interpersonale di almeno un metro (rif. Comma ee)<\/span><\/p>\n<p class=\"p4\"><span class=\"s1\">Restano invece <b>ancora sospesi<\/b>:<\/span><\/p>\n<p class=\"p4\"><span class=\"s1\"><b><span class=\"s2\"><strong><span style=\"color: #8b774b; font-size: 20px;\">\u2605 <\/span><\/strong><\/span><\/b>gli <b>eventi che implicano assembramenti<\/b> in spazi chiusi o all&#8217;aperto, se non \u00e8 possibile rispettare le misure di sicurezza;<\/span><\/p>\n<p class=\"p4\"><span class=\"s1\"><b><span class=\"s2\"><strong><span style=\"color: #8b774b; font-size: 20px;\">\u2605 <\/span><\/strong><\/span><\/b>le attivit\u00e0 nelle <b>sale da ballo<\/b>, <b>discoteche<\/b> e locali assimilati<\/span><\/p>\n<p class=\"p4\"><span class=\"s1\"><b><span class=\"s2\"><strong><span style=\"color: #8b774b; font-size: 20px;\">\u2605 <\/span><\/strong><\/span><\/b>le <b>fiere e i congressi<\/b>. <\/span><\/p>\n<p class=\"p5\"><span class=\"s1\">Per i <b>grandi concerti live<\/b>, quindi, bisogna aspettare: sono stati tutti <b>spostati al prossimo anno<\/b> anche perch\u00e9 molti artisti, nazionali e internazionali, alla luce della complessa situazione in tutto il mondo, avevano gi\u00e0 deciso di rinviare i loro tour. <\/span><\/p>\n<hr \/>\n<h2 class=\"p1\"><span class=\"s1\">I protocolli di sicurezza<\/span><\/h2>\n<p class=\"p4\"><span class=\"s1\"><img loading=\"lazy\" class=\"alignnone size-full wp-image-84405\" src=\"https:\/\/www.showgroup.it\/blog\/wp-content\/uploads\/2020\/05\/Concerti-da-vivo_IMG-02.jpg\" alt=\"online ticket cinema\" width=\"1000\" height=\"400\" srcset=\"https:\/\/www.showgroup.it\/blog\/wp-content\/uploads\/2020\/05\/Concerti-da-vivo_IMG-02.jpg 1000w, https:\/\/www.showgroup.it\/blog\/wp-content\/uploads\/2020\/05\/Concerti-da-vivo_IMG-02-300x120.jpg 300w, https:\/\/www.showgroup.it\/blog\/wp-content\/uploads\/2020\/05\/Concerti-da-vivo_IMG-02-768x307.jpg 768w\" sizes=\"(max-width: 1000px) 100vw, 1000px\" \/><\/span><\/p>\n<p class=\"p4\"><span class=\"s1\">Le regole da rispettare per l&#8217;organizzazione e lo svolgimento degli eventi sono indicate nell&#8217;<a href=\"https:\/\/www.gazzettaufficiale.it\/eli\/gu\/2020\/05\/17\/126\/sg\/pdf\" target=\"_blank\" rel=\"noopener noreferrer\"><span class=\"s3\">allegato 9 dello stesso Dpcm<\/span><\/a>:<\/span><\/p>\n<p class=\"p4\"><span class=\"s1\">Per cinema e spettacoli dal vivo, quindi, \u00e8 necessario:<\/span><\/p>\n<p class=\"p4\"><span class=\"s1\"><b><span class=\"s2\"><strong><span style=\"color: #8b774b; font-size: 20px;\">\u2605 <\/span><\/strong><\/span><\/b>mantenere la <b>distanza interpersonale<\/b>, anche tra gli artisti;<\/span><\/p>\n<p class=\"p4\"><span class=\"s1\"><b><span class=\"s2\"><strong><span style=\"color: #8b774b; font-size: 20px;\">\u2605 <\/span><\/strong><\/span><\/b><b>misurare la temperatura corporea<\/b> a spettatori, artisti e lavoratori. In caso sia superiore ai 37,5 gradi, verr\u00e0 impedito l&#8217;accesso;<\/span><\/p>\n<p class=\"p4\"><span class=\"s1\"><b><span class=\"s2\"><strong><span style=\"color: #8b774b; font-size: 20px;\">\u2605 <\/span><\/strong><\/span><\/b>uso della <b>mascherina<\/b> per gli spettatori;<\/span><\/p>\n<p class=\"p4\"><span class=\"s1\"><b><span class=\"s2\"><strong><span style=\"color: #8b774b; font-size: 20px;\">\u2605 <\/span><\/strong><\/span><\/b>utilizzo di idonei <b>dispositivi di protezione individuale<\/b> da parte dei lavoratori che operano in spazi condivisi e\/o a contatto con il pubblico;<\/span><\/p>\n<p class=\"p4\"><span class=\"s1\"><b><span class=\"s2\"><strong><span style=\"color: #8b774b; font-size: 20px;\">\u2605 <\/span><\/strong><\/span>limitazione dell&#8217;uso di pagamenti in contanti<\/b>, dove possibile;<\/span><\/p>\n<p class=\"p4\"><span class=\"s1\"><b><span class=\"s2\"><strong><span style=\"color: #8b774b; font-size: 20px;\">\u2605 <\/span><\/strong><\/span>vendita dei biglietti e controllo dell&#8217;accesso<\/b>, ove possibile, con <b>modalit\u00e0 telematiche<\/b>, anche al fine di evitare aggregazioni presso le biglietterie e gli spazi di accesso alle strutture;<\/span><\/p>\n<p class=\"p4\"><span class=\"s1\"><b><span class=\"s2\"><strong><span style=\"color: #8b774b; font-size: 20px;\">\u2605 <\/span><\/strong><\/span>pulizia e igienizzazione degli ambienti<\/b> chiusi e dei servizi igienici di tutti i luoghi interessati dall&#8217;evento, anche tra i diversi spettacoli svolti nella medesima giornata;<\/span><\/p>\n<p class=\"p4\"><span class=\"s1\"><b><span class=\"s2\"><strong><span style=\"color: #8b774b; font-size: 20px;\">\u2605 <\/span><\/strong><\/span>adeguata areazione naturale e ricambio d&#8217;aria<\/b> e rispetto delle raccomandazioni concernenti i sistemi di ventilazione e di condizionamento;<\/span><\/p>\n<p class=\"p4\"><span class=\"s1\"><b><span class=\"s2\"><strong><span style=\"color: #8b774b; font-size: 20px;\">\u2605 <\/span><\/strong><\/span><\/b>disponibilit\u00e0 di <b>sistemi per la disinfezioni delle mani<\/b> (in particolare vicino a tastiere, schermi touch e sistemi di pagamento);<\/span><\/p>\n<p class=\"p4\"><span class=\"s1\"><b><span class=\"s2\"><strong><span style=\"color: #8b774b; font-size: 20px;\">\u2605 <\/span><\/strong><\/span>divieto di vendita e consumo di cibo e bevande<\/b> in occasione degli eventi;<\/span><\/p>\n<p class=\"p4\"><span class=\"s1\"><b><span class=\"s2\"><strong><span style=\"color: #8b774b; font-size: 20px;\">\u2605 <\/span><\/strong><\/span><\/b>utilizzo della <b>segnaletica per far rispettare la distanza di almeno un metro<\/b> anche alle biglietterie, agli sportelli informativi e nei luoghi di svolgimento;<\/span><\/p>\n<p class=\"p4\"><span class=\"s1\"><b><span class=\"s2\"><strong><span style=\"color: #8b774b; font-size: 20px;\">\u2605 <\/span><\/strong><\/span>regolamentazione dell&#8217;utilizzo dei servizi igienici<\/b> in maniera tale da prevedere sempre il distanziamento sociale nell&#8217;accesso;<\/span><\/p>\n<p class=\"p5\"><span class=\"s1\"><b><span class=\"s2\"><strong><span style=\"color: #8b774b; font-size: 20px;\">\u2605 <\/span><\/strong><\/span>comunicazioni agli utenti delle misure di sicurezza e di prevenzione<\/b> del rischio da seguire nei luoghi dove si svolge lo spettacolo.<\/span><\/p>\n<hr \/>\n<h2 class=\"p1\"><span class=\"s1\">Ripartire dopo l&#8217;emergenza: un esempio<\/span><\/h2>\n<p class=\"p4\"><span class=\"s1\">Come abbiamo visto, l&#8217;organizzazione degli eventi deve fare i conti con alcune limitazioni cui nessuno di noi era abituato.<\/span><\/p>\n<blockquote>\n<p class=\"p2\"><span class=\"s1\">Una ripartenza complessa, certo, ma che non scoraggia gli operatori che stanno cercando, pur nella difficolt\u00e0 della situazione, di reagire in maniera innovativa e originale. Succede, ad esempio, in Friuli Venezia Giulia: poco dopo la comunicazione del riavvio delle attivit\u00e0, i principali organizzatori di eventi dal vivo hanno annunciato <a href=\"https:\/\/www.assomusica.org\/it\/news-assomusica\/item\/3785-i-principali-organizzatori-di-concerti-e-spettacoli-in-friuli-venezia-giulia-uniti-per-superare-il-momento-di-emergenza.html#.Xstfj2gzaUk\" target=\"_blank\" rel=\"noopener noreferrer\"><span class=\"s2\">un fronte comune <\/span><\/a>per superare la crisi.<\/span><\/p>\n<\/blockquote>\n<p class=\"p4\"><span class=\"s1\">Azalea, Zenit, Euritmica, Fvg Music Live, Vigna Pr, Consorzio del Tarvisiano, Onde Mediterranee, Css Teatro stabile di innovazione del Fvg, Ente regionale teatrale Fvg, Nei suoni dei luoghi e Pordenone Blues Festival si sono uniti, nella convinzione che \u201c<b>Insieme non ci fermiamo<\/b>\u201d.<\/span><\/p>\n<p class=\"p4\"><span class=\"s1\">Nonostante la cancellazione dei grandi concerti, quindi, i promotori del Friuli Venezia Giulia si sono impegnati a garantire un&#8217;estate accompagnata da eventi live con orchestre, concerti jazz e blues, spettacoli di prosa e show comici che animeranno tutto il territorio, dalla costa ai monti. Il tutto, ovviamente, nel rispetto delle regole.<\/span><\/p>\n<p class=\"p4\"><span class=\"s1\"><img loading=\"lazy\" class=\"alignnone size-full wp-image-84402\" src=\"https:\/\/www.showgroup.it\/blog\/wp-content\/uploads\/2020\/05\/Concerti-da-vivo-IMG-03.jpg\" alt=\"Concerto di jazz all'aperto\" width=\"1000\" height=\"400\" srcset=\"https:\/\/www.showgroup.it\/blog\/wp-content\/uploads\/2020\/05\/Concerti-da-vivo-IMG-03.jpg 1000w, https:\/\/www.showgroup.it\/blog\/wp-content\/uploads\/2020\/05\/Concerti-da-vivo-IMG-03-300x120.jpg 300w, https:\/\/www.showgroup.it\/blog\/wp-content\/uploads\/2020\/05\/Concerti-da-vivo-IMG-03-768x307.jpg 768w\" sizes=\"(max-width: 1000px) 100vw, 1000px\" \/><\/span><\/p>\n<p class=\"p4\"><span class=\"s1\">\u201c<b>Bisogna ripartire<\/b> \u2013 hanno infatti spiegato gli organizzatori -, e bisogna farlo per il pubblico, per i lavoratori dello spettacolo, per tutto l\u2019indotto che i concerti generano, per gli alberghi e per tutte le attivit\u00e0 commerciali che ne beneficiano. La cosa certa \u00e8 che le restrizioni imposte dall\u2019emergenza Coronavirus impatteranno sulla grandezza degli eventi, senza intaccare per\u00f2 l\u2019offerta artistica che sar\u00e0 comunque sempre importante e di qualit\u00e0\u201d.<\/span><\/p>\n<p class=\"p4\"><span class=\"s1\">Gli operatori, tra l&#8217;altro, hanno potuto <b>contare sul supporto delle istituzioni pubbliche<\/b>: dalla Regione (anche attraverso l&#8217;ente dedicato espressamente allo sviluppo del turismo) alle amministrazioni comunali.<\/span><\/p>\n<blockquote>\n<p class=\"p2\"><span class=\"s1\">Un piccolo esempio di come il desiderio di ripartire pu\u00f2 portare a scoprire nuove opportunit\u00e0 per superare le difficolt\u00e0, anche sviluppando sinergie inedite.<\/span><\/p>\n<\/blockquote>\n","protected":false},"excerpt":{"rendered":"<p>Dal 15 giugno potranno ripartire gli spettacoli dal vivo: concerti, cinema e teatri riaprono le porte, un momento atteso dal pubblico e dagli operatori del settore. Ci saranno, per\u00f2, diverse regole da rispettare. Vediamo quali. <\/p>\n","protected":false},"author":5,"featured_media":84404,"comment_status":"open","ping_status":"open","sticky":false,"template":"","format":"standard","meta":[],"categories":[664],"tags":[],"yoast_head":"<!-- This site is optimized with the Yoast SEO plugin v16.9 - https:\/\/yoast.com\/wordpress\/plugins\/seo\/ -->\n<title>Spettacoli dal vivo: la ripresa dopo l&#039;emergenza &bull; Showgroup - Ready to be WOW!<\/title>\n<meta name=\"robots\" content=\"index, follow, max-snippet:-1, max-image-preview:large, max-video-preview:-1\" \/>\n<link rel=\"canonical\" href=\"https:\/\/www.showgroup.it\/blog\/2020\/05\/27\/spettacoli-dal-vivo-la-ripresa-dopo-lemergenza\/\" \/>\n<meta property=\"og:locale\" content=\"it_IT\" \/>\n<meta property=\"og:type\" content=\"article\" \/>\n<meta property=\"og:title\" content=\"Ecco come ripartono gli spettacoli dal vivo\" \/>\n<meta property=\"og:description\" content=\"Dal 15 giugno potranno ripartire gli spettacoli dal vivo: concerti, cinema e teatri riaprono le porte, un momento atteso dal pubblico e dagli operatori del settore. Ci saranno, per\u00f2, diverse regole da rispettare. Vediamo quali.\" \/>\n<meta property=\"og:url\" content=\"https:\/\/www.showgroup.it\/blog\/2020\/05\/27\/spettacoli-dal-vivo-la-ripresa-dopo-lemergenza\/\" \/>\n<meta property=\"og:site_name\" content=\"Showgroup - Ready to be WOW!\" \/>\n<meta property=\"article:publisher\" content=\"https:\/\/www.facebook.com\/ShowGroupWow\/\" \/>\n<meta property=\"article:published_time\" content=\"2020-05-27T10:08:38+00:00\" \/>\n<meta property=\"article:modified_time\" content=\"2025-05-29T08:48:02+00:00\" \/>\n<meta property=\"og:image\" content=\"https:\/\/www.showgroup.it\/blog\/wp-content\/uploads\/2020\/05\/Spettacoli_vivo-banner.jpg\" \/>\n\t<meta property=\"og:image:width\" content=\"1920\" \/>\n\t<meta property=\"og:image:height\" content=\"1080\" \/>\n<meta name=\"twitter:card\" content=\"summary_large_image\" \/>\n<meta name=\"twitter:title\" content=\"Ecco come ripartono gli spettacoli dal vivo\" \/>\n<meta name=\"twitter:description\" content=\"Dal 15 giugno potranno ripartire gli spettacoli dal vivo: concerti, cinema e teatri riaprono le porte, un momento atteso dal pubblico e dagli operatori del settore. Ci saranno, per\u00f2, diverse regole da rispettare. Vediamo quali.\" \/>\n<meta name=\"twitter:image\" content=\"https:\/\/www.showgroup.it\/blog\/wp-content\/uploads\/2020\/05\/Spettacoli_vivo-banner.jpg\" \/>\n<meta name=\"twitter:label1\" content=\"Scritto da\" \/>\n\t<meta name=\"twitter:data1\" content=\"Benedetta Gatti\" \/>\n\t<meta name=\"twitter:label2\" content=\"Tempo di lettura stimato\" \/>\n\t<meta name=\"twitter:data2\" content=\"6 minuti\" \/>\n<script type=\"application\/ld+json\" class=\"yoast-schema-graph\">{\"@context\":\"https:\/\/schema.org\",\"@graph\":[{\"@type\":\"Organization\",\"@id\":\"https:\/\/www.showgroup.it\/#organization\",\"name\":\"Showgroup\",\"url\":\"https:\/\/www.showgroup.it\/\",\"sameAs\":[\"https:\/\/www.facebook.com\/ShowGroupWow\/\",\"https:\/\/www.instagram.com\/showgroupwow\/\"],\"logo\":{\"@type\":\"ImageObject\",\"@id\":\"https:\/\/www.showgroup.it\/#logo\",\"inLanguage\":\"it-IT\",\"url\":\"https:\/\/www.showgroup.it\/blog\/wp-content\/uploads\/2025\/01\/logo-black.svg\",\"contentUrl\":\"https:\/\/www.showgroup.it\/blog\/wp-content\/uploads\/2025\/01\/logo-black.svg\",\"width\":1440,\"height\":916,\"caption\":\"Showgroup\"},\"image\":{\"@id\":\"https:\/\/www.showgroup.it\/#logo\"}},{\"@type\":\"WebSite\",\"@id\":\"https:\/\/www.showgroup.it\/#website\",\"url\":\"https:\/\/www.showgroup.it\/\",\"name\":\"Showgroup - Ready to be WOW!\",\"description\":\"Il primo portale gratuito dedicato al mondo dello spettacolo.\",\"publisher\":{\"@id\":\"https:\/\/www.showgroup.it\/#organization\"},\"potentialAction\":[{\"@type\":\"SearchAction\",\"target\":{\"@type\":\"EntryPoint\",\"urlTemplate\":\"https:\/\/www.showgroup.it\/?s={search_term_string}\"},\"query-input\":\"required name=search_term_string\"}],\"inLanguage\":\"it-IT\"},{\"@type\":\"ImageObject\",\"@id\":\"https:\/\/www.showgroup.it\/blog\/2020\/05\/27\/spettacoli-dal-vivo-la-ripresa-dopo-lemergenza\/#primaryimage\",\"inLanguage\":\"it-IT\",\"url\":\"https:\/\/www.showgroup.it\/blog\/wp-content\/uploads\/2020\/05\/Spettacoli_vivo-banner.jpg\",\"contentUrl\":\"https:\/\/www.showgroup.it\/blog\/wp-content\/uploads\/2020\/05\/Spettacoli_vivo-banner.jpg\",\"width\":1920,\"height\":1080,\"caption\":\"Presentatori aprono il sipario del palco\"},{\"@type\":\"WebPage\",\"@id\":\"https:\/\/www.showgroup.it\/blog\/2020\/05\/27\/spettacoli-dal-vivo-la-ripresa-dopo-lemergenza\/#webpage\",\"url\":\"https:\/\/www.showgroup.it\/blog\/2020\/05\/27\/spettacoli-dal-vivo-la-ripresa-dopo-lemergenza\/\",\"name\":\"Spettacoli dal vivo: la ripresa dopo l'emergenza &bull; Showgroup - Ready to be WOW!\",\"isPartOf\":{\"@id\":\"https:\/\/www.showgroup.it\/#website\"},\"primaryImageOfPage\":{\"@id\":\"https:\/\/www.showgroup.it\/blog\/2020\/05\/27\/spettacoli-dal-vivo-la-ripresa-dopo-lemergenza\/#primaryimage\"},\"datePublished\":\"2020-05-27T10:08:38+00:00\",\"dateModified\":\"2025-05-29T08:48:02+00:00\",\"breadcrumb\":{\"@id\":\"https:\/\/www.showgroup.it\/blog\/2020\/05\/27\/spettacoli-dal-vivo-la-ripresa-dopo-lemergenza\/#breadcrumb\"},\"inLanguage\":\"it-IT\",\"potentialAction\":[{\"@type\":\"ReadAction\",\"target\":[\"https:\/\/www.showgroup.it\/blog\/2020\/05\/27\/spettacoli-dal-vivo-la-ripresa-dopo-lemergenza\/\"]}]},{\"@type\":\"BreadcrumbList\",\"@id\":\"https:\/\/www.showgroup.it\/blog\/2020\/05\/27\/spettacoli-dal-vivo-la-ripresa-dopo-lemergenza\/#breadcrumb\",\"itemListElement\":[{\"@type\":\"ListItem\",\"position\":1,\"name\":\"Home\",\"item\":\"https:\/\/www.showgroup.it\/blog\/\"},{\"@type\":\"ListItem\",\"position\":2,\"name\":\"Spettacoli dal vivo: la ripresa dopo l&#8217;emergenza\"}]},{\"@type\":\"Article\",\"@id\":\"https:\/\/www.showgroup.it\/blog\/2020\/05\/27\/spettacoli-dal-vivo-la-ripresa-dopo-lemergenza\/#article\",\"isPartOf\":{\"@id\":\"https:\/\/www.showgroup.it\/blog\/2020\/05\/27\/spettacoli-dal-vivo-la-ripresa-dopo-lemergenza\/#webpage\"},\"author\":{\"@id\":\"https:\/\/www.showgroup.it\/#\/schema\/person\/9b799d433be4e17451d197175628047a\"},\"headline\":\"Spettacoli dal vivo: la ripresa dopo l&#8217;emergenza\",\"datePublished\":\"2020-05-27T10:08:38+00:00\",\"dateModified\":\"2025-05-29T08:48:02+00:00\",\"mainEntityOfPage\":{\"@id\":\"https:\/\/www.showgroup.it\/blog\/2020\/05\/27\/spettacoli-dal-vivo-la-ripresa-dopo-lemergenza\/#webpage\"},\"wordCount\":1303,\"commentCount\":0,\"publisher\":{\"@id\":\"https:\/\/www.showgroup.it\/#organization\"},\"image\":{\"@id\":\"https:\/\/www.showgroup.it\/blog\/2020\/05\/27\/spettacoli-dal-vivo-la-ripresa-dopo-lemergenza\/#primaryimage\"},\"thumbnailUrl\":\"https:\/\/www.showgroup.it\/blog\/wp-content\/uploads\/2020\/05\/Spettacoli_vivo-banner.jpg\",\"articleSection\":[\"Spettacolo e musica\"],\"inLanguage\":\"it-IT\",\"potentialAction\":[{\"@type\":\"CommentAction\",\"name\":\"Comment\",\"target\":[\"https:\/\/www.showgroup.it\/blog\/2020\/05\/27\/spettacoli-dal-vivo-la-ripresa-dopo-lemergenza\/#respond\"]}]},{\"@type\":\"Person\",\"@id\":\"https:\/\/www.showgroup.it\/#\/schema\/person\/9b799d433be4e17451d197175628047a\",\"name\":\"Benedetta Gatti\",\"image\":{\"@type\":\"ImageObject\",\"@id\":\"https:\/\/www.showgroup.it\/#personlogo\",\"inLanguage\":\"it-IT\",\"url\":\"https:\/\/secure.gravatar.com\/avatar\/32ceeb7300be30aabe2c84fdaa89eac0?s=96&d=mm&r=g\",\"contentUrl\":\"https:\/\/secure.gravatar.com\/avatar\/32ceeb7300be30aabe2c84fdaa89eac0?s=96&d=mm&r=g\",\"caption\":\"Benedetta Gatti\"}}]}<\/script>\n<!-- \/ Yoast SEO plugin. -->","yoast_head_json":{"title":"Spettacoli dal vivo: la ripresa dopo l'emergenza &bull; Showgroup - Ready to be WOW!","robots":{"index":"index","follow":"follow","max-snippet":"max-snippet:-1","max-image-preview":"max-image-preview:large","max-video-preview":"max-video-preview:-1"},"canonical":"https:\/\/www.showgroup.it\/blog\/2020\/05\/27\/spettacoli-dal-vivo-la-ripresa-dopo-lemergenza\/","og_locale":"it_IT","og_type":"article","og_title":"Ecco come ripartono gli spettacoli dal vivo","og_description":"Dal 15 giugno potranno ripartire gli spettacoli dal vivo: concerti, cinema e teatri riaprono le porte, un momento atteso dal pubblico e dagli operatori del settore. Ci saranno, per\u00f2, diverse regole da rispettare. Vediamo quali.","og_url":"https:\/\/www.showgroup.it\/blog\/2020\/05\/27\/spettacoli-dal-vivo-la-ripresa-dopo-lemergenza\/","og_site_name":"Showgroup - Ready to be WOW!","article_publisher":"https:\/\/www.facebook.com\/ShowGroupWow\/","article_published_time":"2020-05-27T10:08:38+00:00","article_modified_time":"2025-05-29T08:48:02+00:00","og_image":[{"width":1920,"height":1080,"filesize":1919147,"url":"https:\/\/www.showgroup.it\/blog\/wp-content\/uploads\/2020\/05\/Spettacoli_vivo-banner.jpg","path":"\/sites\/www.showgroup.it\/files\/blog\/wp-content\/uploads\/2020\/05\/Spettacoli_vivo-banner.jpg","size":"full","id":"84404","alt":"Presentatori aprono il sipario del palco","pixels":2073600,"type":"image\/jpeg"}],"twitter_card":"summary_large_image","twitter_title":"Ecco come ripartono gli spettacoli dal vivo","twitter_description":"Dal 15 giugno potranno ripartire gli spettacoli dal vivo: concerti, cinema e teatri riaprono le porte, un momento atteso dal pubblico e dagli operatori del settore. Ci saranno, per\u00f2, diverse regole da rispettare. Vediamo quali.","twitter_image":"https:\/\/www.showgroup.it\/blog\/wp-content\/uploads\/2020\/05\/Spettacoli_vivo-banner.jpg","twitter_misc":{"Scritto da":"Benedetta Gatti","Tempo di lettura stimato":"6 minuti"},"schema":{"@context":"https:\/\/schema.org","@graph":[{"@type":"Organization","@id":"https:\/\/www.showgroup.it\/#organization","name":"Showgroup","url":"https:\/\/www.showgroup.it\/","sameAs":["https:\/\/www.facebook.com\/ShowGroupWow\/","https:\/\/www.instagram.com\/showgroupwow\/"],"logo":{"@type":"ImageObject","@id":"https:\/\/www.showgroup.it\/#logo","inLanguage":"it-IT","url":"https:\/\/www.showgroup.it\/blog\/wp-content\/uploads\/2025\/01\/logo-black.svg","contentUrl":"https:\/\/www.showgroup.it\/blog\/wp-content\/uploads\/2025\/01\/logo-black.svg","width":1440,"height":916,"caption":"Showgroup"},"image":{"@id":"https:\/\/www.showgroup.it\/#logo"}},{"@type":"WebSite","@id":"https:\/\/www.showgroup.it\/#website","url":"https:\/\/www.showgroup.it\/","name":"Showgroup - Ready to be WOW!","description":"Il primo portale gratuito dedicato al mondo dello spettacolo.","publisher":{"@id":"https:\/\/www.showgroup.it\/#organization"},"potentialAction":[{"@type":"SearchAction","target":{"@type":"EntryPoint","urlTemplate":"https:\/\/www.showgroup.it\/?s={search_term_string}"},"query-input":"required name=search_term_string"}],"inLanguage":"it-IT"},{"@type":"ImageObject","@id":"https:\/\/www.showgroup.it\/blog\/2020\/05\/27\/spettacoli-dal-vivo-la-ripresa-dopo-lemergenza\/#primaryimage","inLanguage":"it-IT","url":"https:\/\/www.showgroup.it\/blog\/wp-content\/uploads\/2020\/05\/Spettacoli_vivo-banner.jpg","contentUrl":"https:\/\/www.showgroup.it\/blog\/wp-content\/uploads\/2020\/05\/Spettacoli_vivo-banner.jpg","width":1920,"height":1080,"caption":"Presentatori aprono il sipario del palco"},{"@type":"WebPage","@id":"https:\/\/www.showgroup.it\/blog\/2020\/05\/27\/spettacoli-dal-vivo-la-ripresa-dopo-lemergenza\/#webpage","url":"https:\/\/www.showgroup.it\/blog\/2020\/05\/27\/spettacoli-dal-vivo-la-ripresa-dopo-lemergenza\/","name":"Spettacoli dal vivo: la ripresa dopo l'emergenza &bull; Showgroup - Ready to be WOW!","isPartOf":{"@id":"https:\/\/www.showgroup.it\/#website"},"primaryImageOfPage":{"@id":"https:\/\/www.showgroup.it\/blog\/2020\/05\/27\/spettacoli-dal-vivo-la-ripresa-dopo-lemergenza\/#primaryimage"},"datePublished":"2020-05-27T10:08:38+00:00","dateModified":"2025-05-29T08:48:02+00:00","breadcrumb":{"@id":"https:\/\/www.showgroup.it\/blog\/2020\/05\/27\/spettacoli-dal-vivo-la-ripresa-dopo-lemergenza\/#breadcrumb"},"inLanguage":"it-IT","potentialAction":[{"@type":"ReadAction","target":["https:\/\/www.showgroup.it\/blog\/2020\/05\/27\/spettacoli-dal-vivo-la-ripresa-dopo-lemergenza\/"]}]},{"@type":"BreadcrumbList","@id":"https:\/\/www.showgroup.it\/blog\/2020\/05\/27\/spettacoli-dal-vivo-la-ripresa-dopo-lemergenza\/#breadcrumb","itemListElement":[{"@type":"ListItem","position":1,"name":"Home","item":"https:\/\/www.showgroup.it\/blog\/"},{"@type":"ListItem","position":2,"name":"Spettacoli dal vivo: la ripresa dopo l&#8217;emergenza"}]},{"@type":"Article","@id":"https:\/\/www.showgroup.it\/blog\/2020\/05\/27\/spettacoli-dal-vivo-la-ripresa-dopo-lemergenza\/#article","isPartOf":{"@id":"https:\/\/www.showgroup.it\/blog\/2020\/05\/27\/spettacoli-dal-vivo-la-ripresa-dopo-lemergenza\/#webpage"},"author":{"@id":"https:\/\/www.showgroup.it\/#\/schema\/person\/9b799d433be4e17451d197175628047a"},"headline":"Spettacoli dal vivo: la ripresa dopo l&#8217;emergenza","datePublished":"2020-05-27T10:08:38+00:00","dateModified":"2025-05-29T08:48:02+00:00","mainEntityOfPage":{"@id":"https:\/\/www.showgroup.it\/blog\/2020\/05\/27\/spettacoli-dal-vivo-la-ripresa-dopo-lemergenza\/#webpage"},"wordCount":1303,"commentCount":0,"publisher":{"@id":"https:\/\/www.showgroup.it\/#organization"},"image":{"@id":"https:\/\/www.showgroup.it\/blog\/2020\/05\/27\/spettacoli-dal-vivo-la-ripresa-dopo-lemergenza\/#primaryimage"},"thumbnailUrl":"https:\/\/www.showgroup.it\/blog\/wp-content\/uploads\/2020\/05\/Spettacoli_vivo-banner.jpg","articleSection":["Spettacolo e musica"],"inLanguage":"it-IT","potentialAction":[{"@type":"CommentAction","name":"Comment","target":["https:\/\/www.showgroup.it\/blog\/2020\/05\/27\/spettacoli-dal-vivo-la-ripresa-dopo-lemergenza\/#respond"]}]},{"@type":"Person","@id":"https:\/\/www.showgroup.it\/#\/schema\/person\/9b799d433be4e17451d197175628047a","name":"Benedetta Gatti","image":{"@type":"ImageObject","@id":"https:\/\/www.showgroup.it\/#personlogo","inLanguage":"it-IT","url":"https:\/\/secure.gravatar.com\/avatar\/32ceeb7300be30aabe2c84fdaa89eac0?s=96&d=mm&r=g","contentUrl":"https:\/\/secure.gravatar.com\/avatar\/32ceeb7300be30aabe2c84fdaa89eac0?s=96&d=mm&r=g","caption":"Benedetta Gatti"}}]}},"_links":{"self":[{"href":"https:\/\/www.showgroup.it\/blog\/wp-json\/wp\/v2\/posts\/84392"}],"collection":[{"href":"https:\/\/www.showgroup.it\/blog\/wp-json\/wp\/v2\/posts"}],"about":[{"href":"https:\/\/www.showgroup.it\/blog\/wp-json\/wp\/v2\/types\/post"}],"author":[{"embeddable":true,"href":"https:\/\/www.showgroup.it\/blog\/wp-json\/wp\/v2\/users\/5"}],"replies":[{"embeddable":true,"href":"https:\/\/www.showgroup.it\/blog\/wp-json\/wp\/v2\/comments?post=84392"}],"version-history":[{"count":1,"href":"https:\/\/www.showgroup.it\/blog\/wp-json\/wp\/v2\/posts\/84392\/revisions"}],"predecessor-version":[{"id":99257,"href":"https:\/\/www.showgroup.it\/blog\/wp-json\/wp\/v2\/posts\/84392\/revisions\/99257"}],"wp:featuredmedia":[{"embeddable":true,"href":"https:\/\/www.showgroup.it\/blog\/wp-json\/wp\/v2\/media\/84404"}],"wp:attachment":[{"href":"https:\/\/www.showgroup.it\/blog\/wp-json\/wp\/v2\/media?parent=84392"}],"wp:term":[{"taxonomy":"category","embeddable":true,"href":"https:\/\/www.showgroup.it\/blog\/wp-json\/wp\/v2\/categories?post=84392"},{"taxonomy":"post_tag","embeddable":true,"href":"https:\/\/www.showgroup.it\/blog\/wp-json\/wp\/v2\/tags?post=84392"}],"curies":[{"name":"wp","href":"https:\/\/api.w.org\/{rel}","templated":true}]}}