{"id":84433,"date":"2020-06-17T14:20:52","date_gmt":"2020-06-17T12:20:52","guid":{"rendered":"https:\/\/www.showgroup.it\/?p=84433"},"modified":"2025-08-17T17:26:10","modified_gmt":"2025-08-17T15:26:10","slug":"si-rialza-il-sipario-ripartono-eventi-e-spettacoli","status":"publish","type":"post","link":"https:\/\/www.showgroup.it\/blog\/2020\/06\/17\/si-rialza-il-sipario-ripartono-eventi-e-spettacoli\/","title":{"rendered":"Si (ri)alza il sipario: ripartono eventi e spettacoli"},"content":{"rendered":"<p class=\"p1\">Con la Fase 3, andare al cinema o ad uno spettacolo teatrale non \u00e8 pi\u00f9 solo un desiderio. Finalmente, dopo mesi di stop per operatori e pubblico, <b>riprendono eventi e spettacoli dal vivo<\/b>.<\/p>\n<p class=\"p1\">Con l\u2019ultimo Dpcm infatti il <b>15 giugno<\/b> segna la ripartenza per moltissime attivit\u00e0: dalle sale cinematografiche, ai teatri, ai concerti. Tutte con <b>nuove modalit\u00e0 di fruizione<\/b>: le linee guida nazionali prevedono alcune limitazioni e misure di sicurezza, conseguenza dei mesi di emergenza sanitaria appena trascorsi.<br \/>\nTra queste, rimangono <b>vietati gli assembramenti<\/b> ed \u00e8 sempre necessario rispettare il <b>distanziamento fisico<\/b>. Nonostante le restrizioni, comunque, la voglia di ripartire non manca!<\/p>\n<blockquote>\n<p class=\"p2\">E c&#8217;\u00e8 un&#8217;altra buona notizia: l&#8217;ultimo Dpcm lascia libere le Regioni di allentare le restrizioni e di prevedere la ripartenza di ulteriori eventi in base alla situazione locale.<\/p>\n<\/blockquote>\n<p class=\"p1\">Cos\u00ec, se i <b>congressi<\/b> a livello nazionale non si possono fare, alcune Regioni hanno deciso di permetterne l&#8217;organizzazione; lo stesso discorso vale anche per le <b>discoteche<\/b>.<br \/>\nIl consiglio, quindi, \u00e8 di <b>controllare le ordinanze della vostra Regione<\/b>, per verificare quali <b>manifestazioni<\/b> sono <b>consentite sul territorio<\/b>.<\/p>\n<p class=\"p1\">In questo articolo, vi forniremo una guida sintetica su <b>cosa prevede il provvedimento governativo<\/b>, <b>come si organizzano gli eventi<\/b> in questo periodo post emergenza sanitaria e sugli <b>interventi delle singole Regioni<\/b>.<\/p>\n<h2>Il Dpcm: cosa riparte e cosa no<\/h2>\n<p class=\"p1\">Tra le attivit\u00e0 che possono riaprire, ci sono:<\/p>\n<p class=\"p1\"><b><span class=\"s1\"><span class=\"s2\"><strong><span style=\"color: #8b774b; font-size: 20px;\">\u2605 <\/span><\/strong><\/span><\/span>gli spettacoli aperti al pubblico in sale teatrali, sale da concerto, sale cinematografiche e in altri spazi anche all&#8217;aperto <\/b>(<a href=\"https:\/\/www.gazzettaufficiale.it\/eli\/gu\/2020\/06\/11\/147\/sg\/pdf\">art. 1 del Dpcm 11 giugno<\/a>). In questo caso, per spettacoli all&#8217;aperto il numero massimo di spettatori \u00e8 di 1000 persone; per quelli al chiuso di 200.<\/p>\n<p class=\"p1\">Sono invece ancora sospesi fino al 14 luglio:<\/p>\n<p class=\"p1\"><b><span class=\"s1\"><span class=\"s2\"><strong><span style=\"color: #8b774b; font-size: 20px;\">\u2605 <\/span><\/strong><\/span><\/span>le attivit\u00e0 nelle sale da ballo o in discoteche<\/b> o locali assimilati, all&#8217;aperto o al chiuso.<\/p>\n<p class=\"p1\"><b><span class=\"s1\"><span class=\"s2\"><strong><span style=\"color: #8b774b; font-size: 20px;\">\u2605 <\/span><\/strong><\/span><\/span>le fiere e i congressi<\/b><\/p>\n<p class=\"p1\">Il Decreto, per\u00f2, prevede che \u201cle <b>Regioni e le Province autonome<\/b>, in relazione all&#8217;andamento della situazione epidemiologica nei propri territori, possano stabilire <b>una diversa data<\/b> di ripresa delle attivit\u00e0, nonch\u00e9 <b>un diverso numero massimo di spettatori<\/b> in considerazione delle dimensioni e delle caratteristiche dei luoghi\u201d.<\/p>\n<blockquote>\n<p class=\"p2\">In base a questa autonomia, diverse Regioni hanno quindi deciso di concedere maggiori aperture, a seconda delle situazioni locali.<\/p>\n<\/blockquote>\n<p class=\"p1\">Vediamo ora qualche esempio.<\/p>\n<hr \/>\n<h2>Cosa permettono le singole Regioni?<\/h2>\n<p class=\"p1\"><img loading=\"lazy\" class=\"size-full wp-image-84444 alignleft\" src=\"https:\/\/www.showgroup.it\/blog\/wp-content\/uploads\/2020\/06\/Decreto-IMG_06.jpg\" alt=\"Adesivo per distanza sociale sul pavimento\" width=\"600\" height=\"600\" srcset=\"https:\/\/www.showgroup.it\/blog\/wp-content\/uploads\/2020\/06\/Decreto-IMG_06.jpg 600w, https:\/\/www.showgroup.it\/blog\/wp-content\/uploads\/2020\/06\/Decreto-IMG_06-300x300.jpg 300w, https:\/\/www.showgroup.it\/blog\/wp-content\/uploads\/2020\/06\/Decreto-IMG_06-150x150.jpg 150w, https:\/\/www.showgroup.it\/blog\/wp-content\/uploads\/2020\/06\/Decreto-IMG_06-500x500.jpg 500w\" sizes=\"(max-width: 600px) 100vw, 600px\" \/>Ferme restando le riaperture di spettacoli all\u2019aperto o al chiuso, ai cinema, ai teatri o nelle sale musicali, dal Nord al Sud Italia, molti territori in cui la situazione sanitaria \u00e8 positiva hanno scelto di ampliare la platea delle attivit\u00e0 che possono ripartire.<\/p>\n<p class=\"p1\">Il <a href=\"http:\/\/www.regione.fvg.it\/rafvg\/export\/sites\/default\/RAFVG\/hp-new\/in-evidenza\/allegati\/Ordinanza_17_PC_FVG_dd_12_06_2020.pdf\">Friuli Venezia Giulia<\/a>, ad esempio, ha dato il via libera a <b>fiere e congressi<\/b> e, dal 19 giugno, anche alla riapertura di <b>discoteche e sale da ballo<\/b>, all&#8217;aperto o al chiuso.<br \/>\nLa stessa scelta \u00e8 stata fatta in Veneto, che sempre dal 19 giugno consente <b>sagre, fiere, congressi e grandi eventi turistici nonch\u00e9 le attivit\u00e0 nelle discoteche<\/b>.<br \/>\nLa Lombardia, dal canto suo, rimane in linea con quanto previsto dal Dpcm (quindi, ad esempio, ancora niente congressi n\u00e9 discoteche) mentre l&#8217;Emilia Romagna consente s\u00ec il ballo, ma solo negli spazi esterni (come la Puglia).<\/p>\n<p class=\"p1\">Congressi e grandi eventi fieristici sono consentiti anche in Umbria, in <a href=\"https:\/\/www.regione.calabria.it\/website\/portalmedia\/2020-06\/Ordinanza-P.G.R.-n.-51_2020.pdf\">Calabria<\/a> (dal 19 giugno, la stessa data per la ripartenza delle discoteche, all&#8217;aperto o al chiuso) e in Sicilia.<\/p>\n<blockquote>\n<p class=\"p2\">Come si pu\u00f2 vedere, quindi, la situazione \u00e8 eterogenea: la cosa migliore \u00e8 consultare le pagine ufficiali della singola Regione per capire cosa \u00e8 consentito organizzare e in quali modalit\u00e0. Le ordinanze, infatti, sono integrate dalle linee guida e dai protocolli di sicurezza previsti per ogni tipo di spettacolo ed evento.<\/p>\n<\/blockquote>\n<hr \/>\n<h2>Le linee guida per la ripartenza degli spettacoli<\/h2>\n<p class=\"p1\"><img loading=\"lazy\" class=\"size-full wp-image-84449 alignleft\" src=\"https:\/\/www.showgroup.it\/blog\/wp-content\/uploads\/2020\/06\/Decreto-IM-03.jpg\" alt=\"distanza sociale con covid\" width=\"600\" height=\"600\" srcset=\"https:\/\/www.showgroup.it\/blog\/wp-content\/uploads\/2020\/06\/Decreto-IM-03.jpg 600w, https:\/\/www.showgroup.it\/blog\/wp-content\/uploads\/2020\/06\/Decreto-IM-03-300x300.jpg 300w, https:\/\/www.showgroup.it\/blog\/wp-content\/uploads\/2020\/06\/Decreto-IM-03-150x150.jpg 150w, https:\/\/www.showgroup.it\/blog\/wp-content\/uploads\/2020\/06\/Decreto-IM-03-500x500.jpg 500w\" sizes=\"(max-width: 600px) 100vw, 600px\" \/>Oltre alle regole di carattere generale che devono essere sempre seguite, il Dpcm \u00e8 corredato da alcuni allegati che indicano i protocolli di sicurezza da rispettare per l\u2019organizzazione degli specifici eventi.<\/p>\n<blockquote>\n<p class=\"p4\">In particolare, ricordiamo che devono essere svolti con posti a sedere preassegnati e distanziati (almeno un metro) e che ci sono delle restrizioni sul numero di partecipanti ammessi: 1000 per spettacoli all\u2019aperto, 200 per quelli al chiuso (ma le Regioni possono derogare in base alle condizioni dei singoli luoghi).<\/p>\n<\/blockquote>\n<p class=\"p1\">Per quanto riguarda poi sale cinematografiche, teatri, circhi, teatri tenda, arene e spettacoli in genere (anche viaggianti) le regole prevedono:<\/p>\n<p class=\"p1\"><span class=\"s1\"><b><span class=\"s2\"><strong><span style=\"color: #8b774b; font-size: 20px;\">\u2605 <\/span><\/strong><\/span><\/b><\/span>l\u2019<b>informazione<\/b>, tramite segnaletica e cartelli, delle misure di prevenzione<\/p>\n<p class=\"p1\"><span class=\"s1\"><b><span class=\"s2\"><strong><span style=\"color: #8b774b; font-size: 20px;\">\u2605 <\/span><\/strong><\/span><\/b><\/span>la <b>riorganizzazione degli spazi<\/b> per evitare assembramenti e garantire la distanza di almeno un metro<\/p>\n<p class=\"p1\"><span class=\"s1\"><b><span class=\"s2\"><strong><span style=\"color: #8b774b; font-size: 20px;\">\u2605 <\/span><\/strong><\/span><\/b><\/span>privilegiare la <b>prenotazione<\/b> e conservare l\u2019<b>elenco dei presenti<\/b> per almeno 14 giorni<\/p>\n<p class=\"p1\"><b><span class=\"s1\"><span class=\"s2\"><strong><span style=\"color: #8b774b; font-size: 20px;\">\u2605 <\/span><\/strong><\/span><\/span>barriere fisiche<\/b> alla cassa (privilegiando le modalit\u00e0 di pagamento elettronico)<\/p>\n<p class=\"p1\"><span class=\"s1\"><b><span class=\"s2\"><strong><span style=\"color: #8b774b; font-size: 20px;\">\u2605 <\/span><\/strong><\/span><\/b><\/span>mettere a disposizione <b>gel sanificanti<\/b> per pubblico e lavoratori<\/p>\n<p class=\"p1\"><b><span class=\"s1\"><span class=\"s2\"><strong><span style=\"color: #8b774b; font-size: 20px;\">\u2605 <\/span><\/strong><\/span><\/span>distanziare<\/b> le sedie di un metro (non necessario in caso di congiunti)<\/p>\n<p class=\"p1\"><span class=\"s1\"><b><span class=\"s2\"><strong><span style=\"color: #8b774b; font-size: 20px;\">\u2605 <\/span><\/strong><\/span><\/b><\/span>il personale deve indossare <b>mascherine<\/b> quando \u00e8 a contatto con il pubblico e negli spazi comuni<\/p>\n<p class=\"p1\"><span class=\"s1\"><b><span class=\"s2\"><strong><span style=\"color: #8b774b; font-size: 20px;\">\u2605 <\/span><\/strong><\/span><\/b><\/span>anche gli spettatori devono indossarle, dall\u2019ingresso fino al raggiungimento del posto (e ogni volta che lasciano il loro posto)<\/p>\n<p class=\"p1\"><span class=\"s1\"><b><span class=\"s2\"><strong><span style=\"color: #8b774b; font-size: 20px;\">\u2605 <\/span><\/strong><\/span><\/b><\/span>nel <b>guardaroba<\/b>, indumenti e oggetti personali devono essere riposti in <b>appositi sacchetti<\/b><\/p>\n<p class=\"p1\"><span class=\"s1\"><b><span class=\"s2\"><strong><span style=\"color: #8b774b; font-size: 20px;\">\u2605 <\/span><\/strong><\/span><\/b><\/span>\u00e8 necessario garantire una <b>pulizia frequente<\/b> dei locali e il <b>ricambio d\u2019aria<\/b><\/p>\n<p class=\"p1\">Inoltre, pu\u00f2 essere prevista la misurazione della temperatura all\u2019ingresso (impedendo l\u2019accesso quando superiore ai 37,5 gradi).<\/p>\n<hr \/>\n<h2>Le linee guida per le produzioni teatrali, musicali e della danza<\/h2>\n<p class=\"p1\"><img loading=\"lazy\" class=\"size-full wp-image-84443 alignleft\" src=\"https:\/\/www.showgroup.it\/blog\/wp-content\/uploads\/2020\/06\/Decreto-IMG_05.jpg\" alt=\"\" width=\"600\" height=\"600\" srcset=\"https:\/\/www.showgroup.it\/blog\/wp-content\/uploads\/2020\/06\/Decreto-IMG_05.jpg 600w, https:\/\/www.showgroup.it\/blog\/wp-content\/uploads\/2020\/06\/Decreto-IMG_05-300x300.jpg 300w, https:\/\/www.showgroup.it\/blog\/wp-content\/uploads\/2020\/06\/Decreto-IMG_05-150x150.jpg 150w, https:\/\/www.showgroup.it\/blog\/wp-content\/uploads\/2020\/06\/Decreto-IMG_05-500x500.jpg 500w\" sizes=\"(max-width: 600px) 100vw, 600px\" \/>Il Dpcm entra anche nel merito delle produzioni artistiche, indicando le limitazioni che devono essere osservate da tutti i professionisti coinvolti, anche durante le prove.<\/p>\n<p class=\"p6\"><span class=\"s1\">Per le <b>produzioni teatrali<\/b>, ad esempio, \u00e8 necessario mantenere il <b>distanziamento fisico<\/b> all\u2019accesso e all\u2019uscita dal teatro, ma anche negli spazi comuni, nei laboratori, nelle sale trucco e nelle postazioni audio\/luci, individuando anche passaggi che evitino le interferenze. Dove possibile, <b>evitare l\u2019uso promiscuo di camerini<\/b>, a meno che non siano comunque garantiti distanze e frequenti pulizie.<span class=\"Apple-converted-space\">\u00a0 <\/span><\/span><span class=\"s2\">Nel caso l\u2019attivit\u00e0 non consenta il distanziamento, \u00e8 obbligatorio l\u2019<b>uso della mascherina<\/b> (non necessaria, per\u00f2, in caso di nuclei familiari o di conviventi): al momento del trucco e dell\u2019acconciatura, oltre a coprire le vie aeree, l\u2019operatore deve usare anche i guanti. Gli <b>oggetti di scena<\/b> possono essere toccati solo con i <b>guanti<\/b> mentre i <b>costumi<\/b> devono essere <b>individuali<\/b> (e non si possono condividere se non dopo l\u2019igienizzazione)<\/span><\/p>\n<p class=\"p1\">Per quanto riguarda invece <b>le produzioni musicali,<\/b> l\u2019<b>entrata e l\u2019uscita dal palco richiedono l\u2019uso della mascherina<\/b> che potr\u00e0 essere tolta durante l\u2019esecuzione, se viene mantenuta la distanza interpersonale. Per gli <b>strumenti a fiato<\/b>, la distanza interpersonale minima sar\u00e0 di 1,5 metri; per il <b>direttore d\u2019orchestra<\/b>, di 2 metri dalla prima fila di musicisti. Le distanze possono essere ridotte solo ricorrendo a barriere fisiche. Per gli <b>ottoni<\/b>, ogni postazione dovr\u00e0 avere una vaschetta per la raccolta della condensa, contenente liquido disinfettante. I <b>componenti dei cori<\/b>, inoltre, devono avere un metro di separazione laterale tra loro e 2 metri tra le file. Infine, si deve evitare l\u2019uso di spogliatoi promiscui, arrivando <b>in teatro gi\u00e0 in abito di esecuzione<\/b>.<\/p>\n<p class=\"p1\">Per le sue caratteristiche, nella danza \u00e8 spesso difficile attuare alcune misure di prevenzione; il Dpcm rimanda quindi ai protocolli per gli allenamenti dello sportivo professionista di squadra. In particolare, \u00e8 necessario <b>ridurre il numero totale di persone<\/b> <b>presenti<\/b> nella struttura (anche usando i turni) e riorganizzare le attivit\u00e0 e la formazione, ricorrendo anche a strumenti di collegamento a distanza. Se non sono coinvolti direttamente nell\u2019allenamento\/spettacolo, i danzatori devono mantenere un <b>metro di distanza<\/b> e usare la <b>mascherina.<\/b><\/p>\n<hr \/>\n<h2>Le linee guida per congressi e fiere<\/h2>\n<p class=\"p1\"><img loading=\"lazy\" class=\"size-full wp-image-84442 alignleft\" src=\"https:\/\/www.showgroup.it\/blog\/wp-content\/uploads\/2020\/06\/Decreto-IMG_04.jpg\" alt=\"\" width=\"600\" height=\"600\" srcset=\"https:\/\/www.showgroup.it\/blog\/wp-content\/uploads\/2020\/06\/Decreto-IMG_04.jpg 600w, https:\/\/www.showgroup.it\/blog\/wp-content\/uploads\/2020\/06\/Decreto-IMG_04-300x300.jpg 300w, https:\/\/www.showgroup.it\/blog\/wp-content\/uploads\/2020\/06\/Decreto-IMG_04-150x150.jpg 150w, https:\/\/www.showgroup.it\/blog\/wp-content\/uploads\/2020\/06\/Decreto-IMG_04-500x500.jpg 500w\" sizes=\"(max-width: 600px) 100vw, 600px\" \/>Come detto, per quanto il Dpcm indichi che i congressi e le fiere sono sospese fino al 14 luglio, viene concessa libert\u00e0 di deroga alle Regioni e molte di esse hanno deciso di consentirne l&#8217;organizzazione. Le linee guida si riferiscono nello specifico a <b>convegni, congressi, grandi eventi fieristici e convention aziendali,<\/b> e prevedono che:<\/p>\n<p class=\"p1\"><span class=\"s1\"><b><span class=\"s2\"><strong><span style=\"color: #8b774b; font-size: 20px;\">\u2605 <\/span><\/strong><\/span><\/b><\/span>il <b>numero massimo di partecipanti<\/b> deve essere valutato in base alla capienza degli spazi, evitando affollamenti e assicurando il distanziamento interpersonale;<\/p>\n<p class=\"p1\"><span class=\"s1\"><b><span class=\"s2\"><strong><span style=\"color: #8b774b; font-size: 20px;\">\u2605 <\/span><\/strong><\/span><\/b><\/span>gli <b>spazi devono essere riorganizzati<\/b> per garantire un accesso ordinato, senza assembramenti, e un metro di separazione tra gli utenti, possibilmente prevedendo percorsi separati per entrata e uscita;<\/p>\n<p class=\"p1\"><span class=\"s1\"><b><span class=\"s2\"><strong><span style=\"color: #8b774b; font-size: 20px;\">\u2605 <\/span><\/strong><\/span><\/b><\/span>devono essere presenti <b>cartelli e segnaletica informativi<\/b> sulle misure di prevenzione;<\/p>\n<p class=\"p1\"><span class=\"s1\"><b><span class=\"s2\"><strong><span style=\"color: #8b774b; font-size: 20px;\">\u2605 <\/span><\/strong><\/span><\/b><\/span>si devono promuovere <b>tecnologie digitali per i processi organizzativi e partecipativi<\/b> (prenotazione, pagamento biglietti, compilazione modulistica, sistema di registrazione degli ingressi ecc.);<\/p>\n<p class=\"p1\"><span class=\"s1\"><b><span class=\"s2\"><strong><span style=\"color: #8b774b; font-size: 20px;\">\u2605 <\/span><\/strong><\/span><\/b><\/span>nel rispetto della privacy, bisogna comunque tenere un <b>registro delle presenze<\/b> per 14 giorni;<\/p>\n<p class=\"p1\"><span class=\"s1\"><b><span class=\"s2\"><strong><span style=\"color: #8b774b; font-size: 20px;\">\u2605 <\/span><\/strong><\/span><\/b><\/span>porre attenzione alle <b>postazioni di segreteria e accoglienza<\/b>, possibilmente dotandole di barriere fisiche (ad esempio schermi);<\/p>\n<p class=\"p1\"><span class=\"s1\"><b><span class=\"s2\"><strong><span style=\"color: #8b774b; font-size: 20px;\">\u2605 <\/span><\/strong><\/span><\/b><\/span>nei <b>guardaroba<\/b>, oggetti e indumenti personali devono essere riposti in <b>appositi sacchetti.<\/b><\/p>\n<p class=\"p1\">Anche in questo caso, \u00e8 possibile rilevare la temperatura corporea all&#8217;ingresso.<\/p>\n<hr \/>\n<h2>Buffet e banchetti: i protocolli di sicurezza<\/h2>\n<p class=\"p1\"><img loading=\"lazy\" class=\"size-full wp-image-84446 alignleft\" src=\"https:\/\/www.showgroup.it\/blog\/wp-content\/uploads\/2020\/06\/Decreto-IMG-01.jpg\" alt=\"Buffet con porzioni monouso\" width=\"600\" height=\"600\" srcset=\"https:\/\/www.showgroup.it\/blog\/wp-content\/uploads\/2020\/06\/Decreto-IMG-01.jpg 600w, https:\/\/www.showgroup.it\/blog\/wp-content\/uploads\/2020\/06\/Decreto-IMG-01-300x300.jpg 300w, https:\/\/www.showgroup.it\/blog\/wp-content\/uploads\/2020\/06\/Decreto-IMG-01-150x150.jpg 150w, https:\/\/www.showgroup.it\/blog\/wp-content\/uploads\/2020\/06\/Decreto-IMG-01-500x500.jpg 500w\" sizes=\"(max-width: 600px) 100vw, 600px\" \/>Che si tratti di un pranzo organizzato per un congresso o di quello per una cerimonia, l&#8217;attuale situazione ha portato a <b>importanti modifiche<\/b> del modo in cui si possono organizzare i <b>buffet<\/b>.<\/p>\n<p class=\"p1\">I partecipanti, infatti, <b>non possono toccare il cibo<\/b>, che deve quindi essere somministrato solo dal personale; il <b>self service<\/b> \u00e8 consentito solo in caso di prodotti <b>confezionati e monodose<\/b>. Inoltre, al buffet c&#8217;\u00e8 l&#8217;<b>obbligo di indossare le mascherine<\/b> (sia per invitati sia per operatori) e di mantenere la distanza di un metro (anche in fila): \u00e8 necessario quindi che tutto sia organizzato in modo da evitare assembramenti.<\/p>\n<p class=\"p1\">Se volete preparare un <b>banchetto<\/b>, inoltre, ricordatevi di organizzare gli spazi in modo da consentire accessi senza affollamenti e assicurare un metro di separazione tra le persone (meglio avere percorsi separati per entrate e uscite); la stessa distanza deve essere mantenuta tra le persone ai tavoli (fanno eccezione i congiunti). Dove possibile, meglio privilegiare gli spazi esterni, all&#8217;aperto.<br \/>\nGli ospiti, inoltre, devono indossare le mascherine quando non sono seduti al tavolo mentre il personale a contatto con i partecipanti deve indossarla sempre.<br \/>\nAnche in questo caso, \u00e8 necessario predisporre cartelli o segnaletica informativi sulle misure e conservare l\u2019elenco dei partecipanti per 14 giorni.<\/p>\n<hr \/>\n<h2>Le regole in discoteca<\/h2>\n<p class=\"p1\">Per quanto riguarda le <b>discoteche<\/b>, \u00e8 importante controllare cosa \u00e8 consentito fare nella propria Regione perch\u00e9 le decisioni possono essere eterogenee.<br \/>\nSenza ripetere alcune <b>norme che valgono per tutti i luoghi<\/b> (dai cartelli informativi, alla pulizia frequente di spazi e oggetti, dagli accessi ordinati alla distribuzione di gel igienizzanti), vediamo alcune misure specifiche per i locali di intrattenimento serale e notturno.<\/p>\n<p class=\"p1\">Non c&#8217;\u00e8 un limite massimo di ingressi, ma occorre ricordarsi che, se la capienza deve garantire la distanza di un metro, sulla <b>pista da ballo<\/b> questa separazione deve essere di <b>due metri<\/b>. Inoltre, bisogna prevedere la presenza di addetti alla sorveglianza sul rispetto del distanziamento. Va garantito, se possibile, un sistema di prenotazione e il pagamento del ticket preferibilmente online. Anche in questo caso, se possibile, \u00e8 bene tenere il registro delle presenze per 14 giorni. Bisogna poi prevedere barriere alla cassa mentre nel guardaroba gli abiti vanno riposti nei sacchetti appositi. Le linee guida dicono inoltre che, in questa fase, il <b>ballo \u00e8 consentito solo negli spazi esterni<\/b>.<\/p>\n<p class=\"p1\">Il personale deve usare la mascherina; per i frequentatori, invece, all&#8217;interno, si deve usare, all&#8217;esterno solo se non \u00e8 possibile mantenere le distanze.<br \/>\nNel caso delle discoteche <b>non \u00e8 consentita la consumazione di bevande al banco<\/b>. Inoltre, la somministrazione delle bevande pu\u00f2 avvenire solo se \u00e8 possibile assicurare il mantenimento rigoroso della distanza interpersonale tra i clienti, che dovranno accedere al banco in modalit\u00e0 ordinata e, se del caso, contingentata. Tavoli e sedute devono garantire la distanza di separazione, a meno che non ci siano delle barriere fisiche tra i tavoli.<\/p>\n<p class=\"p1\">Ogni oggetto fornito ai clienti (come secchiello portaghiaccio o apribottiglie) deve essere <b>disinfettato<\/b> prima della consegna.<br \/>\nAttenzione poi all&#8217;<b>aria<\/b>: \u00e8 importante favorirne il ricambio ed evitare di usare il ricircolo d&#8217;aria dell&#8217;impianto di condizionamento.<\/p>\n<blockquote>\n<p class=\"p2\">Come abbiamo visto, questa Fase 3 consente il riavvio di numerosissime attivit\u00e0 tra spettacoli, eventi e intrattenimento. \u00c8 importante, ora, informarsi su cosa \u00e8 consentito nelle singole Regioni, perch\u00e9 molte hanno adottato ordinanze meno restrittive del Dpcm. Certo, l&#8217;emergenza sanitaria che abbiamo vissuto rende un po&#8217; pi\u00f9 complessa l&#8217;organizzazione, ma finalmente si pu\u00f2 ripartire!<\/p>\n<\/blockquote>\n","protected":false},"excerpt":{"rendered":"<p>Dal 15 giugno, il Governo ha consentito la ripresa di moltissime attivit\u00e0, soprattutto nel campo degli eventi e degli spettacoli; molte Regioni, dal canto loro, hanno ampliato le attivit\u00e0 che possono ripartire. Vediamo quali sono le nuove regole per l&#8217;organizzazione. <\/p>\n","protected":false},"author":5,"featured_media":84438,"comment_status":"open","ping_status":"open","sticky":false,"template":"","format":"standard","meta":[],"categories":[664],"tags":[],"yoast_head":"<!-- This site is optimized with the Yoast SEO plugin v16.9 - https:\/\/yoast.com\/wordpress\/plugins\/seo\/ -->\n<title>Si (ri)alza il sipario: ripartono eventi e spettacoli &bull; Showgroup - Ready to be WOW!<\/title>\n<meta name=\"robots\" content=\"index, follow, max-snippet:-1, max-image-preview:large, max-video-preview:-1\" \/>\n<link rel=\"canonical\" href=\"https:\/\/www.showgroup.it\/blog\/2020\/06\/17\/si-rialza-il-sipario-ripartono-eventi-e-spettacoli\/\" \/>\n<meta property=\"og:locale\" content=\"it_IT\" \/>\n<meta property=\"og:type\" content=\"article\" \/>\n<meta property=\"og:title\" content=\"Eventi e spettacoli al via: le nuove regole post emergenza sanitaria\" \/>\n<meta property=\"og:description\" content=\"Dal 15 giugno, il Governo ha consentito la ripresa di moltissime attivit\u00e0, soprattutto nel campo degli eventi e degli spettacoli; molte Regioni, dal canto loro, hanno ampliato le attivit\u00e0 che possono ripartire. Vediamo quali sono le nuove regole per l&#039;organizzazione.\" \/>\n<meta property=\"og:url\" content=\"https:\/\/www.showgroup.it\/blog\/2020\/06\/17\/si-rialza-il-sipario-ripartono-eventi-e-spettacoli\/\" \/>\n<meta property=\"og:site_name\" content=\"Showgroup - Ready to be WOW!\" \/>\n<meta property=\"article:publisher\" content=\"https:\/\/www.facebook.com\/ShowGroupWow\/\" \/>\n<meta property=\"article:published_time\" content=\"2020-06-17T12:20:52+00:00\" \/>\n<meta property=\"article:modified_time\" content=\"2025-08-17T15:26:10+00:00\" \/>\n<meta property=\"og:image\" content=\"https:\/\/www.showgroup.it\/blog\/wp-content\/uploads\/2020\/06\/Decreto-banner.jpg\" \/>\n\t<meta property=\"og:image:width\" content=\"1920\" \/>\n\t<meta property=\"og:image:height\" content=\"1080\" \/>\n<meta name=\"twitter:card\" content=\"summary_large_image\" \/>\n<meta name=\"twitter:title\" content=\"Eventi e spettacoli al via: le nuove regole post emergenza sanitaria\" \/>\n<meta name=\"twitter:description\" content=\"Dal 15 giugno, il Governo ha consentito la ripresa di moltissime attivit\u00e0, soprattutto nel campo degli eventi e degli spettacoli; molte Regioni, dal canto loro, hanno ampliato le attivit\u00e0 che possono ripartire. Vediamo quali sono le nuove regole per l&#039;organizzazione.\" \/>\n<meta name=\"twitter:image\" content=\"https:\/\/www.showgroup.it\/blog\/wp-content\/uploads\/2020\/06\/Decreto-banner.jpg\" \/>\n<meta name=\"twitter:label1\" content=\"Scritto da\" \/>\n\t<meta name=\"twitter:data1\" content=\"Benedetta Gatti\" \/>\n\t<meta name=\"twitter:label2\" content=\"Tempo di lettura stimato\" \/>\n\t<meta name=\"twitter:data2\" content=\"10 minuti\" \/>\n<script type=\"application\/ld+json\" class=\"yoast-schema-graph\">{\"@context\":\"https:\/\/schema.org\",\"@graph\":[{\"@type\":\"Organization\",\"@id\":\"https:\/\/www.showgroup.it\/#organization\",\"name\":\"Showgroup\",\"url\":\"https:\/\/www.showgroup.it\/\",\"sameAs\":[\"https:\/\/www.facebook.com\/ShowGroupWow\/\",\"https:\/\/www.instagram.com\/showgroupwow\/\"],\"logo\":{\"@type\":\"ImageObject\",\"@id\":\"https:\/\/www.showgroup.it\/#logo\",\"inLanguage\":\"it-IT\",\"url\":\"https:\/\/www.showgroup.it\/blog\/wp-content\/uploads\/2025\/01\/logo-black.svg\",\"contentUrl\":\"https:\/\/www.showgroup.it\/blog\/wp-content\/uploads\/2025\/01\/logo-black.svg\",\"width\":1440,\"height\":916,\"caption\":\"Showgroup\"},\"image\":{\"@id\":\"https:\/\/www.showgroup.it\/#logo\"}},{\"@type\":\"WebSite\",\"@id\":\"https:\/\/www.showgroup.it\/#website\",\"url\":\"https:\/\/www.showgroup.it\/\",\"name\":\"Showgroup - Ready to be WOW!\",\"description\":\"Il primo portale gratuito dedicato al mondo dello spettacolo.\",\"publisher\":{\"@id\":\"https:\/\/www.showgroup.it\/#organization\"},\"potentialAction\":[{\"@type\":\"SearchAction\",\"target\":{\"@type\":\"EntryPoint\",\"urlTemplate\":\"https:\/\/www.showgroup.it\/?s={search_term_string}\"},\"query-input\":\"required name=search_term_string\"}],\"inLanguage\":\"it-IT\"},{\"@type\":\"ImageObject\",\"@id\":\"https:\/\/www.showgroup.it\/blog\/2020\/06\/17\/si-rialza-il-sipario-ripartono-eventi-e-spettacoli\/#primaryimage\",\"inLanguage\":\"it-IT\",\"url\":\"https:\/\/www.showgroup.it\/blog\/wp-content\/uploads\/2020\/06\/Decreto-banner.jpg\",\"contentUrl\":\"https:\/\/www.showgroup.it\/blog\/wp-content\/uploads\/2020\/06\/Decreto-banner.jpg\",\"width\":1920,\"height\":1080,\"caption\":\"Ragazza ballerina apre il sipario per cominciare l'esibizione\"},{\"@type\":\"WebPage\",\"@id\":\"https:\/\/www.showgroup.it\/blog\/2020\/06\/17\/si-rialza-il-sipario-ripartono-eventi-e-spettacoli\/#webpage\",\"url\":\"https:\/\/www.showgroup.it\/blog\/2020\/06\/17\/si-rialza-il-sipario-ripartono-eventi-e-spettacoli\/\",\"name\":\"Si (ri)alza il sipario: ripartono eventi e spettacoli &bull; Showgroup - Ready to be WOW!\",\"isPartOf\":{\"@id\":\"https:\/\/www.showgroup.it\/#website\"},\"primaryImageOfPage\":{\"@id\":\"https:\/\/www.showgroup.it\/blog\/2020\/06\/17\/si-rialza-il-sipario-ripartono-eventi-e-spettacoli\/#primaryimage\"},\"datePublished\":\"2020-06-17T12:20:52+00:00\",\"dateModified\":\"2025-08-17T15:26:10+00:00\",\"breadcrumb\":{\"@id\":\"https:\/\/www.showgroup.it\/blog\/2020\/06\/17\/si-rialza-il-sipario-ripartono-eventi-e-spettacoli\/#breadcrumb\"},\"inLanguage\":\"it-IT\",\"potentialAction\":[{\"@type\":\"ReadAction\",\"target\":[\"https:\/\/www.showgroup.it\/blog\/2020\/06\/17\/si-rialza-il-sipario-ripartono-eventi-e-spettacoli\/\"]}]},{\"@type\":\"BreadcrumbList\",\"@id\":\"https:\/\/www.showgroup.it\/blog\/2020\/06\/17\/si-rialza-il-sipario-ripartono-eventi-e-spettacoli\/#breadcrumb\",\"itemListElement\":[{\"@type\":\"ListItem\",\"position\":1,\"name\":\"Home\",\"item\":\"https:\/\/www.showgroup.it\/blog\/\"},{\"@type\":\"ListItem\",\"position\":2,\"name\":\"Si (ri)alza il sipario: ripartono eventi e spettacoli\"}]},{\"@type\":\"Article\",\"@id\":\"https:\/\/www.showgroup.it\/blog\/2020\/06\/17\/si-rialza-il-sipario-ripartono-eventi-e-spettacoli\/#article\",\"isPartOf\":{\"@id\":\"https:\/\/www.showgroup.it\/blog\/2020\/06\/17\/si-rialza-il-sipario-ripartono-eventi-e-spettacoli\/#webpage\"},\"author\":{\"@id\":\"https:\/\/www.showgroup.it\/#\/schema\/person\/9b799d433be4e17451d197175628047a\"},\"headline\":\"Si (ri)alza il sipario: ripartono eventi e spettacoli\",\"datePublished\":\"2020-06-17T12:20:52+00:00\",\"dateModified\":\"2025-08-17T15:26:10+00:00\",\"mainEntityOfPage\":{\"@id\":\"https:\/\/www.showgroup.it\/blog\/2020\/06\/17\/si-rialza-il-sipario-ripartono-eventi-e-spettacoli\/#webpage\"},\"wordCount\":1933,\"commentCount\":0,\"publisher\":{\"@id\":\"https:\/\/www.showgroup.it\/#organization\"},\"image\":{\"@id\":\"https:\/\/www.showgroup.it\/blog\/2020\/06\/17\/si-rialza-il-sipario-ripartono-eventi-e-spettacoli\/#primaryimage\"},\"thumbnailUrl\":\"https:\/\/www.showgroup.it\/blog\/wp-content\/uploads\/2020\/06\/Decreto-banner.jpg\",\"articleSection\":[\"Spettacolo e musica\"],\"inLanguage\":\"it-IT\",\"potentialAction\":[{\"@type\":\"CommentAction\",\"name\":\"Comment\",\"target\":[\"https:\/\/www.showgroup.it\/blog\/2020\/06\/17\/si-rialza-il-sipario-ripartono-eventi-e-spettacoli\/#respond\"]}]},{\"@type\":\"Person\",\"@id\":\"https:\/\/www.showgroup.it\/#\/schema\/person\/9b799d433be4e17451d197175628047a\",\"name\":\"Benedetta Gatti\",\"image\":{\"@type\":\"ImageObject\",\"@id\":\"https:\/\/www.showgroup.it\/#personlogo\",\"inLanguage\":\"it-IT\",\"url\":\"https:\/\/secure.gravatar.com\/avatar\/32ceeb7300be30aabe2c84fdaa89eac0?s=96&d=mm&r=g\",\"contentUrl\":\"https:\/\/secure.gravatar.com\/avatar\/32ceeb7300be30aabe2c84fdaa89eac0?s=96&d=mm&r=g\",\"caption\":\"Benedetta Gatti\"}}]}<\/script>\n<!-- \/ Yoast SEO plugin. -->","yoast_head_json":{"title":"Si (ri)alza il sipario: ripartono eventi e spettacoli &bull; Showgroup - Ready to be WOW!","robots":{"index":"index","follow":"follow","max-snippet":"max-snippet:-1","max-image-preview":"max-image-preview:large","max-video-preview":"max-video-preview:-1"},"canonical":"https:\/\/www.showgroup.it\/blog\/2020\/06\/17\/si-rialza-il-sipario-ripartono-eventi-e-spettacoli\/","og_locale":"it_IT","og_type":"article","og_title":"Eventi e spettacoli al via: le nuove regole post emergenza sanitaria","og_description":"Dal 15 giugno, il Governo ha consentito la ripresa di moltissime attivit\u00e0, soprattutto nel campo degli eventi e degli spettacoli; molte Regioni, dal canto loro, hanno ampliato le attivit\u00e0 che possono ripartire. Vediamo quali sono le nuove regole per l'organizzazione.","og_url":"https:\/\/www.showgroup.it\/blog\/2020\/06\/17\/si-rialza-il-sipario-ripartono-eventi-e-spettacoli\/","og_site_name":"Showgroup - Ready to be WOW!","article_publisher":"https:\/\/www.facebook.com\/ShowGroupWow\/","article_published_time":"2020-06-17T12:20:52+00:00","article_modified_time":"2025-08-17T15:26:10+00:00","og_image":[{"width":1920,"height":1080,"filesize":188072,"url":"https:\/\/www.showgroup.it\/blog\/wp-content\/uploads\/2020\/06\/Decreto-banner.jpg","path":"\/sites\/www.showgroup.it\/files\/blog\/wp-content\/uploads\/2020\/06\/Decreto-banner.jpg","size":"full","id":"84438","alt":"Ragazza ballerina apre il sipario per cominciare l'esibizione","pixels":2073600,"type":"image\/jpeg"}],"twitter_card":"summary_large_image","twitter_title":"Eventi e spettacoli al via: le nuove regole post emergenza sanitaria","twitter_description":"Dal 15 giugno, il Governo ha consentito la ripresa di moltissime attivit\u00e0, soprattutto nel campo degli eventi e degli spettacoli; molte Regioni, dal canto loro, hanno ampliato le attivit\u00e0 che possono ripartire. Vediamo quali sono le nuove regole per l'organizzazione.","twitter_image":"https:\/\/www.showgroup.it\/blog\/wp-content\/uploads\/2020\/06\/Decreto-banner.jpg","twitter_misc":{"Scritto da":"Benedetta Gatti","Tempo di lettura stimato":"10 minuti"},"schema":{"@context":"https:\/\/schema.org","@graph":[{"@type":"Organization","@id":"https:\/\/www.showgroup.it\/#organization","name":"Showgroup","url":"https:\/\/www.showgroup.it\/","sameAs":["https:\/\/www.facebook.com\/ShowGroupWow\/","https:\/\/www.instagram.com\/showgroupwow\/"],"logo":{"@type":"ImageObject","@id":"https:\/\/www.showgroup.it\/#logo","inLanguage":"it-IT","url":"https:\/\/www.showgroup.it\/blog\/wp-content\/uploads\/2025\/01\/logo-black.svg","contentUrl":"https:\/\/www.showgroup.it\/blog\/wp-content\/uploads\/2025\/01\/logo-black.svg","width":1440,"height":916,"caption":"Showgroup"},"image":{"@id":"https:\/\/www.showgroup.it\/#logo"}},{"@type":"WebSite","@id":"https:\/\/www.showgroup.it\/#website","url":"https:\/\/www.showgroup.it\/","name":"Showgroup - Ready to be WOW!","description":"Il primo portale gratuito dedicato al mondo dello spettacolo.","publisher":{"@id":"https:\/\/www.showgroup.it\/#organization"},"potentialAction":[{"@type":"SearchAction","target":{"@type":"EntryPoint","urlTemplate":"https:\/\/www.showgroup.it\/?s={search_term_string}"},"query-input":"required name=search_term_string"}],"inLanguage":"it-IT"},{"@type":"ImageObject","@id":"https:\/\/www.showgroup.it\/blog\/2020\/06\/17\/si-rialza-il-sipario-ripartono-eventi-e-spettacoli\/#primaryimage","inLanguage":"it-IT","url":"https:\/\/www.showgroup.it\/blog\/wp-content\/uploads\/2020\/06\/Decreto-banner.jpg","contentUrl":"https:\/\/www.showgroup.it\/blog\/wp-content\/uploads\/2020\/06\/Decreto-banner.jpg","width":1920,"height":1080,"caption":"Ragazza ballerina apre il sipario per cominciare l'esibizione"},{"@type":"WebPage","@id":"https:\/\/www.showgroup.it\/blog\/2020\/06\/17\/si-rialza-il-sipario-ripartono-eventi-e-spettacoli\/#webpage","url":"https:\/\/www.showgroup.it\/blog\/2020\/06\/17\/si-rialza-il-sipario-ripartono-eventi-e-spettacoli\/","name":"Si (ri)alza il sipario: ripartono eventi e spettacoli &bull; Showgroup - Ready to be WOW!","isPartOf":{"@id":"https:\/\/www.showgroup.it\/#website"},"primaryImageOfPage":{"@id":"https:\/\/www.showgroup.it\/blog\/2020\/06\/17\/si-rialza-il-sipario-ripartono-eventi-e-spettacoli\/#primaryimage"},"datePublished":"2020-06-17T12:20:52+00:00","dateModified":"2025-08-17T15:26:10+00:00","breadcrumb":{"@id":"https:\/\/www.showgroup.it\/blog\/2020\/06\/17\/si-rialza-il-sipario-ripartono-eventi-e-spettacoli\/#breadcrumb"},"inLanguage":"it-IT","potentialAction":[{"@type":"ReadAction","target":["https:\/\/www.showgroup.it\/blog\/2020\/06\/17\/si-rialza-il-sipario-ripartono-eventi-e-spettacoli\/"]}]},{"@type":"BreadcrumbList","@id":"https:\/\/www.showgroup.it\/blog\/2020\/06\/17\/si-rialza-il-sipario-ripartono-eventi-e-spettacoli\/#breadcrumb","itemListElement":[{"@type":"ListItem","position":1,"name":"Home","item":"https:\/\/www.showgroup.it\/blog\/"},{"@type":"ListItem","position":2,"name":"Si (ri)alza il sipario: ripartono eventi e spettacoli"}]},{"@type":"Article","@id":"https:\/\/www.showgroup.it\/blog\/2020\/06\/17\/si-rialza-il-sipario-ripartono-eventi-e-spettacoli\/#article","isPartOf":{"@id":"https:\/\/www.showgroup.it\/blog\/2020\/06\/17\/si-rialza-il-sipario-ripartono-eventi-e-spettacoli\/#webpage"},"author":{"@id":"https:\/\/www.showgroup.it\/#\/schema\/person\/9b799d433be4e17451d197175628047a"},"headline":"Si (ri)alza il sipario: ripartono eventi e spettacoli","datePublished":"2020-06-17T12:20:52+00:00","dateModified":"2025-08-17T15:26:10+00:00","mainEntityOfPage":{"@id":"https:\/\/www.showgroup.it\/blog\/2020\/06\/17\/si-rialza-il-sipario-ripartono-eventi-e-spettacoli\/#webpage"},"wordCount":1933,"commentCount":0,"publisher":{"@id":"https:\/\/www.showgroup.it\/#organization"},"image":{"@id":"https:\/\/www.showgroup.it\/blog\/2020\/06\/17\/si-rialza-il-sipario-ripartono-eventi-e-spettacoli\/#primaryimage"},"thumbnailUrl":"https:\/\/www.showgroup.it\/blog\/wp-content\/uploads\/2020\/06\/Decreto-banner.jpg","articleSection":["Spettacolo e musica"],"inLanguage":"it-IT","potentialAction":[{"@type":"CommentAction","name":"Comment","target":["https:\/\/www.showgroup.it\/blog\/2020\/06\/17\/si-rialza-il-sipario-ripartono-eventi-e-spettacoli\/#respond"]}]},{"@type":"Person","@id":"https:\/\/www.showgroup.it\/#\/schema\/person\/9b799d433be4e17451d197175628047a","name":"Benedetta Gatti","image":{"@type":"ImageObject","@id":"https:\/\/www.showgroup.it\/#personlogo","inLanguage":"it-IT","url":"https:\/\/secure.gravatar.com\/avatar\/32ceeb7300be30aabe2c84fdaa89eac0?s=96&d=mm&r=g","contentUrl":"https:\/\/secure.gravatar.com\/avatar\/32ceeb7300be30aabe2c84fdaa89eac0?s=96&d=mm&r=g","caption":"Benedetta Gatti"}}]}},"_links":{"self":[{"href":"https:\/\/www.showgroup.it\/blog\/wp-json\/wp\/v2\/posts\/84433"}],"collection":[{"href":"https:\/\/www.showgroup.it\/blog\/wp-json\/wp\/v2\/posts"}],"about":[{"href":"https:\/\/www.showgroup.it\/blog\/wp-json\/wp\/v2\/types\/post"}],"author":[{"embeddable":true,"href":"https:\/\/www.showgroup.it\/blog\/wp-json\/wp\/v2\/users\/5"}],"replies":[{"embeddable":true,"href":"https:\/\/www.showgroup.it\/blog\/wp-json\/wp\/v2\/comments?post=84433"}],"version-history":[{"count":6,"href":"https:\/\/www.showgroup.it\/blog\/wp-json\/wp\/v2\/posts\/84433\/revisions"}],"predecessor-version":[{"id":99862,"href":"https:\/\/www.showgroup.it\/blog\/wp-json\/wp\/v2\/posts\/84433\/revisions\/99862"}],"wp:featuredmedia":[{"embeddable":true,"href":"https:\/\/www.showgroup.it\/blog\/wp-json\/wp\/v2\/media\/84438"}],"wp:attachment":[{"href":"https:\/\/www.showgroup.it\/blog\/wp-json\/wp\/v2\/media?parent=84433"}],"wp:term":[{"taxonomy":"category","embeddable":true,"href":"https:\/\/www.showgroup.it\/blog\/wp-json\/wp\/v2\/categories?post=84433"},{"taxonomy":"post_tag","embeddable":true,"href":"https:\/\/www.showgroup.it\/blog\/wp-json\/wp\/v2\/tags?post=84433"}],"curies":[{"name":"wp","href":"https:\/\/api.w.org\/{rel}","templated":true}]}}