{"id":84502,"date":"2020-07-22T15:48:16","date_gmt":"2020-07-22T13:48:16","guid":{"rendered":"https:\/\/www.showgroup.it\/?p=84502"},"modified":"2025-08-17T17:26:30","modified_gmt":"2025-08-17T15:26:30","slug":"gli-eventi-musicali-post-covid-esistono-ecco-come-organizzarli-e-le-proposte-piu-coraggiose-dellestate","status":"publish","type":"post","link":"https:\/\/www.showgroup.it\/blog\/2020\/07\/22\/gli-eventi-musicali-post-covid-esistono-ecco-come-organizzarli-e-le-proposte-piu-coraggiose-dellestate\/","title":{"rendered":"Gli eventi musicali post Covid esistono: ecco come organizzarli e le proposte pi\u00f9 coraggiose dell\u2019estate"},"content":{"rendered":"<p>Se c\u2019\u00e8 una cosa che l\u2019emergenza Covid ha insegnato al mondo dello spettacolo, \u00e8 che <strong>serve una regolamentazione chiara, e una tutela forte dei professionisti coinvolti.<\/strong> Ma anche che urge un riconoscimento istituzionale delle realt\u00e0 che hanno a che fare con la realizzazione di eventi pubblici, ma anche privati e musicali che, post Covid, torneranno a garantire il tessuto aggregativo socio-culturale del nostro paese. Nel frattempo, per\u00f2, <strong>guai a dire che questa estate non si possono organizzare eventi. <\/strong>Questo perch\u00e9 se \u00e8 vero che i grandi eventi musicali sono stati rimandati al prossimo anno, \u00e8 altrettanto vero che <strong>dal grande lavoro fatto dagli organizzatori in questi mesi, sono nati progetti e programmazioni molto interessanti<\/strong> che meritano una risposta positiva, ma soprattutto attenta e consapevole, da parte del pubblico.<\/p>\n<p>Andremo quindi a ripercorrere le tappe che hanno portato alla situazione attuale della convivenza tra eventi e Covid-19, illustrando <strong>gli esempi virtuosi e segnalando alcune normative regionali che possono rappresentare un punto di riferimento per organizzatori e non solo.<\/strong><\/p>\n<h2>Il vuoto normativo<\/h2>\n<p><img loading=\"lazy\" class=\"size-full wp-image-84523 aligncenter\" src=\"https:\/\/www.showgroup.it\/blog\/wp-content\/uploads\/2020\/07\/vuoto_normativo_4.jpg\" alt=\"\" width=\"1000\" height=\"500\" srcset=\"https:\/\/www.showgroup.it\/blog\/wp-content\/uploads\/2020\/07\/vuoto_normativo_4.jpg 1000w, https:\/\/www.showgroup.it\/blog\/wp-content\/uploads\/2020\/07\/vuoto_normativo_4-300x150.jpg 300w, https:\/\/www.showgroup.it\/blog\/wp-content\/uploads\/2020\/07\/vuoto_normativo_4-768x384.jpg 768w\" sizes=\"(max-width: 1000px) 100vw, 1000px\" \/><\/p>\n<p style=\"text-align: center; font-size: 12px;\"><em>Photo Credits: Riccardo Diotallevi per Shining Production<\/em><\/p>\n<p>&nbsp;<\/p>\n<p>Il vuoto normativo che \u00e8 emerso con l\u2019esplosione della pandemia conferma l\u2019urgenza di una legge dello spettacolo che permetta, in primis, un riconoscimento dei professionisti dello spettacolo e delle location dove operano. I segnali di questa mancanza sono stati diversi. A partire dai <strong>contributi verso i lavoratori, il bonus di 600\u20ac, riconosciuto ai lavoratori degli eventi solamente a giugno<\/strong>, con un silenzio durato mesi che ha portato moltissime famiglie in situazioni di difficolt\u00e0. Si parla di <strong>300mila lavoratori esclusi, inizialmente, dagli aiuti economici<\/strong>, a causa di un contratto, quello di intermittente, non riconosciuto dai decreti emessi.<\/p>\n<p>In secondo luogo, le sale da concerto non sono mai state citate all\u2019interno delle realt\u00e0 economiche calendarizzate nella ripartenza, lasciando spazio a libere interpretazioni che scaricavano la quasi totalit\u00e0 delle responsabilit\u00e0 delle riaperture sugli organizzatori o titolari dei live club. In vista dell\u2019estate, poi, il <a href=\"http:\/\/www.governo.it\/sites\/new.governo.it\/files\/Dpcm_20200517_allegati.pdf\" target=\"_blank\" rel=\"noopener noreferrer\">dpcm del 17 giugno<\/a>, all\u2019art 1, comma m stabilisce: <em>\u201cGli spettacoli aperti al pubblico in sale teatrali, sale da concerto, sale cinematografiche e in altri spazi anche all\u2019aperto restano sospesi fino al 14 giugno 2020. Dal 15 giugno 2020, detti spettacoli sono svolti con posti a sedere preassegnati e distanziati e a condizione che sia comunque assicurato il rispetto della distanza interpersonale di almeno un metro sia per il personale, sia per gli spettatori, con il numero massimo di 1.000 spettatori per spettacoli all\u2019aperto e di 200 persone per spettacoli in luoghi chiusi, per ogni singola sala\u201d.<\/em> Ma \u00e8 con quanto riportato nel <strong>punto 8 dell\u2019Allegato 9 \u00a0che si capisce chiaramente come la stesura di questo testo sia stata pensata per cinema e teatri e solo successivamente, e con gravi mancanze, \u00e8 stata applicata anche per i concerti, tanto al chiuso quanto all\u2019aperto: divieto del consumo di cibo e bevande e della vendita al dettaglio di bevande e generi alimentari in occasione degli eventi e durante lo svolgimento degli spettacoli.<\/strong><\/p>\n<p>\u00c8 facile, infatti, pensare a sacrificare la possibilit\u00e0 di comprare bevande, pop corn o caramelle durante la visione di un film, non altrettanto semplice pensare di vivere un festival alla fine di luglio, in Sicilia, senza la possibilit\u00e0 di bere nemmeno acqua durante i concerti. Per questo \u00e8 stato fondamentale il dialogo avuto con le istituzioni da parte di associazioni di categoria, come <strong>Assomusica e KeepOn LIVE, e la creazione del Forum Arte e Spettacolo<\/strong> nato raccogliendo le istanze provenienti dal basso da parte di una categoria che si \u00e8 finalmente unita per il bene di tutte le personalit\u00e0 coinvolte.<\/p>\n<p>Con la <a href=\"http:\/\/www.regioni.it\/newsletter\/n-3857\/del-09-06-2020\/emergenza-covid-19-ampliate-e-integrate-le-linee-guida-per-la-riapertura-regole-anche-per-il-settore-ricreativo-21307\/\" target=\"_blank\" rel=\"noopener noreferrer\">conferenza delle Regioni<\/a> del 9 giugno la responsabilit\u00e0 dei permessi per gli eventi privati e pubblici passa alle norme regionali, che, fino ad ora, si sono adattata l\u2019una all\u2019altra permettendo cos\u00ec una ripartenza attenta ma permettendo agli eventi di essere organizzati.<\/p>\n<h2>Come organizzare un evento nell\u2019estate 2020<\/h2>\n<p><img loading=\"lazy\" class=\"size-full wp-image-84524 aligncenter\" src=\"https:\/\/www.showgroup.it\/blog\/wp-content\/uploads\/2020\/07\/come-organizzare_5.jpg\" alt=\"\" width=\"1000\" height=\"500\" srcset=\"https:\/\/www.showgroup.it\/blog\/wp-content\/uploads\/2020\/07\/come-organizzare_5.jpg 1000w, https:\/\/www.showgroup.it\/blog\/wp-content\/uploads\/2020\/07\/come-organizzare_5-300x150.jpg 300w, https:\/\/www.showgroup.it\/blog\/wp-content\/uploads\/2020\/07\/come-organizzare_5-768x384.jpg 768w\" sizes=\"(max-width: 1000px) 100vw, 1000px\" \/><\/p>\n<p style=\"text-align: center; font-size: 12px;\"><em>Photo Credits: Riccardo Diotallevi per Shining Production<\/em><\/p>\n<p>&nbsp;<\/p>\n<p>Il primo, doveroso, punto di riferimento per tutti coloro che si accingono a realizzare un evento dopo la crisi dovuta alla pandemia mondiale, \u00e8 l\u2019esigenza di <strong>confrontarsi con l\u2019attuale regolamento regionale vigente.<\/strong> Questo perch\u00e9, come abbiamo visto, sono le norme regionali a dettare cosa si possa fare a livello di aggregazione. Gli <strong>eventi sono diventati importanti strumenti di comunicazione e sensibilizzazione, grazie alle informazioni che vengono date al pubblico sul rispetto delle normative.<\/strong><\/p>\n<p>I punti di riferimento, validi in tutta Italia, restano comunque questi:<\/p>\n<p><b><span class=\"s1\"><span class=\"s2\"><strong><span style=\"color: #8b774b; font-size: 20px;\">\u2605 <\/span><\/strong><\/span><\/span><\/b>Il rispetto del <strong>distanziamento sociale<\/strong> di almeno 1 metro tra le persone presenti.<\/p>\n<p><b><span class=\"s1\"><span class=\"s2\"><strong><span style=\"color: #8b774b; font-size: 20px;\">\u2605 <\/span><\/strong><\/span><\/span><\/b>Ingresso consentito esclusivamente a <strong>persone munite di mascherina<\/strong>, con obbligo di indossarla laddove necessario.<\/p>\n<p><strong><b><span class=\"s1\"><span class=\"s2\"><span style=\"color: #8b774b; font-size: 20px;\">\u2605 <\/span><\/span><\/span><\/b>Ordini di food &amp; beverage<\/strong> da effettuare al posto, attraverso l\u2019<strong>utilizzo di app<\/strong>, ma anche di men\u00f9 mono uso o in grado di essere igienizzati al cambio di clientela presente.<\/p>\n<p><b><span class=\"s1\"><span class=\"s2\"><strong><span style=\"color: #8b774b; font-size: 20px;\">\u2605 <\/span><\/strong><\/span><\/span><\/b>Concerti possibili solo rispettando una disposizione del pubblico distanziata e con <strong>posti assegnati<\/strong><\/p>\n<p><b><span class=\"s1\"><span class=\"s2\"><strong><span style=\"color: #8b774b; font-size: 20px;\">\u2605 <\/span><\/strong><\/span><\/span><\/b>La possibilit\u00e0 di <strong>assistere agli spettacoli da seduti<\/strong>, senza potersi alzare per ballare o abbracciarsi (se non tra congiunti).<\/p>\n<p><b><span class=\"s1\"><span class=\"s2\"><strong><span style=\"color: #8b774b; font-size: 20px;\">\u2605 <\/span><\/strong><\/span><\/span><\/b>Esposizione di <strong>informativa sulle norme<\/strong> da rispettare durante l\u2019evento.<\/p>\n<p><b><span class=\"s1\"><span class=\"s2\"><strong><span style=\"color: #8b774b; font-size: 20px;\">\u2605 <\/span><\/strong><\/span><\/span><\/b>Realizzazione di un <strong>progetto pensato appositamente<\/strong> per lo spazio da convertire a zona per l\u2019organizzazione di un evento.<\/p>\n<p><strong><b><span class=\"s1\"><span class=\"s2\"><span style=\"color: #8b774b; font-size: 20px;\">\u2605 <\/span><\/span><\/span><\/b>Adeguamento della capienza dello spazio<\/strong> nel rispetto delle norme vigenti e obbligo, per eventi superiori alle 200 persone, di controllo da parte della commissione di Vigilanza e controllo che dovr\u00e0 riconoscere l\u2019idoneit\u00e0 dell\u2019evento organizzato.<\/p>\n<p>Oltre a queste direttive, resta ancora pi\u00f9 importante l\u2019attenzione, da parte degli organizzatori, nei confronti dei dettagli relativi al <strong>controllo dell\u2019evento<\/strong> in corso di svolgimento. Anche i tecnici e gli addetti ai lavori devono svolgere le proprie attivit\u00e0 nel rispetto delle norme e, laddove si rendesse necessario l\u2019intervento dei membri della sicurezza per soccorrere una persona, in attesa del personale sanitario, \u00e8 doveroso indossare guanti e mascherina per limitare possibilit\u00e0 di contagio.<\/p>\n<h2>La risposta della Lombardia<\/h2>\n<p><img loading=\"lazy\" class=\"size-full wp-image-84530 aligncenter\" src=\"https:\/\/www.showgroup.it\/blog\/wp-content\/uploads\/2020\/07\/risposta-lombardia_4-1.jpg\" alt=\"\" width=\"1000\" height=\"500\" srcset=\"https:\/\/www.showgroup.it\/blog\/wp-content\/uploads\/2020\/07\/risposta-lombardia_4-1.jpg 1000w, https:\/\/www.showgroup.it\/blog\/wp-content\/uploads\/2020\/07\/risposta-lombardia_4-1-300x150.jpg 300w, https:\/\/www.showgroup.it\/blog\/wp-content\/uploads\/2020\/07\/risposta-lombardia_4-1-768x384.jpg 768w\" sizes=\"(max-width: 1000px) 100vw, 1000px\" \/><\/p>\n<p>Un\u2019analisi regione per regione potrebbe essere eccessivamente prolissa: spesso infatti le differenze sono minime e basta un passaggio sui siti territoriali di riferimento per capire i paletti messi dalle istituzioni per la realizzazione dell\u2019evento che si ha in mente. \u00c8 per\u00f2 utile <strong>prendere ad esame il <\/strong><strong>modello della Lombardia<\/strong><strong>, la regione pi\u00f9 colpita dall\u2019emergenza del Covid<\/strong> ma che non ha impedito la realizzazione di eventi anche molto interessanti.<\/p>\n<p>L\u2019informativa \u00e8 costantemente aggiornata sul sito della Regione e ha in questi punti alcune delle linee guida rivolte a coloro che organizzano spettacoli all\u2019aperto, che si differenziano da quelle descritta poco sopra.<\/p>\n<p><b><span class=\"s1\"><span class=\"s2\"><strong><span style=\"color: #8b774b; font-size: 20px;\">\u2605 <\/span><\/strong><\/span><\/span><\/b>Privilegiare, se possibile, <strong>l\u2019accesso tramite prenotazione<\/strong> e mantenere l\u2019elenco delle presenze per un periodo di 14 gg.<\/p>\n<p><b><span class=\"s1\"><span class=\"s2\"><strong><span style=\"color: #8b774b; font-size: 20px;\">\u2605 <\/span><\/strong><\/span><\/span><\/b>La postazione dedicata alla reception e alla cassa puo\u0300 essere dotata di <strong>barriere fisiche<\/strong> (es. schermi); in ogni caso, <strong>favorire modalita\u0300 di pagamento elettroniche.<\/strong><\/p>\n<p><b><span class=\"s1\"><span class=\"s2\"><strong><span style=\"color: #8b774b; font-size: 20px;\">\u2605 <\/span><\/strong><\/span><\/span><\/b>Distanziamento tra <strong>artisti e pubblico di almeno 2 metri<\/strong>.<\/p>\n<p><b><span class=\"s1\"><span class=\"s2\"><strong><span style=\"color: #8b774b; font-size: 20px;\">\u2605 <\/span><\/strong><\/span><\/span><\/b>Tutti gli spettatori devono <strong>indossare<\/strong> <strong>la mascherina<\/strong> e, se all&#8217;aperto (es. arene, anfiteatri, cinema all&#8217;aperto) tale obbligo vale dall\u2019ingresso fino al proprio posto, o durante gli spostamenti, cos\u00ec come per l\u2019uscita.<\/p>\n<p><b><span class=\"s1\"><span class=\"s2\"><strong><span style=\"color: #8b774b; font-size: 20px;\">\u2605 <\/span><\/strong><\/span><\/span><\/b>Utilizzo di <strong>sacchetti monouso porta abiti<\/strong> per eventuali guardaroba.<\/p>\n<p><b><span class=\"s1\"><span class=\"s2\"><strong><span style=\"color: #8b774b; font-size: 20px;\">\u2605 <\/span><\/strong><\/span><\/span><\/b>\u00c8 consentito il <strong>consumo di cibo e bevande<\/strong> durante lo svolgimento dello spettacolo<strong>.<\/strong><\/p>\n<p>Per una lettura completa delle linee guida potete cliccare direttamente QUI<\/p>\n<h2>Gli esempi virtuosi<\/h2>\n<p><img loading=\"lazy\" class=\"size-full wp-image-84526 aligncenter\" src=\"https:\/\/www.showgroup.it\/blog\/wp-content\/uploads\/2020\/07\/esempio-virtuoso_4.jpg\" alt=\"\" width=\"1000\" height=\"500\" srcset=\"https:\/\/www.showgroup.it\/blog\/wp-content\/uploads\/2020\/07\/esempio-virtuoso_4.jpg 1000w, https:\/\/www.showgroup.it\/blog\/wp-content\/uploads\/2020\/07\/esempio-virtuoso_4-300x150.jpg 300w, https:\/\/www.showgroup.it\/blog\/wp-content\/uploads\/2020\/07\/esempio-virtuoso_4-768x384.jpg 768w\" sizes=\"(max-width: 1000px) 100vw, 1000px\" \/><\/p>\n<p style=\"text-align: center; font-size: 12px;\"><em>Photo Credits: Riccardo Diotallevi per Shining Production<\/em><\/p>\n<p>&nbsp;<\/p>\n<p>Ed \u00e8 proprio dalla Lombardia che partono alcuni dei modelli pi\u00f9 virtuosi, figli della voglia di non passare un\u2019estate fermi a guardare e dell\u2019esigenza di ripartire offrendo cultura e aggregazione a una regione duramente colpita dall\u2019emergenza Covid.<\/p>\n<p>In una delle zone dove il campanilismo e la rivalit\u00e0 territoriale si \u00e8 sempre fatta forte, <strong>Brescia e Bergamo<\/strong> si uniscono nel nome della cultura. Nasce da qui il progetto <strong>DPCM, Decretiamo Polaresco Congiunto Molloy.<\/strong> Si tratta di una stretta collaborazione tra <a href=\"https:\/\/www.facebook.com\/spaziopolaresco\" target=\"_blank\" rel=\"noopener noreferrer\">Spazio Polaresco<\/a>, un nuovo polo culturale aperto da poco a Bergamo e <a href=\"https:\/\/www.facebook.com\/distilleriamolloy\" target=\"_blank\" rel=\"noopener noreferrer\">Distilleria Molloy<\/a> di Brescia, la sorella minore di Latteria Molloy, uno dei riferimenti dei Live Club del Nord Italia. Dalla collaborazione di queste due realt\u00e0 \u00e8 nata una programmazione estiva fatta di sagre, fiere, concerti, dj set, tutti nel rispetto delle normative per gli eventi post Covid. La risposta del pubblico \u00e8 stata grandiosa, con diversi sold out che hanno fatto capire quanto ci sia bisogno di eventi, ma di eventi ben organizzati.<\/p>\n<p>A <strong>Mantova<\/strong>, invece, ha preso <strong>piede il primo <\/strong><a href=\"https:\/\/www.facebook.com\/bikein.live\" target=\"_blank\" rel=\"noopener noreferrer\"><strong>Bike-In<\/strong><\/a><strong> in Italia, con concerti del calibro di Niccol\u00f2 Fabi.<\/strong> La proposta \u00e8 quella di un nuovo concetto di drive-in in cui la protagonista \u00e8 la bicicletta. Un compromesso perfetto per sostituire il format dei grandi assembramenti a favore di una fruizione con capienze ridotte e una struttura basata sulle distanze che garantisca la sicurezza, senza tuttavia perdere la magia e le emozioni degli show dal vivo.<\/p>\n<p>In una Milano che perde quasi un intero target, <strong>con la chiusura del Circolo Ohib\u00f2 e del Serraglio<\/strong>, e la sospensione dell\u2019edizione estiva del Festival Mi AMI ecco che romanticamente assume ancor pi\u00f9 significato <strong>l\u2019apertura del <\/strong><a href=\"https:\/\/www.facebook.com\/ridemilano\" target=\"_blank\" rel=\"noopener noreferrer\"><strong>Ride<\/strong><\/a><strong>, un hub culturale che nasce nell\u2019ex scalo di Porta Genova e assicura<\/strong>, sulle rive del naviglio una programmazione musicale degna di questo nome. \u00c8 sempre a Milano, all\u2019idroscalo, l\u2019altra grande proposta artistica dell\u2019estate meneghina: <strong>Cuori Impavidi<\/strong>. Un nome che racchiude tutto il significato di mettersi a organizzare eventi in questo periodo. Lo si fa per ripartire, con coraggio, e quel pizzico di cuore impavido che non guasta. Particolarit\u00e0 di questa proposta, il doppio spettacolo per gli eventi pi\u00f9 accattivanti. Come per il live degli Eugenio in Via Di Gioia, vera sorpresa a Sanremo2020, ma arcinoti nell\u2019ambiente della musica emergente italiana. Per loro ci sar\u00e0 un doppio live, lo stesso giorno, in due momenti differenti, cos\u00ec da garantire al doppio delle persone permesse dalla capienza di partecipare all\u2019evento.<\/p>\n<p>A proposito di Sanremo, Diodato sar\u00e0 il protagonista dell\u2019estate: \u00e8 stato il primo ad annunciare un vero e proprio tour ed \u00e8 grazie a questo che si sono scoperte proposte che vanno oltre il semplice live, abbracciando l\u2019esigenza di rilanciare anche il turismo e la cultura. Lo sanno bene dalle parti della <strong>Valle d\u2019Aosta, dove hanno organizzato <\/strong><a href=\"https:\/\/www.musicastellevda.it\/\" target=\"_blank\" rel=\"noopener noreferrer\"><strong>Musicastelle Outdooor<\/strong><\/a>. Le location dei concerti, sempre diverse, sono valli ad alta quota naturalmente spaziose e sicure. Per un\u2019esperienza che unisce musica e natura avendo cura della salute dei partecipanti, abbiamo attuato misure di sicurezza e stabilito buone norme da seguire. <strong>Quattro concerti, quattro sold out: Diodato, Brunori Sas, Elodie, Niccol\u00f2 Fabi. Cultura e turismo, un binomio perfetto, con la natura a fare da distanziamento sociale per eccellenza.<\/strong><\/p>\n<p>Se si parla di turismo, \u00e8 impossibile non citare la Puglia, tra le prime regioni a riaprire le porte ad eventi e concerti, ma anche la Sicilia, dove <a href=\"http:\/\/www.indiegenofest.it\/\" target=\"_blank\" rel=\"noopener noreferrer\"><strong>Indiegeno Fest<\/strong><\/a><strong> ha accettato la sfida pi\u00f9 grande, vivendo per mesi in bal\u00eca degli eventi, ma ritardando il pi\u00f9 possibile la comunicazione di un eventuale annullamento dell\u2019evento.<\/strong> Un annullamento che non c\u2019\u00e8 mai stato, anzi: il festival si far\u00e0, sempre con Diodato ed Elodie presenti in line up, due nomi spesso presenti, e attendendo novit\u00e0 che non mancheranno per la <strong>stupenda cornice dell\u2019anfiteatro di Tindari. <\/strong><\/p>\n<p>Ed \u00e8 proprio qui che il nostro percorso raggiunge il suo massimo compimento. A tutti coloro che questa estate vorranno organizzare un evento, guardino il regolamento, puntiglioso quanto trasparente di un festival come quello siciliano. \u00c8 tutto scritto l\u00ec: coraggio, attenzione, portata culturale, aggregazione, natura, rispetto. Non mancano le indicazioni per il rispetto delle norme regionali, ovviamente, come l\u2019utilizzo della mascherina, la misurazione della temperatura corporea e <strong>un\u2019autocertificazione che comunichi i gruppi di congiunti.<\/strong><\/p>\n<p>Ma \u00e8 nella parte relativa ai divieti che emerge la grande portata culturale di un evento musicale: si legge infatti che \u00e8 vietato \u201cesternare qualsiasi forma di discriminazione razziale, etnica, religiosa, di genere o altre manifestazioni di intolleranza sia nei confronti del pubblico, degli artisti e del personale che sta svolgendo il proprio lavoro\u201d. Si dovr\u00e0 ripartire da qui se si vorr\u00e0 andare lontano. E dunque lasciamolo <strong>qui<\/strong><strong> il regolamento integrale di Indiegeno Fest<\/strong>, come un vademecum, una buona norma da seguire. E buona estate a tutti.<\/p>\n<p><i class=\"\">Articolo realizzato in collaborazione con <a href=\"https:\/\/www.docservizi.it\/\" target=\"_blank\" rel=\"noopener noreferrer\">Doc Servizi<\/a><\/i><\/p>\n","protected":false},"excerpt":{"rendered":"<p>Dal grande lavoro fatto dagli organizzatori in questi mesi, sono nati progetti e programmazioni molto interessanti. Scopriamole insieme!<\/p>\n","protected":false},"author":5,"featured_media":84529,"comment_status":"open","ping_status":"open","sticky":false,"template":"","format":"standard","meta":[],"categories":[663],"tags":[],"yoast_head":"<!-- This site is optimized with the Yoast SEO plugin v16.9 - https:\/\/yoast.com\/wordpress\/plugins\/seo\/ -->\n<title>Gli eventi musicali post Covid esistono: ecco come organizzarli e le proposte pi\u00f9 coraggiose dell\u2019estate &bull; Showgroup - Ready to be WOW!<\/title>\n<meta name=\"robots\" content=\"index, follow, max-snippet:-1, max-image-preview:large, max-video-preview:-1\" \/>\n<link rel=\"canonical\" href=\"https:\/\/www.showgroup.it\/blog\/2020\/07\/22\/gli-eventi-musicali-post-covid-esistono-ecco-come-organizzarli-e-le-proposte-piu-coraggiose-dellestate\/\" \/>\n<meta property=\"og:locale\" content=\"it_IT\" \/>\n<meta property=\"og:type\" content=\"article\" \/>\n<meta property=\"og:title\" content=\"Eventi musicali post covid: come organizzarli e le proposte pi\u00f9 coraggiose dell\u2019estate\" \/>\n<meta property=\"og:description\" content=\"Dal grande lavoro fatto dagli organizzatori in questi mesi, sono nati progetti e programmazioni molto interessanti. Scopriamole insieme!\" \/>\n<meta property=\"og:url\" content=\"https:\/\/www.showgroup.it\/blog\/2020\/07\/22\/gli-eventi-musicali-post-covid-esistono-ecco-come-organizzarli-e-le-proposte-piu-coraggiose-dellestate\/\" \/>\n<meta property=\"og:site_name\" content=\"Showgroup - Ready to be WOW!\" \/>\n<meta property=\"article:publisher\" content=\"https:\/\/www.facebook.com\/ShowGroupWow\/\" \/>\n<meta property=\"article:published_time\" content=\"2020-07-22T13:48:16+00:00\" \/>\n<meta property=\"article:modified_time\" content=\"2025-08-17T15:26:30+00:00\" \/>\n<meta property=\"og:image\" content=\"https:\/\/www.showgroup.it\/blog\/wp-content\/uploads\/2020\/07\/banner2.jpg\" \/>\n\t<meta property=\"og:image:width\" content=\"1920\" \/>\n\t<meta property=\"og:image:height\" content=\"1080\" \/>\n<meta name=\"twitter:card\" content=\"summary_large_image\" \/>\n<meta name=\"twitter:title\" content=\"Eventi musicali post covid: come organizzarli e le proposte pi\u00f9 coraggiose dell\u2019estate\" \/>\n<meta name=\"twitter:description\" content=\"Dal grande lavoro fatto dagli organizzatori in questi mesi, sono nati progetti e programmazioni molto interessanti. Scopriamole insieme!\" \/>\n<meta name=\"twitter:image\" content=\"https:\/\/www.showgroup.it\/blog\/wp-content\/uploads\/2020\/07\/banner2.jpg\" \/>\n<meta name=\"twitter:label1\" content=\"Scritto da\" \/>\n\t<meta name=\"twitter:data1\" content=\"Benedetta Gatti\" \/>\n\t<meta name=\"twitter:label2\" content=\"Tempo di lettura stimato\" \/>\n\t<meta name=\"twitter:data2\" content=\"10 minuti\" \/>\n<script type=\"application\/ld+json\" class=\"yoast-schema-graph\">{\"@context\":\"https:\/\/schema.org\",\"@graph\":[{\"@type\":\"Organization\",\"@id\":\"https:\/\/www.showgroup.it\/#organization\",\"name\":\"Showgroup\",\"url\":\"https:\/\/www.showgroup.it\/\",\"sameAs\":[\"https:\/\/www.facebook.com\/ShowGroupWow\/\",\"https:\/\/www.instagram.com\/showgroupwow\/\"],\"logo\":{\"@type\":\"ImageObject\",\"@id\":\"https:\/\/www.showgroup.it\/#logo\",\"inLanguage\":\"it-IT\",\"url\":\"https:\/\/www.showgroup.it\/blog\/wp-content\/uploads\/2025\/01\/logo-black.svg\",\"contentUrl\":\"https:\/\/www.showgroup.it\/blog\/wp-content\/uploads\/2025\/01\/logo-black.svg\",\"width\":1440,\"height\":916,\"caption\":\"Showgroup\"},\"image\":{\"@id\":\"https:\/\/www.showgroup.it\/#logo\"}},{\"@type\":\"WebSite\",\"@id\":\"https:\/\/www.showgroup.it\/#website\",\"url\":\"https:\/\/www.showgroup.it\/\",\"name\":\"Showgroup - Ready to be WOW!\",\"description\":\"Il primo portale gratuito dedicato al mondo dello spettacolo.\",\"publisher\":{\"@id\":\"https:\/\/www.showgroup.it\/#organization\"},\"potentialAction\":[{\"@type\":\"SearchAction\",\"target\":{\"@type\":\"EntryPoint\",\"urlTemplate\":\"https:\/\/www.showgroup.it\/?s={search_term_string}\"},\"query-input\":\"required name=search_term_string\"}],\"inLanguage\":\"it-IT\"},{\"@type\":\"ImageObject\",\"@id\":\"https:\/\/www.showgroup.it\/blog\/2020\/07\/22\/gli-eventi-musicali-post-covid-esistono-ecco-come-organizzarli-e-le-proposte-piu-coraggiose-dellestate\/#primaryimage\",\"inLanguage\":\"it-IT\",\"url\":\"https:\/\/www.showgroup.it\/blog\/wp-content\/uploads\/2020\/07\/banner2.jpg\",\"contentUrl\":\"https:\/\/www.showgroup.it\/blog\/wp-content\/uploads\/2020\/07\/banner2.jpg\",\"width\":1920,\"height\":1080,\"caption\":\"evento serale\"},{\"@type\":\"WebPage\",\"@id\":\"https:\/\/www.showgroup.it\/blog\/2020\/07\/22\/gli-eventi-musicali-post-covid-esistono-ecco-come-organizzarli-e-le-proposte-piu-coraggiose-dellestate\/#webpage\",\"url\":\"https:\/\/www.showgroup.it\/blog\/2020\/07\/22\/gli-eventi-musicali-post-covid-esistono-ecco-come-organizzarli-e-le-proposte-piu-coraggiose-dellestate\/\",\"name\":\"Gli eventi musicali post Covid esistono: ecco come organizzarli e le proposte pi\\u00f9 coraggiose dell\\u2019estate &bull; Showgroup - Ready to be WOW!\",\"isPartOf\":{\"@id\":\"https:\/\/www.showgroup.it\/#website\"},\"primaryImageOfPage\":{\"@id\":\"https:\/\/www.showgroup.it\/blog\/2020\/07\/22\/gli-eventi-musicali-post-covid-esistono-ecco-come-organizzarli-e-le-proposte-piu-coraggiose-dellestate\/#primaryimage\"},\"datePublished\":\"2020-07-22T13:48:16+00:00\",\"dateModified\":\"2025-08-17T15:26:30+00:00\",\"breadcrumb\":{\"@id\":\"https:\/\/www.showgroup.it\/blog\/2020\/07\/22\/gli-eventi-musicali-post-covid-esistono-ecco-come-organizzarli-e-le-proposte-piu-coraggiose-dellestate\/#breadcrumb\"},\"inLanguage\":\"it-IT\",\"potentialAction\":[{\"@type\":\"ReadAction\",\"target\":[\"https:\/\/www.showgroup.it\/blog\/2020\/07\/22\/gli-eventi-musicali-post-covid-esistono-ecco-come-organizzarli-e-le-proposte-piu-coraggiose-dellestate\/\"]}]},{\"@type\":\"BreadcrumbList\",\"@id\":\"https:\/\/www.showgroup.it\/blog\/2020\/07\/22\/gli-eventi-musicali-post-covid-esistono-ecco-come-organizzarli-e-le-proposte-piu-coraggiose-dellestate\/#breadcrumb\",\"itemListElement\":[{\"@type\":\"ListItem\",\"position\":1,\"name\":\"Home\",\"item\":\"https:\/\/www.showgroup.it\/blog\/\"},{\"@type\":\"ListItem\",\"position\":2,\"name\":\"Gli eventi musicali post Covid esistono: ecco come organizzarli e le proposte pi\\u00f9 coraggiose dell\\u2019estate\"}]},{\"@type\":\"Article\",\"@id\":\"https:\/\/www.showgroup.it\/blog\/2020\/07\/22\/gli-eventi-musicali-post-covid-esistono-ecco-come-organizzarli-e-le-proposte-piu-coraggiose-dellestate\/#article\",\"isPartOf\":{\"@id\":\"https:\/\/www.showgroup.it\/blog\/2020\/07\/22\/gli-eventi-musicali-post-covid-esistono-ecco-come-organizzarli-e-le-proposte-piu-coraggiose-dellestate\/#webpage\"},\"author\":{\"@id\":\"https:\/\/www.showgroup.it\/#\/schema\/person\/9b799d433be4e17451d197175628047a\"},\"headline\":\"Gli eventi musicali post Covid esistono: ecco come organizzarli e le proposte pi\\u00f9 coraggiose dell\\u2019estate\",\"datePublished\":\"2020-07-22T13:48:16+00:00\",\"dateModified\":\"2025-08-17T15:26:30+00:00\",\"mainEntityOfPage\":{\"@id\":\"https:\/\/www.showgroup.it\/blog\/2020\/07\/22\/gli-eventi-musicali-post-covid-esistono-ecco-come-organizzarli-e-le-proposte-piu-coraggiose-dellestate\/#webpage\"},\"wordCount\":1993,\"commentCount\":0,\"publisher\":{\"@id\":\"https:\/\/www.showgroup.it\/#organization\"},\"image\":{\"@id\":\"https:\/\/www.showgroup.it\/blog\/2020\/07\/22\/gli-eventi-musicali-post-covid-esistono-ecco-come-organizzarli-e-le-proposte-piu-coraggiose-dellestate\/#primaryimage\"},\"thumbnailUrl\":\"https:\/\/www.showgroup.it\/blog\/wp-content\/uploads\/2020\/07\/banner2.jpg\",\"articleSection\":[\"Logistica spettacolo\"],\"inLanguage\":\"it-IT\",\"potentialAction\":[{\"@type\":\"CommentAction\",\"name\":\"Comment\",\"target\":[\"https:\/\/www.showgroup.it\/blog\/2020\/07\/22\/gli-eventi-musicali-post-covid-esistono-ecco-come-organizzarli-e-le-proposte-piu-coraggiose-dellestate\/#respond\"]}]},{\"@type\":\"Person\",\"@id\":\"https:\/\/www.showgroup.it\/#\/schema\/person\/9b799d433be4e17451d197175628047a\",\"name\":\"Benedetta Gatti\",\"image\":{\"@type\":\"ImageObject\",\"@id\":\"https:\/\/www.showgroup.it\/#personlogo\",\"inLanguage\":\"it-IT\",\"url\":\"https:\/\/secure.gravatar.com\/avatar\/32ceeb7300be30aabe2c84fdaa89eac0?s=96&d=mm&r=g\",\"contentUrl\":\"https:\/\/secure.gravatar.com\/avatar\/32ceeb7300be30aabe2c84fdaa89eac0?s=96&d=mm&r=g\",\"caption\":\"Benedetta Gatti\"}}]}<\/script>\n<!-- \/ Yoast SEO plugin. -->","yoast_head_json":{"title":"Gli eventi musicali post Covid esistono: ecco come organizzarli e le proposte pi\u00f9 coraggiose dell\u2019estate &bull; Showgroup - Ready to be WOW!","robots":{"index":"index","follow":"follow","max-snippet":"max-snippet:-1","max-image-preview":"max-image-preview:large","max-video-preview":"max-video-preview:-1"},"canonical":"https:\/\/www.showgroup.it\/blog\/2020\/07\/22\/gli-eventi-musicali-post-covid-esistono-ecco-come-organizzarli-e-le-proposte-piu-coraggiose-dellestate\/","og_locale":"it_IT","og_type":"article","og_title":"Eventi musicali post covid: come organizzarli e le proposte pi\u00f9 coraggiose dell\u2019estate","og_description":"Dal grande lavoro fatto dagli organizzatori in questi mesi, sono nati progetti e programmazioni molto interessanti. Scopriamole insieme!","og_url":"https:\/\/www.showgroup.it\/blog\/2020\/07\/22\/gli-eventi-musicali-post-covid-esistono-ecco-come-organizzarli-e-le-proposte-piu-coraggiose-dellestate\/","og_site_name":"Showgroup - Ready to be WOW!","article_publisher":"https:\/\/www.facebook.com\/ShowGroupWow\/","article_published_time":"2020-07-22T13:48:16+00:00","article_modified_time":"2025-08-17T15:26:30+00:00","og_image":[{"width":1920,"height":1080,"filesize":792450,"url":"https:\/\/www.showgroup.it\/blog\/wp-content\/uploads\/2020\/07\/banner2.jpg","path":"\/sites\/www.showgroup.it\/files\/blog\/wp-content\/uploads\/2020\/07\/banner2.jpg","size":"full","id":"84529","alt":"evento serale","pixels":2073600,"type":"image\/jpeg"}],"twitter_card":"summary_large_image","twitter_title":"Eventi musicali post covid: come organizzarli e le proposte pi\u00f9 coraggiose dell\u2019estate","twitter_description":"Dal grande lavoro fatto dagli organizzatori in questi mesi, sono nati progetti e programmazioni molto interessanti. Scopriamole insieme!","twitter_image":"https:\/\/www.showgroup.it\/blog\/wp-content\/uploads\/2020\/07\/banner2.jpg","twitter_misc":{"Scritto da":"Benedetta Gatti","Tempo di lettura stimato":"10 minuti"},"schema":{"@context":"https:\/\/schema.org","@graph":[{"@type":"Organization","@id":"https:\/\/www.showgroup.it\/#organization","name":"Showgroup","url":"https:\/\/www.showgroup.it\/","sameAs":["https:\/\/www.facebook.com\/ShowGroupWow\/","https:\/\/www.instagram.com\/showgroupwow\/"],"logo":{"@type":"ImageObject","@id":"https:\/\/www.showgroup.it\/#logo","inLanguage":"it-IT","url":"https:\/\/www.showgroup.it\/blog\/wp-content\/uploads\/2025\/01\/logo-black.svg","contentUrl":"https:\/\/www.showgroup.it\/blog\/wp-content\/uploads\/2025\/01\/logo-black.svg","width":1440,"height":916,"caption":"Showgroup"},"image":{"@id":"https:\/\/www.showgroup.it\/#logo"}},{"@type":"WebSite","@id":"https:\/\/www.showgroup.it\/#website","url":"https:\/\/www.showgroup.it\/","name":"Showgroup - Ready to be WOW!","description":"Il primo portale gratuito dedicato al mondo dello spettacolo.","publisher":{"@id":"https:\/\/www.showgroup.it\/#organization"},"potentialAction":[{"@type":"SearchAction","target":{"@type":"EntryPoint","urlTemplate":"https:\/\/www.showgroup.it\/?s={search_term_string}"},"query-input":"required name=search_term_string"}],"inLanguage":"it-IT"},{"@type":"ImageObject","@id":"https:\/\/www.showgroup.it\/blog\/2020\/07\/22\/gli-eventi-musicali-post-covid-esistono-ecco-come-organizzarli-e-le-proposte-piu-coraggiose-dellestate\/#primaryimage","inLanguage":"it-IT","url":"https:\/\/www.showgroup.it\/blog\/wp-content\/uploads\/2020\/07\/banner2.jpg","contentUrl":"https:\/\/www.showgroup.it\/blog\/wp-content\/uploads\/2020\/07\/banner2.jpg","width":1920,"height":1080,"caption":"evento serale"},{"@type":"WebPage","@id":"https:\/\/www.showgroup.it\/blog\/2020\/07\/22\/gli-eventi-musicali-post-covid-esistono-ecco-come-organizzarli-e-le-proposte-piu-coraggiose-dellestate\/#webpage","url":"https:\/\/www.showgroup.it\/blog\/2020\/07\/22\/gli-eventi-musicali-post-covid-esistono-ecco-come-organizzarli-e-le-proposte-piu-coraggiose-dellestate\/","name":"Gli eventi musicali post Covid esistono: ecco come organizzarli e le proposte pi\u00f9 coraggiose dell\u2019estate &bull; Showgroup - Ready to be WOW!","isPartOf":{"@id":"https:\/\/www.showgroup.it\/#website"},"primaryImageOfPage":{"@id":"https:\/\/www.showgroup.it\/blog\/2020\/07\/22\/gli-eventi-musicali-post-covid-esistono-ecco-come-organizzarli-e-le-proposte-piu-coraggiose-dellestate\/#primaryimage"},"datePublished":"2020-07-22T13:48:16+00:00","dateModified":"2025-08-17T15:26:30+00:00","breadcrumb":{"@id":"https:\/\/www.showgroup.it\/blog\/2020\/07\/22\/gli-eventi-musicali-post-covid-esistono-ecco-come-organizzarli-e-le-proposte-piu-coraggiose-dellestate\/#breadcrumb"},"inLanguage":"it-IT","potentialAction":[{"@type":"ReadAction","target":["https:\/\/www.showgroup.it\/blog\/2020\/07\/22\/gli-eventi-musicali-post-covid-esistono-ecco-come-organizzarli-e-le-proposte-piu-coraggiose-dellestate\/"]}]},{"@type":"BreadcrumbList","@id":"https:\/\/www.showgroup.it\/blog\/2020\/07\/22\/gli-eventi-musicali-post-covid-esistono-ecco-come-organizzarli-e-le-proposte-piu-coraggiose-dellestate\/#breadcrumb","itemListElement":[{"@type":"ListItem","position":1,"name":"Home","item":"https:\/\/www.showgroup.it\/blog\/"},{"@type":"ListItem","position":2,"name":"Gli eventi musicali post Covid esistono: ecco come organizzarli e le proposte pi\u00f9 coraggiose dell\u2019estate"}]},{"@type":"Article","@id":"https:\/\/www.showgroup.it\/blog\/2020\/07\/22\/gli-eventi-musicali-post-covid-esistono-ecco-come-organizzarli-e-le-proposte-piu-coraggiose-dellestate\/#article","isPartOf":{"@id":"https:\/\/www.showgroup.it\/blog\/2020\/07\/22\/gli-eventi-musicali-post-covid-esistono-ecco-come-organizzarli-e-le-proposte-piu-coraggiose-dellestate\/#webpage"},"author":{"@id":"https:\/\/www.showgroup.it\/#\/schema\/person\/9b799d433be4e17451d197175628047a"},"headline":"Gli eventi musicali post Covid esistono: ecco come organizzarli e le proposte pi\u00f9 coraggiose dell\u2019estate","datePublished":"2020-07-22T13:48:16+00:00","dateModified":"2025-08-17T15:26:30+00:00","mainEntityOfPage":{"@id":"https:\/\/www.showgroup.it\/blog\/2020\/07\/22\/gli-eventi-musicali-post-covid-esistono-ecco-come-organizzarli-e-le-proposte-piu-coraggiose-dellestate\/#webpage"},"wordCount":1993,"commentCount":0,"publisher":{"@id":"https:\/\/www.showgroup.it\/#organization"},"image":{"@id":"https:\/\/www.showgroup.it\/blog\/2020\/07\/22\/gli-eventi-musicali-post-covid-esistono-ecco-come-organizzarli-e-le-proposte-piu-coraggiose-dellestate\/#primaryimage"},"thumbnailUrl":"https:\/\/www.showgroup.it\/blog\/wp-content\/uploads\/2020\/07\/banner2.jpg","articleSection":["Logistica spettacolo"],"inLanguage":"it-IT","potentialAction":[{"@type":"CommentAction","name":"Comment","target":["https:\/\/www.showgroup.it\/blog\/2020\/07\/22\/gli-eventi-musicali-post-covid-esistono-ecco-come-organizzarli-e-le-proposte-piu-coraggiose-dellestate\/#respond"]}]},{"@type":"Person","@id":"https:\/\/www.showgroup.it\/#\/schema\/person\/9b799d433be4e17451d197175628047a","name":"Benedetta Gatti","image":{"@type":"ImageObject","@id":"https:\/\/www.showgroup.it\/#personlogo","inLanguage":"it-IT","url":"https:\/\/secure.gravatar.com\/avatar\/32ceeb7300be30aabe2c84fdaa89eac0?s=96&d=mm&r=g","contentUrl":"https:\/\/secure.gravatar.com\/avatar\/32ceeb7300be30aabe2c84fdaa89eac0?s=96&d=mm&r=g","caption":"Benedetta Gatti"}}]}},"_links":{"self":[{"href":"https:\/\/www.showgroup.it\/blog\/wp-json\/wp\/v2\/posts\/84502"}],"collection":[{"href":"https:\/\/www.showgroup.it\/blog\/wp-json\/wp\/v2\/posts"}],"about":[{"href":"https:\/\/www.showgroup.it\/blog\/wp-json\/wp\/v2\/types\/post"}],"author":[{"embeddable":true,"href":"https:\/\/www.showgroup.it\/blog\/wp-json\/wp\/v2\/users\/5"}],"replies":[{"embeddable":true,"href":"https:\/\/www.showgroup.it\/blog\/wp-json\/wp\/v2\/comments?post=84502"}],"version-history":[{"count":3,"href":"https:\/\/www.showgroup.it\/blog\/wp-json\/wp\/v2\/posts\/84502\/revisions"}],"predecessor-version":[{"id":99858,"href":"https:\/\/www.showgroup.it\/blog\/wp-json\/wp\/v2\/posts\/84502\/revisions\/99858"}],"wp:featuredmedia":[{"embeddable":true,"href":"https:\/\/www.showgroup.it\/blog\/wp-json\/wp\/v2\/media\/84529"}],"wp:attachment":[{"href":"https:\/\/www.showgroup.it\/blog\/wp-json\/wp\/v2\/media?parent=84502"}],"wp:term":[{"taxonomy":"category","embeddable":true,"href":"https:\/\/www.showgroup.it\/blog\/wp-json\/wp\/v2\/categories?post=84502"},{"taxonomy":"post_tag","embeddable":true,"href":"https:\/\/www.showgroup.it\/blog\/wp-json\/wp\/v2\/tags?post=84502"}],"curies":[{"name":"wp","href":"https:\/\/api.w.org\/{rel}","templated":true}]}}