{"id":84616,"date":"2020-09-15T12:07:58","date_gmt":"2020-09-15T10:07:58","guid":{"rendered":"https:\/\/www.showgroup.it\/?p=84616"},"modified":"2025-08-17T17:27:58","modified_gmt":"2025-08-17T15:27:58","slug":"vip-e-covid-19-chi-sono-i-posidivi","status":"publish","type":"post","link":"https:\/\/www.showgroup.it\/blog\/2020\/09\/15\/vip-e-covid-19-chi-sono-i-posidivi\/","title":{"rendered":"Vip e COVID-19: chi sono i PosiDivi?"},"content":{"rendered":"<p><span style=\"font-weight: 400;\">La SARS-cov2 o pi\u00f9 semplicemente il virus che causa il COVID-19, dalla sua comparsa in Cina, mantiene la sua presenza a livello internazionale. Il nuovo coronavirus SARS-cov2 non ha solamente creato preoccupazioni sanitarie. Anche <\/span><b>l\u2019economia globale ha sub\u00ecto rilevanti contrazioni<\/b><span style=\"font-weight: 400;\"> a seguito dei \u201c<\/span><b><i>lockdown<\/i><\/b><span style=\"font-weight: 400;\">\u201d attuati in molti paesi. E non ha risparmiato nessuno, <\/span><b>nemmeno i VIP<\/b><span style=\"font-weight: 400;\">, ma pi\u00f9 in generale uno\u00a0<\/span><span style=\"font-weight: 400;\">fra i tanti settori colpiti duramente dal virus che causa il COVID-19 \u00e8 stato il <\/span><b>mondo dello spettacolo<\/b><span style=\"font-weight: 400;\">. Scopriamo perch\u00e9.<\/span><\/p>\n<p>&nbsp;<\/p>\n<h2><b>Vip e COVID-19: pronti, partenza, via<\/b><\/h2>\n<h2><b><\/b><img loading=\"lazy\" class=\"wp-image-84628 size-full aligncenter\" src=\"https:\/\/www.showgroup.it\/blog\/wp-content\/uploads\/2020\/09\/la-malattia-diventa-social.jpg\" alt=\"\" width=\"1000\" height=\"476\" srcset=\"https:\/\/www.showgroup.it\/blog\/wp-content\/uploads\/2020\/09\/la-malattia-diventa-social.jpg 1000w, https:\/\/www.showgroup.it\/blog\/wp-content\/uploads\/2020\/09\/la-malattia-diventa-social-300x143.jpg 300w, https:\/\/www.showgroup.it\/blog\/wp-content\/uploads\/2020\/09\/la-malattia-diventa-social-768x366.jpg 768w\" sizes=\"(max-width: 1000px) 100vw, 1000px\" \/><\/h2>\n<p><span style=\"font-weight: 400;\">Lo <\/span><b>stop immediato di tutti gli eventi in programma<\/b><span style=\"font-weight: 400;\"> ha portato all\u2019annullamento di concerti, eventi, manifestazioni artistiche e teatrali: un grosso problema per i lavoratori ed i tecnici che operano nel <\/span><b>mondo dello spettacolo<\/b><span style=\"font-weight: 400;\">.\u00a0<\/span><\/p>\n<p><span style=\"font-weight: 400;\">Per questo motivo il mondo dello <\/span><i><span style=\"font-weight: 400;\">show business<\/span><\/i><span style=\"font-weight: 400;\"> si \u00e8 mosso, anche (ma non solo) attraverso le sigle del settore, tra cui Agis, <\/span><i><span style=\"font-weight: 400;\">l\u2019Associazione generale italiana dello spettacolo<\/span><\/i><span style=\"font-weight: 400;\">, per chiedere dei sostegni concreti, sostegni di cui abbiamo parlato <\/span><a href=\"https:\/\/www.showgroup.it\/blog\/2020\/03\/23\/coronavirus-le-misure-a-sostegno-degli-artisti\/\"><span style=\"font-weight: 400;\">in questo articolo<\/span><\/a><span style=\"font-weight: 400;\">.\u00a0<\/span><\/p>\n<p><span style=\"font-weight: 400;\">Usciti tutti dal <\/span><i><span style=\"font-weight: 400;\">lockdown<\/span><\/i><span style=\"font-weight: 400;\"> gli eventi sono ripartiti in molte regioni italiane in rispetto dei regolamenti vigenti che prevedono:\u00a0<\/span><\/p>\n<p class=\"p1\"><b><span class=\"s1\"><span class=\"s2\"><strong><span style=\"color: #8b774b; font-size: 20px;\">\u2605 <\/span><\/strong><\/span><\/span><\/b><strong>uso della mascherina,\u00a0<\/strong><\/p>\n<p class=\"p1\"><b><span class=\"s1\"><span class=\"s2\"><strong><span style=\"color: #8b774b; font-size: 20px;\">\u2605 <\/span><\/strong><\/span><\/span><\/b><span style=\"font-weight: 400;\"><strong>controlli<\/strong> sul rispetto del distanziamento sociale ed eventuali assembramenti,\u00a0<\/span><\/p>\n<p class=\"p1\"><b><span class=\"s1\"><span class=\"s2\"><strong><span style=\"color: #8b774b; font-size: 20px;\">\u2605 <\/span><\/strong><\/span><\/span><\/b><strong>ordini di <i>food&amp;beverage<\/i><\/strong><span style=\"font-weight: 400;\"> da effettuare sul posto tramite app,\u00a0<\/span><\/p>\n<p><span style=\"font-weight: 400;\"><b><span class=\"s1\"><span class=\"s2\"><strong><span style=\"color: #8b774b; font-size: 20px;\">\u2605 <\/span><\/strong><\/span><\/span><\/b><strong>controlli<\/strong> sull\u2019adeguata capienza degli spazi,<\/span><\/p>\n<p class=\"p1\"><b><span class=\"s1\"><span class=\"s2\"><strong><span style=\"color: #8b774b; font-size: 20px;\">\u2605 <\/span><\/strong><\/span><\/span><\/b><span style=\"font-weight: 400;\"><strong>divieto di ballare<\/strong> durante gli spettacoli (se non tra congiunti).<\/span><\/p>\n<p class=\"p1\"><span style=\"font-weight: 400;\">Quest\u2019ultimo punto \u00e8 stato al centro di molte polemiche in seguito alla riapertura delle discoteche e il conseguente <\/span><b>aumento di casi di coronavirus<\/b> <b>durante l\u2019estate<\/b><span style=\"font-weight: 400;\"> che potrebbe portare ad un <\/span><b>nuovo <\/b><b><i>lockdown<\/i><\/b><b>.<\/b><\/p>\n<hr \/>\n<h2><b>Vip e COVID-19: Flavio Briatore e i PosiDivi<\/b><\/h2>\n<p class=\"p1\"><span style=\"font-weight: 400;\">Dopo che il focolaio del \u201cBillionaire\u201d e del suo proprietario <\/span><b>Flavio Briatore<\/b><span style=\"font-weight: 400;\"> \u00e8 finito su tutti i giornali e telegiornali, la lista dei <\/span><b>\u201cPosiDivi\u201d<\/b><span style=\"font-weight: 400;\"> al nuovo coronavirus s\u00ec \u00e8 allargata con una diffusione anche sui Social.\u00a0<\/span><\/p>\n<p><span style=\"font-weight: 400;\">Alcuni VIP hanno scelto di condividere il racconto della propria quarantena su Instagram e Facebook e, a questo proposito, non sono mancate le critiche per il dubbio utilizzo del virus come strumento per richiamare l\u2019attenzione dei <\/span><b><i>followers. <\/i><\/b><span style=\"font-weight: 400;\">Anche <\/span><b>Selvaggia Lucarelli<\/b><span style=\"font-weight: 400;\"> si \u00e8 schierata contro <\/span><a href=\"https:\/\/www.adnkronos.com\/fatti\/cronaca\/2020\/08\/28\/lucarelli-vip-usano-covid-come-palcoscenico-inquietante_dUJiUGULOqpjBbRpn55fAN.html\" class=\"broken_link\"><span style=\"font-weight: 400;\">l\u2019uso della malattia come palcoscenico<\/span><\/a><span style=\"font-weight: 400;\">, attraendo contro di s\u00e9 numerosi attacchi di <\/span><b><i>haters.<\/i><\/b><\/p>\n<p class=\"p3\"><span style=\"font-weight: 400;\">Alcuni pensano invece che il <\/span><b>\u201ccoming out\u201d<\/b><span style=\"font-weight: 400;\"> di personaggi pubblici e influencer famosi possa sensibilizzare verso i rischi reali di questa malattia, auspicando a una maggiore prudenza<\/span><\/p>\n<blockquote><p><span style=\"font-weight: 400;\">Flavio Briatore non \u00e8 l\u2019unica <\/span><b>celebrit\u00e0<\/b><span style=\"font-weight: 400;\"> ad essere entrato in contatto con<\/span><span style=\"font-weight: 400;\">\u00a0il <\/span><b>COVID-19<\/b><span style=\"font-weight: 400;\">. Tra gli altri, sono risultati positivi, ma in via di guarigione:<\/span><\/p><\/blockquote>\n<p><span style=\"font-weight: 400;\"><b><span class=\"s1\"><span class=\"s2\"><strong><span style=\"color: #8b774b; font-size: 20px;\">\u2605 <\/span><\/strong><\/span><\/span><\/b><\/span><b>Paolo Bonolis e Sinisa Mihajlovic, <\/b><span style=\"font-weight: 400;\">lo <\/span><a href=\"https:\/\/www.showgroup.it\/vetrine\/showman-e-show-woman\"><i><span style=\"font-weight: 400;\">showman<\/span><\/i><\/a><span style=\"font-weight: 400;\"> e l\u2019ex calciatore, oggi allenatore, hanno giocato a calcio con Flavio Briatore durante una partitella all\u2019hotel Cala di Volpe;\u00a0<\/span><\/p>\n<p><span style=\"font-weight: 400;\"><b><span class=\"s1\"><span class=\"s2\"><strong><span style=\"color: #8b774b; font-size: 20px;\">\u2605 <\/span><\/strong><\/span><\/span><\/b><\/span><b>Federico Fashion Style<\/b><span style=\"font-weight: 400;\"> nome d\u2019arte di Federico Lauri; l&#8217;hairstylist <\/span><span style=\"font-weight: 400;\">delle dive \u00e8 tornato dalla vacanza in Sardegna positivo al tampone il 24 agosto nonostante un primo esito negativo.<\/span><\/p>\n<p><b><span style=\"font-weight: 400;\"><span class=\"s1\"><span class=\"s2\"><strong><span style=\"color: #8b774b; font-size: 20px;\">\u2605 <\/span><\/strong><\/span><\/span><\/span>Antonella Mosetti, <\/b><a href=\"https:\/\/www.showgroup.it\/vetrine\/showman-e-show-woman\"><i><span style=\"font-weight: 400;\">showgirl<\/span><\/i><\/a><b>,<\/b><span style=\"font-weight: 400;\"> ospite del Billionare ha scoperto la sua positivit\u00e0 al coronavirus intorno al 24 agosto.<\/span><\/p>\n<p><b><span style=\"font-weight: 400;\"><span class=\"s1\"><span class=\"s2\"><strong><span style=\"color: #8b774b; font-size: 20px;\">\u2605 <\/span><\/strong><\/span><\/span><\/span>Aida Yespica<\/b><span style=\"font-weight: 400;\"> altra <\/span><i><span style=\"font-weight: 400;\">showgirl<\/span><\/i><span style=\"font-weight: 400;\"> da aggiungere alla lista dei clienti del Billionaire positivi alla SARS-cov2 al rientro dalla Sardegna.\u00a0<\/span><\/p>\n<p><b><span style=\"font-weight: 400;\"><span class=\"s1\"><span class=\"s2\"><strong><span style=\"color: #8b774b; font-size: 20px;\">\u2605 <\/span><\/strong><\/span><\/span><\/span>Eliana Michelazzo<\/b><span style=\"font-weight: 400;\"> ex corteggiatrice di Uomini e Donne ed ex manager di Pamela Prati aveva passato la notte di Ferragosto al Billionaire ed \u00e8 risultata positiva il 27 agosto.<\/span><\/p>\n<p><b><span style=\"font-weight: 400;\"><span class=\"s1\"><span class=\"s2\"><strong><span style=\"color: #8b774b; font-size: 20px;\">\u2605 <\/span><\/strong><\/span><\/span><\/span>Silvio Berlusconi <\/b><span style=\"font-weight: 400;\">negativo al tampone fatto in via precauzionale a seguito del contatto avvenuto con Flavio Briatore, ma successivamente <\/span><a href=\"https:\/\/www.corriere.it\/cronache\/20_settembre_08\/berlusconi-lotto-uscire-questa-malattia-infernale-091211a2-f207-11ea-a04c-fd3ebc88ed6c.shtml\"><span style=\"font-weight: 400;\">risultato positivo<\/span><\/a><span style=\"font-weight: 400;\"> in data 2 settembre<\/span><b>. Positivi anche i figli Luigi, Barbara e Marina Berlusconi.<\/b> <span style=\"font-weight: 400;\"><br \/>\n<\/span><span style=\"font-weight: 400;\">Silvio Berlusconi \u00e8 tutt\u2019ora ospitato all\u2019ospedale <\/span><b>San Raffaele di Milano:<\/b> <span style=\"font-weight: 400;\">gli ultimi aggiornamenti vedono il quadro clinico: \u201cin\u00a0costante evoluzione favorevole. Tutti i parametri clinici ed\u00a0ematochimici monitorati sono rassicuranti\u201d. Questo \u00e8 quanto recita l\u2019ultimo bollettino diramato dall&#8217;ospedale e dal Professor Alberto Zangrillo sulle condizioni dell\u2019ex-Presidente del Consiglio italiano.\u00a0<\/span><\/p>\n<blockquote><p><span style=\"font-weight: 400;\">Tutto questo per\u00f2 non ha fermato il normale scorrere degli appuntamenti pi\u00f9 importanti delle nostre vite. E tra questi come non citare i <\/span><a href=\"https:\/\/www.showgroup.it\/blog\/2020\/08\/26\/matrimonio-post-covid-le-regole-da-rispettare\/\"><b>matrimoni<\/b><\/a><span style=\"font-weight: 400;\">? Da quest\u2019estate sono infatti state permesse le celebrazioni a carattere privato, tra cui i matrimoni, purch\u00e9 organizzate in sicurezza.\u00a0<\/span><\/p><\/blockquote>\n<p><span style=\"font-weight: 400;\">Tra i matrimoni pi\u00f9 chiacchierati di quest\u2019epoca COVID c\u2019\u00e8 sicuramente quello tra <\/span><b>Elettra Lamborghini<\/b><span style=\"font-weight: 400;\"> e <\/span><b>Afrojack<\/b><span style=\"font-weight: 400;\">, 32 anni, famoso disc jockey e produttore discografico originario del Suriname, piccola repubblica dell\u2019America meridionale. Il luogo \u00e8 ancora segreto, e la data incerta &#8211; il 26 settembre? -, ma sappiamo sicuramente che sar\u00e0 organizzato dal <\/span><b><i>wedding planner<\/i><\/b><span style=\"font-weight: 400;\"> pi\u00f9 famoso della tv: <\/span><b>Enzo Miccio<\/b><span style=\"font-weight: 400;\">, che far\u00e0 fare un tampone a tutti gli invitati. \u201cPu\u00f2 sembrare una cosa poco piacevole, \u00e8 vero, ma serve proprio per tutelare gli ospiti e gli sposi stessi. \u00c8 un atteggiamento di grande responsabilit\u00e0.\u201d ha dichiarato in una <\/span><a href=\"https:\/\/www.ilfattoquotidiano.it\/2020\/09\/08\/enzo-miccio-e-il-coronavirus-sono-inviperito-io-viaggio-tanto-per-lavoro-nessuno-controlla\/5924394\/\"><span style=\"font-weight: 400;\">recente intervista<\/span><\/a><span style=\"font-weight: 400;\">. <\/span><\/p>\n<hr \/>\n<h2 class=\"p4\"><b>Vip e COVID-19: Info sui tamponi<\/b><\/h2>\n<p class=\"p1\"><img loading=\"lazy\" class=\"aligncenter wp-image-84624 size-full\" src=\"https:\/\/www.showgroup.it\/blog\/wp-content\/uploads\/2020\/09\/unnamed-1-1.jpg\" alt=\"\" width=\"1672\" height=\"836\" srcset=\"https:\/\/www.showgroup.it\/blog\/wp-content\/uploads\/2020\/09\/unnamed-1-1.jpg 1672w, https:\/\/www.showgroup.it\/blog\/wp-content\/uploads\/2020\/09\/unnamed-1-1-300x150.jpg 300w, https:\/\/www.showgroup.it\/blog\/wp-content\/uploads\/2020\/09\/unnamed-1-1-1024x512.jpg 1024w, https:\/\/www.showgroup.it\/blog\/wp-content\/uploads\/2020\/09\/unnamed-1-1-768x384.jpg 768w, https:\/\/www.showgroup.it\/blog\/wp-content\/uploads\/2020\/09\/unnamed-1-1-1536x768.jpg 1536w\" sizes=\"(max-width: 1672px) 100vw, 1672px\" \/><\/p>\n<blockquote><p><span style=\"font-weight: 400;\">Ma non solo i Vip hanno bisogno di tamponi e controlli.\u00a0<\/span><\/p><\/blockquote>\n<p><span style=\"font-weight: 400;\">Come si possono fare i tamponi? Quanto costano? Queste sono alcune delle domande che ci siamo posti tutti in questi mesi. Presi dalla curiosit\u00e0 o dalle necessit\u00e0 ci buttiamo a capofitto nell\u2019etere alla ricerca delle risposte alle nostre (comprensibili) domande, correndo il rischio di cadere nell\u2019\u201d<\/span><b>infodemia\u201d,<\/b><span style=\"font-weight: 400;\"> ossia, secondo il vocabolario <\/span><i><span style=\"font-weight: 400;\">Treccani<\/span><\/i><span style=\"font-weight: 400;\"> \u201cla circolazione di una quantit\u00e0 eccessiva di informazioni, talvolta non vagliate con accuratezza, che rendono difficile orientarsi su un determinato argomento per <\/span><b>la difficolt\u00e0 di individuare fonti affidabili\u201d.<\/b><\/p>\n<p><span style=\"font-weight: 400;\"><br \/>\n<\/span><span style=\"font-weight: 400;\">Torniamo a noi e cerchiamo ora di dare delle risposte. <\/span><b>I tamponi si possono fare nei seguenti casi:<\/b><\/p>\n<p><b><span style=\"font-weight: 400;\"><span class=\"s1\"><span class=\"s2\"><strong><span style=\"color: #8b774b; font-size: 20px;\">\u2605 <\/span><\/strong><\/span><\/span><\/span>sintomi<\/b><span style=\"font-weight: 400;\">, il medico di base lo comunica all\u2019organo di competenza che avvia la procedura;<\/span><\/p>\n<p><span style=\"font-weight: 400;\"><b><span class=\"s1\"><span class=\"s2\"><strong><span style=\"color: #8b774b; font-size: 20px;\">\u2605 <\/span><\/strong><\/span><\/span><\/b>in caso di <\/span><b>contatto con un positivo<\/b><span style=\"font-weight: 400;\">;<\/span><\/p>\n<p><b><span style=\"font-weight: 400;\"><span class=\"s1\"><span class=\"s2\"><strong><span style=\"color: #8b774b; font-size: 20px;\">\u2605 <\/span><\/strong><\/span><\/span><\/span>rientro da Paesi a rischio<\/b><span style=\"font-weight: 400;\"> come: Malta, Spagna, Croazia e Grecia.<\/span><\/p>\n<p><b><span style=\"font-weight: 400;\"><span class=\"s1\"><span class=\"s2\"><strong><span style=\"color: #8b774b; font-size: 20px;\">\u2605 <\/span><\/strong><\/span><\/span><\/span>su base volontaria<\/b><span style=\"font-weight: 400;\">: alcune regioni come il Veneto hanno dato la possibilit\u00e0 a tutti di decidere volontariamente di poter fare il tampone per senso civico.\u00a0<\/span><\/p>\n<p class=\"p1\"><b>Quanto costa fare il tampone?<\/b><b><br \/>\n<\/b><span style=\"font-weight: 400;\">I tamponi sono gratuiti in tutti gli ospedali e le ASL, ma ci sono numerose strutture private che offrono questo servizio a pagamento per chiunque voglia controllare il proprio stato di salute, per un costo che si aggira dai 30 ai 125 euro. Una cifra in fondo accettabile per rallentare la diffusione della SARS-cov2 e proteggere le persone a noi vicine.<\/span><span style=\"font-weight: 400;\"><br \/>\n<\/span><\/p>\n<hr \/>\n<h2><b>Show business: cosa aspettarsi dal futuro?<\/b><\/h2>\n<p><img loading=\"lazy\" class=\"aligncenter wp-image-84638 size-full\" src=\"https:\/\/www.showgroup.it\/blog\/wp-content\/uploads\/2020\/09\/showbusiness-1.jpg\" alt=\"\" width=\"1000\" height=\"476\" srcset=\"https:\/\/www.showgroup.it\/blog\/wp-content\/uploads\/2020\/09\/showbusiness-1.jpg 1000w, https:\/\/www.showgroup.it\/blog\/wp-content\/uploads\/2020\/09\/showbusiness-1-300x143.jpg 300w, https:\/\/www.showgroup.it\/blog\/wp-content\/uploads\/2020\/09\/showbusiness-1-768x366.jpg 768w\" sizes=\"(max-width: 1000px) 100vw, 1000px\" \/><\/p>\n<p><span style=\"font-weight: 400;\">Nonostante la diffusione del nuovo coronavirus abbia risvolti critici in molti settori, da quello sanitario a quello sociale, non bisogna dimenticare anche gli aspetti e le prospettive legate al <\/span><b>mondo dello spettacolo<\/b><span style=\"font-weight: 400;\">. Alcuni artisti hanno ricominciato ad esibirsi, trovando soluzioni alternative (e creative) per coinvolgere un pubblico che, va da s\u00e9, non potr\u00e0 radunarsi per ancora qualche mese. Artisti internazionali come <\/span><b>Bjork<\/b><span style=\"font-weight: 400;\"> e <\/span><b>Nick Cave<\/b><span style=\"font-weight: 400;\"> hanno tenuto ad agosto <\/span><a href=\"https:\/\/www.repubblica.it\/spettacoli\/musica\/2020\/07\/03\/news\/concerti_online_bjo_rk_e_nick_cave_si_lanciano_nello_streaming-260889332\/\"><span style=\"font-weight: 400;\">concerti in streaming<\/span><\/a><span style=\"font-weight: 400;\"> molto partecipati: <\/span><b>esperienze live<\/b><span style=\"font-weight: 400;\"> nel vero senso della parola, visto che non sono state diffuse registrazioni degli eventi. Insomma, come un <\/span><b>autentico concerto<\/b><span style=\"font-weight: 400;\">, senza possibilit\u00e0 di pause, <\/span><i><span style=\"font-weight: 400;\">rewind<\/span><\/i><span style=\"font-weight: 400;\"> o tracce <\/span><i><span style=\"font-weight: 400;\">skippate<\/span><\/i><span style=\"font-weight: 400;\">.<\/span><\/p>\n<p><span style=\"font-weight: 400;\">Per rimanere in <\/span><b>Italia<\/b><span style=\"font-weight: 400;\"> uno dei primi concerti \u2013 con distanziamento sociale e misurazione della temperatura all\u2019ingresso \u2013 \u00e8 stato quello <\/span><a href=\"https:\/\/www.internazionale.it\/notizie\/giovanni-ansaldo\/2020\/07\/04\/max-gazze-roma-concerto\"><span style=\"font-weight: 400;\">organizzato<\/span><\/a><span style=\"font-weight: 400;\"> questa estate alla cavea dell\u2019auditorium Parco della musica di Roma da <\/span><b>Max Gazz\u00e8<\/b><span style=\"font-weight: 400;\">. Proprio in quella occasione, prima dell\u2019inizio del concerto, sono stati fatti salire sul palco i <\/span><b>lavoratori e tecnici in mascherina<\/b><span style=\"font-weight: 400;\">, rappresentanti simbolici degli oltre 300 mila addetti di un settore ancora in forte difficolt\u00e0, ma che ha tutta l\u2019energia e la voglia di ripartire: the show must go on.\u00a0<\/span><\/p>\n<blockquote><p><span style=\"font-weight: 400;\">E se anche tu fai parte del mondo dello spettacolo come artista, azienda di service o location, che cosa cosa aspetti? Partecipa al cambiamento! Cerca la categoria che ti rappresenta e crea il tuo profilo su Showgroup.\u00a0<\/span><\/p><\/blockquote>\n<p><span style=\"font-weight: 400;\">Non sai come fare? <\/span><a href=\"https:\/\/www.showgroup.it\/voglio-farmi-trovare\"><span style=\"font-weight: 400;\">Scopri come iscriverti a Showgroup<\/span><\/a><span style=\"font-weight: 400;\">!\u00a0<\/span><\/p>\n","protected":false},"excerpt":{"rendered":"<p>La SARS-cov2 o pi\u00f9 semplicemente il virus che causa il COVID-19, dalla sua comparsa in Cina, mantiene la sua presenza a livello internazionale. Il nuovo coronavirus SARS-cov2 non ha solamente creato preoccupazioni sanitarie.<\/p>\n","protected":false},"author":5,"featured_media":84645,"comment_status":"open","ping_status":"open","sticky":false,"template":"","format":"standard","meta":[],"categories":[664],"tags":[],"yoast_head":"<!-- This site is optimized with the Yoast SEO plugin v16.9 - https:\/\/yoast.com\/wordpress\/plugins\/seo\/ -->\n<title>Vip e COVID-19: chi sono i PosiDivi? &bull; Showgroup - Ready to be WOW!<\/title>\n<meta name=\"description\" content=\"Estate 2020: anche il mondo dello spettacolo deve convivere con il COVID-19, che non risparmia nessuno. Da positivi a \u201cPosidivi\u201d il passo \u00e8 breve.\" \/>\n<meta name=\"robots\" content=\"index, follow, max-snippet:-1, max-image-preview:large, max-video-preview:-1\" \/>\n<link rel=\"canonical\" href=\"https:\/\/www.showgroup.it\/blog\/2020\/09\/15\/vip-e-covid-19-chi-sono-i-posidivi\/\" \/>\n<meta property=\"og:locale\" content=\"it_IT\" \/>\n<meta property=\"og:type\" content=\"article\" \/>\n<meta property=\"og:title\" content=\"Vip e COVID-19: chi sono i PosiDivi?\" \/>\n<meta property=\"og:description\" content=\"La SARS-cov2 o pi\u00f9 semplicemente il virus che causa il COVID-19, dalla sua comparsa in Cina, mantiene la sua presenza a livello internazionale. Il nuovo coronavirus SARS-cov2 non ha solamente creato preoccupazioni sanitarie.\" \/>\n<meta property=\"og:url\" content=\"https:\/\/www.showgroup.it\/blog\/2020\/09\/15\/vip-e-covid-19-chi-sono-i-posidivi\/\" \/>\n<meta property=\"og:site_name\" content=\"Showgroup - Ready to be WOW!\" \/>\n<meta property=\"article:publisher\" content=\"https:\/\/www.facebook.com\/ShowGroupWow\/\" \/>\n<meta property=\"article:published_time\" content=\"2020-09-15T10:07:58+00:00\" \/>\n<meta property=\"article:modified_time\" content=\"2025-08-17T15:27:58+00:00\" \/>\n<meta name=\"twitter:card\" content=\"summary_large_image\" \/>\n<meta name=\"twitter:title\" content=\"Vip e COVID-19: chi sono i PosiDivi?\" \/>\n<meta name=\"twitter:description\" content=\"La SARS-cov2 o pi\u00f9 semplicemente il virus che causa il COVID-19, dalla sua comparsa in Cina, mantiene la sua presenza a livello internazionale. Il nuovo coronavirus SARS-cov2 non ha solamente creato preoccupazioni sanitarie.\" \/>\n<meta name=\"twitter:label1\" content=\"Scritto da\" \/>\n\t<meta name=\"twitter:data1\" content=\"Benedetta Gatti\" \/>\n\t<meta name=\"twitter:label2\" content=\"Tempo di lettura stimato\" \/>\n\t<meta name=\"twitter:data2\" content=\"6 minuti\" \/>\n<script type=\"application\/ld+json\" class=\"yoast-schema-graph\">{\"@context\":\"https:\/\/schema.org\",\"@graph\":[{\"@type\":\"Organization\",\"@id\":\"https:\/\/www.showgroup.it\/#organization\",\"name\":\"Showgroup\",\"url\":\"https:\/\/www.showgroup.it\/\",\"sameAs\":[\"https:\/\/www.facebook.com\/ShowGroupWow\/\",\"https:\/\/www.instagram.com\/showgroupwow\/\"],\"logo\":{\"@type\":\"ImageObject\",\"@id\":\"https:\/\/www.showgroup.it\/#logo\",\"inLanguage\":\"it-IT\",\"url\":\"https:\/\/www.showgroup.it\/blog\/wp-content\/uploads\/2025\/01\/logo-black.svg\",\"contentUrl\":\"https:\/\/www.showgroup.it\/blog\/wp-content\/uploads\/2025\/01\/logo-black.svg\",\"width\":1440,\"height\":916,\"caption\":\"Showgroup\"},\"image\":{\"@id\":\"https:\/\/www.showgroup.it\/#logo\"}},{\"@type\":\"WebSite\",\"@id\":\"https:\/\/www.showgroup.it\/#website\",\"url\":\"https:\/\/www.showgroup.it\/\",\"name\":\"Showgroup - Ready to be WOW!\",\"description\":\"Il primo portale gratuito dedicato al mondo dello spettacolo.\",\"publisher\":{\"@id\":\"https:\/\/www.showgroup.it\/#organization\"},\"potentialAction\":[{\"@type\":\"SearchAction\",\"target\":{\"@type\":\"EntryPoint\",\"urlTemplate\":\"https:\/\/www.showgroup.it\/?s={search_term_string}\"},\"query-input\":\"required name=search_term_string\"}],\"inLanguage\":\"it-IT\"},{\"@type\":\"ImageObject\",\"@id\":\"https:\/\/www.showgroup.it\/blog\/2020\/09\/15\/vip-e-covid-19-chi-sono-i-posidivi\/#primaryimage\",\"inLanguage\":\"it-IT\",\"url\":\"\",\"contentUrl\":\"\"},{\"@type\":\"WebPage\",\"@id\":\"https:\/\/www.showgroup.it\/blog\/2020\/09\/15\/vip-e-covid-19-chi-sono-i-posidivi\/#webpage\",\"url\":\"https:\/\/www.showgroup.it\/blog\/2020\/09\/15\/vip-e-covid-19-chi-sono-i-posidivi\/\",\"name\":\"Vip e COVID-19: chi sono i PosiDivi? &bull; Showgroup - Ready to be WOW!\",\"isPartOf\":{\"@id\":\"https:\/\/www.showgroup.it\/#website\"},\"primaryImageOfPage\":{\"@id\":\"https:\/\/www.showgroup.it\/blog\/2020\/09\/15\/vip-e-covid-19-chi-sono-i-posidivi\/#primaryimage\"},\"datePublished\":\"2020-09-15T10:07:58+00:00\",\"dateModified\":\"2025-08-17T15:27:58+00:00\",\"description\":\"Estate 2020: anche il mondo dello spettacolo deve convivere con il COVID-19, che non risparmia nessuno. Da positivi a \\u201cPosidivi\\u201d il passo \\u00e8 breve.\",\"breadcrumb\":{\"@id\":\"https:\/\/www.showgroup.it\/blog\/2020\/09\/15\/vip-e-covid-19-chi-sono-i-posidivi\/#breadcrumb\"},\"inLanguage\":\"it-IT\",\"potentialAction\":[{\"@type\":\"ReadAction\",\"target\":[\"https:\/\/www.showgroup.it\/blog\/2020\/09\/15\/vip-e-covid-19-chi-sono-i-posidivi\/\"]}]},{\"@type\":\"BreadcrumbList\",\"@id\":\"https:\/\/www.showgroup.it\/blog\/2020\/09\/15\/vip-e-covid-19-chi-sono-i-posidivi\/#breadcrumb\",\"itemListElement\":[{\"@type\":\"ListItem\",\"position\":1,\"name\":\"Home\",\"item\":\"https:\/\/www.showgroup.it\/blog\/\"},{\"@type\":\"ListItem\",\"position\":2,\"name\":\"Vip e COVID-19: chi sono i PosiDivi?\"}]},{\"@type\":\"Article\",\"@id\":\"https:\/\/www.showgroup.it\/blog\/2020\/09\/15\/vip-e-covid-19-chi-sono-i-posidivi\/#article\",\"isPartOf\":{\"@id\":\"https:\/\/www.showgroup.it\/blog\/2020\/09\/15\/vip-e-covid-19-chi-sono-i-posidivi\/#webpage\"},\"author\":{\"@id\":\"https:\/\/www.showgroup.it\/#\/schema\/person\/9b799d433be4e17451d197175628047a\"},\"headline\":\"Vip e COVID-19: chi sono i PosiDivi?\",\"datePublished\":\"2020-09-15T10:07:58+00:00\",\"dateModified\":\"2025-08-17T15:27:58+00:00\",\"mainEntityOfPage\":{\"@id\":\"https:\/\/www.showgroup.it\/blog\/2020\/09\/15\/vip-e-covid-19-chi-sono-i-posidivi\/#webpage\"},\"wordCount\":1234,\"commentCount\":0,\"publisher\":{\"@id\":\"https:\/\/www.showgroup.it\/#organization\"},\"image\":{\"@id\":\"https:\/\/www.showgroup.it\/blog\/2020\/09\/15\/vip-e-covid-19-chi-sono-i-posidivi\/#primaryimage\"},\"thumbnailUrl\":\"https:\/\/www.showgroup.it\/blog\/wp-content\/uploads\/2020\/09\/showgroup-2.jpg\",\"articleSection\":[\"Spettacolo e musica\"],\"inLanguage\":\"it-IT\",\"potentialAction\":[{\"@type\":\"CommentAction\",\"name\":\"Comment\",\"target\":[\"https:\/\/www.showgroup.it\/blog\/2020\/09\/15\/vip-e-covid-19-chi-sono-i-posidivi\/#respond\"]}]},{\"@type\":\"Person\",\"@id\":\"https:\/\/www.showgroup.it\/#\/schema\/person\/9b799d433be4e17451d197175628047a\",\"name\":\"Benedetta Gatti\",\"image\":{\"@type\":\"ImageObject\",\"@id\":\"https:\/\/www.showgroup.it\/#personlogo\",\"inLanguage\":\"it-IT\",\"url\":\"https:\/\/secure.gravatar.com\/avatar\/32ceeb7300be30aabe2c84fdaa89eac0?s=96&d=mm&r=g\",\"contentUrl\":\"https:\/\/secure.gravatar.com\/avatar\/32ceeb7300be30aabe2c84fdaa89eac0?s=96&d=mm&r=g\",\"caption\":\"Benedetta Gatti\"}}]}<\/script>\n<!-- \/ Yoast SEO plugin. -->","yoast_head_json":{"title":"Vip e COVID-19: chi sono i PosiDivi? &bull; Showgroup - Ready to be WOW!","description":"Estate 2020: anche il mondo dello spettacolo deve convivere con il COVID-19, che non risparmia nessuno. Da positivi a \u201cPosidivi\u201d il passo \u00e8 breve.","robots":{"index":"index","follow":"follow","max-snippet":"max-snippet:-1","max-image-preview":"max-image-preview:large","max-video-preview":"max-video-preview:-1"},"canonical":"https:\/\/www.showgroup.it\/blog\/2020\/09\/15\/vip-e-covid-19-chi-sono-i-posidivi\/","og_locale":"it_IT","og_type":"article","og_title":"Vip e COVID-19: chi sono i PosiDivi?","og_description":"La SARS-cov2 o pi\u00f9 semplicemente il virus che causa il COVID-19, dalla sua comparsa in Cina, mantiene la sua presenza a livello internazionale. Il nuovo coronavirus SARS-cov2 non ha solamente creato preoccupazioni sanitarie.","og_url":"https:\/\/www.showgroup.it\/blog\/2020\/09\/15\/vip-e-covid-19-chi-sono-i-posidivi\/","og_site_name":"Showgroup - Ready to be WOW!","article_publisher":"https:\/\/www.facebook.com\/ShowGroupWow\/","article_published_time":"2020-09-15T10:07:58+00:00","article_modified_time":"2025-08-17T15:27:58+00:00","twitter_card":"summary_large_image","twitter_title":"Vip e COVID-19: chi sono i PosiDivi?","twitter_description":"La SARS-cov2 o pi\u00f9 semplicemente il virus che causa il COVID-19, dalla sua comparsa in Cina, mantiene la sua presenza a livello internazionale. Il nuovo coronavirus SARS-cov2 non ha solamente creato preoccupazioni sanitarie.","twitter_misc":{"Scritto da":"Benedetta Gatti","Tempo di lettura stimato":"6 minuti"},"schema":{"@context":"https:\/\/schema.org","@graph":[{"@type":"Organization","@id":"https:\/\/www.showgroup.it\/#organization","name":"Showgroup","url":"https:\/\/www.showgroup.it\/","sameAs":["https:\/\/www.facebook.com\/ShowGroupWow\/","https:\/\/www.instagram.com\/showgroupwow\/"],"logo":{"@type":"ImageObject","@id":"https:\/\/www.showgroup.it\/#logo","inLanguage":"it-IT","url":"https:\/\/www.showgroup.it\/blog\/wp-content\/uploads\/2025\/01\/logo-black.svg","contentUrl":"https:\/\/www.showgroup.it\/blog\/wp-content\/uploads\/2025\/01\/logo-black.svg","width":1440,"height":916,"caption":"Showgroup"},"image":{"@id":"https:\/\/www.showgroup.it\/#logo"}},{"@type":"WebSite","@id":"https:\/\/www.showgroup.it\/#website","url":"https:\/\/www.showgroup.it\/","name":"Showgroup - Ready to be WOW!","description":"Il primo portale gratuito dedicato al mondo dello spettacolo.","publisher":{"@id":"https:\/\/www.showgroup.it\/#organization"},"potentialAction":[{"@type":"SearchAction","target":{"@type":"EntryPoint","urlTemplate":"https:\/\/www.showgroup.it\/?s={search_term_string}"},"query-input":"required name=search_term_string"}],"inLanguage":"it-IT"},{"@type":"ImageObject","@id":"https:\/\/www.showgroup.it\/blog\/2020\/09\/15\/vip-e-covid-19-chi-sono-i-posidivi\/#primaryimage","inLanguage":"it-IT","url":"","contentUrl":""},{"@type":"WebPage","@id":"https:\/\/www.showgroup.it\/blog\/2020\/09\/15\/vip-e-covid-19-chi-sono-i-posidivi\/#webpage","url":"https:\/\/www.showgroup.it\/blog\/2020\/09\/15\/vip-e-covid-19-chi-sono-i-posidivi\/","name":"Vip e COVID-19: chi sono i PosiDivi? &bull; Showgroup - Ready to be WOW!","isPartOf":{"@id":"https:\/\/www.showgroup.it\/#website"},"primaryImageOfPage":{"@id":"https:\/\/www.showgroup.it\/blog\/2020\/09\/15\/vip-e-covid-19-chi-sono-i-posidivi\/#primaryimage"},"datePublished":"2020-09-15T10:07:58+00:00","dateModified":"2025-08-17T15:27:58+00:00","description":"Estate 2020: anche il mondo dello spettacolo deve convivere con il COVID-19, che non risparmia nessuno. Da positivi a \u201cPosidivi\u201d il passo \u00e8 breve.","breadcrumb":{"@id":"https:\/\/www.showgroup.it\/blog\/2020\/09\/15\/vip-e-covid-19-chi-sono-i-posidivi\/#breadcrumb"},"inLanguage":"it-IT","potentialAction":[{"@type":"ReadAction","target":["https:\/\/www.showgroup.it\/blog\/2020\/09\/15\/vip-e-covid-19-chi-sono-i-posidivi\/"]}]},{"@type":"BreadcrumbList","@id":"https:\/\/www.showgroup.it\/blog\/2020\/09\/15\/vip-e-covid-19-chi-sono-i-posidivi\/#breadcrumb","itemListElement":[{"@type":"ListItem","position":1,"name":"Home","item":"https:\/\/www.showgroup.it\/blog\/"},{"@type":"ListItem","position":2,"name":"Vip e COVID-19: chi sono i PosiDivi?"}]},{"@type":"Article","@id":"https:\/\/www.showgroup.it\/blog\/2020\/09\/15\/vip-e-covid-19-chi-sono-i-posidivi\/#article","isPartOf":{"@id":"https:\/\/www.showgroup.it\/blog\/2020\/09\/15\/vip-e-covid-19-chi-sono-i-posidivi\/#webpage"},"author":{"@id":"https:\/\/www.showgroup.it\/#\/schema\/person\/9b799d433be4e17451d197175628047a"},"headline":"Vip e COVID-19: chi sono i PosiDivi?","datePublished":"2020-09-15T10:07:58+00:00","dateModified":"2025-08-17T15:27:58+00:00","mainEntityOfPage":{"@id":"https:\/\/www.showgroup.it\/blog\/2020\/09\/15\/vip-e-covid-19-chi-sono-i-posidivi\/#webpage"},"wordCount":1234,"commentCount":0,"publisher":{"@id":"https:\/\/www.showgroup.it\/#organization"},"image":{"@id":"https:\/\/www.showgroup.it\/blog\/2020\/09\/15\/vip-e-covid-19-chi-sono-i-posidivi\/#primaryimage"},"thumbnailUrl":"https:\/\/www.showgroup.it\/blog\/wp-content\/uploads\/2020\/09\/showgroup-2.jpg","articleSection":["Spettacolo e musica"],"inLanguage":"it-IT","potentialAction":[{"@type":"CommentAction","name":"Comment","target":["https:\/\/www.showgroup.it\/blog\/2020\/09\/15\/vip-e-covid-19-chi-sono-i-posidivi\/#respond"]}]},{"@type":"Person","@id":"https:\/\/www.showgroup.it\/#\/schema\/person\/9b799d433be4e17451d197175628047a","name":"Benedetta Gatti","image":{"@type":"ImageObject","@id":"https:\/\/www.showgroup.it\/#personlogo","inLanguage":"it-IT","url":"https:\/\/secure.gravatar.com\/avatar\/32ceeb7300be30aabe2c84fdaa89eac0?s=96&d=mm&r=g","contentUrl":"https:\/\/secure.gravatar.com\/avatar\/32ceeb7300be30aabe2c84fdaa89eac0?s=96&d=mm&r=g","caption":"Benedetta Gatti"}}]}},"_links":{"self":[{"href":"https:\/\/www.showgroup.it\/blog\/wp-json\/wp\/v2\/posts\/84616"}],"collection":[{"href":"https:\/\/www.showgroup.it\/blog\/wp-json\/wp\/v2\/posts"}],"about":[{"href":"https:\/\/www.showgroup.it\/blog\/wp-json\/wp\/v2\/types\/post"}],"author":[{"embeddable":true,"href":"https:\/\/www.showgroup.it\/blog\/wp-json\/wp\/v2\/users\/5"}],"replies":[{"embeddable":true,"href":"https:\/\/www.showgroup.it\/blog\/wp-json\/wp\/v2\/comments?post=84616"}],"version-history":[{"count":3,"href":"https:\/\/www.showgroup.it\/blog\/wp-json\/wp\/v2\/posts\/84616\/revisions"}],"predecessor-version":[{"id":99863,"href":"https:\/\/www.showgroup.it\/blog\/wp-json\/wp\/v2\/posts\/84616\/revisions\/99863"}],"wp:featuredmedia":[{"embeddable":true,"href":"https:\/\/www.showgroup.it\/blog\/wp-json\/wp\/v2\/media\/84645"}],"wp:attachment":[{"href":"https:\/\/www.showgroup.it\/blog\/wp-json\/wp\/v2\/media?parent=84616"}],"wp:term":[{"taxonomy":"category","embeddable":true,"href":"https:\/\/www.showgroup.it\/blog\/wp-json\/wp\/v2\/categories?post=84616"},{"taxonomy":"post_tag","embeddable":true,"href":"https:\/\/www.showgroup.it\/blog\/wp-json\/wp\/v2\/tags?post=84616"}],"curies":[{"name":"wp","href":"https:\/\/api.w.org\/{rel}","templated":true}]}}