{"id":84800,"date":"2020-12-28T17:21:58","date_gmt":"2020-12-28T16:21:58","guid":{"rendered":"https:\/\/www.showgroup.it\/?p=84800"},"modified":"2025-05-29T10:39:25","modified_gmt":"2025-05-29T08:39:25","slug":"mondo-dello-spettacolo-riforma","status":"publish","type":"post","link":"https:\/\/www.showgroup.it\/blog\/2020\/12\/28\/mondo-dello-spettacolo-riforma\/","title":{"rendered":"Mondo dello spettacolo: la proposta di riforma \u00e8 quasi realt\u00e0"},"content":{"rendered":"<p>Una pandemia che sembra non finire mai. Una situazione, nel mondo dello spettacolo, che preoccupa. Come preoccupanti sono i dati forniti dall\u2019annuale resoconto SIAE, valido per i primi 6 mesi del 2020, che certificano un crollo del 70% del ricavato dai concerti, eventi culturali e dello spettacolo.<\/p>\n<p>Da marzo, per\u00f2, non ci si \u00e8 fermati un momento per portare alla luce le esigenze e la dignit\u00e0 professionale di tutte quelle figure lavorative che ruotano attorno ad eventi e mondo dello spettacolo e che, anche grazie a piattaforme come quella di <a href=\"https:\/\/www.showgroup.it\/\">Showgroup<\/a>, continuano a sperare in un cambio di rotta. E forse la proposta di riforma per il settore \u00e8 in dirittura di arrivo.<\/p>\n<p>Un dialogo fitto che ha visto protagoniste una vasta collettivit\u00e0, che \u00e8 riuscita a far valere le proprie istanze, a tal punto che il percorso verso la stesura di una riforma dello spettacolo \u00e8 molto ben avviato. Un testo che prender\u00e0 in considerazione cinque punti considerati fondamentali per evitare che le categorie professionali che vivono di eventi e spettacoli restino indietro durante questa fase critica.<\/p>\n<p>Queste categorie professionali partecipano al <em>Forum Arte e Spettacolo<\/em>, costituito da tutte le parti che compongono il vasto mondo dell\u2019arte e dello spettacolo come artisti, musicisti, attori, danzatori, circensi, autori e compositori, consulenti e ricercatori, tecnici, maestranze, promoter, luoghi e organizzazioni di arte e spettacolo, profit e non profit, comprendenti cooperative, associazioni, festival e rassegne, compagnie, accademie, sale di registrazione, case discografiche, agenzie, uffici stampa e di comunicazione, nonch\u00e9 assessorati e amministrazioni, rappresentanze di organizzazioni sindacali che si riconoscono nel manifesto dei valori.<\/p>\n<p>Ma cosa comporta questa proposta di riforma del mondo dello spettacolo?<\/p>\n<p><img loading=\"lazy\" class=\"aligncenter wp-image-84803 size-full\" src=\"https:\/\/www.showgroup.it\/blog\/wp-content\/uploads\/2020\/12\/theatre-430552_1920.jpg\" alt=\"\" width=\"1920\" height=\"1314\" srcset=\"https:\/\/www.showgroup.it\/blog\/wp-content\/uploads\/2020\/12\/theatre-430552_1920.jpg 1920w, https:\/\/www.showgroup.it\/blog\/wp-content\/uploads\/2020\/12\/theatre-430552_1920-300x205.jpg 300w, https:\/\/www.showgroup.it\/blog\/wp-content\/uploads\/2020\/12\/theatre-430552_1920-1024x701.jpg 1024w, https:\/\/www.showgroup.it\/blog\/wp-content\/uploads\/2020\/12\/theatre-430552_1920-768x526.jpg 768w, https:\/\/www.showgroup.it\/blog\/wp-content\/uploads\/2020\/12\/theatre-430552_1920-1536x1051.jpg 1536w\" sizes=\"(max-width: 1920px) 100vw, 1920px\" \/><\/p>\n<h2><strong>Proposta di posizione previdenziale unica per artisti e professionisti dello spettacolo\u00a0<\/strong><\/h2>\n<p>Gli artisti e professionisti dello spettacolo dovrebbero poter contare sulle seguenti garanzie di protezione sociale in qualit\u00e0 di lavoratori, anche se questi hanno percorsi professionali straordinari, caratterizzati da necessaria mobilit\u00e0, non programmabilit\u00e0, discontinuit\u00e0 e intermittenza:<\/p>\n<p style=\"padding-left: 40px;\"><strong><span style=\"font-weight: 400;\"><b><span class=\"s1\"><span class=\"s2\"><span style=\"color: #8b774b; font-size: 20px;\">\u2605 <\/span><\/span><\/span><\/b><\/span>Istituire una posizione assicurativa e previdenziale unica<\/strong>, con identica contribuzione e diritti, senza diversificazione in base ai contratti di lavoro applicati. <strong>Assicurazione infortuni all\u2019INAIL<\/strong> per tutti i lavoratori sia dipendenti che autonomi anche occasionali.<br \/>\n<strong><span style=\"font-weight: 400;\"><b><span class=\"s1\"><span class=\"s2\"><span style=\"color: #8b774b; font-size: 20px;\">\u2605 <\/span><\/span><\/span><\/b><\/span><\/strong>Considerare il <strong>montante dei compensi<\/strong> e non solo il fattore tempo come misura delle prestazioni, con divisore di riferimento utile al calcolo delle giornate accreditabili, pari alle tariffe contrattuali per i dipendenti e per gli autonomi da definire annualmente con riferimento al minimale INPS.<br \/>\n<strong><span style=\"font-weight: 400;\"><b><span class=\"s1\"><span class=\"s2\"><span style=\"color: #8b774b; font-size: 20px;\">\u2605 <\/span><\/span><\/span><\/b><\/span><\/strong>Possibilit\u00e0 per tutti i <strong>lavoratori autonomi con Partita IVA di versare autonomamente i contributi<\/strong> sulla propria unica posizione contributiva, per l\u2019Italia e per l\u2019estero, con corresponsabilit\u00e0 del committente.<br \/>\n<strong><span style=\"font-weight: 400;\"><b><span class=\"s1\"><span class=\"s2\"><span style=\"color: #8b774b; font-size: 20px;\">\u2605 <\/span><\/span><\/span><\/b><\/span><\/strong><strong>Indennit\u00e0 per malattia, maternit\u00e0, congedi parentali, infortuni<\/strong> con <strong>assicurazioni INAIL <\/strong>e altre assenze con gli stessi requisiti per tutti i contratti e con <strong>accesso dal primo giorno<\/strong> di assenza.<br \/>\n<strong><span style=\"font-weight: 400;\"><b><span class=\"s1\"><span class=\"s2\"><span style=\"color: #8b774b; font-size: 20px;\">\u2605 <\/span><\/span><\/span><\/b><\/span><\/strong>Accesso alla pensione con annualit\u00e0 accreditate <strong>ogni<\/strong> <strong>120 giornate di lavoro, come media e senza minimali annuali, <\/strong>per tutti i lavoratori a termine, a ingaggio o intermittenti, inquadramento differente dal tempo indeterminato.<\/p>\n<hr \/>\n<h2>Reddito integrativo per artisti e professionisti dello spettacolo<\/h2>\n<p>Le attivit\u00e0 nello spettacolo occupano a tempo pieno gli artisti, ma quelle retribuite si sviluppano in maniera intermittente e discontinua e accade spesso che soltanto dopo molti anni\u00a0 la professione si affermi definitivamente. Per questo, secondo le associazioni di categoria, nei periodi senza reddito n\u00e9 indennit\u00e0 \u00e8 necessario sostenere gli artisti contro la mortificazione dei talenti e la dispersione professionale, anche grazie a un\u2019integrazione al reddito.<\/p>\n<p>Questa la proposta sul tavolo:<\/p>\n<p style=\"padding-left: 40px;\"><strong><span style=\"font-weight: 400;\"><b><span class=\"s1\"><span class=\"s2\"><span style=\"color: #8b774b; font-size: 20px;\">\u2605 <\/span><\/span><\/span><\/b><\/span><\/strong>I professionisti senza altro reddito principale o previdenza principale, <strong>al raggiungimento di 61 giornate accreditate in 24 mesi <\/strong>possono richiedere l\u2019Integrazione al reddito <strong>per un numero di giornate pari a quelle accreditate nei ventiquattro mesi antecedenti alla domanda<\/strong>, non utilizzati per precedenti periodi di Naspi o reddito integrativo, per un numero massimo di giornate indennizzate o lavorate non superiore a 312 nell\u2019anno di erogazione.<br \/>\n<strong><span style=\"font-weight: 400;\"><b><span class=\"s1\"><span class=\"s2\"><span style=\"color: #8b774b; font-size: 20px;\">\u2605 <\/span><\/span><\/span><\/b><\/span><\/strong>Il reddito integrativo viene erogato in misura pari alla <strong>media delle retribuzioni accreditate nei 24 mesi precedenti <\/strong>per un importo massimo giornaliero comunque non superiore a 2 volte il minimale giornaliero INPS o altro coefficiente da determinare. L\u2019integrazione \u00e8 utile all\u2019accredito automatico dei contributi figurativi.<br \/>\n<strong><span style=\"font-weight: 400;\"><b><span class=\"s1\"><span class=\"s2\"><span style=\"color: #8b774b; font-size: 20px;\">\u2605 <\/span><\/span><\/span><\/b><\/span><\/strong>Il reddito integrativo <strong>viene sospeso<\/strong> per le sole giornate effettivamente lavorate o in caso di altre indennit\u00e0 erogate dall\u2019INPS per malattia, maternit\u00e0, Naspi.<br \/>\n<strong><span style=\"font-weight: 400;\"><b><span class=\"s1\"><span class=\"s2\"><span style=\"color: #8b774b; font-size: 20px;\">\u2605 <\/span><\/span><\/span><\/b><\/span><\/strong>L\u2019erogazione del reddito integrativo viene <strong>effettuata automaticamente fino all\u2019esaurimento dei contributi<\/strong> che ne danno il diritto, salvo in caso di espressa richiesta di sospensione da parte del lavoratore.<\/p>\n<h2><img loading=\"lazy\" class=\"aligncenter wp-image-84805 size-full\" src=\"https:\/\/www.showgroup.it\/blog\/wp-content\/uploads\/2020\/12\/concert-768722_1920.jpg\" alt=\"\" width=\"1920\" height=\"1280\" srcset=\"https:\/\/www.showgroup.it\/blog\/wp-content\/uploads\/2020\/12\/concert-768722_1920.jpg 1920w, https:\/\/www.showgroup.it\/blog\/wp-content\/uploads\/2020\/12\/concert-768722_1920-300x200.jpg 300w, https:\/\/www.showgroup.it\/blog\/wp-content\/uploads\/2020\/12\/concert-768722_1920-1024x683.jpg 1024w, https:\/\/www.showgroup.it\/blog\/wp-content\/uploads\/2020\/12\/concert-768722_1920-768x512.jpg 768w, https:\/\/www.showgroup.it\/blog\/wp-content\/uploads\/2020\/12\/concert-768722_1920-1536x1024.jpg 1536w\" sizes=\"(max-width: 1920px) 100vw, 1920px\" \/><\/h2>\n<h2>Lo spettacolo a sistema con sportello unico semplificato<\/h2>\n<p><strong>Tra gli obiettivi fondamentali della proposta di riforma del settore dello spettacolo<\/strong> c\u2019\u00e8 quello di creare uno sportello unico in cui organizzare tutti i registri professionali e tutti gli eventi, con modalit\u00e0 semplificata grazie alla tecnologia, che assicuri trasparenza, informazioni accessibili, immediatezza di risposte, <strong>sicurezza e legalit\u00e0<\/strong>, su una direttrice di quattro punti fondamentali:<\/p>\n<p style=\"padding-left: 40px;\"><strong><span style=\"font-weight: 400;\"><b><span class=\"s1\"><span class=\"s2\"><span style=\"color: #8b774b; font-size: 20px;\">\u2605 <\/span><\/span><\/span><\/b><\/span><\/strong>Istituire lo <strong>sportello Unico per lo Spettacolo<\/strong> su <strong>piattaforma informatica<\/strong> open source a gestione pubblica, in cui svolgere con modalit\u00e0 <strong>semplificate<\/strong>, comprese APP e blockchain, <strong>tutte le pratiche<\/strong> per organizzazione di eventi.<br \/>\n<strong><span style=\"font-weight: 400;\"><b><span class=\"s1\"><span class=\"s2\"><span style=\"color: #8b774b; font-size: 20px;\">\u2605 <\/span><\/span><\/span><\/b><\/span><\/strong><strong>Registrare sulla piattaforma tutti gli eventi<\/strong> di arte e spettacolo, organizzati anche da privati, <strong>da protocollare con codice identificativo unico<\/strong>.<br \/>\n<strong><span style=\"font-weight: 400;\"><b><span class=\"s1\"><span class=\"s2\"><span style=\"color: #8b774b; font-size: 20px;\">\u2605 <\/span><\/span><\/span><\/b><\/span><\/strong><strong>Accedere tramite sportello a tutte le informazioni della PA <\/strong>compreso l\u2019INPS, l\u2019Anpal, Runts e Agenzia Entrate e rilascia informazioni a tutti i soggetti del settore.<br \/>\n<strong><span style=\"font-weight: 400;\"><b><span class=\"s1\"><span class=\"s2\"><span style=\"color: #8b774b; font-size: 20px;\">\u2605 <\/span><\/span><\/span><\/b><\/span><\/strong>Istituire i <strong>Registri delle professioni, compresi gli insegnanti di discipline artistiche e tecniche e danzatori, <\/strong>con distinzione tra attivit\u00e0<strong> amatoriali e quelle dei professionisti, dei luoghi, organizzazioni, scuole di discipline artistiche<\/strong>, con requisiti aggiornati a cura della PA e dei cittadini. <strong>Il registro professionale potr\u00e0 stabilire tariffe professionali minime<\/strong> in base alle disposizioni di legge.<\/p>\n<h2><img loading=\"lazy\" class=\"aligncenter wp-image-84801 size-full\" src=\"https:\/\/www.showgroup.it\/blog\/wp-content\/uploads\/2020\/12\/grandstand-2178169_1920.jpg\" alt=\"\" width=\"1920\" height=\"1099\" srcset=\"https:\/\/www.showgroup.it\/blog\/wp-content\/uploads\/2020\/12\/grandstand-2178169_1920.jpg 1920w, https:\/\/www.showgroup.it\/blog\/wp-content\/uploads\/2020\/12\/grandstand-2178169_1920-300x172.jpg 300w, https:\/\/www.showgroup.it\/blog\/wp-content\/uploads\/2020\/12\/grandstand-2178169_1920-1024x586.jpg 1024w, https:\/\/www.showgroup.it\/blog\/wp-content\/uploads\/2020\/12\/grandstand-2178169_1920-768x440.jpg 768w, https:\/\/www.showgroup.it\/blog\/wp-content\/uploads\/2020\/12\/grandstand-2178169_1920-1536x879.jpg 1536w\" sizes=\"(max-width: 1920px) 100vw, 1920px\" \/><\/h2>\n<h2>Organizzazione di spettacoli e manifestazioni artistiche: semplificazini e sicurezza<\/h2>\n<p>Il mondo dello spettacolo \u00e8 un settore straordinario che richiede quindi regole straordinarie per garantire accesso ai diritti e tutele ordinarie per artisti, professionisti dello spettacolo, imprese e organizzatori. Tra questi:<\/p>\n<h3>Contratto di prestazione occasionale di spettacolo<\/h3>\n<p style=\"padding-left: 40px;\"><strong><span style=\"font-weight: 400;\"><b><span class=\"s1\"><span class=\"s2\"><span style=\"color: #8b774b; font-size: 20px;\">\u2605 <\/span><\/span><\/span><\/b><\/span><\/strong>Si propone un <strong>contratto semplificato per prestazioni di spettacolo occasionali<\/strong>.<br \/>\n<strong><span style=\"font-weight: 400;\"><b><span class=\"s1\"><span class=\"s2\"><span style=\"color: #8b774b; font-size: 20px;\">\u2605 <\/span><\/span><\/span><\/b><\/span><\/strong>I contratti occasionali verranno gestiti con la piattaforma dello Sportello Unico Spettacolo, sia per l\u2019attivazione che per l\u2019erogazione e l\u2019accredito dei contributi del lavoratore alla gestione spettacolo.<\/p>\n<h3>Appalti di servizi: individuazione di indici di genuinit\u00e0 delle prestazioni artistiche, tecniche e creative e per figure infungibili<\/h3>\n<p>Nel testo della riforma si propone l\u2019introduzione nella norma sugli appalti indici di genuinit\u00e0 specifici per le prestazioni di servizi svolti nei settori arte, cultura e spettacolo, aggiornando il D.lgs. 276\/2003 art. 29 con la precisazione: <em>il contratto di appalto si distingue dalla somministrazione<\/em> \u201c<strong><em>dalla natura artistica, didattica e intellettuale dell\u2019attivit\u00e0 svolta o dalla infungibilit\u00e0 della prestazione<\/em><\/strong>\u201d.<\/p>\n<h3>Gestione sicurezza dei lavoratori<\/h3>\n<p>Ecco cosa prevede:<\/p>\n<p style=\"padding-left: 40px;\"><strong><span style=\"font-weight: 400;\"><b><span class=\"s1\"><span class=\"s2\"><span style=\"color: #8b774b; font-size: 20px;\">\u2605 <\/span><\/span><\/span><\/b><\/span>Iter specifici di approvazione per allestimenti e strutture<\/strong> dello spettacolo, l\u2019introduzione nei PSC e nei DUVRI di un <strong>preciso cronoprogramma per mansione<\/strong> con pause e riposi predeterminati. Introduzione del \u201c<strong>diario unico di bordo<\/strong>\u201d per le <em>tourn\u00e9es<\/em>.<br \/>\n<strong><span style=\"font-weight: 400;\"><b><span class=\"s1\"><span class=\"s2\"><span style=\"color: #8b774b; font-size: 20px;\">\u2605 <\/span><\/span><\/span><\/b><\/span><\/strong>Revisione del <strong>Decreto Palchi e Fiere <\/strong>e armonizzazione della normativa italiana alla <strong>normativa europea anche per strutture.<br \/>\n<span style=\"font-weight: 400;\"><b><span class=\"s1\"><span class=\"s2\"><span style=\"color: #8b774b; font-size: 20px;\">\u2605 <\/span><\/span><\/span><\/b><\/span><\/strong>Formazione professionale definita da <strong>Accordo Stato-Regioni<\/strong> sia <strong>per lavoratori subordinati che autonomi<\/strong>, per <strong>datori di lavoro e organizzatori <\/strong>di eventi, con <strong>Istituzione di Albo dei formatori <\/strong>sicurezza dello spettacolo.<br \/>\n<strong><span style=\"font-weight: 400;\"><b><span class=\"s1\"><span class=\"s2\"><span style=\"color: #8b774b; font-size: 20px;\">\u2605 <\/span><\/span><\/span><\/b><\/span><\/strong>Introduzione del concetto della \u201c<strong>azienda pro-tempore<\/strong>\u201d per cooperare nella gestione della sicurezza tra lavoratori di ditte interferenti.<br \/>\n<strong><span style=\"font-weight: 400;\"><b><span class=\"s1\"><span class=\"s2\"><span style=\"color: #8b774b; font-size: 20px;\">\u2605 <\/span><\/span><\/span><\/b><\/span><\/strong>Istituzione di <strong>un osservatorio nazionale<\/strong> per segnalare irregolarit\u00e0, partecipazione alla Consulta permanente della sicurezza.<br \/>\n<strong><span style=\"font-weight: 400;\"><b><span class=\"s1\"><span class=\"s2\"><span style=\"color: #8b774b; font-size: 20px;\">\u2605 <\/span><\/span><\/span><\/b><\/span><\/strong>Una normativa specifica per la gestione della sicurezza in attivit\u00e0 speciali dello spettacolo, Performer aerei, Circensi e arti e spettacoli di strada, con iter di informazione, formazione, utilizzo D.P.I. e D.P.C.<\/p>\n<h3>Mobilit\u00e0 in Europa e nel mondo<\/h3>\n<p style=\"padding-left: 40px;\"><strong><span style=\"font-weight: 400;\"><b><span class=\"s1\"><span class=\"s2\"><span style=\"color: #8b774b; font-size: 20px;\">\u2605 <\/span><\/span><\/span><\/b><\/span>Accordi contro la doppia imposizione fiscale per artisti e sportivi<\/strong>, che oggi vengono tassati sia nel paese dove svolgono l\u2019attivit\u00e0 che in quello in cui risiedono per la maggior parte dell\u2019anno.<br \/>\n<strong><span style=\"font-weight: 400;\"><b><span class=\"s1\"><span class=\"s2\"><span style=\"color: #8b774b; font-size: 20px;\">\u2605 <\/span><\/span><\/span><\/b><\/span><\/strong>Semplificazioni per la mobilit\u00e0 transfrontaliera degli artisti con procedure automatizzate di totalizzazione dei contributi previdenziali e semplificazioni per distacchi di breve durata.<\/p>\n<h3>Detrazione reddito per lavoratori autonomi con Partita Iva<\/h3>\n<p>I lavoratori autonomi dello spettacolo con Partita Iva possono scegliere se utilizzare <strong>una deduzione forfetaria per le spese per la produzione del reddito<\/strong> o regime ordinario con deduzione analitica delle spese per viaggi, formazione, agenzia, acquisti strumenti e attrezzature, diritti, come ditta individuale.<\/p>\n<p>Si propone di sostenere gli artisti e professionisti <strong>esordienti<\/strong> di et\u00e0 minore di 35 anni raddoppiando la deduzione forfetaria per lavoratori autonomi.<\/p>\n<h3>Associazionismo e organizzaizone dei lavoratori<\/h3>\n<p style=\"padding-left: 40px;\"><strong><span style=\"font-weight: 400;\"><b><span class=\"s1\"><span class=\"s2\"><span style=\"color: #8b774b; font-size: 20px;\">\u2605 <\/span><\/span><\/span><\/b><\/span><\/strong>Vanno individuate e sostenute forme organizzative semplificate e innovative di cooperazione, autogestione e organizzazione, e cooperative di comunit\u00e0 tra artisti e professionisti dello spettacolo, pubblico ed enti locali.<br \/>\n<strong><span style=\"font-weight: 400;\"><b><span class=\"s1\"><span class=\"s2\"><span style=\"color: #8b774b; font-size: 20px;\">\u2605 <\/span><\/span><\/span><\/b><\/span><\/strong>Va data piena applicazione alla <strong>riforma Terzo Settore<\/strong>.<br \/>\n<strong><span style=\"font-weight: 400;\"><b><span class=\"s1\"><span class=\"s2\"><span style=\"color: #8b774b; font-size: 20px;\">\u2605 <\/span><\/span><\/span><\/b><\/span><\/strong><strong>Va abolita <\/strong>la previsione di esonero forfetario annuo di 10.000 \u20ac per bandisti, danzatori, filodrammatiche.<\/p>\n<h2><img loading=\"lazy\" class=\"aligncenter wp-image-84804 size-full\" src=\"https:\/\/www.showgroup.it\/blog\/wp-content\/uploads\/2020\/12\/woman-1536747_1920.jpg\" alt=\"\" width=\"1920\" height=\"1272\" srcset=\"https:\/\/www.showgroup.it\/blog\/wp-content\/uploads\/2020\/12\/woman-1536747_1920.jpg 1920w, https:\/\/www.showgroup.it\/blog\/wp-content\/uploads\/2020\/12\/woman-1536747_1920-300x199.jpg 300w, https:\/\/www.showgroup.it\/blog\/wp-content\/uploads\/2020\/12\/woman-1536747_1920-1024x678.jpg 1024w, https:\/\/www.showgroup.it\/blog\/wp-content\/uploads\/2020\/12\/woman-1536747_1920-768x509.jpg 768w, https:\/\/www.showgroup.it\/blog\/wp-content\/uploads\/2020\/12\/woman-1536747_1920-1536x1018.jpg 1536w\" sizes=\"(max-width: 1920px) 100vw, 1920px\" \/><\/h2>\n<h2>Incentivi economici a sostegno dello spettacolo<\/h2>\n<p>Gli incentivi economici si possono ricavare nel post-Covid-19 con il <em>Recovery Fund<\/em> e successivamente con l\u2019aumento del gettito fiscale dell\u2019emersione di lavoro non tracciato grazie all\u2019introduzione della piattaforma spettacolo, oltre che dai contributi INPS previdenziali per solidariet\u00e0, dalla la <em>Web Tax<\/em> o Tassa di Scopo.<\/p>\n<h3>Promozioni dell&#8217;arte e spettacolo tra il pubblico<\/h3>\n<p>Come ulteriore punto di sviluppo del testo di legge, si propone di sostenere il consumo di arte e spettacolo attraverso incentivi, con riduzione IVA, promozione del mecenatismo e detrazione d&#8217;imposta. Il tutto attraverso<\/p>\n<p style=\"padding-left: 40px;\"><strong><span style=\"font-weight: 400;\"><b><span class=\"s1\"><span class=\"s2\"><span style=\"color: #8b774b; font-size: 20px;\">\u2605 <\/span><\/span><\/span><\/b><\/span>Aliquote IVA al 4% <\/strong>per eventi culturali, di spettacolo, per strumenti musicali, dischi, materiali video-fonografici, corsi di educazione artistica e musicale.<br \/>\n<strong><span style=\"font-weight: 400;\"><b><span class=\"s1\"><span class=\"s2\"><span style=\"color: #8b774b; font-size: 20px;\">\u2605 <\/span><\/span><\/span><\/b><\/span><\/strong><strong>Detrazioni fiscali per tutti i corsi di musica e arte<\/strong>, acquisto strumenti musicali e spese sostenute in eventi di spettacolo e cultura (come<em> 18app<\/em>) acquistati telematicamente.<br \/>\n<strong><span style=\"font-weight: 400;\"><b><span class=\"s1\"><span class=\"s2\"><span style=\"color: #8b774b; font-size: 20px;\">\u2605 <\/span><\/span><\/span><\/b><\/span><\/strong><strong>Credito d\u2019imposta<\/strong> \u201cArt Bonus\u201d da estendere alle erogazioni liberali <strong>a favore di tutti gli enti pubblici e privati<\/strong> che si occupano di attivit\u00e0, produzione, realizzazione, servizi, formazione in ambito culturale.<\/p>\n<h3>Sostegni pubblici alle organizzazioni<\/h3>\n<p>Lo stato non ha solo il dovere di sostenere le arti dello spettacolo, ma ha anche l\u2019interesse economico che ne deriva per il turismo e l\u2019economia indotta. Per queste ragioni la proposta di riforma include:<\/p>\n<p style=\"padding-left: 40px;\"><strong><span style=\"font-weight: 400;\"><b><span class=\"s1\"><span class=\"s2\"><span style=\"color: #8b774b; font-size: 20px;\">\u2605 <\/span><\/span><\/span><\/b><\/span><\/strong>Una semplificazione dei <strong>criteri di attribuzione dei contributi<\/strong> <strong>FUS<\/strong>, prevedendo anche fideiussioni, prestiti d\u2019onore e crediti agevolati per artisti e imprese.<br \/>\n<strong><span style=\"font-weight: 400;\"><b><span class=\"s1\"><span class=\"s2\"><span style=\"color: #8b774b; font-size: 20px;\">\u2605 <\/span><\/span><\/span><\/b><\/span><\/strong>La partecipazione del Comune e\/o di altri soggetti pubblici o privati <strong>all\u2019autoliquidazione dei contributi previdenziali per lavoratori a cappello<\/strong>.<br \/>\n<strong><span style=\"font-weight: 400;\"><b><span class=\"s1\"><span class=\"s2\"><span style=\"color: #8b774b; font-size: 20px;\">\u2605 <\/span><\/span><\/span><\/b><\/span><\/strong>Contributi a fondo perduto e crediti d\u2019imposta (<em>Live Credit<\/em>) per enti, imprese, organizzatori non destinatarie del FUS per <strong>interventi di adeguamento strutture per spettacoli dal vivo<\/strong>.<\/p>\n<h3><strong>Diritti d&#8217;autore, diritti connessi, diritti d&#8217;immagine<\/strong><\/h3>\n<p>La proposta di riforma tratta anche la questione dei diritti d\u2019autore, e si impegna a far destinare una quota fissa dei proventi di copia privata per uso personale in attivit\u00e0 a sostegno della categoria come avviene per l\u2019audiovisivo alle societ\u00e0 di gestione collettiva dei diritti degli artisti interpreti ed esecutori. Oltre a indicare l\u2019assimilazione del trattamento fiscale del diritto connesso dell\u2019artista interprete ed esecutore a quello del diritto d\u2019autore e un diritto di equo compenso per la messa a disposizione al pubblico di \u201cfonogrammi\u201d (streaming).<\/p>\n<p>Un percorso, quello di queste istanze, ancora in divenire, ma che sembra incanalato nella giusta direzione: cio\u00e8 dare stabilit\u00e0 oltre l\u2019emergenza, per permettere al settore di poter pianificare il futuro in sicurezza.<\/p>\n<p><i class=\"\">Articolo realizzato in collaborazione con\u00a0<a href=\"https:\/\/www.docservizi.it\/\" target=\"_blank\" rel=\"noopener noreferrer\">Doc Servizi<\/a><\/i><\/p>\n","protected":false},"excerpt":{"rendered":"<p>Un testo che prender\u00e0 in considerazione cinque punti considerati fondamentali per evitare che le categorie professionali che vivono di eventi e spettacoli restino indietro durante questa fase critica.<\/p>\n","protected":false},"author":5,"featured_media":84802,"comment_status":"open","ping_status":"open","sticky":false,"template":"","format":"standard","meta":[],"categories":[664],"tags":[],"yoast_head":"<!-- This site is optimized with the Yoast SEO plugin v16.9 - https:\/\/yoast.com\/wordpress\/plugins\/seo\/ -->\n<title>Mondo dello spettacolo: la proposta di riforma \u00e8 quasi realt\u00e0<\/title>\n<meta name=\"description\" content=\"Un testo che prender\u00e0 in considerazione cinque punti fondamentali per evitare che le categorie professionali restino indietro durante questa fase critica.\" \/>\n<meta name=\"robots\" content=\"index, follow, max-snippet:-1, max-image-preview:large, max-video-preview:-1\" \/>\n<link rel=\"canonical\" href=\"https:\/\/www.showgroup.it\/blog\/2020\/12\/28\/mondo-dello-spettacolo-riforma\/\" \/>\n<meta property=\"og:locale\" content=\"it_IT\" \/>\n<meta property=\"og:type\" content=\"article\" \/>\n<meta property=\"og:title\" content=\"Mondo dello spettacolo: la proposta di riforma \u00e8 quasi realt\u00e0\" \/>\n<meta property=\"og:description\" content=\"Un testo che prender\u00e0 in considerazione cinque punti fondamentali per evitare che le categorie professionali restino indietro durante questa fase critica.\" \/>\n<meta property=\"og:url\" content=\"https:\/\/www.showgroup.it\/blog\/2020\/12\/28\/mondo-dello-spettacolo-riforma\/\" \/>\n<meta property=\"og:site_name\" content=\"Showgroup - Ready to be WOW!\" \/>\n<meta property=\"article:publisher\" content=\"https:\/\/www.facebook.com\/ShowGroupWow\/\" \/>\n<meta property=\"article:published_time\" content=\"2020-12-28T16:21:58+00:00\" \/>\n<meta property=\"article:modified_time\" content=\"2025-05-29T08:39:25+00:00\" \/>\n<meta property=\"og:image\" content=\"https:\/\/www.showgroup.it\/blog\/wp-content\/uploads\/2020\/12\/ShowGroupArticolo_cover.jpg\" \/>\n\t<meta property=\"og:image:width\" content=\"1920\" \/>\n\t<meta property=\"og:image:height\" content=\"1080\" \/>\n<meta name=\"twitter:card\" content=\"summary_large_image\" \/>\n<meta name=\"twitter:title\" content=\"Come diventare un producer di musica elettronica\" \/>\n<meta name=\"twitter:description\" content=\"David Guetta, Avicii, Martin Garrix, diventare uno tra i dj produttori pi\u00f9 importanti al mondo non \u00e8 affatto facile, ma con questa guida potrai sicuramente iniziare col beat giusto.\" \/>\n<meta name=\"twitter:image\" content=\"https:\/\/www.showgroup.it\/blog\/wp-content\/uploads\/2020\/09\/Showgroup_Copertina_Articolo.jpg\" \/>\n<meta name=\"twitter:label1\" content=\"Scritto da\" \/>\n\t<meta name=\"twitter:data1\" content=\"Benedetta Gatti\" \/>\n\t<meta name=\"twitter:label2\" content=\"Tempo di lettura stimato\" \/>\n\t<meta name=\"twitter:data2\" content=\"9 minuti\" \/>\n<script type=\"application\/ld+json\" class=\"yoast-schema-graph\">{\"@context\":\"https:\/\/schema.org\",\"@graph\":[{\"@type\":\"Organization\",\"@id\":\"https:\/\/www.showgroup.it\/#organization\",\"name\":\"Showgroup\",\"url\":\"https:\/\/www.showgroup.it\/\",\"sameAs\":[\"https:\/\/www.facebook.com\/ShowGroupWow\/\",\"https:\/\/www.instagram.com\/showgroupwow\/\"],\"logo\":{\"@type\":\"ImageObject\",\"@id\":\"https:\/\/www.showgroup.it\/#logo\",\"inLanguage\":\"it-IT\",\"url\":\"https:\/\/www.showgroup.it\/blog\/wp-content\/uploads\/2025\/01\/logo-black.svg\",\"contentUrl\":\"https:\/\/www.showgroup.it\/blog\/wp-content\/uploads\/2025\/01\/logo-black.svg\",\"width\":1440,\"height\":916,\"caption\":\"Showgroup\"},\"image\":{\"@id\":\"https:\/\/www.showgroup.it\/#logo\"}},{\"@type\":\"WebSite\",\"@id\":\"https:\/\/www.showgroup.it\/#website\",\"url\":\"https:\/\/www.showgroup.it\/\",\"name\":\"Showgroup - Ready to be WOW!\",\"description\":\"Il primo portale gratuito dedicato al mondo dello spettacolo.\",\"publisher\":{\"@id\":\"https:\/\/www.showgroup.it\/#organization\"},\"potentialAction\":[{\"@type\":\"SearchAction\",\"target\":{\"@type\":\"EntryPoint\",\"urlTemplate\":\"https:\/\/www.showgroup.it\/?s={search_term_string}\"},\"query-input\":\"required name=search_term_string\"}],\"inLanguage\":\"it-IT\"},{\"@type\":\"ImageObject\",\"@id\":\"https:\/\/www.showgroup.it\/blog\/2020\/12\/28\/mondo-dello-spettacolo-riforma\/#primaryimage\",\"inLanguage\":\"it-IT\",\"url\":\"https:\/\/www.showgroup.it\/blog\/wp-content\/uploads\/2020\/09\/Showgroup_Copertina_Articolo.jpg\",\"contentUrl\":\"https:\/\/www.showgroup.it\/blog\/wp-content\/uploads\/2020\/09\/Showgroup_Copertina_Articolo.jpg\",\"width\":1920,\"height\":1080},{\"@type\":\"WebPage\",\"@id\":\"https:\/\/www.showgroup.it\/blog\/2020\/12\/28\/mondo-dello-spettacolo-riforma\/#webpage\",\"url\":\"https:\/\/www.showgroup.it\/blog\/2020\/12\/28\/mondo-dello-spettacolo-riforma\/\",\"name\":\"Mondo dello spettacolo: la proposta di riforma \\u00e8 quasi realt\\u00e0\",\"isPartOf\":{\"@id\":\"https:\/\/www.showgroup.it\/#website\"},\"primaryImageOfPage\":{\"@id\":\"https:\/\/www.showgroup.it\/blog\/2020\/12\/28\/mondo-dello-spettacolo-riforma\/#primaryimage\"},\"datePublished\":\"2020-12-28T16:21:58+00:00\",\"dateModified\":\"2025-05-29T08:39:25+00:00\",\"description\":\"Un testo che prender\\u00e0 in considerazione cinque punti fondamentali per evitare che le categorie professionali restino indietro durante questa fase critica.\",\"breadcrumb\":{\"@id\":\"https:\/\/www.showgroup.it\/blog\/2020\/12\/28\/mondo-dello-spettacolo-riforma\/#breadcrumb\"},\"inLanguage\":\"it-IT\",\"potentialAction\":[{\"@type\":\"ReadAction\",\"target\":[\"https:\/\/www.showgroup.it\/blog\/2020\/12\/28\/mondo-dello-spettacolo-riforma\/\"]}]},{\"@type\":\"BreadcrumbList\",\"@id\":\"https:\/\/www.showgroup.it\/blog\/2020\/12\/28\/mondo-dello-spettacolo-riforma\/#breadcrumb\",\"itemListElement\":[{\"@type\":\"ListItem\",\"position\":1,\"name\":\"Home\",\"item\":\"https:\/\/www.showgroup.it\/blog\/\"},{\"@type\":\"ListItem\",\"position\":2,\"name\":\"Mondo dello spettacolo: la proposta di riforma \\u00e8 quasi realt\\u00e0\"}]},{\"@type\":\"Article\",\"@id\":\"https:\/\/www.showgroup.it\/blog\/2020\/12\/28\/mondo-dello-spettacolo-riforma\/#article\",\"isPartOf\":{\"@id\":\"https:\/\/www.showgroup.it\/blog\/2020\/12\/28\/mondo-dello-spettacolo-riforma\/#webpage\"},\"author\":{\"@id\":\"https:\/\/www.showgroup.it\/#\/schema\/person\/9b799d433be4e17451d197175628047a\"},\"headline\":\"Mondo dello spettacolo: la proposta di riforma \\u00e8 quasi realt\\u00e0\",\"datePublished\":\"2020-12-28T16:21:58+00:00\",\"dateModified\":\"2025-05-29T08:39:25+00:00\",\"mainEntityOfPage\":{\"@id\":\"https:\/\/www.showgroup.it\/blog\/2020\/12\/28\/mondo-dello-spettacolo-riforma\/#webpage\"},\"wordCount\":1850,\"commentCount\":0,\"publisher\":{\"@id\":\"https:\/\/www.showgroup.it\/#organization\"},\"image\":{\"@id\":\"https:\/\/www.showgroup.it\/blog\/2020\/12\/28\/mondo-dello-spettacolo-riforma\/#primaryimage\"},\"thumbnailUrl\":\"https:\/\/www.showgroup.it\/blog\/wp-content\/uploads\/2020\/12\/ShowGroupArticolo_cover.jpg\",\"articleSection\":[\"Spettacolo e musica\"],\"inLanguage\":\"it-IT\",\"potentialAction\":[{\"@type\":\"CommentAction\",\"name\":\"Comment\",\"target\":[\"https:\/\/www.showgroup.it\/blog\/2020\/12\/28\/mondo-dello-spettacolo-riforma\/#respond\"]}]},{\"@type\":\"Person\",\"@id\":\"https:\/\/www.showgroup.it\/#\/schema\/person\/9b799d433be4e17451d197175628047a\",\"name\":\"Benedetta Gatti\",\"image\":{\"@type\":\"ImageObject\",\"@id\":\"https:\/\/www.showgroup.it\/#personlogo\",\"inLanguage\":\"it-IT\",\"url\":\"https:\/\/secure.gravatar.com\/avatar\/32ceeb7300be30aabe2c84fdaa89eac0?s=96&d=mm&r=g\",\"contentUrl\":\"https:\/\/secure.gravatar.com\/avatar\/32ceeb7300be30aabe2c84fdaa89eac0?s=96&d=mm&r=g\",\"caption\":\"Benedetta Gatti\"}}]}<\/script>\n<!-- \/ Yoast SEO plugin. -->","yoast_head_json":{"title":"Mondo dello spettacolo: la proposta di riforma \u00e8 quasi realt\u00e0","description":"Un testo che prender\u00e0 in considerazione cinque punti fondamentali per evitare che le categorie professionali restino indietro durante questa fase critica.","robots":{"index":"index","follow":"follow","max-snippet":"max-snippet:-1","max-image-preview":"max-image-preview:large","max-video-preview":"max-video-preview:-1"},"canonical":"https:\/\/www.showgroup.it\/blog\/2020\/12\/28\/mondo-dello-spettacolo-riforma\/","og_locale":"it_IT","og_type":"article","og_title":"Mondo dello spettacolo: la proposta di riforma \u00e8 quasi realt\u00e0","og_description":"Un testo che prender\u00e0 in considerazione cinque punti fondamentali per evitare che le categorie professionali restino indietro durante questa fase critica.","og_url":"https:\/\/www.showgroup.it\/blog\/2020\/12\/28\/mondo-dello-spettacolo-riforma\/","og_site_name":"Showgroup - Ready to be WOW!","article_publisher":"https:\/\/www.facebook.com\/ShowGroupWow\/","article_published_time":"2020-12-28T16:21:58+00:00","article_modified_time":"2025-05-29T08:39:25+00:00","og_image":[{"width":1920,"height":1080,"filesize":1609702,"url":"https:\/\/www.showgroup.it\/blog\/wp-content\/uploads\/2020\/12\/ShowGroupArticolo_cover.jpg","path":"\/sites\/www.showgroup.it\/files\/blog\/wp-content\/uploads\/2020\/12\/ShowGroupArticolo_cover.jpg","size":"full","id":84802,"alt":"","pixels":2073600,"type":"image\/jpeg"}],"twitter_card":"summary_large_image","twitter_title":"Come diventare un producer di musica elettronica","twitter_description":"David Guetta, Avicii, Martin Garrix, diventare uno tra i dj produttori pi\u00f9 importanti al mondo non \u00e8 affatto facile, ma con questa guida potrai sicuramente iniziare col beat giusto.","twitter_image":"https:\/\/www.showgroup.it\/blog\/wp-content\/uploads\/2020\/09\/Showgroup_Copertina_Articolo.jpg","twitter_misc":{"Scritto da":"Benedetta Gatti","Tempo di lettura stimato":"9 minuti"},"schema":{"@context":"https:\/\/schema.org","@graph":[{"@type":"Organization","@id":"https:\/\/www.showgroup.it\/#organization","name":"Showgroup","url":"https:\/\/www.showgroup.it\/","sameAs":["https:\/\/www.facebook.com\/ShowGroupWow\/","https:\/\/www.instagram.com\/showgroupwow\/"],"logo":{"@type":"ImageObject","@id":"https:\/\/www.showgroup.it\/#logo","inLanguage":"it-IT","url":"https:\/\/www.showgroup.it\/blog\/wp-content\/uploads\/2025\/01\/logo-black.svg","contentUrl":"https:\/\/www.showgroup.it\/blog\/wp-content\/uploads\/2025\/01\/logo-black.svg","width":1440,"height":916,"caption":"Showgroup"},"image":{"@id":"https:\/\/www.showgroup.it\/#logo"}},{"@type":"WebSite","@id":"https:\/\/www.showgroup.it\/#website","url":"https:\/\/www.showgroup.it\/","name":"Showgroup - Ready to be WOW!","description":"Il primo portale gratuito dedicato al mondo dello spettacolo.","publisher":{"@id":"https:\/\/www.showgroup.it\/#organization"},"potentialAction":[{"@type":"SearchAction","target":{"@type":"EntryPoint","urlTemplate":"https:\/\/www.showgroup.it\/?s={search_term_string}"},"query-input":"required name=search_term_string"}],"inLanguage":"it-IT"},{"@type":"ImageObject","@id":"https:\/\/www.showgroup.it\/blog\/2020\/12\/28\/mondo-dello-spettacolo-riforma\/#primaryimage","inLanguage":"it-IT","url":"https:\/\/www.showgroup.it\/blog\/wp-content\/uploads\/2020\/09\/Showgroup_Copertina_Articolo.jpg","contentUrl":"https:\/\/www.showgroup.it\/blog\/wp-content\/uploads\/2020\/09\/Showgroup_Copertina_Articolo.jpg","width":1920,"height":1080},{"@type":"WebPage","@id":"https:\/\/www.showgroup.it\/blog\/2020\/12\/28\/mondo-dello-spettacolo-riforma\/#webpage","url":"https:\/\/www.showgroup.it\/blog\/2020\/12\/28\/mondo-dello-spettacolo-riforma\/","name":"Mondo dello spettacolo: la proposta di riforma \u00e8 quasi realt\u00e0","isPartOf":{"@id":"https:\/\/www.showgroup.it\/#website"},"primaryImageOfPage":{"@id":"https:\/\/www.showgroup.it\/blog\/2020\/12\/28\/mondo-dello-spettacolo-riforma\/#primaryimage"},"datePublished":"2020-12-28T16:21:58+00:00","dateModified":"2025-05-29T08:39:25+00:00","description":"Un testo che prender\u00e0 in considerazione cinque punti fondamentali per evitare che le categorie professionali restino indietro durante questa fase critica.","breadcrumb":{"@id":"https:\/\/www.showgroup.it\/blog\/2020\/12\/28\/mondo-dello-spettacolo-riforma\/#breadcrumb"},"inLanguage":"it-IT","potentialAction":[{"@type":"ReadAction","target":["https:\/\/www.showgroup.it\/blog\/2020\/12\/28\/mondo-dello-spettacolo-riforma\/"]}]},{"@type":"BreadcrumbList","@id":"https:\/\/www.showgroup.it\/blog\/2020\/12\/28\/mondo-dello-spettacolo-riforma\/#breadcrumb","itemListElement":[{"@type":"ListItem","position":1,"name":"Home","item":"https:\/\/www.showgroup.it\/blog\/"},{"@type":"ListItem","position":2,"name":"Mondo dello spettacolo: la proposta di riforma \u00e8 quasi realt\u00e0"}]},{"@type":"Article","@id":"https:\/\/www.showgroup.it\/blog\/2020\/12\/28\/mondo-dello-spettacolo-riforma\/#article","isPartOf":{"@id":"https:\/\/www.showgroup.it\/blog\/2020\/12\/28\/mondo-dello-spettacolo-riforma\/#webpage"},"author":{"@id":"https:\/\/www.showgroup.it\/#\/schema\/person\/9b799d433be4e17451d197175628047a"},"headline":"Mondo dello spettacolo: la proposta di riforma \u00e8 quasi realt\u00e0","datePublished":"2020-12-28T16:21:58+00:00","dateModified":"2025-05-29T08:39:25+00:00","mainEntityOfPage":{"@id":"https:\/\/www.showgroup.it\/blog\/2020\/12\/28\/mondo-dello-spettacolo-riforma\/#webpage"},"wordCount":1850,"commentCount":0,"publisher":{"@id":"https:\/\/www.showgroup.it\/#organization"},"image":{"@id":"https:\/\/www.showgroup.it\/blog\/2020\/12\/28\/mondo-dello-spettacolo-riforma\/#primaryimage"},"thumbnailUrl":"https:\/\/www.showgroup.it\/blog\/wp-content\/uploads\/2020\/12\/ShowGroupArticolo_cover.jpg","articleSection":["Spettacolo e musica"],"inLanguage":"it-IT","potentialAction":[{"@type":"CommentAction","name":"Comment","target":["https:\/\/www.showgroup.it\/blog\/2020\/12\/28\/mondo-dello-spettacolo-riforma\/#respond"]}]},{"@type":"Person","@id":"https:\/\/www.showgroup.it\/#\/schema\/person\/9b799d433be4e17451d197175628047a","name":"Benedetta Gatti","image":{"@type":"ImageObject","@id":"https:\/\/www.showgroup.it\/#personlogo","inLanguage":"it-IT","url":"https:\/\/secure.gravatar.com\/avatar\/32ceeb7300be30aabe2c84fdaa89eac0?s=96&d=mm&r=g","contentUrl":"https:\/\/secure.gravatar.com\/avatar\/32ceeb7300be30aabe2c84fdaa89eac0?s=96&d=mm&r=g","caption":"Benedetta Gatti"}}]}},"_links":{"self":[{"href":"https:\/\/www.showgroup.it\/blog\/wp-json\/wp\/v2\/posts\/84800"}],"collection":[{"href":"https:\/\/www.showgroup.it\/blog\/wp-json\/wp\/v2\/posts"}],"about":[{"href":"https:\/\/www.showgroup.it\/blog\/wp-json\/wp\/v2\/types\/post"}],"author":[{"embeddable":true,"href":"https:\/\/www.showgroup.it\/blog\/wp-json\/wp\/v2\/users\/5"}],"replies":[{"embeddable":true,"href":"https:\/\/www.showgroup.it\/blog\/wp-json\/wp\/v2\/comments?post=84800"}],"version-history":[{"count":1,"href":"https:\/\/www.showgroup.it\/blog\/wp-json\/wp\/v2\/posts\/84800\/revisions"}],"predecessor-version":[{"id":99232,"href":"https:\/\/www.showgroup.it\/blog\/wp-json\/wp\/v2\/posts\/84800\/revisions\/99232"}],"wp:featuredmedia":[{"embeddable":true,"href":"https:\/\/www.showgroup.it\/blog\/wp-json\/wp\/v2\/media\/84802"}],"wp:attachment":[{"href":"https:\/\/www.showgroup.it\/blog\/wp-json\/wp\/v2\/media?parent=84800"}],"wp:term":[{"taxonomy":"category","embeddable":true,"href":"https:\/\/www.showgroup.it\/blog\/wp-json\/wp\/v2\/categories?post=84800"},{"taxonomy":"post_tag","embeddable":true,"href":"https:\/\/www.showgroup.it\/blog\/wp-json\/wp\/v2\/tags?post=84800"}],"curies":[{"name":"wp","href":"https:\/\/api.w.org\/{rel}","templated":true}]}}