{"id":84835,"date":"2021-01-21T16:29:16","date_gmt":"2021-01-21T15:29:16","guid":{"rendered":"https:\/\/www.showgroup.it\/?p=84835"},"modified":"2025-09-11T10:45:38","modified_gmt":"2025-09-11T08:45:38","slug":"mondo-dello-spettacolo-vaccino","status":"publish","type":"post","link":"https:\/\/www.showgroup.it\/blog\/2021\/01\/21\/mondo-dello-spettacolo-vaccino\/","title":{"rendered":"Come il mondo degli eventi e dello spettacolo supporta la campagna per il vaccino"},"content":{"rendered":"<p>Mentre l\u2019intero Paese attende l\u2019arrivo e la distribuzione del vaccino per il Covid, e si pone domande sull\u2019argomento &#8211; come funziona il vaccino? dove fare il vaccino? quando saremo vaccinati? &#8211; il mondo degli eventi e dello spettacolo non \u00e8 restato con le mani in mano ed ha contribuito prima al <strong>Vaccine Day<\/strong>, ed ora si appresta a supportare l\u2019intera <strong>campagna nazionale per il vaccino<\/strong>.<\/p>\n<h2>L\u2019iniziativa di Bauli in Piazza a supporto della campagna vaccinale<\/h2>\n<p>L\u2019immunit\u00e0 di gregge \u00e8 sicuramente lontana, e non sembra prossimo il momento in cui gli operatori del settore, tra cui molti iscritti alla nostra piattaforma <a href=\"https:\/\/www.showgroup.it\/chi-puoi-trovare\">Showgroup<\/a>, potranno tornare a fare quello che amano e per cui hanno dedicato la loro vita: <strong>cantare, ballare, organizzare eventi, cucinare, etc<\/strong>.<\/p>\n<p>Il difficile momento non ha per\u00f2 impedito all\u2019Associazione<strong> Bauli in Piazza<\/strong> (Associazione di Promozione Sociale di lavoratori dello spettacolo e degli eventi) di essere coinvolta dal Commissario per l\u2019emergenza Covid-19 <strong>Domenico Arcuri<\/strong> a supporto della campagna vaccinale su tutto il territorio nazionale.<\/p>\n<p><a href=\"http:\/\/www.bauliinpiazza.it\">L\u2019Associazione<\/a> &#8211; nata per supportare il settore, fermo a causa della pandemia dal marzo 2020 &#8211; ha infatti messo a disposizione della campagna vaccinale e del paese le proprie competenze tecniche sulla gestione di <strong>grandi manifestazioni<\/strong>, di festival, eventi e concerti. La distribuzione del vaccino sar\u00e0 infatti un passaggio fondamentale per superare l\u2019emergenza Covid, e servono professionisti per far funzionare la macchina al meglio.<\/p>\n<p>L\u2019iniziativa \u00e8 stata prima suggerita da Bauli in Piazza all\u2019architetto <strong>Stefano Boeri<\/strong>, che l\u2019ha fatta sua e l\u2019ha portata all\u2019attenzione del Commissario Arcuri, ben contento di ricevere un aiuto concreto.<\/p>\n<h2><img loading=\"lazy\" class=\"aligncenter wp-image-84837 size-full\" src=\"https:\/\/www.showgroup.it\/blog\/wp-content\/uploads\/2021\/01\/punti-per-le-vaccinazioni-min.png\" alt=\"\" width=\"1920\" height=\"1080\" srcset=\"https:\/\/www.showgroup.it\/blog\/wp-content\/uploads\/2021\/01\/punti-per-le-vaccinazioni-min.png 1920w, https:\/\/www.showgroup.it\/blog\/wp-content\/uploads\/2021\/01\/punti-per-le-vaccinazioni-min-300x169.png 300w, https:\/\/www.showgroup.it\/blog\/wp-content\/uploads\/2021\/01\/punti-per-le-vaccinazioni-min-1024x576.png 1024w, https:\/\/www.showgroup.it\/blog\/wp-content\/uploads\/2021\/01\/punti-per-le-vaccinazioni-min-768x432.png 768w, https:\/\/www.showgroup.it\/blog\/wp-content\/uploads\/2021\/01\/punti-per-le-vaccinazioni-min-1536x864.png 1536w\" sizes=\"(max-width: 1920px) 100vw, 1920px\" \/><\/h2>\n<h2>Ma cosa ha fatto e cosa far\u00e0 in concreto Bauli in Piazza?<\/h2>\n<p><strong>Mario Viscardi<\/strong>, CEO dell\u2019agenzia per eventi Piano B e portavoce dell\u2019Associazione, ha spiegato meglio l\u2019iniziativa: i professionisti di Bauli in Piazza si sono occupati di allestire i primi 21 ospedali per il Vaccine Day dello scorso 11 gennaio, e stanno lavorando per i prossimi 293 punti di vaccinazione. \u00abCi siamo messi a disposizione per allestire e gestire gli spazi che verranno dedicati alla campagna di vaccinazione\u00bb ha dichiarato Viscardi.<\/p>\n<p>Paolo Rizzi, coordinatore operativo del progetto, si \u00e8 detto orgoglioso di quello che gli operatori del settore stanno affrontando per \u00abritornare dopo mesi di fermo a <strong>lavorare sul campo<\/strong> ad un progetto cos\u00ec rilevante per il Paese. Le capacit\u00e0 di un comparto cos\u00ec professionalizzato potrebbero essere impiegate anche in altre iniziative dove la competenza nel muovere efficacemente e tempestivamente masse di persone e mezzi fossero necessarie\u00bb<\/p>\n<p>L\u2019Associazione Bauli in Piazza non \u00e8 nuova ad iniziative del genere, avendo gi\u00e0 collaborato ad altri progetti quali <em>#ChiamateNoi<\/em>, <em>Squadra Live<\/em> e <em>Italia Live<\/em>.<\/p>\n<h2>Il buon esempio di un settore che non si arrende<\/h2>\n<p>La campagna di vaccinazione appena cominciata potr\u00e0 solo giovare della<strong> determinazione e dall\u2019energia<\/strong> di un settore che non avrebbe mai voluto fermarsi, ma che \u00e8 stato costretto a farlo anche per senso di responsabilit\u00e0 verso il paese. Un settore in crisi, ma che <strong>merita grande rispetto<\/strong> da parte di cittadini e istituzioni, e che nonostante abbia ricevuto scarsi aiuti in questo complicato periodo, <strong>non si \u00e8 tirato indietro quando c\u2019\u00e8 stata la possibilit\u00e0 di dare una mano.<\/strong><\/p>\n<p>E tu conosci altre iniziative nate dagli operatori del settore? Partecipi ad una di esse o vorresti partecipare? Facci sapere cosa ne pensi, scrivici sui nostri social: ci trovi su <a href=\"https:\/\/www.facebook.com\/ShowGroupWow\">Facebook<\/a>, <a href=\"https:\/\/www.instagram.com\/showgroup_official\/\" class=\"broken_link\">Instagram<\/a> e <a href=\"https:\/\/www.linkedin.com\/company\/showgroup-srl\/\">Linkedin<\/a>!<\/p>\n<p>&nbsp;<\/p>\n<p>in copertina: <i>Il flash mob organizzato dagli operatori del settore e da Bauli in Piazza il 10 ottobre 2020. (Credits: Bauli in Piazza)<\/i><\/p>\n<p>&nbsp;<\/p>\n","protected":false},"excerpt":{"rendered":"<p>Mentre attendiamo il vaccino anti-Covid, il mondo degli eventi e dello spettacolo si appresta a supportare l\u2019intera campagna nazionale di vaccinazione con iniziative concrete.<\/p>\n","protected":false},"author":5,"featured_media":84841,"comment_status":"open","ping_status":"open","sticky":false,"template":"","format":"standard","meta":[],"categories":[664],"tags":[],"yoast_head":"<!-- This site is optimized with the Yoast SEO plugin v16.9 - https:\/\/yoast.com\/wordpress\/plugins\/seo\/ -->\n<title>Come il mondo degli eventi e dello spettacolo supporta la campagna per il vaccino &bull; Showgroup - Ready to be WOW!<\/title>\n<meta name=\"description\" content=\"Mentre attendiamo il vaccino anti-Covid, il mondo degli eventi e dello spettacolo si appresta a supportare l\u2019intera campagna nazionale di vaccinazione\" \/>\n<meta name=\"robots\" content=\"index, follow, max-snippet:-1, max-image-preview:large, max-video-preview:-1\" \/>\n<link rel=\"canonical\" href=\"https:\/\/www.showgroup.it\/blog\/2021\/01\/21\/mondo-dello-spettacolo-vaccino\/\" \/>\n<meta property=\"og:locale\" content=\"it_IT\" \/>\n<meta property=\"og:type\" content=\"article\" \/>\n<meta property=\"og:title\" content=\"Come il mondo degli eventi e dello spettacolo supporta la campagna per il vaccino &bull; Showgroup - Ready to be WOW!\" \/>\n<meta property=\"og:description\" content=\"Mentre attendiamo il vaccino anti-Covid, il mondo degli eventi e dello spettacolo si appresta a supportare l\u2019intera campagna nazionale di vaccinazione\" \/>\n<meta property=\"og:url\" content=\"https:\/\/www.showgroup.it\/blog\/2021\/01\/21\/mondo-dello-spettacolo-vaccino\/\" \/>\n<meta property=\"og:site_name\" content=\"Showgroup - Ready to be WOW!\" \/>\n<meta property=\"article:publisher\" content=\"https:\/\/www.facebook.com\/ShowGroupWow\/\" \/>\n<meta property=\"article:published_time\" content=\"2021-01-21T15:29:16+00:00\" \/>\n<meta property=\"article:modified_time\" content=\"2025-09-11T08:45:38+00:00\" \/>\n<meta property=\"og:image\" content=\"https:\/\/www.showgroup.it\/blog\/wp-content\/uploads\/2021\/01\/Bauliinpiazza-min-scaled.jpg\" \/>\n\t<meta property=\"og:image:width\" content=\"2560\" \/>\n\t<meta property=\"og:image:height\" content=\"1440\" \/>\n<meta name=\"twitter:card\" content=\"summary_large_image\" \/>\n<meta name=\"twitter:label1\" content=\"Scritto da\" \/>\n\t<meta name=\"twitter:data1\" content=\"Benedetta Gatti\" \/>\n\t<meta name=\"twitter:label2\" content=\"Tempo di lettura stimato\" \/>\n\t<meta name=\"twitter:data2\" content=\"3 minuti\" \/>\n<script type=\"application\/ld+json\" class=\"yoast-schema-graph\">{\"@context\":\"https:\/\/schema.org\",\"@graph\":[{\"@type\":\"Organization\",\"@id\":\"https:\/\/www.showgroup.it\/#organization\",\"name\":\"Showgroup\",\"url\":\"https:\/\/www.showgroup.it\/\",\"sameAs\":[\"https:\/\/www.facebook.com\/ShowGroupWow\/\",\"https:\/\/www.instagram.com\/showgroupwow\/\"],\"logo\":{\"@type\":\"ImageObject\",\"@id\":\"https:\/\/www.showgroup.it\/#logo\",\"inLanguage\":\"it-IT\",\"url\":\"https:\/\/www.showgroup.it\/blog\/wp-content\/uploads\/2025\/01\/logo-black.svg\",\"contentUrl\":\"https:\/\/www.showgroup.it\/blog\/wp-content\/uploads\/2025\/01\/logo-black.svg\",\"width\":1440,\"height\":916,\"caption\":\"Showgroup\"},\"image\":{\"@id\":\"https:\/\/www.showgroup.it\/#logo\"}},{\"@type\":\"WebSite\",\"@id\":\"https:\/\/www.showgroup.it\/#website\",\"url\":\"https:\/\/www.showgroup.it\/\",\"name\":\"Showgroup - Ready to be WOW!\",\"description\":\"Il primo portale gratuito dedicato al mondo dello spettacolo.\",\"publisher\":{\"@id\":\"https:\/\/www.showgroup.it\/#organization\"},\"potentialAction\":[{\"@type\":\"SearchAction\",\"target\":{\"@type\":\"EntryPoint\",\"urlTemplate\":\"https:\/\/www.showgroup.it\/?s={search_term_string}\"},\"query-input\":\"required name=search_term_string\"}],\"inLanguage\":\"it-IT\"},{\"@type\":\"ImageObject\",\"@id\":\"https:\/\/www.showgroup.it\/blog\/2021\/01\/21\/mondo-dello-spettacolo-vaccino\/#primaryimage\",\"inLanguage\":\"it-IT\",\"url\":\"https:\/\/www.showgroup.it\/blog\/wp-content\/uploads\/2021\/01\/Bauliinpiazza-min-scaled.jpg\",\"contentUrl\":\"https:\/\/www.showgroup.it\/blog\/wp-content\/uploads\/2021\/01\/Bauliinpiazza-min-scaled.jpg\",\"width\":2560,\"height\":1440,\"caption\":\"Il flash mob organizzato dagli operatori del settore e da Bauli in Piazza il 10 ottobre 2020. (Credits: Bauli in Piazza)\"},{\"@type\":\"WebPage\",\"@id\":\"https:\/\/www.showgroup.it\/blog\/2021\/01\/21\/mondo-dello-spettacolo-vaccino\/#webpage\",\"url\":\"https:\/\/www.showgroup.it\/blog\/2021\/01\/21\/mondo-dello-spettacolo-vaccino\/\",\"name\":\"Come il mondo degli eventi e dello spettacolo supporta la campagna per il vaccino &bull; Showgroup - Ready to be WOW!\",\"isPartOf\":{\"@id\":\"https:\/\/www.showgroup.it\/#website\"},\"primaryImageOfPage\":{\"@id\":\"https:\/\/www.showgroup.it\/blog\/2021\/01\/21\/mondo-dello-spettacolo-vaccino\/#primaryimage\"},\"datePublished\":\"2021-01-21T15:29:16+00:00\",\"dateModified\":\"2025-09-11T08:45:38+00:00\",\"description\":\"Mentre attendiamo il vaccino anti-Covid, il mondo degli eventi e dello spettacolo si appresta a supportare l\\u2019intera campagna nazionale di vaccinazione\",\"breadcrumb\":{\"@id\":\"https:\/\/www.showgroup.it\/blog\/2021\/01\/21\/mondo-dello-spettacolo-vaccino\/#breadcrumb\"},\"inLanguage\":\"it-IT\",\"potentialAction\":[{\"@type\":\"ReadAction\",\"target\":[\"https:\/\/www.showgroup.it\/blog\/2021\/01\/21\/mondo-dello-spettacolo-vaccino\/\"]}]},{\"@type\":\"BreadcrumbList\",\"@id\":\"https:\/\/www.showgroup.it\/blog\/2021\/01\/21\/mondo-dello-spettacolo-vaccino\/#breadcrumb\",\"itemListElement\":[{\"@type\":\"ListItem\",\"position\":1,\"name\":\"Home\",\"item\":\"https:\/\/www.showgroup.it\/blog\/\"},{\"@type\":\"ListItem\",\"position\":2,\"name\":\"Come il mondo degli eventi e dello spettacolo supporta la campagna per il vaccino\"}]},{\"@type\":\"Article\",\"@id\":\"https:\/\/www.showgroup.it\/blog\/2021\/01\/21\/mondo-dello-spettacolo-vaccino\/#article\",\"isPartOf\":{\"@id\":\"https:\/\/www.showgroup.it\/blog\/2021\/01\/21\/mondo-dello-spettacolo-vaccino\/#webpage\"},\"author\":{\"@id\":\"https:\/\/www.showgroup.it\/#\/schema\/person\/9b799d433be4e17451d197175628047a\"},\"headline\":\"Come il mondo degli eventi e dello spettacolo supporta la campagna per il vaccino\",\"datePublished\":\"2021-01-21T15:29:16+00:00\",\"dateModified\":\"2025-09-11T08:45:38+00:00\",\"mainEntityOfPage\":{\"@id\":\"https:\/\/www.showgroup.it\/blog\/2021\/01\/21\/mondo-dello-spettacolo-vaccino\/#webpage\"},\"wordCount\":596,\"commentCount\":0,\"publisher\":{\"@id\":\"https:\/\/www.showgroup.it\/#organization\"},\"image\":{\"@id\":\"https:\/\/www.showgroup.it\/blog\/2021\/01\/21\/mondo-dello-spettacolo-vaccino\/#primaryimage\"},\"thumbnailUrl\":\"https:\/\/www.showgroup.it\/blog\/wp-content\/uploads\/2021\/01\/Bauliinpiazza-min-scaled.jpg\",\"articleSection\":[\"Spettacolo e musica\"],\"inLanguage\":\"it-IT\",\"potentialAction\":[{\"@type\":\"CommentAction\",\"name\":\"Comment\",\"target\":[\"https:\/\/www.showgroup.it\/blog\/2021\/01\/21\/mondo-dello-spettacolo-vaccino\/#respond\"]}]},{\"@type\":\"Person\",\"@id\":\"https:\/\/www.showgroup.it\/#\/schema\/person\/9b799d433be4e17451d197175628047a\",\"name\":\"Benedetta Gatti\",\"image\":{\"@type\":\"ImageObject\",\"@id\":\"https:\/\/www.showgroup.it\/#personlogo\",\"inLanguage\":\"it-IT\",\"url\":\"https:\/\/secure.gravatar.com\/avatar\/32ceeb7300be30aabe2c84fdaa89eac0?s=96&d=mm&r=g\",\"contentUrl\":\"https:\/\/secure.gravatar.com\/avatar\/32ceeb7300be30aabe2c84fdaa89eac0?s=96&d=mm&r=g\",\"caption\":\"Benedetta Gatti\"}}]}<\/script>\n<!-- \/ Yoast SEO plugin. -->","yoast_head_json":{"title":"Come il mondo degli eventi e dello spettacolo supporta la campagna per il vaccino &bull; Showgroup - Ready to be WOW!","description":"Mentre attendiamo il vaccino anti-Covid, il mondo degli eventi e dello spettacolo si appresta a supportare l\u2019intera campagna nazionale di vaccinazione","robots":{"index":"index","follow":"follow","max-snippet":"max-snippet:-1","max-image-preview":"max-image-preview:large","max-video-preview":"max-video-preview:-1"},"canonical":"https:\/\/www.showgroup.it\/blog\/2021\/01\/21\/mondo-dello-spettacolo-vaccino\/","og_locale":"it_IT","og_type":"article","og_title":"Come il mondo degli eventi e dello spettacolo supporta la campagna per il vaccino &bull; Showgroup - Ready to be WOW!","og_description":"Mentre attendiamo il vaccino anti-Covid, il mondo degli eventi e dello spettacolo si appresta a supportare l\u2019intera campagna nazionale di vaccinazione","og_url":"https:\/\/www.showgroup.it\/blog\/2021\/01\/21\/mondo-dello-spettacolo-vaccino\/","og_site_name":"Showgroup - Ready to be WOW!","article_publisher":"https:\/\/www.facebook.com\/ShowGroupWow\/","article_published_time":"2021-01-21T15:29:16+00:00","article_modified_time":"2025-09-11T08:45:38+00:00","og_image":[{"width":2560,"height":1440,"filesize":540598,"url":"https:\/\/www.showgroup.it\/blog\/wp-content\/uploads\/2021\/01\/Bauliinpiazza-min-scaled.jpg","path":"\/sites\/www.showgroup.it\/files\/blog\/wp-content\/uploads\/2021\/01\/Bauliinpiazza-min-scaled.jpg","size":"full","id":84841,"alt":"","pixels":3686400,"type":"image\/jpeg"}],"twitter_card":"summary_large_image","twitter_misc":{"Scritto da":"Benedetta Gatti","Tempo di lettura stimato":"3 minuti"},"schema":{"@context":"https:\/\/schema.org","@graph":[{"@type":"Organization","@id":"https:\/\/www.showgroup.it\/#organization","name":"Showgroup","url":"https:\/\/www.showgroup.it\/","sameAs":["https:\/\/www.facebook.com\/ShowGroupWow\/","https:\/\/www.instagram.com\/showgroupwow\/"],"logo":{"@type":"ImageObject","@id":"https:\/\/www.showgroup.it\/#logo","inLanguage":"it-IT","url":"https:\/\/www.showgroup.it\/blog\/wp-content\/uploads\/2025\/01\/logo-black.svg","contentUrl":"https:\/\/www.showgroup.it\/blog\/wp-content\/uploads\/2025\/01\/logo-black.svg","width":1440,"height":916,"caption":"Showgroup"},"image":{"@id":"https:\/\/www.showgroup.it\/#logo"}},{"@type":"WebSite","@id":"https:\/\/www.showgroup.it\/#website","url":"https:\/\/www.showgroup.it\/","name":"Showgroup - Ready to be WOW!","description":"Il primo portale gratuito dedicato al mondo dello spettacolo.","publisher":{"@id":"https:\/\/www.showgroup.it\/#organization"},"potentialAction":[{"@type":"SearchAction","target":{"@type":"EntryPoint","urlTemplate":"https:\/\/www.showgroup.it\/?s={search_term_string}"},"query-input":"required name=search_term_string"}],"inLanguage":"it-IT"},{"@type":"ImageObject","@id":"https:\/\/www.showgroup.it\/blog\/2021\/01\/21\/mondo-dello-spettacolo-vaccino\/#primaryimage","inLanguage":"it-IT","url":"https:\/\/www.showgroup.it\/blog\/wp-content\/uploads\/2021\/01\/Bauliinpiazza-min-scaled.jpg","contentUrl":"https:\/\/www.showgroup.it\/blog\/wp-content\/uploads\/2021\/01\/Bauliinpiazza-min-scaled.jpg","width":2560,"height":1440,"caption":"Il flash mob organizzato dagli operatori del settore e da Bauli in Piazza il 10 ottobre 2020. (Credits: Bauli in Piazza)"},{"@type":"WebPage","@id":"https:\/\/www.showgroup.it\/blog\/2021\/01\/21\/mondo-dello-spettacolo-vaccino\/#webpage","url":"https:\/\/www.showgroup.it\/blog\/2021\/01\/21\/mondo-dello-spettacolo-vaccino\/","name":"Come il mondo degli eventi e dello spettacolo supporta la campagna per il vaccino &bull; Showgroup - Ready to be WOW!","isPartOf":{"@id":"https:\/\/www.showgroup.it\/#website"},"primaryImageOfPage":{"@id":"https:\/\/www.showgroup.it\/blog\/2021\/01\/21\/mondo-dello-spettacolo-vaccino\/#primaryimage"},"datePublished":"2021-01-21T15:29:16+00:00","dateModified":"2025-09-11T08:45:38+00:00","description":"Mentre attendiamo il vaccino anti-Covid, il mondo degli eventi e dello spettacolo si appresta a supportare l\u2019intera campagna nazionale di vaccinazione","breadcrumb":{"@id":"https:\/\/www.showgroup.it\/blog\/2021\/01\/21\/mondo-dello-spettacolo-vaccino\/#breadcrumb"},"inLanguage":"it-IT","potentialAction":[{"@type":"ReadAction","target":["https:\/\/www.showgroup.it\/blog\/2021\/01\/21\/mondo-dello-spettacolo-vaccino\/"]}]},{"@type":"BreadcrumbList","@id":"https:\/\/www.showgroup.it\/blog\/2021\/01\/21\/mondo-dello-spettacolo-vaccino\/#breadcrumb","itemListElement":[{"@type":"ListItem","position":1,"name":"Home","item":"https:\/\/www.showgroup.it\/blog\/"},{"@type":"ListItem","position":2,"name":"Come il mondo degli eventi e dello spettacolo supporta la campagna per il vaccino"}]},{"@type":"Article","@id":"https:\/\/www.showgroup.it\/blog\/2021\/01\/21\/mondo-dello-spettacolo-vaccino\/#article","isPartOf":{"@id":"https:\/\/www.showgroup.it\/blog\/2021\/01\/21\/mondo-dello-spettacolo-vaccino\/#webpage"},"author":{"@id":"https:\/\/www.showgroup.it\/#\/schema\/person\/9b799d433be4e17451d197175628047a"},"headline":"Come il mondo degli eventi e dello spettacolo supporta la campagna per il vaccino","datePublished":"2021-01-21T15:29:16+00:00","dateModified":"2025-09-11T08:45:38+00:00","mainEntityOfPage":{"@id":"https:\/\/www.showgroup.it\/blog\/2021\/01\/21\/mondo-dello-spettacolo-vaccino\/#webpage"},"wordCount":596,"commentCount":0,"publisher":{"@id":"https:\/\/www.showgroup.it\/#organization"},"image":{"@id":"https:\/\/www.showgroup.it\/blog\/2021\/01\/21\/mondo-dello-spettacolo-vaccino\/#primaryimage"},"thumbnailUrl":"https:\/\/www.showgroup.it\/blog\/wp-content\/uploads\/2021\/01\/Bauliinpiazza-min-scaled.jpg","articleSection":["Spettacolo e musica"],"inLanguage":"it-IT","potentialAction":[{"@type":"CommentAction","name":"Comment","target":["https:\/\/www.showgroup.it\/blog\/2021\/01\/21\/mondo-dello-spettacolo-vaccino\/#respond"]}]},{"@type":"Person","@id":"https:\/\/www.showgroup.it\/#\/schema\/person\/9b799d433be4e17451d197175628047a","name":"Benedetta Gatti","image":{"@type":"ImageObject","@id":"https:\/\/www.showgroup.it\/#personlogo","inLanguage":"it-IT","url":"https:\/\/secure.gravatar.com\/avatar\/32ceeb7300be30aabe2c84fdaa89eac0?s=96&d=mm&r=g","contentUrl":"https:\/\/secure.gravatar.com\/avatar\/32ceeb7300be30aabe2c84fdaa89eac0?s=96&d=mm&r=g","caption":"Benedetta Gatti"}}]}},"_links":{"self":[{"href":"https:\/\/www.showgroup.it\/blog\/wp-json\/wp\/v2\/posts\/84835"}],"collection":[{"href":"https:\/\/www.showgroup.it\/blog\/wp-json\/wp\/v2\/posts"}],"about":[{"href":"https:\/\/www.showgroup.it\/blog\/wp-json\/wp\/v2\/types\/post"}],"author":[{"embeddable":true,"href":"https:\/\/www.showgroup.it\/blog\/wp-json\/wp\/v2\/users\/5"}],"replies":[{"embeddable":true,"href":"https:\/\/www.showgroup.it\/blog\/wp-json\/wp\/v2\/comments?post=84835"}],"version-history":[{"count":2,"href":"https:\/\/www.showgroup.it\/blog\/wp-json\/wp\/v2\/posts\/84835\/revisions"}],"predecessor-version":[{"id":99874,"href":"https:\/\/www.showgroup.it\/blog\/wp-json\/wp\/v2\/posts\/84835\/revisions\/99874"}],"wp:featuredmedia":[{"embeddable":true,"href":"https:\/\/www.showgroup.it\/blog\/wp-json\/wp\/v2\/media\/84841"}],"wp:attachment":[{"href":"https:\/\/www.showgroup.it\/blog\/wp-json\/wp\/v2\/media?parent=84835"}],"wp:term":[{"taxonomy":"category","embeddable":true,"href":"https:\/\/www.showgroup.it\/blog\/wp-json\/wp\/v2\/categories?post=84835"},{"taxonomy":"post_tag","embeddable":true,"href":"https:\/\/www.showgroup.it\/blog\/wp-json\/wp\/v2\/tags?post=84835"}],"curies":[{"name":"wp","href":"https:\/\/api.w.org\/{rel}","templated":true}]}}