{"id":85877,"date":"2022-03-04T16:41:28","date_gmt":"2022-03-04T15:41:28","guid":{"rendered":"https:\/\/www.showgroup.it\/?p=85877"},"modified":"2025-09-11T10:50:55","modified_gmt":"2025-09-11T08:50:55","slug":"festa-di-san-patrizio-in-casa-con-gli-amici-come-organizzarla","status":"publish","type":"post","link":"https:\/\/www.showgroup.it\/blog\/2022\/03\/04\/festa-di-san-patrizio-in-casa-con-gli-amici-come-organizzarla\/","title":{"rendered":"Festa di San Patrizio in casa con gli amici: come organizzarla"},"content":{"rendered":"<p><span style=\"font-weight: 400;\">Sai gi\u00e0 cosa si celebra il 17 marzo? Ovviamente<\/span><b>\u00a0San Patrizio<\/b><span style=\"font-weight: 400;\">, <\/span><b>patrono d\u2019Irlanda<\/b><span style=\"font-weight: 400;\">!<\/span><span style=\"font-weight: 400;\"><br \/>\n<\/span><span style=\"font-weight: 400;\">Prima di entrare nel vivo dell\u2019articolo e condividere con te una manciata di <\/span><b>suggerimenti <\/b><span style=\"font-weight: 400;\">per organizzare una <\/span><b>festa di San Patrizio indimenticabile<\/b><span style=\"font-weight: 400;\">, desideriamo raccontarti alcune <\/span><b>informazioni<\/b><span style=\"font-weight: 400;\"> rispetto a questa<\/span><b> festivit\u00e0<\/b><span style=\"font-weight: 400;\">.<\/span><span style=\"font-weight: 400;\"><br \/>\n<\/span><\/p>\n<h2><a href=\"https:\/\/www.irlandando.it\/st-patricks-day\/san-patrizio\/\"><b>Chi \u00e8 San Patrizio?<\/b><\/a><\/h2>\n<p><span style=\"font-weight: 400;\">Rispondere a questa domanda non \u00e8 per nulla semplice, ricostruire la vita del santo infatti \u00e8 piuttosto difficile, nulla \u00e8 certo!<\/span><span style=\"font-weight: 400;\"><br \/>\n<\/span><span style=\"font-weight: 400;\">Proprio per questo motivo, intorno a <\/span><b>San Patrizio<\/b><span style=\"font-weight: 400;\"> sono nate<\/span><b> numerose leggende<\/b><span style=\"font-weight: 400;\">, puoi dare un\u2019occhiata a quelle pi\u00f9 famose <\/span><a href=\"https:\/\/www.irlandando.it\/st-patricks-day\/san-patrizio\/\"><span style=\"font-weight: 400;\">cliccando qui<\/span><\/a><span style=\"font-weight: 400;\">.<\/span><\/p>\n<h2><a href=\"https:\/\/www.irlandando.it\/st-patricks-day\/san-patrizio\/\"><b>Perch\u00e9 e come si festeggia San Patrizio<\/b><\/a><\/h2>\n<p><span style=\"font-weight: 400;\">Se da una parte non abbiamo notizie certe sul santo, ci\u00f2 che invece \u00e8 certo \u00e8 che <\/span><b>St.Patrick\u2019s Day<\/b><span style=\"font-weight: 400;\"> sia la <\/span><b>festa pi\u00f9 importante della Repubblica d\u2019Irlanda<\/b><span style=\"font-weight: 400;\">.<\/span><span style=\"font-weight: 400;\"><br \/>\n<\/span><span style=\"font-weight: 400;\">In prossimit\u00e0 di questa giornata, la<\/span><b> capitale si tinge di verde<\/b><span style=\"font-weight: 400;\">, i negozi rimangono aperti sino a tarda ora, vengono organizzate parate, fuochi d\u2019artificio. <\/span><span style=\"font-weight: 400;\"><br \/>\n<\/span><b>Parola d\u2019ordine? Divertirsi!<br \/>\n<\/b><span style=\"font-weight: 400;\">Come si \u00e8 diffusa questa festa negli altri paesi? Semplice, gli <\/span><b>irlandesi emigrati <\/b><span style=\"font-weight: 400;\">nel resto del mondo, essendo cos\u00ec affezionati al patrono sono riusciti nella \u201cmissione\u201d di far divenire celebre questa ricorrenza anche oltre confine.<\/span><span style=\"font-weight: 400;\"><br \/>\n<\/span><span style=\"font-weight: 400;\">Ecco svelato il motivo per cui anche nelle nostre citt\u00e0 \u00e8 divenuta usanza comunque festeggiare San Patrizio, il 17 di marzo!<\/span><\/p>\n<h2><span style=\"font-weight: 400;\"><b>Come organizzare festa di San Patrizio<\/b><br \/>\n<\/span><\/h2>\n<p><a href=\"https:\/\/www.showgroup.it\"><span style=\"font-weight: 400;\"><img loading=\"lazy\" class=\"alignnone wp-image-85878 size-full\" title=\"Come organizzare festa di san patrizio\" src=\"https:\/\/www.showgroup.it\/blog\/wp-content\/uploads\/2022\/03\/5-min-1.png\" alt=\"Come organizzare festa di san patrizio\" width=\"1920\" height=\"1080\" srcset=\"https:\/\/www.showgroup.it\/blog\/wp-content\/uploads\/2022\/03\/5-min-1.png 1920w, https:\/\/www.showgroup.it\/blog\/wp-content\/uploads\/2022\/03\/5-min-1-300x169.png 300w, https:\/\/www.showgroup.it\/blog\/wp-content\/uploads\/2022\/03\/5-min-1-1024x576.png 1024w, https:\/\/www.showgroup.it\/blog\/wp-content\/uploads\/2022\/03\/5-min-1-768x432.png 768w, https:\/\/www.showgroup.it\/blog\/wp-content\/uploads\/2022\/03\/5-min-1-1536x864.png 1536w\" sizes=\"(max-width: 1920px) 100vw, 1920px\" \/><\/span><\/a><\/p>\n<p><span style=\"font-weight: 400;\">Se non hai intenzione di prendere un aereo e partire alla scoperta di Dublino. puoi <\/span><b>festeggiare San Patrizio<\/b><span style=\"font-weight: 400;\"> organizzando un indimenticabile party in casa insieme ai tuoi amici.<\/span><span style=\"font-weight: 400;\"><br \/>\n<\/span><span style=\"font-weight: 400;\">Ecco alcuni suggerimenti per il tuo evento:<\/span><\/p>\n<h3><a href=\"https:\/\/www.showgroup.it\"><b>1.\u00a0 Location, allestimenti e inviti<\/b><\/a><\/h3>\n<p><span style=\"font-weight: 400;\">Una volta scelta la location, ovvero la tua casa o quella di qualche amico, dovrai realizzare la lista degli invitati.<\/span><span style=\"font-weight: 400;\"><br \/>\n<\/span><span style=\"font-weight: 400;\">Procedi poi con la <\/span><b>consegna degli inviti <\/b><span style=\"font-weight: 400;\">in maniera digitale tramite WhatsApp (per rendere il messaggio pi\u00f9 simpatico, puoi <\/span><b>aggiungere una delle gif <\/b><span style=\"font-weight: 400;\">che <\/span><span style=\"font-weight: 400;\">trovi qui<\/span><span style=\"font-weight: 400;\">).<\/span><span style=\"font-weight: 400;\"><br \/>\n<\/span><span style=\"font-weight: 400;\">Acquista poi, con alcuni giorni di anticipo, gli <\/span><b>allestimen<\/b><span style=\"font-weight: 400;\">ti per il party in <\/span><b>tema San Patrick\u2019s Day<\/b><span style=\"font-weight: 400;\">. S\u00ec quindi a decorazioni:<\/span><span style=\"font-weight: 400;\"><br \/>\n<\/span><span style=\"font-weight: 400;\">&#8211; dal colore verde, tinta simbolo di questa giornata<\/span><span style=\"font-weight: 400;\"><br \/>\n<\/span><span style=\"font-weight: 400;\">&#8211; piattini, tovaglioli e bicchieri con disegnati trifogli, arcobaleni, pinte di birra, folletti e monete<\/span><span style=\"font-weight: 400;\"><br \/>\n<\/span><span style=\"font-weight: 400;\">&#8211; ghirlande e palloncini verdi.<\/span><span style=\"font-weight: 400;\"><br \/>\n<\/span><span style=\"font-weight: 400;\"><br \/>\n<\/span><span style=\"font-weight: 400;\">Tutti questi <\/span><b>oggetti li ritroviamo in molte delle leggende <\/b><span style=\"font-weight: 400;\">che ruotano intorno a San Patrizio, quindi sono davvero immancabili per rendere i tuoi spazi davvero a tema.<br \/>\n<\/span><span style=\"font-weight: 400;\">Se non sai dove trovare il materiale puoi dare un\u2019occhiata<\/span><a href=\"https:\/\/www.vegaoo.it\/r-28-addobbi-decorazioni\/san-patrizio.html?type=category\" target=\"_blank\" rel=\"noopener\"><span style=\"font-weight: 400;\"> qui<\/span><\/a><span style=\"font-weight: 400;\"> oppure <\/span><span style=\"font-weight: 400;\">qui<\/span><span style=\"font-weight: 400;\">. dove ti aspettano decorazioni di ogni genere.<\/span><\/p>\n<h3><a href=\"https:\/\/www.showgroup.it\"><b>\u00a02.\u00a0 Gadget a tema per gli ospiti<\/b><\/a><\/h3>\n<p><a href=\"https:\/\/www.showgroup.it\/vetrina\/addobbi-e-allestimenti\/fabbrica-delle-feste_c31907\"><span style=\"font-weight: 400;\"><img loading=\"lazy\" class=\"alignnone wp-image-85879 size-full\" title=\"Gadget San Patrizio\" src=\"https:\/\/www.showgroup.it\/blog\/wp-content\/uploads\/2022\/03\/4-min-1.png\" alt=\"Gadget San Patrizio\" width=\"1920\" height=\"1080\" srcset=\"https:\/\/www.showgroup.it\/blog\/wp-content\/uploads\/2022\/03\/4-min-1.png 1920w, https:\/\/www.showgroup.it\/blog\/wp-content\/uploads\/2022\/03\/4-min-1-300x169.png 300w, https:\/\/www.showgroup.it\/blog\/wp-content\/uploads\/2022\/03\/4-min-1-1024x576.png 1024w, https:\/\/www.showgroup.it\/blog\/wp-content\/uploads\/2022\/03\/4-min-1-768x432.png 768w, https:\/\/www.showgroup.it\/blog\/wp-content\/uploads\/2022\/03\/4-min-1-1536x864.png 1536w\" sizes=\"(max-width: 1920px) 100vw, 1920px\" \/><\/span><\/a><\/p>\n<p><span style=\"font-weight: 400;\">Il tema della festa ovviamente sar\u00e0 San Patrizio, perch\u00e9 quindi non regalare agli ospiti qualche <\/span><b>gadget simpatico da indossare<\/b><span style=\"font-weight: 400;\">?<\/span><span style=\"font-weight: 400;\"><br \/>\n<\/span><span style=\"font-weight: 400;\">Ecco alcuni esempi:<\/span><span style=\"font-weight: 400;\"><br \/>\n<\/span><span style=\"font-weight: 400;\">&#8211; <\/span><a href=\"https:\/\/shop.fabbricadellefeste.com\/it\/cerchietto-san-patrizio-con-trifoglio-verde\" target=\"_blank\" rel=\"noopener\"><span style=\"font-weight: 400;\">cerchietto con trifoglio<\/span><\/a><\/p>\n<p><span style=\"font-weight: 400;\">&#8211; <\/span><a href=\"https:\/\/shop.fabbricadellefeste.com\/it\/cilindro-verde-san-patrizio-in-feltro\" target=\"_blank\" rel=\"noopener\"><span style=\"font-weight: 400;\">cappello cilindro verde<\/span><\/a><\/p>\n<p><span style=\"font-weight: 400;\">&#8211;<\/span><a href=\"https:\/\/shop.fabbricadellefeste.com\/it\/occhiali-trifoglio-con-mini-cilindro\" target=\"_blank\" rel=\"noopener\"><span style=\"font-weight: 400;\"> occhiali da sole trifoglio<\/span><\/a><\/p>\n<p><span style=\"font-weight: 400;\">Per la consegna degli oggetti agli ospiti, puoi<\/span><b> collocarli<\/b><span style=\"font-weight: 400;\"> direttamente sul tavolo come <\/span><b>segnaposto<\/b><span style=\"font-weight: 400;\"> oppure inserirli <\/span><b>impacchettati in una scatola di cartone<\/b><span style=\"font-weight: 400;\"> e a ogni invitato spetter\u00e0 il compito di \u201cpescarne\u201d uno.<\/span><\/p>\n<h3><a href=\"https:\/\/www.showgroup.it\"><b>3. Cibo<\/b><\/a><\/h3>\n<p><a href=\"https:\/\/www.showgroup.it\/vetrine\/cake-designer\"><span style=\"font-weight: 400;\"><img loading=\"lazy\" class=\"alignnone wp-image-85880 size-full\" title=\"Cibo San Patrizio\" src=\"https:\/\/www.showgroup.it\/blog\/wp-content\/uploads\/2022\/03\/6-min-1.png\" alt=\"Cibo San Patrizio\" width=\"1920\" height=\"1080\" srcset=\"https:\/\/www.showgroup.it\/blog\/wp-content\/uploads\/2022\/03\/6-min-1.png 1920w, https:\/\/www.showgroup.it\/blog\/wp-content\/uploads\/2022\/03\/6-min-1-300x169.png 300w, https:\/\/www.showgroup.it\/blog\/wp-content\/uploads\/2022\/03\/6-min-1-1024x576.png 1024w, https:\/\/www.showgroup.it\/blog\/wp-content\/uploads\/2022\/03\/6-min-1-768x432.png 768w, https:\/\/www.showgroup.it\/blog\/wp-content\/uploads\/2022\/03\/6-min-1-1536x864.png 1536w\" sizes=\"(max-width: 1920px) 100vw, 1920px\" \/><\/span><\/a><\/p>\n<p><span style=\"font-weight: 400;\">Quali <\/span><b>portate<\/b><span style=\"font-weight: 400;\"> preparare per la<\/span><b> Festa di San Patrizio<\/b><span style=\"font-weight: 400;\">? <\/span><span style=\"font-weight: 400;\"><br \/>\n<\/span><span style=\"font-weight: 400;\">Se tu e i tuoi ospiti amate la birra, puoi optare per un <\/span><b>men\u00f9<\/b><span style=\"font-weight: 400;\"> con protagonista la bevanda pi\u00f9 amata d\u2019Irlanda ovvero la <\/span><b>Guinness<\/b><span style=\"font-weight: 400;\">.<\/span><span style=\"font-weight: 400;\"><br \/>\n<\/span><span style=\"font-weight: 400;\">Un men\u00f9 tipico pu\u00f2 comprendere: <\/span><b>fonduta, beef <\/b><span style=\"font-weight: 400;\">\u00a0e<\/span><b> gelato alla Guinness<\/b><span style=\"font-weight: 400;\">. Trovi alcune imperdibili ricette a base di birra <\/span><a href=\"https:\/\/www.irlandando.it\/cultura\/cucina\/ricette\/piatti-principali\/\" target=\"_blank\" rel=\"noopener\"><span style=\"font-weight: 400;\">cliccando qui<\/span><\/a><span style=\"font-weight: 400;\">. Bere<\/span><b> birre ver<\/b><span style=\"font-weight: 400;\">di a San Patrizio \u00e8 diventata ormai un\u2019usanza tipica, <\/span><a href=\"https:\/\/tastingabundance.com\/come-fare-birra-verde-per-il-giorno-di-san-patrizio-2\/\" target=\"_blank\" rel=\"noopener\"><span style=\"font-weight: 400;\">clicca qui per scoprire come colorare la tua bevanda<\/span><\/a><span style=\"font-weight: 400;\">.<\/span><span style=\"font-weight: 400;\"><br \/>\n<\/span><span style=\"font-weight: 400;\">Se preferite optare per<\/span><b> men\u00f9 diversi<\/b><span style=\"font-weight: 400;\">, ma comunque irlandesi, potete scegliere tra <\/span><b>pudding, zuppe, secondi a base di carne<\/b><span style=\"font-weight: 400;\"> e innumerevoli tipologie di<\/span><b> torte<\/b><span style=\"font-weight: 400;\">.<br \/>\n<\/span><a href=\"https:\/\/www.irlandando.it\/cultura\/cucina\/ricette\/\" target=\"_blank\" rel=\"noopener\"><span style=\"font-weight: 400;\">Qui trovi alcune ricette<\/span><\/a><span style=\"font-weight: 400;\"> che possono fare al caso tuo.<\/span><span style=\"font-weight: 400;\"><br \/>\n<\/span><span style=\"font-weight: 400;\">Per un finale davvero WOW, puoi contattare un <\/span><a href=\"https:\/\/www.showgroup.it\/vetrine\/cake-designer\"><span style=\"font-weight: 400;\">cake designer<\/span><\/a><span style=\"font-weight: 400;\"> che realizzer\u00e0 per te una festa in tema che lascer\u00e0 stupiti tutti gli invitati!<\/span><\/p>\n<h3><a href=\"https:\/\/www.showgroup.it\"><b>4. Musica<\/b><\/a><\/h3>\n<p><a href=\"https:\/\/www.showgroup.it\/\"><span style=\"font-weight: 400;\"><img loading=\"lazy\" class=\"alignnone wp-image-85881 size-full\" title=\"Musica per festa san patrizio\" src=\"https:\/\/www.showgroup.it\/blog\/wp-content\/uploads\/2022\/03\/2-min-1.png\" alt=\"Musica per festa san patrizio\" width=\"1920\" height=\"1080\" srcset=\"https:\/\/www.showgroup.it\/blog\/wp-content\/uploads\/2022\/03\/2-min-1.png 1920w, https:\/\/www.showgroup.it\/blog\/wp-content\/uploads\/2022\/03\/2-min-1-300x169.png 300w, https:\/\/www.showgroup.it\/blog\/wp-content\/uploads\/2022\/03\/2-min-1-1024x576.png 1024w, https:\/\/www.showgroup.it\/blog\/wp-content\/uploads\/2022\/03\/2-min-1-768x432.png 768w, https:\/\/www.showgroup.it\/blog\/wp-content\/uploads\/2022\/03\/2-min-1-1536x864.png 1536w\" sizes=\"(max-width: 1920px) 100vw, 1920px\" \/><\/span><\/a><\/p>\n<p><span style=\"font-weight: 400;\">La <\/span><b>patria irlandese<\/b><span style=\"font-weight: 400;\"> oltre che per la birra \u00e8 celebre anche per la<\/span><b> musica<\/b><span style=\"font-weight: 400;\">.<\/span><span style=\"font-weight: 400;\"><br \/>\n<\/span><span style=\"font-weight: 400;\">Per rendere la tua festa di San Patrizio ancora pi\u00f9 \u201cirish\u201d <\/span><b>non puoi quindi assolutamente trascurare la colonna musicale<\/b><span style=\"font-weight: 400;\">.<\/span><span style=\"font-weight: 400;\"><br \/>\n<\/span><span style=\"font-weight: 400;\">Per la durata della cena, puoi optare come sottofondo, per dei<\/span><b> brani celtici e medievali<\/b><span style=\"font-weight: 400;\">, melodie tranquille che vi accompagneranno durante il pasto.<\/span><a href=\"https:\/\/open.spotify.com\/playlist\/0fTaxsVjCaCIMlycK4jBNS\" target=\"_blank\" rel=\"noopener\"><span style=\"font-weight: 400;\"> Qui trovi una playlist <\/span><\/a><span style=\"font-weight: 400;\">che potrebbe fare al caso tuo!<\/span><span style=\"font-weight: 400;\"><br \/>\n<\/span><span style=\"font-weight: 400;\">Per i restanti momenti, puoi scegliere invece un ritmo pi\u00f9 rock, dai un\u2019occhiata<\/span><a href=\"https:\/\/open.spotify.com\/search\/musica%20irlander\" target=\"_blank\" rel=\"noopener\"><span style=\"font-weight: 400;\"> alle playlist che trovi qui<\/span><\/a><span style=\"font-weight: 400;\">.<\/span><\/p>\n<h3><a href=\"https:\/\/www.showgroup.it\"><b>5. Intrattenimento<\/b><\/a><\/h3>\n<p><span style=\"font-weight: 400;\">Come attivit\u00e0 da svolgere dopo la cena, ti proponiamo<\/span><span style=\"font-weight: 400;\"> giochi da tavolo<\/span><span style=\"font-weight: 400;\"> come<\/span><b> Dixit <\/b><span style=\"font-weight: 400;\">o <\/span><b>Cluedo<\/b><span style=\"font-weight: 400;\">, oppure di scegliere tra le innumerevoli <\/span><b>Escape Room <\/b><span style=\"font-weight: 400;\">che potrai svolgere insieme ai tuoi amici direttamente dalla comodit\u00e0 della tua casa.<br \/>\n<\/span><a href=\"https:\/\/www.amazon.it\/s?k=escape+room+gioco+da+tavolo&amp;crid=2XTRWSH39B0RD&amp;sprefix=escape+room%2Caps%2C95&amp;ref=nb_sb_ss_ts-doa-p_1_11\" target=\"_blank\" rel=\"noopener\" class=\"broken_link\"><span style=\"font-weight: 400;\">Qui trovi alcuni modelli<\/span><\/a><span style=\"font-weight: 400;\"> assolutamente imperdibili.<\/span><\/p>\n<p><span style=\"font-weight: 400;\">Se non siete da giochi da tavolo, potete optare per<\/span><b> karaoke<\/b><span style=\"font-weight: 400;\"> o per un<\/span><b> film<\/b><span style=\"font-weight: 400;\"> da vedere in compagnia.<\/span><span style=\"font-weight: 400;\"><br \/>\n<\/span><b>Via libera quindi alla fantasia!<\/b><\/p>\n","protected":false},"excerpt":{"rendered":"<p>Sai gi\u00e0 cosa si celebra il 17 marzo? Ovviamente\u00a0San Patrizio, patrono d\u2019Irlanda! Prima di entrare nel vivo dell\u2019articolo e condividere [&hellip;]<\/p>\n","protected":false},"author":5,"featured_media":85883,"comment_status":"open","ping_status":"open","sticky":false,"template":"","format":"standard","meta":[],"categories":[661],"tags":[194,196,297,324,325,326,327],"yoast_head":"<!-- This site is optimized with the Yoast SEO plugin v16.9 - https:\/\/yoast.com\/wordpress\/plugins\/seo\/ -->\n<title>Festa di San Patrizio in casa con gli amici: come organizzarla &bull; Showgroup - Ready to be WOW!<\/title>\n<meta name=\"description\" content=\"St.Patrick&#039;s Day, ovvero la festa di San Patrizio, ormai \u00e8 divenuta famosa anche in Italia. Ecco come organizzare un party con i tuoi amici!\" \/>\n<meta name=\"robots\" content=\"index, follow, max-snippet:-1, max-image-preview:large, max-video-preview:-1\" \/>\n<link rel=\"canonical\" href=\"https:\/\/www.showgroup.it\/blog\/2022\/03\/04\/festa-di-san-patrizio-in-casa-con-gli-amici-come-organizzarla\/\" \/>\n<meta property=\"og:locale\" content=\"it_IT\" \/>\n<meta property=\"og:type\" content=\"article\" \/>\n<meta property=\"og:title\" content=\"Festa di San Patrizio in casa con gli amici: come organizzarla &bull; Showgroup - Ready to be WOW!\" \/>\n<meta property=\"og:description\" content=\"St.Patrick&#039;s Day, ovvero la festa di San Patrizio, ormai \u00e8 divenuta famosa anche in Italia. Ecco come organizzare un party con i tuoi amici!\" \/>\n<meta property=\"og:url\" content=\"https:\/\/www.showgroup.it\/blog\/2022\/03\/04\/festa-di-san-patrizio-in-casa-con-gli-amici-come-organizzarla\/\" \/>\n<meta property=\"og:site_name\" content=\"Showgroup - Ready to be WOW!\" \/>\n<meta property=\"article:publisher\" content=\"https:\/\/www.facebook.com\/ShowGroupWow\/\" \/>\n<meta property=\"article:published_time\" content=\"2022-03-04T15:41:28+00:00\" \/>\n<meta property=\"article:modified_time\" content=\"2025-09-11T08:50:55+00:00\" \/>\n<meta property=\"og:image\" content=\"https:\/\/www.showgroup.it\/blog\/wp-content\/uploads\/2022\/03\/3-min-1.png\" \/>\n\t<meta property=\"og:image:width\" content=\"1920\" \/>\n\t<meta property=\"og:image:height\" content=\"1080\" \/>\n<meta name=\"twitter:card\" content=\"summary_large_image\" \/>\n<meta name=\"twitter:label1\" content=\"Scritto da\" \/>\n\t<meta name=\"twitter:data1\" content=\"Benedetta Gatti\" \/>\n\t<meta name=\"twitter:label2\" content=\"Tempo di lettura stimato\" \/>\n\t<meta name=\"twitter:data2\" content=\"5 minuti\" \/>\n<script type=\"application\/ld+json\" class=\"yoast-schema-graph\">{\"@context\":\"https:\/\/schema.org\",\"@graph\":[{\"@type\":\"Organization\",\"@id\":\"https:\/\/www.showgroup.it\/#organization\",\"name\":\"Showgroup\",\"url\":\"https:\/\/www.showgroup.it\/\",\"sameAs\":[\"https:\/\/www.facebook.com\/ShowGroupWow\/\",\"https:\/\/www.instagram.com\/showgroupwow\/\"],\"logo\":{\"@type\":\"ImageObject\",\"@id\":\"https:\/\/www.showgroup.it\/#logo\",\"inLanguage\":\"it-IT\",\"url\":\"https:\/\/www.showgroup.it\/blog\/wp-content\/uploads\/2025\/01\/logo-black.svg\",\"contentUrl\":\"https:\/\/www.showgroup.it\/blog\/wp-content\/uploads\/2025\/01\/logo-black.svg\",\"width\":1440,\"height\":916,\"caption\":\"Showgroup\"},\"image\":{\"@id\":\"https:\/\/www.showgroup.it\/#logo\"}},{\"@type\":\"WebSite\",\"@id\":\"https:\/\/www.showgroup.it\/#website\",\"url\":\"https:\/\/www.showgroup.it\/\",\"name\":\"Showgroup - Ready to be WOW!\",\"description\":\"Il primo portale gratuito dedicato al mondo dello spettacolo.\",\"publisher\":{\"@id\":\"https:\/\/www.showgroup.it\/#organization\"},\"potentialAction\":[{\"@type\":\"SearchAction\",\"target\":{\"@type\":\"EntryPoint\",\"urlTemplate\":\"https:\/\/www.showgroup.it\/?s={search_term_string}\"},\"query-input\":\"required name=search_term_string\"}],\"inLanguage\":\"it-IT\"},{\"@type\":\"ImageObject\",\"@id\":\"https:\/\/www.showgroup.it\/blog\/2022\/03\/04\/festa-di-san-patrizio-in-casa-con-gli-amici-come-organizzarla\/#primaryimage\",\"inLanguage\":\"it-IT\",\"url\":\"https:\/\/www.showgroup.it\/blog\/wp-content\/uploads\/2022\/03\/3-min-1.png\",\"contentUrl\":\"https:\/\/www.showgroup.it\/blog\/wp-content\/uploads\/2022\/03\/3-min-1.png\",\"width\":1920,\"height\":1080},{\"@type\":\"WebPage\",\"@id\":\"https:\/\/www.showgroup.it\/blog\/2022\/03\/04\/festa-di-san-patrizio-in-casa-con-gli-amici-come-organizzarla\/#webpage\",\"url\":\"https:\/\/www.showgroup.it\/blog\/2022\/03\/04\/festa-di-san-patrizio-in-casa-con-gli-amici-come-organizzarla\/\",\"name\":\"Festa di San Patrizio in casa con gli amici: come organizzarla &bull; Showgroup - Ready to be WOW!\",\"isPartOf\":{\"@id\":\"https:\/\/www.showgroup.it\/#website\"},\"primaryImageOfPage\":{\"@id\":\"https:\/\/www.showgroup.it\/blog\/2022\/03\/04\/festa-di-san-patrizio-in-casa-con-gli-amici-come-organizzarla\/#primaryimage\"},\"datePublished\":\"2022-03-04T15:41:28+00:00\",\"dateModified\":\"2025-09-11T08:50:55+00:00\",\"description\":\"St.Patrick's Day, ovvero la festa di San Patrizio, ormai \\u00e8 divenuta famosa anche in Italia. Ecco come organizzare un party con i tuoi amici!\",\"breadcrumb\":{\"@id\":\"https:\/\/www.showgroup.it\/blog\/2022\/03\/04\/festa-di-san-patrizio-in-casa-con-gli-amici-come-organizzarla\/#breadcrumb\"},\"inLanguage\":\"it-IT\",\"potentialAction\":[{\"@type\":\"ReadAction\",\"target\":[\"https:\/\/www.showgroup.it\/blog\/2022\/03\/04\/festa-di-san-patrizio-in-casa-con-gli-amici-come-organizzarla\/\"]}]},{\"@type\":\"BreadcrumbList\",\"@id\":\"https:\/\/www.showgroup.it\/blog\/2022\/03\/04\/festa-di-san-patrizio-in-casa-con-gli-amici-come-organizzarla\/#breadcrumb\",\"itemListElement\":[{\"@type\":\"ListItem\",\"position\":1,\"name\":\"Home\",\"item\":\"https:\/\/www.showgroup.it\/blog\/\"},{\"@type\":\"ListItem\",\"position\":2,\"name\":\"Festa di San Patrizio in casa con gli amici: come organizzarla\"}]},{\"@type\":\"Article\",\"@id\":\"https:\/\/www.showgroup.it\/blog\/2022\/03\/04\/festa-di-san-patrizio-in-casa-con-gli-amici-come-organizzarla\/#article\",\"isPartOf\":{\"@id\":\"https:\/\/www.showgroup.it\/blog\/2022\/03\/04\/festa-di-san-patrizio-in-casa-con-gli-amici-come-organizzarla\/#webpage\"},\"author\":{\"@id\":\"https:\/\/www.showgroup.it\/#\/schema\/person\/9b799d433be4e17451d197175628047a\"},\"headline\":\"Festa di San Patrizio in casa con gli amici: come organizzarla\",\"datePublished\":\"2022-03-04T15:41:28+00:00\",\"dateModified\":\"2025-09-11T08:50:55+00:00\",\"mainEntityOfPage\":{\"@id\":\"https:\/\/www.showgroup.it\/blog\/2022\/03\/04\/festa-di-san-patrizio-in-casa-con-gli-amici-come-organizzarla\/#webpage\"},\"wordCount\":765,\"commentCount\":0,\"publisher\":{\"@id\":\"https:\/\/www.showgroup.it\/#organization\"},\"image\":{\"@id\":\"https:\/\/www.showgroup.it\/blog\/2022\/03\/04\/festa-di-san-patrizio-in-casa-con-gli-amici-come-organizzarla\/#primaryimage\"},\"thumbnailUrl\":\"https:\/\/www.showgroup.it\/blog\/wp-content\/uploads\/2022\/03\/3-min-1.png\",\"keywords\":[\"festa\",\"party\",\"cena\",\"san patrizio\",\"festa con amici\",\"saint patrick day\",\"st.patrick's day\"],\"articleSection\":[\"Eventi e location\"],\"inLanguage\":\"it-IT\",\"potentialAction\":[{\"@type\":\"CommentAction\",\"name\":\"Comment\",\"target\":[\"https:\/\/www.showgroup.it\/blog\/2022\/03\/04\/festa-di-san-patrizio-in-casa-con-gli-amici-come-organizzarla\/#respond\"]}]},{\"@type\":\"Person\",\"@id\":\"https:\/\/www.showgroup.it\/#\/schema\/person\/9b799d433be4e17451d197175628047a\",\"name\":\"Benedetta Gatti\",\"image\":{\"@type\":\"ImageObject\",\"@id\":\"https:\/\/www.showgroup.it\/#personlogo\",\"inLanguage\":\"it-IT\",\"url\":\"https:\/\/secure.gravatar.com\/avatar\/32ceeb7300be30aabe2c84fdaa89eac0?s=96&d=mm&r=g\",\"contentUrl\":\"https:\/\/secure.gravatar.com\/avatar\/32ceeb7300be30aabe2c84fdaa89eac0?s=96&d=mm&r=g\",\"caption\":\"Benedetta Gatti\"}}]}<\/script>\n<!-- \/ Yoast SEO plugin. -->","yoast_head_json":{"title":"Festa di San Patrizio in casa con gli amici: come organizzarla &bull; Showgroup - Ready to be WOW!","description":"St.Patrick's Day, ovvero la festa di San Patrizio, ormai \u00e8 divenuta famosa anche in Italia. Ecco come organizzare un party con i tuoi amici!","robots":{"index":"index","follow":"follow","max-snippet":"max-snippet:-1","max-image-preview":"max-image-preview:large","max-video-preview":"max-video-preview:-1"},"canonical":"https:\/\/www.showgroup.it\/blog\/2022\/03\/04\/festa-di-san-patrizio-in-casa-con-gli-amici-come-organizzarla\/","og_locale":"it_IT","og_type":"article","og_title":"Festa di San Patrizio in casa con gli amici: come organizzarla &bull; Showgroup - Ready to be WOW!","og_description":"St.Patrick's Day, ovvero la festa di San Patrizio, ormai \u00e8 divenuta famosa anche in Italia. Ecco come organizzare un party con i tuoi amici!","og_url":"https:\/\/www.showgroup.it\/blog\/2022\/03\/04\/festa-di-san-patrizio-in-casa-con-gli-amici-come-organizzarla\/","og_site_name":"Showgroup - Ready to be WOW!","article_publisher":"https:\/\/www.facebook.com\/ShowGroupWow\/","article_published_time":"2022-03-04T15:41:28+00:00","article_modified_time":"2025-09-11T08:50:55+00:00","og_image":[{"width":1920,"height":1080,"url":"https:\/\/www.showgroup.it\/blog\/wp-content\/uploads\/2022\/03\/3-min-1.png","path":"\/sites\/www.showgroup.it\/files\/blog\/wp-content\/uploads\/2022\/03\/3-min-1.png","size":"full","id":85883,"alt":"","pixels":2073600,"type":"image\/png"}],"twitter_card":"summary_large_image","twitter_misc":{"Scritto da":"Benedetta Gatti","Tempo di lettura stimato":"5 minuti"},"schema":{"@context":"https:\/\/schema.org","@graph":[{"@type":"Organization","@id":"https:\/\/www.showgroup.it\/#organization","name":"Showgroup","url":"https:\/\/www.showgroup.it\/","sameAs":["https:\/\/www.facebook.com\/ShowGroupWow\/","https:\/\/www.instagram.com\/showgroupwow\/"],"logo":{"@type":"ImageObject","@id":"https:\/\/www.showgroup.it\/#logo","inLanguage":"it-IT","url":"https:\/\/www.showgroup.it\/blog\/wp-content\/uploads\/2025\/01\/logo-black.svg","contentUrl":"https:\/\/www.showgroup.it\/blog\/wp-content\/uploads\/2025\/01\/logo-black.svg","width":1440,"height":916,"caption":"Showgroup"},"image":{"@id":"https:\/\/www.showgroup.it\/#logo"}},{"@type":"WebSite","@id":"https:\/\/www.showgroup.it\/#website","url":"https:\/\/www.showgroup.it\/","name":"Showgroup - Ready to be WOW!","description":"Il primo portale gratuito dedicato al mondo dello spettacolo.","publisher":{"@id":"https:\/\/www.showgroup.it\/#organization"},"potentialAction":[{"@type":"SearchAction","target":{"@type":"EntryPoint","urlTemplate":"https:\/\/www.showgroup.it\/?s={search_term_string}"},"query-input":"required name=search_term_string"}],"inLanguage":"it-IT"},{"@type":"ImageObject","@id":"https:\/\/www.showgroup.it\/blog\/2022\/03\/04\/festa-di-san-patrizio-in-casa-con-gli-amici-come-organizzarla\/#primaryimage","inLanguage":"it-IT","url":"https:\/\/www.showgroup.it\/blog\/wp-content\/uploads\/2022\/03\/3-min-1.png","contentUrl":"https:\/\/www.showgroup.it\/blog\/wp-content\/uploads\/2022\/03\/3-min-1.png","width":1920,"height":1080},{"@type":"WebPage","@id":"https:\/\/www.showgroup.it\/blog\/2022\/03\/04\/festa-di-san-patrizio-in-casa-con-gli-amici-come-organizzarla\/#webpage","url":"https:\/\/www.showgroup.it\/blog\/2022\/03\/04\/festa-di-san-patrizio-in-casa-con-gli-amici-come-organizzarla\/","name":"Festa di San Patrizio in casa con gli amici: come organizzarla &bull; Showgroup - Ready to be WOW!","isPartOf":{"@id":"https:\/\/www.showgroup.it\/#website"},"primaryImageOfPage":{"@id":"https:\/\/www.showgroup.it\/blog\/2022\/03\/04\/festa-di-san-patrizio-in-casa-con-gli-amici-come-organizzarla\/#primaryimage"},"datePublished":"2022-03-04T15:41:28+00:00","dateModified":"2025-09-11T08:50:55+00:00","description":"St.Patrick's Day, ovvero la festa di San Patrizio, ormai \u00e8 divenuta famosa anche in Italia. Ecco come organizzare un party con i tuoi amici!","breadcrumb":{"@id":"https:\/\/www.showgroup.it\/blog\/2022\/03\/04\/festa-di-san-patrizio-in-casa-con-gli-amici-come-organizzarla\/#breadcrumb"},"inLanguage":"it-IT","potentialAction":[{"@type":"ReadAction","target":["https:\/\/www.showgroup.it\/blog\/2022\/03\/04\/festa-di-san-patrizio-in-casa-con-gli-amici-come-organizzarla\/"]}]},{"@type":"BreadcrumbList","@id":"https:\/\/www.showgroup.it\/blog\/2022\/03\/04\/festa-di-san-patrizio-in-casa-con-gli-amici-come-organizzarla\/#breadcrumb","itemListElement":[{"@type":"ListItem","position":1,"name":"Home","item":"https:\/\/www.showgroup.it\/blog\/"},{"@type":"ListItem","position":2,"name":"Festa di San Patrizio in casa con gli amici: come organizzarla"}]},{"@type":"Article","@id":"https:\/\/www.showgroup.it\/blog\/2022\/03\/04\/festa-di-san-patrizio-in-casa-con-gli-amici-come-organizzarla\/#article","isPartOf":{"@id":"https:\/\/www.showgroup.it\/blog\/2022\/03\/04\/festa-di-san-patrizio-in-casa-con-gli-amici-come-organizzarla\/#webpage"},"author":{"@id":"https:\/\/www.showgroup.it\/#\/schema\/person\/9b799d433be4e17451d197175628047a"},"headline":"Festa di San Patrizio in casa con gli amici: come organizzarla","datePublished":"2022-03-04T15:41:28+00:00","dateModified":"2025-09-11T08:50:55+00:00","mainEntityOfPage":{"@id":"https:\/\/www.showgroup.it\/blog\/2022\/03\/04\/festa-di-san-patrizio-in-casa-con-gli-amici-come-organizzarla\/#webpage"},"wordCount":765,"commentCount":0,"publisher":{"@id":"https:\/\/www.showgroup.it\/#organization"},"image":{"@id":"https:\/\/www.showgroup.it\/blog\/2022\/03\/04\/festa-di-san-patrizio-in-casa-con-gli-amici-come-organizzarla\/#primaryimage"},"thumbnailUrl":"https:\/\/www.showgroup.it\/blog\/wp-content\/uploads\/2022\/03\/3-min-1.png","keywords":["festa","party","cena","san patrizio","festa con amici","saint patrick day","st.patrick's day"],"articleSection":["Eventi e location"],"inLanguage":"it-IT","potentialAction":[{"@type":"CommentAction","name":"Comment","target":["https:\/\/www.showgroup.it\/blog\/2022\/03\/04\/festa-di-san-patrizio-in-casa-con-gli-amici-come-organizzarla\/#respond"]}]},{"@type":"Person","@id":"https:\/\/www.showgroup.it\/#\/schema\/person\/9b799d433be4e17451d197175628047a","name":"Benedetta Gatti","image":{"@type":"ImageObject","@id":"https:\/\/www.showgroup.it\/#personlogo","inLanguage":"it-IT","url":"https:\/\/secure.gravatar.com\/avatar\/32ceeb7300be30aabe2c84fdaa89eac0?s=96&d=mm&r=g","contentUrl":"https:\/\/secure.gravatar.com\/avatar\/32ceeb7300be30aabe2c84fdaa89eac0?s=96&d=mm&r=g","caption":"Benedetta Gatti"}}]}},"_links":{"self":[{"href":"https:\/\/www.showgroup.it\/blog\/wp-json\/wp\/v2\/posts\/85877"}],"collection":[{"href":"https:\/\/www.showgroup.it\/blog\/wp-json\/wp\/v2\/posts"}],"about":[{"href":"https:\/\/www.showgroup.it\/blog\/wp-json\/wp\/v2\/types\/post"}],"author":[{"embeddable":true,"href":"https:\/\/www.showgroup.it\/blog\/wp-json\/wp\/v2\/users\/5"}],"replies":[{"embeddable":true,"href":"https:\/\/www.showgroup.it\/blog\/wp-json\/wp\/v2\/comments?post=85877"}],"version-history":[{"count":4,"href":"https:\/\/www.showgroup.it\/blog\/wp-json\/wp\/v2\/posts\/85877\/revisions"}],"predecessor-version":[{"id":100278,"href":"https:\/\/www.showgroup.it\/blog\/wp-json\/wp\/v2\/posts\/85877\/revisions\/100278"}],"wp:featuredmedia":[{"embeddable":true,"href":"https:\/\/www.showgroup.it\/blog\/wp-json\/wp\/v2\/media\/85883"}],"wp:attachment":[{"href":"https:\/\/www.showgroup.it\/blog\/wp-json\/wp\/v2\/media?parent=85877"}],"wp:term":[{"taxonomy":"category","embeddable":true,"href":"https:\/\/www.showgroup.it\/blog\/wp-json\/wp\/v2\/categories?post=85877"},{"taxonomy":"post_tag","embeddable":true,"href":"https:\/\/www.showgroup.it\/blog\/wp-json\/wp\/v2\/tags?post=85877"}],"curies":[{"name":"wp","href":"https:\/\/api.w.org\/{rel}","templated":true}]}}