{"id":86529,"date":"2022-04-20T12:43:36","date_gmt":"2022-04-20T10:43:36","guid":{"rendered":"https:\/\/www.showgroup.it\/?p=86529"},"modified":"2025-08-17T17:52:08","modified_gmt":"2025-08-17T15:52:08","slug":"look-per-invitata-come-vestirsi-per-battesimo-comunione-e-cresima","status":"publish","type":"post","link":"https:\/\/www.showgroup.it\/blog\/2022\/04\/20\/look-per-invitata-come-vestirsi-per-battesimo-comunione-e-cresima\/","title":{"rendered":"Look da invitata: come vestirsi per battesimo, comunione e cresima"},"content":{"rendered":"<p><b>Primavera<\/b><span style=\"font-weight: 400;\"> \u00e8<\/span><b> sinonimo<\/b><span style=\"font-weight: 400;\"> di bella stagione, giornate pi\u00f9 lunghe, gite fuori porta e ovviamente <\/span><b>cerimonie<\/b><span style=\"font-weight: 400;\">.<br \/>\n<\/span><span style=\"font-weight: 400;\">Battesimi, comunioni, cresime\u2026quale <\/span><b>outfit indossare<\/b><span style=\"font-weight: 400;\">?<br \/>\n<\/span><span style=\"font-weight: 400;\">Ecco una lista, secondo le <\/span><b>tendenze moda 2022<\/b><span style=\"font-weight: 400;\">, dei migliori <\/span><b>look da sfoggiare in queste occasioni<\/b><span style=\"font-weight: 400;\">!<\/span><\/p>\n<h2><b>Prima di partire, ecco alcuni suggerimenti<\/b><\/h2>\n<p><span style=\"font-weight: 400;\"><a href=\"https:\/\/www.showgroup.it\/\"><img loading=\"lazy\" class=\"alignnone wp-image-86540 size-full\" title=\"Come trovare abito da invitata per cerimonia\" src=\"https:\/\/www.showgroup.it\/blog\/wp-content\/uploads\/2022\/04\/Come-trovare-abito-cerimonie.png\" alt=\"Come trovare abito da invitata per cerimonia\" width=\"1920\" height=\"1080\" srcset=\"https:\/\/www.showgroup.it\/blog\/wp-content\/uploads\/2022\/04\/Come-trovare-abito-cerimonie.png 1920w, https:\/\/www.showgroup.it\/blog\/wp-content\/uploads\/2022\/04\/Come-trovare-abito-cerimonie-300x169.png 300w, https:\/\/www.showgroup.it\/blog\/wp-content\/uploads\/2022\/04\/Come-trovare-abito-cerimonie-1024x576.png 1024w, https:\/\/www.showgroup.it\/blog\/wp-content\/uploads\/2022\/04\/Come-trovare-abito-cerimonie-768x432.png 768w, https:\/\/www.showgroup.it\/blog\/wp-content\/uploads\/2022\/04\/Come-trovare-abito-cerimonie-1536x864.png 1536w\" sizes=\"(max-width: 1920px) 100vw, 1920px\" \/><\/a>Se sei alla ricerca dell\u2019<\/span><b>outfit perfetto da invitata<\/b><span style=\"font-weight: 400;\">, sicuramente ti suggeriamo di scegliere un <\/span><b>capo che ti piaccia<\/b><span style=\"font-weight: 400;\">, magari proprio prendendo ispirazione a partire da <\/span><b>qualche abito che hai gi\u00e0 nell\u2019armadio<\/b><span style=\"font-weight: 400;\">.<br \/>\n<\/span><span style=\"font-weight: 400;\">Troppo spesso ci dimentichiamo di quel vestito che \u00e8 rimasto nel guardaroba per troppo tempo ma che con l\u2019<\/span><b>accessorio giusto<\/b><span style=\"font-weight: 400;\"> potrebbe risultare <\/span><b>super cool<\/b><span style=\"font-weight: 400;\">.<br \/>\n<\/span><span style=\"font-weight: 400;\">Orecchini, borse o un<\/span><a href=\"https:\/\/www.furla.com\/it\/it\/eshop\/woman\/woman-accessories\/accessories-textiles\/?section=1\" target=\"_blank\" rel=\"noopener\"><span style=\"font-weight: 400;\"> semplice foulard<\/span><\/a><span style=\"font-weight: 400;\">, indossato in vita come <\/span><b>cintura<\/b><span style=\"font-weight: 400;\">, possono impreziosire un abito.\u00a0<\/span><span style=\"font-weight: 400;\"><br \/>\n<\/span><span style=\"font-weight: 400;\">Il secondo suggerimento \u00e8 quello di pensare a un<\/span><b> look a \u201ccipolla\u201d<\/b><span style=\"font-weight: 400;\">, si sa la primavera \u00e8 cos\u00ec&#8230; un attimo prima sole splendente e quello dopo chiss\u00e0!<br \/>\n<\/span><span style=\"font-weight: 400;\">Ricordati quindi di portare sempre con te un <\/span><b>golfino<\/b><span style=\"font-weight: 400;\"> o una <\/span><b>giacca di scorta<\/b><span style=\"font-weight: 400;\">.<br \/>\n<\/span><span style=\"font-weight: 400;\">Ultimo consiglio, scegli un outfit che ti f<\/span><b>accia sentire a tuo agio<\/b><span style=\"font-weight: 400;\">, che ti faccia brillare fuori e dentro!<\/span><\/p>\n<h2><b>Colori e stampe primavera\/estate 2022<\/b><\/h2>\n<p><span style=\"font-weight: 400;\"><a href=\"https:\/\/www.showgroup.it\/\"><img loading=\"lazy\" class=\"alignnone wp-image-86542 size-full\" title=\"Colori e stampe primavera 2022\" src=\"https:\/\/www.showgroup.it\/blog\/wp-content\/uploads\/2022\/04\/Colori-e-stampe-moda-2022.png\" alt=\"Colori e stampe primavera 2022\" width=\"1920\" height=\"1080\" srcset=\"https:\/\/www.showgroup.it\/blog\/wp-content\/uploads\/2022\/04\/Colori-e-stampe-moda-2022.png 1920w, https:\/\/www.showgroup.it\/blog\/wp-content\/uploads\/2022\/04\/Colori-e-stampe-moda-2022-300x169.png 300w, https:\/\/www.showgroup.it\/blog\/wp-content\/uploads\/2022\/04\/Colori-e-stampe-moda-2022-1024x576.png 1024w, https:\/\/www.showgroup.it\/blog\/wp-content\/uploads\/2022\/04\/Colori-e-stampe-moda-2022-768x432.png 768w, https:\/\/www.showgroup.it\/blog\/wp-content\/uploads\/2022\/04\/Colori-e-stampe-moda-2022-1536x864.png 1536w\" sizes=\"(max-width: 1920px) 100vw, 1920px\" \/><\/a>Quali sono i<\/span><b> colori pi\u00f9 di moda<\/b><span style=\"font-weight: 400;\"> per la <\/span><b>primavera\/estate 2022<\/b><span style=\"font-weight: 400;\">?<br \/>\n<\/span><span style=\"font-weight: 400;\">Sicuramente le <\/span><b>tinte pastello<\/b><span style=\"font-weight: 400;\"> come il <\/span><b>rosa<\/b><span style=\"font-weight: 400;\"> e l&#8217;<\/span><b>azzurro<\/b><span style=\"font-weight: 400;\">, il<\/span><b> lavanda<\/b><span style=\"font-weight: 400;\"> e anche il<\/span><b> giallo<\/b><span style=\"font-weight: 400;\">.<\/span><\/p>\n<p><span style=\"font-weight: 400;\">Il <\/span><b>beige<\/b><span style=\"font-weight: 400;\"> sar\u00e0 particolarmente di tendenza e ovviamente ci sar\u00e0 lui, il<\/span><b> colore top del 2022<\/b><span style=\"font-weight: 400;\">, ovvero, il <\/span><b>verde in tutte le sue sfumature<\/b><span style=\"font-weight: 400;\">.<br \/>\n<\/span><a href=\"https:\/\/www.google.com\/search?q=verde+acido&amp;rlz=1C1CHBF_itIT972IT973&amp;oq=verde+acido&amp;aqs=chrome..69i57j0i512l9.3225j0j7&amp;sourceid=chrome&amp;ie=UTF-8\"><span style=\"font-weight: 400;\">Acido<\/span><\/a><span style=\"font-weight: 400;\">,<\/span><a href=\"https:\/\/www.google.com\/search?q=verde+pastello&amp;rlz=1C1CHBF_itIT972IT973&amp;oq=verde+pastello&amp;aqs=chrome..69i57j0i512l9.4519j0j7&amp;sourceid=chrome&amp;ie=UTF-8\"> <span style=\"font-weight: 400;\">pastello<\/span><\/a><span style=\"font-weight: 400;\">,<\/span><a href=\"https:\/\/www.google.com\/search?q=verde+prato&amp;rlz=1C1CHBF_itIT972IT973&amp;oq=verde+prato&amp;aqs=chrome..69i57j0i512l2j46i175i199i512j0i512l6.2189j0j7&amp;sourceid=chrome&amp;ie=UTF-8\"><span style=\"font-weight: 400;\"> prato<\/span><\/a><span style=\"font-weight: 400;\">,<\/span><a href=\"https:\/\/www.google.com\/search?q=verde+fluo&amp;rlz=1C1CHBF_itIT972IT973&amp;oq=verde+fluo&amp;aqs=chrome..69i57j0i512l6j69i61.2131j0j7&amp;sourceid=chrome&amp;ie=UTF-8\"> <span style=\"font-weight: 400;\">fluo.<\/span><\/a><span style=\"font-weight: 400;\"> Questa tinta ha gi\u00e0 dominato le passerelle ed \u00e8 pronta a conquistare anche le cerimonie.<\/span><\/p>\n<p><span style=\"font-weight: 400;\">Se da una parte abbiamo i colori pi\u00f9 tenui, dall\u2019altra, andranno di moda anche i colori pi\u00f9 <\/span><b>accesi e fluo<\/b><span style=\"font-weight: 400;\"> come:<\/span><\/p>\n<ul>\n<li style=\"font-weight: 400;\" aria-level=\"1\"><span style=\"font-weight: 400;\">blu elettrico<\/span><\/li>\n<li style=\"font-weight: 400;\" aria-level=\"1\"><span style=\"font-weight: 400;\">fucsia<\/span><\/li>\n<li style=\"font-weight: 400;\" aria-level=\"1\"><span style=\"font-weight: 400;\">arancione<\/span><\/li>\n<li style=\"font-weight: 400;\" aria-level=\"1\"><span style=\"font-weight: 400;\">giallo<\/span><\/li>\n<li style=\"font-weight: 400;\" aria-level=\"1\"><span style=\"font-weight: 400;\">celeste<\/span><\/li>\n<li style=\"font-weight: 400;\" aria-level=\"1\"><span style=\"font-weight: 400;\">rosso<\/span><\/li>\n<li style=\"font-weight: 400;\" aria-level=\"1\"><span style=\"font-weight: 400;\">viola<\/span><\/li>\n<\/ul>\n<p><span style=\"font-weight: 400;\">Di super tendenza gli abbinamenti tra loro, come ad esempio: <\/span><b>arancione e azzurro<\/b><span style=\"font-weight: 400;\">, <\/span><b>verde e blu<\/b><span style=\"font-weight: 400;\">, <\/span><b>fucsia e rosso.<\/b><span style=\"font-weight: 400;\">\u00a0<\/span><b>Molto chic<\/b><span style=\"font-weight: 400;\"> anche l\u2019abbinamento <\/span><b>bianco<\/b><span style=\"font-weight: 400;\"> e <\/span><b>beige<\/b><span style=\"font-weight: 400;\">.<br \/>\n<\/span><span style=\"font-weight: 400;\">Per quanto riguarda le fantasie, tra quelle pi\u00f9 in voga per la moda primavera\/estate 2022, ci sono quelle <\/span><b>floreali<\/b><span style=\"font-weight: 400;\">, <\/span><b>pop<\/b><span style=\"font-weight: 400;\"> e quelle <\/span><b>ispirate<\/b><span style=\"font-weight: 400;\"> agli <\/span><b>anni \u201860<\/b><span style=\"font-weight: 400;\">.<\/span><\/p>\n<h2><b>Idee di look per cerimonie<\/b><\/h2>\n<p><span style=\"font-weight: 400;\">Sei invitata a una cerimonia e non sai cosa indossare?<\/span><span style=\"font-weight: 400;\"><br \/>\n<\/span><span style=\"font-weight: 400;\">Ecco<\/span><b> alcune idee di outfit <\/b><span style=\"font-weight: 400;\">per <\/span><b>battesimi<\/b><span style=\"font-weight: 400;\">, <\/span><b>comunioni<\/b><span style=\"font-weight: 400;\"> e <\/span><b>cresime<\/b><span style=\"font-weight: 400;\">!<\/span><\/p>\n<h3><a href=\"https:\/\/www.showgroup.it\/\"><b>1.TAILLEUR CON MAXI BLAZER<\/b><\/a><\/h3>\n<p><span style=\"font-weight: 400;\"><a href=\"https:\/\/www.showgroup.it\/\"><img loading=\"lazy\" class=\"alignnone size-full wp-image-86543\" src=\"https:\/\/www.showgroup.it\/blog\/wp-content\/uploads\/2022\/04\/Blazer-over-per-cerimonie.png\" alt=\"\" width=\"1920\" height=\"1080\" srcset=\"https:\/\/www.showgroup.it\/blog\/wp-content\/uploads\/2022\/04\/Blazer-over-per-cerimonie.png 1920w, https:\/\/www.showgroup.it\/blog\/wp-content\/uploads\/2022\/04\/Blazer-over-per-cerimonie-300x169.png 300w, https:\/\/www.showgroup.it\/blog\/wp-content\/uploads\/2022\/04\/Blazer-over-per-cerimonie-1024x576.png 1024w, https:\/\/www.showgroup.it\/blog\/wp-content\/uploads\/2022\/04\/Blazer-over-per-cerimonie-768x432.png 768w, https:\/\/www.showgroup.it\/blog\/wp-content\/uploads\/2022\/04\/Blazer-over-per-cerimonie-1536x864.png 1536w\" sizes=\"(max-width: 1920px) 100vw, 1920px\" \/><\/a>Con un bel tailleur &#8220;andrai sul sicuro&#8221;, puoi scegliere se acquistarlo in toni accesi oppure pi\u00f9 classici.<br \/>\n<\/span><span style=\"font-weight: 400;\">Super cool, per questa primavera estate 2022, sar\u00e0 il <\/span><b>blazer in versione over<\/b><span style=\"font-weight: 400;\">, sconsigliata invece la<\/span><a href=\"https:\/\/www.google.com\/search?q=tailleur+cropped&amp;rlz=1C1CHBF_itIT972IT973&amp;oq=tailleur+cropped&amp;aqs=chrome..69i57j0i22i30l3.4661j0j7&amp;sourceid=chrome&amp;ie=UTF-8\" target=\"_blank\" rel=\"noopener\"> <b>versione cropped<\/b><\/a><span style=\"font-weight: 400;\"> che potrebbe risultare fuori luogo.<br \/>\n<\/span><span style=\"font-weight: 400;\">Da abbinare sotto la giacca, consigliamo una <\/span><b>camicia<\/b><span style=\"font-weight: 400;\">, oppure un<\/span><b> top senza maniche in seta<\/b><span style=\"font-weight: 400;\">,<\/span><a href=\"https:\/\/www.treccani.it\/vocabolario\/ton-sur-ton\/\" target=\"_blank\" rel=\"noopener\"> <span style=\"font-weight: 400;\">ton sur ton<\/span><\/a><span style=\"font-weight: 400;\"> o a contrasto.<\/span><\/p>\n<p><span style=\"font-weight: 400;\">Scelta pi\u00f9 azzardata potrebbe essere quella di optare per un <\/span><b>corsetto<\/b><span style=\"font-weight: 400;\">, in questo caso ti consigliamo per\u00f2 di sceglierne uno con lo scollo troppo profondo, che altrimenti non si adatterebbe bene alla cerimonia.<\/span><\/p>\n<p><span style=\"font-weight: 400;\">Ecco link a cui dare un\u2019occhiata per questo tipo di look:<\/span><\/p>\n<ul>\n<li style=\"font-weight: 400;\" aria-level=\"1\"><span style=\"font-weight: 400;\">Imperial\u00a0<\/span><\/li>\n<li style=\"font-weight: 400;\" aria-level=\"1\"><span style=\"font-weight: 400;\">Massimo Dutti<\/span><\/li>\n<li style=\"font-weight: 400;\" aria-level=\"1\"><span style=\"font-weight: 400;\">Asos<\/span><\/li>\n<li style=\"font-weight: 400;\" aria-level=\"1\"><span style=\"font-weight: 400;\">Max Mara<\/span><\/li>\n<\/ul>\n<h3><a href=\"https:\/\/www.showgroup.it\/\"><b>\u00a02.ABITO BLAZER O DOPPIOPETTO<\/b><\/a><\/h3>\n<p><span style=\"font-weight: 400;\"><a href=\"https:\/\/www.showgroup.it\/\"><img loading=\"lazy\" class=\"alignnone wp-image-86544 size-full\" title=\"Tailleur doppio petto per cerimonie\" src=\"https:\/\/www.showgroup.it\/blog\/wp-content\/uploads\/2022\/04\/Tailleur-per-cerimonie-toni-pastello.png\" alt=\"Tailleur doppio petto per cerimonie\" width=\"1920\" height=\"1080\" srcset=\"https:\/\/www.showgroup.it\/blog\/wp-content\/uploads\/2022\/04\/Tailleur-per-cerimonie-toni-pastello.png 1920w, https:\/\/www.showgroup.it\/blog\/wp-content\/uploads\/2022\/04\/Tailleur-per-cerimonie-toni-pastello-300x169.png 300w, https:\/\/www.showgroup.it\/blog\/wp-content\/uploads\/2022\/04\/Tailleur-per-cerimonie-toni-pastello-1024x576.png 1024w, https:\/\/www.showgroup.it\/blog\/wp-content\/uploads\/2022\/04\/Tailleur-per-cerimonie-toni-pastello-768x432.png 768w, https:\/\/www.showgroup.it\/blog\/wp-content\/uploads\/2022\/04\/Tailleur-per-cerimonie-toni-pastello-1536x864.png 1536w\" sizes=\"(max-width: 1920px) 100vw, 1920px\" \/><\/a>L\u2019<\/span><b>abito doppiopetto<\/b><span style=\"font-weight: 400;\"> \u00e8 perfetto per cerimonie, specie quando le temperature sono ancora ballerine.<\/span><span style=\"font-weight: 400;\"><br \/>\n<\/span><span style=\"font-weight: 400;\">Si pu\u00f2 optare per modelli <\/span><b>arricchiti da bottoni in colore oro<\/b><span style=\"font-weight: 400;\"> o <\/span><b>argento<\/b><span style=\"font-weight: 400;\"> oppure per quelli con <\/span><b>cintura in vita<\/b><span style=\"font-weight: 400;\">.<\/span><span style=\"font-weight: 400;\"><br \/>\n<\/span><span style=\"font-weight: 400;\">Molto adatto anche l\u2019<\/span><b>abito blazer<\/b><span style=\"font-weight: 400;\">.<\/span><\/p>\n<p><span style=\"font-weight: 400;\">Qui alcuni esempi:<\/span><\/p>\n<ul>\n<li style=\"font-weight: 400;\" aria-level=\"1\"><span style=\"font-weight: 400;\">\u00a0Zara<\/span><\/li>\n<li style=\"font-weight: 400;\" aria-level=\"1\"><span style=\"font-weight: 400;\">Elisabetta Franchi<\/span><\/li>\n<li style=\"font-weight: 400;\" aria-level=\"1\"><span style=\"font-weight: 400;\">Mango<\/span><\/li>\n<\/ul>\n<h3><b>3.JUMPSUIT<\/b><\/h3>\n<p><span style=\"font-weight: 400;\"><a href=\"https:\/\/www.showgroup.it\/\"><img loading=\"lazy\" class=\"alignnone wp-image-86545 size-full\" title=\"Jumpsuite per cerimonie\" src=\"https:\/\/www.showgroup.it\/blog\/wp-content\/uploads\/2022\/04\/Jumpsuit-per-cerimonie.png\" alt=\"Jumpsuite per cerimonie\" width=\"1920\" height=\"1080\" srcset=\"https:\/\/www.showgroup.it\/blog\/wp-content\/uploads\/2022\/04\/Jumpsuit-per-cerimonie.png 1920w, https:\/\/www.showgroup.it\/blog\/wp-content\/uploads\/2022\/04\/Jumpsuit-per-cerimonie-300x169.png 300w, https:\/\/www.showgroup.it\/blog\/wp-content\/uploads\/2022\/04\/Jumpsuit-per-cerimonie-1024x576.png 1024w, https:\/\/www.showgroup.it\/blog\/wp-content\/uploads\/2022\/04\/Jumpsuit-per-cerimonie-768x432.png 768w, https:\/\/www.showgroup.it\/blog\/wp-content\/uploads\/2022\/04\/Jumpsuit-per-cerimonie-1536x864.png 1536w\" sizes=\"(max-width: 1920px) 100vw, 1920px\" \/><\/a>Comode, pratiche e versatili. <\/span><span style=\"font-weight: 400;\">Esiste un capo pi\u00f9 facile da abbinare? Secondo noi, assolutamente no!<\/span><span style=\"font-weight: 400;\"><br \/>\n<\/span><span style=\"font-weight: 400;\">Le <\/span><b>Jumpsuit<\/b><span style=\"font-weight: 400;\"> non sono tute, ma capi eleganti da sfoggiare.<br \/>\n<\/span><span style=\"font-weight: 400;\">Ci\u00f2 che le rende <\/span><b>chic<\/b><span style=\"font-weight: 400;\"> \u00e8 il <\/span><b>tessuto<\/b><span style=\"font-weight: 400;\"> e il <\/span><b>taglio sartoriale<\/b><span style=\"font-weight: 400;\">. Super cool la versione in<\/span><b> cr\u00eape fluido<\/b><span style=\"font-weight: 400;\"> con maniche corte a volant e la parte<\/span><b> inferiore pliss\u00e9.<\/b><span style=\"font-weight: 400;\"><br \/>\n<\/span><b>Sconsigliata<\/b><span style=\"font-weight: 400;\"> per questa occasione quella in <\/span><b>denim<\/b><span style=\"font-weight: 400;\">.<br \/>\n<\/span><span style=\"font-weight: 400;\">I modelli a cui ti suggeriamo di dare un\u2019occhiata li trovi qui:<br \/>\n<\/span><span style=\"font-weight: 400;\">&#8211; <\/span><span style=\"font-weight: 400;\">Twinset<\/span><span style=\"font-weight: 400;\"><br \/>\n<\/span><span style=\"font-weight: 400;\">&#8211;<\/span> <span style=\"font-weight: 400;\">Motivi<\/span><span style=\"font-weight: 400;\"><br \/>\n<\/span><span style=\"font-weight: 400;\">&#8211;<\/span> <span style=\"font-weight: 400;\">Dixie<\/span><span style=\"font-weight: 400;\"><br \/>\n<\/span><span style=\"font-weight: 400;\">&#8211;<\/span> <span style=\"font-weight: 400;\">Guess<\/span><\/p>\n<h3><b>4.SET COORDINATO<\/b><\/h3>\n<p><span style=\"font-weight: 400;\"><a href=\"https:\/\/www.showgroup.it\/\"><img loading=\"lazy\" class=\"alignnone wp-image-86546 size-full\" title=\"Set coordinato per cerimonie\" src=\"https:\/\/www.showgroup.it\/blog\/wp-content\/uploads\/2022\/04\/Set-abito-coordinato-per-cerimonie.png\" alt=\"Set coordinato per cerimonie\" width=\"1920\" height=\"1080\" srcset=\"https:\/\/www.showgroup.it\/blog\/wp-content\/uploads\/2022\/04\/Set-abito-coordinato-per-cerimonie.png 1920w, https:\/\/www.showgroup.it\/blog\/wp-content\/uploads\/2022\/04\/Set-abito-coordinato-per-cerimonie-300x169.png 300w, https:\/\/www.showgroup.it\/blog\/wp-content\/uploads\/2022\/04\/Set-abito-coordinato-per-cerimonie-1024x576.png 1024w, https:\/\/www.showgroup.it\/blog\/wp-content\/uploads\/2022\/04\/Set-abito-coordinato-per-cerimonie-768x432.png 768w, https:\/\/www.showgroup.it\/blog\/wp-content\/uploads\/2022\/04\/Set-abito-coordinato-per-cerimonie-1536x864.png 1536w\" sizes=\"(max-width: 1920px) 100vw, 1920px\" \/><\/a>I <\/span><b>set coordinati<\/b><span style=\"font-weight: 400;\">,<\/span><b> camicia <\/b><span style=\"font-weight: 400;\">e<\/span><b> gonna<\/b><span style=\"font-weight: 400;\"> oppure con <\/span><b>pantalone<\/b><span style=\"font-weight: 400;\"> sono <\/span><b>super versatili<\/b><span style=\"font-weight: 400;\">.<br \/>\n<\/span><span style=\"font-weight: 400;\">Completano il tuo guardaroba e inoltre possono essere utilizzati per ulteriori occasioni, sempre abbinati tra loro oppure con altri \u201cpezzi\u201d dell\u2019armadio.<br \/>\n<\/span><span style=\"font-weight: 400;\">Molto chic e di classe se scelti in<\/span><b> tweed<\/b><span style=\"font-weight: 400;\">, come i modelli che ricordano quelli indossati da<\/span><a href=\"https:\/\/www.google.com\/search?q=Jackie+Kennedy&amp;rlz=1C1CHBF_itIT972IT973&amp;oq=Jackie+Kennedy&amp;aqs=chrome..69i57j46i433i512j46i512j0i512l4j69i60.397j0j7&amp;sourceid=chrome&amp;ie=UTF-8\" target=\"_blank\" rel=\"noopener\"> <b>Jacqueline Kennedy<\/b><\/a><span style=\"font-weight: 400;\">, oppure alla moda, secondo le ultime tendenze, se caratterizzati da una<\/span> <span style=\"font-weight: 400;\">stampa colorata<\/span><span style=\"font-weight: 400;\"> in pieno stile anni \u201860.<br \/>\n<\/span><span style=\"font-weight: 400;\">Qui trovi alcuni <\/span><b>set coordinati <\/b><span style=\"font-weight: 400;\">a cui ti suggeriamo di dare un\u2019occhiata:<\/span><\/p>\n<ul>\n<li style=\"font-weight: 400;\" aria-level=\"1\"><span style=\"font-weight: 400;\">Vestiaire Collective<\/span><span style=\"font-weight: 400;\"> (per modelli vintage)<\/span><\/li>\n<li style=\"font-weight: 400;\" aria-level=\"1\"><span style=\"font-weight: 400;\">Rinascimento<\/span><\/li>\n<li style=\"font-weight: 400;\" aria-level=\"1\"><span style=\"font-weight: 400;\">Mango<\/span><\/li>\n<\/ul>\n<h3><b>5.ABITO ROMANTICO<\/b><\/h3>\n<p><span style=\"font-weight: 400;\"><a href=\"https:\/\/www.showgroup.it\/\"><img loading=\"lazy\" class=\"alignnone wp-image-86549 size-full\" title=\"Abito romantico per cerimonie\" src=\"https:\/\/www.showgroup.it\/blog\/wp-content\/uploads\/2022\/04\/Abito-romantico-per-cerimonie.png\" alt=\"Abito romantico per cerimonie\" width=\"1920\" height=\"1080\" srcset=\"https:\/\/www.showgroup.it\/blog\/wp-content\/uploads\/2022\/04\/Abito-romantico-per-cerimonie.png 1920w, https:\/\/www.showgroup.it\/blog\/wp-content\/uploads\/2022\/04\/Abito-romantico-per-cerimonie-300x169.png 300w, https:\/\/www.showgroup.it\/blog\/wp-content\/uploads\/2022\/04\/Abito-romantico-per-cerimonie-1024x576.png 1024w, https:\/\/www.showgroup.it\/blog\/wp-content\/uploads\/2022\/04\/Abito-romantico-per-cerimonie-768x432.png 768w, https:\/\/www.showgroup.it\/blog\/wp-content\/uploads\/2022\/04\/Abito-romantico-per-cerimonie-1536x864.png 1536w\" sizes=\"(max-width: 1920px) 100vw, 1920px\" \/><\/a>Se sei una persona romantica, potresti optare per un abito dai colori pi\u00f9 <\/span><b>tenui<\/b><span style=\"font-weight: 400;\">, in<\/span><b> pizzo<\/b><span style=\"font-weight: 400;\">, <\/span><b>tulle<\/b><span style=\"font-weight: 400;\"> oppure in <\/span><b>seta<\/b><span style=\"font-weight: 400;\">.<br \/>\n<\/span><span style=\"font-weight: 400;\">Come <\/span><b>scegliere la lunghezza ideale<\/b><span style=\"font-weight: 400;\">? La regola prevede che se la cerimonia \u00e8 di mattina, la lunghezza del vestito non deve essere <\/span><b>mai troppo lunga o corta<\/b><span style=\"font-weight: 400;\">.<\/span><span style=\"font-weight: 400;\"><br \/>\n<\/span><span style=\"font-weight: 400;\">L\u2019orlo deve <\/span><b>coprire il ginocchio<\/b><span style=\"font-weight: 400;\"> o al<\/span><b> massimo poco sopra<\/b><span style=\"font-weight: 400;\">.<\/span><span style=\"font-weight: 400;\"><br \/>\n<\/span><span style=\"font-weight: 400;\">Il giusto compromesso, quindi, per fare risaltare il fisico senza per\u00f2 risultare fuori luogo.<br \/>\n<\/span><span style=\"font-weight: 400;\">Tra le fantasie pi\u00f9 cool del 2022, ci sono quelle <\/span><b>florali<\/b><span style=\"font-weight: 400;\"> e<\/span><b> micro floreali,<\/b><span style=\"font-weight: 400;\"> ma anche quelle che ricordano<\/span><b> quadri ad acquerello<\/b><span style=\"font-weight: 400;\"> o, ancora, quelle che prendono spunto dagli<\/span><b> anni &#8217;60.<br \/>\n<\/b><span style=\"font-weight: 400;\">Ecco alcuni esempi:<\/span><\/p>\n<p><span style=\"font-weight: 400;\">&#8211;<\/span><span style=\"font-weight: 400;\">LUISAVIAROMA<\/span><span style=\"font-weight: 400;\"><br \/>\n<\/span><span style=\"font-weight: 400;\">&#8211;<\/span><span style=\"font-weight: 400;\">NICOLEMILANO<\/span><span style=\"font-weight: 400;\"><br \/>\n<\/span><span style=\"font-weight: 400;\">-Intrend<\/span><\/p>\n<h2><b>Abito su misura o consulenza con una stylist<\/b><\/h2>\n<p><span style=\"font-weight: 400;\">Un\u2019altra opzione da tenere in considerazione potrebbe essere quella di<\/span><a href=\"https:\/\/www.showgroup.it\/vetrine\/abiti-e-costumi\"> <span style=\"font-weight: 400;\">contattare una sartoria<\/span><\/a><span style=\"font-weight: 400;\"> per farsi confezionare <\/span><b>un abito su misura<\/b><span style=\"font-weight: 400;\">.<br \/>\n<\/span><span style=\"font-weight: 400;\">Se stai gi\u00e0 pensando che questa soluzione potrebbe non fare al caso tuo, perch\u00e9 troppo costosa, ti stai sbagliando.<br \/>\n<\/span><span style=\"font-weight: 400;\">Oggi molte sartorie offrono<\/span><b> consulenze<\/b><span style=\"font-weight: 400;\"> o <\/span><b>creano abiti su misura<\/b><span style=\"font-weight: 400;\">, a partire anche da uno dei capi presenti gi\u00e0 nel tuo armadio, a un <\/span><b>prezzo molto competitivo sul mercato<\/b><span style=\"font-weight: 400;\">.<br \/>\n<\/span><span style=\"font-weight: 400;\">Dai un\u2019occhiata ai professionisti,<\/span><a href=\"https:\/\/www.showgroup.it\/vetrine\/abiti-e-costumi\"> <span style=\"font-weight: 400;\">sartorie<\/span><\/a><span style=\"font-weight: 400;\"> e<\/span><a href=\"https:\/\/www.showgroup.it\/vetrine\/abiti-e-costumi\"><span style=\"font-weight: 400;\"> stylist<\/span><\/a><span style=\"font-weight: 400;\">, presenti su Showgroup,<\/span><a href=\"https:\/\/www.showgroup.it\/vetrine\/abiti-e-costumi\"> <span style=\"font-weight: 400;\">cliccando qui<\/span><\/a><span style=\"font-weight: 400;\"> e invia la tua richiesta di preventivo in modo del tutto gratuito.<\/span><\/p>\n<h2><a href=\"https:\/\/www.showgroup.it\/\"><b>Showgroup \u00e8 molto di pi\u00f9<\/b><\/a><\/h2>\n<p><a href=\"https:\/\/www.showgroup.it\/\"><span style=\"font-weight: 400;\">Showgroup.it<\/span><\/a> <span style=\"font-weight: 400;\">non ti aiuta soltanto a trovare il look pi\u00f9 adatto da invitata per qualsiasi cerimonia, come battesimi\/cresime\/comunioni, ma mette a tua disposizione centinaia di<\/span><a href=\"https:\/\/www.showgroup.it\/vetrine\/make-up-artist\"> <span style=\"font-weight: 400;\">make up artist<\/span><\/a><span style=\"font-weight: 400;\"> e<\/span><a href=\"https:\/\/www.showgroup.it\/vetrine\/hairstylist\"> <span style=\"font-weight: 400;\">hairstylist<\/span><\/a> <span style=\"font-weight: 400;\">per aiutati a definire al 100% il tuo outfit, in occasione di un giorno cos\u00ec speciale.<\/span><\/p>\n<p><strong>Ti aspettiamo sul nostro portale!<\/strong><\/p>\n","protected":false},"excerpt":{"rendered":"<p>Primavera \u00e8 sinonimo di bella stagione, giornate pi\u00f9 lunghe, gite fuori porta e ovviamente cerimonie. Battesimi, comunioni, cresime\u2026quale outfit indossare? [&hellip;]<\/p>\n","protected":false},"author":5,"featured_media":86539,"comment_status":"open","ping_status":"open","sticky":false,"template":"","format":"standard","meta":[],"categories":[665],"tags":[264,276,313,332,369,427,428,429,430,431],"yoast_head":"<!-- This site is optimized with the Yoast SEO plugin v16.9 - https:\/\/yoast.com\/wordpress\/plugins\/seo\/ -->\n<title>Look da invitata: come vestirsi per battesimo, comunione e cresima &bull; Showgroup - Ready to be WOW!<\/title>\n<meta name=\"description\" content=\"Battesimi, comunioni, cresime\u2026quale outfit indossare? Ecco una lista, secondo le tendenze moda 2022, dei migliori look da sfoggiare in queste occasioni!\" \/>\n<meta name=\"robots\" content=\"index, follow, max-snippet:-1, max-image-preview:large, max-video-preview:-1\" \/>\n<link rel=\"canonical\" href=\"https:\/\/www.showgroup.it\/blog\/2022\/04\/20\/look-per-invitata-come-vestirsi-per-battesimo-comunione-e-cresima\/\" \/>\n<meta property=\"og:locale\" content=\"it_IT\" \/>\n<meta property=\"og:type\" content=\"article\" \/>\n<meta property=\"og:title\" content=\"Look da invitata: come vestirsi per battesimo, comunione e cresima &bull; Showgroup - Ready to be WOW!\" \/>\n<meta property=\"og:description\" content=\"Battesimi, comunioni, cresime\u2026quale outfit indossare? Ecco una lista, secondo le tendenze moda 2022, dei migliori look da sfoggiare in queste occasioni!\" \/>\n<meta property=\"og:url\" content=\"https:\/\/www.showgroup.it\/blog\/2022\/04\/20\/look-per-invitata-come-vestirsi-per-battesimo-comunione-e-cresima\/\" \/>\n<meta property=\"og:site_name\" content=\"Showgroup - Ready to be WOW!\" \/>\n<meta property=\"article:publisher\" content=\"https:\/\/www.facebook.com\/ShowGroupWow\/\" \/>\n<meta property=\"article:published_time\" content=\"2022-04-20T10:43:36+00:00\" \/>\n<meta property=\"article:modified_time\" content=\"2025-08-17T15:52:08+00:00\" \/>\n<meta property=\"og:image\" content=\"https:\/\/www.showgroup.it\/blog\/wp-content\/uploads\/2022\/04\/Abiti-per-cerimonie.png\" \/>\n\t<meta property=\"og:image:width\" content=\"1920\" \/>\n\t<meta property=\"og:image:height\" content=\"1080\" \/>\n<meta name=\"twitter:card\" content=\"summary_large_image\" \/>\n<meta name=\"twitter:label1\" content=\"Scritto da\" \/>\n\t<meta name=\"twitter:data1\" content=\"Benedetta Gatti\" \/>\n\t<meta name=\"twitter:label2\" content=\"Tempo di lettura stimato\" \/>\n\t<meta name=\"twitter:data2\" content=\"6 minuti\" \/>\n<script type=\"application\/ld+json\" class=\"yoast-schema-graph\">{\"@context\":\"https:\/\/schema.org\",\"@graph\":[{\"@type\":\"Organization\",\"@id\":\"https:\/\/www.showgroup.it\/#organization\",\"name\":\"Showgroup\",\"url\":\"https:\/\/www.showgroup.it\/\",\"sameAs\":[\"https:\/\/www.facebook.com\/ShowGroupWow\/\",\"https:\/\/www.instagram.com\/showgroupwow\/\"],\"logo\":{\"@type\":\"ImageObject\",\"@id\":\"https:\/\/www.showgroup.it\/#logo\",\"inLanguage\":\"it-IT\",\"url\":\"https:\/\/www.showgroup.it\/blog\/wp-content\/uploads\/2025\/01\/logo-black.svg\",\"contentUrl\":\"https:\/\/www.showgroup.it\/blog\/wp-content\/uploads\/2025\/01\/logo-black.svg\",\"width\":1440,\"height\":916,\"caption\":\"Showgroup\"},\"image\":{\"@id\":\"https:\/\/www.showgroup.it\/#logo\"}},{\"@type\":\"WebSite\",\"@id\":\"https:\/\/www.showgroup.it\/#website\",\"url\":\"https:\/\/www.showgroup.it\/\",\"name\":\"Showgroup - Ready to be WOW!\",\"description\":\"Il primo portale gratuito dedicato al mondo dello spettacolo.\",\"publisher\":{\"@id\":\"https:\/\/www.showgroup.it\/#organization\"},\"potentialAction\":[{\"@type\":\"SearchAction\",\"target\":{\"@type\":\"EntryPoint\",\"urlTemplate\":\"https:\/\/www.showgroup.it\/?s={search_term_string}\"},\"query-input\":\"required name=search_term_string\"}],\"inLanguage\":\"it-IT\"},{\"@type\":\"ImageObject\",\"@id\":\"https:\/\/www.showgroup.it\/blog\/2022\/04\/20\/look-per-invitata-come-vestirsi-per-battesimo-comunione-e-cresima\/#primaryimage\",\"inLanguage\":\"it-IT\",\"url\":\"https:\/\/www.showgroup.it\/blog\/wp-content\/uploads\/2022\/04\/Abiti-per-cerimonie.png\",\"contentUrl\":\"https:\/\/www.showgroup.it\/blog\/wp-content\/uploads\/2022\/04\/Abiti-per-cerimonie.png\",\"width\":1920,\"height\":1080},{\"@type\":\"WebPage\",\"@id\":\"https:\/\/www.showgroup.it\/blog\/2022\/04\/20\/look-per-invitata-come-vestirsi-per-battesimo-comunione-e-cresima\/#webpage\",\"url\":\"https:\/\/www.showgroup.it\/blog\/2022\/04\/20\/look-per-invitata-come-vestirsi-per-battesimo-comunione-e-cresima\/\",\"name\":\"Look da invitata: come vestirsi per battesimo, comunione e cresima &bull; Showgroup - Ready to be WOW!\",\"isPartOf\":{\"@id\":\"https:\/\/www.showgroup.it\/#website\"},\"primaryImageOfPage\":{\"@id\":\"https:\/\/www.showgroup.it\/blog\/2022\/04\/20\/look-per-invitata-come-vestirsi-per-battesimo-comunione-e-cresima\/#primaryimage\"},\"datePublished\":\"2022-04-20T10:43:36+00:00\",\"dateModified\":\"2025-08-17T15:52:08+00:00\",\"description\":\"Battesimi, comunioni, cresime\\u2026quale outfit indossare? Ecco una lista, secondo le tendenze moda 2022, dei migliori look da sfoggiare in queste occasioni!\",\"breadcrumb\":{\"@id\":\"https:\/\/www.showgroup.it\/blog\/2022\/04\/20\/look-per-invitata-come-vestirsi-per-battesimo-comunione-e-cresima\/#breadcrumb\"},\"inLanguage\":\"it-IT\",\"potentialAction\":[{\"@type\":\"ReadAction\",\"target\":[\"https:\/\/www.showgroup.it\/blog\/2022\/04\/20\/look-per-invitata-come-vestirsi-per-battesimo-comunione-e-cresima\/\"]}]},{\"@type\":\"BreadcrumbList\",\"@id\":\"https:\/\/www.showgroup.it\/blog\/2022\/04\/20\/look-per-invitata-come-vestirsi-per-battesimo-comunione-e-cresima\/#breadcrumb\",\"itemListElement\":[{\"@type\":\"ListItem\",\"position\":1,\"name\":\"Home\",\"item\":\"https:\/\/www.showgroup.it\/blog\/\"},{\"@type\":\"ListItem\",\"position\":2,\"name\":\"Look da invitata: come vestirsi per battesimo, comunione e cresima\"}]},{\"@type\":\"Article\",\"@id\":\"https:\/\/www.showgroup.it\/blog\/2022\/04\/20\/look-per-invitata-come-vestirsi-per-battesimo-comunione-e-cresima\/#article\",\"isPartOf\":{\"@id\":\"https:\/\/www.showgroup.it\/blog\/2022\/04\/20\/look-per-invitata-come-vestirsi-per-battesimo-comunione-e-cresima\/#webpage\"},\"author\":{\"@id\":\"https:\/\/www.showgroup.it\/#\/schema\/person\/9b799d433be4e17451d197175628047a\"},\"headline\":\"Look da invitata: come vestirsi per battesimo, comunione e cresima\",\"datePublished\":\"2022-04-20T10:43:36+00:00\",\"dateModified\":\"2025-08-17T15:52:08+00:00\",\"mainEntityOfPage\":{\"@id\":\"https:\/\/www.showgroup.it\/blog\/2022\/04\/20\/look-per-invitata-come-vestirsi-per-battesimo-comunione-e-cresima\/#webpage\"},\"wordCount\":968,\"commentCount\":0,\"publisher\":{\"@id\":\"https:\/\/www.showgroup.it\/#organization\"},\"image\":{\"@id\":\"https:\/\/www.showgroup.it\/blog\/2022\/04\/20\/look-per-invitata-come-vestirsi-per-battesimo-comunione-e-cresima\/#primaryimage\"},\"thumbnailUrl\":\"https:\/\/www.showgroup.it\/blog\/wp-content\/uploads\/2022\/04\/Abiti-per-cerimonie.png\",\"keywords\":[\"outfit\",\"evento\",\"battesimo\",\"comunione\",\"cerimonia\",\"abito\",\"vestito\",\"moda\",\"look\",\"cresima\"],\"articleSection\":[\"Bellezza e immagine\"],\"inLanguage\":\"it-IT\",\"potentialAction\":[{\"@type\":\"CommentAction\",\"name\":\"Comment\",\"target\":[\"https:\/\/www.showgroup.it\/blog\/2022\/04\/20\/look-per-invitata-come-vestirsi-per-battesimo-comunione-e-cresima\/#respond\"]}]},{\"@type\":\"Person\",\"@id\":\"https:\/\/www.showgroup.it\/#\/schema\/person\/9b799d433be4e17451d197175628047a\",\"name\":\"Benedetta Gatti\",\"image\":{\"@type\":\"ImageObject\",\"@id\":\"https:\/\/www.showgroup.it\/#personlogo\",\"inLanguage\":\"it-IT\",\"url\":\"https:\/\/secure.gravatar.com\/avatar\/32ceeb7300be30aabe2c84fdaa89eac0?s=96&d=mm&r=g\",\"contentUrl\":\"https:\/\/secure.gravatar.com\/avatar\/32ceeb7300be30aabe2c84fdaa89eac0?s=96&d=mm&r=g\",\"caption\":\"Benedetta Gatti\"}}]}<\/script>\n<!-- \/ Yoast SEO plugin. -->","yoast_head_json":{"title":"Look da invitata: come vestirsi per battesimo, comunione e cresima &bull; Showgroup - Ready to be WOW!","description":"Battesimi, comunioni, cresime\u2026quale outfit indossare? Ecco una lista, secondo le tendenze moda 2022, dei migliori look da sfoggiare in queste occasioni!","robots":{"index":"index","follow":"follow","max-snippet":"max-snippet:-1","max-image-preview":"max-image-preview:large","max-video-preview":"max-video-preview:-1"},"canonical":"https:\/\/www.showgroup.it\/blog\/2022\/04\/20\/look-per-invitata-come-vestirsi-per-battesimo-comunione-e-cresima\/","og_locale":"it_IT","og_type":"article","og_title":"Look da invitata: come vestirsi per battesimo, comunione e cresima &bull; Showgroup - Ready to be WOW!","og_description":"Battesimi, comunioni, cresime\u2026quale outfit indossare? Ecco una lista, secondo le tendenze moda 2022, dei migliori look da sfoggiare in queste occasioni!","og_url":"https:\/\/www.showgroup.it\/blog\/2022\/04\/20\/look-per-invitata-come-vestirsi-per-battesimo-comunione-e-cresima\/","og_site_name":"Showgroup - Ready to be WOW!","article_publisher":"https:\/\/www.facebook.com\/ShowGroupWow\/","article_published_time":"2022-04-20T10:43:36+00:00","article_modified_time":"2025-08-17T15:52:08+00:00","og_image":[{"width":1920,"height":1080,"url":"https:\/\/www.showgroup.it\/blog\/wp-content\/uploads\/2022\/04\/Abiti-per-cerimonie.png","path":"\/sites\/www.showgroup.it\/files\/blog\/wp-content\/uploads\/2022\/04\/Abiti-per-cerimonie.png","size":"full","id":86539,"alt":"","pixels":2073600,"type":"image\/png"}],"twitter_card":"summary_large_image","twitter_misc":{"Scritto da":"Benedetta Gatti","Tempo di lettura stimato":"6 minuti"},"schema":{"@context":"https:\/\/schema.org","@graph":[{"@type":"Organization","@id":"https:\/\/www.showgroup.it\/#organization","name":"Showgroup","url":"https:\/\/www.showgroup.it\/","sameAs":["https:\/\/www.facebook.com\/ShowGroupWow\/","https:\/\/www.instagram.com\/showgroupwow\/"],"logo":{"@type":"ImageObject","@id":"https:\/\/www.showgroup.it\/#logo","inLanguage":"it-IT","url":"https:\/\/www.showgroup.it\/blog\/wp-content\/uploads\/2025\/01\/logo-black.svg","contentUrl":"https:\/\/www.showgroup.it\/blog\/wp-content\/uploads\/2025\/01\/logo-black.svg","width":1440,"height":916,"caption":"Showgroup"},"image":{"@id":"https:\/\/www.showgroup.it\/#logo"}},{"@type":"WebSite","@id":"https:\/\/www.showgroup.it\/#website","url":"https:\/\/www.showgroup.it\/","name":"Showgroup - Ready to be WOW!","description":"Il primo portale gratuito dedicato al mondo dello spettacolo.","publisher":{"@id":"https:\/\/www.showgroup.it\/#organization"},"potentialAction":[{"@type":"SearchAction","target":{"@type":"EntryPoint","urlTemplate":"https:\/\/www.showgroup.it\/?s={search_term_string}"},"query-input":"required name=search_term_string"}],"inLanguage":"it-IT"},{"@type":"ImageObject","@id":"https:\/\/www.showgroup.it\/blog\/2022\/04\/20\/look-per-invitata-come-vestirsi-per-battesimo-comunione-e-cresima\/#primaryimage","inLanguage":"it-IT","url":"https:\/\/www.showgroup.it\/blog\/wp-content\/uploads\/2022\/04\/Abiti-per-cerimonie.png","contentUrl":"https:\/\/www.showgroup.it\/blog\/wp-content\/uploads\/2022\/04\/Abiti-per-cerimonie.png","width":1920,"height":1080},{"@type":"WebPage","@id":"https:\/\/www.showgroup.it\/blog\/2022\/04\/20\/look-per-invitata-come-vestirsi-per-battesimo-comunione-e-cresima\/#webpage","url":"https:\/\/www.showgroup.it\/blog\/2022\/04\/20\/look-per-invitata-come-vestirsi-per-battesimo-comunione-e-cresima\/","name":"Look da invitata: come vestirsi per battesimo, comunione e cresima &bull; Showgroup - Ready to be WOW!","isPartOf":{"@id":"https:\/\/www.showgroup.it\/#website"},"primaryImageOfPage":{"@id":"https:\/\/www.showgroup.it\/blog\/2022\/04\/20\/look-per-invitata-come-vestirsi-per-battesimo-comunione-e-cresima\/#primaryimage"},"datePublished":"2022-04-20T10:43:36+00:00","dateModified":"2025-08-17T15:52:08+00:00","description":"Battesimi, comunioni, cresime\u2026quale outfit indossare? Ecco una lista, secondo le tendenze moda 2022, dei migliori look da sfoggiare in queste occasioni!","breadcrumb":{"@id":"https:\/\/www.showgroup.it\/blog\/2022\/04\/20\/look-per-invitata-come-vestirsi-per-battesimo-comunione-e-cresima\/#breadcrumb"},"inLanguage":"it-IT","potentialAction":[{"@type":"ReadAction","target":["https:\/\/www.showgroup.it\/blog\/2022\/04\/20\/look-per-invitata-come-vestirsi-per-battesimo-comunione-e-cresima\/"]}]},{"@type":"BreadcrumbList","@id":"https:\/\/www.showgroup.it\/blog\/2022\/04\/20\/look-per-invitata-come-vestirsi-per-battesimo-comunione-e-cresima\/#breadcrumb","itemListElement":[{"@type":"ListItem","position":1,"name":"Home","item":"https:\/\/www.showgroup.it\/blog\/"},{"@type":"ListItem","position":2,"name":"Look da invitata: come vestirsi per battesimo, comunione e cresima"}]},{"@type":"Article","@id":"https:\/\/www.showgroup.it\/blog\/2022\/04\/20\/look-per-invitata-come-vestirsi-per-battesimo-comunione-e-cresima\/#article","isPartOf":{"@id":"https:\/\/www.showgroup.it\/blog\/2022\/04\/20\/look-per-invitata-come-vestirsi-per-battesimo-comunione-e-cresima\/#webpage"},"author":{"@id":"https:\/\/www.showgroup.it\/#\/schema\/person\/9b799d433be4e17451d197175628047a"},"headline":"Look da invitata: come vestirsi per battesimo, comunione e cresima","datePublished":"2022-04-20T10:43:36+00:00","dateModified":"2025-08-17T15:52:08+00:00","mainEntityOfPage":{"@id":"https:\/\/www.showgroup.it\/blog\/2022\/04\/20\/look-per-invitata-come-vestirsi-per-battesimo-comunione-e-cresima\/#webpage"},"wordCount":968,"commentCount":0,"publisher":{"@id":"https:\/\/www.showgroup.it\/#organization"},"image":{"@id":"https:\/\/www.showgroup.it\/blog\/2022\/04\/20\/look-per-invitata-come-vestirsi-per-battesimo-comunione-e-cresima\/#primaryimage"},"thumbnailUrl":"https:\/\/www.showgroup.it\/blog\/wp-content\/uploads\/2022\/04\/Abiti-per-cerimonie.png","keywords":["outfit","evento","battesimo","comunione","cerimonia","abito","vestito","moda","look","cresima"],"articleSection":["Bellezza e immagine"],"inLanguage":"it-IT","potentialAction":[{"@type":"CommentAction","name":"Comment","target":["https:\/\/www.showgroup.it\/blog\/2022\/04\/20\/look-per-invitata-come-vestirsi-per-battesimo-comunione-e-cresima\/#respond"]}]},{"@type":"Person","@id":"https:\/\/www.showgroup.it\/#\/schema\/person\/9b799d433be4e17451d197175628047a","name":"Benedetta Gatti","image":{"@type":"ImageObject","@id":"https:\/\/www.showgroup.it\/#personlogo","inLanguage":"it-IT","url":"https:\/\/secure.gravatar.com\/avatar\/32ceeb7300be30aabe2c84fdaa89eac0?s=96&d=mm&r=g","contentUrl":"https:\/\/secure.gravatar.com\/avatar\/32ceeb7300be30aabe2c84fdaa89eac0?s=96&d=mm&r=g","caption":"Benedetta Gatti"}}]}},"_links":{"self":[{"href":"https:\/\/www.showgroup.it\/blog\/wp-json\/wp\/v2\/posts\/86529"}],"collection":[{"href":"https:\/\/www.showgroup.it\/blog\/wp-json\/wp\/v2\/posts"}],"about":[{"href":"https:\/\/www.showgroup.it\/blog\/wp-json\/wp\/v2\/types\/post"}],"author":[{"embeddable":true,"href":"https:\/\/www.showgroup.it\/blog\/wp-json\/wp\/v2\/users\/5"}],"replies":[{"embeddable":true,"href":"https:\/\/www.showgroup.it\/blog\/wp-json\/wp\/v2\/comments?post=86529"}],"version-history":[{"count":14,"href":"https:\/\/www.showgroup.it\/blog\/wp-json\/wp\/v2\/posts\/86529\/revisions"}],"predecessor-version":[{"id":99933,"href":"https:\/\/www.showgroup.it\/blog\/wp-json\/wp\/v2\/posts\/86529\/revisions\/99933"}],"wp:featuredmedia":[{"embeddable":true,"href":"https:\/\/www.showgroup.it\/blog\/wp-json\/wp\/v2\/media\/86539"}],"wp:attachment":[{"href":"https:\/\/www.showgroup.it\/blog\/wp-json\/wp\/v2\/media?parent=86529"}],"wp:term":[{"taxonomy":"category","embeddable":true,"href":"https:\/\/www.showgroup.it\/blog\/wp-json\/wp\/v2\/categories?post=86529"},{"taxonomy":"post_tag","embeddable":true,"href":"https:\/\/www.showgroup.it\/blog\/wp-json\/wp\/v2\/tags?post=86529"}],"curies":[{"name":"wp","href":"https:\/\/api.w.org\/{rel}","templated":true}]}}