{"id":86557,"date":"2022-04-20T15:52:07","date_gmt":"2022-04-20T13:52:07","guid":{"rendered":"https:\/\/www.showgroup.it\/?p=86557"},"modified":"2025-08-17T17:53:31","modified_gmt":"2025-08-17T15:53:31","slug":"giornata-internazionale-della-danza-festeggiamola-con-chi-ne-ha-fatto-una-carriera","status":"publish","type":"post","link":"https:\/\/www.showgroup.it\/blog\/2022\/04\/20\/giornata-internazionale-della-danza-festeggiamola-con-chi-ne-ha-fatto-una-carriera\/","title":{"rendered":"Giornata internazionale della danza: festeggiamola con chi ne ha fatto una carriera"},"content":{"rendered":"<p style=\"text-align: center;\"><b><i>\u201cLa danza comincia ove la parola si arresta\u201d<\/i><\/b><\/p>\n<p><b>Aleksandr Jakovlevi\u010d Tairov<\/b><span style=\"font-weight: 400;\"> &#8211; <\/span><a href=\"https:\/\/it.wikipedia.org\/wiki\/Attore_teatrale\" target=\"_blank\" rel=\"noopener\"><span style=\"font-weight: 400;\">attore teatrale<\/span><\/a><span style=\"font-weight: 400;\">, <\/span><a href=\"https:\/\/it.wikipedia.org\/wiki\/Regia_teatrale\" target=\"_blank\" rel=\"noopener\"><span style=\"font-weight: 400;\">regista teatrale<\/span><\/a><span style=\"font-weight: 400;\"> e <\/span><a href=\"https:\/\/it.wikipedia.org\/wiki\/Critico_teatrale\" target=\"_blank\" rel=\"noopener\"><span style=\"font-weight: 400;\">critico teatrale<\/span><\/a> <a href=\"https:\/\/it.wikipedia.org\/wiki\/Russia\" target=\"_blank\" rel=\"noopener\"><span style=\"font-weight: 400;\">russo<\/span><\/a><span style=\"font-weight: 400;\"> &#8211; descrive esattamente cos\u00ec la danza.<\/span><span style=\"font-weight: 400;\"><br \/>\n<\/span><span style=\"font-weight: 400;\">La <\/span><b>danza <\/b><span style=\"font-weight: 400;\">\u00e8 <\/span><b>magia<\/b><span style=\"font-weight: 400;\">, uno strumento in grado di comunicare attraverso il linguaggio del corpo ci\u00f2 che le parole umane non sanno fare.<\/span><span style=\"font-weight: 400;\"><br \/>\n<\/span><span style=\"font-weight: 400;\">Questa disciplina \u00e8 un punto di <\/span><b>incontro <\/b><span style=\"font-weight: 400;\">tra uomini e donne in ogni parte del mondo, \u00e8 <\/span><b>universale<\/b><span style=\"font-weight: 400;\">.<\/span><span style=\"font-weight: 400;\"><br \/>\n<\/span><span style=\"font-weight: 400;\">A questo proposito, il 29 aprile si festeggia <\/span><span style=\"font-weight: 400;\">la <\/span><b>Giornata Internazionale della Danza<\/b><span style=\"font-weight: 400;\"> indetta dalla <\/span><a href=\"https:\/\/cid-world.org\/it\/home-8\/\" target=\"_blank\" rel=\"noopener\"><span style=\"font-weight: 400;\">International Dance Council <\/span><\/a><span style=\"font-weight: 400;\">dell&#8217;UNESCO.<\/span><\/p>\n<h2><a href=\"https:\/\/www.showgroup.it\/vetrine\/ballerini-e-ballerine\"><b>Conosciamo chi di danza se ne intende<\/b><\/a><\/h2>\n<p><span style=\"font-weight: 400;\">Approfittiamo di questa giornata per conoscere una delle pi\u00f9 <\/span><b>talentuose <a href=\"https:\/\/www.showgroup.it\/vetrine\/ballerini-e-ballerine\">ballerine<\/a> iscritte<\/b><span style=\"font-weight: 400;\"> a <\/span><a href=\"https:\/\/www.showgroup.it\"><span style=\"font-weight: 400;\">Showgroup.it<\/span><\/a><span style=\"font-weight: 400;\">.<\/span><span style=\"font-weight: 400;\"><br \/>\n<\/span><span style=\"font-weight: 400;\">Insieme a lei scopriremo di pi\u00f9 su questa giornata e rispetto a come intraprendere una carriera in questo settore tra sacrifici e soddisfazioni.<\/span><\/p>\n<h2><a href=\"https:\/\/www.showgroup.it\/vetrine\/ballerini-e-ballerine\"><b>\u00a0Intervista a Elisa D\u2019Acciavo<\/b><\/a><\/h2>\n<p><b><i><a href=\"https:\/\/www.showgroup.it\/vetrina\/ballerini-e-ballerine\/elisa_c21940?from_search=true\"><img loading=\"lazy\" class=\"alignnone wp-image-86559 size-full\" title=\"Elisa D'Acciavo ballerina Showgroup\" src=\"https:\/\/www.showgroup.it\/blog\/wp-content\/uploads\/2022\/04\/Elisa-ballerina-Showgroup.png\" alt=\"Elisa D'Acciavo ballerina Showgroup\" width=\"1920\" height=\"1080\" srcset=\"https:\/\/www.showgroup.it\/blog\/wp-content\/uploads\/2022\/04\/Elisa-ballerina-Showgroup.png 1920w, https:\/\/www.showgroup.it\/blog\/wp-content\/uploads\/2022\/04\/Elisa-ballerina-Showgroup-300x169.png 300w, https:\/\/www.showgroup.it\/blog\/wp-content\/uploads\/2022\/04\/Elisa-ballerina-Showgroup-1024x576.png 1024w, https:\/\/www.showgroup.it\/blog\/wp-content\/uploads\/2022\/04\/Elisa-ballerina-Showgroup-768x432.png 768w, https:\/\/www.showgroup.it\/blog\/wp-content\/uploads\/2022\/04\/Elisa-ballerina-Showgroup-1536x864.png 1536w\" sizes=\"(max-width: 1920px) 100vw, 1920px\" \/><\/a>&#8211; Presentati a chi non ti conosce, mi raccomando non scordare pregi e difetti<\/i><\/b><\/p>\n<p><span style=\"font-weight: 400;\">Mi chiamo Elisa D\u2019Acciavo e ho 24 anni. Ballo da tutta la vita e vivo nel mio mondo<\/span><b> la fiaba <\/b><span style=\"font-weight: 400;\">che mi\u00a0 sto costruendo pian piano. Ebbene s\u00ec sono una<\/span><b> sognatrice a 360\u00b0<\/b><span style=\"font-weight: 400;\"> con una forte determinazione ed\u00a0 energia, ma anche con tanta testardaggine che mi rallenta il cammino, a volte. Amo avere sotto\u00a0 controllo tutto ma crescendo ho capito che non \u00e8 possibile. Vivere i <\/span><b>momenti inaspettati<\/b><span style=\"font-weight: 400;\"> forse \u00e8\u00a0 anche pi\u00f9 bello di pianificarli. Non mi arrendo mai, mi spingo sempre al limite di quello che posso\u00a0 finch\u00e9 la corda non si spezza. Sono umana anch&#8217;io e dunque a volte devo accettare di dover\u00a0 fermarmi.\u00a0<\/span><\/p>\n<p><b><i>&#8211; Cosa pensi della Giornata internazionale della danza?<\/i><\/b><\/p>\n<p><b><i><\/i><\/b><span style=\"font-weight: 400;\">La Giornata Internazionale della danza \u00e8 un momento che ci permette di <\/span><b>celebrare questa\u00a0 bellissima arte<\/b><span style=\"font-weight: 400;\"> che si evolve giorno dopo giorno. Ci permette di ricordare da dove \u00e8 nata senza\u00a0 dimenticarci dei grandi che sono passati nella storia. \u00c8 un giorno che unisce chi di questa arte n\u00e9 ha\u00a0 fatto un <\/span><b>mestiere<\/b><span style=\"font-weight: 400;\"> e chi invece \u00e8 solo un <\/span><b>grande amatore e appassionat<\/b><span style=\"font-weight: 400;\">o. \u00c8 un modo per viverla\u00a0 nella sua bellezza e semplicit\u00e0 senza grandi artifici perch\u00e9 alla fine la danza \u00e8 una fiamma che\u00a0 abbiamo dentro alimentata dalla nostra anima.<\/span><\/p>\n<p><b><i>&#8211; Descrivi la danza in tre parole<\/i><\/b><\/p>\n<p><span style=\"font-weight: 400;\">\u00a0<\/span><span style=\"font-weight: 400;\">Danza \u00e8 sicuramente tanta <\/span><b>disciplina<\/b><span style=\"font-weight: 400;\">,<\/span><b> testa<\/b><span style=\"font-weight: 400;\"> e <\/span><b>anima<\/b><span style=\"font-weight: 400;\">.\u00a0<\/span><\/p>\n<p><b><i><a href=\"https:\/\/www.showgroup.it\/vetrina\/ballerini-e-ballerine\/jump-the-valda_c24380?from_search=true\"><img loading=\"lazy\" class=\"alignnone wp-image-86560 size-full\" title=\"Jump the Valda Showgroup\" src=\"https:\/\/www.showgroup.it\/blog\/wp-content\/uploads\/2022\/04\/Jump-the-Valda-Showgroup.png\" alt=\"Jump the Valda Showgroup\" width=\"1920\" height=\"1080\" srcset=\"https:\/\/www.showgroup.it\/blog\/wp-content\/uploads\/2022\/04\/Jump-the-Valda-Showgroup.png 1920w, https:\/\/www.showgroup.it\/blog\/wp-content\/uploads\/2022\/04\/Jump-the-Valda-Showgroup-300x169.png 300w, https:\/\/www.showgroup.it\/blog\/wp-content\/uploads\/2022\/04\/Jump-the-Valda-Showgroup-1024x576.png 1024w, https:\/\/www.showgroup.it\/blog\/wp-content\/uploads\/2022\/04\/Jump-the-Valda-Showgroup-768x432.png 768w, https:\/\/www.showgroup.it\/blog\/wp-content\/uploads\/2022\/04\/Jump-the-Valda-Showgroup-1536x864.png 1536w\" sizes=\"(max-width: 1920px) 100vw, 1920px\" \/><\/a>&#8211; Qual \u00e8 il tuo primo ricordo legato a questo mondo?<\/i><\/b><\/p>\n<p><span style=\"font-weight: 400;\">Il mio primo ricordo sono i miei <\/span><b>primissimi passi imparati <\/b><span style=\"font-weight: 400;\">e l\u2019<\/span><i><span style=\"font-weight: 400;\">entusiasmo<\/span><\/i><span style=\"font-weight: 400;\"> che avevo nel farli cos\u00ec come\u00a0 l\u2019odore della<\/span><b> sala<\/b><span style=\"font-weight: 400;\">. Diciamo che con lei \u00e8 stato un amore a prima vista fin da subito che poi nel\u00a0 tempo si \u00e8 consolidato.<\/span><\/p>\n<p><b><i>&#8211; Cosa ti ha insegnato la danza?<\/i><\/b><\/p>\n<p><span style=\"font-weight: 400;\">La danza mi ha insegnato a<\/span><b> vivere<\/b><span style=\"font-weight: 400;\">, ad essere una <\/span><b>persona rispettosa<\/b><span style=\"font-weight: 400;\"> di me stessa in primis e poi\u00a0 degli altri. Mi ha insegnato ad amarmi, a rialzarmi dopo una sconfitta, il sacrificio e quanto sia bello\u00a0 <\/span><b>sudare per raggiungere anche un pi\u00f9 stupido obiettivo<\/b><span style=\"font-weight: 400;\">, a non essere superficiale e giudicare gli altri,\u00a0 a conoscere me stessa a 360\u00b0 e sinceramente mi sorprende comunque ogni giorno.\u00a0<\/span><\/p>\n<p><b><i>&#8211; Qual \u00e8 il tuo stile preferito e perch\u00e9? Ovviamente vogliamo sapere anche quello che proprio non ti piace!<\/i><\/b><\/p>\n<p><span style=\"font-weight: 400;\">Io sono nata ballerina classica e tutt\u2019ora la amo. Per me \u00e8 come una <\/span><b>pillola quotidiana<\/b><span style=\"font-weight: 400;\"> da prendere ,\u00a0 mi alleggerisce e mi rende padrona del mio corpo. Lo stile che amo \u00e8 il <\/span><b>contemporaneo<\/b><span style=\"font-weight: 400;\"> perch\u00e9 ti\u00a0 permette di esplorare e conoscerti, \u00e8 il tramite tra tecnica e anima. In realt\u00e0 non ci sono stili di\u00a0 danza che odio, li amo tutti. Posso dire che ci sono alcuni che non farei ma perch\u00e9 non sono nelle\u00a0 mie corde, ma comunque li proverei.\u00a0<\/span><\/p>\n<p><b><i>&#8211; Qual \u00e8 la tua giornata tipo?<\/i><\/b><\/p>\n<p><span style=\"font-weight: 400;\">La mia giornata tipo inizia con la <\/span><b>sveglia<\/b><span style=\"font-weight: 400;\"> alle 7:15. Dopodich\u00e9 subito una <\/span><b>bella colazione<\/b><span style=\"font-weight: 400;\"> per\u00a0 carburare e prepararsi per andare a lezione con la bicicletta cos\u00ec gi\u00e0 arrivo bella calda. E poi godersi\u00a0 la giornata cercando di migliorarsi e di scoprire qualche nuovo lato di s\u00e9. E infine <\/span><b>tante prove <\/b><span style=\"font-weight: 400;\">per\u00a0 andare sul palco <\/span><b>pronti pi\u00f9 che mai<\/b><span style=\"font-weight: 400;\">.\u00a0<\/span><\/p>\n<p><b><i>&#8211; Cosa consiglieresti a chi vorrebbe intraprendere questo tipo di carriera?<\/i><\/b><\/p>\n<p><b><i><\/i><\/b><span style=\"font-weight: 400;\">Per intraprendere questa carriera sicuramente si deve essere <\/span><b>tanto determinati<\/b><span style=\"font-weight: 400;\">, avere tanta testa e\u00a0 soprattutto tanta pazzia dentro. Non \u00e8 facile, la<\/span><b> concorrenza \u00e8 tanta<\/b><span style=\"font-weight: 400;\">. Quello che posso consigliare \u00e8 sicuramente di fare<\/span><b> tante esperienze<\/b><span style=\"font-weight: 400;\">, farsi conoscere, esplorare nuovi posti, ma soprattutto di\u00a0 crearsi una propria identit\u00e0. Non fatevi <\/span><b>mai spegnere dai giudizi<\/b><span style=\"font-weight: 400;\">, anzi fatene una vostra forza e\u00a0 costruitevi sulle critiche no sui complimenti. Gli ultimi sicuramente vi daranno la forza ma state\u00a0 certi che quello di cui ha bisogno un danzatore per intraprendere questa carriera non sono le belle\u00a0 parole e un insegnante che vi dica solo quanto voi possiate essere belli, ma sono <\/span><b>le porte chiuse in\u00a0 faccia<\/b><span style=\"font-weight: 400;\"> quelle che vi faranno capire se siete adatti a questa vita.<\/span><\/p>\n<p><b><i>-Cosa suggeriresti ai genitori di giovani aspiranti ballerini?<\/i><\/b><\/p>\n<p><span style=\"font-weight: 400;\">Ai genitori dei ballerini, cosa dire,<\/span><b> state sempre al fianco dei vostri figli<\/b><span style=\"font-weight: 400;\">, non abbandonateli mai. \u00c8\u00a0 una carriera difficile ed \u00e8 semplicissimo cadere nella frustrazione. Io non sarei potuta essere pi\u00f9\u00a0 fortunata e auguro a chiunque danzatore di poter avere <\/span><b>due genitori che credono in te<\/b><span style=\"font-weight: 400;\"> e che\u00a0 insieme a te fanno sacrifici ogni giorno seppur non si sappia dove si andr\u00e0 a finire.\u00a0<\/span><\/p>\n<p><b><i>&#8211; A cosa pensi prima di salire sul palco?<\/i><\/b><\/p>\n<p><span style=\"font-weight: 400;\">In realt\u00e0 a nulla. \u00c8 una sensazione strana, \u00e8 come se il mio cervello si spegnesse e in quel momento\u00a0 il corpo prende il comando di tutto. <\/span><b>Mi trasformo<\/b><span style=\"font-weight: 400;\">, metto in luce la vera me e mi spoglio, mi sono al\u00a0 pubblico perch\u00e9 alla fine \u00e8 questa la danza donare la propria artisticit\u00e0 agli occhi di chi ti guarda.<\/span><\/p>\n<h2><a href=\"https:\/\/www.showgroup.it\/vetrine\/ballerini-e-ballerine\"><b>Vuoi avviare la tua carriera nella danza? Iscriviti a Showgroup!<\/b><\/a><\/h2>\n<p><span style=\"font-weight: 400;\"><a href=\"https:\/\/www.showgroup.it\/vetrina\/ballerini-e-ballerine\/antonio-p_c15940\"><img loading=\"lazy\" class=\"alignnone wp-image-86562 size-full\" title=\"Antonio P. ballerino Showgroup\" src=\"https:\/\/www.showgroup.it\/blog\/wp-content\/uploads\/2022\/04\/Antonio-ballerino-Showgroup.png\" alt=\"Antonio P. ballerino Showgroup\" width=\"1920\" height=\"1080\" srcset=\"https:\/\/www.showgroup.it\/blog\/wp-content\/uploads\/2022\/04\/Antonio-ballerino-Showgroup.png 1920w, https:\/\/www.showgroup.it\/blog\/wp-content\/uploads\/2022\/04\/Antonio-ballerino-Showgroup-300x169.png 300w, https:\/\/www.showgroup.it\/blog\/wp-content\/uploads\/2022\/04\/Antonio-ballerino-Showgroup-1024x576.png 1024w, https:\/\/www.showgroup.it\/blog\/wp-content\/uploads\/2022\/04\/Antonio-ballerino-Showgroup-768x432.png 768w, https:\/\/www.showgroup.it\/blog\/wp-content\/uploads\/2022\/04\/Antonio-ballerino-Showgroup-1536x864.png 1536w\" sizes=\"(max-width: 1920px) 100vw, 1920px\" \/><\/a>Su Showgroup.it, puoi creare il tuo profilo e iniziare a mettere in mostra il tuo talento proprio come ha fatto Elisa, scopri di pi\u00f9 <\/span><a href=\"https:\/\/www.showgroup.it\/vetrine\/ballerini-e-ballerine\"><span style=\"font-weight: 400;\">cliccando qui<\/span><\/a><span style=\"font-weight: 400;\">.<\/span><span style=\"font-weight: 400;\"><br \/>\n<\/span><span style=\"font-weight: 400;\">Se invece hai bisogno di un\/a ballerino\/a per il tuo evento, puoi contattarlo\/a <\/span><a href=\"https:\/\/www.showgroup.it\/vetrine\/ballerini-e-ballerine\"><span style=\"font-weight: 400;\">cliccando qui<\/span><\/a><span style=\"font-weight: 400;\">.<\/span><\/p>\n","protected":false},"excerpt":{"rendered":"<p>\u201cLa danza comincia ove la parola si arresta\u201d Aleksandr Jakovlevi\u010d Tairov &#8211; attore teatrale, regista teatrale e critico teatrale russo [&hellip;]<\/p>\n","protected":false},"author":5,"featured_media":86563,"comment_status":"open","ping_status":"open","sticky":false,"template":"","format":"standard","meta":[],"categories":[664],"tags":[391,432,433,434,435,436,437,438],"yoast_head":"<!-- This site is optimized with the Yoast SEO plugin v16.9 - https:\/\/yoast.com\/wordpress\/plugins\/seo\/ -->\n<title>Giornata internazionale della danza: festeggiamola con chi ne ha fatto una carriera &bull; Showgroup - Ready to be WOW!<\/title>\n<meta name=\"description\" content=\"La danza ci permette di comunicare con il corpo ci\u00f2 che le parole non sanno fare. Festiaggiamo la Giornata internazionale della danza!\" \/>\n<meta name=\"robots\" content=\"index, follow, max-snippet:-1, max-image-preview:large, max-video-preview:-1\" \/>\n<link rel=\"canonical\" href=\"https:\/\/www.showgroup.it\/blog\/2022\/04\/20\/giornata-internazionale-della-danza-festeggiamola-con-chi-ne-ha-fatto-una-carriera\/\" \/>\n<meta property=\"og:locale\" content=\"it_IT\" \/>\n<meta property=\"og:type\" content=\"article\" \/>\n<meta property=\"og:title\" content=\"Giornata internazionale della danza: festeggiamola con chi ne ha fatto una carriera &bull; Showgroup - Ready to be WOW!\" \/>\n<meta property=\"og:description\" content=\"La danza ci permette di comunicare con il corpo ci\u00f2 che le parole non sanno fare. Festiaggiamo la Giornata internazionale della danza!\" \/>\n<meta property=\"og:url\" content=\"https:\/\/www.showgroup.it\/blog\/2022\/04\/20\/giornata-internazionale-della-danza-festeggiamola-con-chi-ne-ha-fatto-una-carriera\/\" \/>\n<meta property=\"og:site_name\" content=\"Showgroup - Ready to be WOW!\" \/>\n<meta property=\"article:publisher\" content=\"https:\/\/www.facebook.com\/ShowGroupWow\/\" \/>\n<meta property=\"article:published_time\" content=\"2022-04-20T13:52:07+00:00\" \/>\n<meta property=\"article:modified_time\" content=\"2025-08-17T15:53:31+00:00\" \/>\n<meta property=\"og:image\" content=\"https:\/\/www.showgroup.it\/blog\/wp-content\/uploads\/2022\/04\/Elisa-DAcciavo-ballerina.png\" \/>\n\t<meta property=\"og:image:width\" content=\"1920\" \/>\n\t<meta property=\"og:image:height\" content=\"1080\" \/>\n<meta name=\"twitter:card\" content=\"summary_large_image\" \/>\n<meta name=\"twitter:label1\" content=\"Scritto da\" \/>\n\t<meta name=\"twitter:data1\" content=\"Benedetta Gatti\" \/>\n\t<meta name=\"twitter:label2\" content=\"Tempo di lettura stimato\" \/>\n\t<meta name=\"twitter:data2\" content=\"5 minuti\" \/>\n<script type=\"application\/ld+json\" class=\"yoast-schema-graph\">{\"@context\":\"https:\/\/schema.org\",\"@graph\":[{\"@type\":\"Organization\",\"@id\":\"https:\/\/www.showgroup.it\/#organization\",\"name\":\"Showgroup\",\"url\":\"https:\/\/www.showgroup.it\/\",\"sameAs\":[\"https:\/\/www.facebook.com\/ShowGroupWow\/\",\"https:\/\/www.instagram.com\/showgroupwow\/\"],\"logo\":{\"@type\":\"ImageObject\",\"@id\":\"https:\/\/www.showgroup.it\/#logo\",\"inLanguage\":\"it-IT\",\"url\":\"https:\/\/www.showgroup.it\/blog\/wp-content\/uploads\/2025\/01\/logo-black.svg\",\"contentUrl\":\"https:\/\/www.showgroup.it\/blog\/wp-content\/uploads\/2025\/01\/logo-black.svg\",\"width\":1440,\"height\":916,\"caption\":\"Showgroup\"},\"image\":{\"@id\":\"https:\/\/www.showgroup.it\/#logo\"}},{\"@type\":\"WebSite\",\"@id\":\"https:\/\/www.showgroup.it\/#website\",\"url\":\"https:\/\/www.showgroup.it\/\",\"name\":\"Showgroup - Ready to be WOW!\",\"description\":\"Il primo portale gratuito dedicato al mondo dello spettacolo.\",\"publisher\":{\"@id\":\"https:\/\/www.showgroup.it\/#organization\"},\"potentialAction\":[{\"@type\":\"SearchAction\",\"target\":{\"@type\":\"EntryPoint\",\"urlTemplate\":\"https:\/\/www.showgroup.it\/?s={search_term_string}\"},\"query-input\":\"required name=search_term_string\"}],\"inLanguage\":\"it-IT\"},{\"@type\":\"ImageObject\",\"@id\":\"https:\/\/www.showgroup.it\/blog\/2022\/04\/20\/giornata-internazionale-della-danza-festeggiamola-con-chi-ne-ha-fatto-una-carriera\/#primaryimage\",\"inLanguage\":\"it-IT\",\"url\":\"https:\/\/www.showgroup.it\/blog\/wp-content\/uploads\/2022\/04\/Elisa-DAcciavo-ballerina.png\",\"contentUrl\":\"https:\/\/www.showgroup.it\/blog\/wp-content\/uploads\/2022\/04\/Elisa-DAcciavo-ballerina.png\",\"width\":1920,\"height\":1080},{\"@type\":\"WebPage\",\"@id\":\"https:\/\/www.showgroup.it\/blog\/2022\/04\/20\/giornata-internazionale-della-danza-festeggiamola-con-chi-ne-ha-fatto-una-carriera\/#webpage\",\"url\":\"https:\/\/www.showgroup.it\/blog\/2022\/04\/20\/giornata-internazionale-della-danza-festeggiamola-con-chi-ne-ha-fatto-una-carriera\/\",\"name\":\"Giornata internazionale della danza: festeggiamola con chi ne ha fatto una carriera &bull; Showgroup - Ready to be WOW!\",\"isPartOf\":{\"@id\":\"https:\/\/www.showgroup.it\/#website\"},\"primaryImageOfPage\":{\"@id\":\"https:\/\/www.showgroup.it\/blog\/2022\/04\/20\/giornata-internazionale-della-danza-festeggiamola-con-chi-ne-ha-fatto-una-carriera\/#primaryimage\"},\"datePublished\":\"2022-04-20T13:52:07+00:00\",\"dateModified\":\"2025-08-17T15:53:31+00:00\",\"description\":\"La danza ci permette di comunicare con il corpo ci\\u00f2 che le parole non sanno fare. Festiaggiamo la Giornata internazionale della danza!\",\"breadcrumb\":{\"@id\":\"https:\/\/www.showgroup.it\/blog\/2022\/04\/20\/giornata-internazionale-della-danza-festeggiamola-con-chi-ne-ha-fatto-una-carriera\/#breadcrumb\"},\"inLanguage\":\"it-IT\",\"potentialAction\":[{\"@type\":\"ReadAction\",\"target\":[\"https:\/\/www.showgroup.it\/blog\/2022\/04\/20\/giornata-internazionale-della-danza-festeggiamola-con-chi-ne-ha-fatto-una-carriera\/\"]}]},{\"@type\":\"BreadcrumbList\",\"@id\":\"https:\/\/www.showgroup.it\/blog\/2022\/04\/20\/giornata-internazionale-della-danza-festeggiamola-con-chi-ne-ha-fatto-una-carriera\/#breadcrumb\",\"itemListElement\":[{\"@type\":\"ListItem\",\"position\":1,\"name\":\"Home\",\"item\":\"https:\/\/www.showgroup.it\/blog\/\"},{\"@type\":\"ListItem\",\"position\":2,\"name\":\"Giornata internazionale della danza: festeggiamola con chi ne ha fatto una carriera\"}]},{\"@type\":\"Article\",\"@id\":\"https:\/\/www.showgroup.it\/blog\/2022\/04\/20\/giornata-internazionale-della-danza-festeggiamola-con-chi-ne-ha-fatto-una-carriera\/#article\",\"isPartOf\":{\"@id\":\"https:\/\/www.showgroup.it\/blog\/2022\/04\/20\/giornata-internazionale-della-danza-festeggiamola-con-chi-ne-ha-fatto-una-carriera\/#webpage\"},\"author\":{\"@id\":\"https:\/\/www.showgroup.it\/#\/schema\/person\/9b799d433be4e17451d197175628047a\"},\"headline\":\"Giornata internazionale della danza: festeggiamola con chi ne ha fatto una carriera\",\"datePublished\":\"2022-04-20T13:52:07+00:00\",\"dateModified\":\"2025-08-17T15:53:31+00:00\",\"mainEntityOfPage\":{\"@id\":\"https:\/\/www.showgroup.it\/blog\/2022\/04\/20\/giornata-internazionale-della-danza-festeggiamola-con-chi-ne-ha-fatto-una-carriera\/#webpage\"},\"wordCount\":974,\"commentCount\":0,\"publisher\":{\"@id\":\"https:\/\/www.showgroup.it\/#organization\"},\"image\":{\"@id\":\"https:\/\/www.showgroup.it\/blog\/2022\/04\/20\/giornata-internazionale-della-danza-festeggiamola-con-chi-ne-ha-fatto-una-carriera\/#primaryimage\"},\"thumbnailUrl\":\"https:\/\/www.showgroup.it\/blog\/wp-content\/uploads\/2022\/04\/Elisa-DAcciavo-ballerina.png\",\"keywords\":[\"ballerini\",\"danza\",\"giornata internazionale della danza\",\"ballerina\",\"ballerino\",\"danza classica\",\"danza modena\",\"danza contemporanea\"],\"articleSection\":[\"Spettacolo e musica\"],\"inLanguage\":\"it-IT\",\"potentialAction\":[{\"@type\":\"CommentAction\",\"name\":\"Comment\",\"target\":[\"https:\/\/www.showgroup.it\/blog\/2022\/04\/20\/giornata-internazionale-della-danza-festeggiamola-con-chi-ne-ha-fatto-una-carriera\/#respond\"]}]},{\"@type\":\"Person\",\"@id\":\"https:\/\/www.showgroup.it\/#\/schema\/person\/9b799d433be4e17451d197175628047a\",\"name\":\"Benedetta Gatti\",\"image\":{\"@type\":\"ImageObject\",\"@id\":\"https:\/\/www.showgroup.it\/#personlogo\",\"inLanguage\":\"it-IT\",\"url\":\"https:\/\/secure.gravatar.com\/avatar\/32ceeb7300be30aabe2c84fdaa89eac0?s=96&d=mm&r=g\",\"contentUrl\":\"https:\/\/secure.gravatar.com\/avatar\/32ceeb7300be30aabe2c84fdaa89eac0?s=96&d=mm&r=g\",\"caption\":\"Benedetta Gatti\"}}]}<\/script>\n<!-- \/ Yoast SEO plugin. -->","yoast_head_json":{"title":"Giornata internazionale della danza: festeggiamola con chi ne ha fatto una carriera &bull; Showgroup - Ready to be WOW!","description":"La danza ci permette di comunicare con il corpo ci\u00f2 che le parole non sanno fare. Festiaggiamo la Giornata internazionale della danza!","robots":{"index":"index","follow":"follow","max-snippet":"max-snippet:-1","max-image-preview":"max-image-preview:large","max-video-preview":"max-video-preview:-1"},"canonical":"https:\/\/www.showgroup.it\/blog\/2022\/04\/20\/giornata-internazionale-della-danza-festeggiamola-con-chi-ne-ha-fatto-una-carriera\/","og_locale":"it_IT","og_type":"article","og_title":"Giornata internazionale della danza: festeggiamola con chi ne ha fatto una carriera &bull; Showgroup - Ready to be WOW!","og_description":"La danza ci permette di comunicare con il corpo ci\u00f2 che le parole non sanno fare. Festiaggiamo la Giornata internazionale della danza!","og_url":"https:\/\/www.showgroup.it\/blog\/2022\/04\/20\/giornata-internazionale-della-danza-festeggiamola-con-chi-ne-ha-fatto-una-carriera\/","og_site_name":"Showgroup - Ready to be WOW!","article_publisher":"https:\/\/www.facebook.com\/ShowGroupWow\/","article_published_time":"2022-04-20T13:52:07+00:00","article_modified_time":"2025-08-17T15:53:31+00:00","og_image":[{"width":1920,"height":1080,"url":"https:\/\/www.showgroup.it\/blog\/wp-content\/uploads\/2022\/04\/Elisa-DAcciavo-ballerina.png","path":"\/sites\/www.showgroup.it\/files\/blog\/wp-content\/uploads\/2022\/04\/Elisa-DAcciavo-ballerina.png","size":"full","id":86563,"alt":"","pixels":2073600,"type":"image\/png"}],"twitter_card":"summary_large_image","twitter_misc":{"Scritto da":"Benedetta Gatti","Tempo di lettura stimato":"5 minuti"},"schema":{"@context":"https:\/\/schema.org","@graph":[{"@type":"Organization","@id":"https:\/\/www.showgroup.it\/#organization","name":"Showgroup","url":"https:\/\/www.showgroup.it\/","sameAs":["https:\/\/www.facebook.com\/ShowGroupWow\/","https:\/\/www.instagram.com\/showgroupwow\/"],"logo":{"@type":"ImageObject","@id":"https:\/\/www.showgroup.it\/#logo","inLanguage":"it-IT","url":"https:\/\/www.showgroup.it\/blog\/wp-content\/uploads\/2025\/01\/logo-black.svg","contentUrl":"https:\/\/www.showgroup.it\/blog\/wp-content\/uploads\/2025\/01\/logo-black.svg","width":1440,"height":916,"caption":"Showgroup"},"image":{"@id":"https:\/\/www.showgroup.it\/#logo"}},{"@type":"WebSite","@id":"https:\/\/www.showgroup.it\/#website","url":"https:\/\/www.showgroup.it\/","name":"Showgroup - Ready to be WOW!","description":"Il primo portale gratuito dedicato al mondo dello spettacolo.","publisher":{"@id":"https:\/\/www.showgroup.it\/#organization"},"potentialAction":[{"@type":"SearchAction","target":{"@type":"EntryPoint","urlTemplate":"https:\/\/www.showgroup.it\/?s={search_term_string}"},"query-input":"required name=search_term_string"}],"inLanguage":"it-IT"},{"@type":"ImageObject","@id":"https:\/\/www.showgroup.it\/blog\/2022\/04\/20\/giornata-internazionale-della-danza-festeggiamola-con-chi-ne-ha-fatto-una-carriera\/#primaryimage","inLanguage":"it-IT","url":"https:\/\/www.showgroup.it\/blog\/wp-content\/uploads\/2022\/04\/Elisa-DAcciavo-ballerina.png","contentUrl":"https:\/\/www.showgroup.it\/blog\/wp-content\/uploads\/2022\/04\/Elisa-DAcciavo-ballerina.png","width":1920,"height":1080},{"@type":"WebPage","@id":"https:\/\/www.showgroup.it\/blog\/2022\/04\/20\/giornata-internazionale-della-danza-festeggiamola-con-chi-ne-ha-fatto-una-carriera\/#webpage","url":"https:\/\/www.showgroup.it\/blog\/2022\/04\/20\/giornata-internazionale-della-danza-festeggiamola-con-chi-ne-ha-fatto-una-carriera\/","name":"Giornata internazionale della danza: festeggiamola con chi ne ha fatto una carriera &bull; Showgroup - Ready to be WOW!","isPartOf":{"@id":"https:\/\/www.showgroup.it\/#website"},"primaryImageOfPage":{"@id":"https:\/\/www.showgroup.it\/blog\/2022\/04\/20\/giornata-internazionale-della-danza-festeggiamola-con-chi-ne-ha-fatto-una-carriera\/#primaryimage"},"datePublished":"2022-04-20T13:52:07+00:00","dateModified":"2025-08-17T15:53:31+00:00","description":"La danza ci permette di comunicare con il corpo ci\u00f2 che le parole non sanno fare. Festiaggiamo la Giornata internazionale della danza!","breadcrumb":{"@id":"https:\/\/www.showgroup.it\/blog\/2022\/04\/20\/giornata-internazionale-della-danza-festeggiamola-con-chi-ne-ha-fatto-una-carriera\/#breadcrumb"},"inLanguage":"it-IT","potentialAction":[{"@type":"ReadAction","target":["https:\/\/www.showgroup.it\/blog\/2022\/04\/20\/giornata-internazionale-della-danza-festeggiamola-con-chi-ne-ha-fatto-una-carriera\/"]}]},{"@type":"BreadcrumbList","@id":"https:\/\/www.showgroup.it\/blog\/2022\/04\/20\/giornata-internazionale-della-danza-festeggiamola-con-chi-ne-ha-fatto-una-carriera\/#breadcrumb","itemListElement":[{"@type":"ListItem","position":1,"name":"Home","item":"https:\/\/www.showgroup.it\/blog\/"},{"@type":"ListItem","position":2,"name":"Giornata internazionale della danza: festeggiamola con chi ne ha fatto una carriera"}]},{"@type":"Article","@id":"https:\/\/www.showgroup.it\/blog\/2022\/04\/20\/giornata-internazionale-della-danza-festeggiamola-con-chi-ne-ha-fatto-una-carriera\/#article","isPartOf":{"@id":"https:\/\/www.showgroup.it\/blog\/2022\/04\/20\/giornata-internazionale-della-danza-festeggiamola-con-chi-ne-ha-fatto-una-carriera\/#webpage"},"author":{"@id":"https:\/\/www.showgroup.it\/#\/schema\/person\/9b799d433be4e17451d197175628047a"},"headline":"Giornata internazionale della danza: festeggiamola con chi ne ha fatto una carriera","datePublished":"2022-04-20T13:52:07+00:00","dateModified":"2025-08-17T15:53:31+00:00","mainEntityOfPage":{"@id":"https:\/\/www.showgroup.it\/blog\/2022\/04\/20\/giornata-internazionale-della-danza-festeggiamola-con-chi-ne-ha-fatto-una-carriera\/#webpage"},"wordCount":974,"commentCount":0,"publisher":{"@id":"https:\/\/www.showgroup.it\/#organization"},"image":{"@id":"https:\/\/www.showgroup.it\/blog\/2022\/04\/20\/giornata-internazionale-della-danza-festeggiamola-con-chi-ne-ha-fatto-una-carriera\/#primaryimage"},"thumbnailUrl":"https:\/\/www.showgroup.it\/blog\/wp-content\/uploads\/2022\/04\/Elisa-DAcciavo-ballerina.png","keywords":["ballerini","danza","giornata internazionale della danza","ballerina","ballerino","danza classica","danza modena","danza contemporanea"],"articleSection":["Spettacolo e musica"],"inLanguage":"it-IT","potentialAction":[{"@type":"CommentAction","name":"Comment","target":["https:\/\/www.showgroup.it\/blog\/2022\/04\/20\/giornata-internazionale-della-danza-festeggiamola-con-chi-ne-ha-fatto-una-carriera\/#respond"]}]},{"@type":"Person","@id":"https:\/\/www.showgroup.it\/#\/schema\/person\/9b799d433be4e17451d197175628047a","name":"Benedetta Gatti","image":{"@type":"ImageObject","@id":"https:\/\/www.showgroup.it\/#personlogo","inLanguage":"it-IT","url":"https:\/\/secure.gravatar.com\/avatar\/32ceeb7300be30aabe2c84fdaa89eac0?s=96&d=mm&r=g","contentUrl":"https:\/\/secure.gravatar.com\/avatar\/32ceeb7300be30aabe2c84fdaa89eac0?s=96&d=mm&r=g","caption":"Benedetta Gatti"}}]}},"_links":{"self":[{"href":"https:\/\/www.showgroup.it\/blog\/wp-json\/wp\/v2\/posts\/86557"}],"collection":[{"href":"https:\/\/www.showgroup.it\/blog\/wp-json\/wp\/v2\/posts"}],"about":[{"href":"https:\/\/www.showgroup.it\/blog\/wp-json\/wp\/v2\/types\/post"}],"author":[{"embeddable":true,"href":"https:\/\/www.showgroup.it\/blog\/wp-json\/wp\/v2\/users\/5"}],"replies":[{"embeddable":true,"href":"https:\/\/www.showgroup.it\/blog\/wp-json\/wp\/v2\/comments?post=86557"}],"version-history":[{"count":2,"href":"https:\/\/www.showgroup.it\/blog\/wp-json\/wp\/v2\/posts\/86557\/revisions"}],"predecessor-version":[{"id":99934,"href":"https:\/\/www.showgroup.it\/blog\/wp-json\/wp\/v2\/posts\/86557\/revisions\/99934"}],"wp:featuredmedia":[{"embeddable":true,"href":"https:\/\/www.showgroup.it\/blog\/wp-json\/wp\/v2\/media\/86563"}],"wp:attachment":[{"href":"https:\/\/www.showgroup.it\/blog\/wp-json\/wp\/v2\/media?parent=86557"}],"wp:term":[{"taxonomy":"category","embeddable":true,"href":"https:\/\/www.showgroup.it\/blog\/wp-json\/wp\/v2\/categories?post=86557"},{"taxonomy":"post_tag","embeddable":true,"href":"https:\/\/www.showgroup.it\/blog\/wp-json\/wp\/v2\/tags?post=86557"}],"curies":[{"name":"wp","href":"https:\/\/api.w.org\/{rel}","templated":true}]}}