{"id":86648,"date":"2022-05-04T01:01:17","date_gmt":"2022-05-03T23:01:17","guid":{"rendered":"https:\/\/www.showgroup.it\/?p=86648"},"modified":"2025-09-10T16:47:07","modified_gmt":"2025-09-10T14:47:07","slug":"festival-della-risata-2022-lucca-cercasi-comici","status":"publish","type":"post","link":"https:\/\/www.showgroup.it\/blog\/2022\/05\/04\/festival-della-risata-2022-lucca-cercasi-comici\/","title":{"rendered":"Festival della Risata Lucca 2022: AAA cercasi comici!"},"content":{"rendered":"<p>\u201c<em>La comicit\u00e0 \u00e8 una questione complessa, non basta mettere in scena una cosetta simpatica per guadagnarsi gli applausi.<\/em>\u201d<\/p>\n<p>Cos\u00ec affermava <strong>Gigi Proietti<\/strong>, il mattatore che ha attraversato il confine tra comico e tragico, punto di riferimento di molti professionisti della risata.<\/p>\n<p>In effetti, mettere in scena un&#8217;esibizione comica, \u00e8 la cosa meno divertente che esista. Far ridere significa infatti <strong>immergersi nella realt\u00e0 circostante<\/strong>, spesso amara e drammatica, e trovarne il lato comico. Scrittura e messa in scena richiedono un impegno considerevole per poter strappare qualche risata.<\/p>\n<p>Chi desidera affinare la propria tecnica e scovare strumenti utili alla stesura del pezzo e alla costruzione del personaggio ha una nuova occasione con il <strong>Festival della Risata 2022<\/strong>, che torna a Lucca con una grande voglia di far sorridere e scoprire nuovi talenti.<\/p>\n<p>Organizzato dall\u2019associazione culturale <strong>E&amp;E \u2013 Events and Executive<\/strong> di Erika Citti e Elisa D\u2019Agostino, con il sostegno del Comune di Lucca e della Fondazione Cassa di Risparmio di Lucca, il festival animer\u00e0 a giugno il centro storico di Lucca, per ridere e\u00a0approfondire al contempo <strong>tematiche anche importanti<\/strong>, ma sempre con il sorriso sulle labbra.<\/p>\n<h2><a href=\"https:\/\/www.showgroup.it\/\">Festival della Risata: &#8220;Ride bene chi ride&#8230;qui&#8221;<\/a><\/h2>\n<p>La nuova edizione del Festival si apre con un&#8217;iniziativa brillante, rivolga a <strong>comici di tutta Italia<\/strong>, emergenti e aspiranti, accomunati dalla voglia di migliorarsi e mettersi alla prova. Si tratta del bando &#8220;<em><strong>Ride bene chi ride&#8230;qui<\/strong><\/em>&#8220;, che mette in palio ben 15 posti per <strong>partecipare\u00a0ad un workshop<\/strong> che si svolger\u00e0 in presenza a Lucca, nei giorni del festival dal 10 al 12 giugno per un totale di 24 ore.<\/p>\n<p>Le lezioni saranno tenute dall&#8217;autore e attore <strong>Vanni Baldini<\/strong>, che ha lavorato a svariati programmi televisivi e radiofonici come <em>Che tempo che fa, Don Matteo, Techetechet\u00e8<\/em>\u00a0e\u00a0<em>Programmone<\/em>\u00a0e tutt\u2019oggi collaboratore di\u00a0<strong>Nino Frassica<\/strong>, e dall\u2019attore e regista <strong>Giorgio Vignali.\u00a0<\/strong>Entrambi condivideranno idee di miglioramento e si confronteranno con gli studenti dando consigli su mimica, gesti e tono della voce.<\/p>\n<p>Un&#8217;occasione unica per i talenti che vogliono migliorare le proprie abilit\u00e0 comiche e che, a fine corso, dovranno <strong>elaborare uno sketch comico<\/strong> che potranno interpretare o far interpretare. Inoltre, i partecipanti al workshop, avranno l&#8217;occasione di poter <strong>incontrare un grande comico<\/strong>, il cui nome, per ora, non \u00e8 ancora stato rivelato.<\/p>\n<h3><a href=\"https:\/\/www.showgroup.it\/\">Come partecipare al workshop del Festival della Risata?<\/a><\/h3>\n<p>Per partecipare al corso, i nuovi talenti dovranno compilare la domanda di ammissione ed inviare la richiesta di partecipazione <strong>entro il 30 maggio<\/strong> sul <a href=\"http:\/\/www.eventsandexecutive.com\/evento\/festival-della-risata\" target=\"_blank\" rel=\"noopener\">sito ufficiale<\/a>. Il workshop \u00e8 <strong>gratuito<\/strong>, fatto salvo un contributo di 45 euro da versare una volta ammesso per le spese di segreteria, e <strong>non vi sono limiti d&#8217;et\u00e0<\/strong> per partecipare.<\/p>\n<p>Oltre ad inviare il modulo di iscrizione compilato e sottoscritto, \u00e8 necessario allegare la copia del documento di identit\u00e0 e una <strong>lettera motivazionale<\/strong> divertente e simpatica. Il candidato dovr\u00e0 infine presentarsi al <strong>casting online<\/strong> il giorno 4 Giugno (le cui modalit\u00e0 saranno comunicate per email ai vari richiedenti).<\/p>\n<p>Gli ammessi, in seguito a valutazione da parte degli insegnanti, verranno informati dell&#8217;ammissione entro il 6 giugno 2022.<\/p>\n<h3><a href=\"https:\/\/www.showgroup.it\/\">Festival della Risata 2022: il programma del bando<\/a><\/h3>\n<p>\u2605<strong> Venerd\u00ec 10 Giugno 2022<\/strong><\/p>\n<p>9:00 \u2013 9:30 Registrazione e benvenuto.<\/p>\n<p>9:30 \u2013 10:30 Presentazione dei docenti, delle attivit\u00e0 e degli eventi del workshop.<\/p>\n<p>10:30 \u2013 12:00 \u201cUna Storia Tutta Da Ridere\u201d, la storia della comicit\u00e0 in Italia.<br \/>\nA cura di Vanni Baldini<\/p>\n<p>12:00 \u2013 13:30 \u201cLa Comicit\u00e0 fa bene: dal cinema alla psichiatria\u201d.<br \/>\nCondotto dal Prof. Enrico Marchi con ALAP &#8211; Associazione Lucchese Arte e Psicologia.<br \/>\nPausa Pranzo libera (Il festival \u00e8 convenzionato con alcuni esercizi pubblici di cui alleghiamo info)<\/p>\n<p>14:00 \u2013 18:00 Presentazione della propria esibizione comica davanti ai docenti Vanni Baldini e<br \/>\nElisa D\u2019Agostino<\/p>\n<p>18:30 \u2013 19:30 Presentazione del libro \u201cSergio Forconi \u2013 Uno spettacolo d\u2019uomo\u201d di Alessandro<br \/>\nSarti. Presente, oltre all\u2019autore, l\u2019attore Sergio Forconi<\/p>\n<p><strong>\u2605 Sabato 11 Giugno 2022<\/strong><\/p>\n<p>10:00 \u2013 12:30 \u201cBuona la prima!\u201d, lavoro in coppia sullo sketch a due e sull\u2019improvvisazione.<br \/>\nA cura di Vanni Baldini e Giorgio Vignali<br \/>\nPausa Pranzo libera (Il festival \u00e8 convenzionato con alcuni esercizi pubblici di cui alleghiamo info)<\/p>\n<p>13:00 \u2013 16:30 Lavoro sul testo<br \/>\nSeconda parte della costruzione di uno sketch o monologo comico.<br \/>\nA cura di Vanni Baldini e Giorgio Vignali<\/p>\n<p>17:00 \u2013 18:00 \u201cLa situazione comica\u201d: dalla sitcom al variet\u00e0&#8230; la comicit\u00e0 in tv a 360\u00b0.<br \/>\nMasterclass con il regista, sceneggiatore e produttore televisivo Giorgio Vignali (c\/o Auditorium<br \/>\ndel Suffragio)<\/p>\n<p>18:00 \u2013 19:00 \u201cIl Gene della Comicit\u00e0\u201d<br \/>\nMasterclass con Gene Gnocchi, moderato da Vanni Baldini (c\/o Auditorium del Suffragio)<\/p>\n<p><strong>\u2605 Domenica 12 Giugno 2022<\/strong><\/p>\n<p>10:00 \u2013 13:00 Lavoro sulla messa in scena<br \/>\nA cura di Vanni Baldini e Giorgio Vignali<br \/>\nPausa Pranzo libera (Il festival \u00e8 convenzionato con alcuni esercizi pubblici di cui alleghiamo info)<\/p>\n<p>13:00 \u2013 17:00 Lavoro sulla messa in scena<br \/>\nA cura di Vanni Baldini e Giorgio Vignali<\/p>\n<p>18:00 \u2013 19:00 Lezione aperta sul lavoro prodotto durante i tre giorni di workshop<\/p>\n<h2><a href=\"https:\/\/www.showgroup.it\/\">Vuoi ridere e far ridere? Trova un comico su Showgroup!\u00a0<\/a><\/h2>\n<p>Stai organizzando il tuo evento e desideri che sia all&#8217;insegna dell&#8217;allegria? Su <strong>Showgroup<\/strong> puoi trovare tantissimi <a href=\"https:\/\/www.showgroup.it\/vetrine\/showman-e-show-woman\/tags__comico\">comici, showman e show-woman<\/a>, disponibili per ogni tipo di spettacolo. Contatta direttamente i professionisti senza costi di intermediazione e richiedi un preventivo senza impegno!<\/p>\n<h3><a href=\"https:\/\/www.showgroup.it\/vetrina\/showman-e-show-woman\/alessandro-serra_c11847\">Alessandro Serra<\/a><\/h3>\n<p><a href=\"https:\/\/www.showgroup.it\/vetrina\/showman-e-show-woman\/alessandro-serra_c11847\"><\/a><\/p>\n<p>Protagonista nell\u2019ultime edizioni di <strong>Colorado<\/strong> 2012 al 2014 e consacrato sul palco di <strong>Zelig<\/strong>, Alessandro Serra \u00e8 un comico e cabarettista con una solida formazione teatrale alle spalle, in grado di trattare argomenti quotidiani entrando polemicamente sul sociale. In realt\u00e0 lo spettacolo cambia a secondo del pubblico, che viene sempre coinvolto: Serra, infatti, non arriva in scena con un testo gi\u00e0 pronto ma <strong>improvvisa<\/strong> scegliendo, di volta in volta, gli argomenti da trattare.<\/p>\n<p>Non mancano mai, per\u00f2, riferimenti all\u2019infanzia, alla scuola, al rapporto con le donne, al mondo della televisione, alle vacanze e soprattutto al traffico. Mode, vizi e virt\u00f9 dell\u2019italiano medio vengono cos\u00ec smascherati in un\u2019atmosfera ironica e goliardica. Puoi <a href=\"https:\/\/www.showgroup.it\/vetrina\/showman-e-show-woman\/alessandro-serra_c11847\">contattarlo su Showgroup<\/a> per richiedere la sua partecipazione a un evento in qualsiasi parte d&#8217;Italia.<\/p>\n<h3>Jerry Cal\u00e0<\/h3>\n<p>Tra i fuoriclasse della comicit\u00e0 italiana, <strong>Jerry Cal\u00e0<\/strong> \u00e8 un uomo di spettacolo capace di vestire con eguale disinvoltura i panni dell\u2019<strong>attore<\/strong> di cabaret, tv e cinema, e quelli del \u201c<em><strong>crooner<\/strong><\/em>\u201d che reinterpreta accompagnato dalla sua band il suo leggendario repertorio degli anni \u201960, \u201970 e \u201980 alternando momenti di spettacolo musicale a gag esilaranti e irresistibili.<\/p>\n<p>Oltre 40 anni sulla cresta dell&#8217;onda, che dimostrano ancora la sua innata capacit\u00e0 di saper far ridere anche il pubblico pi\u00f9 difficile. Puoi contattare Jerry Cal\u00e0 su Showgroup per organizzare convention, serate in discoteca, live club, spettacoli teatrali, feste di piazza e feste private.<\/p>\n<h3>Paolo Ruffini<\/h3>\n<p>Conta oltre 3 milioni di follower sui social network, attore, regista, conduttore e autore brillante e poliedrico, uno straordinario carisma unito ad una comicit\u00e0 irriverente. Ruffini \u00e8 uno dei\u00a0<strong>volti pi\u00f9 noti del panorama artistico italiano<\/strong>. Sul grande schermo \u00e8 tra i protagonisti in commedie e pellicole d\u2019autore \u2013 dalla tradizione dei cinepanettoni alla regia di successi che sbancano al botteghino. In Tv spicca nella conduzione di programmi cult da prima serata, come Colorado e La Pupa e il Secchione. A teatro, infine, spazia dalla prosa ai format di variet\u00e0 come UP&amp;Down, dove \u00e8 in scena con attori disabili.<\/p>\n<p>\u00c8 da sempre impegnato nel sociale e si definisce un \u201cnerd\u201d del cinema. La sua grande forza risiede nella disobbedienza, propria dell\u2019arte, che gli permette di coniugare il classico al pop, superando qualunque categoria. Puoi trovare Paolo Ruffini su Showgroup e richiedere la sua disponibilit\u00e0 per ogni tipo di evento in tutta Italia.<\/p>\n<h2><a href=\"https:\/\/www.showgroup.it\/\">Sei un comico?<\/a><\/h2>\n<p><a href=\"https:\/\/www.showgroup.it\/chi-puo-iscriversi-a-showgroup\">Apri la tua vetrina<\/a> gratuitamente su <strong>Showgroup<\/strong> e inizia a farti conoscere!<\/p>\n","protected":false},"excerpt":{"rendered":"<p>\u201cLa comicit\u00e0 \u00e8 una questione complessa, non basta mettere in scena una cosetta simpatica per guadagnarsi gli applausi.\u201d Cos\u00ec affermava [&hellip;]<\/p>\n","protected":false},"author":5,"featured_media":86650,"comment_status":"open","ping_status":"open","sticky":false,"template":"","format":"standard","meta":[],"categories":[664],"tags":[233,455,456,457],"yoast_head":"<!-- This site is optimized with the Yoast SEO plugin v16.9 - https:\/\/yoast.com\/wordpress\/plugins\/seo\/ -->\n<title>Festival della Risata 2022: AAA cercasi comici a Lucca! &bull; Showgroup<\/title>\n<meta name=\"description\" content=\"Il Festival della Risata 2022 torna a Lucca, con tanta voglia di far divertire! Al via il bando per i nuovi talenti della comicit\u00e0.\" \/>\n<meta name=\"robots\" content=\"index, follow, max-snippet:-1, max-image-preview:large, max-video-preview:-1\" \/>\n<link rel=\"canonical\" href=\"https:\/\/www.showgroup.it\/blog\/2022\/05\/04\/festival-della-risata-2022-lucca-cercasi-comici\/\" \/>\n<meta property=\"og:locale\" content=\"it_IT\" \/>\n<meta property=\"og:type\" content=\"article\" \/>\n<meta property=\"og:title\" content=\"Festival della Risata 2022: AAA cercasi comici a Lucca! &bull; Showgroup\" \/>\n<meta property=\"og:description\" content=\"Il Festival della Risata 2022 torna a Lucca, con tanta voglia di far divertire! Al via il bando per i nuovi talenti della comicit\u00e0.\" \/>\n<meta property=\"og:url\" content=\"https:\/\/www.showgroup.it\/blog\/2022\/05\/04\/festival-della-risata-2022-lucca-cercasi-comici\/\" \/>\n<meta property=\"og:site_name\" content=\"Showgroup - Ready to be WOW!\" \/>\n<meta property=\"article:publisher\" content=\"https:\/\/www.facebook.com\/ShowGroupWow\/\" \/>\n<meta property=\"article:published_time\" content=\"2022-05-03T23:01:17+00:00\" \/>\n<meta property=\"article:modified_time\" content=\"2025-09-10T14:47:07+00:00\" \/>\n<meta property=\"og:image\" content=\"https:\/\/www.showgroup.it\/blog\/wp-content\/uploads\/2022\/05\/festival-della-risata-2022.jpg\" \/>\n\t<meta property=\"og:image:width\" content=\"1920\" \/>\n\t<meta property=\"og:image:height\" content=\"1080\" \/>\n<meta name=\"twitter:card\" content=\"summary_large_image\" \/>\n<meta name=\"twitter:label1\" content=\"Scritto da\" \/>\n\t<meta name=\"twitter:data1\" content=\"Benedetta Gatti\" \/>\n\t<meta name=\"twitter:label2\" content=\"Tempo di lettura stimato\" \/>\n\t<meta name=\"twitter:data2\" content=\"7 minuti\" \/>\n<script type=\"application\/ld+json\" class=\"yoast-schema-graph\">{\"@context\":\"https:\/\/schema.org\",\"@graph\":[{\"@type\":\"Organization\",\"@id\":\"https:\/\/www.showgroup.it\/#organization\",\"name\":\"Showgroup\",\"url\":\"https:\/\/www.showgroup.it\/\",\"sameAs\":[\"https:\/\/www.facebook.com\/ShowGroupWow\/\",\"https:\/\/www.instagram.com\/showgroupwow\/\"],\"logo\":{\"@type\":\"ImageObject\",\"@id\":\"https:\/\/www.showgroup.it\/#logo\",\"inLanguage\":\"it-IT\",\"url\":\"https:\/\/www.showgroup.it\/blog\/wp-content\/uploads\/2025\/01\/logo-black.svg\",\"contentUrl\":\"https:\/\/www.showgroup.it\/blog\/wp-content\/uploads\/2025\/01\/logo-black.svg\",\"width\":1440,\"height\":916,\"caption\":\"Showgroup\"},\"image\":{\"@id\":\"https:\/\/www.showgroup.it\/#logo\"}},{\"@type\":\"WebSite\",\"@id\":\"https:\/\/www.showgroup.it\/#website\",\"url\":\"https:\/\/www.showgroup.it\/\",\"name\":\"Showgroup - Ready to be WOW!\",\"description\":\"Il primo portale gratuito dedicato al mondo dello spettacolo.\",\"publisher\":{\"@id\":\"https:\/\/www.showgroup.it\/#organization\"},\"potentialAction\":[{\"@type\":\"SearchAction\",\"target\":{\"@type\":\"EntryPoint\",\"urlTemplate\":\"https:\/\/www.showgroup.it\/?s={search_term_string}\"},\"query-input\":\"required name=search_term_string\"}],\"inLanguage\":\"it-IT\"},{\"@type\":\"ImageObject\",\"@id\":\"https:\/\/www.showgroup.it\/blog\/2022\/05\/04\/festival-della-risata-2022-lucca-cercasi-comici\/#primaryimage\",\"inLanguage\":\"it-IT\",\"url\":\"https:\/\/www.showgroup.it\/blog\/wp-content\/uploads\/2022\/05\/festival-della-risata-2022.jpg\",\"contentUrl\":\"https:\/\/www.showgroup.it\/blog\/wp-content\/uploads\/2022\/05\/festival-della-risata-2022.jpg\",\"width\":1920,\"height\":1080,\"caption\":\"festival della risata 2022\"},{\"@type\":\"WebPage\",\"@id\":\"https:\/\/www.showgroup.it\/blog\/2022\/05\/04\/festival-della-risata-2022-lucca-cercasi-comici\/#webpage\",\"url\":\"https:\/\/www.showgroup.it\/blog\/2022\/05\/04\/festival-della-risata-2022-lucca-cercasi-comici\/\",\"name\":\"Festival della Risata 2022: AAA cercasi comici a Lucca! &bull; Showgroup\",\"isPartOf\":{\"@id\":\"https:\/\/www.showgroup.it\/#website\"},\"primaryImageOfPage\":{\"@id\":\"https:\/\/www.showgroup.it\/blog\/2022\/05\/04\/festival-della-risata-2022-lucca-cercasi-comici\/#primaryimage\"},\"datePublished\":\"2022-05-03T23:01:17+00:00\",\"dateModified\":\"2025-09-10T14:47:07+00:00\",\"description\":\"Il Festival della Risata 2022 torna a Lucca, con tanta voglia di far divertire! Al via il bando per i nuovi talenti della comicit\\u00e0.\",\"breadcrumb\":{\"@id\":\"https:\/\/www.showgroup.it\/blog\/2022\/05\/04\/festival-della-risata-2022-lucca-cercasi-comici\/#breadcrumb\"},\"inLanguage\":\"it-IT\",\"potentialAction\":[{\"@type\":\"ReadAction\",\"target\":[\"https:\/\/www.showgroup.it\/blog\/2022\/05\/04\/festival-della-risata-2022-lucca-cercasi-comici\/\"]}]},{\"@type\":\"BreadcrumbList\",\"@id\":\"https:\/\/www.showgroup.it\/blog\/2022\/05\/04\/festival-della-risata-2022-lucca-cercasi-comici\/#breadcrumb\",\"itemListElement\":[{\"@type\":\"ListItem\",\"position\":1,\"name\":\"Home\",\"item\":\"https:\/\/www.showgroup.it\/blog\/\"},{\"@type\":\"ListItem\",\"position\":2,\"name\":\"Festival della Risata Lucca 2022: AAA cercasi comici!\"}]},{\"@type\":\"Article\",\"@id\":\"https:\/\/www.showgroup.it\/blog\/2022\/05\/04\/festival-della-risata-2022-lucca-cercasi-comici\/#article\",\"isPartOf\":{\"@id\":\"https:\/\/www.showgroup.it\/blog\/2022\/05\/04\/festival-della-risata-2022-lucca-cercasi-comici\/#webpage\"},\"author\":{\"@id\":\"https:\/\/www.showgroup.it\/#\/schema\/person\/9b799d433be4e17451d197175628047a\"},\"headline\":\"Festival della Risata Lucca 2022: AAA cercasi comici!\",\"datePublished\":\"2022-05-03T23:01:17+00:00\",\"dateModified\":\"2025-09-10T14:47:07+00:00\",\"mainEntityOfPage\":{\"@id\":\"https:\/\/www.showgroup.it\/blog\/2022\/05\/04\/festival-della-risata-2022-lucca-cercasi-comici\/#webpage\"},\"wordCount\":1208,\"commentCount\":0,\"publisher\":{\"@id\":\"https:\/\/www.showgroup.it\/#organization\"},\"image\":{\"@id\":\"https:\/\/www.showgroup.it\/blog\/2022\/05\/04\/festival-della-risata-2022-lucca-cercasi-comici\/#primaryimage\"},\"thumbnailUrl\":\"https:\/\/www.showgroup.it\/blog\/wp-content\/uploads\/2022\/05\/festival-della-risata-2022.jpg\",\"keywords\":[\"animatori\",\"comici\",\"festival della risata\",\"talenti\"],\"articleSection\":[\"Spettacolo e musica\"],\"inLanguage\":\"it-IT\",\"potentialAction\":[{\"@type\":\"CommentAction\",\"name\":\"Comment\",\"target\":[\"https:\/\/www.showgroup.it\/blog\/2022\/05\/04\/festival-della-risata-2022-lucca-cercasi-comici\/#respond\"]}]},{\"@type\":\"Person\",\"@id\":\"https:\/\/www.showgroup.it\/#\/schema\/person\/9b799d433be4e17451d197175628047a\",\"name\":\"Benedetta Gatti\",\"image\":{\"@type\":\"ImageObject\",\"@id\":\"https:\/\/www.showgroup.it\/#personlogo\",\"inLanguage\":\"it-IT\",\"url\":\"https:\/\/secure.gravatar.com\/avatar\/32ceeb7300be30aabe2c84fdaa89eac0?s=96&d=mm&r=g\",\"contentUrl\":\"https:\/\/secure.gravatar.com\/avatar\/32ceeb7300be30aabe2c84fdaa89eac0?s=96&d=mm&r=g\",\"caption\":\"Benedetta Gatti\"}}]}<\/script>\n<!-- \/ Yoast SEO plugin. -->","yoast_head_json":{"title":"Festival della Risata 2022: AAA cercasi comici a Lucca! &bull; Showgroup","description":"Il Festival della Risata 2022 torna a Lucca, con tanta voglia di far divertire! Al via il bando per i nuovi talenti della comicit\u00e0.","robots":{"index":"index","follow":"follow","max-snippet":"max-snippet:-1","max-image-preview":"max-image-preview:large","max-video-preview":"max-video-preview:-1"},"canonical":"https:\/\/www.showgroup.it\/blog\/2022\/05\/04\/festival-della-risata-2022-lucca-cercasi-comici\/","og_locale":"it_IT","og_type":"article","og_title":"Festival della Risata 2022: AAA cercasi comici a Lucca! &bull; Showgroup","og_description":"Il Festival della Risata 2022 torna a Lucca, con tanta voglia di far divertire! Al via il bando per i nuovi talenti della comicit\u00e0.","og_url":"https:\/\/www.showgroup.it\/blog\/2022\/05\/04\/festival-della-risata-2022-lucca-cercasi-comici\/","og_site_name":"Showgroup - Ready to be WOW!","article_publisher":"https:\/\/www.facebook.com\/ShowGroupWow\/","article_published_time":"2022-05-03T23:01:17+00:00","article_modified_time":"2025-09-10T14:47:07+00:00","og_image":[{"width":1920,"height":1080,"filesize":181819,"url":"https:\/\/www.showgroup.it\/blog\/wp-content\/uploads\/2022\/05\/festival-della-risata-2022.jpg","path":"\/sites\/www.showgroup.it\/files\/blog\/wp-content\/uploads\/2022\/05\/festival-della-risata-2022.jpg","size":"full","id":86650,"alt":"festival della risata 2022","pixels":2073600,"type":"image\/jpeg"}],"twitter_card":"summary_large_image","twitter_misc":{"Scritto da":"Benedetta Gatti","Tempo di lettura stimato":"7 minuti"},"schema":{"@context":"https:\/\/schema.org","@graph":[{"@type":"Organization","@id":"https:\/\/www.showgroup.it\/#organization","name":"Showgroup","url":"https:\/\/www.showgroup.it\/","sameAs":["https:\/\/www.facebook.com\/ShowGroupWow\/","https:\/\/www.instagram.com\/showgroupwow\/"],"logo":{"@type":"ImageObject","@id":"https:\/\/www.showgroup.it\/#logo","inLanguage":"it-IT","url":"https:\/\/www.showgroup.it\/blog\/wp-content\/uploads\/2025\/01\/logo-black.svg","contentUrl":"https:\/\/www.showgroup.it\/blog\/wp-content\/uploads\/2025\/01\/logo-black.svg","width":1440,"height":916,"caption":"Showgroup"},"image":{"@id":"https:\/\/www.showgroup.it\/#logo"}},{"@type":"WebSite","@id":"https:\/\/www.showgroup.it\/#website","url":"https:\/\/www.showgroup.it\/","name":"Showgroup - Ready to be WOW!","description":"Il primo portale gratuito dedicato al mondo dello spettacolo.","publisher":{"@id":"https:\/\/www.showgroup.it\/#organization"},"potentialAction":[{"@type":"SearchAction","target":{"@type":"EntryPoint","urlTemplate":"https:\/\/www.showgroup.it\/?s={search_term_string}"},"query-input":"required name=search_term_string"}],"inLanguage":"it-IT"},{"@type":"ImageObject","@id":"https:\/\/www.showgroup.it\/blog\/2022\/05\/04\/festival-della-risata-2022-lucca-cercasi-comici\/#primaryimage","inLanguage":"it-IT","url":"https:\/\/www.showgroup.it\/blog\/wp-content\/uploads\/2022\/05\/festival-della-risata-2022.jpg","contentUrl":"https:\/\/www.showgroup.it\/blog\/wp-content\/uploads\/2022\/05\/festival-della-risata-2022.jpg","width":1920,"height":1080,"caption":"festival della risata 2022"},{"@type":"WebPage","@id":"https:\/\/www.showgroup.it\/blog\/2022\/05\/04\/festival-della-risata-2022-lucca-cercasi-comici\/#webpage","url":"https:\/\/www.showgroup.it\/blog\/2022\/05\/04\/festival-della-risata-2022-lucca-cercasi-comici\/","name":"Festival della Risata 2022: AAA cercasi comici a Lucca! &bull; Showgroup","isPartOf":{"@id":"https:\/\/www.showgroup.it\/#website"},"primaryImageOfPage":{"@id":"https:\/\/www.showgroup.it\/blog\/2022\/05\/04\/festival-della-risata-2022-lucca-cercasi-comici\/#primaryimage"},"datePublished":"2022-05-03T23:01:17+00:00","dateModified":"2025-09-10T14:47:07+00:00","description":"Il Festival della Risata 2022 torna a Lucca, con tanta voglia di far divertire! Al via il bando per i nuovi talenti della comicit\u00e0.","breadcrumb":{"@id":"https:\/\/www.showgroup.it\/blog\/2022\/05\/04\/festival-della-risata-2022-lucca-cercasi-comici\/#breadcrumb"},"inLanguage":"it-IT","potentialAction":[{"@type":"ReadAction","target":["https:\/\/www.showgroup.it\/blog\/2022\/05\/04\/festival-della-risata-2022-lucca-cercasi-comici\/"]}]},{"@type":"BreadcrumbList","@id":"https:\/\/www.showgroup.it\/blog\/2022\/05\/04\/festival-della-risata-2022-lucca-cercasi-comici\/#breadcrumb","itemListElement":[{"@type":"ListItem","position":1,"name":"Home","item":"https:\/\/www.showgroup.it\/blog\/"},{"@type":"ListItem","position":2,"name":"Festival della Risata Lucca 2022: AAA cercasi comici!"}]},{"@type":"Article","@id":"https:\/\/www.showgroup.it\/blog\/2022\/05\/04\/festival-della-risata-2022-lucca-cercasi-comici\/#article","isPartOf":{"@id":"https:\/\/www.showgroup.it\/blog\/2022\/05\/04\/festival-della-risata-2022-lucca-cercasi-comici\/#webpage"},"author":{"@id":"https:\/\/www.showgroup.it\/#\/schema\/person\/9b799d433be4e17451d197175628047a"},"headline":"Festival della Risata Lucca 2022: AAA cercasi comici!","datePublished":"2022-05-03T23:01:17+00:00","dateModified":"2025-09-10T14:47:07+00:00","mainEntityOfPage":{"@id":"https:\/\/www.showgroup.it\/blog\/2022\/05\/04\/festival-della-risata-2022-lucca-cercasi-comici\/#webpage"},"wordCount":1208,"commentCount":0,"publisher":{"@id":"https:\/\/www.showgroup.it\/#organization"},"image":{"@id":"https:\/\/www.showgroup.it\/blog\/2022\/05\/04\/festival-della-risata-2022-lucca-cercasi-comici\/#primaryimage"},"thumbnailUrl":"https:\/\/www.showgroup.it\/blog\/wp-content\/uploads\/2022\/05\/festival-della-risata-2022.jpg","keywords":["animatori","comici","festival della risata","talenti"],"articleSection":["Spettacolo e musica"],"inLanguage":"it-IT","potentialAction":[{"@type":"CommentAction","name":"Comment","target":["https:\/\/www.showgroup.it\/blog\/2022\/05\/04\/festival-della-risata-2022-lucca-cercasi-comici\/#respond"]}]},{"@type":"Person","@id":"https:\/\/www.showgroup.it\/#\/schema\/person\/9b799d433be4e17451d197175628047a","name":"Benedetta Gatti","image":{"@type":"ImageObject","@id":"https:\/\/www.showgroup.it\/#personlogo","inLanguage":"it-IT","url":"https:\/\/secure.gravatar.com\/avatar\/32ceeb7300be30aabe2c84fdaa89eac0?s=96&d=mm&r=g","contentUrl":"https:\/\/secure.gravatar.com\/avatar\/32ceeb7300be30aabe2c84fdaa89eac0?s=96&d=mm&r=g","caption":"Benedetta Gatti"}}]}},"_links":{"self":[{"href":"https:\/\/www.showgroup.it\/blog\/wp-json\/wp\/v2\/posts\/86648"}],"collection":[{"href":"https:\/\/www.showgroup.it\/blog\/wp-json\/wp\/v2\/posts"}],"about":[{"href":"https:\/\/www.showgroup.it\/blog\/wp-json\/wp\/v2\/types\/post"}],"author":[{"embeddable":true,"href":"https:\/\/www.showgroup.it\/blog\/wp-json\/wp\/v2\/users\/5"}],"replies":[{"embeddable":true,"href":"https:\/\/www.showgroup.it\/blog\/wp-json\/wp\/v2\/comments?post=86648"}],"version-history":[{"count":6,"href":"https:\/\/www.showgroup.it\/blog\/wp-json\/wp\/v2\/posts\/86648\/revisions"}],"predecessor-version":[{"id":100179,"href":"https:\/\/www.showgroup.it\/blog\/wp-json\/wp\/v2\/posts\/86648\/revisions\/100179"}],"wp:featuredmedia":[{"embeddable":true,"href":"https:\/\/www.showgroup.it\/blog\/wp-json\/wp\/v2\/media\/86650"}],"wp:attachment":[{"href":"https:\/\/www.showgroup.it\/blog\/wp-json\/wp\/v2\/media?parent=86648"}],"wp:term":[{"taxonomy":"category","embeddable":true,"href":"https:\/\/www.showgroup.it\/blog\/wp-json\/wp\/v2\/categories?post=86648"},{"taxonomy":"post_tag","embeddable":true,"href":"https:\/\/www.showgroup.it\/blog\/wp-json\/wp\/v2\/tags?post=86648"}],"curies":[{"name":"wp","href":"https:\/\/api.w.org\/{rel}","templated":true}]}}