{"id":86760,"date":"2022-05-27T07:40:46","date_gmt":"2022-05-27T05:40:46","guid":{"rendered":"https:\/\/www.showgroup.it\/?p=86760"},"modified":"2025-09-11T10:51:44","modified_gmt":"2025-09-11T08:51:44","slug":"acconciature-per-la-laurea-le-piu-belle-e-alla-moda","status":"publish","type":"post","link":"https:\/\/www.showgroup.it\/blog\/2022\/05\/27\/acconciature-per-la-laurea-le-piu-belle-e-alla-moda\/","title":{"rendered":"Acconciature per la laurea: le pi\u00f9 belle e alla moda"},"content":{"rendered":"<p>La laurea \u00e8 un traguardo importante, che richiede una certa <strong>formalit\u00e0<\/strong> ma comunque lascia spazio alla <strong>creativit\u00e0<\/strong>. La regola \u00e8 quella di trovare un acconciatura per la laurea che sia curata ed elegante ma al contempo <strong>comoda<\/strong>.<\/p>\n<p>Se stai cercando un&#8217;<strong>acconciatura moderna per sembrare molto chic<\/strong>, te ne mostriamo alcune che possono servire da ispirazione.<\/p>\n<h2><a href=\"https:\/\/www.showgroup.it\/\">Le pi\u00f9 belle acconciature per la laurea<\/a><\/h2>\n<p><a href=\"https:\/\/www.showgroup.it\/\"><\/a><\/p>\n<p>Con l&#8217;avvicinarsi di questo giorno tanto atteso, \u00e8 facile sentirsi sopraffatti dall&#8217;ansia e dall&#8217;eccitazione. Avrai molte idee riguardo il <strong>look<\/strong>, l&#8217;<strong>outfit<\/strong> e il <strong>trucco<\/strong>.\u00a0Tuttavia, c&#8217;\u00e8 qualcosa che non puoi trascurare e che \u00e8 anche molto importante per poter sfoggiare un aspetto professionale: l&#8217;acconciatura per la laurea.<\/p>\n<p>Sia che tu abbia i capelli lunghi o corti, in questo articolo troverai diverse opzioni che puoi prendere ad esempio e, magari, anche l&#8217;<a href=\"https:\/\/www.showgroup.it\/vetrine\/hairstylist\/\">hairstylist<\/a> che pu\u00f2 fare al caso tuo in questo giorno cos\u00ec importante!<\/p>\n<h3><a href=\"https:\/\/www.showgroup.it\/\">Capelli sciolti mossi<\/a><\/h3>\n<p>Che tu abbia i capelli lunghi o corti, i capelli sciolti sono un&#8217;altra<strong> tendenza evergreen<\/strong>. La loro popolarit\u00e0 \u00e8 dovuta al fatto che conferiscono un fascino sensuale, elegante e raffinato.<\/p>\n<p>\u00c8 possibile utilizzare un ferro <strong>arricciacapelli<\/strong> o anche una <strong>classica piastra<\/strong> per ottenere questo tipo di acconciatura. Per la dimensione dell&#8217;onda puoi regolarti prendendo grandi ciocche di capelli oppure sezioni pi\u00f9 piccole. Una volta ottenuta la piega, scuotili con le dita.\u00a0Per ottenere un look ispirato agli anni &#8217;40, arriccia solo la met\u00e0 inferiore dei capelli. Infine, puoi <strong>fissarli\u00a0con un po&#8217; di lacca<\/strong> o un forte fissatore in modo che le onde restino al loro posto tutto il giorno.<\/p>\n<p><a href=\"https:\/\/www.showgroup.it\/vetrina\/hairstylist\/un-diavolo-per-capello_c29121\"><\/a><\/p>\n<p>Puoi prendere spunto dalle proposte di <a href=\"https:\/\/www.showgroup.it\/vetrina\/hairstylist\/un-diavolo-per-capello_c29121\">Un diavolo per capello<\/a>, che enfatizza questo stile con ricercate sfumature di colore e tonalit\u00e0 pi\u00f9 decise. Un&#8217;alternativa pu\u00f2 essere quella di impreziosire questo stile con una <strong>treccia<\/strong> che incornicia la parte superiore del viso o la lunghezza.<\/p>\n<h3><a href=\"https:\/\/www.showgroup.it\/\">Capelli raccolti<\/a><\/h3>\n<p>Le acconciature raccolte sono tra gli<strong> stili pi\u00f9 ricercati<\/strong> negli ultimi anni, perch\u00e9 creano un look molto sofisticato. Possono prevedere raccolti alti, bassi o centrali, con ciuffi scomposti o con ciocche intrecciate, come vedremo di seguito.<\/p>\n<p><a href=\"https:\/\/www.showgroup.it\/vetrina\/hairstylist\/exclusive-hair-style_c31286\"><\/a><\/p>\n<p>Questo raccolto proposto da <a href=\"https:\/\/www.showgroup.it\/vetrina\/hairstylist\/exclusive-hair-style_c31286\">Exclusive Hair Style<\/a> viene eseguito alla base della nuca, raccogliendo tutte le ciocche in un <strong>raccolto morbido<\/strong> e apparentemente scomposto. Incorniciano il tutto le ciocche lasciate cadere morbidamente sui lati del viso. Si tratta di un&#8217;acconciatura piuttosto <strong>pratica<\/strong>, che non richiede ritocchi nel corso della giornata, in modo che tutte le tue attenzioni siano rivolte alla discussione della tesi!<\/p>\n<p><a href=\"https:\/\/www.showgroup.it\/vetrina\/hairstylist\/massimoginesilookmaker_c22596\"><\/a><\/p>\n<p>Nella variante proposta da <a href=\"https:\/\/www.showgroup.it\/vetrina\/hairstylist\/massimoginesilookmaker_c22596\">Massimo Ginesi<\/a>, la parte superiore del viso \u00e8 incorniciata da una treccia che d\u00e0 immediato<strong> risalto ai lineamenti<\/strong>. Un&#8217;opzione adatta soprattutto alle lauree estive, quando la temperatura rende difficile portare anche semplici ciocche sciolte.<\/p>\n<p>Il bello dei raccolti (e dei semi-raccolti) \u00e8 che <strong>sfuggono da limiti e regole<\/strong>. Possono essere semplici e complessi, di diverse dimensioni, perfettamente avvitati o raccolti senza molto sforzo. Puoi anche <strong>decorarli<\/strong> con accessori, fiori o cristalli.<\/p>\n<h3><a href=\"https:\/\/www.showgroup.it\/\">Capelli con treccia<\/a><\/h3>\n<p>Le acconciature con trecce sono una tendenza che tutte possiamo sfruttare se la lunghezza dei nostri capelli lo consente. E, se non hai capelli abbastanza lunghi, non devi necessariamente rinunciare a questo stile, ma puoi sempre ricorrere alle <a href=\"https:\/\/beauty.thewom.it\/capelli\/extensions-capelli-costo-modalita-tipologie\" target=\"_blank\" rel=\"noopener\">extension per capelli<\/a>.<\/p>\n<p>La treccia \u00e8 uno stile molto <strong>versatile<\/strong>, che pu\u00f2 essere integrato in un raccolto, in un&#8217;acconciatura con capelli sciolti o pu\u00f2 essere a s\u00e9 stante. Pu\u00f2 risaltare nella sua semplicit\u00e0 se aggiungi dei dettagli eleganti o pi\u00f9 ricercati.<\/p>\n<p><a href=\"https:\/\/www.showgroup.it\/vetrina\/hairstylist\/vp360_c29971\"><\/a><\/p>\n<p>La<strong> treccia laterale<\/strong>, in particolare, risulta sempre elegante e sofisticata, come in questa creazione di<a href=\"https:\/\/www.showgroup.it\/vetrina\/hairstylist\/vp360_c29971\"> Vp 360<\/a>, che realizza una treccia alla francese che attraversa l&#8217;intera lunghezza dei capelli. Si tratta della soluzione ideale per chi \u00e8 alla ricerca di un risultato <strong>sofisticato<\/strong> ma non vuole rinunciare alla <strong>praticit\u00e0<\/strong>.<\/p>\n<h3><a href=\"https:\/\/www.showgroup.it\/\">Chignon<\/a><\/h3>\n<p>Lo chignon \u00e8 l&#8217;<strong>acconciatura femminile per eccellenza<\/strong>. Non passa mai di moda perch\u00e9 si adatta a quasi tutti i visi, conferendo un look moderno, <strong>elegante<\/strong> e <strong>raffinato<\/strong>.\u00a0Tuttavia, c&#8217;\u00e8 una grande variet\u00e0 che pu\u00f2 essere perfetta per ogni occasione.<\/p>\n<p>Anche se questo look pu\u00f2 sembrare complicato, puoi creare facilmente da te uno chignon basico. Raccogli i capelli con le dita e tienili in una coda di cavallo bassa. Non preoccuparti se cadono alcune ciocche di capelli, questo aggiunge ulteriore bellezza. Avvita la coda di cavallo su s\u00e9 stessa fino a formare un grande anello e fissalo con le forcine in posizione.<\/p>\n<p><a href=\"https:\/\/www.showgroup.it\/vetrina\/hairstylist\/ganna_hairstyle_c18516\"><\/a><\/p>\n<p>La chiave per ottenere un&#8217;acconciatura femminile, sofisticata e fluida \u00e8 evitare forme dure e spigolose. Prendi spunto dalla versione di <a href=\"https:\/\/www.showgroup.it\/vetrina\/hairstylist\/ganna_hairstyle_c18516\">Ganna Hairstyle<\/a>, estremamente sofisticata nella sua semplicit\u00e0, che mette in risalto le <strong>raffinate sfumature di colore<\/strong> dei capelli.<\/p>\n<p>C&#8217;\u00e8 un&#8217;enorme variet\u00e0 di stili e tendenze tra cui scegliere, ma ci\u00f2 non significa che siano tutti adatti a te. L&#8217;acconciatura perfetta \u00e8 quella che meglio si adatta alla tua personalit\u00e0, al tipo di capelli, allo stile di abbigliamento e ai tratti del viso. Se vuoi affidarti a mani esperte, scopri i migliori professionisti del settore su <strong>Showgroup<\/strong>! <a href=\"https:\/\/www.showgroup.it\/vetrine\/hairstylist\">Iscriviti e contattali senza impegno<\/a> per trovare l&#8217;acconciatura in grado di valorizzarti al meglio!<\/p>\n","protected":false},"excerpt":{"rendered":"<p>La laurea \u00e8 un traguardo importante, che richiede una certa formalit\u00e0 ma comunque lascia spazio alla creativit\u00e0. La regola \u00e8 [&hellip;]<\/p>\n","protected":false},"author":5,"featured_media":86963,"comment_status":"open","ping_status":"open","sticky":false,"template":"","format":"standard","meta":[],"categories":[665],"tags":[206,276,430,194],"yoast_head":"<!-- This site is optimized with the Yoast SEO plugin v16.9 - https:\/\/yoast.com\/wordpress\/plugins\/seo\/ -->\n<title>Acconciature per la laurea: le pi\u00f9 belle e alla moda &bull; Showgroup<\/title>\n<meta name=\"description\" content=\"Meglio i capelli sciolti o raccolti? Con riga laterale o centrale? Vediamo le tendenze pi\u00f9 interessanti delle acconciature per la laurea.\" \/>\n<meta name=\"robots\" content=\"index, follow, max-snippet:-1, max-image-preview:large, max-video-preview:-1\" \/>\n<link rel=\"canonical\" href=\"https:\/\/www.showgroup.it\/blog\/2022\/05\/27\/acconciature-per-la-laurea-le-piu-belle-e-alla-moda\/\" \/>\n<meta property=\"og:locale\" content=\"it_IT\" \/>\n<meta property=\"og:type\" content=\"article\" \/>\n<meta property=\"og:title\" content=\"Acconciature per la laurea: le pi\u00f9 belle e alla moda &bull; Showgroup\" \/>\n<meta property=\"og:description\" content=\"Meglio i capelli sciolti o raccolti? Con riga laterale o centrale? Vediamo le tendenze pi\u00f9 interessanti delle acconciature per la laurea.\" \/>\n<meta property=\"og:url\" content=\"https:\/\/www.showgroup.it\/blog\/2022\/05\/27\/acconciature-per-la-laurea-le-piu-belle-e-alla-moda\/\" \/>\n<meta property=\"og:site_name\" content=\"Showgroup - Ready to be WOW!\" \/>\n<meta property=\"article:publisher\" content=\"https:\/\/www.facebook.com\/ShowGroupWow\/\" \/>\n<meta property=\"article:published_time\" content=\"2022-05-27T05:40:46+00:00\" \/>\n<meta property=\"article:modified_time\" content=\"2025-09-11T08:51:44+00:00\" \/>\n<meta property=\"og:image\" content=\"https:\/\/www.showgroup.it\/blog\/wp-content\/uploads\/2022\/05\/acconciature-laurea-5.jpg\" \/>\n\t<meta property=\"og:image:width\" content=\"1920\" \/>\n\t<meta property=\"og:image:height\" content=\"1080\" \/>\n<meta name=\"twitter:card\" content=\"summary_large_image\" \/>\n<meta name=\"twitter:label1\" content=\"Scritto da\" \/>\n\t<meta name=\"twitter:data1\" content=\"Benedetta Gatti\" \/>\n\t<meta name=\"twitter:label2\" content=\"Tempo di lettura stimato\" \/>\n\t<meta name=\"twitter:data2\" content=\"5 minuti\" \/>\n<script type=\"application\/ld+json\" class=\"yoast-schema-graph\">{\"@context\":\"https:\/\/schema.org\",\"@graph\":[{\"@type\":\"Organization\",\"@id\":\"https:\/\/www.showgroup.it\/#organization\",\"name\":\"Showgroup\",\"url\":\"https:\/\/www.showgroup.it\/\",\"sameAs\":[\"https:\/\/www.facebook.com\/ShowGroupWow\/\",\"https:\/\/www.instagram.com\/showgroupwow\/\"],\"logo\":{\"@type\":\"ImageObject\",\"@id\":\"https:\/\/www.showgroup.it\/#logo\",\"inLanguage\":\"it-IT\",\"url\":\"https:\/\/www.showgroup.it\/blog\/wp-content\/uploads\/2025\/01\/logo-black.svg\",\"contentUrl\":\"https:\/\/www.showgroup.it\/blog\/wp-content\/uploads\/2025\/01\/logo-black.svg\",\"width\":1440,\"height\":916,\"caption\":\"Showgroup\"},\"image\":{\"@id\":\"https:\/\/www.showgroup.it\/#logo\"}},{\"@type\":\"WebSite\",\"@id\":\"https:\/\/www.showgroup.it\/#website\",\"url\":\"https:\/\/www.showgroup.it\/\",\"name\":\"Showgroup - Ready to be WOW!\",\"description\":\"Il primo portale gratuito dedicato al mondo dello spettacolo.\",\"publisher\":{\"@id\":\"https:\/\/www.showgroup.it\/#organization\"},\"potentialAction\":[{\"@type\":\"SearchAction\",\"target\":{\"@type\":\"EntryPoint\",\"urlTemplate\":\"https:\/\/www.showgroup.it\/?s={search_term_string}\"},\"query-input\":\"required name=search_term_string\"}],\"inLanguage\":\"it-IT\"},{\"@type\":\"ImageObject\",\"@id\":\"https:\/\/www.showgroup.it\/blog\/2022\/05\/27\/acconciature-per-la-laurea-le-piu-belle-e-alla-moda\/#primaryimage\",\"inLanguage\":\"it-IT\",\"url\":\"https:\/\/www.showgroup.it\/blog\/wp-content\/uploads\/2022\/05\/acconciature-laurea-5.jpg\",\"contentUrl\":\"https:\/\/www.showgroup.it\/blog\/wp-content\/uploads\/2022\/05\/acconciature-laurea-5.jpg\",\"width\":1920,\"height\":1080},{\"@type\":\"WebPage\",\"@id\":\"https:\/\/www.showgroup.it\/blog\/2022\/05\/27\/acconciature-per-la-laurea-le-piu-belle-e-alla-moda\/#webpage\",\"url\":\"https:\/\/www.showgroup.it\/blog\/2022\/05\/27\/acconciature-per-la-laurea-le-piu-belle-e-alla-moda\/\",\"name\":\"Acconciature per la laurea: le pi\\u00f9 belle e alla moda &bull; Showgroup\",\"isPartOf\":{\"@id\":\"https:\/\/www.showgroup.it\/#website\"},\"primaryImageOfPage\":{\"@id\":\"https:\/\/www.showgroup.it\/blog\/2022\/05\/27\/acconciature-per-la-laurea-le-piu-belle-e-alla-moda\/#primaryimage\"},\"datePublished\":\"2022-05-27T05:40:46+00:00\",\"dateModified\":\"2025-09-11T08:51:44+00:00\",\"description\":\"Meglio i capelli sciolti o raccolti? Con riga laterale o centrale? Vediamo le tendenze pi\\u00f9 interessanti delle acconciature per la laurea.\",\"breadcrumb\":{\"@id\":\"https:\/\/www.showgroup.it\/blog\/2022\/05\/27\/acconciature-per-la-laurea-le-piu-belle-e-alla-moda\/#breadcrumb\"},\"inLanguage\":\"it-IT\",\"potentialAction\":[{\"@type\":\"ReadAction\",\"target\":[\"https:\/\/www.showgroup.it\/blog\/2022\/05\/27\/acconciature-per-la-laurea-le-piu-belle-e-alla-moda\/\"]}]},{\"@type\":\"BreadcrumbList\",\"@id\":\"https:\/\/www.showgroup.it\/blog\/2022\/05\/27\/acconciature-per-la-laurea-le-piu-belle-e-alla-moda\/#breadcrumb\",\"itemListElement\":[{\"@type\":\"ListItem\",\"position\":1,\"name\":\"Home\",\"item\":\"https:\/\/www.showgroup.it\/blog\/\"},{\"@type\":\"ListItem\",\"position\":2,\"name\":\"Acconciature per la laurea: le pi\\u00f9 belle e alla moda\"}]},{\"@type\":\"Article\",\"@id\":\"https:\/\/www.showgroup.it\/blog\/2022\/05\/27\/acconciature-per-la-laurea-le-piu-belle-e-alla-moda\/#article\",\"isPartOf\":{\"@id\":\"https:\/\/www.showgroup.it\/blog\/2022\/05\/27\/acconciature-per-la-laurea-le-piu-belle-e-alla-moda\/#webpage\"},\"author\":{\"@id\":\"https:\/\/www.showgroup.it\/#\/schema\/person\/9b799d433be4e17451d197175628047a\"},\"headline\":\"Acconciature per la laurea: le pi\\u00f9 belle e alla moda\",\"datePublished\":\"2022-05-27T05:40:46+00:00\",\"dateModified\":\"2025-09-11T08:51:44+00:00\",\"mainEntityOfPage\":{\"@id\":\"https:\/\/www.showgroup.it\/blog\/2022\/05\/27\/acconciature-per-la-laurea-le-piu-belle-e-alla-moda\/#webpage\"},\"wordCount\":816,\"commentCount\":0,\"publisher\":{\"@id\":\"https:\/\/www.showgroup.it\/#organization\"},\"image\":{\"@id\":\"https:\/\/www.showgroup.it\/blog\/2022\/05\/27\/acconciature-per-la-laurea-le-piu-belle-e-alla-moda\/#primaryimage\"},\"thumbnailUrl\":\"https:\/\/www.showgroup.it\/blog\/wp-content\/uploads\/2022\/05\/acconciature-laurea-5.jpg\",\"keywords\":[\"laurea\",\"evento\",\"look\",\"festa\"],\"articleSection\":[\"Bellezza e immagine\"],\"inLanguage\":\"it-IT\",\"potentialAction\":[{\"@type\":\"CommentAction\",\"name\":\"Comment\",\"target\":[\"https:\/\/www.showgroup.it\/blog\/2022\/05\/27\/acconciature-per-la-laurea-le-piu-belle-e-alla-moda\/#respond\"]}]},{\"@type\":\"Person\",\"@id\":\"https:\/\/www.showgroup.it\/#\/schema\/person\/9b799d433be4e17451d197175628047a\",\"name\":\"Benedetta Gatti\",\"image\":{\"@type\":\"ImageObject\",\"@id\":\"https:\/\/www.showgroup.it\/#personlogo\",\"inLanguage\":\"it-IT\",\"url\":\"https:\/\/secure.gravatar.com\/avatar\/32ceeb7300be30aabe2c84fdaa89eac0?s=96&d=mm&r=g\",\"contentUrl\":\"https:\/\/secure.gravatar.com\/avatar\/32ceeb7300be30aabe2c84fdaa89eac0?s=96&d=mm&r=g\",\"caption\":\"Benedetta Gatti\"}}]}<\/script>\n<!-- \/ Yoast SEO plugin. -->","yoast_head_json":{"title":"Acconciature per la laurea: le pi\u00f9 belle e alla moda &bull; Showgroup","description":"Meglio i capelli sciolti o raccolti? Con riga laterale o centrale? Vediamo le tendenze pi\u00f9 interessanti delle acconciature per la laurea.","robots":{"index":"index","follow":"follow","max-snippet":"max-snippet:-1","max-image-preview":"max-image-preview:large","max-video-preview":"max-video-preview:-1"},"canonical":"https:\/\/www.showgroup.it\/blog\/2022\/05\/27\/acconciature-per-la-laurea-le-piu-belle-e-alla-moda\/","og_locale":"it_IT","og_type":"article","og_title":"Acconciature per la laurea: le pi\u00f9 belle e alla moda &bull; Showgroup","og_description":"Meglio i capelli sciolti o raccolti? Con riga laterale o centrale? Vediamo le tendenze pi\u00f9 interessanti delle acconciature per la laurea.","og_url":"https:\/\/www.showgroup.it\/blog\/2022\/05\/27\/acconciature-per-la-laurea-le-piu-belle-e-alla-moda\/","og_site_name":"Showgroup - Ready to be WOW!","article_publisher":"https:\/\/www.facebook.com\/ShowGroupWow\/","article_published_time":"2022-05-27T05:40:46+00:00","article_modified_time":"2025-09-11T08:51:44+00:00","og_image":[{"width":1920,"height":1080,"filesize":108886,"url":"https:\/\/www.showgroup.it\/blog\/wp-content\/uploads\/2022\/05\/acconciature-laurea-5.jpg","path":"\/sites\/www.showgroup.it\/files\/blog\/wp-content\/uploads\/2022\/05\/acconciature-laurea-5.jpg","size":"full","id":86963,"alt":"","pixels":2073600,"type":"image\/jpeg"}],"twitter_card":"summary_large_image","twitter_misc":{"Scritto da":"Benedetta Gatti","Tempo di lettura stimato":"5 minuti"},"schema":{"@context":"https:\/\/schema.org","@graph":[{"@type":"Organization","@id":"https:\/\/www.showgroup.it\/#organization","name":"Showgroup","url":"https:\/\/www.showgroup.it\/","sameAs":["https:\/\/www.facebook.com\/ShowGroupWow\/","https:\/\/www.instagram.com\/showgroupwow\/"],"logo":{"@type":"ImageObject","@id":"https:\/\/www.showgroup.it\/#logo","inLanguage":"it-IT","url":"https:\/\/www.showgroup.it\/blog\/wp-content\/uploads\/2025\/01\/logo-black.svg","contentUrl":"https:\/\/www.showgroup.it\/blog\/wp-content\/uploads\/2025\/01\/logo-black.svg","width":1440,"height":916,"caption":"Showgroup"},"image":{"@id":"https:\/\/www.showgroup.it\/#logo"}},{"@type":"WebSite","@id":"https:\/\/www.showgroup.it\/#website","url":"https:\/\/www.showgroup.it\/","name":"Showgroup - Ready to be WOW!","description":"Il primo portale gratuito dedicato al mondo dello spettacolo.","publisher":{"@id":"https:\/\/www.showgroup.it\/#organization"},"potentialAction":[{"@type":"SearchAction","target":{"@type":"EntryPoint","urlTemplate":"https:\/\/www.showgroup.it\/?s={search_term_string}"},"query-input":"required name=search_term_string"}],"inLanguage":"it-IT"},{"@type":"ImageObject","@id":"https:\/\/www.showgroup.it\/blog\/2022\/05\/27\/acconciature-per-la-laurea-le-piu-belle-e-alla-moda\/#primaryimage","inLanguage":"it-IT","url":"https:\/\/www.showgroup.it\/blog\/wp-content\/uploads\/2022\/05\/acconciature-laurea-5.jpg","contentUrl":"https:\/\/www.showgroup.it\/blog\/wp-content\/uploads\/2022\/05\/acconciature-laurea-5.jpg","width":1920,"height":1080},{"@type":"WebPage","@id":"https:\/\/www.showgroup.it\/blog\/2022\/05\/27\/acconciature-per-la-laurea-le-piu-belle-e-alla-moda\/#webpage","url":"https:\/\/www.showgroup.it\/blog\/2022\/05\/27\/acconciature-per-la-laurea-le-piu-belle-e-alla-moda\/","name":"Acconciature per la laurea: le pi\u00f9 belle e alla moda &bull; Showgroup","isPartOf":{"@id":"https:\/\/www.showgroup.it\/#website"},"primaryImageOfPage":{"@id":"https:\/\/www.showgroup.it\/blog\/2022\/05\/27\/acconciature-per-la-laurea-le-piu-belle-e-alla-moda\/#primaryimage"},"datePublished":"2022-05-27T05:40:46+00:00","dateModified":"2025-09-11T08:51:44+00:00","description":"Meglio i capelli sciolti o raccolti? Con riga laterale o centrale? Vediamo le tendenze pi\u00f9 interessanti delle acconciature per la laurea.","breadcrumb":{"@id":"https:\/\/www.showgroup.it\/blog\/2022\/05\/27\/acconciature-per-la-laurea-le-piu-belle-e-alla-moda\/#breadcrumb"},"inLanguage":"it-IT","potentialAction":[{"@type":"ReadAction","target":["https:\/\/www.showgroup.it\/blog\/2022\/05\/27\/acconciature-per-la-laurea-le-piu-belle-e-alla-moda\/"]}]},{"@type":"BreadcrumbList","@id":"https:\/\/www.showgroup.it\/blog\/2022\/05\/27\/acconciature-per-la-laurea-le-piu-belle-e-alla-moda\/#breadcrumb","itemListElement":[{"@type":"ListItem","position":1,"name":"Home","item":"https:\/\/www.showgroup.it\/blog\/"},{"@type":"ListItem","position":2,"name":"Acconciature per la laurea: le pi\u00f9 belle e alla moda"}]},{"@type":"Article","@id":"https:\/\/www.showgroup.it\/blog\/2022\/05\/27\/acconciature-per-la-laurea-le-piu-belle-e-alla-moda\/#article","isPartOf":{"@id":"https:\/\/www.showgroup.it\/blog\/2022\/05\/27\/acconciature-per-la-laurea-le-piu-belle-e-alla-moda\/#webpage"},"author":{"@id":"https:\/\/www.showgroup.it\/#\/schema\/person\/9b799d433be4e17451d197175628047a"},"headline":"Acconciature per la laurea: le pi\u00f9 belle e alla moda","datePublished":"2022-05-27T05:40:46+00:00","dateModified":"2025-09-11T08:51:44+00:00","mainEntityOfPage":{"@id":"https:\/\/www.showgroup.it\/blog\/2022\/05\/27\/acconciature-per-la-laurea-le-piu-belle-e-alla-moda\/#webpage"},"wordCount":816,"commentCount":0,"publisher":{"@id":"https:\/\/www.showgroup.it\/#organization"},"image":{"@id":"https:\/\/www.showgroup.it\/blog\/2022\/05\/27\/acconciature-per-la-laurea-le-piu-belle-e-alla-moda\/#primaryimage"},"thumbnailUrl":"https:\/\/www.showgroup.it\/blog\/wp-content\/uploads\/2022\/05\/acconciature-laurea-5.jpg","keywords":["laurea","evento","look","festa"],"articleSection":["Bellezza e immagine"],"inLanguage":"it-IT","potentialAction":[{"@type":"CommentAction","name":"Comment","target":["https:\/\/www.showgroup.it\/blog\/2022\/05\/27\/acconciature-per-la-laurea-le-piu-belle-e-alla-moda\/#respond"]}]},{"@type":"Person","@id":"https:\/\/www.showgroup.it\/#\/schema\/person\/9b799d433be4e17451d197175628047a","name":"Benedetta Gatti","image":{"@type":"ImageObject","@id":"https:\/\/www.showgroup.it\/#personlogo","inLanguage":"it-IT","url":"https:\/\/secure.gravatar.com\/avatar\/32ceeb7300be30aabe2c84fdaa89eac0?s=96&d=mm&r=g","contentUrl":"https:\/\/secure.gravatar.com\/avatar\/32ceeb7300be30aabe2c84fdaa89eac0?s=96&d=mm&r=g","caption":"Benedetta Gatti"}}]}},"_links":{"self":[{"href":"https:\/\/www.showgroup.it\/blog\/wp-json\/wp\/v2\/posts\/86760"}],"collection":[{"href":"https:\/\/www.showgroup.it\/blog\/wp-json\/wp\/v2\/posts"}],"about":[{"href":"https:\/\/www.showgroup.it\/blog\/wp-json\/wp\/v2\/types\/post"}],"author":[{"embeddable":true,"href":"https:\/\/www.showgroup.it\/blog\/wp-json\/wp\/v2\/users\/5"}],"replies":[{"embeddable":true,"href":"https:\/\/www.showgroup.it\/blog\/wp-json\/wp\/v2\/comments?post=86760"}],"version-history":[{"count":8,"href":"https:\/\/www.showgroup.it\/blog\/wp-json\/wp\/v2\/posts\/86760\/revisions"}],"predecessor-version":[{"id":100284,"href":"https:\/\/www.showgroup.it\/blog\/wp-json\/wp\/v2\/posts\/86760\/revisions\/100284"}],"wp:featuredmedia":[{"embeddable":true,"href":"https:\/\/www.showgroup.it\/blog\/wp-json\/wp\/v2\/media\/86963"}],"wp:attachment":[{"href":"https:\/\/www.showgroup.it\/blog\/wp-json\/wp\/v2\/media?parent=86760"}],"wp:term":[{"taxonomy":"category","embeddable":true,"href":"https:\/\/www.showgroup.it\/blog\/wp-json\/wp\/v2\/categories?post=86760"},{"taxonomy":"post_tag","embeddable":true,"href":"https:\/\/www.showgroup.it\/blog\/wp-json\/wp\/v2\/tags?post=86760"}],"curies":[{"name":"wp","href":"https:\/\/api.w.org\/{rel}","templated":true}]}}