{"id":86888,"date":"2022-05-24T09:52:48","date_gmt":"2022-05-24T07:52:48","guid":{"rendered":"https:\/\/www.showgroup.it\/?p=86888"},"modified":"2025-05-29T09:52:08","modified_gmt":"2025-05-29T07:52:08","slug":"world-aperitivo-day-prima-edizione","status":"publish","type":"post","link":"https:\/\/www.showgroup.it\/blog\/2022\/05\/24\/world-aperitivo-day-prima-edizione\/","title":{"rendered":"World Aperitivo Day: appuntamento il 26 maggio a Milano"},"content":{"rendered":"<p>Ogni eccellenza merita di essere festeggiata e, dopo il <a href=\"https:\/\/www.showgroup.it\/blog\/2022\/04\/06\/carbonara-day-la-ricetta-perfetta-per-omaggiare-questo-piatto\/\">carbonara day<\/a> e il <a href=\"https:\/\/www.showgroup.it\/blog\/2022\/04\/04\/gin-tonic-day-la-ricetta-perfetta-per-omaggiare-questo-drink\/\">gin tonic day<\/a>, \u00e8 il turno di uno dei rituali pi\u00f9 simbolici della convivialit\u00e0 italiana: quello dell&#8217;<strong>aperitivo<\/strong>. Quest&#8217;iconico momento verr\u00e0 celebrato il <strong>26 maggio<\/strong> con la <strong>prima edizione del World Aperitivo Day<\/strong>, un&#8217;occasione unica per tutti gli amanti delle bollicine e degli attori del mondo della somministrazione.<\/p>\n<p>Teatro dell&#8217;evento sar\u00e0 <strong>Milano<\/strong>, capitale morale dell&#8217;aperitivo, con una serie di eventi che coinvolgeranno amatori e addetti ai lavori. Pronto a brindare?<\/p>\n<h2><a href=\"https:\/\/www.showgroup.it\/\">Il programma dell&#8217;evento<\/a><\/h2>\n<p><a href=\"https:\/\/www.showgroup.it\/\"><img loading=\"lazy\" class=\"alignnone wp-image-86894 size-full\" src=\"https:\/\/www.showgroup.it\/blog\/wp-content\/uploads\/2022\/05\/world-aperitivo-day-2022-4.jpg\" alt=\"persone che brindano\" width=\"1920\" height=\"1080\" srcset=\"https:\/\/www.showgroup.it\/blog\/wp-content\/uploads\/2022\/05\/world-aperitivo-day-2022-4.jpg 1920w, https:\/\/www.showgroup.it\/blog\/wp-content\/uploads\/2022\/05\/world-aperitivo-day-2022-4-300x169.jpg 300w, https:\/\/www.showgroup.it\/blog\/wp-content\/uploads\/2022\/05\/world-aperitivo-day-2022-4-1024x576.jpg 1024w, https:\/\/www.showgroup.it\/blog\/wp-content\/uploads\/2022\/05\/world-aperitivo-day-2022-4-768x432.jpg 768w, https:\/\/www.showgroup.it\/blog\/wp-content\/uploads\/2022\/05\/world-aperitivo-day-2022-4-1536x864.jpg 1536w\" sizes=\"(max-width: 1920px) 100vw, 1920px\" \/><\/a><\/p>\n<p>La <strong>Fondazione Feltrinelli<\/strong>, in via Pasubio 5, ospiter\u00e0 la prima edizione del World Aperitivo Day, offrendo un ricco programma di attivit\u00e0, incentrato su momenti di incontro, degustazioni,\u00a0creazioni realizzate da grandi <a href=\"https:\/\/www.showgroup.it\/vetrine\/chef\">chef<\/a>, <a href=\"https:\/\/www.showgroup.it\/vetrine\/barman\/tags__basic-bartender\">barman<\/a> e abbinamenti studiati da sommelier e gastronomi.<\/p>\n<p>Gran parte della giornata \u00e8 <strong>rivolta agli operatori del settore<\/strong>: a partire dalle 10, chef e bartender prenderanno parte a un dibattito sulla\u00a0dimensione sociale e di lifestyle dell\u2019Aperitivo, nell\u2019Aperitivo pre pranzo sar\u00e0 possibile assaggiare i primi abbinamenti proposti dai Consorzi e dai brand partner del Progetto.<\/p>\n<p>A partire dalle 15 si svolger\u00e0 il <strong>Masterclass &#8220;Aperitivo Master&#8221;<\/strong>, una vera e propria scuola durante la quale i partner dell&#8217;evento inviteranno i professionisti del settore a\u00a0scoprire i migliori abbinamenti con i loro prodotti, sotto la guida di autorevoli chef, barman, mixologist ed esperti del settore.<\/p>\n<p>Dalle 19 alle 22.30, gli spazi si aprono agli appassionati, che potranno scoprire l&#8217;aperitivo da un altro punto di vista, tramite assaggi firmati da grandi barman, chef e sommelier. Due sono i <strong>percorsi gastronomici previsti per i partecipanti<\/strong>: una proposta dedicata all&#8217;aperitivo fuori casa e una\u00a0\u201cCasa dell\u2019Aperitivo\u201d che ospiter\u00e0 le proposte di degustazione e abbinamento dedicate al consumo domestico.<\/p>\n<p>Ma cocktail, bollicine e <i>amuse bouche\u00a0<\/i>saranno i protagonisti anche sui canali social: grazie all&#8217;<strong>hashtag #WorldAperitivoDay<\/strong>, il pubblico \u00e8 invitato a raccontare la propria interpretazione dell\u2019Aperitivo ideale.<\/p>\n<p>Inoltre, a partire dal 2023 l\u2019Aperitivo diventa anche un<strong> festival itinerante<\/strong> che viagger\u00e0 nelle grandi capitali mondiali per portare i grandi prodotti, la creativit\u00e0 e il lifestyle italiano nel mondo.<\/p>\n<p>La manifestazione \u00e8 promossa da <strong>MWW Group<\/strong>, il gruppo di comunicazione ed eventi specializzato in format per valorizzare il mondo dell\u2019agro-alimentare, gi\u00e0 autore della Milano Wine Week e Milano Food Week. Ambassador dell&#8217;evento saranno gli chef <strong>Andrea Berton, Daniel Canzian<\/strong> e <strong>Viviana Varese<\/strong> e il barman <strong>Filippo Sisti<\/strong>.<\/p>\n<h2><a href=\"https:\/\/www.showgroup.it\/\">Il &#8220;Manifesto dell&#8217;Aperitivo&#8221;<\/a><\/h2>\n<p><a href=\"https:\/\/www.showgroup.it\/\"><img loading=\"lazy\" class=\"alignnone wp-image-86892 size-full\" src=\"https:\/\/www.showgroup.it\/blog\/wp-content\/uploads\/2022\/05\/world-aperitivo-day-2022-2.jpg\" alt=\"aperitivo con snack\" width=\"1920\" height=\"1080\" srcset=\"https:\/\/www.showgroup.it\/blog\/wp-content\/uploads\/2022\/05\/world-aperitivo-day-2022-2.jpg 1920w, https:\/\/www.showgroup.it\/blog\/wp-content\/uploads\/2022\/05\/world-aperitivo-day-2022-2-300x169.jpg 300w, https:\/\/www.showgroup.it\/blog\/wp-content\/uploads\/2022\/05\/world-aperitivo-day-2022-2-1024x576.jpg 1024w, https:\/\/www.showgroup.it\/blog\/wp-content\/uploads\/2022\/05\/world-aperitivo-day-2022-2-768x432.jpg 768w, https:\/\/www.showgroup.it\/blog\/wp-content\/uploads\/2022\/05\/world-aperitivo-day-2022-2-1536x864.jpg 1536w\" sizes=\"(max-width: 1920px) 100vw, 1920px\" \/><\/a><\/p>\n<p>Per l&#8217;occasione verr\u00e0 appositamente redatto il &#8220;<strong>Manifesto dell&#8217;Aperitivo<\/strong>&#8220;, che vedr\u00e0 la collaborazione di istituzioni, associazioni dei consumatori e i principali operatori del mondo della ristorazione e della mixology. Tra i firmatari anche gli chef Andrea Berton, Daniel Canzian e Viviana Varese.<\/p>\n<p>Si tratta di un decalogo che delinea i <strong>valori fondanti di questo cerimoniale quotidiano dell&#8217;italianit\u00e0<\/strong>, tipicamente italiani, che deve prevedere, in primis, un abbinamento tra bere e qualcosa da stuzzicare.<\/p>\n<p>In primis, ad essere definito aperitivo sar\u00e0 quello <strong>consumato fuori oppure consumato in casa<\/strong>, nel bar o locale di tendenza come nel ristorante pre-cena, se assume connotati comuni che lo circoscrivono e caratterizzano, dandogli una sorta di sigillo di autenticit\u00e0 della tradizione ma anche della innovazione italiana.<\/p>\n<p>Risulta di primaria importanza l&#8217;<strong>utilizzo di prodotti Made in Italy<\/strong>, con un&#8217;attenzione particolare al patrimonio enogastronomico regionale, senza trascurare abbinamenti con prodotti provenienti da tradizioni estere. Almeno il 50% degli ingredienti che compongono l&#8217;abbinamento deve essere rappresentato dai prodotti italiani.<\/p>\n<p><strong>Viviana Varese<\/strong>, chef del Ristorante Viva commenta: \u201c<em>L\u2019Aperitivo \u00e8 condivisione e occasione di scambio, \u00e8 il benvenuto della serata. \u00c8 un inizio, \u00e8 l\u2019amicizia a Milano. \u00c8 uno stuzzico da accompagnare al drink preferito. Inoltre, fa parte di una rivoluzione enogastronomica del consumo del quale bisogna tenere conto. All\u2019interno di ristoranti avviene gi\u00e0 questa valorizzazione del cibo insieme al bere, tenendo ben conto dei fattori qualitativi e quantitativi<\/em>\u201d.<\/p>\n<h2><a href=\"https:\/\/www.showgroup.it\/\">Come partecipare al World Aperitivo Day<\/a><\/h2>\n<p><a href=\"https:\/\/www.showgroup.it\/\"><img loading=\"lazy\" class=\"alignnone wp-image-86893 size-full\" src=\"https:\/\/www.showgroup.it\/blog\/wp-content\/uploads\/2022\/05\/world-aperitivo-day-2022-3.jpg\" alt=\"bartender\" width=\"1920\" height=\"1080\" srcset=\"https:\/\/www.showgroup.it\/blog\/wp-content\/uploads\/2022\/05\/world-aperitivo-day-2022-3.jpg 1920w, https:\/\/www.showgroup.it\/blog\/wp-content\/uploads\/2022\/05\/world-aperitivo-day-2022-3-300x169.jpg 300w, https:\/\/www.showgroup.it\/blog\/wp-content\/uploads\/2022\/05\/world-aperitivo-day-2022-3-1024x576.jpg 1024w, https:\/\/www.showgroup.it\/blog\/wp-content\/uploads\/2022\/05\/world-aperitivo-day-2022-3-768x432.jpg 768w, https:\/\/www.showgroup.it\/blog\/wp-content\/uploads\/2022\/05\/world-aperitivo-day-2022-3-1536x864.jpg 1536w\" sizes=\"(max-width: 1920px) 100vw, 1920px\" \/><\/a><\/p>\n<p>Per partecipare al World Aperitivo Day \u00e8 necessario <strong>compilare l&#8217;apposito form<\/strong> presente sul sito ufficiale dell&#8217;evento, <a href=\"https:\/\/aperitivofestival.com\/\" target=\"_blank\" rel=\"noopener\">cliccando qui<\/a>. I posti disponibili per le attivit\u00e0 in programma sono limitati, sia per quanto riguarda quelle riservate agli operatori che quelle destinate al pubblico consumatore. Le iscrizioni verranno automaticamente chiuse al raggiungimento del numero dei partecipanti.<\/p>\n<h2><a href=\"https:\/\/www.showgroup.it\/\">Sei alla ricerca di un aperitivo diverso dal solito?<\/a><\/h2>\n<p><a href=\"https:\/\/www.showgroup.it\/\"><img loading=\"lazy\" class=\"alignnone wp-image-86895 size-full\" src=\"https:\/\/www.showgroup.it\/blog\/wp-content\/uploads\/2022\/05\/world-aperitivo-day.jpg\" alt=\"bartender\" width=\"1920\" height=\"1080\" srcset=\"https:\/\/www.showgroup.it\/blog\/wp-content\/uploads\/2022\/05\/world-aperitivo-day.jpg 1920w, https:\/\/www.showgroup.it\/blog\/wp-content\/uploads\/2022\/05\/world-aperitivo-day-300x169.jpg 300w, https:\/\/www.showgroup.it\/blog\/wp-content\/uploads\/2022\/05\/world-aperitivo-day-1024x576.jpg 1024w, https:\/\/www.showgroup.it\/blog\/wp-content\/uploads\/2022\/05\/world-aperitivo-day-768x432.jpg 768w, https:\/\/www.showgroup.it\/blog\/wp-content\/uploads\/2022\/05\/world-aperitivo-day-1536x864.jpg 1536w\" sizes=\"(max-width: 1920px) 100vw, 1920px\" \/><\/a><\/p>\n<p>Su <strong>Showgroup<\/strong> puoi trovare il professionista del Food&amp;Beverage pi\u00f9 adatto all&#8217;evento che stai organizzando, soprattutto <a href=\"https:\/\/www.showgroup.it\/vetrine\/barman\/tags__basic-bartender_executive-bartender_extreme-flair_freestyle_speed-round?\">barman <\/a>e <a href=\"https:\/\/www.showgroup.it\/vetrine\/chef\">chef<\/a>, tra i pi\u00f9 apprezzati del settore! Consulta le vetrine per richiedere la disponibilit\u00e0 e un preventivo gratuito!<\/p>\n","protected":false},"excerpt":{"rendered":"<p>Ogni eccellenza merita di essere festeggiata e, dopo il carbonara day e il gin tonic day, \u00e8 il turno di [&hellip;]<\/p>\n","protected":false},"author":5,"featured_media":86897,"comment_status":"open","ping_status":"open","sticky":false,"template":"","format":"standard","meta":[],"categories":[661],"tags":[221,276,486,487,488],"yoast_head":"<!-- This site is optimized with the Yoast SEO plugin v16.9 - https:\/\/yoast.com\/wordpress\/plugins\/seo\/ -->\n<title>World Aperitivo Day: appuntamento il 26 maggio a Milano &bull; Showgroup<\/title>\n<meta name=\"description\" content=\"Pronti a brindare nella capitale dell&#039;aperitivo? Il 26 maggio Milano ospiter\u00e0 la prima edizione del World Aperitivo Day con tanti eventi!\" \/>\n<meta name=\"robots\" content=\"index, follow, max-snippet:-1, max-image-preview:large, max-video-preview:-1\" \/>\n<link rel=\"canonical\" href=\"https:\/\/www.showgroup.it\/blog\/2022\/05\/24\/world-aperitivo-day-prima-edizione\/\" \/>\n<meta property=\"og:locale\" content=\"it_IT\" \/>\n<meta property=\"og:type\" content=\"article\" \/>\n<meta property=\"og:title\" content=\"World Aperitivo Day: appuntamento il 26 maggio a Milano &bull; Showgroup\" \/>\n<meta property=\"og:description\" content=\"Pronti a brindare nella capitale dell&#039;aperitivo? Il 26 maggio Milano ospiter\u00e0 la prima edizione del World Aperitivo Day con tanti eventi!\" \/>\n<meta property=\"og:url\" content=\"https:\/\/www.showgroup.it\/blog\/2022\/05\/24\/world-aperitivo-day-prima-edizione\/\" \/>\n<meta property=\"og:site_name\" content=\"Showgroup - Ready to be WOW!\" \/>\n<meta property=\"article:publisher\" content=\"https:\/\/www.facebook.com\/ShowGroupWow\/\" \/>\n<meta property=\"article:published_time\" content=\"2022-05-24T07:52:48+00:00\" \/>\n<meta property=\"article:modified_time\" content=\"2025-05-29T07:52:08+00:00\" \/>\n<meta property=\"og:image\" content=\"https:\/\/www.showgroup.it\/blog\/wp-content\/uploads\/2022\/05\/World-Aperitivo-Day-2022.jpg\" \/>\n\t<meta property=\"og:image:width\" content=\"1920\" \/>\n\t<meta property=\"og:image:height\" content=\"1080\" \/>\n<meta name=\"twitter:card\" content=\"summary_large_image\" \/>\n<meta name=\"twitter:label1\" content=\"Scritto da\" \/>\n\t<meta name=\"twitter:data1\" content=\"Benedetta Gatti\" \/>\n\t<meta name=\"twitter:label2\" content=\"Tempo di lettura stimato\" \/>\n\t<meta name=\"twitter:data2\" content=\"4 minuti\" \/>\n<script type=\"application\/ld+json\" class=\"yoast-schema-graph\">{\"@context\":\"https:\/\/schema.org\",\"@graph\":[{\"@type\":\"Organization\",\"@id\":\"https:\/\/www.showgroup.it\/#organization\",\"name\":\"Showgroup\",\"url\":\"https:\/\/www.showgroup.it\/\",\"sameAs\":[\"https:\/\/www.facebook.com\/ShowGroupWow\/\",\"https:\/\/www.instagram.com\/showgroupwow\/\"],\"logo\":{\"@type\":\"ImageObject\",\"@id\":\"https:\/\/www.showgroup.it\/#logo\",\"inLanguage\":\"it-IT\",\"url\":\"https:\/\/www.showgroup.it\/blog\/wp-content\/uploads\/2025\/01\/logo-black.svg\",\"contentUrl\":\"https:\/\/www.showgroup.it\/blog\/wp-content\/uploads\/2025\/01\/logo-black.svg\",\"width\":1440,\"height\":916,\"caption\":\"Showgroup\"},\"image\":{\"@id\":\"https:\/\/www.showgroup.it\/#logo\"}},{\"@type\":\"WebSite\",\"@id\":\"https:\/\/www.showgroup.it\/#website\",\"url\":\"https:\/\/www.showgroup.it\/\",\"name\":\"Showgroup - Ready to be WOW!\",\"description\":\"Il primo portale gratuito dedicato al mondo dello spettacolo.\",\"publisher\":{\"@id\":\"https:\/\/www.showgroup.it\/#organization\"},\"potentialAction\":[{\"@type\":\"SearchAction\",\"target\":{\"@type\":\"EntryPoint\",\"urlTemplate\":\"https:\/\/www.showgroup.it\/?s={search_term_string}\"},\"query-input\":\"required name=search_term_string\"}],\"inLanguage\":\"it-IT\"},{\"@type\":\"ImageObject\",\"@id\":\"https:\/\/www.showgroup.it\/blog\/2022\/05\/24\/world-aperitivo-day-prima-edizione\/#primaryimage\",\"inLanguage\":\"it-IT\",\"url\":\"https:\/\/www.showgroup.it\/blog\/wp-content\/uploads\/2022\/05\/World-Aperitivo-Day-2022.jpg\",\"contentUrl\":\"https:\/\/www.showgroup.it\/blog\/wp-content\/uploads\/2022\/05\/World-Aperitivo-Day-2022.jpg\",\"width\":1920,\"height\":1080},{\"@type\":\"WebPage\",\"@id\":\"https:\/\/www.showgroup.it\/blog\/2022\/05\/24\/world-aperitivo-day-prima-edizione\/#webpage\",\"url\":\"https:\/\/www.showgroup.it\/blog\/2022\/05\/24\/world-aperitivo-day-prima-edizione\/\",\"name\":\"World Aperitivo Day: appuntamento il 26 maggio a Milano &bull; Showgroup\",\"isPartOf\":{\"@id\":\"https:\/\/www.showgroup.it\/#website\"},\"primaryImageOfPage\":{\"@id\":\"https:\/\/www.showgroup.it\/blog\/2022\/05\/24\/world-aperitivo-day-prima-edizione\/#primaryimage\"},\"datePublished\":\"2022-05-24T07:52:48+00:00\",\"dateModified\":\"2025-05-29T07:52:08+00:00\",\"description\":\"Pronti a brindare nella capitale dell'aperitivo? Il 26 maggio Milano ospiter\\u00e0 la prima edizione del World Aperitivo Day con tanti eventi!\",\"breadcrumb\":{\"@id\":\"https:\/\/www.showgroup.it\/blog\/2022\/05\/24\/world-aperitivo-day-prima-edizione\/#breadcrumb\"},\"inLanguage\":\"it-IT\",\"potentialAction\":[{\"@type\":\"ReadAction\",\"target\":[\"https:\/\/www.showgroup.it\/blog\/2022\/05\/24\/world-aperitivo-day-prima-edizione\/\"]}]},{\"@type\":\"BreadcrumbList\",\"@id\":\"https:\/\/www.showgroup.it\/blog\/2022\/05\/24\/world-aperitivo-day-prima-edizione\/#breadcrumb\",\"itemListElement\":[{\"@type\":\"ListItem\",\"position\":1,\"name\":\"Home\",\"item\":\"https:\/\/www.showgroup.it\/blog\/\"},{\"@type\":\"ListItem\",\"position\":2,\"name\":\"World Aperitivo Day: appuntamento il 26 maggio a Milano\"}]},{\"@type\":\"Article\",\"@id\":\"https:\/\/www.showgroup.it\/blog\/2022\/05\/24\/world-aperitivo-day-prima-edizione\/#article\",\"isPartOf\":{\"@id\":\"https:\/\/www.showgroup.it\/blog\/2022\/05\/24\/world-aperitivo-day-prima-edizione\/#webpage\"},\"author\":{\"@id\":\"https:\/\/www.showgroup.it\/#\/schema\/person\/9b799d433be4e17451d197175628047a\"},\"headline\":\"World Aperitivo Day: appuntamento il 26 maggio a Milano\",\"datePublished\":\"2022-05-24T07:52:48+00:00\",\"dateModified\":\"2025-05-29T07:52:08+00:00\",\"mainEntityOfPage\":{\"@id\":\"https:\/\/www.showgroup.it\/blog\/2022\/05\/24\/world-aperitivo-day-prima-edizione\/#webpage\"},\"wordCount\":717,\"commentCount\":0,\"publisher\":{\"@id\":\"https:\/\/www.showgroup.it\/#organization\"},\"image\":{\"@id\":\"https:\/\/www.showgroup.it\/blog\/2022\/05\/24\/world-aperitivo-day-prima-edizione\/#primaryimage\"},\"thumbnailUrl\":\"https:\/\/www.showgroup.it\/blog\/wp-content\/uploads\/2022\/05\/World-Aperitivo-Day-2022.jpg\",\"keywords\":[\"chef\",\"evento\",\"bartender\",\"mixology\",\"world aperitivo day\"],\"articleSection\":[\"Eventi e location\"],\"inLanguage\":\"it-IT\",\"potentialAction\":[{\"@type\":\"CommentAction\",\"name\":\"Comment\",\"target\":[\"https:\/\/www.showgroup.it\/blog\/2022\/05\/24\/world-aperitivo-day-prima-edizione\/#respond\"]}]},{\"@type\":\"Person\",\"@id\":\"https:\/\/www.showgroup.it\/#\/schema\/person\/9b799d433be4e17451d197175628047a\",\"name\":\"Benedetta Gatti\",\"image\":{\"@type\":\"ImageObject\",\"@id\":\"https:\/\/www.showgroup.it\/#personlogo\",\"inLanguage\":\"it-IT\",\"url\":\"https:\/\/secure.gravatar.com\/avatar\/32ceeb7300be30aabe2c84fdaa89eac0?s=96&d=mm&r=g\",\"contentUrl\":\"https:\/\/secure.gravatar.com\/avatar\/32ceeb7300be30aabe2c84fdaa89eac0?s=96&d=mm&r=g\",\"caption\":\"Benedetta Gatti\"}}]}<\/script>\n<!-- \/ Yoast SEO plugin. -->","yoast_head_json":{"title":"World Aperitivo Day: appuntamento il 26 maggio a Milano &bull; Showgroup","description":"Pronti a brindare nella capitale dell'aperitivo? Il 26 maggio Milano ospiter\u00e0 la prima edizione del World Aperitivo Day con tanti eventi!","robots":{"index":"index","follow":"follow","max-snippet":"max-snippet:-1","max-image-preview":"max-image-preview:large","max-video-preview":"max-video-preview:-1"},"canonical":"https:\/\/www.showgroup.it\/blog\/2022\/05\/24\/world-aperitivo-day-prima-edizione\/","og_locale":"it_IT","og_type":"article","og_title":"World Aperitivo Day: appuntamento il 26 maggio a Milano &bull; Showgroup","og_description":"Pronti a brindare nella capitale dell'aperitivo? Il 26 maggio Milano ospiter\u00e0 la prima edizione del World Aperitivo Day con tanti eventi!","og_url":"https:\/\/www.showgroup.it\/blog\/2022\/05\/24\/world-aperitivo-day-prima-edizione\/","og_site_name":"Showgroup - Ready to be WOW!","article_publisher":"https:\/\/www.facebook.com\/ShowGroupWow\/","article_published_time":"2022-05-24T07:52:48+00:00","article_modified_time":"2025-05-29T07:52:08+00:00","og_image":[{"width":1920,"height":1080,"filesize":161781,"url":"https:\/\/www.showgroup.it\/blog\/wp-content\/uploads\/2022\/05\/World-Aperitivo-Day-2022.jpg","path":"\/sites\/www.showgroup.it\/files\/blog\/wp-content\/uploads\/2022\/05\/World-Aperitivo-Day-2022.jpg","size":"full","id":86897,"alt":"","pixels":2073600,"type":"image\/jpeg"}],"twitter_card":"summary_large_image","twitter_misc":{"Scritto da":"Benedetta Gatti","Tempo di lettura stimato":"4 minuti"},"schema":{"@context":"https:\/\/schema.org","@graph":[{"@type":"Organization","@id":"https:\/\/www.showgroup.it\/#organization","name":"Showgroup","url":"https:\/\/www.showgroup.it\/","sameAs":["https:\/\/www.facebook.com\/ShowGroupWow\/","https:\/\/www.instagram.com\/showgroupwow\/"],"logo":{"@type":"ImageObject","@id":"https:\/\/www.showgroup.it\/#logo","inLanguage":"it-IT","url":"https:\/\/www.showgroup.it\/blog\/wp-content\/uploads\/2025\/01\/logo-black.svg","contentUrl":"https:\/\/www.showgroup.it\/blog\/wp-content\/uploads\/2025\/01\/logo-black.svg","width":1440,"height":916,"caption":"Showgroup"},"image":{"@id":"https:\/\/www.showgroup.it\/#logo"}},{"@type":"WebSite","@id":"https:\/\/www.showgroup.it\/#website","url":"https:\/\/www.showgroup.it\/","name":"Showgroup - Ready to be WOW!","description":"Il primo portale gratuito dedicato al mondo dello spettacolo.","publisher":{"@id":"https:\/\/www.showgroup.it\/#organization"},"potentialAction":[{"@type":"SearchAction","target":{"@type":"EntryPoint","urlTemplate":"https:\/\/www.showgroup.it\/?s={search_term_string}"},"query-input":"required name=search_term_string"}],"inLanguage":"it-IT"},{"@type":"ImageObject","@id":"https:\/\/www.showgroup.it\/blog\/2022\/05\/24\/world-aperitivo-day-prima-edizione\/#primaryimage","inLanguage":"it-IT","url":"https:\/\/www.showgroup.it\/blog\/wp-content\/uploads\/2022\/05\/World-Aperitivo-Day-2022.jpg","contentUrl":"https:\/\/www.showgroup.it\/blog\/wp-content\/uploads\/2022\/05\/World-Aperitivo-Day-2022.jpg","width":1920,"height":1080},{"@type":"WebPage","@id":"https:\/\/www.showgroup.it\/blog\/2022\/05\/24\/world-aperitivo-day-prima-edizione\/#webpage","url":"https:\/\/www.showgroup.it\/blog\/2022\/05\/24\/world-aperitivo-day-prima-edizione\/","name":"World Aperitivo Day: appuntamento il 26 maggio a Milano &bull; Showgroup","isPartOf":{"@id":"https:\/\/www.showgroup.it\/#website"},"primaryImageOfPage":{"@id":"https:\/\/www.showgroup.it\/blog\/2022\/05\/24\/world-aperitivo-day-prima-edizione\/#primaryimage"},"datePublished":"2022-05-24T07:52:48+00:00","dateModified":"2025-05-29T07:52:08+00:00","description":"Pronti a brindare nella capitale dell'aperitivo? Il 26 maggio Milano ospiter\u00e0 la prima edizione del World Aperitivo Day con tanti eventi!","breadcrumb":{"@id":"https:\/\/www.showgroup.it\/blog\/2022\/05\/24\/world-aperitivo-day-prima-edizione\/#breadcrumb"},"inLanguage":"it-IT","potentialAction":[{"@type":"ReadAction","target":["https:\/\/www.showgroup.it\/blog\/2022\/05\/24\/world-aperitivo-day-prima-edizione\/"]}]},{"@type":"BreadcrumbList","@id":"https:\/\/www.showgroup.it\/blog\/2022\/05\/24\/world-aperitivo-day-prima-edizione\/#breadcrumb","itemListElement":[{"@type":"ListItem","position":1,"name":"Home","item":"https:\/\/www.showgroup.it\/blog\/"},{"@type":"ListItem","position":2,"name":"World Aperitivo Day: appuntamento il 26 maggio a Milano"}]},{"@type":"Article","@id":"https:\/\/www.showgroup.it\/blog\/2022\/05\/24\/world-aperitivo-day-prima-edizione\/#article","isPartOf":{"@id":"https:\/\/www.showgroup.it\/blog\/2022\/05\/24\/world-aperitivo-day-prima-edizione\/#webpage"},"author":{"@id":"https:\/\/www.showgroup.it\/#\/schema\/person\/9b799d433be4e17451d197175628047a"},"headline":"World Aperitivo Day: appuntamento il 26 maggio a Milano","datePublished":"2022-05-24T07:52:48+00:00","dateModified":"2025-05-29T07:52:08+00:00","mainEntityOfPage":{"@id":"https:\/\/www.showgroup.it\/blog\/2022\/05\/24\/world-aperitivo-day-prima-edizione\/#webpage"},"wordCount":717,"commentCount":0,"publisher":{"@id":"https:\/\/www.showgroup.it\/#organization"},"image":{"@id":"https:\/\/www.showgroup.it\/blog\/2022\/05\/24\/world-aperitivo-day-prima-edizione\/#primaryimage"},"thumbnailUrl":"https:\/\/www.showgroup.it\/blog\/wp-content\/uploads\/2022\/05\/World-Aperitivo-Day-2022.jpg","keywords":["chef","evento","bartender","mixology","world aperitivo day"],"articleSection":["Eventi e location"],"inLanguage":"it-IT","potentialAction":[{"@type":"CommentAction","name":"Comment","target":["https:\/\/www.showgroup.it\/blog\/2022\/05\/24\/world-aperitivo-day-prima-edizione\/#respond"]}]},{"@type":"Person","@id":"https:\/\/www.showgroup.it\/#\/schema\/person\/9b799d433be4e17451d197175628047a","name":"Benedetta Gatti","image":{"@type":"ImageObject","@id":"https:\/\/www.showgroup.it\/#personlogo","inLanguage":"it-IT","url":"https:\/\/secure.gravatar.com\/avatar\/32ceeb7300be30aabe2c84fdaa89eac0?s=96&d=mm&r=g","contentUrl":"https:\/\/secure.gravatar.com\/avatar\/32ceeb7300be30aabe2c84fdaa89eac0?s=96&d=mm&r=g","caption":"Benedetta Gatti"}}]}},"_links":{"self":[{"href":"https:\/\/www.showgroup.it\/blog\/wp-json\/wp\/v2\/posts\/86888"}],"collection":[{"href":"https:\/\/www.showgroup.it\/blog\/wp-json\/wp\/v2\/posts"}],"about":[{"href":"https:\/\/www.showgroup.it\/blog\/wp-json\/wp\/v2\/types\/post"}],"author":[{"embeddable":true,"href":"https:\/\/www.showgroup.it\/blog\/wp-json\/wp\/v2\/users\/5"}],"replies":[{"embeddable":true,"href":"https:\/\/www.showgroup.it\/blog\/wp-json\/wp\/v2\/comments?post=86888"}],"version-history":[{"count":1,"href":"https:\/\/www.showgroup.it\/blog\/wp-json\/wp\/v2\/posts\/86888\/revisions"}],"predecessor-version":[{"id":99123,"href":"https:\/\/www.showgroup.it\/blog\/wp-json\/wp\/v2\/posts\/86888\/revisions\/99123"}],"wp:featuredmedia":[{"embeddable":true,"href":"https:\/\/www.showgroup.it\/blog\/wp-json\/wp\/v2\/media\/86897"}],"wp:attachment":[{"href":"https:\/\/www.showgroup.it\/blog\/wp-json\/wp\/v2\/media?parent=86888"}],"wp:term":[{"taxonomy":"category","embeddable":true,"href":"https:\/\/www.showgroup.it\/blog\/wp-json\/wp\/v2\/categories?post=86888"},{"taxonomy":"post_tag","embeddable":true,"href":"https:\/\/www.showgroup.it\/blog\/wp-json\/wp\/v2\/tags?post=86888"}],"curies":[{"name":"wp","href":"https:\/\/api.w.org\/{rel}","templated":true}]}}