{"id":87360,"date":"2022-06-21T10:40:01","date_gmt":"2022-06-21T08:40:01","guid":{"rendered":"https:\/\/www.showgroup.it\/?p=87360"},"modified":"2025-05-29T09:37:07","modified_gmt":"2025-05-29T07:37:07","slug":"location-evento-aziendale-milano-e-provincia","status":"publish","type":"post","link":"https:\/\/www.showgroup.it\/blog\/2022\/06\/21\/location-evento-aziendale-milano-e-provincia\/","title":{"rendered":"Evento aziendale a Milano e provincia: le location pi\u00f9 suggestive"},"content":{"rendered":"<p>\u00c8 la capitale dell&#8217;economia italiana e dinamico teatro del business internazionale: <strong>Milano<\/strong> \u00e8 una metropoli piena di potenzialit\u00e0 per chi la visita per <strong>motivi di lavoro<\/strong>. Non stupisce che le strutture milanesi siano cos\u00ec ottimamente attrezzate per ospitare <a href=\"https:\/\/www.showgroup.it\/blog\/2022\/11\/03\/come-organizzare-un-evento-aziendale-in-12-step\/\">eventi aziendali<\/a> di qualsiasi caratura.<\/p>\n<p>Hotel congressuali, sale meeting super attrezzate, location per eventi, sale riunioni e spazi polifunzionali, il capoluogo meneghino offre l&#8217;imbarazzo della scelta. Sei alla ricerca della tua <strong>location ideale per organizzare un evento aziendale a Milano<\/strong>? Ecco qualche spunto da cui prendere ispirazione!<\/p>\n<h2><a href=\"https:\/\/www.showgroup.it\/\">Evento aziendale in vista? Ecco dove organizzarlo a Milano e provincia<\/a><\/h2>\n<h3><a href=\"https:\/\/www.showgroup.it\/vetrina\/dimore-storiche\/villa-borromeo_c22831\">Villa Borromeo &#8211; Cassano d&#8217;Adda<\/a><\/h3>\n<p><a href=\"https:\/\/www.showgroup.it\/vetrina\/dimore-storiche\/villa-borromeo_c22831\"><img loading=\"lazy\" class=\"alignnone wp-image-87361 size-full\" src=\"https:\/\/www.showgroup.it\/blog\/wp-content\/uploads\/2022\/06\/location-evento-aziendale-milano-villa-borromeo.jpg\" alt=\"Villa Borromeo\" width=\"1920\" height=\"1080\" srcset=\"https:\/\/www.showgroup.it\/blog\/wp-content\/uploads\/2022\/06\/location-evento-aziendale-milano-villa-borromeo.jpg 1920w, https:\/\/www.showgroup.it\/blog\/wp-content\/uploads\/2022\/06\/location-evento-aziendale-milano-villa-borromeo-300x169.jpg 300w, https:\/\/www.showgroup.it\/blog\/wp-content\/uploads\/2022\/06\/location-evento-aziendale-milano-villa-borromeo-1024x576.jpg 1024w, https:\/\/www.showgroup.it\/blog\/wp-content\/uploads\/2022\/06\/location-evento-aziendale-milano-villa-borromeo-768x432.jpg 768w, https:\/\/www.showgroup.it\/blog\/wp-content\/uploads\/2022\/06\/location-evento-aziendale-milano-villa-borromeo-1536x864.jpg 1536w\" sizes=\"(max-width: 1920px) 100vw, 1920px\" \/><\/a><\/p>\n<p>Collocata all\u2019interno di uno <strong>splendido parco secolare<\/strong> di 70.000 mq, <a href=\"https:\/\/www.showgroup.it\/vetrina\/dimore-storiche\/villa-borromeo_c22831\">Villa Borromeo D\u2019Adda<\/a> \u00e8 una delle pi\u00f9 prestigiose e significative dimore gentilizie. Splendido gioiello di fine Settecento, oggi si presenta come una delle pi\u00f9 rinomate ed evocative per ospitare un evento aziendale.<\/p>\n<p>Il corpo centrale della villa colpisce per la sua <strong>signorile imponenza<\/strong> e la consueta <strong>eleganza delle linee neoclassiche<\/strong>. All\u2019interno splendidi saloni affrescati conducono in un\u2019atmosfera da sogno. Cogli l\u2019occasione per far vivere alla tua azienda un evento davvero speciale: le sale congressi ospiteranno i tuoi meeting, le sale affrescate il tuo Gala Dinner e il parco ogni tipologia di <a href=\"https:\/\/www.showgroup.it\/blog\/2022\/04\/06\/team-building-cosa-e-come-organizzare-attivita\/\">Team Building<\/a> tu voglia organizzare.<\/p>\n<p>Vuoi organizzare il tuo evento aziendale a Villa Borromeo? <a href=\"https:\/\/www.showgroup.it\/vetrina\/dimore-storiche\/villa-borromeo_c22831\">Contatta qui la struttura<\/a>.<\/p>\n<h3><a href=\"https:\/\/www.showgroup.it\/vetrina\/dimore-storiche\/villa-scheibler_c34168\">Villa Scheibler &#8211; Rho<\/a><\/h3>\n<p><a href=\"https:\/\/www.showgroup.it\/vetrina\/dimore-storiche\/villa-scheibler_c34168\"><img loading=\"lazy\" class=\"alignnone wp-image-87362 size-full\" src=\"https:\/\/www.showgroup.it\/blog\/wp-content\/uploads\/2022\/06\/location-evento-aziendale-milano-villa-schreiber.jpg\" alt=\"villa scheibler\" width=\"1920\" height=\"1080\" srcset=\"https:\/\/www.showgroup.it\/blog\/wp-content\/uploads\/2022\/06\/location-evento-aziendale-milano-villa-schreiber.jpg 1920w, https:\/\/www.showgroup.it\/blog\/wp-content\/uploads\/2022\/06\/location-evento-aziendale-milano-villa-schreiber-300x169.jpg 300w, https:\/\/www.showgroup.it\/blog\/wp-content\/uploads\/2022\/06\/location-evento-aziendale-milano-villa-schreiber-1024x576.jpg 1024w, https:\/\/www.showgroup.it\/blog\/wp-content\/uploads\/2022\/06\/location-evento-aziendale-milano-villa-schreiber-768x432.jpg 768w, https:\/\/www.showgroup.it\/blog\/wp-content\/uploads\/2022\/06\/location-evento-aziendale-milano-villa-schreiber-1536x864.jpg 1536w\" sizes=\"(max-width: 1920px) 100vw, 1920px\" \/><\/a><\/p>\n<p><a href=\"https:\/\/www.showgroup.it\/vetrina\/dimore-storiche\/villa-scheibler_c34168\">Villa Scheibler Simonetta<\/a> \u00e8 una dimora di origine cinquecentesca che sorge a <strong>Castellazzo di Rho<\/strong>, immersa in un verde lussureggiante. Tra i luoghi chiave per gli incontri della nobilt\u00e0 di un tempo, pu\u00f2 farti rivivere il <strong>fasto dell&#8217;epoca<\/strong> aprendo le porte al tuo evento aziendale.<\/p>\n<p>La villa offre ben 7 sale, per una <strong>capienza totale di 250 persone<\/strong>. L&#8217;intero complesso e la campagna limitrofa \u00e8 sotto la salvaguardia della sovrintendenza dei beni ambientali, per garantirne anche in futuro la sua conservazione; si tratta infatti di uno dei pi\u00f9 integri siti dell\u2019epoca.<\/p>\n<p>Clicca qui per organizzare il tuo evento aziendale a <a href=\"https:\/\/www.showgroup.it\/vetrina\/dimore-storiche\/villa-scheibler_c34168\">Villa Scheibler<\/a>.<\/p>\n<h3><a href=\"https:\/\/www.showgroup.it\/vetrina\/dimore-storiche\/museo-bagatti-valsecchi_c32713\">Museo Bagatti Valsecchi &#8211; Milano<\/a><\/h3>\n<p><a href=\"https:\/\/www.showgroup.it\/vetrina\/dimore-storiche\/museo-bagatti-valsecchi_c32713\"><img loading=\"lazy\" class=\"alignnone wp-image-87364 size-full\" src=\"https:\/\/www.showgroup.it\/blog\/wp-content\/uploads\/2022\/06\/location-evento-aziendale-milano-museo-bagatti.jpg\" alt=\"museo bagatti\" width=\"1920\" height=\"1080\" srcset=\"https:\/\/www.showgroup.it\/blog\/wp-content\/uploads\/2022\/06\/location-evento-aziendale-milano-museo-bagatti.jpg 1920w, https:\/\/www.showgroup.it\/blog\/wp-content\/uploads\/2022\/06\/location-evento-aziendale-milano-museo-bagatti-300x169.jpg 300w, https:\/\/www.showgroup.it\/blog\/wp-content\/uploads\/2022\/06\/location-evento-aziendale-milano-museo-bagatti-1024x576.jpg 1024w, https:\/\/www.showgroup.it\/blog\/wp-content\/uploads\/2022\/06\/location-evento-aziendale-milano-museo-bagatti-768x432.jpg 768w, https:\/\/www.showgroup.it\/blog\/wp-content\/uploads\/2022\/06\/location-evento-aziendale-milano-museo-bagatti-1536x864.jpg 1536w\" sizes=\"(max-width: 1920px) 100vw, 1920px\" \/><\/a><\/p>\n<p>La <a href=\"https:\/\/www.showgroup.it\/vetrina\/dimore-storiche\/museo-bagatti-valsecchi_c32713\">Casa-Museo Bagatti Valsecchi<\/a> \u00e8 una dimora storica frutto di una straordinaria vicenda collezionistica di fine Ottocento che ha come protagonisti i fratelli Fausto e Giuseppe Bagatti Valsecchi, che ristrutturarono la dimora di famiglia e vi raccolsero una <strong>magnifica collezione di opere d&#8217;arte<\/strong> in stile neo-Rinascimentale.<\/p>\n<p>Situato nel cuore di Milano, all\u2019interno del cosiddetto quadrilatero della moda, il Museo \u00e8 la <strong>cornice perfetta per i momenti d\u2019incontro dedicati al lavoro<\/strong>, alla socialit\u00e0 e all\u2019intrattenimento di alto livello. Aziende, societ\u00e0 e privati possono realizzare eventi usufruendo degli spazi del Museo per vivere un\u2019esperienza unica in uno dei pi\u00f9 grandi tesori della citt\u00e0.<\/p>\n<p>Per organizzare il tuo evento aziendale al Museo Bagatti <a href=\"https:\/\/www.showgroup.it\/vetrina\/dimore-storiche\/museo-bagatti-valsecchi_c32713\">clicca qui<\/a>.<\/p>\n<h3><a href=\"https:\/\/www.showgroup.it\/vetrina\/hotellerie\/villa-patrizia_c32612\">Villa Patrizia &#8211; Magnano<\/a><\/h3>\n<p><a href=\"https:\/\/www.showgroup.it\/vetrina\/hotellerie\/villa-patrizia_c32612\"><img loading=\"lazy\" class=\"alignnone wp-image-87368 size-full\" src=\"https:\/\/www.showgroup.it\/blog\/wp-content\/uploads\/2022\/06\/location-evento-aziendale-milano-villa-patrizia.jpg\" alt=\"villa patrizia\" width=\"1920\" height=\"1080\" srcset=\"https:\/\/www.showgroup.it\/blog\/wp-content\/uploads\/2022\/06\/location-evento-aziendale-milano-villa-patrizia.jpg 1920w, https:\/\/www.showgroup.it\/blog\/wp-content\/uploads\/2022\/06\/location-evento-aziendale-milano-villa-patrizia-300x169.jpg 300w, https:\/\/www.showgroup.it\/blog\/wp-content\/uploads\/2022\/06\/location-evento-aziendale-milano-villa-patrizia-1024x576.jpg 1024w, https:\/\/www.showgroup.it\/blog\/wp-content\/uploads\/2022\/06\/location-evento-aziendale-milano-villa-patrizia-768x432.jpg 768w, https:\/\/www.showgroup.it\/blog\/wp-content\/uploads\/2022\/06\/location-evento-aziendale-milano-villa-patrizia-1536x864.jpg 1536w\" sizes=\"(max-width: 1920px) 100vw, 1920px\" \/><\/a><\/p>\n<p><a href=\"https:\/\/www.showgroup.it\/vetrina\/hotellerie\/villa-patrizia_c32612\">Villa Patrizia<\/a> \u00e8 una <strong>meravigliosa residenza in stile coloniale<\/strong> situata a Magnago, in posizione davvero strategica; si trova, infatti, a soli 10 minuti di auto dall&#8217;aeroporto di Milano Malpensa, a 20 minuti da Rho Fiera Milano City e a 30 da Milano.<\/p>\n<p>La location, curata nel pi\u00f9 piccolo dettaglio, \u00e8 adornata da <strong>affreschi<\/strong> e <strong>marmi neoclassici<\/strong> e dispone non solo di un grande salone principale ma anche di un suggestivo conservatory vittoriano; all&#8217;esterno, invece, i protagonisti sono la magnifica <strong>piscina a sfioro<\/strong> e lo<strong> splendido giardino<\/strong>. La tenuta della villa dispone anche di un parco ricco di alberi ed \u00e8 attrezzata per accogliere convegni, corsi di formazione, riunioni di lavoro e team building. A disposizione degli ospiti c&#8217;\u00e8 anche un comodo parcheggio privato gratuito di 23 posti.<\/p>\n<p>Pensi che Villa Patrizia possa essere la cornice perfetta per il tuo evento aziendale? Mettiti in contatto con la struttura <a href=\"https:\/\/www.showgroup.it\/vetrina\/hotellerie\/villa-patrizia_c32612\">cliccando qui<\/a>.<\/p>\n<h3><a href=\"https:\/\/www.showgroup.it\/vetrina\/dimore-storiche\/casa-villa_c34393\">CasaVilla &#8211; Cornaredo<\/a><\/h3>\n<p><a href=\"https:\/\/www.showgroup.it\/vetrina\/dimore-storiche\/casa-villa_c34393\"><img loading=\"lazy\" class=\"alignnone wp-image-87365 size-full\" src=\"https:\/\/www.showgroup.it\/blog\/wp-content\/uploads\/2022\/06\/location-evento-aziendale-milano-casa-villa-cornaredo.jpg\" alt=\"casa villa cornaredo\" width=\"1920\" height=\"1080\" srcset=\"https:\/\/www.showgroup.it\/blog\/wp-content\/uploads\/2022\/06\/location-evento-aziendale-milano-casa-villa-cornaredo.jpg 1920w, https:\/\/www.showgroup.it\/blog\/wp-content\/uploads\/2022\/06\/location-evento-aziendale-milano-casa-villa-cornaredo-300x169.jpg 300w, https:\/\/www.showgroup.it\/blog\/wp-content\/uploads\/2022\/06\/location-evento-aziendale-milano-casa-villa-cornaredo-1024x576.jpg 1024w, https:\/\/www.showgroup.it\/blog\/wp-content\/uploads\/2022\/06\/location-evento-aziendale-milano-casa-villa-cornaredo-768x432.jpg 768w, https:\/\/www.showgroup.it\/blog\/wp-content\/uploads\/2022\/06\/location-evento-aziendale-milano-casa-villa-cornaredo-1536x864.jpg 1536w\" sizes=\"(max-width: 1920px) 100vw, 1920px\" \/><\/a><\/p>\n<p><a href=\"https:\/\/www.showgroup.it\/vetrina\/dimore-storiche\/casa-villa_c34393\">CasaVilla<\/a> prende il nome da <a href=\"https:\/\/it.wikipedia.org\/wiki\/Antonio_Villa\" target=\"_blank\" rel=\"noopener\">Antonio Villa<\/a> che pose qui la sua residenza dopo aver acquisito la propriet\u00e0 dalle alienazioni dei beni ecclesiastici effettuate da Giuseppe secondo d&#8217;Austria. La <strong>struttura settecentesca<\/strong> della villa \u00e8 stata oggetto di un recente restauro che ha mantenuto intatte le proporzioni degli spazi interni e riportato alla luce una singolare facciata, unico esempio di mosaico in pietra nell&#8217;area lombarda, nel pieno rispetto dei materiali originali e dell&#8217;impianto decorativo.<\/p>\n<p>A seconda dello stile di evento che desideri realizzare, potrai contare sulla decennale esperienza nel selezionare<strong> fornitori di fiducia<\/strong> che permette di offrire a prezzi competitivi un servizio chiavi in mano, impareggiabile.<\/p>\n<p>Se CasaVilla ti ha conquistato e desideri allestire qui il tuo evento aziendale, <a href=\"https:\/\/www.showgroup.it\/vetrina\/dimore-storiche\/casa-villa_c34393\">contatta la struttura<\/a>.<\/p>\n<h2><a href=\"https:\/\/www.showgroup.it\/\">Non hai trovato la location ideale per il tuo evento aziendale a Milano?<\/a><\/h2>\n<p><a href=\"https:\/\/www.showgroup.it\/vetrina\/dimore-storiche\/villa-borromeo_c22831\"><img loading=\"lazy\" class=\"alignnone wp-image-87367 size-full\" src=\"https:\/\/www.showgroup.it\/blog\/wp-content\/uploads\/2022\/06\/location-evento-aziendale-milano-villa-borromeo-2.jpg\" alt=\"villa borromeo\" width=\"1920\" height=\"1080\" srcset=\"https:\/\/www.showgroup.it\/blog\/wp-content\/uploads\/2022\/06\/location-evento-aziendale-milano-villa-borromeo-2.jpg 1920w, https:\/\/www.showgroup.it\/blog\/wp-content\/uploads\/2022\/06\/location-evento-aziendale-milano-villa-borromeo-2-300x169.jpg 300w, https:\/\/www.showgroup.it\/blog\/wp-content\/uploads\/2022\/06\/location-evento-aziendale-milano-villa-borromeo-2-1024x576.jpg 1024w, https:\/\/www.showgroup.it\/blog\/wp-content\/uploads\/2022\/06\/location-evento-aziendale-milano-villa-borromeo-2-768x432.jpg 768w, https:\/\/www.showgroup.it\/blog\/wp-content\/uploads\/2022\/06\/location-evento-aziendale-milano-villa-borromeo-2-1536x864.jpg 1536w\" sizes=\"(max-width: 1920px) 100vw, 1920px\" \/><\/a><\/p>\n<p><span style=\"font-weight: 400;\">Su <\/span><a href=\"https:\/\/www.showgroup.it\"><span style=\"font-weight: 400;\">Showgroup<\/span><\/a><span style=\"font-weight: 400;\">, trovi tutto quello che ti serve per l\u2019organizzazione del tuo evento aziendale, con la possibilit\u00e0 di metterci in contatto diretto con gli operatori del settore. Nessun costo di intermediazione e iscrizione!\u00a0<\/span><\/p>\n<p>Chi puoi trovare? <a href=\"https:\/\/www.showgroup.it\/vetrine\/catering\"><span style=\"font-weight: 400;\">Catering<\/span><\/a><span style=\"font-weight: 400;\">, <\/span><a href=\"https:\/\/www.showgroup.it\/vetrine\/chef\"><span style=\"font-weight: 400;\">chef<\/span><\/a><span style=\"font-weight: 400;\">, <\/span><a href=\"https:\/\/www.showgroup.it\/vetrine\/cake-designer\"><span style=\"font-weight: 400;\">cake designer<\/span><\/a> <span style=\"font-weight: 400;\">e<\/span><a href=\"https:\/\/www.showgroup.it\/vetrine\/art-performer\"><span style=\"font-weight: 400;\"> intrattenimento<\/span><\/a><span style=\"font-weight: 400;\"> di ogni tipologia.<\/span><span style=\"font-weight: 400;\"><br \/>\n<\/span><span style=\"font-weight: 400;\">Se invece non hai trovato la location ideale ti suggeriamo di dare un\u2019occhiata agli altri profili <\/span><a href=\"https:\/\/www.showgroup.it\/vetrine\/dimore-storiche\/tags__team-building?\"><span style=\"font-weight: 400;\">cliccando qui<\/span><\/a><span style=\"font-weight: 400;\">.<\/span><\/p>\n<p><strong>Ti aspettiamo!<\/strong><\/p>\n","protected":false},"excerpt":{"rendered":"<p>\u00c8 la capitale dell&#8217;economia italiana e dinamico teatro del business internazionale: Milano \u00e8 una metropoli piena di potenzialit\u00e0 per chi [&hellip;]<\/p>\n","protected":false},"author":5,"featured_media":87367,"comment_status":"open","ping_status":"open","sticky":false,"template":"","format":"standard","meta":[],"categories":[661],"tags":[417,471],"yoast_head":"<!-- This site is optimized with the Yoast SEO plugin v16.9 - https:\/\/yoast.com\/wordpress\/plugins\/seo\/ -->\n<title>Evento aziendale a Milano? Ecco le location pi\u00f9 suggestive &bull; Showgroup<\/title>\n<meta name=\"description\" content=\"Sei alla ricerca di una location per il tuo evento aziendale a Milano? Ecco quali sono le strutture pi\u00f9 belle dove discutere di affari.\" \/>\n<meta name=\"robots\" content=\"index, follow, max-snippet:-1, max-image-preview:large, max-video-preview:-1\" \/>\n<link rel=\"canonical\" href=\"https:\/\/www.showgroup.it\/blog\/2022\/06\/21\/location-evento-aziendale-milano-e-provincia\/\" \/>\n<meta property=\"og:locale\" content=\"it_IT\" \/>\n<meta property=\"og:type\" content=\"article\" \/>\n<meta property=\"og:title\" content=\"Evento aziendale a Milano? Ecco le location pi\u00f9 suggestive &bull; Showgroup\" \/>\n<meta property=\"og:description\" content=\"Sei alla ricerca di una location per il tuo evento aziendale a Milano? Ecco quali sono le strutture pi\u00f9 belle dove discutere di affari.\" \/>\n<meta property=\"og:url\" content=\"https:\/\/www.showgroup.it\/blog\/2022\/06\/21\/location-evento-aziendale-milano-e-provincia\/\" \/>\n<meta property=\"og:site_name\" content=\"Showgroup - Ready to be WOW!\" \/>\n<meta property=\"article:publisher\" content=\"https:\/\/www.facebook.com\/ShowGroupWow\/\" \/>\n<meta property=\"article:published_time\" content=\"2022-06-21T08:40:01+00:00\" \/>\n<meta property=\"article:modified_time\" content=\"2025-05-29T07:37:07+00:00\" \/>\n<meta property=\"og:image\" content=\"https:\/\/www.showgroup.it\/blog\/wp-content\/uploads\/2022\/06\/location-evento-aziendale-milano-villa-borromeo-2.jpg\" \/>\n\t<meta property=\"og:image:width\" content=\"1920\" \/>\n\t<meta property=\"og:image:height\" content=\"1080\" \/>\n<meta name=\"twitter:card\" content=\"summary_large_image\" \/>\n<meta name=\"twitter:label1\" content=\"Scritto da\" \/>\n\t<meta name=\"twitter:data1\" content=\"Benedetta Gatti\" \/>\n\t<meta name=\"twitter:label2\" content=\"Tempo di lettura stimato\" \/>\n\t<meta name=\"twitter:data2\" content=\"5 minuti\" \/>\n<script type=\"application\/ld+json\" class=\"yoast-schema-graph\">{\"@context\":\"https:\/\/schema.org\",\"@graph\":[{\"@type\":\"Organization\",\"@id\":\"https:\/\/www.showgroup.it\/#organization\",\"name\":\"Showgroup\",\"url\":\"https:\/\/www.showgroup.it\/\",\"sameAs\":[\"https:\/\/www.facebook.com\/ShowGroupWow\/\",\"https:\/\/www.instagram.com\/showgroupwow\/\"],\"logo\":{\"@type\":\"ImageObject\",\"@id\":\"https:\/\/www.showgroup.it\/#logo\",\"inLanguage\":\"it-IT\",\"url\":\"https:\/\/www.showgroup.it\/blog\/wp-content\/uploads\/2025\/01\/logo-black.svg\",\"contentUrl\":\"https:\/\/www.showgroup.it\/blog\/wp-content\/uploads\/2025\/01\/logo-black.svg\",\"width\":1440,\"height\":916,\"caption\":\"Showgroup\"},\"image\":{\"@id\":\"https:\/\/www.showgroup.it\/#logo\"}},{\"@type\":\"WebSite\",\"@id\":\"https:\/\/www.showgroup.it\/#website\",\"url\":\"https:\/\/www.showgroup.it\/\",\"name\":\"Showgroup - Ready to be WOW!\",\"description\":\"Il primo portale gratuito dedicato al mondo dello spettacolo.\",\"publisher\":{\"@id\":\"https:\/\/www.showgroup.it\/#organization\"},\"potentialAction\":[{\"@type\":\"SearchAction\",\"target\":{\"@type\":\"EntryPoint\",\"urlTemplate\":\"https:\/\/www.showgroup.it\/?s={search_term_string}\"},\"query-input\":\"required name=search_term_string\"}],\"inLanguage\":\"it-IT\"},{\"@type\":\"ImageObject\",\"@id\":\"https:\/\/www.showgroup.it\/blog\/2022\/06\/21\/location-evento-aziendale-milano-e-provincia\/#primaryimage\",\"inLanguage\":\"it-IT\",\"url\":\"https:\/\/www.showgroup.it\/blog\/wp-content\/uploads\/2022\/06\/location-evento-aziendale-milano-villa-borromeo-2.jpg\",\"contentUrl\":\"https:\/\/www.showgroup.it\/blog\/wp-content\/uploads\/2022\/06\/location-evento-aziendale-milano-villa-borromeo-2.jpg\",\"width\":1920,\"height\":1080},{\"@type\":\"WebPage\",\"@id\":\"https:\/\/www.showgroup.it\/blog\/2022\/06\/21\/location-evento-aziendale-milano-e-provincia\/#webpage\",\"url\":\"https:\/\/www.showgroup.it\/blog\/2022\/06\/21\/location-evento-aziendale-milano-e-provincia\/\",\"name\":\"Evento aziendale a Milano? Ecco le location pi\\u00f9 suggestive &bull; Showgroup\",\"isPartOf\":{\"@id\":\"https:\/\/www.showgroup.it\/#website\"},\"primaryImageOfPage\":{\"@id\":\"https:\/\/www.showgroup.it\/blog\/2022\/06\/21\/location-evento-aziendale-milano-e-provincia\/#primaryimage\"},\"datePublished\":\"2022-06-21T08:40:01+00:00\",\"dateModified\":\"2025-05-29T07:37:07+00:00\",\"description\":\"Sei alla ricerca di una location per il tuo evento aziendale a Milano? Ecco quali sono le strutture pi\\u00f9 belle dove discutere di affari.\",\"breadcrumb\":{\"@id\":\"https:\/\/www.showgroup.it\/blog\/2022\/06\/21\/location-evento-aziendale-milano-e-provincia\/#breadcrumb\"},\"inLanguage\":\"it-IT\",\"potentialAction\":[{\"@type\":\"ReadAction\",\"target\":[\"https:\/\/www.showgroup.it\/blog\/2022\/06\/21\/location-evento-aziendale-milano-e-provincia\/\"]}]},{\"@type\":\"BreadcrumbList\",\"@id\":\"https:\/\/www.showgroup.it\/blog\/2022\/06\/21\/location-evento-aziendale-milano-e-provincia\/#breadcrumb\",\"itemListElement\":[{\"@type\":\"ListItem\",\"position\":1,\"name\":\"Home\",\"item\":\"https:\/\/www.showgroup.it\/blog\/\"},{\"@type\":\"ListItem\",\"position\":2,\"name\":\"Evento aziendale a Milano e provincia: le location pi\\u00f9 suggestive\"}]},{\"@type\":\"Article\",\"@id\":\"https:\/\/www.showgroup.it\/blog\/2022\/06\/21\/location-evento-aziendale-milano-e-provincia\/#article\",\"isPartOf\":{\"@id\":\"https:\/\/www.showgroup.it\/blog\/2022\/06\/21\/location-evento-aziendale-milano-e-provincia\/#webpage\"},\"author\":{\"@id\":\"https:\/\/www.showgroup.it\/#\/schema\/person\/9b799d433be4e17451d197175628047a\"},\"headline\":\"Evento aziendale a Milano e provincia: le location pi\\u00f9 suggestive\",\"datePublished\":\"2022-06-21T08:40:01+00:00\",\"dateModified\":\"2025-05-29T07:37:07+00:00\",\"mainEntityOfPage\":{\"@id\":\"https:\/\/www.showgroup.it\/blog\/2022\/06\/21\/location-evento-aziendale-milano-e-provincia\/#webpage\"},\"wordCount\":802,\"commentCount\":0,\"publisher\":{\"@id\":\"https:\/\/www.showgroup.it\/#organization\"},\"image\":{\"@id\":\"https:\/\/www.showgroup.it\/blog\/2022\/06\/21\/location-evento-aziendale-milano-e-provincia\/#primaryimage\"},\"thumbnailUrl\":\"https:\/\/www.showgroup.it\/blog\/wp-content\/uploads\/2022\/06\/location-evento-aziendale-milano-villa-borromeo-2.jpg\",\"keywords\":[\"team building\",\"evento aziendale\"],\"articleSection\":[\"Eventi e location\"],\"inLanguage\":\"it-IT\",\"potentialAction\":[{\"@type\":\"CommentAction\",\"name\":\"Comment\",\"target\":[\"https:\/\/www.showgroup.it\/blog\/2022\/06\/21\/location-evento-aziendale-milano-e-provincia\/#respond\"]}]},{\"@type\":\"Person\",\"@id\":\"https:\/\/www.showgroup.it\/#\/schema\/person\/9b799d433be4e17451d197175628047a\",\"name\":\"Benedetta Gatti\",\"image\":{\"@type\":\"ImageObject\",\"@id\":\"https:\/\/www.showgroup.it\/#personlogo\",\"inLanguage\":\"it-IT\",\"url\":\"https:\/\/secure.gravatar.com\/avatar\/32ceeb7300be30aabe2c84fdaa89eac0?s=96&d=mm&r=g\",\"contentUrl\":\"https:\/\/secure.gravatar.com\/avatar\/32ceeb7300be30aabe2c84fdaa89eac0?s=96&d=mm&r=g\",\"caption\":\"Benedetta Gatti\"}}]}<\/script>\n<!-- \/ Yoast SEO plugin. -->","yoast_head_json":{"title":"Evento aziendale a Milano? Ecco le location pi\u00f9 suggestive &bull; Showgroup","description":"Sei alla ricerca di una location per il tuo evento aziendale a Milano? Ecco quali sono le strutture pi\u00f9 belle dove discutere di affari.","robots":{"index":"index","follow":"follow","max-snippet":"max-snippet:-1","max-image-preview":"max-image-preview:large","max-video-preview":"max-video-preview:-1"},"canonical":"https:\/\/www.showgroup.it\/blog\/2022\/06\/21\/location-evento-aziendale-milano-e-provincia\/","og_locale":"it_IT","og_type":"article","og_title":"Evento aziendale a Milano? Ecco le location pi\u00f9 suggestive &bull; Showgroup","og_description":"Sei alla ricerca di una location per il tuo evento aziendale a Milano? Ecco quali sono le strutture pi\u00f9 belle dove discutere di affari.","og_url":"https:\/\/www.showgroup.it\/blog\/2022\/06\/21\/location-evento-aziendale-milano-e-provincia\/","og_site_name":"Showgroup - Ready to be WOW!","article_publisher":"https:\/\/www.facebook.com\/ShowGroupWow\/","article_published_time":"2022-06-21T08:40:01+00:00","article_modified_time":"2025-05-29T07:37:07+00:00","og_image":[{"width":1920,"height":1080,"filesize":360406,"url":"https:\/\/www.showgroup.it\/blog\/wp-content\/uploads\/2022\/06\/location-evento-aziendale-milano-villa-borromeo-2.jpg","path":"\/sites\/www.showgroup.it\/files\/blog\/wp-content\/uploads\/2022\/06\/location-evento-aziendale-milano-villa-borromeo-2.jpg","size":"full","id":87367,"alt":"","pixels":2073600,"type":"image\/jpeg"}],"twitter_card":"summary_large_image","twitter_misc":{"Scritto da":"Benedetta Gatti","Tempo di lettura stimato":"5 minuti"},"schema":{"@context":"https:\/\/schema.org","@graph":[{"@type":"Organization","@id":"https:\/\/www.showgroup.it\/#organization","name":"Showgroup","url":"https:\/\/www.showgroup.it\/","sameAs":["https:\/\/www.facebook.com\/ShowGroupWow\/","https:\/\/www.instagram.com\/showgroupwow\/"],"logo":{"@type":"ImageObject","@id":"https:\/\/www.showgroup.it\/#logo","inLanguage":"it-IT","url":"https:\/\/www.showgroup.it\/blog\/wp-content\/uploads\/2025\/01\/logo-black.svg","contentUrl":"https:\/\/www.showgroup.it\/blog\/wp-content\/uploads\/2025\/01\/logo-black.svg","width":1440,"height":916,"caption":"Showgroup"},"image":{"@id":"https:\/\/www.showgroup.it\/#logo"}},{"@type":"WebSite","@id":"https:\/\/www.showgroup.it\/#website","url":"https:\/\/www.showgroup.it\/","name":"Showgroup - Ready to be WOW!","description":"Il primo portale gratuito dedicato al mondo dello spettacolo.","publisher":{"@id":"https:\/\/www.showgroup.it\/#organization"},"potentialAction":[{"@type":"SearchAction","target":{"@type":"EntryPoint","urlTemplate":"https:\/\/www.showgroup.it\/?s={search_term_string}"},"query-input":"required name=search_term_string"}],"inLanguage":"it-IT"},{"@type":"ImageObject","@id":"https:\/\/www.showgroup.it\/blog\/2022\/06\/21\/location-evento-aziendale-milano-e-provincia\/#primaryimage","inLanguage":"it-IT","url":"https:\/\/www.showgroup.it\/blog\/wp-content\/uploads\/2022\/06\/location-evento-aziendale-milano-villa-borromeo-2.jpg","contentUrl":"https:\/\/www.showgroup.it\/blog\/wp-content\/uploads\/2022\/06\/location-evento-aziendale-milano-villa-borromeo-2.jpg","width":1920,"height":1080},{"@type":"WebPage","@id":"https:\/\/www.showgroup.it\/blog\/2022\/06\/21\/location-evento-aziendale-milano-e-provincia\/#webpage","url":"https:\/\/www.showgroup.it\/blog\/2022\/06\/21\/location-evento-aziendale-milano-e-provincia\/","name":"Evento aziendale a Milano? Ecco le location pi\u00f9 suggestive &bull; Showgroup","isPartOf":{"@id":"https:\/\/www.showgroup.it\/#website"},"primaryImageOfPage":{"@id":"https:\/\/www.showgroup.it\/blog\/2022\/06\/21\/location-evento-aziendale-milano-e-provincia\/#primaryimage"},"datePublished":"2022-06-21T08:40:01+00:00","dateModified":"2025-05-29T07:37:07+00:00","description":"Sei alla ricerca di una location per il tuo evento aziendale a Milano? Ecco quali sono le strutture pi\u00f9 belle dove discutere di affari.","breadcrumb":{"@id":"https:\/\/www.showgroup.it\/blog\/2022\/06\/21\/location-evento-aziendale-milano-e-provincia\/#breadcrumb"},"inLanguage":"it-IT","potentialAction":[{"@type":"ReadAction","target":["https:\/\/www.showgroup.it\/blog\/2022\/06\/21\/location-evento-aziendale-milano-e-provincia\/"]}]},{"@type":"BreadcrumbList","@id":"https:\/\/www.showgroup.it\/blog\/2022\/06\/21\/location-evento-aziendale-milano-e-provincia\/#breadcrumb","itemListElement":[{"@type":"ListItem","position":1,"name":"Home","item":"https:\/\/www.showgroup.it\/blog\/"},{"@type":"ListItem","position":2,"name":"Evento aziendale a Milano e provincia: le location pi\u00f9 suggestive"}]},{"@type":"Article","@id":"https:\/\/www.showgroup.it\/blog\/2022\/06\/21\/location-evento-aziendale-milano-e-provincia\/#article","isPartOf":{"@id":"https:\/\/www.showgroup.it\/blog\/2022\/06\/21\/location-evento-aziendale-milano-e-provincia\/#webpage"},"author":{"@id":"https:\/\/www.showgroup.it\/#\/schema\/person\/9b799d433be4e17451d197175628047a"},"headline":"Evento aziendale a Milano e provincia: le location pi\u00f9 suggestive","datePublished":"2022-06-21T08:40:01+00:00","dateModified":"2025-05-29T07:37:07+00:00","mainEntityOfPage":{"@id":"https:\/\/www.showgroup.it\/blog\/2022\/06\/21\/location-evento-aziendale-milano-e-provincia\/#webpage"},"wordCount":802,"commentCount":0,"publisher":{"@id":"https:\/\/www.showgroup.it\/#organization"},"image":{"@id":"https:\/\/www.showgroup.it\/blog\/2022\/06\/21\/location-evento-aziendale-milano-e-provincia\/#primaryimage"},"thumbnailUrl":"https:\/\/www.showgroup.it\/blog\/wp-content\/uploads\/2022\/06\/location-evento-aziendale-milano-villa-borromeo-2.jpg","keywords":["team building","evento aziendale"],"articleSection":["Eventi e location"],"inLanguage":"it-IT","potentialAction":[{"@type":"CommentAction","name":"Comment","target":["https:\/\/www.showgroup.it\/blog\/2022\/06\/21\/location-evento-aziendale-milano-e-provincia\/#respond"]}]},{"@type":"Person","@id":"https:\/\/www.showgroup.it\/#\/schema\/person\/9b799d433be4e17451d197175628047a","name":"Benedetta Gatti","image":{"@type":"ImageObject","@id":"https:\/\/www.showgroup.it\/#personlogo","inLanguage":"it-IT","url":"https:\/\/secure.gravatar.com\/avatar\/32ceeb7300be30aabe2c84fdaa89eac0?s=96&d=mm&r=g","contentUrl":"https:\/\/secure.gravatar.com\/avatar\/32ceeb7300be30aabe2c84fdaa89eac0?s=96&d=mm&r=g","caption":"Benedetta Gatti"}}]}},"_links":{"self":[{"href":"https:\/\/www.showgroup.it\/blog\/wp-json\/wp\/v2\/posts\/87360"}],"collection":[{"href":"https:\/\/www.showgroup.it\/blog\/wp-json\/wp\/v2\/posts"}],"about":[{"href":"https:\/\/www.showgroup.it\/blog\/wp-json\/wp\/v2\/types\/post"}],"author":[{"embeddable":true,"href":"https:\/\/www.showgroup.it\/blog\/wp-json\/wp\/v2\/users\/5"}],"replies":[{"embeddable":true,"href":"https:\/\/www.showgroup.it\/blog\/wp-json\/wp\/v2\/comments?post=87360"}],"version-history":[{"count":1,"href":"https:\/\/www.showgroup.it\/blog\/wp-json\/wp\/v2\/posts\/87360\/revisions"}],"predecessor-version":[{"id":99090,"href":"https:\/\/www.showgroup.it\/blog\/wp-json\/wp\/v2\/posts\/87360\/revisions\/99090"}],"wp:featuredmedia":[{"embeddable":true,"href":"https:\/\/www.showgroup.it\/blog\/wp-json\/wp\/v2\/media\/87367"}],"wp:attachment":[{"href":"https:\/\/www.showgroup.it\/blog\/wp-json\/wp\/v2\/media?parent=87360"}],"wp:term":[{"taxonomy":"category","embeddable":true,"href":"https:\/\/www.showgroup.it\/blog\/wp-json\/wp\/v2\/categories?post=87360"},{"taxonomy":"post_tag","embeddable":true,"href":"https:\/\/www.showgroup.it\/blog\/wp-json\/wp\/v2\/tags?post=87360"}],"curies":[{"name":"wp","href":"https:\/\/api.w.org\/{rel}","templated":true}]}}