{"id":87454,"date":"2022-06-24T11:04:20","date_gmt":"2022-06-24T09:04:20","guid":{"rendered":"https:\/\/www.showgroup.it\/?p=87454"},"modified":"2025-05-29T09:33:06","modified_gmt":"2025-05-29T07:33:06","slug":"compleanno-tra-le-vigne-nel-nord-italia-le-location-piu-belle","status":"publish","type":"post","link":"https:\/\/www.showgroup.it\/blog\/2022\/06\/24\/compleanno-tra-le-vigne-nel-nord-italia-le-location-piu-belle\/","title":{"rendered":"Compleanno tra le vigne nel Nord Italia: le location pi\u00f9 belle"},"content":{"rendered":"<h2><a href=\"https:\/\/www.showgroup.it\"><strong>Festa di compleanno in una location tra le vigne? Ecco perch\u00e9!<\/strong><\/a><\/h2>\n<p><span style=\"font-weight: 400;\">Le<strong> location tra le vigne<\/strong> sono tra i luoghi pi\u00f9 cool del 2022.<\/span><span style=\"font-weight: 400;\"><br \/>\n<\/span><span style=\"font-weight: 400;\">Perch\u00e9? Il motivi sono molteplici, scopriamoli insieme!<br \/>\nPer prima cosa, sono posti solitamente non troppo distanti dalle citt\u00e0, che permettono una <strong>fuga<\/strong> di qualche ora, tra <strong>cibo<\/strong> e <strong>buon vino.<\/strong><\/span><span style=\"font-weight: 400;\"><br \/>\n<\/span><span style=\"font-weight: 400;\">Gi\u00e0, perch\u00e9 queste strutture solitamente propongono <strong>ottimi men\u00f9 degustazione<\/strong>, accompagnati da calici di bollicine prodotti proprio a partire dalle vigne che rendono questi luoghi cos\u00ec speciali.<br \/>\n<\/span><span style=\"font-weight: 400;\">Altro punto a favore delle location tra le vigne \u00e8 la loro posizione: da l\u00ec \u00e8 possibile ammirare <strong>panorami mozzafiato.<br \/>\n<\/strong>Spesso, in questi spazi ogni <strong>dettaglio \u00e8 curato nel dettaglio<\/strong>, dall\u2019apparecchiatura alle lucine che aggiungono un tocco di magia oppure alle candele che, con il calore della loro fiamma, regalano un\u2019atmosfera romantica e pi\u00f9 intima.<br \/>\n<\/span><span style=\"font-weight: 400;\">Le location tra le vigne sono il luogo perfetto dove poter festeggiare qualsiasi genere di evento.<br \/>\nNegli ultimi anni sono diventate sempre di pi\u00f9 in voga. Relativamente a questo fenomeno \u00e8 nato il &#8220;<em>wine wedding<\/em>&#8220;, ovvero, sempre pi\u00f9 coppie scelgono di celebrare il proprio matrimonio tra i vigneti.<br \/>\nAnche parecchi sposini vip hanno scelto di organizzare le loro nozze tra i vigneti, <\/span><a href=\"https:\/\/winenews.it\/it\/vip-nozze-da-sogno-con-il-vino-italiano-dalla-coppia-inzaghi-lucariello-al-si-di-lagerback-bossari_365193\/\"><span style=\"font-weight: 400;\">qui <\/span><\/a><span style=\"font-weight: 400;\">puoi dare un\u2019occhiata ad alcuni di loro.<\/span><span style=\"font-weight: 400;\"><br \/>\n<\/span><span style=\"font-weight: 400;\">Perch\u00e9 quindi non prendere proprio ispirazione da questo trend per<strong> organizzare il tuo prossimo compleanno in vigna<\/strong>?<\/span><span style=\"font-weight: 400;\"><br \/>\n<\/span><span style=\"font-weight: 400;\">Su <strong><a href=\"https:\/\/www.showgroup.it\">Showgroup.it<\/a><\/strong>, puoi trovare centinaia di <strong>magnifiche strutture<\/strong> dove festeggiare questa ricorrenza.<br \/>\nEcco, quindi, una selezione di imperdibili vetrine che faresti bene a non perderti!<\/span><\/p>\n<h3><a href=\"https:\/\/www.showgroup.it\/vetrina\/farmhouse\/opera02_c33101?from_search=true\"><b>Opera02 &#8211; Castelvetro di Modena (MO)<\/b><\/a><\/h3>\n<p><a href=\"https:\/\/www.showgroup.it\/vetrina\/farmhouse\/opera02_c33101?from_search=true\"><img loading=\"lazy\" class=\"alignnone wp-image-87455 size-full\" title=\"Opera02 location Showgroup\" src=\"https:\/\/www.showgroup.it\/blog\/wp-content\/uploads\/2022\/06\/Opera02-location-Showgroup.png\" alt=\"Opera02 location Showgroup\" width=\"1920\" height=\"1080\" srcset=\"https:\/\/www.showgroup.it\/blog\/wp-content\/uploads\/2022\/06\/Opera02-location-Showgroup.png 1920w, https:\/\/www.showgroup.it\/blog\/wp-content\/uploads\/2022\/06\/Opera02-location-Showgroup-300x169.png 300w, https:\/\/www.showgroup.it\/blog\/wp-content\/uploads\/2022\/06\/Opera02-location-Showgroup-1024x576.png 1024w, https:\/\/www.showgroup.it\/blog\/wp-content\/uploads\/2022\/06\/Opera02-location-Showgroup-768x432.png 768w, https:\/\/www.showgroup.it\/blog\/wp-content\/uploads\/2022\/06\/Opera02-location-Showgroup-1536x864.png 1536w\" sizes=\"(max-width: 1920px) 100vw, 1920px\" \/><\/a><span style=\"font-weight: 400;\"> <a href=\"https:\/\/www.showgroup.it\/vetrina\/farmhouse\/opera02_c33101?from_search=true\">Opera 02<\/a>\u00a0\u00e8 la <strong>location ideale<\/strong> per l&#8217;organizzazione di qualsiasi tipo di evento, da<strong> matrimoni e cerimonie<\/strong>, <strong>feste private<\/strong>, <strong>eventi aziendali<\/strong>.<br \/>\n<\/span><span style=\"font-weight: 400;\">Immersa in un paesaggio collinare impreziosito da una distesa di vigneti di Grasparossa, che le conferiscono un forte impatto scenico, <\/span><a href=\"https:\/\/www.showgroup.it\/vetrina\/farmhouse\/opera02_c33101?from_search=true\"><span style=\"font-weight: 400;\">Opera 02<\/span><\/a><span style=\"font-weight: 400;\"> accoglie i suoi ospiti in un ambiente dove <strong>natura e design contemporaneo si incontrano<\/strong>.<br \/>\n<\/span><span style=\"font-weight: 400;\">Una struttura che regala uno sguardo su varie realt\u00e0: la <strong>cantina<\/strong> con una produzione di variet\u00e0 interamente biologiche, l\u2019<strong>acetaia<\/strong>, ricavata dalla ristrutturazione di una vecchia stalla, che ospita le antiche botti di aceto balsamico tradizionale di Modena ed il Resort, un <strong>boutique hotel<\/strong> composto da otto junior suite, ciascuna con terrazza privata sui vigneti.<\/span><span style=\"font-weight: 400;\"><br \/>\n<\/span><span style=\"font-weight: 400;\">Questo luogo \u00e8 un piccolo angolo di paradiso immerso tra i vigneti, qui \u00e8 possibile organizzare pranzi e cene con una vista che sicuramente sapr\u00e0 conquistare te e i tuoi ospiti.<\/span><span style=\"font-weight: 400;\"><br \/>\n<\/span><span style=\"font-weight: 400;\">Inoltre, <\/span><a href=\"https:\/\/www.showgroup.it\/vetrina\/farmhouse\/opera02_c33101\"><span style=\"font-weight: 400;\">Opera02<\/span><\/a><span style=\"font-weight: 400;\"> mette a disposizione anche un <strong>resort<\/strong> e delle <strong>camere per il pernottamento<\/strong>.<\/span><span style=\"font-weight: 400;\"><br \/>\n<\/span><span style=\"font-weight: 400;\">Questa location \u00e8 davvero perfetta per un compleanno, non ti resta che dare un\u2019occhiata al suo profilo <a href=\"https:\/\/www.showgroup.it\">Showgroup <\/a><\/span><a href=\"https:\/\/www.showgroup.it\/vetrina\/farmhouse\/opera02_c33101\"><span style=\"font-weight: 400;\">cliccando qui<\/span><\/a><span style=\"font-weight: 400;\">.<\/span><\/p>\n<h3><strong><a href=\"https:\/\/www.showgroup.it\/vetrina\/farmhouse\/podere-cavaga_c33314?from_search=true\">Podere Cavaga &#8211; Foresto Sparso (BG)<\/a><\/strong><\/h3>\n<p><span style=\"font-weight: 400;\"><a href=\"https:\/\/www.showgroup.it\/vetrina\/farmhouse\/podere-cavaga_c33314?from_search=true\"><img loading=\"lazy\" class=\"alignnone wp-image-87456 size-full\" title=\"Podere Cavega Showgroup\" src=\"https:\/\/www.showgroup.it\/blog\/wp-content\/uploads\/2022\/06\/Podere-Cavaga-location-Showgroup.png\" alt=\"Podere Cavega Showgroup\" width=\"1920\" height=\"1080\" srcset=\"https:\/\/www.showgroup.it\/blog\/wp-content\/uploads\/2022\/06\/Podere-Cavaga-location-Showgroup.png 1920w, https:\/\/www.showgroup.it\/blog\/wp-content\/uploads\/2022\/06\/Podere-Cavaga-location-Showgroup-300x169.png 300w, https:\/\/www.showgroup.it\/blog\/wp-content\/uploads\/2022\/06\/Podere-Cavaga-location-Showgroup-1024x576.png 1024w, https:\/\/www.showgroup.it\/blog\/wp-content\/uploads\/2022\/06\/Podere-Cavaga-location-Showgroup-768x432.png 768w, https:\/\/www.showgroup.it\/blog\/wp-content\/uploads\/2022\/06\/Podere-Cavaga-location-Showgroup-1536x864.png 1536w\" sizes=\"(max-width: 1920px) 100vw, 1920px\" \/><\/a>A Foresto Sparso, in provincia di Bergamo, c\u2019\u00e8 <\/span><a href=\"https:\/\/www.showgroup.it\/vetrina\/farmhouse\/podere-cavaga_c33314?from_search=true\"><span style=\"font-weight: 400;\">Podere Cavaga<\/span><\/a><span style=\"font-weight: 400;\">.<br \/>\n<\/span><span style=\"font-weight: 400;\">Qui il team di esperti, capitanati da Andrea Mazzucchelli, coniuga la <strong>tradizione vitivinicola locale<\/strong> e della <strong>Franciacorta<\/strong> alle<strong> influenze internazionali<\/strong> per offrire prodotti ricercati e di altissima qualit\u00e0.<br \/>\n<\/span><span style=\"font-weight: 400;\">Il<\/span><a href=\"https:\/\/www.showgroup.it\/vetrina\/farmhouse\/podere-cavaga_c33314?from_search=true\"><span style=\"font-weight: 400;\"> Podere<\/span><\/a><span style=\"font-weight: 400;\"> \u00e8 completamente <strong>immerso nella natura<\/strong>, \u00e8 il luogo ideale anche per chi chi desidera organizzare un compleanno, rigenerandosi tra vigneti, bosco e servizi di altissima qualit\u00e0.<\/span><span style=\"font-weight: 400;\"><br \/>\n<\/span><span style=\"font-weight: 400;\">In questa location, <strong>la bellezza della natura incontra il design<\/strong> <strong>moderno<\/strong> e sofisticato di ambienti raccolti e intimi.<\/span><span style=\"font-weight: 400;\"><br \/>\n<\/span><span style=\"font-weight: 400;\">Non da meno, infatti, sono oltre che gli spazi esterni, anche quelli interni.<\/span><span style=\"font-weight: 400;\"><br \/>\n<\/span><a href=\"https:\/\/www.showgroup.it\/vetrina\/farmhouse\/podere-cavaga_c33314?from_search=true\"><span style=\"font-weight: 400;\">Podere Cavaga<\/span><\/a><span style=\"font-weight: 400;\"> mette a disposizione delle camere dallo stile ricercato ed elegante in cui poter pernottare.<br \/>\n<\/span><span style=\"font-weight: 400;\">Non ti resta che dare un\u2019occhiata al profilo <\/span><a href=\"https:\/\/www.showgroup.it\"><span style=\"font-weight: 400;\">Showgroup<\/span><\/a><span style=\"font-weight: 400;\"> di <\/span><a href=\"https:\/\/www.showgroup.it\/vetrina\/farmhouse\/podere-cavaga_c33314?from_search=true\"><span style=\"font-weight: 400;\">Podere Cavaga<\/span><\/a><span style=\"font-weight: 400;\"> e contattare la struttura gratuitamente per organizzare il tuo evento.<\/span><\/p>\n<h3><a href=\"https:\/\/www.showgroup.it\/vetrina\/farmhouse\/oasi-galbusera-bianca_c32344?from_search=true\"><b>Oasi Galbusera Bianca &#8211; La Valletta Brianza (LC)<\/b><\/a><\/h3>\n<p><a href=\"https:\/\/www.showgroup.it\/vetrina\/farmhouse\/oasi-galbusera-bianca_c32344?from_search=true\"><img loading=\"lazy\" class=\"alignnone wp-image-87457 size-full\" title=\"Oasi Galbusera Bianca Showgroup\" src=\"https:\/\/www.showgroup.it\/blog\/wp-content\/uploads\/2022\/06\/Oasi-Galbusera-Bianca-location-Showgroup.png\" alt=\"Oasi Galbusera Bianca Showgroup\" width=\"1920\" height=\"1080\" srcset=\"https:\/\/www.showgroup.it\/blog\/wp-content\/uploads\/2022\/06\/Oasi-Galbusera-Bianca-location-Showgroup.png 1920w, https:\/\/www.showgroup.it\/blog\/wp-content\/uploads\/2022\/06\/Oasi-Galbusera-Bianca-location-Showgroup-300x169.png 300w, https:\/\/www.showgroup.it\/blog\/wp-content\/uploads\/2022\/06\/Oasi-Galbusera-Bianca-location-Showgroup-1024x576.png 1024w, https:\/\/www.showgroup.it\/blog\/wp-content\/uploads\/2022\/06\/Oasi-Galbusera-Bianca-location-Showgroup-768x432.png 768w, https:\/\/www.showgroup.it\/blog\/wp-content\/uploads\/2022\/06\/Oasi-Galbusera-Bianca-location-Showgroup-1536x864.png 1536w\" sizes=\"(max-width: 1920px) 100vw, 1920px\" \/><\/a>Oasi Galbusera Bianca<span style=\"font-weight: 400;\"> \u00e8 un <strong>relais di charme<\/strong> nella verde Brianza, situato sulle colline della Valle del Curone, a <strong>meno di un\u2019ora da Milano<\/strong>.<br \/>\n<\/span><span style=\"font-weight: 400;\">La sua collocazione, nel verde del Parco della Valle del Curone, protegge Oasi dal traffico e dai rumori dei centri urbani rendendola uno spazio <strong>silenzioso e in piena armonia con la natura<\/strong>. <\/span><span style=\"font-weight: 400;\"><br \/>\n<\/span><span style=\"font-weight: 400;\">Anche questa location si presta perfettamente per l\u2019<strong>organizzazione di compleanni<\/strong>, immersa in un panorama unico dove <strong>perdersi nel relax tra luci<\/strong> e <strong>colori<\/strong>, grazie al contesto in cui si trova, \u00e8 pi\u00f9 facile che mai.<\/span><span style=\"font-weight: 400;\"><br \/>\n<\/span><a href=\"https:\/\/www.showgroup.it\/vetrina\/farmhouse\/oasi-galbusera-bianca_c32344?from_search=true\"><span style=\"font-weight: 400;\">Oasi Galbusera Bianca<\/span><\/a><span style=\"font-weight: 400;\"> mette a disposizione anche delle camere per il pernottamento. <\/span><span style=\"font-weight: 400;\"><br \/>\n<\/span><span style=\"font-weight: 400;\">Puoi consultare la vetrina <a href=\"https:\/\/www.showgroup.it\">Showgroup<\/a> di <\/span><a href=\"https:\/\/www.showgroup.it\/vetrina\/farmhouse\/oasi-galbusera-bianca_c32344?from_search=true\"><span style=\"font-weight: 400;\">Oasi Galbusera Bianca cliccando qui<\/span><\/a><span style=\"font-weight: 400;\">.<\/span><\/p>\n<h3><strong><a href=\"https:\/\/www.showgroup.it\/vetrina\/farmhouse\/tenuta-colle-paradiso_c32031?from_search=true\">Tenuta Colle Paradiso &#8211; Erbusco (BS)<\/a><\/strong><\/h3>\n<p><span style=\"font-weight: 400;\"><a href=\"https:\/\/www.showgroup.it\/vetrina\/farmhouse\/tenuta-colle-paradiso_c32031?from_search=true\"><img loading=\"lazy\" class=\"alignnone wp-image-87459 size-full\" title=\"Tenuta colle paradiso location Showgroup\" src=\"https:\/\/www.showgroup.it\/blog\/wp-content\/uploads\/2022\/06\/Tenuta-colle-paradiso-location-Showgroup.png\" alt=\"Tenuta colle paradiso location Showgroup\" width=\"1920\" height=\"1080\" srcset=\"https:\/\/www.showgroup.it\/blog\/wp-content\/uploads\/2022\/06\/Tenuta-colle-paradiso-location-Showgroup.png 1920w, https:\/\/www.showgroup.it\/blog\/wp-content\/uploads\/2022\/06\/Tenuta-colle-paradiso-location-Showgroup-300x169.png 300w, https:\/\/www.showgroup.it\/blog\/wp-content\/uploads\/2022\/06\/Tenuta-colle-paradiso-location-Showgroup-1024x576.png 1024w, https:\/\/www.showgroup.it\/blog\/wp-content\/uploads\/2022\/06\/Tenuta-colle-paradiso-location-Showgroup-768x432.png 768w, https:\/\/www.showgroup.it\/blog\/wp-content\/uploads\/2022\/06\/Tenuta-colle-paradiso-location-Showgroup-1536x864.png 1536w\" sizes=\"(max-width: 1920px) 100vw, 1920px\" \/><\/a>Con <\/span><a href=\"https:\/\/www.showgroup.it\/vetrina\/farmhouse\/tenuta-colle-paradiso_c32031?from_search=true\"><span style=\"font-weight: 400;\">Tenuta Colle Paradiso<\/span><\/a><span style=\"font-weight: 400;\">, ci spostiamo a Erbusco, in <strong>provincia di Brescia<\/strong>.<\/span><span style=\"font-weight: 400;\"><br \/>\n<\/span><span style=\"font-weight: 400;\">Questa location \u00e8 <strong>circondata da un rigoglioso parco centenario<\/strong>, con una straordinaria vista panoramica sul Lago d\u2019 Iseo, sulle citt\u00e0 di Brescia e Bergamo e sulle vigne ovviamente!<br \/>\n<\/span><span style=\"font-weight: 400;\">La sua posizione fortunata ti permetter\u00e0 di organizzare l\u2019evento senza restrizioni sulla musica o gli orari.<\/span><span style=\"font-weight: 400;\"><br \/>\n<\/span><span style=\"font-weight: 400;\">Altri punti a favore di questa magnifica dimora sono: la presenza di uno staff di sala e di cucina, esperto e altamente qualificato, e quella dello Chef Alessandro che grazie all&#8217;eccellente servizio di cucina interno, men\u00f9 personalizzabili, sapr\u00e0 adattarsi al meglio alle esigenze. <\/span><span style=\"font-weight: 400;\"><br \/>\n<\/span><span style=\"font-weight: 400;\">Il panorama c\u2019\u00e8, l\u2019ottimo cibo anche, le vigne incorniciano la location\u2026non ti resta che dare un\u2019occhiata alla vetrina<\/span><a href=\"https:\/\/www.showgroup.it\"><span style=\"font-weight: 400;\"> Showgroup<\/span><\/a><span style=\"font-weight: 400;\"> di <\/span><a href=\"https:\/\/www.showgroup.it\/vetrina\/farmhouse\/tenuta-colle-paradiso_c32031?from_search=true\"><span style=\"font-weight: 400;\">Tenuta Colle Paradiso cliccando qui<\/span><\/a><span style=\"font-weight: 400;\">.<\/span><\/p>\n<h2><a href=\"https:\/\/www.showgroup.it\"><strong>Hai trovato la location perfetta per il tuo prossimo compleanno?<\/strong><\/a><\/h2>\n<p>Ci auguriamo che questo articolo ti abbia aiutato a fare chiarezza sui <strong>punti di forza delle location tra le vigne<\/strong> e sul perch\u00e9 siano il <strong>luogo perfetto dove organizzare il tuo prossimo compleanno<\/strong>.<br \/>\nSu <a href=\"https:\/\/www.showgroup.it\">Showgroup.it<\/a> ti aspettano tante altre ispirazioni tra location, artisti e operatori del mondo dello spettacolo. Non lasciartele sfuggire!<\/p>\n","protected":false},"excerpt":{"rendered":"<p>Festa di compleanno in una location tra le vigne? Ecco perch\u00e9! Le location tra le vigne sono tra i luoghi [&hellip;]<\/p>\n","protected":false},"author":5,"featured_media":87464,"comment_status":"open","ping_status":"open","sticky":false,"template":"","format":"standard","meta":[],"categories":[661],"tags":[200,541,542,543,544],"yoast_head":"<!-- This site is optimized with the Yoast SEO plugin v16.9 - https:\/\/yoast.com\/wordpress\/plugins\/seo\/ -->\n<title>Compleanno tra le vigne nel Nord Italia: le location pi\u00f9 belle &bull; Showgroup - Ready to be WOW!<\/title>\n<meta name=\"description\" content=\"Fai gli anni in estate e sei alla ricerca del \u201cposto giusto\u201d dove festeggiare? Organizza il tuo compleanno in una location tra le vigne!\" \/>\n<meta name=\"robots\" content=\"index, follow, max-snippet:-1, max-image-preview:large, max-video-preview:-1\" \/>\n<link rel=\"canonical\" href=\"https:\/\/www.showgroup.it\/blog\/2022\/06\/24\/compleanno-tra-le-vigne-nel-nord-italia-le-location-piu-belle\/\" \/>\n<meta property=\"og:locale\" content=\"it_IT\" \/>\n<meta property=\"og:type\" content=\"article\" \/>\n<meta property=\"og:title\" content=\"Compleanno tra le vigne nel Nord Italia: le location pi\u00f9 belle &bull; Showgroup - Ready to be WOW!\" \/>\n<meta property=\"og:description\" content=\"Fai gli anni in estate e sei alla ricerca del \u201cposto giusto\u201d dove festeggiare? Organizza il tuo compleanno in una location tra le vigne!\" \/>\n<meta property=\"og:url\" content=\"https:\/\/www.showgroup.it\/blog\/2022\/06\/24\/compleanno-tra-le-vigne-nel-nord-italia-le-location-piu-belle\/\" \/>\n<meta property=\"og:site_name\" content=\"Showgroup - Ready to be WOW!\" \/>\n<meta property=\"article:publisher\" content=\"https:\/\/www.facebook.com\/ShowGroupWow\/\" \/>\n<meta property=\"article:published_time\" content=\"2022-06-24T09:04:20+00:00\" \/>\n<meta property=\"article:modified_time\" content=\"2025-05-29T07:33:06+00:00\" \/>\n<meta property=\"og:image\" content=\"https:\/\/www.showgroup.it\/blog\/wp-content\/uploads\/2022\/06\/1-min.png\" \/>\n\t<meta property=\"og:image:width\" content=\"1920\" \/>\n\t<meta property=\"og:image:height\" content=\"1080\" \/>\n<meta name=\"twitter:card\" content=\"summary_large_image\" \/>\n<meta name=\"twitter:label1\" content=\"Scritto da\" \/>\n\t<meta name=\"twitter:data1\" content=\"Benedetta Gatti\" \/>\n\t<meta name=\"twitter:label2\" content=\"Tempo di lettura stimato\" \/>\n\t<meta name=\"twitter:data2\" content=\"5 minuti\" \/>\n<script type=\"application\/ld+json\" class=\"yoast-schema-graph\">{\"@context\":\"https:\/\/schema.org\",\"@graph\":[{\"@type\":\"Organization\",\"@id\":\"https:\/\/www.showgroup.it\/#organization\",\"name\":\"Showgroup\",\"url\":\"https:\/\/www.showgroup.it\/\",\"sameAs\":[\"https:\/\/www.facebook.com\/ShowGroupWow\/\",\"https:\/\/www.instagram.com\/showgroupwow\/\"],\"logo\":{\"@type\":\"ImageObject\",\"@id\":\"https:\/\/www.showgroup.it\/#logo\",\"inLanguage\":\"it-IT\",\"url\":\"https:\/\/www.showgroup.it\/blog\/wp-content\/uploads\/2025\/01\/logo-black.svg\",\"contentUrl\":\"https:\/\/www.showgroup.it\/blog\/wp-content\/uploads\/2025\/01\/logo-black.svg\",\"width\":1440,\"height\":916,\"caption\":\"Showgroup\"},\"image\":{\"@id\":\"https:\/\/www.showgroup.it\/#logo\"}},{\"@type\":\"WebSite\",\"@id\":\"https:\/\/www.showgroup.it\/#website\",\"url\":\"https:\/\/www.showgroup.it\/\",\"name\":\"Showgroup - Ready to be WOW!\",\"description\":\"Il primo portale gratuito dedicato al mondo dello spettacolo.\",\"publisher\":{\"@id\":\"https:\/\/www.showgroup.it\/#organization\"},\"potentialAction\":[{\"@type\":\"SearchAction\",\"target\":{\"@type\":\"EntryPoint\",\"urlTemplate\":\"https:\/\/www.showgroup.it\/?s={search_term_string}\"},\"query-input\":\"required name=search_term_string\"}],\"inLanguage\":\"it-IT\"},{\"@type\":\"ImageObject\",\"@id\":\"https:\/\/www.showgroup.it\/blog\/2022\/06\/24\/compleanno-tra-le-vigne-nel-nord-italia-le-location-piu-belle\/#primaryimage\",\"inLanguage\":\"it-IT\",\"url\":\"https:\/\/www.showgroup.it\/blog\/wp-content\/uploads\/2022\/06\/1-min.png\",\"contentUrl\":\"https:\/\/www.showgroup.it\/blog\/wp-content\/uploads\/2022\/06\/1-min.png\",\"width\":1920,\"height\":1080},{\"@type\":\"WebPage\",\"@id\":\"https:\/\/www.showgroup.it\/blog\/2022\/06\/24\/compleanno-tra-le-vigne-nel-nord-italia-le-location-piu-belle\/#webpage\",\"url\":\"https:\/\/www.showgroup.it\/blog\/2022\/06\/24\/compleanno-tra-le-vigne-nel-nord-italia-le-location-piu-belle\/\",\"name\":\"Compleanno tra le vigne nel Nord Italia: le location pi\\u00f9 belle &bull; Showgroup - Ready to be WOW!\",\"isPartOf\":{\"@id\":\"https:\/\/www.showgroup.it\/#website\"},\"primaryImageOfPage\":{\"@id\":\"https:\/\/www.showgroup.it\/blog\/2022\/06\/24\/compleanno-tra-le-vigne-nel-nord-italia-le-location-piu-belle\/#primaryimage\"},\"datePublished\":\"2022-06-24T09:04:20+00:00\",\"dateModified\":\"2025-05-29T07:33:06+00:00\",\"description\":\"Fai gli anni in estate e sei alla ricerca del \\u201cposto giusto\\u201d dove festeggiare? Organizza il tuo compleanno in una location tra le vigne!\",\"breadcrumb\":{\"@id\":\"https:\/\/www.showgroup.it\/blog\/2022\/06\/24\/compleanno-tra-le-vigne-nel-nord-italia-le-location-piu-belle\/#breadcrumb\"},\"inLanguage\":\"it-IT\",\"potentialAction\":[{\"@type\":\"ReadAction\",\"target\":[\"https:\/\/www.showgroup.it\/blog\/2022\/06\/24\/compleanno-tra-le-vigne-nel-nord-italia-le-location-piu-belle\/\"]}]},{\"@type\":\"BreadcrumbList\",\"@id\":\"https:\/\/www.showgroup.it\/blog\/2022\/06\/24\/compleanno-tra-le-vigne-nel-nord-italia-le-location-piu-belle\/#breadcrumb\",\"itemListElement\":[{\"@type\":\"ListItem\",\"position\":1,\"name\":\"Home\",\"item\":\"https:\/\/www.showgroup.it\/blog\/\"},{\"@type\":\"ListItem\",\"position\":2,\"name\":\"Compleanno tra le vigne nel Nord Italia: le location pi\\u00f9 belle\"}]},{\"@type\":\"Article\",\"@id\":\"https:\/\/www.showgroup.it\/blog\/2022\/06\/24\/compleanno-tra-le-vigne-nel-nord-italia-le-location-piu-belle\/#article\",\"isPartOf\":{\"@id\":\"https:\/\/www.showgroup.it\/blog\/2022\/06\/24\/compleanno-tra-le-vigne-nel-nord-italia-le-location-piu-belle\/#webpage\"},\"author\":{\"@id\":\"https:\/\/www.showgroup.it\/#\/schema\/person\/9b799d433be4e17451d197175628047a\"},\"headline\":\"Compleanno tra le vigne nel Nord Italia: le location pi\\u00f9 belle\",\"datePublished\":\"2022-06-24T09:04:20+00:00\",\"dateModified\":\"2025-05-29T07:33:06+00:00\",\"mainEntityOfPage\":{\"@id\":\"https:\/\/www.showgroup.it\/blog\/2022\/06\/24\/compleanno-tra-le-vigne-nel-nord-italia-le-location-piu-belle\/#webpage\"},\"wordCount\":893,\"commentCount\":0,\"publisher\":{\"@id\":\"https:\/\/www.showgroup.it\/#organization\"},\"image\":{\"@id\":\"https:\/\/www.showgroup.it\/blog\/2022\/06\/24\/compleanno-tra-le-vigne-nel-nord-italia-le-location-piu-belle\/#primaryimage\"},\"thumbnailUrl\":\"https:\/\/www.showgroup.it\/blog\/wp-content\/uploads\/2022\/06\/1-min.png\",\"keywords\":[\"location\",\"complenno\",\"vigne\",\"tenuta\",\"location nord\"],\"articleSection\":[\"Eventi e location\"],\"inLanguage\":\"it-IT\",\"potentialAction\":[{\"@type\":\"CommentAction\",\"name\":\"Comment\",\"target\":[\"https:\/\/www.showgroup.it\/blog\/2022\/06\/24\/compleanno-tra-le-vigne-nel-nord-italia-le-location-piu-belle\/#respond\"]}]},{\"@type\":\"Person\",\"@id\":\"https:\/\/www.showgroup.it\/#\/schema\/person\/9b799d433be4e17451d197175628047a\",\"name\":\"Benedetta Gatti\",\"image\":{\"@type\":\"ImageObject\",\"@id\":\"https:\/\/www.showgroup.it\/#personlogo\",\"inLanguage\":\"it-IT\",\"url\":\"https:\/\/secure.gravatar.com\/avatar\/32ceeb7300be30aabe2c84fdaa89eac0?s=96&d=mm&r=g\",\"contentUrl\":\"https:\/\/secure.gravatar.com\/avatar\/32ceeb7300be30aabe2c84fdaa89eac0?s=96&d=mm&r=g\",\"caption\":\"Benedetta Gatti\"}}]}<\/script>\n<!-- \/ Yoast SEO plugin. -->","yoast_head_json":{"title":"Compleanno tra le vigne nel Nord Italia: le location pi\u00f9 belle &bull; Showgroup - Ready to be WOW!","description":"Fai gli anni in estate e sei alla ricerca del \u201cposto giusto\u201d dove festeggiare? Organizza il tuo compleanno in una location tra le vigne!","robots":{"index":"index","follow":"follow","max-snippet":"max-snippet:-1","max-image-preview":"max-image-preview:large","max-video-preview":"max-video-preview:-1"},"canonical":"https:\/\/www.showgroup.it\/blog\/2022\/06\/24\/compleanno-tra-le-vigne-nel-nord-italia-le-location-piu-belle\/","og_locale":"it_IT","og_type":"article","og_title":"Compleanno tra le vigne nel Nord Italia: le location pi\u00f9 belle &bull; Showgroup - Ready to be WOW!","og_description":"Fai gli anni in estate e sei alla ricerca del \u201cposto giusto\u201d dove festeggiare? Organizza il tuo compleanno in una location tra le vigne!","og_url":"https:\/\/www.showgroup.it\/blog\/2022\/06\/24\/compleanno-tra-le-vigne-nel-nord-italia-le-location-piu-belle\/","og_site_name":"Showgroup - Ready to be WOW!","article_publisher":"https:\/\/www.facebook.com\/ShowGroupWow\/","article_published_time":"2022-06-24T09:04:20+00:00","article_modified_time":"2025-05-29T07:33:06+00:00","og_image":[{"width":1920,"height":1080,"url":"https:\/\/www.showgroup.it\/blog\/wp-content\/uploads\/2022\/06\/1-min.png","path":"\/sites\/www.showgroup.it\/files\/blog\/wp-content\/uploads\/2022\/06\/1-min.png","size":"full","id":87464,"alt":"","pixels":2073600,"type":"image\/png"}],"twitter_card":"summary_large_image","twitter_misc":{"Scritto da":"Benedetta Gatti","Tempo di lettura stimato":"5 minuti"},"schema":{"@context":"https:\/\/schema.org","@graph":[{"@type":"Organization","@id":"https:\/\/www.showgroup.it\/#organization","name":"Showgroup","url":"https:\/\/www.showgroup.it\/","sameAs":["https:\/\/www.facebook.com\/ShowGroupWow\/","https:\/\/www.instagram.com\/showgroupwow\/"],"logo":{"@type":"ImageObject","@id":"https:\/\/www.showgroup.it\/#logo","inLanguage":"it-IT","url":"https:\/\/www.showgroup.it\/blog\/wp-content\/uploads\/2025\/01\/logo-black.svg","contentUrl":"https:\/\/www.showgroup.it\/blog\/wp-content\/uploads\/2025\/01\/logo-black.svg","width":1440,"height":916,"caption":"Showgroup"},"image":{"@id":"https:\/\/www.showgroup.it\/#logo"}},{"@type":"WebSite","@id":"https:\/\/www.showgroup.it\/#website","url":"https:\/\/www.showgroup.it\/","name":"Showgroup - Ready to be WOW!","description":"Il primo portale gratuito dedicato al mondo dello spettacolo.","publisher":{"@id":"https:\/\/www.showgroup.it\/#organization"},"potentialAction":[{"@type":"SearchAction","target":{"@type":"EntryPoint","urlTemplate":"https:\/\/www.showgroup.it\/?s={search_term_string}"},"query-input":"required name=search_term_string"}],"inLanguage":"it-IT"},{"@type":"ImageObject","@id":"https:\/\/www.showgroup.it\/blog\/2022\/06\/24\/compleanno-tra-le-vigne-nel-nord-italia-le-location-piu-belle\/#primaryimage","inLanguage":"it-IT","url":"https:\/\/www.showgroup.it\/blog\/wp-content\/uploads\/2022\/06\/1-min.png","contentUrl":"https:\/\/www.showgroup.it\/blog\/wp-content\/uploads\/2022\/06\/1-min.png","width":1920,"height":1080},{"@type":"WebPage","@id":"https:\/\/www.showgroup.it\/blog\/2022\/06\/24\/compleanno-tra-le-vigne-nel-nord-italia-le-location-piu-belle\/#webpage","url":"https:\/\/www.showgroup.it\/blog\/2022\/06\/24\/compleanno-tra-le-vigne-nel-nord-italia-le-location-piu-belle\/","name":"Compleanno tra le vigne nel Nord Italia: le location pi\u00f9 belle &bull; Showgroup - Ready to be WOW!","isPartOf":{"@id":"https:\/\/www.showgroup.it\/#website"},"primaryImageOfPage":{"@id":"https:\/\/www.showgroup.it\/blog\/2022\/06\/24\/compleanno-tra-le-vigne-nel-nord-italia-le-location-piu-belle\/#primaryimage"},"datePublished":"2022-06-24T09:04:20+00:00","dateModified":"2025-05-29T07:33:06+00:00","description":"Fai gli anni in estate e sei alla ricerca del \u201cposto giusto\u201d dove festeggiare? Organizza il tuo compleanno in una location tra le vigne!","breadcrumb":{"@id":"https:\/\/www.showgroup.it\/blog\/2022\/06\/24\/compleanno-tra-le-vigne-nel-nord-italia-le-location-piu-belle\/#breadcrumb"},"inLanguage":"it-IT","potentialAction":[{"@type":"ReadAction","target":["https:\/\/www.showgroup.it\/blog\/2022\/06\/24\/compleanno-tra-le-vigne-nel-nord-italia-le-location-piu-belle\/"]}]},{"@type":"BreadcrumbList","@id":"https:\/\/www.showgroup.it\/blog\/2022\/06\/24\/compleanno-tra-le-vigne-nel-nord-italia-le-location-piu-belle\/#breadcrumb","itemListElement":[{"@type":"ListItem","position":1,"name":"Home","item":"https:\/\/www.showgroup.it\/blog\/"},{"@type":"ListItem","position":2,"name":"Compleanno tra le vigne nel Nord Italia: le location pi\u00f9 belle"}]},{"@type":"Article","@id":"https:\/\/www.showgroup.it\/blog\/2022\/06\/24\/compleanno-tra-le-vigne-nel-nord-italia-le-location-piu-belle\/#article","isPartOf":{"@id":"https:\/\/www.showgroup.it\/blog\/2022\/06\/24\/compleanno-tra-le-vigne-nel-nord-italia-le-location-piu-belle\/#webpage"},"author":{"@id":"https:\/\/www.showgroup.it\/#\/schema\/person\/9b799d433be4e17451d197175628047a"},"headline":"Compleanno tra le vigne nel Nord Italia: le location pi\u00f9 belle","datePublished":"2022-06-24T09:04:20+00:00","dateModified":"2025-05-29T07:33:06+00:00","mainEntityOfPage":{"@id":"https:\/\/www.showgroup.it\/blog\/2022\/06\/24\/compleanno-tra-le-vigne-nel-nord-italia-le-location-piu-belle\/#webpage"},"wordCount":893,"commentCount":0,"publisher":{"@id":"https:\/\/www.showgroup.it\/#organization"},"image":{"@id":"https:\/\/www.showgroup.it\/blog\/2022\/06\/24\/compleanno-tra-le-vigne-nel-nord-italia-le-location-piu-belle\/#primaryimage"},"thumbnailUrl":"https:\/\/www.showgroup.it\/blog\/wp-content\/uploads\/2022\/06\/1-min.png","keywords":["location","complenno","vigne","tenuta","location nord"],"articleSection":["Eventi e location"],"inLanguage":"it-IT","potentialAction":[{"@type":"CommentAction","name":"Comment","target":["https:\/\/www.showgroup.it\/blog\/2022\/06\/24\/compleanno-tra-le-vigne-nel-nord-italia-le-location-piu-belle\/#respond"]}]},{"@type":"Person","@id":"https:\/\/www.showgroup.it\/#\/schema\/person\/9b799d433be4e17451d197175628047a","name":"Benedetta Gatti","image":{"@type":"ImageObject","@id":"https:\/\/www.showgroup.it\/#personlogo","inLanguage":"it-IT","url":"https:\/\/secure.gravatar.com\/avatar\/32ceeb7300be30aabe2c84fdaa89eac0?s=96&d=mm&r=g","contentUrl":"https:\/\/secure.gravatar.com\/avatar\/32ceeb7300be30aabe2c84fdaa89eac0?s=96&d=mm&r=g","caption":"Benedetta Gatti"}}]}},"_links":{"self":[{"href":"https:\/\/www.showgroup.it\/blog\/wp-json\/wp\/v2\/posts\/87454"}],"collection":[{"href":"https:\/\/www.showgroup.it\/blog\/wp-json\/wp\/v2\/posts"}],"about":[{"href":"https:\/\/www.showgroup.it\/blog\/wp-json\/wp\/v2\/types\/post"}],"author":[{"embeddable":true,"href":"https:\/\/www.showgroup.it\/blog\/wp-json\/wp\/v2\/users\/5"}],"replies":[{"embeddable":true,"href":"https:\/\/www.showgroup.it\/blog\/wp-json\/wp\/v2\/comments?post=87454"}],"version-history":[{"count":1,"href":"https:\/\/www.showgroup.it\/blog\/wp-json\/wp\/v2\/posts\/87454\/revisions"}],"predecessor-version":[{"id":99083,"href":"https:\/\/www.showgroup.it\/blog\/wp-json\/wp\/v2\/posts\/87454\/revisions\/99083"}],"wp:featuredmedia":[{"embeddable":true,"href":"https:\/\/www.showgroup.it\/blog\/wp-json\/wp\/v2\/media\/87464"}],"wp:attachment":[{"href":"https:\/\/www.showgroup.it\/blog\/wp-json\/wp\/v2\/media?parent=87454"}],"wp:term":[{"taxonomy":"category","embeddable":true,"href":"https:\/\/www.showgroup.it\/blog\/wp-json\/wp\/v2\/categories?post=87454"},{"taxonomy":"post_tag","embeddable":true,"href":"https:\/\/www.showgroup.it\/blog\/wp-json\/wp\/v2\/tags?post=87454"}],"curies":[{"name":"wp","href":"https:\/\/api.w.org\/{rel}","templated":true}]}}