{"id":87900,"date":"2022-07-26T07:42:54","date_gmt":"2022-07-26T05:42:54","guid":{"rendered":"https:\/\/www.showgroup.it\/?p=87900"},"modified":"2025-05-29T09:15:23","modified_gmt":"2025-05-29T07:15:23","slug":"capelli-addio-al-nubilato-accessori-e-acconciature","status":"publish","type":"post","link":"https:\/\/www.showgroup.it\/blog\/2022\/07\/26\/capelli-addio-al-nubilato-accessori-e-acconciature\/","title":{"rendered":"Capelli addio al nubilato: accessori e acconciature"},"content":{"rendered":"<p><strong>Manca poco al grande passo e stai pensando a come divertirti nella tua ultima notte da nubile?<\/strong><\/p>\n<p>Innanzitutto organizzando un <a href=\"https:\/\/www.showgroup.it\/blog\/2022\/06\/30\/addio-al-nubilato-adrenalinico-ecco-come\/\">addio al celibato adrenalinico<\/a>, che ti dia la possibilit\u00e0 di festeggiare in modo diverso dal solito! L&#8217;addio al nubilato deve essere un giorno indimenticabile da trascorrere con le proprie amiche, magari trascorrendo una giornata fuori citt\u00e0 o divertendovi fino al mattino, per poi ritrovarvi a guardare, a distanza di anno, delle bellissime foto ricordo di quel giorno speciale.<\/p>\n<p>Un&#8217;occasione unica va festeggiata in modo particolare, quindi via libera a <strong>fantasia<\/strong>, <strong>follia<\/strong> e a tagli e colori unici, divertenti o stravaganti senza rinunciare ad essere bellissime e solari. Sei in cerca di spunti per acconciare i tuoi capelli in vista dell&#8217;addio al nubilato? Allora sei nel posto giusto!<\/p>\n<h2>Le acconciature pi\u00f9 belle per l&#8217;addio al nubilato!<\/h2>\n<h3>Onde morbide e sfumate<\/h3>\n<p><a href=\"https:\/\/www.showgroup.it\/vetrina\/hairstylist\/stefano-nizzi_c23135\"><img loading=\"lazy\" class=\"alignnone wp-image-87901 size-full\" src=\"https:\/\/www.showgroup.it\/blog\/wp-content\/uploads\/2022\/07\/capelli-addio-al-nubilato.jpg\" alt=\"acconciatura stefano nizzi\" width=\"1920\" height=\"1080\" srcset=\"https:\/\/www.showgroup.it\/blog\/wp-content\/uploads\/2022\/07\/capelli-addio-al-nubilato.jpg 1920w, https:\/\/www.showgroup.it\/blog\/wp-content\/uploads\/2022\/07\/capelli-addio-al-nubilato-300x169.jpg 300w, https:\/\/www.showgroup.it\/blog\/wp-content\/uploads\/2022\/07\/capelli-addio-al-nubilato-1024x576.jpg 1024w, https:\/\/www.showgroup.it\/blog\/wp-content\/uploads\/2022\/07\/capelli-addio-al-nubilato-768x432.jpg 768w, https:\/\/www.showgroup.it\/blog\/wp-content\/uploads\/2022\/07\/capelli-addio-al-nubilato-1536x864.jpg 1536w\" sizes=\"(max-width: 1920px) 100vw, 1920px\" \/><\/a><\/p>\n<p>Che tu abbia i capelli lunghi o corti, i capelli sciolti sono una <strong>tendenza evergreen<\/strong>. La loro popolarit\u00e0 \u00e8 dovuta al fatto che conferiscono un fascino sensuale, elegante e raffinato.<\/p>\n<p>\u00c8 possibile utilizzare un ferro <strong>arricciacapelli<\/strong> o anche una <strong>classica piastra<\/strong> per ottenere questo tipo di acconciatura. Per la dimensione dell&#8217;onda puoi regolarti prendendo grandi ciocche di capelli oppure sezioni pi\u00f9 piccole. Una volta ottenuta la piega, scuotili con le dita.\u00a0Per ottenere un look ispirato agli anni &#8217;40, arriccia solo la met\u00e0 inferiore dei capelli. Infine, puoi <strong>fissarli\u00a0con un po&#8217; di lacca<\/strong> o un forte fissatore in modo che le onde restino al loro posto tutto il giorno.<\/p>\n<p>Puoi prendere spunto dalle proposte di <a href=\"https:\/\/www.showgroup.it\/vetrina\/hairstylist\/stefano-nizzi_c23135\">Stefano Nizzi<\/a>, che enfatizza questo stile con ricercate sfumature di colore e tonalit\u00e0 pi\u00f9 decise. Un&#8217;alternativa per i capelli dell&#8217;addio al nubilato pu\u00f2 essere quella di impreziosire questo stile con una <strong>treccia<\/strong> che incornicia la parte superiore del viso o la lunghezza.<\/p>\n<h3>Taglio corto e scomposto<\/h3>\n<p><a href=\"https:\/\/www.showgroup.it\/vetrina\/hairstylist\/ernesto-giampino-academy-srl_c25871\"><img loading=\"lazy\" class=\"alignnone wp-image-87902 size-full\" src=\"https:\/\/www.showgroup.it\/blog\/wp-content\/uploads\/2022\/07\/capelli-addio-al-nubilato-2.jpg\" alt=\"ernesto giampino acconciature\" width=\"1920\" height=\"1080\" srcset=\"https:\/\/www.showgroup.it\/blog\/wp-content\/uploads\/2022\/07\/capelli-addio-al-nubilato-2.jpg 1920w, https:\/\/www.showgroup.it\/blog\/wp-content\/uploads\/2022\/07\/capelli-addio-al-nubilato-2-300x169.jpg 300w, https:\/\/www.showgroup.it\/blog\/wp-content\/uploads\/2022\/07\/capelli-addio-al-nubilato-2-1024x576.jpg 1024w, https:\/\/www.showgroup.it\/blog\/wp-content\/uploads\/2022\/07\/capelli-addio-al-nubilato-2-768x432.jpg 768w, https:\/\/www.showgroup.it\/blog\/wp-content\/uploads\/2022\/07\/capelli-addio-al-nubilato-2-1536x864.jpg 1536w\" sizes=\"(max-width: 1920px) 100vw, 1920px\" \/><\/a><\/p>\n<p>Dato che ti appresti a cambiare vita pronunciando il fatidico &#8220;s\u00ec&#8221;, perch\u00e9 non dare una svolta decisa anche alla tua acconciatura? I <strong>tagli corti e scomposti<\/strong> sono tornati di gran moda negli ultimi anni! Se vuoi osare, opta per un taglio camaleontico e ribelle, ideale per\u00a0osare con le forme, puntando sulla verticalit\u00e0, le geometrie e le consistenze, per scolpire sguardi e zigomi come fossero opere d\u2019arte.<\/p>\n<p>Se pensi che questo stile possa fare al caso ti consigliamo il taglio capelli pi\u00f9 trendy del momento: il <strong>bixie<\/strong>. Non proprio una novit\u00e0, visto che \u00e8 stato portato alla ribalta da Meg Ryan negli ultimi anni &#8217;90, ma oggi sta vivendo una seconda giovinezza. Questo taglio di capelli medio corto unisce le caratteristiche chiave del pixie cut, o taglio corto da folletto, e del bob, vale a dire il caschetto. Uno stile di sicuro effetto come puoi vedere nell&#8217;acconciatura realizzata da <a href=\"https:\/\/www.showgroup.it\/vetrina\/hairstylist\/ernesto-giampino-academy-srl_c25871\">Ernesto Giampino<\/a>!<\/p>\n<h3>Semiraccolto<\/h3>\n<p><a href=\"https:\/\/www.showgroup.it\/vetrina\/hairstylist\/ganna_hairstyle_c18516\"><img loading=\"lazy\" class=\"alignnone wp-image-87903 size-full\" src=\"https:\/\/www.showgroup.it\/blog\/wp-content\/uploads\/2022\/07\/capelli-addio-al-nubilato-3.jpg\" alt=\"raccolti ganna hairstyle\" width=\"1920\" height=\"1080\" srcset=\"https:\/\/www.showgroup.it\/blog\/wp-content\/uploads\/2022\/07\/capelli-addio-al-nubilato-3.jpg 1920w, https:\/\/www.showgroup.it\/blog\/wp-content\/uploads\/2022\/07\/capelli-addio-al-nubilato-3-300x169.jpg 300w, https:\/\/www.showgroup.it\/blog\/wp-content\/uploads\/2022\/07\/capelli-addio-al-nubilato-3-1024x576.jpg 1024w, https:\/\/www.showgroup.it\/blog\/wp-content\/uploads\/2022\/07\/capelli-addio-al-nubilato-3-768x432.jpg 768w, https:\/\/www.showgroup.it\/blog\/wp-content\/uploads\/2022\/07\/capelli-addio-al-nubilato-3-1536x864.jpg 1536w\" sizes=\"(max-width: 1920px) 100vw, 1920px\" \/><\/a><\/p>\n<p>Cerchi un&#8217;acconciatura d&#8217;effetto e semplice da realizzare? Prendi in considerazione gli <strong>stili semiraccolti<\/strong>, che incantano per la loro bellezza e la capacit\u00e0 di trasformare il viso. Basta sollevare i capelli per avere un&#8217;acconciatura pi\u00f9 <strong>romantica<\/strong> o pi\u00f9 <strong>chic<\/strong>, a seconda della personalit\u00e0 che vogliamo interpretare.<\/p>\n<p>E non \u00e8 detto che dobbiamo obbligatoriamente avere i capelli lunghi per divertirci! Certo, se hai i capelli mossi e voluminosi sarai sicuramente avvantaggiata, ma l&#8217;universo dello styling offre tante idee per acconciature con i capelli corti. Pu\u00f2 sembrare un&#8217;acconciatura poco studiata, ma in realt\u00e0 dietro c&#8217;\u00e8 molto lavoro, da realizzare a suon di ferro arricciacapelli e spray fissante.<\/p>\n<p>Prendi spunto dalle acconciature realizzate da <a href=\"https:\/\/www.showgroup.it\/vetrina\/hairstylist\/ganna_hairstyle_c18516\">Ganna Hairstyle<\/a>, sapientemente studiate per dare un&#8217;<strong>aria romantica e sofisticata<\/strong>.<\/p>\n<h3>Acconciatura rock<\/h3>\n<p><a href=\"https:\/\/www.showgroup.it\/vetrina\/hairstylist\/marco-freedom_c29065\"><img loading=\"lazy\" class=\"alignnone wp-image-87905 size-full\" src=\"https:\/\/www.showgroup.it\/blog\/wp-content\/uploads\/2022\/07\/capelli-addio-al-nubilato-4.jpg\" alt=\"acconciature marco freedom\" width=\"1920\" height=\"1080\" srcset=\"https:\/\/www.showgroup.it\/blog\/wp-content\/uploads\/2022\/07\/capelli-addio-al-nubilato-4.jpg 1920w, https:\/\/www.showgroup.it\/blog\/wp-content\/uploads\/2022\/07\/capelli-addio-al-nubilato-4-300x169.jpg 300w, https:\/\/www.showgroup.it\/blog\/wp-content\/uploads\/2022\/07\/capelli-addio-al-nubilato-4-1024x576.jpg 1024w, https:\/\/www.showgroup.it\/blog\/wp-content\/uploads\/2022\/07\/capelli-addio-al-nubilato-4-768x432.jpg 768w, https:\/\/www.showgroup.it\/blog\/wp-content\/uploads\/2022\/07\/capelli-addio-al-nubilato-4-1536x864.jpg 1536w\" sizes=\"(max-width: 1920px) 100vw, 1920px\" \/><\/a><\/p>\n<p>Hai un animo rock e ribelle? Non aspettare il prossimo festival estivo per sfoggiare un&#8217;acconciatura un carr\u00e9 ribelle, di un ciuffo rock o un taglio boysh! Questo stile non pone alcun tipo di limite, quindi <strong>via libera alla creativit\u00e0<\/strong> con ciuffi sparati, trecce rock, un bob scombinato e alte code di cavallo con undercut.<\/p>\n<p>Punta molto sul <strong>colore<\/strong> e sui <strong>contrasti<\/strong> e, se non vuoi presentarti all&#8217;altare con un bel fucsia, puoi sempre optare per una <a href=\"https:\/\/www.grazia.it\/bellezza\/capelli\/colorazione-capelli-temporanea-prodotti-migliori-colori\">colorazione per capelli temporanea<\/a> che svanisce dopo qualche lavaggio. Qualche spunto? Lasciati ispirare dalle acconciature di <a href=\"https:\/\/www.showgroup.it\/vetrina\/hairstylist\/marco-freedom_c29065\">Marco Freedom<\/a>!<\/p>\n<h3>Giochi di colore<\/h3>\n<p><a href=\"https:\/\/www.showgroup.it\/vetrina\/hairstylist\/un-diavolo-per-capello_c29121\"><img loading=\"lazy\" class=\"alignnone wp-image-87907 size-full\" src=\"https:\/\/www.showgroup.it\/blog\/wp-content\/uploads\/2022\/07\/capelli-addio-al-nubilato-5.jpg\" alt=\"un diavolo per capello\" width=\"1920\" height=\"1080\" srcset=\"https:\/\/www.showgroup.it\/blog\/wp-content\/uploads\/2022\/07\/capelli-addio-al-nubilato-5.jpg 1920w, https:\/\/www.showgroup.it\/blog\/wp-content\/uploads\/2022\/07\/capelli-addio-al-nubilato-5-300x169.jpg 300w, https:\/\/www.showgroup.it\/blog\/wp-content\/uploads\/2022\/07\/capelli-addio-al-nubilato-5-1024x576.jpg 1024w, https:\/\/www.showgroup.it\/blog\/wp-content\/uploads\/2022\/07\/capelli-addio-al-nubilato-5-768x432.jpg 768w, https:\/\/www.showgroup.it\/blog\/wp-content\/uploads\/2022\/07\/capelli-addio-al-nubilato-5-1536x864.jpg 1536w\" sizes=\"(max-width: 1920px) 100vw, 1920px\" \/><\/a><\/p>\n<p>Se \u00e8 vero che il matrimonio \u00e8 un grande passo per dare una svolta alla tua vita, non c&#8217;\u00e8 modo migliore per farlo dei capelli colorati in vista dell&#8217;addio al nubilato. E, no, non parliamo di una semplice nuova tinta, ma di<strong> nuance\u00a0shock<\/strong>, fatte per stravolgere completamente il tuo look.<\/p>\n<p>Puoi optare per <strong>tonalit\u00e0 pi\u00f9 morbide,<\/strong> come il rosa pastello o il grigio perla, oppure per <strong>colori pi\u00f9 appariscenti<\/strong>, come blu elettrico, rosso fuoco, arancione e qualsiasi altro colore dello spettro che ti venga in mente. Non limitarti al semplice ton sur ton: le ultime tendenze non mancano di accostare colori complementari per rimarcare i contrasti, come ad esempio l&#8217;abbinamento blu\/arancio.<\/p>\n<p>Per un risultato pi\u00f9 discreto, invece, puoi limitarti a <strong>colorare soltanto le punte<\/strong>. E, se non vuoi decolorare i capelli in vista del tuo giorno speciale (cosa piuttosto comprensibile), puoi sempre ricorrere alle colorazioni temporanee che non alterano il tuo capello naturale. A corto di idee? Prendi spunto dalle creazioni di <a href=\"https:\/\/www.showgroup.it\/vetrina\/hairstylist\/un-diavolo-per-capello_c29121\">Un diavolo per capello<\/a>!<\/p>\n<h2>Alla ricerca dell&#8217;acconciatura perfetta?<\/h2>\n<p>C&#8217;\u00e8 un&#8217;enorme variet\u00e0 di stili e tendenze tra cui scegliere, ma ci\u00f2 non significa che siano tutti adatti a te. L&#8217;acconciatura perfetta \u00e8 quella che meglio si adatta alla tua personalit\u00e0, al tipo di capelli, allo stile di abbigliamento e ai tratti del viso. Se vuoi affidarti a mani esperte, scopri i migliori professionisti del settore su <strong>Showgroup<\/strong>! <a href=\"https:\/\/www.showgroup.it\/vetrine\/hairstylist\">Iscriviti e contattali senza impegno<\/a> per trovare l&#8217;acconciatura in grado di valorizzarti al meglio!<\/p>\n","protected":false},"excerpt":{"rendered":"<p>Manca poco al grande passo e stai pensando a come divertirti nella tua ultima notte da nubile? Innanzitutto organizzando un [&hellip;]<\/p>\n","protected":false},"author":5,"featured_media":87908,"comment_status":"open","ping_status":"open","sticky":false,"template":"","format":"standard","meta":[],"categories":[665],"tags":[],"yoast_head":"<!-- This site is optimized with the Yoast SEO plugin v16.9 - https:\/\/yoast.com\/wordpress\/plugins\/seo\/ -->\n<title>Capelli addio al nubilato: accessori e acconciature &bull; Showgroup<\/title>\n<meta name=\"description\" content=\"Stai pensando a come trascorrere la tua ultima sera da nubile? Partiamo da come acconciare i capelli in vista dell&#039;addio al nubilato.\" \/>\n<meta name=\"robots\" content=\"index, follow, max-snippet:-1, max-image-preview:large, max-video-preview:-1\" \/>\n<link rel=\"canonical\" href=\"https:\/\/www.showgroup.it\/blog\/2022\/07\/26\/capelli-addio-al-nubilato-accessori-e-acconciature\/\" \/>\n<meta property=\"og:locale\" content=\"it_IT\" \/>\n<meta property=\"og:type\" content=\"article\" \/>\n<meta property=\"og:title\" content=\"Capelli addio al nubilato: accessori e acconciature &bull; Showgroup\" \/>\n<meta property=\"og:description\" content=\"Stai pensando a come trascorrere la tua ultima sera da nubile? Partiamo da come acconciare i capelli in vista dell&#039;addio al nubilato.\" \/>\n<meta property=\"og:url\" content=\"https:\/\/www.showgroup.it\/blog\/2022\/07\/26\/capelli-addio-al-nubilato-accessori-e-acconciature\/\" \/>\n<meta property=\"og:site_name\" content=\"Showgroup - Ready to be WOW!\" \/>\n<meta property=\"article:publisher\" content=\"https:\/\/www.facebook.com\/ShowGroupWow\/\" \/>\n<meta property=\"article:published_time\" content=\"2022-07-26T05:42:54+00:00\" \/>\n<meta property=\"article:modified_time\" content=\"2025-05-29T07:15:23+00:00\" \/>\n<meta property=\"og:image\" content=\"https:\/\/www.showgroup.it\/blog\/wp-content\/uploads\/2022\/07\/capelli-addio-al-nubilato-6.jpg\" \/>\n\t<meta property=\"og:image:width\" content=\"1920\" \/>\n\t<meta property=\"og:image:height\" content=\"1080\" \/>\n<meta name=\"twitter:card\" content=\"summary_large_image\" \/>\n<meta name=\"twitter:label1\" content=\"Scritto da\" \/>\n\t<meta name=\"twitter:data1\" content=\"Benedetta Gatti\" \/>\n\t<meta name=\"twitter:label2\" content=\"Tempo di lettura stimato\" \/>\n\t<meta name=\"twitter:data2\" content=\"6 minuti\" \/>\n<script type=\"application\/ld+json\" class=\"yoast-schema-graph\">{\"@context\":\"https:\/\/schema.org\",\"@graph\":[{\"@type\":\"Organization\",\"@id\":\"https:\/\/www.showgroup.it\/#organization\",\"name\":\"Showgroup\",\"url\":\"https:\/\/www.showgroup.it\/\",\"sameAs\":[\"https:\/\/www.facebook.com\/ShowGroupWow\/\",\"https:\/\/www.instagram.com\/showgroupwow\/\"],\"logo\":{\"@type\":\"ImageObject\",\"@id\":\"https:\/\/www.showgroup.it\/#logo\",\"inLanguage\":\"it-IT\",\"url\":\"https:\/\/www.showgroup.it\/blog\/wp-content\/uploads\/2025\/01\/logo-black.svg\",\"contentUrl\":\"https:\/\/www.showgroup.it\/blog\/wp-content\/uploads\/2025\/01\/logo-black.svg\",\"width\":1440,\"height\":916,\"caption\":\"Showgroup\"},\"image\":{\"@id\":\"https:\/\/www.showgroup.it\/#logo\"}},{\"@type\":\"WebSite\",\"@id\":\"https:\/\/www.showgroup.it\/#website\",\"url\":\"https:\/\/www.showgroup.it\/\",\"name\":\"Showgroup - Ready to be WOW!\",\"description\":\"Il primo portale gratuito dedicato al mondo dello spettacolo.\",\"publisher\":{\"@id\":\"https:\/\/www.showgroup.it\/#organization\"},\"potentialAction\":[{\"@type\":\"SearchAction\",\"target\":{\"@type\":\"EntryPoint\",\"urlTemplate\":\"https:\/\/www.showgroup.it\/?s={search_term_string}\"},\"query-input\":\"required name=search_term_string\"}],\"inLanguage\":\"it-IT\"},{\"@type\":\"ImageObject\",\"@id\":\"https:\/\/www.showgroup.it\/blog\/2022\/07\/26\/capelli-addio-al-nubilato-accessori-e-acconciature\/#primaryimage\",\"inLanguage\":\"it-IT\",\"url\":\"https:\/\/www.showgroup.it\/blog\/wp-content\/uploads\/2022\/07\/capelli-addio-al-nubilato-6.jpg\",\"contentUrl\":\"https:\/\/www.showgroup.it\/blog\/wp-content\/uploads\/2022\/07\/capelli-addio-al-nubilato-6.jpg\",\"width\":1920,\"height\":1080},{\"@type\":\"WebPage\",\"@id\":\"https:\/\/www.showgroup.it\/blog\/2022\/07\/26\/capelli-addio-al-nubilato-accessori-e-acconciature\/#webpage\",\"url\":\"https:\/\/www.showgroup.it\/blog\/2022\/07\/26\/capelli-addio-al-nubilato-accessori-e-acconciature\/\",\"name\":\"Capelli addio al nubilato: accessori e acconciature &bull; Showgroup\",\"isPartOf\":{\"@id\":\"https:\/\/www.showgroup.it\/#website\"},\"primaryImageOfPage\":{\"@id\":\"https:\/\/www.showgroup.it\/blog\/2022\/07\/26\/capelli-addio-al-nubilato-accessori-e-acconciature\/#primaryimage\"},\"datePublished\":\"2022-07-26T05:42:54+00:00\",\"dateModified\":\"2025-05-29T07:15:23+00:00\",\"description\":\"Stai pensando a come trascorrere la tua ultima sera da nubile? Partiamo da come acconciare i capelli in vista dell'addio al nubilato.\",\"breadcrumb\":{\"@id\":\"https:\/\/www.showgroup.it\/blog\/2022\/07\/26\/capelli-addio-al-nubilato-accessori-e-acconciature\/#breadcrumb\"},\"inLanguage\":\"it-IT\",\"potentialAction\":[{\"@type\":\"ReadAction\",\"target\":[\"https:\/\/www.showgroup.it\/blog\/2022\/07\/26\/capelli-addio-al-nubilato-accessori-e-acconciature\/\"]}]},{\"@type\":\"BreadcrumbList\",\"@id\":\"https:\/\/www.showgroup.it\/blog\/2022\/07\/26\/capelli-addio-al-nubilato-accessori-e-acconciature\/#breadcrumb\",\"itemListElement\":[{\"@type\":\"ListItem\",\"position\":1,\"name\":\"Home\",\"item\":\"https:\/\/www.showgroup.it\/blog\/\"},{\"@type\":\"ListItem\",\"position\":2,\"name\":\"Capelli addio al nubilato: accessori e acconciature\"}]},{\"@type\":\"Article\",\"@id\":\"https:\/\/www.showgroup.it\/blog\/2022\/07\/26\/capelli-addio-al-nubilato-accessori-e-acconciature\/#article\",\"isPartOf\":{\"@id\":\"https:\/\/www.showgroup.it\/blog\/2022\/07\/26\/capelli-addio-al-nubilato-accessori-e-acconciature\/#webpage\"},\"author\":{\"@id\":\"https:\/\/www.showgroup.it\/#\/schema\/person\/9b799d433be4e17451d197175628047a\"},\"headline\":\"Capelli addio al nubilato: accessori e acconciature\",\"datePublished\":\"2022-07-26T05:42:54+00:00\",\"dateModified\":\"2025-05-29T07:15:23+00:00\",\"mainEntityOfPage\":{\"@id\":\"https:\/\/www.showgroup.it\/blog\/2022\/07\/26\/capelli-addio-al-nubilato-accessori-e-acconciature\/#webpage\"},\"wordCount\":917,\"commentCount\":0,\"publisher\":{\"@id\":\"https:\/\/www.showgroup.it\/#organization\"},\"image\":{\"@id\":\"https:\/\/www.showgroup.it\/blog\/2022\/07\/26\/capelli-addio-al-nubilato-accessori-e-acconciature\/#primaryimage\"},\"thumbnailUrl\":\"https:\/\/www.showgroup.it\/blog\/wp-content\/uploads\/2022\/07\/capelli-addio-al-nubilato-6.jpg\",\"articleSection\":[\"Bellezza e immagine\"],\"inLanguage\":\"it-IT\",\"potentialAction\":[{\"@type\":\"CommentAction\",\"name\":\"Comment\",\"target\":[\"https:\/\/www.showgroup.it\/blog\/2022\/07\/26\/capelli-addio-al-nubilato-accessori-e-acconciature\/#respond\"]}]},{\"@type\":\"Person\",\"@id\":\"https:\/\/www.showgroup.it\/#\/schema\/person\/9b799d433be4e17451d197175628047a\",\"name\":\"Benedetta Gatti\",\"image\":{\"@type\":\"ImageObject\",\"@id\":\"https:\/\/www.showgroup.it\/#personlogo\",\"inLanguage\":\"it-IT\",\"url\":\"https:\/\/secure.gravatar.com\/avatar\/32ceeb7300be30aabe2c84fdaa89eac0?s=96&d=mm&r=g\",\"contentUrl\":\"https:\/\/secure.gravatar.com\/avatar\/32ceeb7300be30aabe2c84fdaa89eac0?s=96&d=mm&r=g\",\"caption\":\"Benedetta Gatti\"}}]}<\/script>\n<!-- \/ Yoast SEO plugin. -->","yoast_head_json":{"title":"Capelli addio al nubilato: accessori e acconciature &bull; Showgroup","description":"Stai pensando a come trascorrere la tua ultima sera da nubile? Partiamo da come acconciare i capelli in vista dell'addio al nubilato.","robots":{"index":"index","follow":"follow","max-snippet":"max-snippet:-1","max-image-preview":"max-image-preview:large","max-video-preview":"max-video-preview:-1"},"canonical":"https:\/\/www.showgroup.it\/blog\/2022\/07\/26\/capelli-addio-al-nubilato-accessori-e-acconciature\/","og_locale":"it_IT","og_type":"article","og_title":"Capelli addio al nubilato: accessori e acconciature &bull; Showgroup","og_description":"Stai pensando a come trascorrere la tua ultima sera da nubile? Partiamo da come acconciare i capelli in vista dell'addio al nubilato.","og_url":"https:\/\/www.showgroup.it\/blog\/2022\/07\/26\/capelli-addio-al-nubilato-accessori-e-acconciature\/","og_site_name":"Showgroup - Ready to be WOW!","article_publisher":"https:\/\/www.facebook.com\/ShowGroupWow\/","article_published_time":"2022-07-26T05:42:54+00:00","article_modified_time":"2025-05-29T07:15:23+00:00","og_image":[{"width":1920,"height":1080,"filesize":178121,"url":"https:\/\/www.showgroup.it\/blog\/wp-content\/uploads\/2022\/07\/capelli-addio-al-nubilato-6.jpg","path":"\/sites\/www.showgroup.it\/files\/blog\/wp-content\/uploads\/2022\/07\/capelli-addio-al-nubilato-6.jpg","size":"full","id":87908,"alt":"","pixels":2073600,"type":"image\/jpeg"}],"twitter_card":"summary_large_image","twitter_misc":{"Scritto da":"Benedetta Gatti","Tempo di lettura stimato":"6 minuti"},"schema":{"@context":"https:\/\/schema.org","@graph":[{"@type":"Organization","@id":"https:\/\/www.showgroup.it\/#organization","name":"Showgroup","url":"https:\/\/www.showgroup.it\/","sameAs":["https:\/\/www.facebook.com\/ShowGroupWow\/","https:\/\/www.instagram.com\/showgroupwow\/"],"logo":{"@type":"ImageObject","@id":"https:\/\/www.showgroup.it\/#logo","inLanguage":"it-IT","url":"https:\/\/www.showgroup.it\/blog\/wp-content\/uploads\/2025\/01\/logo-black.svg","contentUrl":"https:\/\/www.showgroup.it\/blog\/wp-content\/uploads\/2025\/01\/logo-black.svg","width":1440,"height":916,"caption":"Showgroup"},"image":{"@id":"https:\/\/www.showgroup.it\/#logo"}},{"@type":"WebSite","@id":"https:\/\/www.showgroup.it\/#website","url":"https:\/\/www.showgroup.it\/","name":"Showgroup - Ready to be WOW!","description":"Il primo portale gratuito dedicato al mondo dello spettacolo.","publisher":{"@id":"https:\/\/www.showgroup.it\/#organization"},"potentialAction":[{"@type":"SearchAction","target":{"@type":"EntryPoint","urlTemplate":"https:\/\/www.showgroup.it\/?s={search_term_string}"},"query-input":"required name=search_term_string"}],"inLanguage":"it-IT"},{"@type":"ImageObject","@id":"https:\/\/www.showgroup.it\/blog\/2022\/07\/26\/capelli-addio-al-nubilato-accessori-e-acconciature\/#primaryimage","inLanguage":"it-IT","url":"https:\/\/www.showgroup.it\/blog\/wp-content\/uploads\/2022\/07\/capelli-addio-al-nubilato-6.jpg","contentUrl":"https:\/\/www.showgroup.it\/blog\/wp-content\/uploads\/2022\/07\/capelli-addio-al-nubilato-6.jpg","width":1920,"height":1080},{"@type":"WebPage","@id":"https:\/\/www.showgroup.it\/blog\/2022\/07\/26\/capelli-addio-al-nubilato-accessori-e-acconciature\/#webpage","url":"https:\/\/www.showgroup.it\/blog\/2022\/07\/26\/capelli-addio-al-nubilato-accessori-e-acconciature\/","name":"Capelli addio al nubilato: accessori e acconciature &bull; Showgroup","isPartOf":{"@id":"https:\/\/www.showgroup.it\/#website"},"primaryImageOfPage":{"@id":"https:\/\/www.showgroup.it\/blog\/2022\/07\/26\/capelli-addio-al-nubilato-accessori-e-acconciature\/#primaryimage"},"datePublished":"2022-07-26T05:42:54+00:00","dateModified":"2025-05-29T07:15:23+00:00","description":"Stai pensando a come trascorrere la tua ultima sera da nubile? Partiamo da come acconciare i capelli in vista dell'addio al nubilato.","breadcrumb":{"@id":"https:\/\/www.showgroup.it\/blog\/2022\/07\/26\/capelli-addio-al-nubilato-accessori-e-acconciature\/#breadcrumb"},"inLanguage":"it-IT","potentialAction":[{"@type":"ReadAction","target":["https:\/\/www.showgroup.it\/blog\/2022\/07\/26\/capelli-addio-al-nubilato-accessori-e-acconciature\/"]}]},{"@type":"BreadcrumbList","@id":"https:\/\/www.showgroup.it\/blog\/2022\/07\/26\/capelli-addio-al-nubilato-accessori-e-acconciature\/#breadcrumb","itemListElement":[{"@type":"ListItem","position":1,"name":"Home","item":"https:\/\/www.showgroup.it\/blog\/"},{"@type":"ListItem","position":2,"name":"Capelli addio al nubilato: accessori e acconciature"}]},{"@type":"Article","@id":"https:\/\/www.showgroup.it\/blog\/2022\/07\/26\/capelli-addio-al-nubilato-accessori-e-acconciature\/#article","isPartOf":{"@id":"https:\/\/www.showgroup.it\/blog\/2022\/07\/26\/capelli-addio-al-nubilato-accessori-e-acconciature\/#webpage"},"author":{"@id":"https:\/\/www.showgroup.it\/#\/schema\/person\/9b799d433be4e17451d197175628047a"},"headline":"Capelli addio al nubilato: accessori e acconciature","datePublished":"2022-07-26T05:42:54+00:00","dateModified":"2025-05-29T07:15:23+00:00","mainEntityOfPage":{"@id":"https:\/\/www.showgroup.it\/blog\/2022\/07\/26\/capelli-addio-al-nubilato-accessori-e-acconciature\/#webpage"},"wordCount":917,"commentCount":0,"publisher":{"@id":"https:\/\/www.showgroup.it\/#organization"},"image":{"@id":"https:\/\/www.showgroup.it\/blog\/2022\/07\/26\/capelli-addio-al-nubilato-accessori-e-acconciature\/#primaryimage"},"thumbnailUrl":"https:\/\/www.showgroup.it\/blog\/wp-content\/uploads\/2022\/07\/capelli-addio-al-nubilato-6.jpg","articleSection":["Bellezza e immagine"],"inLanguage":"it-IT","potentialAction":[{"@type":"CommentAction","name":"Comment","target":["https:\/\/www.showgroup.it\/blog\/2022\/07\/26\/capelli-addio-al-nubilato-accessori-e-acconciature\/#respond"]}]},{"@type":"Person","@id":"https:\/\/www.showgroup.it\/#\/schema\/person\/9b799d433be4e17451d197175628047a","name":"Benedetta Gatti","image":{"@type":"ImageObject","@id":"https:\/\/www.showgroup.it\/#personlogo","inLanguage":"it-IT","url":"https:\/\/secure.gravatar.com\/avatar\/32ceeb7300be30aabe2c84fdaa89eac0?s=96&d=mm&r=g","contentUrl":"https:\/\/secure.gravatar.com\/avatar\/32ceeb7300be30aabe2c84fdaa89eac0?s=96&d=mm&r=g","caption":"Benedetta Gatti"}}]}},"_links":{"self":[{"href":"https:\/\/www.showgroup.it\/blog\/wp-json\/wp\/v2\/posts\/87900"}],"collection":[{"href":"https:\/\/www.showgroup.it\/blog\/wp-json\/wp\/v2\/posts"}],"about":[{"href":"https:\/\/www.showgroup.it\/blog\/wp-json\/wp\/v2\/types\/post"}],"author":[{"embeddable":true,"href":"https:\/\/www.showgroup.it\/blog\/wp-json\/wp\/v2\/users\/5"}],"replies":[{"embeddable":true,"href":"https:\/\/www.showgroup.it\/blog\/wp-json\/wp\/v2\/comments?post=87900"}],"version-history":[{"count":1,"href":"https:\/\/www.showgroup.it\/blog\/wp-json\/wp\/v2\/posts\/87900\/revisions"}],"predecessor-version":[{"id":99051,"href":"https:\/\/www.showgroup.it\/blog\/wp-json\/wp\/v2\/posts\/87900\/revisions\/99051"}],"wp:featuredmedia":[{"embeddable":true,"href":"https:\/\/www.showgroup.it\/blog\/wp-json\/wp\/v2\/media\/87908"}],"wp:attachment":[{"href":"https:\/\/www.showgroup.it\/blog\/wp-json\/wp\/v2\/media?parent=87900"}],"wp:term":[{"taxonomy":"category","embeddable":true,"href":"https:\/\/www.showgroup.it\/blog\/wp-json\/wp\/v2\/categories?post=87900"},{"taxonomy":"post_tag","embeddable":true,"href":"https:\/\/www.showgroup.it\/blog\/wp-json\/wp\/v2\/tags?post=87900"}],"curies":[{"name":"wp","href":"https:\/\/api.w.org\/{rel}","templated":true}]}}