{"id":88333,"date":"2022-08-27T08:28:20","date_gmt":"2022-08-27T06:28:20","guid":{"rendered":"https:\/\/www.showgroup.it\/?p=88333"},"modified":"2025-05-28T17:05:08","modified_gmt":"2025-05-28T15:05:08","slug":"matrimonio-in-montagna-un-sogno-che-diventa-realta","status":"publish","type":"post","link":"https:\/\/www.showgroup.it\/blog\/2022\/08\/27\/matrimonio-in-montagna-un-sogno-che-diventa-realta\/","title":{"rendered":"Matrimonio in montagna: un sogno che diventa realt\u00e0"},"content":{"rendered":"<p>I matrimoni organizzati all&#8217;aperto, nel pieno nella natura, sono in aumento poich\u00e9 le coppie cercano di rendere la lor unione molto pi\u00f9 <strong>personale<\/strong> e <strong>intima<\/strong>. Le spiagge solitarie sono molto popolari, ma cosa c&#8217;\u00e8 di pi\u00f9 sognante che <strong>sposarsi in cima a una montagna<\/strong>, circondati da tutta la gloria della natura? I matrimoni in montagna sono un&#8217;alternativa unica al <a href=\"https:\/\/www.showgroup.it\/blog\/2022\/07\/01\/matrimonio-in-spiaggia-come-organizzarlo\/\">matrimonio sulla spiaggia<\/a>.<\/p>\n<p>Ogni coppia pu\u00f2 abbracciare un matrimonio in montagna, ma questo pone delle <strong>sfide uniche<\/strong>, soprattutto dal punto di vista atmosferico. La montagna \u00e8 piuttosto imprevedibile da questo punto di vista, e dovrai valutare attentamente il periodo in cui vorrai sposarti, ma in questa guida parleremo anche di questo!<\/p>\n<h2><a href=\"https:\/\/www.showgroup.it\/\">Tutti i segreti per organizzare un matrimonio in montagna!<\/a><\/h2>\n<h2><a href=\"https:\/\/www.showgroup.it\/\"><img loading=\"lazy\" class=\"alignnone wp-image-88342 size-full\" src=\"https:\/\/www.showgroup.it\/blog\/wp-content\/uploads\/2022\/08\/matrimonio-in-montagna-6.jpg\" alt=\"coppia di sposi in montagna\" width=\"1920\" height=\"1080\" srcset=\"https:\/\/www.showgroup.it\/blog\/wp-content\/uploads\/2022\/08\/matrimonio-in-montagna-6.jpg 1920w, https:\/\/www.showgroup.it\/blog\/wp-content\/uploads\/2022\/08\/matrimonio-in-montagna-6-300x169.jpg 300w, https:\/\/www.showgroup.it\/blog\/wp-content\/uploads\/2022\/08\/matrimonio-in-montagna-6-1024x576.jpg 1024w, https:\/\/www.showgroup.it\/blog\/wp-content\/uploads\/2022\/08\/matrimonio-in-montagna-6-768x432.jpg 768w, https:\/\/www.showgroup.it\/blog\/wp-content\/uploads\/2022\/08\/matrimonio-in-montagna-6-1536x864.jpg 1536w\" sizes=\"(max-width: 1920px) 100vw, 1920px\" \/><\/a><\/h2>\n<h3><a href=\"https:\/\/www.showgroup.it\/\">Come curare l&#8217;allestimento esterno di un matrimonio in montagna?<\/a><\/h3>\n<figure id=\"attachment_88346\" aria-describedby=\"caption-attachment-88346\" style=\"width: 1920px\" class=\"wp-caption alignnone\"><a href=\"https:\/\/www.showgroup.it\/vetrina\/wedding-planner\/weddingincortina_c31391\"><img loading=\"lazy\" class=\"wp-image-88346 size-full\" src=\"https:\/\/www.showgroup.it\/blog\/wp-content\/uploads\/2022\/08\/matrimonio-in-montagna-7.jpg\" alt=\"Foto di Weddingincortina\" width=\"1920\" height=\"1080\" srcset=\"https:\/\/www.showgroup.it\/blog\/wp-content\/uploads\/2022\/08\/matrimonio-in-montagna-7.jpg 1920w, https:\/\/www.showgroup.it\/blog\/wp-content\/uploads\/2022\/08\/matrimonio-in-montagna-7-300x169.jpg 300w, https:\/\/www.showgroup.it\/blog\/wp-content\/uploads\/2022\/08\/matrimonio-in-montagna-7-1024x576.jpg 1024w, https:\/\/www.showgroup.it\/blog\/wp-content\/uploads\/2022\/08\/matrimonio-in-montagna-7-768x432.jpg 768w, https:\/\/www.showgroup.it\/blog\/wp-content\/uploads\/2022\/08\/matrimonio-in-montagna-7-1536x864.jpg 1536w\" sizes=\"(max-width: 1920px) 100vw, 1920px\" \/><\/a><figcaption id=\"caption-attachment-88346\" class=\"wp-caption-text\">Foto di Weddingincortina<\/figcaption><\/figure>\n<p>L&#8217;ambiente naturale ha una bellezza estetica ineguagliabile, quindi quando sei sicuramente favorita per un matrimonio in montagna, poich\u00e9 potrai <strong>sfruttare il contesto paesaggistico<\/strong> per il tuo vantaggio decorativo. E le scelte che fai con gli addobbi e l&#8217;allestimento floreale possono aiutare a rendere il tuo evento pi\u00f9 o meno formale.<\/p>\n<p>Per i matrimoni pi\u00f9 formali, ti consigliamo di abbellire lo spazio sfruttando le <strong>tende a vela<\/strong> per un&#8217;atmosfera elegante e stravagante, o le tende a palo con drappeggi di tulle come copertura superiore. A questo punto puoi far installare lanterne, lampade o intrecciare illuminazione led su misura. E l&#8217;aggiunta di<strong> pavimenti in legno<\/strong> duro come base per l&#8217;area della cerimonia render\u00e0 lo spazio estremamente intimo e accogliente. <strong>Trame naturali<\/strong> come legno, lino e sete naturali possono lavorare insieme per creare un aspetto esterno mozzafiato<\/p>\n<p>Come potrai intuire, il <strong>maltempo<\/strong> \u00e8 sempre una preoccupazione preminente per le coppie che pianificano eventi all&#8217;aperto. Se l&#8217;allestimento gi\u00e0 prevede una <strong>tenda<\/strong>, ti consigliamo di prenotarne una con <strong>pareti laterali<\/strong> anche se non pensi che sar\u00e0 necessario. I pannelli laterali potrebbero non servire per una pioggia leggera, ma potranno riparare i tuoi ospiti nel caso in cui inizia a piovere con forte vento. Dal momento che le tende sono un elemento cos\u00ec prioritario per un matrimonio in montagna, \u00e8 meglio prenotare la tenda in anticipo. Se devi allestire una tenda a copertura, perch\u00e9 magari la location non ne \u00e8 provvista, cerca di farlo diversi giorni prima del matrimonio, in modo da evitare di piazzare la struttura su un terreno eccessivamente umido.<\/p>\n<p>Oltre a far curare l&#8217;area scelta tre o quattro giorni prima del tuo matrimonio, ti consigliamo di <strong>collocare candele alla citronella<\/strong> lungo il sentiero o vicino all&#8217;ingresso della tua tenda per scoraggiare gli insetti, cos\u00ec come scegliere fiori che non piacciono alle zanzare. Lavanda, calendule e menta piperita inseriti nelle composizioni floreali sono un&#8217;arma segreta contro qualsiasi insetto!<\/p>\n<h3><a href=\"https:\/\/www.showgroup.it\/\">Catering per il matrimonio in vetta: come pianificare il men\u00f9<\/a><\/h3>\n<figure id=\"attachment_88347\" aria-describedby=\"caption-attachment-88347\" style=\"width: 1920px\" class=\"wp-caption alignnone\"><a href=\"https:\/\/www.showgroup.it\/vetrina\/catering\/le-cirque-firenze_c15983\"><img loading=\"lazy\" class=\"wp-image-88347 size-full\" src=\"https:\/\/www.showgroup.it\/blog\/wp-content\/uploads\/2022\/08\/Copia-di-Copia-di-Copia-di-showgroup-1.jpg\" alt=\"Catering Le Cirque Firenze\" width=\"1920\" height=\"1080\" srcset=\"https:\/\/www.showgroup.it\/blog\/wp-content\/uploads\/2022\/08\/Copia-di-Copia-di-Copia-di-showgroup-1.jpg 1920w, https:\/\/www.showgroup.it\/blog\/wp-content\/uploads\/2022\/08\/Copia-di-Copia-di-Copia-di-showgroup-1-300x169.jpg 300w, https:\/\/www.showgroup.it\/blog\/wp-content\/uploads\/2022\/08\/Copia-di-Copia-di-Copia-di-showgroup-1-1024x576.jpg 1024w, https:\/\/www.showgroup.it\/blog\/wp-content\/uploads\/2022\/08\/Copia-di-Copia-di-Copia-di-showgroup-1-768x432.jpg 768w, https:\/\/www.showgroup.it\/blog\/wp-content\/uploads\/2022\/08\/Copia-di-Copia-di-Copia-di-showgroup-1-1536x864.jpg 1536w\" sizes=\"(max-width: 1920px) 100vw, 1920px\" \/><\/a><figcaption id=\"caption-attachment-88347\" class=\"wp-caption-text\">Catering Le Cirque Firenze<\/figcaption><\/figure>\n<p>Trovare un team di catering che abbia familiarit\u00e0 con i matrimoni all&#8217;aperto (in assenza degli agi che accompagnano un ambiente interno) \u00e8 estremamente importante. Dovrai assicurarti che il cibo e il servizio offerti dalla societ\u00e0 di catering siano di <strong>qualit\u00e0 eccellente<\/strong>.<\/p>\n<p>Sul nostro portale puoi visualizzare i servizi dei <a href=\"https:\/\/www.showgroup.it\/vetrine\/catering\">migliori catering<\/a> d&#8217;Italia, specializzati nell&#8217;organizzazione di eventi e cerimonie.\u00a0Dai un&#8217;occhiata alle recensioni e parla con i professionisti per avere un&#8217;idea migliore dell&#8217;esperienza che i ristoratori possono offrire.<\/p>\n<p>La chiave per soddisfare tutti gli ospiti del tuo matrimonio \u00e8 puntare variet\u00e0 di scelte alimentari, che tenga conto dei gusti ma anche delle <strong>intolleranze<\/strong>, delle <strong>allergie<\/strong> dei partecipanti e di particolari <strong>esigenze dietetiche<\/strong>. Il tipo di menu che scegli determiner\u00e0 anche se \u00e8 preferibile un <strong>buffet<\/strong> oppure la pi\u00f9 formale <strong>cena seduta<\/strong>. Con un pasto servito i tuoi ospiti non devono alzarsi ed \u00e8 quindi<strong> pi\u00f9 conveniente e comodo<\/strong> per loro. D&#8217;altra parte, un buffet consente ai partecipanti di alzarsi e interagire tra loro.<\/p>\n<h3><a href=\"https:\/\/www.showgroup.it\/\">Qual \u00e8 il periodo migliore per sposarsi in montagna?<\/a><\/h3>\n<p><a href=\"https:\/\/www.showgroup.it\/\"><img loading=\"lazy\" class=\"alignnone wp-image-88338 size-full\" src=\"https:\/\/www.showgroup.it\/blog\/wp-content\/uploads\/2022\/08\/matrimonio-in-montagna-1.jpg\" alt=\"matrimonio in montagna\" width=\"1920\" height=\"1080\" srcset=\"https:\/\/www.showgroup.it\/blog\/wp-content\/uploads\/2022\/08\/matrimonio-in-montagna-1.jpg 1920w, https:\/\/www.showgroup.it\/blog\/wp-content\/uploads\/2022\/08\/matrimonio-in-montagna-1-300x169.jpg 300w, https:\/\/www.showgroup.it\/blog\/wp-content\/uploads\/2022\/08\/matrimonio-in-montagna-1-1024x576.jpg 1024w, https:\/\/www.showgroup.it\/blog\/wp-content\/uploads\/2022\/08\/matrimonio-in-montagna-1-768x432.jpg 768w, https:\/\/www.showgroup.it\/blog\/wp-content\/uploads\/2022\/08\/matrimonio-in-montagna-1-1536x864.jpg 1536w\" sizes=\"(max-width: 1920px) 100vw, 1920px\" \/><\/a><\/p>\n<p>Non esiste una regola precisa, tuttavia il nostro consiglio \u00e8 quello di <strong>scegliere la bassa stagione<\/strong>, ovvero da da met\u00e0 a fine giugno e da inizio a fine settembre, ma anche da met\u00e0 a fine giugno e da inizio a fine settembre. In questo modo riuscirete ad evitare la calca turistica che si riversa sui sentieri montani in cerca di frescura.<\/p>\n<p>Inoltre, queste stagioni offrono dei vantaggi impareggiabili: l&#8217;autunno pu\u00f2 colorare i paesaggi con le sue tonalit\u00e0 calde e ambrate, offrendo scenari unici per il photoshooting, lo stesso vale per i primi fiocchi di neve in inverno e il risveglio della natura in primavera.<\/p>\n<p>Ad ogni modo, evita di fissare il matrimonio in montagna quando\u00a0la stagione invernale o estiva \u00e8 a pieno regime. Stiamo parlando quindi di met\u00e0 luglio fino a fine agosto e durante le vacanze di Natale e quelle di Carnevale. Nella scelta del periodo prendi anche in considerazione con quali <strong>temperature<\/strong> vi sentite pi\u00f9 a disagio e quanto <strong>rischio di maltempo<\/strong> volete prendere in considerazione.<\/p>\n<h2><a href=\"https:\/\/www.showgroup.it\/\">Tra vallate alpine e vette innevate: 8 location da fiaba dove festeggiare un matrimonio in montagna<\/a><\/h2>\n<p>Ci sono rifugi e bellissimi hotel aperti anche fuori stagione \u2013 quando c\u2019\u00e8 meno stress, e potete godervi di pi\u00f9 l\u2019hotel e il rifugio. Di seguito abbiamo selezionato le migliori alternative che potrai prenotare direttamente su <strong>Showgroup<\/strong>!<\/p>\n<h3><a href=\"https:\/\/www.showgroup.it\/vetrina\/hotellerie\/borgo-eibn-mountain-lodge_c20663\">Borgo Eibn Mountain Lodge, Sauris &#8211; Udine<\/a><\/h3>\n<p><a href=\"https:\/\/www.showgroup.it\/vetrina\/hotellerie\/borgo-eibn-mountain-lodge_c20663\"><img loading=\"lazy\" class=\"alignnone wp-image-87231 size-full\" src=\"https:\/\/www.showgroup.it\/blog\/wp-content\/uploads\/2022\/06\/addio-al-nubilato-montagna-ebn.jpg\" alt=\"borgo eibn lodge\" width=\"1920\" height=\"1080\" srcset=\"https:\/\/www.showgroup.it\/blog\/wp-content\/uploads\/2022\/06\/addio-al-nubilato-montagna-ebn.jpg 1920w, https:\/\/www.showgroup.it\/blog\/wp-content\/uploads\/2022\/06\/addio-al-nubilato-montagna-ebn-300x169.jpg 300w, https:\/\/www.showgroup.it\/blog\/wp-content\/uploads\/2022\/06\/addio-al-nubilato-montagna-ebn-1024x576.jpg 1024w, https:\/\/www.showgroup.it\/blog\/wp-content\/uploads\/2022\/06\/addio-al-nubilato-montagna-ebn-768x432.jpg 768w, https:\/\/www.showgroup.it\/blog\/wp-content\/uploads\/2022\/06\/addio-al-nubilato-montagna-ebn-1536x864.jpg 1536w\" sizes=\"(max-width: 1920px) 100vw, 1920px\" \/><\/a><\/p>\n<p><a href=\"https:\/\/www.showgroup.it\/vetrina\/hotellerie\/borgo-eibn-mountain-lodge_c20663\">Borgo Eibn Mountain Lodge<\/a> \u00e8 <strong>natura incontaminata<\/strong>. Tradizioni e costumi antichi. Persone autentiche, accoglienti e lo stile di vita genuino della montagna. Architetture tipiche e ospitalit\u00e0 cosmopolita. <strong>Prelibatezze culinarie<\/strong> e <strong>coccole<\/strong> per il corpo e l\u2019anima.<\/p>\n<p>Un&#8217;<strong>oasi a 5 stelle a 1400 metri di altitudine<\/strong>, fra vette maestose e dolci pascoli. Un luogo senza tempo dove raggiungere le stelle. All&#8217;interno della struttura sono presenti anche un centro benessere e un ristorante alla carta, usufruibili dagli esterni previa prenotazione e compatibilmente con l&#8217;occupazione e l&#8217;organizzazione interna del Lodge.<\/p>\n<p>Se vuoi trascorrere un matrimonio immerso nella natura, <a href=\"https:\/\/www.showgroup.it\/vetrina\/hotellerie\/borgo-eibn-mountain-lodge_c20663\">contatta qui<\/a> la struttura.<\/p>\n<h3><a href=\"https:\/\/www.showgroup.it\/vetrina\/hotellerie\/parkhotel-sole-paradiso_c32912\">Parkhotel Sole Paradiso, San Candido &#8211; Bolzano<\/a><\/h3>\n<p><a href=\"https:\/\/www.showgroup.it\/vetrina\/hotellerie\/parkhotel-sole-paradiso_c32912\"><img loading=\"lazy\" class=\"alignnone wp-image-87232 size-full\" src=\"https:\/\/www.showgroup.it\/blog\/wp-content\/uploads\/2022\/06\/addio-al-nubilato-montagna-park-hotel.jpg\" alt=\"park hotel sole paradiso\" width=\"1920\" height=\"1080\" srcset=\"https:\/\/www.showgroup.it\/blog\/wp-content\/uploads\/2022\/06\/addio-al-nubilato-montagna-park-hotel.jpg 1920w, https:\/\/www.showgroup.it\/blog\/wp-content\/uploads\/2022\/06\/addio-al-nubilato-montagna-park-hotel-300x169.jpg 300w, https:\/\/www.showgroup.it\/blog\/wp-content\/uploads\/2022\/06\/addio-al-nubilato-montagna-park-hotel-1024x576.jpg 1024w, https:\/\/www.showgroup.it\/blog\/wp-content\/uploads\/2022\/06\/addio-al-nubilato-montagna-park-hotel-768x432.jpg 768w, https:\/\/www.showgroup.it\/blog\/wp-content\/uploads\/2022\/06\/addio-al-nubilato-montagna-park-hotel-1536x864.jpg 1536w\" sizes=\"(max-width: 1920px) 100vw, 1920px\" \/><\/a><\/p>\n<p>Circondato da <strong>foreste verdeggianti<\/strong> e dalle <strong>Dolomiti<\/strong>, il <a href=\"https:\/\/www.showgroup.it\/vetrina\/hotellerie\/parkhotel-sole-paradiso_c32912\">Parkhotel Sole Paradiso<\/a> si trova a San Candido, a 36 km da Cortina D&#8217;Ampezzo. Il Parkhotel \u00e8 gestito dalla famiglia Ortner sin dal <strong>1882<\/strong> e vi accoglier\u00e0 con l&#8217;ospitalit\u00e0 e la <strong>cucina altoatesina<\/strong>. Un intervento di restyling ha rispettato la tradizione arricchendola di fascino e comfort moderno.<\/p>\n<p>Tutte le camere del Parkhotel Sole Paradiso vantano <strong>arredi esclusivi<\/strong> e <strong>viste sulle montagne<\/strong>. Potrete accedere gratuitamente al centro benessere con piscina coperta, sauna e palestra. Un parco giardino di oltre 10.000 metri quadri abbraccia la struttura, creando un&#8217;atmosfera fiabesca.<\/p>\n<p>Vuoi contattare il Parkhotel Sole Paradiso? <a href=\"https:\/\/www.showgroup.it\/vetrina\/hotellerie\/parkhotel-sole-paradiso_c32912\">Clicca qui<\/a>!<\/p>\n<h3><a href=\"https:\/\/www.showgroup.it\/vetrina\/hotellerie\/grand-hotel-presolana-centro-benessere_c24111?from_search=true\">Grand Hotel Presolana, Castione della Presolana &#8211; Bergamo<\/a><\/h3>\n<h3><a href=\"https:\/\/www.showgroup.it\/vetrina\/hotellerie\/grand-hotel-presolana-centro-benessere_c24111?from_search=true\"><img loading=\"lazy\" class=\"alignnone wp-image-88335 size-full\" src=\"https:\/\/www.showgroup.it\/blog\/wp-content\/uploads\/2022\/08\/matrimonio-in-montagna.jpg\" alt=\"\" width=\"1920\" height=\"1080\" srcset=\"https:\/\/www.showgroup.it\/blog\/wp-content\/uploads\/2022\/08\/matrimonio-in-montagna.jpg 1920w, https:\/\/www.showgroup.it\/blog\/wp-content\/uploads\/2022\/08\/matrimonio-in-montagna-300x169.jpg 300w, https:\/\/www.showgroup.it\/blog\/wp-content\/uploads\/2022\/08\/matrimonio-in-montagna-1024x576.jpg 1024w, https:\/\/www.showgroup.it\/blog\/wp-content\/uploads\/2022\/08\/matrimonio-in-montagna-768x432.jpg 768w, https:\/\/www.showgroup.it\/blog\/wp-content\/uploads\/2022\/08\/matrimonio-in-montagna-1536x864.jpg 1536w\" sizes=\"(max-width: 1920px) 100vw, 1920px\" \/><\/a><\/h3>\n<p>ll <strong>Grand Hotel Presolana<\/strong> si apre alla pineta nella cornice delle <strong>Prealpi Orobiche<\/strong>, con le sue 104 camere e Suite, nei diversi scenari dal Monte Pora al Monte della Presolana che si stagliano nell&#8217;azzurro dell&#8217;orizzonte tra il bianco neve e il verde pineta, tratti che agli occhi paiono come dipinti unici, miniature di un&#8217;immensit\u00e0 incontaminata e di una quiete autentica.<\/p>\n<p>Incantevole il paesaggio ed incantevole il circondario di arte e storia come quella vissuta negli antichi centri storici come Gromo, Gandino, Nembro, Alzano Lombardo, Clusone e la sua piazza, patrimonio dell\u2019Unesco, tra arte e monumenti, e quella custodita dai santuari e dalle chiese. Se desideri raggiungere il <strong>benessere del corpo in sintonia con la mente<\/strong>, qui troverai 5 cabine massaggi predisposte per i pi\u00f9 moderni trattamenti estetici, 2 piscine coperte, cascata di ghiaccio, water paradise, sauna, bagno turco, bagno mediterraneo, docce emozionali, parete di sale, ed un&#8217;ampia area relax.<\/p>\n<p><a href=\"https:\/\/www.showgroup.it\/vetrina\/hotellerie\/grand-hotel-presolana-centro-benessere_c24111?from_search=true\">Clicca qui<\/a> per richiedere un preventivo al Grand Hotel Presolana!<\/p>\n<h3><a href=\"https:\/\/www.showgroup.it\/vetrina\/hotellerie\/grand-hotel-courmayeur-mont-blanc_c23994\">Grand Hotel Courmayeur Mont Blanc, Courmayeur &#8211; Aosta<\/a><\/h3>\n<p><a href=\"https:\/\/www.showgroup.it\/vetrina\/hotellerie\/grand-hotel-courmayeur-mont-blanc_c23994\"><img loading=\"lazy\" class=\"alignnone wp-image-87235 size-full\" src=\"https:\/\/www.showgroup.it\/blog\/wp-content\/uploads\/2022\/06\/addio-al-nubilato-montagna-grand-hotel-courmayeur-mont-blanc-2.jpg\" alt=\"vista dalla sala da pranzo\" width=\"1920\" height=\"1080\" srcset=\"https:\/\/www.showgroup.it\/blog\/wp-content\/uploads\/2022\/06\/addio-al-nubilato-montagna-grand-hotel-courmayeur-mont-blanc-2.jpg 1920w, https:\/\/www.showgroup.it\/blog\/wp-content\/uploads\/2022\/06\/addio-al-nubilato-montagna-grand-hotel-courmayeur-mont-blanc-2-300x169.jpg 300w, https:\/\/www.showgroup.it\/blog\/wp-content\/uploads\/2022\/06\/addio-al-nubilato-montagna-grand-hotel-courmayeur-mont-blanc-2-1024x576.jpg 1024w, https:\/\/www.showgroup.it\/blog\/wp-content\/uploads\/2022\/06\/addio-al-nubilato-montagna-grand-hotel-courmayeur-mont-blanc-2-768x432.jpg 768w, https:\/\/www.showgroup.it\/blog\/wp-content\/uploads\/2022\/06\/addio-al-nubilato-montagna-grand-hotel-courmayeur-mont-blanc-2-1536x864.jpg 1536w\" sizes=\"(max-width: 1920px) 100vw, 1920px\" \/><\/a><\/p>\n<p>Situato nel centro di <strong>Courmayeur<\/strong>, il Grand Hotel Courmayeur Mont Blanc 5 stelle vi regaler\u00e0 una vacanza indimenticabile nella suggestiva cornice del <strong>Monte Bianco<\/strong>. Il complesso alberghiero \u00e8 costituito da <strong>4 Chalet<\/strong>: la club house centrale dove si trovano tutti i servizi e tre chalet laterali che ospitano camere e Suites. Il Grand Hotel Courmayeur Mont Blanc offre un\u2019ampia scelta di camere e suite arredate con eleganza ed arricchite da un prezioso <strong>arredamento contemporaneo<\/strong>.<\/p>\n<p>La <strong>SPA Elysium<\/strong> \u00e8 pensata per garantire il massimo comfort \u00e8 dotata di Zone UMIDO e ACQUA, palestra con attrezzi Technogym e cabine per trattamenti. Il <strong>ristorante La Fourchette<\/strong>, oltre che per la sua posizione spettacolare, si contraddistingue per la cucina raffinata e la calda ospitalit\u00e0. Troverete la cortesia ed un servizio attento, cucina eccellente ed un ottima scelta di vini serviti in una splendida atmosfera.<\/p>\n<p>Per festeggiare l&#8217;addio al nubilato al Grand Hotel Courmayeur, <a href=\"https:\/\/www.showgroup.it\/vetrina\/hotellerie\/grand-hotel-courmayeur-mont-blanc_c23994\">contatta qui<\/a> la struttura.<\/p>\n<h3><a href=\"https:\/\/www.showgroup.it\/vetrina\/hotellerie\/la-torretta-hotel-wellness_c31152\">La Torretta Hotel &amp; Wellness, Vermiglio &#8211; Trento<\/a><\/h3>\n<p><a href=\"https:\/\/www.showgroup.it\/vetrina\/hotellerie\/la-torretta-hotel-wellness_c31152\"><img loading=\"lazy\" class=\"alignnone wp-image-87238 size-full\" src=\"https:\/\/www.showgroup.it\/blog\/wp-content\/uploads\/2022\/06\/addio-al-nubilato-montagna-la-torretta-2.jpg\" alt=\"la torretta spa\" width=\"1920\" height=\"1080\" srcset=\"https:\/\/www.showgroup.it\/blog\/wp-content\/uploads\/2022\/06\/addio-al-nubilato-montagna-la-torretta-2.jpg 1920w, https:\/\/www.showgroup.it\/blog\/wp-content\/uploads\/2022\/06\/addio-al-nubilato-montagna-la-torretta-2-300x169.jpg 300w, https:\/\/www.showgroup.it\/blog\/wp-content\/uploads\/2022\/06\/addio-al-nubilato-montagna-la-torretta-2-1024x576.jpg 1024w, https:\/\/www.showgroup.it\/blog\/wp-content\/uploads\/2022\/06\/addio-al-nubilato-montagna-la-torretta-2-768x432.jpg 768w, https:\/\/www.showgroup.it\/blog\/wp-content\/uploads\/2022\/06\/addio-al-nubilato-montagna-la-torretta-2-1536x864.jpg 1536w\" sizes=\"(max-width: 1920px) 100vw, 1920px\" \/><\/a><\/p>\n<p><a href=\"https:\/\/www.showgroup.it\/vetrina\/hotellerie\/la-torretta-hotel-wellness_c31152\">La Torretta<\/a> si trova a quota 1882 m del <strong>Passo del Tonale<\/strong>, incorniciata dalle maestose vette dell\u2019 Adamello-Presanella, gruppo montuoso che ospita il pi\u00f9 alto tremila interamente in territorio trentino. \u00c8 il posto ideale per chi desidera scoprire il lato pi\u00f9 autentico del Trentino, che sia scivolando lungo le <strong>piste innevate<\/strong> oppure camminando nella <strong>natura incontaminata<\/strong>.<\/p>\n<p>Undici tipologie di camera, un solo comune denominatore: <strong>pace<\/strong> e <strong>tranquillit\u00e0<\/strong> a garanzia di assoluto riposo. Dalla singola alla quadrupla, l&#8217;hotel ha diverse soluzioni abitative, tutte dotate di bagno con doccia, alcune addirittura con cabina extralarge o cromoterapica, e ognuna vi sapr\u00e0 sorprendere con la propria declinazione di <strong>stile montano<\/strong>.<\/p>\n<p>Per organizzare il tuo matrimonio in montagna contatta La Torretta <a href=\"https:\/\/www.showgroup.it\/vetrina\/hotellerie\/la-torretta-hotel-wellness_c31152\">cliccando qui<\/a>.<\/p>\n<h3><a href=\"https:\/\/www.showgroup.it\/vetrina\/hotellerie\/ludovico-bich_c14770\">Ludovico Bich, Breuil Cervinia &#8211; Aosta<\/a><\/h3>\n<p><a href=\"https:\/\/www.showgroup.it\/vetrina\/hotellerie\/ludovico-bich_c14770\"><img loading=\"lazy\" class=\"alignnone wp-image-87233 size-full\" src=\"https:\/\/www.showgroup.it\/blog\/wp-content\/uploads\/2022\/06\/addio-al-nubilato-montagna-ludovico-bich.jpg\" alt=\"sauna del ludovico bich\" width=\"1920\" height=\"1080\" srcset=\"https:\/\/www.showgroup.it\/blog\/wp-content\/uploads\/2022\/06\/addio-al-nubilato-montagna-ludovico-bich.jpg 1920w, https:\/\/www.showgroup.it\/blog\/wp-content\/uploads\/2022\/06\/addio-al-nubilato-montagna-ludovico-bich-300x169.jpg 300w, https:\/\/www.showgroup.it\/blog\/wp-content\/uploads\/2022\/06\/addio-al-nubilato-montagna-ludovico-bich-1024x576.jpg 1024w, https:\/\/www.showgroup.it\/blog\/wp-content\/uploads\/2022\/06\/addio-al-nubilato-montagna-ludovico-bich-768x432.jpg 768w, https:\/\/www.showgroup.it\/blog\/wp-content\/uploads\/2022\/06\/addio-al-nubilato-montagna-ludovico-bich-1536x864.jpg 1536w\" sizes=\"(max-width: 1920px) 100vw, 1920px\" \/><\/a><\/p>\n<p>Il <a href=\"https:\/\/www.showgroup.it\/vetrina\/hotellerie\/ludovico-bich_c14770\">Les Neiges D&#8217;Antan<\/a>, gestito di Ludovico Bich, si trova in un tranquillo villaggio <strong>ai piedi delle Alpi<\/strong>, fuori dal centro di <a href=\"https:\/\/www.guidaturisticaosta.it\/cosa-fare-a-cervinia\/\" target=\"_blank\" rel=\"noopener\">Cervinia<\/a>, e offre navette gratuite per gli impianti di risalita principali di Cervinia e Valtourneche. Potendo disporre di<strong> 40 camere<\/strong>, un padiglione immerso nel bosco per feste private e di un <strong>grande ristorante<\/strong> con 200 posti a sedere, pu\u00f2 ospitare anche un addio al nubilato particolarmente numeroso.<\/p>\n<p>Il ristorante propone <strong>piatti tipici della cucina regionale<\/strong> o per il pubblico straniero la cucina mediterranea o i piatti pi\u00f9 classici della tradizione italiana.<\/p>\n<p>Il <strong>benessere<\/strong> \u00e8 il vero fiore all&#8217;occhiello di questa struttura, attrezzata con SPA con sauna scaldata a legna con vista sul bosco, 2 vasche idromassaggio all&#8217;aperto da 8 posti l\u2019una, una zona relax, un bagno turco e 3 sale massaggi con operatori professionali.<\/p>\n<p><a href=\"https:\/\/www.showgroup.it\/vetrina\/hotellerie\/ludovico-bich_c14770\">Clicca qui<\/a> per richiedere prezzi e disponibilit\u00e0 al Les Neiges D&#8217;Antan.<\/p>\n<h3><a href=\"https:\/\/www.showgroup.it\/vetrina\/hotellerie\/bianco-hotel_c14751\">Bianco Hotel, Primaluna &#8211; Lecco<\/a><\/h3>\n<h3><a href=\"https:\/\/www.showgroup.it\/vetrina\/hotellerie\/bianco-hotel_c14751\"><img loading=\"lazy\" class=\"alignnone wp-image-88337 size-full\" src=\"https:\/\/www.showgroup.it\/blog\/wp-content\/uploads\/2022\/08\/matrimonio-in-montagna-2.jpg\" alt=\"\" width=\"1920\" height=\"1080\" srcset=\"https:\/\/www.showgroup.it\/blog\/wp-content\/uploads\/2022\/08\/matrimonio-in-montagna-2.jpg 1920w, https:\/\/www.showgroup.it\/blog\/wp-content\/uploads\/2022\/08\/matrimonio-in-montagna-2-300x169.jpg 300w, https:\/\/www.showgroup.it\/blog\/wp-content\/uploads\/2022\/08\/matrimonio-in-montagna-2-1024x576.jpg 1024w, https:\/\/www.showgroup.it\/blog\/wp-content\/uploads\/2022\/08\/matrimonio-in-montagna-2-768x432.jpg 768w, https:\/\/www.showgroup.it\/blog\/wp-content\/uploads\/2022\/08\/matrimonio-in-montagna-2-1536x864.jpg 1536w\" sizes=\"(max-width: 1920px) 100vw, 1920px\" \/><\/a><\/h3>\n<p>Bianco Hotel \u00e8 un hotel 3 stelle situato nel <strong>cuore della Valsassina<\/strong>, valle che corre lungo la costa orientale del Lago di Como, pi\u00f9 precisamente nel comune di Primaluna (Lecco) ai piedi della Grigna Settentrionale (2410 m.s.l.m.) delle cui <strong>viste \u201cmozzafiato\u201d<\/strong> \u00e8 possibile godere tanto dalle camere che dall\u2019ampio porticato esterno che caratterizza l\u2019intera architettura del nostro hotel.<\/p>\n<p>La sua posizione strategica in media valle combinata con il <strong>design degli interni<\/strong> vi garantir\u00e0 un soggiorno impeccabile in un\u2019oasi di natura e di pace, dove l\u2019accoglienza e l\u2019ospitalit\u00e0 di un ambiente famigliare sapranno soddisfare ogni vostra esigenza. L&#8217;offerta culinaria si basa su materie prime di qualit\u00e0 a Km0, e cucina casalinga in grado di valorizzare soprattutto i piatti del territorio.<\/p>\n<p>Vuoi organizzare il tuo matrimonio al Bianco Hotel? <a href=\"https:\/\/www.showgroup.it\/vetrina\/hotellerie\/bianco-hotel_c14751\">Clicca qui<\/a> per contattare la struttura!<\/p>\n<h3><a href=\"https:\/\/www.showgroup.it\/vetrina\/hotellerie\/lac-salin-spa-mountain-resort_c35352\">LAC SALIN Spa &amp; Mountain Resort, Livigno &#8211; Sondrio<\/a><\/h3>\n<h3><a href=\"https:\/\/www.showgroup.it\/vetrina\/hotellerie\/lac-salin-spa-mountain-resort_c35352\"><img loading=\"lazy\" class=\"alignnone wp-image-88120 size-full\" src=\"https:\/\/www.showgroup.it\/blog\/wp-content\/uploads\/2022\/08\/dove-trascorrere-weekend-romantico-3.jpg\" alt=\"piscina salin spa\" width=\"1920\" height=\"1080\" srcset=\"https:\/\/www.showgroup.it\/blog\/wp-content\/uploads\/2022\/08\/dove-trascorrere-weekend-romantico-3.jpg 1920w, https:\/\/www.showgroup.it\/blog\/wp-content\/uploads\/2022\/08\/dove-trascorrere-weekend-romantico-3-300x169.jpg 300w, https:\/\/www.showgroup.it\/blog\/wp-content\/uploads\/2022\/08\/dove-trascorrere-weekend-romantico-3-1024x576.jpg 1024w, https:\/\/www.showgroup.it\/blog\/wp-content\/uploads\/2022\/08\/dove-trascorrere-weekend-romantico-3-768x432.jpg 768w, https:\/\/www.showgroup.it\/blog\/wp-content\/uploads\/2022\/08\/dove-trascorrere-weekend-romantico-3-1536x864.jpg 1536w\" sizes=\"(max-width: 1920px) 100vw, 1920px\" \/><\/a><\/h3>\n<p>L\u2019<strong>Hotel Lac Salin Spa &amp; Mountain Resort<\/strong>, \u00e8 un luogo di felicit\u00e0, di nostalgia per le origini e per le cose essenziali della vita: un hotel a Livigno a 4 stelle Superior, nel quale poter ritrovare se stessi e riscoprire il rapporto con la <strong>natura<\/strong> che ci circonda. L&#8217;hotel si trova di fronte alle piste da sci e offre camere dotate di balcone con <strong>viste mozzafiato sulle Alpi<\/strong> e un parcheggio gratuito.<\/p>\n<p>Quale posto migliore di questo dove poter trascorrere una serata romantica? Qui troverai una <strong>Spa di 1.200 m\u00b2<\/strong>, dove potrete rilassarvi completamente e ricaricare le batterie per affrontare le sfide della vita quotidiana e\u00a0<strong>3 SPA Suite<\/strong>, confortevoli suite, la Suite Paradisin, Family rooms, camere Prestige, le camere Deluxe, la camera Superior Sun, la camera Superior.<\/p>\n<p>Vuoi sposarti nel cuore delle Alpi? Contatta la struttura <a href=\"https:\/\/www.showgroup.it\/vetrina\/hotellerie\/lac-salin-spa-mountain-resort_c35352\">cliccando qui<\/a>!<\/p>\n","protected":false},"excerpt":{"rendered":"<p>I matrimoni organizzati all&#8217;aperto, nel pieno nella natura, sono in aumento poich\u00e9 le coppie cercano di rendere la lor unione [&hellip;]<\/p>\n","protected":false},"author":5,"featured_media":88339,"comment_status":"open","ping_status":"open","sticky":false,"template":"","format":"standard","meta":[],"categories":[661],"tags":[],"yoast_head":"<!-- This site is optimized with the Yoast SEO plugin v16.9 - https:\/\/yoast.com\/wordpress\/plugins\/seo\/ -->\n<title>Matrimonio in montagna: un sogno che diventa realt\u00e0 &bull; Showgroup<\/title>\n<meta name=\"description\" content=\"Stai organizzando un matrimonio in montagna? Ecco qualche consiglio e le location pi\u00f9 suggestive dove sposarsi ad alta quota!\" \/>\n<meta name=\"robots\" content=\"index, follow, max-snippet:-1, max-image-preview:large, max-video-preview:-1\" \/>\n<link rel=\"canonical\" href=\"https:\/\/www.showgroup.it\/blog\/2022\/08\/27\/matrimonio-in-montagna-un-sogno-che-diventa-realta\/\" \/>\n<meta property=\"og:locale\" content=\"it_IT\" \/>\n<meta property=\"og:type\" content=\"article\" \/>\n<meta property=\"og:title\" content=\"Matrimonio in montagna: un sogno che diventa realt\u00e0 &bull; Showgroup\" \/>\n<meta property=\"og:description\" content=\"Stai organizzando un matrimonio in montagna? Ecco qualche consiglio e le location pi\u00f9 suggestive dove sposarsi ad alta quota!\" \/>\n<meta property=\"og:url\" content=\"https:\/\/www.showgroup.it\/blog\/2022\/08\/27\/matrimonio-in-montagna-un-sogno-che-diventa-realta\/\" \/>\n<meta property=\"og:site_name\" content=\"Showgroup - Ready to be WOW!\" \/>\n<meta property=\"article:publisher\" content=\"https:\/\/www.facebook.com\/ShowGroupWow\/\" \/>\n<meta property=\"article:published_time\" content=\"2022-08-27T06:28:20+00:00\" \/>\n<meta property=\"article:modified_time\" content=\"2025-05-28T15:05:08+00:00\" \/>\n<meta property=\"og:image\" content=\"https:\/\/www.showgroup.it\/blog\/wp-content\/uploads\/2022\/08\/matrimonio-in-montagna-3.jpg\" \/>\n\t<meta property=\"og:image:width\" content=\"1920\" \/>\n\t<meta property=\"og:image:height\" content=\"1080\" \/>\n<meta name=\"twitter:card\" content=\"summary_large_image\" \/>\n<meta name=\"twitter:label1\" content=\"Scritto da\" \/>\n\t<meta name=\"twitter:data1\" content=\"Benedetta Gatti\" \/>\n\t<meta name=\"twitter:label2\" content=\"Tempo di lettura stimato\" \/>\n\t<meta name=\"twitter:data2\" content=\"12 minuti\" \/>\n<script type=\"application\/ld+json\" class=\"yoast-schema-graph\">{\"@context\":\"https:\/\/schema.org\",\"@graph\":[{\"@type\":\"Organization\",\"@id\":\"https:\/\/www.showgroup.it\/#organization\",\"name\":\"Showgroup\",\"url\":\"https:\/\/www.showgroup.it\/\",\"sameAs\":[\"https:\/\/www.facebook.com\/ShowGroupWow\/\",\"https:\/\/www.instagram.com\/showgroupwow\/\"],\"logo\":{\"@type\":\"ImageObject\",\"@id\":\"https:\/\/www.showgroup.it\/#logo\",\"inLanguage\":\"it-IT\",\"url\":\"https:\/\/www.showgroup.it\/blog\/wp-content\/uploads\/2025\/01\/logo-black.svg\",\"contentUrl\":\"https:\/\/www.showgroup.it\/blog\/wp-content\/uploads\/2025\/01\/logo-black.svg\",\"width\":1440,\"height\":916,\"caption\":\"Showgroup\"},\"image\":{\"@id\":\"https:\/\/www.showgroup.it\/#logo\"}},{\"@type\":\"WebSite\",\"@id\":\"https:\/\/www.showgroup.it\/#website\",\"url\":\"https:\/\/www.showgroup.it\/\",\"name\":\"Showgroup - Ready to be WOW!\",\"description\":\"Il primo portale gratuito dedicato al mondo dello spettacolo.\",\"publisher\":{\"@id\":\"https:\/\/www.showgroup.it\/#organization\"},\"potentialAction\":[{\"@type\":\"SearchAction\",\"target\":{\"@type\":\"EntryPoint\",\"urlTemplate\":\"https:\/\/www.showgroup.it\/?s={search_term_string}\"},\"query-input\":\"required name=search_term_string\"}],\"inLanguage\":\"it-IT\"},{\"@type\":\"ImageObject\",\"@id\":\"https:\/\/www.showgroup.it\/blog\/2022\/08\/27\/matrimonio-in-montagna-un-sogno-che-diventa-realta\/#primaryimage\",\"inLanguage\":\"it-IT\",\"url\":\"https:\/\/www.showgroup.it\/blog\/wp-content\/uploads\/2022\/08\/matrimonio-in-montagna-3.jpg\",\"contentUrl\":\"https:\/\/www.showgroup.it\/blog\/wp-content\/uploads\/2022\/08\/matrimonio-in-montagna-3.jpg\",\"width\":1920,\"height\":1080},{\"@type\":\"WebPage\",\"@id\":\"https:\/\/www.showgroup.it\/blog\/2022\/08\/27\/matrimonio-in-montagna-un-sogno-che-diventa-realta\/#webpage\",\"url\":\"https:\/\/www.showgroup.it\/blog\/2022\/08\/27\/matrimonio-in-montagna-un-sogno-che-diventa-realta\/\",\"name\":\"Matrimonio in montagna: un sogno che diventa realt\\u00e0 &bull; Showgroup\",\"isPartOf\":{\"@id\":\"https:\/\/www.showgroup.it\/#website\"},\"primaryImageOfPage\":{\"@id\":\"https:\/\/www.showgroup.it\/blog\/2022\/08\/27\/matrimonio-in-montagna-un-sogno-che-diventa-realta\/#primaryimage\"},\"datePublished\":\"2022-08-27T06:28:20+00:00\",\"dateModified\":\"2025-05-28T15:05:08+00:00\",\"description\":\"Stai organizzando un matrimonio in montagna? Ecco qualche consiglio e le location pi\\u00f9 suggestive dove sposarsi ad alta quota!\",\"breadcrumb\":{\"@id\":\"https:\/\/www.showgroup.it\/blog\/2022\/08\/27\/matrimonio-in-montagna-un-sogno-che-diventa-realta\/#breadcrumb\"},\"inLanguage\":\"it-IT\",\"potentialAction\":[{\"@type\":\"ReadAction\",\"target\":[\"https:\/\/www.showgroup.it\/blog\/2022\/08\/27\/matrimonio-in-montagna-un-sogno-che-diventa-realta\/\"]}]},{\"@type\":\"BreadcrumbList\",\"@id\":\"https:\/\/www.showgroup.it\/blog\/2022\/08\/27\/matrimonio-in-montagna-un-sogno-che-diventa-realta\/#breadcrumb\",\"itemListElement\":[{\"@type\":\"ListItem\",\"position\":1,\"name\":\"Home\",\"item\":\"https:\/\/www.showgroup.it\/blog\/\"},{\"@type\":\"ListItem\",\"position\":2,\"name\":\"Matrimonio in montagna: un sogno che diventa realt\\u00e0\"}]},{\"@type\":\"Article\",\"@id\":\"https:\/\/www.showgroup.it\/blog\/2022\/08\/27\/matrimonio-in-montagna-un-sogno-che-diventa-realta\/#article\",\"isPartOf\":{\"@id\":\"https:\/\/www.showgroup.it\/blog\/2022\/08\/27\/matrimonio-in-montagna-un-sogno-che-diventa-realta\/#webpage\"},\"author\":{\"@id\":\"https:\/\/www.showgroup.it\/#\/schema\/person\/9b799d433be4e17451d197175628047a\"},\"headline\":\"Matrimonio in montagna: un sogno che diventa realt\\u00e0\",\"datePublished\":\"2022-08-27T06:28:20+00:00\",\"dateModified\":\"2025-05-28T15:05:08+00:00\",\"mainEntityOfPage\":{\"@id\":\"https:\/\/www.showgroup.it\/blog\/2022\/08\/27\/matrimonio-in-montagna-un-sogno-che-diventa-realta\/#webpage\"},\"wordCount\":1953,\"commentCount\":0,\"publisher\":{\"@id\":\"https:\/\/www.showgroup.it\/#organization\"},\"image\":{\"@id\":\"https:\/\/www.showgroup.it\/blog\/2022\/08\/27\/matrimonio-in-montagna-un-sogno-che-diventa-realta\/#primaryimage\"},\"thumbnailUrl\":\"https:\/\/www.showgroup.it\/blog\/wp-content\/uploads\/2022\/08\/matrimonio-in-montagna-3.jpg\",\"articleSection\":[\"Eventi e location\"],\"inLanguage\":\"it-IT\",\"potentialAction\":[{\"@type\":\"CommentAction\",\"name\":\"Comment\",\"target\":[\"https:\/\/www.showgroup.it\/blog\/2022\/08\/27\/matrimonio-in-montagna-un-sogno-che-diventa-realta\/#respond\"]}]},{\"@type\":\"Person\",\"@id\":\"https:\/\/www.showgroup.it\/#\/schema\/person\/9b799d433be4e17451d197175628047a\",\"name\":\"Benedetta Gatti\",\"image\":{\"@type\":\"ImageObject\",\"@id\":\"https:\/\/www.showgroup.it\/#personlogo\",\"inLanguage\":\"it-IT\",\"url\":\"https:\/\/secure.gravatar.com\/avatar\/32ceeb7300be30aabe2c84fdaa89eac0?s=96&d=mm&r=g\",\"contentUrl\":\"https:\/\/secure.gravatar.com\/avatar\/32ceeb7300be30aabe2c84fdaa89eac0?s=96&d=mm&r=g\",\"caption\":\"Benedetta Gatti\"}}]}<\/script>\n<!-- \/ Yoast SEO plugin. -->","yoast_head_json":{"title":"Matrimonio in montagna: un sogno che diventa realt\u00e0 &bull; Showgroup","description":"Stai organizzando un matrimonio in montagna? Ecco qualche consiglio e le location pi\u00f9 suggestive dove sposarsi ad alta quota!","robots":{"index":"index","follow":"follow","max-snippet":"max-snippet:-1","max-image-preview":"max-image-preview:large","max-video-preview":"max-video-preview:-1"},"canonical":"https:\/\/www.showgroup.it\/blog\/2022\/08\/27\/matrimonio-in-montagna-un-sogno-che-diventa-realta\/","og_locale":"it_IT","og_type":"article","og_title":"Matrimonio in montagna: un sogno che diventa realt\u00e0 &bull; Showgroup","og_description":"Stai organizzando un matrimonio in montagna? Ecco qualche consiglio e le location pi\u00f9 suggestive dove sposarsi ad alta quota!","og_url":"https:\/\/www.showgroup.it\/blog\/2022\/08\/27\/matrimonio-in-montagna-un-sogno-che-diventa-realta\/","og_site_name":"Showgroup - Ready to be WOW!","article_publisher":"https:\/\/www.facebook.com\/ShowGroupWow\/","article_published_time":"2022-08-27T06:28:20+00:00","article_modified_time":"2025-05-28T15:05:08+00:00","og_image":[{"width":1920,"height":1080,"filesize":359973,"url":"https:\/\/www.showgroup.it\/blog\/wp-content\/uploads\/2022\/08\/matrimonio-in-montagna-3.jpg","path":"\/sites\/www.showgroup.it\/files\/blog\/wp-content\/uploads\/2022\/08\/matrimonio-in-montagna-3.jpg","size":"full","id":88339,"alt":"","pixels":2073600,"type":"image\/jpeg"}],"twitter_card":"summary_large_image","twitter_misc":{"Scritto da":"Benedetta Gatti","Tempo di lettura stimato":"12 minuti"},"schema":{"@context":"https:\/\/schema.org","@graph":[{"@type":"Organization","@id":"https:\/\/www.showgroup.it\/#organization","name":"Showgroup","url":"https:\/\/www.showgroup.it\/","sameAs":["https:\/\/www.facebook.com\/ShowGroupWow\/","https:\/\/www.instagram.com\/showgroupwow\/"],"logo":{"@type":"ImageObject","@id":"https:\/\/www.showgroup.it\/#logo","inLanguage":"it-IT","url":"https:\/\/www.showgroup.it\/blog\/wp-content\/uploads\/2025\/01\/logo-black.svg","contentUrl":"https:\/\/www.showgroup.it\/blog\/wp-content\/uploads\/2025\/01\/logo-black.svg","width":1440,"height":916,"caption":"Showgroup"},"image":{"@id":"https:\/\/www.showgroup.it\/#logo"}},{"@type":"WebSite","@id":"https:\/\/www.showgroup.it\/#website","url":"https:\/\/www.showgroup.it\/","name":"Showgroup - Ready to be WOW!","description":"Il primo portale gratuito dedicato al mondo dello spettacolo.","publisher":{"@id":"https:\/\/www.showgroup.it\/#organization"},"potentialAction":[{"@type":"SearchAction","target":{"@type":"EntryPoint","urlTemplate":"https:\/\/www.showgroup.it\/?s={search_term_string}"},"query-input":"required name=search_term_string"}],"inLanguage":"it-IT"},{"@type":"ImageObject","@id":"https:\/\/www.showgroup.it\/blog\/2022\/08\/27\/matrimonio-in-montagna-un-sogno-che-diventa-realta\/#primaryimage","inLanguage":"it-IT","url":"https:\/\/www.showgroup.it\/blog\/wp-content\/uploads\/2022\/08\/matrimonio-in-montagna-3.jpg","contentUrl":"https:\/\/www.showgroup.it\/blog\/wp-content\/uploads\/2022\/08\/matrimonio-in-montagna-3.jpg","width":1920,"height":1080},{"@type":"WebPage","@id":"https:\/\/www.showgroup.it\/blog\/2022\/08\/27\/matrimonio-in-montagna-un-sogno-che-diventa-realta\/#webpage","url":"https:\/\/www.showgroup.it\/blog\/2022\/08\/27\/matrimonio-in-montagna-un-sogno-che-diventa-realta\/","name":"Matrimonio in montagna: un sogno che diventa realt\u00e0 &bull; Showgroup","isPartOf":{"@id":"https:\/\/www.showgroup.it\/#website"},"primaryImageOfPage":{"@id":"https:\/\/www.showgroup.it\/blog\/2022\/08\/27\/matrimonio-in-montagna-un-sogno-che-diventa-realta\/#primaryimage"},"datePublished":"2022-08-27T06:28:20+00:00","dateModified":"2025-05-28T15:05:08+00:00","description":"Stai organizzando un matrimonio in montagna? Ecco qualche consiglio e le location pi\u00f9 suggestive dove sposarsi ad alta quota!","breadcrumb":{"@id":"https:\/\/www.showgroup.it\/blog\/2022\/08\/27\/matrimonio-in-montagna-un-sogno-che-diventa-realta\/#breadcrumb"},"inLanguage":"it-IT","potentialAction":[{"@type":"ReadAction","target":["https:\/\/www.showgroup.it\/blog\/2022\/08\/27\/matrimonio-in-montagna-un-sogno-che-diventa-realta\/"]}]},{"@type":"BreadcrumbList","@id":"https:\/\/www.showgroup.it\/blog\/2022\/08\/27\/matrimonio-in-montagna-un-sogno-che-diventa-realta\/#breadcrumb","itemListElement":[{"@type":"ListItem","position":1,"name":"Home","item":"https:\/\/www.showgroup.it\/blog\/"},{"@type":"ListItem","position":2,"name":"Matrimonio in montagna: un sogno che diventa realt\u00e0"}]},{"@type":"Article","@id":"https:\/\/www.showgroup.it\/blog\/2022\/08\/27\/matrimonio-in-montagna-un-sogno-che-diventa-realta\/#article","isPartOf":{"@id":"https:\/\/www.showgroup.it\/blog\/2022\/08\/27\/matrimonio-in-montagna-un-sogno-che-diventa-realta\/#webpage"},"author":{"@id":"https:\/\/www.showgroup.it\/#\/schema\/person\/9b799d433be4e17451d197175628047a"},"headline":"Matrimonio in montagna: un sogno che diventa realt\u00e0","datePublished":"2022-08-27T06:28:20+00:00","dateModified":"2025-05-28T15:05:08+00:00","mainEntityOfPage":{"@id":"https:\/\/www.showgroup.it\/blog\/2022\/08\/27\/matrimonio-in-montagna-un-sogno-che-diventa-realta\/#webpage"},"wordCount":1953,"commentCount":0,"publisher":{"@id":"https:\/\/www.showgroup.it\/#organization"},"image":{"@id":"https:\/\/www.showgroup.it\/blog\/2022\/08\/27\/matrimonio-in-montagna-un-sogno-che-diventa-realta\/#primaryimage"},"thumbnailUrl":"https:\/\/www.showgroup.it\/blog\/wp-content\/uploads\/2022\/08\/matrimonio-in-montagna-3.jpg","articleSection":["Eventi e location"],"inLanguage":"it-IT","potentialAction":[{"@type":"CommentAction","name":"Comment","target":["https:\/\/www.showgroup.it\/blog\/2022\/08\/27\/matrimonio-in-montagna-un-sogno-che-diventa-realta\/#respond"]}]},{"@type":"Person","@id":"https:\/\/www.showgroup.it\/#\/schema\/person\/9b799d433be4e17451d197175628047a","name":"Benedetta Gatti","image":{"@type":"ImageObject","@id":"https:\/\/www.showgroup.it\/#personlogo","inLanguage":"it-IT","url":"https:\/\/secure.gravatar.com\/avatar\/32ceeb7300be30aabe2c84fdaa89eac0?s=96&d=mm&r=g","contentUrl":"https:\/\/secure.gravatar.com\/avatar\/32ceeb7300be30aabe2c84fdaa89eac0?s=96&d=mm&r=g","caption":"Benedetta Gatti"}}]}},"_links":{"self":[{"href":"https:\/\/www.showgroup.it\/blog\/wp-json\/wp\/v2\/posts\/88333"}],"collection":[{"href":"https:\/\/www.showgroup.it\/blog\/wp-json\/wp\/v2\/posts"}],"about":[{"href":"https:\/\/www.showgroup.it\/blog\/wp-json\/wp\/v2\/types\/post"}],"author":[{"embeddable":true,"href":"https:\/\/www.showgroup.it\/blog\/wp-json\/wp\/v2\/users\/5"}],"replies":[{"embeddable":true,"href":"https:\/\/www.showgroup.it\/blog\/wp-json\/wp\/v2\/comments?post=88333"}],"version-history":[{"count":1,"href":"https:\/\/www.showgroup.it\/blog\/wp-json\/wp\/v2\/posts\/88333\/revisions"}],"predecessor-version":[{"id":99011,"href":"https:\/\/www.showgroup.it\/blog\/wp-json\/wp\/v2\/posts\/88333\/revisions\/99011"}],"wp:featuredmedia":[{"embeddable":true,"href":"https:\/\/www.showgroup.it\/blog\/wp-json\/wp\/v2\/media\/88339"}],"wp:attachment":[{"href":"https:\/\/www.showgroup.it\/blog\/wp-json\/wp\/v2\/media?parent=88333"}],"wp:term":[{"taxonomy":"category","embeddable":true,"href":"https:\/\/www.showgroup.it\/blog\/wp-json\/wp\/v2\/categories?post=88333"},{"taxonomy":"post_tag","embeddable":true,"href":"https:\/\/www.showgroup.it\/blog\/wp-json\/wp\/v2\/tags?post=88333"}],"curies":[{"name":"wp","href":"https:\/\/api.w.org\/{rel}","templated":true}]}}