{"id":88460,"date":"2022-09-06T09:49:39","date_gmt":"2022-09-06T07:49:39","guid":{"rendered":"https:\/\/www.showgroup.it\/?p=88460"},"modified":"2025-05-28T16:59:29","modified_gmt":"2025-05-28T14:59:29","slug":"villa-in-affitto-per-compleanno","status":"publish","type":"post","link":"https:\/\/www.showgroup.it\/blog\/2022\/09\/06\/villa-in-affitto-per-compleanno\/","title":{"rendered":"Compleanno all\u2019orizzonte? Affitta una villa per una sera!"},"content":{"rendered":"<p>Manca poco alle tue prossime candeline? Se vuoi festeggiare questo nuovo traguardo in una villa dal fascino storico, su <strong>Showgroup<\/strong> troverai <span style=\"font-weight: 400;\">una selezione di <\/span><a href=\"https:\/\/www.showgroup.it\/vetrine\/dimore-storiche\"><span style=\"font-weight: 400;\">ville, ristoranti, locali e dimore storiche<\/span><\/a><span style=\"font-weight: 400;\"> favolose dove potrai divertirti!\u00a0<\/span><\/p>\n<p><strong>Scegliere una villa per un compleanno <\/strong>significa andare un po&#8217; in controtendenza con la tradizione del ristorante, ma allo stesso tempo vuol dire anche optare per una location molto suggestiva e dove c&#8217;\u00e8 una grandissima libert\u00e0 dal punto di vista della gestione degli spazi.<\/p>\n<p>Infatti spesso sono presenti tante sale e quindi si potr\u00e0 scegliere quella che \u00e8 pi\u00f9 idonea al <strong>numero di invitati presenti all&#8217;evento<\/strong>. Inoltre, <strong>questo tipo di location<\/strong>\u00a0si caratterizza per avere dei <strong>bellissimi ambienti esterni<\/strong> dove gli invitati possono stare a contatto con la natura: nel caso in cui il compleanno si festegger\u00e0 in primavera o estate si pu\u00f2 pensare di organizzare una cena proprio all&#8217;esterno della villa e sicuramente tutti i presenti apprezzeranno tantissimo.<\/p>\n<p>Infine, a differenza del ristorante, non bisogner\u00e0 essere legati alle <strong>scelte culinarie di un particolare<\/strong>\u00a0posto ma si potr\u00e0 chiamare un catering esterno e decidere qual \u00e8 il men\u00f9 che si preferisce per il festeggiamento.<\/p>\n<p>Giunti al dunque, esplora questa piccola selezione di dimore storiche presenti su <strong>Showgroup<\/strong>, senza dimenticare che potrai trovarne molte altre nella tua citt\u00e0!<\/p>\n<h2><a href=\"https:\/\/www.showgroup.it\/\">10 ville dove organizzare la festa di compleanno!<\/a><\/h2>\n<h3><a href=\"https:\/\/www.showgroup.it\/vetrina\/dimore-storiche\/villa-foscarini-rossi_c32196\">1. Villa Foscarini Rossi, Stra &#8211; Venezia<\/a><\/h3>\n<p><a href=\"https:\/\/www.showgroup.it\/vetrina\/dimore-storiche\/villa-foscarini-rossi_c32196\"><img loading=\"lazy\" class=\"alignnone wp-image-88469 size-full\" src=\"https:\/\/www.showgroup.it\/blog\/wp-content\/uploads\/2022\/09\/villa-in-affitto-per-compleanni-2.jpg\" alt=\"villa foscarini\" width=\"1920\" height=\"1080\" srcset=\"https:\/\/www.showgroup.it\/blog\/wp-content\/uploads\/2022\/09\/villa-in-affitto-per-compleanni-2.jpg 1920w, https:\/\/www.showgroup.it\/blog\/wp-content\/uploads\/2022\/09\/villa-in-affitto-per-compleanni-2-300x169.jpg 300w, https:\/\/www.showgroup.it\/blog\/wp-content\/uploads\/2022\/09\/villa-in-affitto-per-compleanni-2-1024x576.jpg 1024w, https:\/\/www.showgroup.it\/blog\/wp-content\/uploads\/2022\/09\/villa-in-affitto-per-compleanni-2-768x432.jpg 768w, https:\/\/www.showgroup.it\/blog\/wp-content\/uploads\/2022\/09\/villa-in-affitto-per-compleanni-2-1536x864.jpg 1536w\" sizes=\"(max-width: 1920px) 100vw, 1920px\" \/><\/a><\/p>\n<p>Chi sogna un compleanno da favola in un&#8217;<strong>incantevole dimora nobiliare<\/strong>, potr\u00e0 innamorarsi facilmente di <strong>Villa Foscarini Rossi<\/strong>. Situata nella splendida cornice naturalistica della <strong>Riviera del Brenta<\/strong>, tra Venezia e Padova, questa villa del XVII secolo racchiude in un unico posto romanticismo, ricercatezza e fascino senza tempo.<\/p>\n<p>Il fiore all&#8217;occhiello? Il magnifico <strong>salone degli affreschi del 1652<\/strong>, da sempre adibito a cene e pranzi di gran prestigio, in grado di ospitare fino a 200 persone. I <strong>molteplici spazi<\/strong> permettono di diversificare le ambientazioni della festa, adattandosi a diverse esigenze di capienza e alle diverse attivit\u00e0 dei festeggiamenti.<\/p>\n<p>Per richiedere un preventivo e organizzare il tuo compleanno a Villa Foscarini <a href=\"https:\/\/www.showgroup.it\/vetrina\/dimore-storiche\/villa-foscarini-rossi_c32196\">clicca qui<\/a>.<\/p>\n<h3><a href=\"https:\/\/www.showgroup.it\/vetrina\/dimore-storiche\/castello-del-lupo_c32719\">2. Castello del Lupo, Cogliate &#8211; Monza e Brianza<\/a><\/h3>\n<p><a href=\"https:\/\/www.showgroup.it\/vetrina\/dimore-storiche\/castello-del-lupo_c32719\"><img loading=\"lazy\" class=\"alignnone wp-image-88470 size-full\" src=\"https:\/\/www.showgroup.it\/blog\/wp-content\/uploads\/2022\/09\/villa-in-affitto-per-compleanno-1.jpg\" alt=\"castello del lupo\" width=\"1920\" height=\"1080\" srcset=\"https:\/\/www.showgroup.it\/blog\/wp-content\/uploads\/2022\/09\/villa-in-affitto-per-compleanno-1.jpg 1920w, https:\/\/www.showgroup.it\/blog\/wp-content\/uploads\/2022\/09\/villa-in-affitto-per-compleanno-1-300x169.jpg 300w, https:\/\/www.showgroup.it\/blog\/wp-content\/uploads\/2022\/09\/villa-in-affitto-per-compleanno-1-1024x576.jpg 1024w, https:\/\/www.showgroup.it\/blog\/wp-content\/uploads\/2022\/09\/villa-in-affitto-per-compleanno-1-768x432.jpg 768w, https:\/\/www.showgroup.it\/blog\/wp-content\/uploads\/2022\/09\/villa-in-affitto-per-compleanno-1-1536x864.jpg 1536w\" sizes=\"(max-width: 1920px) 100vw, 1920px\" \/><\/a><\/p>\n<p><strong>Castello del Lupo<\/strong> \u00e8 un luogo magico e ricco di storia che vi assicurer\u00e0 un evento indimenticabile. Il castello \u00e8 immerso in un parco secolare che lo rende pressoch\u00e9 invisibile dall\u2019esterno ed \u00e8 avvolto da un alone magico intriso di fascino e mistero. Una location di straordinaria bellezza con decori nel giardino e putti nelle fontane.<\/p>\n<p>I sotterranei erano comunicanti con cunicoli (oggi in fase di ripristino) dove sono stati rinvenuti oggetti dell\u2019epoca e dipinti raffiguranti una giovane nobildonna. La leggenda narra infatti che nel lontano &#8216;<strong>700<\/strong>, quando un cavaliere inglese si invagh\u00ec della ragazza, ne aveva commissionato la costruzione in suo onore. All&#8217;et\u00e0 di 30 anni lei per\u00f2 svan\u00ec nel nulla, ma il suo fantasma ha continuato a vagare per le sale del castello&#8230;chiss\u00e0 se ti capiter\u00e0 di incontrarla!<\/p>\n<p>Se ti piacciono le location dal fascino medievale, avvolte da un alone di storia e mistero, questa \u00e8 la location adatta a te! <a href=\"https:\/\/www.showgroup.it\/vetrina\/dimore-storiche\/castello-del-lupo_c32719\">Clicca qui<\/a> per richiedere servizi e preventivi.<\/p>\n<h3><a href=\"https:\/\/www.showgroup.it\/vetrina\/dimore-storiche\/romantic-houses_c31806\">3. Romantic Houses, Pieve Porto Morone &#8211; Pavia<\/a><\/h3>\n<h3><a href=\"https:\/\/www.showgroup.it\/vetrina\/dimore-storiche\/romantic-houses_c31806\"><img loading=\"lazy\" class=\"alignnone wp-image-87684 size-full\" src=\"https:\/\/www.showgroup.it\/blog\/wp-content\/uploads\/2022\/07\/organizzare-cena-di-gala-romantic-houses.jpg\" alt=\"romantic houses\" width=\"1920\" height=\"1080\" srcset=\"https:\/\/www.showgroup.it\/blog\/wp-content\/uploads\/2022\/07\/organizzare-cena-di-gala-romantic-houses.jpg 1920w, https:\/\/www.showgroup.it\/blog\/wp-content\/uploads\/2022\/07\/organizzare-cena-di-gala-romantic-houses-300x169.jpg 300w, https:\/\/www.showgroup.it\/blog\/wp-content\/uploads\/2022\/07\/organizzare-cena-di-gala-romantic-houses-1024x576.jpg 1024w, https:\/\/www.showgroup.it\/blog\/wp-content\/uploads\/2022\/07\/organizzare-cena-di-gala-romantic-houses-768x432.jpg 768w, https:\/\/www.showgroup.it\/blog\/wp-content\/uploads\/2022\/07\/organizzare-cena-di-gala-romantic-houses-1536x864.jpg 1536w\" sizes=\"(max-width: 1920px) 100vw, 1920px\" \/><\/a><\/h3>\n<p><span style=\"font-weight: 400;\">Sei alla ricerca di una <strong>location sfarzosa ricca di fascino storico<\/strong>? <a href=\"https:\/\/www.showgroup.it\/vetrina\/dimore-storiche\/romantic-houses_c31806\">Romantic Houses<\/a> nella periferia di <strong>Pavia<\/strong> pu\u00f2 fare al caso tuo: le atmosfere delle sale nobiliari, le altezze dei soffitti, gli scaloni in marmo e le ampiezze dei locali, affascineranno gli ospiti con la loro bellezza senza tempo.\u00a0<\/span><\/p>\n<p>La location attualmente pu\u00f2 mettere a disposizione: una sala molto grandi di circa 15mq e due sale adiacenti di circa 50mq cadauna. Un giardino di ingresso e un<strong> parco di 4 ettari<\/strong> non tutto usufruibile.<\/p>\n<p><a href=\"https:\/\/www.showgroup.it\/vetrina\/dimore-storiche\/romantic-houses_c31806\">Clicca qui<\/a> per consultare la vetrina di Romantic Houses!<\/p>\n<h3><a href=\"https:\/\/www.showgroup.it\/vetrina\/dimore-storiche\/cascina-santa-croce_c32622\">4. Cascina Santa Croce, Corbetta &#8211; Milano<\/a><\/h3>\n<h3><a href=\"https:\/\/www.showgroup.it\/vetrina\/dimore-storiche\/cascina-santa-croce_c32622\"><img loading=\"lazy\" class=\"alignnone wp-image-88466 size-full\" src=\"https:\/\/www.showgroup.it\/blog\/wp-content\/uploads\/2022\/09\/villa-in-affitto-compleanno.jpg\" alt=\"cascina santa croce\" width=\"1920\" height=\"1080\" srcset=\"https:\/\/www.showgroup.it\/blog\/wp-content\/uploads\/2022\/09\/villa-in-affitto-compleanno.jpg 1920w, https:\/\/www.showgroup.it\/blog\/wp-content\/uploads\/2022\/09\/villa-in-affitto-compleanno-300x169.jpg 300w, https:\/\/www.showgroup.it\/blog\/wp-content\/uploads\/2022\/09\/villa-in-affitto-compleanno-1024x576.jpg 1024w, https:\/\/www.showgroup.it\/blog\/wp-content\/uploads\/2022\/09\/villa-in-affitto-compleanno-768x432.jpg 768w, https:\/\/www.showgroup.it\/blog\/wp-content\/uploads\/2022\/09\/villa-in-affitto-compleanno-1536x864.jpg 1536w\" sizes=\"(max-width: 1920px) 100vw, 1920px\" \/><\/a><\/h3>\n<p>Cascina Santa Croce \u00e8 una <strong>location per eventi immersa nel verde<\/strong>, la natura circostante \u00e8 meravigliosa: cascate, ruscelli che si intrecciano, piccoli e grandi ponticelli di legno avvolgono la Cascina nei <strong>10.0000 mq di parco<\/strong>. La location si affaccia su un<strong> lago naturale<\/strong>, con tanto di<strong> isolotto lussureggiante<\/strong> raggiungibile da un ponticello di legno.<\/p>\n<p>Qui potete ambientare l&#8217;evento, come se fosse un palcoscenico, all\u2019occorrenza illuminato da <strong>fontane luminose<\/strong>, o perch\u00e9 no, da pirotecnici fuochi d\u2019artificio. La location pu\u00f2 ospitare fino a 180 persone comodamente sedute, per arrivare fino a 250 ospiti.<\/p>\n<p><a href=\"https:\/\/www.showgroup.it\/vetrina\/dimore-storiche\/cascina-santa-croce_c32622\">Clicca qui<\/a> per vedere tutti i servizi di Cascina Santa Croce.<\/p>\n<h3><a href=\"https:\/\/www.showgroup.it\/vetrina\/dimore-storiche\/villa-rezzonico_c32210\">5. Villa Rezzonico, Bassano del Grappa &#8211; Vicenza<\/a><\/h3>\n<h3><a href=\"https:\/\/www.showgroup.it\/vetrina\/dimore-storiche\/villa-rezzonico_c32210\"><img loading=\"lazy\" class=\"alignnone wp-image-88468 size-full\" src=\"https:\/\/www.showgroup.it\/blog\/wp-content\/uploads\/2022\/09\/villa-in-affitto-per-compleanni.jpg\" alt=\"villa rezzonico\" width=\"1920\" height=\"1080\" srcset=\"https:\/\/www.showgroup.it\/blog\/wp-content\/uploads\/2022\/09\/villa-in-affitto-per-compleanni.jpg 1920w, https:\/\/www.showgroup.it\/blog\/wp-content\/uploads\/2022\/09\/villa-in-affitto-per-compleanni-300x169.jpg 300w, https:\/\/www.showgroup.it\/blog\/wp-content\/uploads\/2022\/09\/villa-in-affitto-per-compleanni-1024x576.jpg 1024w, https:\/\/www.showgroup.it\/blog\/wp-content\/uploads\/2022\/09\/villa-in-affitto-per-compleanni-768x432.jpg 768w, https:\/\/www.showgroup.it\/blog\/wp-content\/uploads\/2022\/09\/villa-in-affitto-per-compleanni-1536x864.jpg 1536w\" sizes=\"(max-width: 1920px) 100vw, 1920px\" \/><\/a><\/h3>\n<p>Sogni di un\u2019occasione unica per rendere magico e memorabile il tuo avvenimento? <strong>Villa Rezzonico<\/strong> a <strong>Bassano del Grappa<\/strong> fa proprio al caso tuo essendo il luogo ideale per ospitare un evento indimenticabile. Costruita nei primi anni del <strong>1700<\/strong> per volere della potente famiglia Rezzonico (da cui nascer\u00e0 il futuro Papa veneto Clemente XIII), l\u2019edificio \u00e8 un esempio di <strong>eleganza<\/strong>, <strong>sobriet\u00e0<\/strong> e <strong>magnificenza<\/strong> in stile neoclassico perfettamente conservato.<\/p>\n<p>Oltre al salone centrale con le stanze limitrofe, Villa Rezzonico d\u00e0 la possibilit\u00e0 di pernottare nelle <strong>suites<\/strong> e di usufruire degli spazi del <strong>parco<\/strong>, con fontane e terrazzamenti.<\/p>\n<p>L&#8217;eleganza senza tempo di Villa Rezzonico pu\u00f2 essere la cornice ideale per il tuo compleanno? <a href=\"https:\/\/www.showgroup.it\/vetrina\/dimore-storiche\/villa-rezzonico_c32210\">Clicca qui<\/a> per richiedere un preventivo!<\/p>\n<h3><a href=\"https:\/\/www.showgroup.it\/vetrina\/dimore-storiche\/villa-alceo_c34073\">6. Villa Alceo, Viggi\u00f9 &#8211; Varese<\/a><\/h3>\n<p><a href=\"https:\/\/www.showgroup.it\/vetrina\/dimore-storiche\/villa-alceo_c34073\"><img loading=\"lazy\" class=\"alignnone wp-image-88462 size-full\" src=\"https:\/\/www.showgroup.it\/blog\/wp-content\/uploads\/2022\/09\/villa-in-affitto-per-compleanno-.jpg\" alt=\"villa alceo\" width=\"1920\" height=\"1080\" srcset=\"https:\/\/www.showgroup.it\/blog\/wp-content\/uploads\/2022\/09\/villa-in-affitto-per-compleanno-.jpg 1920w, https:\/\/www.showgroup.it\/blog\/wp-content\/uploads\/2022\/09\/villa-in-affitto-per-compleanno--300x169.jpg 300w, https:\/\/www.showgroup.it\/blog\/wp-content\/uploads\/2022\/09\/villa-in-affitto-per-compleanno--1024x576.jpg 1024w, https:\/\/www.showgroup.it\/blog\/wp-content\/uploads\/2022\/09\/villa-in-affitto-per-compleanno--768x432.jpg 768w, https:\/\/www.showgroup.it\/blog\/wp-content\/uploads\/2022\/09\/villa-in-affitto-per-compleanno--1536x864.jpg 1536w\" sizes=\"(max-width: 1920px) 100vw, 1920px\" \/><\/a><\/p>\n<p>Villa Alceo \u00e8 una <strong>villa storica<\/strong> situata a Viggi\u00f9, pittoresco paesino in provincia di <strong>Varese<\/strong>, a solo un&#8217;ora da Milano, 25 minuti da Como, Varese e Lugano. La location dispone di un <strong>ampio parco di 11000 mq<\/strong> dove troverai un ambiente tranquillo adornato da statue, fontane e vialetti in porfido.<\/p>\n<p>La villa \u00e8 stata trasformata in <strong>boutique hotel<\/strong> nel 2016 nel rispetto dello stile dei suoi tempi e oggi dispone di 8 camere e suite uniche dove vivere un&#8217;esperienza di <strong>lusso<\/strong> e <strong>tranquillit\u00e0<\/strong>. Nella parte alta del parco si trova il <strong>ranch con cavalli<\/strong> dove potrai vivere un trekking nei dintorni anche se sei un principiante o una lezione di <strong>ippoterapia<\/strong> per imparare ad interagire con un cavallo trovando una profonda connessione.<\/p>\n<p>Stai organizzando il compleanno nei pressi di Varese? <a href=\"https:\/\/www.showgroup.it\/vetrina\/dimore-storiche\/villa-alceo_c34073\">Contatta Villa Alceo<\/a> per richiedere servizi e preventivi.<\/p>\n<h3><a href=\"https:\/\/www.showgroup.it\/vetrina\/dimore-storiche\/villa-canaro-gonzaga_c34057\">7. Villa Canaro Gonzaga, Gonzaga &#8211; Mantova<\/a><\/h3>\n<p><a href=\"https:\/\/www.showgroup.it\/vetrina\/dimore-storiche\/villa-canaro-gonzaga_c34057\"><img loading=\"lazy\" class=\"alignnone wp-image-88463 size-full\" src=\"https:\/\/www.showgroup.it\/blog\/wp-content\/uploads\/2022\/09\/villa-in-affitto-per-compleanno.jpg\" alt=\"\" width=\"1920\" height=\"1080\" srcset=\"https:\/\/www.showgroup.it\/blog\/wp-content\/uploads\/2022\/09\/villa-in-affitto-per-compleanno.jpg 1920w, https:\/\/www.showgroup.it\/blog\/wp-content\/uploads\/2022\/09\/villa-in-affitto-per-compleanno-300x169.jpg 300w, https:\/\/www.showgroup.it\/blog\/wp-content\/uploads\/2022\/09\/villa-in-affitto-per-compleanno-1024x576.jpg 1024w, https:\/\/www.showgroup.it\/blog\/wp-content\/uploads\/2022\/09\/villa-in-affitto-per-compleanno-768x432.jpg 768w, https:\/\/www.showgroup.it\/blog\/wp-content\/uploads\/2022\/09\/villa-in-affitto-per-compleanno-1536x864.jpg 1536w\" sizes=\"(max-width: 1920px) 100vw, 1920px\" \/><\/a><\/p>\n<p>Se sei alla ricerca della villa pi\u00f9 adatta per organizzare il tuo compleanno, devi sapere che <strong>Villa Canaro Gonzaga<\/strong> offre un&#8217;<strong>ampia disponibilit\u00e0 tra saloni\/stanze<\/strong> di varie dimensioni e <strong>ampio giardin<\/strong>o in cui potrete organizzare al meglio il pranzo o la cena con gli invitati e scatenarvi nei successivi balli, fino a tardi. Tra queste, il Salone della Musica, la Sala Affrescata e il Salone Sottotetto.<\/p>\n<p>L&#8217;<strong>atmosfera \u00e8 elegante e raffinata<\/strong> grazie anche ai circa 500 metri quadrati di affreschi del &#8216;700 ad opera di un allievo del Bibiena, Pietro Mazzoccoli che, su incarico del marchese Nerli, abbell\u00ec le 40 stanze e altre importanti dimore nei dintorni. Inoltre la Villa dispone di un ampio giardino in cui poter organizzare l&#8217;aperitivo di benvenuto o il taglio della torta e di un parcheggio interno chiuso, per le auto degli ospiti.<\/p>\n<p><a href=\"https:\/\/www.showgroup.it\/vetrina\/dimore-storiche\/villa-canaro-gonzaga_c34057\">Clicca qui<\/a> per consultare la vetrina di Villa Canaro Gonzaga.<\/p>\n<h3><a href=\"https:\/\/www.showgroup.it\/vetrina\/dimore-storiche\/podere-torricella_c33933\">8. Podere Torricella, Narni &#8211; Terni<\/a><\/h3>\n<p><a href=\"https:\/\/www.showgroup.it\/vetrina\/dimore-storiche\/podere-torricella_c33933\"><img loading=\"lazy\" class=\"alignnone wp-image-88464 size-full\" src=\"https:\/\/www.showgroup.it\/blog\/wp-content\/uploads\/2022\/09\/villa-in-affitto-compleanni.jpg\" alt=\"podere torricella\" width=\"1920\" height=\"1080\" srcset=\"https:\/\/www.showgroup.it\/blog\/wp-content\/uploads\/2022\/09\/villa-in-affitto-compleanni.jpg 1920w, https:\/\/www.showgroup.it\/blog\/wp-content\/uploads\/2022\/09\/villa-in-affitto-compleanni-300x169.jpg 300w, https:\/\/www.showgroup.it\/blog\/wp-content\/uploads\/2022\/09\/villa-in-affitto-compleanni-1024x576.jpg 1024w, https:\/\/www.showgroup.it\/blog\/wp-content\/uploads\/2022\/09\/villa-in-affitto-compleanni-768x432.jpg 768w, https:\/\/www.showgroup.it\/blog\/wp-content\/uploads\/2022\/09\/villa-in-affitto-compleanni-1536x864.jpg 1536w\" sizes=\"(max-width: 1920px) 100vw, 1920px\" \/><\/a><\/p>\n<p>La <strong>Villa il Turco<\/strong>, detta anche Podere Torricella, \u00e8 una <strong>elegante villa padronale del Cinquecento<\/strong>, una volta propriet\u00e0 del nobile casato Rosselli Del Turco. Ancora conserva tutto lo<strong> sfarzo dell&#8217;epoca<\/strong> che l&#8217;ha plasmata: l\u2019arredamento \u00e8 costituito da preziosi mobili antichi del settecento e dell\u2019ottocento, soffitti a volta al piano terra soffitti a cassettoni e affreschi originari al piano superiore.<\/p>\n<p>La propriet\u00e0 \u00e8 circondata da un<strong> vasto giardino<\/strong> privato, ombreggiato da alberi secolari e abbellito con una bellissima vista della vigna di famiglia. Dietro la casa, nascosti in assoluta privacy vi sono una<strong> spaziosa terrazza<\/strong> e un <strong>ampio prato<\/strong>, dove potrete fare un barbecue o riposarvi.<\/p>\n<p><a href=\"https:\/\/www.showgroup.it\/vetrina\/dimore-storiche\/podere-torricella_c33933\">Clicca qui<\/a> per contattare Podere Torricella.<\/p>\n<h3><a href=\"https:\/\/www.showgroup.it\/vetrina\/dimore-storiche\/la-volta-del-vescovo_c31788\">9. La Volta del Vescovo &#8211; Piacenza<\/a><\/h3>\n<h3><a href=\"https:\/\/www.showgroup.it\/vetrina\/dimore-storiche\/la-volta-del-vescovo_c31788\"><img loading=\"lazy\" class=\"alignnone wp-image-86041 size-full\" src=\"https:\/\/www.showgroup.it\/blog\/wp-content\/uploads\/2022\/03\/2-min-10.png\" alt=\"volta del vescovo\" width=\"1920\" height=\"1080\" srcset=\"https:\/\/www.showgroup.it\/blog\/wp-content\/uploads\/2022\/03\/2-min-10.png 1920w, https:\/\/www.showgroup.it\/blog\/wp-content\/uploads\/2022\/03\/2-min-10-300x169.png 300w, https:\/\/www.showgroup.it\/blog\/wp-content\/uploads\/2022\/03\/2-min-10-1024x576.png 1024w, https:\/\/www.showgroup.it\/blog\/wp-content\/uploads\/2022\/03\/2-min-10-768x432.png 768w, https:\/\/www.showgroup.it\/blog\/wp-content\/uploads\/2022\/03\/2-min-10-1536x864.png 1536w\" sizes=\"(max-width: 1920px) 100vw, 1920px\" \/><\/a><\/h3>\n<p>La Volta del Vescovo \u00e8 un armonioso complesso costituito dalla<strong> Villa del \u2018700<\/strong>, da un vasto <strong>parco secolare<\/strong> e dalla originale <strong>corte emiliana<\/strong>. Grazie alla sua struttura ed alla sua peculiare posizione che la vede situata a breve distanza dal centro storico di Piacenza, \u00e8 comunque immersa nel verde della campagna.<\/p>\n<p>A seconda della grandezza dell&#8217;evento \u00e8 possibile scegliere tra le grandi sale nobiliari, le sei salette pi\u00f9 intime e riservate, la Sala dello Stemma, per cento ospiti, e lo splendido Salone degli Archi con i suoi soffitti a volta originali, per quattrocento invitati, che rappresentano modelli di accoglienza e funzionalit\u00e0 e costituiscono un <strong>raffinato ed elegante spazio<\/strong> per ogni evento. La cucina offre piatti di <strong>alta cucina regionale e nazionale<\/strong>, con men\u00f9 personalizzabili a seconda delle esigenze.<\/p>\n<p>La Volta del Vescovo potrebbe essere una splendida cornice per il tuo compleanno? <a href=\"https:\/\/www.showgroup.it\/vetrina\/dimore-storiche\/la-volta-del-vescovo_c31788\">Clicca qui<\/a> per richiedere servizi e preventivi.<\/p>\n<h3><a href=\"https:\/\/www.showgroup.it\/vetrina\/dimore-storiche\/il-paluffo_c16120\">10. Il Paluffo, Certaldo &#8211; Firenze<\/a><\/h3>\n<p><a href=\"https:\/\/www.showgroup.it\/vetrina\/dimore-storiche\/il-paluffo_c16120\"><img loading=\"lazy\" class=\"alignnone wp-image-88465 size-full\" src=\"https:\/\/www.showgroup.it\/blog\/wp-content\/uploads\/2022\/09\/villa-in-affitto-per-compleanno-2-1.jpg\" alt=\"Il Paluffo\" width=\"1920\" height=\"1080\" srcset=\"https:\/\/www.showgroup.it\/blog\/wp-content\/uploads\/2022\/09\/villa-in-affitto-per-compleanno-2-1.jpg 1920w, https:\/\/www.showgroup.it\/blog\/wp-content\/uploads\/2022\/09\/villa-in-affitto-per-compleanno-2-1-300x169.jpg 300w, https:\/\/www.showgroup.it\/blog\/wp-content\/uploads\/2022\/09\/villa-in-affitto-per-compleanno-2-1-1024x576.jpg 1024w, https:\/\/www.showgroup.it\/blog\/wp-content\/uploads\/2022\/09\/villa-in-affitto-per-compleanno-2-1-768x432.jpg 768w, https:\/\/www.showgroup.it\/blog\/wp-content\/uploads\/2022\/09\/villa-in-affitto-per-compleanno-2-1-1536x864.jpg 1536w\" sizes=\"(max-width: 1920px) 100vw, 1920px\" \/><\/a><\/p>\n<p>Adagiato tra le <strong>colline del Chianti<\/strong>, il Paluffo \u00e8 una <strong>villa toscana risalente al 1427<\/strong>, interamente ristrutturata nel 2010 secondo i criteri della bioedilizia e oggi ambientalmente sostenibile al 100%. Ci\u00f2 rende il soggiorno degli ospiti ecologico senza sacrificare <strong>comfort<\/strong>, <strong>lusso<\/strong> e <strong>esclusivit\u00e0<\/strong>. Dunque \u00e8 la location ideale se stai organizzando un <a href=\"https:\/\/www.showgroup.it\/blog\/2022\/08\/10\/come-organizzare-compleanno-sostenibile\/\">compleanno ecosostenibile<\/a>!<\/p>\n<p>La villa padronale \u00e8 composta da un <strong>bed and breakfast<\/strong> con quattro camere matrimoniali e bagni privati, arredate con mobili d\u2019epoca e impreziosite da affreschi d\u2019epoca originali. Fanno inoltre parte della villa <strong>quattro ampi appartamenti indipendenti<\/strong>, con interni unici e giardino privato. La sua <strong>piscina naturale<\/strong>, con le ninfee e le piante acquatiche, ti attende per regalarvi emozioni uniche tra cui godere di un panorama unico: di fronte San Gimignano, Certaldo e le colline di Siena.<\/p>\n<p><a href=\"https:\/\/www.showgroup.it\/vetrina\/dimore-storiche\/il-paluffo_c16120\">Clicca qui<\/a> per organizzare il tuo compleanno in questo paradiso naturale!<\/p>\n","protected":false},"excerpt":{"rendered":"<p>Manca poco alle tue prossime candeline? Se vuoi festeggiare questo nuovo traguardo in una villa dal fascino storico, su Showgroup [&hellip;]<\/p>\n","protected":false},"author":5,"featured_media":88461,"comment_status":"open","ping_status":"open","sticky":false,"template":"","format":"standard","meta":[],"categories":[661],"tags":[],"yoast_head":"<!-- This site is optimized with the Yoast SEO plugin v16.9 - https:\/\/yoast.com\/wordpress\/plugins\/seo\/ -->\n<title>Compleanno all\u2019orizzonte? Affitta una villa per una sera! &bull; Showgroup<\/title>\n<meta name=\"description\" content=\"Sei alla ricerca di una villa in affitto dove organizzare il tuo compleanno? Ecco le pi\u00f9 belle dimore storiche per una serata da favola!\" \/>\n<meta name=\"robots\" content=\"index, follow, max-snippet:-1, max-image-preview:large, max-video-preview:-1\" \/>\n<link rel=\"canonical\" href=\"https:\/\/www.showgroup.it\/blog\/2022\/09\/06\/villa-in-affitto-per-compleanno\/\" \/>\n<meta property=\"og:locale\" content=\"it_IT\" \/>\n<meta property=\"og:type\" content=\"article\" \/>\n<meta property=\"og:title\" content=\"Compleanno all\u2019orizzonte? Affitta una villa per una sera! &bull; Showgroup\" \/>\n<meta property=\"og:description\" content=\"Sei alla ricerca di una villa in affitto dove organizzare il tuo compleanno? Ecco le pi\u00f9 belle dimore storiche per una serata da favola!\" \/>\n<meta property=\"og:url\" content=\"https:\/\/www.showgroup.it\/blog\/2022\/09\/06\/villa-in-affitto-per-compleanno\/\" \/>\n<meta property=\"og:site_name\" content=\"Showgroup - Ready to be WOW!\" \/>\n<meta property=\"article:publisher\" content=\"https:\/\/www.facebook.com\/ShowGroupWow\/\" \/>\n<meta property=\"article:published_time\" content=\"2022-09-06T07:49:39+00:00\" \/>\n<meta property=\"article:modified_time\" content=\"2025-05-28T14:59:29+00:00\" \/>\n<meta property=\"og:image\" content=\"https:\/\/www.showgroup.it\/blog\/wp-content\/uploads\/2022\/09\/villa-in-affitto-per-compleanno-2.jpg\" \/>\n\t<meta property=\"og:image:width\" content=\"1920\" \/>\n\t<meta property=\"og:image:height\" content=\"1080\" \/>\n<meta name=\"twitter:card\" content=\"summary_large_image\" \/>\n<meta name=\"twitter:label1\" content=\"Scritto da\" \/>\n\t<meta name=\"twitter:data1\" content=\"Benedetta Gatti\" \/>\n\t<meta name=\"twitter:label2\" content=\"Tempo di lettura stimato\" \/>\n\t<meta name=\"twitter:data2\" content=\"9 minuti\" \/>\n<script type=\"application\/ld+json\" class=\"yoast-schema-graph\">{\"@context\":\"https:\/\/schema.org\",\"@graph\":[{\"@type\":\"Organization\",\"@id\":\"https:\/\/www.showgroup.it\/#organization\",\"name\":\"Showgroup\",\"url\":\"https:\/\/www.showgroup.it\/\",\"sameAs\":[\"https:\/\/www.facebook.com\/ShowGroupWow\/\",\"https:\/\/www.instagram.com\/showgroupwow\/\"],\"logo\":{\"@type\":\"ImageObject\",\"@id\":\"https:\/\/www.showgroup.it\/#logo\",\"inLanguage\":\"it-IT\",\"url\":\"https:\/\/www.showgroup.it\/blog\/wp-content\/uploads\/2025\/01\/logo-black.svg\",\"contentUrl\":\"https:\/\/www.showgroup.it\/blog\/wp-content\/uploads\/2025\/01\/logo-black.svg\",\"width\":1440,\"height\":916,\"caption\":\"Showgroup\"},\"image\":{\"@id\":\"https:\/\/www.showgroup.it\/#logo\"}},{\"@type\":\"WebSite\",\"@id\":\"https:\/\/www.showgroup.it\/#website\",\"url\":\"https:\/\/www.showgroup.it\/\",\"name\":\"Showgroup - Ready to be WOW!\",\"description\":\"Il primo portale gratuito dedicato al mondo dello spettacolo.\",\"publisher\":{\"@id\":\"https:\/\/www.showgroup.it\/#organization\"},\"potentialAction\":[{\"@type\":\"SearchAction\",\"target\":{\"@type\":\"EntryPoint\",\"urlTemplate\":\"https:\/\/www.showgroup.it\/?s={search_term_string}\"},\"query-input\":\"required name=search_term_string\"}],\"inLanguage\":\"it-IT\"},{\"@type\":\"ImageObject\",\"@id\":\"https:\/\/www.showgroup.it\/blog\/2022\/09\/06\/villa-in-affitto-per-compleanno\/#primaryimage\",\"inLanguage\":\"it-IT\",\"url\":\"https:\/\/www.showgroup.it\/blog\/wp-content\/uploads\/2022\/09\/villa-in-affitto-per-compleanno-2.jpg\",\"contentUrl\":\"https:\/\/www.showgroup.it\/blog\/wp-content\/uploads\/2022\/09\/villa-in-affitto-per-compleanno-2.jpg\",\"width\":1920,\"height\":1080},{\"@type\":\"WebPage\",\"@id\":\"https:\/\/www.showgroup.it\/blog\/2022\/09\/06\/villa-in-affitto-per-compleanno\/#webpage\",\"url\":\"https:\/\/www.showgroup.it\/blog\/2022\/09\/06\/villa-in-affitto-per-compleanno\/\",\"name\":\"Compleanno all\\u2019orizzonte? Affitta una villa per una sera! &bull; Showgroup\",\"isPartOf\":{\"@id\":\"https:\/\/www.showgroup.it\/#website\"},\"primaryImageOfPage\":{\"@id\":\"https:\/\/www.showgroup.it\/blog\/2022\/09\/06\/villa-in-affitto-per-compleanno\/#primaryimage\"},\"datePublished\":\"2022-09-06T07:49:39+00:00\",\"dateModified\":\"2025-05-28T14:59:29+00:00\",\"description\":\"Sei alla ricerca di una villa in affitto dove organizzare il tuo compleanno? Ecco le pi\\u00f9 belle dimore storiche per una serata da favola!\",\"breadcrumb\":{\"@id\":\"https:\/\/www.showgroup.it\/blog\/2022\/09\/06\/villa-in-affitto-per-compleanno\/#breadcrumb\"},\"inLanguage\":\"it-IT\",\"potentialAction\":[{\"@type\":\"ReadAction\",\"target\":[\"https:\/\/www.showgroup.it\/blog\/2022\/09\/06\/villa-in-affitto-per-compleanno\/\"]}]},{\"@type\":\"BreadcrumbList\",\"@id\":\"https:\/\/www.showgroup.it\/blog\/2022\/09\/06\/villa-in-affitto-per-compleanno\/#breadcrumb\",\"itemListElement\":[{\"@type\":\"ListItem\",\"position\":1,\"name\":\"Home\",\"item\":\"https:\/\/www.showgroup.it\/blog\/\"},{\"@type\":\"ListItem\",\"position\":2,\"name\":\"Compleanno all\\u2019orizzonte? Affitta una villa per una sera!\"}]},{\"@type\":\"Article\",\"@id\":\"https:\/\/www.showgroup.it\/blog\/2022\/09\/06\/villa-in-affitto-per-compleanno\/#article\",\"isPartOf\":{\"@id\":\"https:\/\/www.showgroup.it\/blog\/2022\/09\/06\/villa-in-affitto-per-compleanno\/#webpage\"},\"author\":{\"@id\":\"https:\/\/www.showgroup.it\/#\/schema\/person\/9b799d433be4e17451d197175628047a\"},\"headline\":\"Compleanno all\\u2019orizzonte? Affitta una villa per una sera!\",\"datePublished\":\"2022-09-06T07:49:39+00:00\",\"dateModified\":\"2025-05-28T14:59:29+00:00\",\"mainEntityOfPage\":{\"@id\":\"https:\/\/www.showgroup.it\/blog\/2022\/09\/06\/villa-in-affitto-per-compleanno\/#webpage\"},\"wordCount\":1527,\"commentCount\":0,\"publisher\":{\"@id\":\"https:\/\/www.showgroup.it\/#organization\"},\"image\":{\"@id\":\"https:\/\/www.showgroup.it\/blog\/2022\/09\/06\/villa-in-affitto-per-compleanno\/#primaryimage\"},\"thumbnailUrl\":\"https:\/\/www.showgroup.it\/blog\/wp-content\/uploads\/2022\/09\/villa-in-affitto-per-compleanno-2.jpg\",\"articleSection\":[\"Eventi e location\"],\"inLanguage\":\"it-IT\",\"potentialAction\":[{\"@type\":\"CommentAction\",\"name\":\"Comment\",\"target\":[\"https:\/\/www.showgroup.it\/blog\/2022\/09\/06\/villa-in-affitto-per-compleanno\/#respond\"]}]},{\"@type\":\"Person\",\"@id\":\"https:\/\/www.showgroup.it\/#\/schema\/person\/9b799d433be4e17451d197175628047a\",\"name\":\"Benedetta Gatti\",\"image\":{\"@type\":\"ImageObject\",\"@id\":\"https:\/\/www.showgroup.it\/#personlogo\",\"inLanguage\":\"it-IT\",\"url\":\"https:\/\/secure.gravatar.com\/avatar\/32ceeb7300be30aabe2c84fdaa89eac0?s=96&d=mm&r=g\",\"contentUrl\":\"https:\/\/secure.gravatar.com\/avatar\/32ceeb7300be30aabe2c84fdaa89eac0?s=96&d=mm&r=g\",\"caption\":\"Benedetta Gatti\"}}]}<\/script>\n<!-- \/ Yoast SEO plugin. -->","yoast_head_json":{"title":"Compleanno all\u2019orizzonte? Affitta una villa per una sera! &bull; Showgroup","description":"Sei alla ricerca di una villa in affitto dove organizzare il tuo compleanno? Ecco le pi\u00f9 belle dimore storiche per una serata da favola!","robots":{"index":"index","follow":"follow","max-snippet":"max-snippet:-1","max-image-preview":"max-image-preview:large","max-video-preview":"max-video-preview:-1"},"canonical":"https:\/\/www.showgroup.it\/blog\/2022\/09\/06\/villa-in-affitto-per-compleanno\/","og_locale":"it_IT","og_type":"article","og_title":"Compleanno all\u2019orizzonte? Affitta una villa per una sera! &bull; Showgroup","og_description":"Sei alla ricerca di una villa in affitto dove organizzare il tuo compleanno? Ecco le pi\u00f9 belle dimore storiche per una serata da favola!","og_url":"https:\/\/www.showgroup.it\/blog\/2022\/09\/06\/villa-in-affitto-per-compleanno\/","og_site_name":"Showgroup - Ready to be WOW!","article_publisher":"https:\/\/www.facebook.com\/ShowGroupWow\/","article_published_time":"2022-09-06T07:49:39+00:00","article_modified_time":"2025-05-28T14:59:29+00:00","og_image":[{"width":1920,"height":1080,"filesize":250680,"url":"https:\/\/www.showgroup.it\/blog\/wp-content\/uploads\/2022\/09\/villa-in-affitto-per-compleanno-2.jpg","path":"\/sites\/www.showgroup.it\/files\/blog\/wp-content\/uploads\/2022\/09\/villa-in-affitto-per-compleanno-2.jpg","size":"full","id":88461,"alt":"","pixels":2073600,"type":"image\/jpeg"}],"twitter_card":"summary_large_image","twitter_misc":{"Scritto da":"Benedetta Gatti","Tempo di lettura stimato":"9 minuti"},"schema":{"@context":"https:\/\/schema.org","@graph":[{"@type":"Organization","@id":"https:\/\/www.showgroup.it\/#organization","name":"Showgroup","url":"https:\/\/www.showgroup.it\/","sameAs":["https:\/\/www.facebook.com\/ShowGroupWow\/","https:\/\/www.instagram.com\/showgroupwow\/"],"logo":{"@type":"ImageObject","@id":"https:\/\/www.showgroup.it\/#logo","inLanguage":"it-IT","url":"https:\/\/www.showgroup.it\/blog\/wp-content\/uploads\/2025\/01\/logo-black.svg","contentUrl":"https:\/\/www.showgroup.it\/blog\/wp-content\/uploads\/2025\/01\/logo-black.svg","width":1440,"height":916,"caption":"Showgroup"},"image":{"@id":"https:\/\/www.showgroup.it\/#logo"}},{"@type":"WebSite","@id":"https:\/\/www.showgroup.it\/#website","url":"https:\/\/www.showgroup.it\/","name":"Showgroup - Ready to be WOW!","description":"Il primo portale gratuito dedicato al mondo dello spettacolo.","publisher":{"@id":"https:\/\/www.showgroup.it\/#organization"},"potentialAction":[{"@type":"SearchAction","target":{"@type":"EntryPoint","urlTemplate":"https:\/\/www.showgroup.it\/?s={search_term_string}"},"query-input":"required name=search_term_string"}],"inLanguage":"it-IT"},{"@type":"ImageObject","@id":"https:\/\/www.showgroup.it\/blog\/2022\/09\/06\/villa-in-affitto-per-compleanno\/#primaryimage","inLanguage":"it-IT","url":"https:\/\/www.showgroup.it\/blog\/wp-content\/uploads\/2022\/09\/villa-in-affitto-per-compleanno-2.jpg","contentUrl":"https:\/\/www.showgroup.it\/blog\/wp-content\/uploads\/2022\/09\/villa-in-affitto-per-compleanno-2.jpg","width":1920,"height":1080},{"@type":"WebPage","@id":"https:\/\/www.showgroup.it\/blog\/2022\/09\/06\/villa-in-affitto-per-compleanno\/#webpage","url":"https:\/\/www.showgroup.it\/blog\/2022\/09\/06\/villa-in-affitto-per-compleanno\/","name":"Compleanno all\u2019orizzonte? Affitta una villa per una sera! &bull; Showgroup","isPartOf":{"@id":"https:\/\/www.showgroup.it\/#website"},"primaryImageOfPage":{"@id":"https:\/\/www.showgroup.it\/blog\/2022\/09\/06\/villa-in-affitto-per-compleanno\/#primaryimage"},"datePublished":"2022-09-06T07:49:39+00:00","dateModified":"2025-05-28T14:59:29+00:00","description":"Sei alla ricerca di una villa in affitto dove organizzare il tuo compleanno? Ecco le pi\u00f9 belle dimore storiche per una serata da favola!","breadcrumb":{"@id":"https:\/\/www.showgroup.it\/blog\/2022\/09\/06\/villa-in-affitto-per-compleanno\/#breadcrumb"},"inLanguage":"it-IT","potentialAction":[{"@type":"ReadAction","target":["https:\/\/www.showgroup.it\/blog\/2022\/09\/06\/villa-in-affitto-per-compleanno\/"]}]},{"@type":"BreadcrumbList","@id":"https:\/\/www.showgroup.it\/blog\/2022\/09\/06\/villa-in-affitto-per-compleanno\/#breadcrumb","itemListElement":[{"@type":"ListItem","position":1,"name":"Home","item":"https:\/\/www.showgroup.it\/blog\/"},{"@type":"ListItem","position":2,"name":"Compleanno all\u2019orizzonte? Affitta una villa per una sera!"}]},{"@type":"Article","@id":"https:\/\/www.showgroup.it\/blog\/2022\/09\/06\/villa-in-affitto-per-compleanno\/#article","isPartOf":{"@id":"https:\/\/www.showgroup.it\/blog\/2022\/09\/06\/villa-in-affitto-per-compleanno\/#webpage"},"author":{"@id":"https:\/\/www.showgroup.it\/#\/schema\/person\/9b799d433be4e17451d197175628047a"},"headline":"Compleanno all\u2019orizzonte? Affitta una villa per una sera!","datePublished":"2022-09-06T07:49:39+00:00","dateModified":"2025-05-28T14:59:29+00:00","mainEntityOfPage":{"@id":"https:\/\/www.showgroup.it\/blog\/2022\/09\/06\/villa-in-affitto-per-compleanno\/#webpage"},"wordCount":1527,"commentCount":0,"publisher":{"@id":"https:\/\/www.showgroup.it\/#organization"},"image":{"@id":"https:\/\/www.showgroup.it\/blog\/2022\/09\/06\/villa-in-affitto-per-compleanno\/#primaryimage"},"thumbnailUrl":"https:\/\/www.showgroup.it\/blog\/wp-content\/uploads\/2022\/09\/villa-in-affitto-per-compleanno-2.jpg","articleSection":["Eventi e location"],"inLanguage":"it-IT","potentialAction":[{"@type":"CommentAction","name":"Comment","target":["https:\/\/www.showgroup.it\/blog\/2022\/09\/06\/villa-in-affitto-per-compleanno\/#respond"]}]},{"@type":"Person","@id":"https:\/\/www.showgroup.it\/#\/schema\/person\/9b799d433be4e17451d197175628047a","name":"Benedetta Gatti","image":{"@type":"ImageObject","@id":"https:\/\/www.showgroup.it\/#personlogo","inLanguage":"it-IT","url":"https:\/\/secure.gravatar.com\/avatar\/32ceeb7300be30aabe2c84fdaa89eac0?s=96&d=mm&r=g","contentUrl":"https:\/\/secure.gravatar.com\/avatar\/32ceeb7300be30aabe2c84fdaa89eac0?s=96&d=mm&r=g","caption":"Benedetta Gatti"}}]}},"_links":{"self":[{"href":"https:\/\/www.showgroup.it\/blog\/wp-json\/wp\/v2\/posts\/88460"}],"collection":[{"href":"https:\/\/www.showgroup.it\/blog\/wp-json\/wp\/v2\/posts"}],"about":[{"href":"https:\/\/www.showgroup.it\/blog\/wp-json\/wp\/v2\/types\/post"}],"author":[{"embeddable":true,"href":"https:\/\/www.showgroup.it\/blog\/wp-json\/wp\/v2\/users\/5"}],"replies":[{"embeddable":true,"href":"https:\/\/www.showgroup.it\/blog\/wp-json\/wp\/v2\/comments?post=88460"}],"version-history":[{"count":1,"href":"https:\/\/www.showgroup.it\/blog\/wp-json\/wp\/v2\/posts\/88460\/revisions"}],"predecessor-version":[{"id":99002,"href":"https:\/\/www.showgroup.it\/blog\/wp-json\/wp\/v2\/posts\/88460\/revisions\/99002"}],"wp:featuredmedia":[{"embeddable":true,"href":"https:\/\/www.showgroup.it\/blog\/wp-json\/wp\/v2\/media\/88461"}],"wp:attachment":[{"href":"https:\/\/www.showgroup.it\/blog\/wp-json\/wp\/v2\/media?parent=88460"}],"wp:term":[{"taxonomy":"category","embeddable":true,"href":"https:\/\/www.showgroup.it\/blog\/wp-json\/wp\/v2\/categories?post=88460"},{"taxonomy":"post_tag","embeddable":true,"href":"https:\/\/www.showgroup.it\/blog\/wp-json\/wp\/v2\/tags?post=88460"}],"curies":[{"name":"wp","href":"https:\/\/api.w.org\/{rel}","templated":true}]}}