{"id":88477,"date":"2022-09-07T07:23:42","date_gmt":"2022-09-07T05:23:42","guid":{"rendered":"https:\/\/www.showgroup.it\/?p=88477"},"modified":"2025-05-28T16:58:57","modified_gmt":"2025-05-28T14:58:57","slug":"compleanno-in-autunno-location-con-vigna","status":"publish","type":"post","link":"https:\/\/www.showgroup.it\/blog\/2022\/09\/07\/compleanno-in-autunno-location-con-vigna\/","title":{"rendered":"Compleanno in autunno? Scegli una location con vigna"},"content":{"rendered":"<p>Il tuo compleanno cade in autunno e vuoi festeggiarlo in modo originale? Organizzarlo in una vigna! Ecco perch\u00e9 dovresti prendere in considerazione un compleanno a contatto con la natura come location dove spegnere le candeline.<\/p>\n<h2><a href=\"https:\/\/www.showgroup.it\/\">Perch\u00e9 festeggiare il compleanno in vigna? Ecco i nostri buoni motivi!<\/a><\/h2>\n<h2><a href=\"https:\/\/www.showgroup.it\/vetrina\/farmhouse\/dea-flora-restaurant-relax_c35782\"><img loading=\"lazy\" class=\"alignnone wp-image-88489 size-full\" src=\"https:\/\/www.showgroup.it\/blog\/wp-content\/uploads\/2022\/09\/compleanno-in-autunno-3-1.jpg\" alt=\"dea flora\" width=\"1920\" height=\"1080\" srcset=\"https:\/\/www.showgroup.it\/blog\/wp-content\/uploads\/2022\/09\/compleanno-in-autunno-3-1.jpg 1920w, https:\/\/www.showgroup.it\/blog\/wp-content\/uploads\/2022\/09\/compleanno-in-autunno-3-1-300x169.jpg 300w, https:\/\/www.showgroup.it\/blog\/wp-content\/uploads\/2022\/09\/compleanno-in-autunno-3-1-1024x576.jpg 1024w, https:\/\/www.showgroup.it\/blog\/wp-content\/uploads\/2022\/09\/compleanno-in-autunno-3-1-768x432.jpg 768w, https:\/\/www.showgroup.it\/blog\/wp-content\/uploads\/2022\/09\/compleanno-in-autunno-3-1-1536x864.jpg 1536w\" sizes=\"(max-width: 1920px) 100vw, 1920px\" \/><\/a><\/h2>\n<p>Cosa differenzia una struttura immersa nei vigneti da qualsiasi altra location? I motivi sono molteplici, scopriamoli insieme!<\/p>\n<p><strong>\u2605\u00a0<\/strong>festeggiare in una vigna offre l&#8217;occasione per una <strong>fuga dalla citt\u00e0<\/strong>, restando per\u00f2 sempre comodamente raggiungibile;<\/p>\n<p><strong>\u2605\u00a0<\/strong>organizzare un compleanno in una vigna significa assaporare <strong>ricette tradizionali<\/strong> e <strong>sapori locali<\/strong>, con un focus sulla produzione oleo-vinicola. Non a caso molte strutture organizzano anche tour didattici guidati e percorso di degustazione;<\/p>\n<p><strong>\u2605\u00a0<\/strong>quasi sempre i <strong>paesaggi<\/strong> di queste strutture non hanno eguali: circondate dalla campagna permettono un&#8217;immersione totale nella natura e degli scorci mozzafiato, soprattutto dal tramonto;<\/p>\n<p><strong>\u2605\u00a0<\/strong>\u00e8 facile trovare un&#8217;atmosfera magica e intima, merito del connubio tra il contesto naturale e le decorazioni curate nel dettaglio, dalle lucine led alle candele.<\/p>\n<p>Ma adesso passiamo al dunque e vediamo le location pi\u00f9 belle dove organizzare un compleanno in autunno da sogno!<\/p>\n<h2><a href=\"https:\/\/www.showgroup.it\/\">8 location immerse nella natura dove organizzare un compleanno autunnale!\u00a0<\/a><\/h2>\n<h3><a href=\"https:\/\/www.showgroup.it\/vetrina\/altri-luoghi\/cantine-cardocchia_c35769\">1. Cantine Cardocchia, Montedinove &#8211; Ascoli Piceno<\/a><\/h3>\n<p><a href=\"https:\/\/www.showgroup.it\/vetrina\/altri-luoghi\/cantine-cardocchia_c35769\"><img loading=\"lazy\" class=\"alignnone wp-image-88478 size-full\" src=\"https:\/\/www.showgroup.it\/blog\/wp-content\/uploads\/2022\/09\/compleanno-in-autunno.jpg\" alt=\"cantine cardocchia\" width=\"1920\" height=\"1080\" srcset=\"https:\/\/www.showgroup.it\/blog\/wp-content\/uploads\/2022\/09\/compleanno-in-autunno.jpg 1920w, https:\/\/www.showgroup.it\/blog\/wp-content\/uploads\/2022\/09\/compleanno-in-autunno-300x169.jpg 300w, https:\/\/www.showgroup.it\/blog\/wp-content\/uploads\/2022\/09\/compleanno-in-autunno-1024x576.jpg 1024w, https:\/\/www.showgroup.it\/blog\/wp-content\/uploads\/2022\/09\/compleanno-in-autunno-768x432.jpg 768w, https:\/\/www.showgroup.it\/blog\/wp-content\/uploads\/2022\/09\/compleanno-in-autunno-1536x864.jpg 1536w\" sizes=\"(max-width: 1920px) 100vw, 1920px\" \/><\/a><\/p>\n<p>A pochi passi da <strong>San Benedetto del Tronto<\/strong>, potrai rilassarti in questo agriturismo nel cuore delle Marche, in mezzo a vigneti ed uliveti, dove \u00e8 possibile ritrovare il sapore delle tradizioni e godere del <strong>contatto con la natura<\/strong>. Un luogo dove ritemprare il corpo e lo spirito, accarezzati da un venticello fresco che rende ancora pi\u00f9 piacevole qualsiasi tipo di evento.<\/p>\n<p>L\u2019<strong>ampia ed accogliente sala<\/strong> sopra la cantina \u00e8 pronta ad accogliervi per le degustazioni di tutti i prodotti dell\u2019azienda, dai vini alle marmellate, senza tralasciare l\u2019olio. L&#8217;<strong>esperienza in cantina<\/strong> ti permetter\u00e0 di unire alla degustazione un&#8217;interessante spiegazione del procedimento della filiera produttiva: dalla terra, alla bottiglia, passando per la vinificazione e la cantina.<\/p>\n<p>Consulta i <strong>servizi<\/strong> e le <strong>caratteristiche<\/strong> di Cantine Cardocchia <a href=\"https:\/\/www.showgroup.it\/vetrina\/altri-luoghi\/cantine-cardocchia_c35769\">cliccando qui<\/a>.<\/p>\n<h3><a href=\"https:\/\/www.showgroup.it\/vetrina\/farmhouse\/podere-riosto_c35780\">2. Podere Riosto, Pianoro &#8211; Bologna<\/a><\/h3>\n<p><a href=\"https:\/\/www.showgroup.it\/vetrina\/farmhouse\/podere-riosto_c35780\"><img loading=\"lazy\" class=\"alignnone wp-image-88479 size-full\" src=\"https:\/\/www.showgroup.it\/blog\/wp-content\/uploads\/2022\/09\/compleanno-in-autunno-2.jpg\" alt=\"podere riosto\" width=\"1920\" height=\"1080\" srcset=\"https:\/\/www.showgroup.it\/blog\/wp-content\/uploads\/2022\/09\/compleanno-in-autunno-2.jpg 1920w, https:\/\/www.showgroup.it\/blog\/wp-content\/uploads\/2022\/09\/compleanno-in-autunno-2-300x169.jpg 300w, https:\/\/www.showgroup.it\/blog\/wp-content\/uploads\/2022\/09\/compleanno-in-autunno-2-1024x576.jpg 1024w, https:\/\/www.showgroup.it\/blog\/wp-content\/uploads\/2022\/09\/compleanno-in-autunno-2-768x432.jpg 768w, https:\/\/www.showgroup.it\/blog\/wp-content\/uploads\/2022\/09\/compleanno-in-autunno-2-1536x864.jpg 1536w\" sizes=\"(max-width: 1920px) 100vw, 1920px\" \/><\/a><\/p>\n<p>L\u2019Agriturismo<strong> I Calanchi Di Riosto<\/strong> offre tutte le funzionalit\u00e0 di una <strong>moderna<\/strong> e <strong>comoda<\/strong> struttura ricettiva, unita alla<strong> bellezza dei paesaggi<\/strong> dei colli bolognesi, nella caratteristica zona dei calanchi. Vi permetter\u00e0 di celebrare il vostro evento (matrimonio, comunione, compleanno, cena aziendale, anniversario..) in un\u2019<strong>atmosfera accogliente e magica<\/strong>.<\/p>\n<p>L\u2019interno dispone di una<strong> grande sala ristorante<\/strong> comunicante con la terrazza panoramica, che ospita circa 120 persone. Nel <strong>giardino<\/strong>, dove \u00e8 possibile allestire tensostrutture, vivrai momenti unici, accompagnati da imperdibili tramonti. Inoltre, gli ospiti potranno effettuare <strong>visite e degustazioni in cantina<\/strong>, gustare ricette della tradizione Tosco-emiliana nel ristorante e soggiornare negli appartamenti.<\/p>\n<p>Vuoi trascorrere un compleanno all&#8217;insegna della natura e dei sapori tipici? <a href=\"https:\/\/www.showgroup.it\/vetrina\/farmhouse\/podere-riosto_c35780\">Clicca qui<\/a>!<\/p>\n<h3><a href=\"https:\/\/www.showgroup.it\/vetrina\/farmhouse\/tenuta-colle-paradiso_c32031\">3. Tenuta Colle Paradiso, Erbusco &#8211; Brescia<\/a><\/h3>\n<p><a href=\"https:\/\/www.showgroup.it\/vetrina\/farmhouse\/tenuta-colle-paradiso_c32031\"><img loading=\"lazy\" class=\"alignnone wp-image-88480 size-full\" src=\"https:\/\/www.showgroup.it\/blog\/wp-content\/uploads\/2022\/09\/compleanno-in-autunno-3.jpg\" alt=\"tenuta colle paradiso\" width=\"1920\" height=\"1080\" srcset=\"https:\/\/www.showgroup.it\/blog\/wp-content\/uploads\/2022\/09\/compleanno-in-autunno-3.jpg 1920w, https:\/\/www.showgroup.it\/blog\/wp-content\/uploads\/2022\/09\/compleanno-in-autunno-3-300x169.jpg 300w, https:\/\/www.showgroup.it\/blog\/wp-content\/uploads\/2022\/09\/compleanno-in-autunno-3-1024x576.jpg 1024w, https:\/\/www.showgroup.it\/blog\/wp-content\/uploads\/2022\/09\/compleanno-in-autunno-3-768x432.jpg 768w, https:\/\/www.showgroup.it\/blog\/wp-content\/uploads\/2022\/09\/compleanno-in-autunno-3-1536x864.jpg 1536w\" sizes=\"(max-width: 1920px) 100vw, 1920px\" \/><\/a><\/p>\n<p><strong>Tenuta Colle Paradiso<\/strong> \u00e8 la cornice prestigiosa per eventi di diversa natura: la sua posizione fortunata ti permetter\u00e0 di organizzare l\u2019evento senza restrizioni sulla musica o gli orari. Con cucina interna per la preparazione di piatti prelibati, circondata da un rigoglioso parco centenario e con una <strong>straordinaria vista panoramica sul Lago d\u2019Iseo<\/strong> e le citt\u00e0 di Brescia e Bergamo.<\/p>\n<p>Tantissimi gli spazi a disposizione, dal salone spazioso al piano terra per 140 invitati, fino al <strong>parco curatissimo<\/strong>, che pu\u00f2 ospitare fino a 300 persone, tra alberi centenari e da frutto. Da non dimenticare la <strong>grande terrazza panoramica<\/strong> adibita per il gran buffet degli antipasti o come sala da ballo per le feste serali con servizio di bar e open bar.<\/p>\n<p><a href=\"https:\/\/www.showgroup.it\/vetrina\/farmhouse\/tenuta-colle-paradiso_c32031\">Clicca qui<\/a> per metterti in contatto con Tenuta Colle Paradiso!<\/p>\n<h3><a href=\"https:\/\/www.showgroup.it\/vetrina\/farmhouse\/dea-flora-restaurant-relax_c35782\">4. Dea Flora Restaurant &amp; Relax, Montefiore dell&#8217;Aso &#8211; Ascoli Piceno<\/a><\/h3>\n<p><a href=\"https:\/\/www.showgroup.it\/vetrina\/farmhouse\/dea-flora-restaurant-relax_c35782\"><img loading=\"lazy\" class=\"alignnone wp-image-88481 size-full\" src=\"https:\/\/www.showgroup.it\/blog\/wp-content\/uploads\/2022\/09\/compleanno-in-autunno-4.jpg\" alt=\"dea flora\" width=\"1920\" height=\"1080\" srcset=\"https:\/\/www.showgroup.it\/blog\/wp-content\/uploads\/2022\/09\/compleanno-in-autunno-4.jpg 1920w, https:\/\/www.showgroup.it\/blog\/wp-content\/uploads\/2022\/09\/compleanno-in-autunno-4-300x169.jpg 300w, https:\/\/www.showgroup.it\/blog\/wp-content\/uploads\/2022\/09\/compleanno-in-autunno-4-1024x576.jpg 1024w, https:\/\/www.showgroup.it\/blog\/wp-content\/uploads\/2022\/09\/compleanno-in-autunno-4-768x432.jpg 768w, https:\/\/www.showgroup.it\/blog\/wp-content\/uploads\/2022\/09\/compleanno-in-autunno-4-1536x864.jpg 1536w\" sizes=\"(max-width: 1920px) 100vw, 1920px\" \/><\/a><\/p>\n<p>Fra le verdeggianti <strong>colline dell\u2019agro piceno<\/strong> e lungo i sentieri che conducono alle<strong> spiagge dorate<\/strong> della riviera marchigiana, Dea Flora gode di una <strong>posizione privilegiata<\/strong> e perfetta per qualsiasi tipologia di compleanno. Un\u2019oasi in cui i piaceri del <strong>gusto<\/strong> e della <strong>buona tavola<\/strong> si mescolano inscindibilmente a quelli dell\u2019estetica e della bellezza.<\/p>\n<p>Dea Flora Restaurant &amp; Relax dispone di un meraviglioso spazio esterno -La Vigna; la sala interna, al piano terra della struttura invece accoglier\u00e0 banchetti nelle stagioni pi\u00f9 rigide dell&#8217;anno. La<strong> cucina \u00e8 sofisticata e ricercata<\/strong>, i piatti esaltano gli ingredienti e la tradizione del territorio con lo spirito di innovare e creare qualcosa di nuovo per catturare anche il palato pi\u00f9 sopraffino.<\/p>\n<p><a href=\"https:\/\/www.showgroup.it\/vetrina\/farmhouse\/dea-flora-restaurant-relax_c35782\">Clicca qui<\/a> per richiedere <strong>servizi<\/strong> e <strong>preventivi<\/strong> di Dea Flora!<\/p>\n<h3><a href=\"https:\/\/www.showgroup.it\/vetrina\/farmhouse\/le-ginepraie_c23419\">5. Le Ginepraie, Volterra &#8211; Pisa<\/a><\/h3>\n<p><a href=\"https:\/\/www.showgroup.it\/vetrina\/farmhouse\/le-ginepraie_c23419\"><img loading=\"lazy\" class=\"alignnone wp-image-87374 size-full\" src=\"https:\/\/www.showgroup.it\/blog\/wp-content\/uploads\/2022\/06\/location-weekend-natura-ginepraie.jpg\" alt=\"le ginepraie\" width=\"1920\" height=\"1080\" srcset=\"https:\/\/www.showgroup.it\/blog\/wp-content\/uploads\/2022\/06\/location-weekend-natura-ginepraie.jpg 1920w, https:\/\/www.showgroup.it\/blog\/wp-content\/uploads\/2022\/06\/location-weekend-natura-ginepraie-300x169.jpg 300w, https:\/\/www.showgroup.it\/blog\/wp-content\/uploads\/2022\/06\/location-weekend-natura-ginepraie-1024x576.jpg 1024w, https:\/\/www.showgroup.it\/blog\/wp-content\/uploads\/2022\/06\/location-weekend-natura-ginepraie-768x432.jpg 768w, https:\/\/www.showgroup.it\/blog\/wp-content\/uploads\/2022\/06\/location-weekend-natura-ginepraie-1536x864.jpg 1536w\" sizes=\"(max-width: 1920px) 100vw, 1920px\" \/><\/a><\/p>\n<p>Sulle dolci colline tra <strong>San Gimignano<\/strong> e <strong>Volterra<\/strong> in posizione assai strategica per visitare, Siena, Firenze, Pisa e il mare, sorge <a href=\"https:\/\/www.showgroup.it\/vetrina\/farmhouse\/le-ginepraie_c23419\">Villa Le Ginepraie<\/a>, casale in pietra del 1600, circondato dal verde e dall\u2019oro di un <strong>affascinante paesaggio<\/strong>.<\/p>\n<p>La villa pu\u00f2 ospitare gruppi di 10 &#8211; 12 persone che vogliono trascorrere con gli amici o la famiglia una <strong>vacanza in totale tranquillit\u00e0 a contatto con la natura<\/strong> praticando sport quali equitazione, treking, yoga, ciclismo, ma anche per coloro che desiderano andare alla scoperta dei luoghi colmi di arte e di storia e, perch\u00e9; no, di cultura dei sapori. Tra i servizi offerti cuoca privata, massaggi e lezioni di yoga.<\/p>\n<p>La natura incontaminata di <a href=\"https:\/\/www.showgroup.it\/vetrina\/farmhouse\/le-ginepraie_c23419\">Villa Le Ginepraie<\/a> ti ha conquistato? Contatta qui la struttura e prenota il tuo evento!<\/p>\n<h3><a href=\"https:\/\/www.showgroup.it\/vetrina\/hotellerie\/relaisvalpolicella_c30889\">6. Relais Valpolicella, Marano di Valpolicella &#8211; Verona<\/a><\/h3>\n<p><a href=\"https:\/\/www.showgroup.it\/vetrina\/hotellerie\/relaisvalpolicella_c30889\"><img loading=\"lazy\" class=\"alignnone wp-image-88483 size-full\" src=\"https:\/\/www.showgroup.it\/blog\/wp-content\/uploads\/2022\/09\/compleanno-in-autunno-6.jpg\" alt=\"relais valpolicella\" width=\"1920\" height=\"1080\" srcset=\"https:\/\/www.showgroup.it\/blog\/wp-content\/uploads\/2022\/09\/compleanno-in-autunno-6.jpg 1920w, https:\/\/www.showgroup.it\/blog\/wp-content\/uploads\/2022\/09\/compleanno-in-autunno-6-300x169.jpg 300w, https:\/\/www.showgroup.it\/blog\/wp-content\/uploads\/2022\/09\/compleanno-in-autunno-6-1024x576.jpg 1024w, https:\/\/www.showgroup.it\/blog\/wp-content\/uploads\/2022\/09\/compleanno-in-autunno-6-768x432.jpg 768w, https:\/\/www.showgroup.it\/blog\/wp-content\/uploads\/2022\/09\/compleanno-in-autunno-6-1536x864.jpg 1536w\" sizes=\"(max-width: 1920px) 100vw, 1920px\" \/><\/a><\/p>\n<p>Il <a href=\"https:\/\/www.showgroup.it\/vetrina\/hotellerie\/relaisvalpolicella_c30889\">Bed &amp; Breakfast Relais Valpolicella<\/a> \u00e8 una<strong> casa di campagna recentemente ristrutturata<\/strong> e funzionale, immersa nel cuore della <strong>Valpolicella Classica<\/strong>, ai margini del paese di Valgatara e alle pendici delle colline ricoperte di vigneti, a pochi chilometri dal centro di Verona. <strong>Arredata con gusto, cura e semplicita\u0300<\/strong>, il Relais Valpolicella B&amp;B dispone al piano terra di una zona Living, caratterizzata da un\u00a0<strong>salotto con camino<\/strong>\u00a0e una parte adibita ad area colazioni con buffet a vista.<\/p>\n<p>Una\u00a0<strong>grande terrazza interna<\/strong>, che accoglie gli ospiti per la colazione la mattina e per l\u2019aperitivo al tramonto nei mesi piu\u0300 caldi e soleggiati dell\u2019anno, conduce al\u00a0<strong>grande giardino a prato<\/strong>, nel quale rilassarsi al sole o all\u2019ombra degli olivi e del grande ciliegio. Un rifugio di pace,\u00a0<strong>circondato da decine di meravigliose cantine della Valpolicella<\/strong>, per degustazioni indimenticabili e rilassanti e romantiche passeggiate lungo i vigneti.<\/p>\n<p>Vuoi richiedere un preventivo o ulteriori informazioni? <a href=\"https:\/\/www.showgroup.it\/vetrina\/hotellerie\/relaisvalpolicella_c30889\">Contatta qui<\/a> il Relais Valpolicella.<\/p>\n<h3><a href=\"https:\/\/www.showgroup.it\/vetrina\/altri-luoghi\/casa-di-caccia-del-castello-di-spessa_c27405\">7. Casa di Caccia del Castello di Spessa, Capriva del Friuli &#8211; Gorizia<\/a><\/h3>\n<h2><a href=\"https:\/\/www.showgroup.it\/vetrina\/altri-luoghi\/casa-di-caccia-del-castello-di-spessa_c27405\"><img loading=\"lazy\" class=\"alignnone wp-image-88487 size-full\" src=\"https:\/\/www.showgroup.it\/blog\/wp-content\/uploads\/2022\/09\/compleanno-in-autunno-1.jpg\" alt=\"castello di spessa\" width=\"1920\" height=\"1080\" srcset=\"https:\/\/www.showgroup.it\/blog\/wp-content\/uploads\/2022\/09\/compleanno-in-autunno-1.jpg 1920w, https:\/\/www.showgroup.it\/blog\/wp-content\/uploads\/2022\/09\/compleanno-in-autunno-1-300x169.jpg 300w, https:\/\/www.showgroup.it\/blog\/wp-content\/uploads\/2022\/09\/compleanno-in-autunno-1-1024x576.jpg 1024w, https:\/\/www.showgroup.it\/blog\/wp-content\/uploads\/2022\/09\/compleanno-in-autunno-1-768x432.jpg 768w, https:\/\/www.showgroup.it\/blog\/wp-content\/uploads\/2022\/09\/compleanno-in-autunno-1-1536x864.jpg 1536w\" sizes=\"(max-width: 1920px) 100vw, 1920px\" \/><\/a><\/h2>\n<p>Inserita nel contesto collinare del Castello di Spessa Golf &amp; Wine Resort la Casa di Caccia \u00e8 stata ricavata dalla sapiente ristrutturazione di un&#8217;<strong>antica casa coloniale. <\/strong>\u00c8 una cornice perfetta e intima per chi vuole celebrare il proprio evento immerso nella <strong>bellezza<\/strong> e nel <strong>silenzio<\/strong> della natura.<\/p>\n<p>La location offre<strong> saloni capienti<\/strong> con vista a perdita d&#8217;occhio sulle vigne, oltre 90 posti letto in diverse strutture, 3 ristoranti, catering interno seguito dal ristorante La Tavernetta al Castello, vini della tenuta, flower design, make up artist &amp; hair stylist, photography &amp; video maker, light design, mise en place &amp; table design, wedding cake, dj set, spettacolo pirotecnico. Tutto il necessario per la perfetta riuscita dell&#8217;evento!<\/p>\n<p><a href=\"https:\/\/www.showgroup.it\/vetrina\/altri-luoghi\/casa-di-caccia-del-castello-di-spessa_c27405\">Clicca qui<\/a> per vedere altre foto e consultare i servizi della struttura!<\/p>\n<h3><a href=\"https:\/\/www.showgroup.it\/vetrina\/farmhouse\/fattoria-la-maliosa_c33156\">8. Fattoria La Maliosa, Manciano &#8211; Grosseto<\/a><\/h3>\n<p><a href=\"https:\/\/www.showgroup.it\/vetrina\/farmhouse\/fattoria-la-maliosa_c33156\"><img loading=\"lazy\" class=\"alignnone wp-image-88488 size-full\" src=\"https:\/\/www.showgroup.it\/blog\/wp-content\/uploads\/2022\/09\/compleanno-in-autunno-2-1.jpg\" alt=\"la maliosa\" width=\"1920\" height=\"1080\" srcset=\"https:\/\/www.showgroup.it\/blog\/wp-content\/uploads\/2022\/09\/compleanno-in-autunno-2-1.jpg 1920w, https:\/\/www.showgroup.it\/blog\/wp-content\/uploads\/2022\/09\/compleanno-in-autunno-2-1-300x169.jpg 300w, https:\/\/www.showgroup.it\/blog\/wp-content\/uploads\/2022\/09\/compleanno-in-autunno-2-1-1024x576.jpg 1024w, https:\/\/www.showgroup.it\/blog\/wp-content\/uploads\/2022\/09\/compleanno-in-autunno-2-1-768x432.jpg 768w, https:\/\/www.showgroup.it\/blog\/wp-content\/uploads\/2022\/09\/compleanno-in-autunno-2-1-1536x864.jpg 1536w\" sizes=\"(max-width: 1920px) 100vw, 1920px\" \/><\/a><\/p>\n<p>Nell&#8217;incontaminata natura agreste della <strong>Maremma<\/strong>, circondata da tranquillit\u00e0, natura e bellezza si trova la <a href=\"https:\/\/www.showgroup.it\/vetrina\/farmhouse\/fattoria-la-maliosa_c33156\">Fattoria La Maliosa<\/a>, dove organizzare esperienze di <strong>degustazione uniche<\/strong> immersi tra vigneti e uliveti.<\/p>\n<p>I prodotti che qui potrai degustare sono stati accuratamente selezionati da<strong> realt\u00e0 locali a km zero<\/strong>, che garantiscono agli ospiti un\u2019esperienza autentica e di qualit\u00e0. Posto ideale per gli <strong>amanti della natura<\/strong>, che possono dedicarsi non solo alle degustazioni, ma anche al trekking, ai percorsi yoga, ai percorsi in e-bike e visite in cantina.<\/p>\n<p><a href=\"https:\/\/www.showgroup.it\/vetrina\/farmhouse\/fattoria-la-maliosa_c33156\">Clicca qui<\/a> se vuoi contattare la Fattoria La Maliosa.<\/p>\n<h2><a href=\"https:\/\/www.showgroup.it\/\">Non hai trovato la tua oasi di benessere nella natura?<\/a><\/h2>\n<p><a href=\"https:\/\/www.showgroup.it\/vetrina\/farmhouse\/dea-flora-restaurant-relax_c35782\"><img loading=\"lazy\" class=\"alignnone wp-image-88484 size-full\" src=\"https:\/\/www.showgroup.it\/blog\/wp-content\/uploads\/2022\/09\/compleanno-in-autunno-7.jpg\" alt=\"dea flora\" width=\"1920\" height=\"1080\" srcset=\"https:\/\/www.showgroup.it\/blog\/wp-content\/uploads\/2022\/09\/compleanno-in-autunno-7.jpg 1920w, https:\/\/www.showgroup.it\/blog\/wp-content\/uploads\/2022\/09\/compleanno-in-autunno-7-300x169.jpg 300w, https:\/\/www.showgroup.it\/blog\/wp-content\/uploads\/2022\/09\/compleanno-in-autunno-7-1024x576.jpg 1024w, https:\/\/www.showgroup.it\/blog\/wp-content\/uploads\/2022\/09\/compleanno-in-autunno-7-768x432.jpg 768w, https:\/\/www.showgroup.it\/blog\/wp-content\/uploads\/2022\/09\/compleanno-in-autunno-7-1536x864.jpg 1536w\" sizes=\"(max-width: 1920px) 100vw, 1920px\" \/><\/a><\/p>\n<p>Su <strong>Showgroup<\/strong> non avrai problemi a trovare la struttura pi\u00f9 vicina a te e pi\u00f9 adatta ai tuoi gusti! Consulta le <a href=\"https:\/\/www.showgroup.it\/vetrine\/hotellerie\">location<\/a> presenti sul sito, e prenota quella che desideri con pochi click. Il tutto in modo semplice ed intuitivo e <strong>senza costi di intermediazione<\/strong>!<\/p>\n","protected":false},"excerpt":{"rendered":"<p>Il tuo compleanno cade in autunno e vuoi festeggiarlo in modo originale? Organizzarlo in una vigna! Ecco perch\u00e9 dovresti prendere [&hellip;]<\/p>\n","protected":false},"author":5,"featured_media":88482,"comment_status":"open","ping_status":"open","sticky":false,"template":"","format":"standard","meta":[],"categories":[661],"tags":[],"yoast_head":"<!-- This site is optimized with the Yoast SEO plugin v16.9 - https:\/\/yoast.com\/wordpress\/plugins\/seo\/ -->\n<title>Compleanno in autunno? Scegli una location con vigna &bull; Showgroup<\/title>\n<meta name=\"description\" content=\"Compleanno in autunno? Organizzalo in una vigna! Scopri su Showgroup le location pi\u00f9 belle, tra paesaggi sognanti e sapori locali.\" \/>\n<meta name=\"robots\" content=\"index, follow, max-snippet:-1, max-image-preview:large, max-video-preview:-1\" \/>\n<link rel=\"canonical\" href=\"https:\/\/www.showgroup.it\/blog\/2022\/09\/07\/compleanno-in-autunno-location-con-vigna\/\" \/>\n<meta property=\"og:locale\" content=\"it_IT\" \/>\n<meta property=\"og:type\" content=\"article\" \/>\n<meta property=\"og:title\" content=\"Compleanno in autunno? Scegli una location con vigna &bull; Showgroup\" \/>\n<meta property=\"og:description\" content=\"Compleanno in autunno? Organizzalo in una vigna! Scopri su Showgroup le location pi\u00f9 belle, tra paesaggi sognanti e sapori locali.\" \/>\n<meta property=\"og:url\" content=\"https:\/\/www.showgroup.it\/blog\/2022\/09\/07\/compleanno-in-autunno-location-con-vigna\/\" \/>\n<meta property=\"og:site_name\" content=\"Showgroup - Ready to be WOW!\" \/>\n<meta property=\"article:publisher\" content=\"https:\/\/www.facebook.com\/ShowGroupWow\/\" \/>\n<meta property=\"article:published_time\" content=\"2022-09-07T05:23:42+00:00\" \/>\n<meta property=\"article:modified_time\" content=\"2025-05-28T14:58:57+00:00\" \/>\n<meta property=\"og:image\" content=\"https:\/\/www.showgroup.it\/blog\/wp-content\/uploads\/2022\/09\/compleanno-in-autunno-5.jpg\" \/>\n\t<meta property=\"og:image:width\" content=\"1920\" \/>\n\t<meta property=\"og:image:height\" content=\"1080\" \/>\n<meta name=\"twitter:card\" content=\"summary_large_image\" \/>\n<meta name=\"twitter:label1\" content=\"Scritto da\" \/>\n\t<meta name=\"twitter:data1\" content=\"Benedetta Gatti\" \/>\n\t<meta name=\"twitter:label2\" content=\"Tempo di lettura stimato\" \/>\n\t<meta name=\"twitter:data2\" content=\"8 minuti\" \/>\n<script type=\"application\/ld+json\" class=\"yoast-schema-graph\">{\"@context\":\"https:\/\/schema.org\",\"@graph\":[{\"@type\":\"Organization\",\"@id\":\"https:\/\/www.showgroup.it\/#organization\",\"name\":\"Showgroup\",\"url\":\"https:\/\/www.showgroup.it\/\",\"sameAs\":[\"https:\/\/www.facebook.com\/ShowGroupWow\/\",\"https:\/\/www.instagram.com\/showgroupwow\/\"],\"logo\":{\"@type\":\"ImageObject\",\"@id\":\"https:\/\/www.showgroup.it\/#logo\",\"inLanguage\":\"it-IT\",\"url\":\"https:\/\/www.showgroup.it\/blog\/wp-content\/uploads\/2025\/01\/logo-black.svg\",\"contentUrl\":\"https:\/\/www.showgroup.it\/blog\/wp-content\/uploads\/2025\/01\/logo-black.svg\",\"width\":1440,\"height\":916,\"caption\":\"Showgroup\"},\"image\":{\"@id\":\"https:\/\/www.showgroup.it\/#logo\"}},{\"@type\":\"WebSite\",\"@id\":\"https:\/\/www.showgroup.it\/#website\",\"url\":\"https:\/\/www.showgroup.it\/\",\"name\":\"Showgroup - Ready to be WOW!\",\"description\":\"Il primo portale gratuito dedicato al mondo dello spettacolo.\",\"publisher\":{\"@id\":\"https:\/\/www.showgroup.it\/#organization\"},\"potentialAction\":[{\"@type\":\"SearchAction\",\"target\":{\"@type\":\"EntryPoint\",\"urlTemplate\":\"https:\/\/www.showgroup.it\/?s={search_term_string}\"},\"query-input\":\"required name=search_term_string\"}],\"inLanguage\":\"it-IT\"},{\"@type\":\"ImageObject\",\"@id\":\"https:\/\/www.showgroup.it\/blog\/2022\/09\/07\/compleanno-in-autunno-location-con-vigna\/#primaryimage\",\"inLanguage\":\"it-IT\",\"url\":\"https:\/\/www.showgroup.it\/blog\/wp-content\/uploads\/2022\/09\/compleanno-in-autunno-5.jpg\",\"contentUrl\":\"https:\/\/www.showgroup.it\/blog\/wp-content\/uploads\/2022\/09\/compleanno-in-autunno-5.jpg\",\"width\":1920,\"height\":1080,\"caption\":\"dea flora\"},{\"@type\":\"WebPage\",\"@id\":\"https:\/\/www.showgroup.it\/blog\/2022\/09\/07\/compleanno-in-autunno-location-con-vigna\/#webpage\",\"url\":\"https:\/\/www.showgroup.it\/blog\/2022\/09\/07\/compleanno-in-autunno-location-con-vigna\/\",\"name\":\"Compleanno in autunno? Scegli una location con vigna &bull; Showgroup\",\"isPartOf\":{\"@id\":\"https:\/\/www.showgroup.it\/#website\"},\"primaryImageOfPage\":{\"@id\":\"https:\/\/www.showgroup.it\/blog\/2022\/09\/07\/compleanno-in-autunno-location-con-vigna\/#primaryimage\"},\"datePublished\":\"2022-09-07T05:23:42+00:00\",\"dateModified\":\"2025-05-28T14:58:57+00:00\",\"description\":\"Compleanno in autunno? Organizzalo in una vigna! Scopri su Showgroup le location pi\\u00f9 belle, tra paesaggi sognanti e sapori locali.\",\"breadcrumb\":{\"@id\":\"https:\/\/www.showgroup.it\/blog\/2022\/09\/07\/compleanno-in-autunno-location-con-vigna\/#breadcrumb\"},\"inLanguage\":\"it-IT\",\"potentialAction\":[{\"@type\":\"ReadAction\",\"target\":[\"https:\/\/www.showgroup.it\/blog\/2022\/09\/07\/compleanno-in-autunno-location-con-vigna\/\"]}]},{\"@type\":\"BreadcrumbList\",\"@id\":\"https:\/\/www.showgroup.it\/blog\/2022\/09\/07\/compleanno-in-autunno-location-con-vigna\/#breadcrumb\",\"itemListElement\":[{\"@type\":\"ListItem\",\"position\":1,\"name\":\"Home\",\"item\":\"https:\/\/www.showgroup.it\/blog\/\"},{\"@type\":\"ListItem\",\"position\":2,\"name\":\"Compleanno in autunno? Scegli una location con vigna\"}]},{\"@type\":\"Article\",\"@id\":\"https:\/\/www.showgroup.it\/blog\/2022\/09\/07\/compleanno-in-autunno-location-con-vigna\/#article\",\"isPartOf\":{\"@id\":\"https:\/\/www.showgroup.it\/blog\/2022\/09\/07\/compleanno-in-autunno-location-con-vigna\/#webpage\"},\"author\":{\"@id\":\"https:\/\/www.showgroup.it\/#\/schema\/person\/9b799d433be4e17451d197175628047a\"},\"headline\":\"Compleanno in autunno? Scegli una location con vigna\",\"datePublished\":\"2022-09-07T05:23:42+00:00\",\"dateModified\":\"2025-05-28T14:58:57+00:00\",\"mainEntityOfPage\":{\"@id\":\"https:\/\/www.showgroup.it\/blog\/2022\/09\/07\/compleanno-in-autunno-location-con-vigna\/#webpage\"},\"wordCount\":1303,\"commentCount\":0,\"publisher\":{\"@id\":\"https:\/\/www.showgroup.it\/#organization\"},\"image\":{\"@id\":\"https:\/\/www.showgroup.it\/blog\/2022\/09\/07\/compleanno-in-autunno-location-con-vigna\/#primaryimage\"},\"thumbnailUrl\":\"https:\/\/www.showgroup.it\/blog\/wp-content\/uploads\/2022\/09\/compleanno-in-autunno-5.jpg\",\"articleSection\":[\"Eventi e location\"],\"inLanguage\":\"it-IT\",\"potentialAction\":[{\"@type\":\"CommentAction\",\"name\":\"Comment\",\"target\":[\"https:\/\/www.showgroup.it\/blog\/2022\/09\/07\/compleanno-in-autunno-location-con-vigna\/#respond\"]}]},{\"@type\":\"Person\",\"@id\":\"https:\/\/www.showgroup.it\/#\/schema\/person\/9b799d433be4e17451d197175628047a\",\"name\":\"Benedetta Gatti\",\"image\":{\"@type\":\"ImageObject\",\"@id\":\"https:\/\/www.showgroup.it\/#personlogo\",\"inLanguage\":\"it-IT\",\"url\":\"https:\/\/secure.gravatar.com\/avatar\/32ceeb7300be30aabe2c84fdaa89eac0?s=96&d=mm&r=g\",\"contentUrl\":\"https:\/\/secure.gravatar.com\/avatar\/32ceeb7300be30aabe2c84fdaa89eac0?s=96&d=mm&r=g\",\"caption\":\"Benedetta Gatti\"}}]}<\/script>\n<!-- \/ Yoast SEO plugin. -->","yoast_head_json":{"title":"Compleanno in autunno? Scegli una location con vigna &bull; Showgroup","description":"Compleanno in autunno? Organizzalo in una vigna! Scopri su Showgroup le location pi\u00f9 belle, tra paesaggi sognanti e sapori locali.","robots":{"index":"index","follow":"follow","max-snippet":"max-snippet:-1","max-image-preview":"max-image-preview:large","max-video-preview":"max-video-preview:-1"},"canonical":"https:\/\/www.showgroup.it\/blog\/2022\/09\/07\/compleanno-in-autunno-location-con-vigna\/","og_locale":"it_IT","og_type":"article","og_title":"Compleanno in autunno? Scegli una location con vigna &bull; Showgroup","og_description":"Compleanno in autunno? Organizzalo in una vigna! Scopri su Showgroup le location pi\u00f9 belle, tra paesaggi sognanti e sapori locali.","og_url":"https:\/\/www.showgroup.it\/blog\/2022\/09\/07\/compleanno-in-autunno-location-con-vigna\/","og_site_name":"Showgroup - Ready to be WOW!","article_publisher":"https:\/\/www.facebook.com\/ShowGroupWow\/","article_published_time":"2022-09-07T05:23:42+00:00","article_modified_time":"2025-05-28T14:58:57+00:00","og_image":[{"width":1920,"height":1080,"filesize":271329,"url":"https:\/\/www.showgroup.it\/blog\/wp-content\/uploads\/2022\/09\/compleanno-in-autunno-5.jpg","path":"\/sites\/www.showgroup.it\/files\/blog\/wp-content\/uploads\/2022\/09\/compleanno-in-autunno-5.jpg","size":"full","id":88482,"alt":"dea flora","pixels":2073600,"type":"image\/jpeg"}],"twitter_card":"summary_large_image","twitter_misc":{"Scritto da":"Benedetta Gatti","Tempo di lettura stimato":"8 minuti"},"schema":{"@context":"https:\/\/schema.org","@graph":[{"@type":"Organization","@id":"https:\/\/www.showgroup.it\/#organization","name":"Showgroup","url":"https:\/\/www.showgroup.it\/","sameAs":["https:\/\/www.facebook.com\/ShowGroupWow\/","https:\/\/www.instagram.com\/showgroupwow\/"],"logo":{"@type":"ImageObject","@id":"https:\/\/www.showgroup.it\/#logo","inLanguage":"it-IT","url":"https:\/\/www.showgroup.it\/blog\/wp-content\/uploads\/2025\/01\/logo-black.svg","contentUrl":"https:\/\/www.showgroup.it\/blog\/wp-content\/uploads\/2025\/01\/logo-black.svg","width":1440,"height":916,"caption":"Showgroup"},"image":{"@id":"https:\/\/www.showgroup.it\/#logo"}},{"@type":"WebSite","@id":"https:\/\/www.showgroup.it\/#website","url":"https:\/\/www.showgroup.it\/","name":"Showgroup - Ready to be WOW!","description":"Il primo portale gratuito dedicato al mondo dello spettacolo.","publisher":{"@id":"https:\/\/www.showgroup.it\/#organization"},"potentialAction":[{"@type":"SearchAction","target":{"@type":"EntryPoint","urlTemplate":"https:\/\/www.showgroup.it\/?s={search_term_string}"},"query-input":"required name=search_term_string"}],"inLanguage":"it-IT"},{"@type":"ImageObject","@id":"https:\/\/www.showgroup.it\/blog\/2022\/09\/07\/compleanno-in-autunno-location-con-vigna\/#primaryimage","inLanguage":"it-IT","url":"https:\/\/www.showgroup.it\/blog\/wp-content\/uploads\/2022\/09\/compleanno-in-autunno-5.jpg","contentUrl":"https:\/\/www.showgroup.it\/blog\/wp-content\/uploads\/2022\/09\/compleanno-in-autunno-5.jpg","width":1920,"height":1080,"caption":"dea flora"},{"@type":"WebPage","@id":"https:\/\/www.showgroup.it\/blog\/2022\/09\/07\/compleanno-in-autunno-location-con-vigna\/#webpage","url":"https:\/\/www.showgroup.it\/blog\/2022\/09\/07\/compleanno-in-autunno-location-con-vigna\/","name":"Compleanno in autunno? Scegli una location con vigna &bull; Showgroup","isPartOf":{"@id":"https:\/\/www.showgroup.it\/#website"},"primaryImageOfPage":{"@id":"https:\/\/www.showgroup.it\/blog\/2022\/09\/07\/compleanno-in-autunno-location-con-vigna\/#primaryimage"},"datePublished":"2022-09-07T05:23:42+00:00","dateModified":"2025-05-28T14:58:57+00:00","description":"Compleanno in autunno? Organizzalo in una vigna! Scopri su Showgroup le location pi\u00f9 belle, tra paesaggi sognanti e sapori locali.","breadcrumb":{"@id":"https:\/\/www.showgroup.it\/blog\/2022\/09\/07\/compleanno-in-autunno-location-con-vigna\/#breadcrumb"},"inLanguage":"it-IT","potentialAction":[{"@type":"ReadAction","target":["https:\/\/www.showgroup.it\/blog\/2022\/09\/07\/compleanno-in-autunno-location-con-vigna\/"]}]},{"@type":"BreadcrumbList","@id":"https:\/\/www.showgroup.it\/blog\/2022\/09\/07\/compleanno-in-autunno-location-con-vigna\/#breadcrumb","itemListElement":[{"@type":"ListItem","position":1,"name":"Home","item":"https:\/\/www.showgroup.it\/blog\/"},{"@type":"ListItem","position":2,"name":"Compleanno in autunno? Scegli una location con vigna"}]},{"@type":"Article","@id":"https:\/\/www.showgroup.it\/blog\/2022\/09\/07\/compleanno-in-autunno-location-con-vigna\/#article","isPartOf":{"@id":"https:\/\/www.showgroup.it\/blog\/2022\/09\/07\/compleanno-in-autunno-location-con-vigna\/#webpage"},"author":{"@id":"https:\/\/www.showgroup.it\/#\/schema\/person\/9b799d433be4e17451d197175628047a"},"headline":"Compleanno in autunno? Scegli una location con vigna","datePublished":"2022-09-07T05:23:42+00:00","dateModified":"2025-05-28T14:58:57+00:00","mainEntityOfPage":{"@id":"https:\/\/www.showgroup.it\/blog\/2022\/09\/07\/compleanno-in-autunno-location-con-vigna\/#webpage"},"wordCount":1303,"commentCount":0,"publisher":{"@id":"https:\/\/www.showgroup.it\/#organization"},"image":{"@id":"https:\/\/www.showgroup.it\/blog\/2022\/09\/07\/compleanno-in-autunno-location-con-vigna\/#primaryimage"},"thumbnailUrl":"https:\/\/www.showgroup.it\/blog\/wp-content\/uploads\/2022\/09\/compleanno-in-autunno-5.jpg","articleSection":["Eventi e location"],"inLanguage":"it-IT","potentialAction":[{"@type":"CommentAction","name":"Comment","target":["https:\/\/www.showgroup.it\/blog\/2022\/09\/07\/compleanno-in-autunno-location-con-vigna\/#respond"]}]},{"@type":"Person","@id":"https:\/\/www.showgroup.it\/#\/schema\/person\/9b799d433be4e17451d197175628047a","name":"Benedetta Gatti","image":{"@type":"ImageObject","@id":"https:\/\/www.showgroup.it\/#personlogo","inLanguage":"it-IT","url":"https:\/\/secure.gravatar.com\/avatar\/32ceeb7300be30aabe2c84fdaa89eac0?s=96&d=mm&r=g","contentUrl":"https:\/\/secure.gravatar.com\/avatar\/32ceeb7300be30aabe2c84fdaa89eac0?s=96&d=mm&r=g","caption":"Benedetta Gatti"}}]}},"_links":{"self":[{"href":"https:\/\/www.showgroup.it\/blog\/wp-json\/wp\/v2\/posts\/88477"}],"collection":[{"href":"https:\/\/www.showgroup.it\/blog\/wp-json\/wp\/v2\/posts"}],"about":[{"href":"https:\/\/www.showgroup.it\/blog\/wp-json\/wp\/v2\/types\/post"}],"author":[{"embeddable":true,"href":"https:\/\/www.showgroup.it\/blog\/wp-json\/wp\/v2\/users\/5"}],"replies":[{"embeddable":true,"href":"https:\/\/www.showgroup.it\/blog\/wp-json\/wp\/v2\/comments?post=88477"}],"version-history":[{"count":1,"href":"https:\/\/www.showgroup.it\/blog\/wp-json\/wp\/v2\/posts\/88477\/revisions"}],"predecessor-version":[{"id":99001,"href":"https:\/\/www.showgroup.it\/blog\/wp-json\/wp\/v2\/posts\/88477\/revisions\/99001"}],"wp:featuredmedia":[{"embeddable":true,"href":"https:\/\/www.showgroup.it\/blog\/wp-json\/wp\/v2\/media\/88482"}],"wp:attachment":[{"href":"https:\/\/www.showgroup.it\/blog\/wp-json\/wp\/v2\/media?parent=88477"}],"wp:term":[{"taxonomy":"category","embeddable":true,"href":"https:\/\/www.showgroup.it\/blog\/wp-json\/wp\/v2\/categories?post=88477"},{"taxonomy":"post_tag","embeddable":true,"href":"https:\/\/www.showgroup.it\/blog\/wp-json\/wp\/v2\/tags?post=88477"}],"curies":[{"name":"wp","href":"https:\/\/api.w.org\/{rel}","templated":true}]}}