{"id":88860,"date":"2022-09-30T17:51:46","date_gmt":"2022-09-30T15:51:46","guid":{"rendered":"https:\/\/www.showgroup.it\/?p=88860"},"modified":"2025-05-28T16:45:37","modified_gmt":"2025-05-28T14:45:37","slug":"location-matrimoni-in-emilia-romagna-le-migliori-del-2023","status":"publish","type":"post","link":"https:\/\/www.showgroup.it\/blog\/2022\/09\/30\/location-matrimoni-in-emilia-romagna-le-migliori-del-2023\/","title":{"rendered":"Location matrimoni in Emilia Romagna: le migliori del 2023"},"content":{"rendered":"<p><span style=\"font-weight: 400;\">Hai ricevuto la proposta di nozze da poco? Se la risposta \u00e8 s\u00ec, sicuramente sarai alla ricerca di una location dove festeggiare il tuo <\/span><b>Grande Giorno<\/b><span style=\"font-weight: 400;\">!<\/span><span style=\"font-weight: 400;\"><br \/>\n<\/span><span style=\"font-weight: 400;\">Analizziamo insieme alcune magnifiche strutture <\/span><b>tra ville, castelli, palazzi storici in Emilia <\/b><b>Romagna<\/b><span style=\"font-weight: 400;\">!<\/span><\/p>\n<h2><a href=\"https:\/\/www.showgroup.it\"><strong>Le pi\u00f9 belle location per matrimoni in Emilia Romagna<\/strong><\/a><\/h2>\n<p><span style=\"font-weight: 400;\">Su <\/span><a href=\"https:\/\/www.showgroup.it\"><span style=\"font-weight: 400;\">Showgroup<\/span><\/a><span style=\"font-weight: 400;\"> puoi trovare tutto ci\u00f2 che ti serve per rendere il giorno del tuo matrimonio, un <strong>evento indimenticabile<\/strong> da portare sempre con te.<\/span><span style=\"font-weight: 400;\"><br \/>\n<\/span><span style=\"font-weight: 400;\">Scopriamo insieme una selezione di <strong>location imperdibili<\/strong> in <strong>Emilia Romagna<\/strong>!<\/span><\/p>\n<h3><strong>1.<a href=\"https:\/\/www.showgroup.it\/vetrina\/dimore-storiche\/la-volta-del-vescovo_c31788?from_search=true\">La Volta del Vescovo &#8211; Piacenza<\/a><\/strong><\/h3>\n<p><span style=\"font-weight: 400;\"><a href=\"https:\/\/www.showgroup.it\/vetrina\/dimore-storiche\/la-volta-del-vescovo_c31788?from_search=true\"><img loading=\"lazy\" class=\"alignnone wp-image-88862 size-full\" title=\"La Volta del Vescovo Showgroup\" src=\"https:\/\/www.showgroup.it\/blog\/wp-content\/uploads\/2022\/09\/La-Volta-del-Vescovo-Showgroup.png\" alt=\"La Volta del Vescovo Showgroup\" width=\"1920\" height=\"1080\" srcset=\"https:\/\/www.showgroup.it\/blog\/wp-content\/uploads\/2022\/09\/La-Volta-del-Vescovo-Showgroup.png 1920w, https:\/\/www.showgroup.it\/blog\/wp-content\/uploads\/2022\/09\/La-Volta-del-Vescovo-Showgroup-300x169.png 300w, https:\/\/www.showgroup.it\/blog\/wp-content\/uploads\/2022\/09\/La-Volta-del-Vescovo-Showgroup-1024x576.png 1024w, https:\/\/www.showgroup.it\/blog\/wp-content\/uploads\/2022\/09\/La-Volta-del-Vescovo-Showgroup-768x432.png 768w, https:\/\/www.showgroup.it\/blog\/wp-content\/uploads\/2022\/09\/La-Volta-del-Vescovo-Showgroup-1536x864.png 1536w\" sizes=\"(max-width: 1920px) 100vw, 1920px\" \/><\/a>Situata a Piacenza, <\/span><a href=\"https:\/\/www.showgroup.it\/vetrina\/dimore-storiche\/la-volta-del-vescovo_c31788?from_search=true\"><span style=\"font-weight: 400;\">La Volta del Vescovo<\/span><\/a><span style=\"font-weight: 400;\"> \u00e8 una tra le pi\u00f9 <\/span><b>affascinanti dimore storiche<\/b><span style=\"font-weight: 400;\"> del territorio compreso tra <\/span><b>Emilia e Lombardia<\/b><span style=\"font-weight: 400;\">, incastonata all&#8217;interno di due parchi secolari.<br \/>\n<\/span><span style=\"font-weight: 400;\">La Volta del Vescovo comprende una villa del &#8216;700 affiancata dalla Corte Emiliana, il parco principale e quello dei noccioli nel quale vengono ospitate le cerimonie civili.<\/span><span style=\"font-weight: 400;\"><br \/>\n<\/span><span style=\"font-weight: 400;\">Qui \u00e8 possibile organizzare eventi di ogni genere, compresi matrimoni.<\/span><span style=\"font-weight: 400;\"><br \/>\n<\/span><span style=\"font-weight: 400;\">In particolare, troverete un <\/span><b>maestoso salone<\/b><span style=\"font-weight: 400;\"> con degli archi e una <\/span><b>veranda<\/b><span style=\"font-weight: 400;\"> ottenuti da un sapiente restauro delle <\/span><b>scuderie settecentesche<\/b><span style=\"font-weight: 400;\">, in grado di ospitare in tutta comodit\u00e0 fino a 550 commensali.<\/span><span style=\"font-weight: 400;\"><br \/>\n<\/span><span style=\"font-weight: 400;\">Non perderti questa location cos\u00ec speciale, visita il profilo de <\/span><a href=\"https:\/\/www.showgroup.it\/vetrina\/dimore-storiche\/la-volta-del-vescovo_c31788?from_search=true\"><span style=\"font-weight: 400;\">La Volta del Vescovo cliccando qua<\/span><\/a><span style=\"font-weight: 400;\">.<\/span><\/p>\n<h3><strong>\u00a02.<a href=\"https:\/\/www.showgroup.it\/vetrina\/dimore-storiche\/villa-massei_c34733\">Villa Massei &#8211; Ozzano dell\u2019Emilia (BO)<\/a><\/strong><\/h3>\n<p><a href=\"https:\/\/www.showgroup.it\/vetrina\/dimore-storiche\/villa-massei_c34733\"><img loading=\"lazy\" class=\"alignnone wp-image-88863 size-full\" title=\"Villa Massei Showgroup\" src=\"https:\/\/www.showgroup.it\/blog\/wp-content\/uploads\/2022\/09\/Villa-Massei-Showgroup.png\" alt=\"Villa Massei Showgroup\" width=\"1920\" height=\"1080\" srcset=\"https:\/\/www.showgroup.it\/blog\/wp-content\/uploads\/2022\/09\/Villa-Massei-Showgroup.png 1920w, https:\/\/www.showgroup.it\/blog\/wp-content\/uploads\/2022\/09\/Villa-Massei-Showgroup-300x169.png 300w, https:\/\/www.showgroup.it\/blog\/wp-content\/uploads\/2022\/09\/Villa-Massei-Showgroup-1024x576.png 1024w, https:\/\/www.showgroup.it\/blog\/wp-content\/uploads\/2022\/09\/Villa-Massei-Showgroup-768x432.png 768w, https:\/\/www.showgroup.it\/blog\/wp-content\/uploads\/2022\/09\/Villa-Massei-Showgroup-1536x864.png 1536w\" sizes=\"(max-width: 1920px) 100vw, 1920px\" \/><\/a>Villa Massei <span style=\"font-weight: 400;\">\u00e8 un suggestivo edificioche apparteneva anticamente all&#8217;ordine dei<\/span><b> Padri Celestini.<\/b><span style=\"font-weight: 400;\"><br \/>\n<\/span><span style=\"font-weight: 400;\">Nell&#8217;800, i <\/span><b>Conti Massei<\/b><span style=\"font-weight: 400;\"> lo ristrutturarono in stile<\/span><b> neo-gotico<\/b><span style=\"font-weight: 400;\"> e ancora oggi si possono ammirare le tracce di questo cambiamento.<\/span><span style=\"font-weight: 400;\"><br \/>\n<\/span><span style=\"font-weight: 400;\">Villa Massei \u00e8 situata all&#8217;interno del Parco dei <\/span><b>Gessi Bolognesi e dei Calanchi dell&#8217;Abbadessa<\/b><span style=\"font-weight: 400;\">, circondata da un parco romantico di rara bellezza. La struttura si raggiunge attraverso un lungo viale di platani e castagni. In quest&#8217;oasi lussureggiante, irrorata da una limpida fonte e percorsa da vialetti ombreggiati, spicca un gigantesco<\/span><b> cedro del Libano<\/b><span style=\"font-weight: 400;\">.<\/span><span style=\"font-weight: 400;\"><br \/>\n<\/span><span style=\"font-weight: 400;\">Recentemente aperta al pubblico per eventi, ti suggeriamo di non perderti il <\/span><a href=\"https:\/\/www.showgroup.it\/vetrina\/dimore-storiche\/villa-massei_c34733\"><span style=\"font-weight: 400;\">suo profilo Showgroup cliccando qua<\/span><\/a><span style=\"font-weight: 400;\">.<\/span><\/p>\n<h3><strong>\u00a03.<a href=\"https:\/\/www.showgroup.it\/vetrina\/dimore-storiche\/palazzo-guidi-1556_c30030\" class=\"broken_link\">Palazzo Guidi 1556 &#8211; Santarcangelo di Romagna<\/a><\/strong><\/h3>\n<p><a href=\"https:\/\/www.showgroup.it\/vetrina\/dimore-storiche\/palazzo-guidi-1556_c30030\" class=\"broken_link\"><img loading=\"lazy\" class=\"alignnone wp-image-88865 size-full\" title=\"Palazzo Guidi Showgroup\" src=\"https:\/\/www.showgroup.it\/blog\/wp-content\/uploads\/2022\/09\/Palazzo-Guidi-Showgroup.png\" alt=\"Palazzo Guidi Showgroup\" width=\"1920\" height=\"1080\" srcset=\"https:\/\/www.showgroup.it\/blog\/wp-content\/uploads\/2022\/09\/Palazzo-Guidi-Showgroup.png 1920w, https:\/\/www.showgroup.it\/blog\/wp-content\/uploads\/2022\/09\/Palazzo-Guidi-Showgroup-300x169.png 300w, https:\/\/www.showgroup.it\/blog\/wp-content\/uploads\/2022\/09\/Palazzo-Guidi-Showgroup-1024x576.png 1024w, https:\/\/www.showgroup.it\/blog\/wp-content\/uploads\/2022\/09\/Palazzo-Guidi-Showgroup-768x432.png 768w, https:\/\/www.showgroup.it\/blog\/wp-content\/uploads\/2022\/09\/Palazzo-Guidi-Showgroup-1536x864.png 1536w\" sizes=\"(max-width: 1920px) 100vw, 1920px\" \/><\/a>Palazzo Guidi<span style=\"font-weight: 400;\"> \u00e8 una dimora storica risalente al 1556, si trova in un <\/span><b>luogo tranquillo<\/b><span style=\"font-weight: 400;\">, inserito nel verde delle <\/span><b>colline di Santarcangelo<\/b><span style=\"font-weight: 400;\">, a pochi chilometri da Rimini. Ideale per riscoprire le emozioni di un\u2019epoca passata, per rivivere atmosfere suggestive dagli antichi sapori, sempre immersi nella natura dell\u2019entroterra riminese. <\/span><span style=\"font-weight: 400;\"><br \/>\n<\/span><span style=\"font-weight: 400;\">Un luogo <\/span><b>elegante<\/b><span style=\"font-weight: 400;\"> ma <\/span><b>non elitario, esclusivo e incomparabile<\/b><span style=\"font-weight: 400;\">.<\/span><span style=\"font-weight: 400;\"><br \/>\n<\/span><span style=\"font-weight: 400;\">La magia del passato rivive tra le mura di questa villa per rendere indimenticabile ogni attimo. <\/span><a href=\"https:\/\/www.showgroup.it\/vetrina\/dimore-storiche\/palazzo-guidi-1556_c30030\" class=\"broken_link\"><span style=\"font-weight: 400;\">Palazzo Guidi<\/span><\/a><span style=\"font-weight: 400;\"> \u00e8 su Showgroup, puoi <\/span><a href=\"https:\/\/www.showgroup.it\/vetrina\/dimore-storiche\/palazzo-guidi-1556_c30030\" class=\"broken_link\"><span style=\"font-weight: 400;\">visitare il suo profilo qui<\/span><\/a><span style=\"font-weight: 400;\">.<\/span><\/p>\n<h3><strong>4. <a href=\"https:\/\/www.showgroup.it\/vetrina\/dimore-storiche\/relais-villa-valfiore_c33515\">Relais Villa Valfiore &#8211; San Lazzaro di Savena (BO)<\/a><\/strong><\/h3>\n<p><a href=\"https:\/\/www.showgroup.it\/vetrina\/dimore-storiche\/relais-villa-valfiore_c33515\"><img loading=\"lazy\" class=\"alignnone wp-image-88866 size-full\" title=\"Villa Valfiore Showgroup\" src=\"https:\/\/www.showgroup.it\/blog\/wp-content\/uploads\/2022\/09\/Villa-Valfiore-Showgroup.png\" alt=\"Villa Valfiore Showgroup\" width=\"1920\" height=\"1080\" srcset=\"https:\/\/www.showgroup.it\/blog\/wp-content\/uploads\/2022\/09\/Villa-Valfiore-Showgroup.png 1920w, https:\/\/www.showgroup.it\/blog\/wp-content\/uploads\/2022\/09\/Villa-Valfiore-Showgroup-300x169.png 300w, https:\/\/www.showgroup.it\/blog\/wp-content\/uploads\/2022\/09\/Villa-Valfiore-Showgroup-1024x576.png 1024w, https:\/\/www.showgroup.it\/blog\/wp-content\/uploads\/2022\/09\/Villa-Valfiore-Showgroup-768x432.png 768w, https:\/\/www.showgroup.it\/blog\/wp-content\/uploads\/2022\/09\/Villa-Valfiore-Showgroup-1536x864.png 1536w\" sizes=\"(max-width: 1920px) 100vw, 1920px\" \/><\/a>Villa Valfiore<span style=\"font-weight: 400;\"> \u00e8 la cornice ideale per ogni tipo di evento, in qualsiasi stagione, perch\u00e9 offre <\/span><b>ottime strutture sia all&#8217;interno che all&#8217;esterno<\/b><span style=\"font-weight: 400;\">.<\/span><span style=\"font-weight: 400;\"><br \/>\n<\/span><span style=\"font-weight: 400;\">Tra la Villa stessa e la foresteria si trova la splendida <\/span><b>Sala Valfiore<\/b><span style=\"font-weight: 400;\">, circondata, non da mura, ma da ampie f<\/span><b>inestre che riflettono la luce dei giardini <\/b><span style=\"font-weight: 400;\">su cui si affacciano.<br \/>\n<\/span><span style=\"font-weight: 400;\">La sala ha una capienza fino a 120 persone ed \u00e8 stata appositamente studiata per integrarsi in modo fluido e gradevole con il resto della struttura alberghiera, formando un perfetto collegamento tra la piscina, i giardini, il ristorante e l&#8217;oratorio di San Rocco e San Sebastiano.<\/span><span style=\"font-weight: 400;\"><br \/>\n<\/span><a href=\"https:\/\/www.showgroup.it\/vetrina\/dimore-storiche\/relais-villa-valfiore_c33515\"><span style=\"font-weight: 400;\">Relais Villa Valfiore <\/span><\/a><span style=\"font-weight: 400;\">si presta perfettamente per i matrimoni, siamo sicuri che la bellezza di questa struttura sapr\u00e0 conquistare te e la tua dolce met\u00e0.<\/span><span style=\"font-weight: 400;\"><br \/>\n<\/span><span style=\"font-weight: 400;\">Puoi dare un\u2019occhiata ora al suo profilo <a href=\"https:\/\/www.showgroup.it\">Showgroup<\/a><\/span><a href=\"https:\/\/www.showgroup.it\/vetrina\/dimore-storiche\/relais-villa-valfiore_c33515\"><span style=\"font-weight: 400;\"> cliccando qua<\/span><\/a><span style=\"font-weight: 400;\">.<\/span><\/p>\n<h3><strong>5.<a href=\"https:\/\/www.showgroup.it\/vetrina\/dimore-storiche\/palazzo-loup_c35006\"> Palazzo Loup &#8211; Logliano (BO)<\/a><\/strong><\/h3>\n<p><a href=\"https:\/\/www.showgroup.it\/vetrina\/dimore-storiche\/palazzo-loup_c35006\"><img loading=\"lazy\" class=\"alignnone wp-image-88867 size-full\" title=\"Palazzo Loup Showgroup\" src=\"https:\/\/www.showgroup.it\/blog\/wp-content\/uploads\/2022\/09\/Palazzo-Loup-Showgroup.png\" alt=\"Palazzo Loup Showgroup\" width=\"1920\" height=\"1080\" srcset=\"https:\/\/www.showgroup.it\/blog\/wp-content\/uploads\/2022\/09\/Palazzo-Loup-Showgroup.png 1920w, https:\/\/www.showgroup.it\/blog\/wp-content\/uploads\/2022\/09\/Palazzo-Loup-Showgroup-300x169.png 300w, https:\/\/www.showgroup.it\/blog\/wp-content\/uploads\/2022\/09\/Palazzo-Loup-Showgroup-1024x576.png 1024w, https:\/\/www.showgroup.it\/blog\/wp-content\/uploads\/2022\/09\/Palazzo-Loup-Showgroup-768x432.png 768w, https:\/\/www.showgroup.it\/blog\/wp-content\/uploads\/2022\/09\/Palazzo-Loup-Showgroup-1536x864.png 1536w\" sizes=\"(max-width: 1920px) 100vw, 1920px\" \/><\/a>Palazzo Loup<span style=\"font-weight: 400;\">, pi\u00f9 anticamente Villa delle Fratte, \u00e8 un&#8217;antica dimora settecentesca che sorge in localit\u00e0 Scanello (comune di Loiano) a 30 km da Bologna. <\/span><span style=\"font-weight: 400;\"><br \/>\n<\/span><span style=\"font-weight: 400;\">La Villa \u00e8 circondata da uno straordinario<\/span><b> parco plurisecolare<\/b><span style=\"font-weight: 400;\">. Il suo passato \u00e8 ricco di storici eventi, come quello del Maggio 1805 quando <\/span><b>Papa Pio VII<\/b><span style=\"font-weight: 400;\">, in viaggio verso Roma, sost\u00f2 presso Villa delle Fratte nel suo viaggio di ritorno da Parigi, dopo aver incoronato Imperatore <\/span><b>Napoleone I<\/b><span style=\"font-weight: 400;\">.<\/span><span style=\"font-weight: 400;\"><br \/>\n<\/span><span style=\"font-weight: 400;\">I moderni restauratori hanno attribuito a Palazzo Loup <strong>n<\/strong><\/span><b>uovo fascino, senza per questo cancellare la sua tradizione di ospitalit\u00e0 e cordialit\u00e0<\/b><span style=\"font-weight: 400;\">.<\/span><span style=\"font-weight: 400;\"><br \/>\n<\/span><span style=\"font-weight: 400;\">L&#8217;ampia veranda panoramica, il gazebo, il meraviglioso parco con alberi secolari, la piscina arricchiscono la proposta per l&#8217;organizzazione di<\/span><b> matrimoni e ricevimenti all&#8217;insegna dell&#8217;eleganza e della raffinatezza<\/b><span style=\"font-weight: 400;\">.<\/span><span style=\"font-weight: 400;\"><br \/>\n<\/span><span style=\"font-weight: 400;\">Puoi visitare il profilo di <\/span><a href=\"https:\/\/www.showgroup.it\/vetrina\/dimore-storiche\/palazzo-loup_c35006\"><span style=\"font-weight: 400;\">Palazzo Loup cliccando qua<\/span><\/a><span style=\"font-weight: 400;\">.<\/span><\/p>\n<h3><strong>6. <a href=\"https:\/\/www.showgroup.it\/vetrina\/dimore-storiche\/villa-manodori_c35381\">Villa Manodori &#8211; Modena (MO)<\/a><\/strong><\/h3>\n<p><a href=\"https:\/\/www.showgroup.it\/vetrina\/dimore-storiche\/villa-manodori_c35381\"><img loading=\"lazy\" class=\"alignnone wp-image-88868 size-full\" title=\"Villa Manodori Showgroup\" src=\"https:\/\/www.showgroup.it\/blog\/wp-content\/uploads\/2022\/09\/Villa-Manodori-Showgroup.png\" alt=\"Villa Manodori Showgroup\" width=\"1920\" height=\"1080\" srcset=\"https:\/\/www.showgroup.it\/blog\/wp-content\/uploads\/2022\/09\/Villa-Manodori-Showgroup.png 1920w, https:\/\/www.showgroup.it\/blog\/wp-content\/uploads\/2022\/09\/Villa-Manodori-Showgroup-300x169.png 300w, https:\/\/www.showgroup.it\/blog\/wp-content\/uploads\/2022\/09\/Villa-Manodori-Showgroup-1024x576.png 1024w, https:\/\/www.showgroup.it\/blog\/wp-content\/uploads\/2022\/09\/Villa-Manodori-Showgroup-768x432.png 768w, https:\/\/www.showgroup.it\/blog\/wp-content\/uploads\/2022\/09\/Villa-Manodori-Showgroup-1536x864.png 1536w\" sizes=\"(max-width: 1920px) 100vw, 1920px\" \/><\/a>Villa Manodori <span style=\"font-weight: 400;\">\u00e8 una location seicentesca ideale per realizzare matrimoni ed eventi di vario genere.<br \/>\n<\/span><span style=\"font-weight: 400;\">Le sue origini risalgono al <\/span><b>1500<\/b><span style=\"font-weight: 400;\">, come testimonia la <\/span><b>cappella consacrata all\u2019interno del parco<\/b><span style=\"font-weight: 400;\">.<\/span><span style=\"font-weight: 400;\"><br \/>\n<\/span><span style=\"font-weight: 400;\">La dimora fu restaurata nel tardo \u2018700: i soffitti affrescati, stuccati, le pavimentazioni realizzate in terracotta conservate ancora oggi.<br \/>\n<\/span><span style=\"font-weight: 400;\">Abbandonata verso la prima met\u00e0 del \u2019900, la villa torna a <\/span><b>splendere durante gli anni \u201960<\/b><span style=\"font-weight: 400;\">, di nuovo abitata da affetti e ricordi che puoi respirare tra i suoi spazi.<\/span><span style=\"font-weight: 400;\"><br \/>\n<\/span><span style=\"font-weight: 400;\">Le <\/span><b>ampie stanze<\/b><span style=\"font-weight: 400;\"> assecondano ogni esigenza di <\/span><b>ospitalit\u00e0<\/b><span style=\"font-weight: 400;\">.<br \/>\n<\/span><span style=\"font-weight: 400;\">Ogni spazio di questa struttura \u00e8 elegante, accogliente, funzionale e con un <\/span><b>fascino di altri tempi<\/b><span style=\"font-weight: 400;\">.<br \/>\n<\/span><span style=\"font-weight: 400;\">Puoi consultare il profilo Showgroup di <\/span><a href=\"https:\/\/www.showgroup.it\/vetrina\/dimore-storiche\/villa-manodori_c35381\"><span style=\"font-weight: 400;\">Villa Manodori cliccando qui<\/span><\/a><span style=\"font-weight: 400;\"> e contattare gratuitamente lo staff per un preventivo gratuito!<\/span><\/p>\n<h3><strong>7.<a href=\"https:\/\/www.showgroup.it\/vetrina\/dimore-storiche\/villa-la-personala_c35738\"> Villa La Personala &#8211; Modena (MO)<\/a><\/strong><\/h3>\n<p><a href=\"https:\/\/www.showgroup.it\/vetrina\/dimore-storiche\/villa-la-personala_c35738\"><img loading=\"lazy\" class=\"alignnone wp-image-88869 size-full\" title=\"Villa La Personala Showgroup\" src=\"https:\/\/www.showgroup.it\/blog\/wp-content\/uploads\/2022\/09\/Villa-La-Personala-Showgroup.png\" alt=\"Villa La Personala Showgroup\" width=\"1920\" height=\"1080\" srcset=\"https:\/\/www.showgroup.it\/blog\/wp-content\/uploads\/2022\/09\/Villa-La-Personala-Showgroup.png 1920w, https:\/\/www.showgroup.it\/blog\/wp-content\/uploads\/2022\/09\/Villa-La-Personala-Showgroup-300x169.png 300w, https:\/\/www.showgroup.it\/blog\/wp-content\/uploads\/2022\/09\/Villa-La-Personala-Showgroup-1024x576.png 1024w, https:\/\/www.showgroup.it\/blog\/wp-content\/uploads\/2022\/09\/Villa-La-Personala-Showgroup-768x432.png 768w, https:\/\/www.showgroup.it\/blog\/wp-content\/uploads\/2022\/09\/Villa-La-Personala-Showgroup-1536x864.png 1536w\" sizes=\"(max-width: 1920px) 100vw, 1920px\" \/><\/a>Villa La Personala<span style=\"font-weight: 400;\"> ed il suo Borgo Storico sono situati nella <\/span><b>verde campagna del comune di Mirandola<\/b><span style=\"font-weight: 400;\">.<\/span><span style=\"font-weight: 400;\"><br \/>\n<\/span><span style=\"font-weight: 400;\">Divenuta nel corso dei secoli una residenza nobiliare di enorme prestigio, oggi la Villa, curata dalla famiglia Ferri Personali, si propone come luogo per eventi esclusivi e soggiorni di relax congiunti alla passione per la cultura del territorio dalla <\/span><b>buona cucina ai motori<\/b><span style=\"font-weight: 400;\">.<br \/>\n<\/span><a href=\"https:\/\/www.showgroup.it\/vetrina\/dimore-storiche\/villa-la-personala_c35738\"><span style=\"font-weight: 400;\">Villa La Personala<\/span><\/a><span style=\"font-weight: 400;\"> si offre come location esclusiva per eventi business e privati, matrimoni compresi. <\/span><span style=\"font-weight: 400;\">La bellezza della struttura, come anche quella della sua piscina, sapranno conquistarti.<br \/>\n<\/span><span style=\"font-weight: 400;\">Puoi dare un\u2019occhiata al profilo <\/span><a href=\"https:\/\/www.showgroup.it\"><span style=\"font-weight: 400;\">Showgroup <\/span><\/a><span style=\"font-weight: 400;\">di <\/span><a href=\"https:\/\/www.showgroup.it\/vetrina\/dimore-storiche\/villa-la-personala_c35738\"><span style=\"font-weight: 400;\">Villa La Personala<\/span><\/a> <a href=\"https:\/\/www.showgroup.it\/vetrina\/dimore-storiche\/villa-la-personala_c35738\"><span style=\"font-weight: 400;\">cliccando qua<\/span><\/a><span style=\"font-weight: 400;\">.<\/span><\/p>\n<h3><strong>8.<a href=\"https:\/\/www.showgroup.it\/vetrina\/dimore-storiche\/delizia-estense-del-verginese_c33177\">Delizia Estense del Verginese-Portomaggiore (FE)<\/a><\/strong><\/h3>\n<p><a href=\"https:\/\/www.showgroup.it\/vetrina\/dimore-storiche\/delizia-estense-del-verginese_c33177\"><img loading=\"lazy\" class=\"alignnone wp-image-88870 size-full\" title=\"Delizia Estense del Verginese Showgroup\" src=\"https:\/\/www.showgroup.it\/blog\/wp-content\/uploads\/2022\/09\/Delizia-Estense-Verginese.png\" alt=\"Delizia Estense del Verginese Showgroup\" width=\"1920\" height=\"1080\" srcset=\"https:\/\/www.showgroup.it\/blog\/wp-content\/uploads\/2022\/09\/Delizia-Estense-Verginese.png 1920w, https:\/\/www.showgroup.it\/blog\/wp-content\/uploads\/2022\/09\/Delizia-Estense-Verginese-300x169.png 300w, https:\/\/www.showgroup.it\/blog\/wp-content\/uploads\/2022\/09\/Delizia-Estense-Verginese-1024x576.png 1024w, https:\/\/www.showgroup.it\/blog\/wp-content\/uploads\/2022\/09\/Delizia-Estense-Verginese-768x432.png 768w, https:\/\/www.showgroup.it\/blog\/wp-content\/uploads\/2022\/09\/Delizia-Estense-Verginese-1536x864.png 1536w\" sizes=\"(max-width: 1920px) 100vw, 1920px\" \/><\/a>La Delizia Estense del Verginese<span style=\"font-weight: 400;\">, patrimonio UNESCO, \u00e8 un <\/span><b>castelletto bianco e rosso immerso nella campagna ferrarese<\/b><span style=\"font-weight: 400;\">, voluto da Laura Dianti, terza compagna del Duca Alfonso I d&#8217;Este come sia residenza estiva alla met\u00e0 del &#8216;500, circondato dal giardino &#8220;rinascimentale&#8221;, il Brolo.<br \/>\n<\/span><span style=\"font-weight: 400;\">Il complesso, regolarmente aperto al pubblico, \u00e8 composto da altri due stabili, la <\/span><b>Vinaia del Sapere e la Foresteria<\/b><span style=\"font-weight: 400;\">, riservati agli eventi, in particolare ai ricevimenti di nozze, per i quali possono essere sfruttati sia gli spazi interni che esterni di pertinenza.<br \/>\n<\/span><span style=\"font-weight: 400;\">All&#8217;interno della struttura \u00e8 presente la <\/span><b>chiesetta cinquecentesca<\/b><span style=\"font-weight: 400;\"> dove \u00e8 possibile <\/span><b>sposarsi con rito civile<\/b><span style=\"font-weight: 400;\">.<br \/>\n<\/span><span style=\"font-weight: 400;\">Puoi visitare il profilo di <\/span><a href=\"https:\/\/www.showgroup.it\/vetrina\/dimore-storiche\/delizia-estense-del-verginese_c33177\"><span style=\"font-weight: 400;\">Delizia Estense del Verginese<\/span> <span style=\"font-weight: 400;\">cliccando qui<\/span><\/a><span style=\"font-weight: 400;\">.<\/span><\/p>\n<h3><strong>9.<a href=\"https:\/\/www.showgroup.it\/vetrina\/dimore-storiche\/castello-di-montechiarugolo_c33521\">Castello Di Montechiarugolo-Montechiarugolo (PR)<\/a><\/strong><\/h3>\n<p><span style=\"font-weight: 400;\"><a href=\"https:\/\/www.showgroup.it\/vetrina\/dimore-storiche\/castello-di-montechiarugolo_c33521\"><img loading=\"lazy\" class=\"alignnone size-full wp-image-88871\" src=\"https:\/\/www.showgroup.it\/blog\/wp-content\/uploads\/2022\/09\/Castello-di-Montechiarugolo.png\" alt=\"\" width=\"1920\" height=\"1080\" srcset=\"https:\/\/www.showgroup.it\/blog\/wp-content\/uploads\/2022\/09\/Castello-di-Montechiarugolo.png 1920w, https:\/\/www.showgroup.it\/blog\/wp-content\/uploads\/2022\/09\/Castello-di-Montechiarugolo-300x169.png 300w, https:\/\/www.showgroup.it\/blog\/wp-content\/uploads\/2022\/09\/Castello-di-Montechiarugolo-1024x576.png 1024w, https:\/\/www.showgroup.it\/blog\/wp-content\/uploads\/2022\/09\/Castello-di-Montechiarugolo-768x432.png 768w, https:\/\/www.showgroup.it\/blog\/wp-content\/uploads\/2022\/09\/Castello-di-Montechiarugolo-1536x864.png 1536w\" sizes=\"(max-width: 1920px) 100vw, 1920px\" \/><\/a>Il <\/span><a href=\"https:\/\/www.showgroup.it\/vetrina\/dimore-storiche\/castello-di-montechiarugolo_c33521\"><span style=\"font-weight: 400;\">Castello di Montechiarugolo<\/span><\/a><span style=\"font-weight: 400;\"> \u00e8 la location ideale per chi vuole creare un\u2019<\/span><b>atmosfera da fiaba e vivere momenti indimenticabili <\/b><span style=\"font-weight: 400;\">nel giorno pi\u00f9 importante. Gli eleganti giardini all\u2019italiana sono il luogo perfetto per l\u2019aperitivo con musica dal vivo; le ampie sale interne e la corte <\/span><b>sono la cornice ideale per il banchetto<\/b><span style=\"font-weight: 400;\">. Il loggiato diventa il palco perfetto per godere di fuochi d\u2019artificio e spettacoli pirotecnici mozzafiato.<br \/>\n<\/span><span style=\"font-weight: 400;\">Tra affreschi cinquecenteschi e saloni rinascimentali, il <\/span><a href=\"https:\/\/www.showgroup.it\/vetrina\/dimore-storiche\/castello-di-montechiarugolo_c33521\"><span style=\"font-weight: 400;\">Castello di Montechiarugolo <\/span><\/a><span style=\"font-weight: 400;\">ospita <\/span><b>eventi pubblici e privati<\/b><span style=\"font-weight: 400;\">.<br \/>\n<\/span><span style=\"font-weight: 400;\">L\u2019acustica della corte d\u2019onore ne fa un luogo privilegiato per <\/span><b>concerti ed esecuzioni dal vivo<\/b><span style=\"font-weight: 400;\">.<br \/>\n<\/span><span style=\"font-weight: 400;\">Non esiste location migliore di un castello per poter festeggiare il proprio grande giorno, puoi dare un\u2019occhiata al profilo<\/span><a href=\"https:\/\/www.showgroup.it\"><span style=\"font-weight: 400;\"> Showgroup<\/span><\/a><span style=\"font-weight: 400;\"> di <\/span><a href=\"https:\/\/www.showgroup.it\/vetrina\/dimore-storiche\/castello-di-montechiarugolo_c33521\"><span style=\"font-weight: 400;\">Castello Di Montechiarugolo cliccando qui<\/span><\/a><span style=\"font-weight: 400;\">.<\/span><\/p>\n<h3><strong>\u00a010. <a href=\"https:\/\/www.showgroup.it\/vetrina\/dimore-storiche\/palazzo-del-poggiano_c34735\" class=\"broken_link\">Palazzo del Poggiano-Poggio Torriana<\/a><a href=\"https:\/\/www.showgroup.it\/vetrina\/dimore-storiche\/palazzo-del-poggiano_c34735\" class=\"broken_link\"> (RN)<\/a><\/strong><\/h3>\n<p><span style=\"font-weight: 400;\"><a href=\"https:\/\/www.showgroup.it\/vetrina\/dimore-storiche\/palazzo-del-poggiano_c34735\" class=\"broken_link\"><img loading=\"lazy\" class=\"alignnone size-full wp-image-88872\" src=\"https:\/\/www.showgroup.it\/blog\/wp-content\/uploads\/2022\/09\/Palazzo-del-Poggiano-Showgroup.png\" alt=\"\" width=\"1920\" height=\"1080\" srcset=\"https:\/\/www.showgroup.it\/blog\/wp-content\/uploads\/2022\/09\/Palazzo-del-Poggiano-Showgroup.png 1920w, https:\/\/www.showgroup.it\/blog\/wp-content\/uploads\/2022\/09\/Palazzo-del-Poggiano-Showgroup-300x169.png 300w, https:\/\/www.showgroup.it\/blog\/wp-content\/uploads\/2022\/09\/Palazzo-del-Poggiano-Showgroup-1024x576.png 1024w, https:\/\/www.showgroup.it\/blog\/wp-content\/uploads\/2022\/09\/Palazzo-del-Poggiano-Showgroup-768x432.png 768w, https:\/\/www.showgroup.it\/blog\/wp-content\/uploads\/2022\/09\/Palazzo-del-Poggiano-Showgroup-1536x864.png 1536w\" sizes=\"(max-width: 1920px) 100vw, 1920px\" \/><\/a>A pochi chilometri dalla costa adriatica, su una delle prime colline della bellissima Valmarecchia, si erge il <\/span><a href=\"https:\/\/www.showgroup.it\/vetrina\/dimore-storiche\/palazzo-del-poggiano_c34735\" class=\"broken_link\"><span style=\"font-weight: 400;\">Palazzo del Poggiano<\/span><\/a><span style=\"font-weight: 400;\">, <\/span><b>antica dimora nobiliare circondata dal suo parco secolare<\/b><span style=\"font-weight: 400;\">. <\/span><span style=\"font-weight: 400;\"><br \/>\n<\/span><span style=\"font-weight: 400;\">Nel XIV secolo questa casa fortificata e le sue terre, <\/span><b>luogo di caccia e di villeggiatura<\/b><span style=\"font-weight: 400;\"> , furono propriet\u00e0 dei Malatesta di Rimini.<\/span><span style=\"font-weight: 400;\"><br \/>\n<\/span><span style=\"font-weight: 400;\">In seguito, divennero oggetto di conquista da parte di altre importanti dinastie che si succedettero nella propriet\u00e0.<br \/>\n<\/span><span style=\"font-weight: 400;\">L&#8217;antica dimora nobiliare \u00e8 stata di recente sapientemente restaurata nel rispetto della sua storicit\u00e0, sia nel ripristino dell\u2019integrit\u00e0 della struttura, sia <\/span><b>nell\u2019arredamento e nel decoro dei suoi tanti ambienti<\/b><span style=\"font-weight: 400;\">.<br \/>\n<\/span><span style=\"font-weight: 400;\">Oggi <\/span><a href=\"https:\/\/www.showgroup.it\/vetrina\/dimore-storiche\/palazzo-del-poggiano_c34735\" class=\"broken_link\"><span style=\"font-weight: 400;\">Palazzo del Poggiano<\/span><\/a><span style=\"font-weight: 400;\"> \u00e8 una location versatile, ideale per <\/span><b>eventi di natura diversa<\/b><span style=\"font-weight: 400;\">, compresi piccoli e romantici ricevimenti di matrimonio.<br \/>\n<\/span><span style=\"font-weight: 400;\">Puoi visitare il profilo<\/span><a href=\"https:\/\/www.showgroup.it\"><span style=\"font-weight: 400;\"> Showgroup<\/span><\/a><span style=\"font-weight: 400;\"> di <\/span><a href=\"https:\/\/www.showgroup.it\/vetrina\/dimore-storiche\/palazzo-del-poggiano_c34735\" class=\"broken_link\"><span style=\"font-weight: 400;\">Palazzo Poggiano cliccando qui<\/span><\/a><span style=\"font-weight: 400;\">.<\/span><\/p>\n<h2><strong><a href=\"https:\/\/www.showgroup.it\/\">Non hai trovato la location perfetta per le tue nozze?<\/a><\/strong><\/h2>\n<p><span style=\"font-weight: 400;\">Su <\/span><a href=\"https:\/\/www.showgroup.it\/\"><span style=\"font-weight: 400;\">Showgroup <\/span><\/a><span style=\"font-weight: 400;\">\u00a0non avrai problemi a trovare la struttura pi\u00f9 vicina a te e pi\u00f9 adatta ai tuoi gusti!<br \/>\n<\/span><span style=\"font-weight: 400;\">Consulta le <\/span><a href=\"https:\/\/www.showgroup.it\/vetrine\/hotellerie\"><span style=\"font-weight: 400;\">location<\/span><\/a><span style=\"font-weight: 400;\"> presenti sul sito e contatta quella che desideri con pochi click!<\/span><\/p>\n","protected":false},"excerpt":{"rendered":"<p>Hai ricevuto la proposta di nozze da poco? Se la risposta \u00e8 s\u00ec, sicuramente sarai alla ricerca di una location [&hellip;]<\/p>\n","protected":false},"author":5,"featured_media":88861,"comment_status":"open","ping_status":"open","sticky":false,"template":"","format":"standard","meta":[],"categories":[661],"tags":[191,568,369,275,242,204,202,200],"yoast_head":"<!-- This site is optimized with the Yoast SEO plugin v16.9 - https:\/\/yoast.com\/wordpress\/plugins\/seo\/ -->\n<title>Location matrimoni in Emilia Romagna: le migliori del 2023 &bull; Showgroup - Ready to be WOW!<\/title>\n<meta name=\"description\" content=\"Hai intenzione di sposarti in Emilia Romagna? Ecco una selezione di imperdibili location, dove festeggiare questa giornata indimenticabile!\" \/>\n<meta name=\"robots\" content=\"index, follow, max-snippet:-1, max-image-preview:large, max-video-preview:-1\" \/>\n<link rel=\"canonical\" href=\"https:\/\/www.showgroup.it\/blog\/2022\/09\/30\/location-matrimoni-in-emilia-romagna-le-migliori-del-2023\/\" \/>\n<meta property=\"og:locale\" content=\"it_IT\" \/>\n<meta property=\"og:type\" content=\"article\" \/>\n<meta property=\"og:title\" content=\"Location matrimoni in Emilia Romagna: le migliori del 2023 &bull; Showgroup - Ready to be WOW!\" \/>\n<meta property=\"og:description\" content=\"Hai intenzione di sposarti in Emilia Romagna? Ecco una selezione di imperdibili location, dove festeggiare questa giornata indimenticabile!\" \/>\n<meta property=\"og:url\" content=\"https:\/\/www.showgroup.it\/blog\/2022\/09\/30\/location-matrimoni-in-emilia-romagna-le-migliori-del-2023\/\" \/>\n<meta property=\"og:site_name\" content=\"Showgroup - Ready to be WOW!\" \/>\n<meta property=\"article:publisher\" content=\"https:\/\/www.facebook.com\/ShowGroupWow\/\" \/>\n<meta property=\"article:published_time\" content=\"2022-09-30T15:51:46+00:00\" \/>\n<meta property=\"article:modified_time\" content=\"2025-05-28T14:45:37+00:00\" \/>\n<meta property=\"og:image\" content=\"https:\/\/www.showgroup.it\/blog\/wp-content\/uploads\/2022\/09\/Dove-sposarsi-in-Emilia-Romagna.png\" \/>\n\t<meta property=\"og:image:width\" content=\"1920\" \/>\n\t<meta property=\"og:image:height\" content=\"1080\" \/>\n<meta name=\"twitter:card\" content=\"summary_large_image\" \/>\n<meta name=\"twitter:label1\" content=\"Scritto da\" \/>\n\t<meta name=\"twitter:data1\" content=\"Benedetta Gatti\" \/>\n\t<meta name=\"twitter:label2\" content=\"Tempo di lettura stimato\" \/>\n\t<meta name=\"twitter:data2\" content=\"8 minuti\" \/>\n<script type=\"application\/ld+json\" class=\"yoast-schema-graph\">{\"@context\":\"https:\/\/schema.org\",\"@graph\":[{\"@type\":\"Organization\",\"@id\":\"https:\/\/www.showgroup.it\/#organization\",\"name\":\"Showgroup\",\"url\":\"https:\/\/www.showgroup.it\/\",\"sameAs\":[\"https:\/\/www.facebook.com\/ShowGroupWow\/\",\"https:\/\/www.instagram.com\/showgroupwow\/\"],\"logo\":{\"@type\":\"ImageObject\",\"@id\":\"https:\/\/www.showgroup.it\/#logo\",\"inLanguage\":\"it-IT\",\"url\":\"https:\/\/www.showgroup.it\/blog\/wp-content\/uploads\/2025\/01\/logo-black.svg\",\"contentUrl\":\"https:\/\/www.showgroup.it\/blog\/wp-content\/uploads\/2025\/01\/logo-black.svg\",\"width\":1440,\"height\":916,\"caption\":\"Showgroup\"},\"image\":{\"@id\":\"https:\/\/www.showgroup.it\/#logo\"}},{\"@type\":\"WebSite\",\"@id\":\"https:\/\/www.showgroup.it\/#website\",\"url\":\"https:\/\/www.showgroup.it\/\",\"name\":\"Showgroup - Ready to be WOW!\",\"description\":\"Il primo portale gratuito dedicato al mondo dello spettacolo.\",\"publisher\":{\"@id\":\"https:\/\/www.showgroup.it\/#organization\"},\"potentialAction\":[{\"@type\":\"SearchAction\",\"target\":{\"@type\":\"EntryPoint\",\"urlTemplate\":\"https:\/\/www.showgroup.it\/?s={search_term_string}\"},\"query-input\":\"required name=search_term_string\"}],\"inLanguage\":\"it-IT\"},{\"@type\":\"ImageObject\",\"@id\":\"https:\/\/www.showgroup.it\/blog\/2022\/09\/30\/location-matrimoni-in-emilia-romagna-le-migliori-del-2023\/#primaryimage\",\"inLanguage\":\"it-IT\",\"url\":\"https:\/\/www.showgroup.it\/blog\/wp-content\/uploads\/2022\/09\/Dove-sposarsi-in-Emilia-Romagna.png\",\"contentUrl\":\"https:\/\/www.showgroup.it\/blog\/wp-content\/uploads\/2022\/09\/Dove-sposarsi-in-Emilia-Romagna.png\",\"width\":1920,\"height\":1080},{\"@type\":\"WebPage\",\"@id\":\"https:\/\/www.showgroup.it\/blog\/2022\/09\/30\/location-matrimoni-in-emilia-romagna-le-migliori-del-2023\/#webpage\",\"url\":\"https:\/\/www.showgroup.it\/blog\/2022\/09\/30\/location-matrimoni-in-emilia-romagna-le-migliori-del-2023\/\",\"name\":\"Location matrimoni in Emilia Romagna: le migliori del 2023 &bull; Showgroup - Ready to be WOW!\",\"isPartOf\":{\"@id\":\"https:\/\/www.showgroup.it\/#website\"},\"primaryImageOfPage\":{\"@id\":\"https:\/\/www.showgroup.it\/blog\/2022\/09\/30\/location-matrimoni-in-emilia-romagna-le-migliori-del-2023\/#primaryimage\"},\"datePublished\":\"2022-09-30T15:51:46+00:00\",\"dateModified\":\"2025-05-28T14:45:37+00:00\",\"description\":\"Hai intenzione di sposarti in Emilia Romagna? Ecco una selezione di imperdibili location, dove festeggiare questa giornata indimenticabile!\",\"breadcrumb\":{\"@id\":\"https:\/\/www.showgroup.it\/blog\/2022\/09\/30\/location-matrimoni-in-emilia-romagna-le-migliori-del-2023\/#breadcrumb\"},\"inLanguage\":\"it-IT\",\"potentialAction\":[{\"@type\":\"ReadAction\",\"target\":[\"https:\/\/www.showgroup.it\/blog\/2022\/09\/30\/location-matrimoni-in-emilia-romagna-le-migliori-del-2023\/\"]}]},{\"@type\":\"BreadcrumbList\",\"@id\":\"https:\/\/www.showgroup.it\/blog\/2022\/09\/30\/location-matrimoni-in-emilia-romagna-le-migliori-del-2023\/#breadcrumb\",\"itemListElement\":[{\"@type\":\"ListItem\",\"position\":1,\"name\":\"Home\",\"item\":\"https:\/\/www.showgroup.it\/blog\/\"},{\"@type\":\"ListItem\",\"position\":2,\"name\":\"Location matrimoni in Emilia Romagna: le migliori del 2023\"}]},{\"@type\":\"Article\",\"@id\":\"https:\/\/www.showgroup.it\/blog\/2022\/09\/30\/location-matrimoni-in-emilia-romagna-le-migliori-del-2023\/#article\",\"isPartOf\":{\"@id\":\"https:\/\/www.showgroup.it\/blog\/2022\/09\/30\/location-matrimoni-in-emilia-romagna-le-migliori-del-2023\/#webpage\"},\"author\":{\"@id\":\"https:\/\/www.showgroup.it\/#\/schema\/person\/9b799d433be4e17451d197175628047a\"},\"headline\":\"Location matrimoni in Emilia Romagna: le migliori del 2023\",\"datePublished\":\"2022-09-30T15:51:46+00:00\",\"dateModified\":\"2025-05-28T14:45:37+00:00\",\"mainEntityOfPage\":{\"@id\":\"https:\/\/www.showgroup.it\/blog\/2022\/09\/30\/location-matrimoni-in-emilia-romagna-le-migliori-del-2023\/#webpage\"},\"wordCount\":1315,\"commentCount\":0,\"publisher\":{\"@id\":\"https:\/\/www.showgroup.it\/#organization\"},\"image\":{\"@id\":\"https:\/\/www.showgroup.it\/blog\/2022\/09\/30\/location-matrimoni-in-emilia-romagna-le-migliori-del-2023\/#primaryimage\"},\"thumbnailUrl\":\"https:\/\/www.showgroup.it\/blog\/wp-content\/uploads\/2022\/09\/Dove-sposarsi-in-Emilia-Romagna.png\",\"keywords\":[\"matrimonio\",\"dimora\",\"cerimonia\",\"dimora storica\",\"coppia\",\"villa\",\"castello\",\"location\"],\"articleSection\":[\"Eventi e location\"],\"inLanguage\":\"it-IT\",\"potentialAction\":[{\"@type\":\"CommentAction\",\"name\":\"Comment\",\"target\":[\"https:\/\/www.showgroup.it\/blog\/2022\/09\/30\/location-matrimoni-in-emilia-romagna-le-migliori-del-2023\/#respond\"]}]},{\"@type\":\"Person\",\"@id\":\"https:\/\/www.showgroup.it\/#\/schema\/person\/9b799d433be4e17451d197175628047a\",\"name\":\"Benedetta Gatti\",\"image\":{\"@type\":\"ImageObject\",\"@id\":\"https:\/\/www.showgroup.it\/#personlogo\",\"inLanguage\":\"it-IT\",\"url\":\"https:\/\/secure.gravatar.com\/avatar\/32ceeb7300be30aabe2c84fdaa89eac0?s=96&d=mm&r=g\",\"contentUrl\":\"https:\/\/secure.gravatar.com\/avatar\/32ceeb7300be30aabe2c84fdaa89eac0?s=96&d=mm&r=g\",\"caption\":\"Benedetta Gatti\"}}]}<\/script>\n<!-- \/ Yoast SEO plugin. -->","yoast_head_json":{"title":"Location matrimoni in Emilia Romagna: le migliori del 2023 &bull; Showgroup - Ready to be WOW!","description":"Hai intenzione di sposarti in Emilia Romagna? Ecco una selezione di imperdibili location, dove festeggiare questa giornata indimenticabile!","robots":{"index":"index","follow":"follow","max-snippet":"max-snippet:-1","max-image-preview":"max-image-preview:large","max-video-preview":"max-video-preview:-1"},"canonical":"https:\/\/www.showgroup.it\/blog\/2022\/09\/30\/location-matrimoni-in-emilia-romagna-le-migliori-del-2023\/","og_locale":"it_IT","og_type":"article","og_title":"Location matrimoni in Emilia Romagna: le migliori del 2023 &bull; Showgroup - Ready to be WOW!","og_description":"Hai intenzione di sposarti in Emilia Romagna? Ecco una selezione di imperdibili location, dove festeggiare questa giornata indimenticabile!","og_url":"https:\/\/www.showgroup.it\/blog\/2022\/09\/30\/location-matrimoni-in-emilia-romagna-le-migliori-del-2023\/","og_site_name":"Showgroup - Ready to be WOW!","article_publisher":"https:\/\/www.facebook.com\/ShowGroupWow\/","article_published_time":"2022-09-30T15:51:46+00:00","article_modified_time":"2025-05-28T14:45:37+00:00","og_image":[{"width":1920,"height":1080,"url":"https:\/\/www.showgroup.it\/blog\/wp-content\/uploads\/2022\/09\/Dove-sposarsi-in-Emilia-Romagna.png","path":"\/sites\/www.showgroup.it\/files\/blog\/wp-content\/uploads\/2022\/09\/Dove-sposarsi-in-Emilia-Romagna.png","size":"full","id":88861,"alt":"","pixels":2073600,"type":"image\/png"}],"twitter_card":"summary_large_image","twitter_misc":{"Scritto da":"Benedetta Gatti","Tempo di lettura stimato":"8 minuti"},"schema":{"@context":"https:\/\/schema.org","@graph":[{"@type":"Organization","@id":"https:\/\/www.showgroup.it\/#organization","name":"Showgroup","url":"https:\/\/www.showgroup.it\/","sameAs":["https:\/\/www.facebook.com\/ShowGroupWow\/","https:\/\/www.instagram.com\/showgroupwow\/"],"logo":{"@type":"ImageObject","@id":"https:\/\/www.showgroup.it\/#logo","inLanguage":"it-IT","url":"https:\/\/www.showgroup.it\/blog\/wp-content\/uploads\/2025\/01\/logo-black.svg","contentUrl":"https:\/\/www.showgroup.it\/blog\/wp-content\/uploads\/2025\/01\/logo-black.svg","width":1440,"height":916,"caption":"Showgroup"},"image":{"@id":"https:\/\/www.showgroup.it\/#logo"}},{"@type":"WebSite","@id":"https:\/\/www.showgroup.it\/#website","url":"https:\/\/www.showgroup.it\/","name":"Showgroup - Ready to be WOW!","description":"Il primo portale gratuito dedicato al mondo dello spettacolo.","publisher":{"@id":"https:\/\/www.showgroup.it\/#organization"},"potentialAction":[{"@type":"SearchAction","target":{"@type":"EntryPoint","urlTemplate":"https:\/\/www.showgroup.it\/?s={search_term_string}"},"query-input":"required name=search_term_string"}],"inLanguage":"it-IT"},{"@type":"ImageObject","@id":"https:\/\/www.showgroup.it\/blog\/2022\/09\/30\/location-matrimoni-in-emilia-romagna-le-migliori-del-2023\/#primaryimage","inLanguage":"it-IT","url":"https:\/\/www.showgroup.it\/blog\/wp-content\/uploads\/2022\/09\/Dove-sposarsi-in-Emilia-Romagna.png","contentUrl":"https:\/\/www.showgroup.it\/blog\/wp-content\/uploads\/2022\/09\/Dove-sposarsi-in-Emilia-Romagna.png","width":1920,"height":1080},{"@type":"WebPage","@id":"https:\/\/www.showgroup.it\/blog\/2022\/09\/30\/location-matrimoni-in-emilia-romagna-le-migliori-del-2023\/#webpage","url":"https:\/\/www.showgroup.it\/blog\/2022\/09\/30\/location-matrimoni-in-emilia-romagna-le-migliori-del-2023\/","name":"Location matrimoni in Emilia Romagna: le migliori del 2023 &bull; Showgroup - Ready to be WOW!","isPartOf":{"@id":"https:\/\/www.showgroup.it\/#website"},"primaryImageOfPage":{"@id":"https:\/\/www.showgroup.it\/blog\/2022\/09\/30\/location-matrimoni-in-emilia-romagna-le-migliori-del-2023\/#primaryimage"},"datePublished":"2022-09-30T15:51:46+00:00","dateModified":"2025-05-28T14:45:37+00:00","description":"Hai intenzione di sposarti in Emilia Romagna? Ecco una selezione di imperdibili location, dove festeggiare questa giornata indimenticabile!","breadcrumb":{"@id":"https:\/\/www.showgroup.it\/blog\/2022\/09\/30\/location-matrimoni-in-emilia-romagna-le-migliori-del-2023\/#breadcrumb"},"inLanguage":"it-IT","potentialAction":[{"@type":"ReadAction","target":["https:\/\/www.showgroup.it\/blog\/2022\/09\/30\/location-matrimoni-in-emilia-romagna-le-migliori-del-2023\/"]}]},{"@type":"BreadcrumbList","@id":"https:\/\/www.showgroup.it\/blog\/2022\/09\/30\/location-matrimoni-in-emilia-romagna-le-migliori-del-2023\/#breadcrumb","itemListElement":[{"@type":"ListItem","position":1,"name":"Home","item":"https:\/\/www.showgroup.it\/blog\/"},{"@type":"ListItem","position":2,"name":"Location matrimoni in Emilia Romagna: le migliori del 2023"}]},{"@type":"Article","@id":"https:\/\/www.showgroup.it\/blog\/2022\/09\/30\/location-matrimoni-in-emilia-romagna-le-migliori-del-2023\/#article","isPartOf":{"@id":"https:\/\/www.showgroup.it\/blog\/2022\/09\/30\/location-matrimoni-in-emilia-romagna-le-migliori-del-2023\/#webpage"},"author":{"@id":"https:\/\/www.showgroup.it\/#\/schema\/person\/9b799d433be4e17451d197175628047a"},"headline":"Location matrimoni in Emilia Romagna: le migliori del 2023","datePublished":"2022-09-30T15:51:46+00:00","dateModified":"2025-05-28T14:45:37+00:00","mainEntityOfPage":{"@id":"https:\/\/www.showgroup.it\/blog\/2022\/09\/30\/location-matrimoni-in-emilia-romagna-le-migliori-del-2023\/#webpage"},"wordCount":1315,"commentCount":0,"publisher":{"@id":"https:\/\/www.showgroup.it\/#organization"},"image":{"@id":"https:\/\/www.showgroup.it\/blog\/2022\/09\/30\/location-matrimoni-in-emilia-romagna-le-migliori-del-2023\/#primaryimage"},"thumbnailUrl":"https:\/\/www.showgroup.it\/blog\/wp-content\/uploads\/2022\/09\/Dove-sposarsi-in-Emilia-Romagna.png","keywords":["matrimonio","dimora","cerimonia","dimora storica","coppia","villa","castello","location"],"articleSection":["Eventi e location"],"inLanguage":"it-IT","potentialAction":[{"@type":"CommentAction","name":"Comment","target":["https:\/\/www.showgroup.it\/blog\/2022\/09\/30\/location-matrimoni-in-emilia-romagna-le-migliori-del-2023\/#respond"]}]},{"@type":"Person","@id":"https:\/\/www.showgroup.it\/#\/schema\/person\/9b799d433be4e17451d197175628047a","name":"Benedetta Gatti","image":{"@type":"ImageObject","@id":"https:\/\/www.showgroup.it\/#personlogo","inLanguage":"it-IT","url":"https:\/\/secure.gravatar.com\/avatar\/32ceeb7300be30aabe2c84fdaa89eac0?s=96&d=mm&r=g","contentUrl":"https:\/\/secure.gravatar.com\/avatar\/32ceeb7300be30aabe2c84fdaa89eac0?s=96&d=mm&r=g","caption":"Benedetta Gatti"}}]}},"_links":{"self":[{"href":"https:\/\/www.showgroup.it\/blog\/wp-json\/wp\/v2\/posts\/88860"}],"collection":[{"href":"https:\/\/www.showgroup.it\/blog\/wp-json\/wp\/v2\/posts"}],"about":[{"href":"https:\/\/www.showgroup.it\/blog\/wp-json\/wp\/v2\/types\/post"}],"author":[{"embeddable":true,"href":"https:\/\/www.showgroup.it\/blog\/wp-json\/wp\/v2\/users\/5"}],"replies":[{"embeddable":true,"href":"https:\/\/www.showgroup.it\/blog\/wp-json\/wp\/v2\/comments?post=88860"}],"version-history":[{"count":1,"href":"https:\/\/www.showgroup.it\/blog\/wp-json\/wp\/v2\/posts\/88860\/revisions"}],"predecessor-version":[{"id":98978,"href":"https:\/\/www.showgroup.it\/blog\/wp-json\/wp\/v2\/posts\/88860\/revisions\/98978"}],"wp:featuredmedia":[{"embeddable":true,"href":"https:\/\/www.showgroup.it\/blog\/wp-json\/wp\/v2\/media\/88861"}],"wp:attachment":[{"href":"https:\/\/www.showgroup.it\/blog\/wp-json\/wp\/v2\/media?parent=88860"}],"wp:term":[{"taxonomy":"category","embeddable":true,"href":"https:\/\/www.showgroup.it\/blog\/wp-json\/wp\/v2\/categories?post=88860"},{"taxonomy":"post_tag","embeddable":true,"href":"https:\/\/www.showgroup.it\/blog\/wp-json\/wp\/v2\/tags?post=88860"}],"curies":[{"name":"wp","href":"https:\/\/api.w.org\/{rel}","templated":true}]}}