{"id":89549,"date":"2022-11-16T10:52:09","date_gmt":"2022-11-16T09:52:09","guid":{"rendered":"https:\/\/www.showgroup.it\/?p=89549"},"modified":"2025-05-28T16:26:11","modified_gmt":"2025-05-28T14:26:11","slug":"fuga-di-capodanno-2023-in-montagna-12-mete-imperdibili","status":"publish","type":"post","link":"https:\/\/www.showgroup.it\/blog\/2022\/11\/16\/fuga-di-capodanno-2023-in-montagna-12-mete-imperdibili\/","title":{"rendered":"Fuga di Capodanno 2023 in montagna: 12 mete imperdibili"},"content":{"rendered":"<h4>Cosa c&#8217;\u00e8 di meglio che trascorrere il Capodanno circondati dall&#8217;atmosfera fiabesca delle candide vette innevate, magari immersi in una fumante piscina idromassaggio esterna, o rannicchiati davanti a un caldo caminetto?<\/h4>\n<p>Il capodanno in montagna \u00e8 un&#8217;<strong>esperienza meravigliosa<\/strong>: fiocchi di neve, spettacoli di luci e brindisi al chiaro di luna. Passare l\u2019ultimo dell\u2019anno sulla neve \u00e8 un\u2019ottima alternativa, anche se non delle pi\u00f9 economiche.<\/p>\n<p>Muoversi in anticipo \u00e8 senz&#8217;altro un modo per &#8220;strappare&#8221; un prezzo migliore, se poi puoi anche confrontare diversi preventivi \u00e8 ancora pi\u00f9 facile risparmiare. Per aiutarti nella ricerca ti consigliamo alcune interessanti strutture dislocate sul territorio.<\/p>\n<h2><a href=\"https:\/\/www.showgroup.it\/\">Tra vallate alpine e vette innevate: le location da fiaba dove festeggiare il Capodanno 2023<\/a><\/h2>\n<p>Dalla Valle D&#8217;Aosta all&#8217;Abruzzo, ecco alcune delle location montane pi\u00f9 belle che potrai trovare su <strong>Showgroup<\/strong>. Accedi con il tuo profilo Facebook o iscriviti gratuitamente per richiedere informazioni e preventivi senza impegno e senza costi di intermediazione!<\/p>\n<h3><a href=\"https:\/\/www.showgroup.it\/\">Capodanno in montagna in Valle D\u2019Aosta<\/a><\/h3>\n<p>Se cerchi un\u2019idea per trascorrere il <strong>capodanno in montagna in Valle d\u2019Aosta<\/strong> o anche solamente la notte del veglione in un modo diverso dalla solita confusione delle feste in citt\u00e0, la Valle d\u2019Aosta ti offre un ultimo dell\u2019anno all\u2019insegna del <strong>relax<\/strong>, da passare con qualche caro amico, la famiglia o in coppia. La Valle d\u2019Aosta sfoggia la sua bellezza certamente tutto l\u2019anno ma in questa stagione tira fuori il meglio di s\u00e9 fra mercatini di natale, localit\u00e0 sciistiche e i vari festeggiamenti per dare il benvenuto all\u2019anno nuovo.<\/p>\n<p>Ecco qualche spunto dove festeggiare l&#8217;inizio del 2023!<\/p>\n<h4><a href=\"https:\/\/www.showgroup.it\/vetrina\/hotellerie\/qc-terme-montebianco_c36339\">QC Terme Montebianco- Pr\u00e9-Saint-Didier<\/a><\/h4>\n<p><a href=\"https:\/\/www.showgroup.it\/vetrina\/hotellerie\/qc-terme-montebianco_c36339\"><img loading=\"lazy\" class=\"alignnone wp-image-89550 size-full\" src=\"https:\/\/www.showgroup.it\/blog\/wp-content\/uploads\/2022\/11\/capodanno-in-montagna-terme-montebianco.jpg\" alt=\"\" width=\"1920\" height=\"1080\" srcset=\"https:\/\/www.showgroup.it\/blog\/wp-content\/uploads\/2022\/11\/capodanno-in-montagna-terme-montebianco.jpg 1920w, https:\/\/www.showgroup.it\/blog\/wp-content\/uploads\/2022\/11\/capodanno-in-montagna-terme-montebianco-300x169.jpg 300w, https:\/\/www.showgroup.it\/blog\/wp-content\/uploads\/2022\/11\/capodanno-in-montagna-terme-montebianco-1024x576.jpg 1024w, https:\/\/www.showgroup.it\/blog\/wp-content\/uploads\/2022\/11\/capodanno-in-montagna-terme-montebianco-768x432.jpg 768w, https:\/\/www.showgroup.it\/blog\/wp-content\/uploads\/2022\/11\/capodanno-in-montagna-terme-montebianco-1536x864.jpg 1536w\" sizes=\"(max-width: 1920px) 100vw, 1920px\" \/><\/a><\/p>\n<p>QC Terme Montebianco \u00e8 una struttura alberghiera alle <strong>pendici del Monte Bianco<\/strong> in prossimit\u00e0 del centro termale QC Terme Pr\u00e9 Saint Didier. L\u2019hotel gode di una posizione unica, che consente di ammirare il Monte Bianco in tutto il suo candido splendore, circondati da uno dei <strong>panorami pi\u00f9 suggestivi al mondo<\/strong> ed immersi nella ricca storia della Valle d\u2019Aosta.<\/p>\n<p>L&#8217;hotel 4 stelle \u00e8 organizzato con <strong>57 camere e un ristorante<\/strong>: l\u2019esperienza enogastronomica prevede per gli Ospiti prima colazione e cena a base di prodotti tipici e locali. Gli ospiti potranno godere di <strong>esperienze benessere<\/strong> (percorsi termali, massaggi e trattamenti) e di <strong>Gourmet experiences<\/strong>, dalla colazione alla cena presso Le Refuge: un luogo speciale dove si intrecciano poesia, amore per il territorio ed innovazione.<\/p>\n<p>Vuoi festeggiare qui l&#8217;ultimo dell&#8217;anno? Contatta QC Terme Montebianco <a href=\"https:\/\/www.showgroup.it\/vetrina\/hotellerie\/qc-terme-montebianco_c36339\">cliccando qui<\/a>!<\/p>\n<h4><a href=\"https:\/\/www.showgroup.it\/vetrina\/hotellerie\/ludovico-bich_c14770\">Ludovico Bich &#8211; Breuil Cervinia<\/a><\/h4>\n<p><a href=\"https:\/\/www.showgroup.it\/vetrina\/hotellerie\/ludovico-bich_c14770\"><img loading=\"lazy\" class=\"alignnone wp-image-87233 size-full\" src=\"https:\/\/www.showgroup.it\/blog\/wp-content\/uploads\/2022\/06\/addio-al-nubilato-montagna-ludovico-bich.jpg\" alt=\"sauna del ludovico bich\" width=\"1920\" height=\"1080\" srcset=\"https:\/\/www.showgroup.it\/blog\/wp-content\/uploads\/2022\/06\/addio-al-nubilato-montagna-ludovico-bich.jpg 1920w, https:\/\/www.showgroup.it\/blog\/wp-content\/uploads\/2022\/06\/addio-al-nubilato-montagna-ludovico-bich-300x169.jpg 300w, https:\/\/www.showgroup.it\/blog\/wp-content\/uploads\/2022\/06\/addio-al-nubilato-montagna-ludovico-bich-1024x576.jpg 1024w, https:\/\/www.showgroup.it\/blog\/wp-content\/uploads\/2022\/06\/addio-al-nubilato-montagna-ludovico-bich-768x432.jpg 768w, https:\/\/www.showgroup.it\/blog\/wp-content\/uploads\/2022\/06\/addio-al-nubilato-montagna-ludovico-bich-1536x864.jpg 1536w\" sizes=\"(max-width: 1920px) 100vw, 1920px\" \/><\/a><\/p>\n<p>Il <a href=\"https:\/\/www.showgroup.it\/vetrina\/hotellerie\/ludovico-bich_c14770\">Les Neiges D&#8217;Antan<\/a>, gestito di Ludovico Bich, si trova in un tranquillo villaggio <strong>ai piedi delle Alpi<\/strong>, fuori dal centro di <a href=\"https:\/\/www.guidaturisticaosta.it\/cosa-fare-a-cervinia\/\" target=\"_blank\" rel=\"noopener\">Cervinia<\/a>, e offre navette gratuite per gli impianti di risalita principali di Cervinia e Valtourneche. Potendo disporre di<strong> 40 camere<\/strong>, un padiglione immerso nel bosco per feste private e di un <strong>grande ristorante<\/strong> con 200 posti a sedere, pu\u00f2 ospitare anche un addio al nubilato particolarmente numeroso.<\/p>\n<p>Il ristorante propone <strong>piatti tipici della cucina regionale<\/strong> o per il pubblico straniero la cucina mediterranea o i piatti pi\u00f9 classici della tradizione italiana.<\/p>\n<p>Il <strong>benessere<\/strong> \u00e8 il vero fiore all&#8217;occhiello di questa struttura, attrezzata con SPA con sauna scaldata a legna con vista sul bosco, 2 vasche idromassaggio all&#8217;aperto da 8 posti l\u2019una, una zona relax, un bagno turco e 3 sale massaggi con operatori professionali.<\/p>\n<p><a href=\"https:\/\/www.showgroup.it\/vetrina\/hotellerie\/ludovico-bich_c14770\">Clicca qui<\/a> per richiedere prezzi e disponibilit\u00e0 al Les Neiges D&#8217;Antan.<\/p>\n<h4><a href=\"https:\/\/www.showgroup.it\/vetrina\/hotellerie\/grand-hotel-courmayeur-mont-blanc_c23994\">Grand Hotel Courmayeur Mont Blanc &#8211; Courmayeur<\/a><\/h4>\n<p><a href=\"https:\/\/www.showgroup.it\/vetrina\/hotellerie\/grand-hotel-courmayeur-mont-blanc_c23994\"><img loading=\"lazy\" class=\"alignnone wp-image-87235 size-full\" src=\"https:\/\/www.showgroup.it\/blog\/wp-content\/uploads\/2022\/06\/addio-al-nubilato-montagna-grand-hotel-courmayeur-mont-blanc-2.jpg\" alt=\"vista dalla sala da pranzo\" width=\"1920\" height=\"1080\" srcset=\"https:\/\/www.showgroup.it\/blog\/wp-content\/uploads\/2022\/06\/addio-al-nubilato-montagna-grand-hotel-courmayeur-mont-blanc-2.jpg 1920w, https:\/\/www.showgroup.it\/blog\/wp-content\/uploads\/2022\/06\/addio-al-nubilato-montagna-grand-hotel-courmayeur-mont-blanc-2-300x169.jpg 300w, https:\/\/www.showgroup.it\/blog\/wp-content\/uploads\/2022\/06\/addio-al-nubilato-montagna-grand-hotel-courmayeur-mont-blanc-2-1024x576.jpg 1024w, https:\/\/www.showgroup.it\/blog\/wp-content\/uploads\/2022\/06\/addio-al-nubilato-montagna-grand-hotel-courmayeur-mont-blanc-2-768x432.jpg 768w, https:\/\/www.showgroup.it\/blog\/wp-content\/uploads\/2022\/06\/addio-al-nubilato-montagna-grand-hotel-courmayeur-mont-blanc-2-1536x864.jpg 1536w\" sizes=\"(max-width: 1920px) 100vw, 1920px\" \/><\/a><\/p>\n<p>Situato nel centro di <strong>Courmayeur<\/strong>, il <a href=\"https:\/\/www.showgroup.it\/vetrina\/hotellerie\/grand-hotel-courmayeur-mont-blanc_c23994\">Grand Hotel Courmayeur Mont Blanc<\/a> 5 stelle vi regaler\u00e0 una vacanza indimenticabile nella suggestiva cornice del <strong>Monte Bianco<\/strong>. Il complesso alberghiero \u00e8 costituito da <strong>4 Chalet<\/strong>: la club house centrale dove si trovano tutti i servizi e tre chalet laterali che ospitano camere e Suites. Il Grand Hotel Courmayeur Mont Blanc offre un\u2019ampia scelta di camere e suite arredate con eleganza ed arricchite da un prezioso <strong>arredamento contemporaneo<\/strong>.<\/p>\n<p>La <strong>SPA Elysium<\/strong> \u00e8 pensata per garantire il massimo comfort \u00e8 dotata di Zone UMIDO e ACQUA, palestra con attrezzi Technogym e cabine per trattamenti. Il <strong>ristorante La Fourchette<\/strong>, oltre che per la sua posizione spettacolare, si contraddistingue per la cucina raffinata e la calda ospitalit\u00e0. Troverete la cortesia ed un servizio attento, cucina eccellente ed un ottima scelta di vini serviti in una splendida atmosfera.<\/p>\n<p>Per festeggiare il capodanno in montagna al Grand Hotel Courmayeur, <a href=\"https:\/\/www.showgroup.it\/vetrina\/hotellerie\/grand-hotel-courmayeur-mont-blanc_c23994\">contatta qui<\/a> la struttura.<\/p>\n<h3><a href=\"https:\/\/www.showgroup.it\/\">Capodanno in montagna in Piemonte<\/a><\/h3>\n<p>Organizza il\u00a0<strong>cenone di Capodanno in baita in Piemonte<\/strong>, tantissimi posti immersi nella neve per trascorrere una magica Notte di San Silvestro.<\/p>\n<p>Festeggiare il\u00a0Capodanno in montagna\u00a0\u00e8 una delle opzioni pi\u00f9 popolari d\u2019Italia. Infatti, sono tantissime le famiglie che si spostano verso luoghi innevati per trascorrere un Capodanno suggestivo sulla neve.<\/p>\n<p>Uno degli aspetti positivi del nostro Paese \u00e8 quello di essere vicini alle Alpi, il luogo perfetto per un caldo chalet accogliente per trascorrere le vacanze invernali.<\/p>\n<h4><a href=\"https:\/\/www.showgroup.it\/vetrina\/hotellerie\/hotel-gran-baita_c16188\">Hotel Gran Baita &#8211; Sauze D&#8217;oulx<\/a><\/h4>\n<p><a href=\"https:\/\/www.showgroup.it\/vetrina\/hotellerie\/hotel-gran-baita_c16188\"><img loading=\"lazy\" class=\"alignnone wp-image-87236 size-full\" src=\"https:\/\/www.showgroup.it\/blog\/wp-content\/uploads\/2022\/06\/addio-al-nubilato-montagna-hotel-gran-baita.jpg\" alt=\"Hotel La Baita\" width=\"1920\" height=\"1080\" srcset=\"https:\/\/www.showgroup.it\/blog\/wp-content\/uploads\/2022\/06\/addio-al-nubilato-montagna-hotel-gran-baita.jpg 1920w, https:\/\/www.showgroup.it\/blog\/wp-content\/uploads\/2022\/06\/addio-al-nubilato-montagna-hotel-gran-baita-300x169.jpg 300w, https:\/\/www.showgroup.it\/blog\/wp-content\/uploads\/2022\/06\/addio-al-nubilato-montagna-hotel-gran-baita-1024x576.jpg 1024w, https:\/\/www.showgroup.it\/blog\/wp-content\/uploads\/2022\/06\/addio-al-nubilato-montagna-hotel-gran-baita-768x432.jpg 768w, https:\/\/www.showgroup.it\/blog\/wp-content\/uploads\/2022\/06\/addio-al-nubilato-montagna-hotel-gran-baita-1536x864.jpg 1536w\" sizes=\"(max-width: 1920px) 100vw, 1920px\" \/><\/a><\/p>\n<p>Cerchi il <strong>calore<\/strong> e l&#8217;<strong>accoglienza<\/strong> che solo un rifugio di montagna pu\u00f2 offrirti? All\u2019<a href=\"https:\/\/www.showgroup.it\/vetrina\/hotellerie\/hotel-gran-baita_c16188\">Hotel Gran Baita<\/a> troverai questo e tanto altro: atmosfera calda e famigliare, <strong>ottima cucina<\/strong> e personale gentile, a pochi passi dal centro di Sauze D\u2019Oulx, in un angolo tranquillo ed a soli 200 metri dal primo impianto di risalita.<\/p>\n<p>Al Gran Baita, sentirsi a casa \u00e8 facile: si tratta di un <strong>hotel a gestione famigliare<\/strong>, dove l\u2019accoglienza non \u00e8 un mestiere, ma una tradizione di famiglia. L&#8217;<strong>area relax<\/strong> comprende una sauna e una doccia idromassaggio, mentre il giardino d&#8217;estate \u00e8 arredato con tavoli, sedie e amache.<\/p>\n<p>Per ulteriori informazioni sull&#8217;Hotel Gran Baita <a href=\"https:\/\/www.showgroup.it\/vetrina\/hotellerie\/hotel-gran-baita_c16188\">clicca qui<\/a>.<\/p>\n<h3><a href=\"https:\/\/www.showgroup.it\/\">Capodanno in montagna in Lombardia<\/a><\/h3>\n<p>Vuoi cimentarti in una emozionante sessione di sci? Vuoi passare la fine del 2022 immerso nelle nevi suggestive oppure al calduccio in qualche romantica baita sulle Alpi?<\/p>\n<p>Ecco alcune strutture in <strong>Lombardia<\/strong> da conoscere se ti interessa trascorrere il Capodanno in montagna!<\/p>\n<h4><a href=\"https:\/\/www.showgroup.it\/vetrina\/hotellerie\/lac-salin-spa-mountain-resort_c35352\">LAC SALIN Spa &amp; Mountain Resort &#8211; Livigno<\/a><\/h4>\n<h3><a href=\"https:\/\/www.showgroup.it\/vetrina\/hotellerie\/lac-salin-spa-mountain-resort_c35352\"><img loading=\"lazy\" class=\"alignnone wp-image-88120 size-full\" src=\"https:\/\/www.showgroup.it\/blog\/wp-content\/uploads\/2022\/08\/dove-trascorrere-weekend-romantico-3.jpg\" alt=\"piscina salin spa\" width=\"1920\" height=\"1080\" srcset=\"https:\/\/www.showgroup.it\/blog\/wp-content\/uploads\/2022\/08\/dove-trascorrere-weekend-romantico-3.jpg 1920w, https:\/\/www.showgroup.it\/blog\/wp-content\/uploads\/2022\/08\/dove-trascorrere-weekend-romantico-3-300x169.jpg 300w, https:\/\/www.showgroup.it\/blog\/wp-content\/uploads\/2022\/08\/dove-trascorrere-weekend-romantico-3-1024x576.jpg 1024w, https:\/\/www.showgroup.it\/blog\/wp-content\/uploads\/2022\/08\/dove-trascorrere-weekend-romantico-3-768x432.jpg 768w, https:\/\/www.showgroup.it\/blog\/wp-content\/uploads\/2022\/08\/dove-trascorrere-weekend-romantico-3-1536x864.jpg 1536w\" sizes=\"(max-width: 1920px) 100vw, 1920px\" \/><\/a><\/h3>\n<p>L\u2019<strong>Hotel Lac Salin Spa &amp; Mountain Resort<\/strong>, \u00e8 un luogo di felicit\u00e0, di nostalgia per le origini e per le cose essenziali della vita: un hotel a Livigno a 4 stelle Superior, nel quale poter ritrovare se stessi e riscoprire il rapporto con la <strong>natura<\/strong> che ci circonda. L&#8217;hotel si trova di fronte alle piste da sci e offre camere dotate di balcone con <strong>viste mozzafiato sulle Alpi<\/strong> e un parcheggio gratuito.<\/p>\n<p>Quale posto migliore di questo dove poter trascorrere una serata romantica? Qui troverai una <strong>Spa di 1.200 m\u00b2<\/strong>, dove potrete rilassarvi completamente e ricaricare le batterie per affrontare le sfide della vita quotidiana e\u00a0<strong>3 SPA Suite<\/strong>, confortevoli suite, la Suite Paradisin, Family rooms, camere Prestige, le camere Deluxe, la camera Superior Sun, la camera Superior.<\/p>\n<p>Vuoi rigenerarti nel cuore delle Alpi per chiudere l&#8217;anno in bellezza? Contatta la struttura <a href=\"https:\/\/www.showgroup.it\/vetrina\/hotellerie\/lac-salin-spa-mountain-resort_c35352\">cliccando qui<\/a>!<\/p>\n<h4><a href=\"https:\/\/www.showgroup.it\/vetrina\/hotellerie\/qc-terme-grand-hotel-bagni-nuovi_c36338\">Grand Hotel Bagni Nuovi &#8211; Valdidentro<\/a><\/h4>\n<p><a href=\"https:\/\/www.showgroup.it\/vetrina\/hotellerie\/qc-terme-grand-hotel-bagni-nuovi_c36338\"><img loading=\"lazy\" class=\"alignnone wp-image-89553 size-full\" src=\"https:\/\/www.showgroup.it\/blog\/wp-content\/uploads\/2022\/11\/capodanno-in-montagna-terme-bagni-nuovi.jpg\" alt=\"\" width=\"1920\" height=\"1080\" srcset=\"https:\/\/www.showgroup.it\/blog\/wp-content\/uploads\/2022\/11\/capodanno-in-montagna-terme-bagni-nuovi.jpg 1920w, https:\/\/www.showgroup.it\/blog\/wp-content\/uploads\/2022\/11\/capodanno-in-montagna-terme-bagni-nuovi-300x169.jpg 300w, https:\/\/www.showgroup.it\/blog\/wp-content\/uploads\/2022\/11\/capodanno-in-montagna-terme-bagni-nuovi-1024x576.jpg 1024w, https:\/\/www.showgroup.it\/blog\/wp-content\/uploads\/2022\/11\/capodanno-in-montagna-terme-bagni-nuovi-768x432.jpg 768w, https:\/\/www.showgroup.it\/blog\/wp-content\/uploads\/2022\/11\/capodanno-in-montagna-terme-bagni-nuovi-1536x864.jpg 1536w\" sizes=\"(max-width: 1920px) 100vw, 1920px\" \/><\/a><\/p>\n<p>II Grand Hotel Bagni Nuovi, 5 stelle con annesso<strong> centro termale<\/strong>, rappresenta una parte dei celebri Bagni di Bormio. Inaugurato nel 1836, l&#8217;hotel si presenta come un <strong>gioiello dell\u2019architettura liberty<\/strong>. Immerso in un parco monumentale, il Grand Hotel Bagni Nuovi offre 74 camere ampie e luminose, di cui quasi tutte con vasca idromassaggio con acqua termale.<\/p>\n<p>La variegata offerta gastronomica dell\u2019hotel include le cene tipiche alpine dell\u2019<strong>Osteria Belvedere<\/strong> e la<strong> cucina tradizionale<\/strong> del Ristorante Salone dei Balli. Al suo interno si trovano <strong>pi\u00f9 di 30 servizi benessere<\/strong> in un\u2019area di 11.000 m\u00b2 con vasche all\u2019aperto, mini piscine con idromassaggio, saune e un bagno turco.<\/p>\n<p>Se vuoi trascorrere un capodanno in montagna esclusivo, <a href=\"https:\/\/www.showgroup.it\/vetrina\/hotellerie\/qc-terme-grand-hotel-bagni-nuovi_c36338\">clicca qui<\/a> per contattare il Grand Hotel Bagni Nuovi!<\/p>\n<h4><a href=\"https:\/\/www.showgroup.it\/vetrina\/hotellerie\/la-fiorida_c26345\">La Fiorida &#8211; Mantello<\/a><\/h4>\n<p><a href=\"https:\/\/www.showgroup.it\/vetrina\/hotellerie\/la-fiorida_c26345\"><img loading=\"lazy\" class=\"alignnone wp-image-89554 size-full\" src=\"https:\/\/www.showgroup.it\/blog\/wp-content\/uploads\/2022\/11\/capodanno-in-montagna-la-fiorida.jpg\" alt=\"\" width=\"1920\" height=\"1080\" srcset=\"https:\/\/www.showgroup.it\/blog\/wp-content\/uploads\/2022\/11\/capodanno-in-montagna-la-fiorida.jpg 1920w, https:\/\/www.showgroup.it\/blog\/wp-content\/uploads\/2022\/11\/capodanno-in-montagna-la-fiorida-300x169.jpg 300w, https:\/\/www.showgroup.it\/blog\/wp-content\/uploads\/2022\/11\/capodanno-in-montagna-la-fiorida-1024x576.jpg 1024w, https:\/\/www.showgroup.it\/blog\/wp-content\/uploads\/2022\/11\/capodanno-in-montagna-la-fiorida-768x432.jpg 768w, https:\/\/www.showgroup.it\/blog\/wp-content\/uploads\/2022\/11\/capodanno-in-montagna-la-fiorida-1536x864.jpg 1536w\" sizes=\"(max-width: 1920px) 100vw, 1920px\" \/><\/a><\/p>\n<p>Situata nella <strong>bassa Valtellina<\/strong> in una delle aree pi\u00f9 suggestive dell\u2019arco Alpino, abbracciata tra Alpi Orobiche e Retiche, a poco pi\u00f9 di un\u2019ora da Milano, <a href=\"https:\/\/www.showgroup.it\/vetrina\/hotellerie\/la-fiorida_c26345\">La Fiorida<\/a> \u00e8 il luogo ideale per regalarsi un momento di <strong>relax<\/strong> a contatto con la <strong>natura<\/strong>. L\u2019Agriturismo La Fiorida \u00e8 una realt\u00e0 unica nel suo genere: un luogo in cui <strong>eleganza e tradizione convivono<\/strong> in un perfetto connubio e in armonia con la natura circostante.<\/p>\n<p>Nata come piccolo allevamento, oggi comprendere la stalla, le colture, il caseificio, il salumificio, lo spaccio vendita, il ristoro all\u2019aperto, il corpo centrale dell\u2019agriturismo con 29 camere tutte in sasso e legno di larice, due ristoranti di cui il primo <strong>ristorante stellato<\/strong> Italiano presente all\u2019interno di un agriturismo. Presenta anche un centro benessere dotato di una grande piscina, un idromassaggio, una sauna finlandese, un vitarium, un bagno turco, una doccia emozionale, la sala relax e la sala fitness.<\/p>\n<p>Per trascorrere un capodanno nella natura della Valtellina contatta la struttura <a href=\"https:\/\/www.showgroup.it\/vetrina\/hotellerie\/la-fiorida_c26345\">cliccando qui<\/a>!<\/p>\n<h3><a href=\"https:\/\/www.showgroup.it\/\">Capodanno in montagna in Trentino<\/a><\/h3>\n<p>Trascorri le tue vacanze di fine anno in allegria con gli amici o in coppia con una\u00a0cena in montagna<strong>\u00a0<\/strong>dal\u00a0gusto e dai\u00a0<strong>sapori della tradizione trentina<\/strong>.<\/p>\n<p>I\u00a0panorami innevati, le luci e i colori dei paesi di montagna o il clima pi\u00f9 mite del lago di Garda sono un contorno magico per la fine dell&#8217;anno. Trova una baita nel bosco\u00a0e fai s\u00ec che la natura sia l&#8217;unica spettatrice del tuo brindisi di mezzanotte! Con i tuoi amici o con la famiglia.<\/p>\n<p>Per il\u00a0<strong>Cenone di San Silvestro<\/strong>, scegli una cena in rifugio, che puoi raggiungere\u00a0con le ciaspole, con il gatto delle nevi o la motoslitta. E per finire in bellezza la serata non farti mancare una discesa in slitta&#8230;per fare della tua esperienza un mix di gusto, sport e tanto divertimento!<\/p>\n<p>Qui sotto trovi\u00a0<strong>qualche spunto per la tua vacanza<\/strong>\u00a0di fine anno!<\/p>\n<h4><a href=\"https:\/\/www.showgroup.it\/vetrina\/hotellerie\/parkhotel-sole-paradiso_c32912\">Parkhotel Sole Paradiso &#8211; San Candido<\/a><\/h4>\n<p><a href=\"https:\/\/www.showgroup.it\/vetrina\/hotellerie\/parkhotel-sole-paradiso_c32912\"><img loading=\"lazy\" class=\"alignnone wp-image-87232 size-full\" src=\"https:\/\/www.showgroup.it\/blog\/wp-content\/uploads\/2022\/06\/addio-al-nubilato-montagna-park-hotel.jpg\" alt=\"park hotel sole paradiso\" width=\"1920\" height=\"1080\" srcset=\"https:\/\/www.showgroup.it\/blog\/wp-content\/uploads\/2022\/06\/addio-al-nubilato-montagna-park-hotel.jpg 1920w, https:\/\/www.showgroup.it\/blog\/wp-content\/uploads\/2022\/06\/addio-al-nubilato-montagna-park-hotel-300x169.jpg 300w, https:\/\/www.showgroup.it\/blog\/wp-content\/uploads\/2022\/06\/addio-al-nubilato-montagna-park-hotel-1024x576.jpg 1024w, https:\/\/www.showgroup.it\/blog\/wp-content\/uploads\/2022\/06\/addio-al-nubilato-montagna-park-hotel-768x432.jpg 768w, https:\/\/www.showgroup.it\/blog\/wp-content\/uploads\/2022\/06\/addio-al-nubilato-montagna-park-hotel-1536x864.jpg 1536w\" sizes=\"(max-width: 1920px) 100vw, 1920px\" \/><\/a><\/p>\n<p>Circondato da <strong>foreste verdeggianti<\/strong> e dalle <strong>Dolomiti<\/strong>, il <a href=\"https:\/\/www.showgroup.it\/vetrina\/hotellerie\/parkhotel-sole-paradiso_c32912\">Parkhotel Sole Paradiso<\/a> si trova a San Candido, a 36 km da Cortina D&#8217;Ampezzo. Il Parkhotel \u00e8 gestito dalla famiglia Ortner sin dal <strong>1882<\/strong> e vi accoglier\u00e0 con l&#8217;ospitalit\u00e0 e la <strong>cucina altoatesina<\/strong>. Un intervento di restyling ha rispettato la tradizione arricchendola di fascino e comfort moderno.<\/p>\n<p>Tutte le camere del Parkhotel Sole Paradiso vantano <strong>arredi esclusivi<\/strong> e <strong>viste sulle montagne<\/strong>. Potrete accedere gratuitamente al centro benessere con piscina coperta, sauna e palestra. Un parco giardino di oltre 10.000 metri quadri abbraccia la struttura, creando un&#8217;atmosfera fiabesca.<\/p>\n<p>Vuoi contattare il Parkhotel Sole Paradiso? <a href=\"https:\/\/www.showgroup.it\/vetrina\/hotellerie\/parkhotel-sole-paradiso_c32912\">Clicca qui<\/a>!<\/p>\n<h4><a href=\"https:\/\/www.showgroup.it\/vetrina\/hotellerie\/la-torretta-hotel-wellness_c31152\">La Torretta Hotel &amp; Wellness &#8211; Vermiglio<\/a><\/h4>\n<p><a href=\"https:\/\/www.showgroup.it\/vetrina\/hotellerie\/la-torretta-hotel-wellness_c31152\"><img loading=\"lazy\" class=\"alignnone wp-image-87238 size-full\" src=\"https:\/\/www.showgroup.it\/blog\/wp-content\/uploads\/2022\/06\/addio-al-nubilato-montagna-la-torretta-2.jpg\" alt=\"la torretta spa\" width=\"1920\" height=\"1080\" srcset=\"https:\/\/www.showgroup.it\/blog\/wp-content\/uploads\/2022\/06\/addio-al-nubilato-montagna-la-torretta-2.jpg 1920w, https:\/\/www.showgroup.it\/blog\/wp-content\/uploads\/2022\/06\/addio-al-nubilato-montagna-la-torretta-2-300x169.jpg 300w, https:\/\/www.showgroup.it\/blog\/wp-content\/uploads\/2022\/06\/addio-al-nubilato-montagna-la-torretta-2-1024x576.jpg 1024w, https:\/\/www.showgroup.it\/blog\/wp-content\/uploads\/2022\/06\/addio-al-nubilato-montagna-la-torretta-2-768x432.jpg 768w, https:\/\/www.showgroup.it\/blog\/wp-content\/uploads\/2022\/06\/addio-al-nubilato-montagna-la-torretta-2-1536x864.jpg 1536w\" sizes=\"(max-width: 1920px) 100vw, 1920px\" \/><\/a><\/p>\n<p><a href=\"https:\/\/www.showgroup.it\/vetrina\/hotellerie\/la-torretta-hotel-wellness_c31152\">La Torretta<\/a> si trova a quota 1882 m del <strong>Passo del Tonale<\/strong>, incorniciata dalle maestose vette dell\u2019 Adamello-Presanella, gruppo montuoso che ospita il pi\u00f9 alto tremila interamente in territorio trentino. \u00c8 il posto ideale per chi desidera scoprire il lato pi\u00f9 autentico del Trentino, che sia scivolando lungo le <strong>piste innevate<\/strong> oppure camminando nella <strong>natura incontaminata<\/strong>.<\/p>\n<p>Undici tipologie di camera, un solo comune denominatore: <strong>pace<\/strong> e <strong>tranquillit\u00e0<\/strong> a garanzia di assoluto riposo. Dalla singola alla quadrupla, l&#8217;hotel ha diverse soluzioni abitative, tutte dotate di bagno con doccia, alcune addirittura con cabina extralarge o cromoterapica, e ognuna vi sapr\u00e0 sorprendere con la propria declinazione di <strong>stile montano<\/strong>.<\/p>\n<p>Per organizzare il tuo addio capodanno in montagna contatta La Torretta <a href=\"https:\/\/www.showgroup.it\/vetrina\/hotellerie\/la-torretta-hotel-wellness_c31152\">cliccando qui<\/a>.<\/p>\n<h3><a href=\"https:\/\/www.showgroup.it\/\">Capodanno in montagna in Friuli<\/a><\/h3>\n<p>Le zone alpine del Friuli Venezia Giulia sono di grande interesse naturalistico, escursionistico, turistico, e sono comprese nei territori delle<strong> Alpi Carniche<\/strong> e delle <strong>Alpi Giulie<\/strong>.<\/p>\n<p>Il Friuli \u00e8 noto per le tantissime attivit\u00e0 all\u2019aria aperta, sulla neve e non, a cui si pu\u00f2 partecipare specialmente nella stagione invernale: percorsi per il trekking, impianti sciistici per la discesa e il fondo, pareti per le arrampicate, palaghiaccio, mountain bike e molto altre per trascorrere una vacanza di Capodanno in Montagna al top.<\/p>\n<p>Ecco una struttura da prendere in considerazione se vuoi trascorrere il capodanno in montagna in Friuli!<\/p>\n<h4><a href=\"https:\/\/www.showgroup.it\/vetrina\/hotellerie\/borgo-eibn-mountain-lodge_c20663\">Borgo Eibn Mountain Lodge &#8211; Sauris<\/a><\/h4>\n<p><a href=\"https:\/\/www.showgroup.it\/vetrina\/hotellerie\/borgo-eibn-mountain-lodge_c20663\"><img loading=\"lazy\" class=\"alignnone wp-image-87231 size-full\" src=\"https:\/\/www.showgroup.it\/blog\/wp-content\/uploads\/2022\/06\/addio-al-nubilato-montagna-ebn.jpg\" alt=\"borgo eibn lodge\" width=\"1920\" height=\"1080\" srcset=\"https:\/\/www.showgroup.it\/blog\/wp-content\/uploads\/2022\/06\/addio-al-nubilato-montagna-ebn.jpg 1920w, https:\/\/www.showgroup.it\/blog\/wp-content\/uploads\/2022\/06\/addio-al-nubilato-montagna-ebn-300x169.jpg 300w, https:\/\/www.showgroup.it\/blog\/wp-content\/uploads\/2022\/06\/addio-al-nubilato-montagna-ebn-1024x576.jpg 1024w, https:\/\/www.showgroup.it\/blog\/wp-content\/uploads\/2022\/06\/addio-al-nubilato-montagna-ebn-768x432.jpg 768w, https:\/\/www.showgroup.it\/blog\/wp-content\/uploads\/2022\/06\/addio-al-nubilato-montagna-ebn-1536x864.jpg 1536w\" sizes=\"(max-width: 1920px) 100vw, 1920px\" \/><\/a><\/p>\n<p><a href=\"https:\/\/www.showgroup.it\/vetrina\/hotellerie\/borgo-eibn-mountain-lodge_c20663\">Borgo Eibn Mountain Lodge<\/a> \u00e8 <strong>natura incontaminata<\/strong>. Tradizioni e costumi antichi. Persone autentiche, accoglienti e lo stile di vita genuino della montagna. Architetture tipiche e ospitalit\u00e0 cosmopolita. <strong>Prelibatezze culinarie<\/strong> e <strong>coccole<\/strong> per il corpo e l\u2019anima.<\/p>\n<p>Un&#8217;<strong>oasi a 5 stelle a 1400 metri di altitudine<\/strong>, fra vette maestose e dolci pascoli. Un luogo senza tempo dove raggiungere le stelle. All&#8217;interno della struttura sono presenti anche un centro benessere e un ristorante alla carta, usufruibili dagli esterni previa prenotazione e compatibilmente con l&#8217;occupazione e l&#8217;organizzazione interna del Lodge.<\/p>\n<p>Per trascorrere un capodanno all&#8217;insegna della rigenerazione fisica e mentale, <a href=\"https:\/\/www.showgroup.it\/vetrina\/hotellerie\/borgo-eibn-mountain-lodge_c20663\">contatta qui<\/a> la struttura.<\/p>\n<h3><a href=\"https:\/\/www.showgroup.it\/\">Capodanno in montagna in Abruzzo<\/a><\/h3>\n<p>L\u2019Abruzzo \u00e8 una regione molto frequentata in inverno, basti pensare all\u2019attesa\u00a0<strong>stagione sciistica che si \u00e8 aperta l\u20198 dicembre<\/strong>. Quale meta migliore dunque per trascorrere il Capodanno? Ecco alcune idee per accogliere il nuovo anno in Abruzzo con festeggiamenti e strutture all\u2019altezza.<\/p>\n<h4><a href=\"https:\/\/www.showgroup.it\/vetrina\/hotellerie\/filippone-hotel-ristorante_c33630\">Filippone Hotel &amp; Ristorante &#8211; Gioia dei Marsi<\/a><\/h4>\n<p><a href=\"https:\/\/www.showgroup.it\/vetrina\/hotellerie\/filippone-hotel-ristorante_c33630\"><img loading=\"lazy\" class=\"alignnone wp-image-89556 size-full\" src=\"https:\/\/www.showgroup.it\/blog\/wp-content\/uploads\/2022\/11\/capodanno-in-montagna-filippone.jpg\" alt=\"\" width=\"1920\" height=\"1080\" srcset=\"https:\/\/www.showgroup.it\/blog\/wp-content\/uploads\/2022\/11\/capodanno-in-montagna-filippone.jpg 1920w, https:\/\/www.showgroup.it\/blog\/wp-content\/uploads\/2022\/11\/capodanno-in-montagna-filippone-300x169.jpg 300w, https:\/\/www.showgroup.it\/blog\/wp-content\/uploads\/2022\/11\/capodanno-in-montagna-filippone-1024x576.jpg 1024w, https:\/\/www.showgroup.it\/blog\/wp-content\/uploads\/2022\/11\/capodanno-in-montagna-filippone-768x432.jpg 768w, https:\/\/www.showgroup.it\/blog\/wp-content\/uploads\/2022\/11\/capodanno-in-montagna-filippone-1536x864.jpg 1536w\" sizes=\"(max-width: 1920px) 100vw, 1920px\" \/><\/a><\/p>\n<p>Filippone Hotel &amp; Ristorante \u00e8 situato nel cuore della Marsica, a pochi minuti dal <strong>Parco Nazionale d&#8217;Abruzzo<\/strong>. A pochi km dagli impianti di Pescasseroli e dagli stupendi centri storici marsicani, dispone di 36 camere, 4 comodi appartamenti e 2 suite di alta classe per accontentare gli ospiti che cercano comfort e raffinatezza.<\/p>\n<p>Il ristorante Filippone, tenendo fede alla sua tradizione culinaria di oltre 50 anni, propone una <strong>cucina tipica abruzzese<\/strong> con riguardo alla qualit\u00e0 ed alla provenienza dei prodotti. La raffinata qualit\u00e0 dei piatti e la dettagliata progettazione dell\u2019evento rendono i servizi di altissimo livello.<\/p>\n<p><a href=\"https:\/\/www.showgroup.it\/vetrina\/hotellerie\/filippone-hotel-ristorante_c33630\">Clicca qui<\/a> per richiedere informazione e preventivi all&#8217;Hotel Filippone.<\/p>\n<h4><a href=\"https:\/\/www.showgroup.it\/vetrina\/altri-luoghi\/calanchi-di-atri_c23422\">Calanchi di Atri<\/a><\/h4>\n<p><a href=\"https:\/\/www.showgroup.it\/vetrina\/altri-luoghi\/calanchi-di-atri_c23422\"><img loading=\"lazy\" class=\"alignnone wp-image-89561 size-full\" src=\"https:\/\/www.showgroup.it\/blog\/wp-content\/uploads\/2022\/11\/capodanno-in-montagna-calanchi-di-atri.jpg\" alt=\"\" width=\"1920\" height=\"1080\" srcset=\"https:\/\/www.showgroup.it\/blog\/wp-content\/uploads\/2022\/11\/capodanno-in-montagna-calanchi-di-atri.jpg 1920w, https:\/\/www.showgroup.it\/blog\/wp-content\/uploads\/2022\/11\/capodanno-in-montagna-calanchi-di-atri-300x169.jpg 300w, https:\/\/www.showgroup.it\/blog\/wp-content\/uploads\/2022\/11\/capodanno-in-montagna-calanchi-di-atri-1024x576.jpg 1024w, https:\/\/www.showgroup.it\/blog\/wp-content\/uploads\/2022\/11\/capodanno-in-montagna-calanchi-di-atri-768x432.jpg 768w, https:\/\/www.showgroup.it\/blog\/wp-content\/uploads\/2022\/11\/capodanno-in-montagna-calanchi-di-atri-1536x864.jpg 1536w\" sizes=\"(max-width: 1920px) 100vw, 1920px\" \/><\/a><\/p>\n<p>L&#8217;azienda <strong>Calanchi di Atri<\/strong> organizza <strong>eventi e attivit\u00e0 immerse nella natura<\/strong>, all&#8217;insegna della contemplazione o dell&#8217;avventura. Tantissime le iniziative disponibili, grazie alla presenza di guide alpine, accompagnatori di media montagna, guide turistiche, esperti in orientamento, guide esperienziali di team building, esperti di foraging, istruttori di yoga, animatori, chef ed esperti in degustazioni e \u201cassaggeria\u201d agricola.<\/p>\n<p>Calanchi di Atri pu\u00f2 soddisfare un ampio ventaglio di opportunit\u00e0 e di scelte sia con iniziative, esperienze ed eventi gi\u00e0 organizzati e sia attraverso specifiche attivit\u00e0 su misura. Offre <strong>pacchetti personalizzati<\/strong> per Tour Operator e Agenzie di Viaggi e profilazione di Esperienze turistiche Tailor Made. Il tutto immersi nel cuore dei Calanchi di Atri, uno scenario unico al mondo che offre tantissime occasioni di svago per singoli, coppie, gruppi e famiglie.<\/p>\n<p>Se vuoi trascorrere un capodanno diverso dal solito, all&#8217;insegna di nuove esperienze, contatta qui i <a href=\"https:\/\/www.showgroup.it\/vetrina\/altri-luoghi\/calanchi-di-atri_c23422\">Calanchi di Atri<\/a>.<\/p>\n","protected":false},"excerpt":{"rendered":"<p>Cosa c&#8217;\u00e8 di meglio che trascorrere il Capodanno circondati dall&#8217;atmosfera fiabesca delle candide vette innevate, magari immersi in una fumante [&hellip;]<\/p>\n","protected":false},"author":5,"featured_media":89550,"comment_status":"open","ping_status":"open","sticky":false,"template":"","format":"standard","meta":[],"categories":[661],"tags":[],"yoast_head":"<!-- This site is optimized with the Yoast SEO plugin v16.9 - https:\/\/yoast.com\/wordpress\/plugins\/seo\/ -->\n<title>Fuga di Capodanno 2023 in montagna: 12 mete imperdibili &bull; Showgroup<\/title>\n<meta name=\"description\" content=\"Vuoi trascorrere l&#039;ultimo dell&#039;anno tra vette innevate, baite e slitte? Ecco 12 mette dove trascorrere il capodanno in montagna.\" \/>\n<meta name=\"robots\" content=\"index, follow, max-snippet:-1, max-image-preview:large, max-video-preview:-1\" \/>\n<link rel=\"canonical\" href=\"https:\/\/www.showgroup.it\/blog\/2022\/11\/16\/fuga-di-capodanno-2023-in-montagna-12-mete-imperdibili\/\" \/>\n<meta property=\"og:locale\" content=\"it_IT\" \/>\n<meta property=\"og:type\" content=\"article\" \/>\n<meta property=\"og:title\" content=\"Fuga di Capodanno 2023 in montagna: 12 mete imperdibili &bull; Showgroup\" \/>\n<meta property=\"og:description\" content=\"Vuoi trascorrere l&#039;ultimo dell&#039;anno tra vette innevate, baite e slitte? Ecco 12 mette dove trascorrere il capodanno in montagna.\" \/>\n<meta property=\"og:url\" content=\"https:\/\/www.showgroup.it\/blog\/2022\/11\/16\/fuga-di-capodanno-2023-in-montagna-12-mete-imperdibili\/\" \/>\n<meta property=\"og:site_name\" content=\"Showgroup - Ready to be WOW!\" \/>\n<meta property=\"article:publisher\" content=\"https:\/\/www.facebook.com\/ShowGroupWow\/\" \/>\n<meta property=\"article:published_time\" content=\"2022-11-16T09:52:09+00:00\" \/>\n<meta property=\"article:modified_time\" content=\"2025-05-28T14:26:11+00:00\" \/>\n<meta property=\"og:image\" content=\"https:\/\/www.showgroup.it\/blog\/wp-content\/uploads\/2022\/11\/capodanno-in-montagna-terme-montebianco.jpg\" \/>\n\t<meta property=\"og:image:width\" content=\"1920\" \/>\n\t<meta property=\"og:image:height\" content=\"1080\" \/>\n<meta name=\"twitter:card\" content=\"summary_large_image\" \/>\n<meta name=\"twitter:label1\" content=\"Scritto da\" \/>\n\t<meta name=\"twitter:data1\" content=\"Benedetta Gatti\" \/>\n\t<meta name=\"twitter:label2\" content=\"Tempo di lettura stimato\" \/>\n\t<meta name=\"twitter:data2\" content=\"13 minuti\" \/>\n<script type=\"application\/ld+json\" class=\"yoast-schema-graph\">{\"@context\":\"https:\/\/schema.org\",\"@graph\":[{\"@type\":\"Organization\",\"@id\":\"https:\/\/www.showgroup.it\/#organization\",\"name\":\"Showgroup\",\"url\":\"https:\/\/www.showgroup.it\/\",\"sameAs\":[\"https:\/\/www.facebook.com\/ShowGroupWow\/\",\"https:\/\/www.instagram.com\/showgroupwow\/\"],\"logo\":{\"@type\":\"ImageObject\",\"@id\":\"https:\/\/www.showgroup.it\/#logo\",\"inLanguage\":\"it-IT\",\"url\":\"https:\/\/www.showgroup.it\/blog\/wp-content\/uploads\/2025\/01\/logo-black.svg\",\"contentUrl\":\"https:\/\/www.showgroup.it\/blog\/wp-content\/uploads\/2025\/01\/logo-black.svg\",\"width\":1440,\"height\":916,\"caption\":\"Showgroup\"},\"image\":{\"@id\":\"https:\/\/www.showgroup.it\/#logo\"}},{\"@type\":\"WebSite\",\"@id\":\"https:\/\/www.showgroup.it\/#website\",\"url\":\"https:\/\/www.showgroup.it\/\",\"name\":\"Showgroup - Ready to be WOW!\",\"description\":\"Il primo portale gratuito dedicato al mondo dello spettacolo.\",\"publisher\":{\"@id\":\"https:\/\/www.showgroup.it\/#organization\"},\"potentialAction\":[{\"@type\":\"SearchAction\",\"target\":{\"@type\":\"EntryPoint\",\"urlTemplate\":\"https:\/\/www.showgroup.it\/?s={search_term_string}\"},\"query-input\":\"required name=search_term_string\"}],\"inLanguage\":\"it-IT\"},{\"@type\":\"ImageObject\",\"@id\":\"https:\/\/www.showgroup.it\/blog\/2022\/11\/16\/fuga-di-capodanno-2023-in-montagna-12-mete-imperdibili\/#primaryimage\",\"inLanguage\":\"it-IT\",\"url\":\"https:\/\/www.showgroup.it\/blog\/wp-content\/uploads\/2022\/11\/capodanno-in-montagna-terme-montebianco.jpg\",\"contentUrl\":\"https:\/\/www.showgroup.it\/blog\/wp-content\/uploads\/2022\/11\/capodanno-in-montagna-terme-montebianco.jpg\",\"width\":1920,\"height\":1080},{\"@type\":\"WebPage\",\"@id\":\"https:\/\/www.showgroup.it\/blog\/2022\/11\/16\/fuga-di-capodanno-2023-in-montagna-12-mete-imperdibili\/#webpage\",\"url\":\"https:\/\/www.showgroup.it\/blog\/2022\/11\/16\/fuga-di-capodanno-2023-in-montagna-12-mete-imperdibili\/\",\"name\":\"Fuga di Capodanno 2023 in montagna: 12 mete imperdibili &bull; Showgroup\",\"isPartOf\":{\"@id\":\"https:\/\/www.showgroup.it\/#website\"},\"primaryImageOfPage\":{\"@id\":\"https:\/\/www.showgroup.it\/blog\/2022\/11\/16\/fuga-di-capodanno-2023-in-montagna-12-mete-imperdibili\/#primaryimage\"},\"datePublished\":\"2022-11-16T09:52:09+00:00\",\"dateModified\":\"2025-05-28T14:26:11+00:00\",\"description\":\"Vuoi trascorrere l'ultimo dell'anno tra vette innevate, baite e slitte? Ecco 12 mette dove trascorrere il capodanno in montagna.\",\"breadcrumb\":{\"@id\":\"https:\/\/www.showgroup.it\/blog\/2022\/11\/16\/fuga-di-capodanno-2023-in-montagna-12-mete-imperdibili\/#breadcrumb\"},\"inLanguage\":\"it-IT\",\"potentialAction\":[{\"@type\":\"ReadAction\",\"target\":[\"https:\/\/www.showgroup.it\/blog\/2022\/11\/16\/fuga-di-capodanno-2023-in-montagna-12-mete-imperdibili\/\"]}]},{\"@type\":\"BreadcrumbList\",\"@id\":\"https:\/\/www.showgroup.it\/blog\/2022\/11\/16\/fuga-di-capodanno-2023-in-montagna-12-mete-imperdibili\/#breadcrumb\",\"itemListElement\":[{\"@type\":\"ListItem\",\"position\":1,\"name\":\"Home\",\"item\":\"https:\/\/www.showgroup.it\/blog\/\"},{\"@type\":\"ListItem\",\"position\":2,\"name\":\"Fuga di Capodanno 2023 in montagna: 12 mete imperdibili\"}]},{\"@type\":\"Article\",\"@id\":\"https:\/\/www.showgroup.it\/blog\/2022\/11\/16\/fuga-di-capodanno-2023-in-montagna-12-mete-imperdibili\/#article\",\"isPartOf\":{\"@id\":\"https:\/\/www.showgroup.it\/blog\/2022\/11\/16\/fuga-di-capodanno-2023-in-montagna-12-mete-imperdibili\/#webpage\"},\"author\":{\"@id\":\"https:\/\/www.showgroup.it\/#\/schema\/person\/9b799d433be4e17451d197175628047a\"},\"headline\":\"Fuga di Capodanno 2023 in montagna: 12 mete imperdibili\",\"datePublished\":\"2022-11-16T09:52:09+00:00\",\"dateModified\":\"2025-05-28T14:26:11+00:00\",\"mainEntityOfPage\":{\"@id\":\"https:\/\/www.showgroup.it\/blog\/2022\/11\/16\/fuga-di-capodanno-2023-in-montagna-12-mete-imperdibili\/#webpage\"},\"wordCount\":2285,\"commentCount\":0,\"publisher\":{\"@id\":\"https:\/\/www.showgroup.it\/#organization\"},\"image\":{\"@id\":\"https:\/\/www.showgroup.it\/blog\/2022\/11\/16\/fuga-di-capodanno-2023-in-montagna-12-mete-imperdibili\/#primaryimage\"},\"thumbnailUrl\":\"https:\/\/www.showgroup.it\/blog\/wp-content\/uploads\/2022\/11\/capodanno-in-montagna-terme-montebianco.jpg\",\"articleSection\":[\"Eventi e location\"],\"inLanguage\":\"it-IT\",\"potentialAction\":[{\"@type\":\"CommentAction\",\"name\":\"Comment\",\"target\":[\"https:\/\/www.showgroup.it\/blog\/2022\/11\/16\/fuga-di-capodanno-2023-in-montagna-12-mete-imperdibili\/#respond\"]}]},{\"@type\":\"Person\",\"@id\":\"https:\/\/www.showgroup.it\/#\/schema\/person\/9b799d433be4e17451d197175628047a\",\"name\":\"Benedetta Gatti\",\"image\":{\"@type\":\"ImageObject\",\"@id\":\"https:\/\/www.showgroup.it\/#personlogo\",\"inLanguage\":\"it-IT\",\"url\":\"https:\/\/secure.gravatar.com\/avatar\/32ceeb7300be30aabe2c84fdaa89eac0?s=96&d=mm&r=g\",\"contentUrl\":\"https:\/\/secure.gravatar.com\/avatar\/32ceeb7300be30aabe2c84fdaa89eac0?s=96&d=mm&r=g\",\"caption\":\"Benedetta Gatti\"}}]}<\/script>\n<!-- \/ Yoast SEO plugin. -->","yoast_head_json":{"title":"Fuga di Capodanno 2023 in montagna: 12 mete imperdibili &bull; Showgroup","description":"Vuoi trascorrere l'ultimo dell'anno tra vette innevate, baite e slitte? Ecco 12 mette dove trascorrere il capodanno in montagna.","robots":{"index":"index","follow":"follow","max-snippet":"max-snippet:-1","max-image-preview":"max-image-preview:large","max-video-preview":"max-video-preview:-1"},"canonical":"https:\/\/www.showgroup.it\/blog\/2022\/11\/16\/fuga-di-capodanno-2023-in-montagna-12-mete-imperdibili\/","og_locale":"it_IT","og_type":"article","og_title":"Fuga di Capodanno 2023 in montagna: 12 mete imperdibili &bull; Showgroup","og_description":"Vuoi trascorrere l'ultimo dell'anno tra vette innevate, baite e slitte? Ecco 12 mette dove trascorrere il capodanno in montagna.","og_url":"https:\/\/www.showgroup.it\/blog\/2022\/11\/16\/fuga-di-capodanno-2023-in-montagna-12-mete-imperdibili\/","og_site_name":"Showgroup - Ready to be WOW!","article_publisher":"https:\/\/www.facebook.com\/ShowGroupWow\/","article_published_time":"2022-11-16T09:52:09+00:00","article_modified_time":"2025-05-28T14:26:11+00:00","og_image":[{"width":1920,"height":1080,"filesize":364506,"url":"https:\/\/www.showgroup.it\/blog\/wp-content\/uploads\/2022\/11\/capodanno-in-montagna-terme-montebianco.jpg","path":"\/sites\/www.showgroup.it\/files\/blog\/wp-content\/uploads\/2022\/11\/capodanno-in-montagna-terme-montebianco.jpg","size":"full","id":89550,"alt":"","pixels":2073600,"type":"image\/jpeg"}],"twitter_card":"summary_large_image","twitter_misc":{"Scritto da":"Benedetta Gatti","Tempo di lettura stimato":"13 minuti"},"schema":{"@context":"https:\/\/schema.org","@graph":[{"@type":"Organization","@id":"https:\/\/www.showgroup.it\/#organization","name":"Showgroup","url":"https:\/\/www.showgroup.it\/","sameAs":["https:\/\/www.facebook.com\/ShowGroupWow\/","https:\/\/www.instagram.com\/showgroupwow\/"],"logo":{"@type":"ImageObject","@id":"https:\/\/www.showgroup.it\/#logo","inLanguage":"it-IT","url":"https:\/\/www.showgroup.it\/blog\/wp-content\/uploads\/2025\/01\/logo-black.svg","contentUrl":"https:\/\/www.showgroup.it\/blog\/wp-content\/uploads\/2025\/01\/logo-black.svg","width":1440,"height":916,"caption":"Showgroup"},"image":{"@id":"https:\/\/www.showgroup.it\/#logo"}},{"@type":"WebSite","@id":"https:\/\/www.showgroup.it\/#website","url":"https:\/\/www.showgroup.it\/","name":"Showgroup - Ready to be WOW!","description":"Il primo portale gratuito dedicato al mondo dello spettacolo.","publisher":{"@id":"https:\/\/www.showgroup.it\/#organization"},"potentialAction":[{"@type":"SearchAction","target":{"@type":"EntryPoint","urlTemplate":"https:\/\/www.showgroup.it\/?s={search_term_string}"},"query-input":"required name=search_term_string"}],"inLanguage":"it-IT"},{"@type":"ImageObject","@id":"https:\/\/www.showgroup.it\/blog\/2022\/11\/16\/fuga-di-capodanno-2023-in-montagna-12-mete-imperdibili\/#primaryimage","inLanguage":"it-IT","url":"https:\/\/www.showgroup.it\/blog\/wp-content\/uploads\/2022\/11\/capodanno-in-montagna-terme-montebianco.jpg","contentUrl":"https:\/\/www.showgroup.it\/blog\/wp-content\/uploads\/2022\/11\/capodanno-in-montagna-terme-montebianco.jpg","width":1920,"height":1080},{"@type":"WebPage","@id":"https:\/\/www.showgroup.it\/blog\/2022\/11\/16\/fuga-di-capodanno-2023-in-montagna-12-mete-imperdibili\/#webpage","url":"https:\/\/www.showgroup.it\/blog\/2022\/11\/16\/fuga-di-capodanno-2023-in-montagna-12-mete-imperdibili\/","name":"Fuga di Capodanno 2023 in montagna: 12 mete imperdibili &bull; Showgroup","isPartOf":{"@id":"https:\/\/www.showgroup.it\/#website"},"primaryImageOfPage":{"@id":"https:\/\/www.showgroup.it\/blog\/2022\/11\/16\/fuga-di-capodanno-2023-in-montagna-12-mete-imperdibili\/#primaryimage"},"datePublished":"2022-11-16T09:52:09+00:00","dateModified":"2025-05-28T14:26:11+00:00","description":"Vuoi trascorrere l'ultimo dell'anno tra vette innevate, baite e slitte? Ecco 12 mette dove trascorrere il capodanno in montagna.","breadcrumb":{"@id":"https:\/\/www.showgroup.it\/blog\/2022\/11\/16\/fuga-di-capodanno-2023-in-montagna-12-mete-imperdibili\/#breadcrumb"},"inLanguage":"it-IT","potentialAction":[{"@type":"ReadAction","target":["https:\/\/www.showgroup.it\/blog\/2022\/11\/16\/fuga-di-capodanno-2023-in-montagna-12-mete-imperdibili\/"]}]},{"@type":"BreadcrumbList","@id":"https:\/\/www.showgroup.it\/blog\/2022\/11\/16\/fuga-di-capodanno-2023-in-montagna-12-mete-imperdibili\/#breadcrumb","itemListElement":[{"@type":"ListItem","position":1,"name":"Home","item":"https:\/\/www.showgroup.it\/blog\/"},{"@type":"ListItem","position":2,"name":"Fuga di Capodanno 2023 in montagna: 12 mete imperdibili"}]},{"@type":"Article","@id":"https:\/\/www.showgroup.it\/blog\/2022\/11\/16\/fuga-di-capodanno-2023-in-montagna-12-mete-imperdibili\/#article","isPartOf":{"@id":"https:\/\/www.showgroup.it\/blog\/2022\/11\/16\/fuga-di-capodanno-2023-in-montagna-12-mete-imperdibili\/#webpage"},"author":{"@id":"https:\/\/www.showgroup.it\/#\/schema\/person\/9b799d433be4e17451d197175628047a"},"headline":"Fuga di Capodanno 2023 in montagna: 12 mete imperdibili","datePublished":"2022-11-16T09:52:09+00:00","dateModified":"2025-05-28T14:26:11+00:00","mainEntityOfPage":{"@id":"https:\/\/www.showgroup.it\/blog\/2022\/11\/16\/fuga-di-capodanno-2023-in-montagna-12-mete-imperdibili\/#webpage"},"wordCount":2285,"commentCount":0,"publisher":{"@id":"https:\/\/www.showgroup.it\/#organization"},"image":{"@id":"https:\/\/www.showgroup.it\/blog\/2022\/11\/16\/fuga-di-capodanno-2023-in-montagna-12-mete-imperdibili\/#primaryimage"},"thumbnailUrl":"https:\/\/www.showgroup.it\/blog\/wp-content\/uploads\/2022\/11\/capodanno-in-montagna-terme-montebianco.jpg","articleSection":["Eventi e location"],"inLanguage":"it-IT","potentialAction":[{"@type":"CommentAction","name":"Comment","target":["https:\/\/www.showgroup.it\/blog\/2022\/11\/16\/fuga-di-capodanno-2023-in-montagna-12-mete-imperdibili\/#respond"]}]},{"@type":"Person","@id":"https:\/\/www.showgroup.it\/#\/schema\/person\/9b799d433be4e17451d197175628047a","name":"Benedetta Gatti","image":{"@type":"ImageObject","@id":"https:\/\/www.showgroup.it\/#personlogo","inLanguage":"it-IT","url":"https:\/\/secure.gravatar.com\/avatar\/32ceeb7300be30aabe2c84fdaa89eac0?s=96&d=mm&r=g","contentUrl":"https:\/\/secure.gravatar.com\/avatar\/32ceeb7300be30aabe2c84fdaa89eac0?s=96&d=mm&r=g","caption":"Benedetta Gatti"}}]}},"_links":{"self":[{"href":"https:\/\/www.showgroup.it\/blog\/wp-json\/wp\/v2\/posts\/89549"}],"collection":[{"href":"https:\/\/www.showgroup.it\/blog\/wp-json\/wp\/v2\/posts"}],"about":[{"href":"https:\/\/www.showgroup.it\/blog\/wp-json\/wp\/v2\/types\/post"}],"author":[{"embeddable":true,"href":"https:\/\/www.showgroup.it\/blog\/wp-json\/wp\/v2\/users\/5"}],"replies":[{"embeddable":true,"href":"https:\/\/www.showgroup.it\/blog\/wp-json\/wp\/v2\/comments?post=89549"}],"version-history":[{"count":1,"href":"https:\/\/www.showgroup.it\/blog\/wp-json\/wp\/v2\/posts\/89549\/revisions"}],"predecessor-version":[{"id":98936,"href":"https:\/\/www.showgroup.it\/blog\/wp-json\/wp\/v2\/posts\/89549\/revisions\/98936"}],"wp:featuredmedia":[{"embeddable":true,"href":"https:\/\/www.showgroup.it\/blog\/wp-json\/wp\/v2\/media\/89550"}],"wp:attachment":[{"href":"https:\/\/www.showgroup.it\/blog\/wp-json\/wp\/v2\/media?parent=89549"}],"wp:term":[{"taxonomy":"category","embeddable":true,"href":"https:\/\/www.showgroup.it\/blog\/wp-json\/wp\/v2\/categories?post=89549"},{"taxonomy":"post_tag","embeddable":true,"href":"https:\/\/www.showgroup.it\/blog\/wp-json\/wp\/v2\/tags?post=89549"}],"curies":[{"name":"wp","href":"https:\/\/api.w.org\/{rel}","templated":true}]}}