{"id":89592,"date":"2022-11-21T07:54:55","date_gmt":"2022-11-21T06:54:55","guid":{"rendered":"https:\/\/www.showgroup.it\/?p=89592"},"modified":"2025-09-11T10:23:26","modified_gmt":"2025-09-11T08:23:26","slug":"fuga-di-capodanno-2023-in-citta-10-mete-imperdibili","status":"publish","type":"post","link":"https:\/\/www.showgroup.it\/blog\/2022\/11\/21\/fuga-di-capodanno-2023-in-citta-10-mete-imperdibili\/","title":{"rendered":"Fuga di Capodanno 2023 in citt\u00e0: 10 mete imperdibili"},"content":{"rendered":"<p>Vuoi trascorrere una splendida <strong>notte di San Silvestro<\/strong> senza allontanarti troppo dalla <strong>citt\u00e0<\/strong>? Ci sono molte alternative per chi non pu\u00f2 trascorrere un <a href=\"https:\/\/www.showgroup.it\/blog\/2022\/11\/16\/fuga-di-capodanno-2023-in-montagna-12-mete-imperdibili\/\">capodanno in montagna<\/a> o per chi ha altri gusti!<\/p>\n<p>Di seguito potrai trovare qualche spunto per organizzare una<strong> fuga di capodanno in citt\u00e0<\/strong> senza rinunciare a nulla!<\/p>\n<h2><a href=\"https:\/\/www.showgroup.it\/\">Capodanno in citt\u00e0: 10 top location!<\/a><\/h2>\n<h3><a href=\"https:\/\/www.showgroup.it\/vetrina\/hotellerie\/nu-hotel-milan_c16134\">NU HOTEL Milan &#8211; Milano<\/a><\/h3>\n<p><a href=\"https:\/\/www.showgroup.it\/vetrina\/hotellerie\/nu-hotel-milan_c16134\"><img loading=\"lazy\" class=\"alignnone wp-image-89593 size-full\" src=\"https:\/\/www.showgroup.it\/blog\/wp-content\/uploads\/2022\/11\/fuga-capodanno-citta-milano.jpg\" alt=\"\" width=\"1920\" height=\"1080\" srcset=\"https:\/\/www.showgroup.it\/blog\/wp-content\/uploads\/2022\/11\/fuga-capodanno-citta-milano.jpg 1920w, https:\/\/www.showgroup.it\/blog\/wp-content\/uploads\/2022\/11\/fuga-capodanno-citta-milano-300x169.jpg 300w, https:\/\/www.showgroup.it\/blog\/wp-content\/uploads\/2022\/11\/fuga-capodanno-citta-milano-1024x576.jpg 1024w, https:\/\/www.showgroup.it\/blog\/wp-content\/uploads\/2022\/11\/fuga-capodanno-citta-milano-768x432.jpg 768w, https:\/\/www.showgroup.it\/blog\/wp-content\/uploads\/2022\/11\/fuga-capodanno-citta-milano-1536x864.jpg 1536w\" sizes=\"(max-width: 1920px) 100vw, 1920px\" \/><\/a><\/p>\n<p>A due passi dall&#8217;Aeroporto Linate e a 10 minuti dal centro citt\u00e0, <strong>Nu Hotel<\/strong> coniuga <strong>design<\/strong> e <strong>arte<\/strong> con tecnologia, innovazione e lifestyle. Un <strong>linguaggio architettonico nuovo<\/strong>, fatto di creativit\u00e0, genio e stile, dal design <strong>Made in Italy<\/strong> al 100%.<\/p>\n<p>Grazie al forte impatto visivo e le caratteristiche funzionali della struttura, ogni area di Nu Hotel \u00e8 una <strong>modulabile scenografia per eventi<\/strong>. Ben 38 camere, caratterizzate da giochi di luce e misure fuori scala, leggerezza negli arredi e rivestimenti inediti, letti sospesi e tecnologia all\u2019avanguardia accontentano gli ospiti pi\u00f9 esigenti.<\/p>\n<p><a href=\"https:\/\/www.showgroup.it\/vetrina\/hotellerie\/nu-hotel-milan_c16134\">Clicca qui<\/a> per richiedere info e preventivi al Nu Hotel Milan.<\/p>\n<h3><a href=\"https:\/\/www.showgroup.it\/vetrina\/hotellerie\/hyatt-centric-milan-centrale_c36174\">Hyatt Centric Milan Centrale &#8211; Milano<\/a><\/h3>\n<p><a href=\"https:\/\/www.showgroup.it\/vetrina\/hotellerie\/hyatt-centric-milan-centrale_c36174\"><img loading=\"lazy\" class=\"alignnone wp-image-89594 size-full\" src=\"https:\/\/www.showgroup.it\/blog\/wp-content\/uploads\/2022\/11\/fuga-capodanno-citta-milano-2.jpg\" alt=\"\" width=\"1920\" height=\"1080\" srcset=\"https:\/\/www.showgroup.it\/blog\/wp-content\/uploads\/2022\/11\/fuga-capodanno-citta-milano-2.jpg 1920w, https:\/\/www.showgroup.it\/blog\/wp-content\/uploads\/2022\/11\/fuga-capodanno-citta-milano-2-300x169.jpg 300w, https:\/\/www.showgroup.it\/blog\/wp-content\/uploads\/2022\/11\/fuga-capodanno-citta-milano-2-1024x576.jpg 1024w, https:\/\/www.showgroup.it\/blog\/wp-content\/uploads\/2022\/11\/fuga-capodanno-citta-milano-2-768x432.jpg 768w, https:\/\/www.showgroup.it\/blog\/wp-content\/uploads\/2022\/11\/fuga-capodanno-citta-milano-2-1536x864.jpg 1536w\" sizes=\"(max-width: 1920px) 100vw, 1920px\" \/><\/a><\/p>\n<p>Incastonato tra i nuovi <strong>grattacieli del Distretto Centrale<\/strong>, situato a pochi passi dalla <a href=\"https:\/\/www.scopriremilano.com\/piazza-gae-aulenti\" target=\"_blank\" rel=\"noopener\">futuristica Piazza Gae Aulenti<\/a>, dall\u2019iconico Bosco Verticale e dalla Stazione Centrale, l\u2019hotel offre ai propri ospiti un microcosmo fatto di <strong>divertimento<\/strong>, <strong>fashion<\/strong> e <strong>cultura gastronomica<\/strong> capace di restituire l\u2019anima pi\u00f9 vera e autentica della citt\u00e0.<\/p>\n<p>Dotato di 141 camere, il <strong>rooftop panoramico<\/strong> Organics SkyGarden @Cielo, il ristorante CuMi, ampi spazi eventi e un\u2019area wellness sapranno trasformare qualsiasi capodanno in una esperienza da ricordare. Totalmente vocato allo stile di vita contemporaneo, <strong>Hyatt Centric Milan Centrale<\/strong> \u00e8 il place-to-be nel centro vibrante dell\u2019unica metropoli italiana.<\/p>\n<p>Vuoi trascorrere un capodanno esclusivo nel cuore di Milano? <a href=\"https:\/\/www.showgroup.it\/vetrina\/hotellerie\/hyatt-centric-milan-centrale_c36174\">Clicca qui<\/a> per contattare Hyatt Centric Milan Centrale.<\/p>\n<h3><a href=\"https:\/\/www.showgroup.it\/vetrina\/hotellerie\/hotel-caesius-thermae-spa-resort_c33783\">Hotel Caesius Thermae &amp; Spa Resort, Bardolino &#8211; Verona<\/a><\/h3>\n<p><a href=\"https:\/\/www.showgroup.it\/vetrina\/hotellerie\/hotel-caesius-thermae-spa-resort_c33783\"><img loading=\"lazy\" class=\"alignnone wp-image-88062 size-full\" src=\"https:\/\/www.showgroup.it\/blog\/wp-content\/uploads\/2022\/08\/addio-al-nubilato-piscina.jpg\" alt=\"piscina hotel caesius\" width=\"1920\" height=\"1080\" srcset=\"https:\/\/www.showgroup.it\/blog\/wp-content\/uploads\/2022\/08\/addio-al-nubilato-piscina.jpg 1920w, https:\/\/www.showgroup.it\/blog\/wp-content\/uploads\/2022\/08\/addio-al-nubilato-piscina-300x169.jpg 300w, https:\/\/www.showgroup.it\/blog\/wp-content\/uploads\/2022\/08\/addio-al-nubilato-piscina-1024x576.jpg 1024w, https:\/\/www.showgroup.it\/blog\/wp-content\/uploads\/2022\/08\/addio-al-nubilato-piscina-768x432.jpg 768w, https:\/\/www.showgroup.it\/blog\/wp-content\/uploads\/2022\/08\/addio-al-nubilato-piscina-1536x864.jpg 1536w\" sizes=\"(max-width: 1920px) 100vw, 1920px\" \/><\/a><\/p>\n<p>A pochi passi dal centro storico di <strong>Bardolino<\/strong> si trova l\u2019<strong>Hotel Caesius Thermae &amp; SPA Resort<\/strong>, una location che vanta un\u2019invidiabile posizione fronte lago. Un luogo raffinato ed esclusivo in cui l\u2019ospitalit\u00e0, l\u2019accoglienza e la cordialit\u00e0 sono priorit\u00e0 assolute.<\/p>\n<p>Un punto di riferimento per chi \u00e8 alla ricerca di un\u2019<strong>oasi di tranquillit\u00e0<\/strong>, di un\u2019esperienza di relax per rigenerare corpo e mente. Sono 5 gli edifici che costituiscono la struttura, circondata dalla natura e distribuita su una superficie di 40.000 m2, di cui 3.000 m2 interamente dedicati al <strong>benessere e alla remise en forme<\/strong>.<\/p>\n<p>Se vuoi organizzare un capodanno in citt\u00e0 diverso dal solito all&#8217;Hotel Caesius Thermae <a href=\"https:\/\/www.showgroup.it\/vetrina\/hotellerie\/hotel-caesius-thermae-spa-resort_c33783\">clicca qui<\/a>!<\/p>\n<h3><a href=\"https:\/\/www.showgroup.it\/vetrina\/hotellerie\/ludovico-bich_c14770\">Ludovico Bich &#8211; Breuil Cervinia<\/a><\/h3>\n<p><a href=\"https:\/\/www.showgroup.it\/vetrina\/hotellerie\/ludovico-bich_c14770\"><img loading=\"lazy\" class=\"alignnone wp-image-89595 size-full\" src=\"https:\/\/www.showgroup.it\/blog\/wp-content\/uploads\/2022\/11\/fuga-capodanno-citta-aosta.jpg\" alt=\"\" width=\"1920\" height=\"1080\" srcset=\"https:\/\/www.showgroup.it\/blog\/wp-content\/uploads\/2022\/11\/fuga-capodanno-citta-aosta.jpg 1920w, https:\/\/www.showgroup.it\/blog\/wp-content\/uploads\/2022\/11\/fuga-capodanno-citta-aosta-300x169.jpg 300w, https:\/\/www.showgroup.it\/blog\/wp-content\/uploads\/2022\/11\/fuga-capodanno-citta-aosta-1024x576.jpg 1024w, https:\/\/www.showgroup.it\/blog\/wp-content\/uploads\/2022\/11\/fuga-capodanno-citta-aosta-768x432.jpg 768w, https:\/\/www.showgroup.it\/blog\/wp-content\/uploads\/2022\/11\/fuga-capodanno-citta-aosta-1536x864.jpg 1536w\" sizes=\"(max-width: 1920px) 100vw, 1920px\" \/><\/a><\/p>\n<p>Il <a href=\"https:\/\/www.showgroup.it\/vetrina\/hotellerie\/ludovico-bich_c14770\">Les Neiges D&#8217;Antan<\/a>, gestito di Ludovico Bich, si trova in un tranquillo villaggio <strong>ai piedi delle Alpi<\/strong>, fuori dal centro di <a href=\"https:\/\/www.guidaturisticaosta.it\/cosa-fare-a-cervinia\/\" target=\"_blank\" rel=\"noopener\">Cervinia<\/a>, e offre navette gratuite per gli impianti di risalita principali di Cervinia e Valtourneche. Potendo disporre di<strong> 40 camere<\/strong>, un padiglione immerso nel bosco per feste private e di un <strong>grande ristorante<\/strong> con 200 posti a sedere, pu\u00f2 ospitare anche un addio al nubilato particolarmente numeroso.<\/p>\n<p>Il ristorante propone <strong>piatti tipici della cucina regionale<\/strong> o per il pubblico straniero la cucina mediterranea o i piatti pi\u00f9 classici della tradizione italiana. Il <strong>benessere<\/strong> \u00e8 il vero fiore all&#8217;occhiello di questa struttura, attrezzata con SPA con sauna scaldata a legna con vista sul bosco, 2 vasche idromassaggio all&#8217;aperto da 8 posti l\u2019una, una zona relax, un bagno turco e 3 sale massaggi con operatori professionali.<\/p>\n<p><a href=\"https:\/\/www.showgroup.it\/vetrina\/hotellerie\/ludovico-bich_c14770\">Clicca qui<\/a> per richiedere prezzi e disponibilit\u00e0 al Les Neiges D&#8217;Antan.<\/p>\n<h3><a href=\"https:\/\/www.showgroup.it\/vetrina\/hotellerie\/relais-marignolle_c31066\">Relais Marignolle &#8211; Firenze<\/a><\/h3>\n<p><a href=\"https:\/\/www.showgroup.it\/vetrina\/hotellerie\/relais-marignolle_c31066\"><img loading=\"lazy\" class=\"alignnone wp-image-88123 size-full\" src=\"https:\/\/www.showgroup.it\/blog\/wp-content\/uploads\/2022\/08\/dove-trascorrere-weekend-romantic-2.jpg\" alt=\"relais marignolle\" width=\"1920\" height=\"1080\" srcset=\"https:\/\/www.showgroup.it\/blog\/wp-content\/uploads\/2022\/08\/dove-trascorrere-weekend-romantic-2.jpg 1920w, https:\/\/www.showgroup.it\/blog\/wp-content\/uploads\/2022\/08\/dove-trascorrere-weekend-romantic-2-300x169.jpg 300w, https:\/\/www.showgroup.it\/blog\/wp-content\/uploads\/2022\/08\/dove-trascorrere-weekend-romantic-2-1024x576.jpg 1024w, https:\/\/www.showgroup.it\/blog\/wp-content\/uploads\/2022\/08\/dove-trascorrere-weekend-romantic-2-768x432.jpg 768w, https:\/\/www.showgroup.it\/blog\/wp-content\/uploads\/2022\/08\/dove-trascorrere-weekend-romantic-2-1536x864.jpg 1536w\" sizes=\"(max-width: 1920px) 100vw, 1920px\" \/><\/a><\/p>\n<p>Marignolle Relais &amp; Charme, un <strong>relais di charme<\/strong> sulle <strong>colline di Firenze<\/strong>. Destinato a chi desidera un luogo di eccellenza e di relax, a chi ama privacy e tranquillit\u00e0 con le attenzioni e i servizi di un hotel di lusso. Un soggiorno di charme nell\u2019intimit\u00e0 di una dimora privata.<\/p>\n<p>Il Relais dispone di 10 camere, tra cui spaziose Doppie deluxe, Doppie Deluxe con patio o giardino privato, Junior Suite e Superior Junior Suite. Le camere sono state <strong>arredate con charme e lusso<\/strong>, sia nella scelta dei mobili che della tappezzeria. Arredi antichi, nella tradizione dei migliori hotel di lusso di Firenze, stampe d\u2019epoca e piccole collezioni di oggettistica conferiscono un\u2019atmosfera di raffinatezza ed eleganza.<\/p>\n<p>Vuoi trascorrere un capodanno a pochi passi dalla culla del Rinascimento? Contatta il Marignolle <a href=\"https:\/\/www.showgroup.it\/vetrina\/hotellerie\/relais-marignolle_c31066\">cliccando qui<\/a>!<\/p>\n<h3><a href=\"https:\/\/www.showgroup.it\/vetrina\/hotellerie\/bettoja-hotel-mediterraneo_c34713\">Bettoja Hotel Mediterraneo &#8211; Roma<\/a><\/h3>\n<p><a href=\"https:\/\/www.showgroup.it\/vetrina\/hotellerie\/bettoja-hotel-mediterraneo_c34713\"><img loading=\"lazy\" class=\"alignnone wp-image-89596 size-full\" src=\"https:\/\/www.showgroup.it\/blog\/wp-content\/uploads\/2022\/11\/fuga-capodanno-roma.jpg\" alt=\"\" width=\"1920\" height=\"1080\" srcset=\"https:\/\/www.showgroup.it\/blog\/wp-content\/uploads\/2022\/11\/fuga-capodanno-roma.jpg 1920w, https:\/\/www.showgroup.it\/blog\/wp-content\/uploads\/2022\/11\/fuga-capodanno-roma-300x169.jpg 300w, https:\/\/www.showgroup.it\/blog\/wp-content\/uploads\/2022\/11\/fuga-capodanno-roma-1024x576.jpg 1024w, https:\/\/www.showgroup.it\/blog\/wp-content\/uploads\/2022\/11\/fuga-capodanno-roma-768x432.jpg 768w, https:\/\/www.showgroup.it\/blog\/wp-content\/uploads\/2022\/11\/fuga-capodanno-roma-1536x864.jpg 1536w\" sizes=\"(max-width: 1920px) 100vw, 1920px\" \/><\/a><\/p>\n<p>Progettato nel 1938 dall&#8217;architetto<strong> Mario Loreti<\/strong>, l\u2019albergo si erge sulla cima dell\u2019Esquilino, il pi\u00f9 alto dei colli di Roma in un palazzo vincolato dal Ministero dei Beni Culturali per il suo valore storico e architettonico. Inconfondibile la sua atmosfera elegante grazie all\u2019<strong>arredamento D\u00e9co<\/strong> orgogliosamente conservato dalla Famiglia Bettoja.<\/p>\n<p>Entrando nella grande hall, in severo<strong> stile razionalista<\/strong>, si ha la sorpresa di trovare un ambiente originale anni &#8217;40: saloni dai lussuosi arredi, lampadari e lampade disegnati da Gi\u00f2 Ponti, mosaici, tarsie in legno, busti di marmo antichi, e numerosi altri dettagli rendono il Mediterraneo un luogo straordinario.<\/p>\n<p>Per un capodanno in citt\u00e0 all&#8217;insegna della classe e dell&#8217;eleganza, contatta Bettoja Hotel Mediterraneo <a href=\"https:\/\/www.showgroup.it\/vetrina\/hotellerie\/bettoja-hotel-mediterraneo_c34713\">cliccando qui<\/a>.<\/p>\n<h3><a href=\"https:\/\/www.showgroup.it\/vetrina\/hotellerie\/crowne-plaza-rome-st-peter-s_c23409\">Crowne Plaza Rome St. Peter&#8217;s &#8211; Roma<\/a><\/h3>\n<p><a href=\"https:\/\/www.showgroup.it\/vetrina\/hotellerie\/crowne-plaza-rome-st-peter-s_c23409\"><img loading=\"lazy\" class=\"alignnone wp-image-89597 size-full\" src=\"https:\/\/www.showgroup.it\/blog\/wp-content\/uploads\/2022\/11\/fuga-capodanno-roma-2.jpg\" alt=\"\" width=\"1920\" height=\"1080\" srcset=\"https:\/\/www.showgroup.it\/blog\/wp-content\/uploads\/2022\/11\/fuga-capodanno-roma-2.jpg 1920w, https:\/\/www.showgroup.it\/blog\/wp-content\/uploads\/2022\/11\/fuga-capodanno-roma-2-300x169.jpg 300w, https:\/\/www.showgroup.it\/blog\/wp-content\/uploads\/2022\/11\/fuga-capodanno-roma-2-1024x576.jpg 1024w, https:\/\/www.showgroup.it\/blog\/wp-content\/uploads\/2022\/11\/fuga-capodanno-roma-2-768x432.jpg 768w, https:\/\/www.showgroup.it\/blog\/wp-content\/uploads\/2022\/11\/fuga-capodanno-roma-2-1536x864.jpg 1536w\" sizes=\"(max-width: 1920px) 100vw, 1920px\" \/><\/a><\/p>\n<p>Il Crowne Plaza Rome \u00e8 ubicato lungo la storica Via Aurelia Antica, a 5 km dal Vaticano e nelle immediate vicinanze del lussureggiante parco di <strong>Villa Pamphilj<\/strong>. L&#8217;hotel propone il servizio <strong>massaggi e trattamenti di bellezza<\/strong> su prenotazione, un <strong>centro fitness<\/strong> aperto 24 ore su 24 e una <strong>spa<\/strong> accessibili gratuitamente, <strong>2 campi da tennis<\/strong> e una <strong>piscina all&#8217;aperto<\/strong> accessibile durante i mesi estivi con bar a bordo vasca, oltre ad essere circondato da un rigoglioso parco privato.<\/p>\n<p>Presso il <strong>ristorante<\/strong>, aperto durante tutto il giorno, vi attendono piatti deliziosi, che durante i mesi estivi potrete assaporare sulla <strong>terrazza<\/strong>. A vostra disposizione anche un centro business.<br \/>\nProvvisto di un parcheggio gratuito e sito di fronte a una fermata dell&#8217;autobus. Troverete inoltre una stazione dei taxi in loco. Tutte le camere presentano interni spaziosi e arredi moderni.<\/p>\n<p><a href=\"https:\/\/www.showgroup.it\/vetrina\/hotellerie\/crowne-plaza-rome-st-peter-s_c23409\">Clicca qui<\/a> per richiedere un preventivo gratuitamente!<\/p>\n<h3><a href=\"https:\/\/www.showgroup.it\/vetrina\/hotellerie\/b-b-hotel-palermo-quattro-canti_c35358\">B&amp;B Hotel Palermo Quattro Canti &#8211; Palermo<\/a><\/h3>\n<p><a href=\"https:\/\/www.showgroup.it\/vetrina\/hotellerie\/b-b-hotel-palermo-quattro-canti_c35358\"><img loading=\"lazy\" class=\"alignnone wp-image-89602 size-full\" src=\"https:\/\/www.showgroup.it\/blog\/wp-content\/uploads\/2022\/11\/fuga-capodanno-citta-palermo.jpg\" alt=\"\" width=\"1920\" height=\"1080\" srcset=\"https:\/\/www.showgroup.it\/blog\/wp-content\/uploads\/2022\/11\/fuga-capodanno-citta-palermo.jpg 1920w, https:\/\/www.showgroup.it\/blog\/wp-content\/uploads\/2022\/11\/fuga-capodanno-citta-palermo-300x169.jpg 300w, https:\/\/www.showgroup.it\/blog\/wp-content\/uploads\/2022\/11\/fuga-capodanno-citta-palermo-1024x576.jpg 1024w, https:\/\/www.showgroup.it\/blog\/wp-content\/uploads\/2022\/11\/fuga-capodanno-citta-palermo-768x432.jpg 768w, https:\/\/www.showgroup.it\/blog\/wp-content\/uploads\/2022\/11\/fuga-capodanno-citta-palermo-1536x864.jpg 1536w\" sizes=\"(max-width: 1920px) 100vw, 1920px\" \/><\/a><\/p>\n<p>Il <strong>B&amp;B Hotel Palermo Quattro Canti<\/strong> \u00e8 un hotel 3 stelle che sorge nel cuore del centro storico della citt\u00e0 di Palermo, nel quartiere della Loggia. Situato lungo Via Vittorio Emanuele, l&#8217;albergo si trova a pochi metri dai Quattro Canti e dalla chiesa di San Giuseppe.<\/p>\n<p>All\u2019ultimo piano dell\u2019edificio sono a disposizione di tutti gli ospiti un <strong>ristorante tipico siciliano<\/strong> e una <strong>splendida terrazza<\/strong> che offre un affaccio esclusivo sulla caratteristica Piazza Pretoria e sui tetti del centro storico di Palermo, dove poter cenare o concedersi un momento di relax avvolti da un\u2019atmosfera suggestiva.<\/p>\n<p>Per trascorrere al <strong>B&amp;B Hotel Palermo Quattro Canti <\/strong>la notte di San Silvestro, <a href=\"https:\/\/www.showgroup.it\/vetrina\/hotellerie\/b-b-hotel-palermo-quattro-canti_c35358\">clicca qui<\/a>.<\/p>\n<h3><a href=\"https:\/\/www.showgroup.it\/vetrina\/hotellerie\/hyatt-centric-murano-venice_c36189\">Hyatt Centric Murano Venice &#8211; Venezia<\/a><\/h3>\n<h3><a href=\"https:\/\/www.showgroup.it\/vetrina\/hotellerie\/hyatt-centric-murano-venice_c36189\"><img loading=\"lazy\" class=\"alignnone wp-image-89605 size-full\" src=\"https:\/\/www.showgroup.it\/blog\/wp-content\/uploads\/2022\/11\/fuga-capodanno-citta-venezia.jpg\" alt=\"\" width=\"1920\" height=\"1080\" srcset=\"https:\/\/www.showgroup.it\/blog\/wp-content\/uploads\/2022\/11\/fuga-capodanno-citta-venezia.jpg 1920w, https:\/\/www.showgroup.it\/blog\/wp-content\/uploads\/2022\/11\/fuga-capodanno-citta-venezia-300x169.jpg 300w, https:\/\/www.showgroup.it\/blog\/wp-content\/uploads\/2022\/11\/fuga-capodanno-citta-venezia-1024x576.jpg 1024w, https:\/\/www.showgroup.it\/blog\/wp-content\/uploads\/2022\/11\/fuga-capodanno-citta-venezia-768x432.jpg 768w, https:\/\/www.showgroup.it\/blog\/wp-content\/uploads\/2022\/11\/fuga-capodanno-citta-venezia-1536x864.jpg 1536w\" sizes=\"(max-width: 1920px) 100vw, 1920px\" \/><\/a><\/h3>\n<p>Soggiornare all\u2019Hyatt Centric Murano Venice significa scoprire Venezia e la sua Laguna in un modo consapevole e profondo che permette di godere appieno della sua <strong>storia millenaria<\/strong>, del ricco patrimonio artistico e culturale, dell\u2019artigianato e dei suoi sapori pi\u00f9 autentici. L\u2019hotel desidera ispirare i propri ospiti a dar vita a ricordi di viaggio che durino per sempre e siano memorabili sin dal primo momento, quello in cui si sale a bordo del <strong>motoscafo privato<\/strong> e si parte alla volta dell\u2019Isola del Vetro.<\/p>\n<p>Dotato di 119 spaziose camere, l\u2019hotel \u00e8 assolutamente unico nel suo genere: si tratta infatti del recupero industriale di un\u2019antica fabbrica dove un tempo si realizzavano le conterie, piccole e raffinate perle in vetro. Ogni camera si trasforma cos\u00ec in un vero e proprio<strong> tributo alla storia di Murano<\/strong> e alla sua tradizione vetraria.<\/p>\n<p>Per un capodanno in citt\u00e0 con vista canale, <a href=\"https:\/\/www.showgroup.it\/vetrina\/hotellerie\/hyatt-centric-murano-venice_c36189\">clicca qui<\/a> per contattare la struttura!<\/p>\n<h3><a href=\"https:\/\/www.showgroup.it\/vetrina\/hotellerie\/holiday-inn-naples_c23436\">Holiday Inn Naples &#8211; Napoli<\/a><\/h3>\n<p><a href=\"https:\/\/www.showgroup.it\/vetrina\/hotellerie\/holiday-inn-naples_c23436\"><img loading=\"lazy\" class=\"alignnone wp-image-89603 size-full\" src=\"https:\/\/www.showgroup.it\/blog\/wp-content\/uploads\/2022\/11\/fuga-capodanno-citta-napoli.jpg\" alt=\"\" width=\"1920\" height=\"1080\" srcset=\"https:\/\/www.showgroup.it\/blog\/wp-content\/uploads\/2022\/11\/fuga-capodanno-citta-napoli.jpg 1920w, https:\/\/www.showgroup.it\/blog\/wp-content\/uploads\/2022\/11\/fuga-capodanno-citta-napoli-300x169.jpg 300w, https:\/\/www.showgroup.it\/blog\/wp-content\/uploads\/2022\/11\/fuga-capodanno-citta-napoli-1024x576.jpg 1024w, https:\/\/www.showgroup.it\/blog\/wp-content\/uploads\/2022\/11\/fuga-capodanno-citta-napoli-768x432.jpg 768w, https:\/\/www.showgroup.it\/blog\/wp-content\/uploads\/2022\/11\/fuga-capodanno-citta-napoli-1536x864.jpg 1536w\" sizes=\"(max-width: 1920px) 100vw, 1920px\" \/><\/a><\/p>\n<p>L\u2019hotel <strong>Holiday Inn Naples<\/strong>, a 4 stelle, sorge nel Centro Direzionale di Napoli, la zona degli affari della citt\u00e0. Tutte le camere di questo Holiday Inn sono dotate di arredi in stile moderno, TV satellitare, set per la preparazione di t\u00e8 e caff\u00e8, aria condizionata a controllo individuale e connessione WiFi gratuita.<\/p>\n<p>Al mattino potrete gustare un buffet all\u2019americana per la colazione. Presso il ristorante <strong>Bistrot Napoli<\/strong> avrete modo di assaporare <strong>specialit\u00e0 della cucina tradizionale regionale<\/strong>, mentre nel Bellini Bar vi attendono cocktail, aperitivi e snack caldi e freddi durante tutto il giorno.<\/p>\n<p><a href=\"https:\/\/www.showgroup.it\/vetrina\/hotellerie\/holiday-inn-naples_c23436\">Clicca qui<\/a> per richiedere ulteriori informazioni.<\/p>\n<h2><a href=\"https:\/\/www.showgroup.it\/\">Come prenotare una location su Showgroup?<\/a><\/h2>\n<p><img loading=\"lazy\" class=\"alignnone wp-image-89610 size-full\" src=\"https:\/\/www.showgroup.it\/blog\/wp-content\/uploads\/2022\/11\/fuga-capodanno-citta.jpg\" alt=\"\" width=\"1920\" height=\"1080\" srcset=\"https:\/\/www.showgroup.it\/blog\/wp-content\/uploads\/2022\/11\/fuga-capodanno-citta.jpg 1920w, https:\/\/www.showgroup.it\/blog\/wp-content\/uploads\/2022\/11\/fuga-capodanno-citta-300x169.jpg 300w, https:\/\/www.showgroup.it\/blog\/wp-content\/uploads\/2022\/11\/fuga-capodanno-citta-1024x576.jpg 1024w, https:\/\/www.showgroup.it\/blog\/wp-content\/uploads\/2022\/11\/fuga-capodanno-citta-768x432.jpg 768w, https:\/\/www.showgroup.it\/blog\/wp-content\/uploads\/2022\/11\/fuga-capodanno-citta-1536x864.jpg 1536w\" sizes=\"(max-width: 1920px) 100vw, 1920px\" \/><\/p>\n<p>Stai pensando di organizzare una fuga di capodanno in citt\u00e0 e vuoi contattare una struttura? Ti spieghiamo come fare!<\/p>\n<p>Per richiedere\u00a0<strong>informazioni<\/strong>\u00a0e\u00a0<strong>preventivi<\/strong>\u00a0su Showgroup hai due diverse opzioni a disposizione:<\/p>\n<p>\u2605 accedere alla piattaforma con il tuo profilo\u00a0<strong>Facebook<\/strong>;<\/p>\n<p>\u2605 registrarti con la tua\u00a0<strong>email<\/strong>\u00a0per poi accedere con le tue credenziali.<\/p>\n<p>La registrazione \u00e8 semplice, veloce e, soprattutto\u00a0<strong>gratuita<\/strong>! Inoltre, non \u00e8 previsto\u00a0<strong>alcun costo di intermediazione<\/strong>\u00a0per il servizio.<\/p>\n<p>Una volta effettuato l\u2019accesso, puoi trovare i profili di tuo interesse in due modi:<\/p>\n<p>\u2605 Utilizzando il\u00a0<strong>motore di ricerca interno<\/strong>, specificando cosa cerchi e in quale luogo.<\/p>\n<p>\u2605 Navigando nelle categorie <a href=\"https:\/\/www.showgroup.it\/vetrine\/dimore-storiche\">dimore storiche<\/a>, <a href=\"https:\/\/www.showgroup.it\/vetrine\/hotellerie\">hotellerie<\/a> oppure <a href=\"https:\/\/www.showgroup.it\/vetrine\/ristorazione\">ristorazione<\/a>.<\/p>\n<p>A questo punto dovrai circoscrivere la ricerca nell\u2019area geografica di tuo interesse (se non l\u2019hai gi\u00e0 fatto), specificando\u00a0<strong>regione<\/strong>\u00a0e\u00a0<strong>provincia<\/strong>. Accendendo alle singole vetrine potrai leggere le\u00a0<strong>informazioni principali<\/strong> della location, la <strong>descrizione<\/strong>\u00a0corredata da\u00a0<strong>foto<\/strong>\u00a0e\u00a0<strong>video<\/strong>, il\u00a0<strong>range di prezzo<\/strong>, un piccolo<strong>\u00a0FAQ informativo<\/strong>\u00a0e le eventuali\u00a0<strong>recensioni<\/strong>.<\/p>\n<p>Infine, non ti resta che cliccare sul tasto \u201c<strong>Scrivimi<\/strong>\u201c, (posizionato sotto la foto profilo dell\u2019artista\/operatore\/location) che apre un\u00a0<strong>servizio di messaggistica interna<\/strong>\u00a0per scambiare comunicazioni tra utenti e professionisti in modo del tutto gratuito e autonomo.<\/p>\n<p>In questo modo potrai trovare tutti i professionisti di cui hai bisogno in maniera <strong>semplice<\/strong>,\u00a0<strong>veloce<\/strong>\u00a0e\u00a0<strong>senza costi aggiuntivi<\/strong>!\u00a0Cosa aspetti a iscriverti?<\/p>\n","protected":false},"excerpt":{"rendered":"<p>Vuoi trascorrere una splendida notte di San Silvestro senza allontanarti troppo dalla citt\u00e0? Ci sono molte alternative per chi non [&hellip;]<\/p>\n","protected":false},"author":5,"featured_media":89594,"comment_status":"open","ping_status":"open","sticky":false,"template":"","format":"standard","meta":[],"categories":[661],"tags":[],"yoast_head":"<!-- This site is optimized with the Yoast SEO plugin v16.9 - https:\/\/yoast.com\/wordpress\/plugins\/seo\/ -->\n<title>Capodanno in citt\u00e0? Ecco 10 mete imperdibili &bull; Showgroup<\/title>\n<meta name=\"description\" content=\"Vuoi restare in citt\u00e0 per trascorrere l&#039;ultimo dell&#039;anno? Ecco 10 splendide location da nord a sud dove trascorrere il capodanno in citt\u00e0!\" \/>\n<meta name=\"robots\" content=\"index, follow, max-snippet:-1, max-image-preview:large, max-video-preview:-1\" \/>\n<link rel=\"canonical\" href=\"https:\/\/www.showgroup.it\/blog\/2022\/11\/21\/fuga-di-capodanno-2023-in-citta-10-mete-imperdibili\/\" \/>\n<meta property=\"og:locale\" content=\"it_IT\" \/>\n<meta property=\"og:type\" content=\"article\" \/>\n<meta property=\"og:title\" content=\"Capodanno in citt\u00e0? Ecco 10 mete imperdibili &bull; Showgroup\" \/>\n<meta property=\"og:description\" content=\"Vuoi restare in citt\u00e0 per trascorrere l&#039;ultimo dell&#039;anno? Ecco 10 splendide location da nord a sud dove trascorrere il capodanno in citt\u00e0!\" \/>\n<meta property=\"og:url\" content=\"https:\/\/www.showgroup.it\/blog\/2022\/11\/21\/fuga-di-capodanno-2023-in-citta-10-mete-imperdibili\/\" \/>\n<meta property=\"og:site_name\" content=\"Showgroup - Ready to be WOW!\" \/>\n<meta property=\"article:publisher\" content=\"https:\/\/www.facebook.com\/ShowGroupWow\/\" \/>\n<meta property=\"article:published_time\" content=\"2022-11-21T06:54:55+00:00\" \/>\n<meta property=\"article:modified_time\" content=\"2025-09-11T08:23:26+00:00\" \/>\n<meta property=\"og:image\" content=\"https:\/\/www.showgroup.it\/blog\/wp-content\/uploads\/2022\/11\/fuga-capodanno-citta-milano-2.jpg\" \/>\n\t<meta property=\"og:image:width\" content=\"1920\" \/>\n\t<meta property=\"og:image:height\" content=\"1080\" \/>\n<meta name=\"twitter:card\" content=\"summary_large_image\" \/>\n<meta name=\"twitter:label1\" content=\"Scritto da\" \/>\n\t<meta name=\"twitter:data1\" content=\"Benedetta Gatti\" \/>\n\t<meta name=\"twitter:label2\" content=\"Tempo di lettura stimato\" \/>\n\t<meta name=\"twitter:data2\" content=\"9 minuti\" \/>\n<script type=\"application\/ld+json\" class=\"yoast-schema-graph\">{\"@context\":\"https:\/\/schema.org\",\"@graph\":[{\"@type\":\"Organization\",\"@id\":\"https:\/\/www.showgroup.it\/#organization\",\"name\":\"Showgroup\",\"url\":\"https:\/\/www.showgroup.it\/\",\"sameAs\":[\"https:\/\/www.facebook.com\/ShowGroupWow\/\",\"https:\/\/www.instagram.com\/showgroupwow\/\"],\"logo\":{\"@type\":\"ImageObject\",\"@id\":\"https:\/\/www.showgroup.it\/#logo\",\"inLanguage\":\"it-IT\",\"url\":\"https:\/\/www.showgroup.it\/blog\/wp-content\/uploads\/2025\/01\/logo-black.svg\",\"contentUrl\":\"https:\/\/www.showgroup.it\/blog\/wp-content\/uploads\/2025\/01\/logo-black.svg\",\"width\":1440,\"height\":916,\"caption\":\"Showgroup\"},\"image\":{\"@id\":\"https:\/\/www.showgroup.it\/#logo\"}},{\"@type\":\"WebSite\",\"@id\":\"https:\/\/www.showgroup.it\/#website\",\"url\":\"https:\/\/www.showgroup.it\/\",\"name\":\"Showgroup - Ready to be WOW!\",\"description\":\"Il primo portale gratuito dedicato al mondo dello spettacolo.\",\"publisher\":{\"@id\":\"https:\/\/www.showgroup.it\/#organization\"},\"potentialAction\":[{\"@type\":\"SearchAction\",\"target\":{\"@type\":\"EntryPoint\",\"urlTemplate\":\"https:\/\/www.showgroup.it\/?s={search_term_string}\"},\"query-input\":\"required name=search_term_string\"}],\"inLanguage\":\"it-IT\"},{\"@type\":\"ImageObject\",\"@id\":\"https:\/\/www.showgroup.it\/blog\/2022\/11\/21\/fuga-di-capodanno-2023-in-citta-10-mete-imperdibili\/#primaryimage\",\"inLanguage\":\"it-IT\",\"url\":\"https:\/\/www.showgroup.it\/blog\/wp-content\/uploads\/2022\/11\/fuga-capodanno-citta-milano-2.jpg\",\"contentUrl\":\"https:\/\/www.showgroup.it\/blog\/wp-content\/uploads\/2022\/11\/fuga-capodanno-citta-milano-2.jpg\",\"width\":1920,\"height\":1080},{\"@type\":\"WebPage\",\"@id\":\"https:\/\/www.showgroup.it\/blog\/2022\/11\/21\/fuga-di-capodanno-2023-in-citta-10-mete-imperdibili\/#webpage\",\"url\":\"https:\/\/www.showgroup.it\/blog\/2022\/11\/21\/fuga-di-capodanno-2023-in-citta-10-mete-imperdibili\/\",\"name\":\"Capodanno in citt\\u00e0? Ecco 10 mete imperdibili &bull; Showgroup\",\"isPartOf\":{\"@id\":\"https:\/\/www.showgroup.it\/#website\"},\"primaryImageOfPage\":{\"@id\":\"https:\/\/www.showgroup.it\/blog\/2022\/11\/21\/fuga-di-capodanno-2023-in-citta-10-mete-imperdibili\/#primaryimage\"},\"datePublished\":\"2022-11-21T06:54:55+00:00\",\"dateModified\":\"2025-09-11T08:23:26+00:00\",\"description\":\"Vuoi restare in citt\\u00e0 per trascorrere l'ultimo dell'anno? Ecco 10 splendide location da nord a sud dove trascorrere il capodanno in citt\\u00e0!\",\"breadcrumb\":{\"@id\":\"https:\/\/www.showgroup.it\/blog\/2022\/11\/21\/fuga-di-capodanno-2023-in-citta-10-mete-imperdibili\/#breadcrumb\"},\"inLanguage\":\"it-IT\",\"potentialAction\":[{\"@type\":\"ReadAction\",\"target\":[\"https:\/\/www.showgroup.it\/blog\/2022\/11\/21\/fuga-di-capodanno-2023-in-citta-10-mete-imperdibili\/\"]}]},{\"@type\":\"BreadcrumbList\",\"@id\":\"https:\/\/www.showgroup.it\/blog\/2022\/11\/21\/fuga-di-capodanno-2023-in-citta-10-mete-imperdibili\/#breadcrumb\",\"itemListElement\":[{\"@type\":\"ListItem\",\"position\":1,\"name\":\"Home\",\"item\":\"https:\/\/www.showgroup.it\/blog\/\"},{\"@type\":\"ListItem\",\"position\":2,\"name\":\"Fuga di Capodanno 2023 in citt\\u00e0: 10 mete imperdibili\"}]},{\"@type\":\"Article\",\"@id\":\"https:\/\/www.showgroup.it\/blog\/2022\/11\/21\/fuga-di-capodanno-2023-in-citta-10-mete-imperdibili\/#article\",\"isPartOf\":{\"@id\":\"https:\/\/www.showgroup.it\/blog\/2022\/11\/21\/fuga-di-capodanno-2023-in-citta-10-mete-imperdibili\/#webpage\"},\"author\":{\"@id\":\"https:\/\/www.showgroup.it\/#\/schema\/person\/9b799d433be4e17451d197175628047a\"},\"headline\":\"Fuga di Capodanno 2023 in citt\\u00e0: 10 mete imperdibili\",\"datePublished\":\"2022-11-21T06:54:55+00:00\",\"dateModified\":\"2025-09-11T08:23:26+00:00\",\"mainEntityOfPage\":{\"@id\":\"https:\/\/www.showgroup.it\/blog\/2022\/11\/21\/fuga-di-capodanno-2023-in-citta-10-mete-imperdibili\/#webpage\"},\"wordCount\":1569,\"commentCount\":0,\"publisher\":{\"@id\":\"https:\/\/www.showgroup.it\/#organization\"},\"image\":{\"@id\":\"https:\/\/www.showgroup.it\/blog\/2022\/11\/21\/fuga-di-capodanno-2023-in-citta-10-mete-imperdibili\/#primaryimage\"},\"thumbnailUrl\":\"https:\/\/www.showgroup.it\/blog\/wp-content\/uploads\/2022\/11\/fuga-capodanno-citta-milano-2.jpg\",\"articleSection\":[\"Eventi e location\"],\"inLanguage\":\"it-IT\",\"potentialAction\":[{\"@type\":\"CommentAction\",\"name\":\"Comment\",\"target\":[\"https:\/\/www.showgroup.it\/blog\/2022\/11\/21\/fuga-di-capodanno-2023-in-citta-10-mete-imperdibili\/#respond\"]}]},{\"@type\":\"Person\",\"@id\":\"https:\/\/www.showgroup.it\/#\/schema\/person\/9b799d433be4e17451d197175628047a\",\"name\":\"Benedetta Gatti\",\"image\":{\"@type\":\"ImageObject\",\"@id\":\"https:\/\/www.showgroup.it\/#personlogo\",\"inLanguage\":\"it-IT\",\"url\":\"https:\/\/secure.gravatar.com\/avatar\/32ceeb7300be30aabe2c84fdaa89eac0?s=96&d=mm&r=g\",\"contentUrl\":\"https:\/\/secure.gravatar.com\/avatar\/32ceeb7300be30aabe2c84fdaa89eac0?s=96&d=mm&r=g\",\"caption\":\"Benedetta Gatti\"}}]}<\/script>\n<!-- \/ Yoast SEO plugin. -->","yoast_head_json":{"title":"Capodanno in citt\u00e0? Ecco 10 mete imperdibili &bull; Showgroup","description":"Vuoi restare in citt\u00e0 per trascorrere l'ultimo dell'anno? Ecco 10 splendide location da nord a sud dove trascorrere il capodanno in citt\u00e0!","robots":{"index":"index","follow":"follow","max-snippet":"max-snippet:-1","max-image-preview":"max-image-preview:large","max-video-preview":"max-video-preview:-1"},"canonical":"https:\/\/www.showgroup.it\/blog\/2022\/11\/21\/fuga-di-capodanno-2023-in-citta-10-mete-imperdibili\/","og_locale":"it_IT","og_type":"article","og_title":"Capodanno in citt\u00e0? Ecco 10 mete imperdibili &bull; Showgroup","og_description":"Vuoi restare in citt\u00e0 per trascorrere l'ultimo dell'anno? Ecco 10 splendide location da nord a sud dove trascorrere il capodanno in citt\u00e0!","og_url":"https:\/\/www.showgroup.it\/blog\/2022\/11\/21\/fuga-di-capodanno-2023-in-citta-10-mete-imperdibili\/","og_site_name":"Showgroup - Ready to be WOW!","article_publisher":"https:\/\/www.facebook.com\/ShowGroupWow\/","article_published_time":"2022-11-21T06:54:55+00:00","article_modified_time":"2025-09-11T08:23:26+00:00","og_image":[{"width":1920,"height":1080,"filesize":294845,"url":"https:\/\/www.showgroup.it\/blog\/wp-content\/uploads\/2022\/11\/fuga-capodanno-citta-milano-2.jpg","path":"\/sites\/www.showgroup.it\/files\/blog\/wp-content\/uploads\/2022\/11\/fuga-capodanno-citta-milano-2.jpg","size":"full","id":89594,"alt":"","pixels":2073600,"type":"image\/jpeg"}],"twitter_card":"summary_large_image","twitter_misc":{"Scritto da":"Benedetta Gatti","Tempo di lettura stimato":"9 minuti"},"schema":{"@context":"https:\/\/schema.org","@graph":[{"@type":"Organization","@id":"https:\/\/www.showgroup.it\/#organization","name":"Showgroup","url":"https:\/\/www.showgroup.it\/","sameAs":["https:\/\/www.facebook.com\/ShowGroupWow\/","https:\/\/www.instagram.com\/showgroupwow\/"],"logo":{"@type":"ImageObject","@id":"https:\/\/www.showgroup.it\/#logo","inLanguage":"it-IT","url":"https:\/\/www.showgroup.it\/blog\/wp-content\/uploads\/2025\/01\/logo-black.svg","contentUrl":"https:\/\/www.showgroup.it\/blog\/wp-content\/uploads\/2025\/01\/logo-black.svg","width":1440,"height":916,"caption":"Showgroup"},"image":{"@id":"https:\/\/www.showgroup.it\/#logo"}},{"@type":"WebSite","@id":"https:\/\/www.showgroup.it\/#website","url":"https:\/\/www.showgroup.it\/","name":"Showgroup - Ready to be WOW!","description":"Il primo portale gratuito dedicato al mondo dello spettacolo.","publisher":{"@id":"https:\/\/www.showgroup.it\/#organization"},"potentialAction":[{"@type":"SearchAction","target":{"@type":"EntryPoint","urlTemplate":"https:\/\/www.showgroup.it\/?s={search_term_string}"},"query-input":"required name=search_term_string"}],"inLanguage":"it-IT"},{"@type":"ImageObject","@id":"https:\/\/www.showgroup.it\/blog\/2022\/11\/21\/fuga-di-capodanno-2023-in-citta-10-mete-imperdibili\/#primaryimage","inLanguage":"it-IT","url":"https:\/\/www.showgroup.it\/blog\/wp-content\/uploads\/2022\/11\/fuga-capodanno-citta-milano-2.jpg","contentUrl":"https:\/\/www.showgroup.it\/blog\/wp-content\/uploads\/2022\/11\/fuga-capodanno-citta-milano-2.jpg","width":1920,"height":1080},{"@type":"WebPage","@id":"https:\/\/www.showgroup.it\/blog\/2022\/11\/21\/fuga-di-capodanno-2023-in-citta-10-mete-imperdibili\/#webpage","url":"https:\/\/www.showgroup.it\/blog\/2022\/11\/21\/fuga-di-capodanno-2023-in-citta-10-mete-imperdibili\/","name":"Capodanno in citt\u00e0? Ecco 10 mete imperdibili &bull; Showgroup","isPartOf":{"@id":"https:\/\/www.showgroup.it\/#website"},"primaryImageOfPage":{"@id":"https:\/\/www.showgroup.it\/blog\/2022\/11\/21\/fuga-di-capodanno-2023-in-citta-10-mete-imperdibili\/#primaryimage"},"datePublished":"2022-11-21T06:54:55+00:00","dateModified":"2025-09-11T08:23:26+00:00","description":"Vuoi restare in citt\u00e0 per trascorrere l'ultimo dell'anno? Ecco 10 splendide location da nord a sud dove trascorrere il capodanno in citt\u00e0!","breadcrumb":{"@id":"https:\/\/www.showgroup.it\/blog\/2022\/11\/21\/fuga-di-capodanno-2023-in-citta-10-mete-imperdibili\/#breadcrumb"},"inLanguage":"it-IT","potentialAction":[{"@type":"ReadAction","target":["https:\/\/www.showgroup.it\/blog\/2022\/11\/21\/fuga-di-capodanno-2023-in-citta-10-mete-imperdibili\/"]}]},{"@type":"BreadcrumbList","@id":"https:\/\/www.showgroup.it\/blog\/2022\/11\/21\/fuga-di-capodanno-2023-in-citta-10-mete-imperdibili\/#breadcrumb","itemListElement":[{"@type":"ListItem","position":1,"name":"Home","item":"https:\/\/www.showgroup.it\/blog\/"},{"@type":"ListItem","position":2,"name":"Fuga di Capodanno 2023 in citt\u00e0: 10 mete imperdibili"}]},{"@type":"Article","@id":"https:\/\/www.showgroup.it\/blog\/2022\/11\/21\/fuga-di-capodanno-2023-in-citta-10-mete-imperdibili\/#article","isPartOf":{"@id":"https:\/\/www.showgroup.it\/blog\/2022\/11\/21\/fuga-di-capodanno-2023-in-citta-10-mete-imperdibili\/#webpage"},"author":{"@id":"https:\/\/www.showgroup.it\/#\/schema\/person\/9b799d433be4e17451d197175628047a"},"headline":"Fuga di Capodanno 2023 in citt\u00e0: 10 mete imperdibili","datePublished":"2022-11-21T06:54:55+00:00","dateModified":"2025-09-11T08:23:26+00:00","mainEntityOfPage":{"@id":"https:\/\/www.showgroup.it\/blog\/2022\/11\/21\/fuga-di-capodanno-2023-in-citta-10-mete-imperdibili\/#webpage"},"wordCount":1569,"commentCount":0,"publisher":{"@id":"https:\/\/www.showgroup.it\/#organization"},"image":{"@id":"https:\/\/www.showgroup.it\/blog\/2022\/11\/21\/fuga-di-capodanno-2023-in-citta-10-mete-imperdibili\/#primaryimage"},"thumbnailUrl":"https:\/\/www.showgroup.it\/blog\/wp-content\/uploads\/2022\/11\/fuga-capodanno-citta-milano-2.jpg","articleSection":["Eventi e location"],"inLanguage":"it-IT","potentialAction":[{"@type":"CommentAction","name":"Comment","target":["https:\/\/www.showgroup.it\/blog\/2022\/11\/21\/fuga-di-capodanno-2023-in-citta-10-mete-imperdibili\/#respond"]}]},{"@type":"Person","@id":"https:\/\/www.showgroup.it\/#\/schema\/person\/9b799d433be4e17451d197175628047a","name":"Benedetta Gatti","image":{"@type":"ImageObject","@id":"https:\/\/www.showgroup.it\/#personlogo","inLanguage":"it-IT","url":"https:\/\/secure.gravatar.com\/avatar\/32ceeb7300be30aabe2c84fdaa89eac0?s=96&d=mm&r=g","contentUrl":"https:\/\/secure.gravatar.com\/avatar\/32ceeb7300be30aabe2c84fdaa89eac0?s=96&d=mm&r=g","caption":"Benedetta Gatti"}}]}},"_links":{"self":[{"href":"https:\/\/www.showgroup.it\/blog\/wp-json\/wp\/v2\/posts\/89592"}],"collection":[{"href":"https:\/\/www.showgroup.it\/blog\/wp-json\/wp\/v2\/posts"}],"about":[{"href":"https:\/\/www.showgroup.it\/blog\/wp-json\/wp\/v2\/types\/post"}],"author":[{"embeddable":true,"href":"https:\/\/www.showgroup.it\/blog\/wp-json\/wp\/v2\/users\/5"}],"replies":[{"embeddable":true,"href":"https:\/\/www.showgroup.it\/blog\/wp-json\/wp\/v2\/comments?post=89592"}],"version-history":[{"count":2,"href":"https:\/\/www.showgroup.it\/blog\/wp-json\/wp\/v2\/posts\/89592\/revisions"}],"predecessor-version":[{"id":100231,"href":"https:\/\/www.showgroup.it\/blog\/wp-json\/wp\/v2\/posts\/89592\/revisions\/100231"}],"wp:featuredmedia":[{"embeddable":true,"href":"https:\/\/www.showgroup.it\/blog\/wp-json\/wp\/v2\/media\/89594"}],"wp:attachment":[{"href":"https:\/\/www.showgroup.it\/blog\/wp-json\/wp\/v2\/media?parent=89592"}],"wp:term":[{"taxonomy":"category","embeddable":true,"href":"https:\/\/www.showgroup.it\/blog\/wp-json\/wp\/v2\/categories?post=89592"},{"taxonomy":"post_tag","embeddable":true,"href":"https:\/\/www.showgroup.it\/blog\/wp-json\/wp\/v2\/tags?post=89592"}],"curies":[{"name":"wp","href":"https:\/\/api.w.org\/{rel}","templated":true}]}}