{"id":89688,"date":"2022-11-25T07:46:58","date_gmt":"2022-11-25T06:46:58","guid":{"rendered":"https:\/\/www.showgroup.it\/?p=89688"},"modified":"2025-09-11T10:23:28","modified_gmt":"2025-09-11T08:23:28","slug":"comici-per-evento-aziendale-i-migliori-da-contattare","status":"publish","type":"post","link":"https:\/\/www.showgroup.it\/blog\/2022\/11\/25\/comici-per-evento-aziendale-i-migliori-da-contattare\/","title":{"rendered":"Comici per evento aziendale: i migliori da contattare"},"content":{"rendered":"<p>Stai <a href=\"https:\/\/www.showgroup.it\/blog\/2022\/11\/03\/come-organizzare-un-evento-aziendale-in-12-step\/\">organizzando un evento aziendale<\/a> ma proprio non sai su quale intrattenimento puntare per coinvolgere il pubblico? Devi sapere che l&#8217;intrattenimento comico \u00e8 molto richiesto per cene aziendali, convention e meeting di lavoro.<\/p>\n<p>Non tutti i comici sono disponibili ad esibirsi per un evento privato, per questo su <strong>Showgroup<\/strong> ti facilitiamo la scelta proponendoti i migliori sulla scena. Cabarettisti, imitatori o ventriloqui, c&#8217;\u00e8 l&#8217;imbarazzo della scelta sul nostro portale.<\/p>\n<p>Scopri quali comici puoi avere al tuo evento aziendale!<\/p>\n<h2><a href=\"https:\/\/www.showgroup.it\/\">Vuoi ridere e far ridere per il tuo evento aziendale? Trova un comico su Showgroup!\u00a0<\/a><\/h2>\n<p>Stai organizzando il tuo evento e desideri che sia all&#8217;insegna dell&#8217;allegria? Su <strong>Showgroup<\/strong> puoi trovare tantissimi <a href=\"https:\/\/www.showgroup.it\/vetrine\/showman-e-show-woman\/tags__comico\">comici, showman e show-woman<\/a>, disponibili per ogni tipo di spettacolo. Contatta direttamente i professionisti senza costi di intermediazione e richiedi un preventivo senza impegno!<\/p>\n<h3>Paolo Ruffini<\/h3>\n<p>Conta oltre 3 milioni di follower sui social network, attore, regista, conduttore e autore brillante e poliedrico, uno straordinario carisma unito ad una comicit\u00e0 irriverente. Ruffini \u00e8 uno dei\u00a0<strong>volti pi\u00f9 noti del panorama artistico italiano<\/strong>. Sul grande schermo \u00e8 tra i protagonisti in commedie e pellicole d\u2019autore \u2013 dalla tradizione dei cinepanettoni alla regia di successi che sbancano al botteghino. In Tv spicca nella conduzione di programmi cult da prima serata, come Colorado e La Pupa e il Secchione. A teatro, infine, spazia dalla prosa ai format di variet\u00e0 come UP&amp;Down, dove \u00e8 in scena con attori disabili.<\/p>\n<p>\u00c8 da sempre impegnato nel sociale e si definisce un \u201cnerd\u201d del cinema. La sua grande forza risiede nella disobbedienza, propria dell\u2019arte, che gli permette di coniugare il classico al pop, superando qualunque categoria. Puoi trovare Paolo Ruffini su Showgroup e richiedere la sua disponibilit\u00e0 per ogni tipo di evento in tutta Italia.<\/p>\n<h3><a href=\"https:\/\/www.showgroup.it\/vetrina\/showman-e-show-woman\/alessandro-serra_c11847\">Alessandro Serra<\/a><\/h3>\n<p><a href=\"https:\/\/www.showgroup.it\/vetrina\/showman-e-show-woman\/alessandro-serra_c11847\"><\/a><\/p>\n<p>Protagonista nell\u2019ultime edizioni di <strong>Colorado<\/strong> 2012 al 2014 e consacrato sul palco di <strong>Zelig<\/strong>, Alessandro Serra \u00e8 un comico e cabarettista con una solida formazione teatrale alle spalle, in grado di trattare argomenti quotidiani entrando polemicamente sul sociale. In realt\u00e0 lo spettacolo cambia a secondo del pubblico, che viene sempre coinvolto: Serra, infatti, non arriva in scena con un testo gi\u00e0 pronto ma <strong>improvvisa<\/strong> scegliendo, di volta in volta, gli argomenti da trattare.<\/p>\n<p>Non mancano mai, per\u00f2, riferimenti all\u2019infanzia, alla scuola, al rapporto con le donne, al mondo della televisione, alle vacanze e soprattutto al traffico. Mode, vizi e virt\u00f9 dell\u2019italiano medio vengono cos\u00ec smascherati in un\u2019atmosfera ironica e goliardica. Puoi <a href=\"https:\/\/www.showgroup.it\/vetrina\/showman-e-show-woman\/alessandro-serra_c11847\">contattarlo su Showgroup<\/a> per richiedere la sua partecipazione a un evento in qualsiasi parte d&#8217;Italia.<\/p>\n<h3>Jerry Cal\u00e0<\/h3>\n<p>Tra i fuoriclasse della comicit\u00e0 italiana, <strong>Jerry Cal\u00e0<\/strong> \u00e8 un uomo di spettacolo capace di vestire con eguale disinvoltura i panni dell\u2019<strong>attore<\/strong> di cabaret, tv e cinema, e quelli del \u201c<em><strong>crooner<\/strong><\/em>\u201d che reinterpreta accompagnato dalla sua band il suo leggendario repertorio degli anni \u201960, \u201970 e \u201980 alternando momenti di spettacolo musicale a gag esilaranti e irresistibili.<\/p>\n<p>Oltre 40 anni sulla cresta dell&#8217;onda, che dimostrano ancora la sua innata capacit\u00e0 di saper far ridere anche il pubblico pi\u00f9 difficile. Puoi contattare Jerry Cal\u00e0 su Showgroup per organizzare convention, serate in discoteca, live club, spettacoli teatrali, feste di piazza e feste private.<\/p>\n<h3><a href=\"https:\/\/www.showgroup.it\/vetrina\/showman-e-show-woman\/leo-mas_c13138\">Leo Mas<\/a><\/h3>\n<p><strong><a href=\"https:\/\/www.showgroup.it\/vetrina\/showman-e-show-woman\/leo-mas_c13138\"><img loading=\"lazy\" class=\"alignnone wp-image-89694 size-full\" src=\"https:\/\/www.showgroup.it\/blog\/wp-content\/uploads\/2022\/11\/comico-per-evento-aziendale-leo-mas.jpg\" alt=\"\" width=\"1920\" height=\"1080\" srcset=\"https:\/\/www.showgroup.it\/blog\/wp-content\/uploads\/2022\/11\/comico-per-evento-aziendale-leo-mas.jpg 1920w, https:\/\/www.showgroup.it\/blog\/wp-content\/uploads\/2022\/11\/comico-per-evento-aziendale-leo-mas-300x169.jpg 300w, https:\/\/www.showgroup.it\/blog\/wp-content\/uploads\/2022\/11\/comico-per-evento-aziendale-leo-mas-1024x576.jpg 1024w, https:\/\/www.showgroup.it\/blog\/wp-content\/uploads\/2022\/11\/comico-per-evento-aziendale-leo-mas-768x432.jpg 768w, https:\/\/www.showgroup.it\/blog\/wp-content\/uploads\/2022\/11\/comico-per-evento-aziendale-leo-mas-1536x864.jpg 1536w\" sizes=\"(max-width: 1920px) 100vw, 1920px\" \/><\/a><\/strong><\/p>\n<p><strong>Leonardo Mastrosimone<\/strong>, in arte Leo Mas, artista poliedrico, showman, cantante ed imitatore\/caricaturista. Presente sulla scena, i palchi e le piazze pi\u00f9 importanti da oltre 30 anni, ha collaborato con artisti del calibro di Fiorello, Maurizio Costanzo, Gigi Sabani, Umberto Tozzi, Franco Neri, Pupo, Kalabrugovich di Zelig, i Panpers, Paolo Ruffini, Cristina D&#8217;Avena e molti altri.<\/p>\n<p>Recentemente \u00e8 stato ospite della trasmissione &#8220;<em>Striscia la Notizia<\/em>&#8221; in qualit\u00e0 di vincitore del talent &#8220;Strix Factor&#8221; con esibizione live del brano &#8220;<em>When a man loves a woman<\/em>&#8221; di Michael Bolton che sui social ha raggiunto pi\u00f9 di 1 milione di visualizzazioni.<\/p>\n<p>Alla ricerca di un comico d&#8217;effetto per il tuo evento aziendale? <a href=\"https:\/\/www.showgroup.it\/vetrina\/showman-e-show-woman\/leo-mas_c13138\">Clicca qui<\/a> per richiedere informazioni a Leo Mas.<\/p>\n<h3><a href=\"https:\/\/www.showgroup.it\/vetrina\/showman-e-show-woman\/max-fichi-d-india_c32566\">Max Cavallari, Fichi d&#8217;India<\/a><\/h3>\n<h3><a href=\"https:\/\/www.showgroup.it\/vetrina\/showman-e-show-woman\/max-fichi-d-india_c32566\"><img loading=\"lazy\" class=\"alignnone wp-image-89695 size-full\" src=\"https:\/\/www.showgroup.it\/blog\/wp-content\/uploads\/2022\/11\/comici-evento-aziendale-max-cavallari.jpg\" alt=\"\" width=\"1920\" height=\"1080\" srcset=\"https:\/\/www.showgroup.it\/blog\/wp-content\/uploads\/2022\/11\/comici-evento-aziendale-max-cavallari.jpg 1920w, https:\/\/www.showgroup.it\/blog\/wp-content\/uploads\/2022\/11\/comici-evento-aziendale-max-cavallari-300x169.jpg 300w, https:\/\/www.showgroup.it\/blog\/wp-content\/uploads\/2022\/11\/comici-evento-aziendale-max-cavallari-1024x576.jpg 1024w, https:\/\/www.showgroup.it\/blog\/wp-content\/uploads\/2022\/11\/comici-evento-aziendale-max-cavallari-768x432.jpg 768w, https:\/\/www.showgroup.it\/blog\/wp-content\/uploads\/2022\/11\/comici-evento-aziendale-max-cavallari-1536x864.jpg 1536w\" sizes=\"(max-width: 1920px) 100vw, 1920px\" \/><\/a><\/h3>\n<p><strong>Max Cavallari<\/strong> \u00e8 famosissimo per il suo ruolo di attore comico de <a href=\"https:\/\/it.wikipedia.org\/wiki\/Fichi_d%27India_(comici)\" target=\"_blank\" rel=\"noopener\">I Fichi d&#8217;India<\/a>. Nei 2001, dopo l&#8217;uscita del loro primo film <em>Amici Ahrarara<\/em> diretto da Franco Amurri i due partecipano ad alcuni film di Natale prodotti dalla Filmauro con Massimo Boldi e Christian De Sica. Tra questi <em>Merry Christmas, Natale sul Nilo<\/em> e <em>Natale in India<\/em>, grandi successi al botteghino, mentre nel 2002 recitano nel film di Roberto Benigni Pinocchio, nelle vesti de Il Gatto e la Volpe.<\/p>\n<p>Dal 2014 al 2018, iniziata una carriera da solista, d\u00e0 vita, con Beppe Altissimi e Vincenzo Savino, allo spettacolo di cabaret <em>Parzialmente Fico<\/em>. Nel 2016 partecipa nel musical di <em>Peter Pan<\/em>, nel ruolo di Spugna, regia di Maurizio Colombi, con le musiche di Edoardo Bennato. A partire dal 4 marzo 2019 torna in televisione nel cast di <em>Made in Sud<\/em>.<\/p>\n<p><a href=\"https:\/\/www.showgroup.it\/vetrina\/showman-e-show-woman\/max-fichi-d-india_c32566\">Clicca qui<\/a> per sorprendere tutti al tuo evento aziendale con la partecipazione di Max Cavallari!<\/p>\n<h3><a href=\"https:\/\/www.showgroup.it\/vetrina\/showman-e-show-woman\/cesare-gallarini_c6040?from_search=true\">Cesare Gallarini<\/a><\/h3>\n<p><strong><a href=\"https:\/\/www.showgroup.it\/vetrina\/showman-e-show-woman\/cesare-gallarini_c6040?from_search=true\"><img loading=\"lazy\" class=\"alignnone wp-image-89636 size-full\" src=\"https:\/\/www.showgroup.it\/blog\/wp-content\/uploads\/2022\/11\/professionisti-cene-aziendali-cesare-gallarini.jpg\" alt=\"\" width=\"1920\" height=\"1080\" srcset=\"https:\/\/www.showgroup.it\/blog\/wp-content\/uploads\/2022\/11\/professionisti-cene-aziendali-cesare-gallarini.jpg 1920w, https:\/\/www.showgroup.it\/blog\/wp-content\/uploads\/2022\/11\/professionisti-cene-aziendali-cesare-gallarini-300x169.jpg 300w, https:\/\/www.showgroup.it\/blog\/wp-content\/uploads\/2022\/11\/professionisti-cene-aziendali-cesare-gallarini-1024x576.jpg 1024w, https:\/\/www.showgroup.it\/blog\/wp-content\/uploads\/2022\/11\/professionisti-cene-aziendali-cesare-gallarini-768x432.jpg 768w, https:\/\/www.showgroup.it\/blog\/wp-content\/uploads\/2022\/11\/professionisti-cene-aziendali-cesare-gallarini-1536x864.jpg 1536w\" sizes=\"(max-width: 1920px) 100vw, 1920px\" \/><\/a><\/strong><\/p>\n<p><strong>Cesare Gallarini<\/strong>, comico, regista e pedagogo teatrale, studia all\u2019<strong>Accademia D\u2019Arte drammatica di Milano<\/strong> e si perfeziona in regia teatrale seguendo i corsi del GITIS di Mosca. Esordisce nel 1988 con il gruppo LA CAROVANA (Gallarini \u2013 Della Noce) partecipando al festival nazionale di cabaret di Loano dove vince il premio speciale della critica. Sciolta nel 1996 la coppia comica prosegue calcando la pedana dello <strong>Zelig<\/strong> di Milano e rappresentando i suoi spettacoli di cabaret nei migliori teatri e spazi nazionali.<\/p>\n<p>Oltre all\u2019attivit\u00e0 di comico e regista teatrale e cinematografico, \u00e8 trainer<strong> esperto in recitazione e cabaret<\/strong> presso la scuola Quelli di Grock di Milano e l\u2019Accademia Nazionale del Comico e il COMIC LAB diretto da Serena Dandini. E\u2019 inoltre consulente aziendale (universit\u00e0 Bocconi Milano) e nelle produzioni comiche di Canale 5; ha pubblicato dei manuali di recitazione (Palcoscenico e dintorni e Faccio ridere?) e organizza seminari di teatro in Italia e all\u2019Estero.<\/p>\n<p><a href=\"https:\/\/www.showgroup.it\/vetrina\/showman-e-show-woman\/cesare-gallarini_c6040?from_search=true\">Clicca qui<\/a> per rendere il tuo evento unico con la partecipazione di Cesare Gallarini!<\/p>\n<h3><a href=\"https:\/\/www.showgroup.it\/vetrina\/showman-e-show-woman\/andrea-fratellini-ventriloquo_c22213\" class=\"broken_link\">Andrea Fratellini Ventriloquo<\/a><\/h3>\n<p><img loading=\"lazy\" class=\"alignnone wp-image-89638 size-full\" src=\"https:\/\/www.showgroup.it\/blog\/wp-content\/uploads\/2022\/11\/professionisti-cene-aziendali-andrea-fratllini.jpg\" alt=\"\" width=\"1920\" height=\"1080\" srcset=\"https:\/\/www.showgroup.it\/blog\/wp-content\/uploads\/2022\/11\/professionisti-cene-aziendali-andrea-fratllini.jpg 1920w, https:\/\/www.showgroup.it\/blog\/wp-content\/uploads\/2022\/11\/professionisti-cene-aziendali-andrea-fratllini-300x169.jpg 300w, https:\/\/www.showgroup.it\/blog\/wp-content\/uploads\/2022\/11\/professionisti-cene-aziendali-andrea-fratllini-1024x576.jpg 1024w, https:\/\/www.showgroup.it\/blog\/wp-content\/uploads\/2022\/11\/professionisti-cene-aziendali-andrea-fratllini-768x432.jpg 768w, https:\/\/www.showgroup.it\/blog\/wp-content\/uploads\/2022\/11\/professionisti-cene-aziendali-andrea-fratllini-1536x864.jpg 1536w\" sizes=\"(max-width: 1920px) 100vw, 1920px\" \/><\/p>\n<div class=\"elementor-element elementor-element-5d0fe76 elementor-widget-divider--view-line elementor-widget elementor-widget-divider\" data-id=\"5d0fe76\" data-element_type=\"widget\" data-widget_type=\"divider.default\">\n<div class=\"elementor-widget-container\">\n<div class=\"elementor-divider\"><strong>Andrea Fratellini<\/strong> \u00e8 un <strong>ventriloquo<\/strong>, <strong>comico<\/strong>, <strong>prestigiatore<\/strong> e <strong>fantasista<\/strong>.Si esibisce per anni come mago nei reparti ospedalieri di pediatria come volontario, e proprio in una di queste occasioni si avvicina al mondo della ventriloquia a seguito dell\u2019incontro con una mamma che comunicava con la sua bimba autistica di otto anni parlando tramite un pupazzetto.<\/div>\n<\/div>\n<div><\/div>\n<div>Nel 1994 porta a casa la vittoria nel programma <em>La Corrida<\/em>, nel 2020 vince l&#8217;edizione di <em>Italia&#8217;s Got Talent<\/em>, frequenta il palco di Zelig, Colorado e di molti altri festival sul territorio nazionale.<\/div>\n<\/div>\n<div><\/div>\n<div>Lo spettacolo di Andrea Fratellini \u00e8 la scelta pi\u00f9 azzeccata per rendere la tua cena aziendale pi\u00f9 frizzante! <a href=\"https:\/\/www.showgroup.it\/vetrina\/showman-e-show-woman\/andrea-fratellini-ventriloquo_c22213\" class=\"broken_link\">Clicca qui<\/a> per contattarlo.<\/div>\n<div>\n<h2><span id=\"Come_contattare_un_service_luci_e_audio_in_Calabria_su_Showgroup\"><a href=\"https:\/\/www.showgroup.it\/\">Come contattare un comico su Showgroup?<\/a><\/span><\/h2>\n<p><img loading=\"lazy\" class=\"alignnone wp-image-89692 size-full\" src=\"https:\/\/www.showgroup.it\/blog\/wp-content\/uploads\/2022\/11\/comico-showgroup.jpg\" alt=\"\" width=\"1920\" height=\"1080\" srcset=\"https:\/\/www.showgroup.it\/blog\/wp-content\/uploads\/2022\/11\/comico-showgroup.jpg 1920w, https:\/\/www.showgroup.it\/blog\/wp-content\/uploads\/2022\/11\/comico-showgroup-300x169.jpg 300w, https:\/\/www.showgroup.it\/blog\/wp-content\/uploads\/2022\/11\/comico-showgroup-1024x576.jpg 1024w, https:\/\/www.showgroup.it\/blog\/wp-content\/uploads\/2022\/11\/comico-showgroup-768x432.jpg 768w, https:\/\/www.showgroup.it\/blog\/wp-content\/uploads\/2022\/11\/comico-showgroup-1536x864.jpg 1536w\" sizes=\"(max-width: 1920px) 100vw, 1920px\" \/><\/p>\n<p>Stai organizzando una cena aziendale e vuoi contattare un comico? Ti spieghiamo come fare!<\/p>\n<p>Per richiedere\u00a0<strong>informazioni<\/strong>\u00a0e\u00a0<strong>preventivi<\/strong>\u00a0su Showgroup hai due diverse opzioni a disposizione:<\/p>\n<p>\u2605 accedere alla piattaforma con il tuo profilo\u00a0<strong>Facebook<\/strong>;<\/p>\n<p>\u2605 registrarti con la tua\u00a0<strong>email<\/strong>\u00a0per poi accedere con le tue credenziali.<\/p>\n<p>La registrazione \u00e8 semplice, veloce e, soprattutto\u00a0<strong>gratuita<\/strong>! Inoltre, non \u00e8 previsto\u00a0<strong>alcun costo di intermediazione<\/strong>\u00a0per il servizio.<\/p>\n<p>Una volta effettuato l\u2019accesso, puoi trovare i profili di tuo interesse in due modi:<\/p>\n<p>\u2605 Utilizzando il\u00a0<strong>motore di ricerca interno<\/strong>, specificando cosa cerchi e in quale luogo.<\/p>\n<p>\u2605 Navigando nella\u00a0<a href=\"https:\/\/www.showgroup.it\/vetrine\/showman-e-show-woman\">categoria showman e show-woman<\/a>.<\/p>\n<p>A questo punto dovrai circoscrivere la ricerca nell\u2019area geografica di tuo interesse (se non l\u2019hai gi\u00e0 fatto), specificando\u00a0<strong>regione<\/strong>\u00a0e\u00a0<strong>provincia<\/strong>. Per affinare la ricerca puoi anche impostare il genere di servizio, il genere di eventi e la tipologia di pubblico.<\/p>\n<p>I risultati comprendono i profili della categoria nella regione che hai cercato e delle altre regioni d\u2019Italia che sono disposti a raggiungerti e a fare trasferte. Accendendo alle singole vetrine potrai leggere le\u00a0<strong>informazioni principali<\/strong>\u00a0del professionista, la\u00a0<strong>descrizione<\/strong>\u00a0corredata da\u00a0<strong>foto<\/strong>\u00a0e\u00a0<strong>video<\/strong>, il\u00a0<strong>range di prezzo<\/strong>, un piccolo<strong>\u00a0FAQ informativo<\/strong>\u00a0e le eventuali\u00a0<strong>recensioni<\/strong>.<\/p>\n<p>Infine, non ti resta che cliccare sul tasto \u201c<strong>Scrivimi<\/strong>\u201c, (posizionato sotto la foto profilo dell\u2019artista\/operatore\/location) che apre un\u00a0<strong>servizio di messaggistica interna<\/strong>\u00a0per scambiare comunicazioni tra utenti e professionisti in modo del tutto gratuito e autonomo.<\/p>\n<p>In questo modo potrai trovare tutti i professionisti di cui hai bisogno in maniera <strong>semplice<\/strong>,\u00a0<strong>veloce<\/strong>\u00a0e\u00a0<strong>senza costi aggiuntivi<\/strong>!\u00a0Cosa aspetti a iscriverti?<\/p>\n<\/div>\n","protected":false},"excerpt":{"rendered":"<p>Stai organizzando un evento aziendale ma proprio non sai su quale intrattenimento puntare per coinvolgere il pubblico? Devi sapere che [&hellip;]<\/p>\n","protected":false},"author":5,"featured_media":89696,"comment_status":"open","ping_status":"open","sticky":false,"template":"","format":"standard","meta":[],"categories":[664],"tags":[],"yoast_head":"<!-- This site is optimized with the Yoast SEO plugin v16.9 - https:\/\/yoast.com\/wordpress\/plugins\/seo\/ -->\n<title>Comici per evento aziendale: i migliori da contattare &bull; Showgroup - Ready to be WOW!<\/title>\n<meta name=\"robots\" content=\"index, follow, max-snippet:-1, max-image-preview:large, max-video-preview:-1\" \/>\n<link rel=\"canonical\" href=\"https:\/\/www.showgroup.it\/blog\/2022\/11\/25\/comici-per-evento-aziendale-i-migliori-da-contattare\/\" \/>\n<meta property=\"og:locale\" content=\"it_IT\" \/>\n<meta property=\"og:type\" content=\"article\" \/>\n<meta property=\"og:title\" content=\"Comici per evento aziendale: i migliori da contattare &bull; Showgroup - Ready to be WOW!\" \/>\n<meta property=\"og:description\" content=\"Stai organizzando un evento aziendale ma proprio non sai su quale intrattenimento puntare per coinvolgere il pubblico? Devi sapere che [&hellip;]\" \/>\n<meta property=\"og:url\" content=\"https:\/\/www.showgroup.it\/blog\/2022\/11\/25\/comici-per-evento-aziendale-i-migliori-da-contattare\/\" \/>\n<meta property=\"og:site_name\" content=\"Showgroup - Ready to be WOW!\" \/>\n<meta property=\"article:publisher\" content=\"https:\/\/www.facebook.com\/ShowGroupWow\/\" \/>\n<meta property=\"article:published_time\" content=\"2022-11-25T06:46:58+00:00\" \/>\n<meta property=\"article:modified_time\" content=\"2025-09-11T08:23:28+00:00\" \/>\n<meta property=\"og:image\" content=\"https:\/\/www.showgroup.it\/blog\/wp-content\/uploads\/2022\/11\/comico-per-evento-aziendale-paolo-ruffini.jpg\" \/>\n\t<meta property=\"og:image:width\" content=\"1920\" \/>\n\t<meta property=\"og:image:height\" content=\"1080\" \/>\n<meta name=\"twitter:card\" content=\"summary_large_image\" \/>\n<meta name=\"twitter:label1\" content=\"Scritto da\" \/>\n\t<meta name=\"twitter:data1\" content=\"Benedetta Gatti\" \/>\n\t<meta name=\"twitter:label2\" content=\"Tempo di lettura stimato\" \/>\n\t<meta name=\"twitter:data2\" content=\"8 minuti\" \/>\n<script type=\"application\/ld+json\" class=\"yoast-schema-graph\">{\"@context\":\"https:\/\/schema.org\",\"@graph\":[{\"@type\":\"Organization\",\"@id\":\"https:\/\/www.showgroup.it\/#organization\",\"name\":\"Showgroup\",\"url\":\"https:\/\/www.showgroup.it\/\",\"sameAs\":[\"https:\/\/www.facebook.com\/ShowGroupWow\/\",\"https:\/\/www.instagram.com\/showgroupwow\/\"],\"logo\":{\"@type\":\"ImageObject\",\"@id\":\"https:\/\/www.showgroup.it\/#logo\",\"inLanguage\":\"it-IT\",\"url\":\"https:\/\/www.showgroup.it\/blog\/wp-content\/uploads\/2025\/01\/logo-black.svg\",\"contentUrl\":\"https:\/\/www.showgroup.it\/blog\/wp-content\/uploads\/2025\/01\/logo-black.svg\",\"width\":1440,\"height\":916,\"caption\":\"Showgroup\"},\"image\":{\"@id\":\"https:\/\/www.showgroup.it\/#logo\"}},{\"@type\":\"WebSite\",\"@id\":\"https:\/\/www.showgroup.it\/#website\",\"url\":\"https:\/\/www.showgroup.it\/\",\"name\":\"Showgroup - Ready to be WOW!\",\"description\":\"Il primo portale gratuito dedicato al mondo dello spettacolo.\",\"publisher\":{\"@id\":\"https:\/\/www.showgroup.it\/#organization\"},\"potentialAction\":[{\"@type\":\"SearchAction\",\"target\":{\"@type\":\"EntryPoint\",\"urlTemplate\":\"https:\/\/www.showgroup.it\/?s={search_term_string}\"},\"query-input\":\"required name=search_term_string\"}],\"inLanguage\":\"it-IT\"},{\"@type\":\"ImageObject\",\"@id\":\"https:\/\/www.showgroup.it\/blog\/2022\/11\/25\/comici-per-evento-aziendale-i-migliori-da-contattare\/#primaryimage\",\"inLanguage\":\"it-IT\",\"url\":\"https:\/\/www.showgroup.it\/blog\/wp-content\/uploads\/2022\/11\/comico-per-evento-aziendale-paolo-ruffini.jpg\",\"contentUrl\":\"https:\/\/www.showgroup.it\/blog\/wp-content\/uploads\/2022\/11\/comico-per-evento-aziendale-paolo-ruffini.jpg\",\"width\":1920,\"height\":1080},{\"@type\":\"WebPage\",\"@id\":\"https:\/\/www.showgroup.it\/blog\/2022\/11\/25\/comici-per-evento-aziendale-i-migliori-da-contattare\/#webpage\",\"url\":\"https:\/\/www.showgroup.it\/blog\/2022\/11\/25\/comici-per-evento-aziendale-i-migliori-da-contattare\/\",\"name\":\"Comici per evento aziendale: i migliori da contattare &bull; Showgroup - Ready to be WOW!\",\"isPartOf\":{\"@id\":\"https:\/\/www.showgroup.it\/#website\"},\"primaryImageOfPage\":{\"@id\":\"https:\/\/www.showgroup.it\/blog\/2022\/11\/25\/comici-per-evento-aziendale-i-migliori-da-contattare\/#primaryimage\"},\"datePublished\":\"2022-11-25T06:46:58+00:00\",\"dateModified\":\"2025-09-11T08:23:28+00:00\",\"breadcrumb\":{\"@id\":\"https:\/\/www.showgroup.it\/blog\/2022\/11\/25\/comici-per-evento-aziendale-i-migliori-da-contattare\/#breadcrumb\"},\"inLanguage\":\"it-IT\",\"potentialAction\":[{\"@type\":\"ReadAction\",\"target\":[\"https:\/\/www.showgroup.it\/blog\/2022\/11\/25\/comici-per-evento-aziendale-i-migliori-da-contattare\/\"]}]},{\"@type\":\"BreadcrumbList\",\"@id\":\"https:\/\/www.showgroup.it\/blog\/2022\/11\/25\/comici-per-evento-aziendale-i-migliori-da-contattare\/#breadcrumb\",\"itemListElement\":[{\"@type\":\"ListItem\",\"position\":1,\"name\":\"Home\",\"item\":\"https:\/\/www.showgroup.it\/blog\/\"},{\"@type\":\"ListItem\",\"position\":2,\"name\":\"Comici per evento aziendale: i migliori da contattare\"}]},{\"@type\":\"Article\",\"@id\":\"https:\/\/www.showgroup.it\/blog\/2022\/11\/25\/comici-per-evento-aziendale-i-migliori-da-contattare\/#article\",\"isPartOf\":{\"@id\":\"https:\/\/www.showgroup.it\/blog\/2022\/11\/25\/comici-per-evento-aziendale-i-migliori-da-contattare\/#webpage\"},\"author\":{\"@id\":\"https:\/\/www.showgroup.it\/#\/schema\/person\/9b799d433be4e17451d197175628047a\"},\"headline\":\"Comici per evento aziendale: i migliori da contattare\",\"datePublished\":\"2022-11-25T06:46:58+00:00\",\"dateModified\":\"2025-09-11T08:23:28+00:00\",\"mainEntityOfPage\":{\"@id\":\"https:\/\/www.showgroup.it\/blog\/2022\/11\/25\/comici-per-evento-aziendale-i-migliori-da-contattare\/#webpage\"},\"wordCount\":1332,\"commentCount\":0,\"publisher\":{\"@id\":\"https:\/\/www.showgroup.it\/#organization\"},\"image\":{\"@id\":\"https:\/\/www.showgroup.it\/blog\/2022\/11\/25\/comici-per-evento-aziendale-i-migliori-da-contattare\/#primaryimage\"},\"thumbnailUrl\":\"https:\/\/www.showgroup.it\/blog\/wp-content\/uploads\/2022\/11\/comico-per-evento-aziendale-paolo-ruffini.jpg\",\"articleSection\":[\"Spettacolo e musica\"],\"inLanguage\":\"it-IT\",\"potentialAction\":[{\"@type\":\"CommentAction\",\"name\":\"Comment\",\"target\":[\"https:\/\/www.showgroup.it\/blog\/2022\/11\/25\/comici-per-evento-aziendale-i-migliori-da-contattare\/#respond\"]}]},{\"@type\":\"Person\",\"@id\":\"https:\/\/www.showgroup.it\/#\/schema\/person\/9b799d433be4e17451d197175628047a\",\"name\":\"Benedetta Gatti\",\"image\":{\"@type\":\"ImageObject\",\"@id\":\"https:\/\/www.showgroup.it\/#personlogo\",\"inLanguage\":\"it-IT\",\"url\":\"https:\/\/secure.gravatar.com\/avatar\/32ceeb7300be30aabe2c84fdaa89eac0?s=96&d=mm&r=g\",\"contentUrl\":\"https:\/\/secure.gravatar.com\/avatar\/32ceeb7300be30aabe2c84fdaa89eac0?s=96&d=mm&r=g\",\"caption\":\"Benedetta Gatti\"}}]}<\/script>\n<!-- \/ Yoast SEO plugin. -->","yoast_head_json":{"title":"Comici per evento aziendale: i migliori da contattare &bull; Showgroup - Ready to be WOW!","robots":{"index":"index","follow":"follow","max-snippet":"max-snippet:-1","max-image-preview":"max-image-preview:large","max-video-preview":"max-video-preview:-1"},"canonical":"https:\/\/www.showgroup.it\/blog\/2022\/11\/25\/comici-per-evento-aziendale-i-migliori-da-contattare\/","og_locale":"it_IT","og_type":"article","og_title":"Comici per evento aziendale: i migliori da contattare &bull; Showgroup - Ready to be WOW!","og_description":"Stai organizzando un evento aziendale ma proprio non sai su quale intrattenimento puntare per coinvolgere il pubblico? Devi sapere che [&hellip;]","og_url":"https:\/\/www.showgroup.it\/blog\/2022\/11\/25\/comici-per-evento-aziendale-i-migliori-da-contattare\/","og_site_name":"Showgroup - Ready to be WOW!","article_publisher":"https:\/\/www.facebook.com\/ShowGroupWow\/","article_published_time":"2022-11-25T06:46:58+00:00","article_modified_time":"2025-09-11T08:23:28+00:00","og_image":[{"width":1920,"height":1080,"filesize":225935,"url":"https:\/\/www.showgroup.it\/blog\/wp-content\/uploads\/2022\/11\/comico-per-evento-aziendale-paolo-ruffini.jpg","path":"\/sites\/www.showgroup.it\/files\/blog\/wp-content\/uploads\/2022\/11\/comico-per-evento-aziendale-paolo-ruffini.jpg","size":"full","id":89696,"alt":"","pixels":2073600,"type":"image\/jpeg"}],"twitter_card":"summary_large_image","twitter_misc":{"Scritto da":"Benedetta Gatti","Tempo di lettura stimato":"8 minuti"},"schema":{"@context":"https:\/\/schema.org","@graph":[{"@type":"Organization","@id":"https:\/\/www.showgroup.it\/#organization","name":"Showgroup","url":"https:\/\/www.showgroup.it\/","sameAs":["https:\/\/www.facebook.com\/ShowGroupWow\/","https:\/\/www.instagram.com\/showgroupwow\/"],"logo":{"@type":"ImageObject","@id":"https:\/\/www.showgroup.it\/#logo","inLanguage":"it-IT","url":"https:\/\/www.showgroup.it\/blog\/wp-content\/uploads\/2025\/01\/logo-black.svg","contentUrl":"https:\/\/www.showgroup.it\/blog\/wp-content\/uploads\/2025\/01\/logo-black.svg","width":1440,"height":916,"caption":"Showgroup"},"image":{"@id":"https:\/\/www.showgroup.it\/#logo"}},{"@type":"WebSite","@id":"https:\/\/www.showgroup.it\/#website","url":"https:\/\/www.showgroup.it\/","name":"Showgroup - Ready to be WOW!","description":"Il primo portale gratuito dedicato al mondo dello spettacolo.","publisher":{"@id":"https:\/\/www.showgroup.it\/#organization"},"potentialAction":[{"@type":"SearchAction","target":{"@type":"EntryPoint","urlTemplate":"https:\/\/www.showgroup.it\/?s={search_term_string}"},"query-input":"required name=search_term_string"}],"inLanguage":"it-IT"},{"@type":"ImageObject","@id":"https:\/\/www.showgroup.it\/blog\/2022\/11\/25\/comici-per-evento-aziendale-i-migliori-da-contattare\/#primaryimage","inLanguage":"it-IT","url":"https:\/\/www.showgroup.it\/blog\/wp-content\/uploads\/2022\/11\/comico-per-evento-aziendale-paolo-ruffini.jpg","contentUrl":"https:\/\/www.showgroup.it\/blog\/wp-content\/uploads\/2022\/11\/comico-per-evento-aziendale-paolo-ruffini.jpg","width":1920,"height":1080},{"@type":"WebPage","@id":"https:\/\/www.showgroup.it\/blog\/2022\/11\/25\/comici-per-evento-aziendale-i-migliori-da-contattare\/#webpage","url":"https:\/\/www.showgroup.it\/blog\/2022\/11\/25\/comici-per-evento-aziendale-i-migliori-da-contattare\/","name":"Comici per evento aziendale: i migliori da contattare &bull; Showgroup - Ready to be WOW!","isPartOf":{"@id":"https:\/\/www.showgroup.it\/#website"},"primaryImageOfPage":{"@id":"https:\/\/www.showgroup.it\/blog\/2022\/11\/25\/comici-per-evento-aziendale-i-migliori-da-contattare\/#primaryimage"},"datePublished":"2022-11-25T06:46:58+00:00","dateModified":"2025-09-11T08:23:28+00:00","breadcrumb":{"@id":"https:\/\/www.showgroup.it\/blog\/2022\/11\/25\/comici-per-evento-aziendale-i-migliori-da-contattare\/#breadcrumb"},"inLanguage":"it-IT","potentialAction":[{"@type":"ReadAction","target":["https:\/\/www.showgroup.it\/blog\/2022\/11\/25\/comici-per-evento-aziendale-i-migliori-da-contattare\/"]}]},{"@type":"BreadcrumbList","@id":"https:\/\/www.showgroup.it\/blog\/2022\/11\/25\/comici-per-evento-aziendale-i-migliori-da-contattare\/#breadcrumb","itemListElement":[{"@type":"ListItem","position":1,"name":"Home","item":"https:\/\/www.showgroup.it\/blog\/"},{"@type":"ListItem","position":2,"name":"Comici per evento aziendale: i migliori da contattare"}]},{"@type":"Article","@id":"https:\/\/www.showgroup.it\/blog\/2022\/11\/25\/comici-per-evento-aziendale-i-migliori-da-contattare\/#article","isPartOf":{"@id":"https:\/\/www.showgroup.it\/blog\/2022\/11\/25\/comici-per-evento-aziendale-i-migliori-da-contattare\/#webpage"},"author":{"@id":"https:\/\/www.showgroup.it\/#\/schema\/person\/9b799d433be4e17451d197175628047a"},"headline":"Comici per evento aziendale: i migliori da contattare","datePublished":"2022-11-25T06:46:58+00:00","dateModified":"2025-09-11T08:23:28+00:00","mainEntityOfPage":{"@id":"https:\/\/www.showgroup.it\/blog\/2022\/11\/25\/comici-per-evento-aziendale-i-migliori-da-contattare\/#webpage"},"wordCount":1332,"commentCount":0,"publisher":{"@id":"https:\/\/www.showgroup.it\/#organization"},"image":{"@id":"https:\/\/www.showgroup.it\/blog\/2022\/11\/25\/comici-per-evento-aziendale-i-migliori-da-contattare\/#primaryimage"},"thumbnailUrl":"https:\/\/www.showgroup.it\/blog\/wp-content\/uploads\/2022\/11\/comico-per-evento-aziendale-paolo-ruffini.jpg","articleSection":["Spettacolo e musica"],"inLanguage":"it-IT","potentialAction":[{"@type":"CommentAction","name":"Comment","target":["https:\/\/www.showgroup.it\/blog\/2022\/11\/25\/comici-per-evento-aziendale-i-migliori-da-contattare\/#respond"]}]},{"@type":"Person","@id":"https:\/\/www.showgroup.it\/#\/schema\/person\/9b799d433be4e17451d197175628047a","name":"Benedetta Gatti","image":{"@type":"ImageObject","@id":"https:\/\/www.showgroup.it\/#personlogo","inLanguage":"it-IT","url":"https:\/\/secure.gravatar.com\/avatar\/32ceeb7300be30aabe2c84fdaa89eac0?s=96&d=mm&r=g","contentUrl":"https:\/\/secure.gravatar.com\/avatar\/32ceeb7300be30aabe2c84fdaa89eac0?s=96&d=mm&r=g","caption":"Benedetta Gatti"}}]}},"_links":{"self":[{"href":"https:\/\/www.showgroup.it\/blog\/wp-json\/wp\/v2\/posts\/89688"}],"collection":[{"href":"https:\/\/www.showgroup.it\/blog\/wp-json\/wp\/v2\/posts"}],"about":[{"href":"https:\/\/www.showgroup.it\/blog\/wp-json\/wp\/v2\/types\/post"}],"author":[{"embeddable":true,"href":"https:\/\/www.showgroup.it\/blog\/wp-json\/wp\/v2\/users\/5"}],"replies":[{"embeddable":true,"href":"https:\/\/www.showgroup.it\/blog\/wp-json\/wp\/v2\/comments?post=89688"}],"version-history":[{"count":7,"href":"https:\/\/www.showgroup.it\/blog\/wp-json\/wp\/v2\/posts\/89688\/revisions"}],"predecessor-version":[{"id":100239,"href":"https:\/\/www.showgroup.it\/blog\/wp-json\/wp\/v2\/posts\/89688\/revisions\/100239"}],"wp:featuredmedia":[{"embeddable":true,"href":"https:\/\/www.showgroup.it\/blog\/wp-json\/wp\/v2\/media\/89696"}],"wp:attachment":[{"href":"https:\/\/www.showgroup.it\/blog\/wp-json\/wp\/v2\/media?parent=89688"}],"wp:term":[{"taxonomy":"category","embeddable":true,"href":"https:\/\/www.showgroup.it\/blog\/wp-json\/wp\/v2\/categories?post=89688"},{"taxonomy":"post_tag","embeddable":true,"href":"https:\/\/www.showgroup.it\/blog\/wp-json\/wp\/v2\/tags?post=89688"}],"curies":[{"name":"wp","href":"https:\/\/api.w.org\/{rel}","templated":true}]}}