{"id":89928,"date":"2022-12-15T16:30:53","date_gmt":"2022-12-15T15:30:53","guid":{"rendered":"https:\/\/www.showgroup.it\/?p=89928"},"modified":"2025-05-28T16:15:20","modified_gmt":"2025-05-28T14:15:20","slug":"20-dimore-storiche-per-eventi-aziendali-in-lombardia","status":"publish","type":"post","link":"https:\/\/www.showgroup.it\/blog\/2022\/12\/15\/20-dimore-storiche-per-eventi-aziendali-in-lombardia\/","title":{"rendered":"20 Dimore storiche per eventi aziendali in Lombardia"},"content":{"rendered":"<p><span style=\"font-weight: 400;\">I <\/span><a href=\"https:\/\/www.showgroup.it\/vetrine\/dimore-storiche\"><span style=\"font-weight: 400;\">castelli e le dimore storiche<\/span><\/a><span style=\"font-weight: 400;\"> sono senza dubbio tra le <\/span><b>location pi\u00f9 ambite per l\u2019organizzazione di eventi<\/b><span style=\"font-weight: 400;\">, anche quelli di tipo aziendale.<br \/>\n<\/span><span style=\"font-weight: 400;\">Dispongono di<\/span><b> ampie sale perfette per cene\/pranzi, meeting aziendali e convention <\/b><span style=\"font-weight: 400;\">con un numero ristretto o pi\u00f9 ampio di inviati.<br \/>\n<\/span><span style=\"font-weight: 400;\">Scopriamo insieme alcuni dei castelli e delle dimore storiche, iscritte su <\/span><a href=\"https:\/\/www.showgroup.it\/\"><span style=\"font-weight: 400;\">Showgroup<\/span><\/a><span style=\"font-weight: 400;\">, da non perdere!<\/span><\/p>\n<h2><a href=\"https:\/\/www.showgroup.it\"><b>Bergamo e provincia<\/b><\/a><\/h2>\n<p><span style=\"font-weight: 400;\">Ecco una selezione di imperdibili castelli, ville e dimore storiche, iscritte a <\/span><a href=\"https:\/\/www.showgroup.it\/\"><span style=\"font-weight: 400;\">Showgroup, presenti su Bergamo e provincia<\/span><\/a><span style=\"font-weight: 400;\">.<\/span><\/p>\n<h3><a href=\"https:\/\/www.showgroup.it\/vetrina\/dimore-storiche\/villa-canton_c34048\"><b>1.<\/b><b>Villa Canton &#8211; Trescore Balneario (BG)<\/b><\/a><\/h3>\n<p><a href=\"https:\/\/www.showgroup.it\/vetrina\/dimore-storiche\/villa-canton_c34048\"><img loading=\"lazy\" class=\"alignnone wp-image-89930 size-full\" title=\"Villa Canton\" src=\"https:\/\/www.showgroup.it\/blog\/wp-content\/uploads\/2022\/12\/2-min-1.png\" alt=\"Villa Canton\" width=\"1920\" height=\"1080\" srcset=\"https:\/\/www.showgroup.it\/blog\/wp-content\/uploads\/2022\/12\/2-min-1.png 1920w, https:\/\/www.showgroup.it\/blog\/wp-content\/uploads\/2022\/12\/2-min-1-300x169.png 300w, https:\/\/www.showgroup.it\/blog\/wp-content\/uploads\/2022\/12\/2-min-1-1024x576.png 1024w, https:\/\/www.showgroup.it\/blog\/wp-content\/uploads\/2022\/12\/2-min-1-768x432.png 768w, https:\/\/www.showgroup.it\/blog\/wp-content\/uploads\/2022\/12\/2-min-1-1536x864.png 1536w\" sizes=\"(max-width: 1920px) 100vw, 1920px\" \/><\/a>Villa Canton<span style=\"font-weight: 400;\"> \u00e8 una location del <\/span><b>Settecento<\/b><span style=\"font-weight: 400;\"> con <\/span><b>affreschi e giardino d\u2019epoca<\/b><span style=\"font-weight: 400;\"> dove vivere emozioni vere.<br \/>\n<\/span><span style=\"font-weight: 400;\">Le svariate sale si prestano all\u2019organizzazione di <\/span><b>eventi aziendali di medie e grandi dimensioni<\/b><span style=\"font-weight: 400;\">.<\/span><span style=\"font-weight: 400;\"><br \/>\n<\/span><span style=\"font-weight: 400;\">Questa villa non sapr\u00e0 conquistarti soltanto per la sua incredibile bellezza, ma anche per la presenza di uno staff preparato che sapr\u00e0 affiancarti durante tutte le <\/span><b>fasi organizzative e garantirti la buona riuscita dell\u2019evento<\/b><span style=\"font-weight: 400;\">.<\/span><span style=\"font-weight: 400;\">Trovi il profilo Showgroup di <\/span><a href=\"https:\/\/www.showgroup.it\/vetrina\/dimore-storiche\/villa-canton_c34048\"><span style=\"font-weight: 400;\">Villa Canton cliccando qui<\/span><\/a><span style=\"font-weight: 400;\">.<\/span><\/p>\n<h3><a href=\"https:\/\/www.showgroup.it\/vetrina\/dimore-storiche\/castello-di-clanezzo_c33631\"><span style=\"font-weight: 400;\">\u00a0<\/span><b>2.<\/b><b>Castello di Clanezzo &#8211; Ubiale Clanezzo (BG)<\/b><\/a><\/h3>\n<p><span style=\"font-weight: 400;\"><a href=\"https:\/\/www.showgroup.it\/vetrina\/dimore-storiche\/castello-di-clanezzo_c33631\"><img loading=\"lazy\" class=\"alignnone wp-image-89931 size-full\" title=\"Castello di Clanezzo\" src=\"https:\/\/www.showgroup.it\/blog\/wp-content\/uploads\/2022\/12\/3-min-1.png\" alt=\"Castello di Clanezzo\" width=\"1920\" height=\"1080\" srcset=\"https:\/\/www.showgroup.it\/blog\/wp-content\/uploads\/2022\/12\/3-min-1.png 1920w, https:\/\/www.showgroup.it\/blog\/wp-content\/uploads\/2022\/12\/3-min-1-300x169.png 300w, https:\/\/www.showgroup.it\/blog\/wp-content\/uploads\/2022\/12\/3-min-1-1024x576.png 1024w, https:\/\/www.showgroup.it\/blog\/wp-content\/uploads\/2022\/12\/3-min-1-768x432.png 768w, https:\/\/www.showgroup.it\/blog\/wp-content\/uploads\/2022\/12\/3-min-1-1536x864.png 1536w\" sizes=\"(max-width: 1920px) 100vw, 1920px\" \/><\/a>Il <\/span><a href=\"https:\/\/www.showgroup.it\/vetrina\/dimore-storiche\/castello-di-clanezzo_c33631\"><span style=\"font-weight: 400;\">Castello di Clanezzo<\/span><\/a><span style=\"font-weight: 400;\"> \u00e8 immerso in uno <\/span><b>splendido parco di pini secolari<\/b><span style=\"font-weight: 400;\">.<\/span><span style=\"font-weight: 400;\">Una vera oasi che stupir\u00e0 invitati di ogni dove, confermandosi come un vero, <\/span><b>piccolo paradiso del bergamasco<\/b><span style=\"font-weight: 400;\">. Il<\/span><a href=\"https:\/\/www.showgroup.it\/vetrina\/dimore-storiche\/castello-di-clanezzo_c33631\"><span style=\"font-weight: 400;\"> Castello<\/span><\/a><span style=\"font-weight: 400;\"> si trova a 15 minuti dalla Citt\u00e0 di Bergamo e dal casello di Dalmine.<br \/>\n<\/span><span style=\"font-weight: 400;\">Gli interni del <\/span><a href=\"https:\/\/www.showgroup.it\/vetrina\/dimore-storiche\/castello-di-clanezzo_c33631\"><span style=\"font-weight: 400;\">Castello<\/span><\/a><span style=\"font-weight: 400;\"> dispongono di diversi ambienti: la<\/span><b> Sala Inglese<\/b><span style=\"font-weight: 400;\">,che si caratterizza per le decorazioni dalle tonalit\u00e0 calde e per la presenza di un caminetto, la <\/span><b>Sala Legno<\/b><span style=\"font-weight: 400;\">, presenta un soffitto a cassettoni risalente al XVI secolo, la <\/span><b>Sala Capriate<\/b><span style=\"font-weight: 400;\">, con un soffitto con travi in legno e ampie vetrate che si affacciano sul giardino, di capienza massima di 130 persone. La <\/span><b>cucina \u00e8 un inno alla ricerca e alla sperimentazione<\/b><span style=\"font-weight: 400;\"> le cui basi sono materie prime di alta qualit\u00e0, prodotti stagionali e del territorio provenienti da realt\u00e0 artigianali d\u2019eccellenza, per garantirvi il meglio dell&#8217;offerta culinaria regionale. Non perderti il profilo del <\/span><a href=\"https:\/\/www.showgroup.it\/vetrina\/dimore-storiche\/castello-di-clanezzo_c33631\"><span style=\"font-weight: 400;\">Castello di Clanezzo cliccando qui<\/span><\/a><span style=\"font-weight: 400;\">.<\/span><\/p>\n<h2><a href=\"https:\/\/www.showgroup.it\"><b>Brescia e provincia<\/b> <\/a><\/h2>\n<p><span style=\"font-weight: 400;\">Location per eventi aziendali su Brescia? Ecco alcune imperdibili strutture tutte da scoprire!<\/span><\/p>\n<h3><a href=\"https:\/\/www.showgroup.it\/vetrina\/dimore-storiche\/pratello_c34271\"><b>3.<\/b><b>Pratello &#8211; Padenghe sul Garda (BS)<\/b><\/a><\/h3>\n<p><span style=\"font-weight: 400;\"><a href=\"https:\/\/www.showgroup.it\/vetrina\/dimore-storiche\/pratello_c34271\"><img loading=\"lazy\" class=\"alignnone wp-image-89932 size-full\" title=\"Pratello\" src=\"https:\/\/www.showgroup.it\/blog\/wp-content\/uploads\/2022\/12\/4-min-1.png\" alt=\"Pratello\" width=\"1920\" height=\"1080\" srcset=\"https:\/\/www.showgroup.it\/blog\/wp-content\/uploads\/2022\/12\/4-min-1.png 1920w, https:\/\/www.showgroup.it\/blog\/wp-content\/uploads\/2022\/12\/4-min-1-300x169.png 300w, https:\/\/www.showgroup.it\/blog\/wp-content\/uploads\/2022\/12\/4-min-1-1024x576.png 1024w, https:\/\/www.showgroup.it\/blog\/wp-content\/uploads\/2022\/12\/4-min-1-768x432.png 768w, https:\/\/www.showgroup.it\/blog\/wp-content\/uploads\/2022\/12\/4-min-1-1536x864.png 1536w\" sizes=\"(max-width: 1920px) 100vw, 1920px\" \/><\/a>Giungere al <\/span><a href=\"https:\/\/www.showgroup.it\/vetrina\/dimore-storiche\/pratello_c34271\"><span style=\"font-weight: 400;\">Pratello<\/span><\/a><span style=\"font-weight: 400;\"> \u00e8 una sorpresa: <\/span><b>la natura e l&#8217;atmosfera permettono di liberarsi dalla quotidianit\u00e0<\/b><span style=\"font-weight: 400;\"> e fanno di questo luogo l&#8217;ambiente ideale per una vacanza senza orari n\u00e9 limitazioni. L\u2019azienda<\/span><a href=\"https:\/\/www.showgroup.it\/vetrina\/dimore-storiche\/pratello_c34271\"><span style=\"font-weight: 400;\"> Pratello<\/span><\/a><span style=\"font-weight: 400;\">, fondata nel 1867, sorge sulle colline moreniche della sponda dannunziana del lago di Garda. Oggi la struttura si estende su circa 120 ettari, di cui 80 a vigneto e il restante ad uliveti, ortaggi e frutteti.<br \/>\n<\/span><span style=\"font-weight: 400;\">Questa location si presta perfettamente per eventi aziendali grazie all\u2019<\/span><b>attenzione<\/b><span style=\"font-weight: 400;\"> che da sempre lo <\/span><b>staff offre ai suoi clienti<\/b><span style=\"font-weight: 400;\">. Qui \u00e8 possibile organizzare per i partecipanti una <\/span><b>\u00a0Wine Experience<\/b><span style=\"font-weight: 400;\"> dove vengono proposti tour e degustazioni di diverso tipo, in grado di accontentare anche i clienti pi\u00f9 esigenti.<\/span><span style=\"font-weight: 400;\"><br \/>\n<\/span><span style=\"font-weight: 400;\">A disposizione c\u2019\u00e8 anche la possibilit\u00e0 di pernottare all\u2019interno del <\/span><b>Wine Resort<\/b><span style=\"font-weight: 400;\">, un\u2019<\/span><b>esperienza indimenticabile per i tuoi ospiti<\/b><span style=\"font-weight: 400;\">.Puoi visitare il profilo di <\/span><a href=\"https:\/\/www.showgroup.it\/vetrina\/dimore-storiche\/pratello_c34271\"><span style=\"font-weight: 400;\">Pratello cliccando qui<\/span><\/a><span style=\"font-weight: 400;\">.<\/span><\/p>\n<h3><a href=\"https:\/\/www.showgroup.it\/vetrina\/dimore-storiche\/palazzo-cigola-martinoni_c33770\"><span style=\"font-weight: 400;\">\u00a0<\/span><b>4.<\/b><b>Palazzo Cigola Martinoni &#8211; Cigole (BS)<\/b><\/a><\/h3>\n<p><a href=\"https:\/\/www.showgroup.it\/vetrina\/dimore-storiche\/palazzo-cigola-martinoni_c33770\"><img loading=\"lazy\" class=\"alignnone wp-image-89933 size-full\" title=\"Palazzo Cigola Martinoni\" src=\"https:\/\/www.showgroup.it\/blog\/wp-content\/uploads\/2022\/12\/5-min-1.png\" alt=\"Palazzo Cigola Martinoni\" width=\"1920\" height=\"1080\" srcset=\"https:\/\/www.showgroup.it\/blog\/wp-content\/uploads\/2022\/12\/5-min-1.png 1920w, https:\/\/www.showgroup.it\/blog\/wp-content\/uploads\/2022\/12\/5-min-1-300x169.png 300w, https:\/\/www.showgroup.it\/blog\/wp-content\/uploads\/2022\/12\/5-min-1-1024x576.png 1024w, https:\/\/www.showgroup.it\/blog\/wp-content\/uploads\/2022\/12\/5-min-1-768x432.png 768w, https:\/\/www.showgroup.it\/blog\/wp-content\/uploads\/2022\/12\/5-min-1-1536x864.png 1536w\" sizes=\"(max-width: 1920px) 100vw, 1920px\" \/><\/a>Palazzo Cigola Martinoni<span style=\"font-weight: 400;\"> vanta <\/span><b>sale ampie e ariose<\/b><span style=\"font-weight: 400;\"> che si fondono con il giardino storico, organizzato in aiuole e giochi di luce perfettamente studiati.<br \/>\n<\/span><span style=\"font-weight: 400;\">Spazi aperti e chiusi, calibrati per eventi differenti anche aziendali.<br \/>\n<\/span><span style=\"font-weight: 400;\">Punto di forza di questa location \u00e8 sicuramente il \u201c<\/span><b>Palazzo del Gusto<\/b><span style=\"font-weight: 400;\">\u201d, che insieme alla Scuola di Cucina situata nello stesso edificio, costituisce il Centro di Valorizzazione della c<\/span><b>ultura rurale e dell\u2019enogastronomia<\/b><span style=\"font-weight: 400;\">. <\/span><span style=\"font-weight: 400;\"><br \/>\n<\/span><span style=\"font-weight: 400;\">Qui gli ospiti potranno intraprendere un viaggio attraverso la storia, la cultura e la conoscenza collettiva, oltre che un percorso individuale nell\u2019esplorazione dei sensi. Si organizzano infatti incontri per<\/span><b> analisi sensoriali<\/b><span style=\"font-weight: 400;\">, per formaggi, salumi, vini, pane e fino all\u2019organizzazione completa di pranzi ed eventi vari, in una cornice intrisa di storia e di bellezza immersa nella campagna bresciana, a 40 minuti dal lago di Garda.<\/span><a href=\"https:\/\/www.showgroup.it\/vetrina\/dimore-storiche\/palazzo-cigola-martinoni_c33770\"><span style=\"font-weight: 400;\"> Palazzo Cigola Martinoni<\/span><\/a><span style=\"font-weight: 400;\"> pu\u00f2 rivelarsi il luogo ideale per l\u2019organizzazione del tuo evento aziendale. Scopri di pi\u00f9 su questa location <\/span><a href=\"https:\/\/www.showgroup.it\/vetrina\/dimore-storiche\/palazzo-cigola-martinoni_c33770\"><span style=\"font-weight: 400;\">cliccando qui<\/span><\/a><span style=\"font-weight: 400;\">.<\/span><\/p>\n<h2><a href=\"https:\/\/www.showgroup.it\"><b>Como e provincia<\/b> <\/a><\/h2>\n<p><span style=\"font-weight: 400;\">Strutture per eventi aziendali su Como? Alcune location da conoscere!<\/span><\/p>\n<h3><a href=\"https:\/\/www.showgroup.it\/vetrina\/dimore-storiche\/castello-di-casiglio_c32472\"><b>5.<\/b><b>Castello di Casiglio &#8211; Erba (CO)<\/b><\/a><\/h3>\n<p><span style=\"font-weight: 400;\"><a href=\"https:\/\/www.showgroup.it\/vetrina\/dimore-storiche\/castello-di-casiglio_c32472\"><img loading=\"lazy\" class=\"alignnone size-full wp-image-89934\" src=\"https:\/\/www.showgroup.it\/blog\/wp-content\/uploads\/2022\/12\/6-min-1.png\" alt=\"\" width=\"1920\" height=\"1080\" srcset=\"https:\/\/www.showgroup.it\/blog\/wp-content\/uploads\/2022\/12\/6-min-1.png 1920w, https:\/\/www.showgroup.it\/blog\/wp-content\/uploads\/2022\/12\/6-min-1-300x169.png 300w, https:\/\/www.showgroup.it\/blog\/wp-content\/uploads\/2022\/12\/6-min-1-1024x576.png 1024w, https:\/\/www.showgroup.it\/blog\/wp-content\/uploads\/2022\/12\/6-min-1-768x432.png 768w, https:\/\/www.showgroup.it\/blog\/wp-content\/uploads\/2022\/12\/6-min-1-1536x864.png 1536w\" sizes=\"(max-width: 1920px) 100vw, 1920px\" \/><\/a>Il <\/span><a href=\"https:\/\/www.showgroup.it\/vetrina\/dimore-storiche\/castello-di-casiglio_c32472\"><span style=\"font-weight: 400;\">Castello di Casiglio<\/span><\/a><span style=\"font-weight: 400;\"> permette ai propri ospiti di vivere <\/span><b>ogni parte interna ed esterna della struttura<\/b><span style=\"font-weight: 400;\">.<br \/>\n<\/span><span style=\"font-weight: 400;\">Grazie alle <\/span><b>sale di capienza diversa, qui \u00e8 possibile festeggiare speciali occasioni\u00a0 oppure grandi eventi aziendali<\/b><span style=\"font-weight: 400;\">.<br \/>\n<\/span><span style=\"font-weight: 400;\">Ogni sala ha la propria peculiarit\u00e0, dal sasso e travi a vista, alle pareti affrescate, impossibile non trovare la sala ideale per la tua occasione!<br \/>\n<\/span><span style=\"font-weight: 400;\">Il <\/span><a href=\"https:\/\/www.showgroup.it\/vetrina\/dimore-storiche\/castello-di-casiglio_c32472\"><span style=\"font-weight: 400;\">castello <\/span><\/a><span style=\"font-weight: 400;\">vanta anche di spaziosi, curati e colorati spazi esterni da poter sfruttare durante la stagione estiva.<br \/>\n<\/span><a href=\"https:\/\/www.showgroup.it\/vetrina\/dimore-storiche\/castello-di-casiglio_c32472\"><span style=\"font-weight: 400;\">Castello di Casiglio<\/span><\/a><span style=\"font-weight: 400;\"> ti stupir\u00e0 in ogni suo angolo, non perderti il suo profilo <\/span><a href=\"https:\/\/www.showgroup.it\"><span style=\"font-weight: 400;\">Showgroup<\/span><\/a> <a href=\"https:\/\/www.showgroup.it\/vetrina\/dimore-storiche\/castello-di-casiglio_c32472\"><span style=\"font-weight: 400;\">cliccando qui<\/span><\/a><span style=\"font-weight: 400;\">.<\/span><\/p>\n<h3><a href=\"https:\/\/www.showgroup.it\/vetrina\/dimore-storiche\/villa-perego-di-cremnago_c33103\"><b>6.<\/b><b>Villa Perego di Cremnago &#8211; Inverigo (CO)<\/b><\/a><\/h3>\n<p><a href=\"https:\/\/www.showgroup.it\/vetrina\/dimore-storiche\/villa-perego-di-cremnago_c33103\"><img loading=\"lazy\" class=\"alignnone wp-image-89936 size-full\" title=\"Villa Perego di Cremnago\" src=\"https:\/\/www.showgroup.it\/blog\/wp-content\/uploads\/2022\/12\/7-min-1.png\" alt=\"Villa Perego di Cremnago\" width=\"1920\" height=\"1080\" srcset=\"https:\/\/www.showgroup.it\/blog\/wp-content\/uploads\/2022\/12\/7-min-1.png 1920w, https:\/\/www.showgroup.it\/blog\/wp-content\/uploads\/2022\/12\/7-min-1-300x169.png 300w, https:\/\/www.showgroup.it\/blog\/wp-content\/uploads\/2022\/12\/7-min-1-1024x576.png 1024w, https:\/\/www.showgroup.it\/blog\/wp-content\/uploads\/2022\/12\/7-min-1-768x432.png 768w, https:\/\/www.showgroup.it\/blog\/wp-content\/uploads\/2022\/12\/7-min-1-1536x864.png 1536w\" sizes=\"(max-width: 1920px) 100vw, 1920px\" \/><\/a>Villa Perego di Cremnago<span style=\"font-weight: 400;\"> \u00e8 una <\/span><b>dimora settecentesca situata a Cremnago d\u2019Inverigo<\/b><span style=\"font-weight: 400;\">, nel cuore della Brianza, a 35 km da Milano (SS 36). Il complesso \u00e8 costituito dalla <\/span><b>villa<\/b><span style=\"font-weight: 400;\">, dall&#8217;<\/span><b>antica serra<\/b><span style=\"font-weight: 400;\">, dalle <\/span><b>scuderie<\/b><span style=\"font-weight: 400;\">, dalla <\/span><b>cappella privata<\/b><span style=\"font-weight: 400;\"> con <\/span><b>campanile<\/b><span style=\"font-weight: 400;\">, dai molti altri spazi coperti e dal giardino all\u2019italiana ornato da un par-terre a prato e da aiuole fiorite. Una parte del giardino \u00e8 caratterizzata da grandi <\/span><b>alberi ultracentenari di particolare bellezza<\/b><span style=\"font-weight: 400;\">. Una<\/span><b> scenografica balaustra<\/b><span style=\"font-weight: 400;\"> corredata da <\/span><b>antiche statue<\/b><span style=\"font-weight: 400;\"> e da una <\/span><b>bella scalinata <\/b><span style=\"font-weight: 400;\">separa le <\/span><b>due aree del giardino<\/b><span style=\"font-weight: 400;\">.<br \/>\n<\/span><span style=\"font-weight: 400;\">La residenza \u00e8 aperta per eventi aziendali ed \u00e8 gi\u00e0 stata scelta come cornice per numerosi <\/span><b>spot pubblicitari per importanti brand<\/b><span style=\"font-weight: 400;\">.<br \/>\n<\/span><span style=\"font-weight: 400;\">Puoi consultare il profilo <\/span><a href=\"https:\/\/www.showgroup.it\/vetrina\/dimore-storiche\/villa-perego-di-cremnago_c33103\"><span style=\"font-weight: 400;\">Showgroup di Villa Perego di Cremnago cliccando qui<\/span><\/a><span style=\"font-weight: 400;\">.<\/span><\/p>\n<h2><a href=\"https:\/\/www.showgroup.it\"><b>Cremona e provincia<\/b><\/a><\/h2>\n<p><span style=\"font-weight: 400;\">Scopriamo insieme <\/span><b>due spettacolari location<\/b><span style=\"font-weight: 400;\"> presenti in provincia di <\/span><b>Cremona<\/b><span style=\"font-weight: 400;\">, conosciamole!<\/span><\/p>\n<h3><a href=\"https:\/\/www.showgroup.it\/vetrina\/dimore-storiche\/villa-toscanini_c33791\"><b>7.<\/b><b>Villa Toscanini &#8211; Ripalta Guerina (CR)<\/b><\/a><\/h3>\n<p><a href=\"https:\/\/www.showgroup.it\/vetrina\/dimore-storiche\/villa-toscanini_c33791\"><img loading=\"lazy\" class=\"alignnone wp-image-89937 size-full\" title=\"Villa Toscanini\" src=\"https:\/\/www.showgroup.it\/blog\/wp-content\/uploads\/2022\/12\/8-min-1.png\" alt=\"Villa Toscanini\" width=\"1920\" height=\"1080\" srcset=\"https:\/\/www.showgroup.it\/blog\/wp-content\/uploads\/2022\/12\/8-min-1.png 1920w, https:\/\/www.showgroup.it\/blog\/wp-content\/uploads\/2022\/12\/8-min-1-300x169.png 300w, https:\/\/www.showgroup.it\/blog\/wp-content\/uploads\/2022\/12\/8-min-1-1024x576.png 1024w, https:\/\/www.showgroup.it\/blog\/wp-content\/uploads\/2022\/12\/8-min-1-768x432.png 768w, https:\/\/www.showgroup.it\/blog\/wp-content\/uploads\/2022\/12\/8-min-1-1536x864.png 1536w\" sizes=\"(max-width: 1920px) 100vw, 1920px\" \/><\/a>Villa Toscanini<span style=\"font-weight: 400;\">, immersa nella <\/span><b>campagna lombarda<\/b><span style=\"font-weight: 400;\"> a pochi chilometri dalle principali citt\u00e0, \u00e8 una location incantevole che ha mantenuto intatto il fascino dell&#8217;architettura <\/span><b>settecentesca <\/b><span style=\"font-weight: 400;\">offrendosi come indimenticabile cornice per celebrare eventi. La dimora risale alla prima met\u00e0 del \u2018700 ed \u00e8 stata la residenza estiva del Maestro Arturo Toscanini.<br \/>\n<\/span><span style=\"font-weight: 400;\">Caratterizzano la location l\u2019 <\/span><b>estrema eleganza e sobriet\u00e0<\/b><span style=\"font-weight: 400;\">, la<\/span><b> raffinatezza delle sale interne<\/b><span style=\"font-weight: 400;\">, i <\/span><b>romantici porticati esterni <\/b><span style=\"font-weight: 400;\">e l\u2019<\/span><b>ampio giardino all&#8217;inglese<\/b><span style=\"font-weight: 400;\">.<br \/>\n<\/span><a href=\"https:\/\/www.showgroup.it\/vetrina\/dimore-storiche\/villa-toscanini_c33791\"><span style=\"font-weight: 400;\">Villa Toscanini<\/span><\/a><span style=\"font-weight: 400;\"> mette a disposizione degli invitati: un <\/span><b>servizio di catering, open bar e intrattenimento di ogni tipo<\/b><span style=\"font-weight: 400;\">.<br \/>\n<\/span><span style=\"font-weight: 400;\">Questa struttura \u00e8 l\u2019ideale per l\u2019organizzazione di eventi aziendali e attivit\u00e0 di catering.<br \/>\n<\/span><span style=\"font-weight: 400;\">Visita ora il profilo Showgroup di <\/span><a href=\"https:\/\/www.showgroup.it\/vetrina\/dimore-storiche\/villa-toscanini_c33791\"><span style=\"font-weight: 400;\">Villa Toscanini cliccando qui<\/span><\/a><span style=\"font-weight: 400;\">.<\/span><\/p>\n<h3><a href=\"https:\/\/www.showgroup.it\/vetrina\/dimore-storiche\/relais-convento_c23255\"><b>8.<\/b><b>Relais Convento &#8211; Persico Dosimo (CR)<\/b><\/a><\/h3>\n<p><span style=\"font-weight: 400;\"><a href=\"https:\/\/www.showgroup.it\/vetrina\/dimore-storiche\/relais-convento_c23255\"><img loading=\"lazy\" class=\"alignnone wp-image-89938 size-full\" title=\"Relais Convento\" src=\"https:\/\/www.showgroup.it\/blog\/wp-content\/uploads\/2022\/12\/9-min-1.png\" alt=\"Relais Convento\" width=\"1920\" height=\"1080\" srcset=\"https:\/\/www.showgroup.it\/blog\/wp-content\/uploads\/2022\/12\/9-min-1.png 1920w, https:\/\/www.showgroup.it\/blog\/wp-content\/uploads\/2022\/12\/9-min-1-300x169.png 300w, https:\/\/www.showgroup.it\/blog\/wp-content\/uploads\/2022\/12\/9-min-1-1024x576.png 1024w, https:\/\/www.showgroup.it\/blog\/wp-content\/uploads\/2022\/12\/9-min-1-768x432.png 768w, https:\/\/www.showgroup.it\/blog\/wp-content\/uploads\/2022\/12\/9-min-1-1536x864.png 1536w\" sizes=\"(max-width: 1920px) 100vw, 1920px\" \/><\/a>Nella tranquilla <\/span><b>campagna cremonese <\/b><span style=\"font-weight: 400;\">trovi <\/span><a href=\"https:\/\/www.showgroup.it\/vetrina\/dimore-storiche\/relais-convento_c23255\"><span style=\"font-weight: 400;\">Relais Convento<\/span><\/a><span style=\"font-weight: 400;\">, la location ideale per <\/span><b>congressi,convegni, conferenze, videoconferenze, eventi e meeting aziendali<\/b><span style=\"font-weight: 400;\">. Qui avrai l\u2019opportunit\u00e0 di poter organizzare <\/span><b>cene e pranzi unici<\/b><span style=\"font-weight: 400;\">.<br \/>\n<\/span><span style=\"font-weight: 400;\">Grazie allo <\/span><b>chef interno<\/b><span style=\"font-weight: 400;\">, il <\/span><a href=\"https:\/\/www.showgroup.it\/vetrina\/dimore-storiche\/relais-convento_c23255\"><span style=\"font-weight: 400;\">Relais Convento<\/span><\/a><span style=\"font-weight: 400;\"> \u00e8 in grado di <\/span><b>soddisfare qualsiasi richiesta <\/b><span style=\"font-weight: 400;\">e necessit\u00e0 in termini di cucina e di ristorazione per tutti gli eventi.<br \/>\n<\/span><span style=\"font-weight: 400;\">La struttura dispone di<\/span><b> numerosi spazi che possono accogliere sino a 250 persone<\/b><span style=\"font-weight: 400;\">.<br \/>\n<\/span><span style=\"font-weight: 400;\">Puoi guardare il profilo<\/span><a href=\"https:\/\/www.showgroup.it\"><span style=\"font-weight: 400;\"> Showgroup<\/span><\/a><span style=\"font-weight: 400;\"> di <\/span><a href=\"https:\/\/www.showgroup.it\/vetrina\/dimore-storiche\/relais-convento_c23255\"><span style=\"font-weight: 400;\">Relais Convento<\/span><\/a><span style=\"font-weight: 400;\"> e contattarlo per il tuo evento aziendale <\/span><a href=\"https:\/\/www.showgroup.it\/vetrina\/dimore-storiche\/relais-convento_c23255\"><span style=\"font-weight: 400;\">cliccando qui<\/span><\/a><span style=\"font-weight: 400;\">.<\/span><\/p>\n<h2><a href=\"https:\/\/www.showgroup.it\"><b>Lecco e provincia<\/b><\/a><\/h2>\n<p><span style=\"font-weight: 400;\">Location per eventi aziendali a<\/span><b> Lecco<\/b><span style=\"font-weight: 400;\">? Eccone due tra le pi\u00f9 belle, conosciamole insieme!<\/span><\/p>\n<h3><a href=\"https:\/\/www.showgroup.it\/vetrina\/dimore-storiche\/villa-sommi-picenardi_c33976\"><b>9.<\/b><b>Villa Sommi Picenardi &#8211; Olgiate Molgora (LC)<\/b><\/a><\/h3>\n<p><a href=\"https:\/\/www.showgroup.it\/vetrina\/dimore-storiche\/villa-sommi-picenardi_c33976\"><img loading=\"lazy\" class=\"alignnone size-full wp-image-89939\" src=\"https:\/\/www.showgroup.it\/blog\/wp-content\/uploads\/2022\/12\/10-min-1.png\" alt=\"\" width=\"1920\" height=\"1080\" srcset=\"https:\/\/www.showgroup.it\/blog\/wp-content\/uploads\/2022\/12\/10-min-1.png 1920w, https:\/\/www.showgroup.it\/blog\/wp-content\/uploads\/2022\/12\/10-min-1-300x169.png 300w, https:\/\/www.showgroup.it\/blog\/wp-content\/uploads\/2022\/12\/10-min-1-1024x576.png 1024w, https:\/\/www.showgroup.it\/blog\/wp-content\/uploads\/2022\/12\/10-min-1-768x432.png 768w, https:\/\/www.showgroup.it\/blog\/wp-content\/uploads\/2022\/12\/10-min-1-1536x864.png 1536w\" sizes=\"(max-width: 1920px) 100vw, 1920px\" \/><\/a>Villa Sommi Picenardi<span style=\"font-weight: 400;\">\u00a0 \u00e8 una <\/span><b>splendida dimora<\/b><span style=\"font-weight: 400;\"> che si <\/span><b>insinua armoniosa<\/b><span style=\"font-weight: 400;\"> su di un imponente <\/span><b>parco secolare<\/b><span style=\"font-weight: 400;\"> abitato da un<\/span><b> incantevole giardino all&#8217;inglese<\/b><span style=\"font-weight: 400;\"> e un <\/span><b>suggestivo giardino all&#8217;italiana<\/b><span style=\"font-weight: 400;\">.<br \/>\n<\/span><span style=\"font-weight: 400;\">La location si adatta ad accogliere e organizzare ogni tipo di evento, avvalendosi di <\/span><b>partner affidabili e di fiducia<\/b><span style=\"font-weight: 400;\">.<br \/>\n<\/span><span style=\"font-weight: 400;\">Qui \u00e8 possibile pianificare per i tuoi invitati visite guidate con i proprietari attraverso il <\/span><b>parco paesaggistico all&#8217;inglese<\/b><span style=\"font-weight: 400;\"> ammirando <\/span><b>alberi secolari e monumentali<\/b><span style=\"font-weight: 400;\">, apprezzandone mole e colori nelle diverse stagioni. Percorrendo vialetti arricchiti dall&#8217;Arte Topiaria, si scopre il <\/span><b>Giardino Segreto all&#8217;Italiana<\/b><span style=\"font-weight: 400;\">, dove natura e architettura antica si fondono in totale armonia. <\/span><span style=\"font-weight: 400;\">Non lasciarti sfuggire il profilo <\/span><a href=\"https:\/\/www.showgroup.it\"><span style=\"font-weight: 400;\">Showgroup <\/span><\/a><span style=\"font-weight: 400;\">di <\/span><a href=\"https:\/\/www.showgroup.it\/vetrina\/dimore-storiche\/villa-sommi-picenardi_c33976\"><span style=\"font-weight: 400;\">Villa Sommi Picenardi cliccando qui<\/span><\/a><span style=\"font-weight: 400;\">.<\/span><\/p>\n<h3><a href=\"https:\/\/www.showgroup.it\/vetrina\/dimore-storiche\/antico-borgo-di-annone_c34111\"><b>10.<\/b><b>Antico Borgo di Annone &#8211; Annone di Brianza (LC)<\/b><\/a><\/h3>\n<p><a href=\"https:\/\/www.showgroup.it\/vetrina\/dimore-storiche\/antico-borgo-di-annone_c34111\"><img loading=\"lazy\" class=\"alignnone size-full wp-image-89940\" src=\"https:\/\/www.showgroup.it\/blog\/wp-content\/uploads\/2022\/12\/11-min-1.png\" alt=\"\" width=\"1920\" height=\"1080\" srcset=\"https:\/\/www.showgroup.it\/blog\/wp-content\/uploads\/2022\/12\/11-min-1.png 1920w, https:\/\/www.showgroup.it\/blog\/wp-content\/uploads\/2022\/12\/11-min-1-300x169.png 300w, https:\/\/www.showgroup.it\/blog\/wp-content\/uploads\/2022\/12\/11-min-1-1024x576.png 1024w, https:\/\/www.showgroup.it\/blog\/wp-content\/uploads\/2022\/12\/11-min-1-768x432.png 768w, https:\/\/www.showgroup.it\/blog\/wp-content\/uploads\/2022\/12\/11-min-1-1536x864.png 1536w\" sizes=\"(max-width: 1920px) 100vw, 1920px\" \/><\/a>Antico Borgo di Annone<span style=\"font-weight: 400;\"> \u00e8 la location ideale <\/span><b>per eventi aziendali<\/b><span style=\"font-weight: 400;\">. Infatti, mette a disposizione pi\u00f9 soluzioni per le aziende che hanno bisogno di spazi diversi per <\/span><b>meeting, coffee break, lunch e cene aziendali<\/b><span style=\"font-weight: 400;\">.<br \/>\n<\/span><span style=\"font-weight: 400;\">Il team di <\/span><a href=\"https:\/\/www.showgroup.it\/vetrina\/dimore-storiche\/antico-borgo-di-annone_c34111\"><span style=\"font-weight: 400;\">Villa Antico Borgo<\/span><\/a><span style=\"font-weight: 400;\"> \u00e8 in grado di <\/span><b>soddisfare tutte le esigenze e le richieste <\/b><span style=\"font-weight: 400;\">specifiche in fatto di <\/span><b>catering<\/b><span style=\"font-weight: 400;\">.<\/span><span style=\"font-weight: 400;\"><br \/>\n<\/span><a href=\"https:\/\/www.showgroup.it\/vetrina\/dimore-storiche\/antico-borgo-di-annone_c34111\"><span style=\"font-weight: 400;\">Antico Borgo<\/span><\/a><span style=\"font-weight: 400;\"> porta ogni evento a un livello superiore. <\/span><span style=\"font-weight: 400;\">Per rendere ancora tutto speciale, lo staff di <\/span><a href=\"https:\/\/www.showgroup.it\/vetrina\/dimore-storiche\/antico-borgo-di-annone_c34111\"><span style=\"font-weight: 400;\">Antico Borgo <\/span><\/a><span style=\"font-weight: 400;\">mette a disposizione servizi di<\/span><b> musica e intrattenimento personalizzabile in base ai gusti della clientela<\/b><span style=\"font-weight: 400;\">.<br \/>\n<\/span><span style=\"font-weight: 400;\">Puoi consultare il profilo di questa location straordinaria<\/span><a href=\"https:\/\/www.showgroup.it\/vetrina\/dimore-storiche\/antico-borgo-di-annone_c34111\"><span style=\"font-weight: 400;\"> cliccando qui: Antico Borgo di Annone<\/span><\/a><span style=\"font-weight: 400;\">.<\/span><\/p>\n<h2><a href=\"https:\/\/www.showgroup.it\"><b>Lodi e provincia<\/b> <\/a><\/h2>\n<p><span style=\"font-weight: 400;\">Se sei alla ricerca<\/span> <span style=\"font-weight: 400;\">di una struttura su<\/span><b> Lodi <\/b><span style=\"font-weight: 400;\">e provincia dove poter organizzare un evento aziendale qui potresti trovare la location adatta a te!<\/span><\/p>\n<h3><a href=\"https:\/\/www.showgroup.it\/vetrina\/dimore-storiche\/villa-fabrizia_c32197\"><b>11.<\/b><b>Villa Fabrizia &#8211; Bertonico (LO)<\/b><\/a><\/h3>\n<p><a href=\"https:\/\/www.showgroup.it\/vetrina\/dimore-storiche\/villa-fabrizia_c32197\"><img loading=\"lazy\" class=\"alignnone wp-image-89941 size-full\" title=\"Villa Fabrizia\" src=\"https:\/\/www.showgroup.it\/blog\/wp-content\/uploads\/2022\/12\/12-min-1.png\" alt=\"Villa Fabrizia\" width=\"1920\" height=\"1080\" srcset=\"https:\/\/www.showgroup.it\/blog\/wp-content\/uploads\/2022\/12\/12-min-1.png 1920w, https:\/\/www.showgroup.it\/blog\/wp-content\/uploads\/2022\/12\/12-min-1-300x169.png 300w, https:\/\/www.showgroup.it\/blog\/wp-content\/uploads\/2022\/12\/12-min-1-1024x576.png 1024w, https:\/\/www.showgroup.it\/blog\/wp-content\/uploads\/2022\/12\/12-min-1-768x432.png 768w, https:\/\/www.showgroup.it\/blog\/wp-content\/uploads\/2022\/12\/12-min-1-1536x864.png 1536w\" sizes=\"(max-width: 1920px) 100vw, 1920px\" \/><\/a>Villa Fabrizia<span style=\"font-weight: 400;\"> \u00e8 un <\/span><b>contesto storico del \u2018700<\/b><span style=\"font-weight: 400;\"> che offre la possibilit\u00e0 di organizzare eventi di qualsiasi tipo, comprese cene aziendali.<\/span><span style=\"font-weight: 400;\"><br \/>\n<\/span><a href=\"https:\/\/www.showgroup.it\/vetrina\/dimore-storiche\/villa-fabrizia_c32197\"><span style=\"font-weight: 400;\">Villa Fabrizia <\/span><\/a><span style=\"font-weight: 400;\">offre anche la possibilit\u00e0 di pernottamento e prima colazione, la soluzione ideale per un evento aziendale suddiviso in pi\u00f9 giorni.<br \/>\n<\/span><span style=\"font-weight: 400;\">Questa struttura pu\u00f2 rivelarsi la location perfetta, ideale. <\/span><span style=\"font-weight: 400;\">Puoi controllare il profilo <\/span><a href=\"https:\/\/www.showgroup.it\"><span style=\"font-weight: 400;\">Showgroup<\/span><\/a><span style=\"font-weight: 400;\"> di <\/span><a href=\"https:\/\/www.showgroup.it\/vetrina\/dimore-storiche\/villa-fabrizia_c32197\"><span style=\"font-weight: 400;\">Villa Fabrizia cliccando qui<\/span><\/a><span style=\"font-weight: 400;\">.<\/span><\/p>\n<h3><a href=\"https:\/\/www.showgroup.it\/vetrina\/dimore-storiche\/villa-litta-carini_c23859\"><b>12.<\/b><b>Villa Litta Carini &#8211; Bertonico (LO)<\/b><\/a><\/h3>\n<p><a href=\"https:\/\/www.showgroup.it\/vetrina\/dimore-storiche\/villa-litta-carini_c23859\"><img loading=\"lazy\" class=\"alignnone wp-image-89942 size-full\" title=\"Villa Litta Carini\" src=\"https:\/\/www.showgroup.it\/blog\/wp-content\/uploads\/2022\/12\/13-min-1.png\" alt=\"Villa Litta Carini\" width=\"1920\" height=\"1080\" srcset=\"https:\/\/www.showgroup.it\/blog\/wp-content\/uploads\/2022\/12\/13-min-1.png 1920w, https:\/\/www.showgroup.it\/blog\/wp-content\/uploads\/2022\/12\/13-min-1-300x169.png 300w, https:\/\/www.showgroup.it\/blog\/wp-content\/uploads\/2022\/12\/13-min-1-1024x576.png 1024w, https:\/\/www.showgroup.it\/blog\/wp-content\/uploads\/2022\/12\/13-min-1-768x432.png 768w, https:\/\/www.showgroup.it\/blog\/wp-content\/uploads\/2022\/12\/13-min-1-1536x864.png 1536w\" sizes=\"(max-width: 1920px) 100vw, 1920px\" \/><\/a>Villa Litta Carini<span style=\"font-weight: 400;\"> \u00e8 una <\/span><b>residenza d&#8217;epoca della met\u00e0 del XVII secolo<\/b><span style=\"font-weight: 400;\">, realizzata dal noto architetto Giovanni Ruggeri.<\/span><span style=\"font-weight: 400;\"><br \/>\n<\/span><span style=\"font-weight: 400;\">Questa location oggi \u00e8 considerata dalle <\/span><b>Belle Arti bene storico e artistico nazionale<\/b><span style=\"font-weight: 400;\">. Frequentata da illustri personaggi come Re Umberto I e Giacomo Puccini, vi incanter\u00e0 con la sua<\/span><b> suggestiva bellezza<\/b><span style=\"font-weight: 400;\">. <\/span><span style=\"font-weight: 400;\">Offre differenti spazi per realizzare il tuo evento: <\/span><b>meeting, convention e eventi aziendali di ogni genere<\/b><span style=\"font-weight: 400;\">.<\/span><span style=\"font-weight: 400;\"><br \/>\n<\/span><span style=\"font-weight: 400;\">Lasciati conquistare dalla bellezza di <\/span><a href=\"https:\/\/www.showgroup.it\/vetrina\/dimore-storiche\/villa-litta-carini_c23859\"><span style=\"font-weight: 400;\">Villa Litta Carini cliccando qui<\/span><\/a><span style=\"font-weight: 400;\">.<\/span><\/p>\n<h2><a href=\"https:\/\/www.showgroup.it\"><b>Milano e provincia<\/b> <\/a><\/h2>\n<p><span style=\"font-weight: 400;\">A pochi minuti da<\/span><b> Milano<\/b><span style=\"font-weight: 400;\"> \u00e8 possibile trovare <\/span><b>ville e dimore storich<\/b><span style=\"font-weight: 400;\">e incredibili dove organizzare eventi aziendali speciali. Conosciamo alcune di queste strutture.<\/span><\/p>\n<h3><a href=\"https:\/\/www.showgroup.it\/vetrina\/dimore-storiche\/villa-borromeo_c22831\"><b>13.<\/b><b>Villa Borromeo &#8211; Cassano d\u2019Adda (MI)<\/b><\/a><\/h3>\n<p><a href=\"https:\/\/www.showgroup.it\/vetrina\/dimore-storiche\/villa-borromeo_c22831\"><img loading=\"lazy\" class=\"alignnone wp-image-89943 size-full\" title=\"Villa Borromeo\" src=\"https:\/\/www.showgroup.it\/blog\/wp-content\/uploads\/2022\/12\/14-min.png\" alt=\"Villa Borromeo\" width=\"1920\" height=\"1080\" srcset=\"https:\/\/www.showgroup.it\/blog\/wp-content\/uploads\/2022\/12\/14-min.png 1920w, https:\/\/www.showgroup.it\/blog\/wp-content\/uploads\/2022\/12\/14-min-300x169.png 300w, https:\/\/www.showgroup.it\/blog\/wp-content\/uploads\/2022\/12\/14-min-1024x576.png 1024w, https:\/\/www.showgroup.it\/blog\/wp-content\/uploads\/2022\/12\/14-min-768x432.png 768w, https:\/\/www.showgroup.it\/blog\/wp-content\/uploads\/2022\/12\/14-min-1536x864.png 1536w\" sizes=\"(max-width: 1920px) 100vw, 1920px\" \/><\/a>Villa Borromeo <span style=\"font-weight: 400;\">\u00e8 situata a <\/span><b>mezz&#8217;ora di macchina dal centro di Milano e di Bergamo<\/b><span style=\"font-weight: 400;\">. Si tratta di una delle pi\u00f9 belle <\/span><b>ville del Settecento lombardo<\/b><span style=\"font-weight: 400;\">, dichiarata monumento nazionale, realizzata dall\u2019illustre Arch. Piermarini al cui genio si devono, tra l\u2019altro, il Teatro alla Scala di Milano e la Villa Reale di Monza.<br \/>\n<\/span><span style=\"font-weight: 400;\">Al suo interno troverai <\/span><b>ambienti raffinati e suggestivi <\/b><span style=\"font-weight: 400;\">capaci di esaltare gli appuntamenti che contano: <\/span><b>dai meeting alle convention, alle cene di gala<\/b><span style=\"font-weight: 400;\">.<br \/>\n<\/span><span style=\"font-weight: 400;\">La <\/span><a href=\"https:\/\/www.showgroup.it\/vetrina\/dimore-storiche\/villa-borromeo_c22831\"><span style=\"font-weight: 400;\">villa<\/span><\/a><span style=\"font-weight: 400;\">, completamente restaurata e attrezzata per rispondere alle esigenze pi\u00f9 attuali, si adagia nel verde di un <\/span><b>parco secolare di 70.000 mq <\/b><span style=\"font-weight: 400;\">ornato di viali di carpini e tigli. <\/span><span style=\"font-weight: 400;\">\u00c8<\/span><span style=\"font-weight: 400;\"> presente, inoltre, un ampio parcheggio interno.<br \/>\n<\/span><span style=\"font-weight: 400;\">Puoi visitare ora il profilo<\/span><a href=\"https:\/\/www.showgroup.it\/vetrina\/dimore-storiche\/villa-borromeo_c22831\"><span style=\"font-weight: 400;\"> Showgroup<\/span><\/a><span style=\"font-weight: 400;\"> di <\/span><a href=\"https:\/\/www.showgroup.it\/vetrina\/dimore-storiche\/villa-borromeo_c22831\"><span style=\"font-weight: 400;\">Villa Borromeo cliccando qui<\/span><\/a><span style=\"font-weight: 400;\">.<\/span><\/p>\n<h3><a href=\"https:\/\/www.showgroup.it\/vetrina\/dimore-storiche\/spazio-seicento_c32474\"><b>14.<\/b><b>Spazio Seicento &#8211; Busto Garolfo (MI)<\/b><\/a><\/h3>\n<p><a href=\"https:\/\/www.showgroup.it\/vetrina\/dimore-storiche\/spazio-seicento_c32474\"><img loading=\"lazy\" class=\"alignnone wp-image-89944 size-full\" title=\"Spazio Seicento\" src=\"https:\/\/www.showgroup.it\/blog\/wp-content\/uploads\/2022\/12\/15-min.png\" alt=\"Spazio Seicento\" width=\"1920\" height=\"1080\" srcset=\"https:\/\/www.showgroup.it\/blog\/wp-content\/uploads\/2022\/12\/15-min.png 1920w, https:\/\/www.showgroup.it\/blog\/wp-content\/uploads\/2022\/12\/15-min-300x169.png 300w, https:\/\/www.showgroup.it\/blog\/wp-content\/uploads\/2022\/12\/15-min-1024x576.png 1024w, https:\/\/www.showgroup.it\/blog\/wp-content\/uploads\/2022\/12\/15-min-768x432.png 768w, https:\/\/www.showgroup.it\/blog\/wp-content\/uploads\/2022\/12\/15-min-1536x864.png 1536w\" sizes=\"(max-width: 1920px) 100vw, 1920px\" \/><\/a>Spazio Seicento <span style=\"font-weight: 400;\">dispone di <\/span><b>ampi spazi interni<\/b><span style=\"font-weight: 400;\">, <\/span><b>impreziositi da mobili e oggetti dell&#8217;epoca<\/b><span style=\"font-weight: 400;\">, che, integrati da elementi pi\u00f9 contemporanei ed attuali, saranno la <\/span><b>cornice esclusiva di un evento ineguagliabile<\/b><span style=\"font-weight: 400;\">.<br \/>\n<\/span><span style=\"font-weight: 400;\">La sala ricevimenti e ballo, dotata di aria condizionata e impianto audio, \u00e8 un luminoso ed ampio locale con soffitti a volte e vista sul parco, attraverso una <\/span><b>lunga parete vetrata<\/b><span style=\"font-weight: 400;\">. Collegata ad essa, vi \u00e8 la <\/span><b>sala Rustica<\/b><span style=\"font-weight: 400;\">, un ambiente altrettanto spazioso che pu\u00f2 accogliere fino a 70 persone sedute; a corredo vi sono poi altre sale pi\u00f9 raccolte.<br \/>\n<\/span><span style=\"font-weight: 400;\">Per il tuo <\/span><b>evento aziendale<\/b><span style=\"font-weight: 400;\">, non perderti il profilo <\/span><a href=\"https:\/\/www.showgroup.it\/vetrina\/dimore-storiche\/spazio-seicento_c32474\"><span style=\"font-weight: 400;\">Showgroup di Spazio Seicento cliccando qui<\/span><\/a><span style=\"font-weight: 400;\">.<\/span><\/p>\n<h2><a href=\"https:\/\/www.showgroup.it\"><b>Monza-Brianza e provincia<\/b> <\/a><\/h2>\n<p><span style=\"font-weight: 400;\">Evento aziendale su <\/span><b>Monza e Brianza<\/b><span style=\"font-weight: 400;\">? Ecco alcune<\/span><b> location da contattare<\/b><span style=\"font-weight: 400;\">, in modo gratuito, su <\/span><a href=\"https:\/\/www.showgroup.it\"><span style=\"font-weight: 400;\">Showgroup<\/span><\/a><span style=\"font-weight: 400;\">!<\/span><\/p>\n<h3><a href=\"https:\/\/www.showgroup.it\/vetrina\/dimore-storiche\/villa-antona-traversi_c33924\"><b>16.<\/b><b>Villa Antona Traversi &#8211; Meda (MB)<\/b><\/a><\/h3>\n<p><a href=\"https:\/\/www.showgroup.it\/vetrina\/dimore-storiche\/villa-antona-traversi_c33924\"><img loading=\"lazy\" class=\"alignnone size-full wp-image-89945\" src=\"https:\/\/www.showgroup.it\/blog\/wp-content\/uploads\/2022\/12\/16-min.png\" alt=\"\" width=\"1920\" height=\"1080\" srcset=\"https:\/\/www.showgroup.it\/blog\/wp-content\/uploads\/2022\/12\/16-min.png 1920w, https:\/\/www.showgroup.it\/blog\/wp-content\/uploads\/2022\/12\/16-min-300x169.png 300w, https:\/\/www.showgroup.it\/blog\/wp-content\/uploads\/2022\/12\/16-min-1024x576.png 1024w, https:\/\/www.showgroup.it\/blog\/wp-content\/uploads\/2022\/12\/16-min-768x432.png 768w, https:\/\/www.showgroup.it\/blog\/wp-content\/uploads\/2022\/12\/16-min-1536x864.png 1536w\" sizes=\"(max-width: 1920px) 100vw, 1920px\" \/><\/a>Villa Antona Traversi<span style=\"font-weight: 400;\"> a Meda, come appare oggi, \u00e8 il risultato della <\/span><b>trasformazione del monastero di San Vittore<\/b><span style=\"font-weight: 400;\"> operata dall\u2019architetto <\/span><b>Leopoldo Pollack<\/b><span style=\"font-weight: 400;\"> nei primissimi anni del secolo XIX.<br \/>\n<\/span><span style=\"font-weight: 400;\">Il millenario monastero femminile di San Vittore fu soppresso il 29 maggio 1798 da un decreto della Repubblica Cisalpina, le monache furono espulse e i beni, compreso l\u2019immobile, venduti all&#8217;asta.<br \/>\n<\/span><a href=\"https:\/\/www.showgroup.it\/vetrina\/dimore-storiche\/villa-antona-traversi_c33924\"><span style=\"font-weight: 400;\">Villa Antona Traversi <\/span><\/a><span style=\"font-weight: 400;\">offre un\u2019<\/span><b>ampia variet\u00e0 di spazi<\/b><span style=\"font-weight: 400;\">, sia interni sia esterni, che la rendono una cornice unica per l\u2019organizzazione di eventi. Puoi approfondire la storia di questa struttura e contattarla gratuitamente per il tuo evento, <\/span><a href=\"https:\/\/www.showgroup.it\/vetrina\/dimore-storiche\/villa-antona-traversi_c33924\"><span style=\"font-weight: 400;\">cliccando qui<\/span><\/a><span style=\"font-weight: 400;\">.<\/span><\/p>\n<h3><a href=\"https:\/\/www.showgroup.it\/vetrina\/dimore-storiche\/villa-spalletti-trivelli-arcore_c33832\"><b>17.<\/b><b>Villa Spalletti Trivelli Arcore &#8211; Arcore (MB)<\/b><\/a><\/h3>\n<p><span style=\"font-weight: 400;\"><a href=\"https:\/\/www.showgroup.it\/vetrina\/dimore-storiche\/villa-spalletti-trivelli-arcore_c33832\"><img loading=\"lazy\" class=\"alignnone size-full wp-image-89946\" src=\"https:\/\/www.showgroup.it\/blog\/wp-content\/uploads\/2022\/12\/17-min.png\" alt=\"\" width=\"1920\" height=\"1080\" srcset=\"https:\/\/www.showgroup.it\/blog\/wp-content\/uploads\/2022\/12\/17-min.png 1920w, https:\/\/www.showgroup.it\/blog\/wp-content\/uploads\/2022\/12\/17-min-300x169.png 300w, https:\/\/www.showgroup.it\/blog\/wp-content\/uploads\/2022\/12\/17-min-1024x576.png 1024w, https:\/\/www.showgroup.it\/blog\/wp-content\/uploads\/2022\/12\/17-min-768x432.png 768w, https:\/\/www.showgroup.it\/blog\/wp-content\/uploads\/2022\/12\/17-min-1536x864.png 1536w\" sizes=\"(max-width: 1920px) 100vw, 1920px\" \/><\/a>La corte antica e le magnifiche sale affrescate di <\/span><a href=\"https:\/\/www.showgroup.it\/vetrina\/dimore-storiche\/villa-spalletti-trivelli-arcore_c33832\"><span style=\"font-weight: 400;\">Villa Spalletti Trivelli <\/span><\/a><span style=\"font-weight: 400;\">sono il luogo ideale per <\/span><b>cene di gala<\/b><span style=\"font-weight: 400;\">,<\/span><b> riunioni di lavoro e meeting aziendali<\/b><span style=\"font-weight: 400;\">.<br \/>\n<\/span><span style=\"font-weight: 400;\">I <\/span><b>giardini e l\u2019ampio viale seicentesco<\/b><span style=\"font-weight: 400;\"> saranno la splendida cornice per il tuo evento.<br \/>\n<\/span><a href=\"https:\/\/www.showgroup.it\/vetrina\/dimore-storiche\/villa-spalletti-trivelli-arcore_c33832\"><span style=\"font-weight: 400;\">Villa Spalletti Trivelli<\/span><\/a><span style=\"font-weight: 400;\"> mette a disposizione sia spazi interni che esterni come: <\/span><span style=\"font-weight: 400;\">magnifiche <\/span><b>sale affrescate<\/b><span style=\"font-weight: 400;\"> arricchite da<\/span><b> grandi camini del cinquecento<\/b><span style=\"font-weight: 400;\">,\u00a0 il<\/span><b> giardino d\u2019inverno e quelli all\u2019italiana<\/b><span style=\"font-weight: 400;\">.<br \/>\n<\/span><span style=\"font-weight: 400;\">La struttura offre servizi aggiuntivi come la presenza di un <\/span><b>fotografo professionista<\/b><span style=\"font-weight: 400;\">, <\/span><b>servizio di security, parcheggio e servizio navetta<\/b><span style=\"font-weight: 400;\">.<\/span><span style=\"font-weight: 400;\"><br \/>\n<\/span><span style=\"font-weight: 400;\">Non dimenticarti di visitare il profilo <\/span><a href=\"https:\/\/www.showgroup.it\"><span style=\"font-weight: 400;\">Showgroup<\/span><\/a><span style=\"font-weight: 400;\"> di <\/span><a href=\"https:\/\/www.showgroup.it\/vetrina\/dimore-storiche\/villa-spalletti-trivelli-arcore_c33832\"><span style=\"font-weight: 400;\">Villa Spalletti Trivelli Arcore cliccando qui<\/span><\/a><span style=\"font-weight: 400;\">.<\/span><\/p>\n<h2><a href=\"https:\/\/www.showgroup.it\"><b>Varese e provincia<\/b> <\/a><\/h2>\n<p><span style=\"font-weight: 400;\">Diamo un\u2019occhiata ai<\/span><b> castelli e alle dimore storiche pi\u00f9 belle<\/b><span style=\"font-weight: 400;\">, disponibili per eventi aziendali, iscritte a <\/span><a href=\"https:\/\/www.showgroup.it\/\"><span style=\"font-weight: 400;\">Showgroup<\/span><\/a><span style=\"font-weight: 400;\">, presenti in provincia di <\/span><b>Varese<\/b><span style=\"font-weight: 400;\">.<\/span><\/p>\n<h3><a href=\"https:\/\/www.showgroup.it\/vetrina\/dimore-storiche\/hotel-villa-borghi_c33305?from_search=true\"><b>18.<\/b><b>Hotel Villa Borghi &#8211; Varano Borghi (VA)<\/b><\/a><\/h3>\n<p><a href=\"https:\/\/www.showgroup.it\/vetrina\/dimore-storiche\/hotel-villa-borghi_c33305?from_search=true\"><img loading=\"lazy\" class=\"alignnone size-full wp-image-89947\" src=\"https:\/\/www.showgroup.it\/blog\/wp-content\/uploads\/2022\/12\/18-min.png\" alt=\"\" width=\"1920\" height=\"1080\" srcset=\"https:\/\/www.showgroup.it\/blog\/wp-content\/uploads\/2022\/12\/18-min.png 1920w, https:\/\/www.showgroup.it\/blog\/wp-content\/uploads\/2022\/12\/18-min-300x169.png 300w, https:\/\/www.showgroup.it\/blog\/wp-content\/uploads\/2022\/12\/18-min-1024x576.png 1024w, https:\/\/www.showgroup.it\/blog\/wp-content\/uploads\/2022\/12\/18-min-768x432.png 768w, https:\/\/www.showgroup.it\/blog\/wp-content\/uploads\/2022\/12\/18-min-1536x864.png 1536w\" sizes=\"(max-width: 1920px) 100vw, 1920px\" \/><\/a>Hotel Villa Borghi<span style=\"font-weight: 400;\"> \u00e8 una location suggestiva, una <\/span><b>villa storica immersa in un lussureggiante parco secolare <\/b><span style=\"font-weight: 400;\">con vista sul lago di Comabbio e a pochi km dal Lago Maggiore.<\/span><span style=\"font-weight: 400;\"><br \/>\n<\/span><span style=\"font-weight: 400;\">Gli spazi interni possono contenere fino a <\/span><b>180 persone<\/b><span style=\"font-weight: 400;\">, mentre quelli esterni fino a <\/span><b>400<\/b><span style=\"font-weight: 400;\">.<\/span><span style=\"font-weight: 400;\"><br \/>\n<\/span><span style=\"font-weight: 400;\">Su richiesta \u00e8 possibile usufruire di un servizio di noleggio auto e intrattenimento musicale. <\/span><a href=\"https:\/\/www.showgroup.it\/vetrina\/dimore-storiche\/hotel-villa-borghi_c33305?from_search=true\"><span style=\"font-weight: 400;\">Hotel Villa Borghi<\/span><\/a><span style=\"font-weight: 400;\"> \u00e8 l\u2019ideale per l\u2019organizzazione del tuo evento aziendale, lasciati conquistare dal <\/span><a href=\"https:\/\/www.showgroup.it\/vetrina\/dimore-storiche\/hotel-villa-borghi_c33305?from_search=true\"><span style=\"font-weight: 400;\">suo profilo Showgroup cliccando qui<\/span><\/a><span style=\"font-weight: 400;\">.<\/span><\/p>\n<h3><a href=\"https:\/\/www.showgroup.it\/vetrina\/dimore-storiche\/villa-panza_c35267\"><b>19.<\/b><b>Villa Panza &#8211; Varese (VA)<\/b><\/a><\/h3>\n<p><a href=\"https:\/\/www.showgroup.it\/vetrina\/dimore-storiche\/villa-panza_c35267\"><img loading=\"lazy\" class=\"alignnone wp-image-89948 size-full\" title=\"Villa Panza\" src=\"https:\/\/www.showgroup.it\/blog\/wp-content\/uploads\/2022\/12\/19-min.png\" alt=\"Villa Panza\" width=\"1920\" height=\"1080\" srcset=\"https:\/\/www.showgroup.it\/blog\/wp-content\/uploads\/2022\/12\/19-min.png 1920w, https:\/\/www.showgroup.it\/blog\/wp-content\/uploads\/2022\/12\/19-min-300x169.png 300w, https:\/\/www.showgroup.it\/blog\/wp-content\/uploads\/2022\/12\/19-min-1024x576.png 1024w, https:\/\/www.showgroup.it\/blog\/wp-content\/uploads\/2022\/12\/19-min-768x432.png 768w, https:\/\/www.showgroup.it\/blog\/wp-content\/uploads\/2022\/12\/19-min-1536x864.png 1536w\" sizes=\"(max-width: 1920px) 100vw, 1920px\" \/><\/a>Villa Panza<span style=\"font-weight: 400;\">, nota in tutto il mondo come <\/span><b>centro d\u2019arte contemporanea<\/b><span style=\"font-weight: 400;\">, ha origini settecentesche.<\/span><span style=\"font-weight: 400;\"><br \/>\n<\/span><span style=\"font-weight: 400;\">Una storia ricca di cultura e avvenimenti storici avvolge questa struttura, puoi approfondire <\/span><a href=\"https:\/\/www.showgroup.it\/vetrina\/dimore-storiche\/villa-panza_c35267\"><span style=\"font-weight: 400;\">cliccando qui<\/span><\/a><span style=\"font-weight: 400;\">.<br \/>\n<\/span><span style=\"font-weight: 400;\">Questa location si presta perfettamente per <\/span><b>eventi privati, lanci di nuovi prodotti, meeting aziendali, convention e attivit\u00e0 di team building<\/b><span style=\"font-weight: 400;\">.<\/span><span style=\"font-weight: 400;\"><br \/>\n<\/span><span style=\"font-weight: 400;\">I partecipanti potranno prendere parte anche a visite guidate all\u2019interno di<\/span><a href=\"https:\/\/www.showgroup.it\/vetrina\/dimore-storiche\/villa-panza_c35267\"><span style=\"font-weight: 400;\"> Villa Panza<\/span><\/a><span style=\"font-weight: 400;\">, un\u2019esperienza unica per conoscere meglio la location.<\/span><span style=\"font-weight: 400;\"><br \/>\n<\/span><span style=\"font-weight: 400;\">Puoi dare un\u2019occhiata al profilo <\/span><a href=\"https:\/\/www.showgroup.it\"><span style=\"font-weight: 400;\">Showgroup<\/span><\/a><span style=\"font-weight: 400;\"> di<\/span><a href=\"https:\/\/www.showgroup.it\/vetrina\/dimore-storiche\/villa-panza_c35267\"><span style=\"font-weight: 400;\"> Villa Panza cliccando qui<\/span><\/a><span style=\"font-weight: 400;\">.<\/span><\/p>\n<h3><a href=\"https:\/\/www.showgroup.it\/vetrina\/dimore-storiche\/villa-castiglioni-fisogni_c33884\"><b>\u00a020.<\/b><b>Villa Castiglioni Fisogni &#8211; Tradate Varese (VA)<\/b><\/a><\/h3>\n<p><a href=\"https:\/\/www.showgroup.it\/vetrina\/dimore-storiche\/villa-castiglioni-fisogni_c33884\"><img loading=\"lazy\" class=\"alignnone wp-image-89949 size-full\" title=\"Villa Castiglioni\" src=\"https:\/\/www.showgroup.it\/blog\/wp-content\/uploads\/2022\/12\/20-min.png\" alt=\"Villa Castiglioni\" width=\"1920\" height=\"1080\" srcset=\"https:\/\/www.showgroup.it\/blog\/wp-content\/uploads\/2022\/12\/20-min.png 1920w, https:\/\/www.showgroup.it\/blog\/wp-content\/uploads\/2022\/12\/20-min-300x169.png 300w, https:\/\/www.showgroup.it\/blog\/wp-content\/uploads\/2022\/12\/20-min-1024x576.png 1024w, https:\/\/www.showgroup.it\/blog\/wp-content\/uploads\/2022\/12\/20-min-768x432.png 768w, https:\/\/www.showgroup.it\/blog\/wp-content\/uploads\/2022\/12\/20-min-1536x864.png 1536w\" sizes=\"(max-width: 1920px) 100vw, 1920px\" \/><\/a>Villa Castiglioni di Tradate<span style=\"font-weight: 400;\">,<\/span><span style=\"font-weight: 400;\"> risalente al <\/span><b>XVIII secolo<\/b><span style=\"font-weight: 400;\">, \u00e8 uno splendido esempio di <\/span><b>tenuta signorile in stile liberty<\/b><span style=\"font-weight: 400;\">, circondata da un <\/span><b>vasto e verde parco<\/b><span style=\"font-weight: 400;\">.<br \/>\n<\/span><span style=\"font-weight: 400;\">Location ideale per eventi aziendali, raggiungibile comodamente da Varese, Como, Milano e a due passi dal canton Ticino.<br \/>\n<\/span><span style=\"font-weight: 400;\">La villa mette a disposizione diversi spazi: <\/span><b>saloni liberty, un ampio giardino curato, una sala da 200 posti<\/b><span style=\"font-weight: 400;\">.<\/span><span style=\"font-weight: 400;\"><br \/>\n<\/span><span style=\"font-weight: 400;\">Non perderti il profilo<\/span><a href=\"https:\/\/www.showgroup.it\/vetrina\/dimore-storiche\/villa-castiglioni-fisogni_c33884\"><span style=\"font-weight: 400;\"> Showgroup di Villa Castiglioni di Tradate cliccando qui<\/span><\/a><span style=\"font-weight: 400;\">.<\/span><\/p>\n<h2><a href=\"https:\/\/www.showgroup.it\/\"><b>Trova la location adatta al tuo evento su Showgroup!<\/b><\/a><\/h2>\n<p><span style=\"font-weight: 400;\">Contattare una location per eventi su<\/span><a href=\"https:\/\/www.showgroup.it\/\"><span style=\"font-weight: 400;\"> Showgroup<\/span><\/a><span style=\"font-weight: 400;\"> \u00e8 pi\u00f9 facile che mai:<\/span><\/p>\n<ol>\n<li style=\"font-weight: 400;\" aria-level=\"1\"><span style=\"font-weight: 400;\">Visita <\/span><a href=\"https:\/\/www.showgroup.it\/\"><span style=\"font-weight: 400;\">www.showgroup.it<\/span><\/a><\/li>\n<li style=\"font-weight: 400;\" aria-level=\"1\"><span style=\"font-weight: 400;\">dai un\u2019occhiata ai profil<\/span><a href=\"https:\/\/www.showgroup.it\/vetrine\/dj\"><span style=\"font-weight: 400;\">i<\/span><\/a><span style=\"font-weight: 400;\"> delle location iscritte, disponibili nella tua citt\u00e0<\/span><\/li>\n<li style=\"font-weight: 400;\" aria-level=\"1\"><span style=\"font-weight: 400;\">invia un messaggio alle strutture che pi\u00f9 ti piacciono e organizza i dettagli dell\u2019ingaggio!<\/span><\/li>\n<\/ol>\n<p><a href=\"https:\/\/www.showgroup.it\/\"><span style=\"font-weight: 400;\">Showgroup<\/span><\/a><span style=\"font-weight: 400;\"> \u00e8 semplice, veloce e con pochi clic ti permette di contattare gratis e autonomamente la location pi\u00f9 adatta al tuo evento!<\/span><\/p>\n","protected":false},"excerpt":{"rendered":"<p>I castelli e le dimore storiche sono senza dubbio tra le location pi\u00f9 ambite per l\u2019organizzazione di eventi, anche quelli [&hellip;]<\/p>\n","protected":false},"author":5,"featured_media":89929,"comment_status":"closed","ping_status":"closed","sticky":false,"template":"","format":"standard","meta":[],"categories":[661],"tags":[200,202,406,418,572,590,591],"yoast_head":"<!-- This site is optimized with the Yoast SEO plugin v16.9 - https:\/\/yoast.com\/wordpress\/plugins\/seo\/ -->\n<title>20 Dimore storiche per eventi aziendali in Lombardia &bull; Showgroup - Ready to be WOW!<\/title>\n<meta name=\"description\" content=\"Scopriamo insieme alcuni dei castelli e delle dimore storiche adatte a eventi aziendali, iscritte su Showgroup, da non perdere!\" \/>\n<meta name=\"robots\" content=\"index, follow, max-snippet:-1, max-image-preview:large, max-video-preview:-1\" \/>\n<link rel=\"canonical\" href=\"https:\/\/www.showgroup.it\/blog\/2022\/12\/15\/20-dimore-storiche-per-eventi-aziendali-in-lombardia\/\" \/>\n<meta property=\"og:locale\" content=\"it_IT\" \/>\n<meta property=\"og:type\" content=\"article\" \/>\n<meta property=\"og:title\" content=\"20 Dimore storiche per eventi aziendali in Lombardia &bull; Showgroup - Ready to be WOW!\" \/>\n<meta property=\"og:description\" content=\"Scopriamo insieme alcuni dei castelli e delle dimore storiche adatte a eventi aziendali, iscritte su Showgroup, da non perdere!\" \/>\n<meta property=\"og:url\" content=\"https:\/\/www.showgroup.it\/blog\/2022\/12\/15\/20-dimore-storiche-per-eventi-aziendali-in-lombardia\/\" \/>\n<meta property=\"og:site_name\" content=\"Showgroup - Ready to be WOW!\" \/>\n<meta property=\"article:publisher\" content=\"https:\/\/www.facebook.com\/ShowGroupWow\/\" \/>\n<meta property=\"article:published_time\" content=\"2022-12-15T15:30:53+00:00\" \/>\n<meta property=\"article:modified_time\" content=\"2025-05-28T14:15:20+00:00\" \/>\n<meta property=\"og:image\" content=\"https:\/\/www.showgroup.it\/blog\/wp-content\/uploads\/2022\/12\/1-min-1.png\" \/>\n\t<meta property=\"og:image:width\" content=\"1920\" \/>\n\t<meta property=\"og:image:height\" content=\"1080\" \/>\n<meta name=\"twitter:card\" content=\"summary_large_image\" \/>\n<meta name=\"twitter:label1\" content=\"Scritto da\" \/>\n\t<meta name=\"twitter:data1\" content=\"Benedetta Gatti\" \/>\n\t<meta name=\"twitter:label2\" content=\"Tempo di lettura stimato\" \/>\n\t<meta name=\"twitter:data2\" content=\"15 minuti\" \/>\n<script type=\"application\/ld+json\" class=\"yoast-schema-graph\">{\"@context\":\"https:\/\/schema.org\",\"@graph\":[{\"@type\":\"Organization\",\"@id\":\"https:\/\/www.showgroup.it\/#organization\",\"name\":\"Showgroup\",\"url\":\"https:\/\/www.showgroup.it\/\",\"sameAs\":[\"https:\/\/www.facebook.com\/ShowGroupWow\/\",\"https:\/\/www.instagram.com\/showgroupwow\/\"],\"logo\":{\"@type\":\"ImageObject\",\"@id\":\"https:\/\/www.showgroup.it\/#logo\",\"inLanguage\":\"it-IT\",\"url\":\"https:\/\/www.showgroup.it\/blog\/wp-content\/uploads\/2025\/01\/logo-black.svg\",\"contentUrl\":\"https:\/\/www.showgroup.it\/blog\/wp-content\/uploads\/2025\/01\/logo-black.svg\",\"width\":1440,\"height\":916,\"caption\":\"Showgroup\"},\"image\":{\"@id\":\"https:\/\/www.showgroup.it\/#logo\"}},{\"@type\":\"WebSite\",\"@id\":\"https:\/\/www.showgroup.it\/#website\",\"url\":\"https:\/\/www.showgroup.it\/\",\"name\":\"Showgroup - Ready to be WOW!\",\"description\":\"Il primo portale gratuito dedicato al mondo dello spettacolo.\",\"publisher\":{\"@id\":\"https:\/\/www.showgroup.it\/#organization\"},\"potentialAction\":[{\"@type\":\"SearchAction\",\"target\":{\"@type\":\"EntryPoint\",\"urlTemplate\":\"https:\/\/www.showgroup.it\/?s={search_term_string}\"},\"query-input\":\"required name=search_term_string\"}],\"inLanguage\":\"it-IT\"},{\"@type\":\"ImageObject\",\"@id\":\"https:\/\/www.showgroup.it\/blog\/2022\/12\/15\/20-dimore-storiche-per-eventi-aziendali-in-lombardia\/#primaryimage\",\"inLanguage\":\"it-IT\",\"url\":\"https:\/\/www.showgroup.it\/blog\/wp-content\/uploads\/2022\/12\/1-min-1.png\",\"contentUrl\":\"https:\/\/www.showgroup.it\/blog\/wp-content\/uploads\/2022\/12\/1-min-1.png\",\"width\":1920,\"height\":1080},{\"@type\":\"WebPage\",\"@id\":\"https:\/\/www.showgroup.it\/blog\/2022\/12\/15\/20-dimore-storiche-per-eventi-aziendali-in-lombardia\/#webpage\",\"url\":\"https:\/\/www.showgroup.it\/blog\/2022\/12\/15\/20-dimore-storiche-per-eventi-aziendali-in-lombardia\/\",\"name\":\"20 Dimore storiche per eventi aziendali in Lombardia &bull; Showgroup - Ready to be WOW!\",\"isPartOf\":{\"@id\":\"https:\/\/www.showgroup.it\/#website\"},\"primaryImageOfPage\":{\"@id\":\"https:\/\/www.showgroup.it\/blog\/2022\/12\/15\/20-dimore-storiche-per-eventi-aziendali-in-lombardia\/#primaryimage\"},\"datePublished\":\"2022-12-15T15:30:53+00:00\",\"dateModified\":\"2025-05-28T14:15:20+00:00\",\"description\":\"Scopriamo insieme alcuni dei castelli e delle dimore storiche adatte a eventi aziendali, iscritte su Showgroup, da non perdere!\",\"breadcrumb\":{\"@id\":\"https:\/\/www.showgroup.it\/blog\/2022\/12\/15\/20-dimore-storiche-per-eventi-aziendali-in-lombardia\/#breadcrumb\"},\"inLanguage\":\"it-IT\",\"potentialAction\":[{\"@type\":\"ReadAction\",\"target\":[\"https:\/\/www.showgroup.it\/blog\/2022\/12\/15\/20-dimore-storiche-per-eventi-aziendali-in-lombardia\/\"]}]},{\"@type\":\"BreadcrumbList\",\"@id\":\"https:\/\/www.showgroup.it\/blog\/2022\/12\/15\/20-dimore-storiche-per-eventi-aziendali-in-lombardia\/#breadcrumb\",\"itemListElement\":[{\"@type\":\"ListItem\",\"position\":1,\"name\":\"Home\",\"item\":\"https:\/\/www.showgroup.it\/blog\/\"},{\"@type\":\"ListItem\",\"position\":2,\"name\":\"20 Dimore storiche per eventi aziendali in Lombardia\"}]},{\"@type\":\"Article\",\"@id\":\"https:\/\/www.showgroup.it\/blog\/2022\/12\/15\/20-dimore-storiche-per-eventi-aziendali-in-lombardia\/#article\",\"isPartOf\":{\"@id\":\"https:\/\/www.showgroup.it\/blog\/2022\/12\/15\/20-dimore-storiche-per-eventi-aziendali-in-lombardia\/#webpage\"},\"author\":{\"@id\":\"https:\/\/www.showgroup.it\/#\/schema\/person\/9b799d433be4e17451d197175628047a\"},\"headline\":\"20 Dimore storiche per eventi aziendali in Lombardia\",\"datePublished\":\"2022-12-15T15:30:53+00:00\",\"dateModified\":\"2025-05-28T14:15:20+00:00\",\"mainEntityOfPage\":{\"@id\":\"https:\/\/www.showgroup.it\/blog\/2022\/12\/15\/20-dimore-storiche-per-eventi-aziendali-in-lombardia\/#webpage\"},\"wordCount\":2358,\"publisher\":{\"@id\":\"https:\/\/www.showgroup.it\/#organization\"},\"image\":{\"@id\":\"https:\/\/www.showgroup.it\/blog\/2022\/12\/15\/20-dimore-storiche-per-eventi-aziendali-in-lombardia\/#primaryimage\"},\"thumbnailUrl\":\"https:\/\/www.showgroup.it\/blog\/wp-content\/uploads\/2022\/12\/1-min-1.png\",\"keywords\":[\"location\",\"castello\",\"lombardia\",\"azienda\",\"struttura\",\"meeting\",\"meeting aziendali\"],\"articleSection\":[\"Eventi e location\"],\"inLanguage\":\"it-IT\"},{\"@type\":\"Person\",\"@id\":\"https:\/\/www.showgroup.it\/#\/schema\/person\/9b799d433be4e17451d197175628047a\",\"name\":\"Benedetta Gatti\",\"image\":{\"@type\":\"ImageObject\",\"@id\":\"https:\/\/www.showgroup.it\/#personlogo\",\"inLanguage\":\"it-IT\",\"url\":\"https:\/\/secure.gravatar.com\/avatar\/32ceeb7300be30aabe2c84fdaa89eac0?s=96&d=mm&r=g\",\"contentUrl\":\"https:\/\/secure.gravatar.com\/avatar\/32ceeb7300be30aabe2c84fdaa89eac0?s=96&d=mm&r=g\",\"caption\":\"Benedetta Gatti\"}}]}<\/script>\n<!-- \/ Yoast SEO plugin. -->","yoast_head_json":{"title":"20 Dimore storiche per eventi aziendali in Lombardia &bull; Showgroup - Ready to be WOW!","description":"Scopriamo insieme alcuni dei castelli e delle dimore storiche adatte a eventi aziendali, iscritte su Showgroup, da non perdere!","robots":{"index":"index","follow":"follow","max-snippet":"max-snippet:-1","max-image-preview":"max-image-preview:large","max-video-preview":"max-video-preview:-1"},"canonical":"https:\/\/www.showgroup.it\/blog\/2022\/12\/15\/20-dimore-storiche-per-eventi-aziendali-in-lombardia\/","og_locale":"it_IT","og_type":"article","og_title":"20 Dimore storiche per eventi aziendali in Lombardia &bull; Showgroup - Ready to be WOW!","og_description":"Scopriamo insieme alcuni dei castelli e delle dimore storiche adatte a eventi aziendali, iscritte su Showgroup, da non perdere!","og_url":"https:\/\/www.showgroup.it\/blog\/2022\/12\/15\/20-dimore-storiche-per-eventi-aziendali-in-lombardia\/","og_site_name":"Showgroup - Ready to be WOW!","article_publisher":"https:\/\/www.facebook.com\/ShowGroupWow\/","article_published_time":"2022-12-15T15:30:53+00:00","article_modified_time":"2025-05-28T14:15:20+00:00","og_image":[{"width":1920,"height":1080,"url":"https:\/\/www.showgroup.it\/blog\/wp-content\/uploads\/2022\/12\/1-min-1.png","path":"\/sites\/www.showgroup.it\/files\/blog\/wp-content\/uploads\/2022\/12\/1-min-1.png","size":"full","id":89929,"alt":"","pixels":2073600,"type":"image\/png"}],"twitter_card":"summary_large_image","twitter_misc":{"Scritto da":"Benedetta Gatti","Tempo di lettura stimato":"15 minuti"},"schema":{"@context":"https:\/\/schema.org","@graph":[{"@type":"Organization","@id":"https:\/\/www.showgroup.it\/#organization","name":"Showgroup","url":"https:\/\/www.showgroup.it\/","sameAs":["https:\/\/www.facebook.com\/ShowGroupWow\/","https:\/\/www.instagram.com\/showgroupwow\/"],"logo":{"@type":"ImageObject","@id":"https:\/\/www.showgroup.it\/#logo","inLanguage":"it-IT","url":"https:\/\/www.showgroup.it\/blog\/wp-content\/uploads\/2025\/01\/logo-black.svg","contentUrl":"https:\/\/www.showgroup.it\/blog\/wp-content\/uploads\/2025\/01\/logo-black.svg","width":1440,"height":916,"caption":"Showgroup"},"image":{"@id":"https:\/\/www.showgroup.it\/#logo"}},{"@type":"WebSite","@id":"https:\/\/www.showgroup.it\/#website","url":"https:\/\/www.showgroup.it\/","name":"Showgroup - Ready to be WOW!","description":"Il primo portale gratuito dedicato al mondo dello spettacolo.","publisher":{"@id":"https:\/\/www.showgroup.it\/#organization"},"potentialAction":[{"@type":"SearchAction","target":{"@type":"EntryPoint","urlTemplate":"https:\/\/www.showgroup.it\/?s={search_term_string}"},"query-input":"required name=search_term_string"}],"inLanguage":"it-IT"},{"@type":"ImageObject","@id":"https:\/\/www.showgroup.it\/blog\/2022\/12\/15\/20-dimore-storiche-per-eventi-aziendali-in-lombardia\/#primaryimage","inLanguage":"it-IT","url":"https:\/\/www.showgroup.it\/blog\/wp-content\/uploads\/2022\/12\/1-min-1.png","contentUrl":"https:\/\/www.showgroup.it\/blog\/wp-content\/uploads\/2022\/12\/1-min-1.png","width":1920,"height":1080},{"@type":"WebPage","@id":"https:\/\/www.showgroup.it\/blog\/2022\/12\/15\/20-dimore-storiche-per-eventi-aziendali-in-lombardia\/#webpage","url":"https:\/\/www.showgroup.it\/blog\/2022\/12\/15\/20-dimore-storiche-per-eventi-aziendali-in-lombardia\/","name":"20 Dimore storiche per eventi aziendali in Lombardia &bull; Showgroup - Ready to be WOW!","isPartOf":{"@id":"https:\/\/www.showgroup.it\/#website"},"primaryImageOfPage":{"@id":"https:\/\/www.showgroup.it\/blog\/2022\/12\/15\/20-dimore-storiche-per-eventi-aziendali-in-lombardia\/#primaryimage"},"datePublished":"2022-12-15T15:30:53+00:00","dateModified":"2025-05-28T14:15:20+00:00","description":"Scopriamo insieme alcuni dei castelli e delle dimore storiche adatte a eventi aziendali, iscritte su Showgroup, da non perdere!","breadcrumb":{"@id":"https:\/\/www.showgroup.it\/blog\/2022\/12\/15\/20-dimore-storiche-per-eventi-aziendali-in-lombardia\/#breadcrumb"},"inLanguage":"it-IT","potentialAction":[{"@type":"ReadAction","target":["https:\/\/www.showgroup.it\/blog\/2022\/12\/15\/20-dimore-storiche-per-eventi-aziendali-in-lombardia\/"]}]},{"@type":"BreadcrumbList","@id":"https:\/\/www.showgroup.it\/blog\/2022\/12\/15\/20-dimore-storiche-per-eventi-aziendali-in-lombardia\/#breadcrumb","itemListElement":[{"@type":"ListItem","position":1,"name":"Home","item":"https:\/\/www.showgroup.it\/blog\/"},{"@type":"ListItem","position":2,"name":"20 Dimore storiche per eventi aziendali in Lombardia"}]},{"@type":"Article","@id":"https:\/\/www.showgroup.it\/blog\/2022\/12\/15\/20-dimore-storiche-per-eventi-aziendali-in-lombardia\/#article","isPartOf":{"@id":"https:\/\/www.showgroup.it\/blog\/2022\/12\/15\/20-dimore-storiche-per-eventi-aziendali-in-lombardia\/#webpage"},"author":{"@id":"https:\/\/www.showgroup.it\/#\/schema\/person\/9b799d433be4e17451d197175628047a"},"headline":"20 Dimore storiche per eventi aziendali in Lombardia","datePublished":"2022-12-15T15:30:53+00:00","dateModified":"2025-05-28T14:15:20+00:00","mainEntityOfPage":{"@id":"https:\/\/www.showgroup.it\/blog\/2022\/12\/15\/20-dimore-storiche-per-eventi-aziendali-in-lombardia\/#webpage"},"wordCount":2358,"publisher":{"@id":"https:\/\/www.showgroup.it\/#organization"},"image":{"@id":"https:\/\/www.showgroup.it\/blog\/2022\/12\/15\/20-dimore-storiche-per-eventi-aziendali-in-lombardia\/#primaryimage"},"thumbnailUrl":"https:\/\/www.showgroup.it\/blog\/wp-content\/uploads\/2022\/12\/1-min-1.png","keywords":["location","castello","lombardia","azienda","struttura","meeting","meeting aziendali"],"articleSection":["Eventi e location"],"inLanguage":"it-IT"},{"@type":"Person","@id":"https:\/\/www.showgroup.it\/#\/schema\/person\/9b799d433be4e17451d197175628047a","name":"Benedetta Gatti","image":{"@type":"ImageObject","@id":"https:\/\/www.showgroup.it\/#personlogo","inLanguage":"it-IT","url":"https:\/\/secure.gravatar.com\/avatar\/32ceeb7300be30aabe2c84fdaa89eac0?s=96&d=mm&r=g","contentUrl":"https:\/\/secure.gravatar.com\/avatar\/32ceeb7300be30aabe2c84fdaa89eac0?s=96&d=mm&r=g","caption":"Benedetta Gatti"}}]}},"_links":{"self":[{"href":"https:\/\/www.showgroup.it\/blog\/wp-json\/wp\/v2\/posts\/89928"}],"collection":[{"href":"https:\/\/www.showgroup.it\/blog\/wp-json\/wp\/v2\/posts"}],"about":[{"href":"https:\/\/www.showgroup.it\/blog\/wp-json\/wp\/v2\/types\/post"}],"author":[{"embeddable":true,"href":"https:\/\/www.showgroup.it\/blog\/wp-json\/wp\/v2\/users\/5"}],"replies":[{"embeddable":true,"href":"https:\/\/www.showgroup.it\/blog\/wp-json\/wp\/v2\/comments?post=89928"}],"version-history":[{"count":1,"href":"https:\/\/www.showgroup.it\/blog\/wp-json\/wp\/v2\/posts\/89928\/revisions"}],"predecessor-version":[{"id":98910,"href":"https:\/\/www.showgroup.it\/blog\/wp-json\/wp\/v2\/posts\/89928\/revisions\/98910"}],"wp:featuredmedia":[{"embeddable":true,"href":"https:\/\/www.showgroup.it\/blog\/wp-json\/wp\/v2\/media\/89929"}],"wp:attachment":[{"href":"https:\/\/www.showgroup.it\/blog\/wp-json\/wp\/v2\/media?parent=89928"}],"wp:term":[{"taxonomy":"category","embeddable":true,"href":"https:\/\/www.showgroup.it\/blog\/wp-json\/wp\/v2\/categories?post=89928"},{"taxonomy":"post_tag","embeddable":true,"href":"https:\/\/www.showgroup.it\/blog\/wp-json\/wp\/v2\/tags?post=89928"}],"curies":[{"name":"wp","href":"https:\/\/api.w.org\/{rel}","templated":true}]}}