{"id":90639,"date":"2023-05-10T16:43:05","date_gmt":"2023-05-10T14:43:05","guid":{"rendered":"https:\/\/www.showgroup.it\/?p=90639"},"modified":"2025-05-28T15:51:20","modified_gmt":"2025-05-28T13:51:20","slug":"10-location-per-feste-private-a-milano","status":"publish","type":"post","link":"https:\/\/www.showgroup.it\/blog\/2023\/05\/10\/10-location-per-feste-private-a-milano\/","title":{"rendered":"10 Location per feste private a Milano"},"content":{"rendered":"<p>Finalmente \u00e8 arrivata la <strong>bella stagione<\/strong>, quale occasione migliore per organizzare una festa in una <strong>location mozzafiato<\/strong>?<br \/>\nChe sia per un compleanno, addio al nubilato, festa di laurea o qualsiasi altra tipologia di evento, su <strong>Showgroup<\/strong> puoi trovare la struttura<strong> dove organizzare un party speciale.<\/strong><br \/>\nAbbiamo selezionato per te <strong>10 top esclusive location, a Milano e provincia, per un evento indimenticabile!<\/strong><\/p>\n<h2><strong><a href=\"https:\/\/www.showgroup.it\">10 Location esclusive per feste private a Milano<\/a><\/strong><\/h2>\n<p>Immagina, che bello sar\u00e0 organizzare la tua festa in una<strong> struttura da sogno<\/strong>, rilassante. Non ti sembrer\u00e0 nemmeno di essere a <a href=\"https:\/\/www.google.com\/search?q=milano&amp;rlz=1C1CHBF_itIT1048IT1049&amp;oq=milano&amp;aqs=chrome.0.0i271j46i131i433i512j0i131i433i512l2j46i131i175i199i433i512j69i60l3.1972j0j7&amp;sourceid=chrome&amp;ie=UTF-8\">Milano<\/a>!<br \/>\nIniziamo insieme ad analizzare<strong> 10 top location esclusive, a Milano e provincia, dove dare vita al tuo evento!<\/strong><\/p>\n<h3><strong><a href=\"https:\/\/www.showgroup.it\/vetrina\/dimore-storiche\/castello-borromeo-di-corneliano-bertario_c34170\">1.Castello Borromeo di Corneliano Bertario &#8211; Truccazzano (MI)<\/a><\/strong><\/h3>\n<p><a href=\"https:\/\/www.showgroup.it\/vetrina\/dimore-storiche\/castello-borromeo-di-corneliano-bertario_c34170\"><img loading=\"lazy\" class=\"alignnone wp-image-90643 size-full\" title=\"Castello Borromeo Milano\" src=\"https:\/\/www.showgroup.it\/blog\/wp-content\/uploads\/2023\/05\/55-min.png\" alt=\"Castello Borromeo Milano\" width=\"1920\" height=\"1080\" srcset=\"https:\/\/www.showgroup.it\/blog\/wp-content\/uploads\/2023\/05\/55-min.png 1920w, https:\/\/www.showgroup.it\/blog\/wp-content\/uploads\/2023\/05\/55-min-300x169.png 300w, https:\/\/www.showgroup.it\/blog\/wp-content\/uploads\/2023\/05\/55-min-1024x576.png 1024w, https:\/\/www.showgroup.it\/blog\/wp-content\/uploads\/2023\/05\/55-min-768x432.png 768w, https:\/\/www.showgroup.it\/blog\/wp-content\/uploads\/2023\/05\/55-min-1536x864.png 1536w\" sizes=\"(max-width: 1920px) 100vw, 1920px\" \/><\/a>Evento all&#8217;orizzonte? Approfitta di questa occasione per organizzare il<strong> tuo party in un castello!<\/strong><br \/>\nA 25 km da Milano si trova il borgo medievale di <a href=\"https:\/\/www.showgroup.it\/vetrina\/dimore-storiche\/castello-borromeo-di-corneliano-bertario_c34170\">Corneliano Bertario<\/a>, immerso in un ambiente naturale ancora intatto, di una <strong>campagna che alterna attivit\u00e0 agricole a boschi secolari<\/strong>.<br \/>\nAl centro del paese \u00e8 situato il medievale <a href=\"https:\/\/www.showgroup.it\/vetrina\/dimore-storiche\/castello-borromeo-di-corneliano-bertario_c34170\">Castello Borromeo<\/a>, risalente alla fine del 1300, \u00e8 un antico maniero fortalizio medievale appartenente da secoli alla famiglia Borromeo, oggi luogo ideale per eventi.<br \/>\nQuesta location dispone di <strong>scorci architettonici inediti e di notevole interesse<\/strong>. Dispone di 5 sale vaste e luminose, tutte completamente e sapientemente restaurate, la pi\u00f9 grande delle quali pu\u00f2 accogliere fino a 200 ospiti che La corte interna pu\u00f2 ospitare oltre 600 persone.<br \/>\nVisita ora il profilo del <a href=\"https:\/\/www.showgroup.it\/vetrina\/dimore-storiche\/castello-borromeo-di-corneliano-bertario_c34170\">Castello Borromeo<\/a> <a href=\"https:\/\/www.showgroup.it\/vetrina\/dimore-storiche\/castello-borromeo-di-corneliano-bertario_c34170\">di Corneliano Bertario cliccando qui.<\/a><\/p>\n<h3><strong><a href=\"https:\/\/www.showgroup.it\/vetrina\/dimore-storiche\/villa-ida-lampugnani_c33315\">2.Villa Ida Lampugnani &#8211; Parabiago (MI)<\/a><\/strong><\/h3>\n<p><img loading=\"lazy\" class=\"alignnone size-full wp-image-86388\" src=\"https:\/\/www.showgroup.it\/blog\/wp-content\/uploads\/2022\/04\/11-min-1.png\" alt=\"\" width=\"1920\" height=\"1080\" srcset=\"https:\/\/www.showgroup.it\/blog\/wp-content\/uploads\/2022\/04\/11-min-1.png 1920w, https:\/\/www.showgroup.it\/blog\/wp-content\/uploads\/2022\/04\/11-min-1-300x169.png 300w, https:\/\/www.showgroup.it\/blog\/wp-content\/uploads\/2022\/04\/11-min-1-1024x576.png 1024w, https:\/\/www.showgroup.it\/blog\/wp-content\/uploads\/2022\/04\/11-min-1-768x432.png 768w, https:\/\/www.showgroup.it\/blog\/wp-content\/uploads\/2022\/04\/11-min-1-1536x864.png 1536w\" sizes=\"(max-width: 1920px) 100vw, 1920px\" \/><a href=\"https:\/\/www.showgroup.it\/vetrina\/dimore-storiche\/villa-ida-lampugnani_c33315\">Villa Ida Lampugnani<\/a> \u00e8 una location in perfetto<b>\u00a0stile Liberty<\/b>, immersa in un parco secolare curato in ogni dettaglio e impreziosito dalla presenza di una<b>\u00a0incantevole piscina<\/b>.<br \/>\nGli interni sono caratterizzati da<b>\u00a0arredi d\u2019epoca<\/b>\u00a0pregiati e\u00a0<b>sale affrescate<\/b>.<br \/>\nQuesta location ha anche un importante valore storico, basti pensare, infatti, che durante gli scavi delle fondamenta nel 1902, qui fu rinvenuto un\u00a0<b>piatto d\u2019argento di epoca romana<\/b>. <a href=\"https:\/\/www.showgroup.it\/vetrina\/dimore-storiche\/villa-ida-lampugnani_c33315\">Villa Ida<\/a> \u00e8 il luogo ideale dove vivere un <b>evento indimenticabile<\/b>, in una<b>\u00a0struttura raffinata\u00a0<\/b>ed elegante che lascer\u00e0 gli\u00a0<b>ospiti incantati<\/b>. Non perderti la vetrina Showgroup di Villa Ida Lampugnani,\u00a0<a href=\"https:\/\/www.showgroup.it\/vetrina\/dimore-storiche\/villa-ida-lampugnani_c33315?from_search=true\">clicca qui<\/a>.<\/p>\n<h3><strong><a href=\"https:\/\/www.showgroup.it\/vetrina\/farmhouse\/clara_c33862\" class=\"broken_link\">3.<\/a><a href=\"https:\/\/www.showgroup.it\/vetrina\/farmhouse\/clara_c33862\" class=\"broken_link\">Cascina San Giuseppe F&amp;G &#8211; Arluno(MI)<\/a><\/strong><\/h3>\n<p><img loading=\"lazy\" class=\"alignnone size-full wp-image-90419\" src=\"https:\/\/www.showgroup.it\/blog\/wp-content\/uploads\/2023\/03\/13-min.png\" alt=\"Cascina San Giuseppe\" width=\"1920\" height=\"1080\" srcset=\"https:\/\/www.showgroup.it\/blog\/wp-content\/uploads\/2023\/03\/13-min.png 1920w, https:\/\/www.showgroup.it\/blog\/wp-content\/uploads\/2023\/03\/13-min-300x169.png 300w, https:\/\/www.showgroup.it\/blog\/wp-content\/uploads\/2023\/03\/13-min-1024x576.png 1024w, https:\/\/www.showgroup.it\/blog\/wp-content\/uploads\/2023\/03\/13-min-768x432.png 768w, https:\/\/www.showgroup.it\/blog\/wp-content\/uploads\/2023\/03\/13-min-1536x864.png 1536w\" sizes=\"(max-width: 1920px) 100vw, 1920px\" \/>Desideri organizzare un party a pochi km da Milano, ma in <strong>uno spazio verde con piscina<\/strong>? Questa location potrebbe fare al caso tuoi!<br \/>\n<a href=\"https:\/\/www.showgroup.it\/vetrina\/farmhouse\/clara_c33862\" class=\"broken_link\">Cascina San Giuseppe F&amp;G<\/a>, \u00e8 uno spazio verde, <strong>della campagna lombarda<\/strong>. Dotata di un ampio spazio all\u2019aperto, una grande piscina al sale con area circostante elegantemente pavimentata, un vasto e accogliente giardino, una estesa area coperta su tre lati, una veranda, un gazebo e doppi servizi.<br \/>\nQuest&#8217;area \u00e8 perfettamente personalizzabile, in vista del tuo evento. Possono essere infatti <strong>aggiunti allestimenti e addobbi<\/strong>. Inoltre, puoi anche contattare un <strong>catering che si occupi della parte di food&amp;beverage<\/strong>.<br \/>\n<a href=\"https:\/\/www.showgroup.it\/vetrina\/farmhouse\/clara_c33862\" class=\"broken_link\">Clicca qui per vedere il profilo di questa struttura<\/a>\u00a0e contattare la gentilissima proprietaria Clara!<\/p>\n<h3><a href=\"https:\/\/www.showgroup.it\/vetrina\/dimore-storiche\/villa-verganti-veronesi_c33313\">4.Villa Verganti Veronesi &#8211; Inveruno (MI)<\/a><\/h3>\n<p><a href=\"https:\/\/www.showgroup.it\/vetrina\/dimore-storiche\/villa-verganti-veronesi_c33313\"><img loading=\"lazy\" class=\"alignnone size-full wp-image-90644\" src=\"https:\/\/www.showgroup.it\/blog\/wp-content\/uploads\/2023\/05\/56-min.png\" alt=\"\" width=\"1920\" height=\"1080\" srcset=\"https:\/\/www.showgroup.it\/blog\/wp-content\/uploads\/2023\/05\/56-min.png 1920w, https:\/\/www.showgroup.it\/blog\/wp-content\/uploads\/2023\/05\/56-min-300x169.png 300w, https:\/\/www.showgroup.it\/blog\/wp-content\/uploads\/2023\/05\/56-min-1024x576.png 1024w, https:\/\/www.showgroup.it\/blog\/wp-content\/uploads\/2023\/05\/56-min-768x432.png 768w, https:\/\/www.showgroup.it\/blog\/wp-content\/uploads\/2023\/05\/56-min-1536x864.png 1536w\" sizes=\"(max-width: 1920px) 100vw, 1920px\" \/><\/a>Scegliere <a href=\"https:\/\/www.showgroup.it\/vetrina\/dimore-storiche\/villa-verganti-veronesi_c33313\">Villa Verganti Veronesi<\/a>, come location per il proprio evento, significa <strong>amare l\u2019esclusivit\u00e0 di uno dei luoghi pi\u00f9 belli<\/strong>.<br \/>\nImmersa nel suo splendido parco a pochi minuti dal polo fieristico di Milano Rho, <a href=\"https:\/\/www.showgroup.it\/vetrina\/dimore-storiche\/villa-verganti-veronesi_c33313\">Villa Verganti Veronesi<\/a> offre una location <strong>indimenticabile per party privati<\/strong>, nonch\u00e9 una <strong>romantica accoglienza in raffinate camere e suite<\/strong>. Gioiello architettonico lombardo, la<a href=\"https:\/\/www.showgroup.it\/vetrina\/dimore-storiche\/villa-verganti-veronesi_c33313\"> Villa<\/a> \u00e8 circondata da un armonioso e vasto parco con <strong>essenze secolari, corredato da piscina, campo da tennis e campo da calcetto<\/strong>.<br \/>\nQui ogni richiesta verr\u00e0 esaudita. Non perderti il profilo Showgroup di questa spettacolare location, <a href=\"https:\/\/www.showgroup.it\/vetrina\/dimore-storiche\/villa-verganti-veronesi_c33313\">Villa Verganti Veronesi, cliccando qua<\/a>.<\/p>\n<h3><strong><span id=\"6Villa_Patrizia_-_Magnago_MI\"><a href=\"https:\/\/www.showgroup.it\/vetrina\/hotellerie\/villa-patrizia_c32612\">5.Villa Patrizia \u2013 Magnago (MI)<\/a><\/span><\/strong><\/h3>\n<p><a href=\"https:\/\/www.showgroup.it\/vetrina\/hotellerie\/villa-patrizia_c32612\"><img loading=\"lazy\" class=\"alignnone size-full wp-image-89221\" src=\"https:\/\/www.showgroup.it\/blog\/wp-content\/uploads\/2022\/10\/Villa-Patrizia.png\" alt=\"\" width=\"1920\" height=\"1080\" srcset=\"https:\/\/www.showgroup.it\/blog\/wp-content\/uploads\/2022\/10\/Villa-Patrizia.png 1920w, https:\/\/www.showgroup.it\/blog\/wp-content\/uploads\/2022\/10\/Villa-Patrizia-300x169.png 300w, https:\/\/www.showgroup.it\/blog\/wp-content\/uploads\/2022\/10\/Villa-Patrizia-1024x576.png 1024w, https:\/\/www.showgroup.it\/blog\/wp-content\/uploads\/2022\/10\/Villa-Patrizia-768x432.png 768w, https:\/\/www.showgroup.it\/blog\/wp-content\/uploads\/2022\/10\/Villa-Patrizia-1536x864.png 1536w\" sizes=\"(max-width: 1920px) 100vw, 1920px\" \/>Villa Patrizia<\/a> \u00e8 una meravigliosa<strong> residenza in stile coloniale situata a Magnago<\/strong>, in una posizione davvero strategica; si trova, infatti, a soli 10 minuti di auto dall\u2019aeroporto di Milano Malpensa, a 20 minuti da Rho Fiera Milano City e a 30 da Milano. La location, curata nel pi\u00f9 piccolo dettaglio, \u00e8 adornata da <strong>affreschi e marmi neoclassici<\/strong>\u00a0e dispone non solo di un grande salone principale, ma anche di un suggestivo<strong>\u00a0conservatory vittoriano<\/strong>; all\u2019esterno, invece, i protagonisti sono la <strong>magnifica piscina a sfioro e lo splendido giardino<\/strong>.<br \/>\nLa tenuta della villa dispone anche di un parco ricco di alberi ed \u00e8 attrezzata per accogliere feste private. <strong>Villa Patrizia dispone anche di 16 posti letto, tra camere, suite e suite imperiale<\/strong>. Su richiesta, gli ospiti possono usufruire di servizi a pagamento come\u00a0<strong>massaggi, hair stylist, noleggio di auto con autista<\/strong>.\u00a0 <a href=\"https:\/\/www.showgroup.it\/vetrina\/hotellerie\/villa-patrizia_c32612\">Villa Patrizia \u00e8 l&#8217;ideale per l&#8217;organizzazione di un evento privato. Clicca qui per dare un\u2019occhiata al suo profilo Showgroup<\/a>.<\/p>\n<h3><span id=\"6Villa_Patrizia_-_Magnago_MI\"><a href=\"https:\/\/www.showgroup.it\/vetrina\/dimore-storiche\/officine-del-volo_c27468\">6.Officine del Volo \u2013 Milano (MI)<\/a><\/span><\/h3>\n<p><a href=\"https:\/\/www.showgroup.it\/vetrina\/dimore-storiche\/officine-del-volo_c27468\"><img loading=\"lazy\" class=\"alignnone wp-image-90645 size-full\" title=\"Officine del volo\" src=\"https:\/\/www.showgroup.it\/blog\/wp-content\/uploads\/2023\/05\/57-min.png\" alt=\"Officine del volo\" width=\"1920\" height=\"1080\" srcset=\"https:\/\/www.showgroup.it\/blog\/wp-content\/uploads\/2023\/05\/57-min.png 1920w, https:\/\/www.showgroup.it\/blog\/wp-content\/uploads\/2023\/05\/57-min-300x169.png 300w, https:\/\/www.showgroup.it\/blog\/wp-content\/uploads\/2023\/05\/57-min-1024x576.png 1024w, https:\/\/www.showgroup.it\/blog\/wp-content\/uploads\/2023\/05\/57-min-768x432.png 768w, https:\/\/www.showgroup.it\/blog\/wp-content\/uploads\/2023\/05\/57-min-1536x864.png 1536w\" sizes=\"(max-width: 1920px) 100vw, 1920px\" \/><\/a>Sei alla ricerca di una <strong>location dal design ricercato e allo stesso tempo dal fascino storico<\/strong> per il tuo evento, a Milano?<br \/>\nLe <a href=\"https:\/\/www.showgroup.it\/vetrina\/dimore-storiche\/officine-del-volo_c27468\">Officine del Volo<\/a> sono da oltre vent&#8217;anni, lo spazio ideale per eventi . Riconosciute come<strong> luogo iconico e inimitabile<\/strong>, detentrici del premio BEA di ADC come Miglior Location d&#8217;Italia nel 2016.<br \/>\nSono frutto di un attento restauro filologico, concepito e realizzato dall&#8217;architetto Nicola Gisonda, volto a preservarne la struttura originaria, esaltandola con elementi di design dal carattere nuovo. Le <a href=\"https:\/\/www.showgroup.it\/vetrina\/dimore-storiche\/officine-del-volo_c27468\">Officine del Volo<\/a> sono un luogo storico della citt\u00e0 di Milano e d&#8217;Italia: le ex Officine Aeronautiche Caproni, leggendaria fabbrica per la costruzione di aeroplani durante la prima e seconda guerra mondiale.<br \/>\n<a href=\"https:\/\/www.showgroup.it\/vetrina\/dimore-storiche\/officine-del-volo_c27468\">Questa struttura<\/a> si presta perfettamente per lo svolgimento di <strong>eventi di grandi dimensioni<\/strong>, vanta infatti un\u2019area di servizio catering dedicata (140 mq), un cortile esterno (150 mq), un\u2019area carico\/scarico e posti auto riservati; garantisce inoltre servizi integrati (catering, service, allestimenti), oltre a personale di servizio specializzato, operativo 24 ore su 24. Non perderti il profilo di <a href=\"https:\/\/www.showgroup.it\/vetrina\/dimore-storiche\/officine-del-volo_c27468\">Officine del Volo cliccando qua<\/a>.<\/p>\n<h3><strong><span id=\"6Villa_Patrizia_-_Magnago_MI\"><a href=\"https:\/\/www.showgroup.it\/vetrina\/dimore-storiche\/salotto-colla_c32217\">7.Salotto Colla \u2013 Milano (MI)<\/a><\/span><\/strong><\/h3>\n<p><a href=\"https:\/\/www.showgroup.it\/vetrina\/dimore-storiche\/salotto-colla_c32217\"><img loading=\"lazy\" class=\"alignnone size-full wp-image-90646\" src=\"https:\/\/www.showgroup.it\/blog\/wp-content\/uploads\/2023\/05\/58-min.png\" alt=\"Salotto Colla\" width=\"1920\" height=\"1080\" srcset=\"https:\/\/www.showgroup.it\/blog\/wp-content\/uploads\/2023\/05\/58-min.png 1920w, https:\/\/www.showgroup.it\/blog\/wp-content\/uploads\/2023\/05\/58-min-300x169.png 300w, https:\/\/www.showgroup.it\/blog\/wp-content\/uploads\/2023\/05\/58-min-1024x576.png 1024w, https:\/\/www.showgroup.it\/blog\/wp-content\/uploads\/2023\/05\/58-min-768x432.png 768w, https:\/\/www.showgroup.it\/blog\/wp-content\/uploads\/2023\/05\/58-min-1536x864.png 1536w\" sizes=\"(max-width: 1920px) 100vw, 1920px\" \/><\/a>Perch\u00e9 non approfittare di un <strong>evento speciale per organizzare un pranzo o una cena in un palazzo storico milanese?<\/strong><br \/>\n<a href=\"https:\/\/www.showgroup.it\/vetrina\/dimore-storiche\/salotto-colla_c32217\">Salotto Colla<\/a> \u00e8 un appartamento classico di rappresentanza di 350 mq nel centro storico di Milano, zona Cadorna\/Conciliazione, al primo piano di un palazzo storico. Vista su <strong>Santa Maria delle Grazie.<\/strong><br \/>\n<a href=\"https:\/\/www.showgroup.it\/vetrina\/dimore-storiche\/officine-del-volo_c27468\">Qui<\/a> si trova un ampio salone con zona pranzo\/catering, soffitti alti e ampie vetrate, completamente ristrutturato i<strong>n stile parigino<\/strong>, molto luminoso.<br \/>\nPareti bianche con stucchi e boiserie. Semi arredato con librerie a parete bianche.<br \/>\nParquet d&#8217;epoca di recupero. 3 ampi bagni.<br \/>\nCucina elegante e funzionante. Camino d&#8217;epoca funzionante a bioetanolo. Ampio corridoio, zona di back office con wifi, pc e stampante. Potenza kw 6 + 6.<br \/>\nLogistica agevolata da ingresso in cortile per carico\/scarico con 2 ascensori di servizio.<br \/>\nVisita ora il profilo Showgroup di questo <a href=\"https:\/\/www.showgroup.it\/vetrina\/dimore-storiche\/salotto-colla_c32217\">Salotto culturale con storia di Milano cliccando qui<\/a>.<\/p>\n<h3><strong><a href=\"https:\/\/www.showgroup.it\/vetrina\/dimore-storiche\/abbazia-di-mirasole_c24108\">8.Abbazia di Mirasole &#8211; Opera (MI)<\/a><\/strong><\/h3>\n<div class=\"content\">\n<div class=\"my-3\">\n<div class=\"business-static-text show\"><a href=\"https:\/\/www.showgroup.it\/vetrina\/dimore-storiche\/abbazia-di-mirasole_c24108\"><img loading=\"lazy\" class=\"alignnone size-full wp-image-90647\" src=\"https:\/\/www.showgroup.it\/blog\/wp-content\/uploads\/2023\/05\/59-min.png\" alt=\"Abbazia Mirasole\" width=\"1920\" height=\"1080\" srcset=\"https:\/\/www.showgroup.it\/blog\/wp-content\/uploads\/2023\/05\/59-min.png 1920w, https:\/\/www.showgroup.it\/blog\/wp-content\/uploads\/2023\/05\/59-min-300x169.png 300w, https:\/\/www.showgroup.it\/blog\/wp-content\/uploads\/2023\/05\/59-min-1024x576.png 1024w, https:\/\/www.showgroup.it\/blog\/wp-content\/uploads\/2023\/05\/59-min-768x432.png 768w, https:\/\/www.showgroup.it\/blog\/wp-content\/uploads\/2023\/05\/59-min-1536x864.png 1536w\" sizes=\"(max-width: 1920px) 100vw, 1920px\" \/><\/a>Festa privata in un luogo di pace e tranquillit\u00e0? Scegli l&#8217;<a href=\"https:\/\/www.showgroup.it\/vetrina\/dimore-storiche\/abbazia-di-mirasole_c24108\">Abbazia di Mirasole<\/a>.<br \/>\nL&#8217;<a href=\"https:\/\/www.showgroup.it\/vetrina\/dimore-storiche\/abbazia-di-mirasole_c24108\">Abbazia di Mirasole<\/a> \u00e8 un luogo in cui r<strong>egna la bellezza, data dal fascino antico della struttura e dall&#8217;organizzazione della stessa<\/strong>, in grado di rendere speciale ogni tipo di evento, comprese ricorrenze private.<br \/>\n<a href=\"https:\/\/www.showgroup.it\/vetrina\/dimore-storiche\/abbazia-di-mirasole_c24108\">Mirasole<\/a> offre una interessante<strong> variet\u00e0 di sale<\/strong>, dalle diverse dimensioni e conformazione. Le dimensioni delle sale permettono l\u2019incontro di gruppi formati dalle 10 alle oltre 300 persone. Vivere l\u2019<a href=\"https:\/\/www.showgroup.it\/vetrina\/dimore-storiche\/abbazia-di-mirasole_c24108\">Abbazia<\/a> permette di allontanarsi dall\u2019impazienza della vita quotidiana e di immergersi nell\u2019armonia con la terra, con la storia e con la bellezza che si fondono con l\u2019incontro e la condivisione.<br \/>\nNon perderti il profilo Showgroup dell&#8217;<a href=\"https:\/\/www.showgroup.it\/vetrina\/dimore-storiche\/abbazia-di-mirasole_c24108\">Abbazia di Mirasole cliccando qua<\/a>.<\/div>\n<\/div>\n<\/div>\n<h3><span id=\"2Villa_Antonella_-_Sesto_San_Giovanni_MI\"><a href=\"https:\/\/www.showgroup.it\/vetrina\/altri-luoghi\/antonella_c33750\" class=\"broken_link\">9.Villa Antonella \u2013 Sesto San Giovanni (MI)<\/a><\/span><\/h3>\n<p><a href=\"https:\/\/www.showgroup.it\/vetrina\/altri-luoghi\/antonella_c33750\" class=\"broken_link\"><img loading=\"lazy\" class=\"alignnone size-full wp-image-87167\" src=\"https:\/\/www.showgroup.it\/blog\/wp-content\/uploads\/2022\/06\/festa-laurea-milano-antonella.jpg\" alt=\"\" width=\"1920\" height=\"1080\" srcset=\"https:\/\/www.showgroup.it\/blog\/wp-content\/uploads\/2022\/06\/festa-laurea-milano-antonella.jpg 1920w, https:\/\/www.showgroup.it\/blog\/wp-content\/uploads\/2022\/06\/festa-laurea-milano-antonella-300x169.jpg 300w, https:\/\/www.showgroup.it\/blog\/wp-content\/uploads\/2022\/06\/festa-laurea-milano-antonella-1024x576.jpg 1024w, https:\/\/www.showgroup.it\/blog\/wp-content\/uploads\/2022\/06\/festa-laurea-milano-antonella-768x432.jpg 768w, https:\/\/www.showgroup.it\/blog\/wp-content\/uploads\/2022\/06\/festa-laurea-milano-antonella-1536x864.jpg 1536w\" sizes=\"(max-width: 1920px) 100vw, 1920px\" \/>Villa Antonella<\/a> \u00e8 una struttura affittabile per feste private, a Sesto San Giovanni, in provincia di Milano.<br \/>\nLa struttura mette a disposizione un&#8217;area <strong>barbecue, piscina e gazebo attrezzata con tavoli, sedie, poltroncine e divanetti, sdraio, lavandino, frigorifero e bagno riservato<\/strong>.<br \/>\nLo staff della villa, pu\u00f2 metterti in <strong>contatto con un catering e poter aiutarti nella realizzazione di un allestimento personalizzato.<\/strong><br \/>\nQuesta location \u00e8 all&#8217;altezza per l&#8217;organizzazione di ogni tipo di evento. Visita ora il profilo Showgroup di <a href=\"https:\/\/www.showgroup.it\/vetrina\/altri-luoghi\/antonella_c33750\" class=\"broken_link\">Villa Antonella<\/a> <a href=\"https:\/\/www.showgroup.it\/vetrina\/altri-luoghi\/antonella_c33750\" class=\"broken_link\">cliccando qui<\/a><\/p>\n<h3><strong><a href=\"https:\/\/www.showgroup.it\/vetrina\/dimore-storiche\/villa-umberto-1896_c33769\">10.Villa Umberto 1896 &#8211; Abbiategrasso (MI)<\/a><\/strong><\/h3>\n<p><a href=\"https:\/\/www.showgroup.it\/vetrina\/dimore-storiche\/villa-umberto-1896_c33769\"><img loading=\"lazy\" class=\"alignnone size-full wp-image-90648\" src=\"https:\/\/www.showgroup.it\/blog\/wp-content\/uploads\/2023\/05\/60-min.png\" alt=\"Villa Umberto 1986\" width=\"1920\" height=\"1080\" srcset=\"https:\/\/www.showgroup.it\/blog\/wp-content\/uploads\/2023\/05\/60-min.png 1920w, https:\/\/www.showgroup.it\/blog\/wp-content\/uploads\/2023\/05\/60-min-300x169.png 300w, https:\/\/www.showgroup.it\/blog\/wp-content\/uploads\/2023\/05\/60-min-1024x576.png 1024w, https:\/\/www.showgroup.it\/blog\/wp-content\/uploads\/2023\/05\/60-min-768x432.png 768w, https:\/\/www.showgroup.it\/blog\/wp-content\/uploads\/2023\/05\/60-min-1536x864.png 1536w\" sizes=\"(max-width: 1920px) 100vw, 1920px\" \/><\/a>Ci spostiamo poi a pochi km da Milano, nel centro storico di Abbiategrasso dove si trova <a href=\"https:\/\/www.showgroup.it\/vetrina\/dimore-storiche\/villa-umberto-1896_c33769\">Villa Umberto 1896<\/a>,<strong> dimora signorile della fine \u2018800<\/strong> sapientemente restaurata e aperta al pubblico tutto l\u2019anno per matrimoni, eventi privati e aziendali.<br \/>\nLa <a href=\"https:\/\/www.showgroup.it\/vetrina\/dimore-storiche\/villa-umberto-1896_c33769\">villa<\/a> si affaccia su un parco di<strong> 6.000 mq delineato da caratteristici rustici<\/strong>, da alberi ad alto fusto e da delicate aiuole fiorite, dominato da una magnifica magnolia secolare.<br \/>\nLa distribuzione degli spazi interni e l\u2019arredamento elegante con quadri antichi e due camini creano un\u2019<strong>atmosfera accogliente ed esclusiva.<\/strong><br \/>\nNel parco \u00e8 presente una nuova <strong>tensostruttura riscaldata di 150 mq perfettamente inserita nel verde.\u00a0<\/strong><br \/>\nDopo il tramonto, grazie ad una suggestiva illuminazione, il parco e i rustici si trasformano in luoghi magici per accogliere gli ospiti e i loro eventi.<br \/>\nLasciati conquistare dalla bellezza di <a href=\"https:\/\/www.showgroup.it\/vetrina\/dimore-storiche\/villa-umberto-1896_c33769\">Villa Umberto 1896 cliccando qui<\/a>.<\/p>\n<h2><a href=\"https:\/\/www.showgroup.it\">Per tutte le altre location esclusive a Milano ti aspettiamo su Showgroup!<\/a><\/h2>\n<h3><\/h3>\n","protected":false},"excerpt":{"rendered":"<p>Finalmente \u00e8 arrivata la bella stagione, quale occasione migliore per organizzare una festa in una location mozzafiato? Che sia per [&hellip;]<\/p>\n","protected":false},"author":5,"featured_media":90649,"comment_status":"closed","ping_status":"closed","sticky":false,"template":"","format":"standard","meta":[],"categories":[661],"tags":[],"yoast_head":"<!-- This site is optimized with the Yoast SEO plugin v16.9 - https:\/\/yoast.com\/wordpress\/plugins\/seo\/ -->\n<title>10 Location per feste private a Milano &bull; Showgroup - Ready to be WOW!<\/title>\n<meta name=\"description\" content=\"Festa privata a Milano? Organizzala in una struttura mozzafiato! Ecco 10 top location esclusive dove organizzare il tuo prossimo evento!\" \/>\n<meta name=\"robots\" content=\"index, follow, max-snippet:-1, max-image-preview:large, max-video-preview:-1\" \/>\n<link rel=\"canonical\" href=\"https:\/\/www.showgroup.it\/blog\/2023\/05\/10\/10-location-per-feste-private-a-milano\/\" \/>\n<meta property=\"og:locale\" content=\"it_IT\" \/>\n<meta property=\"og:type\" content=\"article\" \/>\n<meta property=\"og:title\" content=\"10 Location per feste private a Milano &bull; Showgroup - Ready to be WOW!\" \/>\n<meta property=\"og:description\" content=\"Festa privata a Milano? Organizzala in una struttura mozzafiato! Ecco 10 top location esclusive dove organizzare il tuo prossimo evento!\" \/>\n<meta property=\"og:url\" content=\"https:\/\/www.showgroup.it\/blog\/2023\/05\/10\/10-location-per-feste-private-a-milano\/\" \/>\n<meta property=\"og:site_name\" content=\"Showgroup - Ready to be WOW!\" \/>\n<meta property=\"article:publisher\" content=\"https:\/\/www.facebook.com\/ShowGroupWow\/\" \/>\n<meta property=\"article:published_time\" content=\"2023-05-10T14:43:05+00:00\" \/>\n<meta property=\"article:modified_time\" content=\"2025-05-28T13:51:20+00:00\" \/>\n<meta property=\"og:image\" content=\"https:\/\/www.showgroup.it\/blog\/wp-content\/uploads\/2023\/05\/54-min.png\" \/>\n\t<meta property=\"og:image:width\" content=\"1920\" \/>\n\t<meta property=\"og:image:height\" content=\"1080\" \/>\n<meta name=\"twitter:card\" content=\"summary_large_image\" \/>\n<meta name=\"twitter:label1\" content=\"Scritto da\" \/>\n\t<meta name=\"twitter:data1\" content=\"Benedetta Gatti\" \/>\n\t<meta name=\"twitter:label2\" content=\"Tempo di lettura stimato\" \/>\n\t<meta name=\"twitter:data2\" content=\"9 minuti\" \/>\n<script type=\"application\/ld+json\" class=\"yoast-schema-graph\">{\"@context\":\"https:\/\/schema.org\",\"@graph\":[{\"@type\":\"Organization\",\"@id\":\"https:\/\/www.showgroup.it\/#organization\",\"name\":\"Showgroup\",\"url\":\"https:\/\/www.showgroup.it\/\",\"sameAs\":[\"https:\/\/www.facebook.com\/ShowGroupWow\/\",\"https:\/\/www.instagram.com\/showgroupwow\/\"],\"logo\":{\"@type\":\"ImageObject\",\"@id\":\"https:\/\/www.showgroup.it\/#logo\",\"inLanguage\":\"it-IT\",\"url\":\"https:\/\/www.showgroup.it\/blog\/wp-content\/uploads\/2025\/01\/logo-black.svg\",\"contentUrl\":\"https:\/\/www.showgroup.it\/blog\/wp-content\/uploads\/2025\/01\/logo-black.svg\",\"width\":1440,\"height\":916,\"caption\":\"Showgroup\"},\"image\":{\"@id\":\"https:\/\/www.showgroup.it\/#logo\"}},{\"@type\":\"WebSite\",\"@id\":\"https:\/\/www.showgroup.it\/#website\",\"url\":\"https:\/\/www.showgroup.it\/\",\"name\":\"Showgroup - Ready to be WOW!\",\"description\":\"Il primo portale gratuito dedicato al mondo dello spettacolo.\",\"publisher\":{\"@id\":\"https:\/\/www.showgroup.it\/#organization\"},\"potentialAction\":[{\"@type\":\"SearchAction\",\"target\":{\"@type\":\"EntryPoint\",\"urlTemplate\":\"https:\/\/www.showgroup.it\/?s={search_term_string}\"},\"query-input\":\"required name=search_term_string\"}],\"inLanguage\":\"it-IT\"},{\"@type\":\"ImageObject\",\"@id\":\"https:\/\/www.showgroup.it\/blog\/2023\/05\/10\/10-location-per-feste-private-a-milano\/#primaryimage\",\"inLanguage\":\"it-IT\",\"url\":\"https:\/\/www.showgroup.it\/blog\/wp-content\/uploads\/2023\/05\/54-min.png\",\"contentUrl\":\"https:\/\/www.showgroup.it\/blog\/wp-content\/uploads\/2023\/05\/54-min.png\",\"width\":1920,\"height\":1080},{\"@type\":\"WebPage\",\"@id\":\"https:\/\/www.showgroup.it\/blog\/2023\/05\/10\/10-location-per-feste-private-a-milano\/#webpage\",\"url\":\"https:\/\/www.showgroup.it\/blog\/2023\/05\/10\/10-location-per-feste-private-a-milano\/\",\"name\":\"10 Location per feste private a Milano &bull; Showgroup - Ready to be WOW!\",\"isPartOf\":{\"@id\":\"https:\/\/www.showgroup.it\/#website\"},\"primaryImageOfPage\":{\"@id\":\"https:\/\/www.showgroup.it\/blog\/2023\/05\/10\/10-location-per-feste-private-a-milano\/#primaryimage\"},\"datePublished\":\"2023-05-10T14:43:05+00:00\",\"dateModified\":\"2025-05-28T13:51:20+00:00\",\"description\":\"Festa privata a Milano? Organizzala in una struttura mozzafiato! Ecco 10 top location esclusive dove organizzare il tuo prossimo evento!\",\"breadcrumb\":{\"@id\":\"https:\/\/www.showgroup.it\/blog\/2023\/05\/10\/10-location-per-feste-private-a-milano\/#breadcrumb\"},\"inLanguage\":\"it-IT\",\"potentialAction\":[{\"@type\":\"ReadAction\",\"target\":[\"https:\/\/www.showgroup.it\/blog\/2023\/05\/10\/10-location-per-feste-private-a-milano\/\"]}]},{\"@type\":\"BreadcrumbList\",\"@id\":\"https:\/\/www.showgroup.it\/blog\/2023\/05\/10\/10-location-per-feste-private-a-milano\/#breadcrumb\",\"itemListElement\":[{\"@type\":\"ListItem\",\"position\":1,\"name\":\"Home\",\"item\":\"https:\/\/www.showgroup.it\/blog\/\"},{\"@type\":\"ListItem\",\"position\":2,\"name\":\"10 Location per feste private a Milano\"}]},{\"@type\":\"Article\",\"@id\":\"https:\/\/www.showgroup.it\/blog\/2023\/05\/10\/10-location-per-feste-private-a-milano\/#article\",\"isPartOf\":{\"@id\":\"https:\/\/www.showgroup.it\/blog\/2023\/05\/10\/10-location-per-feste-private-a-milano\/#webpage\"},\"author\":{\"@id\":\"https:\/\/www.showgroup.it\/#\/schema\/person\/9b799d433be4e17451d197175628047a\"},\"headline\":\"10 Location per feste private a Milano\",\"datePublished\":\"2023-05-10T14:43:05+00:00\",\"dateModified\":\"2025-05-28T13:51:20+00:00\",\"mainEntityOfPage\":{\"@id\":\"https:\/\/www.showgroup.it\/blog\/2023\/05\/10\/10-location-per-feste-private-a-milano\/#webpage\"},\"wordCount\":1412,\"publisher\":{\"@id\":\"https:\/\/www.showgroup.it\/#organization\"},\"image\":{\"@id\":\"https:\/\/www.showgroup.it\/blog\/2023\/05\/10\/10-location-per-feste-private-a-milano\/#primaryimage\"},\"thumbnailUrl\":\"https:\/\/www.showgroup.it\/blog\/wp-content\/uploads\/2023\/05\/54-min.png\",\"articleSection\":[\"Eventi e location\"],\"inLanguage\":\"it-IT\"},{\"@type\":\"Person\",\"@id\":\"https:\/\/www.showgroup.it\/#\/schema\/person\/9b799d433be4e17451d197175628047a\",\"name\":\"Benedetta Gatti\",\"image\":{\"@type\":\"ImageObject\",\"@id\":\"https:\/\/www.showgroup.it\/#personlogo\",\"inLanguage\":\"it-IT\",\"url\":\"https:\/\/secure.gravatar.com\/avatar\/32ceeb7300be30aabe2c84fdaa89eac0?s=96&d=mm&r=g\",\"contentUrl\":\"https:\/\/secure.gravatar.com\/avatar\/32ceeb7300be30aabe2c84fdaa89eac0?s=96&d=mm&r=g\",\"caption\":\"Benedetta Gatti\"}}]}<\/script>\n<!-- \/ Yoast SEO plugin. -->","yoast_head_json":{"title":"10 Location per feste private a Milano &bull; Showgroup - Ready to be WOW!","description":"Festa privata a Milano? Organizzala in una struttura mozzafiato! Ecco 10 top location esclusive dove organizzare il tuo prossimo evento!","robots":{"index":"index","follow":"follow","max-snippet":"max-snippet:-1","max-image-preview":"max-image-preview:large","max-video-preview":"max-video-preview:-1"},"canonical":"https:\/\/www.showgroup.it\/blog\/2023\/05\/10\/10-location-per-feste-private-a-milano\/","og_locale":"it_IT","og_type":"article","og_title":"10 Location per feste private a Milano &bull; Showgroup - Ready to be WOW!","og_description":"Festa privata a Milano? Organizzala in una struttura mozzafiato! Ecco 10 top location esclusive dove organizzare il tuo prossimo evento!","og_url":"https:\/\/www.showgroup.it\/blog\/2023\/05\/10\/10-location-per-feste-private-a-milano\/","og_site_name":"Showgroup - Ready to be WOW!","article_publisher":"https:\/\/www.facebook.com\/ShowGroupWow\/","article_published_time":"2023-05-10T14:43:05+00:00","article_modified_time":"2025-05-28T13:51:20+00:00","og_image":[{"width":1920,"height":1080,"url":"https:\/\/www.showgroup.it\/blog\/wp-content\/uploads\/2023\/05\/54-min.png","path":"\/sites\/www.showgroup.it\/files\/blog\/wp-content\/uploads\/2023\/05\/54-min.png","size":"full","id":90649,"alt":"","pixels":2073600,"type":"image\/png"}],"twitter_card":"summary_large_image","twitter_misc":{"Scritto da":"Benedetta Gatti","Tempo di lettura stimato":"9 minuti"},"schema":{"@context":"https:\/\/schema.org","@graph":[{"@type":"Organization","@id":"https:\/\/www.showgroup.it\/#organization","name":"Showgroup","url":"https:\/\/www.showgroup.it\/","sameAs":["https:\/\/www.facebook.com\/ShowGroupWow\/","https:\/\/www.instagram.com\/showgroupwow\/"],"logo":{"@type":"ImageObject","@id":"https:\/\/www.showgroup.it\/#logo","inLanguage":"it-IT","url":"https:\/\/www.showgroup.it\/blog\/wp-content\/uploads\/2025\/01\/logo-black.svg","contentUrl":"https:\/\/www.showgroup.it\/blog\/wp-content\/uploads\/2025\/01\/logo-black.svg","width":1440,"height":916,"caption":"Showgroup"},"image":{"@id":"https:\/\/www.showgroup.it\/#logo"}},{"@type":"WebSite","@id":"https:\/\/www.showgroup.it\/#website","url":"https:\/\/www.showgroup.it\/","name":"Showgroup - Ready to be WOW!","description":"Il primo portale gratuito dedicato al mondo dello spettacolo.","publisher":{"@id":"https:\/\/www.showgroup.it\/#organization"},"potentialAction":[{"@type":"SearchAction","target":{"@type":"EntryPoint","urlTemplate":"https:\/\/www.showgroup.it\/?s={search_term_string}"},"query-input":"required name=search_term_string"}],"inLanguage":"it-IT"},{"@type":"ImageObject","@id":"https:\/\/www.showgroup.it\/blog\/2023\/05\/10\/10-location-per-feste-private-a-milano\/#primaryimage","inLanguage":"it-IT","url":"https:\/\/www.showgroup.it\/blog\/wp-content\/uploads\/2023\/05\/54-min.png","contentUrl":"https:\/\/www.showgroup.it\/blog\/wp-content\/uploads\/2023\/05\/54-min.png","width":1920,"height":1080},{"@type":"WebPage","@id":"https:\/\/www.showgroup.it\/blog\/2023\/05\/10\/10-location-per-feste-private-a-milano\/#webpage","url":"https:\/\/www.showgroup.it\/blog\/2023\/05\/10\/10-location-per-feste-private-a-milano\/","name":"10 Location per feste private a Milano &bull; Showgroup - Ready to be WOW!","isPartOf":{"@id":"https:\/\/www.showgroup.it\/#website"},"primaryImageOfPage":{"@id":"https:\/\/www.showgroup.it\/blog\/2023\/05\/10\/10-location-per-feste-private-a-milano\/#primaryimage"},"datePublished":"2023-05-10T14:43:05+00:00","dateModified":"2025-05-28T13:51:20+00:00","description":"Festa privata a Milano? Organizzala in una struttura mozzafiato! Ecco 10 top location esclusive dove organizzare il tuo prossimo evento!","breadcrumb":{"@id":"https:\/\/www.showgroup.it\/blog\/2023\/05\/10\/10-location-per-feste-private-a-milano\/#breadcrumb"},"inLanguage":"it-IT","potentialAction":[{"@type":"ReadAction","target":["https:\/\/www.showgroup.it\/blog\/2023\/05\/10\/10-location-per-feste-private-a-milano\/"]}]},{"@type":"BreadcrumbList","@id":"https:\/\/www.showgroup.it\/blog\/2023\/05\/10\/10-location-per-feste-private-a-milano\/#breadcrumb","itemListElement":[{"@type":"ListItem","position":1,"name":"Home","item":"https:\/\/www.showgroup.it\/blog\/"},{"@type":"ListItem","position":2,"name":"10 Location per feste private a Milano"}]},{"@type":"Article","@id":"https:\/\/www.showgroup.it\/blog\/2023\/05\/10\/10-location-per-feste-private-a-milano\/#article","isPartOf":{"@id":"https:\/\/www.showgroup.it\/blog\/2023\/05\/10\/10-location-per-feste-private-a-milano\/#webpage"},"author":{"@id":"https:\/\/www.showgroup.it\/#\/schema\/person\/9b799d433be4e17451d197175628047a"},"headline":"10 Location per feste private a Milano","datePublished":"2023-05-10T14:43:05+00:00","dateModified":"2025-05-28T13:51:20+00:00","mainEntityOfPage":{"@id":"https:\/\/www.showgroup.it\/blog\/2023\/05\/10\/10-location-per-feste-private-a-milano\/#webpage"},"wordCount":1412,"publisher":{"@id":"https:\/\/www.showgroup.it\/#organization"},"image":{"@id":"https:\/\/www.showgroup.it\/blog\/2023\/05\/10\/10-location-per-feste-private-a-milano\/#primaryimage"},"thumbnailUrl":"https:\/\/www.showgroup.it\/blog\/wp-content\/uploads\/2023\/05\/54-min.png","articleSection":["Eventi e location"],"inLanguage":"it-IT"},{"@type":"Person","@id":"https:\/\/www.showgroup.it\/#\/schema\/person\/9b799d433be4e17451d197175628047a","name":"Benedetta Gatti","image":{"@type":"ImageObject","@id":"https:\/\/www.showgroup.it\/#personlogo","inLanguage":"it-IT","url":"https:\/\/secure.gravatar.com\/avatar\/32ceeb7300be30aabe2c84fdaa89eac0?s=96&d=mm&r=g","contentUrl":"https:\/\/secure.gravatar.com\/avatar\/32ceeb7300be30aabe2c84fdaa89eac0?s=96&d=mm&r=g","caption":"Benedetta Gatti"}}]}},"_links":{"self":[{"href":"https:\/\/www.showgroup.it\/blog\/wp-json\/wp\/v2\/posts\/90639"}],"collection":[{"href":"https:\/\/www.showgroup.it\/blog\/wp-json\/wp\/v2\/posts"}],"about":[{"href":"https:\/\/www.showgroup.it\/blog\/wp-json\/wp\/v2\/types\/post"}],"author":[{"embeddable":true,"href":"https:\/\/www.showgroup.it\/blog\/wp-json\/wp\/v2\/users\/5"}],"replies":[{"embeddable":true,"href":"https:\/\/www.showgroup.it\/blog\/wp-json\/wp\/v2\/comments?post=90639"}],"version-history":[{"count":1,"href":"https:\/\/www.showgroup.it\/blog\/wp-json\/wp\/v2\/posts\/90639\/revisions"}],"predecessor-version":[{"id":98862,"href":"https:\/\/www.showgroup.it\/blog\/wp-json\/wp\/v2\/posts\/90639\/revisions\/98862"}],"wp:featuredmedia":[{"embeddable":true,"href":"https:\/\/www.showgroup.it\/blog\/wp-json\/wp\/v2\/media\/90649"}],"wp:attachment":[{"href":"https:\/\/www.showgroup.it\/blog\/wp-json\/wp\/v2\/media?parent=90639"}],"wp:term":[{"taxonomy":"category","embeddable":true,"href":"https:\/\/www.showgroup.it\/blog\/wp-json\/wp\/v2\/categories?post=90639"},{"taxonomy":"post_tag","embeddable":true,"href":"https:\/\/www.showgroup.it\/blog\/wp-json\/wp\/v2\/tags?post=90639"}],"curies":[{"name":"wp","href":"https:\/\/api.w.org\/{rel}","templated":true}]}}