{"id":90871,"date":"2023-09-26T15:10:59","date_gmt":"2023-09-26T13:10:59","guid":{"rendered":"https:\/\/www.showgroup.it\/?p=90871"},"modified":"2025-05-28T15:45:36","modified_gmt":"2025-05-28T13:45:36","slug":"a-tu-per-tu-con-colombini-soprano-darti","status":"publish","type":"post","link":"https:\/\/www.showgroup.it\/blog\/2023\/09\/26\/a-tu-per-tu-con-colombini-soprano-darti\/","title":{"rendered":"A tu per tu con Colombini Soprano d&#8217;Arti"},"content":{"rendered":"<p><a href=\"https:\/\/www.showgroup.it\"><b>Showgroup<\/b><\/a><span style=\"font-weight: 400;\"> offre <strong>numerose proposte e tipologie di intrattenimento differenti<\/strong>, tra cui scegliere.<\/span><span style=\"font-weight: 400;\"><br \/>\n<\/span><span style=\"font-weight: 400;\">Oggi desideriamo presentarti una figura che ha fatto del Bel Canto, la sua professione, incantando migliaia di spettatori, attraverso performance uniche ed emozionanti. Stiamo facendo riferimento a<\/span><a href=\"https:\/\/www.showgroup.it\/vetrina\/cantanti\/colombini-soprano-d-arti_c38355\"> <span style=\"font-weight: 400;\">Silvia Colombini Soprano d&#8217;Arti!<\/span><span style=\"font-weight: 400;\"><br \/>\n<\/span><\/a><span style=\"font-weight: 400;\">Perch\u00e9 soprano d&#8217;arti? Semplice, perch\u00e9 <\/span><b>ha rivoluzionato la figura del soprano<\/b><span style=\"font-weight: 400;\">, unendo <\/span><b>lirica e performance<\/b><span style=\"font-weight: 400;\">, un mix perfetto che oltre a identificarla, l&#8217;ha portata a esibirsi persino davanti a due Presidenti della Repubblica e due Papi. Conosciamola attraverso questa intervista!<\/span><span style=\"font-weight: 400;\"><br \/>\n<\/span><span style=\"font-weight: 400;\">Ti ricordiamo anche che puoi contattarla per il tuo prossimo evento, <\/span><a href=\"https:\/\/www.showgroup.it\/vetrina\/cantanti\/colombini-soprano-d-arti_c38355\"><span style=\"font-weight: 400;\">cliccando qui.<\/span><span style=\"font-weight: 400;\"><br \/>\n<\/span><\/a><b><a href=\"https:\/\/www.showgroup.it\/vetrina\/cantanti\/colombini-soprano-d-arti_c38355\">Silvia Colombini Soprano d\u2019Arti<\/a> &#8211; cantante lirica e performer-<\/b><span style=\"font-weight: 400;\"> ha tutte le carte in regola per aggiungere un tocco di <\/span><b>originalit\u00e0 e personalit\u00e0 <\/b><span style=\"font-weight: 400;\">durante il tuo evento, non perderti l<\/span><b>&#8216;occasione di conoscerla e richiederle un preventivo gratuito!<\/b><\/p>\n<h2><a href=\"https:\/\/www.showgroup.it\/vetrina\/cantanti\/colombini-soprano-d-arti_c38355?from_search=true\"><b>Conosciamo Silvia Colombini: la nostra intervistata del giorno!<\/b><\/a><\/h2>\n<p><span style=\"font-weight: 400;\">3,2,1&#8230;diamo inizio all&#8217;intervista!<\/span><\/p>\n<h3><a href=\"https:\/\/www.showgroup.it\/vetrina\/cantanti\/colombini-soprano-d-arti_c38355\"><b>Buongiorno Silvia, \u00e8 un vero piacere poterla intervistare. <\/b><b><br \/>\n<\/b><b>Ci pu\u00f2 raccontare chi \u00e8 Colombini Soprano e Colombini Soprano d&#8217;Arti?<\/b><\/a><\/h3>\n<p><span style=\"font-weight: 400;\">Sono essenzialmente una <\/span><b>instancabile ricercatrice<\/b><span style=\"font-weight: 400;\"> che nella vita ha scelto il <\/span><b>canto lirico come proprio terreno di prova<\/b><span style=\"font-weight: 400;\">.<\/span><span style=\"font-weight: 400;\"><br \/>\n<\/span><span style=\"font-weight: 400;\">Ho avuto la fortuna di esibirmi come soprano sui principali palcoscenici internazionali, collaborando con <\/span><b>grandi registi e direttori d\u2019orchestra<\/b><span style=\"font-weight: 400;\"> come Zubin Metha, Fabio Luisi, Mario Martone, Davide Livermore.<\/span><span style=\"font-weight: 400;\"><br \/>\n<\/span><span style=\"font-weight: 400;\">Dopo tanti anni da pura operista, <\/span><b>ho per\u00f2 rivoluzionato la figura classica del soprano<\/b><span style=\"font-weight: 400;\">, inventando quella del <\/span><strong><i>soprano d\u2019arti<\/i><\/strong><span style=\"font-weight: 400;\">. Si tratta di un soprano innovativo, pi\u00f9 propriamente \u201csoprano delle arti\u201d, ossia una <\/span><b>cantante lirica che d\u00e0 letteralmente voce alle altre arti come pittura, scultura, letteratura<\/b><span style=\"font-weight: 400;\">.<\/span><span style=\"font-weight: 400;\"><br \/>\n<\/span><span style=\"font-weight: 400;\">Come soprano d\u2019arti, <\/span><b>oltre a cantare, recito, creo i testi e le regie delle mie performance<\/b><span style=\"font-weight: 400;\"> e a volte compongo brani inediti.<\/span><span style=\"font-weight: 400;\"><br \/>\n<\/span><span style=\"font-weight: 400;\">Diciamo che sono un soprano \u201cpotenziato\u201d.<\/span><\/p>\n<h3><b><\/b><b><a href=\"https:\/\/www.showgroup.it\/vetrina\/cantanti\/colombini-soprano-d-arti_c38355\"><img loading=\"lazy\" class=\"alignnone size-full wp-image-90872\" src=\"https:\/\/www.showgroup.it\/blog\/wp-content\/uploads\/2023\/09\/4-min-1.png\" alt=\"Silvia Colombini\" width=\"1920\" height=\"1080\" srcset=\"https:\/\/www.showgroup.it\/blog\/wp-content\/uploads\/2023\/09\/4-min-1.png 1920w, https:\/\/www.showgroup.it\/blog\/wp-content\/uploads\/2023\/09\/4-min-1-300x169.png 300w, https:\/\/www.showgroup.it\/blog\/wp-content\/uploads\/2023\/09\/4-min-1-1024x576.png 1024w, https:\/\/www.showgroup.it\/blog\/wp-content\/uploads\/2023\/09\/4-min-1-768x432.png 768w, https:\/\/www.showgroup.it\/blog\/wp-content\/uploads\/2023\/09\/4-min-1-1536x864.png 1536w\" sizes=\"(max-width: 1920px) 100vw, 1920px\" \/><\/a><a href=\"https:\/\/www.showgroup.it\/vetrina\/cantanti\/colombini-soprano-d-arti_c38355\">Dando un\u2019occhiata alla sua biografia sul profilo Showgroup, abbiamo visto che discende da una famiglia di cantanti lirici.<\/a><\/b><\/h3>\n<p><span style=\"font-weight: 400;\">La <\/span><b>lirica nel mio caso \u00e8 un cromosoma<\/b><span style=\"font-weight: 400;\">. Nella mia famiglia ci sono avi cantanti che venivano osannati da Verdi e Puccini e mio nonno paterno \u00e8 stato un compositore di opere liriche.\u00a0<\/span><\/p>\n<h3><a href=\"https:\/\/www.showgroup.it\/vetrina\/cantanti\/colombini-soprano-d-arti_c38355\"><b>Com\u2019\u00e8 nato il suo amore per la lirica? Quando ha capito che la musica sarebbe diventata parte integrante della sua vita?\u00a0<\/b><\/a><\/h3>\n<p><span style=\"font-weight: 400;\">Non integrante, direi <\/span><b>parte essenziale della mia vita<\/b><span style=\"font-weight: 400;\">.<\/span><span style=\"font-weight: 400;\"><br \/>\n<\/span><span style=\"font-weight: 400;\">Nasco in realt\u00e0 come strumentista, anche se sono cresciuta a \u201cpane e opera lirica\u201d perch\u00e9 il nonno compositore viveva con noi.<\/span><span style=\"font-weight: 400;\"><br \/>\n<\/span><span style=\"font-weight: 400;\">Mi diplomo in violino e per anni svolgo la professione di violinista in diverse orchestre giovanili, poi per\u00f2 un giorno il <\/span><b>cromosoma lirico si risveglia<\/b><span style=\"font-weight: 400;\"> e mi accorgo di avere una voce di <\/span><b>soprano impostata in modo naturale<\/b><span style=\"font-weight: 400;\">.<\/span><span style=\"font-weight: 400;\"><br \/>\n<\/span><span style=\"font-weight: 400;\">Avevo 27 anni e cantavo solo quando lavavo i piatti\u2026 da musicista per\u00f2 mi rendevo conto di avere<\/span><b> delle doti canore consistenti<\/b><span style=\"font-weight: 400;\"> e non c\u2019era tempo da perdere!<\/span><span style=\"font-weight: 400;\"><br \/>\n<\/span><span style=\"font-weight: 400;\">Scrissi dunque una lettera al pi\u00f9 grande soprano di coloratura dei miei tempi, Edita Gruberova, che mi ascolt\u00f2 e mi permise di perfezionarmi a Vienna.<\/span><span style=\"font-weight: 400;\"><br \/>\n<\/span><span style=\"font-weight: 400;\">Studiai per\u00f2 solo pochi mesi, poi affrontai subito <\/span><b>quattro concorsi internazionali:<\/b><span style=\"font-weight: 400;\"> tre li vinsi subito e il quarto, che persi in finale, mi diede per\u00f2 la possibilit\u00e0 di debuttare a Vienna con 100 recite del Pipistrello di J. Strau\u00df, a cui segu\u00ec anche una lunga tourn\u00e9e in Giappone.<\/span><span style=\"font-weight: 400;\"><br \/>\n<\/span><span style=\"font-weight: 400;\">Mi ritrovai cos\u00ec catapultata in una <\/span><b>carriera internazionale praticamente da autodidatta!<\/b><\/p>\n<h3><a href=\"https:\/\/www.showgroup.it\/vetrina\/cantanti\/colombini-soprano-d-arti_c38355\"><b>Parliamo di palcoscenico: quanto \u00e8 complicato \u201cvestire i panni\u201d di un personaggio?<\/b><\/a><\/h3>\n<p><span style=\"font-weight: 400;\">\u00c8 un lavoro di scavo interiore e allo stesso tempo di osservazione degli altri. Bisogna <\/span><b>andare a cercare quel personaggio dentro se stessi e tra le persone che ci circondano.<\/b><b><br \/>\n<\/b><span style=\"font-weight: 400;\">Il teatro crea<\/span><b> una vera e propria catarsi<\/b><span style=\"font-weight: 400;\"> perch\u00e9 entrare in un personaggio, anche solo per il breve tempo di qualche recita, vuol dire riuscire a pensare e a vedere<\/span><b> il mondo con occhi differenti dai propri<\/b><span style=\"font-weight: 400;\">. Una magia breve, ma sempre avvincente.<\/span><\/p>\n<h3><b><\/b><b><a href=\"https:\/\/www.showgroup.it\/vetrina\/cantanti\/colombini-soprano-d-arti_c38355\"><img loading=\"lazy\" class=\"alignnone size-full wp-image-90873\" src=\"https:\/\/www.showgroup.it\/blog\/wp-content\/uploads\/2023\/09\/5-min-1.png\" alt=\"Silvia Colombini\" width=\"1920\" height=\"1080\" srcset=\"https:\/\/www.showgroup.it\/blog\/wp-content\/uploads\/2023\/09\/5-min-1.png 1920w, https:\/\/www.showgroup.it\/blog\/wp-content\/uploads\/2023\/09\/5-min-1-300x169.png 300w, https:\/\/www.showgroup.it\/blog\/wp-content\/uploads\/2023\/09\/5-min-1-1024x576.png 1024w, https:\/\/www.showgroup.it\/blog\/wp-content\/uploads\/2023\/09\/5-min-1-768x432.png 768w, https:\/\/www.showgroup.it\/blog\/wp-content\/uploads\/2023\/09\/5-min-1-1536x864.png 1536w\" sizes=\"(max-width: 1920px) 100vw, 1920px\" \/><\/a><a href=\"https:\/\/www.showgroup.it\/vetrina\/cantanti\/colombini-soprano-d-arti_c38355\">Qual \u00e8 il personaggio, che ha portato in scena, al quale \u00e8 pi\u00f9 legata? Perch\u00e9?<\/a><\/b><\/h3>\n<p><span style=\"font-weight: 400;\">In realt\u00e0 sono due: <\/span><b>la Regina della Notte del Flauto Magico di Mozart<\/b><span style=\"font-weight: 400;\"> e il personaggio di <strong>A<\/strong><\/span><b>mina nella Sonnambula di Vincenzo Bellini<\/b><span style=\"font-weight: 400;\">.<\/span><span style=\"font-weight: 400;\"><br \/>\n<\/span><span style=\"font-weight: 400;\"> Il primo \u00e8 un ruolo estremo, l\u2019emblema del virtuosismo, richiede una dote vocale particolare (una estensione vocale estrema) e un grande controllo mentale. In ogni generazione di cantanti, le \u201cregine\u201d sono solamente 4 o 5 al massimo. Io ho eseguito questo ruolo moltissime volte nei \u201ctempli\u201d Mozartiani come per esempio <\/span><span style=\"font-weight: 400;\">il teatro <\/span><a href=\"https:\/\/it.wikipedia.org\/wiki\/Semperoper\"><span style=\"font-weight: 400;\">Semperoper<\/span><\/a><span style=\"font-weight: 400;\"> di Dresda,<\/span><span style=\"font-weight: 400;\"> e questo ruolo ogni volta mi <\/span><b>riconfermava che ero nata per cantare.<\/b><b><br \/>\n<\/b><span style=\"font-weight: 400;\">Il secondo invece \u00e8 l\u2019emblema della bellezza del <\/span><b>Belcanto italiano<\/b><span style=\"font-weight: 400;\">. Bellini \u00e8 il padre del Belcanto e io ho una vocalit\u00e0 propriamente belcantistica.<\/span><span style=\"font-weight: 400;\"><br \/>\n<\/span><span style=\"font-weight: 400;\">La Callas lo considerava il ruolo top del soprano. Inoltre, <\/span><b>mi lega a questo ruolo anche un fattore affettivo<\/b><span style=\"font-weight: 400;\">: mia nonna si chiamava proprio Amina, nome che le fu imposto dal padre dopo aver assistito a una recita della Sonnambula.\u00a0\u00a0<\/span><\/p>\n<h3><a href=\"https:\/\/www.showgroup.it\/vetrina\/cantanti\/colombini-soprano-d-arti_c38355\"><b>Il Soprano d&#8217;Arti rivoluziona la figura classica del soprano, ci pu\u00f2 spiegare meglio? Lei canta addirittura in 13 lingue diverse. Com\u2019\u00e8 riuscita a raggiungere questo straordinario risultato? Ci sveli il segreto!<\/b><\/a><\/h3>\n<p><span style=\"font-weight: 400;\">Da sempre collaboro con la diplomazia internazionale e spesso mi \u00e8 stato chiesto di omaggiare ambasciatori o uomini di rilievo provenienti da tante nazionalit\u00e0 differenti. Ho cos\u00ec cominciato ad <\/span><b>allargare il repertorio arricchendolo di brani in tante lingue diverse<\/b><span style=\"font-weight: 400;\">.<\/span><span style=\"font-weight: 400;\"><br \/>\n<\/span><span style=\"font-weight: 400;\">Poi le tourn\u00e9e in Cina e in Giappone mi hanno aperto alle<\/span><b> lingue orientali<\/b><span style=\"font-weight: 400;\">. Per cantare in tutte queste lingue, non ci sono segreti speciali, il <\/span><b>segreto \u00e8 sempre e solo uno: studiare, studiare, studiare!<\/b><b><br \/>\n<\/b><span style=\"font-weight: 400;\">Oltre alle lingue europee, il russo, il ceco, il cinese, il giapponese e il coreano, ci sono anche lingue rare come l<\/span><b>\u2019aramaico e il greco antico<\/b><span style=\"font-weight: 400;\"> perch\u00e9 ho una enorme passione per la cultura classica. Tutte queste lingue &#8211;\u00a0 e il repertorio correlato &#8211; mi permettono di creare esibizioni del tutto inedite. <\/span><span style=\"font-weight: 400;\"><br \/>\n<\/span><span style=\"font-weight: 400;\">Come soprano d\u2019arti per esempio<\/span><b> canto per inaugurazioni di musei,<\/b><b> ma anche pe<\/b><b>r <\/b><b>singole opere d\u2019arte che possono essere collegate a brani in queste lingue \u201clontane\u201d<\/b><span style=\"font-weight: 400;\">.<\/span><span style=\"font-weight: 400;\"><br \/>\n<\/span><span style=\"font-weight: 400;\">Nelle prossime settimane per esempio <strong>&#8220;dar\u00f2 voce&#8221; a ben tre musei diversi e a mostre personali, tra Milano, Catania e il Belgio<\/strong>.<\/span><span style=\"font-weight: 400;\"><br \/>\n<\/span><span style=\"font-weight: 400;\">Un esempio pratico? Posso eseguire in lingua cinese la canzone popolare da cui Puccini trasse uno dei temi operistici di Turandot e, senza soluzione di continuit\u00e0, eseguire un\u2019aria dalla stessa Turandot. Questo accostamento, che chiamo \u201cgiustapposizione\u201d, <\/span><b>\u00e8 il pi\u00f9 autentico lavoro del soprano d\u2019arti.<\/b><\/p>\n<h3><a href=\"https:\/\/www.showgroup.it\/vetrina\/cantanti\/colombini-soprano-d-arti_c38355\"><b>\u00c8 vero che la sua voce \u00e8 un &#8220;pezzo da museo&#8221;?<\/b><b><\/b><\/a><\/h3>\n<p><span style=\"font-weight: 400;\">S\u00ec, la mia voce \u00e8 <\/span><b>\u201cesposta\u201d permanentemente nel Museo delle Cicladi in Grecia<\/b><span style=\"font-weight: 400;\">. Per\u00f2 \u201cpezzo da museo\u201d sa un po\u2019 di polvere\u2026 il mio canto invece \u00e8 qualcosa che coniuga<\/span><b> tradizione e forte spirito innovazione<\/b><span style=\"font-weight: 400;\"> (ho addirittura un progetto che coniuga canto lirico e intelligenza artificiale).<\/span><\/p>\n<h3><a href=\"https:\/\/www.showgroup.it\/vetrina\/cantanti\/colombini-soprano-d-arti_c38355\"><b>Come riesce a separare vita professionale da quella personale?<\/b><\/a><\/h3>\n<p><span style=\"font-weight: 400;\">Semplice, <\/span><b>sono totalmente (a)social per scelta e per discrezione<\/b><span style=\"font-weight: 400;\">. Le due vite rimangono cos\u00ec totalmente separate. Tutti mi dicono che questo mi penalizzata nel lavoro, ma in realt\u00e0 non mi fermo un attimo da 23 anni. Evidentemente, chi ha bisogno di me, mi conosce e mi apprezza, mi chiama anche senza like e post!<\/span><\/p>\n<h3><a href=\"https:\/\/www.showgroup.it\/vetrina\/cantanti\/colombini-soprano-d-arti_c38355\"><b>Quali sono stati i momenti pi\u00f9 emozionanti della sua carriera? Se possibile, ci racconti qualche aneddoto!<\/b><\/a><\/h3>\n<p><span style=\"font-weight: 400;\">Porto avanti da venti anni un ciclo di concerti sulla <\/span><b><i>Dignit\u00e0 Umana<\/i><\/b><b> con performance che spaziano dalla condanna della violenza sulle donne, alla ricerca sulle malattie rare, alla salvaguardia dei diritti umani<\/b><span style=\"font-weight: 400;\">. In questo filone rientrano i <strong>concerti per i cosiddetti \u201cbambini farfalla\u201d<\/strong> di cui sono anche testimonial italiana, affetti da una rara malattia genetica; i concerti a scopo umanitario in India, Vietnam, Africa; il concerto ufficiale per Pavarotti in piazza Modena voluto da UNHCR per i rifugiati.<\/span><span style=\"font-weight: 400;\"><br \/>\n<\/span><b>Tra i concerti pi\u00f9 emozionanti della mia vita, quello che tenni nella corsia di un ospedale romano<\/b><span style=\"font-weight: 400;\"> nel quale mio padre era primario e i concerti all\u2019interno dell\u2019ospedale di <\/span><b>Emergency in Sudan<\/b><span style=\"font-weight: 400;\">.<br \/>\n<strong>Un aneddoto?<\/strong> Quando tenni un <\/span><b>recital a Bombay<\/b><span style=\"font-weight: 400;\">, qualcuno del pubblico cercava di guardare dietro le mie spalle per capire dove nascondessi le casse\u2026 non avevano mai ascoltato la voce lirica! (noi non usiamo microfoni, ma le risonanze naturali della voce).<\/span><\/p>\n<h3><a href=\"https:\/\/www.showgroup.it\/vetrina\/cantanti\/colombini-soprano-d-arti_c38355\"><b>Come ci si prepara prima delle esibizioni pi\u00f9 importanti? E se crede nella fortuna, ha qualche rito\/oggetto portafortuna?<\/b><\/a><\/h3>\n<p><span style=\"font-weight: 400;\">Ci si prepara <\/span><b>studiando e poi isolandosi<\/b><span style=\"font-weight: 400;\">. Bisogna trovare una armonia interiore prima di uscire dalle quinte. Penso che la <\/span><b>fortuna e la sfortuna siano sole emanazioni del nostro stato d\u2019animo<\/b><span style=\"font-weight: 400;\">, quindi mantengo anche nelle situazioni difficili un atteggiamento positivo; credo nel dono della mia voce e mi fido del mio studio, tutto qui. Non ho portafortuna, ma <\/span><b>ho degli oggetti di cui non posso fare a meno<\/b><span style=\"font-weight: 400;\">, tra cui una vecchissima piccola tastiera che porto sempre con me.<\/span><\/p>\n<h3><a href=\"https:\/\/www.showgroup.it\/vetrina\/cantanti\/colombini-soprano-d-arti_c38355\"><b>Ha gi\u00e0 raggiunto incredibili risultati professionali, tra questi, si \u00e8 esibita per due Presidenti della Repubblica e due Papi e nell&#8217;ambito degli eventi ha cantato per aziende autorevoli (Samsung, L&#8217;Oreal, Saint Gobain e nel concerto per il convegno mondiale della cosmesi).<br \/>\nCosa offre di unico il soprano d\u2019arti per questo tipo di eventi?<\/b><\/a><\/h3>\n<p><span style=\"font-weight: 400;\">Molti <\/span><b>eventi sono un copia e incolla di cose gi\u00e0 viste<\/b><span style=\"font-weight: 400;\">, non hanno nulla di veramente artistico e memorabile.<\/span><span style=\"font-weight: 400;\"><br \/>\n<\/span> <b>Una performance da soprano d\u2019arti, al contrario, offre realmente qualcosa di nuovo e irripetibile<\/b><span style=\"font-weight: 400;\">.<\/span><span style=\"font-weight: 400;\"><br \/>\n<\/span><span style=\"font-weight: 400;\"> Grazie al repertorio vastissimo e alle tante lingue, <\/span><b>riesco a dare letteralmente voce al tema della serata<\/b><span style=\"font-weight: 400;\">. Le mie performance hanno sempre un forte impatto emotivo. Il suono della voce lirica gi\u00e0 di per s\u00e9 crea un impatto, le persone ne hanno una percezione fisica. Canto, recito, mi muovo tra il pubblico coinvolgendolo, a volte creo suggestioni sensoriali. <\/span><b>Anche le esibizioni pi\u00f9 formali, come quelle istituzionali, sono in grado di \u201cmuovere\u201d qualcosa nelle persone<\/b><span style=\"font-weight: 400;\">. Il <\/span><b>pubblico spesso salta in piedi euforico o si commuove<\/b><span style=\"font-weight: 400;\">. Sono felice di essere una coltivatrice e dispensatrice di emozioni sane.<\/span><\/p>\n<h3><b><\/b><b><a href=\"https:\/\/www.showgroup.it\/vetrina\/cantanti\/colombini-soprano-d-arti_c38355\"><img loading=\"lazy\" class=\"alignnone size-full wp-image-90874\" src=\"https:\/\/www.showgroup.it\/blog\/wp-content\/uploads\/2023\/09\/6-min.png\" alt=\"Silvia Colombini\" width=\"1920\" height=\"1080\" srcset=\"https:\/\/www.showgroup.it\/blog\/wp-content\/uploads\/2023\/09\/6-min.png 1920w, https:\/\/www.showgroup.it\/blog\/wp-content\/uploads\/2023\/09\/6-min-300x169.png 300w, https:\/\/www.showgroup.it\/blog\/wp-content\/uploads\/2023\/09\/6-min-1024x576.png 1024w, https:\/\/www.showgroup.it\/blog\/wp-content\/uploads\/2023\/09\/6-min-768x432.png 768w, https:\/\/www.showgroup.it\/blog\/wp-content\/uploads\/2023\/09\/6-min-1536x864.png 1536w\" sizes=\"(max-width: 1920px) 100vw, 1920px\" \/><\/a><a href=\"https:\/\/www.showgroup.it\/vetrina\/cantanti\/colombini-soprano-d-arti_c38355\">C&#8217;\u00e8 qualche sogno, sfera professionale, che desidera ancora realizzare?<\/a><\/b><\/h3>\n<p><span style=\"font-weight: 400;\">Amo confrontarmi sempre con nuovi orizzonti, per esempio, mi piacerebbe <\/span><b>cantare in un film<\/b><span style=\"font-weight: 400;\"> perch\u00e9 anche se la mia casa \u00e8 il teatro, sono molto a mio agio davanti alle telecamere. Poi mi piacerebbe <\/span><b>cantare volando<\/b><span style=\"font-weight: 400;\">, in teatro l\u2019ho fatto pi\u00f9 volte ma con imbracature poco naturali, chiss\u00e0 se la tecnologia potr\u00e0 mai esaudire questo sogno bizzarro!<\/span><\/p>\n<h2><b><\/b><b><a href=\"https:\/\/www.showgroup.it\/vetrina\/cantanti\/colombini-soprano-d-arti_c38355\"><img loading=\"lazy\" class=\"alignnone size-full wp-image-90875\" src=\"https:\/\/www.showgroup.it\/blog\/wp-content\/uploads\/2023\/09\/7-min.png\" alt=\"Silvia Colombini\" width=\"1920\" height=\"1080\" srcset=\"https:\/\/www.showgroup.it\/blog\/wp-content\/uploads\/2023\/09\/7-min.png 1920w, https:\/\/www.showgroup.it\/blog\/wp-content\/uploads\/2023\/09\/7-min-300x169.png 300w, https:\/\/www.showgroup.it\/blog\/wp-content\/uploads\/2023\/09\/7-min-1024x576.png 1024w, https:\/\/www.showgroup.it\/blog\/wp-content\/uploads\/2023\/09\/7-min-768x432.png 768w, https:\/\/www.showgroup.it\/blog\/wp-content\/uploads\/2023\/09\/7-min-1536x864.png 1536w\" sizes=\"(max-width: 1920px) 100vw, 1920px\" \/><\/a><a href=\"https:\/\/www.showgroup.it\/vetrina\/cantanti\/colombini-soprano-d-arti_c38355\">Grazie per l\u2019intervista!<\/a><\/b><b><br \/>\n<\/b><a href=\"https:\/\/www.showgroup.it\/vetrina\/cantanti\/colombini-soprano-d-arti_c38355\"><b>Ci vediamo su Showgroup!<\/b><\/a><\/h2>\n","protected":false},"excerpt":{"rendered":"<p>Showgroup offre numerose proposte e tipologie di intrattenimento differenti, tra cui scegliere. Oggi desideriamo presentarti una figura che ha fatto [&hellip;]<\/p>\n","protected":false},"author":5,"featured_media":90878,"comment_status":"closed","ping_status":"closed","sticky":false,"template":"","format":"standard","meta":[],"categories":[664],"tags":[],"yoast_head":"<!-- This site is optimized with the Yoast SEO plugin v16.9 - https:\/\/yoast.com\/wordpress\/plugins\/seo\/ -->\n<title>A tu per tu con Colombini Soprano d&#039;Arti &bull; Showgroup - Ready to be WOW!<\/title>\n<meta name=\"description\" content=\"Silvia Colombini Soprano d&#039;Arti \u00e8 una cantante lirica e performer, con alle spalle una brillante carriera. Conosciamola insieme!\" \/>\n<meta name=\"robots\" content=\"index, follow, max-snippet:-1, max-image-preview:large, max-video-preview:-1\" \/>\n<link rel=\"canonical\" href=\"https:\/\/www.showgroup.it\/blog\/2023\/09\/26\/a-tu-per-tu-con-colombini-soprano-darti\/\" \/>\n<meta property=\"og:locale\" content=\"it_IT\" \/>\n<meta property=\"og:type\" content=\"article\" \/>\n<meta property=\"og:title\" content=\"A tu per tu con Colombini Soprano d&#039;Arti &bull; Showgroup - Ready to be WOW!\" \/>\n<meta property=\"og:description\" content=\"Silvia Colombini Soprano d&#039;Arti \u00e8 una cantante lirica e performer, con alle spalle una brillante carriera. Conosciamola insieme!\" \/>\n<meta property=\"og:url\" content=\"https:\/\/www.showgroup.it\/blog\/2023\/09\/26\/a-tu-per-tu-con-colombini-soprano-darti\/\" \/>\n<meta property=\"og:site_name\" content=\"Showgroup - Ready to be WOW!\" \/>\n<meta property=\"article:publisher\" content=\"https:\/\/www.facebook.com\/ShowGroupWow\/\" \/>\n<meta property=\"article:published_time\" content=\"2023-09-26T13:10:59+00:00\" \/>\n<meta property=\"article:modified_time\" content=\"2025-05-28T13:45:36+00:00\" \/>\n<meta property=\"og:image\" content=\"https:\/\/www.showgroup.it\/blog\/wp-content\/uploads\/2023\/09\/INTERNATIONAL-GIN-TONIC-DAY-5.png\" \/>\n\t<meta property=\"og:image:width\" content=\"1920\" \/>\n\t<meta property=\"og:image:height\" content=\"1080\" \/>\n<meta name=\"twitter:card\" content=\"summary_large_image\" \/>\n<meta name=\"twitter:label1\" content=\"Scritto da\" \/>\n\t<meta name=\"twitter:data1\" content=\"Benedetta Gatti\" \/>\n\t<meta name=\"twitter:label2\" content=\"Tempo di lettura stimato\" \/>\n\t<meta name=\"twitter:data2\" content=\"9 minuti\" \/>\n<script type=\"application\/ld+json\" class=\"yoast-schema-graph\">{\"@context\":\"https:\/\/schema.org\",\"@graph\":[{\"@type\":\"Organization\",\"@id\":\"https:\/\/www.showgroup.it\/#organization\",\"name\":\"Showgroup\",\"url\":\"https:\/\/www.showgroup.it\/\",\"sameAs\":[\"https:\/\/www.facebook.com\/ShowGroupWow\/\",\"https:\/\/www.instagram.com\/showgroupwow\/\"],\"logo\":{\"@type\":\"ImageObject\",\"@id\":\"https:\/\/www.showgroup.it\/#logo\",\"inLanguage\":\"it-IT\",\"url\":\"https:\/\/www.showgroup.it\/blog\/wp-content\/uploads\/2025\/01\/logo-black.svg\",\"contentUrl\":\"https:\/\/www.showgroup.it\/blog\/wp-content\/uploads\/2025\/01\/logo-black.svg\",\"width\":1440,\"height\":916,\"caption\":\"Showgroup\"},\"image\":{\"@id\":\"https:\/\/www.showgroup.it\/#logo\"}},{\"@type\":\"WebSite\",\"@id\":\"https:\/\/www.showgroup.it\/#website\",\"url\":\"https:\/\/www.showgroup.it\/\",\"name\":\"Showgroup - Ready to be WOW!\",\"description\":\"Il primo portale gratuito dedicato al mondo dello spettacolo.\",\"publisher\":{\"@id\":\"https:\/\/www.showgroup.it\/#organization\"},\"potentialAction\":[{\"@type\":\"SearchAction\",\"target\":{\"@type\":\"EntryPoint\",\"urlTemplate\":\"https:\/\/www.showgroup.it\/?s={search_term_string}\"},\"query-input\":\"required name=search_term_string\"}],\"inLanguage\":\"it-IT\"},{\"@type\":\"ImageObject\",\"@id\":\"https:\/\/www.showgroup.it\/blog\/2023\/09\/26\/a-tu-per-tu-con-colombini-soprano-darti\/#primaryimage\",\"inLanguage\":\"it-IT\",\"url\":\"https:\/\/www.showgroup.it\/blog\/wp-content\/uploads\/2023\/09\/INTERNATIONAL-GIN-TONIC-DAY-5.png\",\"contentUrl\":\"https:\/\/www.showgroup.it\/blog\/wp-content\/uploads\/2023\/09\/INTERNATIONAL-GIN-TONIC-DAY-5.png\",\"width\":1920,\"height\":1080,\"caption\":\"Intervista a Silvia Colombini\"},{\"@type\":\"WebPage\",\"@id\":\"https:\/\/www.showgroup.it\/blog\/2023\/09\/26\/a-tu-per-tu-con-colombini-soprano-darti\/#webpage\",\"url\":\"https:\/\/www.showgroup.it\/blog\/2023\/09\/26\/a-tu-per-tu-con-colombini-soprano-darti\/\",\"name\":\"A tu per tu con Colombini Soprano d'Arti &bull; Showgroup - Ready to be WOW!\",\"isPartOf\":{\"@id\":\"https:\/\/www.showgroup.it\/#website\"},\"primaryImageOfPage\":{\"@id\":\"https:\/\/www.showgroup.it\/blog\/2023\/09\/26\/a-tu-per-tu-con-colombini-soprano-darti\/#primaryimage\"},\"datePublished\":\"2023-09-26T13:10:59+00:00\",\"dateModified\":\"2025-05-28T13:45:36+00:00\",\"description\":\"Silvia Colombini Soprano d'Arti \\u00e8 una cantante lirica e performer, con alle spalle una brillante carriera. Conosciamola insieme!\",\"breadcrumb\":{\"@id\":\"https:\/\/www.showgroup.it\/blog\/2023\/09\/26\/a-tu-per-tu-con-colombini-soprano-darti\/#breadcrumb\"},\"inLanguage\":\"it-IT\",\"potentialAction\":[{\"@type\":\"ReadAction\",\"target\":[\"https:\/\/www.showgroup.it\/blog\/2023\/09\/26\/a-tu-per-tu-con-colombini-soprano-darti\/\"]}]},{\"@type\":\"BreadcrumbList\",\"@id\":\"https:\/\/www.showgroup.it\/blog\/2023\/09\/26\/a-tu-per-tu-con-colombini-soprano-darti\/#breadcrumb\",\"itemListElement\":[{\"@type\":\"ListItem\",\"position\":1,\"name\":\"Home\",\"item\":\"https:\/\/www.showgroup.it\/blog\/\"},{\"@type\":\"ListItem\",\"position\":2,\"name\":\"A tu per tu con Colombini Soprano d&#8217;Arti\"}]},{\"@type\":\"Article\",\"@id\":\"https:\/\/www.showgroup.it\/blog\/2023\/09\/26\/a-tu-per-tu-con-colombini-soprano-darti\/#article\",\"isPartOf\":{\"@id\":\"https:\/\/www.showgroup.it\/blog\/2023\/09\/26\/a-tu-per-tu-con-colombini-soprano-darti\/#webpage\"},\"author\":{\"@id\":\"https:\/\/www.showgroup.it\/#\/schema\/person\/9b799d433be4e17451d197175628047a\"},\"headline\":\"A tu per tu con Colombini Soprano d&#8217;Arti\",\"datePublished\":\"2023-09-26T13:10:59+00:00\",\"dateModified\":\"2025-05-28T13:45:36+00:00\",\"mainEntityOfPage\":{\"@id\":\"https:\/\/www.showgroup.it\/blog\/2023\/09\/26\/a-tu-per-tu-con-colombini-soprano-darti\/#webpage\"},\"wordCount\":1679,\"publisher\":{\"@id\":\"https:\/\/www.showgroup.it\/#organization\"},\"image\":{\"@id\":\"https:\/\/www.showgroup.it\/blog\/2023\/09\/26\/a-tu-per-tu-con-colombini-soprano-darti\/#primaryimage\"},\"thumbnailUrl\":\"https:\/\/www.showgroup.it\/blog\/wp-content\/uploads\/2023\/09\/INTERNATIONAL-GIN-TONIC-DAY-5.png\",\"articleSection\":[\"Spettacolo e musica\"],\"inLanguage\":\"it-IT\"},{\"@type\":\"Person\",\"@id\":\"https:\/\/www.showgroup.it\/#\/schema\/person\/9b799d433be4e17451d197175628047a\",\"name\":\"Benedetta Gatti\",\"image\":{\"@type\":\"ImageObject\",\"@id\":\"https:\/\/www.showgroup.it\/#personlogo\",\"inLanguage\":\"it-IT\",\"url\":\"https:\/\/secure.gravatar.com\/avatar\/32ceeb7300be30aabe2c84fdaa89eac0?s=96&d=mm&r=g\",\"contentUrl\":\"https:\/\/secure.gravatar.com\/avatar\/32ceeb7300be30aabe2c84fdaa89eac0?s=96&d=mm&r=g\",\"caption\":\"Benedetta Gatti\"}}]}<\/script>\n<!-- \/ Yoast SEO plugin. -->","yoast_head_json":{"title":"A tu per tu con Colombini Soprano d'Arti &bull; Showgroup - Ready to be WOW!","description":"Silvia Colombini Soprano d'Arti \u00e8 una cantante lirica e performer, con alle spalle una brillante carriera. Conosciamola insieme!","robots":{"index":"index","follow":"follow","max-snippet":"max-snippet:-1","max-image-preview":"max-image-preview:large","max-video-preview":"max-video-preview:-1"},"canonical":"https:\/\/www.showgroup.it\/blog\/2023\/09\/26\/a-tu-per-tu-con-colombini-soprano-darti\/","og_locale":"it_IT","og_type":"article","og_title":"A tu per tu con Colombini Soprano d'Arti &bull; Showgroup - Ready to be WOW!","og_description":"Silvia Colombini Soprano d'Arti \u00e8 una cantante lirica e performer, con alle spalle una brillante carriera. Conosciamola insieme!","og_url":"https:\/\/www.showgroup.it\/blog\/2023\/09\/26\/a-tu-per-tu-con-colombini-soprano-darti\/","og_site_name":"Showgroup - Ready to be WOW!","article_publisher":"https:\/\/www.facebook.com\/ShowGroupWow\/","article_published_time":"2023-09-26T13:10:59+00:00","article_modified_time":"2025-05-28T13:45:36+00:00","og_image":[{"width":1920,"height":1080,"url":"https:\/\/www.showgroup.it\/blog\/wp-content\/uploads\/2023\/09\/INTERNATIONAL-GIN-TONIC-DAY-5.png","path":"\/sites\/www.showgroup.it\/files\/blog\/wp-content\/uploads\/2023\/09\/INTERNATIONAL-GIN-TONIC-DAY-5.png","size":"full","id":90878,"alt":"Intervista a Silvia Colombini","pixels":2073600,"type":"image\/png"}],"twitter_card":"summary_large_image","twitter_misc":{"Scritto da":"Benedetta Gatti","Tempo di lettura stimato":"9 minuti"},"schema":{"@context":"https:\/\/schema.org","@graph":[{"@type":"Organization","@id":"https:\/\/www.showgroup.it\/#organization","name":"Showgroup","url":"https:\/\/www.showgroup.it\/","sameAs":["https:\/\/www.facebook.com\/ShowGroupWow\/","https:\/\/www.instagram.com\/showgroupwow\/"],"logo":{"@type":"ImageObject","@id":"https:\/\/www.showgroup.it\/#logo","inLanguage":"it-IT","url":"https:\/\/www.showgroup.it\/blog\/wp-content\/uploads\/2025\/01\/logo-black.svg","contentUrl":"https:\/\/www.showgroup.it\/blog\/wp-content\/uploads\/2025\/01\/logo-black.svg","width":1440,"height":916,"caption":"Showgroup"},"image":{"@id":"https:\/\/www.showgroup.it\/#logo"}},{"@type":"WebSite","@id":"https:\/\/www.showgroup.it\/#website","url":"https:\/\/www.showgroup.it\/","name":"Showgroup - Ready to be WOW!","description":"Il primo portale gratuito dedicato al mondo dello spettacolo.","publisher":{"@id":"https:\/\/www.showgroup.it\/#organization"},"potentialAction":[{"@type":"SearchAction","target":{"@type":"EntryPoint","urlTemplate":"https:\/\/www.showgroup.it\/?s={search_term_string}"},"query-input":"required name=search_term_string"}],"inLanguage":"it-IT"},{"@type":"ImageObject","@id":"https:\/\/www.showgroup.it\/blog\/2023\/09\/26\/a-tu-per-tu-con-colombini-soprano-darti\/#primaryimage","inLanguage":"it-IT","url":"https:\/\/www.showgroup.it\/blog\/wp-content\/uploads\/2023\/09\/INTERNATIONAL-GIN-TONIC-DAY-5.png","contentUrl":"https:\/\/www.showgroup.it\/blog\/wp-content\/uploads\/2023\/09\/INTERNATIONAL-GIN-TONIC-DAY-5.png","width":1920,"height":1080,"caption":"Intervista a Silvia Colombini"},{"@type":"WebPage","@id":"https:\/\/www.showgroup.it\/blog\/2023\/09\/26\/a-tu-per-tu-con-colombini-soprano-darti\/#webpage","url":"https:\/\/www.showgroup.it\/blog\/2023\/09\/26\/a-tu-per-tu-con-colombini-soprano-darti\/","name":"A tu per tu con Colombini Soprano d'Arti &bull; Showgroup - Ready to be WOW!","isPartOf":{"@id":"https:\/\/www.showgroup.it\/#website"},"primaryImageOfPage":{"@id":"https:\/\/www.showgroup.it\/blog\/2023\/09\/26\/a-tu-per-tu-con-colombini-soprano-darti\/#primaryimage"},"datePublished":"2023-09-26T13:10:59+00:00","dateModified":"2025-05-28T13:45:36+00:00","description":"Silvia Colombini Soprano d'Arti \u00e8 una cantante lirica e performer, con alle spalle una brillante carriera. Conosciamola insieme!","breadcrumb":{"@id":"https:\/\/www.showgroup.it\/blog\/2023\/09\/26\/a-tu-per-tu-con-colombini-soprano-darti\/#breadcrumb"},"inLanguage":"it-IT","potentialAction":[{"@type":"ReadAction","target":["https:\/\/www.showgroup.it\/blog\/2023\/09\/26\/a-tu-per-tu-con-colombini-soprano-darti\/"]}]},{"@type":"BreadcrumbList","@id":"https:\/\/www.showgroup.it\/blog\/2023\/09\/26\/a-tu-per-tu-con-colombini-soprano-darti\/#breadcrumb","itemListElement":[{"@type":"ListItem","position":1,"name":"Home","item":"https:\/\/www.showgroup.it\/blog\/"},{"@type":"ListItem","position":2,"name":"A tu per tu con Colombini Soprano d&#8217;Arti"}]},{"@type":"Article","@id":"https:\/\/www.showgroup.it\/blog\/2023\/09\/26\/a-tu-per-tu-con-colombini-soprano-darti\/#article","isPartOf":{"@id":"https:\/\/www.showgroup.it\/blog\/2023\/09\/26\/a-tu-per-tu-con-colombini-soprano-darti\/#webpage"},"author":{"@id":"https:\/\/www.showgroup.it\/#\/schema\/person\/9b799d433be4e17451d197175628047a"},"headline":"A tu per tu con Colombini Soprano d&#8217;Arti","datePublished":"2023-09-26T13:10:59+00:00","dateModified":"2025-05-28T13:45:36+00:00","mainEntityOfPage":{"@id":"https:\/\/www.showgroup.it\/blog\/2023\/09\/26\/a-tu-per-tu-con-colombini-soprano-darti\/#webpage"},"wordCount":1679,"publisher":{"@id":"https:\/\/www.showgroup.it\/#organization"},"image":{"@id":"https:\/\/www.showgroup.it\/blog\/2023\/09\/26\/a-tu-per-tu-con-colombini-soprano-darti\/#primaryimage"},"thumbnailUrl":"https:\/\/www.showgroup.it\/blog\/wp-content\/uploads\/2023\/09\/INTERNATIONAL-GIN-TONIC-DAY-5.png","articleSection":["Spettacolo e musica"],"inLanguage":"it-IT"},{"@type":"Person","@id":"https:\/\/www.showgroup.it\/#\/schema\/person\/9b799d433be4e17451d197175628047a","name":"Benedetta Gatti","image":{"@type":"ImageObject","@id":"https:\/\/www.showgroup.it\/#personlogo","inLanguage":"it-IT","url":"https:\/\/secure.gravatar.com\/avatar\/32ceeb7300be30aabe2c84fdaa89eac0?s=96&d=mm&r=g","contentUrl":"https:\/\/secure.gravatar.com\/avatar\/32ceeb7300be30aabe2c84fdaa89eac0?s=96&d=mm&r=g","caption":"Benedetta Gatti"}}]}},"_links":{"self":[{"href":"https:\/\/www.showgroup.it\/blog\/wp-json\/wp\/v2\/posts\/90871"}],"collection":[{"href":"https:\/\/www.showgroup.it\/blog\/wp-json\/wp\/v2\/posts"}],"about":[{"href":"https:\/\/www.showgroup.it\/blog\/wp-json\/wp\/v2\/types\/post"}],"author":[{"embeddable":true,"href":"https:\/\/www.showgroup.it\/blog\/wp-json\/wp\/v2\/users\/5"}],"replies":[{"embeddable":true,"href":"https:\/\/www.showgroup.it\/blog\/wp-json\/wp\/v2\/comments?post=90871"}],"version-history":[{"count":1,"href":"https:\/\/www.showgroup.it\/blog\/wp-json\/wp\/v2\/posts\/90871\/revisions"}],"predecessor-version":[{"id":98845,"href":"https:\/\/www.showgroup.it\/blog\/wp-json\/wp\/v2\/posts\/90871\/revisions\/98845"}],"wp:featuredmedia":[{"embeddable":true,"href":"https:\/\/www.showgroup.it\/blog\/wp-json\/wp\/v2\/media\/90878"}],"wp:attachment":[{"href":"https:\/\/www.showgroup.it\/blog\/wp-json\/wp\/v2\/media?parent=90871"}],"wp:term":[{"taxonomy":"category","embeddable":true,"href":"https:\/\/www.showgroup.it\/blog\/wp-json\/wp\/v2\/categories?post=90871"},{"taxonomy":"post_tag","embeddable":true,"href":"https:\/\/www.showgroup.it\/blog\/wp-json\/wp\/v2\/tags?post=90871"}],"curies":[{"name":"wp","href":"https:\/\/api.w.org\/{rel}","templated":true}]}}