{"id":91497,"date":"2024-03-05T11:08:13","date_gmt":"2024-03-05T10:08:13","guid":{"rendered":"https:\/\/www.showgroup.it\/?p=91497"},"modified":"2025-08-17T17:38:25","modified_gmt":"2025-08-17T15:38:25","slug":"festa-di-san-patrizio-fai-da-te","status":"publish","type":"post","link":"https:\/\/www.showgroup.it\/blog\/2024\/03\/05\/festa-di-san-patrizio-fai-da-te\/","title":{"rendered":"Festa di San Patrizio fai da te"},"content":{"rendered":"<p>Il <strong>17 marzo<\/strong> si festeggia<strong> San Patrizio<\/strong>: patrono d&#8217;Irlanda!<br \/>\nSt.Patrick\u2019s Day \u00e8 senza dubbio la <b>festa pi\u00f9 importante della Repubblica d\u2019Irlanda<\/b>.<br \/>\nSin dai giorni precedenti a questa data, Dublino si colora di <strong>verde<\/strong>, nelle vie del centro vengono organizzate parate, eventi, show con fuochi d\u2019artificio.<\/p>\n<p>Oggi San Patrizio si celebra in quasi tutto il mondo.<br \/>\nSe questa festa si \u00e8 diffusa in altri stati \u00e8 sicuramente per merito degli<strong> emigrati irlandesi<\/strong>, cos\u00ec legati a questa ricorrenza, da essere stati in grado di farla conoscere anche <strong>oltre i propri confini<\/strong>.<\/p>\n<h2><a href=\"https:\/\/www.showgroup.it\"><strong>Come organizzare una festa di San Patrizio fai-da-te<\/strong><\/a><\/h2>\n<p>Il modo migliore per festeggiare San Patrizio \u00e8 <strong>prenotare un volo aereo diretto a Dublino<\/strong>, recarsi nell&#8217;affascinante citt\u00e0 irlandese, in prossimit\u00e0 del 17 marzo, per potersi immergere dal vivo in un&#8217;atmosfera festaiola che non ha eguali. Se per\u00f2 non ti \u00e8 possibile organizzare un viaggio di questo tipo, puoi optare per organizzare direttamente tu una<strong> festa fai-da-te a tema San Patrizio<\/strong>.<br \/>\nScopriamo come fare!<\/p>\n<h3><strong><a href=\"https:\/\/www.showgroup.it\">1-Location<\/a><\/strong><\/h3>\n<p>Come prima cosa, dovrai scegliere la <strong><em>location<\/em><\/strong> per il tuo evento.<br \/>\nDove vorresti organizzare la festa? Preferisci optare per la comodit\u00e0 delle tue<strong> mura di casa<\/strong> o <strong>affittare un locale<\/strong> per questa occasione?<br \/>\nSe stai cercando la location adatta, ti suggeriamo di consultare la categoria <a href=\"https:\/\/www.showgroup.it\/vetrine\/locali-pubblici\">Locali Pubblici che trovi su Showgroup cliccando qui<\/a>.<br \/>\n<iframe loading=\"lazy\" src=\"https:\/\/assets.pinterest.com\/ext\/embed.html?id=13088655152121543\" width=\"345\" height=\"376\" frameborder=\"0\" scrolling=\"no\"><\/iframe><\/p>\n<h3><strong><a href=\"https:\/\/www.showgroup.it\">2-Inviti a tema<\/a><\/strong><\/h3>\n<p>La data c&#8217;\u00e8 (17 marzo), se hai scelto anche in quale location organizzare la tua Festa di San Patrizio non ti resta che <strong>preparare gli inviti<\/strong>, ovviamente solo dopo aver stilato una lista dei partecipanti.<br \/>\n<em><strong>Inviti digitali o cartacei?<\/strong> <\/em>Noi ti suggeriamo quelli <strong>digitali<\/strong>, una scelta sicuramente pi\u00f9 a favore dell&#8217;ambiente e chi ti offre la possibilit\u00e0 di optare tra svariati modelli, come quelli che puoi trovare su <a href=\"https:\/\/www.canva.com\/templates\/EAF-Bsem-4I-green-illustrative-st-patrick-s-day-party-invitation-facebook-post\/\" class=\"broken_link\">Canva cliccando qui<\/a>.<br \/>\nUn&#8217;altra valida idea potrebbe essere quella di condividere l&#8217;invito tramite<strong> WhatsApp<\/strong>, magari arricchendolo con delle <strong>gif a tema<\/strong> come quelle che ci sono qui.<br \/>\n<iframe loading=\"lazy\" class=\"giphy-embed\" src=\"https:\/\/giphy.com\/embed\/JPsxAQzrodu3cycQOM\" width=\"480\" height=\"480\" frameborder=\"0\" allowfullscreen=\"allowfullscreen\"><\/iframe><\/p>\n<h3><strong><a href=\"https:\/\/www.showgroup.it\">3-Allestimenti, decorazioni e gadget<\/a><\/strong><\/h3>\n<p>Il mercato mette a disposizione i<strong>nfinite decorazioni<\/strong>, a tema San Patrizio, per allestire i propri spazi.<br \/>\nEcco gli elementi che non potranno assolutamente mancare nella parte degli <strong>allestimenti<\/strong> e per i tuoi <strong>gadget:<\/strong><\/p>\n<p>&#8211;<strong> il colore verde<\/strong>: tinta simbolo di questa festivit\u00e0. Il verde non dovr\u00e0 assolutamente mancare e dovr\u00e0 essere inserito negli elementi fondamentali per gli allestimenti. Tovaglioli, posate, bicchieri&#8230;dai un&#8217;occhiata ai set preconfezionati che puoi trovare online, per esempio su Amazon,<a href=\"https:\/\/amzn.eu\/d\/cfQ72f2\"> cliccando qui<\/a>.<\/p>\n<p>&#8211;<strong> trifogli, arcobaleni, pinte di birra, folletti<\/strong>: tutti questi oggetti e personaggi sono assolutamente a tema.<br \/>\nSbizzarrisciti inserendoli nelle ghirlande, palloncini, decorazioni per la casa e la tavola.<br \/>\n<iframe loading=\"lazy\" src=\"https:\/\/assets.pinterest.com\/ext\/embed.html?id=24980972925093887\" width=\"345\" height=\"619\" frameborder=\"0\" scrolling=\"no\"><\/iframe><\/p>\n<h3><a href=\"https:\/\/www.showgroup.it\">4-Men\u00f9 e Torta<\/a><\/h3>\n<p>Quale <strong>men\u00f9<\/strong> scegliere per la tua Festa di San Patrizio?<br \/>\nSe tu e i tuoi ospiti amate la birra, puoi optare per un\u00a0<b>men\u00f9<\/b> con protagonista la bevanda pi\u00f9 amata d\u2019Irlanda&#8230;la <b>Guinness<\/b>, ovviamente!<br \/>\nUn men\u00f9 tipico pu\u00f2 comprendere:\u00a0<b>fonduta, beef <\/b>e<b>\u00a0gelato alla Guinness<\/b>. Trovi alcune imperdibili ricette a base di birra\u00a0<a href=\"https:\/\/www.irlandando.it\/cultura\/cucina\/ricette\/piatti-principali\/\" target=\"_blank\" rel=\"noopener\">cliccando qui<\/a>.<br \/>\nSe preferite optare per un<b> men\u00f9 differente<\/b>, ma comunque irlandese, potrai scegliere tra <b>pudding, zuppe e secondi a base di carne.<\/b><br \/>\n<a href=\"https:\/\/www.irlandando.it\/cultura\/cucina\/ricette\/\" target=\"_blank\" rel=\"noopener\">Qui trovi alcune ricette<\/a>\u00a0che possono fare al caso tuo.<br \/>\nImmancabile poi la<strong> torta a tema<\/strong> che puoi fare realizzare da\u00a0un <a href=\"https:\/\/www.showgroup.it\/vetrine\/cake-designer\">cake designer!<\/a><br \/>\n<iframe loading=\"lazy\" src=\"https:\/\/assets.pinterest.com\/ext\/embed.html?id=34621490870460199\" width=\"450\" height=\"658\" frameborder=\"0\" scrolling=\"no\"><\/iframe><\/p>\n<h3><a href=\"https:\/\/www.showgroup.it\">5-Intrattenimento<\/a><\/h3>\n<p>L&#8217;Irlanda non \u00e8 soltanto la patria di San Patrizio ma, <strong>musicalmente<\/strong> parlando, anche delle <strong>melodie celtiche e medievali<\/strong>.<br \/>\nSi tratta di vere e proprie sinfonie ideali anche come accompagnamento durante una festa a tema come quella che stai organizzando.<br \/>\n<strong>Ti consigliamo questa playlist:<\/strong><br \/>\n<iframe loading=\"lazy\" style=\"border-radius: 12px;\" src=\"https:\/\/open.spotify.com\/embed\/playlist\/37i9dQZF1DZ06evO4anXYA?utm_source=generator\" width=\"100%\" height=\"352\" frameborder=\"0\" allowfullscreen=\"allowfullscreen\"><\/iframe><\/p>\n<p>Come attivit\u00e0 da svolgere dopo la cena, ti proponiamo\u00a0giochi da tavolo\u00a0come<b>\u00a0Dixit\u00a0<\/b>o\u00a0<b>Cluedo<\/b>, oppure una tra le innumerevoli <b>Escape Room\u00a0<\/b>che potrai svolgere insieme ai tuoi amici direttamente dalla comodit\u00e0 della tua casa.<br \/>\n<a href=\"https:\/\/www.amazon.it\/s?k=escape+room+gioco+da+tavolo&amp;crid=2XTRWSH39B0RD&amp;sprefix=escape+room%2Caps%2C95&amp;ref=nb_sb_ss_ts-doa-p_1_11\" target=\"_blank\" rel=\"noopener\" class=\"broken_link\">Qui trovi alcuni modelli<\/a>\u00a0assolutamente imperdibili.<\/p>\n<p>Se non siete da giochi da tavolo, potete rimediare con un<b>\u00a0karaoke<\/b> oppure con la visione di un<b>\u00a0film<\/b>\u00a0da vedere in compagnia.<br \/>\n<b>Via libera quindi alla fantasia!<\/b><\/p>\n<h2><a href=\"tp:\/\/www.showgroup.it\"><strong>Per tutte le altre ispirazioni, a tema Festa di San Patrizio, ti aspettiamo su Showgroup!<\/strong><\/a><\/h2>\n","protected":false},"excerpt":{"rendered":"<p>Il 17 marzo si festeggia San Patrizio: patrono d&#8217;Irlanda! St.Patrick\u2019s Day \u00e8 senza dubbio la festa pi\u00f9 importante della Repubblica [&hellip;]<\/p>\n","protected":false},"author":5,"featured_media":91510,"comment_status":"closed","ping_status":"closed","sticky":false,"template":"","format":"standard","meta":[],"categories":[661],"tags":[],"yoast_head":"<!-- This site is optimized with the Yoast SEO plugin v16.9 - https:\/\/yoast.com\/wordpress\/plugins\/seo\/ -->\n<title>Festa di San Patrizio fai da te &bull; Showgroup - Ready to be WOW!<\/title>\n<meta name=\"description\" content=\"San Patrizio: \u00e8 una festa tradizionale irlandese che ormai si \u00e8 diffusa anche in Italia. Ecco come organizzare un party, a tema, fai-da-te!\" \/>\n<meta name=\"robots\" content=\"index, follow, max-snippet:-1, max-image-preview:large, max-video-preview:-1\" \/>\n<link rel=\"canonical\" href=\"https:\/\/www.showgroup.it\/blog\/2024\/03\/05\/festa-di-san-patrizio-fai-da-te\/\" \/>\n<meta property=\"og:locale\" content=\"it_IT\" \/>\n<meta property=\"og:type\" content=\"article\" \/>\n<meta property=\"og:title\" content=\"Festa di San Patrizio fai da te &bull; Showgroup - Ready to be WOW!\" \/>\n<meta property=\"og:description\" content=\"San Patrizio: \u00e8 una festa tradizionale irlandese che ormai si \u00e8 diffusa anche in Italia. Ecco come organizzare un party, a tema, fai-da-te!\" \/>\n<meta property=\"og:url\" content=\"https:\/\/www.showgroup.it\/blog\/2024\/03\/05\/festa-di-san-patrizio-fai-da-te\/\" \/>\n<meta property=\"og:site_name\" content=\"Showgroup - Ready to be WOW!\" \/>\n<meta property=\"article:publisher\" content=\"https:\/\/www.facebook.com\/ShowGroupWow\/\" \/>\n<meta property=\"article:published_time\" content=\"2024-03-05T10:08:13+00:00\" \/>\n<meta property=\"article:modified_time\" content=\"2025-08-17T15:38:25+00:00\" \/>\n<meta property=\"og:image\" content=\"https:\/\/www.showgroup.it\/blog\/wp-content\/uploads\/2024\/03\/Progetto-senza-titolo-31.jpg\" \/>\n\t<meta property=\"og:image:width\" content=\"1920\" \/>\n\t<meta property=\"og:image:height\" content=\"1080\" \/>\n<meta name=\"twitter:card\" content=\"summary_large_image\" \/>\n<meta name=\"twitter:label1\" content=\"Scritto da\" \/>\n\t<meta name=\"twitter:data1\" content=\"Benedetta Gatti\" \/>\n\t<meta name=\"twitter:label2\" content=\"Tempo di lettura stimato\" \/>\n\t<meta name=\"twitter:data2\" content=\"3 minuti\" \/>\n<script type=\"application\/ld+json\" class=\"yoast-schema-graph\">{\"@context\":\"https:\/\/schema.org\",\"@graph\":[{\"@type\":\"Organization\",\"@id\":\"https:\/\/www.showgroup.it\/#organization\",\"name\":\"Showgroup\",\"url\":\"https:\/\/www.showgroup.it\/\",\"sameAs\":[\"https:\/\/www.facebook.com\/ShowGroupWow\/\",\"https:\/\/www.instagram.com\/showgroupwow\/\"],\"logo\":{\"@type\":\"ImageObject\",\"@id\":\"https:\/\/www.showgroup.it\/#logo\",\"inLanguage\":\"it-IT\",\"url\":\"https:\/\/www.showgroup.it\/blog\/wp-content\/uploads\/2025\/01\/logo-black.svg\",\"contentUrl\":\"https:\/\/www.showgroup.it\/blog\/wp-content\/uploads\/2025\/01\/logo-black.svg\",\"width\":1440,\"height\":916,\"caption\":\"Showgroup\"},\"image\":{\"@id\":\"https:\/\/www.showgroup.it\/#logo\"}},{\"@type\":\"WebSite\",\"@id\":\"https:\/\/www.showgroup.it\/#website\",\"url\":\"https:\/\/www.showgroup.it\/\",\"name\":\"Showgroup - Ready to be WOW!\",\"description\":\"Il primo portale gratuito dedicato al mondo dello spettacolo.\",\"publisher\":{\"@id\":\"https:\/\/www.showgroup.it\/#organization\"},\"potentialAction\":[{\"@type\":\"SearchAction\",\"target\":{\"@type\":\"EntryPoint\",\"urlTemplate\":\"https:\/\/www.showgroup.it\/?s={search_term_string}\"},\"query-input\":\"required name=search_term_string\"}],\"inLanguage\":\"it-IT\"},{\"@type\":\"ImageObject\",\"@id\":\"https:\/\/www.showgroup.it\/blog\/2024\/03\/05\/festa-di-san-patrizio-fai-da-te\/#primaryimage\",\"inLanguage\":\"it-IT\",\"url\":\"https:\/\/www.showgroup.it\/blog\/wp-content\/uploads\/2024\/03\/Progetto-senza-titolo-31.jpg\",\"contentUrl\":\"https:\/\/www.showgroup.it\/blog\/wp-content\/uploads\/2024\/03\/Progetto-senza-titolo-31.jpg\",\"width\":1920,\"height\":1080},{\"@type\":\"WebPage\",\"@id\":\"https:\/\/www.showgroup.it\/blog\/2024\/03\/05\/festa-di-san-patrizio-fai-da-te\/#webpage\",\"url\":\"https:\/\/www.showgroup.it\/blog\/2024\/03\/05\/festa-di-san-patrizio-fai-da-te\/\",\"name\":\"Festa di San Patrizio fai da te &bull; Showgroup - Ready to be WOW!\",\"isPartOf\":{\"@id\":\"https:\/\/www.showgroup.it\/#website\"},\"primaryImageOfPage\":{\"@id\":\"https:\/\/www.showgroup.it\/blog\/2024\/03\/05\/festa-di-san-patrizio-fai-da-te\/#primaryimage\"},\"datePublished\":\"2024-03-05T10:08:13+00:00\",\"dateModified\":\"2025-08-17T15:38:25+00:00\",\"description\":\"San Patrizio: \\u00e8 una festa tradizionale irlandese che ormai si \\u00e8 diffusa anche in Italia. Ecco come organizzare un party, a tema, fai-da-te!\",\"breadcrumb\":{\"@id\":\"https:\/\/www.showgroup.it\/blog\/2024\/03\/05\/festa-di-san-patrizio-fai-da-te\/#breadcrumb\"},\"inLanguage\":\"it-IT\",\"potentialAction\":[{\"@type\":\"ReadAction\",\"target\":[\"https:\/\/www.showgroup.it\/blog\/2024\/03\/05\/festa-di-san-patrizio-fai-da-te\/\"]}]},{\"@type\":\"BreadcrumbList\",\"@id\":\"https:\/\/www.showgroup.it\/blog\/2024\/03\/05\/festa-di-san-patrizio-fai-da-te\/#breadcrumb\",\"itemListElement\":[{\"@type\":\"ListItem\",\"position\":1,\"name\":\"Home\",\"item\":\"https:\/\/www.showgroup.it\/blog\/\"},{\"@type\":\"ListItem\",\"position\":2,\"name\":\"Festa di San Patrizio fai da te\"}]},{\"@type\":\"Article\",\"@id\":\"https:\/\/www.showgroup.it\/blog\/2024\/03\/05\/festa-di-san-patrizio-fai-da-te\/#article\",\"isPartOf\":{\"@id\":\"https:\/\/www.showgroup.it\/blog\/2024\/03\/05\/festa-di-san-patrizio-fai-da-te\/#webpage\"},\"author\":{\"@id\":\"https:\/\/www.showgroup.it\/#\/schema\/person\/9b799d433be4e17451d197175628047a\"},\"headline\":\"Festa di San Patrizio fai da te\",\"datePublished\":\"2024-03-05T10:08:13+00:00\",\"dateModified\":\"2025-08-17T15:38:25+00:00\",\"mainEntityOfPage\":{\"@id\":\"https:\/\/www.showgroup.it\/blog\/2024\/03\/05\/festa-di-san-patrizio-fai-da-te\/#webpage\"},\"wordCount\":656,\"publisher\":{\"@id\":\"https:\/\/www.showgroup.it\/#organization\"},\"image\":{\"@id\":\"https:\/\/www.showgroup.it\/blog\/2024\/03\/05\/festa-di-san-patrizio-fai-da-te\/#primaryimage\"},\"thumbnailUrl\":\"https:\/\/www.showgroup.it\/blog\/wp-content\/uploads\/2024\/03\/Progetto-senza-titolo-31.jpg\",\"articleSection\":[\"Eventi e location\"],\"inLanguage\":\"it-IT\"},{\"@type\":\"Person\",\"@id\":\"https:\/\/www.showgroup.it\/#\/schema\/person\/9b799d433be4e17451d197175628047a\",\"name\":\"Benedetta Gatti\",\"image\":{\"@type\":\"ImageObject\",\"@id\":\"https:\/\/www.showgroup.it\/#personlogo\",\"inLanguage\":\"it-IT\",\"url\":\"https:\/\/secure.gravatar.com\/avatar\/32ceeb7300be30aabe2c84fdaa89eac0?s=96&d=mm&r=g\",\"contentUrl\":\"https:\/\/secure.gravatar.com\/avatar\/32ceeb7300be30aabe2c84fdaa89eac0?s=96&d=mm&r=g\",\"caption\":\"Benedetta Gatti\"}}]}<\/script>\n<!-- \/ Yoast SEO plugin. -->","yoast_head_json":{"title":"Festa di San Patrizio fai da te &bull; Showgroup - Ready to be WOW!","description":"San Patrizio: \u00e8 una festa tradizionale irlandese che ormai si \u00e8 diffusa anche in Italia. Ecco come organizzare un party, a tema, fai-da-te!","robots":{"index":"index","follow":"follow","max-snippet":"max-snippet:-1","max-image-preview":"max-image-preview:large","max-video-preview":"max-video-preview:-1"},"canonical":"https:\/\/www.showgroup.it\/blog\/2024\/03\/05\/festa-di-san-patrizio-fai-da-te\/","og_locale":"it_IT","og_type":"article","og_title":"Festa di San Patrizio fai da te &bull; Showgroup - Ready to be WOW!","og_description":"San Patrizio: \u00e8 una festa tradizionale irlandese che ormai si \u00e8 diffusa anche in Italia. Ecco come organizzare un party, a tema, fai-da-te!","og_url":"https:\/\/www.showgroup.it\/blog\/2024\/03\/05\/festa-di-san-patrizio-fai-da-te\/","og_site_name":"Showgroup - Ready to be WOW!","article_publisher":"https:\/\/www.facebook.com\/ShowGroupWow\/","article_published_time":"2024-03-05T10:08:13+00:00","article_modified_time":"2025-08-17T15:38:25+00:00","og_image":[{"width":1920,"height":1080,"filesize":310886,"url":"https:\/\/www.showgroup.it\/blog\/wp-content\/uploads\/2024\/03\/Progetto-senza-titolo-31.jpg","path":"\/sites\/www.showgroup.it\/files\/blog\/wp-content\/uploads\/2024\/03\/Progetto-senza-titolo-31.jpg","size":"full","id":91510,"alt":"","pixels":2073600,"type":"image\/jpeg"}],"twitter_card":"summary_large_image","twitter_misc":{"Scritto da":"Benedetta Gatti","Tempo di lettura stimato":"3 minuti"},"schema":{"@context":"https:\/\/schema.org","@graph":[{"@type":"Organization","@id":"https:\/\/www.showgroup.it\/#organization","name":"Showgroup","url":"https:\/\/www.showgroup.it\/","sameAs":["https:\/\/www.facebook.com\/ShowGroupWow\/","https:\/\/www.instagram.com\/showgroupwow\/"],"logo":{"@type":"ImageObject","@id":"https:\/\/www.showgroup.it\/#logo","inLanguage":"it-IT","url":"https:\/\/www.showgroup.it\/blog\/wp-content\/uploads\/2025\/01\/logo-black.svg","contentUrl":"https:\/\/www.showgroup.it\/blog\/wp-content\/uploads\/2025\/01\/logo-black.svg","width":1440,"height":916,"caption":"Showgroup"},"image":{"@id":"https:\/\/www.showgroup.it\/#logo"}},{"@type":"WebSite","@id":"https:\/\/www.showgroup.it\/#website","url":"https:\/\/www.showgroup.it\/","name":"Showgroup - Ready to be WOW!","description":"Il primo portale gratuito dedicato al mondo dello spettacolo.","publisher":{"@id":"https:\/\/www.showgroup.it\/#organization"},"potentialAction":[{"@type":"SearchAction","target":{"@type":"EntryPoint","urlTemplate":"https:\/\/www.showgroup.it\/?s={search_term_string}"},"query-input":"required name=search_term_string"}],"inLanguage":"it-IT"},{"@type":"ImageObject","@id":"https:\/\/www.showgroup.it\/blog\/2024\/03\/05\/festa-di-san-patrizio-fai-da-te\/#primaryimage","inLanguage":"it-IT","url":"https:\/\/www.showgroup.it\/blog\/wp-content\/uploads\/2024\/03\/Progetto-senza-titolo-31.jpg","contentUrl":"https:\/\/www.showgroup.it\/blog\/wp-content\/uploads\/2024\/03\/Progetto-senza-titolo-31.jpg","width":1920,"height":1080},{"@type":"WebPage","@id":"https:\/\/www.showgroup.it\/blog\/2024\/03\/05\/festa-di-san-patrizio-fai-da-te\/#webpage","url":"https:\/\/www.showgroup.it\/blog\/2024\/03\/05\/festa-di-san-patrizio-fai-da-te\/","name":"Festa di San Patrizio fai da te &bull; Showgroup - Ready to be WOW!","isPartOf":{"@id":"https:\/\/www.showgroup.it\/#website"},"primaryImageOfPage":{"@id":"https:\/\/www.showgroup.it\/blog\/2024\/03\/05\/festa-di-san-patrizio-fai-da-te\/#primaryimage"},"datePublished":"2024-03-05T10:08:13+00:00","dateModified":"2025-08-17T15:38:25+00:00","description":"San Patrizio: \u00e8 una festa tradizionale irlandese che ormai si \u00e8 diffusa anche in Italia. Ecco come organizzare un party, a tema, fai-da-te!","breadcrumb":{"@id":"https:\/\/www.showgroup.it\/blog\/2024\/03\/05\/festa-di-san-patrizio-fai-da-te\/#breadcrumb"},"inLanguage":"it-IT","potentialAction":[{"@type":"ReadAction","target":["https:\/\/www.showgroup.it\/blog\/2024\/03\/05\/festa-di-san-patrizio-fai-da-te\/"]}]},{"@type":"BreadcrumbList","@id":"https:\/\/www.showgroup.it\/blog\/2024\/03\/05\/festa-di-san-patrizio-fai-da-te\/#breadcrumb","itemListElement":[{"@type":"ListItem","position":1,"name":"Home","item":"https:\/\/www.showgroup.it\/blog\/"},{"@type":"ListItem","position":2,"name":"Festa di San Patrizio fai da te"}]},{"@type":"Article","@id":"https:\/\/www.showgroup.it\/blog\/2024\/03\/05\/festa-di-san-patrizio-fai-da-te\/#article","isPartOf":{"@id":"https:\/\/www.showgroup.it\/blog\/2024\/03\/05\/festa-di-san-patrizio-fai-da-te\/#webpage"},"author":{"@id":"https:\/\/www.showgroup.it\/#\/schema\/person\/9b799d433be4e17451d197175628047a"},"headline":"Festa di San Patrizio fai da te","datePublished":"2024-03-05T10:08:13+00:00","dateModified":"2025-08-17T15:38:25+00:00","mainEntityOfPage":{"@id":"https:\/\/www.showgroup.it\/blog\/2024\/03\/05\/festa-di-san-patrizio-fai-da-te\/#webpage"},"wordCount":656,"publisher":{"@id":"https:\/\/www.showgroup.it\/#organization"},"image":{"@id":"https:\/\/www.showgroup.it\/blog\/2024\/03\/05\/festa-di-san-patrizio-fai-da-te\/#primaryimage"},"thumbnailUrl":"https:\/\/www.showgroup.it\/blog\/wp-content\/uploads\/2024\/03\/Progetto-senza-titolo-31.jpg","articleSection":["Eventi e location"],"inLanguage":"it-IT"},{"@type":"Person","@id":"https:\/\/www.showgroup.it\/#\/schema\/person\/9b799d433be4e17451d197175628047a","name":"Benedetta Gatti","image":{"@type":"ImageObject","@id":"https:\/\/www.showgroup.it\/#personlogo","inLanguage":"it-IT","url":"https:\/\/secure.gravatar.com\/avatar\/32ceeb7300be30aabe2c84fdaa89eac0?s=96&d=mm&r=g","contentUrl":"https:\/\/secure.gravatar.com\/avatar\/32ceeb7300be30aabe2c84fdaa89eac0?s=96&d=mm&r=g","caption":"Benedetta Gatti"}}]}},"_links":{"self":[{"href":"https:\/\/www.showgroup.it\/blog\/wp-json\/wp\/v2\/posts\/91497"}],"collection":[{"href":"https:\/\/www.showgroup.it\/blog\/wp-json\/wp\/v2\/posts"}],"about":[{"href":"https:\/\/www.showgroup.it\/blog\/wp-json\/wp\/v2\/types\/post"}],"author":[{"embeddable":true,"href":"https:\/\/www.showgroup.it\/blog\/wp-json\/wp\/v2\/users\/5"}],"replies":[{"embeddable":true,"href":"https:\/\/www.showgroup.it\/blog\/wp-json\/wp\/v2\/comments?post=91497"}],"version-history":[{"count":3,"href":"https:\/\/www.showgroup.it\/blog\/wp-json\/wp\/v2\/posts\/91497\/revisions"}],"predecessor-version":[{"id":99893,"href":"https:\/\/www.showgroup.it\/blog\/wp-json\/wp\/v2\/posts\/91497\/revisions\/99893"}],"wp:featuredmedia":[{"embeddable":true,"href":"https:\/\/www.showgroup.it\/blog\/wp-json\/wp\/v2\/media\/91510"}],"wp:attachment":[{"href":"https:\/\/www.showgroup.it\/blog\/wp-json\/wp\/v2\/media?parent=91497"}],"wp:term":[{"taxonomy":"category","embeddable":true,"href":"https:\/\/www.showgroup.it\/blog\/wp-json\/wp\/v2\/categories?post=91497"},{"taxonomy":"post_tag","embeddable":true,"href":"https:\/\/www.showgroup.it\/blog\/wp-json\/wp\/v2\/tags?post=91497"}],"curies":[{"name":"wp","href":"https:\/\/api.w.org\/{rel}","templated":true}]}}