{"id":92070,"date":"2024-04-16T17:45:57","date_gmt":"2024-04-16T15:45:57","guid":{"rendered":"https:\/\/www.showgroup.it\/?p=92070"},"modified":"2025-05-28T14:41:00","modified_gmt":"2025-05-28T12:41:00","slug":"entita-culturali-pan-europe-2024-il-bando-a-supporto-delle-orchestre","status":"publish","type":"post","link":"https:\/\/www.showgroup.it\/blog\/2024\/04\/16\/entita-culturali-pan-europe-2024-il-bando-a-supporto-delle-orchestre\/","title":{"rendered":"Entit\u00e0 culturali pan-europe 2024: il bando a supporto delle orchestre"},"content":{"rendered":"<p><span style=\"font-weight: 400;\">Appassionato musicista o amante dell&#8217;orchestra? <em><strong>C\u2019\u00e8 una notizia che cambier\u00e0 il panorama musicale europeo!<\/strong><\/em> <\/span><span style=\"font-weight: 400;\">Parliamo <\/span><span style=\"font-weight: 400;\"><strong>del bando entit\u00e0 culturali Pan-Europee 2024 <\/strong>(<a href=\"https:\/\/culture.ec.europa.eu\/calls\/second-call-for-individual-mobility-of-artists-and-cultural-professionals\">qui il link del documento ufficiale<\/a>). <\/span><\/p>\n<p><span style=\"font-weight: 400;\">Per farne parte, ecco<strong> cosa sapere.<\/strong><\/span><\/p>\n<h2><a href=\"https:\/\/www.showgroup.it\/\"><strong>Bando entit\u00e0 culturali pan-europe 2024<\/strong><\/a><\/h2>\n<p><span style=\"font-weight: 400;\"><img loading=\"lazy\" class=\"alignnone wp-image-92072 size-full\" title=\"entit\u00e0 culturali pan-europe 2024\" src=\"https:\/\/www.showgroup.it\/blog\/wp-content\/uploads\/2024\/04\/Progetto-senza-titolo-2024-04-16T145033.362.jpg\" alt=\"entit\u00e0 culturali pan-europe 2024\" width=\"1920\" height=\"1080\" srcset=\"https:\/\/www.showgroup.it\/blog\/wp-content\/uploads\/2024\/04\/Progetto-senza-titolo-2024-04-16T145033.362.jpg 1920w, https:\/\/www.showgroup.it\/blog\/wp-content\/uploads\/2024\/04\/Progetto-senza-titolo-2024-04-16T145033.362-300x169.jpg 300w, https:\/\/www.showgroup.it\/blog\/wp-content\/uploads\/2024\/04\/Progetto-senza-titolo-2024-04-16T145033.362-1024x576.jpg 1024w, https:\/\/www.showgroup.it\/blog\/wp-content\/uploads\/2024\/04\/Progetto-senza-titolo-2024-04-16T145033.362-768x432.jpg 768w, https:\/\/www.showgroup.it\/blog\/wp-content\/uploads\/2024\/04\/Progetto-senza-titolo-2024-04-16T145033.362-1536x864.jpg 1536w\" sizes=\"(max-width: 1920px) 100vw, 1920px\" \/><\/span><\/p>\n<p><span style=\"font-weight: 400;\">Il programma Europa Creativa &#8211; sezione cultura ha lanciato questo bando entit\u00e0 culturali pan-europe 2024 <strong>per sostenere finanziariamente progetti proposti da orchestre composte da talenti provenienti da almeno 20 Paesi europei.<\/strong> <\/span><\/p>\n<p><span style=\"font-weight: 400;\">L&#8217;obiettivo? Niente di meno che <em><strong>cambiare in meglio il futuro della musica<\/strong><\/em>, attraverso:<\/span><\/p>\n<ul>\n<li><strong>opportunit\u00e0 di formazione;<\/strong><\/li>\n<li><strong>sviluppo professionale;<\/strong><\/li>\n<li><strong>esibizione a giovani musicisti di talento.<\/strong><\/li>\n<\/ul>\n<h3><a href=\"https:\/\/www.showgroup.it\/\"><strong>Descrizione<\/strong><\/a><\/h3>\n<p><span style=\"font-weight: 400;\"><img loading=\"lazy\" class=\"alignnone wp-image-92074 size-full\" title=\"entit\u00e0 culturali pan-europe 2024\" src=\"https:\/\/www.showgroup.it\/blog\/wp-content\/uploads\/2024\/04\/Progetto-senza-titolo-2024-04-16T144952.313.jpg\" alt=\"bando entit\u00e0 culturali pan-europe 2024\" width=\"1920\" height=\"1080\" srcset=\"https:\/\/www.showgroup.it\/blog\/wp-content\/uploads\/2024\/04\/Progetto-senza-titolo-2024-04-16T144952.313.jpg 1920w, https:\/\/www.showgroup.it\/blog\/wp-content\/uploads\/2024\/04\/Progetto-senza-titolo-2024-04-16T144952.313-300x169.jpg 300w, https:\/\/www.showgroup.it\/blog\/wp-content\/uploads\/2024\/04\/Progetto-senza-titolo-2024-04-16T144952.313-1024x576.jpg 1024w, https:\/\/www.showgroup.it\/blog\/wp-content\/uploads\/2024\/04\/Progetto-senza-titolo-2024-04-16T144952.313-768x432.jpg 768w, https:\/\/www.showgroup.it\/blog\/wp-content\/uploads\/2024\/04\/Progetto-senza-titolo-2024-04-16T144952.313-1536x864.jpg 1536w\" sizes=\"(max-width: 1920px) 100vw, 1920px\" \/><\/span><\/p>\n<p><span style=\"font-weight: 400;\">Con un <strong>budget di 7,2 milioni di euro<\/strong> destinati a un periodo di quattro anni <strong>(2024-2027)<\/strong>, questo bando entit\u00e0 culturali pan-europe 2024 per musicisti \u00e8 pi\u00f9 di un semplice <em><strong>sostegno finanziario<\/strong><\/em>. <\/span><\/p>\n<p><span style=\"font-weight: 400;\">E il bando del 2024 <strong>punta a:<\/strong><\/span><\/p>\n<ul>\n<li><strong>sostenere la professionalizzazione dei giovani musicisti;<\/strong><\/li>\n<li><strong>garantire loro opportunit\u00e0 di sviluppo professionale di alto livello;<\/strong><\/li>\n<li><strong>spazi per esibirsi e brillare sul palco europeo.<\/strong><\/li>\n<\/ul>\n<p><span style=\"font-weight: 400;\">In particolare, <strong>l&#8217;eccellenza<\/strong> \u00e8 la chiave di svolta di ogni performance orchestrale. Si tratta proprio di uno dei criteri e requisiti di ogni musicista\/orchestra.<\/span><\/p>\n<h2><a href=\"https:\/\/www.showgroup.it\/\"><strong>Come partecipare al bando entit\u00e0 culturali pan-europe 2024<\/strong><\/a><\/h2>\n<p><span style=\"font-weight: 400;\"><img loading=\"lazy\" class=\"alignnone wp-image-92075 size-full\" title=\"entit\u00e0 culturali pan-europe 2024\" src=\"https:\/\/www.showgroup.it\/blog\/wp-content\/uploads\/2024\/04\/Progetto-senza-titolo-2024-04-16T144950.632.jpg\" alt=\"bando entit\u00e0 culturali pan-europe 2024\" width=\"1920\" height=\"1080\" srcset=\"https:\/\/www.showgroup.it\/blog\/wp-content\/uploads\/2024\/04\/Progetto-senza-titolo-2024-04-16T144950.632.jpg 1920w, https:\/\/www.showgroup.it\/blog\/wp-content\/uploads\/2024\/04\/Progetto-senza-titolo-2024-04-16T144950.632-300x169.jpg 300w, https:\/\/www.showgroup.it\/blog\/wp-content\/uploads\/2024\/04\/Progetto-senza-titolo-2024-04-16T144950.632-1024x576.jpg 1024w, https:\/\/www.showgroup.it\/blog\/wp-content\/uploads\/2024\/04\/Progetto-senza-titolo-2024-04-16T144950.632-768x432.jpg 768w, https:\/\/www.showgroup.it\/blog\/wp-content\/uploads\/2024\/04\/Progetto-senza-titolo-2024-04-16T144950.632-1536x864.jpg 1536w\" sizes=\"(max-width: 1920px) 100vw, 1920px\" \/><\/span><\/p>\n<p><span style=\"font-weight: 400;\">Scegli la tua squadra, prepara la tua partitura e <strong>invia la tua proposta<\/strong> per far parte di questa straordinaria iniziativa europea. Questo \u00e8 ci\u00f2 che occorre fare per partecipare al bando entit\u00e0 culturali pan-europe 2024 per orchestre. <\/span><\/p>\n<p><span style=\"font-weight: 400;\">Per di pi\u00f9, c\u2019\u00e8 da dire che la Commissione UE <strong>coprir\u00e0 fino al 40% del costo del progetto, fino a un massimo di 2.400.000 euro<\/strong> per <strong>quattro anni.<\/strong> Un vero e proprio incentivo per il settore della musica unico nel suo genere.<\/span><\/p>\n<h2><a href=\"https:\/\/www.showgroup.it\/\"><strong>Scadenza del bando entit\u00e0 culturali pan-europe 2024<\/strong><\/a><\/h2>\n<p><span style=\"font-weight: 400;\"><img loading=\"lazy\" class=\"alignnone wp-image-92073 size-full\" title=\"bando per musicisti e orchestre 2024\" src=\"https:\/\/www.showgroup.it\/blog\/wp-content\/uploads\/2024\/04\/Progetto-senza-titolo-2024-04-16T145010.455.jpg\" alt=\"bando per musicisti e orchestre 2024\" width=\"1920\" height=\"1080\" srcset=\"https:\/\/www.showgroup.it\/blog\/wp-content\/uploads\/2024\/04\/Progetto-senza-titolo-2024-04-16T145010.455.jpg 1920w, https:\/\/www.showgroup.it\/blog\/wp-content\/uploads\/2024\/04\/Progetto-senza-titolo-2024-04-16T145010.455-300x169.jpg 300w, https:\/\/www.showgroup.it\/blog\/wp-content\/uploads\/2024\/04\/Progetto-senza-titolo-2024-04-16T145010.455-1024x576.jpg 1024w, https:\/\/www.showgroup.it\/blog\/wp-content\/uploads\/2024\/04\/Progetto-senza-titolo-2024-04-16T145010.455-768x432.jpg 768w, https:\/\/www.showgroup.it\/blog\/wp-content\/uploads\/2024\/04\/Progetto-senza-titolo-2024-04-16T145010.455-1536x864.jpg 1536w\" sizes=\"(max-width: 1920px) 100vw, 1920px\" \/><\/span><\/p>\n<p><span style=\"font-weight: 400;\">Se sei un musicista che punta in alto, segna queste date nel tuo calendario. Tre sono le convocazioni. La prima \u00e8 partita dal 10 Ottobre 2022 al 31 Maggio 2023. La seconda \u00e8 iniziata il 2 Ottobre 2023 e finir\u00e0 il <strong>31 Maggio 2024<\/strong>. Per cui quest&#8217;ultima \u00e8 la scadenza ufficiale.<\/span><\/p>\n<p><span style=\"font-weight: 400;\">Andando avanti, il terzo bando del 2024 <strong>inizia nell\u2019autunno di quest\u2019anno e si conclude nella piena stagione invernale.<\/strong><\/span><\/p>\n<h3><a href=\"https:\/\/www.showgroup.it\/\"><strong>Musicista\/orchestra su Showgroup<\/strong><\/a><\/h3>\n<p><span style=\"font-weight: 400;\">E se sei un musicista, <strong>qui da noi su Showgroup c\u2019\u00e8 la possibilit\u00e0 di iscriversi proprio <\/strong><\/span><strong><a href=\"https:\/\/www.showgroup.it\/privati\/registrazione?_gl=1*1oz2e6k*_up*MQ..*_ga*MTI4NDE4NzExLjE3MTMyNzExMDI.*_ga_C29RJEHQDH*MTcxMzI3MTEwMS4xLjAuMTcxMzI3MTEwMS4wLjAuMTA2MTEyNzA4Mw..\">qui<\/a><\/strong><span style=\"font-weight: 400;\"><strong>.<\/strong> <\/span><\/p>\n<p><span style=\"font-weight: 400;\">Oppure <strong>da <\/strong><\/span><strong><a href=\"https:\/\/www.showgroup.it\/vetrine\/musicisti\">questa pagina<\/a> dedicata a tutte le vetrine.<\/strong> Semplicemente cliccando nell&#8217;icona in alto a destra sul pulsante inerente alla &#8220;registrazione&#8221;.<\/p>\n<h3><a href=\"https:\/\/www.showgroup.it\/\"><strong><img loading=\"lazy\" class=\"alignnone size-full wp-image-92076\" src=\"https:\/\/www.showgroup.it\/blog\/wp-content\/uploads\/2024\/04\/Progetto-senza-titolo-2024-04-16T144933.311.jpg\" alt=\"bandi per musicisti e orchestre\" width=\"1920\" height=\"1080\" srcset=\"https:\/\/www.showgroup.it\/blog\/wp-content\/uploads\/2024\/04\/Progetto-senza-titolo-2024-04-16T144933.311.jpg 1920w, https:\/\/www.showgroup.it\/blog\/wp-content\/uploads\/2024\/04\/Progetto-senza-titolo-2024-04-16T144933.311-300x169.jpg 300w, https:\/\/www.showgroup.it\/blog\/wp-content\/uploads\/2024\/04\/Progetto-senza-titolo-2024-04-16T144933.311-1024x576.jpg 1024w, https:\/\/www.showgroup.it\/blog\/wp-content\/uploads\/2024\/04\/Progetto-senza-titolo-2024-04-16T144933.311-768x432.jpg 768w, https:\/\/www.showgroup.it\/blog\/wp-content\/uploads\/2024\/04\/Progetto-senza-titolo-2024-04-16T144933.311-1536x864.jpg 1536w\" sizes=\"(max-width: 1920px) 100vw, 1920px\" \/><\/strong><\/a><\/h3>\n<h3><a href=\"https:\/\/www.showgroup.it\/\"><strong>Su Showgroup puoi trovare musicisti, cantanti e altre figure simili!<\/strong><\/a><\/h3>\n","protected":false},"excerpt":{"rendered":"<p>Appassionato musicista o amante dell&#8217;orchestra? C\u2019\u00e8 una notizia che cambier\u00e0 il panorama musicale europeo! Parliamo del bando entit\u00e0 culturali Pan-Europee [&hellip;]<\/p>\n","protected":false},"author":1003,"featured_media":92077,"comment_status":"closed","ping_status":"closed","sticky":false,"template":"","format":"standard","meta":[],"categories":[664],"tags":[],"yoast_head":"<!-- This site is optimized with the Yoast SEO plugin v16.9 - https:\/\/yoast.com\/wordpress\/plugins\/seo\/ -->\n<title>Entit\u00e0 culturali pan-europe 2024: il bando a supporto delle orchestre<\/title>\n<meta name=\"description\" content=\"Vuoi conoscere maggiori informazioni sul bando entit\u00e0 culturali pan-europe 2024 a supporto delle orchestre e dei musicisti? Ecco i dettagli.\" \/>\n<meta name=\"robots\" content=\"index, follow, max-snippet:-1, max-image-preview:large, max-video-preview:-1\" \/>\n<link rel=\"canonical\" href=\"https:\/\/www.showgroup.it\/blog\/2024\/04\/16\/entita-culturali-pan-europe-2024-il-bando-a-supporto-delle-orchestre\/\" \/>\n<meta property=\"og:locale\" content=\"it_IT\" \/>\n<meta property=\"og:type\" content=\"article\" \/>\n<meta property=\"og:title\" content=\"Entit\u00e0 culturali pan-europe 2024: il bando a supporto delle orchestre\" \/>\n<meta property=\"og:description\" content=\"Vuoi conoscere maggiori informazioni sul bando entit\u00e0 culturali pan-europe 2024 a supporto delle orchestre e dei musicisti? Ecco i dettagli.\" \/>\n<meta property=\"og:url\" content=\"https:\/\/www.showgroup.it\/blog\/2024\/04\/16\/entita-culturali-pan-europe-2024-il-bando-a-supporto-delle-orchestre\/\" \/>\n<meta property=\"og:site_name\" content=\"Showgroup - Ready to be WOW!\" \/>\n<meta property=\"article:publisher\" content=\"https:\/\/www.facebook.com\/ShowGroupWow\/\" \/>\n<meta property=\"article:published_time\" content=\"2024-04-16T15:45:57+00:00\" \/>\n<meta property=\"article:modified_time\" content=\"2025-05-28T12:41:00+00:00\" \/>\n<meta property=\"og:image\" content=\"https:\/\/www.showgroup.it\/blog\/wp-content\/uploads\/2024\/04\/Progetto-senza-titolo-2024-04-16T144919.933.jpg\" \/>\n\t<meta property=\"og:image:width\" content=\"1920\" \/>\n\t<meta property=\"og:image:height\" content=\"1080\" \/>\n<meta name=\"twitter:card\" content=\"summary_large_image\" \/>\n<meta name=\"twitter:label1\" content=\"Scritto da\" \/>\n\t<meta name=\"twitter:data1\" content=\"Carmela Maggio\" \/>\n\t<meta name=\"twitter:label2\" content=\"Tempo di lettura stimato\" \/>\n\t<meta name=\"twitter:data2\" content=\"3 minuti\" \/>\n<script type=\"application\/ld+json\" class=\"yoast-schema-graph\">{\"@context\":\"https:\/\/schema.org\",\"@graph\":[{\"@type\":\"Organization\",\"@id\":\"https:\/\/www.showgroup.it\/#organization\",\"name\":\"Showgroup\",\"url\":\"https:\/\/www.showgroup.it\/\",\"sameAs\":[\"https:\/\/www.facebook.com\/ShowGroupWow\/\",\"https:\/\/www.instagram.com\/showgroupwow\/\"],\"logo\":{\"@type\":\"ImageObject\",\"@id\":\"https:\/\/www.showgroup.it\/#logo\",\"inLanguage\":\"it-IT\",\"url\":\"https:\/\/www.showgroup.it\/blog\/wp-content\/uploads\/2025\/01\/logo-black.svg\",\"contentUrl\":\"https:\/\/www.showgroup.it\/blog\/wp-content\/uploads\/2025\/01\/logo-black.svg\",\"width\":1440,\"height\":916,\"caption\":\"Showgroup\"},\"image\":{\"@id\":\"https:\/\/www.showgroup.it\/#logo\"}},{\"@type\":\"WebSite\",\"@id\":\"https:\/\/www.showgroup.it\/#website\",\"url\":\"https:\/\/www.showgroup.it\/\",\"name\":\"Showgroup - Ready to be WOW!\",\"description\":\"Il primo portale gratuito dedicato al mondo dello spettacolo.\",\"publisher\":{\"@id\":\"https:\/\/www.showgroup.it\/#organization\"},\"potentialAction\":[{\"@type\":\"SearchAction\",\"target\":{\"@type\":\"EntryPoint\",\"urlTemplate\":\"https:\/\/www.showgroup.it\/?s={search_term_string}\"},\"query-input\":\"required name=search_term_string\"}],\"inLanguage\":\"it-IT\"},{\"@type\":\"ImageObject\",\"@id\":\"https:\/\/www.showgroup.it\/blog\/2024\/04\/16\/entita-culturali-pan-europe-2024-il-bando-a-supporto-delle-orchestre\/#primaryimage\",\"inLanguage\":\"it-IT\",\"url\":\"https:\/\/www.showgroup.it\/blog\/wp-content\/uploads\/2024\/04\/Progetto-senza-titolo-2024-04-16T144919.933.jpg\",\"contentUrl\":\"https:\/\/www.showgroup.it\/blog\/wp-content\/uploads\/2024\/04\/Progetto-senza-titolo-2024-04-16T144919.933.jpg\",\"width\":1920,\"height\":1080,\"caption\":\"bando entit\\u00e0 culturali pan-europe 2024\"},{\"@type\":\"WebPage\",\"@id\":\"https:\/\/www.showgroup.it\/blog\/2024\/04\/16\/entita-culturali-pan-europe-2024-il-bando-a-supporto-delle-orchestre\/#webpage\",\"url\":\"https:\/\/www.showgroup.it\/blog\/2024\/04\/16\/entita-culturali-pan-europe-2024-il-bando-a-supporto-delle-orchestre\/\",\"name\":\"Entit\\u00e0 culturali pan-europe 2024: il bando a supporto delle orchestre\",\"isPartOf\":{\"@id\":\"https:\/\/www.showgroup.it\/#website\"},\"primaryImageOfPage\":{\"@id\":\"https:\/\/www.showgroup.it\/blog\/2024\/04\/16\/entita-culturali-pan-europe-2024-il-bando-a-supporto-delle-orchestre\/#primaryimage\"},\"datePublished\":\"2024-04-16T15:45:57+00:00\",\"dateModified\":\"2025-05-28T12:41:00+00:00\",\"description\":\"Vuoi conoscere maggiori informazioni sul bando entit\\u00e0 culturali pan-europe 2024 a supporto delle orchestre e dei musicisti? Ecco i dettagli.\",\"breadcrumb\":{\"@id\":\"https:\/\/www.showgroup.it\/blog\/2024\/04\/16\/entita-culturali-pan-europe-2024-il-bando-a-supporto-delle-orchestre\/#breadcrumb\"},\"inLanguage\":\"it-IT\",\"potentialAction\":[{\"@type\":\"ReadAction\",\"target\":[\"https:\/\/www.showgroup.it\/blog\/2024\/04\/16\/entita-culturali-pan-europe-2024-il-bando-a-supporto-delle-orchestre\/\"]}]},{\"@type\":\"BreadcrumbList\",\"@id\":\"https:\/\/www.showgroup.it\/blog\/2024\/04\/16\/entita-culturali-pan-europe-2024-il-bando-a-supporto-delle-orchestre\/#breadcrumb\",\"itemListElement\":[{\"@type\":\"ListItem\",\"position\":1,\"name\":\"Home\",\"item\":\"https:\/\/www.showgroup.it\/blog\/\"},{\"@type\":\"ListItem\",\"position\":2,\"name\":\"Entit\\u00e0 culturali pan-europe 2024: il bando a supporto delle orchestre\"}]},{\"@type\":\"Article\",\"@id\":\"https:\/\/www.showgroup.it\/blog\/2024\/04\/16\/entita-culturali-pan-europe-2024-il-bando-a-supporto-delle-orchestre\/#article\",\"isPartOf\":{\"@id\":\"https:\/\/www.showgroup.it\/blog\/2024\/04\/16\/entita-culturali-pan-europe-2024-il-bando-a-supporto-delle-orchestre\/#webpage\"},\"author\":{\"@id\":\"https:\/\/www.showgroup.it\/#\/schema\/person\/252e1ad25081c56a3ff187633f302c25\"},\"headline\":\"Entit\\u00e0 culturali pan-europe 2024: il bando a supporto delle orchestre\",\"datePublished\":\"2024-04-16T15:45:57+00:00\",\"dateModified\":\"2025-05-28T12:41:00+00:00\",\"mainEntityOfPage\":{\"@id\":\"https:\/\/www.showgroup.it\/blog\/2024\/04\/16\/entita-culturali-pan-europe-2024-il-bando-a-supporto-delle-orchestre\/#webpage\"},\"wordCount\":379,\"publisher\":{\"@id\":\"https:\/\/www.showgroup.it\/#organization\"},\"image\":{\"@id\":\"https:\/\/www.showgroup.it\/blog\/2024\/04\/16\/entita-culturali-pan-europe-2024-il-bando-a-supporto-delle-orchestre\/#primaryimage\"},\"thumbnailUrl\":\"https:\/\/www.showgroup.it\/blog\/wp-content\/uploads\/2024\/04\/Progetto-senza-titolo-2024-04-16T144919.933.jpg\",\"articleSection\":[\"Spettacolo e musica\"],\"inLanguage\":\"it-IT\"},{\"@type\":\"Person\",\"@id\":\"https:\/\/www.showgroup.it\/#\/schema\/person\/252e1ad25081c56a3ff187633f302c25\",\"name\":\"Carmela Maggio\",\"image\":{\"@type\":\"ImageObject\",\"@id\":\"https:\/\/www.showgroup.it\/#personlogo\",\"inLanguage\":\"it-IT\",\"url\":\"https:\/\/secure.gravatar.com\/avatar\/01bac989823ecd70b416447860420192?s=96&d=mm&r=g\",\"contentUrl\":\"https:\/\/secure.gravatar.com\/avatar\/01bac989823ecd70b416447860420192?s=96&d=mm&r=g\",\"caption\":\"Carmela Maggio\"}}]}<\/script>\n<!-- \/ Yoast SEO plugin. -->","yoast_head_json":{"title":"Entit\u00e0 culturali pan-europe 2024: il bando a supporto delle orchestre","description":"Vuoi conoscere maggiori informazioni sul bando entit\u00e0 culturali pan-europe 2024 a supporto delle orchestre e dei musicisti? Ecco i dettagli.","robots":{"index":"index","follow":"follow","max-snippet":"max-snippet:-1","max-image-preview":"max-image-preview:large","max-video-preview":"max-video-preview:-1"},"canonical":"https:\/\/www.showgroup.it\/blog\/2024\/04\/16\/entita-culturali-pan-europe-2024-il-bando-a-supporto-delle-orchestre\/","og_locale":"it_IT","og_type":"article","og_title":"Entit\u00e0 culturali pan-europe 2024: il bando a supporto delle orchestre","og_description":"Vuoi conoscere maggiori informazioni sul bando entit\u00e0 culturali pan-europe 2024 a supporto delle orchestre e dei musicisti? Ecco i dettagli.","og_url":"https:\/\/www.showgroup.it\/blog\/2024\/04\/16\/entita-culturali-pan-europe-2024-il-bando-a-supporto-delle-orchestre\/","og_site_name":"Showgroup - Ready to be WOW!","article_publisher":"https:\/\/www.facebook.com\/ShowGroupWow\/","article_published_time":"2024-04-16T15:45:57+00:00","article_modified_time":"2025-05-28T12:41:00+00:00","og_image":[{"width":1920,"height":1080,"filesize":175157,"url":"https:\/\/www.showgroup.it\/blog\/wp-content\/uploads\/2024\/04\/Progetto-senza-titolo-2024-04-16T144919.933.jpg","path":"\/sites\/www.showgroup.it\/files\/blog\/wp-content\/uploads\/2024\/04\/Progetto-senza-titolo-2024-04-16T144919.933.jpg","size":"full","id":92077,"alt":"bando entit\u00e0 culturali pan-europe 2024","pixels":2073600,"type":"image\/jpeg"}],"twitter_card":"summary_large_image","twitter_misc":{"Scritto da":"Carmela Maggio","Tempo di lettura stimato":"3 minuti"},"schema":{"@context":"https:\/\/schema.org","@graph":[{"@type":"Organization","@id":"https:\/\/www.showgroup.it\/#organization","name":"Showgroup","url":"https:\/\/www.showgroup.it\/","sameAs":["https:\/\/www.facebook.com\/ShowGroupWow\/","https:\/\/www.instagram.com\/showgroupwow\/"],"logo":{"@type":"ImageObject","@id":"https:\/\/www.showgroup.it\/#logo","inLanguage":"it-IT","url":"https:\/\/www.showgroup.it\/blog\/wp-content\/uploads\/2025\/01\/logo-black.svg","contentUrl":"https:\/\/www.showgroup.it\/blog\/wp-content\/uploads\/2025\/01\/logo-black.svg","width":1440,"height":916,"caption":"Showgroup"},"image":{"@id":"https:\/\/www.showgroup.it\/#logo"}},{"@type":"WebSite","@id":"https:\/\/www.showgroup.it\/#website","url":"https:\/\/www.showgroup.it\/","name":"Showgroup - Ready to be WOW!","description":"Il primo portale gratuito dedicato al mondo dello spettacolo.","publisher":{"@id":"https:\/\/www.showgroup.it\/#organization"},"potentialAction":[{"@type":"SearchAction","target":{"@type":"EntryPoint","urlTemplate":"https:\/\/www.showgroup.it\/?s={search_term_string}"},"query-input":"required name=search_term_string"}],"inLanguage":"it-IT"},{"@type":"ImageObject","@id":"https:\/\/www.showgroup.it\/blog\/2024\/04\/16\/entita-culturali-pan-europe-2024-il-bando-a-supporto-delle-orchestre\/#primaryimage","inLanguage":"it-IT","url":"https:\/\/www.showgroup.it\/blog\/wp-content\/uploads\/2024\/04\/Progetto-senza-titolo-2024-04-16T144919.933.jpg","contentUrl":"https:\/\/www.showgroup.it\/blog\/wp-content\/uploads\/2024\/04\/Progetto-senza-titolo-2024-04-16T144919.933.jpg","width":1920,"height":1080,"caption":"bando entit\u00e0 culturali pan-europe 2024"},{"@type":"WebPage","@id":"https:\/\/www.showgroup.it\/blog\/2024\/04\/16\/entita-culturali-pan-europe-2024-il-bando-a-supporto-delle-orchestre\/#webpage","url":"https:\/\/www.showgroup.it\/blog\/2024\/04\/16\/entita-culturali-pan-europe-2024-il-bando-a-supporto-delle-orchestre\/","name":"Entit\u00e0 culturali pan-europe 2024: il bando a supporto delle orchestre","isPartOf":{"@id":"https:\/\/www.showgroup.it\/#website"},"primaryImageOfPage":{"@id":"https:\/\/www.showgroup.it\/blog\/2024\/04\/16\/entita-culturali-pan-europe-2024-il-bando-a-supporto-delle-orchestre\/#primaryimage"},"datePublished":"2024-04-16T15:45:57+00:00","dateModified":"2025-05-28T12:41:00+00:00","description":"Vuoi conoscere maggiori informazioni sul bando entit\u00e0 culturali pan-europe 2024 a supporto delle orchestre e dei musicisti? Ecco i dettagli.","breadcrumb":{"@id":"https:\/\/www.showgroup.it\/blog\/2024\/04\/16\/entita-culturali-pan-europe-2024-il-bando-a-supporto-delle-orchestre\/#breadcrumb"},"inLanguage":"it-IT","potentialAction":[{"@type":"ReadAction","target":["https:\/\/www.showgroup.it\/blog\/2024\/04\/16\/entita-culturali-pan-europe-2024-il-bando-a-supporto-delle-orchestre\/"]}]},{"@type":"BreadcrumbList","@id":"https:\/\/www.showgroup.it\/blog\/2024\/04\/16\/entita-culturali-pan-europe-2024-il-bando-a-supporto-delle-orchestre\/#breadcrumb","itemListElement":[{"@type":"ListItem","position":1,"name":"Home","item":"https:\/\/www.showgroup.it\/blog\/"},{"@type":"ListItem","position":2,"name":"Entit\u00e0 culturali pan-europe 2024: il bando a supporto delle orchestre"}]},{"@type":"Article","@id":"https:\/\/www.showgroup.it\/blog\/2024\/04\/16\/entita-culturali-pan-europe-2024-il-bando-a-supporto-delle-orchestre\/#article","isPartOf":{"@id":"https:\/\/www.showgroup.it\/blog\/2024\/04\/16\/entita-culturali-pan-europe-2024-il-bando-a-supporto-delle-orchestre\/#webpage"},"author":{"@id":"https:\/\/www.showgroup.it\/#\/schema\/person\/252e1ad25081c56a3ff187633f302c25"},"headline":"Entit\u00e0 culturali pan-europe 2024: il bando a supporto delle orchestre","datePublished":"2024-04-16T15:45:57+00:00","dateModified":"2025-05-28T12:41:00+00:00","mainEntityOfPage":{"@id":"https:\/\/www.showgroup.it\/blog\/2024\/04\/16\/entita-culturali-pan-europe-2024-il-bando-a-supporto-delle-orchestre\/#webpage"},"wordCount":379,"publisher":{"@id":"https:\/\/www.showgroup.it\/#organization"},"image":{"@id":"https:\/\/www.showgroup.it\/blog\/2024\/04\/16\/entita-culturali-pan-europe-2024-il-bando-a-supporto-delle-orchestre\/#primaryimage"},"thumbnailUrl":"https:\/\/www.showgroup.it\/blog\/wp-content\/uploads\/2024\/04\/Progetto-senza-titolo-2024-04-16T144919.933.jpg","articleSection":["Spettacolo e musica"],"inLanguage":"it-IT"},{"@type":"Person","@id":"https:\/\/www.showgroup.it\/#\/schema\/person\/252e1ad25081c56a3ff187633f302c25","name":"Carmela Maggio","image":{"@type":"ImageObject","@id":"https:\/\/www.showgroup.it\/#personlogo","inLanguage":"it-IT","url":"https:\/\/secure.gravatar.com\/avatar\/01bac989823ecd70b416447860420192?s=96&d=mm&r=g","contentUrl":"https:\/\/secure.gravatar.com\/avatar\/01bac989823ecd70b416447860420192?s=96&d=mm&r=g","caption":"Carmela Maggio"}}]}},"_links":{"self":[{"href":"https:\/\/www.showgroup.it\/blog\/wp-json\/wp\/v2\/posts\/92070"}],"collection":[{"href":"https:\/\/www.showgroup.it\/blog\/wp-json\/wp\/v2\/posts"}],"about":[{"href":"https:\/\/www.showgroup.it\/blog\/wp-json\/wp\/v2\/types\/post"}],"author":[{"embeddable":true,"href":"https:\/\/www.showgroup.it\/blog\/wp-json\/wp\/v2\/users\/1003"}],"replies":[{"embeddable":true,"href":"https:\/\/www.showgroup.it\/blog\/wp-json\/wp\/v2\/comments?post=92070"}],"version-history":[{"count":1,"href":"https:\/\/www.showgroup.it\/blog\/wp-json\/wp\/v2\/posts\/92070\/revisions"}],"predecessor-version":[{"id":98757,"href":"https:\/\/www.showgroup.it\/blog\/wp-json\/wp\/v2\/posts\/92070\/revisions\/98757"}],"wp:featuredmedia":[{"embeddable":true,"href":"https:\/\/www.showgroup.it\/blog\/wp-json\/wp\/v2\/media\/92077"}],"wp:attachment":[{"href":"https:\/\/www.showgroup.it\/blog\/wp-json\/wp\/v2\/media?parent=92070"}],"wp:term":[{"taxonomy":"category","embeddable":true,"href":"https:\/\/www.showgroup.it\/blog\/wp-json\/wp\/v2\/categories?post=92070"},{"taxonomy":"post_tag","embeddable":true,"href":"https:\/\/www.showgroup.it\/blog\/wp-json\/wp\/v2\/tags?post=92070"}],"curies":[{"name":"wp","href":"https:\/\/api.w.org\/{rel}","templated":true}]}}