{"id":92417,"date":"2024-05-07T17:01:18","date_gmt":"2024-05-07T15:01:18","guid":{"rendered":"https:\/\/www.showgroup.it\/?p=92417"},"modified":"2025-05-28T14:36:15","modified_gmt":"2025-05-28T12:36:15","slug":"festa-di-comunione-10-passaggi-per-organizzarla","status":"publish","type":"post","link":"https:\/\/www.showgroup.it\/blog\/2024\/05\/07\/festa-di-comunione-10-passaggi-per-organizzarla\/","title":{"rendered":"Festa di Comunione? 10 passaggi per organizzarla!"},"content":{"rendered":"<p><span style=\"font-weight: 400;\">Che sia maschietto o femminuccia &#8211; il tuo piccolo o la tua fanciulla &#8211; sta per compiere un grande passo, nonch\u00e9 traguardo, nella sua vita spirituale con la sua prima festa di comunione.\u00a0<\/span><\/p>\n<p><em><strong>Ecco come organizzare una festa di comunione memorabile con dei passaggi specifici.<\/strong><\/em><\/p>\n<h2><a href=\"https:\/\/www.showgroup.it\/\"><strong>1.Organizza data, orari e luogo della cerimonia<\/strong><\/a><\/h2>\n<p><span style=\"font-weight: 400;\"><a href=\"www.showgroup.it\" class=\"broken_link\"><img loading=\"lazy\" class=\"alignnone wp-image-92422 size-full\" title=\"festa di comunione\" src=\"https:\/\/www.showgroup.it\/blog\/wp-content\/uploads\/2024\/05\/Progetto-senza-titolo-2024-05-07T155119.145.jpg\" alt=\"festa di comunione\" width=\"1920\" height=\"1080\" srcset=\"https:\/\/www.showgroup.it\/blog\/wp-content\/uploads\/2024\/05\/Progetto-senza-titolo-2024-05-07T155119.145.jpg 1920w, https:\/\/www.showgroup.it\/blog\/wp-content\/uploads\/2024\/05\/Progetto-senza-titolo-2024-05-07T155119.145-300x169.jpg 300w, https:\/\/www.showgroup.it\/blog\/wp-content\/uploads\/2024\/05\/Progetto-senza-titolo-2024-05-07T155119.145-1024x576.jpg 1024w, https:\/\/www.showgroup.it\/blog\/wp-content\/uploads\/2024\/05\/Progetto-senza-titolo-2024-05-07T155119.145-768x432.jpg 768w, https:\/\/www.showgroup.it\/blog\/wp-content\/uploads\/2024\/05\/Progetto-senza-titolo-2024-05-07T155119.145-1536x864.jpg 1536w\" sizes=\"(max-width: 1920px) 100vw, 1920px\" \/><\/a><\/span><\/p>\n<p><span style=\"font-weight: 400;\">Prima di immergerti nei dettagli della festa di comunione occorre:<\/span><\/p>\n<ul>\n<li><strong>organizzare bene data, orari e luogo;<\/strong><\/li>\n<li><strong>mettersi d\u2019accordo con il parroco, in largo anticipo;<\/strong><\/li>\n<li><strong>dare modo ai parenti e agli amici di organizzarsi per essere presenti in questo momento cos\u00ec speciale.<\/strong><\/li>\n<\/ul>\n<h2><a href=\"https:\/\/www.showgroup.it\/\"><strong>2.Stabilisci un budget per la festa di comunione top<\/strong><\/a><\/h2>\n<p><span style=\"font-weight: 400;\"><strong>Definire un budget<\/strong> \u00e8 il primo passo per organizzare la festa di comunione al meglio. Una volta stabilita la spesa massima, potrai orientarti su tutte le altre decisioni, come la scelta della location, il numero degli invitati e il catering.\u00a0<\/span><\/p>\n<p><a href=\"www.showgroup.it\" class=\"broken_link\"><img loading=\"lazy\" class=\"alignnone wp-image-92424 size-full\" title=\"festa di comunione\" src=\"https:\/\/www.showgroup.it\/blog\/wp-content\/uploads\/2024\/05\/Progetto-senza-titolo-2024-05-07T155028.486.jpg\" alt=\"festa di comunione\" width=\"1920\" height=\"1080\" srcset=\"https:\/\/www.showgroup.it\/blog\/wp-content\/uploads\/2024\/05\/Progetto-senza-titolo-2024-05-07T155028.486.jpg 1920w, https:\/\/www.showgroup.it\/blog\/wp-content\/uploads\/2024\/05\/Progetto-senza-titolo-2024-05-07T155028.486-300x169.jpg 300w, https:\/\/www.showgroup.it\/blog\/wp-content\/uploads\/2024\/05\/Progetto-senza-titolo-2024-05-07T155028.486-1024x576.jpg 1024w, https:\/\/www.showgroup.it\/blog\/wp-content\/uploads\/2024\/05\/Progetto-senza-titolo-2024-05-07T155028.486-768x432.jpg 768w, https:\/\/www.showgroup.it\/blog\/wp-content\/uploads\/2024\/05\/Progetto-senza-titolo-2024-05-07T155028.486-1536x864.jpg 1536w\" sizes=\"(max-width: 1920px) 100vw, 1920px\" \/><\/a><\/p>\n<h2><a href=\"https:\/\/www.showgroup.it\/\"><strong>3.Lista degli invitati<\/strong><\/a><\/h2>\n<p><span style=\"font-weight: 400;\">Chi vuoi avere al tuo fianco in questo giorno unico? <strong>Considera i parenti pi\u00f9 stretti e gli amici pi\u00f9 cari del tuo bambino.<\/strong> Coinvolgi anche lui o lei nella scelta per poter includere anche quegli <strong>amichetti speciali<\/strong> che renderanno la giornata ancora pi\u00f9 bella.<\/span><\/p>\n<h2><a href=\"https:\/\/www.showgroup.it\/\"><strong>4.Scelta della location<\/strong><\/a><\/h2>\n<p><span style=\"font-weight: 400;\"><a href=\"www.showgroup.it\" class=\"broken_link\"><img loading=\"lazy\" class=\"alignnone wp-image-92423 size-full\" title=\"festa di comunione\" src=\"https:\/\/www.showgroup.it\/blog\/wp-content\/uploads\/2024\/05\/Progetto-senza-titolo-2024-05-07T155043.386.jpg\" alt=\"festa di comunione\" width=\"1920\" height=\"1080\" srcset=\"https:\/\/www.showgroup.it\/blog\/wp-content\/uploads\/2024\/05\/Progetto-senza-titolo-2024-05-07T155043.386.jpg 1920w, https:\/\/www.showgroup.it\/blog\/wp-content\/uploads\/2024\/05\/Progetto-senza-titolo-2024-05-07T155043.386-300x169.jpg 300w, https:\/\/www.showgroup.it\/blog\/wp-content\/uploads\/2024\/05\/Progetto-senza-titolo-2024-05-07T155043.386-1024x576.jpg 1024w, https:\/\/www.showgroup.it\/blog\/wp-content\/uploads\/2024\/05\/Progetto-senza-titolo-2024-05-07T155043.386-768x432.jpg 768w, https:\/\/www.showgroup.it\/blog\/wp-content\/uploads\/2024\/05\/Progetto-senza-titolo-2024-05-07T155043.386-1536x864.jpg 1536w\" sizes=\"(max-width: 1920px) 100vw, 1920px\" \/><\/a>Decidere la <\/span><a href=\"https:\/\/www.showgroup.it\/vetrine\/altri-luoghi\"><span style=\"font-weight: 400;\">location<\/span><\/a><span style=\"font-weight: 400;\"> \u00e8 importante nell&#8217;organizzazione di una festa di comunione indimenticabile. Dalle <strong>farmhouse immerse nella natura alle dimore storiche incantate,<\/strong> l\u2019importante \u00e8 che lo spazio sia adatto ai bambini e offra intrattenimento e comfort per tutti gli ospiti.<\/span><\/p>\n<h2><a href=\"https:\/\/www.showgroup.it\/\"><strong>5.Intrattenimento per la festa di comunione<\/strong><\/a><\/h2>\n<p><span style=\"font-weight: 400;\">Dai <\/span><a href=\"https:\/\/www.showgroup.it\/vetrine\/musicisti\"><span style=\"font-weight: 400;\">musicisti <\/span><\/a><span style=\"font-weight: 400;\">e i <\/span><a href=\"https:\/\/www.showgroup.it\/vetrine\/cantanti\"><span style=\"font-weight: 400;\">cantanti <\/span><\/a><span style=\"font-weight: 400;\">che creano l&#8217;atmosfera perfetta alla magia dei <\/span><a href=\"https:\/\/www.showgroup.it\/vetrine\/truccabimbi\"><span style=\"font-weight: 400;\">truccabimbi<\/span><\/a><span style=\"font-weight: 400;\"> e degli <\/span><a href=\"https:\/\/www.showgroup.it\/vetrine\/illusionista-prestigiatore-mago\"><span style=\"font-weight: 400;\">illusionisti <\/span><\/a><span style=\"font-weight: 400;\">che stupiranno grandi e piccini. <strong>S\u00ec, perch\u00e9 un&#8217;esperienza unica render\u00e0 la tua festa ancora pi\u00f9 indimenticabile.<\/strong><\/span><\/p>\n<h2><a href=\"https:\/\/www.showgroup.it\/\"><strong>6.Torta adorabile<\/strong><\/a><\/h2>\n<p><span style=\"font-weight: 400;\">La torta \u00e8 il pezzo forte di ogni festa di comunione. Si pu\u00f2 optare per un <strong>design classico che richiami il sacramento o per qualcosa di pi\u00f9 moderno e alla moda.<\/strong> Per esempio su Showgroup.it troverai una ampia selezione di pasticceri e <\/span><a href=\"https:\/\/www.showgroup.it\/vetrine\/cake-designer\"><span style=\"font-weight: 400;\">cake designer<\/span><\/a><span style=\"font-weight: 400;\"> pronti a realizzare la torta dei sogni.<\/span><\/p>\n<p><a href=\"www.showgroup.it\" class=\"broken_link\"><img loading=\"lazy\" class=\"alignnone wp-image-92421 size-full\" title=\"festa di comunione\" src=\"https:\/\/www.showgroup.it\/blog\/wp-content\/uploads\/2024\/05\/Progetto-senza-titolo-2024-05-07T155131.862.jpg\" alt=\"festa di comunione\" width=\"1920\" height=\"1080\" srcset=\"https:\/\/www.showgroup.it\/blog\/wp-content\/uploads\/2024\/05\/Progetto-senza-titolo-2024-05-07T155131.862.jpg 1920w, https:\/\/www.showgroup.it\/blog\/wp-content\/uploads\/2024\/05\/Progetto-senza-titolo-2024-05-07T155131.862-300x169.jpg 300w, https:\/\/www.showgroup.it\/blog\/wp-content\/uploads\/2024\/05\/Progetto-senza-titolo-2024-05-07T155131.862-1024x576.jpg 1024w, https:\/\/www.showgroup.it\/blog\/wp-content\/uploads\/2024\/05\/Progetto-senza-titolo-2024-05-07T155131.862-768x432.jpg 768w, https:\/\/www.showgroup.it\/blog\/wp-content\/uploads\/2024\/05\/Progetto-senza-titolo-2024-05-07T155131.862-1536x864.jpg 1536w\" sizes=\"(max-width: 1920px) 100vw, 1920px\" \/><\/a><\/p>\n<h2><a href=\"https:\/\/www.showgroup.it\/\"><strong>7.Outfit da principessa o principino<\/strong><\/a><\/h2>\n<p><span style=\"font-weight: 400;\">L&#8217;outfit del festeggiato \u00e8 un altro elemento importante da considerare. Un consiglio? <strong>Scegli qualcosa che lo faccia sentire speciale e a suo agio.<\/strong><\/span><\/p>\n<h2><a href=\"https:\/\/www.showgroup.it\/\"><strong>8.Fotografie da togliere il fiato per la festa di comunione<\/strong><\/a><\/h2>\n<p><span style=\"font-weight: 400;\">Un fotografo presente per catturare tutti i momenti speciali della giornata? Per forza! <strong>Dalle foto della cerimonia alla festa di comunione,<\/strong> \u00e8 pi\u00f9 bello che ogni momento venga <strong>immortalato per creare ricordi per tutta la famiglia.\u00a0<\/strong><\/span><\/p>\n<h2><a href=\"https:\/\/www.showgroup.it\/\"><strong>9.Catering variegato per feste di comunione<\/strong><\/a><\/h2>\n<p><span style=\"font-weight: 400;\"><a href=\"www.showgroup.it\" class=\"broken_link\"><img loading=\"lazy\" class=\"alignnone wp-image-92426 size-full\" src=\"https:\/\/www.showgroup.it\/blog\/wp-content\/uploads\/2024\/05\/Progetto-senza-titolo-2024-05-07T155609.504.jpg\" alt=\"catering festa comunione\" width=\"1920\" height=\"1080\" srcset=\"https:\/\/www.showgroup.it\/blog\/wp-content\/uploads\/2024\/05\/Progetto-senza-titolo-2024-05-07T155609.504.jpg 1920w, https:\/\/www.showgroup.it\/blog\/wp-content\/uploads\/2024\/05\/Progetto-senza-titolo-2024-05-07T155609.504-300x169.jpg 300w, https:\/\/www.showgroup.it\/blog\/wp-content\/uploads\/2024\/05\/Progetto-senza-titolo-2024-05-07T155609.504-1024x576.jpg 1024w, https:\/\/www.showgroup.it\/blog\/wp-content\/uploads\/2024\/05\/Progetto-senza-titolo-2024-05-07T155609.504-768x432.jpg 768w, https:\/\/www.showgroup.it\/blog\/wp-content\/uploads\/2024\/05\/Progetto-senza-titolo-2024-05-07T155609.504-1536x864.jpg 1536w\" sizes=\"(max-width: 1920px) 100vw, 1920px\" \/><\/a>Un <\/span><a href=\"https:\/\/www.showgroup.it\/vetrine\/catering\"><span style=\"font-weight: 400;\">catering<\/span><\/a><span style=\"font-weight: 400;\"> variegato e gustoso per la festa di comunione, magari con opzioni per tutte le preferenze alimentari, \u00e8 sicuramente la cosa giusta. Questo <strong>per dare modo agli ospiti di mangiare ingredienti freschi con attenzione alle esigenze speciali.\u00a0<\/strong><\/span><\/p>\n<h2><a href=\"https:\/\/www.showgroup.it\/\"><b>10.Professionisti per festa di comunione<\/b><\/a><\/h2>\n<p><span style=\"font-weight: 400;\"><strong>Un esempio di professionisti che possono aiutarti ad organizzare una festa di comunione?<\/strong> <\/span><span style=\"font-weight: 400;\">Eccoli di seguito tra <strong>band, fotografi e art performer:<\/strong><\/span><b><br \/>\n<\/b><\/p>\n<p><a href=\"https:\/\/www.showgroup.it\/vetrina\/band\/andrea-ilaria_c40973\"><b>Andrea&amp;Ilaria<\/b><\/a><b>: <\/b><span style=\"font-weight: 400;\">Ilaria <strong>Bucci<\/strong> \u00e8 una rinomata cantante italiana, celebre per la sua versatilit\u00e0 e talento musicale. Ha studiato con maestri di alto calibro e collaborato con importanti artisti nazionali e internazionali. Andrea <strong>Jannicola<\/strong> \u00e8 un chitarrista professionista con una solida formazione musicale, specializzato in jazz. Insieme, da circa dieci anni, creano una magica e potente sinergia musicale, esibendosi con successo in vari generi.\u00a0<\/span><\/p>\n<p><strong><a href=\"https:\/\/www.showgroup.it\/vetrina\/band\/andrea-ilaria_c40973\">Contatta qui Andrea &amp; Ilaria dal loro profilo Showgroup!<\/a><\/strong><\/p>\n<p><b><\/b><a href=\"https:\/\/www.showgroup.it\/vetrina\/band\/andrea-ilaria_c40973\"><img loading=\"lazy\" class=\"alignnone wp-image-92428 size-full\" src=\"https:\/\/www.showgroup.it\/blog\/wp-content\/uploads\/2024\/05\/Progetto-senza-titolo-2024-05-07T155813.110.jpg\" alt=\"\" width=\"1920\" height=\"1080\" srcset=\"https:\/\/www.showgroup.it\/blog\/wp-content\/uploads\/2024\/05\/Progetto-senza-titolo-2024-05-07T155813.110.jpg 1920w, https:\/\/www.showgroup.it\/blog\/wp-content\/uploads\/2024\/05\/Progetto-senza-titolo-2024-05-07T155813.110-300x169.jpg 300w, https:\/\/www.showgroup.it\/blog\/wp-content\/uploads\/2024\/05\/Progetto-senza-titolo-2024-05-07T155813.110-1024x576.jpg 1024w, https:\/\/www.showgroup.it\/blog\/wp-content\/uploads\/2024\/05\/Progetto-senza-titolo-2024-05-07T155813.110-768x432.jpg 768w, https:\/\/www.showgroup.it\/blog\/wp-content\/uploads\/2024\/05\/Progetto-senza-titolo-2024-05-07T155813.110-1536x864.jpg 1536w\" sizes=\"(max-width: 1920px) 100vw, 1920px\" \/><\/a><\/p>\n<p><a href=\"https:\/\/www.showgroup.it\/vetrina\/fotografi-e-videomaker\/rosalia-ricotta_c40981\"><b>Rosalia Ricotta<\/b><b>: <\/b><\/a><span style=\"font-weight: 400;\">Rosalia Ricotta \u00e8 una fotografa professionista con sede a Caltanissetta, dove svolge la maggior parte del suo lavoro. Si \u00e8 specializzata nella fotografia di bambini, enfatizzando la loro naturalezza e grazia in servizi come <strong>Battesimi, Newborn e Smash Cake<\/strong>. Collabora con suo marito, che si occupa delle riprese video, completando cos\u00ec il loro lavoro in modo sinergico.\u00a0<\/span><\/p>\n<p><a href=\"https:\/\/www.showgroup.it\/vetrina\/fotografi-e-videomaker\/rosalia-ricotta_c40981\"><strong>Ti invitiamo a contattare Rosalia Ricotta, cliccando qui, per il tuo evento!<\/strong><\/a><\/p>\n<p><b><\/b><a href=\"https:\/\/www.showgroup.it\/vetrina\/fotografi-e-videomaker\/rosalia-ricotta_c40981\"><img loading=\"lazy\" class=\"alignnone wp-image-92430 size-full\" src=\"https:\/\/www.showgroup.it\/blog\/wp-content\/uploads\/2024\/05\/Progetto-senza-titolo-2024-05-07T160056.548.jpg\" alt=\"\" width=\"1920\" height=\"1080\" srcset=\"https:\/\/www.showgroup.it\/blog\/wp-content\/uploads\/2024\/05\/Progetto-senza-titolo-2024-05-07T160056.548.jpg 1920w, https:\/\/www.showgroup.it\/blog\/wp-content\/uploads\/2024\/05\/Progetto-senza-titolo-2024-05-07T160056.548-300x169.jpg 300w, https:\/\/www.showgroup.it\/blog\/wp-content\/uploads\/2024\/05\/Progetto-senza-titolo-2024-05-07T160056.548-1024x576.jpg 1024w, https:\/\/www.showgroup.it\/blog\/wp-content\/uploads\/2024\/05\/Progetto-senza-titolo-2024-05-07T160056.548-768x432.jpg 768w, https:\/\/www.showgroup.it\/blog\/wp-content\/uploads\/2024\/05\/Progetto-senza-titolo-2024-05-07T160056.548-1536x864.jpg 1536w\" sizes=\"(max-width: 1920px) 100vw, 1920px\" \/><\/a><\/p>\n<p><a href=\"https:\/\/www.showgroup.it\/vetrina\/art-performer\/teddy-mio_c41036\"><b>Teddy Mio<\/b><\/a><b>: <\/b><span style=\"font-weight: 400;\">Teddy Mio Workshop \u00e8<strong> la prima officina italiana del peluche.<\/strong> Ma il cuore dello spettacolo \u00e8 la mitica Macchina-Riempitrice, che rende l&#8217;esperienza ancora pi\u00f9 divertente e scenografica. Si tratta di un intrattenimento perfetto e un regalo ideale per i piccoli invitati, adatto anche come bomboniera personalizzata con t-shirt con i nomi degli sposi e la data.<\/span><\/p>\n<p><strong><a href=\"https:\/\/www.showgroup.it\/vetrina\/art-performer\/teddy-mio_c41036\">Visita il profilo di Teddy Mio e contattali per la festa di comunione!<\/a><\/strong><\/p>\n<h3><a href=\"https:\/\/www.showgroup.it\/vetrina\/art-performer\/teddy-mio_c41036\"><img loading=\"lazy\" class=\"alignnone wp-image-92429 size-full\" src=\"https:\/\/www.showgroup.it\/blog\/wp-content\/uploads\/2024\/05\/Progetto-senza-titolo-2024-05-07T160120.402.jpg\" alt=\"\" width=\"1920\" height=\"1080\" srcset=\"https:\/\/www.showgroup.it\/blog\/wp-content\/uploads\/2024\/05\/Progetto-senza-titolo-2024-05-07T160120.402.jpg 1920w, https:\/\/www.showgroup.it\/blog\/wp-content\/uploads\/2024\/05\/Progetto-senza-titolo-2024-05-07T160120.402-300x169.jpg 300w, https:\/\/www.showgroup.it\/blog\/wp-content\/uploads\/2024\/05\/Progetto-senza-titolo-2024-05-07T160120.402-1024x576.jpg 1024w, https:\/\/www.showgroup.it\/blog\/wp-content\/uploads\/2024\/05\/Progetto-senza-titolo-2024-05-07T160120.402-768x432.jpg 768w, https:\/\/www.showgroup.it\/blog\/wp-content\/uploads\/2024\/05\/Progetto-senza-titolo-2024-05-07T160120.402-1536x864.jpg 1536w\" sizes=\"(max-width: 1920px) 100vw, 1920px\" \/><\/a><\/h3>\n<h3><a href=\"https:\/\/www.showgroup.it\/\"><strong>Se cerchi altre ispirazioni per festa di comunione continua la ricerca su Showgroup!<\/strong><\/a><\/h3>\n","protected":false},"excerpt":{"rendered":"<p>Che sia maschietto o femminuccia &#8211; il tuo piccolo o la tua fanciulla &#8211; sta per compiere un grande passo, [&hellip;]<\/p>\n","protected":false},"author":1003,"featured_media":92420,"comment_status":"closed","ping_status":"closed","sticky":false,"template":"","format":"standard","meta":[],"categories":[661],"tags":[],"yoast_head":"<!-- This site is optimized with the Yoast SEO plugin v16.9 - https:\/\/yoast.com\/wordpress\/plugins\/seo\/ -->\n<title>Festa di Comunione? 10 passaggi per organizzarla!<\/title>\n<meta name=\"description\" content=\"Stai organizzando una Festa di Comunione? Abbiamo stilato i 10 passaggi effettivi e da considerare per forza. Leggili qui!\" \/>\n<meta name=\"robots\" content=\"index, follow, max-snippet:-1, max-image-preview:large, max-video-preview:-1\" \/>\n<link rel=\"canonical\" href=\"https:\/\/www.showgroup.it\/blog\/2024\/05\/07\/festa-di-comunione-10-passaggi-per-organizzarla\/\" \/>\n<meta property=\"og:locale\" content=\"it_IT\" \/>\n<meta property=\"og:type\" content=\"article\" \/>\n<meta property=\"og:title\" content=\"Festa di Comunione? 10 passaggi per organizzarla!\" \/>\n<meta property=\"og:description\" content=\"Stai organizzando una Festa di Comunione? Abbiamo stilato i 10 passaggi effettivi e da considerare per forza. Leggili qui!\" \/>\n<meta property=\"og:url\" content=\"https:\/\/www.showgroup.it\/blog\/2024\/05\/07\/festa-di-comunione-10-passaggi-per-organizzarla\/\" \/>\n<meta property=\"og:site_name\" content=\"Showgroup - Ready to be WOW!\" \/>\n<meta property=\"article:publisher\" content=\"https:\/\/www.facebook.com\/ShowGroupWow\/\" \/>\n<meta property=\"article:published_time\" content=\"2024-05-07T15:01:18+00:00\" \/>\n<meta property=\"article:modified_time\" content=\"2025-05-28T12:36:15+00:00\" \/>\n<meta property=\"og:image\" content=\"https:\/\/www.showgroup.it\/blog\/wp-content\/uploads\/2024\/05\/Progetto-senza-titolo-2024-05-07T155145.884.jpg\" \/>\n\t<meta property=\"og:image:width\" content=\"1920\" \/>\n\t<meta property=\"og:image:height\" content=\"1080\" \/>\n<meta name=\"twitter:card\" content=\"summary_large_image\" \/>\n<meta name=\"twitter:label1\" content=\"Scritto da\" \/>\n\t<meta name=\"twitter:data1\" content=\"Carmela Maggio\" \/>\n\t<meta name=\"twitter:label2\" content=\"Tempo di lettura stimato\" \/>\n\t<meta name=\"twitter:data2\" content=\"5 minuti\" \/>\n<script type=\"application\/ld+json\" class=\"yoast-schema-graph\">{\"@context\":\"https:\/\/schema.org\",\"@graph\":[{\"@type\":\"Organization\",\"@id\":\"https:\/\/www.showgroup.it\/#organization\",\"name\":\"Showgroup\",\"url\":\"https:\/\/www.showgroup.it\/\",\"sameAs\":[\"https:\/\/www.facebook.com\/ShowGroupWow\/\",\"https:\/\/www.instagram.com\/showgroupwow\/\"],\"logo\":{\"@type\":\"ImageObject\",\"@id\":\"https:\/\/www.showgroup.it\/#logo\",\"inLanguage\":\"it-IT\",\"url\":\"https:\/\/www.showgroup.it\/blog\/wp-content\/uploads\/2025\/01\/logo-black.svg\",\"contentUrl\":\"https:\/\/www.showgroup.it\/blog\/wp-content\/uploads\/2025\/01\/logo-black.svg\",\"width\":1440,\"height\":916,\"caption\":\"Showgroup\"},\"image\":{\"@id\":\"https:\/\/www.showgroup.it\/#logo\"}},{\"@type\":\"WebSite\",\"@id\":\"https:\/\/www.showgroup.it\/#website\",\"url\":\"https:\/\/www.showgroup.it\/\",\"name\":\"Showgroup - Ready to be WOW!\",\"description\":\"Il primo portale gratuito dedicato al mondo dello spettacolo.\",\"publisher\":{\"@id\":\"https:\/\/www.showgroup.it\/#organization\"},\"potentialAction\":[{\"@type\":\"SearchAction\",\"target\":{\"@type\":\"EntryPoint\",\"urlTemplate\":\"https:\/\/www.showgroup.it\/?s={search_term_string}\"},\"query-input\":\"required name=search_term_string\"}],\"inLanguage\":\"it-IT\"},{\"@type\":\"ImageObject\",\"@id\":\"https:\/\/www.showgroup.it\/blog\/2024\/05\/07\/festa-di-comunione-10-passaggi-per-organizzarla\/#primaryimage\",\"inLanguage\":\"it-IT\",\"url\":\"https:\/\/www.showgroup.it\/blog\/wp-content\/uploads\/2024\/05\/Progetto-senza-titolo-2024-05-07T155145.884.jpg\",\"contentUrl\":\"https:\/\/www.showgroup.it\/blog\/wp-content\/uploads\/2024\/05\/Progetto-senza-titolo-2024-05-07T155145.884.jpg\",\"width\":1920,\"height\":1080,\"caption\":\"festa di comunione\"},{\"@type\":\"WebPage\",\"@id\":\"https:\/\/www.showgroup.it\/blog\/2024\/05\/07\/festa-di-comunione-10-passaggi-per-organizzarla\/#webpage\",\"url\":\"https:\/\/www.showgroup.it\/blog\/2024\/05\/07\/festa-di-comunione-10-passaggi-per-organizzarla\/\",\"name\":\"Festa di Comunione? 10 passaggi per organizzarla!\",\"isPartOf\":{\"@id\":\"https:\/\/www.showgroup.it\/#website\"},\"primaryImageOfPage\":{\"@id\":\"https:\/\/www.showgroup.it\/blog\/2024\/05\/07\/festa-di-comunione-10-passaggi-per-organizzarla\/#primaryimage\"},\"datePublished\":\"2024-05-07T15:01:18+00:00\",\"dateModified\":\"2025-05-28T12:36:15+00:00\",\"description\":\"Stai organizzando una Festa di Comunione? Abbiamo stilato i 10 passaggi effettivi e da considerare per forza. Leggili qui!\",\"breadcrumb\":{\"@id\":\"https:\/\/www.showgroup.it\/blog\/2024\/05\/07\/festa-di-comunione-10-passaggi-per-organizzarla\/#breadcrumb\"},\"inLanguage\":\"it-IT\",\"potentialAction\":[{\"@type\":\"ReadAction\",\"target\":[\"https:\/\/www.showgroup.it\/blog\/2024\/05\/07\/festa-di-comunione-10-passaggi-per-organizzarla\/\"]}]},{\"@type\":\"BreadcrumbList\",\"@id\":\"https:\/\/www.showgroup.it\/blog\/2024\/05\/07\/festa-di-comunione-10-passaggi-per-organizzarla\/#breadcrumb\",\"itemListElement\":[{\"@type\":\"ListItem\",\"position\":1,\"name\":\"Home\",\"item\":\"https:\/\/www.showgroup.it\/blog\/\"},{\"@type\":\"ListItem\",\"position\":2,\"name\":\"Festa di Comunione? 10 passaggi per organizzarla!\"}]},{\"@type\":\"Article\",\"@id\":\"https:\/\/www.showgroup.it\/blog\/2024\/05\/07\/festa-di-comunione-10-passaggi-per-organizzarla\/#article\",\"isPartOf\":{\"@id\":\"https:\/\/www.showgroup.it\/blog\/2024\/05\/07\/festa-di-comunione-10-passaggi-per-organizzarla\/#webpage\"},\"author\":{\"@id\":\"https:\/\/www.showgroup.it\/#\/schema\/person\/252e1ad25081c56a3ff187633f302c25\"},\"headline\":\"Festa di Comunione? 10 passaggi per organizzarla!\",\"datePublished\":\"2024-05-07T15:01:18+00:00\",\"dateModified\":\"2025-05-28T12:36:15+00:00\",\"mainEntityOfPage\":{\"@id\":\"https:\/\/www.showgroup.it\/blog\/2024\/05\/07\/festa-di-comunione-10-passaggi-per-organizzarla\/#webpage\"},\"wordCount\":692,\"publisher\":{\"@id\":\"https:\/\/www.showgroup.it\/#organization\"},\"image\":{\"@id\":\"https:\/\/www.showgroup.it\/blog\/2024\/05\/07\/festa-di-comunione-10-passaggi-per-organizzarla\/#primaryimage\"},\"thumbnailUrl\":\"https:\/\/www.showgroup.it\/blog\/wp-content\/uploads\/2024\/05\/Progetto-senza-titolo-2024-05-07T155145.884.jpg\",\"articleSection\":[\"Eventi e location\"],\"inLanguage\":\"it-IT\"},{\"@type\":\"Person\",\"@id\":\"https:\/\/www.showgroup.it\/#\/schema\/person\/252e1ad25081c56a3ff187633f302c25\",\"name\":\"Carmela Maggio\",\"image\":{\"@type\":\"ImageObject\",\"@id\":\"https:\/\/www.showgroup.it\/#personlogo\",\"inLanguage\":\"it-IT\",\"url\":\"https:\/\/secure.gravatar.com\/avatar\/01bac989823ecd70b416447860420192?s=96&d=mm&r=g\",\"contentUrl\":\"https:\/\/secure.gravatar.com\/avatar\/01bac989823ecd70b416447860420192?s=96&d=mm&r=g\",\"caption\":\"Carmela Maggio\"}}]}<\/script>\n<!-- \/ Yoast SEO plugin. -->","yoast_head_json":{"title":"Festa di Comunione? 10 passaggi per organizzarla!","description":"Stai organizzando una Festa di Comunione? Abbiamo stilato i 10 passaggi effettivi e da considerare per forza. Leggili qui!","robots":{"index":"index","follow":"follow","max-snippet":"max-snippet:-1","max-image-preview":"max-image-preview:large","max-video-preview":"max-video-preview:-1"},"canonical":"https:\/\/www.showgroup.it\/blog\/2024\/05\/07\/festa-di-comunione-10-passaggi-per-organizzarla\/","og_locale":"it_IT","og_type":"article","og_title":"Festa di Comunione? 10 passaggi per organizzarla!","og_description":"Stai organizzando una Festa di Comunione? Abbiamo stilato i 10 passaggi effettivi e da considerare per forza. Leggili qui!","og_url":"https:\/\/www.showgroup.it\/blog\/2024\/05\/07\/festa-di-comunione-10-passaggi-per-organizzarla\/","og_site_name":"Showgroup - Ready to be WOW!","article_publisher":"https:\/\/www.facebook.com\/ShowGroupWow\/","article_published_time":"2024-05-07T15:01:18+00:00","article_modified_time":"2025-05-28T12:36:15+00:00","og_image":[{"width":1920,"height":1080,"filesize":40114,"url":"https:\/\/www.showgroup.it\/blog\/wp-content\/uploads\/2024\/05\/Progetto-senza-titolo-2024-05-07T155145.884.jpg","path":"\/sites\/www.showgroup.it\/files\/blog\/wp-content\/uploads\/2024\/05\/Progetto-senza-titolo-2024-05-07T155145.884.jpg","size":"full","id":92420,"alt":"festa di comunione","pixels":2073600,"type":"image\/jpeg"}],"twitter_card":"summary_large_image","twitter_misc":{"Scritto da":"Carmela Maggio","Tempo di lettura stimato":"5 minuti"},"schema":{"@context":"https:\/\/schema.org","@graph":[{"@type":"Organization","@id":"https:\/\/www.showgroup.it\/#organization","name":"Showgroup","url":"https:\/\/www.showgroup.it\/","sameAs":["https:\/\/www.facebook.com\/ShowGroupWow\/","https:\/\/www.instagram.com\/showgroupwow\/"],"logo":{"@type":"ImageObject","@id":"https:\/\/www.showgroup.it\/#logo","inLanguage":"it-IT","url":"https:\/\/www.showgroup.it\/blog\/wp-content\/uploads\/2025\/01\/logo-black.svg","contentUrl":"https:\/\/www.showgroup.it\/blog\/wp-content\/uploads\/2025\/01\/logo-black.svg","width":1440,"height":916,"caption":"Showgroup"},"image":{"@id":"https:\/\/www.showgroup.it\/#logo"}},{"@type":"WebSite","@id":"https:\/\/www.showgroup.it\/#website","url":"https:\/\/www.showgroup.it\/","name":"Showgroup - Ready to be WOW!","description":"Il primo portale gratuito dedicato al mondo dello spettacolo.","publisher":{"@id":"https:\/\/www.showgroup.it\/#organization"},"potentialAction":[{"@type":"SearchAction","target":{"@type":"EntryPoint","urlTemplate":"https:\/\/www.showgroup.it\/?s={search_term_string}"},"query-input":"required name=search_term_string"}],"inLanguage":"it-IT"},{"@type":"ImageObject","@id":"https:\/\/www.showgroup.it\/blog\/2024\/05\/07\/festa-di-comunione-10-passaggi-per-organizzarla\/#primaryimage","inLanguage":"it-IT","url":"https:\/\/www.showgroup.it\/blog\/wp-content\/uploads\/2024\/05\/Progetto-senza-titolo-2024-05-07T155145.884.jpg","contentUrl":"https:\/\/www.showgroup.it\/blog\/wp-content\/uploads\/2024\/05\/Progetto-senza-titolo-2024-05-07T155145.884.jpg","width":1920,"height":1080,"caption":"festa di comunione"},{"@type":"WebPage","@id":"https:\/\/www.showgroup.it\/blog\/2024\/05\/07\/festa-di-comunione-10-passaggi-per-organizzarla\/#webpage","url":"https:\/\/www.showgroup.it\/blog\/2024\/05\/07\/festa-di-comunione-10-passaggi-per-organizzarla\/","name":"Festa di Comunione? 10 passaggi per organizzarla!","isPartOf":{"@id":"https:\/\/www.showgroup.it\/#website"},"primaryImageOfPage":{"@id":"https:\/\/www.showgroup.it\/blog\/2024\/05\/07\/festa-di-comunione-10-passaggi-per-organizzarla\/#primaryimage"},"datePublished":"2024-05-07T15:01:18+00:00","dateModified":"2025-05-28T12:36:15+00:00","description":"Stai organizzando una Festa di Comunione? Abbiamo stilato i 10 passaggi effettivi e da considerare per forza. Leggili qui!","breadcrumb":{"@id":"https:\/\/www.showgroup.it\/blog\/2024\/05\/07\/festa-di-comunione-10-passaggi-per-organizzarla\/#breadcrumb"},"inLanguage":"it-IT","potentialAction":[{"@type":"ReadAction","target":["https:\/\/www.showgroup.it\/blog\/2024\/05\/07\/festa-di-comunione-10-passaggi-per-organizzarla\/"]}]},{"@type":"BreadcrumbList","@id":"https:\/\/www.showgroup.it\/blog\/2024\/05\/07\/festa-di-comunione-10-passaggi-per-organizzarla\/#breadcrumb","itemListElement":[{"@type":"ListItem","position":1,"name":"Home","item":"https:\/\/www.showgroup.it\/blog\/"},{"@type":"ListItem","position":2,"name":"Festa di Comunione? 10 passaggi per organizzarla!"}]},{"@type":"Article","@id":"https:\/\/www.showgroup.it\/blog\/2024\/05\/07\/festa-di-comunione-10-passaggi-per-organizzarla\/#article","isPartOf":{"@id":"https:\/\/www.showgroup.it\/blog\/2024\/05\/07\/festa-di-comunione-10-passaggi-per-organizzarla\/#webpage"},"author":{"@id":"https:\/\/www.showgroup.it\/#\/schema\/person\/252e1ad25081c56a3ff187633f302c25"},"headline":"Festa di Comunione? 10 passaggi per organizzarla!","datePublished":"2024-05-07T15:01:18+00:00","dateModified":"2025-05-28T12:36:15+00:00","mainEntityOfPage":{"@id":"https:\/\/www.showgroup.it\/blog\/2024\/05\/07\/festa-di-comunione-10-passaggi-per-organizzarla\/#webpage"},"wordCount":692,"publisher":{"@id":"https:\/\/www.showgroup.it\/#organization"},"image":{"@id":"https:\/\/www.showgroup.it\/blog\/2024\/05\/07\/festa-di-comunione-10-passaggi-per-organizzarla\/#primaryimage"},"thumbnailUrl":"https:\/\/www.showgroup.it\/blog\/wp-content\/uploads\/2024\/05\/Progetto-senza-titolo-2024-05-07T155145.884.jpg","articleSection":["Eventi e location"],"inLanguage":"it-IT"},{"@type":"Person","@id":"https:\/\/www.showgroup.it\/#\/schema\/person\/252e1ad25081c56a3ff187633f302c25","name":"Carmela Maggio","image":{"@type":"ImageObject","@id":"https:\/\/www.showgroup.it\/#personlogo","inLanguage":"it-IT","url":"https:\/\/secure.gravatar.com\/avatar\/01bac989823ecd70b416447860420192?s=96&d=mm&r=g","contentUrl":"https:\/\/secure.gravatar.com\/avatar\/01bac989823ecd70b416447860420192?s=96&d=mm&r=g","caption":"Carmela Maggio"}}]}},"_links":{"self":[{"href":"https:\/\/www.showgroup.it\/blog\/wp-json\/wp\/v2\/posts\/92417"}],"collection":[{"href":"https:\/\/www.showgroup.it\/blog\/wp-json\/wp\/v2\/posts"}],"about":[{"href":"https:\/\/www.showgroup.it\/blog\/wp-json\/wp\/v2\/types\/post"}],"author":[{"embeddable":true,"href":"https:\/\/www.showgroup.it\/blog\/wp-json\/wp\/v2\/users\/1003"}],"replies":[{"embeddable":true,"href":"https:\/\/www.showgroup.it\/blog\/wp-json\/wp\/v2\/comments?post=92417"}],"version-history":[{"count":1,"href":"https:\/\/www.showgroup.it\/blog\/wp-json\/wp\/v2\/posts\/92417\/revisions"}],"predecessor-version":[{"id":98742,"href":"https:\/\/www.showgroup.it\/blog\/wp-json\/wp\/v2\/posts\/92417\/revisions\/98742"}],"wp:featuredmedia":[{"embeddable":true,"href":"https:\/\/www.showgroup.it\/blog\/wp-json\/wp\/v2\/media\/92420"}],"wp:attachment":[{"href":"https:\/\/www.showgroup.it\/blog\/wp-json\/wp\/v2\/media?parent=92417"}],"wp:term":[{"taxonomy":"category","embeddable":true,"href":"https:\/\/www.showgroup.it\/blog\/wp-json\/wp\/v2\/categories?post=92417"},{"taxonomy":"post_tag","embeddable":true,"href":"https:\/\/www.showgroup.it\/blog\/wp-json\/wp\/v2\/tags?post=92417"}],"curies":[{"name":"wp","href":"https:\/\/api.w.org\/{rel}","templated":true}]}}