{"id":93027,"date":"2024-06-05T09:00:06","date_gmt":"2024-06-05T07:00:06","guid":{"rendered":"https:\/\/www.showgroup.it\/?p=93027"},"modified":"2025-05-28T14:15:51","modified_gmt":"2025-05-28T12:15:51","slug":"novita-e-tendenze-per-lacconciatura-da-sposa-nel-2024","status":"publish","type":"post","link":"https:\/\/www.showgroup.it\/blog\/2024\/06\/05\/novita-e-tendenze-per-lacconciatura-da-sposa-nel-2024\/","title":{"rendered":"Novit\u00e0 e tendenze per l&#8217;acconciatura da sposa nel 2024"},"content":{"rendered":"<p>Sognare un matrimonio perfetto vuol dire anche immaginare l&#8217;acconciatura sposa 2024 ideale che <strong>completer\u00e0 il look di lei<\/strong>. Le tendenze per l&#8217;acconciatura sposa 2024 ci stupiscono con <strong>eleganza e creativit\u00e0 per vari stili e personalit\u00e0.\u00a0<\/strong><\/p>\n<p><strong>Scopriamo insieme le novit\u00e0 pi\u00f9 interessanti.<\/strong><\/p>\n<h2><a href=\"https:\/\/www.showgroup.it\/\">Le tendenze pi\u00f9 in voga per il 2024<\/a><\/h2>\n<h3><a href=\"https:\/\/www.showgroup.it\/\"><img loading=\"lazy\" class=\"alignnone wp-image-93043 size-full\" title=\"acconciatura sposa 2024\" src=\"https:\/\/www.showgroup.it\/blog\/wp-content\/uploads\/2024\/06\/Progetto-senza-titolo-2024-06-04T145302.695.jpg\" alt=\"acconciatura sposa 2024\" width=\"1920\" height=\"1080\" srcset=\"https:\/\/www.showgroup.it\/blog\/wp-content\/uploads\/2024\/06\/Progetto-senza-titolo-2024-06-04T145302.695.jpg 1920w, https:\/\/www.showgroup.it\/blog\/wp-content\/uploads\/2024\/06\/Progetto-senza-titolo-2024-06-04T145302.695-300x169.jpg 300w, https:\/\/www.showgroup.it\/blog\/wp-content\/uploads\/2024\/06\/Progetto-senza-titolo-2024-06-04T145302.695-1024x576.jpg 1024w, https:\/\/www.showgroup.it\/blog\/wp-content\/uploads\/2024\/06\/Progetto-senza-titolo-2024-06-04T145302.695-768x432.jpg 768w, https:\/\/www.showgroup.it\/blog\/wp-content\/uploads\/2024\/06\/Progetto-senza-titolo-2024-06-04T145302.695-1536x864.jpg 1536w\" sizes=\"(max-width: 1920px) 100vw, 1920px\" \/><\/a><\/h3>\n<h3><a href=\"https:\/\/www.showgroup.it\/\">Raccolti intrecciati<\/a><\/h3>\n<p>Per il 2024, i<strong> raccolti intrecciati<\/strong> saranno protagonisti indiscussi. Questi stili combinano eleganza e praticit\u00e0, risultando perfetti per le spose che desiderano un look sofisticato senza rinunciare alla comodit\u00e0. Le trecce possono essere incorporate in chignon morbidi o in acconciature pi\u00f9 strutturate, impreziosite da accessori floreali o gioielli scintillanti.<\/p>\n<h3><a href=\"https:\/\/www.showgroup.it\/\">Onde naturali<\/a><\/h3>\n<p>Le <strong>onde naturali e morbide<\/strong> continuano a essere una scelta popolare. Questo stile, ideale per matrimoni all&#8217;aperto o in spiaggia, dona un aspetto romantico e senza tempo. Le onde possono essere arricchite con coroncine di fiori o semplici fermagli per un tocco delicato e raffinato.<\/p>\n<h3><a href=\"https:\/\/www.showgroup.it\/\">Look boho-chic<\/a><\/h3>\n<p>Il <strong>boho-chic<\/strong> non passa mai di moda e si ripropone ogni anno. Per le spose che amano uno stile libero e disinvolto, le acconciature boho sono l&#8217;opzione perfetta. Capelli sciolti, morbidi e leggermente mossi, decorati con elementi naturali come fiori freschi o pettinini vintage, creano un look etereo e affascinante.<\/p>\n<h3><a href=\"https:\/\/www.showgroup.it\/\">Accessori preziosi<\/a><\/h3>\n<p>Gli <strong>accessori<\/strong> gioiello continueranno a dominare le acconciature da sposa nel 2024. <strong>Diademi, fermagli decorati, e velette sofisticate<\/strong> aggiungono un tocco di glamour e possono trasformare anche le pettinature pi\u00f9 semplici in opere d&#8217;arte. Scegliere l&#8217;accessorio giusto \u00e8 fondamentale per completare l&#8217;outfit da sposa e rendere ogni dettaglio perfetto.<\/p>\n<h2><a href=\"https:\/\/www.showgroup.it\/vetrine\/hairstylist\">Showgroup: il portale per trovare il tuo hairstylist ideale<\/a><a href=\"https:\/\/www.showgroup.it\"><img loading=\"lazy\" class=\"alignnone wp-image-93044 size-full\" title=\"acconciatura sposa 2024\" src=\"https:\/\/www.showgroup.it\/blog\/wp-content\/uploads\/2024\/06\/Progetto-senza-titolo-2024-06-04T145250.133.jpg\" alt=\"acconciatura sposa 2024\" width=\"1920\" height=\"1080\" srcset=\"https:\/\/www.showgroup.it\/blog\/wp-content\/uploads\/2024\/06\/Progetto-senza-titolo-2024-06-04T145250.133.jpg 1920w, https:\/\/www.showgroup.it\/blog\/wp-content\/uploads\/2024\/06\/Progetto-senza-titolo-2024-06-04T145250.133-300x169.jpg 300w, https:\/\/www.showgroup.it\/blog\/wp-content\/uploads\/2024\/06\/Progetto-senza-titolo-2024-06-04T145250.133-1024x576.jpg 1024w, https:\/\/www.showgroup.it\/blog\/wp-content\/uploads\/2024\/06\/Progetto-senza-titolo-2024-06-04T145250.133-768x432.jpg 768w, https:\/\/www.showgroup.it\/blog\/wp-content\/uploads\/2024\/06\/Progetto-senza-titolo-2024-06-04T145250.133-1536x864.jpg 1536w\" sizes=\"(max-width: 1920px) 100vw, 1920px\" \/><\/a><\/h2>\n<p>Trovare l&#8217;hairstylist perfetto per il giorno del matrimonio pu\u00f2 sembrare una sfida, <strong>ma con Showgroup diventa un&#8217;esperienza semplice e piacevole.<\/strong><\/p>\n<h3><a href=\"https:\/\/www.showgroup.it\/\">Come contattare gli hairstylist su Showgroup<\/a><\/h3>\n<p>Contattare un <a href=\"https:\/\/www.showgroup.it\/vetrine\/hairstylist\">hairstylist tramite Showgroup<\/a> \u00e8 facile e veloce. Ecco come fare:<\/p>\n<ol>\n<li><strong>Ricerca<\/strong>: utilizza la barra di ricerca per trovare hairstylist specializzati in acconciature da sposa. Puoi filtrare i risultati per localit\u00e0, prezzo e recensioni.<\/li>\n<li><strong>Profilo<\/strong>: esplora i profili dei vari hairstylist per vedere esempi del loro lavoro, leggere le recensioni dei clienti e ottenere informazioni sui servizi offerti.<\/li>\n<li><strong>Contatto<\/strong>: una volta trovato il professionista che fa per te, puoi contattarlo direttamente tramite il portale per discutere dei dettagli, richiedere un preventivo e fissare un appuntamento.<\/li>\n<\/ol>\n<p><strong>Per iniziare, vi presentiamo alcuni hairstylist per acconciatura sposa 2024 di seguito:<\/strong><\/p>\n<h3><a href=\"https:\/\/www.showgroup.it\/vetrina\/hairstylist\/stefano-nizzi_c23135?_gl=1*196t9yk*_up*MQ..*_ga*MTgxMDUzOTMyNy4xNzE3NTA1MTkx*_ga_C29RJEHQDH*MTcxNzUwNTE5MC4xLjAuMTcxNzUwNTE5MC4wLjAuNDU0MjI5NjU3\">Stefano Nizzi<\/a><\/h3>\n<p><a href=\"https:\/\/www.showgroup.it\/vetrina\/hairstylist\/stefano-nizzi_c23135?_gl=1*196t9yk*_up*MQ..*_ga*MTgxMDUzOTMyNy4xNzE3NTA1MTkx*_ga_C29RJEHQDH*MTcxNzUwNTE5MC4xLjAuMTcxNzUwNTE5MC4wLjAuNDU0MjI5NjU3\"><img loading=\"lazy\" class=\"alignnone size-full wp-image-93042\" src=\"https:\/\/www.showgroup.it\/blog\/wp-content\/uploads\/2024\/06\/Progetto-senza-titolo-2024-06-04T145349.341.jpg\" alt=\"\" width=\"1920\" height=\"1080\" srcset=\"https:\/\/www.showgroup.it\/blog\/wp-content\/uploads\/2024\/06\/Progetto-senza-titolo-2024-06-04T145349.341.jpg 1920w, https:\/\/www.showgroup.it\/blog\/wp-content\/uploads\/2024\/06\/Progetto-senza-titolo-2024-06-04T145349.341-300x169.jpg 300w, https:\/\/www.showgroup.it\/blog\/wp-content\/uploads\/2024\/06\/Progetto-senza-titolo-2024-06-04T145349.341-1024x576.jpg 1024w, https:\/\/www.showgroup.it\/blog\/wp-content\/uploads\/2024\/06\/Progetto-senza-titolo-2024-06-04T145349.341-768x432.jpg 768w, https:\/\/www.showgroup.it\/blog\/wp-content\/uploads\/2024\/06\/Progetto-senza-titolo-2024-06-04T145349.341-1536x864.jpg 1536w\" sizes=\"(max-width: 1920px) 100vw, 1920px\" \/><\/a>Stefano Nizzi ha iniziato la sua carriera nel 1999, specializzandosi in tagli anglosassoni e tecniche francesi. Dal 2007 gestisce un rinomato salone con un team di 9 professionisti, ed \u00e8 noto per la sua partecipazione a eventi internazionali come il Cosmoprof e per la formazione di circa 300 colleghi ogni anno. <a href=\"https:\/\/www.showgroup.it\/vetrina\/hairstylist\/stefano-nizzi_c23135?_gl=1*196t9yk*_up*MQ..*_ga*MTgxMDUzOTMyNy4xNzE3NTA1MTkx*_ga_C29RJEHQDH*MTcxNzUwNTE5MC4xLjAuMTcxNzUwNTE5MC4wLjAuNDU0MjI5NjU3\"><strong>Contatta Stefano qui.<\/strong><\/a><\/p>\n<h3><a href=\"https:\/\/www.showgroup.it\/vetrina\/hairstylist\/glamonhair_c30037?_gl=1*196t9yk*_up*MQ..*_ga*MTgxMDUzOTMyNy4xNzE3NTA1MTkx*_ga_C29RJEHQDH*MTcxNzUwNTE5MC4xLjAuMTcxNzUwNTE5MC4wLjAuNDU0MjI5NjU3\">GlamOnHair<\/a><\/h3>\n<p><a href=\"https:\/\/www.showgroup.it\/vetrina\/hairstylist\/glamonhair_c30037?_gl=1*196t9yk*_up*MQ..*_ga*MTgxMDUzOTMyNy4xNzE3NTA1MTkx*_ga_C29RJEHQDH*MTcxNzUwNTE5MC4xLjAuMTcxNzUwNTE5MC4wLjAuNDU0MjI5NjU3\"><img loading=\"lazy\" class=\"alignnone size-full wp-image-93041\" src=\"https:\/\/www.showgroup.it\/blog\/wp-content\/uploads\/2024\/06\/Progetto-senza-titolo-2024-06-04T145429.688.jpg\" alt=\"\" width=\"1920\" height=\"1080\" srcset=\"https:\/\/www.showgroup.it\/blog\/wp-content\/uploads\/2024\/06\/Progetto-senza-titolo-2024-06-04T145429.688.jpg 1920w, https:\/\/www.showgroup.it\/blog\/wp-content\/uploads\/2024\/06\/Progetto-senza-titolo-2024-06-04T145429.688-300x169.jpg 300w, https:\/\/www.showgroup.it\/blog\/wp-content\/uploads\/2024\/06\/Progetto-senza-titolo-2024-06-04T145429.688-1024x576.jpg 1024w, https:\/\/www.showgroup.it\/blog\/wp-content\/uploads\/2024\/06\/Progetto-senza-titolo-2024-06-04T145429.688-768x432.jpg 768w, https:\/\/www.showgroup.it\/blog\/wp-content\/uploads\/2024\/06\/Progetto-senza-titolo-2024-06-04T145429.688-1536x864.jpg 1536w\" sizes=\"(max-width: 1920px) 100vw, 1920px\" \/><\/a>GlamOnHair, attivo dal 1994, ha sviluppato le sue competenze grazie a una formazione costante con esperti del settore e viaggi internazionali. Offrono servizi completi di cura della persona, inclusi capelli, make-up e consulenza sull&#8217;abbigliamento, caratterizzati da dinamismo e riservatezza. <a href=\"https:\/\/www.showgroup.it\/vetrina\/hairstylist\/glamonhair_c30037?_gl=1*196t9yk*_up*MQ..*_ga*MTgxMDUzOTMyNy4xNzE3NTA1MTkx*_ga_C29RJEHQDH*MTcxNzUwNTE5MC4xLjAuMTcxNzUwNTE5MC4wLjAuNDU0MjI5NjU3\"><strong>Guarda il profilo di GlamOnHair qui.<\/strong><\/a><\/p>\n<h3><a href=\"https:\/\/www.showgroup.it\/vetrina\/hairstylist\/ernesto-giampino-academy-srl_c25871?_gl=1*196t9yk*_up*MQ..*_ga*MTgxMDUzOTMyNy4xNzE3NTA1MTkx*_ga_C29RJEHQDH*MTcxNzUwNTE5MC4xLjAuMTcxNzUwNTE5MC4wLjAuNDU0MjI5NjU3\">Ernesto Giampino Academy SRL<\/a><\/h3>\n<p><a href=\"https:\/\/www.showgroup.it\/vetrina\/hairstylist\/ernesto-giampino-academy-srl_c25871?_gl=1*196t9yk*_up*MQ..*_ga*MTgxMDUzOTMyNy4xNzE3NTA1MTkx*_ga_C29RJEHQDH*MTcxNzUwNTE5MC4xLjAuMTcxNzUwNTE5MC4wLjAuNDU0MjI5NjU3\"><img loading=\"lazy\" class=\"alignnone size-full wp-image-93040\" src=\"https:\/\/www.showgroup.it\/blog\/wp-content\/uploads\/2024\/06\/Progetto-senza-titolo-2024-06-04T145511.595.jpg\" alt=\"acconciatura sposa 2024\" width=\"1920\" height=\"1080\" srcset=\"https:\/\/www.showgroup.it\/blog\/wp-content\/uploads\/2024\/06\/Progetto-senza-titolo-2024-06-04T145511.595.jpg 1920w, https:\/\/www.showgroup.it\/blog\/wp-content\/uploads\/2024\/06\/Progetto-senza-titolo-2024-06-04T145511.595-300x169.jpg 300w, https:\/\/www.showgroup.it\/blog\/wp-content\/uploads\/2024\/06\/Progetto-senza-titolo-2024-06-04T145511.595-1024x576.jpg 1024w, https:\/\/www.showgroup.it\/blog\/wp-content\/uploads\/2024\/06\/Progetto-senza-titolo-2024-06-04T145511.595-768x432.jpg 768w, https:\/\/www.showgroup.it\/blog\/wp-content\/uploads\/2024\/06\/Progetto-senza-titolo-2024-06-04T145511.595-1536x864.jpg 1536w\" sizes=\"(max-width: 1920px) 100vw, 1920px\" \/><\/a>Con 30 anni di esperienza, Ernesto Giampino Academy \u00e8 un punto di riferimento per le nuove tendenze grazie a show ed eventi internazionali. Offrono un&#8217;ampia gamma di corsi professionali per parrucchieri, con un approccio formativo pratico e moderno, in un ambiente elegante e all&#8217;avanguardia. <a href=\"https:\/\/www.showgroup.it\/vetrina\/hairstylist\/ernesto-giampino-academy-srl_c25871?_gl=1*196t9yk*_up*MQ..*_ga*MTgxMDUzOTMyNy4xNzE3NTA1MTkx*_ga_C29RJEHQDH*MTcxNzUwNTE5MC4xLjAuMTcxNzUwNTE5MC4wLjAuNDU0MjI5NjU3\">Ecco la vetrina di Esterno qui!<\/a><\/p>\n<h3><a href=\"https:\/\/www.showgroup.it\/\"><strong>Continua a cercare altri professionisti su Showgroup come i make up artist e via dicendo!<\/strong><\/a><\/h3>\n","protected":false},"excerpt":{"rendered":"<p>Sognare un matrimonio perfetto vuol dire anche immaginare l&#8217;acconciatura sposa 2024 ideale che completer\u00e0 il look di lei. Le tendenze [&hellip;]<\/p>\n","protected":false},"author":1003,"featured_media":93045,"comment_status":"closed","ping_status":"closed","sticky":false,"template":"","format":"standard","meta":[],"categories":[665],"tags":[],"yoast_head":"<!-- This site is optimized with the Yoast SEO plugin v16.9 - https:\/\/yoast.com\/wordpress\/plugins\/seo\/ -->\n<title>Novit\u00e0 e tendenze per l&#039;acconciatura da sposa nel 2024<\/title>\n<meta name=\"description\" content=\"Quali sono le ultimissime novit\u00e0 e tendenze per l&#039;acconciatura sposa 2024? Ecco tutto quello che c&#039;\u00e8 da sapere. Scopriamolo insieme.\" \/>\n<meta name=\"robots\" content=\"index, follow, max-snippet:-1, max-image-preview:large, max-video-preview:-1\" \/>\n<link rel=\"canonical\" href=\"https:\/\/www.showgroup.it\/blog\/2024\/06\/05\/novita-e-tendenze-per-lacconciatura-da-sposa-nel-2024\/\" \/>\n<meta property=\"og:locale\" content=\"it_IT\" \/>\n<meta property=\"og:type\" content=\"article\" \/>\n<meta property=\"og:title\" content=\"Novit\u00e0 e tendenze per l&#039;acconciatura da sposa nel 2024\" \/>\n<meta property=\"og:description\" content=\"Quali sono le ultimissime novit\u00e0 e tendenze per l&#039;acconciatura sposa 2024? Ecco tutto quello che c&#039;\u00e8 da sapere. Scopriamolo insieme.\" \/>\n<meta property=\"og:url\" content=\"https:\/\/www.showgroup.it\/blog\/2024\/06\/05\/novita-e-tendenze-per-lacconciatura-da-sposa-nel-2024\/\" \/>\n<meta property=\"og:site_name\" content=\"Showgroup - Ready to be WOW!\" \/>\n<meta property=\"article:publisher\" content=\"https:\/\/www.facebook.com\/ShowGroupWow\/\" \/>\n<meta property=\"article:published_time\" content=\"2024-06-05T07:00:06+00:00\" \/>\n<meta property=\"article:modified_time\" content=\"2025-05-28T12:15:51+00:00\" \/>\n<meta property=\"og:image\" content=\"https:\/\/www.showgroup.it\/blog\/wp-content\/uploads\/2024\/06\/Progetto-senza-titolo-2024-06-04T145229.324.jpg\" \/>\n\t<meta property=\"og:image:width\" content=\"1920\" \/>\n\t<meta property=\"og:image:height\" content=\"1080\" \/>\n<meta name=\"twitter:card\" content=\"summary_large_image\" \/>\n<meta name=\"twitter:label1\" content=\"Scritto da\" \/>\n\t<meta name=\"twitter:data1\" content=\"Carmela Maggio\" \/>\n\t<meta name=\"twitter:label2\" content=\"Tempo di lettura stimato\" \/>\n\t<meta name=\"twitter:data2\" content=\"4 minuti\" \/>\n<script type=\"application\/ld+json\" class=\"yoast-schema-graph\">{\"@context\":\"https:\/\/schema.org\",\"@graph\":[{\"@type\":\"Organization\",\"@id\":\"https:\/\/www.showgroup.it\/#organization\",\"name\":\"Showgroup\",\"url\":\"https:\/\/www.showgroup.it\/\",\"sameAs\":[\"https:\/\/www.facebook.com\/ShowGroupWow\/\",\"https:\/\/www.instagram.com\/showgroupwow\/\"],\"logo\":{\"@type\":\"ImageObject\",\"@id\":\"https:\/\/www.showgroup.it\/#logo\",\"inLanguage\":\"it-IT\",\"url\":\"https:\/\/www.showgroup.it\/blog\/wp-content\/uploads\/2025\/01\/logo-black.svg\",\"contentUrl\":\"https:\/\/www.showgroup.it\/blog\/wp-content\/uploads\/2025\/01\/logo-black.svg\",\"width\":1440,\"height\":916,\"caption\":\"Showgroup\"},\"image\":{\"@id\":\"https:\/\/www.showgroup.it\/#logo\"}},{\"@type\":\"WebSite\",\"@id\":\"https:\/\/www.showgroup.it\/#website\",\"url\":\"https:\/\/www.showgroup.it\/\",\"name\":\"Showgroup - Ready to be WOW!\",\"description\":\"Il primo portale gratuito dedicato al mondo dello spettacolo.\",\"publisher\":{\"@id\":\"https:\/\/www.showgroup.it\/#organization\"},\"potentialAction\":[{\"@type\":\"SearchAction\",\"target\":{\"@type\":\"EntryPoint\",\"urlTemplate\":\"https:\/\/www.showgroup.it\/?s={search_term_string}\"},\"query-input\":\"required name=search_term_string\"}],\"inLanguage\":\"it-IT\"},{\"@type\":\"ImageObject\",\"@id\":\"https:\/\/www.showgroup.it\/blog\/2024\/06\/05\/novita-e-tendenze-per-lacconciatura-da-sposa-nel-2024\/#primaryimage\",\"inLanguage\":\"it-IT\",\"url\":\"https:\/\/www.showgroup.it\/blog\/wp-content\/uploads\/2024\/06\/Progetto-senza-titolo-2024-06-04T145229.324.jpg\",\"contentUrl\":\"https:\/\/www.showgroup.it\/blog\/wp-content\/uploads\/2024\/06\/Progetto-senza-titolo-2024-06-04T145229.324.jpg\",\"width\":1920,\"height\":1080,\"caption\":\"acconciatura sposa 2024\"},{\"@type\":\"WebPage\",\"@id\":\"https:\/\/www.showgroup.it\/blog\/2024\/06\/05\/novita-e-tendenze-per-lacconciatura-da-sposa-nel-2024\/#webpage\",\"url\":\"https:\/\/www.showgroup.it\/blog\/2024\/06\/05\/novita-e-tendenze-per-lacconciatura-da-sposa-nel-2024\/\",\"name\":\"Novit\\u00e0 e tendenze per l'acconciatura da sposa nel 2024\",\"isPartOf\":{\"@id\":\"https:\/\/www.showgroup.it\/#website\"},\"primaryImageOfPage\":{\"@id\":\"https:\/\/www.showgroup.it\/blog\/2024\/06\/05\/novita-e-tendenze-per-lacconciatura-da-sposa-nel-2024\/#primaryimage\"},\"datePublished\":\"2024-06-05T07:00:06+00:00\",\"dateModified\":\"2025-05-28T12:15:51+00:00\",\"description\":\"Quali sono le ultimissime novit\\u00e0 e tendenze per l'acconciatura sposa 2024? Ecco tutto quello che c'\\u00e8 da sapere. Scopriamolo insieme.\",\"breadcrumb\":{\"@id\":\"https:\/\/www.showgroup.it\/blog\/2024\/06\/05\/novita-e-tendenze-per-lacconciatura-da-sposa-nel-2024\/#breadcrumb\"},\"inLanguage\":\"it-IT\",\"potentialAction\":[{\"@type\":\"ReadAction\",\"target\":[\"https:\/\/www.showgroup.it\/blog\/2024\/06\/05\/novita-e-tendenze-per-lacconciatura-da-sposa-nel-2024\/\"]}]},{\"@type\":\"BreadcrumbList\",\"@id\":\"https:\/\/www.showgroup.it\/blog\/2024\/06\/05\/novita-e-tendenze-per-lacconciatura-da-sposa-nel-2024\/#breadcrumb\",\"itemListElement\":[{\"@type\":\"ListItem\",\"position\":1,\"name\":\"Home\",\"item\":\"https:\/\/www.showgroup.it\/blog\/\"},{\"@type\":\"ListItem\",\"position\":2,\"name\":\"Novit\\u00e0 e tendenze per l&#8217;acconciatura da sposa nel 2024\"}]},{\"@type\":\"Article\",\"@id\":\"https:\/\/www.showgroup.it\/blog\/2024\/06\/05\/novita-e-tendenze-per-lacconciatura-da-sposa-nel-2024\/#article\",\"isPartOf\":{\"@id\":\"https:\/\/www.showgroup.it\/blog\/2024\/06\/05\/novita-e-tendenze-per-lacconciatura-da-sposa-nel-2024\/#webpage\"},\"author\":{\"@id\":\"https:\/\/www.showgroup.it\/#\/schema\/person\/252e1ad25081c56a3ff187633f302c25\"},\"headline\":\"Novit\\u00e0 e tendenze per l&#8217;acconciatura da sposa nel 2024\",\"datePublished\":\"2024-06-05T07:00:06+00:00\",\"dateModified\":\"2025-05-28T12:15:51+00:00\",\"mainEntityOfPage\":{\"@id\":\"https:\/\/www.showgroup.it\/blog\/2024\/06\/05\/novita-e-tendenze-per-lacconciatura-da-sposa-nel-2024\/#webpage\"},\"wordCount\":546,\"publisher\":{\"@id\":\"https:\/\/www.showgroup.it\/#organization\"},\"image\":{\"@id\":\"https:\/\/www.showgroup.it\/blog\/2024\/06\/05\/novita-e-tendenze-per-lacconciatura-da-sposa-nel-2024\/#primaryimage\"},\"thumbnailUrl\":\"https:\/\/www.showgroup.it\/blog\/wp-content\/uploads\/2024\/06\/Progetto-senza-titolo-2024-06-04T145229.324.jpg\",\"articleSection\":[\"Bellezza e immagine\"],\"inLanguage\":\"it-IT\"},{\"@type\":\"Person\",\"@id\":\"https:\/\/www.showgroup.it\/#\/schema\/person\/252e1ad25081c56a3ff187633f302c25\",\"name\":\"Carmela Maggio\",\"image\":{\"@type\":\"ImageObject\",\"@id\":\"https:\/\/www.showgroup.it\/#personlogo\",\"inLanguage\":\"it-IT\",\"url\":\"https:\/\/secure.gravatar.com\/avatar\/01bac989823ecd70b416447860420192?s=96&d=mm&r=g\",\"contentUrl\":\"https:\/\/secure.gravatar.com\/avatar\/01bac989823ecd70b416447860420192?s=96&d=mm&r=g\",\"caption\":\"Carmela Maggio\"}}]}<\/script>\n<!-- \/ Yoast SEO plugin. -->","yoast_head_json":{"title":"Novit\u00e0 e tendenze per l'acconciatura da sposa nel 2024","description":"Quali sono le ultimissime novit\u00e0 e tendenze per l'acconciatura sposa 2024? Ecco tutto quello che c'\u00e8 da sapere. Scopriamolo insieme.","robots":{"index":"index","follow":"follow","max-snippet":"max-snippet:-1","max-image-preview":"max-image-preview:large","max-video-preview":"max-video-preview:-1"},"canonical":"https:\/\/www.showgroup.it\/blog\/2024\/06\/05\/novita-e-tendenze-per-lacconciatura-da-sposa-nel-2024\/","og_locale":"it_IT","og_type":"article","og_title":"Novit\u00e0 e tendenze per l'acconciatura da sposa nel 2024","og_description":"Quali sono le ultimissime novit\u00e0 e tendenze per l'acconciatura sposa 2024? Ecco tutto quello che c'\u00e8 da sapere. Scopriamolo insieme.","og_url":"https:\/\/www.showgroup.it\/blog\/2024\/06\/05\/novita-e-tendenze-per-lacconciatura-da-sposa-nel-2024\/","og_site_name":"Showgroup - Ready to be WOW!","article_publisher":"https:\/\/www.facebook.com\/ShowGroupWow\/","article_published_time":"2024-06-05T07:00:06+00:00","article_modified_time":"2025-05-28T12:15:51+00:00","og_image":[{"width":1920,"height":1080,"filesize":62429,"url":"https:\/\/www.showgroup.it\/blog\/wp-content\/uploads\/2024\/06\/Progetto-senza-titolo-2024-06-04T145229.324.jpg","path":"\/sites\/www.showgroup.it\/files\/blog\/wp-content\/uploads\/2024\/06\/Progetto-senza-titolo-2024-06-04T145229.324.jpg","size":"full","id":93045,"alt":"acconciatura sposa 2024","pixels":2073600,"type":"image\/jpeg"}],"twitter_card":"summary_large_image","twitter_misc":{"Scritto da":"Carmela Maggio","Tempo di lettura stimato":"4 minuti"},"schema":{"@context":"https:\/\/schema.org","@graph":[{"@type":"Organization","@id":"https:\/\/www.showgroup.it\/#organization","name":"Showgroup","url":"https:\/\/www.showgroup.it\/","sameAs":["https:\/\/www.facebook.com\/ShowGroupWow\/","https:\/\/www.instagram.com\/showgroupwow\/"],"logo":{"@type":"ImageObject","@id":"https:\/\/www.showgroup.it\/#logo","inLanguage":"it-IT","url":"https:\/\/www.showgroup.it\/blog\/wp-content\/uploads\/2025\/01\/logo-black.svg","contentUrl":"https:\/\/www.showgroup.it\/blog\/wp-content\/uploads\/2025\/01\/logo-black.svg","width":1440,"height":916,"caption":"Showgroup"},"image":{"@id":"https:\/\/www.showgroup.it\/#logo"}},{"@type":"WebSite","@id":"https:\/\/www.showgroup.it\/#website","url":"https:\/\/www.showgroup.it\/","name":"Showgroup - Ready to be WOW!","description":"Il primo portale gratuito dedicato al mondo dello spettacolo.","publisher":{"@id":"https:\/\/www.showgroup.it\/#organization"},"potentialAction":[{"@type":"SearchAction","target":{"@type":"EntryPoint","urlTemplate":"https:\/\/www.showgroup.it\/?s={search_term_string}"},"query-input":"required name=search_term_string"}],"inLanguage":"it-IT"},{"@type":"ImageObject","@id":"https:\/\/www.showgroup.it\/blog\/2024\/06\/05\/novita-e-tendenze-per-lacconciatura-da-sposa-nel-2024\/#primaryimage","inLanguage":"it-IT","url":"https:\/\/www.showgroup.it\/blog\/wp-content\/uploads\/2024\/06\/Progetto-senza-titolo-2024-06-04T145229.324.jpg","contentUrl":"https:\/\/www.showgroup.it\/blog\/wp-content\/uploads\/2024\/06\/Progetto-senza-titolo-2024-06-04T145229.324.jpg","width":1920,"height":1080,"caption":"acconciatura sposa 2024"},{"@type":"WebPage","@id":"https:\/\/www.showgroup.it\/blog\/2024\/06\/05\/novita-e-tendenze-per-lacconciatura-da-sposa-nel-2024\/#webpage","url":"https:\/\/www.showgroup.it\/blog\/2024\/06\/05\/novita-e-tendenze-per-lacconciatura-da-sposa-nel-2024\/","name":"Novit\u00e0 e tendenze per l'acconciatura da sposa nel 2024","isPartOf":{"@id":"https:\/\/www.showgroup.it\/#website"},"primaryImageOfPage":{"@id":"https:\/\/www.showgroup.it\/blog\/2024\/06\/05\/novita-e-tendenze-per-lacconciatura-da-sposa-nel-2024\/#primaryimage"},"datePublished":"2024-06-05T07:00:06+00:00","dateModified":"2025-05-28T12:15:51+00:00","description":"Quali sono le ultimissime novit\u00e0 e tendenze per l'acconciatura sposa 2024? Ecco tutto quello che c'\u00e8 da sapere. Scopriamolo insieme.","breadcrumb":{"@id":"https:\/\/www.showgroup.it\/blog\/2024\/06\/05\/novita-e-tendenze-per-lacconciatura-da-sposa-nel-2024\/#breadcrumb"},"inLanguage":"it-IT","potentialAction":[{"@type":"ReadAction","target":["https:\/\/www.showgroup.it\/blog\/2024\/06\/05\/novita-e-tendenze-per-lacconciatura-da-sposa-nel-2024\/"]}]},{"@type":"BreadcrumbList","@id":"https:\/\/www.showgroup.it\/blog\/2024\/06\/05\/novita-e-tendenze-per-lacconciatura-da-sposa-nel-2024\/#breadcrumb","itemListElement":[{"@type":"ListItem","position":1,"name":"Home","item":"https:\/\/www.showgroup.it\/blog\/"},{"@type":"ListItem","position":2,"name":"Novit\u00e0 e tendenze per l&#8217;acconciatura da sposa nel 2024"}]},{"@type":"Article","@id":"https:\/\/www.showgroup.it\/blog\/2024\/06\/05\/novita-e-tendenze-per-lacconciatura-da-sposa-nel-2024\/#article","isPartOf":{"@id":"https:\/\/www.showgroup.it\/blog\/2024\/06\/05\/novita-e-tendenze-per-lacconciatura-da-sposa-nel-2024\/#webpage"},"author":{"@id":"https:\/\/www.showgroup.it\/#\/schema\/person\/252e1ad25081c56a3ff187633f302c25"},"headline":"Novit\u00e0 e tendenze per l&#8217;acconciatura da sposa nel 2024","datePublished":"2024-06-05T07:00:06+00:00","dateModified":"2025-05-28T12:15:51+00:00","mainEntityOfPage":{"@id":"https:\/\/www.showgroup.it\/blog\/2024\/06\/05\/novita-e-tendenze-per-lacconciatura-da-sposa-nel-2024\/#webpage"},"wordCount":546,"publisher":{"@id":"https:\/\/www.showgroup.it\/#organization"},"image":{"@id":"https:\/\/www.showgroup.it\/blog\/2024\/06\/05\/novita-e-tendenze-per-lacconciatura-da-sposa-nel-2024\/#primaryimage"},"thumbnailUrl":"https:\/\/www.showgroup.it\/blog\/wp-content\/uploads\/2024\/06\/Progetto-senza-titolo-2024-06-04T145229.324.jpg","articleSection":["Bellezza e immagine"],"inLanguage":"it-IT"},{"@type":"Person","@id":"https:\/\/www.showgroup.it\/#\/schema\/person\/252e1ad25081c56a3ff187633f302c25","name":"Carmela Maggio","image":{"@type":"ImageObject","@id":"https:\/\/www.showgroup.it\/#personlogo","inLanguage":"it-IT","url":"https:\/\/secure.gravatar.com\/avatar\/01bac989823ecd70b416447860420192?s=96&d=mm&r=g","contentUrl":"https:\/\/secure.gravatar.com\/avatar\/01bac989823ecd70b416447860420192?s=96&d=mm&r=g","caption":"Carmela Maggio"}}]}},"_links":{"self":[{"href":"https:\/\/www.showgroup.it\/blog\/wp-json\/wp\/v2\/posts\/93027"}],"collection":[{"href":"https:\/\/www.showgroup.it\/blog\/wp-json\/wp\/v2\/posts"}],"about":[{"href":"https:\/\/www.showgroup.it\/blog\/wp-json\/wp\/v2\/types\/post"}],"author":[{"embeddable":true,"href":"https:\/\/www.showgroup.it\/blog\/wp-json\/wp\/v2\/users\/1003"}],"replies":[{"embeddable":true,"href":"https:\/\/www.showgroup.it\/blog\/wp-json\/wp\/v2\/comments?post=93027"}],"version-history":[{"count":1,"href":"https:\/\/www.showgroup.it\/blog\/wp-json\/wp\/v2\/posts\/93027\/revisions"}],"predecessor-version":[{"id":98700,"href":"https:\/\/www.showgroup.it\/blog\/wp-json\/wp\/v2\/posts\/93027\/revisions\/98700"}],"wp:featuredmedia":[{"embeddable":true,"href":"https:\/\/www.showgroup.it\/blog\/wp-json\/wp\/v2\/media\/93045"}],"wp:attachment":[{"href":"https:\/\/www.showgroup.it\/blog\/wp-json\/wp\/v2\/media?parent=93027"}],"wp:term":[{"taxonomy":"category","embeddable":true,"href":"https:\/\/www.showgroup.it\/blog\/wp-json\/wp\/v2\/categories?post=93027"},{"taxonomy":"post_tag","embeddable":true,"href":"https:\/\/www.showgroup.it\/blog\/wp-json\/wp\/v2\/tags?post=93027"}],"curies":[{"name":"wp","href":"https:\/\/api.w.org\/{rel}","templated":true}]}}