{"id":93628,"date":"2024-07-08T17:47:58","date_gmt":"2024-07-08T15:47:58","guid":{"rendered":"https:\/\/www.showgroup.it\/?p=93628"},"modified":"2025-05-28T12:45:30","modified_gmt":"2025-05-28T10:45:30","slug":"cantante-perfetto-per-il-tuo-evento-come-scegliere-il-professionista-giusto","status":"publish","type":"post","link":"https:\/\/www.showgroup.it\/blog\/2024\/07\/08\/cantante-perfetto-per-il-tuo-evento-come-scegliere-il-professionista-giusto\/","title":{"rendered":"Cantante perfetto per il tuo evento: come scegliere il professionista giusto"},"content":{"rendered":"<p><strong>Sei in cerca del cantante perfetto per il tuo evento?<\/strong> Che sia un matrimonio, una festa di compleanno, un evento aziendale o qualsiasi altra occasione speciale, trovare il giusto intrattenitore musicale pu\u00f2 fare la differenza.<\/p>\n<p>In questo articolo trovi tutti i consigli per scegliere il cantante perfetto per eventi, sfruttando al meglio le risorse di <a href=\"https:\/\/www.showgroup.it\"><strong>Showgroup<\/strong><\/a>, la piattaforma per trovare professionisti degli eventi!<\/p>\n<h2><a href=\"https:\/\/www.showgroup.it\">Definisci lo stile del tuo evento<\/a><\/h2>\n<p><strong>Prima di iniziare la tua ricerca, \u00e8 fondamentale avere ben chiaro lo stile del tuo evento.<\/strong><\/p>\n<p><strong>Che atmosfera vuoi creare? Romantica, elegante, festosa o rilassata?<\/strong><\/p>\n<p>Questo ti aiuter\u00e0 a restringere il campo dei cantanti per eventi che meglio si adattano al mood desiderato.<\/p>\n<p>Su <a href=\"https:\/\/www.showgroup.it\"><strong>Showgroup<\/strong><\/a> puoi filtrare i cantanti per il tuo evento per genere musicale e stile, facilitando la ricerca del match perfetto.<\/p>\n<h2><a href=\"https:\/\/www.showgroup.it\">Ascolta le demo e guarda i video<\/a><\/h2>\n<p><strong>Non scegliere alla cieca!<\/strong><\/p>\n<p><strong>Su <a href=\"https:\/\/www.showgroup.it\">Showgroup<\/a>, ogni cantante ha un profilo completo di demo audio e video delle loro performance.<\/strong><\/p>\n<p>Prenditi il tempo di ascoltare e guardare diversi artisti. Questo non solo ti dar\u00e0 un\u2019idea della loro voce e presenza scenica, ma ti aiuter\u00e0 anche a immaginare come potrebbero interagire con il tuo pubblico. Ricorda, le demo sono un&#8217;ottima anteprima delle loro capacit\u00e0.<\/p>\n<h2><a href=\"https:\/\/www.showgroup.it\">Leggi le recensioni<\/a><\/h2>\n<p><strong>Le recensioni dei clienti precedenti sono una risorsa preziosa.<\/strong><\/p>\n<p>Su <a href=\"https:\/\/www.showgroup.it\"><strong>Showgroup<\/strong><\/a> puoi leggere feedback e recensioni dettagliate sui cantanti per eventi che ti interessano. Le esperienze degli altri possono darti informazioni sulla professionalit\u00e0, puntualit\u00e0 e capacit\u00e0 di interazione dell\u2019artista.<\/p>\n<p><strong>Un cantante con ottime recensioni \u00e8 spesso una scelta sicura e affidabile.<\/strong><\/p>\n<h2><a href=\"https:\/\/www.showgroup.it\">Fai domande specifiche<\/a><\/h2>\n<p>Dopo aver ristretto la tua scelta a pochi candidati, \u00e8 il momento di contattarli e fare domande specifiche:<\/p>\n<ul>\n<li><strong>Disponibilit\u00e0<\/strong>: \u00c8 disponibile nella data del tuo evento?<\/li>\n<li><strong>Repertorio<\/strong>: Pu\u00f2 eseguire i brani che desideri?<\/li>\n<li><strong>Attrezzatura<\/strong>: Porta la propria attrezzatura o devi fornire qualcosa?<\/li>\n<li><strong>Esperienza<\/strong>: Ha esperienza con eventi simili al tuo?<\/li>\n<\/ul>\n<p>Ssu <strong>Showgroup<\/strong> comunichi con i cantanti direttamente con gli artisti senza intermediazioni, e chiarisci ogni dubbio sul tuo evento.<\/p>\n<p><strong>La comunicazione diretta ti aiuter\u00e0 a sentirti pi\u00f9 sicuro nella tua scelta del cantante per il tuo evento!<\/strong><\/p>\n<h2><a href=\"https:\/\/www.showgroup.it\">Considera il budget<\/a><\/h2>\n<p><strong>Stabilisci quanto sei disposto a spendere!<\/strong><\/p>\n<p>Su <strong>Showgroup<\/strong> puoi trovare cantanti per eventi per ogni fascia di prezzo, con dettagli trasparenti sui costi e<strong> puoi chiedere preventivi gratuiti!<\/strong><\/p>\n<p>Ticorda che la qualit\u00e0 dell&#8217;intrattenimento musicale pu\u00f2 influire significativamente sul successo del tuo evento.<strong> Investire in un buon cantante pu\u00f2 trasformare un evento ordinario in uno straordinario.<\/strong><\/p>\n<h2><a href=\"https:\/\/www.showgroup.it\">Showgroup: Un vantaggio per professionisti e per te<\/a><\/h2>\n<p><strong>Se sei un cantante alla ricerca di maggiore visibilit\u00e0 e nuove opportunit\u00e0 di ingaggio, Showgroup \u00e8 la piattaforma ideale anche per te!<\/strong><\/p>\n<p><strong>Puoi creare il tuo profilo <a href=\"https:\/\/www.showgroup.it\/professionisti\/registrazione\">QUI<\/a>,<\/strong> caricare demo, raccogliere recensioni e connetterti con potenziali clienti. La piattaforma \u00e8 perfetta per fare networking e mostrare il tuo talento al mondo.<\/p>\n<p><strong>Se sei in cerca di un professionista nel mondo degli eventi, abbiamo oltre 40.000 professionisti per te!<\/strong><\/p>\n<p><strong>Ti basta iscriverti <a href=\"https:\/\/www.showgroup.it\/privati\/registrazione\">QUI<\/a> e dare un&#8217;occhiata senza impegno, trovare nuove idee per i tuoi eventi e chiedere preventivi gratuiti.<\/strong><\/p>\n<p>Siamo sicuri che troverai anche il professionista di cui non sapevi di aver bisogno!<\/p>\n<h2><a href=\"https:\/\/www.showgroup.it\/privati\/registrazione\">I professionisti di oggi consigliati da Showgroup<\/a><\/h2>\n<h3><a href=\"https:\/\/www.showgroup.it\/vetrina\/cantanti\/roccuzzo_c40353\">1. Roccuzzo &#8211; Varese &#8211; disponibile in tutta Italia<\/a><\/h3>\n<div class=\"content\">\n<div class=\"my-3\">\n<div class=\"business-static-text show\"><strong><a href=\"https:\/\/www.showgroup.it\/vetrina\/cantanti\/roccuzzo_c40353\"><img loading=\"lazy\" class=\"alignnone wp-image-93629 size-full\" src=\"https:\/\/www.showgroup.it\/blog\/wp-content\/uploads\/2024\/07\/1.jpg\" alt=\"\" width=\"1920\" height=\"1080\" srcset=\"https:\/\/www.showgroup.it\/blog\/wp-content\/uploads\/2024\/07\/1.jpg 1920w, https:\/\/www.showgroup.it\/blog\/wp-content\/uploads\/2024\/07\/1-300x169.jpg 300w, https:\/\/www.showgroup.it\/blog\/wp-content\/uploads\/2024\/07\/1-1024x576.jpg 1024w, https:\/\/www.showgroup.it\/blog\/wp-content\/uploads\/2024\/07\/1-768x432.jpg 768w, https:\/\/www.showgroup.it\/blog\/wp-content\/uploads\/2024\/07\/1-1536x864.jpg 1536w\" sizes=\"(max-width: 1920px) 100vw, 1920px\" \/><\/a>Giuseppe Roccuzzo, meglio conosciuto semplicemente come Roccuzzo, \u00e8 nato in provincia di Ragusa 24 anni fa.<\/strong><\/div>\n<div class=\"business-static-text show\">Il giovane \u00e8 legatissimo alla sua famiglia e ha dichiarato, durante le audizioni di X Factor 2020, di aver scelto il nome Roccuzzo per dimostrare al nonno che poteva sfondare nel mondo della musica.<\/div>\n<div><\/div>\n<\/div>\n<div><strong>Vuoi che Roccuzzo renda il tuo evento indimenticabile? Contattalo <a href=\"https:\/\/www.showgroup.it\/vetrina\/cantanti\/roccuzzo_c40353\">QUI<\/a> e assicurati una performance da sogno!<\/strong><\/div>\n<h3><a href=\"https:\/\/www.showgroup.it\/vetrina\/cantanti\/paolo-menichini_c40420\">2. Paolo Menichini &#8211; Vermezzo con Zelo &#8211; disponibile fino a 100km<\/a><\/h3>\n<p><strong><a href=\"https:\/\/www.showgroup.it\/vetrina\/cantanti\/paolo-menichini_c40420\"><img loading=\"lazy\" class=\"alignnone wp-image-93630 size-full\" src=\"https:\/\/www.showgroup.it\/blog\/wp-content\/uploads\/2024\/07\/2.jpg\" alt=\"\" width=\"1920\" height=\"1080\" srcset=\"https:\/\/www.showgroup.it\/blog\/wp-content\/uploads\/2024\/07\/2.jpg 1920w, https:\/\/www.showgroup.it\/blog\/wp-content\/uploads\/2024\/07\/2-300x169.jpg 300w, https:\/\/www.showgroup.it\/blog\/wp-content\/uploads\/2024\/07\/2-1024x576.jpg 1024w, https:\/\/www.showgroup.it\/blog\/wp-content\/uploads\/2024\/07\/2-768x432.jpg 768w, https:\/\/www.showgroup.it\/blog\/wp-content\/uploads\/2024\/07\/2-1536x864.jpg 1536w\" sizes=\"(max-width: 1920px) 100vw, 1920px\" \/><\/a>Paolo incanta con la sua voce e la chitarra acustica,<\/strong> eseguendo con passione la melodia classica italiana e le canzoni dialettali milanesi. La sua capacit\u00e0 di collaborare con altri musicisti rende ogni performance unica e memorabile.<\/p>\n<h4>Vuoi aggiungere un tocco speciale al tuo evento? <strong>Contatta Paolo<\/strong> <a href=\"https:\/\/www.showgroup.it\/vetrina\/cantanti\/paolo-menichini_c40420\">QUI<\/a> e lasciati trasportare dalla magia della sua musica!<\/h4>\n<h3><a href=\"https:\/\/www.showgroup.it\/vetrina\/cantanti\/martina_c40853\">3. Martina &#8211; Pisa &#8211; disponibile in tutta Italia<\/a><\/h3>\n<p><strong><a href=\"https:\/\/www.showgroup.it\/vetrina\/cantanti\/martina_c40853\"><img loading=\"lazy\" class=\"alignnone wp-image-93631 size-full\" src=\"https:\/\/www.showgroup.it\/blog\/wp-content\/uploads\/2024\/07\/3.jpg\" alt=\"cantante per evento\" width=\"1920\" height=\"1080\" srcset=\"https:\/\/www.showgroup.it\/blog\/wp-content\/uploads\/2024\/07\/3.jpg 1920w, https:\/\/www.showgroup.it\/blog\/wp-content\/uploads\/2024\/07\/3-300x169.jpg 300w, https:\/\/www.showgroup.it\/blog\/wp-content\/uploads\/2024\/07\/3-1024x576.jpg 1024w, https:\/\/www.showgroup.it\/blog\/wp-content\/uploads\/2024\/07\/3-768x432.jpg 768w, https:\/\/www.showgroup.it\/blog\/wp-content\/uploads\/2024\/07\/3-1536x864.jpg 1536w\" sizes=\"(max-width: 1920px) 100vw, 1920px\" \/><\/a>Martina Niccolai, conosciuta come Martina, \u00e8 una talentuosa cantante solista nata a Pisa il 2 agosto 1996.<\/strong><\/p>\n<p>Con uno stile musicale che spazia tra pop, funk e R&amp;B, Martina \u00e8 la scelta perfetta per eventi musicali pubblici e privati. Che si esibisca da sola o con una band\/trio acustico, la sua voce sapr\u00e0 conquistare ogni tipo di pubblico.<\/p>\n<h4><strong>Contatta Martina <a href=\"https:\/\/www.showgroup.it\/vetrina\/cantanti\/martina_c40853\">QUI<\/a><\/strong> e vivi un\u2019esperienza musicale unica!<\/h4>\n<h3><a href=\"https:\/\/www.showgroup.it\/vetrina\/cantanti\/giusepps_c40478\">4. Giusepps &#8211; Riccione &#8211; disponibile in tutta Italia<\/a><\/h3>\n<p><strong><a href=\"https:\/\/www.showgroup.it\/vetrina\/cantanti\/giusepps_c40478\"><img loading=\"lazy\" class=\"alignnone wp-image-93632 size-full\" src=\"https:\/\/www.showgroup.it\/blog\/wp-content\/uploads\/2024\/07\/4.jpg\" alt=\"cantante per evento\" width=\"1920\" height=\"1080\" srcset=\"https:\/\/www.showgroup.it\/blog\/wp-content\/uploads\/2024\/07\/4.jpg 1920w, https:\/\/www.showgroup.it\/blog\/wp-content\/uploads\/2024\/07\/4-300x169.jpg 300w, https:\/\/www.showgroup.it\/blog\/wp-content\/uploads\/2024\/07\/4-1024x576.jpg 1024w, https:\/\/www.showgroup.it\/blog\/wp-content\/uploads\/2024\/07\/4-768x432.jpg 768w, https:\/\/www.showgroup.it\/blog\/wp-content\/uploads\/2024\/07\/4-1536x864.jpg 1536w\" sizes=\"(max-width: 1920px) 100vw, 1920px\" \/><\/a>Giusepps \u00e8 un veterano nel campo degli spettacoli con un&#8217;impressionante esperienza di 35 anni. <\/strong><\/p>\n<p>La sua carriera abbraccia una vasta gamma di discipline artistiche, tra Radio e Televisione e Show nelle piazze. Giusepps si \u00e8 distinto anche come organizzatore di eventi, portando avanti progetti innovativi che hanno catturato l&#8217;attenzione del pubblico e della critica.<\/p>\n<p><strong>Contattalo <a href=\"https:\/\/www.showgroup.it\/vetrina\/cantanti\/giusepps_c40478\">QUI<\/a> per un preventivo gratuito!<\/strong><\/p>\n<h3><a href=\"https:\/\/www.showgroup.it\/vetrina\/cantanti\/gianni-pera_c41505\">5. Gianni Pera &#8211; Roma &#8211; disponibile fino a 50km<\/a><\/h3>\n<div class=\"content\">\n<div class=\"my-3\">\n<div class=\"business-static-text show\"><strong><a href=\"https:\/\/www.showgroup.it\/vetrina\/cantanti\/gianni-pera_c41505\"><img loading=\"lazy\" class=\"alignnone wp-image-93633 size-full\" src=\"https:\/\/www.showgroup.it\/blog\/wp-content\/uploads\/2024\/07\/5.jpg\" alt=\"\" width=\"1920\" height=\"1080\" srcset=\"https:\/\/www.showgroup.it\/blog\/wp-content\/uploads\/2024\/07\/5.jpg 1920w, https:\/\/www.showgroup.it\/blog\/wp-content\/uploads\/2024\/07\/5-300x169.jpg 300w, https:\/\/www.showgroup.it\/blog\/wp-content\/uploads\/2024\/07\/5-1024x576.jpg 1024w, https:\/\/www.showgroup.it\/blog\/wp-content\/uploads\/2024\/07\/5-768x432.jpg 768w, https:\/\/www.showgroup.it\/blog\/wp-content\/uploads\/2024\/07\/5-1536x864.jpg 1536w\" sizes=\"(max-width: 1920px) 100vw, 1920px\" \/><\/a>Cantante Professionista con vocalit\u00e0 versatile.<\/strong><\/div>\n<div><\/div>\n<div class=\"business-static-text show\">Semifinalista The Voice Senior 2020 &#8211; Ospite Serata Duetti Sanremo 2021 &#8211; E Viva il VideoBox 2022. Eventi e Manifestazioni Teatrali.<\/div>\n<\/div>\n<\/div>\n<\/div>\n<div><\/div>\n<div><strong>Insomma Giovanni ha esperienza da vendere! Contattalo <a href=\"https:\/\/www.showgroup.it\/vetrina\/cantanti\/gianni-pera_c41505\">QUI<\/a>!<\/strong><\/div>\n<h3><a href=\"https:\/\/www.showgroup.it\/vetrina\/cantanti\/sara-loreni_c42184\">6. Sara Loreni &#8211; Parma &#8211; disponibile in tutta Italia<\/a><\/h3>\n<p><strong><a href=\"https:\/\/www.showgroup.it\/vetrina\/cantanti\/sara-loreni_c42184\"><img loading=\"lazy\" class=\"alignnone wp-image-93634 size-full\" src=\"https:\/\/www.showgroup.it\/blog\/wp-content\/uploads\/2024\/07\/6.jpg\" alt=\"cantante per evento\" width=\"1920\" height=\"1080\" srcset=\"https:\/\/www.showgroup.it\/blog\/wp-content\/uploads\/2024\/07\/6.jpg 1920w, https:\/\/www.showgroup.it\/blog\/wp-content\/uploads\/2024\/07\/6-300x169.jpg 300w, https:\/\/www.showgroup.it\/blog\/wp-content\/uploads\/2024\/07\/6-1024x576.jpg 1024w, https:\/\/www.showgroup.it\/blog\/wp-content\/uploads\/2024\/07\/6-768x432.jpg 768w, https:\/\/www.showgroup.it\/blog\/wp-content\/uploads\/2024\/07\/6-1536x864.jpg 1536w\" sizes=\"(max-width: 1920px) 100vw, 1920px\" \/><\/a>Performer, producer e cantautrice, Sara Loreni vive a Parma.<\/strong><\/p>\n<p>Ha esordito con l\u2019EP \u201cLoop solo\u201d (2012) e ha pubblicato gli album &#8220;Mentha&#8221; (2015), &#8220;Cavalco la tigre&#8221; (2022) e diversi singoli. Ha collaborato con Cristina Don\u00e0 nella realizzazione di \u201cLabirinto\u201d per l\u2019album \u201cTregua 1997- Stelle Buone 2017\u201d. Nel 2010 ha vinto il Premio Ciampi. Nel 2015 ha partecipato a X Factor passando il turno, ma rinunciando alla sedia.<\/p>\n<p><strong>Scopri il suo profilo e contattala per un preventivo gratuito <a href=\"https:\/\/www.showgroup.it\/vetrina\/cantanti\/sara-loreni_c42184\">QUI<\/a>!<\/strong><\/p>\n<h2><a href=\"https:\/\/www.showgroup.it\/vetrina\/cantanti\/zero-incanto-tributo-a-renato-zero-con-la-voce-di-mario-gaggiano_c42349\">7. Mario Gaggiano &#8211; ZeroInCanto &#8211; disponibile in tutta Italia<\/a><\/h2>\n<div class=\"content\">\n<div class=\"my-3\">\n<div class=\"business-static-text show\"><strong><a href=\"https:\/\/www.showgroup.it\/vetrina\/cantanti\/zero-incanto-tributo-a-renato-zero-con-la-voce-di-mario-gaggiano_c42349\"><img loading=\"lazy\" class=\"alignnone wp-image-93635 size-full\" src=\"https:\/\/www.showgroup.it\/blog\/wp-content\/uploads\/2024\/07\/7.jpg\" alt=\"cantante per evento\" width=\"1920\" height=\"1080\" srcset=\"https:\/\/www.showgroup.it\/blog\/wp-content\/uploads\/2024\/07\/7.jpg 1920w, https:\/\/www.showgroup.it\/blog\/wp-content\/uploads\/2024\/07\/7-300x169.jpg 300w, https:\/\/www.showgroup.it\/blog\/wp-content\/uploads\/2024\/07\/7-1024x576.jpg 1024w, https:\/\/www.showgroup.it\/blog\/wp-content\/uploads\/2024\/07\/7-768x432.jpg 768w, https:\/\/www.showgroup.it\/blog\/wp-content\/uploads\/2024\/07\/7-1536x864.jpg 1536w\" sizes=\"(max-width: 1920px) 100vw, 1920px\" \/><\/a>Mario reinterpreta con sua mia voce tutto il repertorio di Renato Zero.<\/strong> Ha partecipato al programma Mediaset Tu si que vales ed all toghether now.<\/div>\n<div><\/div>\n<div class=\"business-static-text show\">Gli piace emozionare ed emozionarsi con le canzoni di Renato da ben 20 anni!<\/div>\n<\/div>\n<div><strong>Contattalo come cantante per il tuo evento <a href=\"https:\/\/www.showgroup.it\/vetrina\/cantanti\/zero-incanto-tributo-a-renato-zero-con-la-voce-di-mario-gaggiano_c42349\">QUI!<\/a><\/strong><\/div>\n<h2><a href=\"https:\/\/www.showgroup.it\">Non hai trovato quello che cercavi?<\/a><\/h2>\n<p><strong>Scegliere il professionista perfetto per il tuo evento non \u00e8 mai stato cos\u00ec semplice grazie a Showgroup!\u00a0<\/strong><\/p>\n<p>Con una vasta gamma di artisti, recensioni dettagliate e strumenti di comunicazione diretta, trovare il professionista perfetto per il tuo evento \u00e8 un gioco da ragazzi.<\/p>\n<p>Che tu sia un organizzatore alla ricerca del talento ideale o un cantante in cerca di nuove opportunit\u00e0, Showgroup \u00e8 il posto giusto per te.<\/p>\n<p><strong>Allora, cosa aspetti? Iscriviti <a href=\"https:\/\/www.showgroup.it\/privati\/registrazione\">QUI<\/a> se stai organizzando un evento oppure <a href=\"https:\/\/www.showgroup.it\/professionisti\/registrazione\">QUI<\/a> se sei un professionista.<\/strong><\/p>\n<\/div>\n","protected":false},"excerpt":{"rendered":"<p>Sei in cerca del cantante perfetto per il tuo evento? Che sia un matrimonio, una festa di compleanno, un evento [&hellip;]<\/p>\n","protected":false},"author":1005,"featured_media":93636,"comment_status":"closed","ping_status":"closed","sticky":false,"template":"","format":"standard","meta":[],"categories":[664],"tags":[],"yoast_head":"<!-- This site is optimized with the Yoast SEO plugin v16.9 - https:\/\/yoast.com\/wordpress\/plugins\/seo\/ -->\n<title>Cantante perfetto per il tuo evento: come scegliere il professionista giusto<\/title>\n<meta name=\"description\" content=\"Sei in cerca del cantante perfetto per il tuo evento? In questo articolo trovi tutti i consigli per fare la scelta giusta!\" \/>\n<meta name=\"robots\" content=\"index, follow, max-snippet:-1, max-image-preview:large, max-video-preview:-1\" \/>\n<link rel=\"canonical\" href=\"https:\/\/www.showgroup.it\/blog\/2024\/07\/08\/cantante-perfetto-per-il-tuo-evento-come-scegliere-il-professionista-giusto\/\" \/>\n<meta property=\"og:locale\" content=\"it_IT\" \/>\n<meta property=\"og:type\" content=\"article\" \/>\n<meta property=\"og:title\" content=\"Cantante perfetto per il tuo evento: come scegliere il professionista giusto\" \/>\n<meta property=\"og:description\" content=\"Sei in cerca del cantante perfetto per il tuo evento? In questo articolo trovi tutti i consigli per fare la scelta giusta!\" \/>\n<meta property=\"og:url\" content=\"https:\/\/www.showgroup.it\/blog\/2024\/07\/08\/cantante-perfetto-per-il-tuo-evento-come-scegliere-il-professionista-giusto\/\" \/>\n<meta property=\"og:site_name\" content=\"Showgroup - Ready to be WOW!\" \/>\n<meta property=\"article:publisher\" content=\"https:\/\/www.facebook.com\/ShowGroupWow\/\" \/>\n<meta property=\"article:published_time\" content=\"2024-07-08T15:47:58+00:00\" \/>\n<meta property=\"article:modified_time\" content=\"2025-05-28T10:45:30+00:00\" \/>\n<meta property=\"og:image\" content=\"https:\/\/www.showgroup.it\/blog\/wp-content\/uploads\/2024\/07\/8.jpg\" \/>\n\t<meta property=\"og:image:width\" content=\"1920\" \/>\n\t<meta property=\"og:image:height\" content=\"1080\" \/>\n<meta name=\"twitter:card\" content=\"summary_large_image\" \/>\n<meta name=\"twitter:label1\" content=\"Scritto da\" \/>\n\t<meta name=\"twitter:data1\" content=\"Federica Arcangeli\" \/>\n\t<meta name=\"twitter:label2\" content=\"Tempo di lettura stimato\" \/>\n\t<meta name=\"twitter:data2\" content=\"7 minuti\" \/>\n<script type=\"application\/ld+json\" class=\"yoast-schema-graph\">{\"@context\":\"https:\/\/schema.org\",\"@graph\":[{\"@type\":\"Organization\",\"@id\":\"https:\/\/www.showgroup.it\/#organization\",\"name\":\"Showgroup\",\"url\":\"https:\/\/www.showgroup.it\/\",\"sameAs\":[\"https:\/\/www.facebook.com\/ShowGroupWow\/\",\"https:\/\/www.instagram.com\/showgroupwow\/\"],\"logo\":{\"@type\":\"ImageObject\",\"@id\":\"https:\/\/www.showgroup.it\/#logo\",\"inLanguage\":\"it-IT\",\"url\":\"https:\/\/www.showgroup.it\/blog\/wp-content\/uploads\/2025\/01\/logo-black.svg\",\"contentUrl\":\"https:\/\/www.showgroup.it\/blog\/wp-content\/uploads\/2025\/01\/logo-black.svg\",\"width\":1440,\"height\":916,\"caption\":\"Showgroup\"},\"image\":{\"@id\":\"https:\/\/www.showgroup.it\/#logo\"}},{\"@type\":\"WebSite\",\"@id\":\"https:\/\/www.showgroup.it\/#website\",\"url\":\"https:\/\/www.showgroup.it\/\",\"name\":\"Showgroup - Ready to be WOW!\",\"description\":\"Il primo portale gratuito dedicato al mondo dello spettacolo.\",\"publisher\":{\"@id\":\"https:\/\/www.showgroup.it\/#organization\"},\"potentialAction\":[{\"@type\":\"SearchAction\",\"target\":{\"@type\":\"EntryPoint\",\"urlTemplate\":\"https:\/\/www.showgroup.it\/?s={search_term_string}\"},\"query-input\":\"required name=search_term_string\"}],\"inLanguage\":\"it-IT\"},{\"@type\":\"ImageObject\",\"@id\":\"https:\/\/www.showgroup.it\/blog\/2024\/07\/08\/cantante-perfetto-per-il-tuo-evento-come-scegliere-il-professionista-giusto\/#primaryimage\",\"inLanguage\":\"it-IT\",\"url\":\"https:\/\/www.showgroup.it\/blog\/wp-content\/uploads\/2024\/07\/8.jpg\",\"contentUrl\":\"https:\/\/www.showgroup.it\/blog\/wp-content\/uploads\/2024\/07\/8.jpg\",\"width\":1920,\"height\":1080},{\"@type\":\"WebPage\",\"@id\":\"https:\/\/www.showgroup.it\/blog\/2024\/07\/08\/cantante-perfetto-per-il-tuo-evento-come-scegliere-il-professionista-giusto\/#webpage\",\"url\":\"https:\/\/www.showgroup.it\/blog\/2024\/07\/08\/cantante-perfetto-per-il-tuo-evento-come-scegliere-il-professionista-giusto\/\",\"name\":\"Cantante perfetto per il tuo evento: come scegliere il professionista giusto\",\"isPartOf\":{\"@id\":\"https:\/\/www.showgroup.it\/#website\"},\"primaryImageOfPage\":{\"@id\":\"https:\/\/www.showgroup.it\/blog\/2024\/07\/08\/cantante-perfetto-per-il-tuo-evento-come-scegliere-il-professionista-giusto\/#primaryimage\"},\"datePublished\":\"2024-07-08T15:47:58+00:00\",\"dateModified\":\"2025-05-28T10:45:30+00:00\",\"description\":\"Sei in cerca del cantante perfetto per il tuo evento? In questo articolo trovi tutti i consigli per fare la scelta giusta!\",\"breadcrumb\":{\"@id\":\"https:\/\/www.showgroup.it\/blog\/2024\/07\/08\/cantante-perfetto-per-il-tuo-evento-come-scegliere-il-professionista-giusto\/#breadcrumb\"},\"inLanguage\":\"it-IT\",\"potentialAction\":[{\"@type\":\"ReadAction\",\"target\":[\"https:\/\/www.showgroup.it\/blog\/2024\/07\/08\/cantante-perfetto-per-il-tuo-evento-come-scegliere-il-professionista-giusto\/\"]}]},{\"@type\":\"BreadcrumbList\",\"@id\":\"https:\/\/www.showgroup.it\/blog\/2024\/07\/08\/cantante-perfetto-per-il-tuo-evento-come-scegliere-il-professionista-giusto\/#breadcrumb\",\"itemListElement\":[{\"@type\":\"ListItem\",\"position\":1,\"name\":\"Home\",\"item\":\"https:\/\/www.showgroup.it\/blog\/\"},{\"@type\":\"ListItem\",\"position\":2,\"name\":\"Cantante perfetto per il tuo evento: come scegliere il professionista giusto\"}]},{\"@type\":\"Article\",\"@id\":\"https:\/\/www.showgroup.it\/blog\/2024\/07\/08\/cantante-perfetto-per-il-tuo-evento-come-scegliere-il-professionista-giusto\/#article\",\"isPartOf\":{\"@id\":\"https:\/\/www.showgroup.it\/blog\/2024\/07\/08\/cantante-perfetto-per-il-tuo-evento-come-scegliere-il-professionista-giusto\/#webpage\"},\"author\":{\"@id\":\"https:\/\/www.showgroup.it\/#\/schema\/person\/763483514afb25912ec4d04ef2e8c3ee\"},\"headline\":\"Cantante perfetto per il tuo evento: come scegliere il professionista giusto\",\"datePublished\":\"2024-07-08T15:47:58+00:00\",\"dateModified\":\"2025-05-28T10:45:30+00:00\",\"mainEntityOfPage\":{\"@id\":\"https:\/\/www.showgroup.it\/blog\/2024\/07\/08\/cantante-perfetto-per-il-tuo-evento-come-scegliere-il-professionista-giusto\/#webpage\"},\"wordCount\":1068,\"publisher\":{\"@id\":\"https:\/\/www.showgroup.it\/#organization\"},\"image\":{\"@id\":\"https:\/\/www.showgroup.it\/blog\/2024\/07\/08\/cantante-perfetto-per-il-tuo-evento-come-scegliere-il-professionista-giusto\/#primaryimage\"},\"thumbnailUrl\":\"https:\/\/www.showgroup.it\/blog\/wp-content\/uploads\/2024\/07\/8.jpg\",\"articleSection\":[\"Spettacolo e musica\"],\"inLanguage\":\"it-IT\"},{\"@type\":\"Person\",\"@id\":\"https:\/\/www.showgroup.it\/#\/schema\/person\/763483514afb25912ec4d04ef2e8c3ee\",\"name\":\"Federica Arcangeli\",\"image\":{\"@type\":\"ImageObject\",\"@id\":\"https:\/\/www.showgroup.it\/#personlogo\",\"inLanguage\":\"it-IT\",\"url\":\"https:\/\/secure.gravatar.com\/avatar\/0ad901789669410a5b20974ed22142ba?s=96&d=mm&r=g\",\"contentUrl\":\"https:\/\/secure.gravatar.com\/avatar\/0ad901789669410a5b20974ed22142ba?s=96&d=mm&r=g\",\"caption\":\"Federica Arcangeli\"}}]}<\/script>\n<!-- \/ Yoast SEO plugin. -->","yoast_head_json":{"title":"Cantante perfetto per il tuo evento: come scegliere il professionista giusto","description":"Sei in cerca del cantante perfetto per il tuo evento? In questo articolo trovi tutti i consigli per fare la scelta giusta!","robots":{"index":"index","follow":"follow","max-snippet":"max-snippet:-1","max-image-preview":"max-image-preview:large","max-video-preview":"max-video-preview:-1"},"canonical":"https:\/\/www.showgroup.it\/blog\/2024\/07\/08\/cantante-perfetto-per-il-tuo-evento-come-scegliere-il-professionista-giusto\/","og_locale":"it_IT","og_type":"article","og_title":"Cantante perfetto per il tuo evento: come scegliere il professionista giusto","og_description":"Sei in cerca del cantante perfetto per il tuo evento? In questo articolo trovi tutti i consigli per fare la scelta giusta!","og_url":"https:\/\/www.showgroup.it\/blog\/2024\/07\/08\/cantante-perfetto-per-il-tuo-evento-come-scegliere-il-professionista-giusto\/","og_site_name":"Showgroup - Ready to be WOW!","article_publisher":"https:\/\/www.facebook.com\/ShowGroupWow\/","article_published_time":"2024-07-08T15:47:58+00:00","article_modified_time":"2025-05-28T10:45:30+00:00","og_image":[{"width":1920,"height":1080,"filesize":97815,"url":"https:\/\/www.showgroup.it\/blog\/wp-content\/uploads\/2024\/07\/8.jpg","path":"\/sites\/www.showgroup.it\/files\/blog\/wp-content\/uploads\/2024\/07\/8.jpg","size":"full","id":93636,"alt":"","pixels":2073600,"type":"image\/jpeg"}],"twitter_card":"summary_large_image","twitter_misc":{"Scritto da":"Federica Arcangeli","Tempo di lettura stimato":"7 minuti"},"schema":{"@context":"https:\/\/schema.org","@graph":[{"@type":"Organization","@id":"https:\/\/www.showgroup.it\/#organization","name":"Showgroup","url":"https:\/\/www.showgroup.it\/","sameAs":["https:\/\/www.facebook.com\/ShowGroupWow\/","https:\/\/www.instagram.com\/showgroupwow\/"],"logo":{"@type":"ImageObject","@id":"https:\/\/www.showgroup.it\/#logo","inLanguage":"it-IT","url":"https:\/\/www.showgroup.it\/blog\/wp-content\/uploads\/2025\/01\/logo-black.svg","contentUrl":"https:\/\/www.showgroup.it\/blog\/wp-content\/uploads\/2025\/01\/logo-black.svg","width":1440,"height":916,"caption":"Showgroup"},"image":{"@id":"https:\/\/www.showgroup.it\/#logo"}},{"@type":"WebSite","@id":"https:\/\/www.showgroup.it\/#website","url":"https:\/\/www.showgroup.it\/","name":"Showgroup - Ready to be WOW!","description":"Il primo portale gratuito dedicato al mondo dello spettacolo.","publisher":{"@id":"https:\/\/www.showgroup.it\/#organization"},"potentialAction":[{"@type":"SearchAction","target":{"@type":"EntryPoint","urlTemplate":"https:\/\/www.showgroup.it\/?s={search_term_string}"},"query-input":"required name=search_term_string"}],"inLanguage":"it-IT"},{"@type":"ImageObject","@id":"https:\/\/www.showgroup.it\/blog\/2024\/07\/08\/cantante-perfetto-per-il-tuo-evento-come-scegliere-il-professionista-giusto\/#primaryimage","inLanguage":"it-IT","url":"https:\/\/www.showgroup.it\/blog\/wp-content\/uploads\/2024\/07\/8.jpg","contentUrl":"https:\/\/www.showgroup.it\/blog\/wp-content\/uploads\/2024\/07\/8.jpg","width":1920,"height":1080},{"@type":"WebPage","@id":"https:\/\/www.showgroup.it\/blog\/2024\/07\/08\/cantante-perfetto-per-il-tuo-evento-come-scegliere-il-professionista-giusto\/#webpage","url":"https:\/\/www.showgroup.it\/blog\/2024\/07\/08\/cantante-perfetto-per-il-tuo-evento-come-scegliere-il-professionista-giusto\/","name":"Cantante perfetto per il tuo evento: come scegliere il professionista giusto","isPartOf":{"@id":"https:\/\/www.showgroup.it\/#website"},"primaryImageOfPage":{"@id":"https:\/\/www.showgroup.it\/blog\/2024\/07\/08\/cantante-perfetto-per-il-tuo-evento-come-scegliere-il-professionista-giusto\/#primaryimage"},"datePublished":"2024-07-08T15:47:58+00:00","dateModified":"2025-05-28T10:45:30+00:00","description":"Sei in cerca del cantante perfetto per il tuo evento? In questo articolo trovi tutti i consigli per fare la scelta giusta!","breadcrumb":{"@id":"https:\/\/www.showgroup.it\/blog\/2024\/07\/08\/cantante-perfetto-per-il-tuo-evento-come-scegliere-il-professionista-giusto\/#breadcrumb"},"inLanguage":"it-IT","potentialAction":[{"@type":"ReadAction","target":["https:\/\/www.showgroup.it\/blog\/2024\/07\/08\/cantante-perfetto-per-il-tuo-evento-come-scegliere-il-professionista-giusto\/"]}]},{"@type":"BreadcrumbList","@id":"https:\/\/www.showgroup.it\/blog\/2024\/07\/08\/cantante-perfetto-per-il-tuo-evento-come-scegliere-il-professionista-giusto\/#breadcrumb","itemListElement":[{"@type":"ListItem","position":1,"name":"Home","item":"https:\/\/www.showgroup.it\/blog\/"},{"@type":"ListItem","position":2,"name":"Cantante perfetto per il tuo evento: come scegliere il professionista giusto"}]},{"@type":"Article","@id":"https:\/\/www.showgroup.it\/blog\/2024\/07\/08\/cantante-perfetto-per-il-tuo-evento-come-scegliere-il-professionista-giusto\/#article","isPartOf":{"@id":"https:\/\/www.showgroup.it\/blog\/2024\/07\/08\/cantante-perfetto-per-il-tuo-evento-come-scegliere-il-professionista-giusto\/#webpage"},"author":{"@id":"https:\/\/www.showgroup.it\/#\/schema\/person\/763483514afb25912ec4d04ef2e8c3ee"},"headline":"Cantante perfetto per il tuo evento: come scegliere il professionista giusto","datePublished":"2024-07-08T15:47:58+00:00","dateModified":"2025-05-28T10:45:30+00:00","mainEntityOfPage":{"@id":"https:\/\/www.showgroup.it\/blog\/2024\/07\/08\/cantante-perfetto-per-il-tuo-evento-come-scegliere-il-professionista-giusto\/#webpage"},"wordCount":1068,"publisher":{"@id":"https:\/\/www.showgroup.it\/#organization"},"image":{"@id":"https:\/\/www.showgroup.it\/blog\/2024\/07\/08\/cantante-perfetto-per-il-tuo-evento-come-scegliere-il-professionista-giusto\/#primaryimage"},"thumbnailUrl":"https:\/\/www.showgroup.it\/blog\/wp-content\/uploads\/2024\/07\/8.jpg","articleSection":["Spettacolo e musica"],"inLanguage":"it-IT"},{"@type":"Person","@id":"https:\/\/www.showgroup.it\/#\/schema\/person\/763483514afb25912ec4d04ef2e8c3ee","name":"Federica Arcangeli","image":{"@type":"ImageObject","@id":"https:\/\/www.showgroup.it\/#personlogo","inLanguage":"it-IT","url":"https:\/\/secure.gravatar.com\/avatar\/0ad901789669410a5b20974ed22142ba?s=96&d=mm&r=g","contentUrl":"https:\/\/secure.gravatar.com\/avatar\/0ad901789669410a5b20974ed22142ba?s=96&d=mm&r=g","caption":"Federica Arcangeli"}}]}},"_links":{"self":[{"href":"https:\/\/www.showgroup.it\/blog\/wp-json\/wp\/v2\/posts\/93628"}],"collection":[{"href":"https:\/\/www.showgroup.it\/blog\/wp-json\/wp\/v2\/posts"}],"about":[{"href":"https:\/\/www.showgroup.it\/blog\/wp-json\/wp\/v2\/types\/post"}],"author":[{"embeddable":true,"href":"https:\/\/www.showgroup.it\/blog\/wp-json\/wp\/v2\/users\/1005"}],"replies":[{"embeddable":true,"href":"https:\/\/www.showgroup.it\/blog\/wp-json\/wp\/v2\/comments?post=93628"}],"version-history":[{"count":1,"href":"https:\/\/www.showgroup.it\/blog\/wp-json\/wp\/v2\/posts\/93628\/revisions"}],"predecessor-version":[{"id":98656,"href":"https:\/\/www.showgroup.it\/blog\/wp-json\/wp\/v2\/posts\/93628\/revisions\/98656"}],"wp:featuredmedia":[{"embeddable":true,"href":"https:\/\/www.showgroup.it\/blog\/wp-json\/wp\/v2\/media\/93636"}],"wp:attachment":[{"href":"https:\/\/www.showgroup.it\/blog\/wp-json\/wp\/v2\/media?parent=93628"}],"wp:term":[{"taxonomy":"category","embeddable":true,"href":"https:\/\/www.showgroup.it\/blog\/wp-json\/wp\/v2\/categories?post=93628"},{"taxonomy":"post_tag","embeddable":true,"href":"https:\/\/www.showgroup.it\/blog\/wp-json\/wp\/v2\/tags?post=93628"}],"curies":[{"name":"wp","href":"https:\/\/api.w.org\/{rel}","templated":true}]}}