{"id":94566,"date":"2024-08-30T17:30:33","date_gmt":"2024-08-30T15:30:33","guid":{"rendered":"https:\/\/www.showgroup.it\/?p=94566"},"modified":"2025-05-26T13:38:01","modified_gmt":"2025-05-26T11:38:01","slug":"tutte-le-idee-per-la-festa-di-laurea-invernale-a-tema-natalizio","status":"publish","type":"post","link":"https:\/\/www.showgroup.it\/blog\/2024\/08\/30\/tutte-le-idee-per-la-festa-di-laurea-invernale-a-tema-natalizio\/","title":{"rendered":"Tutte le idee per la festa di laurea invernale a tema natalizio"},"content":{"rendered":"<p class=\"p1\"><strong>\u00c8 arrivata la tua laurea finalmente! La sessione estiva finalmente finita e ora \u00e8 tempo di organizzare la festa di laurea invernale?<\/strong><\/p>\n<p>Se hai terminato i tuoi studi e ti stai preparando per la tua laurea in un periodo caratterizzato da luci scintillanti e atmosfere calde, ecco come organizzare una festa di laurea invernale fantastica.<\/p>\n<p><strong>Aggiungi un tocco di magia delle feste alla tua laurea! Ecco tutte le idee che abbiamo pensate per te.\u00a0<\/strong><\/p>\n<h2><a href=\"https:\/\/www.showgroup.it\"><strong>Festa di laurea invernale: un tema accogliente e festoso<\/strong><\/a><\/h2>\n<p><strong>L\u2019inverno \u00e8 il periodo perfetto per abbracciare un tema che combini la magia delle feste con il calore di una celebrazione intima.<\/strong><\/p>\n<p>Pensa a una &#8220;winter wonderland&#8221; con decorazioni scintillanti, fiocchi di neve finti, luci soffuse e candele profumate.<\/p>\n<p>Se la tua festa si svolge vicino al Natale, puoi aggiungere elementi tradizionali come ghirlande, nastri rossi e dorati, e magari un piccolo albero di Natale decorato con dettagli che richiamano la tua laurea.<\/p>\n<p><strong>Consiglio Showgroup:<\/strong> Scegli sempre colori che rimandino al Natale ma con una palette specifica, magari la tua! Evita il sovraffollamento di addobbi, scegli piuttosto un tema specifico del Natale, come i bastoncini di zucchero o le palline dell&#8217;albero, e prosegui per quella strada.<\/p>\n<h2><a href=\"https:\/\/www.showgroup.it\"><strong>Cibi e bevande di stagione<\/strong><\/a><\/h2>\n<p><strong>17L\u2019inverno \u00e8 sinonimo di comfort food.<\/strong> \u00a0<strong>Perch\u00e9 non sorprendere i tuoi ospiti con un buffet che includa piatti caldi e tipicamente invernali?<\/strong><\/p>\n<p>Considera un angolo con cioccolata calda, una stazione per il vin brul\u00e9, o un bar con cioccolatini personalizzati.<\/p>\n<p>Piatti come zuppa di zucca, arrosti, e dolci speziati possono contribuire a creare un\u2019esperienza culinaria che scalder\u00e0 il cuore dei tuoi invitati.<\/p>\n<p>Un&#8217;idea vincente potrebbe essere quella di includere un &#8220;hot chocolate bar&#8221; dove gli ospiti possono personalizzare la loro bevanda con marshmallow, panna montata, e scaglie di cioccolato.<\/p>\n<p><strong>Se vuoi rendere il tutto ancora pi\u00f9 speciale, potresti optare per una fonduta di cioccolato o una selezione di dolci natalizi.<\/strong><\/p>\n<p><strong>Consiglio Showgroup:<\/strong> Su Showgroup puoi trovare catering specializzati in piatti invernali e festivi. Confronta le opzioni e scegli quella che meglio si adatta al tema della tua festa di laurea. <strong><a href=\"https:\/\/www.showgroup.it\/vetrine\/catering?_gl=1*1p0vjg0*_up*MQ..*_ga*MTA2MjUzOTQ5Mi4xNzI1MDIwMjUy*_ga_C29RJEHQDH*MTcyNTAyMDI1Mi4xLjAuMTcyNTAyMDI1Mi4wLjAuMzU5NjI5OTk4\">Li trovi tutti QUI!<\/a><\/strong><\/p>\n<h2><a href=\"https:\/\/www.showgroup.it\"><strong>Attivit\u00e0 a tema invernale<\/strong><\/a><\/h2>\n<p><strong>Se il tempo lo permette, porta i tuoi ospiti all\u2019aperto per attivit\u00e0 tipicamente invernali.<\/strong><\/p>\n<p>Se hai la fortuna di avere la neve, un\u2019idea divertente potrebbe essere organizzare una battaglia a palle di neve, oppure una sessione di pattinaggio su ghiaccio.<\/p>\n<p><strong>Se preferisci stare al caldo, potresti optare per una serata di giochi da tavolo vicino al caminetto o un karaoke con canzoni natalizie.<\/strong><\/p>\n<p>Un\u2019altra idea potrebbe essere quella di allestire un angolo fotografico con accessori a tema invernale: cappelli da Babbo Natale, sciarpe colorate, e finte neve. In questo modo, i tuoi ospiti potranno portare a casa un ricordo speciale della serata.<\/p>\n<p><strong>Consiglio Showgroup:<\/strong> Organizzare attivit\u00e0 divertenti per gli ospiti \u00e8 facile con Showgroup, che ti permette di contattare professionisti per l\u2019animazione e il noleggio di attrezzature per eventi. <strong><a href=\"https:\/\/www.showgroup.it\">Dai un&#8217;occhiata QUI!<\/a><\/strong><\/p>\n<h2><a href=\"https:\/\/www.showgroup.it\"><strong>Look invernale per la festa di laurea<\/strong><\/a><\/h2>\n<p><strong><a href=\"https:\/\/www.showgroup.it\/\"><img loading=\"lazy\" class=\"alignnone size-full wp-image-94571\" src=\"https:\/\/www.showgroup.it\/blog\/wp-content\/uploads\/2024\/08\/5-19.jpg\" alt=\"\" width=\"1920\" height=\"1080\" srcset=\"https:\/\/www.showgroup.it\/blog\/wp-content\/uploads\/2024\/08\/5-19.jpg 1920w, https:\/\/www.showgroup.it\/blog\/wp-content\/uploads\/2024\/08\/5-19-300x169.jpg 300w, https:\/\/www.showgroup.it\/blog\/wp-content\/uploads\/2024\/08\/5-19-1024x576.jpg 1024w, https:\/\/www.showgroup.it\/blog\/wp-content\/uploads\/2024\/08\/5-19-768x432.jpg 768w, https:\/\/www.showgroup.it\/blog\/wp-content\/uploads\/2024\/08\/5-19-1536x864.jpg 1536w\" sizes=\"(max-width: 1920px) 100vw, 1920px\" \/><\/a>Anche il tuo outfit merita un tocco speciale in questa occasione! Se stai pensando a Elsa, abbiamo anche qualche altra opzione per te.<\/strong><\/p>\n<p>Un abito o un completo che riflette l\u2019eleganza dell\u2019inverno, magari in velluto, seta, o con dettagli metallici, pu\u00f2 farti risplendere durante la tua festa. Considera tonalit\u00e0 come il bordeaux, l\u2019oro, l\u2019argento, o il verde smeraldo per un look che sia perfettamente in tema.<\/p>\n<p>Non dimenticare gli accessori: una stola in pelliccia ecologica, guanti eleganti e gioielli scintillanti possono completare il tuo outfit per la serata.<\/p>\n<p><strong>Se la tua festa \u00e8 all\u2019aperto, non sottovalutare l\u2019importanza di un cappotto elegante che sia sia caldo che alla moda.<\/strong><\/p>\n<p><strong>Consiglio Showgroup:<\/strong> Se non sai cosa indossare, fai riferimento agli addobbi che hai scelto. Se hai scelto di concentrarti sulle palline di Natale ad esempio, il tuo abito potrebbe essere lucente, mentre se ti hai scelto i bastoncini di zucchero potresti optare per un completo bicolore.<\/p>\n<h2><a href=\"https:\/\/www.showgroup.it\"><strong>Intrattenimento e musica<\/strong><\/a><\/h2>\n<p><strong>La colonna sonora della tua festa \u00e8 fondamentale per creare l\u2019atmosfera giusta.<\/strong><\/p>\n<p>Puoi optare per una playlist che alterna classici natalizi a hit contemporanee e musiche Disney, oppure ingaggiare un DJ che sappia mixare musica che piace a te e ai tuoi amici.<\/p>\n<p><strong>Se preferisci qualcosa di pi\u00f9 sofisticato, una band che suona jazz o musica dal vivo pu\u00f2 dare un tocco chic al tuo evento.<\/strong><\/p>\n<p><strong>Consiglio Showgroup:<\/strong> Trova il DJ o la band perfetta per la tua festa su Showgroup. Potrai scegliere tra una vasta gamma di artisti che sapranno adattarsi al tema e al mood della tua celebrazione. <strong><a href=\"https:\/\/www.showgroup.it\/vetrine\/dj?_gl=1*19u9ax1*_up*MQ..*_ga*MTA2MjUzOTQ5Mi4xNzI1MDIwMjUy*_ga_C29RJEHQDH*MTcyNTAyMDI1Mi4xLjAuMTcyNTAyMDI1Ny4wLjAuMzU5NjI5OTk4\">Guarda tutti i nostri DJ QUI!<\/a><\/strong><\/p>\n<h2><a href=\"https:\/\/www.showgroup.it\"><strong>Festa di laurea invernale con stile insieme a Showgroup<\/strong><\/a><\/h2>\n<p><strong>Organizzare una festa di laurea invernale che coincida con le festivit\u00e0 \u00e8 un&#8217;opportunit\u00e0 per creare un evento davvero speciale, che combini la gioia del tuo successo con la magia del periodo natalizio.<\/strong><\/p>\n<p>Con l&#8217;aiuto di Showgroup, puoi trovare tutto ci\u00f2 di cui hai bisogno per trasformare la tua visione in realt\u00e0, dai decoratori agli animatori, fino al catering e alla musica.<\/p>\n<p>Ecco alcuni dei nostri professionisti pensati apposta per te! Con Showgroup puoi contattarli direttamente e chiedere preventivi gratuiti, dopo aver analizzato con cura ogni profilo e portfolio.<\/p>\n<p><strong>Noi ti consigliamo di <a href=\"https:\/\/www.showgroup.it\/privati\/registrazione\">iscriverti gratuitamente QUI<\/a> per non perdere questa occasione!<\/strong><\/p>\n<h3><a href=\"https:\/\/www.showgroup.it\/vetrina\/dimore-storiche\/relais-spa-castello-di-casiglio_c32472?_gl=1*rft4h4*_up*MQ..*_ga*MTA2MjUzOTQ5Mi4xNzI1MDIwMjUy*_ga_C29RJEHQDH*MTcyNTAyMDI1Mi4xLjAuMTcyNTAyMDYwNS4wLjAuMzU5NjI5OTk4\">1. Relais &amp; Spa Castello di Casiglio &#8211; Dimora Storica &#8211; Erba<\/a><\/h3>\n<p><img loading=\"lazy\" class=\"alignnone size-full wp-image-94567\" src=\"https:\/\/www.showgroup.it\/blog\/wp-content\/uploads\/2024\/08\/1-20.jpg\" alt=\"\" width=\"1920\" height=\"1080\" srcset=\"https:\/\/www.showgroup.it\/blog\/wp-content\/uploads\/2024\/08\/1-20.jpg 1920w, https:\/\/www.showgroup.it\/blog\/wp-content\/uploads\/2024\/08\/1-20-300x169.jpg 300w, https:\/\/www.showgroup.it\/blog\/wp-content\/uploads\/2024\/08\/1-20-1024x576.jpg 1024w, https:\/\/www.showgroup.it\/blog\/wp-content\/uploads\/2024\/08\/1-20-768x432.jpg 768w, https:\/\/www.showgroup.it\/blog\/wp-content\/uploads\/2024\/08\/1-20-1536x864.jpg 1536w\" sizes=\"(max-width: 1920px) 100vw, 1920px\" \/>Le mura quattrocentesche del rinnovato Relais &amp; Spa Castello di Casiglio vi accoglieranno in un\u2019atmosfera incantata, che sia per il vostro evento indimenticabile.<\/p>\n<p><strong><a href=\"https:\/\/www.showgroup.it\/vetrina\/dimore-storiche\/relais-spa-castello-di-casiglio_c32472?_gl=1*rft4h4*_up*MQ..*_ga*MTA2MjUzOTQ5Mi4xNzI1MDIwMjUy*_ga_C29RJEHQDH*MTcyNTAyMDI1Mi4xLjAuMTcyNTAyMDYwNS4wLjAuMzU5NjI5OTk4\">Vivi un\u2019esperienza da fiaba al di l\u00e0 del tempo, contattali QUI!<\/a><\/strong><\/p>\n<h3><a href=\"https:\/\/www.showgroup.it\/vetrina\/addobbi-e-allestimenti\/fusion-events_c23439?_gl=1*xqmcjr*_up*MQ..*_ga*MjMzMTgyODIwLjE3MjUwMjA4ODI.*_ga_C29RJEHQDH*MTcyNTAyMDg4MS4xLjAuMTcyNTAyMTE3MC4wLjAuNTYyNTg0NzUw\">2. Fusion Events &#8211; Addobbi e Allestimenti &#8211; Mantova<\/a><\/h3>\n<p><a href=\"https:\/\/www.showgroup.it\/vetrina\/addobbi-e-allestimenti\/fusion-events_c23439?_gl=1*xqmcjr*_up*MQ..*_ga*MjMzMTgyODIwLjE3MjUwMjA4ODI.*_ga_C29RJEHQDH*MTcyNTAyMDg4MS4xLjAuMTcyNTAyMTE3MC4wLjAuNTYyNTg0NzUw\"><img loading=\"lazy\" class=\"alignnone size-full wp-image-94568\" src=\"https:\/\/www.showgroup.it\/blog\/wp-content\/uploads\/2024\/08\/2-20.jpg\" alt=\"\" width=\"1920\" height=\"1080\" srcset=\"https:\/\/www.showgroup.it\/blog\/wp-content\/uploads\/2024\/08\/2-20.jpg 1920w, https:\/\/www.showgroup.it\/blog\/wp-content\/uploads\/2024\/08\/2-20-300x169.jpg 300w, https:\/\/www.showgroup.it\/blog\/wp-content\/uploads\/2024\/08\/2-20-1024x576.jpg 1024w, https:\/\/www.showgroup.it\/blog\/wp-content\/uploads\/2024\/08\/2-20-768x432.jpg 768w, https:\/\/www.showgroup.it\/blog\/wp-content\/uploads\/2024\/08\/2-20-1536x864.jpg 1536w\" sizes=\"(max-width: 1920px) 100vw, 1920px\" \/><\/a>Fusion Events &amp; Cooking \u00e8 una azienda specializzata nel settore degli eventi, wedding , spettacoli e allestimenti per eventi con sede a Mantova.<\/p>\n<p>Progettano, organizzano e realizzano eventi di qualit\u00e0 con elevata creativit\u00e0 ed esperienza professionale, offrendo servizi e consulenze su misura per ogni occasione.<\/p>\n<p><strong><a href=\"https:\/\/www.showgroup.it\/vetrina\/addobbi-e-allestimenti\/fusion-events_c23439?_gl=1*xqmcjr*_up*MQ..*_ga*MjMzMTgyODIwLjE3MjUwMjA4ODI.*_ga_C29RJEHQDH*MTcyNTAyMDg4MS4xLjAuMTcyNTAyMTE3MC4wLjAuNTYyNTg0NzUw\">Contattali QUI per il tuo allestimento natalizio!<\/a><\/strong><\/p>\n<h3><a href=\"https:\/\/www.showgroup.it\/vetrina\/dj\/marco-rizzola_c34002?_gl=1*5dj2ak*_up*MQ..*_ga*MTMzOTQzODk0MS4xNzI1MDIxNDE3*_ga_C29RJEHQDH*MTcyNTAyMTQxNy4xLjAuMTcyNTAyMjk2Mi4wLjAuNjYzNjcwNjU5\">3. Marco Rizzola &#8211; DJ &#8211; disponibile in tutta Italia<\/a><\/h3>\n<div class=\"content\">\n<div class=\"my-3\">\n<div class=\"business-static-text show\"><strong><a href=\"https:\/\/www.showgroup.it\/vetrina\/dj\/marco-rizzola_c34002?_gl=1*5dj2ak*_up*MQ..*_ga*MTMzOTQzODk0MS4xNzI1MDIxNDE3*_ga_C29RJEHQDH*MTcyNTAyMTQxNy4xLjAuMTcyNTAyMjk2Mi4wLjAuNjYzNjcwNjU5\"><img loading=\"lazy\" class=\"alignnone size-full wp-image-94569\" src=\"https:\/\/www.showgroup.it\/blog\/wp-content\/uploads\/2024\/08\/3-20.jpg\" alt=\"\" width=\"1920\" height=\"1080\" srcset=\"https:\/\/www.showgroup.it\/blog\/wp-content\/uploads\/2024\/08\/3-20.jpg 1920w, https:\/\/www.showgroup.it\/blog\/wp-content\/uploads\/2024\/08\/3-20-300x169.jpg 300w, https:\/\/www.showgroup.it\/blog\/wp-content\/uploads\/2024\/08\/3-20-1024x576.jpg 1024w, https:\/\/www.showgroup.it\/blog\/wp-content\/uploads\/2024\/08\/3-20-768x432.jpg 768w, https:\/\/www.showgroup.it\/blog\/wp-content\/uploads\/2024\/08\/3-20-1536x864.jpg 1536w\" sizes=\"(max-width: 1920px) 100vw, 1920px\" \/><\/a>Marco Rizzola, nato a Brescia nel 1992, ha sempre avuto una passione per la musica grazie alla sua famiglia di musicisti.<\/strong><\/div>\n<div><\/div>\n<div class=\"business-static-text show\">Con il tempo, ha trasformato questa passione in una carriera di successo, esibendosi nei grandi club e utilizzando solo attrezzatura audio di alto livello delle marche Pioneer, FBT, Bose e Shure, garantendo un suono eccezionale per ogni evento.<\/div>\n<div><\/div>\n<div class=\"business-static-text show\">La sua attenzione ai dettagli e la dedizione nel fornire un servizio impeccabile sono il segreto del suo successo.<\/div>\n<div><strong><a href=\"https:\/\/www.showgroup.it\/vetrina\/dj\/marco-rizzola_c34002?_gl=1*5dj2ak*_up*MQ..*_ga*MTMzOTQzODk0MS4xNzI1MDIxNDE3*_ga_C29RJEHQDH*MTcyNTAyMTQxNy4xLjAuMTcyNTAyMjk2Mi4wLjAuNjYzNjcwNjU5\">Contattalo QUI!<\/a><\/strong><\/div>\n<\/div>\n<\/div>\n<h2><a href=\"https:\/\/www.showgroup.it\"><strong>Non hai trovato quello che cercavi?<\/strong><\/a><\/h2>\n<p>Se stai cercando idee uniche o professionisti per organizzare la tua festa, Showgroup \u00e8 qui per aiutarti. Esplora la nostra piattaforma e scopri come possiamo rendere il tuo evento indimenticabile.<\/p>\n<p><strong><a href=\"https:\/\/www.showgroup.it\/privati\/registrazione\">Iscriviti gratuitamente QUI<\/a> e inizia la tua ricerca!<\/strong><\/p>\n<p><strong><a href=\"https:\/\/www.showgroup.it\/professionisti\/registrazione\">Sei un professionista? Iscriviti QUI<\/a>, crea la tua vetrina e unisciti a noi!<\/strong><\/p>\n","protected":false},"excerpt":{"rendered":"<p>\u00c8 arrivata la tua laurea finalmente! La sessione estiva finalmente finita e ora \u00e8 tempo di organizzare la festa di [&hellip;]<\/p>\n","protected":false},"author":1005,"featured_media":94572,"comment_status":"closed","ping_status":"closed","sticky":false,"template":"","format":"standard","meta":[],"categories":[661],"tags":[],"yoast_head":"<!-- This site is optimized with the Yoast SEO plugin v16.9 - https:\/\/yoast.com\/wordpress\/plugins\/seo\/ -->\n<title>Tutte le idee per la festa di laurea invernale a tema natalizio<\/title>\n<meta name=\"description\" content=\"Scopri come organizzare una festa di laurea invernale durante le festivit\u00e0 natalizie, combinando eleganza e atmosfera accogliente!\" \/>\n<meta name=\"robots\" content=\"index, follow, max-snippet:-1, max-image-preview:large, max-video-preview:-1\" \/>\n<link rel=\"canonical\" href=\"https:\/\/www.showgroup.it\/blog\/2024\/08\/30\/tutte-le-idee-per-la-festa-di-laurea-invernale-a-tema-natalizio\/\" \/>\n<meta property=\"og:locale\" content=\"it_IT\" \/>\n<meta property=\"og:type\" content=\"article\" \/>\n<meta property=\"og:title\" content=\"Tutte le idee per la festa di laurea invernale a tema natalizio\" \/>\n<meta property=\"og:description\" content=\"Scopri come organizzare una festa di laurea invernale durante le festivit\u00e0 natalizie, combinando eleganza e atmosfera accogliente!\" \/>\n<meta property=\"og:url\" content=\"https:\/\/www.showgroup.it\/blog\/2024\/08\/30\/tutte-le-idee-per-la-festa-di-laurea-invernale-a-tema-natalizio\/\" \/>\n<meta property=\"og:site_name\" content=\"Showgroup - Ready to be WOW!\" \/>\n<meta property=\"article:publisher\" content=\"https:\/\/www.facebook.com\/ShowGroupWow\/\" \/>\n<meta property=\"article:published_time\" content=\"2024-08-30T15:30:33+00:00\" \/>\n<meta property=\"article:modified_time\" content=\"2025-05-26T11:38:01+00:00\" \/>\n<meta property=\"og:image\" content=\"https:\/\/www.showgroup.it\/blog\/wp-content\/uploads\/2024\/08\/6-15.jpg\" \/>\n\t<meta property=\"og:image:width\" content=\"1920\" \/>\n\t<meta property=\"og:image:height\" content=\"1080\" \/>\n<meta name=\"twitter:card\" content=\"summary_large_image\" \/>\n<meta name=\"twitter:label1\" content=\"Scritto da\" \/>\n\t<meta name=\"twitter:data1\" content=\"Federica Arcangeli\" \/>\n\t<meta name=\"twitter:label2\" content=\"Tempo di lettura stimato\" \/>\n\t<meta name=\"twitter:data2\" content=\"6 minuti\" \/>\n<script type=\"application\/ld+json\" class=\"yoast-schema-graph\">{\"@context\":\"https:\/\/schema.org\",\"@graph\":[{\"@type\":\"Organization\",\"@id\":\"https:\/\/www.showgroup.it\/#organization\",\"name\":\"Showgroup\",\"url\":\"https:\/\/www.showgroup.it\/\",\"sameAs\":[\"https:\/\/www.facebook.com\/ShowGroupWow\/\",\"https:\/\/www.instagram.com\/showgroupwow\/\"],\"logo\":{\"@type\":\"ImageObject\",\"@id\":\"https:\/\/www.showgroup.it\/#logo\",\"inLanguage\":\"it-IT\",\"url\":\"https:\/\/www.showgroup.it\/blog\/wp-content\/uploads\/2025\/01\/logo-black.svg\",\"contentUrl\":\"https:\/\/www.showgroup.it\/blog\/wp-content\/uploads\/2025\/01\/logo-black.svg\",\"width\":1440,\"height\":916,\"caption\":\"Showgroup\"},\"image\":{\"@id\":\"https:\/\/www.showgroup.it\/#logo\"}},{\"@type\":\"WebSite\",\"@id\":\"https:\/\/www.showgroup.it\/#website\",\"url\":\"https:\/\/www.showgroup.it\/\",\"name\":\"Showgroup - Ready to be WOW!\",\"description\":\"Il primo portale gratuito dedicato al mondo dello spettacolo.\",\"publisher\":{\"@id\":\"https:\/\/www.showgroup.it\/#organization\"},\"potentialAction\":[{\"@type\":\"SearchAction\",\"target\":{\"@type\":\"EntryPoint\",\"urlTemplate\":\"https:\/\/www.showgroup.it\/?s={search_term_string}\"},\"query-input\":\"required name=search_term_string\"}],\"inLanguage\":\"it-IT\"},{\"@type\":\"ImageObject\",\"@id\":\"https:\/\/www.showgroup.it\/blog\/2024\/08\/30\/tutte-le-idee-per-la-festa-di-laurea-invernale-a-tema-natalizio\/#primaryimage\",\"inLanguage\":\"it-IT\",\"url\":\"https:\/\/www.showgroup.it\/blog\/wp-content\/uploads\/2024\/08\/6-15.jpg\",\"contentUrl\":\"https:\/\/www.showgroup.it\/blog\/wp-content\/uploads\/2024\/08\/6-15.jpg\",\"width\":1920,\"height\":1080,\"caption\":\"festa di laurea invernale\"},{\"@type\":\"WebPage\",\"@id\":\"https:\/\/www.showgroup.it\/blog\/2024\/08\/30\/tutte-le-idee-per-la-festa-di-laurea-invernale-a-tema-natalizio\/#webpage\",\"url\":\"https:\/\/www.showgroup.it\/blog\/2024\/08\/30\/tutte-le-idee-per-la-festa-di-laurea-invernale-a-tema-natalizio\/\",\"name\":\"Tutte le idee per la festa di laurea invernale a tema natalizio\",\"isPartOf\":{\"@id\":\"https:\/\/www.showgroup.it\/#website\"},\"primaryImageOfPage\":{\"@id\":\"https:\/\/www.showgroup.it\/blog\/2024\/08\/30\/tutte-le-idee-per-la-festa-di-laurea-invernale-a-tema-natalizio\/#primaryimage\"},\"datePublished\":\"2024-08-30T15:30:33+00:00\",\"dateModified\":\"2025-05-26T11:38:01+00:00\",\"description\":\"Scopri come organizzare una festa di laurea invernale durante le festivit\\u00e0 natalizie, combinando eleganza e atmosfera accogliente!\",\"breadcrumb\":{\"@id\":\"https:\/\/www.showgroup.it\/blog\/2024\/08\/30\/tutte-le-idee-per-la-festa-di-laurea-invernale-a-tema-natalizio\/#breadcrumb\"},\"inLanguage\":\"it-IT\",\"potentialAction\":[{\"@type\":\"ReadAction\",\"target\":[\"https:\/\/www.showgroup.it\/blog\/2024\/08\/30\/tutte-le-idee-per-la-festa-di-laurea-invernale-a-tema-natalizio\/\"]}]},{\"@type\":\"BreadcrumbList\",\"@id\":\"https:\/\/www.showgroup.it\/blog\/2024\/08\/30\/tutte-le-idee-per-la-festa-di-laurea-invernale-a-tema-natalizio\/#breadcrumb\",\"itemListElement\":[{\"@type\":\"ListItem\",\"position\":1,\"name\":\"Home\",\"item\":\"https:\/\/www.showgroup.it\/blog\/\"},{\"@type\":\"ListItem\",\"position\":2,\"name\":\"Tutte le idee per la festa di laurea invernale a tema natalizio\"}]},{\"@type\":\"Article\",\"@id\":\"https:\/\/www.showgroup.it\/blog\/2024\/08\/30\/tutte-le-idee-per-la-festa-di-laurea-invernale-a-tema-natalizio\/#article\",\"isPartOf\":{\"@id\":\"https:\/\/www.showgroup.it\/blog\/2024\/08\/30\/tutte-le-idee-per-la-festa-di-laurea-invernale-a-tema-natalizio\/#webpage\"},\"author\":{\"@id\":\"https:\/\/www.showgroup.it\/#\/schema\/person\/763483514afb25912ec4d04ef2e8c3ee\"},\"headline\":\"Tutte le idee per la festa di laurea invernale a tema natalizio\",\"datePublished\":\"2024-08-30T15:30:33+00:00\",\"dateModified\":\"2025-05-26T11:38:01+00:00\",\"mainEntityOfPage\":{\"@id\":\"https:\/\/www.showgroup.it\/blog\/2024\/08\/30\/tutte-le-idee-per-la-festa-di-laurea-invernale-a-tema-natalizio\/#webpage\"},\"wordCount\":1130,\"publisher\":{\"@id\":\"https:\/\/www.showgroup.it\/#organization\"},\"image\":{\"@id\":\"https:\/\/www.showgroup.it\/blog\/2024\/08\/30\/tutte-le-idee-per-la-festa-di-laurea-invernale-a-tema-natalizio\/#primaryimage\"},\"thumbnailUrl\":\"https:\/\/www.showgroup.it\/blog\/wp-content\/uploads\/2024\/08\/6-15.jpg\",\"articleSection\":[\"Eventi e location\"],\"inLanguage\":\"it-IT\"},{\"@type\":\"Person\",\"@id\":\"https:\/\/www.showgroup.it\/#\/schema\/person\/763483514afb25912ec4d04ef2e8c3ee\",\"name\":\"Federica Arcangeli\",\"image\":{\"@type\":\"ImageObject\",\"@id\":\"https:\/\/www.showgroup.it\/#personlogo\",\"inLanguage\":\"it-IT\",\"url\":\"https:\/\/secure.gravatar.com\/avatar\/0ad901789669410a5b20974ed22142ba?s=96&d=mm&r=g\",\"contentUrl\":\"https:\/\/secure.gravatar.com\/avatar\/0ad901789669410a5b20974ed22142ba?s=96&d=mm&r=g\",\"caption\":\"Federica Arcangeli\"}}]}<\/script>\n<!-- \/ Yoast SEO plugin. -->","yoast_head_json":{"title":"Tutte le idee per la festa di laurea invernale a tema natalizio","description":"Scopri come organizzare una festa di laurea invernale durante le festivit\u00e0 natalizie, combinando eleganza e atmosfera accogliente!","robots":{"index":"index","follow":"follow","max-snippet":"max-snippet:-1","max-image-preview":"max-image-preview:large","max-video-preview":"max-video-preview:-1"},"canonical":"https:\/\/www.showgroup.it\/blog\/2024\/08\/30\/tutte-le-idee-per-la-festa-di-laurea-invernale-a-tema-natalizio\/","og_locale":"it_IT","og_type":"article","og_title":"Tutte le idee per la festa di laurea invernale a tema natalizio","og_description":"Scopri come organizzare una festa di laurea invernale durante le festivit\u00e0 natalizie, combinando eleganza e atmosfera accogliente!","og_url":"https:\/\/www.showgroup.it\/blog\/2024\/08\/30\/tutte-le-idee-per-la-festa-di-laurea-invernale-a-tema-natalizio\/","og_site_name":"Showgroup - Ready to be WOW!","article_publisher":"https:\/\/www.facebook.com\/ShowGroupWow\/","article_published_time":"2024-08-30T15:30:33+00:00","article_modified_time":"2025-05-26T11:38:01+00:00","og_image":[{"width":1920,"height":1080,"filesize":218726,"url":"https:\/\/www.showgroup.it\/blog\/wp-content\/uploads\/2024\/08\/6-15.jpg","path":"\/sites\/www.showgroup.it\/files\/blog\/wp-content\/uploads\/2024\/08\/6-15.jpg","size":"full","id":94572,"alt":"festa di laurea invernale","pixels":2073600,"type":"image\/jpeg"}],"twitter_card":"summary_large_image","twitter_misc":{"Scritto da":"Federica Arcangeli","Tempo di lettura stimato":"6 minuti"},"schema":{"@context":"https:\/\/schema.org","@graph":[{"@type":"Organization","@id":"https:\/\/www.showgroup.it\/#organization","name":"Showgroup","url":"https:\/\/www.showgroup.it\/","sameAs":["https:\/\/www.facebook.com\/ShowGroupWow\/","https:\/\/www.instagram.com\/showgroupwow\/"],"logo":{"@type":"ImageObject","@id":"https:\/\/www.showgroup.it\/#logo","inLanguage":"it-IT","url":"https:\/\/www.showgroup.it\/blog\/wp-content\/uploads\/2025\/01\/logo-black.svg","contentUrl":"https:\/\/www.showgroup.it\/blog\/wp-content\/uploads\/2025\/01\/logo-black.svg","width":1440,"height":916,"caption":"Showgroup"},"image":{"@id":"https:\/\/www.showgroup.it\/#logo"}},{"@type":"WebSite","@id":"https:\/\/www.showgroup.it\/#website","url":"https:\/\/www.showgroup.it\/","name":"Showgroup - Ready to be WOW!","description":"Il primo portale gratuito dedicato al mondo dello spettacolo.","publisher":{"@id":"https:\/\/www.showgroup.it\/#organization"},"potentialAction":[{"@type":"SearchAction","target":{"@type":"EntryPoint","urlTemplate":"https:\/\/www.showgroup.it\/?s={search_term_string}"},"query-input":"required name=search_term_string"}],"inLanguage":"it-IT"},{"@type":"ImageObject","@id":"https:\/\/www.showgroup.it\/blog\/2024\/08\/30\/tutte-le-idee-per-la-festa-di-laurea-invernale-a-tema-natalizio\/#primaryimage","inLanguage":"it-IT","url":"https:\/\/www.showgroup.it\/blog\/wp-content\/uploads\/2024\/08\/6-15.jpg","contentUrl":"https:\/\/www.showgroup.it\/blog\/wp-content\/uploads\/2024\/08\/6-15.jpg","width":1920,"height":1080,"caption":"festa di laurea invernale"},{"@type":"WebPage","@id":"https:\/\/www.showgroup.it\/blog\/2024\/08\/30\/tutte-le-idee-per-la-festa-di-laurea-invernale-a-tema-natalizio\/#webpage","url":"https:\/\/www.showgroup.it\/blog\/2024\/08\/30\/tutte-le-idee-per-la-festa-di-laurea-invernale-a-tema-natalizio\/","name":"Tutte le idee per la festa di laurea invernale a tema natalizio","isPartOf":{"@id":"https:\/\/www.showgroup.it\/#website"},"primaryImageOfPage":{"@id":"https:\/\/www.showgroup.it\/blog\/2024\/08\/30\/tutte-le-idee-per-la-festa-di-laurea-invernale-a-tema-natalizio\/#primaryimage"},"datePublished":"2024-08-30T15:30:33+00:00","dateModified":"2025-05-26T11:38:01+00:00","description":"Scopri come organizzare una festa di laurea invernale durante le festivit\u00e0 natalizie, combinando eleganza e atmosfera accogliente!","breadcrumb":{"@id":"https:\/\/www.showgroup.it\/blog\/2024\/08\/30\/tutte-le-idee-per-la-festa-di-laurea-invernale-a-tema-natalizio\/#breadcrumb"},"inLanguage":"it-IT","potentialAction":[{"@type":"ReadAction","target":["https:\/\/www.showgroup.it\/blog\/2024\/08\/30\/tutte-le-idee-per-la-festa-di-laurea-invernale-a-tema-natalizio\/"]}]},{"@type":"BreadcrumbList","@id":"https:\/\/www.showgroup.it\/blog\/2024\/08\/30\/tutte-le-idee-per-la-festa-di-laurea-invernale-a-tema-natalizio\/#breadcrumb","itemListElement":[{"@type":"ListItem","position":1,"name":"Home","item":"https:\/\/www.showgroup.it\/blog\/"},{"@type":"ListItem","position":2,"name":"Tutte le idee per la festa di laurea invernale a tema natalizio"}]},{"@type":"Article","@id":"https:\/\/www.showgroup.it\/blog\/2024\/08\/30\/tutte-le-idee-per-la-festa-di-laurea-invernale-a-tema-natalizio\/#article","isPartOf":{"@id":"https:\/\/www.showgroup.it\/blog\/2024\/08\/30\/tutte-le-idee-per-la-festa-di-laurea-invernale-a-tema-natalizio\/#webpage"},"author":{"@id":"https:\/\/www.showgroup.it\/#\/schema\/person\/763483514afb25912ec4d04ef2e8c3ee"},"headline":"Tutte le idee per la festa di laurea invernale a tema natalizio","datePublished":"2024-08-30T15:30:33+00:00","dateModified":"2025-05-26T11:38:01+00:00","mainEntityOfPage":{"@id":"https:\/\/www.showgroup.it\/blog\/2024\/08\/30\/tutte-le-idee-per-la-festa-di-laurea-invernale-a-tema-natalizio\/#webpage"},"wordCount":1130,"publisher":{"@id":"https:\/\/www.showgroup.it\/#organization"},"image":{"@id":"https:\/\/www.showgroup.it\/blog\/2024\/08\/30\/tutte-le-idee-per-la-festa-di-laurea-invernale-a-tema-natalizio\/#primaryimage"},"thumbnailUrl":"https:\/\/www.showgroup.it\/blog\/wp-content\/uploads\/2024\/08\/6-15.jpg","articleSection":["Eventi e location"],"inLanguage":"it-IT"},{"@type":"Person","@id":"https:\/\/www.showgroup.it\/#\/schema\/person\/763483514afb25912ec4d04ef2e8c3ee","name":"Federica Arcangeli","image":{"@type":"ImageObject","@id":"https:\/\/www.showgroup.it\/#personlogo","inLanguage":"it-IT","url":"https:\/\/secure.gravatar.com\/avatar\/0ad901789669410a5b20974ed22142ba?s=96&d=mm&r=g","contentUrl":"https:\/\/secure.gravatar.com\/avatar\/0ad901789669410a5b20974ed22142ba?s=96&d=mm&r=g","caption":"Federica Arcangeli"}}]}},"_links":{"self":[{"href":"https:\/\/www.showgroup.it\/blog\/wp-json\/wp\/v2\/posts\/94566"}],"collection":[{"href":"https:\/\/www.showgroup.it\/blog\/wp-json\/wp\/v2\/posts"}],"about":[{"href":"https:\/\/www.showgroup.it\/blog\/wp-json\/wp\/v2\/types\/post"}],"author":[{"embeddable":true,"href":"https:\/\/www.showgroup.it\/blog\/wp-json\/wp\/v2\/users\/1005"}],"replies":[{"embeddable":true,"href":"https:\/\/www.showgroup.it\/blog\/wp-json\/wp\/v2\/comments?post=94566"}],"version-history":[{"count":1,"href":"https:\/\/www.showgroup.it\/blog\/wp-json\/wp\/v2\/posts\/94566\/revisions"}],"predecessor-version":[{"id":98583,"href":"https:\/\/www.showgroup.it\/blog\/wp-json\/wp\/v2\/posts\/94566\/revisions\/98583"}],"wp:featuredmedia":[{"embeddable":true,"href":"https:\/\/www.showgroup.it\/blog\/wp-json\/wp\/v2\/media\/94572"}],"wp:attachment":[{"href":"https:\/\/www.showgroup.it\/blog\/wp-json\/wp\/v2\/media?parent=94566"}],"wp:term":[{"taxonomy":"category","embeddable":true,"href":"https:\/\/www.showgroup.it\/blog\/wp-json\/wp\/v2\/categories?post=94566"},{"taxonomy":"post_tag","embeddable":true,"href":"https:\/\/www.showgroup.it\/blog\/wp-json\/wp\/v2\/tags?post=94566"}],"curies":[{"name":"wp","href":"https:\/\/api.w.org\/{rel}","templated":true}]}}