{"id":95003,"date":"2024-09-18T15:18:55","date_gmt":"2024-09-18T13:18:55","guid":{"rendered":"https:\/\/www.showgroup.it\/?p=95003"},"modified":"2025-05-22T11:18:42","modified_gmt":"2025-05-22T09:18:42","slug":"band-per-concerto-in-piazza-le-migliori-da-contattare-su-showgroup","status":"publish","type":"post","link":"https:\/\/www.showgroup.it\/blog\/2024\/09\/18\/band-per-concerto-in-piazza-le-migliori-da-contattare-su-showgroup\/","title":{"rendered":"Band per concerto in piazza? Le migliori da contattare su Showgroup"},"content":{"rendered":"<div class=\"flex max-w-full flex-col flex-grow\">\n<div class=\"min-h-[20px] text-message flex w-full flex-col items-end gap-2 whitespace-normal break-words [.text-message+&amp;]:mt-5\" dir=\"auto\" data-message-author-role=\"assistant\" data-message-id=\"5eb594ab-8541-47e0-9556-cf5d39b1d6db\">\n<div class=\"flex w-full flex-col gap-1 empty:hidden first:pt-[3px]\">\n<div class=\"markdown prose w-full break-words dark:prose-invert dark\">\n<p><strong>Immagina di organizzare un concerto in piazza, con la gente che si riunisce, l\u2019energia nell\u2019aria e la band che accende l\u2019atmosfera.<\/strong><\/p>\n<p>Scegliere la band perfetta per un evento cos\u00ec importante pu\u00f2 fare la differenza tra un\u2019esibizione memorabile e una serata che passa inosservata.<\/p>\n<p><strong>Se ti stai chiedendo come trovare il gruppo musicale giusto per il tuo concerto all\u2019aperto, questo articolo fa al caso tuo!<\/strong><\/p>\n<h2><a href=\"https:\/\/www.showgroup.it\">Come scegliere una band per un concerto in piazza?<\/a><\/h2>\n<p><a href=\"https:\/\/www.showgroup.it\/\"><img loading=\"lazy\" class=\"alignnone size-full wp-image-95014\" src=\"https:\/\/www.showgroup.it\/blog\/wp-content\/uploads\/2024\/09\/11-2.jpg\" alt=\"Band per concerto in piazza\" width=\"1920\" height=\"1080\" srcset=\"https:\/\/www.showgroup.it\/blog\/wp-content\/uploads\/2024\/09\/11-2.jpg 1920w, https:\/\/www.showgroup.it\/blog\/wp-content\/uploads\/2024\/09\/11-2-300x169.jpg 300w, https:\/\/www.showgroup.it\/blog\/wp-content\/uploads\/2024\/09\/11-2-1024x576.jpg 1024w, https:\/\/www.showgroup.it\/blog\/wp-content\/uploads\/2024\/09\/11-2-768x432.jpg 768w, https:\/\/www.showgroup.it\/blog\/wp-content\/uploads\/2024\/09\/11-2-1536x864.jpg 1536w\" sizes=\"(max-width: 1920px) 100vw, 1920px\" \/><\/a>Quando si organizza un concerto all\u2019aperto, ci sono diversi fattori da tenere in considerazione per assicurarsi che la band sia quella giusta. Vediamo insieme i principali:<\/p>\n<p><strong>Prima di tutto, il genere musicale deve rispecchiare il tipo di evento che hai in mente.<\/strong><\/p>\n<p>Se stai cercando di creare un\u2019atmosfera festosa e coinvolgente, una band rock, pop o funk potrebbe essere perfetta.<\/p>\n<p>Se, invece, cerchi qualcosa di pi\u00f9 tranquillo o raffinato, potrebbe essere interessante optare per una band jazz o blues.<\/p>\n<p>Definire il mood dell\u2019evento \u00e8 il primo passo per scegliere la band adatta.<\/p>\n<p><strong>Una cosa \u00e8 suonare in studio, un&#8217;altra \u00e8 gestire un palco all&#8217;aperto e coinvolgere il pubblico.<\/strong><\/p>\n<p>\u00c8 importante verificare che la band abbia esperienza in eventi simili, soprattutto per i concerti in piazza, dove il pubblico pu\u00f2 essere eterogeneo e il suono deve arrivare chiaro e potente.<\/p>\n<p><strong>Il coinvolgimento del pubblico \u00e8 cruciale in un evento all\u2019aperto.<\/strong><\/p>\n<p>Una band che sa intrattenere, che interagisce con la folla e che trasmette energia pu\u00f2 trasformare una semplice serata in un\u2019esperienza indimenticabile.<\/p>\n<p>Guardare video delle loro performance dal vivo pu\u00f2 darti un&#8217;idea della loro presenza scenica.<\/p>\n<p><strong>Infine, non sottovalutare il repertorio.<\/strong><\/p>\n<p>Selezionare una band con un repertorio vario e flessibile pu\u00f2 aiutarti a soddisfare un pubblico pi\u00f9 ampio.<\/p>\n<p>Alcune band possono offrire sia cover di grandi successi che pezzi originali, adattandosi all&#8217;atmosfera dell&#8217;evento e alle preferenze del pubblico.<\/p>\n<h2><a href=\"https:\/\/www.showgroup.it\">Perch\u00e9 scegliere una band per un concerto in piazza?<\/a><\/h2>\n<p><strong>Un concerto in piazza \u00e8 un\u2019esperienza magica. \u00c8 un momento in cui la musica riesce a unire persone di ogni et\u00e0 e background.<\/strong><\/p>\n<p>Ma perch\u00e9 proprio una band dal vivo? Ecco i motivi principali:<\/p>\n<ul>\n<li><strong>Emozioni autentiche<\/strong>: La musica dal vivo crea un\u2019emozione unica, impossibile da replicare con una playlist. La band interagisce direttamente con il pubblico, modificando il ritmo e l\u2019intensit\u00e0 a seconda dell\u2019energia che riceve dalla folla.<\/li>\n<li><strong>Spettacolo a 360\u00b0<\/strong>: Oltre alla musica, una band dal vivo offre anche uno spettacolo visivo, con la presenza scenica dei musicisti e l\u2019energia che trasmettono dal palco. Un\u2019esperienza che coinvolge tutti i sensi.<\/li>\n<li><strong>Personalizzazione<\/strong>: Le band possono adattare il loro set in base all\u2019atmosfera del momento, magari includendo una dedica speciale o estendendo una canzone che sta facendo ballare tutti.<\/li>\n<\/ul>\n<h2><a href=\"https:\/\/www.showgroup.it\">Come Showgroup pu\u00f2 aiutarti a trovare la band perfetta<\/a><\/h2>\n<p><strong>Qui entra in gioco Showgroup!<\/strong> Organizzare un evento pu\u00f2 sembrare una sfida, ma grazie a Showgroup puoi trovare i migliori artisti e band per il tuo concerto in piazza in modo facile e veloce.<\/p>\n<p>La piattaforma offre un ampio catalogo di professionisti, che puoi filtrare in base al tuo budget, al genere musicale e persino alla location.<\/p>\n<p><strong>Consiglio Showgroup<\/strong>: Puoi contattare direttamente le band, consultare le loro recensioni e guardare video delle loro performance precedenti. In questo modo, potrai scegliere con sicurezza il gruppo che far\u00e0 vibrare la piazza al ritmo perfetto.<\/p>\n<p>Scopri ora tutte le nostre band, <strong><a href=\"https:\/\/www.showgroup.it\/privati\/registrazione\">ti basta iscriverti gratuitamente QUI<\/a><\/strong> o dare un&#8217;occhiata alla categoria <strong><a href=\"https:\/\/www.showgroup.it\/vetrine\/band?_gl=1*hj1hf7*_up*MQ..*_ga*NjQ2NzEwNTI5LjE3MjY1Njg5MjU.*_ga_C29RJEHQDH*MTcyNjU2ODkyNC4xLjAuMTcyNjU2ODk2Ny4wLjAuMjA2MzU2NTc2Ng..\">Band<\/a><\/strong>.<\/p>\n<h2><a href=\"https:\/\/www.showgroup.it\">Cosa offrono le band su Showgroup?<\/a><\/h2>\n<p><strong>Le band presenti su Showgroup sono veri professionisti con esperienza in concerti all&#8217;aperto e in eventi di grandi dimensioni.<\/strong><\/p>\n<p>Che tu stia cercando una cover band, un gruppo che suona pezzi originali o una formazione in grado di mescolare generi diversi, troverai sicuramente ci\u00f2 che fa al caso tuo.<\/p>\n<p><strong>Eccone alcune scelte per te!<\/strong><\/p>\n<h3><a href=\"https:\/\/www.showgroup.it\/vetrina\/band\/rock-moda-tribute-band_c40841\">1. ROCK MODA&#8217; TRIBUTE BAND &#8211; Disponibili in tutta Italia<\/a><\/h3>\n<p><a href=\"https:\/\/www.showgroup.it\/vetrina\/band\/rock-moda-tribute-band_c40841\"><img loading=\"lazy\" class=\"alignnone size-full wp-image-95004\" style=\"font-family: -apple-system, BlinkMacSystemFont, 'Segoe UI', Roboto, Oxygen-Sans, Ubuntu, Cantarell, 'Helvetica Neue', sans-serif;\" src=\"https:\/\/www.showgroup.it\/blog\/wp-content\/uploads\/2024\/09\/1-12.jpg\" alt=\"Band per concerto in piazza\" width=\"1920\" height=\"1080\" srcset=\"https:\/\/www.showgroup.it\/blog\/wp-content\/uploads\/2024\/09\/1-12.jpg 1920w, https:\/\/www.showgroup.it\/blog\/wp-content\/uploads\/2024\/09\/1-12-300x169.jpg 300w, https:\/\/www.showgroup.it\/blog\/wp-content\/uploads\/2024\/09\/1-12-1024x576.jpg 1024w, https:\/\/www.showgroup.it\/blog\/wp-content\/uploads\/2024\/09\/1-12-768x432.jpg 768w, https:\/\/www.showgroup.it\/blog\/wp-content\/uploads\/2024\/09\/1-12-1536x864.jpg 1536w\" sizes=\"(max-width: 1920px) 100vw, 1920px\" \/><\/a>La \u201cRock Mod\u00e0 Tribute Band\u201d \u00e8 un gruppo musicale pop\/rock che ripercorre i maggiori successi della band tra le pi\u00f9 amate in assoluto e da sempre ricercate, i MOD\u00c0!<\/p>\n<p>Il loro obiettivo? Trasferire le stesse emozioni dell\u2019originale, ricreando l\u2019atmosfera coinvolgente e spensierata di questo pluripremiato gruppo formato nel 2002.<\/p>\n<p><strong><a href=\"https:\/\/www.showgroup.it\/vetrina\/band\/rock-moda-tribute-band_c40841\">Contattali QUI!<\/a><\/strong><\/p>\n<h3><a href=\"https:\/\/www.showgroup.it\/vetrina\/band\/brave-hearts-factory_c43164\">2. Brave Hearts Factory &#8211; Disponibili in tutta Italia<\/a><\/h3>\n<p><img loading=\"lazy\" class=\"alignnone size-full wp-image-95005\" src=\"https:\/\/www.showgroup.it\/blog\/wp-content\/uploads\/2024\/09\/2-12.jpg\" alt=\"\" width=\"1920\" height=\"1080\" srcset=\"https:\/\/www.showgroup.it\/blog\/wp-content\/uploads\/2024\/09\/2-12.jpg 1920w, https:\/\/www.showgroup.it\/blog\/wp-content\/uploads\/2024\/09\/2-12-300x169.jpg 300w, https:\/\/www.showgroup.it\/blog\/wp-content\/uploads\/2024\/09\/2-12-1024x576.jpg 1024w, https:\/\/www.showgroup.it\/blog\/wp-content\/uploads\/2024\/09\/2-12-768x432.jpg 768w, https:\/\/www.showgroup.it\/blog\/wp-content\/uploads\/2024\/09\/2-12-1536x864.jpg 1536w\" sizes=\"(max-width: 1920px) 100vw, 1920px\" \/>Il gruppo si \u00e8 esibito per la prima volta al Barrio&#8217;s di Milano. Poi al Pentatonic, al Giove club e al 68Village di Roma, nonch\u00e9 a Mentana nell&#8217;ambito del festival della musica.<\/p>\n<p>La band ha poi partecipato e superato rispettivamente le eliminatorie e la semifinale del prestigioso contest Emergenza rock ed ha partecipato alla finale romana.<\/p>\n<p><strong><a href=\"https:\/\/www.showgroup.it\/vetrina\/band\/brave-hearts-factory_c43164\">Contattali QUI!<\/a><\/strong><\/p>\n<h3><a href=\"https:\/\/www.showgroup.it\/vetrina\/band\/banaau_c43215\">3. Banaau &#8211; Disponibili in tutta Italia<\/a><\/h3>\n<p><a href=\"https:\/\/www.showgroup.it\/vetrina\/band\/banaau_c43215\"><img loading=\"lazy\" class=\"alignnone size-full wp-image-95006\" src=\"https:\/\/www.showgroup.it\/blog\/wp-content\/uploads\/2024\/09\/3-12.jpg\" alt=\"Band per concerto in piazza\" width=\"1920\" height=\"1080\" srcset=\"https:\/\/www.showgroup.it\/blog\/wp-content\/uploads\/2024\/09\/3-12.jpg 1920w, https:\/\/www.showgroup.it\/blog\/wp-content\/uploads\/2024\/09\/3-12-300x169.jpg 300w, https:\/\/www.showgroup.it\/blog\/wp-content\/uploads\/2024\/09\/3-12-1024x576.jpg 1024w, https:\/\/www.showgroup.it\/blog\/wp-content\/uploads\/2024\/09\/3-12-768x432.jpg 768w, https:\/\/www.showgroup.it\/blog\/wp-content\/uploads\/2024\/09\/3-12-1536x864.jpg 1536w\" sizes=\"(max-width: 1920px) 100vw, 1920px\" \/><\/a>Questa band \u00e8 consigliatissima agli amanti del Rock Progressivo di stampo sinfonico, tanto da aver ricevuto apprezzamenti dallo stesso Steve Hackett, chitarrista dei Genesis, gruppo che li ha fortemente ispirati nella composizione dei loro brani.<\/p>\n<p>Perfetti per eventi culturali!<\/p>\n<p><strong><a href=\"https:\/\/www.showgroup.it\/vetrina\/band\/banaau_c43215\">Contattali QUI<\/a><\/strong><\/p>\n<h3><a href=\"https:\/\/www.showgroup.it\/vetrina\/band\/dna-pink-floyd-tribute_c43128\">4. DNA Pink Floyd Tribute &#8211; Ancona &#8211; Disponibili fino a 200 km<\/a><\/h3>\n<div class=\"content\">\n<div class=\"my-3\">\n<div class=\"business-static-text show\"><a href=\"https:\/\/www.showgroup.it\/vetrina\/band\/dna-pink-floyd-tribute_c43128\"><img loading=\"lazy\" class=\"alignnone size-full wp-image-95007\" src=\"https:\/\/www.showgroup.it\/blog\/wp-content\/uploads\/2024\/09\/4-11.jpg\" alt=\"\" width=\"1920\" height=\"1080\" srcset=\"https:\/\/www.showgroup.it\/blog\/wp-content\/uploads\/2024\/09\/4-11.jpg 1920w, https:\/\/www.showgroup.it\/blog\/wp-content\/uploads\/2024\/09\/4-11-300x169.jpg 300w, https:\/\/www.showgroup.it\/blog\/wp-content\/uploads\/2024\/09\/4-11-1024x576.jpg 1024w, https:\/\/www.showgroup.it\/blog\/wp-content\/uploads\/2024\/09\/4-11-768x432.jpg 768w, https:\/\/www.showgroup.it\/blog\/wp-content\/uploads\/2024\/09\/4-11-1536x864.jpg 1536w\" sizes=\"(max-width: 1920px) 100vw, 1920px\" \/><\/a>Nell&#8217;affollatissimo mondo delle tribute band e, nello specifico, in quello ancora pi\u00f9 affollato dei tributi ai Pink Floyd, DNA \u00e8 senza dubbio la pi\u00f9 longeva e la pi\u00f9 &#8220;antica&#8221;.<\/div>\n<div><\/div>\n<div class=\"business-static-text show\">Gli otto musicisti che la compongono, coadiuvati da un addetto alla creazione e gestione video, hanno grande esperienza e amore per la musica della celeberrima band inglese.<\/div>\n<\/div>\n<div><\/div>\n<div class=\"my-3\">\n<div><strong><a href=\"https:\/\/www.showgroup.it\/vetrina\/band\/dna-pink-floyd-tribute_c43128\">Contattali QUI!<\/a><\/strong><\/div>\n<h3><a href=\"https:\/\/www.showgroup.it\/vetrina\/band\/alejandra-bertolino-garcia_c43059\">5. Alejandra Bertolino Garcia &#8211; Disponibili in tutta Italia<\/a><\/h3>\n<p><a href=\"https:\/\/www.showgroup.it\/vetrina\/band\/alejandra-bertolino-garcia_c43059\"><img loading=\"lazy\" class=\"alignnone size-full wp-image-95008\" src=\"https:\/\/www.showgroup.it\/blog\/wp-content\/uploads\/2024\/09\/5-10.jpg\" alt=\"\" width=\"1920\" height=\"1080\" srcset=\"https:\/\/www.showgroup.it\/blog\/wp-content\/uploads\/2024\/09\/5-10.jpg 1920w, https:\/\/www.showgroup.it\/blog\/wp-content\/uploads\/2024\/09\/5-10-300x169.jpg 300w, https:\/\/www.showgroup.it\/blog\/wp-content\/uploads\/2024\/09\/5-10-1024x576.jpg 1024w, https:\/\/www.showgroup.it\/blog\/wp-content\/uploads\/2024\/09\/5-10-768x432.jpg 768w, https:\/\/www.showgroup.it\/blog\/wp-content\/uploads\/2024\/09\/5-10-1536x864.jpg 1536w\" sizes=\"(max-width: 1920px) 100vw, 1920px\" \/><\/a>Alejandra Bertolino Garcia e i componenti delle diverse formazioni, che con lei si esibiscono, sono musicisti d\u2019esperienze ed estrazione diverse.<\/p>\n<p>Si incontrano naturalmente perch\u00e9 spinti da bisogni elementari e fondamentali: la necessit\u00e0 di trovare un linguaggio e il desiderio che questo esprima pienamente quello che sei e vuoi comunicare, e ancor pi\u00f9 la capacit\u00e0 d\u2019unisono e d\u2019interezza.<\/p>\n<p><strong><a href=\"https:\/\/www.showgroup.it\/vetrina\/band\/alejandra-bertolino-garcia_c43059\">Contattali QUI!<\/a><\/strong><\/p>\n<h3><a href=\"https:\/\/www.showgroup.it\/vetrina\/band\/black-and-white-music_c43180\">6. Black and White Music &#8211; Disponibili in tutta Italia<\/a><\/h3>\n<p><img loading=\"lazy\" class=\"alignnone size-full wp-image-95009\" src=\"https:\/\/www.showgroup.it\/blog\/wp-content\/uploads\/2024\/09\/6-10.jpg\" alt=\"Band per concerto in piazza\" width=\"1920\" height=\"1080\" srcset=\"https:\/\/www.showgroup.it\/blog\/wp-content\/uploads\/2024\/09\/6-10.jpg 1920w, https:\/\/www.showgroup.it\/blog\/wp-content\/uploads\/2024\/09\/6-10-300x169.jpg 300w, https:\/\/www.showgroup.it\/blog\/wp-content\/uploads\/2024\/09\/6-10-1024x576.jpg 1024w, https:\/\/www.showgroup.it\/blog\/wp-content\/uploads\/2024\/09\/6-10-768x432.jpg 768w, https:\/\/www.showgroup.it\/blog\/wp-content\/uploads\/2024\/09\/6-10-1536x864.jpg 1536w\" sizes=\"(max-width: 1920px) 100vw, 1920px\" \/>Da oltre 15 anni sulla scena nazionale, offrono una proposta musicale unica, originale, coinvolgente, dove l&#8217;improvvisazione jazz si fonde con il funk, la soul music e la dance.<\/p>\n<p>Durante le loro esibizioni presentano interpretazioni originali di grandi classici della musica italiana e internazionale insieme a famosi standard jazz.<\/p>\n<p><strong><a href=\"https:\/\/www.showgroup.it\/vetrina\/band\/black-and-white-music_c43180\">Contattali QUI!<\/a><\/strong><\/p>\n<h3><a href=\"https:\/\/www.showgroup.it\/vetrina\/band\/musike_c43494\">7. Musik\u00e8 &#8211; Saviano &#8211; Disponibili fino a 200 km<\/a><\/h3>\n<p><a href=\"https:\/\/www.showgroup.it\/vetrina\/band\/musike_c43494\"><img loading=\"lazy\" class=\"alignnone size-full wp-image-95010\" src=\"https:\/\/www.showgroup.it\/blog\/wp-content\/uploads\/2024\/09\/7-8.jpg\" alt=\"Band per concerto in piazza\" width=\"1920\" height=\"1080\" srcset=\"https:\/\/www.showgroup.it\/blog\/wp-content\/uploads\/2024\/09\/7-8.jpg 1920w, https:\/\/www.showgroup.it\/blog\/wp-content\/uploads\/2024\/09\/7-8-300x169.jpg 300w, https:\/\/www.showgroup.it\/blog\/wp-content\/uploads\/2024\/09\/7-8-1024x576.jpg 1024w, https:\/\/www.showgroup.it\/blog\/wp-content\/uploads\/2024\/09\/7-8-768x432.jpg 768w, https:\/\/www.showgroup.it\/blog\/wp-content\/uploads\/2024\/09\/7-8-1536x864.jpg 1536w\" sizes=\"(max-width: 1920px) 100vw, 1920px\" \/><\/a>Musik\u00e8 \u00e8 uno spettacolo musicale e coreografico che partendo da Napoli attraccher\u00e0 in vari porti del Mediterraneo arrivando fino in Argentina.<\/p>\n<p>Il loro repertorio attraversa una contaminazione culturale e sonora in un linguaggio musicale universale che vi trasciner\u00e0 in un crescendo di emozioni e sensazioni con un finale Dance!<\/p>\n<p><strong><a href=\"https:\/\/www.showgroup.it\/vetrina\/band\/musike_c43494\">Contattali QUI<\/a><\/strong><\/p>\n<h3><a href=\"https:\/\/www.showgroup.it\/vetrina\/band\/strawberry-sky-beatles-band_c43251\" class=\"broken_link\">8. Strawberry Sky &#8211; Beatles Band &#8211; Trieste &#8211; Disponibili fino a 500 km<\/a><\/h3>\n<div class=\"content\">\n<div class=\"my-3\">\n<div class=\"business-static-text show\"><img loading=\"lazy\" class=\"alignnone size-full wp-image-95011\" src=\"https:\/\/www.showgroup.it\/blog\/wp-content\/uploads\/2024\/09\/8-7.jpg\" alt=\"\" width=\"1920\" height=\"1080\" srcset=\"https:\/\/www.showgroup.it\/blog\/wp-content\/uploads\/2024\/09\/8-7.jpg 1920w, https:\/\/www.showgroup.it\/blog\/wp-content\/uploads\/2024\/09\/8-7-300x169.jpg 300w, https:\/\/www.showgroup.it\/blog\/wp-content\/uploads\/2024\/09\/8-7-1024x576.jpg 1024w, https:\/\/www.showgroup.it\/blog\/wp-content\/uploads\/2024\/09\/8-7-768x432.jpg 768w, https:\/\/www.showgroup.it\/blog\/wp-content\/uploads\/2024\/09\/8-7-1536x864.jpg 1536w\" sizes=\"(max-width: 1920px) 100vw, 1920px\" \/>Un viaggio nel caleidoscopio della musica dei Beatles. Tutti i pezzi pi\u00f9 famosi dei Fab Four fedelmente riprodotti per un tuffo nel passato e nel sound degli anni &#8217;60.<\/div>\n<div><\/div>\n<\/div>\n<div><strong><a href=\"https:\/\/www.showgroup.it\/vetrina\/band\/strawberry-sky-beatles-band_c43251\" class=\"broken_link\">Contattali QUI!<\/a><\/strong><\/div>\n<h3><a href=\"https:\/\/www.showgroup.it\/vetrina\/band\/pmi-tributo-vasco-ligabue-e-negrita_c43465\">9. <span style=\"font-family: -apple-system, BlinkMacSystemFont, 'Segoe UI', Roboto, Oxygen-Sans, Ubuntu, Cantarell, 'Helvetica Neue', sans-serif;\">PMI Tributo Vasco, Ligabue e Negrita &#8211; Torino &#8211; Disponibili fino a 200 km<\/span><\/a><\/h3>\n<p><a href=\"https:\/\/www.showgroup.it\/vetrina\/band\/pmi-tributo-vasco-ligabue-e-negrita_c43465\"><img loading=\"lazy\" class=\"alignnone size-full wp-image-95012\" src=\"https:\/\/www.showgroup.it\/blog\/wp-content\/uploads\/2024\/09\/9-5.jpg\" alt=\"Band per concerto in piazza\" width=\"1920\" height=\"1080\" srcset=\"https:\/\/www.showgroup.it\/blog\/wp-content\/uploads\/2024\/09\/9-5.jpg 1920w, https:\/\/www.showgroup.it\/blog\/wp-content\/uploads\/2024\/09\/9-5-300x169.jpg 300w, https:\/\/www.showgroup.it\/blog\/wp-content\/uploads\/2024\/09\/9-5-1024x576.jpg 1024w, https:\/\/www.showgroup.it\/blog\/wp-content\/uploads\/2024\/09\/9-5-768x432.jpg 768w, https:\/\/www.showgroup.it\/blog\/wp-content\/uploads\/2024\/09\/9-5-1536x864.jpg 1536w\" sizes=\"(max-width: 1920px) 100vw, 1920px\" \/><\/a>PMI \u00e8 un progetto realizzato da molti musicisti Torinesi e non, con lo scopo di portare la musica italiana nelle piazze, manifestazioni e altro in Piemonte, Liguria e Lombardia.<\/p>\n<p>La musica proposta sono le canzoni dei cantanti pi\u00f9 noti Vasco Rossi, Luciano Ligabue, Negrita, ognuno con cantanti diversi e dedicati al proprio tributo.<\/p>\n<p><strong><a href=\"https:\/\/www.showgroup.it\/vetrina\/band\/pmi-tributo-vasco-ligabue-e-negrita_c43465\">Contattali QUI!<\/a><\/strong><\/p>\n<h3><a href=\"https:\/\/www.showgroup.it\/vetrina\/band\/timetravel-human-led-show_c43315\">10. TimeTravel &#8211; Human LED Show &#8211; Disponibili in tutta Italia<\/a><\/h3>\n<p><a href=\"https:\/\/www.showgroup.it\/vetrina\/band\/timetravel-human-led-show_c43315\"><img loading=\"lazy\" class=\"alignnone size-full wp-image-95013\" src=\"https:\/\/www.showgroup.it\/blog\/wp-content\/uploads\/2024\/09\/10-4.jpg\" alt=\"Band per concerto in piazza\" width=\"1920\" height=\"1080\" srcset=\"https:\/\/www.showgroup.it\/blog\/wp-content\/uploads\/2024\/09\/10-4.jpg 1920w, https:\/\/www.showgroup.it\/blog\/wp-content\/uploads\/2024\/09\/10-4-300x169.jpg 300w, https:\/\/www.showgroup.it\/blog\/wp-content\/uploads\/2024\/09\/10-4-1024x576.jpg 1024w, https:\/\/www.showgroup.it\/blog\/wp-content\/uploads\/2024\/09\/10-4-768x432.jpg 768w, https:\/\/www.showgroup.it\/blog\/wp-content\/uploads\/2024\/09\/10-4-1536x864.jpg 1536w\" sizes=\"(max-width: 1920px) 100vw, 1920px\" \/><\/a>TimeTravel &#8211; Human LED Show \u00e8 un travolgente spettacolo, unico nel suo genere e nel panorama italiano delle cover band.<\/p>\n<p>Musica dal vivo, coreografie coinvolgenti e video sincronizzati saranno il complemento agli abiti di luce, una tecnologia innovativa, concepita e realizzata da TimeTravel.<\/p>\n<p><strong><a href=\"https:\/\/www.showgroup.it\/vetrina\/band\/timetravel-human-led-show_c43315\">Contattali QUI!<\/a><\/strong><\/p>\n<\/div>\n<\/div>\n<\/div>\n<h2><a href=\"https:\/\/www.showgroup.it\">Non hai trovato quello che cercavi?<\/a><\/h2>\n<p>Se non sei ancora sicuro di quale band scegliere o vuoi esplorare altre opzioni, <strong>Showgroup<\/strong> ti offre una piattaforma gratuita e facile da navigare.<\/p>\n<p><strong><a href=\"https:\/\/www.showgroup.it\/privati\/registrazione\">Puoi iscriverti in un click<\/a><\/strong> e cominciare subito la tua ricerca.<\/p>\n<p><strong>Con Showgroup, trovare la band perfetta per il tuo concerto in piazza \u00e8 solo l&#8217;inizio: potrai creare un evento indimenticabile che far\u00e0 ballare tutti al ritmo della tua musica preferita!<\/strong><\/p>\n<\/div>\n<\/div>\n<\/div>\n<\/div>\n<div class=\"mt-1 flex gap-3 empty:hidden -ml-2\">\n<div class=\"items-center justify-start rounded-xl p-1 flex\">\n<div class=\"flex items-center\"><\/div>\n<\/div>\n<\/div>\n","protected":false},"excerpt":{"rendered":"<p>Immagina di organizzare un concerto in piazza, con la gente che si riunisce, l\u2019energia nell\u2019aria e la band che accende [&hellip;]<\/p>\n","protected":false},"author":1005,"featured_media":95014,"comment_status":"closed","ping_status":"closed","sticky":false,"template":"","format":"standard","meta":[],"categories":[664],"tags":[],"yoast_head":"<!-- This site is optimized with the Yoast SEO plugin v16.9 - https:\/\/yoast.com\/wordpress\/plugins\/seo\/ -->\n<title>Band per concerto in piazza? Le migliori da contattare su Showgroup<\/title>\n<meta name=\"description\" content=\"Scegli la band perfetta per un concerto in piazza e organizza il tuo evento con facilit\u00e0 grazie a Showgroup. Ecco i migliori talenti!\" \/>\n<meta name=\"robots\" content=\"index, follow, max-snippet:-1, max-image-preview:large, max-video-preview:-1\" \/>\n<link rel=\"canonical\" href=\"https:\/\/www.showgroup.it\/blog\/2024\/09\/18\/band-per-concerto-in-piazza-le-migliori-da-contattare-su-showgroup\/\" \/>\n<meta property=\"og:locale\" content=\"it_IT\" \/>\n<meta property=\"og:type\" content=\"article\" \/>\n<meta property=\"og:title\" content=\"Band per concerto in piazza? Le migliori da contattare su Showgroup\" \/>\n<meta property=\"og:description\" content=\"Scegli la band perfetta per un concerto in piazza e organizza il tuo evento con facilit\u00e0 grazie a Showgroup. Ecco i migliori talenti!\" \/>\n<meta property=\"og:url\" content=\"https:\/\/www.showgroup.it\/blog\/2024\/09\/18\/band-per-concerto-in-piazza-le-migliori-da-contattare-su-showgroup\/\" \/>\n<meta property=\"og:site_name\" content=\"Showgroup - Ready to be WOW!\" \/>\n<meta property=\"article:publisher\" content=\"https:\/\/www.facebook.com\/ShowGroupWow\/\" \/>\n<meta property=\"article:published_time\" content=\"2024-09-18T13:18:55+00:00\" \/>\n<meta property=\"article:modified_time\" content=\"2025-05-22T09:18:42+00:00\" \/>\n<meta property=\"og:image\" content=\"https:\/\/www.showgroup.it\/blog\/wp-content\/uploads\/2024\/09\/11-2.jpg\" \/>\n\t<meta property=\"og:image:width\" content=\"1920\" \/>\n\t<meta property=\"og:image:height\" content=\"1080\" \/>\n<meta name=\"twitter:card\" content=\"summary_large_image\" \/>\n<meta name=\"twitter:label1\" content=\"Scritto da\" \/>\n\t<meta name=\"twitter:data1\" content=\"Federica Arcangeli\" \/>\n\t<meta name=\"twitter:label2\" content=\"Tempo di lettura stimato\" \/>\n\t<meta name=\"twitter:data2\" content=\"8 minuti\" \/>\n<script type=\"application\/ld+json\" class=\"yoast-schema-graph\">{\"@context\":\"https:\/\/schema.org\",\"@graph\":[{\"@type\":\"Organization\",\"@id\":\"https:\/\/www.showgroup.it\/#organization\",\"name\":\"Showgroup\",\"url\":\"https:\/\/www.showgroup.it\/\",\"sameAs\":[\"https:\/\/www.facebook.com\/ShowGroupWow\/\",\"https:\/\/www.instagram.com\/showgroupwow\/\"],\"logo\":{\"@type\":\"ImageObject\",\"@id\":\"https:\/\/www.showgroup.it\/#logo\",\"inLanguage\":\"it-IT\",\"url\":\"https:\/\/www.showgroup.it\/blog\/wp-content\/uploads\/2025\/01\/logo-black.svg\",\"contentUrl\":\"https:\/\/www.showgroup.it\/blog\/wp-content\/uploads\/2025\/01\/logo-black.svg\",\"width\":1440,\"height\":916,\"caption\":\"Showgroup\"},\"image\":{\"@id\":\"https:\/\/www.showgroup.it\/#logo\"}},{\"@type\":\"WebSite\",\"@id\":\"https:\/\/www.showgroup.it\/#website\",\"url\":\"https:\/\/www.showgroup.it\/\",\"name\":\"Showgroup - Ready to be WOW!\",\"description\":\"Il primo portale gratuito dedicato al mondo dello spettacolo.\",\"publisher\":{\"@id\":\"https:\/\/www.showgroup.it\/#organization\"},\"potentialAction\":[{\"@type\":\"SearchAction\",\"target\":{\"@type\":\"EntryPoint\",\"urlTemplate\":\"https:\/\/www.showgroup.it\/?s={search_term_string}\"},\"query-input\":\"required name=search_term_string\"}],\"inLanguage\":\"it-IT\"},{\"@type\":\"ImageObject\",\"@id\":\"https:\/\/www.showgroup.it\/blog\/2024\/09\/18\/band-per-concerto-in-piazza-le-migliori-da-contattare-su-showgroup\/#primaryimage\",\"inLanguage\":\"it-IT\",\"url\":\"https:\/\/www.showgroup.it\/blog\/wp-content\/uploads\/2024\/09\/11-2.jpg\",\"contentUrl\":\"https:\/\/www.showgroup.it\/blog\/wp-content\/uploads\/2024\/09\/11-2.jpg\",\"width\":1920,\"height\":1080,\"caption\":\"Band per concerto in piazza\"},{\"@type\":\"WebPage\",\"@id\":\"https:\/\/www.showgroup.it\/blog\/2024\/09\/18\/band-per-concerto-in-piazza-le-migliori-da-contattare-su-showgroup\/#webpage\",\"url\":\"https:\/\/www.showgroup.it\/blog\/2024\/09\/18\/band-per-concerto-in-piazza-le-migliori-da-contattare-su-showgroup\/\",\"name\":\"Band per concerto in piazza? Le migliori da contattare su Showgroup\",\"isPartOf\":{\"@id\":\"https:\/\/www.showgroup.it\/#website\"},\"primaryImageOfPage\":{\"@id\":\"https:\/\/www.showgroup.it\/blog\/2024\/09\/18\/band-per-concerto-in-piazza-le-migliori-da-contattare-su-showgroup\/#primaryimage\"},\"datePublished\":\"2024-09-18T13:18:55+00:00\",\"dateModified\":\"2025-05-22T09:18:42+00:00\",\"description\":\"Scegli la band perfetta per un concerto in piazza e organizza il tuo evento con facilit\\u00e0 grazie a Showgroup. Ecco i migliori talenti!\",\"breadcrumb\":{\"@id\":\"https:\/\/www.showgroup.it\/blog\/2024\/09\/18\/band-per-concerto-in-piazza-le-migliori-da-contattare-su-showgroup\/#breadcrumb\"},\"inLanguage\":\"it-IT\",\"potentialAction\":[{\"@type\":\"ReadAction\",\"target\":[\"https:\/\/www.showgroup.it\/blog\/2024\/09\/18\/band-per-concerto-in-piazza-le-migliori-da-contattare-su-showgroup\/\"]}]},{\"@type\":\"BreadcrumbList\",\"@id\":\"https:\/\/www.showgroup.it\/blog\/2024\/09\/18\/band-per-concerto-in-piazza-le-migliori-da-contattare-su-showgroup\/#breadcrumb\",\"itemListElement\":[{\"@type\":\"ListItem\",\"position\":1,\"name\":\"Home\",\"item\":\"https:\/\/www.showgroup.it\/blog\/\"},{\"@type\":\"ListItem\",\"position\":2,\"name\":\"Band per concerto in piazza? Le migliori da contattare su Showgroup\"}]},{\"@type\":\"Article\",\"@id\":\"https:\/\/www.showgroup.it\/blog\/2024\/09\/18\/band-per-concerto-in-piazza-le-migliori-da-contattare-su-showgroup\/#article\",\"isPartOf\":{\"@id\":\"https:\/\/www.showgroup.it\/blog\/2024\/09\/18\/band-per-concerto-in-piazza-le-migliori-da-contattare-su-showgroup\/#webpage\"},\"author\":{\"@id\":\"https:\/\/www.showgroup.it\/#\/schema\/person\/763483514afb25912ec4d04ef2e8c3ee\"},\"headline\":\"Band per concerto in piazza? Le migliori da contattare su Showgroup\",\"datePublished\":\"2024-09-18T13:18:55+00:00\",\"dateModified\":\"2025-05-22T09:18:42+00:00\",\"mainEntityOfPage\":{\"@id\":\"https:\/\/www.showgroup.it\/blog\/2024\/09\/18\/band-per-concerto-in-piazza-le-migliori-da-contattare-su-showgroup\/#webpage\"},\"wordCount\":1295,\"publisher\":{\"@id\":\"https:\/\/www.showgroup.it\/#organization\"},\"image\":{\"@id\":\"https:\/\/www.showgroup.it\/blog\/2024\/09\/18\/band-per-concerto-in-piazza-le-migliori-da-contattare-su-showgroup\/#primaryimage\"},\"thumbnailUrl\":\"https:\/\/www.showgroup.it\/blog\/wp-content\/uploads\/2024\/09\/11-2.jpg\",\"articleSection\":[\"Spettacolo e musica\"],\"inLanguage\":\"it-IT\"},{\"@type\":\"Person\",\"@id\":\"https:\/\/www.showgroup.it\/#\/schema\/person\/763483514afb25912ec4d04ef2e8c3ee\",\"name\":\"Federica Arcangeli\",\"image\":{\"@type\":\"ImageObject\",\"@id\":\"https:\/\/www.showgroup.it\/#personlogo\",\"inLanguage\":\"it-IT\",\"url\":\"https:\/\/secure.gravatar.com\/avatar\/0ad901789669410a5b20974ed22142ba?s=96&d=mm&r=g\",\"contentUrl\":\"https:\/\/secure.gravatar.com\/avatar\/0ad901789669410a5b20974ed22142ba?s=96&d=mm&r=g\",\"caption\":\"Federica Arcangeli\"}}]}<\/script>\n<!-- \/ Yoast SEO plugin. -->","yoast_head_json":{"title":"Band per concerto in piazza? Le migliori da contattare su Showgroup","description":"Scegli la band perfetta per un concerto in piazza e organizza il tuo evento con facilit\u00e0 grazie a Showgroup. Ecco i migliori talenti!","robots":{"index":"index","follow":"follow","max-snippet":"max-snippet:-1","max-image-preview":"max-image-preview:large","max-video-preview":"max-video-preview:-1"},"canonical":"https:\/\/www.showgroup.it\/blog\/2024\/09\/18\/band-per-concerto-in-piazza-le-migliori-da-contattare-su-showgroup\/","og_locale":"it_IT","og_type":"article","og_title":"Band per concerto in piazza? Le migliori da contattare su Showgroup","og_description":"Scegli la band perfetta per un concerto in piazza e organizza il tuo evento con facilit\u00e0 grazie a Showgroup. Ecco i migliori talenti!","og_url":"https:\/\/www.showgroup.it\/blog\/2024\/09\/18\/band-per-concerto-in-piazza-le-migliori-da-contattare-su-showgroup\/","og_site_name":"Showgroup - Ready to be WOW!","article_publisher":"https:\/\/www.facebook.com\/ShowGroupWow\/","article_published_time":"2024-09-18T13:18:55+00:00","article_modified_time":"2025-05-22T09:18:42+00:00","og_image":[{"width":1920,"height":1080,"filesize":140433,"url":"https:\/\/www.showgroup.it\/blog\/wp-content\/uploads\/2024\/09\/11-2.jpg","path":"\/sites\/www.showgroup.it\/files\/blog\/wp-content\/uploads\/2024\/09\/11-2.jpg","size":"full","id":95014,"alt":"Band per concerto in piazza","pixels":2073600,"type":"image\/jpeg"}],"twitter_card":"summary_large_image","twitter_misc":{"Scritto da":"Federica Arcangeli","Tempo di lettura stimato":"8 minuti"},"schema":{"@context":"https:\/\/schema.org","@graph":[{"@type":"Organization","@id":"https:\/\/www.showgroup.it\/#organization","name":"Showgroup","url":"https:\/\/www.showgroup.it\/","sameAs":["https:\/\/www.facebook.com\/ShowGroupWow\/","https:\/\/www.instagram.com\/showgroupwow\/"],"logo":{"@type":"ImageObject","@id":"https:\/\/www.showgroup.it\/#logo","inLanguage":"it-IT","url":"https:\/\/www.showgroup.it\/blog\/wp-content\/uploads\/2025\/01\/logo-black.svg","contentUrl":"https:\/\/www.showgroup.it\/blog\/wp-content\/uploads\/2025\/01\/logo-black.svg","width":1440,"height":916,"caption":"Showgroup"},"image":{"@id":"https:\/\/www.showgroup.it\/#logo"}},{"@type":"WebSite","@id":"https:\/\/www.showgroup.it\/#website","url":"https:\/\/www.showgroup.it\/","name":"Showgroup - Ready to be WOW!","description":"Il primo portale gratuito dedicato al mondo dello spettacolo.","publisher":{"@id":"https:\/\/www.showgroup.it\/#organization"},"potentialAction":[{"@type":"SearchAction","target":{"@type":"EntryPoint","urlTemplate":"https:\/\/www.showgroup.it\/?s={search_term_string}"},"query-input":"required name=search_term_string"}],"inLanguage":"it-IT"},{"@type":"ImageObject","@id":"https:\/\/www.showgroup.it\/blog\/2024\/09\/18\/band-per-concerto-in-piazza-le-migliori-da-contattare-su-showgroup\/#primaryimage","inLanguage":"it-IT","url":"https:\/\/www.showgroup.it\/blog\/wp-content\/uploads\/2024\/09\/11-2.jpg","contentUrl":"https:\/\/www.showgroup.it\/blog\/wp-content\/uploads\/2024\/09\/11-2.jpg","width":1920,"height":1080,"caption":"Band per concerto in piazza"},{"@type":"WebPage","@id":"https:\/\/www.showgroup.it\/blog\/2024\/09\/18\/band-per-concerto-in-piazza-le-migliori-da-contattare-su-showgroup\/#webpage","url":"https:\/\/www.showgroup.it\/blog\/2024\/09\/18\/band-per-concerto-in-piazza-le-migliori-da-contattare-su-showgroup\/","name":"Band per concerto in piazza? Le migliori da contattare su Showgroup","isPartOf":{"@id":"https:\/\/www.showgroup.it\/#website"},"primaryImageOfPage":{"@id":"https:\/\/www.showgroup.it\/blog\/2024\/09\/18\/band-per-concerto-in-piazza-le-migliori-da-contattare-su-showgroup\/#primaryimage"},"datePublished":"2024-09-18T13:18:55+00:00","dateModified":"2025-05-22T09:18:42+00:00","description":"Scegli la band perfetta per un concerto in piazza e organizza il tuo evento con facilit\u00e0 grazie a Showgroup. Ecco i migliori talenti!","breadcrumb":{"@id":"https:\/\/www.showgroup.it\/blog\/2024\/09\/18\/band-per-concerto-in-piazza-le-migliori-da-contattare-su-showgroup\/#breadcrumb"},"inLanguage":"it-IT","potentialAction":[{"@type":"ReadAction","target":["https:\/\/www.showgroup.it\/blog\/2024\/09\/18\/band-per-concerto-in-piazza-le-migliori-da-contattare-su-showgroup\/"]}]},{"@type":"BreadcrumbList","@id":"https:\/\/www.showgroup.it\/blog\/2024\/09\/18\/band-per-concerto-in-piazza-le-migliori-da-contattare-su-showgroup\/#breadcrumb","itemListElement":[{"@type":"ListItem","position":1,"name":"Home","item":"https:\/\/www.showgroup.it\/blog\/"},{"@type":"ListItem","position":2,"name":"Band per concerto in piazza? Le migliori da contattare su Showgroup"}]},{"@type":"Article","@id":"https:\/\/www.showgroup.it\/blog\/2024\/09\/18\/band-per-concerto-in-piazza-le-migliori-da-contattare-su-showgroup\/#article","isPartOf":{"@id":"https:\/\/www.showgroup.it\/blog\/2024\/09\/18\/band-per-concerto-in-piazza-le-migliori-da-contattare-su-showgroup\/#webpage"},"author":{"@id":"https:\/\/www.showgroup.it\/#\/schema\/person\/763483514afb25912ec4d04ef2e8c3ee"},"headline":"Band per concerto in piazza? Le migliori da contattare su Showgroup","datePublished":"2024-09-18T13:18:55+00:00","dateModified":"2025-05-22T09:18:42+00:00","mainEntityOfPage":{"@id":"https:\/\/www.showgroup.it\/blog\/2024\/09\/18\/band-per-concerto-in-piazza-le-migliori-da-contattare-su-showgroup\/#webpage"},"wordCount":1295,"publisher":{"@id":"https:\/\/www.showgroup.it\/#organization"},"image":{"@id":"https:\/\/www.showgroup.it\/blog\/2024\/09\/18\/band-per-concerto-in-piazza-le-migliori-da-contattare-su-showgroup\/#primaryimage"},"thumbnailUrl":"https:\/\/www.showgroup.it\/blog\/wp-content\/uploads\/2024\/09\/11-2.jpg","articleSection":["Spettacolo e musica"],"inLanguage":"it-IT"},{"@type":"Person","@id":"https:\/\/www.showgroup.it\/#\/schema\/person\/763483514afb25912ec4d04ef2e8c3ee","name":"Federica Arcangeli","image":{"@type":"ImageObject","@id":"https:\/\/www.showgroup.it\/#personlogo","inLanguage":"it-IT","url":"https:\/\/secure.gravatar.com\/avatar\/0ad901789669410a5b20974ed22142ba?s=96&d=mm&r=g","contentUrl":"https:\/\/secure.gravatar.com\/avatar\/0ad901789669410a5b20974ed22142ba?s=96&d=mm&r=g","caption":"Federica Arcangeli"}}]}},"_links":{"self":[{"href":"https:\/\/www.showgroup.it\/blog\/wp-json\/wp\/v2\/posts\/95003"}],"collection":[{"href":"https:\/\/www.showgroup.it\/blog\/wp-json\/wp\/v2\/posts"}],"about":[{"href":"https:\/\/www.showgroup.it\/blog\/wp-json\/wp\/v2\/types\/post"}],"author":[{"embeddable":true,"href":"https:\/\/www.showgroup.it\/blog\/wp-json\/wp\/v2\/users\/1005"}],"replies":[{"embeddable":true,"href":"https:\/\/www.showgroup.it\/blog\/wp-json\/wp\/v2\/comments?post=95003"}],"version-history":[{"count":1,"href":"https:\/\/www.showgroup.it\/blog\/wp-json\/wp\/v2\/posts\/95003\/revisions"}],"predecessor-version":[{"id":98550,"href":"https:\/\/www.showgroup.it\/blog\/wp-json\/wp\/v2\/posts\/95003\/revisions\/98550"}],"wp:featuredmedia":[{"embeddable":true,"href":"https:\/\/www.showgroup.it\/blog\/wp-json\/wp\/v2\/media\/95014"}],"wp:attachment":[{"href":"https:\/\/www.showgroup.it\/blog\/wp-json\/wp\/v2\/media?parent=95003"}],"wp:term":[{"taxonomy":"category","embeddable":true,"href":"https:\/\/www.showgroup.it\/blog\/wp-json\/wp\/v2\/categories?post=95003"},{"taxonomy":"post_tag","embeddable":true,"href":"https:\/\/www.showgroup.it\/blog\/wp-json\/wp\/v2\/tags?post=95003"}],"curies":[{"name":"wp","href":"https:\/\/api.w.org\/{rel}","templated":true}]}}