{"id":95243,"date":"2024-10-03T11:42:23","date_gmt":"2024-10-03T09:42:23","guid":{"rendered":"https:\/\/www.showgroup.it\/?p=95243"},"modified":"2025-05-22T11:01:24","modified_gmt":"2025-05-22T09:01:24","slug":"festa-di-compleanno-a-tema-invernale-ispirazioni-per-la-stagione","status":"publish","type":"post","link":"https:\/\/www.showgroup.it\/blog\/2024\/10\/03\/festa-di-compleanno-a-tema-invernale-ispirazioni-per-la-stagione\/","title":{"rendered":"Festa di compleanno a tema invernale: ispirazioni per la stagione"},"content":{"rendered":"<p><strong>Stiamo per rivelarti tutti i segreti per organizzare una festa di compleanno a tema invernale pazzesca.<\/strong><\/p>\n<p><strong>D\u00ec la verit\u00e0, lo sappiamo anche noi: hai sempre sognato di trasformare il tuo compleanno in un paese delle meraviglie invernale!<\/strong><\/p>\n<p><strong>L&#8217;inverno non \u00e8 solo freddo e neve!<\/strong><\/p>\n<p>\u00c8 la stagione in cui la magia si fa palpabile nell\u2019aria, con fiocchi di neve che cadono come piccoli cristalli, luci scintillanti che illuminano le serate buie e quella sensazione di calore che si prova con una cioccolata calda tra le mani.<\/p>\n<p><strong> Se sei nato in questo periodo, perch\u00e9 non rendere la tua festa di compleanno un vero e proprio evento da fiaba invernale?<\/strong><\/p>\n<p>Con un pizzico di fantasia e qualche trucco creativo, puoi portare la magia del ghiaccio e della neve dentro la tua celebrazione, che diventer\u00e0 indimenticabile sia per te che per i tuoi ospiti.<\/p>\n<p><strong>E no, non parliamo di stare al freddo!<\/strong><\/p>\n<h2><a href=\"https:\/\/www.showgroup.it\/\"><strong>Idee di decorazioni per la festa di compleanno a tema invernale<\/strong><\/a><\/h2>\n<p><strong><img loading=\"lazy\" class=\"alignnone size-full wp-image-95244\" src=\"https:\/\/www.showgroup.it\/blog\/wp-content\/uploads\/2024\/10\/1-1.jpg\" alt=\"\" width=\"1920\" height=\"1080\" srcset=\"https:\/\/www.showgroup.it\/blog\/wp-content\/uploads\/2024\/10\/1-1.jpg 1920w, https:\/\/www.showgroup.it\/blog\/wp-content\/uploads\/2024\/10\/1-1-300x169.jpg 300w, https:\/\/www.showgroup.it\/blog\/wp-content\/uploads\/2024\/10\/1-1-1024x576.jpg 1024w, https:\/\/www.showgroup.it\/blog\/wp-content\/uploads\/2024\/10\/1-1-768x432.jpg 768w, https:\/\/www.showgroup.it\/blog\/wp-content\/uploads\/2024\/10\/1-1-1536x864.jpg 1536w\" sizes=\"(max-width: 1920px) 100vw, 1920px\" \/>Il primo passo per creare l\u2019atmosfera perfetta sono le decorazioni!<\/strong><\/p>\n<p>Immagina di trasformare il salotto di casa o la location della tua festa in un luogo incantato, degno di una regina o re delle nevi.<\/p>\n<p><strong>Le parole chiave qui sono due: bianco e brillantezza. Ma come fare?<\/strong><\/p>\n<ul>\n<li><strong>luci scintillanti:<\/strong> appendi fili di luci a led ovunque tu possa! Non c&#8217;\u00e8 modo migliore per dare alla tua festa quel tocco di magia. Puoi avvolgerle attorno a sedie, lungo le pareti, sopra la tavola. E, se vuoi osare, crea un soffitto di luci: effetto wow assicurato!<\/li>\n<li><strong>fiocchi di neve e ghiaccioli:<\/strong> scommetto che non hai mai pensato di appendere ghiaccioli di carta dal soffitto! Puoi crearli facilmente con carta lucida e qualche filo trasparente per farli scendere dall\u2019alto. E non dimenticare i fiocchi di neve! Crea tantissimi ritagli di carta bianca e argentata e spargili ovunque: sulle finestre, sul tavolo, persino sulle sedie.<\/li>\n<li><strong>pigne e rami innevati:<\/strong> s\u00ec, una bella composizione di pigne verniciate di bianco e rami secchi pu\u00f2 sembrare un dettaglio rustico, ma se li decori con glitter e li abbini a qualche candela profumata, il risultato sar\u00e0 tutt&#8217;altro che semplice. Sar\u00e0 l\u2019ode all\u2019inverno pi\u00f9 elegante e chic che ci sia!<\/li>\n<\/ul>\n<p><strong>Sai che<a href=\"https:\/\/www.showgroup.it\/privati\/registrazione\"> iscrivendoti a Showgroup gratuitamente<\/a> puoi vedere i lavori di tantissimi professionisti delle decorazioni e contattarli per preventivi gratuiti?<\/strong><\/p>\n<p><strong><a href=\"https:\/\/www.showgroup.it\/vetrine\/addobbi-e-allestimenti?_gl=1*1bvoba9*_up*MQ..*_ga*MzkwMzU1ODM5LjE3Mjc4OTExOTA.*_ga_C29RJEHQDH*MTcyNzg5MTE4OS4xLjAuMTcyNzg5MTE4OS4wLjAuNTMzMjk5MjUx\">Guarda QUI tutti i profili!<\/a><\/strong><\/p>\n<h2><a href=\"https:\/\/www.showgroup.it\/\"><strong>Abiti a tema invernale: tutti eleganti e&#8230; senza piumoni!<\/strong><\/a><\/h2>\n<p><strong><a href=\"https:\/\/www.showgroup.it\/\"><img loading=\"lazy\" class=\"alignnone size-full wp-image-95247\" src=\"https:\/\/www.showgroup.it\/blog\/wp-content\/uploads\/2024\/10\/4.jpg\" alt=\"festa di compleanno a tema invernale\" width=\"1920\" height=\"1080\" srcset=\"https:\/\/www.showgroup.it\/blog\/wp-content\/uploads\/2024\/10\/4.jpg 1920w, https:\/\/www.showgroup.it\/blog\/wp-content\/uploads\/2024\/10\/4-300x169.jpg 300w, https:\/\/www.showgroup.it\/blog\/wp-content\/uploads\/2024\/10\/4-1024x576.jpg 1024w, https:\/\/www.showgroup.it\/blog\/wp-content\/uploads\/2024\/10\/4-768x432.jpg 768w, https:\/\/www.showgroup.it\/blog\/wp-content\/uploads\/2024\/10\/4-1536x864.jpg 1536w\" sizes=\"(max-width: 1920px) 100vw, 1920px\" \/><\/a>Cosa c\u2019\u00e8 di pi\u00f9 divertente che invitare i tuoi ospiti a vestirsi secondo il tema della tua festa?<\/strong><\/p>\n<p>Potrebbe sembrare un\u2019impresa ardua quando fuori fa freddo, ma puoi creare un dress code invernale che faccia sentire tutti a loro agio e festosi allo stesso tempo.<\/p>\n<ul>\n<li><strong>glamour invernale:<\/strong> chiedi ai tuoi ospiti di vestirsi come se dovessero partecipare a una cena in un palazzo di ghiaccio! Tonalit\u00e0 fredde come il blu, l&#8217;argento e il bianco saranno i protagonisti. Paillettes e glitter? S\u00ec, grazie!<\/li>\n<li><strong>personaggi invernali:<\/strong> se vuoi una festa pi\u00f9 divertente e giocosa, suggerisci un dress code che ricordi i personaggi dell\u2019inverno: pupazzi di neve, elfi, renne e persino Babbo Natale possono fare il loro ingresso in grande stile.<\/li>\n<li><strong>accessori a tema:<\/strong> perch\u00e9 non fornire ai tuoi invitati un piccolo regalo all\u2019ingresso? Cappelli da Babbo Natale, fasce con corna da renna o sciarpe scintillanti potrebbero essere l\u2019accessorio perfetto per aggiungere un po&#8217; di magia in pi\u00f9 alla serata.<\/li>\n<\/ul>\n<p>Puoi anche pensare ad una festa di compleanno a tema invernale e in costume!<\/p>\n<p><strong>Su <a href=\"https:\/\/www.showgroup.it\/privati\/registrazione\">Showgroup<\/a> trovi tantissimi sarti e professionisti dei costumi pronti a soddisfare ogni tua richiesta.<\/strong><\/p>\n<p><strong><a href=\"https:\/\/www.showgroup.it\/vetrine\/abiti-e-costumi?_gl=1*3eflk5*_up*MQ..*_ga*MzkwMzU1ODM5LjE3Mjc4OTExOTA.*_ga_C29RJEHQDH*MTcyNzg5MTE4OS4xLjAuMTcyNzg5MTIwNS4wLjAuNTMzMjk5MjUx\">Guardali tutti QUI!<\/a><\/strong><\/p>\n<h2><a href=\"https:\/\/www.showgroup.it\"><strong>Intrattenimento invernale: risate e giochi sotto zero!<\/strong><\/a><\/h2>\n<p><strong>Ogni festa che si rispetti ha bisogno di giochi e intrattenimento.<\/strong><\/p>\n<p><strong>E se li adattassimo al tema invernale?<\/strong><\/p>\n<p>Ecco alcune idee che lasceranno i tuoi ospiti con un sorriso che si scioglie meno del ghiaccio:<\/p>\n<ul>\n<li><strong>corsa con i sacchi (versione pupazzo di neve):<\/strong> ok, forse una corsa con i sacchi classica \u00e8 un po&#8217; troppo estiva, ma cosa ne dici di far indossare ai tuoi ospiti costumi gonfiabili da pupazzi di neve e sfidarli in una corsa a ostacoli? Sar\u00e0 esilarante vedere amici e parenti rotolare qua e l\u00e0 con buffi costumi addosso.<\/li>\n<li><strong>karaoke natalizio:<\/strong> un po&#8217; di musica non guasta mai, e quale occasione migliore per sfidare gli amici a un karaoke a tema natalizio? Dal classico &#8220;Jingle Bells&#8221; a qualcosa di pi\u00f9 moderno come &#8220;All I Want for Christmas Is You&#8221;, sar\u00e0 il momento perfetto per riscaldare l\u2019atmosfera con tante risate e stonature!<\/li>\n<li><strong>photo booth glaciale:<\/strong> crea una stazione per foto con uno sfondo innevato e tanti accessori divertenti: baffi finti, occhiali da sole con fiocchi di neve, cappelli da elfo. I tuoi ospiti si divertiranno un mondo a scattare foto ricordo!<\/li>\n<\/ul>\n<p><strong>Non sai quale gioco proporre? <a href=\"https:\/\/www.showgroup.it\/vetrine\/animatore?_gl=1*1p1tspo*_up*MQ..*_ga*MzkwMzU1ODM5LjE3Mjc4OTExOTA.*_ga_C29RJEHQDH*MTcyNzg5MTE4OS4xLjAuMTcyNzg5MTMyNS4wLjAuNTMzMjk5MjUx\">Affidati agli animatori!<\/a> Su Showgroup puoi vedere tutti i prezzi e contattarli direttamente.<\/strong><\/p>\n<p><strong><a href=\"https:\/\/www.showgroup.it\/privati\/registrazione\">Ti basta iscriverti QUI!<\/a><\/strong><\/p>\n<h2><a href=\"https:\/\/www.showgroup.it\"><strong>Come Showgroup organizzi una festa senza pensieri<\/strong><\/a><\/h2>\n<p><strong><a href=\"https:\/\/www.showgroup.it\/\"><img loading=\"lazy\" class=\"alignnone size-full wp-image-95246\" src=\"https:\/\/www.showgroup.it\/blog\/wp-content\/uploads\/2024\/10\/3-1.jpg\" alt=\"\" width=\"1920\" height=\"1080\" srcset=\"https:\/\/www.showgroup.it\/blog\/wp-content\/uploads\/2024\/10\/3-1.jpg 1920w, https:\/\/www.showgroup.it\/blog\/wp-content\/uploads\/2024\/10\/3-1-300x169.jpg 300w, https:\/\/www.showgroup.it\/blog\/wp-content\/uploads\/2024\/10\/3-1-1024x576.jpg 1024w, https:\/\/www.showgroup.it\/blog\/wp-content\/uploads\/2024\/10\/3-1-768x432.jpg 768w, https:\/\/www.showgroup.it\/blog\/wp-content\/uploads\/2024\/10\/3-1-1536x864.jpg 1536w\" sizes=\"(max-width: 1920px) 100vw, 1920px\" \/><\/a><\/strong><\/p>\n<p><strong>Se hai paura che organizzare tutto questo possa essere impegnativo, non temere! Showgroup \u00e8 qui per te.<\/strong><\/p>\n<p>Su Showgroup puoi trovare quello che ti serve per rendere la tua festa di compleanno a tema invernale un vero successo.<\/p>\n<p><strong><a href=\"https:\/\/www.showgroup.it\/vetrine\/dimore-storiche?_gl=1*6336nt*_up*MQ..*_ga*MzkwMzU1ODM5LjE3Mjc4OTExOTA.*_ga_C29RJEHQDH*MTcyNzg5MTE4OS4xLjAuMTcyNzg5MTQyNC4wLjAuNTMzMjk5MjUx\">Cerchi location magiche<\/a>, come una baita in montagna o una villa immersa nel bosco per ospitare la tua festa?<\/strong><\/p>\n<p>Su Showgroup troverai tantissime opzioni, con preventivi facili e veloci da richiedere, senza stress!<\/p>\n<p><strong>Per quanto riguarda l\u2019intrattenimento? <a href=\"https:\/\/www.showgroup.it\/vetrine\/dj?_gl=1*15hlgvc*_up*MQ..*_ga*MzkwMzU1ODM5LjE3Mjc4OTExOTA.*_ga_C29RJEHQDH*MTcyNzg5MTE4OS4xLjAuMTcyNzg5MTQ4MS4wLjAuNTMzMjk5MjUx\">Puoi ingaggiare un DJ<\/a><\/strong> per far ballare tutti fino a tarda notte, o un <a href=\"https:\/\/www.showgroup.it\/vetrine\/animatore\"><strong>animatore<\/strong><\/a> che coordini i giochi e renda la serata davvero speciale.<\/p>\n<p><strong><a href=\"https:\/\/www.showgroup.it\/vetrine\/make-up-artist?_gl=1*79m05f*_up*MQ..*_ga*MzkwMzU1ODM5LjE3Mjc4OTExOTA.*_ga_C29RJEHQDH*MTcyNzg5MTE4OS4xLjAuMTcyNzg5MTUzNy4wLjAuNTMzMjk5MjUx\">Chi ha detto make-up artist? <\/a><\/strong>Per un look invernale da principessa o principe delle nevi, non dimenticare il trucco!<\/p>\n<p>Showgroup ti mette a disposizione esperti di ogni settore che sapranno rendere la tua festa di compleanno a tema invernale perfetta!<\/p>\n<p><strong><a href=\"https:\/\/www.showgroup.it\/privati\/registrazione\">Iscriviti QUI gratuitamente.<\/a><\/strong><\/p>\n<h2><a href=\"https:\/\/www.showgroup.it\"><strong>Piccoli doni che scaldano il cuore<\/strong><\/a><\/h2>\n<p>Vuoi lasciare ai tuoi ospiti un piccolo ricordo della serata? Anche qui, il tema invernale offre mille possibilit\u00e0! Puoi scegliere bomboniere che siano piccole e delicate, ma che allo stesso tempo trasmettano calore e affetto.<\/p>\n<p><strong>Ad esempio, le classiche tazze personalizzate!<\/strong><\/p>\n<p>Regala una tazza decorata con un piccolo messaggio invernale o un disegno natalizio. Un pensiero semplice ma sempre utile, magari accompagnato da qualche bustina di t\u00e8 o cioccolata calda.<\/p>\n<p><strong>Che ne pensi di piccoli barattoli di marmellata?<\/strong><\/p>\n<p>Dolci, casalinghi e irresistibili! Puoi far preparare per i tuoi ospiti dei barattolini di marmellata artigianale, magari a tema invernale, come marmellata di arance o mele e cannella.<\/p>\n<p><strong>Se cerchi dei <a href=\"https:\/\/www.showgroup.it\/vetrine\/gadget-personalizzati?_gl=1*6xxeaw*_up*MQ..*_ga*MzkwMzU1ODM5LjE3Mjc4OTExOTA.*_ga_C29RJEHQDH*MTcyNzg5MTE4OS4xLjAuMTcyNzg5MTU2Ni4wLjAuNTMzMjk5MjUx\">Gadget artigianali<\/a>, ancora una volta Showgroup ha quello di cui hai bisogno!<\/strong><\/p>\n<h2><a href=\"https:\/\/www.showgroup.it\"><strong>Non hai trovato quello che cercavi?<\/strong><\/a><\/h2>\n<p>Se non hai ancora trovato l\u2019ispirazione perfetta per la tua festa di compleanno a tema invernale, niente paura!<\/p>\n<p>Ogni evento \u00e8 unico, e Showgroup ti offre tantissime altre opzioni da esplorare.<\/p>\n<p>Dalla scelta delle location agli artisti, Showgroup \u00e8 il tuo alleato perfetto per organizzare feste indimenticabili.<\/p>\n<p><strong><a href=\"https:\/\/www.showgroup.it\/privati\/registrazione\">Iscriviti qui<\/a> e se hai dubbi, non esitare a contattarci!<\/strong><\/p>\n","protected":false},"excerpt":{"rendered":"<p>Stiamo per rivelarti tutti i segreti per organizzare una festa di compleanno a tema invernale pazzesca. D\u00ec la verit\u00e0, lo [&hellip;]<\/p>\n","protected":false},"author":1005,"featured_media":95245,"comment_status":"closed","ping_status":"closed","sticky":false,"template":"","format":"standard","meta":[],"categories":[661],"tags":[],"yoast_head":"<!-- This site is optimized with the Yoast SEO plugin v16.9 - https:\/\/yoast.com\/wordpress\/plugins\/seo\/ -->\n<title>Festa di compleanno a tema invernale: ispirazioni per la stagione<\/title>\n<meta name=\"description\" content=\"Fesa di compleanno a tema invernale significa festa magica! Ecco tutte le idee e i professionisti consigliati da Showgroup!\" \/>\n<meta name=\"robots\" content=\"index, follow, max-snippet:-1, max-image-preview:large, max-video-preview:-1\" \/>\n<link rel=\"canonical\" href=\"https:\/\/www.showgroup.it\/blog\/2024\/10\/03\/festa-di-compleanno-a-tema-invernale-ispirazioni-per-la-stagione\/\" \/>\n<meta property=\"og:locale\" content=\"it_IT\" \/>\n<meta property=\"og:type\" content=\"article\" \/>\n<meta property=\"og:title\" content=\"Festa di compleanno a tema invernale: ispirazioni per la stagione\" \/>\n<meta property=\"og:description\" content=\"Fesa di compleanno a tema invernale significa festa magica! Ecco tutte le idee e i professionisti consigliati da Showgroup!\" \/>\n<meta property=\"og:url\" content=\"https:\/\/www.showgroup.it\/blog\/2024\/10\/03\/festa-di-compleanno-a-tema-invernale-ispirazioni-per-la-stagione\/\" \/>\n<meta property=\"og:site_name\" content=\"Showgroup - Ready to be WOW!\" \/>\n<meta property=\"article:publisher\" content=\"https:\/\/www.facebook.com\/ShowGroupWow\/\" \/>\n<meta property=\"article:published_time\" content=\"2024-10-03T09:42:23+00:00\" \/>\n<meta property=\"article:modified_time\" content=\"2025-05-22T09:01:24+00:00\" \/>\n<meta property=\"og:image\" content=\"https:\/\/www.showgroup.it\/blog\/wp-content\/uploads\/2024\/10\/2-1.jpg\" \/>\n\t<meta property=\"og:image:width\" content=\"1920\" \/>\n\t<meta property=\"og:image:height\" content=\"1080\" \/>\n<meta name=\"twitter:card\" content=\"summary_large_image\" \/>\n<meta name=\"twitter:label1\" content=\"Scritto da\" \/>\n\t<meta name=\"twitter:data1\" content=\"Federica Arcangeli\" \/>\n\t<meta name=\"twitter:label2\" content=\"Tempo di lettura stimato\" \/>\n\t<meta name=\"twitter:data2\" content=\"6 minuti\" \/>\n<script type=\"application\/ld+json\" class=\"yoast-schema-graph\">{\"@context\":\"https:\/\/schema.org\",\"@graph\":[{\"@type\":\"Organization\",\"@id\":\"https:\/\/www.showgroup.it\/#organization\",\"name\":\"Showgroup\",\"url\":\"https:\/\/www.showgroup.it\/\",\"sameAs\":[\"https:\/\/www.facebook.com\/ShowGroupWow\/\",\"https:\/\/www.instagram.com\/showgroupwow\/\"],\"logo\":{\"@type\":\"ImageObject\",\"@id\":\"https:\/\/www.showgroup.it\/#logo\",\"inLanguage\":\"it-IT\",\"url\":\"https:\/\/www.showgroup.it\/blog\/wp-content\/uploads\/2025\/01\/logo-black.svg\",\"contentUrl\":\"https:\/\/www.showgroup.it\/blog\/wp-content\/uploads\/2025\/01\/logo-black.svg\",\"width\":1440,\"height\":916,\"caption\":\"Showgroup\"},\"image\":{\"@id\":\"https:\/\/www.showgroup.it\/#logo\"}},{\"@type\":\"WebSite\",\"@id\":\"https:\/\/www.showgroup.it\/#website\",\"url\":\"https:\/\/www.showgroup.it\/\",\"name\":\"Showgroup - Ready to be WOW!\",\"description\":\"Il primo portale gratuito dedicato al mondo dello spettacolo.\",\"publisher\":{\"@id\":\"https:\/\/www.showgroup.it\/#organization\"},\"potentialAction\":[{\"@type\":\"SearchAction\",\"target\":{\"@type\":\"EntryPoint\",\"urlTemplate\":\"https:\/\/www.showgroup.it\/?s={search_term_string}\"},\"query-input\":\"required name=search_term_string\"}],\"inLanguage\":\"it-IT\"},{\"@type\":\"ImageObject\",\"@id\":\"https:\/\/www.showgroup.it\/blog\/2024\/10\/03\/festa-di-compleanno-a-tema-invernale-ispirazioni-per-la-stagione\/#primaryimage\",\"inLanguage\":\"it-IT\",\"url\":\"https:\/\/www.showgroup.it\/blog\/wp-content\/uploads\/2024\/10\/2-1.jpg\",\"contentUrl\":\"https:\/\/www.showgroup.it\/blog\/wp-content\/uploads\/2024\/10\/2-1.jpg\",\"width\":1920,\"height\":1080,\"caption\":\"festa di compleanno a tema invernale\"},{\"@type\":\"WebPage\",\"@id\":\"https:\/\/www.showgroup.it\/blog\/2024\/10\/03\/festa-di-compleanno-a-tema-invernale-ispirazioni-per-la-stagione\/#webpage\",\"url\":\"https:\/\/www.showgroup.it\/blog\/2024\/10\/03\/festa-di-compleanno-a-tema-invernale-ispirazioni-per-la-stagione\/\",\"name\":\"Festa di compleanno a tema invernale: ispirazioni per la stagione\",\"isPartOf\":{\"@id\":\"https:\/\/www.showgroup.it\/#website\"},\"primaryImageOfPage\":{\"@id\":\"https:\/\/www.showgroup.it\/blog\/2024\/10\/03\/festa-di-compleanno-a-tema-invernale-ispirazioni-per-la-stagione\/#primaryimage\"},\"datePublished\":\"2024-10-03T09:42:23+00:00\",\"dateModified\":\"2025-05-22T09:01:24+00:00\",\"description\":\"Fesa di compleanno a tema invernale significa festa magica! Ecco tutte le idee e i professionisti consigliati da Showgroup!\",\"breadcrumb\":{\"@id\":\"https:\/\/www.showgroup.it\/blog\/2024\/10\/03\/festa-di-compleanno-a-tema-invernale-ispirazioni-per-la-stagione\/#breadcrumb\"},\"inLanguage\":\"it-IT\",\"potentialAction\":[{\"@type\":\"ReadAction\",\"target\":[\"https:\/\/www.showgroup.it\/blog\/2024\/10\/03\/festa-di-compleanno-a-tema-invernale-ispirazioni-per-la-stagione\/\"]}]},{\"@type\":\"BreadcrumbList\",\"@id\":\"https:\/\/www.showgroup.it\/blog\/2024\/10\/03\/festa-di-compleanno-a-tema-invernale-ispirazioni-per-la-stagione\/#breadcrumb\",\"itemListElement\":[{\"@type\":\"ListItem\",\"position\":1,\"name\":\"Home\",\"item\":\"https:\/\/www.showgroup.it\/blog\/\"},{\"@type\":\"ListItem\",\"position\":2,\"name\":\"Festa di compleanno a tema invernale: ispirazioni per la stagione\"}]},{\"@type\":\"Article\",\"@id\":\"https:\/\/www.showgroup.it\/blog\/2024\/10\/03\/festa-di-compleanno-a-tema-invernale-ispirazioni-per-la-stagione\/#article\",\"isPartOf\":{\"@id\":\"https:\/\/www.showgroup.it\/blog\/2024\/10\/03\/festa-di-compleanno-a-tema-invernale-ispirazioni-per-la-stagione\/#webpage\"},\"author\":{\"@id\":\"https:\/\/www.showgroup.it\/#\/schema\/person\/763483514afb25912ec4d04ef2e8c3ee\"},\"headline\":\"Festa di compleanno a tema invernale: ispirazioni per la stagione\",\"datePublished\":\"2024-10-03T09:42:23+00:00\",\"dateModified\":\"2025-05-22T09:01:24+00:00\",\"mainEntityOfPage\":{\"@id\":\"https:\/\/www.showgroup.it\/blog\/2024\/10\/03\/festa-di-compleanno-a-tema-invernale-ispirazioni-per-la-stagione\/#webpage\"},\"wordCount\":1153,\"publisher\":{\"@id\":\"https:\/\/www.showgroup.it\/#organization\"},\"image\":{\"@id\":\"https:\/\/www.showgroup.it\/blog\/2024\/10\/03\/festa-di-compleanno-a-tema-invernale-ispirazioni-per-la-stagione\/#primaryimage\"},\"thumbnailUrl\":\"https:\/\/www.showgroup.it\/blog\/wp-content\/uploads\/2024\/10\/2-1.jpg\",\"articleSection\":[\"Eventi e location\"],\"inLanguage\":\"it-IT\"},{\"@type\":\"Person\",\"@id\":\"https:\/\/www.showgroup.it\/#\/schema\/person\/763483514afb25912ec4d04ef2e8c3ee\",\"name\":\"Federica Arcangeli\",\"image\":{\"@type\":\"ImageObject\",\"@id\":\"https:\/\/www.showgroup.it\/#personlogo\",\"inLanguage\":\"it-IT\",\"url\":\"https:\/\/secure.gravatar.com\/avatar\/0ad901789669410a5b20974ed22142ba?s=96&d=mm&r=g\",\"contentUrl\":\"https:\/\/secure.gravatar.com\/avatar\/0ad901789669410a5b20974ed22142ba?s=96&d=mm&r=g\",\"caption\":\"Federica Arcangeli\"}}]}<\/script>\n<!-- \/ Yoast SEO plugin. -->","yoast_head_json":{"title":"Festa di compleanno a tema invernale: ispirazioni per la stagione","description":"Fesa di compleanno a tema invernale significa festa magica! Ecco tutte le idee e i professionisti consigliati da Showgroup!","robots":{"index":"index","follow":"follow","max-snippet":"max-snippet:-1","max-image-preview":"max-image-preview:large","max-video-preview":"max-video-preview:-1"},"canonical":"https:\/\/www.showgroup.it\/blog\/2024\/10\/03\/festa-di-compleanno-a-tema-invernale-ispirazioni-per-la-stagione\/","og_locale":"it_IT","og_type":"article","og_title":"Festa di compleanno a tema invernale: ispirazioni per la stagione","og_description":"Fesa di compleanno a tema invernale significa festa magica! Ecco tutte le idee e i professionisti consigliati da Showgroup!","og_url":"https:\/\/www.showgroup.it\/blog\/2024\/10\/03\/festa-di-compleanno-a-tema-invernale-ispirazioni-per-la-stagione\/","og_site_name":"Showgroup - Ready to be WOW!","article_publisher":"https:\/\/www.facebook.com\/ShowGroupWow\/","article_published_time":"2024-10-03T09:42:23+00:00","article_modified_time":"2025-05-22T09:01:24+00:00","og_image":[{"width":1920,"height":1080,"filesize":240197,"url":"https:\/\/www.showgroup.it\/blog\/wp-content\/uploads\/2024\/10\/2-1.jpg","path":"\/sites\/www.showgroup.it\/files\/blog\/wp-content\/uploads\/2024\/10\/2-1.jpg","size":"full","id":95245,"alt":"festa di compleanno a tema invernale","pixels":2073600,"type":"image\/jpeg"}],"twitter_card":"summary_large_image","twitter_misc":{"Scritto da":"Federica Arcangeli","Tempo di lettura stimato":"6 minuti"},"schema":{"@context":"https:\/\/schema.org","@graph":[{"@type":"Organization","@id":"https:\/\/www.showgroup.it\/#organization","name":"Showgroup","url":"https:\/\/www.showgroup.it\/","sameAs":["https:\/\/www.facebook.com\/ShowGroupWow\/","https:\/\/www.instagram.com\/showgroupwow\/"],"logo":{"@type":"ImageObject","@id":"https:\/\/www.showgroup.it\/#logo","inLanguage":"it-IT","url":"https:\/\/www.showgroup.it\/blog\/wp-content\/uploads\/2025\/01\/logo-black.svg","contentUrl":"https:\/\/www.showgroup.it\/blog\/wp-content\/uploads\/2025\/01\/logo-black.svg","width":1440,"height":916,"caption":"Showgroup"},"image":{"@id":"https:\/\/www.showgroup.it\/#logo"}},{"@type":"WebSite","@id":"https:\/\/www.showgroup.it\/#website","url":"https:\/\/www.showgroup.it\/","name":"Showgroup - Ready to be WOW!","description":"Il primo portale gratuito dedicato al mondo dello spettacolo.","publisher":{"@id":"https:\/\/www.showgroup.it\/#organization"},"potentialAction":[{"@type":"SearchAction","target":{"@type":"EntryPoint","urlTemplate":"https:\/\/www.showgroup.it\/?s={search_term_string}"},"query-input":"required name=search_term_string"}],"inLanguage":"it-IT"},{"@type":"ImageObject","@id":"https:\/\/www.showgroup.it\/blog\/2024\/10\/03\/festa-di-compleanno-a-tema-invernale-ispirazioni-per-la-stagione\/#primaryimage","inLanguage":"it-IT","url":"https:\/\/www.showgroup.it\/blog\/wp-content\/uploads\/2024\/10\/2-1.jpg","contentUrl":"https:\/\/www.showgroup.it\/blog\/wp-content\/uploads\/2024\/10\/2-1.jpg","width":1920,"height":1080,"caption":"festa di compleanno a tema invernale"},{"@type":"WebPage","@id":"https:\/\/www.showgroup.it\/blog\/2024\/10\/03\/festa-di-compleanno-a-tema-invernale-ispirazioni-per-la-stagione\/#webpage","url":"https:\/\/www.showgroup.it\/blog\/2024\/10\/03\/festa-di-compleanno-a-tema-invernale-ispirazioni-per-la-stagione\/","name":"Festa di compleanno a tema invernale: ispirazioni per la stagione","isPartOf":{"@id":"https:\/\/www.showgroup.it\/#website"},"primaryImageOfPage":{"@id":"https:\/\/www.showgroup.it\/blog\/2024\/10\/03\/festa-di-compleanno-a-tema-invernale-ispirazioni-per-la-stagione\/#primaryimage"},"datePublished":"2024-10-03T09:42:23+00:00","dateModified":"2025-05-22T09:01:24+00:00","description":"Fesa di compleanno a tema invernale significa festa magica! Ecco tutte le idee e i professionisti consigliati da Showgroup!","breadcrumb":{"@id":"https:\/\/www.showgroup.it\/blog\/2024\/10\/03\/festa-di-compleanno-a-tema-invernale-ispirazioni-per-la-stagione\/#breadcrumb"},"inLanguage":"it-IT","potentialAction":[{"@type":"ReadAction","target":["https:\/\/www.showgroup.it\/blog\/2024\/10\/03\/festa-di-compleanno-a-tema-invernale-ispirazioni-per-la-stagione\/"]}]},{"@type":"BreadcrumbList","@id":"https:\/\/www.showgroup.it\/blog\/2024\/10\/03\/festa-di-compleanno-a-tema-invernale-ispirazioni-per-la-stagione\/#breadcrumb","itemListElement":[{"@type":"ListItem","position":1,"name":"Home","item":"https:\/\/www.showgroup.it\/blog\/"},{"@type":"ListItem","position":2,"name":"Festa di compleanno a tema invernale: ispirazioni per la stagione"}]},{"@type":"Article","@id":"https:\/\/www.showgroup.it\/blog\/2024\/10\/03\/festa-di-compleanno-a-tema-invernale-ispirazioni-per-la-stagione\/#article","isPartOf":{"@id":"https:\/\/www.showgroup.it\/blog\/2024\/10\/03\/festa-di-compleanno-a-tema-invernale-ispirazioni-per-la-stagione\/#webpage"},"author":{"@id":"https:\/\/www.showgroup.it\/#\/schema\/person\/763483514afb25912ec4d04ef2e8c3ee"},"headline":"Festa di compleanno a tema invernale: ispirazioni per la stagione","datePublished":"2024-10-03T09:42:23+00:00","dateModified":"2025-05-22T09:01:24+00:00","mainEntityOfPage":{"@id":"https:\/\/www.showgroup.it\/blog\/2024\/10\/03\/festa-di-compleanno-a-tema-invernale-ispirazioni-per-la-stagione\/#webpage"},"wordCount":1153,"publisher":{"@id":"https:\/\/www.showgroup.it\/#organization"},"image":{"@id":"https:\/\/www.showgroup.it\/blog\/2024\/10\/03\/festa-di-compleanno-a-tema-invernale-ispirazioni-per-la-stagione\/#primaryimage"},"thumbnailUrl":"https:\/\/www.showgroup.it\/blog\/wp-content\/uploads\/2024\/10\/2-1.jpg","articleSection":["Eventi e location"],"inLanguage":"it-IT"},{"@type":"Person","@id":"https:\/\/www.showgroup.it\/#\/schema\/person\/763483514afb25912ec4d04ef2e8c3ee","name":"Federica Arcangeli","image":{"@type":"ImageObject","@id":"https:\/\/www.showgroup.it\/#personlogo","inLanguage":"it-IT","url":"https:\/\/secure.gravatar.com\/avatar\/0ad901789669410a5b20974ed22142ba?s=96&d=mm&r=g","contentUrl":"https:\/\/secure.gravatar.com\/avatar\/0ad901789669410a5b20974ed22142ba?s=96&d=mm&r=g","caption":"Federica Arcangeli"}}]}},"_links":{"self":[{"href":"https:\/\/www.showgroup.it\/blog\/wp-json\/wp\/v2\/posts\/95243"}],"collection":[{"href":"https:\/\/www.showgroup.it\/blog\/wp-json\/wp\/v2\/posts"}],"about":[{"href":"https:\/\/www.showgroup.it\/blog\/wp-json\/wp\/v2\/types\/post"}],"author":[{"embeddable":true,"href":"https:\/\/www.showgroup.it\/blog\/wp-json\/wp\/v2\/users\/1005"}],"replies":[{"embeddable":true,"href":"https:\/\/www.showgroup.it\/blog\/wp-json\/wp\/v2\/comments?post=95243"}],"version-history":[{"count":1,"href":"https:\/\/www.showgroup.it\/blog\/wp-json\/wp\/v2\/posts\/95243\/revisions"}],"predecessor-version":[{"id":98531,"href":"https:\/\/www.showgroup.it\/blog\/wp-json\/wp\/v2\/posts\/95243\/revisions\/98531"}],"wp:featuredmedia":[{"embeddable":true,"href":"https:\/\/www.showgroup.it\/blog\/wp-json\/wp\/v2\/media\/95245"}],"wp:attachment":[{"href":"https:\/\/www.showgroup.it\/blog\/wp-json\/wp\/v2\/media?parent=95243"}],"wp:term":[{"taxonomy":"category","embeddable":true,"href":"https:\/\/www.showgroup.it\/blog\/wp-json\/wp\/v2\/categories?post=95243"},{"taxonomy":"post_tag","embeddable":true,"href":"https:\/\/www.showgroup.it\/blog\/wp-json\/wp\/v2\/tags?post=95243"}],"curies":[{"name":"wp","href":"https:\/\/api.w.org\/{rel}","templated":true}]}}