{"id":95425,"date":"2024-10-14T12:22:33","date_gmt":"2024-10-14T10:22:33","guid":{"rendered":"https:\/\/www.showgroup.it\/?p=95425"},"modified":"2025-05-22T10:57:11","modified_gmt":"2025-05-22T08:57:11","slug":"come-vestirsi-alla-festa-di-laurea-in-inverno-5-idee-per-un-look-perfetto","status":"publish","type":"post","link":"https:\/\/www.showgroup.it\/blog\/2024\/10\/14\/come-vestirsi-alla-festa-di-laurea-in-inverno-5-idee-per-un-look-perfetto\/","title":{"rendered":"Come vestirsi alla festa di laurea in inverno: 5 idee per un look perfetto"},"content":{"rendered":"<p><strong>La festa di laurea \u00e8 uno dei momenti pi\u00f9 importanti della vita e merita un look all\u2019altezza dell\u2019occasione, soprattutto quando si celebra in inverno, dove il clima richiede scelte sartoriali pi\u00f9 attente e ponderate.<\/strong><\/p>\n<p>Non \u00e8 solo una questione di stile, ma anche di comfort e personalit\u00e0.<\/p>\n<p>Se sei in cerca di ispirazione per un outfit che ti faccia sentire a tuo agio e allo stesso tempo speciale, ecco cinque idee per un look indimenticabile!<\/p>\n<h2><a href=\"https:\/\/www.showgroup.it\">5 idee per il look della tua festa di laurea in inverno<\/a><\/h2>\n<h3><a href=\"https:\/\/www.showgroup.it\/\"><img loading=\"lazy\" class=\"alignnone size-full wp-image-95430\" src=\"https:\/\/www.showgroup.it\/blog\/wp-content\/uploads\/2024\/10\/5-5.jpg\" alt=\"\" width=\"1920\" height=\"1080\" srcset=\"https:\/\/www.showgroup.it\/blog\/wp-content\/uploads\/2024\/10\/5-5.jpg 1920w, https:\/\/www.showgroup.it\/blog\/wp-content\/uploads\/2024\/10\/5-5-300x169.jpg 300w, https:\/\/www.showgroup.it\/blog\/wp-content\/uploads\/2024\/10\/5-5-1024x576.jpg 1024w, https:\/\/www.showgroup.it\/blog\/wp-content\/uploads\/2024\/10\/5-5-768x432.jpg 768w, https:\/\/www.showgroup.it\/blog\/wp-content\/uploads\/2024\/10\/5-5-1536x864.jpg 1536w\" sizes=\"(max-width: 1920px) 100vw, 1920px\" \/>1. Completo pantalone dal taglio sartoriale<\/a><\/h3>\n<p><strong>Il completo pantalone \u00e8 una scelta elegante e raffinata, perfetta per chi cerca un\u2019alternativa al classico vestito.<\/strong><\/p>\n<p>Un completo con giacca dal taglio sartoriale, magari abbinato a un paio di d\u00e9collet\u00e9 o stivali alti, ti dar\u00e0 un tocco di classe senza sacrificare il comfort.<\/p>\n<p>Per un twist pi\u00f9 moderno, opta per un colore deciso, come il verde bottiglia o il blu scuro, perfetti per la stagione invernale.<\/p>\n<p><strong>I tessuti pi\u00f9 indicati sono il velluto e la lana, che offrono calore e morbidezza.<\/strong><\/p>\n<h3><a href=\"https:\/\/www.showgroup.it\/\">2. Vestito midi a maniche lunghe<\/a><\/h3>\n<p><strong>Il vestito midi a maniche lunghe \u00e8 un\u2019altra ottima opzione per una festa di laurea in inverno.<\/strong><\/p>\n<p>Questo modello ti permette di restare al caldo, senza rinunciare a un tocco di eleganza.<\/p>\n<p><strong>Puoi scegliere un modello in maglia, per un look pi\u00f9 casual, o in tessuti pi\u00f9 strutturati come il raso o il crepe, per un effetto pi\u00f9 formale.<\/strong><\/p>\n<p>Scegli accessori raffinati, come una cintura in vita o gioielli delicati, per completare il tutto.<\/p>\n<p><strong>Le scarpe? Un paio di stivaletti in pelle o cuissard saranno perfetti!<\/strong><\/p>\n<h3><a href=\"https:\/\/www.showgroup.it\/\">3. Gonna pliss\u00e9 con maglione oversize<\/a><\/h3>\n<p><strong>Se desideri un look che sia allo stesso tempo chic e confortevole, la combinazione di una gonna pliss\u00e9 e un maglione oversize potrebbe essere la soluzione giusta per te.<\/strong><\/p>\n<p>La gonna pliss\u00e9 aggiunge movimento e leggerezza, mentre il maglione ti tiene al caldo senza appesantire troppo l\u2019outfit.<\/p>\n<p><strong>Gioca con i colori:<\/strong> un maglione color crema e una gonna metallica o in velluto possono creare un contrasto interessante e sofisticato.<\/p>\n<p><strong>Completa con stivaletti o mocassini per un look da giorno chic.<\/strong><\/p>\n<h3><a href=\"https:\/\/www.showgroup.it\/\">4. Abito lungo in velluto<\/a><\/h3>\n<p><strong>Se preferisci un look pi\u00f9 romantico e sofisticato, l\u2019abito lungo in velluto \u00e8 un must-have per l&#8217;inverno. Il velluto, oltre a essere caldo, ha un aspetto ricco e opulento che lo rende perfetto per le occasioni speciali.<\/strong><\/p>\n<p>Opta per colori gioiello come il rubino, lo smeraldo o il blu notte, e abbinalo a scarpe alte e accessori metallici per un look davvero elegante.<\/p>\n<p><strong>Puoi completare l\u2019outfit con un cappotto strutturato o una giacca corta in eco-pelliccia per non soffrire il freddo.<\/strong><\/p>\n<h3><a href=\"https:\/\/www.showgroup.it\/\">5. Tailleur gonna<\/a><\/h3>\n<p><strong>Per chi ama i look classici, il tailleur con gonna \u00e8 una scelta intramontabile.<\/strong><\/p>\n<p>Si tratta di un outfit versatile che puoi personalizzare a seconda dei dettagli: una gonna a tubino con una giacca avvitata crea un look rigoroso e femminile al tempo stesso.<\/p>\n<p>Puoi arricchire il tutto con accessori come foulard di seta, collane delicate o orecchini pendenti.<\/p>\n<p><strong>Scegli stivaletti o d\u00e9collet\u00e9 per slanciare la figura e non dimenticare un cappotto elegante per l\u2019ingresso trionfale.<\/strong><\/p>\n<h2><a href=\"https:\/\/www.showgroup.it\/\">Come Showgroup pu\u00f2 aiutarti a trovare il look perfetto<\/a><\/h2>\n<p><strong>Quando si tratta di eventi speciali come la tua festa di laurea in inverno, Showgroup ti offre l\u2019opportunit\u00e0 di collaborare con i migliori Make Up Artist, Hair Stylist e costumisti!<\/strong><\/p>\n<p><strong><a href=\"https:\/\/www.showgroup.it\/privati\/registrazione\">Ti basta iscriverti gratuitamente QUI!<\/a><\/strong><\/p>\n<p>Nel frattempo, ecco alcuni dei nostri migliori professionisti scelti per te.<\/p>\n<h3><a href=\"https:\/\/www.showgroup.it\/vetrina\/hairstylist\/freddy-ricardo-hair-stylist_c18071?_gl=1*ih3fsr*_up*MQ..*_ga*MjAxNDgzNTU0My4xNzI4ODk4Mjg4*_ga_C29RJEHQDH*MTcyODg5ODI4OC4xLjAuMTcyODg5OTY2Ni4wLjAuNjEwMTYxNDY0\">1. Freddy Ricardo Hair Stylist &#8211; Milano &#8211; disponibile in tutta Italia<\/a><\/h3>\n<p><strong><a href=\"https:\/\/www.showgroup.it\/vetrina\/hairstylist\/freddy-ricardo-hair-stylist_c18071?_gl=1*ih3fsr*_up*MQ..*_ga*MjAxNDgzNTU0My4xNzI4ODk4Mjg4*_ga_C29RJEHQDH*MTcyODg5ODI4OC4xLjAuMTcyODg5OTY2Ni4wLjAuNjEwMTYxNDY0\"><img loading=\"lazy\" class=\"alignnone size-full wp-image-95426\" src=\"https:\/\/www.showgroup.it\/blog\/wp-content\/uploads\/2024\/10\/1-8.jpg\" alt=\"\" width=\"1920\" height=\"1080\" srcset=\"https:\/\/www.showgroup.it\/blog\/wp-content\/uploads\/2024\/10\/1-8.jpg 1920w, https:\/\/www.showgroup.it\/blog\/wp-content\/uploads\/2024\/10\/1-8-300x169.jpg 300w, https:\/\/www.showgroup.it\/blog\/wp-content\/uploads\/2024\/10\/1-8-1024x576.jpg 1024w, https:\/\/www.showgroup.it\/blog\/wp-content\/uploads\/2024\/10\/1-8-768x432.jpg 768w, https:\/\/www.showgroup.it\/blog\/wp-content\/uploads\/2024\/10\/1-8-1536x864.jpg 1536w\" sizes=\"(max-width: 1920px) 100vw, 1920px\" \/><\/a>Con dieci anni di esperienza, ha aperto il suo salone dopo aver collaborato con hair-stylist di fama internazionale e marchi prestigiosi.<\/strong><\/p>\n<p>\u00c8 stato tecnico-colorista e formatore per aziende cosmetiche, presentando collezioni moda-capelli per colleghi.<\/p>\n<p>Ora guarda verso nuove collaborazioni internazionali.<\/p>\n<p><strong><a href=\"https:\/\/www.showgroup.it\/vetrina\/hairstylist\/freddy-ricardo-hair-stylist_c18071?_gl=1*ih3fsr*_up*MQ..*_ga*MjAxNDgzNTU0My4xNzI4ODk4Mjg4*_ga_C29RJEHQDH*MTcyODg5ODI4OC4xLjAuMTcyODg5OTY2Ni4wLjAuNjEwMTYxNDY0\">Contattalo QUI!<\/a><\/strong><\/p>\n<h3><strong><a href=\"https:\/\/www.showgroup.it\/vetrina\/make-up-artist\/robertademollimakeup_c29478?_gl=1*d6r3ca*_up*MQ..*_ga*MjAxNDgzNTU0My4xNzI4ODk4Mjg4*_ga_C29RJEHQDH*MTcyODg5ODI4OC4xLjAuMTcyODg5OTg2MS4wLjAuNjEwMTYxNDY0\">2. Robertademollimakeup &#8211; disponibile in tutta Italia<\/a><\/strong><\/h3>\n<div class=\"flex max-w-full flex-col flex-grow\">\n<div class=\"min-h-8 text-message flex w-full flex-col items-end gap-2 whitespace-normal break-words [.text-message+&amp;]:mt-5\" dir=\"auto\" data-message-author-role=\"assistant\" data-message-id=\"78872880-ff82-43a3-9b17-33551beb61c6\" data-message-model-slug=\"gpt-4o\">\n<div class=\"flex w-full flex-col gap-1 empty:hidden first:pt-[3px]\">\n<div class=\"markdown prose w-full break-words dark:prose-invert dark\">\n<p><strong><a href=\"https:\/\/www.showgroup.it\/vetrina\/make-up-artist\/robertademollimakeup_c29478?_gl=1*d6r3ca*_up*MQ..*_ga*MjAxNDgzNTU0My4xNzI4ODk4Mjg4*_ga_C29RJEHQDH*MTcyODg5ODI4OC4xLjAuMTcyODg5OTg2MS4wLjAuNjEwMTYxNDY0\"><img loading=\"lazy\" class=\"alignnone size-full wp-image-95427\" src=\"https:\/\/www.showgroup.it\/blog\/wp-content\/uploads\/2024\/10\/2-8.jpg\" alt=\"\" width=\"1920\" height=\"1080\" srcset=\"https:\/\/www.showgroup.it\/blog\/wp-content\/uploads\/2024\/10\/2-8.jpg 1920w, https:\/\/www.showgroup.it\/blog\/wp-content\/uploads\/2024\/10\/2-8-300x169.jpg 300w, https:\/\/www.showgroup.it\/blog\/wp-content\/uploads\/2024\/10\/2-8-1024x576.jpg 1024w, https:\/\/www.showgroup.it\/blog\/wp-content\/uploads\/2024\/10\/2-8-768x432.jpg 768w, https:\/\/www.showgroup.it\/blog\/wp-content\/uploads\/2024\/10\/2-8-1536x864.jpg 1536w\" sizes=\"(max-width: 1920px) 100vw, 1920px\" \/><\/a>Make-up artist e consulente d&#8217;immagine, ha ottenuto l&#8217;attestato regionale di secondo livello presso la BCM di Milano.<\/strong><\/p>\n<p>\u00c8 diplomata come hair-stylist all&#8217;Accademia Diadema di Milano e ha frequentato corsi di Armocromia e Image Consulting presso l&#8217;Istituto di Rossella Migliaccio ed ESR Italia.<\/p>\n<p><strong><a href=\"https:\/\/www.showgroup.it\/vetrina\/make-up-artist\/robertademollimakeup_c29478?_gl=1*d6r3ca*_up*MQ..*_ga*MjAxNDgzNTU0My4xNzI4ODk4Mjg4*_ga_C29RJEHQDH*MTcyODg5ODI4OC4xLjAuMTcyODg5OTg2MS4wLjAuNjEwMTYxNDY0\">Contattala QUI!<\/a><\/strong><\/p>\n<h3><a href=\"https:\/\/www.showgroup.it\/vetrina\/abiti-e-costumi\/vestire-vintage_c15114?_gl=1*66vmqg*_up*MQ..*_ga*MjAxNDgzNTU0My4xNzI4ODk4Mjg4*_ga_C29RJEHQDH*MTcyODg5ODI4OC4xLjAuMTcyODg5OTkyOC4wLjAuNjEwMTYxNDY0\">3. Vestire Vintage &#8211; spedisce in tutta Italia<\/a><\/h3>\n<div class=\"flex max-w-full flex-col flex-grow\">\n<div class=\"min-h-8 text-message flex w-full flex-col items-end gap-2 whitespace-normal break-words [.text-message+&amp;]:mt-5\" dir=\"auto\" data-message-author-role=\"assistant\" data-message-id=\"2fdb0eb0-556f-4d71-8578-599ed0926f3f\" data-message-model-slug=\"gpt-4o-mini\">\n<div class=\"flex w-full flex-col gap-1 empty:hidden first:pt-[3px]\">\n<div class=\"markdown prose w-full break-words dark:prose-invert dark\">\n<p><strong><a href=\"https:\/\/www.showgroup.it\/vetrina\/abiti-e-costumi\/vestire-vintage_c15114?_gl=1*66vmqg*_up*MQ..*_ga*MjAxNDgzNTU0My4xNzI4ODk4Mjg4*_ga_C29RJEHQDH*MTcyODg5ODI4OC4xLjAuMTcyODg5OTkyOC4wLjAuNjEwMTYxNDY0\"><img loading=\"lazy\" class=\"alignnone size-full wp-image-95428\" src=\"https:\/\/www.showgroup.it\/blog\/wp-content\/uploads\/2024\/10\/3-8.jpg\" alt=\"\" width=\"1920\" height=\"1080\" srcset=\"https:\/\/www.showgroup.it\/blog\/wp-content\/uploads\/2024\/10\/3-8.jpg 1920w, https:\/\/www.showgroup.it\/blog\/wp-content\/uploads\/2024\/10\/3-8-300x169.jpg 300w, https:\/\/www.showgroup.it\/blog\/wp-content\/uploads\/2024\/10\/3-8-1024x576.jpg 1024w, https:\/\/www.showgroup.it\/blog\/wp-content\/uploads\/2024\/10\/3-8-768x432.jpg 768w, https:\/\/www.showgroup.it\/blog\/wp-content\/uploads\/2024\/10\/3-8-1536x864.jpg 1536w\" sizes=\"(max-width: 1920px) 100vw, 1920px\" \/><\/a>Vestire Vintage, precedentemente conosciuto come One Shot One Dress, \u00e8 un brand fondato nel 2014, ispirato alla moda r\u00e9tro degli anni &#8217;20 e &#8217;50.<\/strong><\/p>\n<p>Reinventando i look delle star del passato con tessuti moderni, l\u2019obiettivo \u00e8 vestire la donna in modo sensuale e stiloso, senza eccessi.<\/p>\n<p>I tessuti scelti, come sete e velluti, avvolgono delicatamente il corpo.<\/p>\n<p><strong><a href=\"https:\/\/www.showgroup.it\/vetrina\/abiti-e-costumi\/vestire-vintage_c15114?_gl=1*66vmqg*_up*MQ..*_ga*MjAxNDgzNTU0My4xNzI4ODk4Mjg4*_ga_C29RJEHQDH*MTcyODg5ODI4OC4xLjAuMTcyODg5OTkyOC4wLjAuNjEwMTYxNDY0\">Contattala QUI!<\/a><\/strong><\/p>\n<\/div>\n<\/div>\n<\/div>\n<\/div>\n<\/div>\n<\/div>\n<\/div>\n<\/div>\n<h2><a href=\"https:\/\/www.showgroup.it\/\">I consigli di Showgroup per la tua festa di laurea in inverno<\/a><\/h2>\n<h3><a href=\"https:\/\/www.showgroup.it\/\"><img loading=\"lazy\" class=\"alignnone size-full wp-image-95431\" src=\"https:\/\/www.showgroup.it\/blog\/wp-content\/uploads\/2024\/10\/6-4.jpg\" alt=\"\" width=\"1920\" height=\"1080\" srcset=\"https:\/\/www.showgroup.it\/blog\/wp-content\/uploads\/2024\/10\/6-4.jpg 1920w, https:\/\/www.showgroup.it\/blog\/wp-content\/uploads\/2024\/10\/6-4-300x169.jpg 300w, https:\/\/www.showgroup.it\/blog\/wp-content\/uploads\/2024\/10\/6-4-1024x576.jpg 1024w, https:\/\/www.showgroup.it\/blog\/wp-content\/uploads\/2024\/10\/6-4-768x432.jpg 768w, https:\/\/www.showgroup.it\/blog\/wp-content\/uploads\/2024\/10\/6-4-1536x864.jpg 1536w\" sizes=\"(max-width: 1920px) 100vw, 1920px\" \/>Colori e accessori: la palette invernale<\/a><\/h3>\n<p><strong>Anche i colori giocano un ruolo fondamentale nella scelta del tuo look da festa di laurea invernale.<\/strong><\/p>\n<p>Le tonalit\u00e0 scure come il nero, il blu notte o il borgogna sono sempre scelte vincenti per un\u2019occasione formale come questa, e in inverno aggiungono un tocco di raffinatezza.<\/p>\n<p>Se vuoi osare un po&#8217; di pi\u00f9, per\u00f2, potresti optare per colori pi\u00f9 ricchi come il verde smeraldo o il viola prugna, che donano profondit\u00e0 e vivacit\u00e0 al tuo outfit senza perdere eleganza.<\/p>\n<p><strong>Gli accessori, poi, possono fare la differenza.<\/strong><\/p>\n<p>Una cintura elegante che sottolinea il punto vita, una collana statement che attira l\u2019attenzione, o un paio di orecchini scintillanti, possono trasformare un look semplice in qualcosa di memorabile.<\/p>\n<p><strong>Non dimenticare di scegliere scarpe adatte: stivali eleganti o d\u00e9collet\u00e9 con un tacco comodo, magari in pelle o camoscio, che ti permettano di essere stilosa senza rinunciare alla comodit\u00e0.<\/strong><\/p>\n<h3><a href=\"https:\/\/www.showgroup.it\/\">La praticit\u00e0 non deve mancare<\/a><\/h3>\n<p><strong>Sebbene l&#8217;estetica sia importante, non possiamo dimenticare che la praticit\u00e0 \u00e8 essenziale, soprattutto quando il freddo invernale si fa sentire.<\/strong><\/p>\n<p>Se sai che passerai molto tempo all\u2019aperto o dovrai spostarti da un luogo all&#8217;altro, scegli un outfit che ti permetta di essere agile e protetta dal freddo.<\/p>\n<p><strong>Pantaloni in tessuti caldi e confortevoli, accompagnati da un cappotto ben imbottito, ti aiuteranno a mantenere il giusto equilibrio tra comfort e stile.<\/strong><\/p>\n<p><strong>Inoltre, non sottovalutare l&#8217;importanza di una sciarpa o di guanti eleganti:<\/strong> piccoli dettagli che non solo ti terranno al caldo, ma aggiungeranno un tocco chic al tuo look invernale da laurea.<\/p>\n<h2><a href=\"https:\/\/www.showgroup.it\/\">Non hai trovato quello che cercavi?<\/a><\/h2>\n<p><strong>Se stai ancora cercando ispirazione o vuoi esplorare altre idee per il tuo outfit di laurea, non preoccuparti!<\/strong><\/p>\n<p>Su <a href=\"https:\/\/www.showgroup.it\"><strong>Showgroup<\/strong><\/a>, puoi trovare consulenze personalizzate e servizi di styling su misura, per creare il look perfetto per ogni occasione speciale.<\/p>\n<p><strong><a href=\"https:\/\/www.showgroup.it\/privati\/registrazione\">Iscriviti QUI!<\/a><\/strong><\/p>\n","protected":false},"excerpt":{"rendered":"<p>La festa di laurea \u00e8 uno dei momenti pi\u00f9 importanti della vita e merita un look all\u2019altezza dell\u2019occasione, soprattutto quando [&hellip;]<\/p>\n","protected":false},"author":1005,"featured_media":95429,"comment_status":"closed","ping_status":"closed","sticky":false,"template":"","format":"standard","meta":[],"categories":[665],"tags":[],"yoast_head":"<!-- This site is optimized with the Yoast SEO plugin v16.9 - https:\/\/yoast.com\/wordpress\/plugins\/seo\/ -->\n<title>Come vestirsi alla festa di laurea in inverno: 5 idee per un look perfetto<\/title>\n<meta name=\"description\" content=\"Scopri come vestirsi alla festa di laurea in inverno con queste 5 idee e i consigli di Showgroup! Leggi e trova i professionisti giusti!\" \/>\n<meta name=\"robots\" content=\"index, follow, max-snippet:-1, max-image-preview:large, max-video-preview:-1\" \/>\n<link rel=\"canonical\" href=\"https:\/\/www.showgroup.it\/blog\/2024\/10\/14\/come-vestirsi-alla-festa-di-laurea-in-inverno-5-idee-per-un-look-perfetto\/\" \/>\n<meta property=\"og:locale\" content=\"it_IT\" \/>\n<meta property=\"og:type\" content=\"article\" \/>\n<meta property=\"og:title\" content=\"Come vestirsi alla festa di laurea in inverno: 5 idee per un look perfetto\" \/>\n<meta property=\"og:description\" content=\"Scopri come vestirsi alla festa di laurea in inverno con queste 5 idee e i consigli di Showgroup! Leggi e trova i professionisti giusti!\" \/>\n<meta property=\"og:url\" content=\"https:\/\/www.showgroup.it\/blog\/2024\/10\/14\/come-vestirsi-alla-festa-di-laurea-in-inverno-5-idee-per-un-look-perfetto\/\" \/>\n<meta property=\"og:site_name\" content=\"Showgroup - Ready to be WOW!\" \/>\n<meta property=\"article:publisher\" content=\"https:\/\/www.facebook.com\/ShowGroupWow\/\" \/>\n<meta property=\"article:published_time\" content=\"2024-10-14T10:22:33+00:00\" \/>\n<meta property=\"article:modified_time\" content=\"2025-05-22T08:57:11+00:00\" \/>\n<meta property=\"og:image\" content=\"https:\/\/www.showgroup.it\/blog\/wp-content\/uploads\/2024\/10\/4-6.jpg\" \/>\n\t<meta property=\"og:image:width\" content=\"1920\" \/>\n\t<meta property=\"og:image:height\" content=\"1080\" \/>\n<meta name=\"twitter:card\" content=\"summary_large_image\" \/>\n<meta name=\"twitter:label1\" content=\"Scritto da\" \/>\n\t<meta name=\"twitter:data1\" content=\"Federica Arcangeli\" \/>\n\t<meta name=\"twitter:label2\" content=\"Tempo di lettura stimato\" \/>\n\t<meta name=\"twitter:data2\" content=\"6 minuti\" \/>\n<script type=\"application\/ld+json\" class=\"yoast-schema-graph\">{\"@context\":\"https:\/\/schema.org\",\"@graph\":[{\"@type\":\"Organization\",\"@id\":\"https:\/\/www.showgroup.it\/#organization\",\"name\":\"Showgroup\",\"url\":\"https:\/\/www.showgroup.it\/\",\"sameAs\":[\"https:\/\/www.facebook.com\/ShowGroupWow\/\",\"https:\/\/www.instagram.com\/showgroupwow\/\"],\"logo\":{\"@type\":\"ImageObject\",\"@id\":\"https:\/\/www.showgroup.it\/#logo\",\"inLanguage\":\"it-IT\",\"url\":\"https:\/\/www.showgroup.it\/blog\/wp-content\/uploads\/2025\/01\/logo-black.svg\",\"contentUrl\":\"https:\/\/www.showgroup.it\/blog\/wp-content\/uploads\/2025\/01\/logo-black.svg\",\"width\":1440,\"height\":916,\"caption\":\"Showgroup\"},\"image\":{\"@id\":\"https:\/\/www.showgroup.it\/#logo\"}},{\"@type\":\"WebSite\",\"@id\":\"https:\/\/www.showgroup.it\/#website\",\"url\":\"https:\/\/www.showgroup.it\/\",\"name\":\"Showgroup - Ready to be WOW!\",\"description\":\"Il primo portale gratuito dedicato al mondo dello spettacolo.\",\"publisher\":{\"@id\":\"https:\/\/www.showgroup.it\/#organization\"},\"potentialAction\":[{\"@type\":\"SearchAction\",\"target\":{\"@type\":\"EntryPoint\",\"urlTemplate\":\"https:\/\/www.showgroup.it\/?s={search_term_string}\"},\"query-input\":\"required name=search_term_string\"}],\"inLanguage\":\"it-IT\"},{\"@type\":\"ImageObject\",\"@id\":\"https:\/\/www.showgroup.it\/blog\/2024\/10\/14\/come-vestirsi-alla-festa-di-laurea-in-inverno-5-idee-per-un-look-perfetto\/#primaryimage\",\"inLanguage\":\"it-IT\",\"url\":\"https:\/\/www.showgroup.it\/blog\/wp-content\/uploads\/2024\/10\/4-6.jpg\",\"contentUrl\":\"https:\/\/www.showgroup.it\/blog\/wp-content\/uploads\/2024\/10\/4-6.jpg\",\"width\":1920,\"height\":1080,\"caption\":\"festa di laurea in inverno\"},{\"@type\":\"WebPage\",\"@id\":\"https:\/\/www.showgroup.it\/blog\/2024\/10\/14\/come-vestirsi-alla-festa-di-laurea-in-inverno-5-idee-per-un-look-perfetto\/#webpage\",\"url\":\"https:\/\/www.showgroup.it\/blog\/2024\/10\/14\/come-vestirsi-alla-festa-di-laurea-in-inverno-5-idee-per-un-look-perfetto\/\",\"name\":\"Come vestirsi alla festa di laurea in inverno: 5 idee per un look perfetto\",\"isPartOf\":{\"@id\":\"https:\/\/www.showgroup.it\/#website\"},\"primaryImageOfPage\":{\"@id\":\"https:\/\/www.showgroup.it\/blog\/2024\/10\/14\/come-vestirsi-alla-festa-di-laurea-in-inverno-5-idee-per-un-look-perfetto\/#primaryimage\"},\"datePublished\":\"2024-10-14T10:22:33+00:00\",\"dateModified\":\"2025-05-22T08:57:11+00:00\",\"description\":\"Scopri come vestirsi alla festa di laurea in inverno con queste 5 idee e i consigli di Showgroup! Leggi e trova i professionisti giusti!\",\"breadcrumb\":{\"@id\":\"https:\/\/www.showgroup.it\/blog\/2024\/10\/14\/come-vestirsi-alla-festa-di-laurea-in-inverno-5-idee-per-un-look-perfetto\/#breadcrumb\"},\"inLanguage\":\"it-IT\",\"potentialAction\":[{\"@type\":\"ReadAction\",\"target\":[\"https:\/\/www.showgroup.it\/blog\/2024\/10\/14\/come-vestirsi-alla-festa-di-laurea-in-inverno-5-idee-per-un-look-perfetto\/\"]}]},{\"@type\":\"BreadcrumbList\",\"@id\":\"https:\/\/www.showgroup.it\/blog\/2024\/10\/14\/come-vestirsi-alla-festa-di-laurea-in-inverno-5-idee-per-un-look-perfetto\/#breadcrumb\",\"itemListElement\":[{\"@type\":\"ListItem\",\"position\":1,\"name\":\"Home\",\"item\":\"https:\/\/www.showgroup.it\/blog\/\"},{\"@type\":\"ListItem\",\"position\":2,\"name\":\"Come vestirsi alla festa di laurea in inverno: 5 idee per un look perfetto\"}]},{\"@type\":\"Article\",\"@id\":\"https:\/\/www.showgroup.it\/blog\/2024\/10\/14\/come-vestirsi-alla-festa-di-laurea-in-inverno-5-idee-per-un-look-perfetto\/#article\",\"isPartOf\":{\"@id\":\"https:\/\/www.showgroup.it\/blog\/2024\/10\/14\/come-vestirsi-alla-festa-di-laurea-in-inverno-5-idee-per-un-look-perfetto\/#webpage\"},\"author\":{\"@id\":\"https:\/\/www.showgroup.it\/#\/schema\/person\/763483514afb25912ec4d04ef2e8c3ee\"},\"headline\":\"Come vestirsi alla festa di laurea in inverno: 5 idee per un look perfetto\",\"datePublished\":\"2024-10-14T10:22:33+00:00\",\"dateModified\":\"2025-05-22T08:57:11+00:00\",\"mainEntityOfPage\":{\"@id\":\"https:\/\/www.showgroup.it\/blog\/2024\/10\/14\/come-vestirsi-alla-festa-di-laurea-in-inverno-5-idee-per-un-look-perfetto\/#webpage\"},\"wordCount\":1069,\"publisher\":{\"@id\":\"https:\/\/www.showgroup.it\/#organization\"},\"image\":{\"@id\":\"https:\/\/www.showgroup.it\/blog\/2024\/10\/14\/come-vestirsi-alla-festa-di-laurea-in-inverno-5-idee-per-un-look-perfetto\/#primaryimage\"},\"thumbnailUrl\":\"https:\/\/www.showgroup.it\/blog\/wp-content\/uploads\/2024\/10\/4-6.jpg\",\"articleSection\":[\"Bellezza e immagine\"],\"inLanguage\":\"it-IT\"},{\"@type\":\"Person\",\"@id\":\"https:\/\/www.showgroup.it\/#\/schema\/person\/763483514afb25912ec4d04ef2e8c3ee\",\"name\":\"Federica Arcangeli\",\"image\":{\"@type\":\"ImageObject\",\"@id\":\"https:\/\/www.showgroup.it\/#personlogo\",\"inLanguage\":\"it-IT\",\"url\":\"https:\/\/secure.gravatar.com\/avatar\/0ad901789669410a5b20974ed22142ba?s=96&d=mm&r=g\",\"contentUrl\":\"https:\/\/secure.gravatar.com\/avatar\/0ad901789669410a5b20974ed22142ba?s=96&d=mm&r=g\",\"caption\":\"Federica Arcangeli\"}}]}<\/script>\n<!-- \/ Yoast SEO plugin. -->","yoast_head_json":{"title":"Come vestirsi alla festa di laurea in inverno: 5 idee per un look perfetto","description":"Scopri come vestirsi alla festa di laurea in inverno con queste 5 idee e i consigli di Showgroup! Leggi e trova i professionisti giusti!","robots":{"index":"index","follow":"follow","max-snippet":"max-snippet:-1","max-image-preview":"max-image-preview:large","max-video-preview":"max-video-preview:-1"},"canonical":"https:\/\/www.showgroup.it\/blog\/2024\/10\/14\/come-vestirsi-alla-festa-di-laurea-in-inverno-5-idee-per-un-look-perfetto\/","og_locale":"it_IT","og_type":"article","og_title":"Come vestirsi alla festa di laurea in inverno: 5 idee per un look perfetto","og_description":"Scopri come vestirsi alla festa di laurea in inverno con queste 5 idee e i consigli di Showgroup! Leggi e trova i professionisti giusti!","og_url":"https:\/\/www.showgroup.it\/blog\/2024\/10\/14\/come-vestirsi-alla-festa-di-laurea-in-inverno-5-idee-per-un-look-perfetto\/","og_site_name":"Showgroup - Ready to be WOW!","article_publisher":"https:\/\/www.facebook.com\/ShowGroupWow\/","article_published_time":"2024-10-14T10:22:33+00:00","article_modified_time":"2025-05-22T08:57:11+00:00","og_image":[{"width":1920,"height":1080,"filesize":280425,"url":"https:\/\/www.showgroup.it\/blog\/wp-content\/uploads\/2024\/10\/4-6.jpg","path":"\/sites\/www.showgroup.it\/files\/blog\/wp-content\/uploads\/2024\/10\/4-6.jpg","size":"full","id":95429,"alt":"festa di laurea in inverno","pixels":2073600,"type":"image\/jpeg"}],"twitter_card":"summary_large_image","twitter_misc":{"Scritto da":"Federica Arcangeli","Tempo di lettura stimato":"6 minuti"},"schema":{"@context":"https:\/\/schema.org","@graph":[{"@type":"Organization","@id":"https:\/\/www.showgroup.it\/#organization","name":"Showgroup","url":"https:\/\/www.showgroup.it\/","sameAs":["https:\/\/www.facebook.com\/ShowGroupWow\/","https:\/\/www.instagram.com\/showgroupwow\/"],"logo":{"@type":"ImageObject","@id":"https:\/\/www.showgroup.it\/#logo","inLanguage":"it-IT","url":"https:\/\/www.showgroup.it\/blog\/wp-content\/uploads\/2025\/01\/logo-black.svg","contentUrl":"https:\/\/www.showgroup.it\/blog\/wp-content\/uploads\/2025\/01\/logo-black.svg","width":1440,"height":916,"caption":"Showgroup"},"image":{"@id":"https:\/\/www.showgroup.it\/#logo"}},{"@type":"WebSite","@id":"https:\/\/www.showgroup.it\/#website","url":"https:\/\/www.showgroup.it\/","name":"Showgroup - Ready to be WOW!","description":"Il primo portale gratuito dedicato al mondo dello spettacolo.","publisher":{"@id":"https:\/\/www.showgroup.it\/#organization"},"potentialAction":[{"@type":"SearchAction","target":{"@type":"EntryPoint","urlTemplate":"https:\/\/www.showgroup.it\/?s={search_term_string}"},"query-input":"required name=search_term_string"}],"inLanguage":"it-IT"},{"@type":"ImageObject","@id":"https:\/\/www.showgroup.it\/blog\/2024\/10\/14\/come-vestirsi-alla-festa-di-laurea-in-inverno-5-idee-per-un-look-perfetto\/#primaryimage","inLanguage":"it-IT","url":"https:\/\/www.showgroup.it\/blog\/wp-content\/uploads\/2024\/10\/4-6.jpg","contentUrl":"https:\/\/www.showgroup.it\/blog\/wp-content\/uploads\/2024\/10\/4-6.jpg","width":1920,"height":1080,"caption":"festa di laurea in inverno"},{"@type":"WebPage","@id":"https:\/\/www.showgroup.it\/blog\/2024\/10\/14\/come-vestirsi-alla-festa-di-laurea-in-inverno-5-idee-per-un-look-perfetto\/#webpage","url":"https:\/\/www.showgroup.it\/blog\/2024\/10\/14\/come-vestirsi-alla-festa-di-laurea-in-inverno-5-idee-per-un-look-perfetto\/","name":"Come vestirsi alla festa di laurea in inverno: 5 idee per un look perfetto","isPartOf":{"@id":"https:\/\/www.showgroup.it\/#website"},"primaryImageOfPage":{"@id":"https:\/\/www.showgroup.it\/blog\/2024\/10\/14\/come-vestirsi-alla-festa-di-laurea-in-inverno-5-idee-per-un-look-perfetto\/#primaryimage"},"datePublished":"2024-10-14T10:22:33+00:00","dateModified":"2025-05-22T08:57:11+00:00","description":"Scopri come vestirsi alla festa di laurea in inverno con queste 5 idee e i consigli di Showgroup! Leggi e trova i professionisti giusti!","breadcrumb":{"@id":"https:\/\/www.showgroup.it\/blog\/2024\/10\/14\/come-vestirsi-alla-festa-di-laurea-in-inverno-5-idee-per-un-look-perfetto\/#breadcrumb"},"inLanguage":"it-IT","potentialAction":[{"@type":"ReadAction","target":["https:\/\/www.showgroup.it\/blog\/2024\/10\/14\/come-vestirsi-alla-festa-di-laurea-in-inverno-5-idee-per-un-look-perfetto\/"]}]},{"@type":"BreadcrumbList","@id":"https:\/\/www.showgroup.it\/blog\/2024\/10\/14\/come-vestirsi-alla-festa-di-laurea-in-inverno-5-idee-per-un-look-perfetto\/#breadcrumb","itemListElement":[{"@type":"ListItem","position":1,"name":"Home","item":"https:\/\/www.showgroup.it\/blog\/"},{"@type":"ListItem","position":2,"name":"Come vestirsi alla festa di laurea in inverno: 5 idee per un look perfetto"}]},{"@type":"Article","@id":"https:\/\/www.showgroup.it\/blog\/2024\/10\/14\/come-vestirsi-alla-festa-di-laurea-in-inverno-5-idee-per-un-look-perfetto\/#article","isPartOf":{"@id":"https:\/\/www.showgroup.it\/blog\/2024\/10\/14\/come-vestirsi-alla-festa-di-laurea-in-inverno-5-idee-per-un-look-perfetto\/#webpage"},"author":{"@id":"https:\/\/www.showgroup.it\/#\/schema\/person\/763483514afb25912ec4d04ef2e8c3ee"},"headline":"Come vestirsi alla festa di laurea in inverno: 5 idee per un look perfetto","datePublished":"2024-10-14T10:22:33+00:00","dateModified":"2025-05-22T08:57:11+00:00","mainEntityOfPage":{"@id":"https:\/\/www.showgroup.it\/blog\/2024\/10\/14\/come-vestirsi-alla-festa-di-laurea-in-inverno-5-idee-per-un-look-perfetto\/#webpage"},"wordCount":1069,"publisher":{"@id":"https:\/\/www.showgroup.it\/#organization"},"image":{"@id":"https:\/\/www.showgroup.it\/blog\/2024\/10\/14\/come-vestirsi-alla-festa-di-laurea-in-inverno-5-idee-per-un-look-perfetto\/#primaryimage"},"thumbnailUrl":"https:\/\/www.showgroup.it\/blog\/wp-content\/uploads\/2024\/10\/4-6.jpg","articleSection":["Bellezza e immagine"],"inLanguage":"it-IT"},{"@type":"Person","@id":"https:\/\/www.showgroup.it\/#\/schema\/person\/763483514afb25912ec4d04ef2e8c3ee","name":"Federica Arcangeli","image":{"@type":"ImageObject","@id":"https:\/\/www.showgroup.it\/#personlogo","inLanguage":"it-IT","url":"https:\/\/secure.gravatar.com\/avatar\/0ad901789669410a5b20974ed22142ba?s=96&d=mm&r=g","contentUrl":"https:\/\/secure.gravatar.com\/avatar\/0ad901789669410a5b20974ed22142ba?s=96&d=mm&r=g","caption":"Federica Arcangeli"}}]}},"_links":{"self":[{"href":"https:\/\/www.showgroup.it\/blog\/wp-json\/wp\/v2\/posts\/95425"}],"collection":[{"href":"https:\/\/www.showgroup.it\/blog\/wp-json\/wp\/v2\/posts"}],"about":[{"href":"https:\/\/www.showgroup.it\/blog\/wp-json\/wp\/v2\/types\/post"}],"author":[{"embeddable":true,"href":"https:\/\/www.showgroup.it\/blog\/wp-json\/wp\/v2\/users\/1005"}],"replies":[{"embeddable":true,"href":"https:\/\/www.showgroup.it\/blog\/wp-json\/wp\/v2\/comments?post=95425"}],"version-history":[{"count":1,"href":"https:\/\/www.showgroup.it\/blog\/wp-json\/wp\/v2\/posts\/95425\/revisions"}],"predecessor-version":[{"id":98518,"href":"https:\/\/www.showgroup.it\/blog\/wp-json\/wp\/v2\/posts\/95425\/revisions\/98518"}],"wp:featuredmedia":[{"embeddable":true,"href":"https:\/\/www.showgroup.it\/blog\/wp-json\/wp\/v2\/media\/95429"}],"wp:attachment":[{"href":"https:\/\/www.showgroup.it\/blog\/wp-json\/wp\/v2\/media?parent=95425"}],"wp:term":[{"taxonomy":"category","embeddable":true,"href":"https:\/\/www.showgroup.it\/blog\/wp-json\/wp\/v2\/categories?post=95425"},{"taxonomy":"post_tag","embeddable":true,"href":"https:\/\/www.showgroup.it\/blog\/wp-json\/wp\/v2\/tags?post=95425"}],"curies":[{"name":"wp","href":"https:\/\/api.w.org\/{rel}","templated":true}]}}