{"id":97440,"date":"2025-03-19T15:29:02","date_gmt":"2025-03-19T14:29:02","guid":{"rendered":"https:\/\/www.showgroup.it\/blog\/?p=97440"},"modified":"2025-05-21T09:48:34","modified_gmt":"2025-05-21T07:48:34","slug":"fotografia-corporate-i-segreti-per-raccontare-il-tuo-evento-aziendale-in-immagini","status":"publish","type":"post","link":"https:\/\/www.showgroup.it\/blog\/2025\/03\/19\/fotografia-corporate-i-segreti-per-raccontare-il-tuo-evento-aziendale-in-immagini\/","title":{"rendered":"Fotografia corporate: i segreti per raccontare il tuo evento aziendale in immagini"},"content":{"rendered":"<p data-pm-slice=\"1 1 []\"><strong>La fotografia corporate serve per raccontare il tuo evento aziendale con immagini evocative ed emozionanti. S\u00ec, perch\u00e9 al giorno d&#8217;oggi \u00e8 utile pi\u00f9 che mai per valorizzare lanci di prodotto o campagne promozionali.<\/strong> <em>Ecco i segreti per farlo nel dettaglio by Showgroup.<\/em><\/p>\n<p data-pm-slice=\"1 1 []\">Immagina di entrare in una sala illuminata da luci soffuse, il brusio delle conversazioni riempie l\u2019aria e il tintinnio dei calici di prosecco accompagna ogni stretta di mano. \u00c8 il tuo evento aziendale, un momento chiave per il tuo brand, e vuoi che ogni istante venga immortalato alla perfezione.<\/p>\n<p data-pm-slice=\"1 1 []\"><strong>Per questo oggi ti sveliamo tutto sulla fotografia corporate, l\u2019arte di raccontare la tua azienda attraverso immagini professionali e memorabili.<\/strong><\/p>\n<h2><a href=\"https:\/\/www.showgroup.it\">Cos&#8217;\u00e8 la fotografia corporate?<\/a><\/h2>\n<h2><a href=\"https:\/\/www.showgroup.it\"><img loading=\"lazy\" class=\"alignnone wp-image-97444 size-full\" title=\"Fotografia corporate\" src=\"https:\/\/www.showgroup.it\/blog\/wp-content\/uploads\/2025\/03\/ontent-creato-2025-03-19t144205127.jpg\" alt=\"Fotografia corporate\" width=\"1920\" height=\"1080\" srcset=\"https:\/\/www.showgroup.it\/blog\/wp-content\/uploads\/2025\/03\/ontent-creato-2025-03-19t144205127.jpg 1920w, https:\/\/www.showgroup.it\/blog\/wp-content\/uploads\/2025\/03\/ontent-creato-2025-03-19t144205127-300x169.jpg 300w, https:\/\/www.showgroup.it\/blog\/wp-content\/uploads\/2025\/03\/ontent-creato-2025-03-19t144205127-1024x576.jpg 1024w, https:\/\/www.showgroup.it\/blog\/wp-content\/uploads\/2025\/03\/ontent-creato-2025-03-19t144205127-768x432.jpg 768w, https:\/\/www.showgroup.it\/blog\/wp-content\/uploads\/2025\/03\/ontent-creato-2025-03-19t144205127-1536x864.jpg 1536w\" sizes=\"(max-width: 1920px) 100vw, 1920px\" \/><\/a><\/h2>\n<p>Iniziamo subito: la fotografia corporate \u00e8 un vero e proprio genere fotografico dedicato alla <strong>comunicazione visiva delle aziende<\/strong>. In particolare, non si tratta solo di scattare immagini di un evento. In realt\u00e0 c&#8217;\u00e8 molto altro dietro le quinte. Per esempio <strong>costruire una narrazione visiva che trasmetta i valori, l\u2019identit\u00e0 e la mission del brand.<\/strong><\/p>\n<p>Possiamo quindi affermare che la fotografia corporate comprende diverse tipologie di immagini evocative, tra cui:<\/p>\n<ul data-spread=\"false\">\n<li><strong>Ritratti professionali<\/strong> di dirigenti e dipendenti;<\/li>\n<li><strong>Fotografie di eventi aziendali<\/strong>, meeting, conferenze, fiere;<\/li>\n<li><strong>Scatti lifestyle aziendali<\/strong>, che raccontano il lavoro dietro le quinte;<\/li>\n<li><strong>Fotografie di prodotto<\/strong>, per campagne pubblicitarie o lanci ufficiali.<\/li>\n<\/ul>\n<p><em>Ma non \u00e8 finita qui poich\u00e9 ogni immagine deve essere strategicamente studiata per creare un impatto immediato e positivo nel pubblico.<\/em><\/p>\n<p>Per cui, riassumendo, la fotografia corporate deve descrivere un evento attraverso le immagini in modo unico e indimenticabile.<\/p>\n<p>Vediamo come.<\/p>\n<h2><a href=\"https:\/\/www.showgroup.it\/vetrine\/fotografi-e-videomaker?utm_source=blog&amp;utm_medium=banner1&amp;utm_campaign=categoria\"><img loading=\"lazy\" class=\"alignnone wp-image-96998 size-full\" src=\"https:\/\/www.showgroup.it\/blog\/wp-content\/uploads\/2025\/02\/whatsapp-image-2025-02-21-at-112833.jpeg\" alt=\"fotografo corporate Showgroup\" width=\"1600\" height=\"500\" srcset=\"https:\/\/www.showgroup.it\/blog\/wp-content\/uploads\/2025\/02\/whatsapp-image-2025-02-21-at-112833.jpeg 1600w, https:\/\/www.showgroup.it\/blog\/wp-content\/uploads\/2025\/02\/whatsapp-image-2025-02-21-at-112833-300x94.jpeg 300w, https:\/\/www.showgroup.it\/blog\/wp-content\/uploads\/2025\/02\/whatsapp-image-2025-02-21-at-112833-1024x320.jpeg 1024w, https:\/\/www.showgroup.it\/blog\/wp-content\/uploads\/2025\/02\/whatsapp-image-2025-02-21-at-112833-768x240.jpeg 768w, https:\/\/www.showgroup.it\/blog\/wp-content\/uploads\/2025\/02\/whatsapp-image-2025-02-21-at-112833-1536x480.jpeg 1536w\" sizes=\"(max-width: 1600px) 100vw, 1600px\" \/><\/a><\/h2>\n<h2><a href=\"https:\/\/www.showgroup.it\">Come raccontare un evento aziendale con la fotografia corporate?<\/a><\/h2>\n<h2><a href=\"https:\/\/www.showgroup.it\"><img loading=\"lazy\" class=\"alignnone wp-image-97443 size-full\" title=\"Fotografia corporate\" src=\"https:\/\/www.showgroup.it\/blog\/wp-content\/uploads\/2025\/03\/ontent-creato-2025-03-19t144215749.jpg\" alt=\"Fotografia corporate\" width=\"1920\" height=\"1080\" srcset=\"https:\/\/www.showgroup.it\/blog\/wp-content\/uploads\/2025\/03\/ontent-creato-2025-03-19t144215749.jpg 1920w, https:\/\/www.showgroup.it\/blog\/wp-content\/uploads\/2025\/03\/ontent-creato-2025-03-19t144215749-300x169.jpg 300w, https:\/\/www.showgroup.it\/blog\/wp-content\/uploads\/2025\/03\/ontent-creato-2025-03-19t144215749-1024x576.jpg 1024w, https:\/\/www.showgroup.it\/blog\/wp-content\/uploads\/2025\/03\/ontent-creato-2025-03-19t144215749-768x432.jpg 768w, https:\/\/www.showgroup.it\/blog\/wp-content\/uploads\/2025\/03\/ontent-creato-2025-03-19t144215749-1536x864.jpg 1536w\" sizes=\"(max-width: 1920px) 100vw, 1920px\" \/><\/a><\/h2>\n<p>Un evento aziendale \u00e8 un\u2019occasione unica per consolidare l\u2019immagine del brand e coinvolgere dipendenti, clienti e partner. Ma come si racconta tutto questo attraverso la fotografia?<\/p>\n<ol start=\"1\" data-spread=\"false\">\n<li><strong>Cattura l&#8217;atmosfera<\/strong>: ogni evento ha un suo mood. Un\u2019assemblea formale avr\u00e0 un tono diverso rispetto a un team building all\u2019aria aperta. Il fotografo deve saper cogliere l\u2019essenza di quel momento.<\/li>\n<li><strong>Concentrati sulle persone<\/strong>: i veri protagonisti di ogni evento sono le persone. Ritratti spontanei di interazioni genuine trasmettono autenticit\u00e0 e professionalit\u00e0.<\/li>\n<li><strong>Mostra i dettagli<\/strong>: una stretta di mano, un gadget brandizzato, un badge con il logo dell\u2019azienda. Sono i dettagli a fare la differenza e a rafforzare il messaggio visivo.<\/li>\n<li><strong>Gioca con luci e composizione<\/strong>: un buon fotografo sa usare la luce per creare immagini accattivanti e ben equilibrate.<\/li>\n<\/ol>\n<h3><a href=\"https:\/\/www.showgroup.it\">Il fotografo fa la differenza sull&#8217;impatto dell&#8217;evento<\/a><\/h3>\n<p>Non basta un buono smartphone per ottenere foto professionali. Un fotografo corporate specializzato in eventi aziendali conosce le dinamiche di questi incontri e sa come muoversi per catturare ogni istante senza essere invasivo.<\/p>\n<p data-start=\"89\" data-end=\"196\">Ed \u00e8 qui che la domanda sorge spontanea: <strong>quindi occorre sempre affidarsi a un professionista?<\/strong><em data-start=\"89\" data-end=\"194\"> Dipende.<\/em><\/p>\n<p data-start=\"198\" data-end=\"329\"><strong>Se come risultato finale desideri foto dall\u2019impatto altamente professionale,<\/strong><em data-start=\"198\" data-end=\"327\"> allora la risposta \u00e8 affermativa.<\/em><\/p>\n<p>Per approfondire, ecco i motivi per cui il fotografo corporate \u00e8 il professionista giusto a cui affidarsi in queste situazioni.<\/p>\n<ul data-spread=\"false\">\n<li><strong>Esperienza e occhio strategico<\/strong>: sa quali momenti enfatizzare per comunicare al meglio il messaggio aziendale.<\/li>\n<li><strong>Strumentazione professionale<\/strong>: macchine fotografiche, obiettivi adatti e competenze di post-produzione per un risultato impeccabile.<\/li>\n<li><strong>Discrezione e tempismo<\/strong>: si muove con naturalezza tra gli ospiti, cogliendo attimi significativi senza interrompere il flusso dell\u2019evento.<\/li>\n<\/ul>\n<h2><a href=\"https:\/\/www.showgroup.it\">Fotografia corporate per campagna pubblicitaria\/lancio di prodotto\/evento aziendale<\/a><\/h2>\n<p>Entrando ancora di pi\u00f9 nel pratico, la fotografia corporate \u00e8 essenziale per diverse occasioni aziendali, come:<\/p>\n<ul data-spread=\"false\">\n<li><strong>Lanci di prodotto<\/strong>: immagini accattivanti possono creare hype attorno a una novit\u00e0 e renderla memorabile.<\/li>\n<li><strong>Campagne pubblicitarie<\/strong>: una foto efficace vale pi\u00f9 di mille parole in una strategia di marketing.<\/li>\n<li><strong>Meeting aziendali e convention<\/strong>: momenti chiave che meritano di essere documentati per rafforzare la comunicazione aziendale.<\/li>\n<\/ul>\n<p>Ogni evento ha il suo focus e il fotografo corporate deve saper adattare il proprio stile per raccontarlo nel modo pi\u00f9 efficace.<\/p>\n<p>Ma esistono davvero dei segreti e trucchi per fare bene le fotografie corporate? S\u00ec! Eccoli di seguito.<\/p>\n<h2><a href=\"https:\/\/www.showgroup.it\">I segreti per raccontare il tuo evento aziendale in immagini<\/a><\/h2>\n<h2><a href=\"https:\/\/www.showgroup.it\"><img loading=\"lazy\" class=\"alignnone wp-image-97442 size-full\" title=\"Fotografia corporate\" src=\"https:\/\/www.showgroup.it\/blog\/wp-content\/uploads\/2025\/03\/ontent-creato-2025-03-19t144236346.jpg\" alt=\"Fotografia corporate\" width=\"1920\" height=\"1080\" srcset=\"https:\/\/www.showgroup.it\/blog\/wp-content\/uploads\/2025\/03\/ontent-creato-2025-03-19t144236346.jpg 1920w, https:\/\/www.showgroup.it\/blog\/wp-content\/uploads\/2025\/03\/ontent-creato-2025-03-19t144236346-300x169.jpg 300w, https:\/\/www.showgroup.it\/blog\/wp-content\/uploads\/2025\/03\/ontent-creato-2025-03-19t144236346-1024x576.jpg 1024w, https:\/\/www.showgroup.it\/blog\/wp-content\/uploads\/2025\/03\/ontent-creato-2025-03-19t144236346-768x432.jpg 768w, https:\/\/www.showgroup.it\/blog\/wp-content\/uploads\/2025\/03\/ontent-creato-2025-03-19t144236346-1536x864.jpg 1536w\" sizes=\"(max-width: 1920px) 100vw, 1920px\" \/><\/a><\/h2>\n<p><strong>Ci sono trucchi che solo i professionisti conoscono, e che fanno davvero la differenza.<\/strong> <em>Un fotografo corporate ha un solo obiettivo finale: raccontare un evento con immagini d&#8217;impatto.<\/em> Infatti, ci sono alcuni aspetti che non devono assolutamente essere sottovalutati per la riuscita.<\/p>\n<p>Nello specifico, la <strong>pianificazione anticipata. <\/strong>Per questo ti consigliamo di definire con il fotografo i momenti chiave da immortalare.<\/p>\n<p>In secondo piano vi \u00e8 lo <strong>shooting naturale e spontaneo. <\/strong>Quindi suggeriamo di lavorare sulle foto, le quali devono apparire autentiche e non forzate.<\/p>\n<p><strong>La post-produzione <\/strong>mirata \u00e8 un altro trucco da considerare. Parliamo di colori, contrasti e ritocchi per valorizzare le immagini senza snaturarle.<\/p>\n<p><strong>E poi lo storytelling visivo. <\/strong>In questo caso crea un flusso narrativo che permetta di rivivere l\u2019evento anche a chi non era presente.<\/p>\n<h2><a href=\"https:\/\/www.showgroup.it\/?utm_source=blog&amp;utm_medium=banner2&amp;utm_campaign=home\"><img loading=\"lazy\" class=\"alignnone wp-image-96997 size-full\" src=\"https:\/\/www.showgroup.it\/blog\/wp-content\/uploads\/2025\/02\/whatsapp-image-2025-02-21-at-112758.jpeg\" alt=\"sito Showgroup\" width=\"1600\" height=\"500\" srcset=\"https:\/\/www.showgroup.it\/blog\/wp-content\/uploads\/2025\/02\/whatsapp-image-2025-02-21-at-112758.jpeg 1600w, https:\/\/www.showgroup.it\/blog\/wp-content\/uploads\/2025\/02\/whatsapp-image-2025-02-21-at-112758-300x94.jpeg 300w, https:\/\/www.showgroup.it\/blog\/wp-content\/uploads\/2025\/02\/whatsapp-image-2025-02-21-at-112758-1024x320.jpeg 1024w, https:\/\/www.showgroup.it\/blog\/wp-content\/uploads\/2025\/02\/whatsapp-image-2025-02-21-at-112758-768x240.jpeg 768w, https:\/\/www.showgroup.it\/blog\/wp-content\/uploads\/2025\/02\/whatsapp-image-2025-02-21-at-112758-1536x480.jpeg 1536w\" sizes=\"(max-width: 1600px) 100vw, 1600px\" \/><\/a><\/h2>\n<h2><a href=\"https:\/\/www.showgroup.it\">Fotografia corporate: consigli e idee di contenuto da realizzare<\/a><\/h2>\n<p>Oltre alle classiche foto di gruppo o alle immagini del palco, ci sono molte altre idee per arricchire il reportage fotografico del tuo evento aziendale.<\/p>\n<p>A tal proposito, di seguito abbiamo selezionato dei consigli pratici che possono fare al caso tuo.<\/p>\n<ul data-spread=\"false\">\n<li><strong>Interviste fotografiche<\/strong>: scatti che raccontano i volti e le emozioni dei partecipanti.<\/li>\n<li><strong>Foto di backstage<\/strong>: per mostrare il dietro le quinte dell\u2019organizzazione.<\/li>\n<li><strong>Dettagli simbolici<\/strong>: loghi, gadget, elementi decorativi che rafforzano il branding.<\/li>\n<li><strong>Action shot<\/strong>: immagini dinamiche di persone che interagiscono, stringono mani, brindano.<\/li>\n<\/ul>\n<h2><a href=\"https:\/\/www.showgroup.it\">Showgroup pu\u00f2 aiutarti nella ricerca del fotografo adatto alle tue esigenze<\/a><\/h2>\n<p><strong>Trovare il fotografo corporate giusto pu\u00f2 fare la differenza tra un reportage anonimo e un racconto visivo di grande impatto<\/strong>. <em>Showgroup \u00e8 la piattaforma ideale per connetterti con fotografi corporate professionisti in tutta Italia.<\/em><\/p>\n<p><strong><a href=\"https:\/\/www.showgroup.it\/vetrine\/fotografi-e-videomaker\">Scopri qui tutti i fotografi presenti su Showgroup!<\/a><\/strong><\/p>\n<p>E seleziona il tuo preferito tra <strong>i pi\u00f9 amati, <\/strong><strong>i pi\u00f9 visitati, <\/strong><strong>le new entry, <\/strong><strong>i verificati<\/strong> e <strong>i consigliati.<\/strong><\/p>\n<p>Sul portale Showgroup puoi trovare anche <strong>un\u2019ampia selezione di fornitori, artisti, DJ, allestitori e servizi di catering<\/strong> pronti a trasformare il tuo evento aziendale in una festa indimenticabile.<\/p>\n<p><strong><a href=\"https:\/\/www.showgroup.it\/privati\/registrazione\">Se stai organizzando un evento iscriviti qui come utente privato e cerca i fornitori perfetti per te!<\/a><\/strong><\/p>\n<p><strong><a href=\"https:\/\/www.showgroup.it\/professionisti\/registrazione\">Se sei un professionista registrati qui e moltiplica subito i tuoi ingaggi!<\/a><\/strong><\/p>\n<p><em>Grazie a un\u2019ampia rete di esperti, puoi selezionare il pi\u00f9 adatto al tuo evento, valutando portfolio e specializzazioni. Il tutto in pochi click!<\/em><\/p>\n<h2><a href=\"https:\/\/www.showgroup.it\">Fotografia corporate: considerazioni finali aggiuntive<\/a><\/h2>\n<p>Investire nella fotografia corporate per il tuo evento aziendale vuol dire davvero creare un patrimonio visivo che potr\u00e0 essere utilizzato per <strong>materiale pubblicitario, s<\/strong><strong>ocial media e storytelling aziendale o p<\/strong><strong>resentazioni.<\/strong><\/p>\n<p><em>Un evento vive per qualche ora, ma attraverso la fotografia corporate pu\u00f2 diventare eterno. Raccontalo nel modo giusto, scegliendo immagini che descrivono in modo originale il tuo brand.<\/em><\/p>\n<h3><a href=\"https:\/\/www.showgroup.it\">Se vuoi dare un volto professionale ai tuoi eventi, affidati a fotografi esperti su Showgroup e lascia che le immagini parlino per te!<\/a><\/h3>\n<p><a href=\"https:\/\/www.showgroup.it\/chi-siamo?utm_source=blog&amp;utm_medium=banner3&amp;utm_campaign=chisiamo\"><img loading=\"lazy\" class=\"alignnone wp-image-96999 size-full\" src=\"https:\/\/www.showgroup.it\/blog\/wp-content\/uploads\/2025\/02\/whatsapp-image-2025-02-21-at-112906.jpeg\" alt=\"Showgroup chi siamo\" width=\"1600\" height=\"500\" srcset=\"https:\/\/www.showgroup.it\/blog\/wp-content\/uploads\/2025\/02\/whatsapp-image-2025-02-21-at-112906.jpeg 1600w, https:\/\/www.showgroup.it\/blog\/wp-content\/uploads\/2025\/02\/whatsapp-image-2025-02-21-at-112906-300x94.jpeg 300w, https:\/\/www.showgroup.it\/blog\/wp-content\/uploads\/2025\/02\/whatsapp-image-2025-02-21-at-112906-1024x320.jpeg 1024w, https:\/\/www.showgroup.it\/blog\/wp-content\/uploads\/2025\/02\/whatsapp-image-2025-02-21-at-112906-768x240.jpeg 768w, https:\/\/www.showgroup.it\/blog\/wp-content\/uploads\/2025\/02\/whatsapp-image-2025-02-21-at-112906-1536x480.jpeg 1536w\" sizes=\"(max-width: 1600px) 100vw, 1600px\" \/><\/a><\/p>\n","protected":false},"excerpt":{"rendered":"<p>La fotografia corporate serve per raccontare il tuo evento aziendale con immagini evocative ed emozionanti. S\u00ec, perch\u00e9 al giorno d&#8217;oggi [&hellip;]<\/p>\n","protected":false},"author":1003,"featured_media":97445,"comment_status":"closed","ping_status":"closed","sticky":false,"template":"","format":"standard","meta":[],"categories":[661],"tags":[],"yoast_head":"<!-- This site is optimized with the Yoast SEO plugin v16.9 - https:\/\/yoast.com\/wordpress\/plugins\/seo\/ -->\n<title>Fotografia corporate: i segreti per raccontare il tuo evento aziendale in immagini<\/title>\n<meta name=\"description\" content=\"La fotografia corporate serve per raccontare il tuo evento aziendale con immagini evocative ed emozionanti. Ecco i segreti nel dettaglio.\" \/>\n<meta name=\"robots\" content=\"index, follow, max-snippet:-1, max-image-preview:large, max-video-preview:-1\" \/>\n<link rel=\"canonical\" href=\"https:\/\/www.showgroup.it\/blog\/2025\/03\/19\/fotografia-corporate-i-segreti-per-raccontare-il-tuo-evento-aziendale-in-immagini\/\" \/>\n<meta property=\"og:locale\" content=\"it_IT\" \/>\n<meta property=\"og:type\" content=\"article\" \/>\n<meta property=\"og:title\" content=\"Fotografia corporate: i segreti per raccontare il tuo evento aziendale in immagini\" \/>\n<meta property=\"og:description\" content=\"La fotografia corporate serve per raccontare il tuo evento aziendale con immagini evocative ed emozionanti. Ecco i segreti nel dettaglio.\" \/>\n<meta property=\"og:url\" content=\"https:\/\/www.showgroup.it\/blog\/2025\/03\/19\/fotografia-corporate-i-segreti-per-raccontare-il-tuo-evento-aziendale-in-immagini\/\" \/>\n<meta property=\"og:site_name\" content=\"Showgroup - Ready to be WOW!\" \/>\n<meta property=\"article:publisher\" content=\"https:\/\/www.facebook.com\/ShowGroupWow\/\" \/>\n<meta property=\"article:published_time\" content=\"2025-03-19T14:29:02+00:00\" \/>\n<meta property=\"article:modified_time\" content=\"2025-05-21T07:48:34+00:00\" \/>\n<meta property=\"og:image\" content=\"https:\/\/www.showgroup.it\/blog\/wp-content\/uploads\/2025\/03\/ontent-creato-2025-03-19t144149894.jpg\" \/>\n\t<meta property=\"og:image:width\" content=\"1920\" \/>\n\t<meta property=\"og:image:height\" content=\"1080\" \/>\n<meta name=\"twitter:card\" content=\"summary_large_image\" \/>\n<meta name=\"twitter:label1\" content=\"Scritto da\" \/>\n\t<meta name=\"twitter:data1\" content=\"Carmela Maggio\" \/>\n\t<meta name=\"twitter:label2\" content=\"Tempo di lettura stimato\" \/>\n\t<meta name=\"twitter:data2\" content=\"7 minuti\" \/>\n<script type=\"application\/ld+json\" class=\"yoast-schema-graph\">{\"@context\":\"https:\/\/schema.org\",\"@graph\":[{\"@type\":\"Organization\",\"@id\":\"https:\/\/www.showgroup.it\/#organization\",\"name\":\"Showgroup\",\"url\":\"https:\/\/www.showgroup.it\/\",\"sameAs\":[\"https:\/\/www.facebook.com\/ShowGroupWow\/\",\"https:\/\/www.instagram.com\/showgroupwow\/\"],\"logo\":{\"@type\":\"ImageObject\",\"@id\":\"https:\/\/www.showgroup.it\/#logo\",\"inLanguage\":\"it-IT\",\"url\":\"https:\/\/www.showgroup.it\/blog\/wp-content\/uploads\/2025\/01\/logo-black.svg\",\"contentUrl\":\"https:\/\/www.showgroup.it\/blog\/wp-content\/uploads\/2025\/01\/logo-black.svg\",\"width\":1440,\"height\":916,\"caption\":\"Showgroup\"},\"image\":{\"@id\":\"https:\/\/www.showgroup.it\/#logo\"}},{\"@type\":\"WebSite\",\"@id\":\"https:\/\/www.showgroup.it\/#website\",\"url\":\"https:\/\/www.showgroup.it\/\",\"name\":\"Showgroup - Ready to be WOW!\",\"description\":\"Il primo portale gratuito dedicato al mondo dello spettacolo.\",\"publisher\":{\"@id\":\"https:\/\/www.showgroup.it\/#organization\"},\"potentialAction\":[{\"@type\":\"SearchAction\",\"target\":{\"@type\":\"EntryPoint\",\"urlTemplate\":\"https:\/\/www.showgroup.it\/?s={search_term_string}\"},\"query-input\":\"required name=search_term_string\"}],\"inLanguage\":\"it-IT\"},{\"@type\":\"ImageObject\",\"@id\":\"https:\/\/www.showgroup.it\/blog\/2025\/03\/19\/fotografia-corporate-i-segreti-per-raccontare-il-tuo-evento-aziendale-in-immagini\/#primaryimage\",\"inLanguage\":\"it-IT\",\"url\":\"https:\/\/www.showgroup.it\/blog\/wp-content\/uploads\/2025\/03\/ontent-creato-2025-03-19t144149894.jpg\",\"contentUrl\":\"https:\/\/www.showgroup.it\/blog\/wp-content\/uploads\/2025\/03\/ontent-creato-2025-03-19t144149894.jpg\",\"width\":1920,\"height\":1080,\"caption\":\"Fotografia corporate\"},{\"@type\":\"WebPage\",\"@id\":\"https:\/\/www.showgroup.it\/blog\/2025\/03\/19\/fotografia-corporate-i-segreti-per-raccontare-il-tuo-evento-aziendale-in-immagini\/#webpage\",\"url\":\"https:\/\/www.showgroup.it\/blog\/2025\/03\/19\/fotografia-corporate-i-segreti-per-raccontare-il-tuo-evento-aziendale-in-immagini\/\",\"name\":\"Fotografia corporate: i segreti per raccontare il tuo evento aziendale in immagini\",\"isPartOf\":{\"@id\":\"https:\/\/www.showgroup.it\/#website\"},\"primaryImageOfPage\":{\"@id\":\"https:\/\/www.showgroup.it\/blog\/2025\/03\/19\/fotografia-corporate-i-segreti-per-raccontare-il-tuo-evento-aziendale-in-immagini\/#primaryimage\"},\"datePublished\":\"2025-03-19T14:29:02+00:00\",\"dateModified\":\"2025-05-21T07:48:34+00:00\",\"description\":\"La fotografia corporate serve per raccontare il tuo evento aziendale con immagini evocative ed emozionanti. Ecco i segreti nel dettaglio.\",\"breadcrumb\":{\"@id\":\"https:\/\/www.showgroup.it\/blog\/2025\/03\/19\/fotografia-corporate-i-segreti-per-raccontare-il-tuo-evento-aziendale-in-immagini\/#breadcrumb\"},\"inLanguage\":\"it-IT\",\"potentialAction\":[{\"@type\":\"ReadAction\",\"target\":[\"https:\/\/www.showgroup.it\/blog\/2025\/03\/19\/fotografia-corporate-i-segreti-per-raccontare-il-tuo-evento-aziendale-in-immagini\/\"]}]},{\"@type\":\"BreadcrumbList\",\"@id\":\"https:\/\/www.showgroup.it\/blog\/2025\/03\/19\/fotografia-corporate-i-segreti-per-raccontare-il-tuo-evento-aziendale-in-immagini\/#breadcrumb\",\"itemListElement\":[{\"@type\":\"ListItem\",\"position\":1,\"name\":\"Home\",\"item\":\"https:\/\/www.showgroup.it\/blog\/\"},{\"@type\":\"ListItem\",\"position\":2,\"name\":\"Fotografia corporate: i segreti per raccontare il tuo evento aziendale in immagini\"}]},{\"@type\":\"Article\",\"@id\":\"https:\/\/www.showgroup.it\/blog\/2025\/03\/19\/fotografia-corporate-i-segreti-per-raccontare-il-tuo-evento-aziendale-in-immagini\/#article\",\"isPartOf\":{\"@id\":\"https:\/\/www.showgroup.it\/blog\/2025\/03\/19\/fotografia-corporate-i-segreti-per-raccontare-il-tuo-evento-aziendale-in-immagini\/#webpage\"},\"author\":{\"@id\":\"https:\/\/www.showgroup.it\/#\/schema\/person\/252e1ad25081c56a3ff187633f302c25\"},\"headline\":\"Fotografia corporate: i segreti per raccontare il tuo evento aziendale in immagini\",\"datePublished\":\"2025-03-19T14:29:02+00:00\",\"dateModified\":\"2025-05-21T07:48:34+00:00\",\"mainEntityOfPage\":{\"@id\":\"https:\/\/www.showgroup.it\/blog\/2025\/03\/19\/fotografia-corporate-i-segreti-per-raccontare-il-tuo-evento-aziendale-in-immagini\/#webpage\"},\"wordCount\":1125,\"publisher\":{\"@id\":\"https:\/\/www.showgroup.it\/#organization\"},\"image\":{\"@id\":\"https:\/\/www.showgroup.it\/blog\/2025\/03\/19\/fotografia-corporate-i-segreti-per-raccontare-il-tuo-evento-aziendale-in-immagini\/#primaryimage\"},\"thumbnailUrl\":\"https:\/\/www.showgroup.it\/blog\/wp-content\/uploads\/2025\/03\/ontent-creato-2025-03-19t144149894.jpg\",\"articleSection\":[\"Eventi e location\"],\"inLanguage\":\"it-IT\"},{\"@type\":\"Person\",\"@id\":\"https:\/\/www.showgroup.it\/#\/schema\/person\/252e1ad25081c56a3ff187633f302c25\",\"name\":\"Carmela Maggio\",\"image\":{\"@type\":\"ImageObject\",\"@id\":\"https:\/\/www.showgroup.it\/#personlogo\",\"inLanguage\":\"it-IT\",\"url\":\"https:\/\/secure.gravatar.com\/avatar\/01bac989823ecd70b416447860420192?s=96&d=mm&r=g\",\"contentUrl\":\"https:\/\/secure.gravatar.com\/avatar\/01bac989823ecd70b416447860420192?s=96&d=mm&r=g\",\"caption\":\"Carmela Maggio\"}}]}<\/script>\n<!-- \/ Yoast SEO plugin. -->","yoast_head_json":{"title":"Fotografia corporate: i segreti per raccontare il tuo evento aziendale in immagini","description":"La fotografia corporate serve per raccontare il tuo evento aziendale con immagini evocative ed emozionanti. Ecco i segreti nel dettaglio.","robots":{"index":"index","follow":"follow","max-snippet":"max-snippet:-1","max-image-preview":"max-image-preview:large","max-video-preview":"max-video-preview:-1"},"canonical":"https:\/\/www.showgroup.it\/blog\/2025\/03\/19\/fotografia-corporate-i-segreti-per-raccontare-il-tuo-evento-aziendale-in-immagini\/","og_locale":"it_IT","og_type":"article","og_title":"Fotografia corporate: i segreti per raccontare il tuo evento aziendale in immagini","og_description":"La fotografia corporate serve per raccontare il tuo evento aziendale con immagini evocative ed emozionanti. Ecco i segreti nel dettaglio.","og_url":"https:\/\/www.showgroup.it\/blog\/2025\/03\/19\/fotografia-corporate-i-segreti-per-raccontare-il-tuo-evento-aziendale-in-immagini\/","og_site_name":"Showgroup - Ready to be WOW!","article_publisher":"https:\/\/www.facebook.com\/ShowGroupWow\/","article_published_time":"2025-03-19T14:29:02+00:00","article_modified_time":"2025-05-21T07:48:34+00:00","og_image":[{"width":1920,"height":1080,"filesize":66464,"url":"https:\/\/www.showgroup.it\/blog\/wp-content\/uploads\/2025\/03\/ontent-creato-2025-03-19t144149894.jpg","path":"\/sites\/www.showgroup.it\/files\/blog\/wp-content\/uploads\/2025\/03\/ontent-creato-2025-03-19t144149894.jpg","size":"full","id":97445,"alt":"Fotografia corporate","pixels":2073600,"type":"image\/jpeg"}],"twitter_card":"summary_large_image","twitter_misc":{"Scritto da":"Carmela Maggio","Tempo di lettura stimato":"7 minuti"},"schema":{"@context":"https:\/\/schema.org","@graph":[{"@type":"Organization","@id":"https:\/\/www.showgroup.it\/#organization","name":"Showgroup","url":"https:\/\/www.showgroup.it\/","sameAs":["https:\/\/www.facebook.com\/ShowGroupWow\/","https:\/\/www.instagram.com\/showgroupwow\/"],"logo":{"@type":"ImageObject","@id":"https:\/\/www.showgroup.it\/#logo","inLanguage":"it-IT","url":"https:\/\/www.showgroup.it\/blog\/wp-content\/uploads\/2025\/01\/logo-black.svg","contentUrl":"https:\/\/www.showgroup.it\/blog\/wp-content\/uploads\/2025\/01\/logo-black.svg","width":1440,"height":916,"caption":"Showgroup"},"image":{"@id":"https:\/\/www.showgroup.it\/#logo"}},{"@type":"WebSite","@id":"https:\/\/www.showgroup.it\/#website","url":"https:\/\/www.showgroup.it\/","name":"Showgroup - Ready to be WOW!","description":"Il primo portale gratuito dedicato al mondo dello spettacolo.","publisher":{"@id":"https:\/\/www.showgroup.it\/#organization"},"potentialAction":[{"@type":"SearchAction","target":{"@type":"EntryPoint","urlTemplate":"https:\/\/www.showgroup.it\/?s={search_term_string}"},"query-input":"required name=search_term_string"}],"inLanguage":"it-IT"},{"@type":"ImageObject","@id":"https:\/\/www.showgroup.it\/blog\/2025\/03\/19\/fotografia-corporate-i-segreti-per-raccontare-il-tuo-evento-aziendale-in-immagini\/#primaryimage","inLanguage":"it-IT","url":"https:\/\/www.showgroup.it\/blog\/wp-content\/uploads\/2025\/03\/ontent-creato-2025-03-19t144149894.jpg","contentUrl":"https:\/\/www.showgroup.it\/blog\/wp-content\/uploads\/2025\/03\/ontent-creato-2025-03-19t144149894.jpg","width":1920,"height":1080,"caption":"Fotografia corporate"},{"@type":"WebPage","@id":"https:\/\/www.showgroup.it\/blog\/2025\/03\/19\/fotografia-corporate-i-segreti-per-raccontare-il-tuo-evento-aziendale-in-immagini\/#webpage","url":"https:\/\/www.showgroup.it\/blog\/2025\/03\/19\/fotografia-corporate-i-segreti-per-raccontare-il-tuo-evento-aziendale-in-immagini\/","name":"Fotografia corporate: i segreti per raccontare il tuo evento aziendale in immagini","isPartOf":{"@id":"https:\/\/www.showgroup.it\/#website"},"primaryImageOfPage":{"@id":"https:\/\/www.showgroup.it\/blog\/2025\/03\/19\/fotografia-corporate-i-segreti-per-raccontare-il-tuo-evento-aziendale-in-immagini\/#primaryimage"},"datePublished":"2025-03-19T14:29:02+00:00","dateModified":"2025-05-21T07:48:34+00:00","description":"La fotografia corporate serve per raccontare il tuo evento aziendale con immagini evocative ed emozionanti. Ecco i segreti nel dettaglio.","breadcrumb":{"@id":"https:\/\/www.showgroup.it\/blog\/2025\/03\/19\/fotografia-corporate-i-segreti-per-raccontare-il-tuo-evento-aziendale-in-immagini\/#breadcrumb"},"inLanguage":"it-IT","potentialAction":[{"@type":"ReadAction","target":["https:\/\/www.showgroup.it\/blog\/2025\/03\/19\/fotografia-corporate-i-segreti-per-raccontare-il-tuo-evento-aziendale-in-immagini\/"]}]},{"@type":"BreadcrumbList","@id":"https:\/\/www.showgroup.it\/blog\/2025\/03\/19\/fotografia-corporate-i-segreti-per-raccontare-il-tuo-evento-aziendale-in-immagini\/#breadcrumb","itemListElement":[{"@type":"ListItem","position":1,"name":"Home","item":"https:\/\/www.showgroup.it\/blog\/"},{"@type":"ListItem","position":2,"name":"Fotografia corporate: i segreti per raccontare il tuo evento aziendale in immagini"}]},{"@type":"Article","@id":"https:\/\/www.showgroup.it\/blog\/2025\/03\/19\/fotografia-corporate-i-segreti-per-raccontare-il-tuo-evento-aziendale-in-immagini\/#article","isPartOf":{"@id":"https:\/\/www.showgroup.it\/blog\/2025\/03\/19\/fotografia-corporate-i-segreti-per-raccontare-il-tuo-evento-aziendale-in-immagini\/#webpage"},"author":{"@id":"https:\/\/www.showgroup.it\/#\/schema\/person\/252e1ad25081c56a3ff187633f302c25"},"headline":"Fotografia corporate: i segreti per raccontare il tuo evento aziendale in immagini","datePublished":"2025-03-19T14:29:02+00:00","dateModified":"2025-05-21T07:48:34+00:00","mainEntityOfPage":{"@id":"https:\/\/www.showgroup.it\/blog\/2025\/03\/19\/fotografia-corporate-i-segreti-per-raccontare-il-tuo-evento-aziendale-in-immagini\/#webpage"},"wordCount":1125,"publisher":{"@id":"https:\/\/www.showgroup.it\/#organization"},"image":{"@id":"https:\/\/www.showgroup.it\/blog\/2025\/03\/19\/fotografia-corporate-i-segreti-per-raccontare-il-tuo-evento-aziendale-in-immagini\/#primaryimage"},"thumbnailUrl":"https:\/\/www.showgroup.it\/blog\/wp-content\/uploads\/2025\/03\/ontent-creato-2025-03-19t144149894.jpg","articleSection":["Eventi e location"],"inLanguage":"it-IT"},{"@type":"Person","@id":"https:\/\/www.showgroup.it\/#\/schema\/person\/252e1ad25081c56a3ff187633f302c25","name":"Carmela Maggio","image":{"@type":"ImageObject","@id":"https:\/\/www.showgroup.it\/#personlogo","inLanguage":"it-IT","url":"https:\/\/secure.gravatar.com\/avatar\/01bac989823ecd70b416447860420192?s=96&d=mm&r=g","contentUrl":"https:\/\/secure.gravatar.com\/avatar\/01bac989823ecd70b416447860420192?s=96&d=mm&r=g","caption":"Carmela Maggio"}}]}},"_links":{"self":[{"href":"https:\/\/www.showgroup.it\/blog\/wp-json\/wp\/v2\/posts\/97440"}],"collection":[{"href":"https:\/\/www.showgroup.it\/blog\/wp-json\/wp\/v2\/posts"}],"about":[{"href":"https:\/\/www.showgroup.it\/blog\/wp-json\/wp\/v2\/types\/post"}],"author":[{"embeddable":true,"href":"https:\/\/www.showgroup.it\/blog\/wp-json\/wp\/v2\/users\/1003"}],"replies":[{"embeddable":true,"href":"https:\/\/www.showgroup.it\/blog\/wp-json\/wp\/v2\/comments?post=97440"}],"version-history":[{"count":13,"href":"https:\/\/www.showgroup.it\/blog\/wp-json\/wp\/v2\/posts\/97440\/revisions"}],"predecessor-version":[{"id":97560,"href":"https:\/\/www.showgroup.it\/blog\/wp-json\/wp\/v2\/posts\/97440\/revisions\/97560"}],"wp:featuredmedia":[{"embeddable":true,"href":"https:\/\/www.showgroup.it\/blog\/wp-json\/wp\/v2\/media\/97445"}],"wp:attachment":[{"href":"https:\/\/www.showgroup.it\/blog\/wp-json\/wp\/v2\/media?parent=97440"}],"wp:term":[{"taxonomy":"category","embeddable":true,"href":"https:\/\/www.showgroup.it\/blog\/wp-json\/wp\/v2\/categories?post=97440"},{"taxonomy":"post_tag","embeddable":true,"href":"https:\/\/www.showgroup.it\/blog\/wp-json\/wp\/v2\/tags?post=97440"}],"curies":[{"name":"wp","href":"https:\/\/api.w.org\/{rel}","templated":true}]}}