{"id":99366,"date":"2025-06-11T16:19:38","date_gmt":"2025-06-11T14:19:38","guid":{"rendered":"https:\/\/www.showgroup.it\/blog\/?p=99366"},"modified":"2025-07-19T15:43:30","modified_gmt":"2025-07-19T13:43:30","slug":"catering-per-feste-private","status":"publish","type":"post","link":"https:\/\/www.showgroup.it\/blog\/2025\/06\/11\/catering-per-feste-private\/","title":{"rendered":"Catering per feste private: come sceglierlo in base all\u2019evento"},"content":{"rendered":"<p><span style=\"font-weight: 400;\">Scegliere il catering significa soltanto decidere che cosa mangiare?<\/span><\/p>\n<p><span style=\"font-weight: 400;\">Assolutamente no.\u00a0<\/span><\/p>\n<p><span style=\"font-weight: 400;\">Il catering per feste private \u00e8 uno degli elementi che pu\u00f2 fare davvero la differenza tra un evento memorabile e \u201c<\/span><i><span style=\"font-weight: 400;\">uno dei tanti<\/span><\/i><span style=\"font-weight: 400;\">\u201d.\u00a0<\/span><\/p>\n<p><span style=\"font-weight: 400;\">Ogni occasione ha la sua identit\u00e0, il suo pubblico e il suo stile.\u00a0<\/span><\/p>\n<p><span style=\"font-weight: 400;\">Per questo, non esiste un \u201ccatering giusto\u201d in assoluto, ma esiste <strong>quello pi\u00f9 adatto<\/strong> <\/span><b>in base all\u2019evento<\/b><span style=\"font-weight: 400;\">.\u00a0<\/span><\/p>\n<p><span style=\"font-weight: 400;\">Nei prossimi paragrafi analizzeremo i diversi tipi di festa privata, dal matrimonio alla laurea, dal compleanno all\u2019evento aziendale, per aiutarti a trovare la soluzione ideale per ciascuna occasione.<\/span><\/p>\n\n<h2><span style=\"font-weight: 400;\">Catering per matrimoni: eleganza, tradizione e servizio impeccabile<\/span><\/h2>\n<p><span style=\"font-weight: 400;\">L\u2019evento che richiede il massimo della qualit\u00e0 dal punto di vista catering \u00e8, sicuramente, il matrimonio.\u00a0<\/span><\/p>\n<p><span style=\"font-weight: 400;\">Tutto dev\u2019essere ovviamente curato nei minimi dettagli: dalla mise en place ai tempi del servizio, dalla qualit\u00e0 del cibo all\u2019effetto scenico.\u00a0<\/span><\/p>\n<p><span style=\"font-weight: 400;\">In genere, nei catering, si predilige il <\/span><b>servizio al tavolo<\/b><span style=\"font-weight: 400;\">, pi\u00f9 elegante e adatto a valorizzare ogni portata, ma non mancano soluzioni miste con <\/span><b>aperitivi a buffet<\/b><span style=\"font-weight: 400;\"> e cena servita.<\/span><\/p>\n<p>Il men\u00f9 dovr\u00e0 rispecchiare in pieno le preferenze degli sposi e tenere conto di eventuali intolleranze, scelte vegetariane o vegane, soprattutto se si tratta di un <a class=\"\" href=\"https:\/\/www.showgroup.it\/blog\/2025\/05\/05\/matrimonio-ecosostenibile-idee-consigli\/\" target=\"_blank\" rel=\"noopener\" data-start=\"825\" data-end=\"932\">matrimonio sostenibile<\/a>, in cui ogni dettaglio riflette una visione pi\u00f9 consapevole dell\u2019evento. Spesso vengono proposte due o tre varianti per ogni portata, per garantire la massima soddisfazione degli ospiti.<\/p>\n<p><span style=\"font-weight: 400;\">La <\/span><b>torta nuziale<\/b><span style=\"font-weight: 400;\"> \u00e8 un capitolo a parte: scenografica, personalizzata, in sintonia con il tema del matrimonio. In un <a class=\"cursor-pointer\" href=\"https:\/\/www.showgroup.it\/blog\/2025\/06\/14\/matrimonio-in-spiaggia\/\" target=\"_blank\" rel=\"noopener\" data-start=\"1236\" data-end=\"1357\">matrimonio in spiaggia<\/a>, ad esempio, si pu\u00f2 optare per torte leggere, con decorazioni ispirate al mare e sapori freschi. Affidarsi a un <a href=\"https:\/\/www.showgroup.it\/blog\/2025\/05\/15\/cake-designer-per-eventi\/\" target=\"_blank\" rel=\"noopener\">cake designer<\/a> pu\u00f2 essere la scelta vincente!<\/span><\/p>\n<p><span style=\"font-weight: 400;\">Molti servizi di catering per matrimoni includono anche la gestione completa del personale di sala, il noleggio di stoviglie e tovagliato, la consulenza sul vino e la presenza di un ma\u00eetre dedicato.\u00a0<\/span><\/p>\n<p><span style=\"font-weight: 400;\">Fondamentale \u00e8 anche la <\/span><b>prova men\u00f9,<\/b><span style=\"font-weight: 400;\"> che permette di testare tutti i piatti prima dell\u2019evento.<\/span><\/p>\n<p><span style=\"font-weight: 400;\">Infine, attenzione alla tempistica: nei matrimoni il tempo \u00e8 tutto.<\/span><\/p>\n<p><span style=\"font-weight: 400;\">Il catering ideale \u00e8 quello che riesce a mantenere un ritmo fluido e coordinato, senza affaticare gli ospiti e valorizzando ogni momento della giornata, dal brindisi iniziale al taglio torta finale.<\/span><\/p>\n<h2><span style=\"font-weight: 400;\">Catering per compleanni: flessibilit\u00e0, convivialit\u00e0 e tanto gusto<\/span><\/h2>\n<p><span style=\"font-weight: 400;\">Va da s\u00e9 che, rispetto ai matrimoni, i compleanni siano eventi pi\u00f9 informali.\u00a0<\/span><\/p>\n<p><span style=\"font-weight: 400;\">Ma, non per questo, meno importanti.\u00a0<\/span><\/p>\n<p><span style=\"font-weight: 400;\">Che si tratti di una festa in casa, di una <a href=\"https:\/\/www.showgroup.it\/blog\/2025\/05\/08\/festa-compleanno-giardino-per-bambini\/\" target=\"_blank\" rel=\"noopener\">festa di compleanno in giardino,<\/a> di un <a href=\"https:\/\/www.showgroup.it\/blog\/2025\/07\/19\/compleanno-in-spiaggia\/\" target=\"_blank\" rel=\"noopener\">compleanno in spiaggia<\/a> o in una sala prenotata, il catering deve essere <\/span><b>flessibile, gustoso e molto vario<\/b><span style=\"font-weight: 400;\">.\u00a0<\/span><\/p>\n<p><span style=\"font-weight: 400;\">In questi casi la formula pi\u00f9 apprezzata \u00e8 quasi sempre quella del <\/span><b>buffet <\/b><span style=\"font-weight: 400;\">che<\/span> <span style=\"font-weight: 400;\">consente una certa \u201clibert\u00e0 di movimento\u201d oltre a facilitare l\u2019interazione tra gli ospiti e offrire una variet\u00e0 di piatti per tutti i gusti.<\/span><\/p>\n<p><span style=\"font-weight: 400;\">Un catering per compleanno ben studiato include solitamente una selezione di <\/span><b>finger food salati<\/b><span style=\"font-weight: 400;\">, stuzzichini caldi, insalate sfiziose e (ovviamente) <\/span><b>una torta personalizzata<\/b><span style=\"font-weight: 400;\"> che diventa il centro della scena.\u00a0<\/span><\/p>\n<p><span style=\"font-weight: 400;\">Se ci sono bambini, \u00e8 importante prevedere opzioni dedicate, magari con un angolo a loro riservato.<\/span><\/p>\n<p><span style=\"font-weight: 400;\">Per le feste pi\u00f9 dinamiche, invece, si possono aggiungere elementi originali come il <\/span><b>corner delle cr\u00eapes<\/b><span style=\"font-weight: 400;\">, la fontana di cioccolato oppure, perch\u00e9 no, un <a href=\"https:\/\/www.showgroup.it\/blog\/2025\/07\/05\/food-truck-feste-private\/\" target=\"_blank\" rel=\"noopener\">food truck<\/a> dedicato.\u00a0<\/span><\/p>\n<p><span style=\"font-weight: 400;\">Anche l\u2019allestimento gioca un ruolo chiave: piatti colorati, tovaglioli a tema, luci decorative e qualche dettaglio coordinato rendono la festa ancora pi\u00f9 coinvolgente.<\/span><\/p>\n<p><em><span style=\"font-weight: 400;\">Un plus interessante?\u00a0<\/span><\/em><\/p>\n<p><span style=\"font-weight: 400;\">Il servizio di <\/span><b>catering a domicilio<\/b><span style=\"font-weight: 400;\">, che consente di trasformare il salotto o il giardino di casa in una location da evento, senza stress e con un risultato professionale.\u00a0<\/span><\/p>\n<p><span style=\"font-weight: 400;\">In questi casi, di solito, il catering si occupa anche della pulizia finale.<\/span><\/p>\n<p><span style=\"font-weight: 400;\">In sintesi, per una festa di compleanno tutto ci\u00f2 che conta \u00e8 <\/span><b>l\u2019atmosfera rilassata, il cibo abbondante e la possibilit\u00e0 di personalizzare ogni dettaglio<\/b><span style=\"font-weight: 400;\">, dalla presentazione alla torta.<\/span><\/p>\n<h2><span style=\"font-weight: 400;\"><a href=\"https:\/\/www.showgroup.it\/vetrine\/catering\" target=\"_blank\" rel=\"noopener\"><img loading=\"lazy\" class=\"aligncenter wp-image-99299 size-full\" title=\"eventi privati e eziendali\" src=\"https:\/\/www.showgroup.it\/blog\/wp-content\/uploads\/2025\/06\/cta-showgroup-eventi-privati-e-aziendali.jpg\" alt=\"eventi privati e eziendali\" width=\"1200\" height=\"400\" srcset=\"https:\/\/www.showgroup.it\/blog\/wp-content\/uploads\/2025\/06\/cta-showgroup-eventi-privati-e-aziendali.jpg 1200w, https:\/\/www.showgroup.it\/blog\/wp-content\/uploads\/2025\/06\/cta-showgroup-eventi-privati-e-aziendali-300x100.jpg 300w, https:\/\/www.showgroup.it\/blog\/wp-content\/uploads\/2025\/06\/cta-showgroup-eventi-privati-e-aziendali-1024x341.jpg 1024w, https:\/\/www.showgroup.it\/blog\/wp-content\/uploads\/2025\/06\/cta-showgroup-eventi-privati-e-aziendali-768x256.jpg 768w\" sizes=\"(max-width: 1200px) 100vw, 1200px\" \/><\/a><\/span><\/h2>\n<h2><span style=\"font-weight: 400;\">Catering per feste di laurea: dinamico, giovane e \u201c<\/span><i><span style=\"font-weight: 400;\">instagrammabile<\/span><\/i><span style=\"font-weight: 400;\">\u201d<\/span><\/h2>\n<p><span style=\"font-weight: 400;\">La festa di laurea \u00e8 un momento importante di liberazione, condivisione e divertimento.\u00a0<\/span><\/p>\n<p><span style=\"font-weight: 400;\">Il catering ideale deve riflettere lo spirito giovane e dinamico dell\u2019occasione, offrendo <\/span><b>piatti pratici ma d\u2019effetto<\/b><span style=\"font-weight: 400;\">, capaci di unire gusto a una presentazione scenografica.\u00a0<\/span><\/p>\n<p><span style=\"font-weight: 400;\">Niente tavoli imbanditi o servizio formale: qui vincono i <\/span><b>buffet tematici, i cocktail bar e le soluzioni creative<\/b><span style=\"font-weight: 400;\">.<\/span><\/p>\n<p><span style=\"font-weight: 400;\">Un\u2019ottima scelta \u00e8 il <\/span><b>finger food gourmet<\/b><span style=\"font-weight: 400;\">, magari con isole dedicate: sushi, mini burger, fritti espressi, taglieri di salumi e formaggi.\u00a0<\/span><\/p>\n<p><span style=\"font-weight: 400;\">Il tutto accompagnato da un angolo drink con spritz, mojito, gin tonic e analcolici fantasiosi.<\/span><\/p>\n<p><span style=\"font-weight: 400;\">L\u2019elemento visuale \u00e8 altrettanto fondamentale: piatti serviti in modo accattivante, dettagli curati, possibilit\u00e0 di scattare foto \u201cinstagrammabili\u201d.\u00a0<\/span><\/p>\n<p><span style=\"font-weight: 400;\">A tal proposito, alcuni catering propongono anche pacchetti completi con<a href=\"https:\/\/www.showgroup.it\/blog\/2025\/06\/20\/dj-set-per-eventi\/\" target=\"_blank\" rel=\"noopener\"> DJ set<\/a>, fotografo e light design: tutto pensato per rendere la festa indimenticabile.<\/span><\/p>\n<p><span style=\"font-weight: 400;\">Importante anche l\u2019adattabilit\u00e0: molte feste di laurea si svolgono in casa o in location non attrezzate.\u00a0<\/span><\/p>\n<p><span style=\"font-weight: 400;\">In questi casi il catering porta con s\u00e9 tutto l\u2019occorrente, compreso personale di servizio e attrezzature mobili.\u00a0<\/span><\/p>\n<p><span style=\"font-weight: 400;\">Hai un budget limitato? Nessun problema: esistono formule smart, con servizio base e menu compatti ma sfiziosi.<\/span><\/p>\n<p><span style=\"font-weight: 400;\">Il catering giusto per una laurea \u00e8 quello che riesce a <\/span><b>unire qualit\u00e0, creativit\u00e0 e praticit\u00e0<\/b><span style=\"font-weight: 400;\">, senza rinunciare al divertimento.\u00a0<\/span><\/p>\n<h2><span style=\"font-weight: 400;\">Catering per battesimi, comunioni, <a href=\"https:\/\/www.showgroup.it\/blog\/2025\/06\/25\/gender-reveal-party-come-renderlo-speciale\/\" target=\"_blank\" rel=\"noopener\">gender reveal party<\/a>: dolcezza e accoglienza<\/span><\/h2>\n<p><span style=\"font-weight: 400;\">I battesimi e le comunioni sono, naturalmente, degli eventi speciali che uniscono solennit\u00e0 e affetto familiare.\u00a0<\/span><\/p>\n<p><span style=\"font-weight: 400;\">Il catering in questi casi deve trasmettere <\/span><b>calore, semplicit\u00e0 e attenzione ai dettagli<\/b><span style=\"font-weight: 400;\">, con un men\u00f9 pensato sia per adulti che per bambini.\u00a0<\/span><\/p>\n<p><span style=\"font-weight: 400;\">L\u2019obiettivo \u00e8 creare un clima accogliente, che faccia sentire tutti a casa.<\/span><\/p>\n<p><em><span style=\"font-weight: 400;\">Qual \u00e8 il formato pi\u00f9 adatto, in questo caso?\u00a0<\/span><\/em><\/p>\n<p><span style=\"font-weight: 400;\">Spesso si opta per un <\/span><b>pranzo servito<\/b><span style=\"font-weight: 400;\"> o per un <\/span><b>brunch elegante con buffet<\/b><span style=\"font-weight: 400;\">.\u00a0<\/span><\/p>\n<p><span style=\"font-weight: 400;\">Le pietanze devono essere delicate ma gustose, adatte a un pubblico eterogeneo.\u00a0<\/span><\/p>\n<p><span style=\"font-weight: 400;\">Via libera quindi a primi piatti leggeri, secondi raffinati ma non troppo elaborati, e una vasta proposta di dolci.<\/span><\/p>\n<p><span style=\"font-weight: 400;\">Elemento irrinunciabile \u00e8 la <\/span><b>torta personalizzata<\/b><span style=\"font-weight: 400;\">, spesso decorata con elementi a tema religioso o simboli legati all\u2019infanzia.\u00a0<\/span><\/p>\n<p><span style=\"font-weight: 400;\">Alcuni catering propongono anche un angolo dedicato ai dolci: cupcake, biscotti glassati, cake pops, tutto coordinato con il colore o il tema della giornata.<\/span><\/p>\n<p><span style=\"font-weight: 400;\">Se ci sono molti bambini, \u00e8 utile prevedere anche un <\/span><b>menu baby<\/b><span style=\"font-weight: 400;\"> o soluzioni a loro dedicate, con piatti semplici e salutari.\u00a0<\/span><\/p>\n<p><span style=\"font-weight: 400;\">Per completare l\u2019esperienza, si pu\u00f2 aggiungere un animatore, un photobooth o un piccolo intrattenimento musicale.<\/span><\/p>\n<p><span style=\"font-weight: 400;\">La presentazione gioca un ruolo importante: mise en place sobria ma elegante, colori tenui, centrotavola floreali o dettagli artigianali rendono l\u2019ambiente pi\u00f9 intimo e curato.\u00a0<\/span><\/p>\n<p><span style=\"font-weight: 400;\">Il catering ideale in questi casi \u00e8 quello che coniuga <\/span><b>professionalit\u00e0 e sensibilit\u00e0<\/b><span style=\"font-weight: 400;\">, capace di valorizzare un evento importante ma non eccessivamente formale.<\/span><\/p>\n<h2><span style=\"font-weight: 400;\">Catering per anniversari e ricorrenze speciali: atmosfera intima e ricercata<\/span><\/h2>\n<p><span style=\"font-weight: 400;\">Le ricorrenze come anniversari di matrimonio, nozze d\u2019oro, compleanni importanti o feste a sorpresa richiedono un catering capace di <\/span><b>creare un\u2019atmosfera intima, raffinata e personalizzata<\/b><span style=\"font-weight: 400;\">.\u00a0<\/span><\/p>\n<p><span style=\"font-weight: 400;\">A fare la differenza sono i dettagli: una selezione accurata dei piatti, un allestimento armonico, un servizio discreto ma presente.<\/span><\/p>\n<p><span style=\"font-weight: 400;\">Il menu pu\u00f2 variare in base all\u2019orario e al tipo di evento.\u00a0<\/span><\/p>\n<p><span style=\"font-weight: 400;\">Per la sera si pu\u00f2 optare per una <\/span><b>cena servita<\/b><span style=\"font-weight: 400;\"> con portate gourmet e una carta dei vini selezionata.\u00a0<\/span><\/p>\n<p><span style=\"font-weight: 400;\">Per il pomeriggio, invece, sono molto apprezzati i <\/span><b>tea party rivisitati<\/b><span style=\"font-weight: 400;\">, i brunch eleganti o le degustazioni tematiche (es. finger food regionali, cucina etnica, abbinamenti vino-formaggi).<\/span><\/p>\n<p><span style=\"font-weight: 400;\">Un elemento importante in questo tipo di eventi \u00e8 la <\/span><b>torta simbolica<\/b><span style=\"font-weight: 400;\">, spesso accompagnata da un brindisi e un discorso.\u00a0<\/span><\/p>\n<p><span style=\"font-weight: 400;\">Anche la musica ha un ruolo: pu\u00f2 trattarsi di un accompagnamento dal vivo, una playlist personalizzata o un quartetto d\u2019archi.<\/span><\/p>\n<p><span style=\"font-weight: 400;\">L\u2019obiettivo \u00e8 offrire a tutti gli ospiti un\u2019esperienza accogliente e coinvolgente, ma con un tocco in pi\u00f9.<\/span><\/p>\n<h2><span style=\"font-weight: 400;\"><img loading=\"lazy\" class=\"alignnone wp-image-99369 size-full\" title=\"catering per feste private\" src=\"https:\/\/www.showgroup.it\/blog\/wp-content\/uploads\/2025\/06\/catering-feste-private.jpg\" alt=\"catering per feste private\" width=\"1200\" height=\"800\" srcset=\"https:\/\/www.showgroup.it\/blog\/wp-content\/uploads\/2025\/06\/catering-feste-private.jpg 1200w, https:\/\/www.showgroup.it\/blog\/wp-content\/uploads\/2025\/06\/catering-feste-private-300x200.jpg 300w, https:\/\/www.showgroup.it\/blog\/wp-content\/uploads\/2025\/06\/catering-feste-private-1024x683.jpg 1024w, https:\/\/www.showgroup.it\/blog\/wp-content\/uploads\/2025\/06\/catering-feste-private-768x512.jpg 768w\" sizes=\"(max-width: 1200px) 100vw, 1200px\" \/>Catering per eventi aziendali: professionalit\u00e0 e immagine<\/span><\/h2>\n<p><span style=\"font-weight: 400;\">Nel caso di eventi aziendali, il catering assume una <\/span><b>funzione strategica di immagine.\u00a0<\/b><\/p>\n<p><span style=\"font-weight: 400;\">Che si tratti di un\u2019inaugurazione, una presentazione prodotto, un meeting o una festa di fine anno, il servizio dovr\u00e0 essere sempre impeccabile, puntuale e coerente con il brand.<\/span><\/p>\n<p><span style=\"font-weight: 400;\">In questi casi, il men\u00f9 prevede una serie di piatti <\/span><b>leggeri, raffinati e facili da consumare<\/b><span style=\"font-weight: 400;\"> in piedi, come finger food, monoporzioni e dessert al cucchiaio.\u00a0<\/span><\/p>\n<p><span style=\"font-weight: 400;\">Il <\/span><b>buffet standing<\/b><span style=\"font-weight: 400;\"> \u00e8 la formula pi\u00f9 diffusa, eventualmente integrata da live cooking o food corner personalizzati.<\/span><\/p>\n<p><span style=\"font-weight: 400;\">Le tempistiche sono, ovviamente, fondamentali.<\/span><\/p>\n<p><span style=\"font-weight: 400;\">Il catering per eventi aziendali deve adattarsi a ritmi precisi, a volte stretti, senza compromettere qualit\u00e0 e servizio.\u00a0<\/span><\/p>\n<p><span style=\"font-weight: 400;\">Anche la logistica conta: montaggio e smontaggio rapido, allestimento tecnico (coffee station, impianto luci, banconi brandizzati) e attenzione all\u2019ordine e alla pulizia finale.<\/span><\/p>\n<p><span style=\"font-weight: 400;\">Un plus molto apprezzato \u00e8 la possibilit\u00e0 di <\/span><b>personalizzare l\u2019allestimento<\/b><span style=\"font-weight: 400;\"> con loghi, colori aziendali e materiali di comunicazione (come tovaglioli brandizzati, menu con grafica coordinata, gadget).\u00a0<\/span><\/p>\n<p><span style=\"font-weight: 400;\">In questo contesto, il catering diventa parte integrante della comunicazione dell\u2019evento.<\/span><\/p>\n<p><span style=\"font-weight: 400;\">Un partner esperto sapr\u00e0 consigliarti anche sul flusso dei momenti (aperitivo, presentazione, networking) e costruire un servizio che supporti l\u2019esperienza complessiva degli ospiti.\u00a0<\/span><\/p>\n<h3><span style=\"font-weight: 400;\">Conclusione: scegli il catering in base all\u2019esperienza che vuoi offrire<\/span><\/h3>\n<p><span style=\"font-weight: 400;\">Ogni festa privata \u00e8 unica, e il catering deve rispecchiarne l\u2019identit\u00e0.\u00a0<\/span><\/p>\n<p><span style=\"font-weight: 400;\">C\u2019\u00e8 chi sogna un matrimonio da favola con piatti gourmet, chi vuole un compleanno allegro e informale, chi celebra la laurea con brindisi e musica.\u00a0<\/span><\/p>\n<p><span style=\"font-weight: 400;\">Scegliere il catering giusto significa <\/span><b>mettere al centro l\u2019esperienza degli ospiti<\/b><span style=\"font-weight: 400;\"> e creare qualcosa che lasci il segno.<\/span><\/p>\n<p><span style=\"font-weight: 400;\">Per farlo, serve capire lo spirito dell\u2019evento, il pubblico, il tono che vuoi dare.\u00a0<\/span><\/p>\n<p><span style=\"font-weight: 400;\">Solo cos\u00ec potrai orientarti tra le tante proposte e trovare quella davvero su misura per te.\u00a0<\/span><\/p>\n<p><span style=\"font-weight: 400;\">E se vuoi un supporto pratico, su <a href=\"https:\/\/www.showgroup.it\/\" target=\"_blank\" rel=\"noopener\">Showgroup<\/a> puoi confrontare rapidamente i profili dei catering della tua zona, chiedere preventivi e vedere esempi di eventi realizzati.<\/span><\/p>\n<p><span style=\"font-weight: 400;\">Il cibo non \u00e8 solo cibo: \u00e8 atmosfera, racconto, connessione e, soprattutto, qualcosa che contribuisce a creare dei ricordi indimenticabili.\u00a0<\/span><\/p>\n<p><span style=\"font-weight: 400;\">E, quindi, merita di essere scelto con cura.<\/span><\/p>\n<p><a href=\"https:\/\/www.showgroup.it\/privati\/registrazione\"><img loading=\"lazy\" class=\"alignnone wp-image-99301 size-full\" title=\"cta registrazione\" src=\"https:\/\/www.showgroup.it\/blog\/wp-content\/uploads\/2025\/05\/il-tuo-evento-speciale-parte-da-qui-con-pochi-click.jpg\" alt=\"cta registrazione\" width=\"1200\" height=\"400\" srcset=\"https:\/\/www.showgroup.it\/blog\/wp-content\/uploads\/2025\/05\/il-tuo-evento-speciale-parte-da-qui-con-pochi-click.jpg 1200w, https:\/\/www.showgroup.it\/blog\/wp-content\/uploads\/2025\/05\/il-tuo-evento-speciale-parte-da-qui-con-pochi-click-300x100.jpg 300w, https:\/\/www.showgroup.it\/blog\/wp-content\/uploads\/2025\/05\/il-tuo-evento-speciale-parte-da-qui-con-pochi-click-1024x341.jpg 1024w, https:\/\/www.showgroup.it\/blog\/wp-content\/uploads\/2025\/05\/il-tuo-evento-speciale-parte-da-qui-con-pochi-click-768x256.jpg 768w\" sizes=\"(max-width: 1200px) 100vw, 1200px\" \/><\/a><\/p>\n","protected":false},"excerpt":{"rendered":"<p>Scegliere il catering significa soltanto decidere che cosa mangiare? Assolutamente no.\u00a0 Il catering per feste private \u00e8 uno degli elementi [&hellip;]<\/p>\n","protected":false},"author":1012,"featured_media":99370,"comment_status":"closed","ping_status":"closed","sticky":false,"template":"","format":"standard","meta":[],"categories":[662],"tags":[],"yoast_head":"<!-- This site is optimized with the Yoast SEO plugin v16.9 - https:\/\/yoast.com\/wordpress\/plugins\/seo\/ -->\n<title>Catering per feste private: scegliere in base all&#039;evento&bull; Showgroup<\/title>\n<meta name=\"description\" content=\"Dai matrimoni ai compleanni, scopri il catering ideale per tutte le feste private. Menu, servizio e stile personalizzati.\" \/>\n<meta name=\"robots\" content=\"index, follow, max-snippet:-1, max-image-preview:large, max-video-preview:-1\" \/>\n<link rel=\"canonical\" href=\"https:\/\/www.showgroup.it\/blog\/2025\/06\/11\/catering-per-feste-private\/\" \/>\n<meta property=\"og:locale\" content=\"it_IT\" \/>\n<meta property=\"og:type\" content=\"article\" \/>\n<meta property=\"og:title\" content=\"Catering per feste private: scegliere in base all&#039;evento&bull; Showgroup\" \/>\n<meta property=\"og:description\" content=\"Dai matrimoni ai compleanni, scopri il catering ideale per tutte le feste private. Menu, servizio e stile personalizzati.\" \/>\n<meta property=\"og:url\" content=\"https:\/\/www.showgroup.it\/blog\/2025\/06\/11\/catering-per-feste-private\/\" \/>\n<meta property=\"og:site_name\" content=\"Showgroup - Ready to be WOW!\" \/>\n<meta property=\"article:publisher\" content=\"https:\/\/www.facebook.com\/ShowGroupWow\/\" \/>\n<meta property=\"article:published_time\" content=\"2025-06-11T14:19:38+00:00\" \/>\n<meta property=\"article:modified_time\" content=\"2025-07-19T13:43:30+00:00\" \/>\n<meta property=\"og:image\" content=\"https:\/\/www.showgroup.it\/blog\/wp-content\/uploads\/2025\/06\/catering-festa-in-giardino.jpg\" \/>\n\t<meta property=\"og:image:width\" content=\"1200\" \/>\n\t<meta property=\"og:image:height\" content=\"800\" \/>\n<meta name=\"twitter:card\" content=\"summary_large_image\" \/>\n<meta name=\"twitter:label1\" content=\"Scritto da\" \/>\n\t<meta name=\"twitter:data1\" content=\"Francesca Carlig\" \/>\n\t<meta name=\"twitter:label2\" content=\"Tempo di lettura stimato\" \/>\n\t<meta name=\"twitter:data2\" content=\"8 minuti\" \/>\n<script type=\"application\/ld+json\" class=\"yoast-schema-graph\">{\"@context\":\"https:\/\/schema.org\",\"@graph\":[{\"@type\":\"Organization\",\"@id\":\"https:\/\/www.showgroup.it\/#organization\",\"name\":\"Showgroup\",\"url\":\"https:\/\/www.showgroup.it\/\",\"sameAs\":[\"https:\/\/www.facebook.com\/ShowGroupWow\/\",\"https:\/\/www.instagram.com\/showgroupwow\/\"],\"logo\":{\"@type\":\"ImageObject\",\"@id\":\"https:\/\/www.showgroup.it\/#logo\",\"inLanguage\":\"it-IT\",\"url\":\"https:\/\/www.showgroup.it\/blog\/wp-content\/uploads\/2025\/01\/logo-black.svg\",\"contentUrl\":\"https:\/\/www.showgroup.it\/blog\/wp-content\/uploads\/2025\/01\/logo-black.svg\",\"width\":1440,\"height\":916,\"caption\":\"Showgroup\"},\"image\":{\"@id\":\"https:\/\/www.showgroup.it\/#logo\"}},{\"@type\":\"WebSite\",\"@id\":\"https:\/\/www.showgroup.it\/#website\",\"url\":\"https:\/\/www.showgroup.it\/\",\"name\":\"Showgroup - Ready to be WOW!\",\"description\":\"Il primo portale gratuito dedicato al mondo dello spettacolo.\",\"publisher\":{\"@id\":\"https:\/\/www.showgroup.it\/#organization\"},\"potentialAction\":[{\"@type\":\"SearchAction\",\"target\":{\"@type\":\"EntryPoint\",\"urlTemplate\":\"https:\/\/www.showgroup.it\/?s={search_term_string}\"},\"query-input\":\"required name=search_term_string\"}],\"inLanguage\":\"it-IT\"},{\"@type\":\"ImageObject\",\"@id\":\"https:\/\/www.showgroup.it\/blog\/2025\/06\/11\/catering-per-feste-private\/#primaryimage\",\"inLanguage\":\"it-IT\",\"url\":\"https:\/\/www.showgroup.it\/blog\/wp-content\/uploads\/2025\/06\/catering-festa-in-giardino.jpg\",\"contentUrl\":\"https:\/\/www.showgroup.it\/blog\/wp-content\/uploads\/2025\/06\/catering-festa-in-giardino.jpg\",\"width\":1200,\"height\":800,\"caption\":\"catering per feste private in giardino\"},{\"@type\":\"WebPage\",\"@id\":\"https:\/\/www.showgroup.it\/blog\/2025\/06\/11\/catering-per-feste-private\/#webpage\",\"url\":\"https:\/\/www.showgroup.it\/blog\/2025\/06\/11\/catering-per-feste-private\/\",\"name\":\"Catering per feste private: scegliere in base all'evento&bull; Showgroup\",\"isPartOf\":{\"@id\":\"https:\/\/www.showgroup.it\/#website\"},\"primaryImageOfPage\":{\"@id\":\"https:\/\/www.showgroup.it\/blog\/2025\/06\/11\/catering-per-feste-private\/#primaryimage\"},\"datePublished\":\"2025-06-11T14:19:38+00:00\",\"dateModified\":\"2025-07-19T13:43:30+00:00\",\"description\":\"Dai matrimoni ai compleanni, scopri il catering ideale per tutte le feste private. Menu, servizio e stile personalizzati.\",\"breadcrumb\":{\"@id\":\"https:\/\/www.showgroup.it\/blog\/2025\/06\/11\/catering-per-feste-private\/#breadcrumb\"},\"inLanguage\":\"it-IT\",\"potentialAction\":[{\"@type\":\"ReadAction\",\"target\":[\"https:\/\/www.showgroup.it\/blog\/2025\/06\/11\/catering-per-feste-private\/\"]}]},{\"@type\":\"BreadcrumbList\",\"@id\":\"https:\/\/www.showgroup.it\/blog\/2025\/06\/11\/catering-per-feste-private\/#breadcrumb\",\"itemListElement\":[{\"@type\":\"ListItem\",\"position\":1,\"name\":\"Home\",\"item\":\"https:\/\/www.showgroup.it\/blog\/\"},{\"@type\":\"ListItem\",\"position\":2,\"name\":\"Catering per feste private: come sceglierlo in base all\\u2019evento\"}]},{\"@type\":\"Article\",\"@id\":\"https:\/\/www.showgroup.it\/blog\/2025\/06\/11\/catering-per-feste-private\/#article\",\"isPartOf\":{\"@id\":\"https:\/\/www.showgroup.it\/blog\/2025\/06\/11\/catering-per-feste-private\/#webpage\"},\"author\":{\"@id\":\"https:\/\/www.showgroup.it\/#\/schema\/person\/683000b22f694acf7314a854b6fe900d\"},\"headline\":\"Catering per feste private: come sceglierlo in base all\\u2019evento\",\"datePublished\":\"2025-06-11T14:19:38+00:00\",\"dateModified\":\"2025-07-19T13:43:30+00:00\",\"mainEntityOfPage\":{\"@id\":\"https:\/\/www.showgroup.it\/blog\/2025\/06\/11\/catering-per-feste-private\/#webpage\"},\"wordCount\":1612,\"publisher\":{\"@id\":\"https:\/\/www.showgroup.it\/#organization\"},\"image\":{\"@id\":\"https:\/\/www.showgroup.it\/blog\/2025\/06\/11\/catering-per-feste-private\/#primaryimage\"},\"thumbnailUrl\":\"https:\/\/www.showgroup.it\/blog\/wp-content\/uploads\/2025\/06\/catering-festa-in-giardino.jpg\",\"articleSection\":[\"Ristorazione e catering\"],\"inLanguage\":\"it-IT\"},{\"@type\":\"Person\",\"@id\":\"https:\/\/www.showgroup.it\/#\/schema\/person\/683000b22f694acf7314a854b6fe900d\",\"name\":\"Francesca Carlig\",\"image\":{\"@type\":\"ImageObject\",\"@id\":\"https:\/\/www.showgroup.it\/#personlogo\",\"inLanguage\":\"it-IT\",\"url\":\"https:\/\/secure.gravatar.com\/avatar\/790c31cf55bb99a2ae3dfa5d1fb28daa?s=96&d=mm&r=g\",\"contentUrl\":\"https:\/\/secure.gravatar.com\/avatar\/790c31cf55bb99a2ae3dfa5d1fb28daa?s=96&d=mm&r=g\",\"caption\":\"Francesca Carlig\"}}]}<\/script>\n<!-- \/ Yoast SEO plugin. -->","yoast_head_json":{"title":"Catering per feste private: scegliere in base all'evento&bull; Showgroup","description":"Dai matrimoni ai compleanni, scopri il catering ideale per tutte le feste private. Menu, servizio e stile personalizzati.","robots":{"index":"index","follow":"follow","max-snippet":"max-snippet:-1","max-image-preview":"max-image-preview:large","max-video-preview":"max-video-preview:-1"},"canonical":"https:\/\/www.showgroup.it\/blog\/2025\/06\/11\/catering-per-feste-private\/","og_locale":"it_IT","og_type":"article","og_title":"Catering per feste private: scegliere in base all'evento&bull; Showgroup","og_description":"Dai matrimoni ai compleanni, scopri il catering ideale per tutte le feste private. Menu, servizio e stile personalizzati.","og_url":"https:\/\/www.showgroup.it\/blog\/2025\/06\/11\/catering-per-feste-private\/","og_site_name":"Showgroup - Ready to be WOW!","article_publisher":"https:\/\/www.facebook.com\/ShowGroupWow\/","article_published_time":"2025-06-11T14:19:38+00:00","article_modified_time":"2025-07-19T13:43:30+00:00","og_image":[{"width":1200,"height":800,"filesize":95536,"url":"https:\/\/www.showgroup.it\/blog\/wp-content\/uploads\/2025\/06\/catering-festa-in-giardino.jpg","path":"\/sites\/www.showgroup.it\/files\/blog\/wp-content\/uploads\/2025\/06\/catering-festa-in-giardino.jpg","size":"full","id":99370,"alt":"catering per feste private in giardino","pixels":960000,"type":"image\/jpeg"}],"twitter_card":"summary_large_image","twitter_misc":{"Scritto da":"Francesca Carlig","Tempo di lettura stimato":"8 minuti"},"schema":{"@context":"https:\/\/schema.org","@graph":[{"@type":"Organization","@id":"https:\/\/www.showgroup.it\/#organization","name":"Showgroup","url":"https:\/\/www.showgroup.it\/","sameAs":["https:\/\/www.facebook.com\/ShowGroupWow\/","https:\/\/www.instagram.com\/showgroupwow\/"],"logo":{"@type":"ImageObject","@id":"https:\/\/www.showgroup.it\/#logo","inLanguage":"it-IT","url":"https:\/\/www.showgroup.it\/blog\/wp-content\/uploads\/2025\/01\/logo-black.svg","contentUrl":"https:\/\/www.showgroup.it\/blog\/wp-content\/uploads\/2025\/01\/logo-black.svg","width":1440,"height":916,"caption":"Showgroup"},"image":{"@id":"https:\/\/www.showgroup.it\/#logo"}},{"@type":"WebSite","@id":"https:\/\/www.showgroup.it\/#website","url":"https:\/\/www.showgroup.it\/","name":"Showgroup - Ready to be WOW!","description":"Il primo portale gratuito dedicato al mondo dello spettacolo.","publisher":{"@id":"https:\/\/www.showgroup.it\/#organization"},"potentialAction":[{"@type":"SearchAction","target":{"@type":"EntryPoint","urlTemplate":"https:\/\/www.showgroup.it\/?s={search_term_string}"},"query-input":"required name=search_term_string"}],"inLanguage":"it-IT"},{"@type":"ImageObject","@id":"https:\/\/www.showgroup.it\/blog\/2025\/06\/11\/catering-per-feste-private\/#primaryimage","inLanguage":"it-IT","url":"https:\/\/www.showgroup.it\/blog\/wp-content\/uploads\/2025\/06\/catering-festa-in-giardino.jpg","contentUrl":"https:\/\/www.showgroup.it\/blog\/wp-content\/uploads\/2025\/06\/catering-festa-in-giardino.jpg","width":1200,"height":800,"caption":"catering per feste private in giardino"},{"@type":"WebPage","@id":"https:\/\/www.showgroup.it\/blog\/2025\/06\/11\/catering-per-feste-private\/#webpage","url":"https:\/\/www.showgroup.it\/blog\/2025\/06\/11\/catering-per-feste-private\/","name":"Catering per feste private: scegliere in base all'evento&bull; Showgroup","isPartOf":{"@id":"https:\/\/www.showgroup.it\/#website"},"primaryImageOfPage":{"@id":"https:\/\/www.showgroup.it\/blog\/2025\/06\/11\/catering-per-feste-private\/#primaryimage"},"datePublished":"2025-06-11T14:19:38+00:00","dateModified":"2025-07-19T13:43:30+00:00","description":"Dai matrimoni ai compleanni, scopri il catering ideale per tutte le feste private. Menu, servizio e stile personalizzati.","breadcrumb":{"@id":"https:\/\/www.showgroup.it\/blog\/2025\/06\/11\/catering-per-feste-private\/#breadcrumb"},"inLanguage":"it-IT","potentialAction":[{"@type":"ReadAction","target":["https:\/\/www.showgroup.it\/blog\/2025\/06\/11\/catering-per-feste-private\/"]}]},{"@type":"BreadcrumbList","@id":"https:\/\/www.showgroup.it\/blog\/2025\/06\/11\/catering-per-feste-private\/#breadcrumb","itemListElement":[{"@type":"ListItem","position":1,"name":"Home","item":"https:\/\/www.showgroup.it\/blog\/"},{"@type":"ListItem","position":2,"name":"Catering per feste private: come sceglierlo in base all\u2019evento"}]},{"@type":"Article","@id":"https:\/\/www.showgroup.it\/blog\/2025\/06\/11\/catering-per-feste-private\/#article","isPartOf":{"@id":"https:\/\/www.showgroup.it\/blog\/2025\/06\/11\/catering-per-feste-private\/#webpage"},"author":{"@id":"https:\/\/www.showgroup.it\/#\/schema\/person\/683000b22f694acf7314a854b6fe900d"},"headline":"Catering per feste private: come sceglierlo in base all\u2019evento","datePublished":"2025-06-11T14:19:38+00:00","dateModified":"2025-07-19T13:43:30+00:00","mainEntityOfPage":{"@id":"https:\/\/www.showgroup.it\/blog\/2025\/06\/11\/catering-per-feste-private\/#webpage"},"wordCount":1612,"publisher":{"@id":"https:\/\/www.showgroup.it\/#organization"},"image":{"@id":"https:\/\/www.showgroup.it\/blog\/2025\/06\/11\/catering-per-feste-private\/#primaryimage"},"thumbnailUrl":"https:\/\/www.showgroup.it\/blog\/wp-content\/uploads\/2025\/06\/catering-festa-in-giardino.jpg","articleSection":["Ristorazione e catering"],"inLanguage":"it-IT"},{"@type":"Person","@id":"https:\/\/www.showgroup.it\/#\/schema\/person\/683000b22f694acf7314a854b6fe900d","name":"Francesca Carlig","image":{"@type":"ImageObject","@id":"https:\/\/www.showgroup.it\/#personlogo","inLanguage":"it-IT","url":"https:\/\/secure.gravatar.com\/avatar\/790c31cf55bb99a2ae3dfa5d1fb28daa?s=96&d=mm&r=g","contentUrl":"https:\/\/secure.gravatar.com\/avatar\/790c31cf55bb99a2ae3dfa5d1fb28daa?s=96&d=mm&r=g","caption":"Francesca Carlig"}}]}},"_links":{"self":[{"href":"https:\/\/www.showgroup.it\/blog\/wp-json\/wp\/v2\/posts\/99366"}],"collection":[{"href":"https:\/\/www.showgroup.it\/blog\/wp-json\/wp\/v2\/posts"}],"about":[{"href":"https:\/\/www.showgroup.it\/blog\/wp-json\/wp\/v2\/types\/post"}],"author":[{"embeddable":true,"href":"https:\/\/www.showgroup.it\/blog\/wp-json\/wp\/v2\/users\/1012"}],"replies":[{"embeddable":true,"href":"https:\/\/www.showgroup.it\/blog\/wp-json\/wp\/v2\/comments?post=99366"}],"version-history":[{"count":11,"href":"https:\/\/www.showgroup.it\/blog\/wp-json\/wp\/v2\/posts\/99366\/revisions"}],"predecessor-version":[{"id":99613,"href":"https:\/\/www.showgroup.it\/blog\/wp-json\/wp\/v2\/posts\/99366\/revisions\/99613"}],"wp:featuredmedia":[{"embeddable":true,"href":"https:\/\/www.showgroup.it\/blog\/wp-json\/wp\/v2\/media\/99370"}],"wp:attachment":[{"href":"https:\/\/www.showgroup.it\/blog\/wp-json\/wp\/v2\/media?parent=99366"}],"wp:term":[{"taxonomy":"category","embeddable":true,"href":"https:\/\/www.showgroup.it\/blog\/wp-json\/wp\/v2\/categories?post=99366"},{"taxonomy":"post_tag","embeddable":true,"href":"https:\/\/www.showgroup.it\/blog\/wp-json\/wp\/v2\/tags?post=99366"}],"curies":[{"name":"wp","href":"https:\/\/api.w.org\/{rel}","templated":true}]}}